{"id":4553,"date":"2025-04-26T09:31:00","date_gmt":"2025-04-26T08:31:00","guid":{"rendered":"http:\/\/www.emiliosilveravazquez.com\/blog\/?p=4553"},"modified":"2025-04-26T09:32:11","modified_gmt":"2025-04-26T08:32:11","slug":"%c2%bfexiste-el-libre-albedrio","status":"publish","type":"post","link":"http:\/\/www.emiliosilveravazquez.com\/blog\/2025\/04\/26\/%c2%bfexiste-el-libre-albedrio\/","title":{"rendered":"\u00bfExiste el libre Albedr\u00edo?"},"content":{"rendered":"<blockquote>\n<h2><img decoding=\"async\" loading=\"lazy\" class=\"\" src=\"https:\/\/tendencias21.levante-emv.com\/wp-content\/uploads\/2019\/06\/1126940-1444228.jpg\" alt=\"La libertad es una ficci\u00f3n cerebral\" width=\"238\" height=\"364\" \/><img decoding=\"async\" loading=\"lazy\" class=\"\" src=\"https:\/\/www.terceracultura.net\/tc\/wp-content\/uploads\/2009\/05\/rubia.jpg\" alt=\"Francisco J. Rubia: \u00abLa libertad es una ficci\u00f3n cerebral\u00bb \u2013 Tercera Cultura\" width=\"380\" height=\"362\" \/><\/h2>\n<h2 style=\"text-align: justify;\">La libertad es una ficci\u00f3n cerebral<\/h2>\n<\/blockquote>\n<h3 style=\"text-align: justify;\">Estamos determinados, como el resto del Universo, por las leyes naturales<\/h3>\n<p style=\"text-align: justify;\">La libertad es una ficci\u00f3n cerebral, seg\u00fan confirman las \u00faltimas investigaciones sobre neurociencias. Estas investigaciones han determinado que la actividad cerebral previa a un movimiento, realizado por el sujeto en un tiempo por \u00e9l elegido, es muy anterior (hasta 10 segundos) a la impresi\u00f3n subjetiva del propio sujeto de que va a realizar ese movimiento. Y aunque la falta de libertad es algo contraintuitivo, los experimentos indican que estamos determinados por las leyes de la Naturaleza. Por eso en Alemania algunos especialistas est\u00e1n reclamando la revisi\u00f3n del c\u00f3digo penal para adecuarlo a los resultados de la neurociencia. Y aunque sigamos encarcelando a los que violen las leyes, cambiar\u00e1 la imagen que tenemos tanto de esos criminales como de nosotros mismos. As\u00ed nos lo cuenta D.Francisco J. Rubia.<\/p>\n<p>&nbsp;<\/p>\n<p style=\"text-align: center;\"><img decoding=\"async\" loading=\"lazy\" class=\"aligncenter\" src=\"http:\/\/elcandildelospensamientos.files.wordpress.com\/2010\/11\/libre-albedrio-41.jpg\" alt=\"http:\/\/elcandildelospensamientos.files.wordpress.com\/2010\/11\/libre-albedrio-41.jpg\" width=\"461\" height=\"346\" \/><\/p>\n<p>&nbsp;<\/p>\n<p style=\"text-align: justify;\">No pocas veces, nuestras mentes se ven abocadas a tener que retener, ese primer impulso, esa iniciativa de libertas, o, de libre albedr\u00edo. La complejidad en la que estamos inmersos nos proh\u00edbe, en la mayor parte de las ocasiones, poder desarrollar y poner en pr\u00e1ctica ese libre albedr\u00edo que parece nos fue dado pero que, en realidad, es muy restringido.<\/p>\n<p>&nbsp;<\/p>\n<p><img decoding=\"async\" loading=\"lazy\" class=\"\" src=\"https:\/\/s2.dmcdn.net\/v\/1DZNX1Vk0o1hPag4-\/x720\" alt=\"Toma de decisiones: La huella neural\" width=\"599\" height=\"449\" \/><\/p>\n<p>&nbsp;<\/p>\n<p style=\"text-align: justify;\">La libertad, la voluntad libre o el libre albedr\u00edo es una ficci\u00f3n cerebral. Eso es el resultado de experimentos realizados recientemente en neurociencia que indican que la actividad cerebral previa a un movimiento, realizado por el sujeto en un tiempo por \u00e9l elegido, es muy anterior (350 ms) a la impresi\u00f3n subjetiva del propio sujeto de que va a realizar ese movimiento (200 ms antes del movimiento). Esto quiere decir que la impresi\u00f3n subjetiva de la voluntad no es la causa del movimiento, sino que, junto con \u00e9ste, es una de las consecuencias de una actividad cerebral que es inconsciente.<\/p>\n<p>&nbsp;<\/p>\n<p>&nbsp;<\/p>\n<p><img decoding=\"async\" src=\"https:\/\/bit.ly\/2NvWsWg\" alt=\"El libre albedr\u00edo, compatible con el determinismo cerebral | El Semanario\" \/><\/p>\n<blockquote>\n<h1 class=\"tE7R7 indIKd q23Yce fA1vYb cS4Vcb-pGL6qe-fwJd0c\" style=\"text-align: justify;\">El libre albedr\u00edo, compatible con el determinismo cerebral<\/h1>\n<\/blockquote>\n<p style=\"text-align: justify;\">Los experimentos fueron realizados por Benjam\u00edn Libet en California hace m\u00e1s de 20 a\u00f1os; luego han sido confirmados sus resultados por un grupo de neurocient\u00edficos en Inglaterra, y este mismo a\u00f1o, 2008, han vuelto a realizarse en Berl\u00edn con t\u00e9cnicas modernas de imagen cerebral, llegando a la conclusi\u00f3n que el cerebro se pone en marcha mucho antes que en los experimentos de Libet, a saber, que la actividad cerebral del l\u00f3bulo frontal tiene lugar hasta 10 segundos antes de la impresi\u00f3n subjetiva de voluntad.<\/p>\n<p><!--more--><\/p>\n<p style=\"text-align: justify;\">\n<p>&nbsp;<\/p>\n<p><img decoding=\"async\" loading=\"lazy\" class=\"\" src=\"https:\/\/pymstatic.com\/15920\/conversions\/libet-social.jpg\" alt=\"El experimento de Libet: \u00bfexiste la libertad humana?\" width=\"460\" height=\"241\" \/><\/p>\n<p>&nbsp;<\/p>\n<p style=\"text-align: justify;\">El propio Libet intent\u00f3 salvar su hip\u00f3tesis de la existencia de la libertad diciendo que en los 200 ms que separan la impresi\u00f3n subjetiva del propio movimiento el cerebro podr\u00eda ejercer un veto, es decir, inhibir el movimiento. Los cr\u00edticos de esta hip\u00f3tesis argumentaron que si el cerebro se ten\u00eda que activar de nuevo para ejercer el veto se emplear\u00eda de nuevo el mismo tiempo y eso era demasiado para los 200 ms que quedaban.<\/p>\n<p style=\"text-align: justify;\">Frente a estos resultados se puede argumentar que todos y cada uno de nosotros tiene la impresi\u00f3n subjetiva, la intuici\u00f3n, la firme creencia, que somos libres para elegir entre varias opciones o que podemos hacer algo distinto a lo que hacemos en cualquier momento.<\/p>\n<p style=\"text-align: justify;\"><strong>Antecedentes de creencias falsas<\/strong><\/p>\n<p>&nbsp;<\/p>\n<p><img decoding=\"async\" loading=\"lazy\" class=\"\" src=\"https:\/\/quo.eldiario.es\/wp-content\/uploads\/2021\/10\/ninos-creencias-falsas.jpg\" alt=\"C\u00f3mo juega la mente de los ni\u00f1os con las falsas creencias\" width=\"567\" height=\"378\" \/><\/p>\n<p>Cuando somos peque\u00f1os nos introducen en la Mente creencias falsas que perduran parea siempre<\/p>\n<p style=\"text-align: justify;\">Pero las impresiones subjetivas, intuiciones o firmes creencias han resultado ser a veces falsas, como ha ocurrido a lo largo de la historia de la Humanidad.<\/p>\n<p style=\"text-align: justify;\">Recordemos la creencia en la teor\u00eda geoc\u00e9ntrica, planteada por Arist\u00f3teles en el silgo IV a. C. y refrendada por Ptolomeo en el siglo II de nuestra era. Tuvieron que pasar nada menos que 20 siglos, hasta el siglo XVI, para que esta teor\u00eda fuera refutada por la teor\u00eda helioc\u00e9ntrica de Cop\u00e9rnico y Galileo.<\/p>\n<p>&nbsp;<\/p>\n<p style=\"text-align: center;\"><img decoding=\"async\" loading=\"lazy\" class=\"aligncenter\" src=\"http:\/\/3.bp.blogspot.com\/_q0eHfcBMPE8\/TBOG7Vf8jdI\/AAAAAAAAArQ\/eds1U-jLNqw\/s1600\/15565089.jpg\" alt=\"\" width=\"630\" height=\"630\" \/><\/p>\n<p>&nbsp;<\/p>\n<p style=\"text-align: justify;\">No siempre es todo como creemos verlo, ni siempre estamos en disposici\u00f3n de elegir. Nada es lo que nos dicen nuestros sentidos que es. Y, lo que entendemos por libre albedr\u00edo, de la misma manera, est\u00e1 distorsionado por mil par\u00e1metros ajenos a nosotros que, s\u00f3lo podemos ejercerlo en soledad y dentro de nuestros pensamientos.<\/p>\n<p>&nbsp;<\/p>\n<blockquote><p><img decoding=\"async\" loading=\"lazy\" class=\"\" src=\"https:\/\/www.nuevarevista.net\/wp-content\/uploads\/2023\/02\/speco-4.png\" alt=\"C\u00f3mo proteger, de forma m\u00e1s efectiva, la libertad de expresi\u00f3n en los  campus - Nueva Revista\" width=\"505\" height=\"472\" \/><\/p>\n<p style=\"text-align: justify;\">Lo cierto es que no tenemos libertad para expresar libremente nuestros pensamientos a la Sociedad. Que le pregunten a Galileo, a Giordano Bruno y a tantos otros por las consecuencias. En el Presente es igual, si hablas contra el poder establecido&#8230;<\/p>\n<\/blockquote>\n<p style=\"text-align: justify;\">Nuestra impresi\u00f3n subjetiva estaba basada en la experiencia que todos tenemos de que el sol sale por Oriente y se pone por Occidente, un lenguaje que a\u00fan conservamos. Si le hubi\u00e9semos hecho caso a Aristarco de Samos, quien en el siglo IV a.C. ya hab\u00eda planteado que la tierra se mov\u00eda alrededor del sol, no hubiera sido quemado Giordano Bruno en la Piaza Campo dei Fiori en Roma en 1600.<\/p>\n<p>&nbsp;<\/p>\n<p><img decoding=\"async\" loading=\"lazy\" class=\"\" src=\"https:\/\/blogger.googleusercontent.com\/img\/b\/R29vZ2xl\/AVvXsEihVk2I4Pu3IRd0HkVl2fJcj8Pbs47e_Vu-6-yfXQsa5xwuShoUVcHq5DmTAkYptMKDUj0_jfdl9CRvi0OtHPsvyyHKDbqPNXLzMdAEUYveXxnaN7OL_4D7tU0vkxWWFIy3X6cgmkXus8I1\/s1600\/1.jpg\" alt=\"El Muerto |||: Giordano Bruno, m\u00e1rtir de las ideas helioc\u00e9ntricas\" width=\"592\" height=\"394\" \/><\/p>\n<blockquote><p><strong>Por decir que en otros muchos mundos exist\u00edan otras criaturas<\/strong><\/p><\/blockquote>\n<p style=\"text-align: justify;\">Por otro lado, que hayamos tardado 20 siglos en corregir esa impresi\u00f3n subjetiva falsa de que el sol giraba alrededor de la tierra la debemos, sin duda en parte, a la Sagradas Escrituras. En la Biblia (Josu\u00e9 10, 13) se dice que Yahv\u00e9 \u201cpar\u00f3 el sol\u201d para permitir que los israelitas terminasen de masacrar a los amorreos. Por tanto, si Dios par\u00f3 el sol es porque este se mov\u00eda y no la tierra.<\/p>\n<p style=\"text-align: justify;\">Hay otros ejemplos de impresiones subjetivas que terminaron siendo falsas, como la teor\u00eda de la que la tierra es plana, que todav\u00eda hoy algunos desinformados sostienen. Tambi\u00e9n la esfericidad de la tierra, sostenida por Erat\u00f3stenes (siglo III a. C.) choc\u00f3 con las Sagradas Escrituras, tal y como sosten\u00eda el obispo de Salzburgo Virgilio o nuestro Isidoro de Sevilla.<\/p>\n<p style=\"text-align: justify;\"><strong>Estamos determinados<\/strong><\/p>\n<p style=\"text-align: justify;\">No podemos, pues, fiarnos de nuestras impresiones subjetivas porque pueden ser falsas. A veces, como en este caso, la falta de libertad es algo contraintuitivo, como suele expresarse en ingl\u00e9s, pero los experimentos indican que, efectivamente, estamos determinados, como el resto del Universo, por las leyes deterministas de la Naturaleza.<\/p>\n<p>&nbsp;<\/p>\n<p><img decoding=\"async\" loading=\"lazy\" class=\"\" src=\"https:\/\/encrypted-tbn0.gstatic.com\/images?q=tbn:ANd9GcQc31CcIhaXFDSTwW_Z-lUlMxDqeUIkhJAii9qmjzihVgHUALHQxa5P4GsluboJujzJnLmhm4dPzUUEcA7lQfonkg\" alt=\"The Other Alejandro Jodorowsky \u2013 The Visual Expression of the Cult Film  Director - Artland Magazine\" width=\"476\" height=\"491\" \/><\/p>\n<p>&nbsp;<\/p>\n<p style=\"text-align: center;\">\n<p style=\"text-align: justify;\"><strong>Alejandro Jodorowsky:<\/strong> Si tenemos un cuerpo imaginario, es tambi\u00e9n necesario que nos demos cuenta que tenemos una mente imaginaria. Tenemos pensamientos inconscientes, percepciones olfativas, audiciones, tactos, visiones, sabores mucho m\u00e1s desarrollados que los que creemos \u201creales\u201d. Vemos m\u00e1s de lo que creemos ver, o\u00edmos m\u00e1s de lo que creemos o\u00edr, gustamos m\u00e1s de lo que creemos gustar, olfateamos m\u00e1s de lo que creemos olfatear, percibimos con el tacto mucho m\u00e1s de lo que creemos percibir, pensamos m\u00e1s de lo que creemos pensar. No sentimos por completo nuestras sensaciones, tenemos pensamientos de los que no nos damos cuenta, vivimos dentro de limites perceptivos, provocados desde que nacemos por nuestra familia y luego por la sociedad. Nos sumergen en prejucios y concepciones anquilosadas de la realidad y de nosotros mismos. Debemos aprender a pensar con libertad, (no digo con \u201cinteligencia\u201d, digo con \u201clibertad\u201d). El trabajo m\u00e1gico consiste en disolver los l\u00edmites de nuestra inteligencia y de nuestras percepciones. Estos limites nos encierran en calabozos irreales que nos impiden acceder a la conciencia suprema. La llave para lograr esto es la atenci\u00f3n.<\/p>\n<p>&nbsp;<\/p>\n<p style=\"text-align: center;\"><img decoding=\"async\" loading=\"lazy\" class=\"aligncenter\" src=\"http:\/\/1.bp.blogspot.com\/_H3sH4AwWAgA\/S98REz8k8bI\/AAAAAAAAAEQ\/Sc15iQvY4BI\/s1600\/realidad_virtual+copy.jpg\" alt=\"\" width=\"400\" height=\"300\" \/><\/p>\n<p>&nbsp;<\/p>\n<p style=\"text-align: justify;\">Si asumi\u00e9semos, como hacen los dualistas, la existencia de un alma inmaterial que interacciona con la materia, en este caso el cerebro, entonces no habr\u00eda ning\u00fan problema. Ese dualismo, que se remonta a los \u00f3rficos, que consideraban que el cuerpo (soma) era \u2018sema\u2019 (la tumba) del alma, y que influyeron decisivamente sobre Pit\u00e1goras y Plat\u00f3n, dando lugar a un dualismo que ha durado hasta nuestros d\u00edas, hoy d\u00eda la neurociencia lo ha superado.<\/p>\n<p style=\"text-align: justify;\">Las facultades mentales, antes an\u00edmicas, son consideradas hoy por la inmensa mayor\u00eda de neurocient\u00edficos producto del cerebro. El gran problema del dualismo es que no ha habido posibilidad de explicar c\u00f3mo es posible que un ente inmaterial, el alma, interaccione con la materia.<\/p>\n<p style=\"text-align: justify;\">La raz\u00f3n es que para interaccionar con la materia se requiere energ\u00eda y un ente inmaterial, por definici\u00f3n, no tiene energ\u00eda. Por tanto, esa interacci\u00f3n violar\u00eda las leyes de la termodin\u00e1mica. Adem\u00e1s, no se ha descubierto en el cerebro ninguna regi\u00f3n de la que pueda decirse que se activa por alg\u00fan factor externo al cerebro, como ser\u00eda el caso si fuera activada por el alma. Por tanto, el alma no es ninguna hip\u00f3tesis neurocient\u00edfica.<\/p>\n<p>&nbsp;<\/p>\n<p style=\"text-align: center;\"><img decoding=\"async\" loading=\"lazy\" class=\"aligncenter\" src=\"http:\/\/hnorodolfo.files.wordpress.com\/2009\/08\/2634b0348f127164010ba27ae1f08160.jpg?w=300\" alt=\"http:\/\/hnorodolfo.files.wordpress.com\/2009\/08\/2634b0348f127164010ba27ae1f08160.jpg?w=300\" width=\"300\" height=\"300\" \/><\/p>\n<p style=\"text-align: center;\"><strong>S\u00f3lo el pensamiento nos hace libres<\/strong><\/p>\n<p style=\"text-align: justify;\">Algunos fil\u00f3sofos, llamados compatibilistas, aceptan el determinismo del Universo y tambi\u00e9n del hombre, pero lo compatibilizan con el libre albedr\u00edo, que, seg\u00fan ellos, tiene el ser humano. La mayor\u00eda confunde lo que en biolog\u00eda llamamos \u2018grados de libertad\u2019 con la liberta propiamente dicha.<\/p>\n<p style=\"text-align: justify;\">Todos los animales poseen diferentes grados de libertad, es decir, posibilidades de elegir entre varias opciones. El n\u00famero de opciones depende del grado de encefalizaci\u00f3n del animal en cuesti\u00f3n. Nosotros tenemos muchos m\u00e1s grados de libertad que un perro, y \u00e9ste m\u00e1s que un lagarto, y \u00e9ste, a su vez, m\u00e1s que una ameba. Pero la posibilidad de escoger entre varias opciones no nos dice por qu\u00e9 elegimos la que elegimos, o, con otras palabras, si esta elecci\u00f3n es voluntaria y consciente. En suma, poseer grados de libertad no significa ser libres.<\/p>\n<p style=\"text-align: justify;\">El problema de la libertad es que est\u00e1 \u00edntimamente ligada a la responsabilidad, la culpabilidad, la imputabilidad y el pecado. Este \u00faltimo es la base de las tres religiones abrah\u00e1micas: juda\u00edsmo, cristianismo e islamismo. El concepto de culpabilidad es tambi\u00e9n la base del derecho penal internacional.<\/p>\n<p style=\"text-align: justify;\"><strong><br \/>\nNeurociencias y Derecho<\/strong><\/p>\n<p>&nbsp;<\/p>\n<p><img decoding=\"async\" src=\"https:\/\/www.tecnos.es\/imagenes\/libros\/9788430989829-derecho-procesal-penal.jpg\" alt=\"Derecho procesal penal - Tecnos Editorial\" \/><img decoding=\"async\" src=\"https:\/\/www.tecnos.es\/imagenes\/libros\/9788430992348-contra-la-impunidad.jpg\" alt=\"Derecho procesal penal - Tecnos Editorial\" \/><\/p>\n<p>&nbsp;<\/p>\n<p style=\"text-align: center;\">\n<p style=\"text-align: justify;\">Esto explica por qu\u00e9 en Alemania, algunos especialistas en derecho penal est\u00e1n reclamando la revisi\u00f3n del c\u00f3digo penal para adecuarlo a los resultados de la neurociencia. Evidentemente no vamos a cambiar los castigos que hay que infligir a aquellos que transgredan las reglas que la propia sociedad se ha impuesto a s\u00ed misma. Seguiremos encarcelando a aqu\u00e9llos que violen esas reglas. Pero lo que s\u00ed va a cambiar ser\u00e1 la imagen que tenemos tanto de esos criminales como de nosotros mismos.<\/p>\n<p>&nbsp;<\/p>\n<p><img decoding=\"async\" src=\"https:\/\/ichef.bbci.co.uk\/ace\/ws\/640\/amz\/worldservice\/live\/assets\/images\/2011\/08\/09\/110809160341_ilusion-canvas.jpg.webp\" alt=\"Los colores no existen - BBC News Mundo\" \/><\/p>\n<p>&nbsp;<\/p>\n<p style=\"text-align: justify;\">Que la libertad pueda ser una ficci\u00f3n no nos llama mucho la atenci\u00f3n. <strong>Hace tiempo que sabemos que los colores no existen en la Naturaleza.<\/strong> En ella encontramos diversas longitudes de onda del espectro luminoso. Estas longitudes de onda inciden sobre fotorreceptores que poseemos en la retina y los impulsos nerviosos, llamados potenciales de acci\u00f3n, que son exactamente iguales que los provenientes del o\u00eddo o del tacto, llegan a la corteza visual y all\u00ed se les atribuye una determinada cualidad, como la de rojo, azul o verde. Los colores, pues, son atribuciones de la corteza cerebral, pero no cualidades que existan en la Naturaleza. Algo que ya sab\u00eda Giambattista Vico, fil\u00f3sofo napolitano del siglo XVII, o el propio Descartes.<\/p>\n<p>&nbsp;<\/p>\n<blockquote><p><img decoding=\"async\" src=\"https:\/\/filco.es\/uploads\/2018\/01\/Portrait_of_a_man_thought_to_be_Baruch_de_Spinoza_attributed_to_Barend_Graat-255x300.jpg\" alt=\"Spinoza: la firmeza del fil\u00f3sofo que vivi\u00f3 marginado\" \/><\/p>\n<p><strong>Para terminar quisiera citar a dos personalidades: un fil\u00f3sofo, Baruch Spinoza que sobre este tema dec\u00eda: <em>Los hombres se equivocan si se creen libres; su opini\u00f3n est\u00e1 hecha de la consciencia de sus propias acciones y de la ignorancia de las causas que las determinan<\/em>.<\/strong><\/p><\/blockquote>\n<p style=\"text-align: justify;\"><img decoding=\"async\" loading=\"lazy\" class=\"alignleft\" style=\"border: 0pt none;\" src=\"http:\/\/einsteinio.files.wordpress.com\/2007\/01\/einstein.GIF\" alt=\"\" width=\"300\" height=\"313\" border=\"0\" \/><\/p>\n<p>&nbsp;<\/p>\n<p>&nbsp;<\/p>\n<p style=\"text-align: justify;\">Y la de un cient\u00edfico, Albert <a href=\"#\" onclick=\"referencia('einstein',event); return false;\">Einstein<\/a>: \u201c<em>El hombre puede hacer lo que quiera, pero no puede querer lo que quiera<\/em>\u201d. Y tambi\u00e9n: <em>El hombre se defiende de ser considerado un objeto impotente en el curso del universo, pero, \u00bfdeber\u00eda la legitimidad de los sucesos, tales como se revela m\u00e1s o menos claramente en la naturaleza inorg\u00e1nica, cesar su funci\u00f3n antes las actividades de nuestro cerebro?.<br \/>\n<\/em><br \/>\nUn <a href=\"#\" onclick=\"referencia('psi',event); return false;\">psi<\/a>c\u00f3logo alem\u00e1n, Wolfgang Prinz ha acu\u00f1ado la frase: <em>No hacemos lo que queremos, sino que queremos lo que hacemos.<\/em><\/p>\n<p>&nbsp;<\/p>\n<p><img decoding=\"async\" src=\"https:\/\/colegiodeemeritos.es\/wp-content\/uploads\/2022\/02\/Rubia-Vila-Francisco-Jose%CC%81-1.jpg\" alt=\"Francisco Jos\u00e9 RUBIA VILA \u2013 Colegio Libre de Em\u00e9ritos\" \/><\/p>\n<p>&nbsp;<\/p>\n<p style=\"text-align: justify;\"><strong>F. J. Rubia es Catedr\u00e1tico de la Facultad de Medicina de la Universidad Complutense de Madrid, y tambi\u00e9n lo fue de la Universidad Ludwig Maximillian de Munich, as\u00ed como Consejero Cient\u00edfico de dicha Universidad. Este texto fue le\u00eddo por su autor en el encuentro de bloggers de Tendencias21, celebrado en Madrid el pasado 21 de noviembre. F.J. Rubia es el editor del blog <\/strong>Neurociencias <strong>de Tendencias21.<\/strong><\/p>\n<p>Y, a todo esto, digo Yo:<\/p>\n<p style=\"text-align: justify;\">\u00a1Hay tantas cosas de las que tratar y de las que, en realidad, sabemos tan poco!<\/p>\n<p style=\"text-align: justify;\">Hablamos y hablamos y no dejamos de hablar de teor\u00edas y modelos que nos hemos buscado para tener un fiel reflejo de la Naturaleza que tratamos de conocer. Sin embargo, no siempre nuestros modelos y teor\u00edas caminan de la mano de la Naturaleza y, lo que se observa difiere de lo que esos modelos nos dicen. \u00bfC\u00f3mo podemos hablar, por ejemplo, de la &#8220;<a href=\"#\" onclick=\"referencia('materia oscura',event); return false;\">materia oscura<\/a>&#8221; si no tenemos idea de lo que pueda ser y, ni siquiera si puede ser?<\/p>\n<p style=\"text-align: justify;\">Pues, as\u00ed somos los humanos: Descarados y osados, nos atrevemos con todo e, incluso, con la Naturaleza que dibujamos y coloreamos sin saber si el cuadro que de ella hacemos es el cuadro que en realidad la Naturaleza refleja.<\/p>\n<p>&nbsp;<\/p>\n<p><img decoding=\"async\" src=\"https:\/\/image.jimcdn.com\/app\/cms\/image\/transf\/none\/path\/s241d8273ea1a29f5\/image\/i4e5362d5898e4210\/version\/1462828915\/image.jpg\" alt=\"EL MITO DE LA CAVERNA - sociarlex\" \/><\/p>\n<blockquote>\n<p style=\"text-align: justify;\">Lo cierto es que nos creemos libres siendo prisioneros de muchas situaciones en las que nada podemos hacer. De no ser as\u00ed&#8230; \u00bfC\u00f3mo podr\u00edamos soportar tan pesada prisi\u00f3n? Desde el comienzo se nos sit\u00faa en un escenario que no es de libertad, ya que, ninguno de nosotros, eligi\u00f3 venir al mundo, lo decidieron nuestros padres.<\/p>\n<p style=\"text-align: justify;\">Eso nos deb\u00eda servir de gu\u00eda para saber todo lo que a nuestra &#8220;libertad&#8221; respecta, es muy limitada y supeditada a un \u00e1mbito muy restringido, es decir, a nuestros pensamientos, m\u00e1s all\u00e1 aparecen los condicionantes.<\/p>\n<p style=\"text-align: justify;\">Nadie nunca, a lo largo de la Historia, pudo hacer lo que quer\u00eda hacer. venimos al mundo cargados\u00a0 de impedimentos, y, en lo que a la libertad se refiere&#8230; \u00a1No es lo mismo que nos pasa con la ignorancia, que la tenemos en abundancia y hasta para regalar!<\/p>\n<p><strong>No son pocos los que presumen de ella, parece que disfrutan exponi\u00e9ndola en p\u00fablico.<\/strong><\/p><\/blockquote>\n<p style=\"text-align: justify;\"><strong>Emilio Silvera V\u00e1zquez<\/strong><\/p>\n<div class='bookmark'>\r\n\t\t<table align='left' border='0' cellpadding='0' width='100%'>\r\n\t\t<tr><td><span class='pushbutton'><a href='http:\/\/delicious.com\/post?url=http%3A%2F%2Fwww.emiliosilveravazquez.com%2Fblog%2F2025%2F04%2F26%2F%25c2%25bfexiste-el-libre-albedrio%2F&amp;title=%C2%BFExiste+el+libre+Albedr%C3%ADo%3F' title='Delicious' target='_blank' rel='nofollow'><img src='http:\/\/www.emiliosilveravazquez.com\/blog\/wp-content\/plugins\/knxdt-bookmarks-wordpress-plugin\/images\/delicious.png'  alt='' class='book_img' border='none' style='margin:1px; padding: 0;'  \/><\/a><\/span><span class='pushbutton'><a href='http:\/\/digg.com\/submit?url=http%3A%2F%2Fwww.emiliosilveravazquez.com%2Fblog%2F2025%2F04%2F26%2F%25c2%25bfexiste-el-libre-albedrio%2F&amp;title=%C2%BFExiste+el+libre+Albedr%C3%ADo%3F' title='Digg' target='_blank' rel='nofollow'><img src='http:\/\/www.emiliosilveravazquez.com\/blog\/wp-content\/plugins\/knxdt-bookmarks-wordpress-plugin\/images\/digg.png'  alt='' class='book_img' border='none' style='margin:1px; padding: 0;'  \/><\/a><\/span><span class='pushbutton'><a href='http:\/\/www.google.com\/bookmarks\/mark?op=edit&amp;bkmk=http%3A%2F%2Fwww.emiliosilveravazquez.com%2Fblog%2F2025%2F04%2F26%2F%25c2%25bfexiste-el-libre-albedrio%2F&amp;title=%C2%BFExiste+el+libre+Albedr%C3%ADo%3F' title='Google' target='_blank' rel='nofollow'><img src='http:\/\/www.emiliosilveravazquez.com\/blog\/wp-content\/plugins\/knxdt-bookmarks-wordpress-plugin\/images\/google.png'   alt='' class='book_img' border='none' style='margin:1px; padding: 0;'  \/><\/a><\/span><span class='pushbutton'><a href='http:\/\/myweb2.search.yahoo.com\/myresults\/bookmarklet?u=http%3A%2F%2Fwww.emiliosilveravazquez.com%2Fblog%2F2025%2F04%2F26%2F%25c2%25bfexiste-el-libre-albedrio%2F&amp;t=%C2%BFExiste+el+libre+Albedr%C3%ADo%3F' title='Yahoo' target='_blank' rel='nofollow'><img src='http:\/\/www.emiliosilveravazquez.com\/blog\/wp-content\/plugins\/knxdt-bookmarks-wordpress-plugin\/images\/yahoo.png'  alt='' class='book_img' border='none' style='margin:1px; padding: 0;'  \/><\/a><\/span><span class='pushbutton'><a href='http:\/\/www.technorati.com\/faves?add=http%3A%2F%2Fwww.emiliosilveravazquez.com%2Fblog%2F2025%2F04%2F26%2F%25c2%25bfexiste-el-libre-albedrio%2F' title='Technorati' target='_blank' rel='nofollow'><img src='http:\/\/www.emiliosilveravazquez.com\/blog\/wp-content\/plugins\/knxdt-bookmarks-wordpress-plugin\/images\/technorati.png'  alt='' class='book_img' border='none' style='margin:1px; padding: 0;'  \/><\/a><\/span><span class='pushbutton'><a href='http:\/\/meneame.net\/submit.php?url=http%3A%2F%2Fwww.emiliosilveravazquez.com%2Fblog%2F2025%2F04%2F26%2F%25c2%25bfexiste-el-libre-albedrio%2F' title='Meneame' target='_blank' rel='nofollow'><img src='http:\/\/www.emiliosilveravazquez.com\/blog\/wp-content\/plugins\/knxdt-bookmarks-wordpress-plugin\/images\/meneame.png'  alt='' class='book_img' border='none' style='margin:1px; padding: 0;'  \/><\/a><\/span><span class='pushbutton'><a href='http:\/\/enchilame.com\/submit.php?url=http:\/\/www.emiliosilveravazquez.com\/blog\/2025\/04\/26\/%c2%bfexiste-el-libre-albedrio\/' target='_blank' rel='nofollow'><img title='Enchilame' src='http:\/\/www.emiliosilveravazquez.com\/blog\/wp-content\/plugins\/knxdt-bookmarks-wordpress-plugin\/images\/enchilame.png'  alt='' class='book_img' border='none' style='margin:1px; padding: 0;'  \/><\/a><\/span><span class='pushbutton'><a href='http:\/\/www.blinklist.com\/index.php?Action=Blink\/addblink.php&amp;Description=&amp;Url=http%3A%2F%2Fwww.emiliosilveravazquez.com%2Fblog%2F2025%2F04%2F26%2F%25c2%25bfexiste-el-libre-albedrio%2F&amp;title=%C2%BFExiste+el+libre+Albedr%C3%ADo%3F' title='BlinkList' target='_blank' rel='nofollow'><img src='http:\/\/www.emiliosilveravazquez.com\/blog\/wp-content\/plugins\/knxdt-bookmarks-wordpress-plugin\/images\/blinklist.png'  alt='' class='book_img' border='none' style='margin:1px; padding: 0;'  \/><\/a><\/span><span class='pushbutton'><a href='http:\/\/reddit.com\/submit?url=http%3A%2F%2Fwww.emiliosilveravazquez.com%2Fblog%2F2025%2F04%2F26%2F%25c2%25bfexiste-el-libre-albedrio%2F&amp;title=%C2%BFExiste+el+libre+Albedr%C3%ADo%3F' title='Reddit' target='_blank' rel='nofollow'><img src='http:\/\/www.emiliosilveravazquez.com\/blog\/wp-content\/plugins\/knxdt-bookmarks-wordpress-plugin\/images\/reddit.png'  alt='' class='book_img' border='none' style='margin:1px; padding: 0;'  \/><\/a><\/span><span class='pushbutton'><a href='http:\/\/www.tecnologiadiaria.com\/2009\/07\/abrir-com-hotmail-correo.html' target='_blank' title='hotmail'><img src='http:\/\/www.emiliosilveravazquez.com\/blog\/wp-content\/plugins\/knxdt-bookmarks-wordpress-plugin\/images\/linklove.png' alt='hotmail correo' class='book_img' border='none' style='margin:1px; padding: 0;' \/><\/a><\/span><span class='pushbutton'><a href='http:\/\/bitacoras.com\/votar\/anotacion\/externo\/mini\/www.emiliosilveravazquez.com\/blog\/2025\/04\/26\/%c2%bfexiste-el-libre-albedrio\/' title='Bitacoras.com' target='_blank' rel='nofollow'><img src='http:\/\/www.emiliosilveravazquez.com\/blog\/wp-content\/plugins\/knxdt-bookmarks-wordpress-plugin\/images\/bitacoras.png'  alt='' class='book_img' border='none' style='margin:1px; padding: 0;'  \/><\/a><\/span><span class='pushbutton'><a href='http:\/\/www.wikio.es\/vote?url=http%3A%2F%2Fwww.emiliosilveravazquez.com%2Fblog%2F2025%2F04%2F26%2F%25c2%25bfexiste-el-libre-albedrio%2F' title='Wikio' target='_blank' rel='nofollow'><img src='http:\/\/www.emiliosilveravazquez.com\/blog\/wp-content\/plugins\/knxdt-bookmarks-wordpress-plugin\/images\/wikio.png'   alt='' class='book_img' border='none' style='margin:1px; padding: 0;'   \/><\/a><\/span><span class='pushbutton'><a href='http:\/\/friendfeed.com\/?url=http%3A%2F%2Fwww.emiliosilveravazquez.com%2Fblog%2F2025%2F04%2F26%2F%25c2%25bfexiste-el-libre-albedrio%2F&amp;title=%C2%BFExiste+el+libre+Albedr%C3%ADo%3F' title='Friend Feed' target='_blank' rel='nofollow'><img src='http:\/\/www.emiliosilveravazquez.com\/blog\/wp-content\/plugins\/knxdt-bookmarks-wordpress-plugin\/images\/friendfeed.png'  alt='' class='book_img' border='none' style='margin:1px; padding: 0;'  \/><\/a><\/span><span class='pushbutton'><a href='http:\/\/www.facebook.com\/share.php?u=http%3A%2F%2Fwww.emiliosilveravazquez.com%2Fblog%2F2025%2F04%2F26%2F%25c2%25bfexiste-el-libre-albedrio%2F&amp;t=%C2%BFExiste+el+libre+Albedr%C3%ADo%3F' title='Facebook' target='_blank' rel='nofollow'><img src='http:\/\/www.emiliosilveravazquez.com\/blog\/wp-content\/plugins\/knxdt-bookmarks-wordpress-plugin\/images\/facebook.png'  alt='' class='book_img' border='none' style='margin:1px; padding: 0;'  \/><\/a><\/span><span class='pushbutton'><a href='http:\/\/twitter.com\/home?status=%C2%BFExiste+el+libre+Albedr%C3%ADo%3F: http%3A%2F%2Fwww.emiliosilveravazquez.com%2Fblog%2F2025%2F04%2F26%2F%25c2%25bfexiste-el-libre-albedrio%2F' title='Twitter' target='_blank' rel='nofollow'><img src='http:\/\/www.emiliosilveravazquez.com\/blog\/wp-content\/plugins\/knxdt-bookmarks-wordpress-plugin\/images\/twitter.png'  alt='' class='book_img' border='none' style='margin:1px; padding: 0;'  \/><\/a><\/span><span class='pushbutton'><a href='http:\/\/www.feedburner.com\/fb\/a\/emailFlare?itemTitle=%C2%BFExiste+el+libre+Albedr%C3%ADo%3F&amp;uri=http%3A%2F%2Fwww.emiliosilveravazquez.com%2Fblog%2F2025%2F04%2F26%2F%25c2%25bfexiste-el-libre-albedrio%2F' title='Enviar por Email' target='_blank' rel='nofollow'><img src='http:\/\/www.emiliosilveravazquez.com\/blog\/wp-content\/plugins\/knxdt-bookmarks-wordpress-plugin\/images\/email.png'  alt='' class='book_img' border='none' style='margin:1px; padding: 0;'  \/><\/a><\/span><span style='font-weight:bold; padding-left: 5px;'><a href='http:\/\/wordpress.org\/extend\/plugins\/knxdt-bookmarks-wordpress-plugin\/' title='Plugin' rel='nofollow' target='_blank'>[?]<\/a><\/span><\/td><\/tr><\/table><br\/><br\/><\/div>","protected":false},"excerpt":{"rendered":"<p>La libertad es una ficci\u00f3n cerebral Estamos determinados, como el resto del Universo, por las leyes naturales La libertad es una ficci\u00f3n cerebral, seg\u00fan confirman las \u00faltimas investigaciones sobre neurociencias. Estas investigaciones han determinado que la actividad cerebral previa a un movimiento, realizado por el sujeto en un tiempo por \u00e9l elegido, es muy anterior [&hellip;]<\/p>\n","protected":false},"author":2,"featured_media":0,"comment_status":"open","ping_status":"open","sticky":false,"template":"","format":"standard","meta":{"_s2mail":"yes","footnotes":""},"categories":[69],"tags":[],"_links":{"self":[{"href":"http:\/\/www.emiliosilveravazquez.com\/blog\/wp-json\/wp\/v2\/posts\/4553"}],"collection":[{"href":"http:\/\/www.emiliosilveravazquez.com\/blog\/wp-json\/wp\/v2\/posts"}],"about":[{"href":"http:\/\/www.emiliosilveravazquez.com\/blog\/wp-json\/wp\/v2\/types\/post"}],"author":[{"embeddable":true,"href":"http:\/\/www.emiliosilveravazquez.com\/blog\/wp-json\/wp\/v2\/users\/2"}],"replies":[{"embeddable":true,"href":"http:\/\/www.emiliosilveravazquez.com\/blog\/wp-json\/wp\/v2\/comments?post=4553"}],"version-history":[{"count":0,"href":"http:\/\/www.emiliosilveravazquez.com\/blog\/wp-json\/wp\/v2\/posts\/4553\/revisions"}],"wp:attachment":[{"href":"http:\/\/www.emiliosilveravazquez.com\/blog\/wp-json\/wp\/v2\/media?parent=4553"}],"wp:term":[{"taxonomy":"category","embeddable":true,"href":"http:\/\/www.emiliosilveravazquez.com\/blog\/wp-json\/wp\/v2\/categories?post=4553"},{"taxonomy":"post_tag","embeddable":true,"href":"http:\/\/www.emiliosilveravazquez.com\/blog\/wp-json\/wp\/v2\/tags?post=4553"}],"curies":[{"name":"wp","href":"https:\/\/api.w.org\/{rel}","templated":true}]}}