{"id":4484,"date":"2013-06-15T03:50:44","date_gmt":"2013-06-15T02:50:44","guid":{"rendered":"http:\/\/www.emiliosilveravazquez.com\/blog\/?p=4484"},"modified":"2013-06-15T09:24:42","modified_gmt":"2013-06-15T08:24:42","slug":"%c2%a1la-humanidad","status":"publish","type":"post","link":"http:\/\/www.emiliosilveravazquez.com\/blog\/2013\/06\/15\/%c2%a1la-humanidad\/","title":{"rendered":"\u00a1La Humanidad! (Un fragmento del trabajo)"},"content":{"rendered":"<p style=\"text-align: justify;\">Nuestra especie es muy homog\u00e9nea en sus caracter\u00edsticas: somos muy similares a pesar de lo que pudiera parecer a causa de las diferencias del color en la piel o en los rasgos faciales de las diferentes poblaciones.\u00a0 Tanto los datos de la gen\u00e9tica homo los de la paleantropolog\u00eda muestran que los seres humanos, como especie, procedemos de un grupo peque\u00f1o de antepasados que viv\u00edan en \u00c1frica hace unos cuatrocientos mil a\u00f1os.<\/p>\n<p style=\"text-align: justify;\">\n<p style=\"text-align: justify;\">\n<p style=\"text-align: justify;\"><img decoding=\"async\" loading=\"lazy\" id=\"il_fi\" src=\"http:\/\/1.bp.blogspot.com\/_KW_lRbjOKIU\/S-X54wXuCeI\/AAAAAAAABFk\/nFixK0fhvg4\/s1600\/razas.jpg\" alt=\"\" width=\"400\" height=\"332\" \/><\/p>\n<p style=\"text-align: justify;\">\n<p style=\"text-align: justify;\">Hemos logrado determinar con precisi\u00f3n nuestros or\u00edgenes como especie mediante precisos an\u00e1lisis gen\u00e9ticos; por ejemplo, los estudios llevados a cabo sobre los genes de las mitocondrias pertenecientes a individuos de todas las poblaciones del mundo y de todas las razas.<\/p>\n<p style=\"text-align: justify;\">Estudiando el A D N mitocondrial de miles de personas se ha llegado a formular la llamada \u201cTeor\u00eda de la Eva Negra\u201d, seg\u00fan la cual todos nosotros, los Homosapiens sapiens, procedemos de una hembra que vivi\u00f3 en alg\u00fan lugar de \u00c1frica hace ahora unos tres cientos mil a\u00f1os.\u00a0 Otros estudios se han realizado mediante el an\u00e1lisis del polimorfismo del cromosoma Y.<\/p>\n<p style=\"text-align: justify;\">Pero tanto unos estudios como otros han dado el resultado similar.\u00a0 Los estudios del material gen\u00e9tico del cromosoma Y confirman que la Humanidad tuvo un antepasado var\u00f3n que vivi\u00f3 en \u00c1frica hace unos doscientos mil a\u00f1os.\u00a0 Seria la \u201cTeor\u00eda del Adan Negro\u201d.\u00a0 Estudios del Gen de la hemoglobina ratifican que todas las poblaciones humanas modernas derivan de una poblaci\u00f3n ancestral africana de hace unos doscientos mil a\u00f1os compuesta por unos seiscientos individuos.<\/p>\n<p style=\"text-align: justify;\">\n<p style=\"text-align: justify;\">\n<p style=\"text-align: justify;\"><img decoding=\"async\" loading=\"lazy\" src=\"http:\/\/upload.wikimedia.org\/wikipedia\/commons\/b\/b7\/Homo_rhodesiensis.jpg\" alt=\"File:Homo rhodesiensis.jpg\" width=\"384\" height=\"316\" \/>\u00a0\u00a0\u00a0\u00a0\u00a0\u00a0\u00a0\u00a0\u00a0\u00a0\u00a0\u00a0\u00a0 <img decoding=\"async\" src=\"http:\/\/4.bp.blogspot.com\/-1uoHvEOEWME\/TzAzBYPYtFI\/AAAAAAAAAtQ\/oe2-TCFxxZA\/s1600\/rhode.jpg\" alt=\"http:\/\/4.bp.blogspot.com\/-1uoHvEOEWME\/TzAzBYPYtFI\/AAAAAAAAAtQ\/oe2-TCFxxZA\/s1600\/rhode.jpg\" \/><\/p>\n<p style=\"text-align: justify;\">\n<p style=\"text-align: justify;\">\u00a0\u00a0\u00a0\u00a0\u00a0\u00a0\u00a0\u00a0\u00a0\u00a0\u00a0\u00a0\u00a0\u00a0\u00a0\u00a0\u00a0\u00a0\u00a0\u00a0\u00a0\u00a0\u00a0\u00a0\u00a0\u00a0\u00a0\u00a0\u00a0\u00a0\u00a0\u00a0 cr\u00e1neo de kabwe<\/p>\n<p style=\"text-align: justify;\">Los hallazgos paleoantropol\u00f3gicos ratifican el origen \u00fanico y africano de nuestra especie.\u00a0 Se han encontrado en diversa regiones de \u00c1frica algunos f\u00f3siles, de caracter\u00edsticas humanas modernas, con una antig\u00fcedad de entre tres cientos mil y cien mil a\u00f1os; estos incluyen: el cr\u00e1neo de kabwe (en Zambia), de 1.285 c.c.; el f\u00f3sil KNM-ER-3834 del lago Turkan, en Kenia, de casi litro y medio; los f\u00f3siles encontrados en los yacimientos de Border Cave y Klassies River Mouth, de \u00c1frica del sur; y los esqueletos y cr\u00e1neos encontrados en los enterramientos de la Cueva de Qafzeh y del abrigo de Skhul, ambos en Israel y datados en unos cien mil a\u00f1os.<\/p>\n<p><!--more--><\/p>\n<p style=\"text-align: justify;\"><img decoding=\"async\" src=\"http:\/\/web.educastur.princast.es\/proyectos\/grupotecne\/archivos\/investiga\/112cromagnon.jpg\" alt=\"http:\/\/web.educastur.princast.es\/proyectos\/grupotecne\/archivos\/investiga\/112cromagnon.jpg\" \/><\/p>\n<p style=\"text-align: justify;\">\n<p style=\"text-align: justify;\">\n<p style=\"text-align: justify;\">En 1.968 se descubrieron en Dordo\u00f1a el cr\u00e1neo y el esqueleto de uno de nuestros antepasados, al que se denomin\u00f3 Hombre de Cro-Magnon.\u00a0 Hoy sabemos que hace unos cuarenta mil a\u00f1os aparecieron en Europa unos inmigrantes de origen africano, que eran los primeros representantes de la especie Homo sapiens sapiens que alcanzaban estos territorios.\u00a0 Llegaron con unas armas terribles e innovadoras, conoc\u00edan el modo de dominar el fuego y pose\u00edan una compleja organizaci\u00f3n social; y por lo que se refiere a las otras especies de hom\u00ednidos que habitaban por aquel entonces Europa, concretamente los Homo neandertales, al parecer, los eliminaron por completo.<\/p>\n<p style=\"text-align: justify;\">Los croma\u00f1ones pose\u00edan las caracter\u00edsticas de los pobladores de las regiones pr\u00f3ximas al ecuador: poco macizos, muy altos y de brazos y piernas largas; sus huesos eran muy livianos por aumento del canal medular, dentro de la di\u00e1fisis.\u00a0 Los huesos que formaban las paredes del cr\u00e1neo eran m\u00e1s finos, que los de sus predecesores.\u00a0 Hab\u00edan sufrido una reducci\u00f3n de la masa muscular.\u00a0 El desarrollo de armas que pod\u00edan matar a distancia con eficacia y sin requerir gran esfuerzo, como los propulsores, las hondas y, m\u00e1s tarde, el arco y las flechas, hicieron innecesarias una excesiva robustez.\u00a0 En general, eran muy parecidos a nosotros y, hasta tal punto es as\u00ed que, si cogi\u00e9ramos a uno de estos individuos, lo llev\u00e1ramos a la peluquer\u00eda, le pusi\u00e9ramos un buen traje, y lo sac\u00e1ramos de paseo, se confundir\u00eda con el resto de la gente sin llamar a atenci\u00f3n.<\/p>\n<p style=\"text-align: justify;\">Llegado a este punto, no merece la pena relatar aqu\u00ed las costumbres y forma de vida de esas poblaciones que, en tantos y tantos escritos hemos podido leer y conocemos perfectamente.\u00a0 El objeto de todo esto era esbozar un perfil de lo que fuimos, de manera que dejemos ante nosotros la evoluci\u00f3n que hemos sufrido hasta llegar aqu\u00ed, y, a partir de ahora, pensar en la evoluci\u00f3n que nos queda hasta convertirnos en los seres del futuro que, seguramente, regir\u00e1n en el Universo.<\/p>\n<p style=\"text-align: justify;\">\n<p style=\"text-align: justify;\">\n<p style=\"text-align: justify;\"><img decoding=\"async\" src=\"http:\/\/desmotivaciones.es\/demots\/201107\/diversidadvert.jpg\" alt=\"http:\/\/desmotivaciones.es\/demots\/201107\/diversidadvert.jpg\" \/><\/p>\n<p style=\"text-align: justify;\">\n<p style=\"text-align: justify;\">En todo esto que estamos tratando, tenemos que luchar con dos problemas enormes:<\/p>\n<ol style=\"text-align: justify;\">\n<li>Nuestra ignorancia<\/li>\n<li>La existencia o no existencia de Dios<\/li>\n<\/ol>\n<p>&nbsp;<\/p>\n<p style=\"text-align: justify;\">Est\u00e1 claro que, el punt uno, se va resolviendo poco a poco, a medida que transcurren los siglos y amos avanzando en los conocimientos del mundo y del Universo que nos acoge.\u00a0 Tambi\u00e9n, algo m\u00e1s despacio, conocemos de nosotros mismos, de las sensaciones que percibimos y de las fuerzas internas que nos empujan a ciertos comportamientos, no pocas veces inexplicables.\u00a0 \u00bf C\u00f3mo podr\u00edamos explicar el comportamiento de un enamorado ?\u00a0 Para bien o para mal, los sentimientos son las que nos mueven.<\/p>\n<p style=\"text-align: justify;\">Richard Dawkins, bi\u00f3logo y evolucionista brit\u00e1nico ha publicado un libro que ha titulado Es espejismo de Dios, en el que pretende demostrar cient\u00edficamente que el Sumo Creador es una pura ficci\u00f3n de la mente Humana y, refuta de manera sistem\u00e1tica los argumentos teol\u00f3gicos cl\u00e1sicos de San Anselmo, San Agust\u00edn, y Santo Tom\u00e1s, exponiendo en contra la tesis m\u00e1s sencilla y coherente para explicar el surgir de alas en los p\u00e1jaros, aletas en los peces y la misma vista, dejando las creencias religiosas o viejos sentimientos y creencias tribales nacidas desde la ignorancia y el miedo a lo desconocido.<\/p>\n<p style=\"text-align: justify;\">\n<p style=\"text-align: justify;\">\n<p style=\"text-align: justify;\"><img decoding=\"async\" loading=\"lazy\" src=\"http:\/\/upload.wikimedia.org\/wikipedia\/commons\/thumb\/a\/a0\/Richard_Dawkins_Cooper_Union_Shankbone.jpg\/250px-Richard_Dawkins_Cooper_Union_Shankbone.jpg\" alt=\"Richard Dawkins Cooper Union Shankbone.jpg\" width=\"250\" height=\"313\" \/><\/p>\n<p style=\"text-align: justify;\">\u00a0\u00a0\u00a0\u00a0\u00a0\u00a0\u00a0\u00a0\u00a0\u00a0\u00a0\u00a0\u00a0\u00a0\u00a0\u00a0 Richard Dawkins<\/p>\n<p style=\"text-align: justify;\">\u00a1Pobre Sr.Dawkins! no sabe en el l\u00edo que se ha metido.<\/p>\n<p style=\"text-align: justify;\">\n<p style=\"text-align: justify;\">Cient\u00edficamente considerado, la presencia de un Dios invisible que todo lo puede y creador del Universo: Es dura.\u00a0 Sin embargo\u2026. \u00bfQu\u00e9 podemos saber nosotros? Mejor ser\u00eda dejar la respuesta en el aire, ni afirmar, ni negar.\u00a0 El tema es muy delicado.<\/p>\n<p style=\"text-align: justify;\">Mucho he reflexionado sobre el tema y para m\u00ed, s\u00f3lo para m\u00ed, tengo una respuesta.<\/p>\n<p style=\"text-align: justify;\">Pero el que es pr\u00e1ctico, como Pascal, por ejemplo: plante\u00f3 el mismo dilema en t\u00e9rminos de apuesta y concluy\u00f3 que era menos arriesgado confiar en Dios que en su inexistencia porque el ser Humano no tiene nada que perder si hay un ente superior.<\/p>\n<p style=\"text-align: justify;\">Es una manera como otra cualquiera de ver las cosas, he le\u00eddo tantas versiones sobre la existencia de Dios que ya nada me sorprende.\u00a0 Algunos contin\u00faan buscando las pruebas y sigo desde lejos las noticias que se publican a tal respecto, claro que, la noci\u00f3n de Dios, como cualquier otro material ps\u00edquico, tal vez pueda probarse alg\u00fan d\u00eda que est\u00e1 muy cerca, posiblemente contenida en nuestra herencia gen\u00e9tica, es decir, que podr\u00eda tratarse de un producto m\u00e1s de nuestra mente pensante que obtiene recursos sin l\u00edmites para cada ocasi\u00f3n, sacando tan prodigiosos hallazgos que vienen a dar una esperanza divina a una Humanidad atormentada y sin horizonte de futuro.<\/p>\n<p style=\"text-align: justify;\">\n<p style=\"text-align: justify;\">\n<p style=\"text-align: justify;\"><img decoding=\"async\" src=\"http:\/\/www.conocereisdeverdad.org\/pic\/5675_5_475808f6787fa.jpg\" alt=\"\" \/><\/p>\n<p style=\"text-align: justify;\">\n<p style=\"text-align: justify;\">\n<p style=\"text-align: justify;\">Hace a\u00f1os le\u00ed un libro, el autor se llamaba Dean Hamer, que hace tiempo crey\u00f3 descubrir un gen que llam\u00f3 VMATZ, que ser\u00eda la sede cerebral de la espiritualidad y, en consecuencia, el responsable de las ideas humans de una deidad absoluta necesaria para el mantenimiento de la via <a href=\"#\" onclick=\"referencia('psi',event); return false;\">psi<\/a>quica, e incluso, para la conservaci\u00f3n de la especie a trav\u00e9s de este esp\u00edritu superior que nos hace amar a nuestros hijos que son la prueba suprema de la existencia de Dios.<\/p>\n<p style=\"text-align: justify;\">Desde el comienzo mismo de este trabajo, en el que, se habla de cosmolog\u00eda,\u00a0 y, se pasa r\u00e1pidamente al universo de los sentidos y de la conciencia, hemos realizado un amplio recorrido por lo sensorial, y, hemos retrocedido, para hacer un esbozo del largo camino recorrido por los humanos, hasta llegar al nivel de entendimiento que hoy posee.<\/p>\n<p style=\"text-align: justify;\">Hemos especulado con lo que entendemos por conciencia y lo que significa el SER, la privacidad de pensamientos individuales y la unidad y coherencia de la experiencia consciente en cada individuo, la enorme riqueza y variedad que la infinita complejidad del cerebro humano concede a cada individuo para ver de manera particular y \u00fanica cualquier cuesti\u00f3n planteada, de manera tal que, cada respuesta a la pregunta planteada, pueda resultar original y<\/p>\n<p style=\"text-align: justify;\">\n<p style=\"text-align: justify;\">\n<p style=\"text-align: justify;\">distinta a los dem\u00e1s.<\/p>\n<div><a href=\"http:\/\/www.google.es\/imgres?q=El+cerebro&amp;um=1&amp;hl=es&amp;sa=N&amp;biw=1280&amp;bih=557&amp;tbm=isch&amp;imgrefurl=http:\/\/www.microcaos.net\/salud\/el-cerebro-y-sus-partes\/&amp;tbnid=t6heyt911iHhNM&amp;docid=WQV2x54Q2EtomM&amp;ved=0CEgQhRYoAA&amp;ei=q8lKULTHKKe90QXS6YDgBg\"><img decoding=\"async\" loading=\"lazy\" src=\"http:\/\/t2.gstatic.com\/images?q=tbn:ANd9GcSZSsLLJ2L9FurZbEhPkHAqPYkFB2M6B6jlTLxNyQq-UNeOVvBA\" alt=\"\" width=\"270\" height=\"186\" \/><\/a><a href=\"http:\/\/www.google.es\/imgres?q=El+cerebro&amp;um=1&amp;hl=es&amp;sa=N&amp;biw=1280&amp;bih=557&amp;tbm=isch&amp;imgrefurl=http:\/\/biologiafotosdibujosimagenes.blogspot.com\/2011\/02\/dibujos-del-cerebro-humano-y-sus-partes.html&amp;tbnid=bsFNV-nBEkzZGM&amp;docid=LEJrgqvoIQvMIM&amp;ved=0CEkQhRYoAQ&amp;ei=q8lKULTHKKe90QXS6YDgBg\"><img decoding=\"async\" loading=\"lazy\" src=\"http:\/\/t1.gstatic.com\/images?q=tbn:ANd9GcTQcH2VqFRLtT2lO1L3ht-OLG7BaDdm3CSSOy_mvkStjpEWBbF0\" alt=\"\" width=\"303\" height=\"186\" \/><\/a><a href=\"http:\/\/www.google.es\/imgres?q=El+cerebro&amp;um=1&amp;hl=es&amp;sa=N&amp;biw=1280&amp;bih=557&amp;tbm=isch&amp;imgrefurl=http:\/\/www.microcaos.net\/salud\/el-cerebro-y-sus-partes\/&amp;tbnid=tncLGLp50ybVMM&amp;docid=WQV2x54Q2EtomM&amp;ved=0CEoQhRYoAg&amp;ei=q8lKULTHKKe90QXS6YDgBg\"><img decoding=\"async\" loading=\"lazy\" src=\"http:\/\/t3.gstatic.com\/images?q=tbn:ANd9GcTd1vO6rfTJdsRWoCA50mhYSWeOmtFq3uWn3KLpS4vAEjHwdLy2\" alt=\"\" width=\"234\" height=\"186\" \/><\/a><\/div>\n<p style=\"text-align: justify;\">Nuestro cerebro es mucho m\u00e1s que una fr\u00eda computadora, y puede dar respuestas a problemas no previstos, repentizando soluciones adecuadas a las necesidades.\u00a0 El poder de los sensores naturales que posee el cerebro humano, es enorme y su capacidad impensable.\u00a0 Las experiencias conscientes de nuestra especie, est\u00e1n profundamente adoptadas por los genes y las neuronas \u201crecuerdan\u201d cuando reciclan los datos en los procesos del pensamiento.\u00a0 Es la evoluci\u00f3n.<\/p>\n<p style=\"text-align: justify;\">Nuestro cerebro ha evolucionado y aprendido a trav\u00e9s de las experiencias vividas por sus portadores y transmitidos por los sentidos.\u00a0 El entorno, la naturaleza, la forma de vida, los alimentos, las distintas sociedades, los elementos clim\u00e1ticos, los peligros\u2026, todo ello, ha contribuido a que nuestras mentes avancen.<\/p>\n<p style=\"text-align: justify;\">Hay un plano superior de la mente que sobrepasa lo estrictamente material, es un nivel m\u00e1s alto, inmaterial, que se sale del cuerpo, que no est\u00e1 limitado por las condiciones f\u00edsicas, que est\u00e1 en otro Universo que vemos s\u00f3lo en nuestras mentes y que no es posible tocar.\u00a0 All\u00ed residen los pensamientos, se forjan los sentimientos, conviven las ideas y nace lo mejor, y, lamentablemente, lo peor de nosotros.<\/p>\n<p style=\"text-align: right;\"><em>emilio silvera<\/em><\/p>\n<div class='bookmark'>\r\n\t\t<table align='left' border='0' cellpadding='0' width='100%'>\r\n\t\t<tr><td><span class='pushbutton'><a href='http:\/\/delicious.com\/post?url=http%3A%2F%2Fwww.emiliosilveravazquez.com%2Fblog%2F2013%2F06%2F15%2F%25c2%25a1la-humanidad%2F&amp;title=%C2%A1La+Humanidad%21+%28Un+fragmento+del+trabajo%29' title='Delicious' target='_blank' rel='nofollow'><img src='http:\/\/www.emiliosilveravazquez.com\/blog\/wp-content\/plugins\/knxdt-bookmarks-wordpress-plugin\/images\/delicious.png'  alt='' class='book_img' border='none' style='margin:1px; padding: 0;'  \/><\/a><\/span><span class='pushbutton'><a href='http:\/\/digg.com\/submit?url=http%3A%2F%2Fwww.emiliosilveravazquez.com%2Fblog%2F2013%2F06%2F15%2F%25c2%25a1la-humanidad%2F&amp;title=%C2%A1La+Humanidad%21+%28Un+fragmento+del+trabajo%29' title='Digg' target='_blank' rel='nofollow'><img src='http:\/\/www.emiliosilveravazquez.com\/blog\/wp-content\/plugins\/knxdt-bookmarks-wordpress-plugin\/images\/digg.png'  alt='' class='book_img' border='none' style='margin:1px; padding: 0;'  \/><\/a><\/span><span class='pushbutton'><a href='http:\/\/www.google.com\/bookmarks\/mark?op=edit&amp;bkmk=http%3A%2F%2Fwww.emiliosilveravazquez.com%2Fblog%2F2013%2F06%2F15%2F%25c2%25a1la-humanidad%2F&amp;title=%C2%A1La+Humanidad%21+%28Un+fragmento+del+trabajo%29' title='Google' target='_blank' rel='nofollow'><img src='http:\/\/www.emiliosilveravazquez.com\/blog\/wp-content\/plugins\/knxdt-bookmarks-wordpress-plugin\/images\/google.png'   alt='' class='book_img' border='none' style='margin:1px; padding: 0;'  \/><\/a><\/span><span class='pushbutton'><a href='http:\/\/myweb2.search.yahoo.com\/myresults\/bookmarklet?u=http%3A%2F%2Fwww.emiliosilveravazquez.com%2Fblog%2F2013%2F06%2F15%2F%25c2%25a1la-humanidad%2F&amp;t=%C2%A1La+Humanidad%21+%28Un+fragmento+del+trabajo%29' title='Yahoo' target='_blank' rel='nofollow'><img src='http:\/\/www.emiliosilveravazquez.com\/blog\/wp-content\/plugins\/knxdt-bookmarks-wordpress-plugin\/images\/yahoo.png'  alt='' class='book_img' border='none' style='margin:1px; padding: 0;'  \/><\/a><\/span><span class='pushbutton'><a href='http:\/\/www.technorati.com\/faves?add=http%3A%2F%2Fwww.emiliosilveravazquez.com%2Fblog%2F2013%2F06%2F15%2F%25c2%25a1la-humanidad%2F' title='Technorati' target='_blank' rel='nofollow'><img src='http:\/\/www.emiliosilveravazquez.com\/blog\/wp-content\/plugins\/knxdt-bookmarks-wordpress-plugin\/images\/technorati.png'  alt='' class='book_img' border='none' style='margin:1px; padding: 0;'  \/><\/a><\/span><span class='pushbutton'><a href='http:\/\/meneame.net\/submit.php?url=http%3A%2F%2Fwww.emiliosilveravazquez.com%2Fblog%2F2013%2F06%2F15%2F%25c2%25a1la-humanidad%2F' title='Meneame' target='_blank' rel='nofollow'><img src='http:\/\/www.emiliosilveravazquez.com\/blog\/wp-content\/plugins\/knxdt-bookmarks-wordpress-plugin\/images\/meneame.png'  alt='' class='book_img' border='none' style='margin:1px; padding: 0;'  \/><\/a><\/span><span class='pushbutton'><a href='http:\/\/enchilame.com\/submit.php?url=http:\/\/www.emiliosilveravazquez.com\/blog\/2013\/06\/15\/%c2%a1la-humanidad\/' target='_blank' rel='nofollow'><img title='Enchilame' src='http:\/\/www.emiliosilveravazquez.com\/blog\/wp-content\/plugins\/knxdt-bookmarks-wordpress-plugin\/images\/enchilame.png'  alt='' class='book_img' border='none' style='margin:1px; padding: 0;'  \/><\/a><\/span><span class='pushbutton'><a href='http:\/\/www.blinklist.com\/index.php?Action=Blink\/addblink.php&amp;Description=&amp;Url=http%3A%2F%2Fwww.emiliosilveravazquez.com%2Fblog%2F2013%2F06%2F15%2F%25c2%25a1la-humanidad%2F&amp;title=%C2%A1La+Humanidad%21+%28Un+fragmento+del+trabajo%29' title='BlinkList' target='_blank' rel='nofollow'><img src='http:\/\/www.emiliosilveravazquez.com\/blog\/wp-content\/plugins\/knxdt-bookmarks-wordpress-plugin\/images\/blinklist.png'  alt='' class='book_img' border='none' style='margin:1px; padding: 0;'  \/><\/a><\/span><span class='pushbutton'><a href='http:\/\/reddit.com\/submit?url=http%3A%2F%2Fwww.emiliosilveravazquez.com%2Fblog%2F2013%2F06%2F15%2F%25c2%25a1la-humanidad%2F&amp;title=%C2%A1La+Humanidad%21+%28Un+fragmento+del+trabajo%29' title='Reddit' target='_blank' rel='nofollow'><img src='http:\/\/www.emiliosilveravazquez.com\/blog\/wp-content\/plugins\/knxdt-bookmarks-wordpress-plugin\/images\/reddit.png'  alt='' class='book_img' border='none' style='margin:1px; padding: 0;'  \/><\/a><\/span><span class='pushbutton'><a href='http:\/\/www.tecnologiadiaria.com\/2009\/07\/abrir-com-hotmail-correo.html' target='_blank' title='hotmail'><img src='http:\/\/www.emiliosilveravazquez.com\/blog\/wp-content\/plugins\/knxdt-bookmarks-wordpress-plugin\/images\/linklove.png' alt='hotmail correo' class='book_img' border='none' style='margin:1px; padding: 0;' \/><\/a><\/span><span class='pushbutton'><a href='http:\/\/bitacoras.com\/votar\/anotacion\/externo\/mini\/www.emiliosilveravazquez.com\/blog\/2013\/06\/15\/%c2%a1la-humanidad\/' title='Bitacoras.com' target='_blank' rel='nofollow'><img src='http:\/\/www.emiliosilveravazquez.com\/blog\/wp-content\/plugins\/knxdt-bookmarks-wordpress-plugin\/images\/bitacoras.png'  alt='' class='book_img' border='none' style='margin:1px; padding: 0;'  \/><\/a><\/span><span class='pushbutton'><a href='http:\/\/www.wikio.es\/vote?url=http%3A%2F%2Fwww.emiliosilveravazquez.com%2Fblog%2F2013%2F06%2F15%2F%25c2%25a1la-humanidad%2F' title='Wikio' target='_blank' rel='nofollow'><img src='http:\/\/www.emiliosilveravazquez.com\/blog\/wp-content\/plugins\/knxdt-bookmarks-wordpress-plugin\/images\/wikio.png'   alt='' class='book_img' border='none' style='margin:1px; padding: 0;'   \/><\/a><\/span><span class='pushbutton'><a href='http:\/\/friendfeed.com\/?url=http%3A%2F%2Fwww.emiliosilveravazquez.com%2Fblog%2F2013%2F06%2F15%2F%25c2%25a1la-humanidad%2F&amp;title=%C2%A1La+Humanidad%21+%28Un+fragmento+del+trabajo%29' title='Friend Feed' target='_blank' rel='nofollow'><img src='http:\/\/www.emiliosilveravazquez.com\/blog\/wp-content\/plugins\/knxdt-bookmarks-wordpress-plugin\/images\/friendfeed.png'  alt='' class='book_img' border='none' style='margin:1px; padding: 0;'  \/><\/a><\/span><span class='pushbutton'><a href='http:\/\/www.facebook.com\/share.php?u=http%3A%2F%2Fwww.emiliosilveravazquez.com%2Fblog%2F2013%2F06%2F15%2F%25c2%25a1la-humanidad%2F&amp;t=%C2%A1La+Humanidad%21+%28Un+fragmento+del+trabajo%29' title='Facebook' target='_blank' rel='nofollow'><img src='http:\/\/www.emiliosilveravazquez.com\/blog\/wp-content\/plugins\/knxdt-bookmarks-wordpress-plugin\/images\/facebook.png'  alt='' class='book_img' border='none' style='margin:1px; padding: 0;'  \/><\/a><\/span><span class='pushbutton'><a href='http:\/\/twitter.com\/home?status=%C2%A1La+Humanidad%21+%28Un+fragmento+del+trabajo%29: http%3A%2F%2Fwww.emiliosilveravazquez.com%2Fblog%2F2013%2F06%2F15%2F%25c2%25a1la-humanidad%2F' title='Twitter' target='_blank' rel='nofollow'><img src='http:\/\/www.emiliosilveravazquez.com\/blog\/wp-content\/plugins\/knxdt-bookmarks-wordpress-plugin\/images\/twitter.png'  alt='' class='book_img' border='none' style='margin:1px; padding: 0;'  \/><\/a><\/span><span class='pushbutton'><a href='http:\/\/www.feedburner.com\/fb\/a\/emailFlare?itemTitle=%C2%A1La+Humanidad%21+%28Un+fragmento+del+trabajo%29&amp;uri=http%3A%2F%2Fwww.emiliosilveravazquez.com%2Fblog%2F2013%2F06%2F15%2F%25c2%25a1la-humanidad%2F' title='Enviar por Email' target='_blank' rel='nofollow'><img src='http:\/\/www.emiliosilveravazquez.com\/blog\/wp-content\/plugins\/knxdt-bookmarks-wordpress-plugin\/images\/email.png'  alt='' class='book_img' border='none' style='margin:1px; padding: 0;'  \/><\/a><\/span><span style='font-weight:bold; padding-left: 5px;'><a href='http:\/\/wordpress.org\/extend\/plugins\/knxdt-bookmarks-wordpress-plugin\/' title='Plugin' rel='nofollow' target='_blank'>[?]<\/a><\/span><\/td><\/tr><\/table><br\/><br\/><\/div>","protected":false},"excerpt":{"rendered":"<p>Nuestra especie es muy homog\u00e9nea en sus caracter\u00edsticas: somos muy similares a pesar de lo que pudiera parecer a causa de las diferencias del color en la piel o en los rasgos faciales de las diferentes poblaciones.\u00a0 Tanto los datos de la gen\u00e9tica homo los de la paleantropolog\u00eda muestran que los seres humanos, como especie, [&hellip;]<\/p>\n","protected":false},"author":2,"featured_media":0,"comment_status":"open","ping_status":"open","sticky":false,"template":"","format":"standard","meta":{"_s2mail":"yes","footnotes":""},"categories":[10],"tags":[],"_links":{"self":[{"href":"http:\/\/www.emiliosilveravazquez.com\/blog\/wp-json\/wp\/v2\/posts\/4484"}],"collection":[{"href":"http:\/\/www.emiliosilveravazquez.com\/blog\/wp-json\/wp\/v2\/posts"}],"about":[{"href":"http:\/\/www.emiliosilveravazquez.com\/blog\/wp-json\/wp\/v2\/types\/post"}],"author":[{"embeddable":true,"href":"http:\/\/www.emiliosilveravazquez.com\/blog\/wp-json\/wp\/v2\/users\/2"}],"replies":[{"embeddable":true,"href":"http:\/\/www.emiliosilveravazquez.com\/blog\/wp-json\/wp\/v2\/comments?post=4484"}],"version-history":[{"count":0,"href":"http:\/\/www.emiliosilveravazquez.com\/blog\/wp-json\/wp\/v2\/posts\/4484\/revisions"}],"wp:attachment":[{"href":"http:\/\/www.emiliosilveravazquez.com\/blog\/wp-json\/wp\/v2\/media?parent=4484"}],"wp:term":[{"taxonomy":"category","embeddable":true,"href":"http:\/\/www.emiliosilveravazquez.com\/blog\/wp-json\/wp\/v2\/categories?post=4484"},{"taxonomy":"post_tag","embeddable":true,"href":"http:\/\/www.emiliosilveravazquez.com\/blog\/wp-json\/wp\/v2\/tags?post=4484"}],"curies":[{"name":"wp","href":"https:\/\/api.w.org\/{rel}","templated":true}]}}