{"id":4465,"date":"2013-08-26T02:05:46","date_gmt":"2013-08-26T01:05:46","guid":{"rendered":"http:\/\/www.emiliosilveravazquez.com\/blog\/?p=4465"},"modified":"2013-08-26T02:11:11","modified_gmt":"2013-08-26T01:11:11","slug":"%c2%a1la-fisica-si-es-la-cuantica-mas-compleja","status":"publish","type":"post","link":"http:\/\/www.emiliosilveravazquez.com\/blog\/2013\/08\/26\/%c2%a1la-fisica-si-es-la-cuantica-mas-compleja\/","title":{"rendered":"\u00a1La F\u00edsica! compleja realidad del mundo"},"content":{"rendered":"<p style=\"text-align: justify;\">\u00a0Un d\u00eda de 1.900, se public\u00f3 un art\u00edculo de ocho p\u00e1ginas que sentaron las bases de la Mec\u00e1nica Cu\u00e1ntica. Su autor, Max Planck, cambi\u00f3 conceptos cl\u00e1sicos para traernos una nueva visi\u00f3n del universo infinitesimal (10<sup>-35<\/sup> m.)a una distancia conocida como l\u00edmite de Planck,\u00a0 m\u00e1s all\u00e1 de donde los Quarks est\u00e1n confinados en tripletes formando <a href=\"#\" onclick=\"referencia('proton',event); return false;\">protones<\/a> y <a href=\"#\" onclick=\"referencia('neutron',event); return false;\">neutrones<\/a> y la <a href=\"#\" onclick=\"referencia('fuerza nuclear fuerte',event); return false;\">fuerza nuclear fuerte<\/a> tiene su dominio y se deja sentir a trav\u00e9s de los <a href=\"#\" onclick=\"referencia('bosones',event); return false;\">bosones<\/a> portadores, los Gluones.<\/p>\n<p style=\"text-align: justify;\">\n<p style=\"text-align: justify;\">\n<p style=\"text-align: justify;\">\n<p style=\"text-align: center;\"><img decoding=\"async\" loading=\"lazy\" class=\"aligncenter\" src=\"http:\/\/particleadventure.org\/spanish\/images\/scales.gif\" alt=\"\" width=\"434\" height=\"301\" \/><\/p>\n<p style=\"text-align: center;\">\n<p style=\"text-align: center;\">\n<p style=\"text-align: justify;\">Planck, nos habl\u00f3 del &#8220;cuanto&#8221; de acci\u00f3n h, y nos dijo que la energ\u00eda se transmite en paquetes de manera discontinua. Aquello, asombr\u00f3 al mundo y el mismo Planck fue consciente de que, sus creencias sobre la F\u00edsica, a partir de ese momento, ser\u00edan otras.<\/p>\n<p style=\"text-align: justify;\">Inspirado en el trabajo de Planck, Albert <a href=\"#\" onclick=\"referencia('einstein',event); return false;\">Einstein<\/a> desarrollo un trabajo sobre el &#8220;Efecto Fotoel\u00e9ctrico &#8221; &#8211; que le vali\u00f3 el Nobel de F\u00edsica de 1.921 &#8211; y, contribuy\u00f3 de manera activa al desarrollo de la Mec\u00e1nica Cu\u00e1ntica que, m\u00e1s tarde, combati\u00f3.<\/p>\n<p style=\"text-align: justify;\">\n<p style=\"text-align: justify;\">\n<p style=\"text-align: center;\"><img decoding=\"async\" loading=\"lazy\" class=\"aligncenter\" src=\"http:\/\/francisthemulenews.files.wordpress.com\/2010\/09\/dibujo20100921_cms_2010_more_than_110_particles_in_proton_proton_collisions.jpg\" alt=\"\" width=\"647\" height=\"523\" \/><\/p>\n<p>\u00a0\u00a0\u00a0\u00a0\u00a0\u00a0\u00a0\u00a0\u00a0\u00a0\u00a0\u00a0\u00a0\u00a0\u00a0\u00a0\u00a0\u00a0\u00a0\u00a0\u00a0\u00a0\u00a0\u00a0\u00a0\u00a0\u00a0\u00a0\u00a0\u00a0\u00a0\u00a0\u00a0\u00a0\u00a0\u00a0\u00a0\u00a0\u00a0\u00a0\u00a0\u00a0 Hoy los grandes aceleradores como el LHC y el Fermilab, llegan hasta las entra\u00f1as de la materia<\/p>\n<p>&nbsp;<\/p>\n<p style=\"text-align: justify;\">Llegaron nuevos F\u00edsicos como Werner Heisenberg, Schr\u00f6dinger, Dirac, Feynman y otros que, desarrollaron lo que hoy conocemos como Mec\u00e1nica Cu\u00e1ntica. Heisenberg con su Principio de Incertidumbre nos demostr\u00f3 que no pod\u00edamos saberlo todo al mismo tiempo. Si queremos conocer la situaci\u00f3n de un <a href=\"#\" onclick=\"referencia('electron',event); return false;\">electr\u00f3n<\/a> y para ello utilizamos un microscopio electr\u00f3nico, el mismo hecho de su utilizaci\u00f3n transformar\u00e1 el medio observado, ya que, los <a href=\"#\" onclick=\"referencia('foton',event); return false;\">fotones<\/a> enviados por el microscopio cambiar\u00e1n la direcci\u00f3n de dicho <a href=\"#\" onclick=\"referencia('electron',event); return false;\">electr\u00f3n<\/a>. De esta manera, podemos saber d\u00f3nde est\u00e1, pero no sabremos a donde se dirige.<!--more--><\/p>\n<p style=\"text-align: center;\"><a href=\"http:\/\/www.emiliosilveravazquez.com\/blog\/wp-content\/uploads\/2008\/09\/funcion-de-onda-universo.jpg\" target=\"_blank\"><img decoding=\"async\" loading=\"lazy\" class=\"marco aligncenter\" src=\"http:\/\/www.emiliosilveravazquez.com\/blog\/wp-content\/uploads\/2008\/09\/funcion-de-onda-universo.jpg\" alt=\"\" width=\"600\" height=\"280\" \/><\/a><\/p>\n<p style=\"text-align: center;\">\n<p style=\"text-align: center;\">\n<p style=\"text-align: justify;\">Schr\u00f6dinger, con su funci\u00f3n de onda, nos dio una buena herramienta para buscar la part\u00edcula mediante un sistema de alta probabilidad de su situaci\u00f3n. La Mec\u00e1nica Cu\u00e1ntica ha alcanzado unas cotas incre\u00edbles de consistencia y experimentalmente, es una de las teor\u00edas m\u00e1s acreditadas. Sin embargo, mi parecer es que siendo una herramienta muy \u00fatil para los F\u00edsicos, no es la definitiva, en un futuro pr\u00f3ximo tendremos muchas sorpresas de la mano del LHC que en el pr\u00f3ximo a\u00f1o nos dar\u00e1 alguna alegr\u00eda importante para el mundo de la F\u00edsica.<\/p>\n<p style=\"text-align: justify;\">El otro gran pilar en el que se apoya la F\u00edsica, se llama Relatividad Especial. Todos sab\u00e9is lo que fue para la F\u00edsica el a\u00f1o 1.905. Esa primera parte de la teor\u00eda relativista de <a href=\"#\" onclick=\"referencia('einstein',event); return false;\">Einstein<\/a>, nos leg\u00f3 conocimientos muy importantes, tales como que un objeto viajando a velocidades cercanas a la de la luz aumenta su masa o que el hipot\u00e9tico viajero de una nave espacial que viaje a \u00e9sas velocidades relativistas, habr\u00e1 conseguido ralentizar su tiempo. El tiempo pasa m\u00e1s lento cuando la velocidad es grande. Y, el otro logro importante que fue resumido en la ecuaci\u00f3n m\u00e1s famosa de la historia de la F\u00edsica, fue el hecho de descubrir que la masa y la energ\u00eda son dos aspectos de la misma cosa. E=mc2 \u00a1cu\u00e1nta belleza y profundidad expresado en tan poco espacio!<\/p>\n<p style=\"text-align: justify;\">\n<p style=\"text-align: justify;\">\n<p style=\"text-align: center;\"><img decoding=\"async\" loading=\"lazy\" class=\"aligncenter\" src=\"http:\/\/farm1.static.flickr.com\/188\/409008842_3497c1805e.jpg\" alt=\"\" width=\"500\" height=\"375\" \/><\/p>\n<p style=\"text-align: center;\">\n<p>\u00a0\u00a0\u00a0\u00a0\u00a0\u00a0\u00a0\u00a0\u00a0\u00a0\u00a0\u00a0\u00a0\u00a0\u00a0\u00a0\u00a0\u00a0\u00a0\u00a0\u00a0\u00a0\u00a0\u00a0\u00a0\u00a0\u00a0\u00a0\u00a0\u00a0\u00a0\u00a0\u00a0\u00a0\u00a0\u00a0\u00a0\u00a0\u00a0\u00a0\u00a0\u00a0\u00a0\u00a0 \u00a0 \u00a0 \u00a0 \u00a0 \u00a0 \u00a0 \u00a0 \u00a0\u00a0 \u00a0\u00a0\u00a0 Incluso a velocidades relativistas tardar\u00edamos muchos en desplazarnos por estos lugares.<\/p>\n<p>&nbsp;<\/p>\n<p style=\"text-align: justify;\">La Humanidad ha conseguido logros incre\u00edbles en el campo de la F\u00edsica, siempre acompa\u00f1ada de las matem\u00e1ticas, han llegado a dejar al descubierto cuestiones misteriosas y muy bien escondidas en lo m\u00e1s profundo de la materia y de las fuerzas fundamentales que interaccionan con ella.<\/p>\n<p style=\"text-align: justify;\">Ahora nos podemos plantear preguntas que nadie sabe contestar e incluso algunas que no sabemos ni plantear, nos faltan conocimientos para hacer tales preguntas. Sin embargo, en el futuro, las respuestas llegar\u00e1n. \u00bfC\u00f3mo podr\u00eda haber preguntado Pit\u00e1goras por el significado de\u00a0 m=E\/c2 (E=mc2), si <a href=\"#\" onclick=\"referencia('einstein',event); return false;\">Einstein<\/a> naci\u00f3 m\u00e1s de 2.000 a\u00f1os m\u00e1s tarde?<\/p>\n<p style=\"text-align: justify;\">De la misma manera estamos hoy haciendo preguntas o formulando teor\u00edas que no pueden ser contestadas o comprobadas. La energ\u00eda de Planck (10 con exponente 19 GeV) nos vendr\u00eda muy bien para poder comprobar la <a href=\"#\" onclick=\"referencia('supercuerdas teoria',event); return false;\">teor\u00eda M<\/a> que ha unificado todas las teor\u00edas existentes sobre la teor\u00eda de cuerdas. Sin embargo, nuestra civilizaci\u00f3n actual no tiene la posibilidad de alcanzar dicha energ\u00eda y habr\u00e1 que esperar mucho tiempo para que eso sea posible.<\/p>\n<p style=\"text-align: justify;\">\n<p style=\"text-align: justify;\">\n<p style=\"text-align: justify;\">\n<p style=\"text-align: center;\"><a href=\"http:\/\/www.partecipiamo.it\/astronomia\/immagini\/The_Antennae_Galaxies_in_Collision.jpg\" target=\"_blank\"><img decoding=\"async\" loading=\"lazy\" class=\"marco aligncenter\" src=\"http:\/\/www.partecipiamo.it\/astronomia\/immagini\/The_Antennae_Galaxies_in_Collision.jpg\" alt=\"\" width=\"640\" height=\"640\" \/><\/a><\/p>\n<p style=\"text-align: justify;\">\u00a0\u00a0\u00a0\u00a0\u00a0\u00a0\u00a0\u00a0\u00a0\u00a0\u00a0\u00a0\u00a0\u00a0\u00a0\u00a0\u00a0\u00a0\u00a0\u00a0\u00a0\u00a0\u00a0\u00a0\u00a0\u00a0\u00a0\u00a0\u00a0\u00a0\u00a0\u00a0\u00a0\u00a0\u00a0\u00a0\u00a0\u00a0\u00a0\u00a0\u00a0\u00a0 \u00a0 \u00a0 \u00a0 \u00a0 \u00a0 \u00a0 \u00a0 \u00a0 \u00a0\u00a0\u00a0\u00a0\u00a0\u00a0 Todav\u00eda observamos sucesos y vemos objetos en el Universo que no sabemos explicar<\/p>\n<p style=\"text-align: justify;\">\n<p style=\"text-align: justify;\">No podemos dejar por ello de continuar de trabajar en ese campo de las cuerdas, es prometedor e ilusionante, all\u00ed, en las m\u00e1s altas dimensiones, parece que es posible hermanar a la Mec\u00e1nica Cu\u00e1ntica y a la Relatividad General. Esta teor\u00eda nos promete por fin una teor\u00eda cu\u00e1ntica de la gravedad.<\/p>\n<p style=\"text-align: justify;\">Puede parecer ciencia ficci\u00f3n hablar y exponer hechos y conceptos que no pueden ser demostrados, sin embargo, <a href=\"#\" onclick=\"referencia('einstein',event); return false;\">Einstein<\/a> esper\u00f3 largos a\u00f1os con su teor\u00eda de la Relatividad General bien asentada en su cabeza, sin poder exponerla al mundo por no tener las matem\u00e1ticas necesarias para ello, y, cuando su amigo Marcel Grossman, al que hab\u00eda pedido ayuda, le envi\u00f3 algunos documentos entre los que se encontraba la famosa Conferencia de Riemann, <a href=\"#\" onclick=\"referencia('einstein',event); return false;\">Einstein<\/a> qued\u00f3 paralizado ante el Tensor M\u00e9trico de Riemann, all\u00ed ten\u00eda la herramienta que estaba buscando y que le permit\u00eda formular de manera precisa los espacios curvados de la <a href=\"#\" onclick=\"referencia('relatividad',event); return false;\">relatividad<\/a> general.<\/p>\n<p style=\"text-align: justify;\">\n<p style=\"text-align: justify;\">\n<p style=\"text-align: center;\"><img decoding=\"async\" loading=\"lazy\" class=\"aligncenter\" src=\"http:\/\/www.blogodisea.com\/wp-content\/uploads\/2010\/02\/relatividad-general-espacio.jpg\" alt=\"\" width=\"500\" height=\"375\" \/><\/p>\n<p style=\"text-align: center;\">\n<p>\u00a0\u00a0\u00a0\u00a0\u00a0\u00a0\u00a0\u00a0\u00a0\u00a0\u00a0\u00a0\u00a0\u00a0\u00a0\u00a0\u00a0\u00a0\u00a0\u00a0\u00a0\u00a0\u00a0\u00a0\u00a0\u00a0\u00a0\u00a0\u00a0\u00a0\u00a0\u00a0\u00a0\u00a0\u00a0\u00a0\u00a0\u00a0\u00a0\u00a0\u00a0\u00a0\u00a0 \u00a0 \u00a0 \u00a0 \u00a0 \u00a0 \u00a0 \u00a0 \u00a0 \u00a0 Medidas muy precisas nos hablan de la curvatura del espacio en presencia de grandes masas<\/p>\n<p>&nbsp;<\/p>\n<p style=\"text-align: justify;\">De la misma manera, un d\u00eda, alguien surgir\u00e1 y nos traer\u00e1 las matem\u00e1ticas necesarias para que, la <a href=\"#\" onclick=\"referencia('supercuerdas teoria',event); return false;\">teor\u00eda M<\/a> se pueda exponer de manera clara y completa. \u00bfSer\u00e1n las funciones modulares de Ramanujan las que nos sacar\u00e1 del atolladero? Todos sab\u00e9is que las matem\u00e1ticas topol\u00f3gicas de la Teor\u00eda M, son extremadamente dif\u00edciles, pocos tienen acceso a ellas, y, de momento, parece que nadie est\u00e1 en posesi\u00f3n de los conocimientos matem\u00e1ticos que se precisan\u00a0 \u00bfQue dice Perelman al respecto?<\/p>\n<p style=\"text-align: justify;\">Tendremos que esperar un poco.<\/p>\n<p style=\"text-align: justify;\">Como nuestra curiosidad es inagotable, nos empuja a preguntar, trabajar, estudiar, investigar y profundizar en todas estas cuestiones que atrae a todos aquellos que, como yo, enamorados de la F\u00edsica, saben que, alg\u00fan d\u00eda lejano en el futuro, nuestra Civilizaci\u00f3n alcanzar\u00e1 el nivel requerido para poder abrir esas puertas que ahora tenemos cerradas y de las que no tenemos las llaves para poder abrirlas. Encima de estas puertas, los letreros dicen: Teor\u00eda M, Materia Oscura, Densidad Cr\u00edtica, Universos paralelos, Viajes en el Tiempo, Singularidades, etc.<\/p>\n<p style=\"text-align: justify;\">Me gustar\u00eda estar presente cuando pasados algunos siglos, nuestra especie tenga como fuente de energ\u00eda inagotable la que generan los Agujeros Negros. Esa energ\u00eda nos dar\u00e1 la posibilidad de viajar a las estrellas y de llegar al fondo de la <a href=\"#\" onclick=\"referencia('supercuerdas teoria',event); return false;\">teor\u00eda M<\/a>.<\/p>\n<p style=\"text-align: justify;\">Pero no corramos tanto. Pensemos en cuestiones m\u00e1s cercanas y con posibilidades, como la localizaci\u00f3n del Bos\u00f3n de <a href=\"#\" onclick=\"referencia('higgs',event); return false;\">Higgs<\/a>. Pero, \u00bfQue es el campo de <a href=\"#\" onclick=\"referencia('higgs',event); return false;\">Higgs<\/a>? \u00bfY, el Bos\u00f3n de <a href=\"#\" onclick=\"referencia('higgs',event); return false;\">Higgs<\/a>? \u00bfSer\u00e1 verdad que todo el espacio est\u00e1 inmerso en una especie de \u00e9ter, llevar\u00edan raz\u00f3n los antiguos?<\/p>\n<p style=\"text-align: justify;\">Estamos preguntando por el campo de fuerzas y energ\u00edas donde se generan las part\u00edculas llamadas <a href=\"#\" onclick=\"referencia('bosones',event); return false;\">bosones<\/a> de <a href=\"#\" onclick=\"referencia('higgs',event); return false;\">Higgs<\/a> que, hipot\u00e9ticamente proporciona masa a todas las dem\u00e1s part\u00edculas y se encuentran en este campo virtual o de vac\u00edo querecientemente nos dicen que han podido encontrar&#8230; \u00a1Con alg\u00fan interrogante no despejado a\u00fan!<\/p>\n<p style=\"text-align: justify;\">\n<p style=\"text-align: justify;\">\n<p style=\"text-align: center;\"><img decoding=\"async\" loading=\"lazy\" class=\"aligncenter\" src=\"http:\/\/gallery.nikhef.nl\/albums\/cubes\/LHC_event.sized.png\" alt=\"\" width=\"640\" height=\"635\" \/><\/p>\n<p style=\"text-align: justify;\">\n<p style=\"text-align: justify;\">\u00a0\u00a0\u00a0\u00a0\u00a0\u00a0\u00a0\u00a0\u00a0\u00a0\u00a0\u00a0\u00a0\u00a0\u00a0\u00a0\u00a0\u00a0\u00a0\u00a0\u00a0\u00a0 En esas m\u00e1quinas poderosas tratamos de recrear la creaci\u00f3n. Pero no debemos olvidar que, todo lo grande est\u00e1 hecho de cosas peque\u00f1as.<\/p>\n<p style=\"text-align: justify;\">\n<p style=\"text-align: justify;\">As\u00ed es. Al menos hasta donde sabemos, los planetas, las estrellas y Galaxias y dem\u00e1s objetos estelares (nosotros tambi\u00e9n), est\u00e1n hechos de infinitesimales objetos: Quarks y Leptones. Todo lo que podemos ver en el Universo est\u00e1 hecho de materia bari\u00f3nica, existe otra clase de materia que a\u00fan no sabemos lo que es, d\u00f3nde est\u00e1 o como se genera y de qu\u00e9 est\u00e1 hecha (esa que nuestra ignorancia denomina Materia Oscura).<\/p>\n<p style=\"text-align: justify;\">\n<p style=\"text-align: justify;\">\n<p style=\"text-align: center;\"><img decoding=\"async\" loading=\"lazy\" class=\"aligncenter\" src=\"http:\/\/loyolauniversity.adam.com\/graphics\/images\/es\/1074.jpg\" alt=\"\" width=\"400\" height=\"320\" \/><\/p>\n<p>\u00a0\u00a0\u00a0\u00a0\u00a0\u00a0\u00a0\u00a0\u00a0\u00a0\u00a0\u00a0\u00a0\u00a0\u00a0\u00a0\u00a0\u00a0\u00a0\u00a0\u00a0\u00a0\u00a0\u00a0\u00a0\u00a0\u00a0\u00a0\u00a0\u00a0\u00a0\u00a0\u00a0\u00a0\u00a0\u00a0\u00a0\u00a0\u00a0\u00a0\u00a0\u00a0\u00a0\u00a0\u00a0\u00a0\u00a0\u00a0\u00a0\u00a0\u00a0\u00a0\u00a0\u00a0\u00a0\u00a0\u00a0\u00a0\u00a0\u00a0\u00a0\u00a0\u00a0\u00a0\u00a0\u00a0\u00a0\u00a0\u00a0\u00a0\u00a0\u00a0\u00a0\u00a0\u00a0\u00a0\u00a0\u00a0 Hasta donde podremos llegar con&#8230;<\/p>\n<p>&nbsp;<\/p>\n<p style=\"text-align: justify;\">\u00a0\u00a0\u00a0\u00a0\u00a0\u00a0\u00a0\u00a0\u00a0\u00a0\u00a0\u00a0\u00a0\u00a0\u00a0\u00a0\u00a0\u00a0\u00a0\u00a0\u00a0\u00a0\u00a0 \u00a1Nuestra imaginaci\u00f3n! algo que solo puede ser comparada con la grandiosidad del Universo que es&#8230; \u00a1casi tan grande como ella!<\/p>\n<p style=\"text-align: justify;\">\n<ul>\n<li style=\"text-align: justify;\">La Mec\u00e1nica Cu\u00e1ntica.<\/li>\n<li style=\"text-align: justify;\">La Relatividad Especial y la Relatividad General.<\/li>\n<li style=\"text-align: justify;\">El Modelo Est\u00e1ndar.<\/li>\n<li style=\"text-align: justify;\">Las fuerzas Fundamentales.<\/li>\n<li style=\"text-align: justify;\">Las Constantes Universales.<\/li>\n<li style=\"text-align: justify;\">Las familias de part\u00edculas: Quarks (u, d, s, c, t, b), Hadr\u00f3nes (<a href=\"#\" onclick=\"referencia('barion',event); return false;\">bariones<\/a> y <a href=\"#\" onclick=\"referencia('mesones',event); return false;\">mesones<\/a>), los\u00a0 Leptones (<a href=\"#\" onclick=\"referencia('electron',event); return false;\">electr\u00f3n<\/a>, <a href=\"#\" onclick=\"referencia('muon',event); return false;\">mu\u00f3n<\/a>, <a href=\"#\" onclick=\"referencia('particula tau',event); return false;\">tau<\/a> y sus respectivos <a href=\"#\" onclick=\"referencia('neutrinos',event); return false;\">neutrinos<\/a>).<\/li>\n<li style=\"text-align: justify;\">La Teor\u00eda M y antes la de Supersimetr\u00eda, Supergravedead, la de cuerdas, la cuerda heter\u00f3tica.<\/li>\n<\/ul>\n<p>&nbsp;<\/p>\n<p style=\"text-align: justify;\">En su d\u00eda la teor\u00eda de <a href=\"#\" onclick=\"referencia('kaluza klein',event); return false;\">Kaluza-Klein<\/a> (la primera de m\u00e1s altas dimensiones), a\u00f1adiendo una nueva dimensi\u00f3n (de cuatro a cinco) a la teor\u00eda de <a href=\"#\" onclick=\"referencia('einstein',event); return false;\">Einstein<\/a>, logr\u00f3 unificar la Relatividad de Eintein con el electromagnetismo de Maxwell. M\u00e1s tarde llegaron esas otras teor\u00edas de Supersimetr\u00eda, Supergravedad, La Cuerdad Heter\u00f3tica, las Supercuerdas y la Teor\u00eda M&#8230; \u00bfD\u00f3nde acabaremos? De momento, ninguna de ellas ha sido verificada y se dice que son teor\u00edas del futuro, que no existen energ\u00edas suficientes en nuestro planeta para poder verificarlas.<\/p>\n<p style=\"text-align: justify;\">\n<p style=\"text-align: justify;\">\n<p style=\"text-align: center;\"><a href=\"http:\/\/1.bp.blogspot.com\/_wdt8oATbwBo\/TUUhnTCYEVI\/AAAAAAAABbY\/TPoABe0Cxx4\/s1600\/neurona%255B1%255D.jpg\" target=\"_blank\"><img decoding=\"async\" loading=\"lazy\" class=\"marco aligncenter\" src=\"http:\/\/1.bp.blogspot.com\/_wdt8oATbwBo\/TUUhnTCYEVI\/AAAAAAAABbY\/TPoABe0Cxx4\/s1600\/neurona%255B1%255D.jpg\" alt=\"\" width=\"600\" height=\"400\" \/><\/a><\/p>\n<p style=\"text-align: center;\">\n<p style=\"text-align: justify;\">Este es el &#8220;universo&#8221; que todos llevamos con nosotros. A trav\u00e9s de \u00e9l, podemos generar ideas, clasificar todos los datos que nos env\u00edan los sentidos, y, con todas esas sensaciones e informaci\u00f3n, conformamos nuestro mundo que, no necesariamente tiene que coincidir con el mundo que realmente nos rodea, nuestras propias carencias (actuales) podr\u00edan limitar nuestra concepci\u00f3n de la realidad. Claro que, todo lo que antes decimos denota que, gran parte de esa realidad del mundo, s\u00ed ha sido percibida por nuestro cerebro.<\/p>\n<p style=\"text-align: justify;\">Y, de esta manera podr\u00edamos continuar exponiendo ejemplos enormes de la imaginaci\u00f3n que poseemos y que es el don que la humanidad tiene para descubrir los misterios del Universo. <a href=\"#\" onclick=\"referencia('einstein',event); return false;\">Einstein<\/a> llamaba a esto hacer ejercicios mentales. Est\u00e1 bien que nuestras mentes no tengan barreras a la hora de imaginar. Creo que, a excepci\u00f3n de las imposibilidades y barreras impuestas por nuestro f\u00edsico, todo lo dem\u00e1s, con el tiempo podr\u00e1 ser posible.<\/p>\n<p style=\"text-align: justify;\">Alguien dijo que Genio es aquel que es capaz de <a href=\"#\" onclick=\"referencia('plasma',event); return false;\">plasma<\/a>r en realidad sus pensamientos. Pues, amigos, en la F\u00edsica han sido muchos los genios que han aportado su imaginaci\u00f3n.<\/p>\n<p style=\"text-align: justify;\">La pregunta que hay que responder aqu\u00ed es lo que se entiende por F\u00edsica. Por mi parte, F\u00edsica es todo lo que aqu\u00ed he dejado escrito y much\u00edsimo m\u00e1s. Creo firmemente que la F\u00edsica es el arma m\u00e1s poderosa con la que cuenta la Humanidad para resolver todos los problemas que tiene planteados a plazo fijo en el futuro&#8230; \u00a1M\u00e1s o menos lejano!<\/p>\n<p style=\"text-align: justify;\">\n<p style=\"text-align: justify;\">\n<p style=\"text-align: center;\"><img decoding=\"async\" loading=\"lazy\" class=\"aligncenter\" src=\"http:\/\/4.bp.blogspot.com\/-RRw5owOLXfA\/TZepSNI28cI\/AAAAAAAAADU\/T_xLrrWSimA\/s1600\/imagen.jpg\" alt=\"\" width=\"500\" height=\"500\" \/><\/p>\n<p style=\"text-align: center;\">\n<p style=\"text-align: center;\">Un largo recorrido y, nos queda mucho m\u00e1s por recorrer<\/p>\n<p style=\"text-align: center;\">\n<p style=\"text-align: justify;\">\u00bfHab\u00e9is pensado alguna vez que el Sol tiene una cantidad de combustible nuclear &#8211; hidr\u00f3geno &#8211; limitado? El d\u00eda que se acabe, dentro de 4.000 millones de a\u00f1os \u00bfd\u00f3nde iremos? Espero que hayamos sido lo suficientemente l\u00f3gicos como para no haber puesto, nosotros mismos, los medios que nos destruir\u00edan: Robots m\u00e1s adelantados que los humanos, armas nucleares, etc.<\/p>\n<p style=\"text-align: justify;\">\n<p style=\"text-align: justify;\">\n<p style=\"text-align: center;\"><a href=\"http:\/\/www.esacademic.com\/pictures\/eswiki\/78\/NGC6543.jpg\" target=\"_blank\"><img decoding=\"async\" loading=\"lazy\" class=\"marco aligncenter\" src=\"http:\/\/www.esacademic.com\/pictures\/eswiki\/78\/NGC6543.jpg\" alt=\"\" width=\"640\" height=\"699\" \/><\/a><\/p>\n<p style=\"text-align: center;\">\n<p style=\"text-align: justify;\">El puntito blanco del centro, podr\u00eda ser nuestro Sol en un futuro a\u00fan muy lejano (5.000 millones de a\u00f1os), se convertir\u00e1 en una <a href=\"#\" onclick=\"referencia('enana blanca',event); return false;\">enana blanca<\/a> y formar\u00e1 una hermosa Nebulosa Planetaria. Para cuando eso suceda, posiblemente ya no estaremos aqu\u00ed. Claro que, \u00bfc\u00f3mo podemos entender ese &#8220;no estaremos aqu\u00ed&#8221;? Habr\u00e1 desaparecido nuestra especie? \u00bfHabremos sido capaces de llegar hasta all\u00ed en el tiempo y, si es as\u00ed, estaremos habitando otros mundos?<\/p>\n<p style=\"text-align: justify;\">La pregunta parece tonta, sin embargo, no lo es. No debemos descansar en el avance del saber cient\u00edfico de la F\u00edsica y las matem\u00e1ticas (adem\u00e1s de en los otros campos), ya que, en ese no parar estar\u00e1 la soluci\u00f3n a todos nuestros problemas presentes y futuros, y, la llave que abrir\u00e1 la puerta principal, se llama F\u00edsica (siempre acompa\u00f1ada por la llave maestra de las matem\u00e1ticas).<\/p>\n<p style=\"text-align: right;\"><em>emilio silvera<\/em><\/p>\n<div class='bookmark'>\r\n\t\t<table align='left' border='0' cellpadding='0' width='100%'>\r\n\t\t<tr><td><span class='pushbutton'><a href='http:\/\/delicious.com\/post?url=http%3A%2F%2Fwww.emiliosilveravazquez.com%2Fblog%2F2013%2F08%2F26%2F%25c2%25a1la-fisica-si-es-la-cuantica-mas-compleja%2F&amp;title=%C2%A1La+F%C3%ADsica%21+compleja+realidad+del+mundo' title='Delicious' target='_blank' rel='nofollow'><img src='http:\/\/www.emiliosilveravazquez.com\/blog\/wp-content\/plugins\/knxdt-bookmarks-wordpress-plugin\/images\/delicious.png'  alt='' class='book_img' border='none' style='margin:1px; padding: 0;'  \/><\/a><\/span><span class='pushbutton'><a href='http:\/\/digg.com\/submit?url=http%3A%2F%2Fwww.emiliosilveravazquez.com%2Fblog%2F2013%2F08%2F26%2F%25c2%25a1la-fisica-si-es-la-cuantica-mas-compleja%2F&amp;title=%C2%A1La+F%C3%ADsica%21+compleja+realidad+del+mundo' title='Digg' target='_blank' rel='nofollow'><img src='http:\/\/www.emiliosilveravazquez.com\/blog\/wp-content\/plugins\/knxdt-bookmarks-wordpress-plugin\/images\/digg.png'  alt='' class='book_img' border='none' style='margin:1px; padding: 0;'  \/><\/a><\/span><span class='pushbutton'><a href='http:\/\/www.google.com\/bookmarks\/mark?op=edit&amp;bkmk=http%3A%2F%2Fwww.emiliosilveravazquez.com%2Fblog%2F2013%2F08%2F26%2F%25c2%25a1la-fisica-si-es-la-cuantica-mas-compleja%2F&amp;title=%C2%A1La+F%C3%ADsica%21+compleja+realidad+del+mundo' title='Google' target='_blank' rel='nofollow'><img src='http:\/\/www.emiliosilveravazquez.com\/blog\/wp-content\/plugins\/knxdt-bookmarks-wordpress-plugin\/images\/google.png'   alt='' class='book_img' border='none' style='margin:1px; padding: 0;'  \/><\/a><\/span><span class='pushbutton'><a href='http:\/\/myweb2.search.yahoo.com\/myresults\/bookmarklet?u=http%3A%2F%2Fwww.emiliosilveravazquez.com%2Fblog%2F2013%2F08%2F26%2F%25c2%25a1la-fisica-si-es-la-cuantica-mas-compleja%2F&amp;t=%C2%A1La+F%C3%ADsica%21+compleja+realidad+del+mundo' title='Yahoo' target='_blank' rel='nofollow'><img src='http:\/\/www.emiliosilveravazquez.com\/blog\/wp-content\/plugins\/knxdt-bookmarks-wordpress-plugin\/images\/yahoo.png'  alt='' class='book_img' border='none' style='margin:1px; padding: 0;'  \/><\/a><\/span><span class='pushbutton'><a href='http:\/\/www.technorati.com\/faves?add=http%3A%2F%2Fwww.emiliosilveravazquez.com%2Fblog%2F2013%2F08%2F26%2F%25c2%25a1la-fisica-si-es-la-cuantica-mas-compleja%2F' title='Technorati' target='_blank' rel='nofollow'><img src='http:\/\/www.emiliosilveravazquez.com\/blog\/wp-content\/plugins\/knxdt-bookmarks-wordpress-plugin\/images\/technorati.png'  alt='' class='book_img' border='none' style='margin:1px; padding: 0;'  \/><\/a><\/span><span class='pushbutton'><a href='http:\/\/meneame.net\/submit.php?url=http%3A%2F%2Fwww.emiliosilveravazquez.com%2Fblog%2F2013%2F08%2F26%2F%25c2%25a1la-fisica-si-es-la-cuantica-mas-compleja%2F' title='Meneame' target='_blank' rel='nofollow'><img src='http:\/\/www.emiliosilveravazquez.com\/blog\/wp-content\/plugins\/knxdt-bookmarks-wordpress-plugin\/images\/meneame.png'  alt='' class='book_img' border='none' style='margin:1px; padding: 0;'  \/><\/a><\/span><span class='pushbutton'><a href='http:\/\/enchilame.com\/submit.php?url=http:\/\/www.emiliosilveravazquez.com\/blog\/2013\/08\/26\/%c2%a1la-fisica-si-es-la-cuantica-mas-compleja\/' target='_blank' rel='nofollow'><img title='Enchilame' src='http:\/\/www.emiliosilveravazquez.com\/blog\/wp-content\/plugins\/knxdt-bookmarks-wordpress-plugin\/images\/enchilame.png'  alt='' class='book_img' border='none' style='margin:1px; padding: 0;'  \/><\/a><\/span><span class='pushbutton'><a href='http:\/\/www.blinklist.com\/index.php?Action=Blink\/addblink.php&amp;Description=&amp;Url=http%3A%2F%2Fwww.emiliosilveravazquez.com%2Fblog%2F2013%2F08%2F26%2F%25c2%25a1la-fisica-si-es-la-cuantica-mas-compleja%2F&amp;title=%C2%A1La+F%C3%ADsica%21+compleja+realidad+del+mundo' title='BlinkList' target='_blank' rel='nofollow'><img src='http:\/\/www.emiliosilveravazquez.com\/blog\/wp-content\/plugins\/knxdt-bookmarks-wordpress-plugin\/images\/blinklist.png'  alt='' class='book_img' border='none' style='margin:1px; padding: 0;'  \/><\/a><\/span><span class='pushbutton'><a href='http:\/\/reddit.com\/submit?url=http%3A%2F%2Fwww.emiliosilveravazquez.com%2Fblog%2F2013%2F08%2F26%2F%25c2%25a1la-fisica-si-es-la-cuantica-mas-compleja%2F&amp;title=%C2%A1La+F%C3%ADsica%21+compleja+realidad+del+mundo' title='Reddit' target='_blank' rel='nofollow'><img src='http:\/\/www.emiliosilveravazquez.com\/blog\/wp-content\/plugins\/knxdt-bookmarks-wordpress-plugin\/images\/reddit.png'  alt='' class='book_img' border='none' style='margin:1px; padding: 0;'  \/><\/a><\/span><span class='pushbutton'><a href='http:\/\/www.tecnologiadiaria.com\/2009\/07\/abrir-com-hotmail-correo.html' target='_blank' title='hotmail'><img src='http:\/\/www.emiliosilveravazquez.com\/blog\/wp-content\/plugins\/knxdt-bookmarks-wordpress-plugin\/images\/linklove.png' alt='hotmail correo' class='book_img' border='none' style='margin:1px; padding: 0;' \/><\/a><\/span><span class='pushbutton'><a href='http:\/\/bitacoras.com\/votar\/anotacion\/externo\/mini\/www.emiliosilveravazquez.com\/blog\/2013\/08\/26\/%c2%a1la-fisica-si-es-la-cuantica-mas-compleja\/' title='Bitacoras.com' target='_blank' rel='nofollow'><img src='http:\/\/www.emiliosilveravazquez.com\/blog\/wp-content\/plugins\/knxdt-bookmarks-wordpress-plugin\/images\/bitacoras.png'  alt='' class='book_img' border='none' style='margin:1px; padding: 0;'  \/><\/a><\/span><span class='pushbutton'><a href='http:\/\/www.wikio.es\/vote?url=http%3A%2F%2Fwww.emiliosilveravazquez.com%2Fblog%2F2013%2F08%2F26%2F%25c2%25a1la-fisica-si-es-la-cuantica-mas-compleja%2F' title='Wikio' target='_blank' rel='nofollow'><img src='http:\/\/www.emiliosilveravazquez.com\/blog\/wp-content\/plugins\/knxdt-bookmarks-wordpress-plugin\/images\/wikio.png'   alt='' class='book_img' border='none' style='margin:1px; padding: 0;'   \/><\/a><\/span><span class='pushbutton'><a href='http:\/\/friendfeed.com\/?url=http%3A%2F%2Fwww.emiliosilveravazquez.com%2Fblog%2F2013%2F08%2F26%2F%25c2%25a1la-fisica-si-es-la-cuantica-mas-compleja%2F&amp;title=%C2%A1La+F%C3%ADsica%21+compleja+realidad+del+mundo' title='Friend Feed' target='_blank' rel='nofollow'><img src='http:\/\/www.emiliosilveravazquez.com\/blog\/wp-content\/plugins\/knxdt-bookmarks-wordpress-plugin\/images\/friendfeed.png'  alt='' class='book_img' border='none' style='margin:1px; padding: 0;'  \/><\/a><\/span><span class='pushbutton'><a href='http:\/\/www.facebook.com\/share.php?u=http%3A%2F%2Fwww.emiliosilveravazquez.com%2Fblog%2F2013%2F08%2F26%2F%25c2%25a1la-fisica-si-es-la-cuantica-mas-compleja%2F&amp;t=%C2%A1La+F%C3%ADsica%21+compleja+realidad+del+mundo' title='Facebook' target='_blank' rel='nofollow'><img src='http:\/\/www.emiliosilveravazquez.com\/blog\/wp-content\/plugins\/knxdt-bookmarks-wordpress-plugin\/images\/facebook.png'  alt='' class='book_img' border='none' style='margin:1px; padding: 0;'  \/><\/a><\/span><span class='pushbutton'><a href='http:\/\/twitter.com\/home?status=%C2%A1La+F%C3%ADsica%21+compleja+realidad+del+mundo: http%3A%2F%2Fwww.emiliosilveravazquez.com%2Fblog%2F2013%2F08%2F26%2F%25c2%25a1la-fisica-si-es-la-cuantica-mas-compleja%2F' title='Twitter' target='_blank' rel='nofollow'><img src='http:\/\/www.emiliosilveravazquez.com\/blog\/wp-content\/plugins\/knxdt-bookmarks-wordpress-plugin\/images\/twitter.png'  alt='' class='book_img' border='none' style='margin:1px; padding: 0;'  \/><\/a><\/span><span class='pushbutton'><a href='http:\/\/www.feedburner.com\/fb\/a\/emailFlare?itemTitle=%C2%A1La+F%C3%ADsica%21+compleja+realidad+del+mundo&amp;uri=http%3A%2F%2Fwww.emiliosilveravazquez.com%2Fblog%2F2013%2F08%2F26%2F%25c2%25a1la-fisica-si-es-la-cuantica-mas-compleja%2F' title='Enviar por Email' target='_blank' rel='nofollow'><img src='http:\/\/www.emiliosilveravazquez.com\/blog\/wp-content\/plugins\/knxdt-bookmarks-wordpress-plugin\/images\/email.png'  alt='' class='book_img' border='none' style='margin:1px; padding: 0;'  \/><\/a><\/span><span style='font-weight:bold; padding-left: 5px;'><a href='http:\/\/wordpress.org\/extend\/plugins\/knxdt-bookmarks-wordpress-plugin\/' title='Plugin' rel='nofollow' target='_blank'>[?]<\/a><\/span><\/td><\/tr><\/table><br\/><br\/><\/div>","protected":false},"excerpt":{"rendered":"<p>\u00a0Un d\u00eda de 1.900, se public\u00f3 un art\u00edculo de ocho p\u00e1ginas que sentaron las bases de la Mec\u00e1nica Cu\u00e1ntica. Su autor, Max Planck, cambi\u00f3 conceptos cl\u00e1sicos para traernos una nueva visi\u00f3n del universo infinitesimal (10-35 m.)a una distancia conocida como l\u00edmite de Planck,\u00a0 m\u00e1s all\u00e1 de donde los Quarks est\u00e1n confinados en tripletes formando protones [&hellip;]<\/p>\n","protected":false},"author":2,"featured_media":0,"comment_status":"open","ping_status":"open","sticky":false,"template":"","format":"standard","meta":{"_s2mail":"yes","footnotes":""},"categories":[7],"tags":[],"_links":{"self":[{"href":"http:\/\/www.emiliosilveravazquez.com\/blog\/wp-json\/wp\/v2\/posts\/4465"}],"collection":[{"href":"http:\/\/www.emiliosilveravazquez.com\/blog\/wp-json\/wp\/v2\/posts"}],"about":[{"href":"http:\/\/www.emiliosilveravazquez.com\/blog\/wp-json\/wp\/v2\/types\/post"}],"author":[{"embeddable":true,"href":"http:\/\/www.emiliosilveravazquez.com\/blog\/wp-json\/wp\/v2\/users\/2"}],"replies":[{"embeddable":true,"href":"http:\/\/www.emiliosilveravazquez.com\/blog\/wp-json\/wp\/v2\/comments?post=4465"}],"version-history":[{"count":0,"href":"http:\/\/www.emiliosilveravazquez.com\/blog\/wp-json\/wp\/v2\/posts\/4465\/revisions"}],"wp:attachment":[{"href":"http:\/\/www.emiliosilveravazquez.com\/blog\/wp-json\/wp\/v2\/media?parent=4465"}],"wp:term":[{"taxonomy":"category","embeddable":true,"href":"http:\/\/www.emiliosilveravazquez.com\/blog\/wp-json\/wp\/v2\/categories?post=4465"},{"taxonomy":"post_tag","embeddable":true,"href":"http:\/\/www.emiliosilveravazquez.com\/blog\/wp-json\/wp\/v2\/tags?post=4465"}],"curies":[{"name":"wp","href":"https:\/\/api.w.org\/{rel}","templated":true}]}}