{"id":4143,"date":"2010-07-29T08:32:59","date_gmt":"2010-07-29T06:32:59","guid":{"rendered":"http:\/\/www.emiliosilveravazquez.com\/blog\/?p=4143"},"modified":"2010-07-29T08:32:59","modified_gmt":"2010-07-29T06:32:59","slug":"aportacion-a-la-ix-edicion-del-carnaval-de-fisica-2","status":"publish","type":"post","link":"http:\/\/www.emiliosilveravazquez.com\/blog\/2010\/07\/29\/aportacion-a-la-ix-edicion-del-carnaval-de-fisica-2\/","title":{"rendered":"Aportacion a la IX edici\u00f3n del Carnaval de F\u00edsica"},"content":{"rendered":"<p style=\"text-align: justify;\">La teor\u00eda  cu\u00e1ntica es un ejemplo de talento que debemos al f\u00edsico alem\u00e1n Max Planck (1.858  \u2013 1.947) que, en el a\u00f1o 1.900 para explicar la emisi\u00f3n de radiaci\u00f3n de cuerpo  negro de cuerpos calientes, dijo que la energ\u00eda se emite en <em>cuantos<\/em>,  cada uno de los cuales tiene una energ\u00eda igual a <em>hv<\/em>, donde <em>h<\/em> es la <a href=\"#\" onclick=\"referencia('planck constante de',event); return false;\">constante de Planck<\/a> (E = hv o \u0127 = h\/2\u03c0) y <em>v<\/em> es la frecuencia de  la radiaci\u00f3n. Esta teor\u00eda condujo a la teor\u00eda moderna de la interacci\u00f3n entre  materia y radiaci\u00f3n conocida como mec\u00e1nica cu\u00e1ntica, que generaliza y reemplaza  a la mec\u00e1nica cl\u00e1sica y a la teor\u00eda electromagn\u00e9tica de Maxwell.\u00a0 En la teor\u00eda  cu\u00e1ntica no relativista se supone que las part\u00edculas no son creadas ni  destruidas, que se mueven despacio con respecto a la velocidad de la luz y que  tienen una masa que no cambia con la velocidad. Estas suposiciones se aplican a  los fen\u00f3menos at\u00f3micos y moleculares y a algunos aspectos de la f\u00edsica nuclear.  La teor\u00eda cu\u00e1ntica relativista se aplica a part\u00edculas que viajan cerca de la  velocidad de la luz, como por ejemplo, el <a href=\"#\" onclick=\"referencia('foton',event); return false;\">fot\u00f3n<\/a>.<\/p>\n<p style=\"text-align: justify;\">Por haberlo  mencionado antes me veo obligado a explicar brevemente el significado de \u201ccuerpo  negro\u201d, que est\u00e1 referido a un cuerpo hipot\u00e9tico que absorbe toda la radiaci\u00f3n  que incide sobre \u00e9l. Tiene, por tanto, una absortancia y una emisividad de 1.  Mientras que un aut\u00e9ntico cuerpo negro es un concepto imaginario, un peque\u00f1o  agujero en la pared de un recinto a temperatura uniforme es la mejor  aproximaci\u00f3n que se puede tener de \u00e9l en la pr\u00e1ctica.<\/p>\n<p style=\"text-align: justify;\">La radiaci\u00f3n de  cuerpo negro es la radiaci\u00f3n electromagn\u00e9tica emitida por un cuerpo negro. Se  extiende sobre todo el rango de longitudes de onda y la distribuci\u00f3n de energ\u00eda  sobre este rango tiene una forma caracter\u00edstica con un m\u00e1ximo en una cierta  longitud de onda, desplaz\u00e1ndose a longitudes de onda m\u00e1s cortas al aumento de  temperaturas (ley de desplazamiento de Wien).<\/p>\n<p style=\"text-align: justify;\">No puedo  continuar adelante sin explicar aqu\u00ed lo que son las part\u00edculas elementales como  \u201cconstituyentes fundamentales\u201d de toda la materia del universo.<\/p>\n<p style=\"text-align: justify;\">Hasta el  descubrimiento del <a href=\"#\" onclick=\"referencia('electron',event); return false;\">electr\u00f3n<\/a> por J. J. Thomson en 1.897, se pensaba que los  \u00e1tomos eran los constituyentes fundamentales de la materia, como hab\u00eda postulado  400 a\u00f1os a. de C. Dem\u00f3crito de Abdera. Pero el hallazgo de Thomson, junto al de  Rutherford del n\u00facleo at\u00f3mico y del <a href=\"#\" onclick=\"referencia('proton',event); return false;\">prot\u00f3n<\/a> en 1.911, hizo evidente que los  \u00e1tomos no eran elementales, en el sentido de que tienen estructura interna. El  descubrimiento de Chadwick del <a href=\"#\" onclick=\"referencia('neutron',event); return false;\">neutr\u00f3n<\/a> en 1.932 complet\u00f3 el modelo at\u00f3mico  basado en el n\u00facleo at\u00f3mico consistente en <a href=\"#\" onclick=\"referencia('proton',event); return false;\">protones<\/a> y <a href=\"#\" onclick=\"referencia('neutron',event); return false;\">neutrones<\/a> rodeados de un  n\u00famero suficiente de <a href=\"#\" onclick=\"referencia('electron',event); return false;\">electrones<\/a> como para equilibrar la carga nuclear. Sin  embargo, no explicaba la gran estabilidad del n\u00facleo, que claramente no pod\u00eda  mantenerse unido por una interacci\u00f3n electromagn\u00e9tica, pues el <a href=\"#\" onclick=\"referencia('neutron',event); return false;\">neutr\u00f3n<\/a> no tiene  carga el\u00e9ctrica.\u00a0 En 1.935, Yukawa sugiri\u00f3 que la fuerza de intercambio que lo  manten\u00eda junto estaba mediada por part\u00edculas de vida corta, llamadas <a href=\"#\" onclick=\"referencia('mesones',event); return false;\">mesones<\/a>,  que saltaban de un <a href=\"#\" onclick=\"referencia('proton',event); return false;\">prot\u00f3n<\/a> a un <a href=\"#\" onclick=\"referencia('neutron',event); return false;\">neutr\u00f3n<\/a> y hacia atr\u00e1s de nuevo. Este concepto dio  lugar al descubrimiento de las interacciones fuertes y de las interacciones  d\u00e9biles, dando un total de cuatro interacciones fundamentales.<\/p>\n<p style=\"text-align: justify;\">Tambi\u00e9n dio  lugar al descubrimiento de unas 200 part\u00edculas \u201celementales\u201d de vida corta,  algunas de las cuales eran claramente m\u00e1s elementales que las otras. En la  clasificaci\u00f3n actual existen dos clases principales de part\u00edculas<\/p>\n<table style=\"text-align: justify;\" border=\"1\" cellspacing=\"0\" cellpadding=\"0\">\n<tbody>\n<tr>\n<td width=\"89\"><strong>Leptones<\/strong>:<strong><\/strong><\/td>\n<td colspan=\"2\" width=\"394\">Electr\u00f3n, <a href=\"#\" onclick=\"referencia('muon',event); return false;\">mu\u00f3n<\/a>, <a href=\"#\" onclick=\"referencia('particula tau',event); return false;\">tau<\/a> y sus <a href=\"#\" onclick=\"referencia('neutrinos',event); return false;\">neutrinos<\/a>, que interaccionan  tanto con las interacciones electromagn\u00e9ticas como con la interacci\u00f3n d\u00e9bil y  que no tienen estructura interna aparente.<\/td>\n<\/tr>\n<tr>\n<td rowspan=\"2\" width=\"89\"><strong>Hadrones:<\/strong><\/td>\n<td width=\"82\"><strong><em>Bariones:<\/em><\/strong><\/td>\n<td width=\"312\">Protones, <a href=\"#\" onclick=\"referencia('neutron',event); return false;\">neutrones<\/a>, <a href=\"#\" onclick=\"referencia('lambda',event); return false;\">lambda<\/a>, signa, <a href=\"#\" onclick=\"referencia('omega',event); return false;\">omega<\/a>.<\/td>\n<\/tr>\n<tr>\n<td width=\"82\"><strong><em>Mesones<\/em><\/strong>:<strong><em><\/em><\/strong><\/td>\n<td width=\"312\">Piones, <a href=\"#\" onclick=\"referencia('kaon',event); return false;\">kaones<\/a>, etc.<\/td>\n<\/tr>\n<\/tbody>\n<\/table>\n<p style=\"text-align: justify;\">que  interaccionan con la interacci\u00f3n fuerte y tienen una estructura interna  compleja.<\/p>\n<p style=\"text-align: justify;\">La estructura  hadr\u00f3nica est\u00e1 basada ahora en el concepto de <a href=\"#\" onclick=\"referencia('quarks',event); return false;\">quarks<\/a> de Murray Gell-Mann,  introducido en 1.964. Este modelo nos dice que los <a href=\"#\" onclick=\"referencia('hadrones',event); return false;\">hadrones<\/a> est\u00e1n divididos en  <em>bariones<\/em> (que se desintegran en <a href=\"#\" onclick=\"referencia('proton',event); return false;\">protones<\/a>) y <em><a href=\"#\" onclick=\"referencia('mesones',event); return false;\">mesones<\/a><\/em>, que se  desintegran en <a href=\"#\" onclick=\"referencia('leptones',event); return false;\">leptones<\/a> y <a href=\"#\" onclick=\"referencia('foton',event); return false;\">fotones<\/a>.<\/p>\n<p style=\"text-align: justify;\">Los <a href=\"#\" onclick=\"referencia('barion',event); return false;\">bariones<\/a>  est\u00e1n formados por tres <a href=\"#\" onclick=\"referencia('quarks',event); return false;\">quarks<\/a> y los <a href=\"#\" onclick=\"referencia('mesones',event); return false;\">mesones<\/a> por dos <a href=\"#\" onclick=\"referencia('quarks',event); return false;\">quarks<\/a> (un <a href=\"#\" onclick=\"referencia('quark',event); return false;\">quark<\/a> y un  antiquark). En la teor\u00eda <a href=\"#\" onclick=\"referencia('quark',event); return false;\">quark<\/a>, por tanto, las \u00fanicas part\u00edculas elementales  realmente, son los <a href=\"#\" onclick=\"referencia('leptones',event); return false;\">leptones<\/a> y los <a href=\"#\" onclick=\"referencia('quarks',event); return false;\">quarks<\/a>. Al contrario que los <a href=\"#\" onclick=\"referencia('electron',event); return false;\">electrones<\/a> y  <a href=\"#\" onclick=\"referencia('proton',event); return false;\">protones<\/a>, que poseen cargas exactamente iguales en valor absoluto pero de signos  opuestos (positiva el <a href=\"#\" onclick=\"referencia('proton',event); return false;\">prot\u00f3n<\/a> y negativa el <a href=\"#\" onclick=\"referencia('electron',event); return false;\">electr\u00f3n<\/a>), los <a href=\"#\" onclick=\"referencia('quark',event); return false;\">quark<\/a> tienen cargas  que son fracciones de la carga electr\u00f3nica (+ 2\/3 \u00f3 -1\/3 de la carga  electr\u00f3nica).<\/p>\n<p style=\"text-align: justify;\">Los <a href=\"#\" onclick=\"referencia('quarks',event); return false;\">quarks<\/a>  aparecen en seis variedades distintas que generalmente se escriben mediante las  letras <em>u<\/em>, <em>d<\/em>, <em>c<\/em>, <em>s<\/em>, <em>t<\/em> y <em>b<\/em> que responden a los nombres de <em>up<\/em>, <em>down<\/em>, <em>charmed<\/em>,  <em>strange<\/em>, <em>top<\/em> y <em>bottom<\/em>.<\/p>\n<p style=\"text-align: justify;\">El <a href=\"#\" onclick=\"referencia('proton',event); return false;\">prot\u00f3n<\/a>,  siendo un <a href=\"#\" onclick=\"referencia('barion',event); return false;\">bari\u00f3n<\/a>, est\u00e1 constituido por tres <a href=\"#\" onclick=\"referencia('quarks',event); return false;\">quarks<\/a>, <em>uud<\/em> (2\/3 + 2\/3 &#8211;  1\/3 = 1) y el <a href=\"#\" onclick=\"referencia('neutron',event); return false;\">neutr\u00f3n<\/a> por <em>udd<\/em> (2\/3 &#8211; 1\/3 -1\/3 = 0), para cada variedad  de <a href=\"#\" onclick=\"referencia('quark',event); return false;\">quark<\/a> existen los equivalentes antiquarks que se denotan\u00a0 , que tienen  valores exactos al <a href=\"#\" onclick=\"referencia('quark',event); return false;\">quark<\/a> pero con signos opuestos en su carga el\u00e9ctrica.<\/p>\n<p style=\"text-align: justify;\">Para evitar  conflictos con el <a href=\"#\" onclick=\"referencia('exclusion principio de',event); return false;\">principio de exclusi\u00f3n<\/a> de Pauli, se han a\u00f1adido conceptos de  carga de color a las seis variedades de <a href=\"#\" onclick=\"referencia('quarks',event); return false;\">quarks<\/a>, cuya explicaci\u00f3n al resultar  compleja obviamos por no ser fundamental en la meta que aqu\u00ed perseguimos.<\/p>\n<p style=\"text-align: justify;\">Las  interacciones fuertes entre <a href=\"#\" onclick=\"referencia('quarks',event); return false;\">quarks<\/a> se pueden entender por el intercambio de ocho  part\u00edculas sin carga y sin masa en reposo, llamadas <a href=\"#\" onclick=\"referencia('gluones',event); return false;\">gluones<\/a> (porque pegan a los  <a href=\"#\" onclick=\"referencia('quarks',event); return false;\">quarks<\/a> juntos). Aunque los <a href=\"#\" onclick=\"referencia('gluones',event); return false;\">gluones<\/a>, como los <a href=\"#\" onclick=\"referencia('foton',event); return false;\">fotones<\/a> que realizan una funci\u00f3n  similar entre los <a href=\"#\" onclick=\"referencia('leptones',event); return false;\">leptones<\/a>, no tienen carga el\u00e9ctrica, s\u00ed que tienen una carga  de color (tambi\u00e9n aqu\u00ed nos paramos para no enredar demasiado y confundir al  lector).<\/p>\n<p style=\"text-align: justify;\">La teor\u00eda <a href=\"#\" onclick=\"referencia('quark',event); return false;\">quark<\/a>  completamente elaborada esta ahora bien establecida por evidencias  experimentales, pero como ni los <a href=\"#\" onclick=\"referencia('quarks',event); return false;\">quarks<\/a> ni los <a href=\"#\" onclick=\"referencia('gluones',event); return false;\">gluones<\/a> han sido identificados  nunca en experimentos, la teor\u00eda no se puede decir que haya sido directamente  verificada. Los <a href=\"#\" onclick=\"referencia('quarks',event); return false;\">quarks<\/a> individuales pueden tener la curiosa propiedad de ser  mucho m\u00e1s masivos que los <a href=\"#\" onclick=\"referencia('hadrones',event); return false;\">hadrones<\/a> que usualmente forman (debido a la enorme  energ\u00eda potencial que tendr\u00edan cuando se separan), y algunos te\u00f3ricos creen que  es, en consecuencia, imposible desde un punto de vista fundamental, que existan  aislados. Sin embargo, algunos experimentales han anunciado resultados  consistentes con la presencia de cargas fraccionarias, que tendr\u00edan los <a href=\"#\" onclick=\"referencia('quarks',event); return false;\">quarks<\/a>  no ligados y en estados libres.<\/p>\n<p style=\"text-align: justify;\">emilio  silvera<\/p>\n<div class='bookmark'>\r\n\t\t<table align='left' border='0' cellpadding='0' width='100%'>\r\n\t\t<tr><td><span class='pushbutton'><a href='http:\/\/delicious.com\/post?url=http%3A%2F%2Fwww.emiliosilveravazquez.com%2Fblog%2F2010%2F07%2F29%2Faportacion-a-la-ix-edicion-del-carnaval-de-fisica-2%2F&amp;title=Aportacion+a+la+IX+edici%C3%B3n+del+Carnaval+de+F%C3%ADsica' title='Delicious' target='_blank' rel='nofollow'><img src='http:\/\/www.emiliosilveravazquez.com\/blog\/wp-content\/plugins\/knxdt-bookmarks-wordpress-plugin\/images\/delicious.png'  alt='' class='book_img' border='none' style='margin:1px; padding: 0;'  \/><\/a><\/span><span class='pushbutton'><a href='http:\/\/digg.com\/submit?url=http%3A%2F%2Fwww.emiliosilveravazquez.com%2Fblog%2F2010%2F07%2F29%2Faportacion-a-la-ix-edicion-del-carnaval-de-fisica-2%2F&amp;title=Aportacion+a+la+IX+edici%C3%B3n+del+Carnaval+de+F%C3%ADsica' title='Digg' target='_blank' rel='nofollow'><img src='http:\/\/www.emiliosilveravazquez.com\/blog\/wp-content\/plugins\/knxdt-bookmarks-wordpress-plugin\/images\/digg.png'  alt='' class='book_img' border='none' style='margin:1px; padding: 0;'  \/><\/a><\/span><span class='pushbutton'><a href='http:\/\/www.google.com\/bookmarks\/mark?op=edit&amp;bkmk=http%3A%2F%2Fwww.emiliosilveravazquez.com%2Fblog%2F2010%2F07%2F29%2Faportacion-a-la-ix-edicion-del-carnaval-de-fisica-2%2F&amp;title=Aportacion+a+la+IX+edici%C3%B3n+del+Carnaval+de+F%C3%ADsica' title='Google' target='_blank' rel='nofollow'><img src='http:\/\/www.emiliosilveravazquez.com\/blog\/wp-content\/plugins\/knxdt-bookmarks-wordpress-plugin\/images\/google.png'   alt='' class='book_img' border='none' style='margin:1px; padding: 0;'  \/><\/a><\/span><span class='pushbutton'><a href='http:\/\/myweb2.search.yahoo.com\/myresults\/bookmarklet?u=http%3A%2F%2Fwww.emiliosilveravazquez.com%2Fblog%2F2010%2F07%2F29%2Faportacion-a-la-ix-edicion-del-carnaval-de-fisica-2%2F&amp;t=Aportacion+a+la+IX+edici%C3%B3n+del+Carnaval+de+F%C3%ADsica' title='Yahoo' target='_blank' rel='nofollow'><img src='http:\/\/www.emiliosilveravazquez.com\/blog\/wp-content\/plugins\/knxdt-bookmarks-wordpress-plugin\/images\/yahoo.png'  alt='' class='book_img' border='none' style='margin:1px; padding: 0;'  \/><\/a><\/span><span class='pushbutton'><a href='http:\/\/www.technorati.com\/faves?add=http%3A%2F%2Fwww.emiliosilveravazquez.com%2Fblog%2F2010%2F07%2F29%2Faportacion-a-la-ix-edicion-del-carnaval-de-fisica-2%2F' title='Technorati' target='_blank' rel='nofollow'><img src='http:\/\/www.emiliosilveravazquez.com\/blog\/wp-content\/plugins\/knxdt-bookmarks-wordpress-plugin\/images\/technorati.png'  alt='' class='book_img' border='none' style='margin:1px; padding: 0;'  \/><\/a><\/span><span class='pushbutton'><a href='http:\/\/meneame.net\/submit.php?url=http%3A%2F%2Fwww.emiliosilveravazquez.com%2Fblog%2F2010%2F07%2F29%2Faportacion-a-la-ix-edicion-del-carnaval-de-fisica-2%2F' title='Meneame' target='_blank' rel='nofollow'><img src='http:\/\/www.emiliosilveravazquez.com\/blog\/wp-content\/plugins\/knxdt-bookmarks-wordpress-plugin\/images\/meneame.png'  alt='' class='book_img' border='none' style='margin:1px; padding: 0;'  \/><\/a><\/span><span class='pushbutton'><a href='http:\/\/enchilame.com\/submit.php?url=http:\/\/www.emiliosilveravazquez.com\/blog\/2010\/07\/29\/aportacion-a-la-ix-edicion-del-carnaval-de-fisica-2\/' target='_blank' rel='nofollow'><img title='Enchilame' src='http:\/\/www.emiliosilveravazquez.com\/blog\/wp-content\/plugins\/knxdt-bookmarks-wordpress-plugin\/images\/enchilame.png'  alt='' class='book_img' border='none' style='margin:1px; padding: 0;'  \/><\/a><\/span><span class='pushbutton'><a href='http:\/\/www.blinklist.com\/index.php?Action=Blink\/addblink.php&amp;Description=&amp;Url=http%3A%2F%2Fwww.emiliosilveravazquez.com%2Fblog%2F2010%2F07%2F29%2Faportacion-a-la-ix-edicion-del-carnaval-de-fisica-2%2F&amp;title=Aportacion+a+la+IX+edici%C3%B3n+del+Carnaval+de+F%C3%ADsica' title='BlinkList' target='_blank' rel='nofollow'><img src='http:\/\/www.emiliosilveravazquez.com\/blog\/wp-content\/plugins\/knxdt-bookmarks-wordpress-plugin\/images\/blinklist.png'  alt='' class='book_img' border='none' style='margin:1px; padding: 0;'  \/><\/a><\/span><span class='pushbutton'><a href='http:\/\/reddit.com\/submit?url=http%3A%2F%2Fwww.emiliosilveravazquez.com%2Fblog%2F2010%2F07%2F29%2Faportacion-a-la-ix-edicion-del-carnaval-de-fisica-2%2F&amp;title=Aportacion+a+la+IX+edici%C3%B3n+del+Carnaval+de+F%C3%ADsica' title='Reddit' target='_blank' rel='nofollow'><img src='http:\/\/www.emiliosilveravazquez.com\/blog\/wp-content\/plugins\/knxdt-bookmarks-wordpress-plugin\/images\/reddit.png'  alt='' class='book_img' border='none' style='margin:1px; padding: 0;'  \/><\/a><\/span><span class='pushbutton'><a href='http:\/\/www.tecnologiadiaria.com\/2009\/07\/abrir-com-hotmail-correo.html' target='_blank' title='hotmail'><img src='http:\/\/www.emiliosilveravazquez.com\/blog\/wp-content\/plugins\/knxdt-bookmarks-wordpress-plugin\/images\/linklove.png' alt='hotmail correo' class='book_img' border='none' style='margin:1px; padding: 0;' \/><\/a><\/span><span class='pushbutton'><a href='http:\/\/bitacoras.com\/votar\/anotacion\/externo\/mini\/www.emiliosilveravazquez.com\/blog\/2010\/07\/29\/aportacion-a-la-ix-edicion-del-carnaval-de-fisica-2\/' title='Bitacoras.com' target='_blank' rel='nofollow'><img src='http:\/\/www.emiliosilveravazquez.com\/blog\/wp-content\/plugins\/knxdt-bookmarks-wordpress-plugin\/images\/bitacoras.png'  alt='' class='book_img' border='none' style='margin:1px; padding: 0;'  \/><\/a><\/span><span class='pushbutton'><a href='http:\/\/www.wikio.es\/vote?url=http%3A%2F%2Fwww.emiliosilveravazquez.com%2Fblog%2F2010%2F07%2F29%2Faportacion-a-la-ix-edicion-del-carnaval-de-fisica-2%2F' title='Wikio' target='_blank' rel='nofollow'><img src='http:\/\/www.emiliosilveravazquez.com\/blog\/wp-content\/plugins\/knxdt-bookmarks-wordpress-plugin\/images\/wikio.png'   alt='' class='book_img' border='none' style='margin:1px; padding: 0;'   \/><\/a><\/span><span class='pushbutton'><a href='http:\/\/friendfeed.com\/?url=http%3A%2F%2Fwww.emiliosilveravazquez.com%2Fblog%2F2010%2F07%2F29%2Faportacion-a-la-ix-edicion-del-carnaval-de-fisica-2%2F&amp;title=Aportacion+a+la+IX+edici%C3%B3n+del+Carnaval+de+F%C3%ADsica' title='Friend Feed' target='_blank' rel='nofollow'><img src='http:\/\/www.emiliosilveravazquez.com\/blog\/wp-content\/plugins\/knxdt-bookmarks-wordpress-plugin\/images\/friendfeed.png'  alt='' class='book_img' border='none' style='margin:1px; padding: 0;'  \/><\/a><\/span><span class='pushbutton'><a href='http:\/\/www.facebook.com\/share.php?u=http%3A%2F%2Fwww.emiliosilveravazquez.com%2Fblog%2F2010%2F07%2F29%2Faportacion-a-la-ix-edicion-del-carnaval-de-fisica-2%2F&amp;t=Aportacion+a+la+IX+edici%C3%B3n+del+Carnaval+de+F%C3%ADsica' title='Facebook' target='_blank' rel='nofollow'><img src='http:\/\/www.emiliosilveravazquez.com\/blog\/wp-content\/plugins\/knxdt-bookmarks-wordpress-plugin\/images\/facebook.png'  alt='' class='book_img' border='none' style='margin:1px; padding: 0;'  \/><\/a><\/span><span class='pushbutton'><a href='http:\/\/twitter.com\/home?status=Aportacion+a+la+IX+edici%C3%B3n+del+Carnaval+de+F%C3%ADsica: http%3A%2F%2Fwww.emiliosilveravazquez.com%2Fblog%2F2010%2F07%2F29%2Faportacion-a-la-ix-edicion-del-carnaval-de-fisica-2%2F' title='Twitter' target='_blank' rel='nofollow'><img src='http:\/\/www.emiliosilveravazquez.com\/blog\/wp-content\/plugins\/knxdt-bookmarks-wordpress-plugin\/images\/twitter.png'  alt='' class='book_img' border='none' style='margin:1px; padding: 0;'  \/><\/a><\/span><span class='pushbutton'><a href='http:\/\/www.feedburner.com\/fb\/a\/emailFlare?itemTitle=Aportacion+a+la+IX+edici%C3%B3n+del+Carnaval+de+F%C3%ADsica&amp;uri=http%3A%2F%2Fwww.emiliosilveravazquez.com%2Fblog%2F2010%2F07%2F29%2Faportacion-a-la-ix-edicion-del-carnaval-de-fisica-2%2F' title='Enviar por Email' target='_blank' rel='nofollow'><img src='http:\/\/www.emiliosilveravazquez.com\/blog\/wp-content\/plugins\/knxdt-bookmarks-wordpress-plugin\/images\/email.png'  alt='' class='book_img' border='none' style='margin:1px; padding: 0;'  \/><\/a><\/span><span style='font-weight:bold; padding-left: 5px;'><a href='http:\/\/wordpress.org\/extend\/plugins\/knxdt-bookmarks-wordpress-plugin\/' title='Plugin' rel='nofollow' target='_blank'>[?]<\/a><\/span><\/td><\/tr><\/table><br\/><br\/><\/div>","protected":false},"excerpt":{"rendered":"<p>La teor\u00eda cu\u00e1ntica es un ejemplo de talento que debemos al f\u00edsico alem\u00e1n Max Planck (1.858 \u2013 1.947) que, en el a\u00f1o 1.900 para explicar la emisi\u00f3n de radiaci\u00f3n de cuerpo negro de cuerpos calientes, dijo que la energ\u00eda se emite en cuantos, cada uno de los cuales tiene una energ\u00eda igual a hv, donde [&hellip;]<\/p>\n","protected":false},"author":2,"featured_media":0,"comment_status":"open","ping_status":"open","sticky":false,"template":"","format":"standard","meta":{"_s2mail":"","footnotes":""},"categories":[1],"tags":[],"_links":{"self":[{"href":"http:\/\/www.emiliosilveravazquez.com\/blog\/wp-json\/wp\/v2\/posts\/4143"}],"collection":[{"href":"http:\/\/www.emiliosilveravazquez.com\/blog\/wp-json\/wp\/v2\/posts"}],"about":[{"href":"http:\/\/www.emiliosilveravazquez.com\/blog\/wp-json\/wp\/v2\/types\/post"}],"author":[{"embeddable":true,"href":"http:\/\/www.emiliosilveravazquez.com\/blog\/wp-json\/wp\/v2\/users\/2"}],"replies":[{"embeddable":true,"href":"http:\/\/www.emiliosilveravazquez.com\/blog\/wp-json\/wp\/v2\/comments?post=4143"}],"version-history":[{"count":0,"href":"http:\/\/www.emiliosilveravazquez.com\/blog\/wp-json\/wp\/v2\/posts\/4143\/revisions"}],"wp:attachment":[{"href":"http:\/\/www.emiliosilveravazquez.com\/blog\/wp-json\/wp\/v2\/media?parent=4143"}],"wp:term":[{"taxonomy":"category","embeddable":true,"href":"http:\/\/www.emiliosilveravazquez.com\/blog\/wp-json\/wp\/v2\/categories?post=4143"},{"taxonomy":"post_tag","embeddable":true,"href":"http:\/\/www.emiliosilveravazquez.com\/blog\/wp-json\/wp\/v2\/tags?post=4143"}],"curies":[{"name":"wp","href":"https:\/\/api.w.org\/{rel}","templated":true}]}}