{"id":3814,"date":"2010-04-16T08:25:38","date_gmt":"2010-04-16T07:25:38","guid":{"rendered":"http:\/\/www.emiliosilveravazquez.com\/blog\/?p=3814"},"modified":"2010-04-16T11:34:47","modified_gmt":"2010-04-16T10:34:47","slug":"%c2%a1la-mente-humana-que-evoluciona-con-el-universo","status":"publish","type":"post","link":"http:\/\/www.emiliosilveravazquez.com\/blog\/2010\/04\/16\/%c2%a1la-mente-humana-que-evoluciona-con-el-universo\/","title":{"rendered":"\u00a1La Mente Humana! Que evoluciona con el Universo"},"content":{"rendered":"<p style=\"text-align: justify;\">Estoy totalmente convencido de que, de alguna manera, nuestras mentes, est\u00e1n conectadas con el cosmos del que formamos parte.\u00a0 Estamos aqu\u00ed y nos parece de lo m\u00e1s natural, nunca nos paramos a pensar en c\u00f3mo fue eso posible, en c\u00f3mo surgi\u00f3 el milagro.\u00a0 A partir de la materia \u201cinerte\u201d evolucionada surgen entes pensantes y vivos, \u00bfc\u00f3mo es posible tal maravilla? Hay que pensar (lo he referido en muchas ocasiones) que, el material del que estamos hecho (Nitr\u00f3geno, Carbono, etc), se fabric\u00f3 en las estrellas a partir del elemento m\u00e1s simple, el Hidr\u00f3geno que, evolucionado a materiales m\u00e1s complejos llegaron hasta nuestro Sistema Solar primitivo en formaci\u00f3n para formar parte del Planeta Tierra en el que, bajo ciertas condiciones (situado en la zona habitable y en presencia de agua liquida) atmosf\u00e9ricas y de radiaci\u00f3n c\u00f3smica, dio lugar al nacimiento de aquella primera c\u00e9lula capaz de reproducirse que evolucion\u00f3 hasta nosotros.<\/p>\n<p style=\"text-align: justify;\">Estamos hecho de energ\u00eda pura fabricada en las estrellas y nuestras mentes evolucionan formando parte de un Universo en constante expansi\u00f3n del que, sin que nos demos cuenta, recibimos continuos mensajes que nos mantiene conectados a esa fuerza invisible que nos hace pensar para descubrir su fuente.<\/p>\n<p style=\"text-align: justify;\">En alg\u00fan momento breve, he tenido la sensaci\u00f3n de tener en mi mente la soluci\u00f3n a un pensamiento continuado sobre un problema cient\u00edfico que me preocupa y quisiera conocer.\u00a0 La sensaci\u00f3n de ese saber, de tener esa respuesta deseada, es fugaz, pasa con la misma rapidez que lleg\u00f3.\u00a0 Me deja inquieto y decepcionado, estaba a mi alcance y no se dej\u00f3 atrapar.\u00a0 Me ocurre con cierta frecuencia con distintos temas que me rondan por la cabeza.\u00a0 Sin embargo, esa luz fugaz del saber aparece y se va sin dejar rastro en mi mente que me permita, a partir de una simple huella, llegar al fondo de la cuesti\u00f3n origen del fen\u00f3meno.<\/p>\n<p style=\"text-align: justify;\">La mente humana es una maravilla.\u00a0 Esas sensaciones que antes he mencionado, y, que en m\u00ed, llegan y se van sin dejar huellas, son las mismas que sintieron Galileo, kepler, <a href=\"#\" onclick=\"referencia('newton',event); return false;\">Newton<\/a>, Planck o <a href=\"#\" onclick=\"referencia('einstein',event); return false;\">Einstein<\/a>, lo \u00fanico diferente es que en ellos, la sensaci\u00f3n no fue tan fugaz, se qued\u00f3 el tiempo suficiente en sus mentes como para que pudieran digerir el mensaje y comunicar al mundo lo que les hab\u00eda transmitido.\u00a0 As\u00ed, a fogonazos de luz del saber, avanza la Humanidad.<\/p>\n<p style=\"text-align: justify;\">Nadie ha podido explicar nunca como llegan esos fogonazos de luz del conocimiento a unas pocas mentes elegidas.<\/p>\n<p><!--more--><\/p>\n<p style=\"text-align: justify;\">El cerebro se cuenta entre los objetos m\u00e1s complicados del Universo y es sin duda una de las estructuras m\u00e1s notables que haya producido la evoluci\u00f3n. Hace mucho tiempo, cuando a\u00fan no se conoc\u00eda la neurociencia, se sab\u00eda ya que el cerebro es necesario para la percepci\u00f3n, los sentimientos y los pensamientos.<\/p>\n<p style=\"text-align: justify;\">En tanto que objeto y sistema, el cerebro humano es muy especial: su conectividad, su din\u00e1mica, su forma de funcionamiento, su relaci\u00f3n con el cuerpo y con el mundo, no se parece a nada que la conciencia conozca.\u00a0 Su car\u00e1cter \u00fanico hace que el ofrecer una imagen del cerebro se convierta en un reto extraordinario.\u00a0 Aunque todav\u00eda estamos lejos de ofrecer una imagen completa del cerebro, si podemos ofrecer retazos y datos parciales de algunos de sus complicados mecanismos.\u00a0 Sin embargo, carecemos de informaci\u00f3n para generar una teor\u00eda satisfactoria de la conciencia.<\/p>\n<p style=\"text-align: justify;\">Estamos tratando de algo que pesa 1 kg aproximadamente y que contiene unos cien mil millones de c\u00e9lulas nerviosas o neuronas, generando continuamente emociones, etc.<\/p>\n<p style=\"text-align: justify;\">\u00a1Incre\u00edble, \u00a0grandioso!\u00a0 \u00bfPero sabemos encausarlo?<\/p>\n<p style=\"text-align: justify;\">Pero debemos confiar en nosotros mismos, en ese cerebro que a\u00fan no conocemos y que, en abril de 2.003, por ejemplo, nos llev\u00f3 a completar con \u00e9xito la secuenciaci\u00f3n de 3.000 millones de letras de A D N presentes en el genoma humano.<\/p>\n<p style=\"text-align: justify;\">Precisamente,\u00a0 ese conocimiento, se puede ver como un manual de instrucciones reconvertible en el libro de medicina m\u00e1s potente imaginable.\u00a0 Parece que ah\u00ed est\u00e1 el futuro de la salud humana: La Gen\u00e9tica.\u00a0 El reto que tenemos por delante consiste en adoptar la forma correcta en que se deben leer los contenidos de todas esas p\u00e1ginas que contienen la secuenciaci\u00f3n de los 3.000 letras de A D N, y comprender el modo de c\u00f3mo funcionan juntas las distintas partes para encausar la salud y la enfermedad humanas.<\/p>\n<p style=\"text-align: justify;\">La consecuencia m\u00e1s importante de todo esto es que se ha abierto la puerta a un alentador y enorme (aunque complejo) paisaje biol\u00f3gico nuevo.\u00a0 Su exploraci\u00f3n necesitar\u00e1 de pensamientos creativos y nuevas ideas.<\/p>\n<p style=\"text-align: justify;\">Hace 30 a\u00f1os, todo esto era un sue\u00f1o, nadie se atrev\u00eda a pensar siquiera con que este logro ser\u00eda posible alg\u00fan d\u00eda \u00a1secuenciar 3000 millones de grafos de A D N. Sin embargo, aqu\u00ed viene la contradicci\u00f3n o paradoja, el cerebro que a\u00fan no conocemos, lo ha hecho posible.<\/p>\n<p style=\"text-align: justify;\">La gen\u00f3mica es una aut\u00e9ntica promesa para nuestra salud, pero necesitaremos algunos saltos cu\u00e1nticos en la velocidad y la eficacia de la secuenciaci\u00f3n del A D N.<\/p>\n<p style=\"text-align: justify;\">Est\u00e1 claro sin embargo que, dadas todas las dimensiones del ser humano, que incluyen aspectos tanto materiales como espirituales, ser\u00e1 necesario mucho, mucho, mucho tiempo, para llegar a conocer por completo todos los aspectos complejos encerrados en nuestro interior.<\/p>\n<p style=\"text-align: justify;\">El adelanto que se producir\u00e1 en las pr\u00f3ximas d\u00e9cadas estar\u00e1 y ser\u00e1 m\u00e1s visible en el aspecto biol\u00f3gico y la curaci\u00f3n de enfermedades como el c\u00e1ncer y otras nefastas como el Sida que asolan nuestro mundo.\u00a0 El conocimento de la Psique, de nuestra propia conciencia, ser\u00e1 mucho m\u00e1s lento.<\/p>\n<p style=\"text-align: justify;\">Hay que tener en cuenta que primero debemos tener un conocimiento completo de los primates, tal conocimiento nos proporcionar\u00eda luz sobre lo que convierte en \u00fanicos a los seres humanos.\u00a0 Al decir \u00fanicos me refiero al hecho diferenciador de la conciencia y, desde luego, lo circunscribo al planeta Tierra, ya que, referido a todo el Universo,\u00a0 seguro que no somos \u201ctan \u00fanicos\u201d.<\/p>\n<p style=\"text-align: justify;\">Casi todas las enfermedades que nos aquejan est\u00e1n y tienen su origen en los genes, otras dolencias, est\u00e1n relacionadas con el entorno en el que vivimos, la forma de vida elegida por nosotros mismos\u00a0\u00a0\u00a0 (tabaco, alcohol, droga, etc.), y una parte de los trastornos que padecemos (los m\u00e1s dif\u00edciles de curar), est\u00e1n situados en nuestras mentes, las m\u00e1s desconocidas.<\/p>\n<p style=\"text-align: justify;\">As\u00ed que, si el conocimiento sobre el genoma est\u00e1 en el buen camino y, seg\u00fan todos los indicios, alg\u00fan d\u00eda, podremos tener las respuestas que a\u00fan nos falta, el problema m\u00e1s serio est\u00e1 en ese gran desconocido que llamamos cerebro y que es el responsable de dirigir y ordenar todos y cada uno de los movimientos que se generan en el resto de nuestro cuerpo.\u00a0 All\u00ed arriba est\u00e1 la central el\u00e9ctrica que lo pone todo en marcha. \u00bfPero de qu\u00e9 mecanismos se vale? Precisamente esa es la explicaci\u00f3n que nadie ha podido dar.<\/p>\n<p style=\"text-align: justify;\">Pero todo evoluciona con el tiempo que transcurre, todo va cambiando (nuestros conocimientos tambi\u00e9n).<\/p>\n<p style=\"text-align: justify;\">Hace unos veinte millones de a\u00f1os, durante el Mioceno, la Tierra vivi\u00f3 unas condiciones clim\u00e1ticas paradis\u00edacas.\u00a0 Los casquetes polares, con una emplazamiento distinto del actual, apenas eran una peque\u00f1as manchas de hielo; el nivel de los mares era mucho m\u00e1s elevado que en la actualidad, y la mayor parte de los lugares que ahora ocupan las ciudades y las playas en las que pasamos las vacaciones estaban cubiertos por los oc\u00e9anos.\u00a0 El agua del mar era como la que hoy podemos encontrar en los tr\u00f3picos.\u00a0 El mundo de finales del Mioceno era, por lo tanto, un mundo muy diferente del nuestro: con distintos olores, con extra\u00f1os sonidos y ni siquiera el cielo de hace veinte millones de a\u00f1os era parecido al que hoy podemos contemplar en una noche cualquiera.\u00a0 Las constelaciones de estrellas eran de otras formas y mostraban configuraciones distintas de las que ahora est\u00e1n all\u00e1 arriba.\u00a0 Muchas de las estrellas que hoy admiramos en las noches de cielo despejado a\u00fan no hab\u00edan aparecido y otras que entonces brillaban ya no existen.<\/p>\n<p style=\"text-align: justify;\">Pongo este ejemplo de algo que conozco para mostrar los cambios irreversibles que se producen a medida que avanza la l\u00ednea del tiempo.\u00a0 Al igual que se produjeron en nuestro mundo, se producir\u00e1n en nuestros conocimientos, nuestro nivel de conciencia tambi\u00e9n, de manera irreversible, evoluciona.\u00a0 A medida que a nuestro cerebro llegan nuevos datos sobre cuestiones muy diversas, \u00e9ste los va reciclando, orden\u00e1ndolos, interrelacion\u00e1ndolos y finalmente clasific\u00e1ndoles de manera tal que, los tiene dispuestos para conectarlos a nuevos datos y nuevas informaciones que, por distintos medios, naturales o artificiales aparecen para sumarse a las que ya existen, y de esta forma, hemos ido avanzando, desde aquella materia \u201cinerte\u201d a la materia compleja y pensante que somos los seres vivos inteligentes.<\/p>\n<p style=\"text-align: justify;\">Pero en el ejemplo que antes puse de hace veinte millones de a\u00f1os, nuestros antepasados m\u00e1s cercanos ni hab\u00edan aparecido.\u00a0 M\u00e1s tarde, interminables selvas h\u00famedas estaban pobladas por una vegetaci\u00f3n exuberante, por plantas y \u00e1rboles gigantescos, cuajadas de una interminable variedad de especies vegetales que embriagaban el aire caliente y h\u00famedo con mil aromas.\u00a0 Pululaban y bull\u00edan en ellas miles de insectos diferentes y las habitaban reptiles diversos, desde peque\u00f1as lagartijas hasta gigantescas serpientes.\u00a0 Los dinosaurios hab\u00edan desaparecido muchos millones de a\u00f1os antes y, en su lugar, numerosas aves y mam\u00edferos vegetarianos se alimentaban de los inagotables recursos que ofrec\u00edan los bosques.\u00a0 Una muchedumbre de depredadores prosperaban aliment\u00e1ndose de los herb\u00edvoros, bien alimentados y abundantes.<\/p>\n<p style=\"text-align: justify;\">En aquellas selvas, los simios se encontraban en su para\u00edso.\u00a0 Las condicione climatol\u00f3gicas eran las m\u00e1s adecuadas: siempre reinaba la misma temperatura c\u00e1lida, y la lluvia que con frecuencia ca\u00eda, era tambi\u00e9n caliente. Apenas ten\u00edan enemigos peligrosos, ya que, ante la menor amenaza, en dos saltos estaban en refugio seguro entre las ramas de los \u00e1rboles, hasta donde ning\u00fan depredador pod\u00eda perseguirles. En este escenario, en el que hab\u00eda poco riesgo, alimentos abundantes y las condiciones m\u00e1s favorables para la reproducci\u00f3n, surgieron nuestros antepasados.<\/p>\n<p style=\"text-align: justify;\">Hace unos cinco millones de a\u00f1os, a comienzos del Pleistoceno, el per\u00edodo que sigui\u00f3 al Mioceno, en los bosques que entonces ocupaban \u00c1frica oriental, m\u00e1s concretamente en la zona correspondiente a lo que hoy es Kenia, Etiop\u00eda y Nigeria, habitaba una estirpe muy especial de monos hominoideos: Los Ardipithecus ramidus. \u00c9stos, como el resto de primates, estaban adaptados a vivir en zonas geogr\u00e1ficas en las que no exist\u00edan variaciones estacionales. Porque los monos, en general, no pueden soportar largos periodos en los que no haya frutas, hojas verdes, tallos, brotes tiernos o insectos de los que alimentarse: por eso solo viven en zonas tropicales, salvo muy contadas excepciones.<\/p>\n<p style=\"text-align: justify;\">Los fosiles de quien hoy se considera uno de nuestros primeros antepasados, el Ardipithecus ramidus,\u00a0han aparecido siempre junto a huesos de otros mam\u00edferos cuya vida estaba ligada al bosque.\u00a0 Se puede suponer, por lo tanto, que habitaba un bosque que a\u00fan era espeso, con algunos claros, y abundante en frutas y vegetales blandos, aunque el enfriamiento progresivo que se ven\u00eda produciendo en esos \u00faltimos miles de a\u00f1os y las catastr\u00f3ficas modificaciones geol\u00f3gicas tuvieron que reducir la disponibilidad de los alimentos habituales de estos simios.<\/p>\n<p style=\"text-align: justify;\">El Ardipithecus ramidus no abandonaba nunca sus selvas.\u00a0 Como los monos antropomorfos de hoy, deb\u00eda tratarse de una especie muy poco tolerante a los cambios ambientales.\u00a0\u00a0 Todo apunta a que se auto-confinaban en la b\u00fasqueda de la comodidad fresca y h\u00fameda y la f\u00e1cil subsistencia que les proporcionaba sus bosques y nunca traspasaban los l\u00edmites: en la linde se encontraba, para \u00e9l, el fin del mundo, la muerte.<\/p>\n<p style=\"text-align: justify;\">Estos antepasados nuestros son, de entre todos los hom\u00ednidos f\u00f3siles, los que m\u00e1s se parecen a los monos antropomorfos que viven en la actualidad.\u00a0 Su cerebro era como el de un chimpanc\u00e9 actual: de una capacidad de 400 cm<sup>3<\/sup> aproximadamente.\u00a0 Sus condiciones f\u00edsicas estaban totalmente adaptadas al medio, con piel cubierta de pelo fuerte y espeso, impermeable, adaptadas al clima lluvioso y la humedad ambiental, en donde el sudor era totalmente ineficaz para refrigerar el cuerpo.<\/p>\n<p style=\"text-align: justify;\">El equipo sensorial de estos antepasados nuestros deb\u00eda de ser como el de todos los primates.\u00a0 Predominaba el sentido de la vista m\u00e1s que el del olfato: en el bosque, el hecho de ver bien es m\u00e1s importante que el de tener una gran capacidad olfativa.\u00a0 Una buena visi\u00f3n de los colores les permit\u00eda detectar las frutas multicolores en las umbr\u00edas b\u00f3vedas de la selva.\u00a0 El sentido del o\u00eddo tampoco deb\u00eda de estar muy desarrollado: contaban con orejas de pabellones peque\u00f1os que no ten\u00edan la posibilidad de modificar su orientaci\u00f3n.\u00a0 En cambio, pose\u00edan un refinado sentido del gusto, ya que en su dieta ten\u00edan cabida muchos sabores diferentes; de ah\u00ed deriva el hecho de que cuando nos resfriamos y tenemos la nariz atascada los alimentos pierdan su sabor.<\/p>\n<p style=\"text-align: justify;\">A pesar de su escasa capacidad cerebral, es posible que en ocasiones se sirviera de alg\u00fan utensilio, como alguna rama para defenderse, y de un palito para extraer insectos de sus escondites, y hasta utilizara piedras para partir semillas. El uso de estas herramientas no era premeditado, sino que acud\u00edan a \u00e9l de manera instintiva en el momento que lo necesitaban y luego no conservaba el utensilio, sencillamente los abandonaban para buscar otro nuevo en la pr\u00f3xima ocasi\u00f3n.<\/p>\n<p style=\"text-align: justify;\">Y, desde entonces hasta ahora, hemos descubierto como es el Universo, los objetos que lo pueblan, de que estan hechas las estrellas y podemos hablar de mecanica cuantica (el ambito de lo mas peque\u00f1o) y del Cosmos y las galaxias que lo pueblan (el ambito de lo muy grande), y, siguiendo la idea de esta evolucion imparable, nos podriamos preguntar: &#8220;Hasta donde habremos llegado cuando pasen 500 a\u00f1os?<\/p>\n<p style=\"text-align: right;\"><em>emilio silvera<\/em><\/p>\n<div class='bookmark'>\r\n\t\t<table align='left' border='0' cellpadding='0' width='100%'>\r\n\t\t<tr><td><span class='pushbutton'><a href='http:\/\/delicious.com\/post?url=http%3A%2F%2Fwww.emiliosilveravazquez.com%2Fblog%2F2010%2F04%2F16%2F%25c2%25a1la-mente-humana-que-evoluciona-con-el-universo%2F&amp;title=%C2%A1La+Mente+Humana%21+Que+evoluciona+con+el+Universo' title='Delicious' target='_blank' rel='nofollow'><img src='http:\/\/www.emiliosilveravazquez.com\/blog\/wp-content\/plugins\/knxdt-bookmarks-wordpress-plugin\/images\/delicious.png'  alt='' class='book_img' border='none' style='margin:1px; padding: 0;'  \/><\/a><\/span><span class='pushbutton'><a href='http:\/\/digg.com\/submit?url=http%3A%2F%2Fwww.emiliosilveravazquez.com%2Fblog%2F2010%2F04%2F16%2F%25c2%25a1la-mente-humana-que-evoluciona-con-el-universo%2F&amp;title=%C2%A1La+Mente+Humana%21+Que+evoluciona+con+el+Universo' title='Digg' target='_blank' rel='nofollow'><img src='http:\/\/www.emiliosilveravazquez.com\/blog\/wp-content\/plugins\/knxdt-bookmarks-wordpress-plugin\/images\/digg.png'  alt='' class='book_img' border='none' style='margin:1px; padding: 0;'  \/><\/a><\/span><span class='pushbutton'><a href='http:\/\/www.google.com\/bookmarks\/mark?op=edit&amp;bkmk=http%3A%2F%2Fwww.emiliosilveravazquez.com%2Fblog%2F2010%2F04%2F16%2F%25c2%25a1la-mente-humana-que-evoluciona-con-el-universo%2F&amp;title=%C2%A1La+Mente+Humana%21+Que+evoluciona+con+el+Universo' title='Google' target='_blank' rel='nofollow'><img src='http:\/\/www.emiliosilveravazquez.com\/blog\/wp-content\/plugins\/knxdt-bookmarks-wordpress-plugin\/images\/google.png'   alt='' class='book_img' border='none' style='margin:1px; padding: 0;'  \/><\/a><\/span><span class='pushbutton'><a href='http:\/\/myweb2.search.yahoo.com\/myresults\/bookmarklet?u=http%3A%2F%2Fwww.emiliosilveravazquez.com%2Fblog%2F2010%2F04%2F16%2F%25c2%25a1la-mente-humana-que-evoluciona-con-el-universo%2F&amp;t=%C2%A1La+Mente+Humana%21+Que+evoluciona+con+el+Universo' title='Yahoo' target='_blank' rel='nofollow'><img src='http:\/\/www.emiliosilveravazquez.com\/blog\/wp-content\/plugins\/knxdt-bookmarks-wordpress-plugin\/images\/yahoo.png'  alt='' class='book_img' border='none' style='margin:1px; padding: 0;'  \/><\/a><\/span><span class='pushbutton'><a href='http:\/\/www.technorati.com\/faves?add=http%3A%2F%2Fwww.emiliosilveravazquez.com%2Fblog%2F2010%2F04%2F16%2F%25c2%25a1la-mente-humana-que-evoluciona-con-el-universo%2F' title='Technorati' target='_blank' rel='nofollow'><img src='http:\/\/www.emiliosilveravazquez.com\/blog\/wp-content\/plugins\/knxdt-bookmarks-wordpress-plugin\/images\/technorati.png'  alt='' class='book_img' border='none' style='margin:1px; padding: 0;'  \/><\/a><\/span><span class='pushbutton'><a href='http:\/\/meneame.net\/submit.php?url=http%3A%2F%2Fwww.emiliosilveravazquez.com%2Fblog%2F2010%2F04%2F16%2F%25c2%25a1la-mente-humana-que-evoluciona-con-el-universo%2F' title='Meneame' target='_blank' rel='nofollow'><img src='http:\/\/www.emiliosilveravazquez.com\/blog\/wp-content\/plugins\/knxdt-bookmarks-wordpress-plugin\/images\/meneame.png'  alt='' class='book_img' border='none' style='margin:1px; padding: 0;'  \/><\/a><\/span><span class='pushbutton'><a href='http:\/\/enchilame.com\/submit.php?url=http:\/\/www.emiliosilveravazquez.com\/blog\/2010\/04\/16\/%c2%a1la-mente-humana-que-evoluciona-con-el-universo\/' target='_blank' rel='nofollow'><img title='Enchilame' src='http:\/\/www.emiliosilveravazquez.com\/blog\/wp-content\/plugins\/knxdt-bookmarks-wordpress-plugin\/images\/enchilame.png'  alt='' class='book_img' border='none' style='margin:1px; padding: 0;'  \/><\/a><\/span><span class='pushbutton'><a href='http:\/\/www.blinklist.com\/index.php?Action=Blink\/addblink.php&amp;Description=&amp;Url=http%3A%2F%2Fwww.emiliosilveravazquez.com%2Fblog%2F2010%2F04%2F16%2F%25c2%25a1la-mente-humana-que-evoluciona-con-el-universo%2F&amp;title=%C2%A1La+Mente+Humana%21+Que+evoluciona+con+el+Universo' title='BlinkList' target='_blank' rel='nofollow'><img src='http:\/\/www.emiliosilveravazquez.com\/blog\/wp-content\/plugins\/knxdt-bookmarks-wordpress-plugin\/images\/blinklist.png'  alt='' class='book_img' border='none' style='margin:1px; padding: 0;'  \/><\/a><\/span><span class='pushbutton'><a href='http:\/\/reddit.com\/submit?url=http%3A%2F%2Fwww.emiliosilveravazquez.com%2Fblog%2F2010%2F04%2F16%2F%25c2%25a1la-mente-humana-que-evoluciona-con-el-universo%2F&amp;title=%C2%A1La+Mente+Humana%21+Que+evoluciona+con+el+Universo' title='Reddit' target='_blank' rel='nofollow'><img src='http:\/\/www.emiliosilveravazquez.com\/blog\/wp-content\/plugins\/knxdt-bookmarks-wordpress-plugin\/images\/reddit.png'  alt='' class='book_img' border='none' style='margin:1px; padding: 0;'  \/><\/a><\/span><span class='pushbutton'><a href='http:\/\/www.tecnologiadiaria.com\/2009\/07\/abrir-com-hotmail-correo.html' target='_blank' title='hotmail'><img src='http:\/\/www.emiliosilveravazquez.com\/blog\/wp-content\/plugins\/knxdt-bookmarks-wordpress-plugin\/images\/linklove.png' alt='hotmail correo' class='book_img' border='none' style='margin:1px; padding: 0;' \/><\/a><\/span><span class='pushbutton'><a href='http:\/\/bitacoras.com\/votar\/anotacion\/externo\/mini\/www.emiliosilveravazquez.com\/blog\/2010\/04\/16\/%c2%a1la-mente-humana-que-evoluciona-con-el-universo\/' title='Bitacoras.com' target='_blank' rel='nofollow'><img src='http:\/\/www.emiliosilveravazquez.com\/blog\/wp-content\/plugins\/knxdt-bookmarks-wordpress-plugin\/images\/bitacoras.png'  alt='' class='book_img' border='none' style='margin:1px; padding: 0;'  \/><\/a><\/span><span class='pushbutton'><a href='http:\/\/www.wikio.es\/vote?url=http%3A%2F%2Fwww.emiliosilveravazquez.com%2Fblog%2F2010%2F04%2F16%2F%25c2%25a1la-mente-humana-que-evoluciona-con-el-universo%2F' title='Wikio' target='_blank' rel='nofollow'><img src='http:\/\/www.emiliosilveravazquez.com\/blog\/wp-content\/plugins\/knxdt-bookmarks-wordpress-plugin\/images\/wikio.png'   alt='' class='book_img' border='none' style='margin:1px; padding: 0;'   \/><\/a><\/span><span class='pushbutton'><a href='http:\/\/friendfeed.com\/?url=http%3A%2F%2Fwww.emiliosilveravazquez.com%2Fblog%2F2010%2F04%2F16%2F%25c2%25a1la-mente-humana-que-evoluciona-con-el-universo%2F&amp;title=%C2%A1La+Mente+Humana%21+Que+evoluciona+con+el+Universo' title='Friend Feed' target='_blank' rel='nofollow'><img src='http:\/\/www.emiliosilveravazquez.com\/blog\/wp-content\/plugins\/knxdt-bookmarks-wordpress-plugin\/images\/friendfeed.png'  alt='' class='book_img' border='none' style='margin:1px; padding: 0;'  \/><\/a><\/span><span class='pushbutton'><a href='http:\/\/www.facebook.com\/share.php?u=http%3A%2F%2Fwww.emiliosilveravazquez.com%2Fblog%2F2010%2F04%2F16%2F%25c2%25a1la-mente-humana-que-evoluciona-con-el-universo%2F&amp;t=%C2%A1La+Mente+Humana%21+Que+evoluciona+con+el+Universo' title='Facebook' target='_blank' rel='nofollow'><img src='http:\/\/www.emiliosilveravazquez.com\/blog\/wp-content\/plugins\/knxdt-bookmarks-wordpress-plugin\/images\/facebook.png'  alt='' class='book_img' border='none' style='margin:1px; padding: 0;'  \/><\/a><\/span><span class='pushbutton'><a href='http:\/\/twitter.com\/home?status=%C2%A1La+Mente+Humana%21+Que+evoluciona+con+el+Universo: http%3A%2F%2Fwww.emiliosilveravazquez.com%2Fblog%2F2010%2F04%2F16%2F%25c2%25a1la-mente-humana-que-evoluciona-con-el-universo%2F' title='Twitter' target='_blank' rel='nofollow'><img src='http:\/\/www.emiliosilveravazquez.com\/blog\/wp-content\/plugins\/knxdt-bookmarks-wordpress-plugin\/images\/twitter.png'  alt='' class='book_img' border='none' style='margin:1px; padding: 0;'  \/><\/a><\/span><span class='pushbutton'><a href='http:\/\/www.feedburner.com\/fb\/a\/emailFlare?itemTitle=%C2%A1La+Mente+Humana%21+Que+evoluciona+con+el+Universo&amp;uri=http%3A%2F%2Fwww.emiliosilveravazquez.com%2Fblog%2F2010%2F04%2F16%2F%25c2%25a1la-mente-humana-que-evoluciona-con-el-universo%2F' title='Enviar por Email' target='_blank' rel='nofollow'><img src='http:\/\/www.emiliosilveravazquez.com\/blog\/wp-content\/plugins\/knxdt-bookmarks-wordpress-plugin\/images\/email.png'  alt='' class='book_img' border='none' style='margin:1px; padding: 0;'  \/><\/a><\/span><span style='font-weight:bold; padding-left: 5px;'><a href='http:\/\/wordpress.org\/extend\/plugins\/knxdt-bookmarks-wordpress-plugin\/' title='Plugin' rel='nofollow' target='_blank'>[?]<\/a><\/span><\/td><\/tr><\/table><br\/><br\/><\/div>","protected":false},"excerpt":{"rendered":"<p>Estoy totalmente convencido de que, de alguna manera, nuestras mentes, est\u00e1n conectadas con el cosmos del que formamos parte.\u00a0 Estamos aqu\u00ed y nos parece de lo m\u00e1s natural, nunca nos paramos a pensar en c\u00f3mo fue eso posible, en c\u00f3mo surgi\u00f3 el milagro.\u00a0 A partir de la materia \u201cinerte\u201d evolucionada surgen entes pensantes y vivos, [&hellip;]<\/p>\n","protected":false},"author":2,"featured_media":0,"comment_status":"open","ping_status":"open","sticky":false,"template":"","format":"standard","meta":{"_s2mail":"","footnotes":""},"categories":[10],"tags":[],"_links":{"self":[{"href":"http:\/\/www.emiliosilveravazquez.com\/blog\/wp-json\/wp\/v2\/posts\/3814"}],"collection":[{"href":"http:\/\/www.emiliosilveravazquez.com\/blog\/wp-json\/wp\/v2\/posts"}],"about":[{"href":"http:\/\/www.emiliosilveravazquez.com\/blog\/wp-json\/wp\/v2\/types\/post"}],"author":[{"embeddable":true,"href":"http:\/\/www.emiliosilveravazquez.com\/blog\/wp-json\/wp\/v2\/users\/2"}],"replies":[{"embeddable":true,"href":"http:\/\/www.emiliosilveravazquez.com\/blog\/wp-json\/wp\/v2\/comments?post=3814"}],"version-history":[{"count":0,"href":"http:\/\/www.emiliosilveravazquez.com\/blog\/wp-json\/wp\/v2\/posts\/3814\/revisions"}],"wp:attachment":[{"href":"http:\/\/www.emiliosilveravazquez.com\/blog\/wp-json\/wp\/v2\/media?parent=3814"}],"wp:term":[{"taxonomy":"category","embeddable":true,"href":"http:\/\/www.emiliosilveravazquez.com\/blog\/wp-json\/wp\/v2\/categories?post=3814"},{"taxonomy":"post_tag","embeddable":true,"href":"http:\/\/www.emiliosilveravazquez.com\/blog\/wp-json\/wp\/v2\/tags?post=3814"}],"curies":[{"name":"wp","href":"https:\/\/api.w.org\/{rel}","templated":true}]}}