{"id":35554,"date":"2026-05-02T10:46:46","date_gmt":"2026-05-02T09:46:46","guid":{"rendered":"https:\/\/www.emiliosilveravazquez.com\/blog\/?p=35554"},"modified":"2026-05-02T10:46:12","modified_gmt":"2026-05-02T09:46:12","slug":"verdades-asombrisas-que-viven-en-un-universo-invisible","status":"publish","type":"post","link":"http:\/\/www.emiliosilveravazquez.com\/blog\/2026\/05\/02\/verdades-asombrisas-que-viven-en-un-universo-invisible\/","title":{"rendered":"Verdades asombrosas que  &#8220;viven&#8221; en un &#8220;universo&#8221; invisible"},"content":{"rendered":"<p><iframe loading=\"lazy\" title=\"Panpsiquismo: \u00bfY Si Todo en el Universo Fuera Consciente? La Idea que Divide a los Cient\u00edficos\" width=\"500\" height=\"281\" src=\"https:\/\/www.youtube.com\/embed\/sGfpMk64SRw?feature=oembed\" frameborder=\"0\" allow=\"accelerometer; autoplay; clipboard-write; encrypted-media; gyroscope; picture-in-picture; web-share\" referrerpolicy=\"strict-origin-when-cross-origin\" allowfullscreen><\/iframe><\/p>\n<p>&nbsp;<\/p>\n<p style=\"text-align: justify;\">\u00a0Todo lo que existe en el Universo de la materia que podemos ver, est\u00e1 hecho de la misma cosa: Quarks y Leptones, des un vaso de agua, los componentes de un tel\u00e9fono m\u00edvil, una estrella reluciente, los componentes atmosf\u00e9ricos del planeta Tierra, los elementos de los que est\u00e1n hechos todasd las especies vivas&#8230; Todo eso est\u00e1 conformado por infinitesimales part\u00edculas que no podemos ver. Y, lo m\u00e1s curioso de todo esto es, que dicha materia &#8220;s\u00f3lida&#8221;, en realidad son espacios vac\u00edos en m\u00e1s del 99%. lo que nos lleva a preguntarnos: \u00bfEstamos viviendo en un Universo que es solo una Ilusi\u00f3n?<\/p>\n<p>&nbsp;<\/p>\n<p><img decoding=\"async\" src=\"https:\/\/i.ytimg.com\/vi\/MRwlt288qWk\/hq720.jpg?sqp=-oaymwEhCK4FEIIDSFryq4qpAxMIARUAAAAAGAElAADIQj0AgKJD&amp;rs=AOn4CLBlkQutGzsIPNd5OFFbzJQta7XToA\" alt=\"\u00bfDe Qu\u00e9 Est\u00e1 Hecho el Universo? \u269b\ufe0f| Quarks y Leptones: La Realidad Oculta #cienciaasombrosa\" \/><\/p>\n<p style=\"text-align: justify;\">Mi anterior pensamiento, la <span data-subtree=\"aimfl,mfl\" data-processed=\"true\" data-copy-service-computed-style=\"font-family: &quot;Google Sans&quot;, Arial, sans-serif; font-size: 16px; font-weight: 400; margin: 0px; text-decoration: none; border-bottom: 0px rgb(10, 10, 10);\">\u00a0descripci\u00f3n que hice,\u00a0 es <\/span><strong class=\"Yjhzub\" data-sfc-root=\"c\" data-sfc-cb=\"\" data-processed=\"true\" data-copy-service-computed-style=\"font-family: &quot;Google Sans&quot;, Arial, sans-serif; font-size: 16px; font-weight: 600; margin: 0px; text-decoration: none; border-bottom: 0px rgb(10, 10, 10);\">cient\u00edficamente precisa,<!--TgQPHd|[]--><\/strong> seg\u00fan el <span data-sfc-root=\"c\" data-wiz-uids=\"GhUJmf_h\" data-sfc-cb=\"\" data-processed=\"true\" data-copy-service-computed-style=\"font-family: &quot;Google Sans&quot;, Arial, sans-serif; font-size: 16px; font-weight: 400; margin: 0px; text-decoration: none; border-bottom: 0px rgb(10, 10, 10);\">Modelo Est\u00e1ndar de la f\u00edsica de part\u00edculas<!--TgQPHd|[]--><\/span>. Todo lo que percibimos como materia &#8220;s\u00f3lida&#8221; (vasos de agua, estrellas, nuestro propio cuerpo) est\u00e1 compuesto por <a href=\"#\" onclick=\"referencia('quarks',event); return false;\">quarks<\/a> y <a href=\"#\" onclick=\"referencia('leptones',event); return false;\">leptones<\/a> (como los <a href=\"#\" onclick=\"referencia('electron',event); return false;\">electrones<\/a>) que de una manera que no sabemos explicar (del todo), se ponen de acuerdo para formar \u00e1tomos que se re\u00fanen para formar sustancias, para formar mol\u00e9culas, para formfar cuerpos.<\/p>\n<p>&nbsp;<\/p>\n<p><img decoding=\"async\" loading=\"lazy\" class=\"\" src=\"https:\/\/encrypted-tbn0.gstatic.com\/images?q=tbn:ANd9GcQM-7nVmXhWPSZJChIuv1MrWVbl7gCYWvo-QA&amp;s\" alt=\"\u269b\ufe0fEn el maravilloso mundo de la f\u00edsica de las part\u00edculas, los quarks se conocen como los componentes esenciales que conforman el universo. Estas part\u00edculas subat\u00f3micas, se combinan para constituir a los protones\" width=\"208\" height=\"257\" \/><img decoding=\"async\" loading=\"lazy\" class=\"\" src=\"https:\/\/encrypted-tbn0.gstatic.com\/images?q=tbn:ANd9GcQbUAtuFKxPqwRnOnVZgAN9uavNKME1XEzATA&amp;s\" alt=\"Cuando pensamos en la materia, solemos imaginarla como algo s\u00f3lido y compacto. Sin embargo, la realidad es muy diferente. Los \u00e1tomos, que forman todo lo que existe, est\u00e1n compuestos en su mayor\" width=\"256\" height=\"256\" \/><\/p>\n<p>&nbsp;<\/p>\n<p style=\"text-align: justify;\"><span class=\"N9Q8Lc\" data-copy-service-computed-style=\"font-family: &quot;Google Sans&quot;, Arial, sans-serif; font-size: 16px; font-weight: 400; margin: 0px; text-decoration: none; border-bottom: 0px rgb(10, 10, 10);\">Efectivamente, todo lo que consideramos s\u00f3lido (una mesa, una roca, nuestros propios cuerpos) est\u00e1 compuesto por \u00e1tomos, que a su vez se basan en un <\/span><strong class=\"Yjhzub\" data-sfc-root=\"c\" data-sfc-cb=\"\" data-processed=\"true\" data-copy-service-computed-style=\"font-family: &quot;Google Sans&quot;, Arial, sans-serif; font-size: 16px; font-weight: 600; margin: 0px; text-decoration: none; border-bottom: 0px rgb(10, 10, 10);\"><span class=\"N9Q8Lc\" data-copy-service-computed-style=\"font-family: &quot;Google Sans&quot;, Arial, sans-serif; font-size: 16px; font-weight: 600; margin: 0px; text-decoration: none; border-bottom: 0px rgb(10, 10, 10);\">n\u00facleo diminuto<\/span><!--TgQPHd|[]--><\/strong><span class=\"N9Q8Lc\" data-copy-service-computed-style=\"font-family: &quot;Google Sans&quot;, Arial, sans-serif; font-size: 16px; font-weight: 400; margin: 0px; text-decoration: none; border-bottom: 0px rgb(10, 10, 10);\"> (<a href=\"#\" onclick=\"referencia('proton',event); return false;\">protones<\/a> y <a href=\"#\" onclick=\"referencia('neutron',event); return false;\">neutrones<\/a>, compuestos de <a href=\"#\" onclick=\"referencia('quarks',event); return false;\">quarks<\/a> que est\u00e1n all\u00ed confinados por la <a href=\"#\" onclick=\"referencia('fuerza nuclear fuerte',event); return false;\">fuerza nuclear fuerte<\/a> y retenidos por Gluones) rodeado por <a href=\"#\" onclick=\"referencia('electron',event); return false;\">electrones<\/a>.<\/span><\/p>\n<p>&nbsp;<\/p>\n<p><img decoding=\"async\" loading=\"lazy\" class=\"aligncenter\" src=\"https:\/\/upload.wikimedia.org\/wikipedia\/commons\/2\/23\/Helium_atom_QM.svg\" alt=\"N\u00facleo at\u00f3mico - Wikipedia, la enciclopedia libre\" width=\"342\" height=\"343\" \/><\/p>\n<p>&nbsp;<\/p>\n<div class=\"\" data-bfc=\"\" data-ved=\"2ahUKEwj1kMSRn5qUAxUtP_sDHU6tIw8Qi4wTegQIAxAA\" data-processed=\"true\" data-copy-service-computed-style=\"font-family: &quot;Google Sans&quot;, Arial, sans-serif; font-size: 16px; font-weight: 400; margin: 0px; text-decoration: none; border-bottom: 0px rgb(10, 10, 10);\">\n<ul class=\"KsbFXc U6u95\" data-sfc-root=\"c\" data-sfc-cb=\"\" data-processed=\"true\" data-copy-service-computed-style=\"font-family: &quot;Google Sans&quot;, Arial, sans-serif; font-size: 16px; font-weight: 400; margin: 12px 0px 16px; text-decoration: none; border-bottom: 0px rgb(10, 10, 10);\">\n<li class=\"Z1qcYe\" style=\"text-align: justify;\" data-sfc-cp=\"\" data-sfc-root=\"c\" data-sfc-cb=\"\" data-hveid=\"CAMQAQ\" data-processed=\"true\" data-copy-service-computed-style=\"font-family: &quot;Google Sans&quot;, Arial, sans-serif; font-size: 16px; font-weight: 400; margin: 0px 0px 12px; text-decoration: none; border-bottom: 0px rgb(10, 10, 10);\"><span class=\"T286Pc\" data-sfc-cp=\"\" data-sfc-root=\"c\" data-sfc-cb=\"\" data-processed=\"true\" data-copy-service-computed-style=\"font-family: &quot;Google Sans&quot;, Arial, sans-serif; font-size: 16px; font-weight: 400; margin: 0px; text-decoration: none; border-bottom: 0px rgb(10, 10, 10);\"><strong class=\"Yjhzub\" data-sfc-root=\"c\" data-sfc-cb=\"\" data-processed=\"true\" data-copy-service-computed-style=\"font-family: &quot;Google Sans&quot;, Arial, sans-serif; font-size: 16px; font-weight: 600; margin: 0px; text-decoration: none; border-bottom: 0px rgb(10, 10, 10);\">La realidad del vac\u00edo:<\/strong> Si el n\u00facleo de un \u00e1tomo fuera del tama\u00f1o de una mosca, el \u00e1tomo entero ser\u00eda del tama\u00f1o de un estadio de f\u00fatbol. Ese inmenso volumen &#8220;vac\u00edo&#8221; representa m\u00e1s del <strong class=\"Yjhzub\" data-sfc-root=\"c\" data-sfc-cb=\"\" data-processed=\"true\" data-copy-service-computed-style=\"font-family: &quot;Google Sans&quot;, Arial, sans-serif; font-size: 16px; font-weight: 600; margin: 0px; text-decoration: none; border-bottom: 0px rgb(10, 10, 10);\">99.9999999% del \u00e1tomo<\/strong>. Es decir, la parte s\u00f3lida, es s\u00f3lo de una entre cien mil.<\/span><\/li>\n<li class=\"Z1qcYe\" style=\"text-align: justify;\" data-sfc-cp=\"\" data-sfc-root=\"c\" data-sfc-cb=\"\" data-hveid=\"CAMQAg\" data-processed=\"true\" data-copy-service-computed-style=\"font-family: &quot;Google Sans&quot;, Arial, sans-serif; font-size: 16px; font-weight: 400; margin: 0px 0px 12px; text-decoration: none; border-bottom: 0px rgb(10, 10, 10);\"><span class=\"T286Pc\" data-sfc-cp=\"\" data-sfc-root=\"c\" data-sfc-cb=\"\" data-processed=\"true\" data-copy-service-computed-style=\"font-family: &quot;Google Sans&quot;, Arial, sans-serif; font-size: 16px; font-weight: 400; margin: 0px; text-decoration: none; border-bottom: 0px rgb(10, 10, 10);\"><strong class=\"Yjhzub\" data-sfc-root=\"c\" data-sfc-cb=\"\" data-processed=\"true\" data-copy-service-computed-style=\"font-family: &quot;Google Sans&quot;, Arial, sans-serif; font-size: 16px; font-weight: 600; margin: 0px; text-decoration: none; border-bottom: 0px rgb(10, 10, 10);\">\u00bfEs una ilusi\u00f3n?<\/strong> Desde una perspectiva cl\u00e1sica, la materia es casi totalmente &#8220;nada&#8221;. Sin embargo, la f\u00edsica cu\u00e1ntica matiza esto: ese espacio no est\u00e1 realmente vac\u00edo, est\u00e1 lleno de <strong class=\"Yjhzub\" data-sfc-root=\"c\" data-sfc-cb=\"\" data-processed=\"true\" data-copy-service-computed-style=\"font-family: &quot;Google Sans&quot;, Arial, sans-serif; font-size: 16px; font-weight: 600; margin: 0px; text-decoration: none; border-bottom: 0px rgb(10, 10, 10);\">campos de fuerza<\/strong> (electromagn\u00e9ticos, fuertes) y <strong class=\"Yjhzub\" data-sfc-root=\"c\" data-sfc-cb=\"\" data-processed=\"true\" data-copy-service-computed-style=\"font-family: &quot;Google Sans&quot;, Arial, sans-serif; font-size: 16px; font-weight: 600; margin: 0px; text-decoration: none; border-bottom: 0px rgb(10, 10, 10);\">fluctuaciones cu\u00e1nticas<\/strong>. Cuando hacemos palmas con las manos, o\u00edmos el golpe del choque que se produce cuando esos campos magn\u00e9ticos que rodean los \u00e1tomos de las manos se encuentran, impidiendo que las manos se crucen la una a tracv\u00e9z de la otra.\u00a0<\/span><\/li>\n<li class=\"Z1qcYe\" style=\"text-align: justify;\" data-sfc-cp=\"\" data-sfc-root=\"c\" data-sfc-cb=\"\" data-hveid=\"CAMQAw\" data-processed=\"true\" data-copy-service-computed-style=\"font-family: &quot;Google Sans&quot;, Arial, sans-serif; font-size: 16px; font-weight: 400; margin: 0px 0px 12px; text-decoration: none; border-bottom: 0px rgb(10, 10, 10);\"><span class=\"T286Pc\" data-sfc-cp=\"\" data-sfc-root=\"c\" data-sfc-cb=\"\" data-processed=\"true\" data-copy-service-computed-style=\"font-family: &quot;Google Sans&quot;, Arial, sans-serif; font-size: 16px; font-weight: 400; margin: 0px; text-decoration: none; border-bottom: 0px rgb(10, 10, 10);\"><strong class=\"Yjhzub\" data-sfc-root=\"c\" data-sfc-cb=\"\" data-processed=\"true\" data-copy-service-computed-style=\"font-family: &quot;Google Sans&quot;, Arial, sans-serif; font-size: 16px; font-weight: 600; margin: 0px; text-decoration: none; border-bottom: 0px rgb(10, 10, 10);\">La &#8220;solidez&#8221; es energ\u00eda:<\/strong> Lo que percibimos como solidez no es la materia toc\u00e1ndose (pues las part\u00edculas nunca se tocan realmente), sino la <strong class=\"Yjhzub\" data-sfc-root=\"c\" data-sfc-cb=\"\" data-processed=\"true\" data-copy-service-computed-style=\"font-family: &quot;Google Sans&quot;, Arial, sans-serif; font-size: 16px; font-weight: 600; margin: 0px; text-decoration: none; border-bottom: 0px rgb(10, 10, 10);\">repulsi\u00f3n entre los campos el\u00e9ctricos<\/strong> de los <a href=\"#\" onclick=\"referencia('electron',event); return false;\">electrones<\/a>. Es decir, el Principio de Exclusi\u00f3n de pauli para los <a href=\"#\" onclick=\"referencia('fermion',event); return false;\">fermiones<\/a> que rechazan estar juntos ocupando el mismo lugar cu\u00e1ntico.<\/span><\/li>\n<li class=\"Z1qcYe\" style=\"text-align: justify;\" data-sfc-cp=\"\" data-sfc-root=\"c\" data-sfc-cb=\"\" data-hveid=\"CAMQBA\" data-processed=\"true\" data-copy-service-computed-style=\"font-family: &quot;Google Sans&quot;, Arial, sans-serif; font-size: 16px; font-weight: 400; margin: 0px 0px 12px; text-decoration: none; border-bottom: 0px rgb(10, 10, 10);\"><span class=\"T286Pc\" data-sfc-cp=\"\" data-sfc-root=\"c\" data-sfc-cb=\"\" data-processed=\"true\" data-copy-service-computed-style=\"font-family: &quot;Google Sans&quot;, Arial, sans-serif; font-size: 16px; font-weight: 400; margin: 0px; text-decoration: none; border-bottom: 0px rgb(10, 10, 10);\"><strong class=\"Yjhzub\" data-sfc-root=\"c\" data-sfc-cb=\"\" data-processed=\"true\" data-copy-service-computed-style=\"font-family: &quot;Google Sans&quot;, Arial, sans-serif; font-size: 16px; font-weight: 600; margin: 0px; text-decoration: none; border-bottom: 0px rgb(10, 10, 10);\">Conclusi\u00f3n:<\/strong> M\u00e1s que una &#8220;ilusi\u00f3n&#8221;, el universo es <strong class=\"Yjhzub\" data-sfc-root=\"c\" data-sfc-cb=\"\" data-processed=\"true\" data-copy-service-computed-style=\"font-family: &quot;Google Sans&quot;, Arial, sans-serif; font-size: 16px; font-weight: 600; margin: 0px; text-decoration: none; border-bottom: 0px rgb(10, 10, 10);\">energ\u00eda en interacci\u00f3n<\/strong>. La &#8220;materia s\u00f3lida&#8221; es la forma en que nuestros sentidos interpretan campos de energ\u00eda intensos que no nos permiten atravesar otros objetos, aunque est\u00e9n hechos mayormente de espaciso &#8220;vac\u00edo&#8221;.<\/span><\/li>\n<\/ul>\n<\/div>\n<p>Est\u00e1 claro que pensar en todo esto nos puede desquiciar un poco. Sin embargo, por nuestras Mentes pasan ideas que&#8230;<\/p>\n<p>En una de la entradas de este Blog (Sobre el Principio Hologr\u00e1fico), entre otras cuestiones dec\u00eda:<\/p>\n<p>&nbsp;<\/p>\n<p><img decoding=\"async\" loading=\"lazy\" class=\"\" src=\"https:\/\/www.utadeo.edu.co\/sites\/tadeo\/files\/styles\/internal_517x290\/public\/node\/news\/field_images\/6bd2b0b35b178b1517695841f44590a5_article.jpg?itok=ZazmcOc0\" alt=\"Se revelan pruebas de que el universo puede ser un gran holograma | Universidad de Bogot\u00e1 Jorge Tadeo Lozano\" width=\"741\" height=\"403\" \/><\/p>\n<p>&nbsp;<\/p>\n<p style=\"text-align: justify;\">El problema que el concepto de Universo Hologr\u00e1fico intenta resolver proviene de la Termodin\u00e1mica. De acuerdo con su s\u00f3lida establecida segunda ley, el desorden nunca puede disminuir en un sistema cerrado. Esto significa que el desorden no puede disminuir en el universo como un todo ya que cu\u00e1ndo tomamos el cosmos como un todo es sistema cerrado: no hay nada \u201cfuera\u201d y, por tanto, nada a lo que se pueda abrir. Si el desorden no puede disminuir, el orden, que puede representarse como informaci\u00f3n, no puede aumentar&#8230; De acuerdo a la teor\u00eda Cuantica, la informaci\u00f3n que crea o mantiene el orden debe ser constante no puede aumentar, sino que tampoco puede disminuir o desaparecer.<\/p>\n<p>&nbsp;<\/p>\n<p><img decoding=\"async\" loading=\"lazy\" class=\"\" src=\"https:\/\/fotografias-2.larazon.es\/assets\/2026\/04\/un-nuevo-estudio-indica-que-los-agujeros-negros-no-mueren-del-todo.jpg\" alt=\"Ni la muerte destruye un agujero negro: un modelo 7D revela ...\" width=\"681\" height=\"383\" \/><\/p>\n<p>&nbsp;<\/p>\n<p style=\"text-align: justify;\">Pero \u00bfQu\u00e9 le pasa a la informaci\u00f3n cuando la materia se colapsa dentro de un <a href=\"#\" onclick=\"referencia('agujero negro',event); return false;\">agujero negro<\/a>? Parecer\u00eda que los Agujeros Negros acabar\u00edan con la informaci\u00f3n contenida en la materia. En respuesta a este enigma Stephen Hawking y Jacob Bekenstein, anunciaron que el desorden en un <a href=\"#\" onclick=\"referencia('agujero negro',event); return false;\">agujero negro<\/a> es proporcional a su \u00e1rea superficial. Dentro del <a href=\"#\" onclick=\"referencia('agujero negro',event); return false;\">agujero negro<\/a> hay mucho mas espacio para el orden de informaci\u00f3n que en su superficie. En un cent\u00edmetro cubico, por ejemplo, hay espacio para 10<sup>99<\/sup> vol\u00famenes de Planck, pero solo hay espacio para 10<sup>66<\/sup> bits de informaci\u00f3n en su superficie (un volumen de Planck es un espacio rodeado de lados que miden 10<sup>-35<\/sup> metros, algo inconcebiblemente peque\u00f1o).Es decir, que cuando la materia implosiona en un <a href=\"#\" onclick=\"referencia('agujero negro',event); return false;\">agujero negro<\/a>, una enorme cantidad de informaci\u00f3n dentro del <a href=\"#\" onclick=\"referencia('agujero negro',event); return false;\">agujero negro<\/a> parece que se pierde. Hawking estaba listo para afirmar que esto era as\u00ed, pero esto ir\u00eda en contra de la afirmaci\u00f3n de la teor\u00eda cuantica de que la informaci\u00f3n del Universo nunca se pierde.<\/p>\n<p>&nbsp;<\/p>\n<p><img decoding=\"async\" loading=\"lazy\" class=\"\" src=\"https:\/\/www.infn.it\/wp-content\/uploads\/2025\/05\/1-leonard-susskind-044-1st-choice.webp\" alt=\"Interview with Leonard Susskind - Istituto Nazionale di ...\" width=\"297\" height=\"198\" \/><\/p>\n<p><strong>Leonard Susskind,<\/strong><\/p>\n<p>&nbsp;<\/p>\n<p><img decoding=\"async\" loading=\"lazy\" class=\"\" src=\"https:\/\/encrypted-tbn0.gstatic.com\/images?q=tbn:ANd9GcSMpqkgpBb0MP5tIJIUn5TpUXImGmyETkLnXEKur7SuQydo-0WU1gV8VcUKUA9Sl__TGt_G_mGAzxX-xlSZ62XPtB4qXot4E0thsyLAOg&amp;s=10\" alt=\"Breakthrough Prize Winner Gerard \u2019t Hooft Says Quantum Mechanics Is \u2018Nonsense\u2019 | Scientific American\" width=\"311\" height=\"207\" \/><\/p>\n<p><strong>Gerard \u00b4\u00b4t Hofft<\/strong><\/p>\n<p style=\"text-align: justify;\">La soluci\u00f3n a este dilema apareci\u00f3 en 1993, cuando trabajando independientemente, <strong>Leonard Susskind,<\/strong> de la Universidad de Stanford y <strong>Gerard \u00b4\u00b4t Hofft<\/strong>, de la Universidad de Ultrecht, defendieron la idea de que la informaci\u00f3n dentro de un <a href=\"#\" onclick=\"referencia('agujero negro',event); return false;\">agujero negro<\/a> no se perder\u00eda si estuviera almacenada hologr\u00e1fica mente en su superficie.<\/p>\n<p style=\"text-align: justify;\">Las matem\u00e1ticas relacionadas con los hologramas encontraron una soluci\u00f3n estupenda en 1998, cuando Juan Maldacena, intento considerar una teor\u00eda de cuerdas, bajo condiciones de Gravedad Cuantica. Maldacena descubri\u00f3 que era mas sencillo tratar con cuerdas en espacios de cinco dimensiones que en los de cuatro dimensiones (Nosotros percibimos el espacio en tres dimensiones, dos para determinar el plano y una tercera hacia arriba o hacia abajo. Una cuarta dimensi\u00f3n estar\u00eda en una direcci\u00f3n perpendicular a estas, pero esta dimensi\u00f3n no puede percibirse. Los matem\u00e1ticos pueden a\u00f1adir cualquier n\u00famero de dimensiones, aunque estas no existan, utilizando el Tensor m\u00e9trico de Riemann).<\/p>\n<p style=\"text-align: justify;\">La soluci\u00f3n parec\u00eda evidente: supongamos que el espacio de cinco dimensiones dentro del <a href=\"#\" onclick=\"referencia('agujero negro',event); return false;\">agujero negro<\/a> es realmente un holograma de una figura de cuatro dimensiones en su superficie. Entonces ya podemos hacer c\u00e1lculos en el espacio m\u00e1s manejable de cinco dimensiones mientras consideramos un espacio de cuatro dimensiones.<\/p>\n<p>&nbsp;<\/p>\n<p><img decoding=\"async\" loading=\"lazy\" class=\"\" src=\"https:\/\/deverdaddigital.com\/wp-content\/uploads\/2018\/12\/F11062_110322_lisa_350.jpg\" alt=\"El Univeso ten\u00eda solo dos dimensiones? - De Verdad digital\" width=\"301\" height=\"244\" \/><img decoding=\"async\" loading=\"lazy\" class=\"\" src=\"https:\/\/2img.net\/h\/www.eso.org\/public\/archives\/images\/medium\/eso0303c.jpg\" alt=\"Un mapa en dos dimensiones del universo\" width=\"327\" height=\"245\" \/><\/p>\n<p style=\"text-align: justify;\">\u00bfFuncionaria una reducci\u00f3n de dimensiones para el Universo como un todo? Los te\u00f3ricos de las cuerdas est\u00e1n luchando con muchas dimensiones extra, habiendo descubierto que el espacio tridimensional no es suficiente para su b\u00fasqueda de una ecuaci\u00f3n que relacione las vibraciones de las distintas cuerdas del Universo. Ni siquiera valdr\u00eda el continuo espacio-tiempo tetradimensional.<\/p>\n<p style=\"text-align: justify;\">Lo cierto es que, todas estas ideas, sobrepasan el intelecto del normal de la gente que, agoviados por los problemas cotidianos (la hipoteca, hay que renovar el coche, no me suben el sueldo, el novio de la ni\u00f1a no me gusta, nustro hijo mayor no estudia&#8230;), tienen la cabeza en otros lugares, y, entonces, tenemos que dejar todas estas cuestiones para los f\u00edsocos, los fil\u00f3sofos, los grandes pensadores, o, incluso a los poetas.<\/p>\n<p>&nbsp;<\/p>\n<blockquote><p><strong>Emilio Silvera V.<\/strong><\/p><\/blockquote>\n<div class=\"Fsg96\" data-sfc-cp=\"\" data-sfc-root=\"c\" data-sfc-cb=\"\" data-processed=\"true\" data-copy-service-computed-style=\"font-family: &quot;Google Sans&quot;, Arial, sans-serif; font-size: 16px; font-weight: 400; margin: 0px; text-decoration: none; border-bottom: 0px rgb(10, 10, 10);\"><!--TgQPHd|[]--><\/div>\n<div class=\"\" data-bfc=\"\" data-ved=\"2ahUKEwj1kMSRn5qUAxUtP_sDHU6tIw8Qi4wTegQIBBAA\" data-processed=\"true\" data-copy-service-computed-style=\"font-family: &quot;Google Sans&quot;, Arial, sans-serif; font-size: 16px; font-weight: 400; margin: 0px; text-decoration: none; border-bottom: 0px rgb(10, 10, 10);\">\n<div class=\"n6owBd awi2gc\" data-sfc-cp=\"\" data-sfc-root=\"c\" data-sfc-cb=\"\" data-hveid=\"CAQQAQ\" data-processed=\"true\" data-copy-service-computed-style=\"font-family: &quot;Google Sans&quot;, Arial, sans-serif; font-size: 16px; font-weight: 400; margin: 12px 0px 16px; text-decoration: none; border-bottom: 0px rgb(0, 29, 53);\"><\/div>\n<\/div>\n<div class='bookmark'>\r\n\t\t<table align='left' border='0' cellpadding='0' width='100%'>\r\n\t\t<tr><td><span class='pushbutton'><a href='http:\/\/delicious.com\/post?url=http%3A%2F%2Fwww.emiliosilveravazquez.com%2Fblog%2F2026%2F05%2F02%2Fverdades-asombrisas-que-viven-en-un-universo-invisible%2F&amp;title=Verdades+asombrosas+que++%26%238220%3Bviven%26%238221%3B+en+un+%26%238220%3Buniverso%26%238221%3B+invisible' title='Delicious' target='_blank' rel='nofollow'><img src='http:\/\/www.emiliosilveravazquez.com\/blog\/wp-content\/plugins\/knxdt-bookmarks-wordpress-plugin\/images\/delicious.png'  alt='' class='book_img' border='none' style='margin:1px; padding: 0;'  \/><\/a><\/span><span class='pushbutton'><a href='http:\/\/digg.com\/submit?url=http%3A%2F%2Fwww.emiliosilveravazquez.com%2Fblog%2F2026%2F05%2F02%2Fverdades-asombrisas-que-viven-en-un-universo-invisible%2F&amp;title=Verdades+asombrosas+que++%26%238220%3Bviven%26%238221%3B+en+un+%26%238220%3Buniverso%26%238221%3B+invisible' title='Digg' target='_blank' rel='nofollow'><img src='http:\/\/www.emiliosilveravazquez.com\/blog\/wp-content\/plugins\/knxdt-bookmarks-wordpress-plugin\/images\/digg.png'  alt='' class='book_img' border='none' style='margin:1px; padding: 0;'  \/><\/a><\/span><span class='pushbutton'><a href='http:\/\/www.google.com\/bookmarks\/mark?op=edit&amp;bkmk=http%3A%2F%2Fwww.emiliosilveravazquez.com%2Fblog%2F2026%2F05%2F02%2Fverdades-asombrisas-que-viven-en-un-universo-invisible%2F&amp;title=Verdades+asombrosas+que++%26%238220%3Bviven%26%238221%3B+en+un+%26%238220%3Buniverso%26%238221%3B+invisible' title='Google' target='_blank' rel='nofollow'><img src='http:\/\/www.emiliosilveravazquez.com\/blog\/wp-content\/plugins\/knxdt-bookmarks-wordpress-plugin\/images\/google.png'   alt='' class='book_img' border='none' style='margin:1px; padding: 0;'  \/><\/a><\/span><span class='pushbutton'><a href='http:\/\/myweb2.search.yahoo.com\/myresults\/bookmarklet?u=http%3A%2F%2Fwww.emiliosilveravazquez.com%2Fblog%2F2026%2F05%2F02%2Fverdades-asombrisas-que-viven-en-un-universo-invisible%2F&amp;t=Verdades+asombrosas+que++%26%238220%3Bviven%26%238221%3B+en+un+%26%238220%3Buniverso%26%238221%3B+invisible' title='Yahoo' target='_blank' rel='nofollow'><img src='http:\/\/www.emiliosilveravazquez.com\/blog\/wp-content\/plugins\/knxdt-bookmarks-wordpress-plugin\/images\/yahoo.png'  alt='' class='book_img' border='none' style='margin:1px; padding: 0;'  \/><\/a><\/span><span class='pushbutton'><a href='http:\/\/www.technorati.com\/faves?add=http%3A%2F%2Fwww.emiliosilveravazquez.com%2Fblog%2F2026%2F05%2F02%2Fverdades-asombrisas-que-viven-en-un-universo-invisible%2F' title='Technorati' target='_blank' rel='nofollow'><img src='http:\/\/www.emiliosilveravazquez.com\/blog\/wp-content\/plugins\/knxdt-bookmarks-wordpress-plugin\/images\/technorati.png'  alt='' class='book_img' border='none' style='margin:1px; padding: 0;'  \/><\/a><\/span><span class='pushbutton'><a href='http:\/\/meneame.net\/submit.php?url=http%3A%2F%2Fwww.emiliosilveravazquez.com%2Fblog%2F2026%2F05%2F02%2Fverdades-asombrisas-que-viven-en-un-universo-invisible%2F' title='Meneame' target='_blank' rel='nofollow'><img src='http:\/\/www.emiliosilveravazquez.com\/blog\/wp-content\/plugins\/knxdt-bookmarks-wordpress-plugin\/images\/meneame.png'  alt='' class='book_img' border='none' style='margin:1px; padding: 0;'  \/><\/a><\/span><span class='pushbutton'><a href='http:\/\/enchilame.com\/submit.php?url=http:\/\/www.emiliosilveravazquez.com\/blog\/2026\/05\/02\/verdades-asombrisas-que-viven-en-un-universo-invisible\/' target='_blank' rel='nofollow'><img title='Enchilame' src='http:\/\/www.emiliosilveravazquez.com\/blog\/wp-content\/plugins\/knxdt-bookmarks-wordpress-plugin\/images\/enchilame.png'  alt='' class='book_img' border='none' style='margin:1px; padding: 0;'  \/><\/a><\/span><span class='pushbutton'><a href='http:\/\/www.blinklist.com\/index.php?Action=Blink\/addblink.php&amp;Description=&amp;Url=http%3A%2F%2Fwww.emiliosilveravazquez.com%2Fblog%2F2026%2F05%2F02%2Fverdades-asombrisas-que-viven-en-un-universo-invisible%2F&amp;title=Verdades+asombrosas+que++%26%238220%3Bviven%26%238221%3B+en+un+%26%238220%3Buniverso%26%238221%3B+invisible' title='BlinkList' target='_blank' rel='nofollow'><img src='http:\/\/www.emiliosilveravazquez.com\/blog\/wp-content\/plugins\/knxdt-bookmarks-wordpress-plugin\/images\/blinklist.png'  alt='' class='book_img' border='none' style='margin:1px; padding: 0;'  \/><\/a><\/span><span class='pushbutton'><a href='http:\/\/reddit.com\/submit?url=http%3A%2F%2Fwww.emiliosilveravazquez.com%2Fblog%2F2026%2F05%2F02%2Fverdades-asombrisas-que-viven-en-un-universo-invisible%2F&amp;title=Verdades+asombrosas+que++%26%238220%3Bviven%26%238221%3B+en+un+%26%238220%3Buniverso%26%238221%3B+invisible' title='Reddit' target='_blank' rel='nofollow'><img src='http:\/\/www.emiliosilveravazquez.com\/blog\/wp-content\/plugins\/knxdt-bookmarks-wordpress-plugin\/images\/reddit.png'  alt='' class='book_img' border='none' style='margin:1px; padding: 0;'  \/><\/a><\/span><span class='pushbutton'><a href='http:\/\/www.tecnologiadiaria.com\/2009\/07\/abrir-com-hotmail-correo.html' target='_blank' title='hotmail'><img src='http:\/\/www.emiliosilveravazquez.com\/blog\/wp-content\/plugins\/knxdt-bookmarks-wordpress-plugin\/images\/linklove.png' alt='hotmail correo' class='book_img' border='none' style='margin:1px; padding: 0;' \/><\/a><\/span><span class='pushbutton'><a href='http:\/\/bitacoras.com\/votar\/anotacion\/externo\/mini\/www.emiliosilveravazquez.com\/blog\/2026\/05\/02\/verdades-asombrisas-que-viven-en-un-universo-invisible\/' title='Bitacoras.com' target='_blank' rel='nofollow'><img src='http:\/\/www.emiliosilveravazquez.com\/blog\/wp-content\/plugins\/knxdt-bookmarks-wordpress-plugin\/images\/bitacoras.png'  alt='' class='book_img' border='none' style='margin:1px; padding: 0;'  \/><\/a><\/span><span class='pushbutton'><a href='http:\/\/www.wikio.es\/vote?url=http%3A%2F%2Fwww.emiliosilveravazquez.com%2Fblog%2F2026%2F05%2F02%2Fverdades-asombrisas-que-viven-en-un-universo-invisible%2F' title='Wikio' target='_blank' rel='nofollow'><img src='http:\/\/www.emiliosilveravazquez.com\/blog\/wp-content\/plugins\/knxdt-bookmarks-wordpress-plugin\/images\/wikio.png'   alt='' class='book_img' border='none' style='margin:1px; padding: 0;'   \/><\/a><\/span><span class='pushbutton'><a href='http:\/\/friendfeed.com\/?url=http%3A%2F%2Fwww.emiliosilveravazquez.com%2Fblog%2F2026%2F05%2F02%2Fverdades-asombrisas-que-viven-en-un-universo-invisible%2F&amp;title=Verdades+asombrosas+que++%26%238220%3Bviven%26%238221%3B+en+un+%26%238220%3Buniverso%26%238221%3B+invisible' title='Friend Feed' target='_blank' rel='nofollow'><img src='http:\/\/www.emiliosilveravazquez.com\/blog\/wp-content\/plugins\/knxdt-bookmarks-wordpress-plugin\/images\/friendfeed.png'  alt='' class='book_img' border='none' style='margin:1px; padding: 0;'  \/><\/a><\/span><span class='pushbutton'><a href='http:\/\/www.facebook.com\/share.php?u=http%3A%2F%2Fwww.emiliosilveravazquez.com%2Fblog%2F2026%2F05%2F02%2Fverdades-asombrisas-que-viven-en-un-universo-invisible%2F&amp;t=Verdades+asombrosas+que++%26%238220%3Bviven%26%238221%3B+en+un+%26%238220%3Buniverso%26%238221%3B+invisible' title='Facebook' target='_blank' rel='nofollow'><img src='http:\/\/www.emiliosilveravazquez.com\/blog\/wp-content\/plugins\/knxdt-bookmarks-wordpress-plugin\/images\/facebook.png'  alt='' class='book_img' border='none' style='margin:1px; padding: 0;'  \/><\/a><\/span><span class='pushbutton'><a href='http:\/\/twitter.com\/home?status=Verdades+asombrosas+que++%26%238220%3Bviven%26%238221%3B+en+un+%26%238220%3Buniverso%26%238221%3B+invisible: http%3A%2F%2Fwww.emiliosilveravazquez.com%2Fblog%2F2026%2F05%2F02%2Fverdades-asombrisas-que-viven-en-un-universo-invisible%2F' title='Twitter' target='_blank' rel='nofollow'><img src='http:\/\/www.emiliosilveravazquez.com\/blog\/wp-content\/plugins\/knxdt-bookmarks-wordpress-plugin\/images\/twitter.png'  alt='' class='book_img' border='none' style='margin:1px; padding: 0;'  \/><\/a><\/span><span class='pushbutton'><a href='http:\/\/www.feedburner.com\/fb\/a\/emailFlare?itemTitle=Verdades+asombrosas+que++%26%238220%3Bviven%26%238221%3B+en+un+%26%238220%3Buniverso%26%238221%3B+invisible&amp;uri=http%3A%2F%2Fwww.emiliosilveravazquez.com%2Fblog%2F2026%2F05%2F02%2Fverdades-asombrisas-que-viven-en-un-universo-invisible%2F' title='Enviar por Email' target='_blank' rel='nofollow'><img src='http:\/\/www.emiliosilveravazquez.com\/blog\/wp-content\/plugins\/knxdt-bookmarks-wordpress-plugin\/images\/email.png'  alt='' class='book_img' border='none' style='margin:1px; padding: 0;'  \/><\/a><\/span><span style='font-weight:bold; padding-left: 5px;'><a href='http:\/\/wordpress.org\/extend\/plugins\/knxdt-bookmarks-wordpress-plugin\/' title='Plugin' rel='nofollow' target='_blank'>[?]<\/a><\/span><\/td><\/tr><\/table><br\/><br\/><\/div>","protected":false},"excerpt":{"rendered":"<p>&nbsp; \u00a0Todo lo que existe en el Universo de la materia que podemos ver, est\u00e1 hecho de la misma cosa: Quarks y Leptones, des un vaso de agua, los componentes de un tel\u00e9fono m\u00edvil, una estrella reluciente, los componentes atmosf\u00e9ricos del planeta Tierra, los elementos de los que est\u00e1n hechos todasd las especies vivas&#8230; Todo [&hellip;]<\/p>\n","protected":false},"author":2,"featured_media":0,"comment_status":"open","ping_status":"open","sticky":false,"template":"","format":"standard","meta":{"_s2mail":"","footnotes":""},"categories":[1],"tags":[],"_links":{"self":[{"href":"http:\/\/www.emiliosilveravazquez.com\/blog\/wp-json\/wp\/v2\/posts\/35554"}],"collection":[{"href":"http:\/\/www.emiliosilveravazquez.com\/blog\/wp-json\/wp\/v2\/posts"}],"about":[{"href":"http:\/\/www.emiliosilveravazquez.com\/blog\/wp-json\/wp\/v2\/types\/post"}],"author":[{"embeddable":true,"href":"http:\/\/www.emiliosilveravazquez.com\/blog\/wp-json\/wp\/v2\/users\/2"}],"replies":[{"embeddable":true,"href":"http:\/\/www.emiliosilveravazquez.com\/blog\/wp-json\/wp\/v2\/comments?post=35554"}],"version-history":[{"count":0,"href":"http:\/\/www.emiliosilveravazquez.com\/blog\/wp-json\/wp\/v2\/posts\/35554\/revisions"}],"wp:attachment":[{"href":"http:\/\/www.emiliosilveravazquez.com\/blog\/wp-json\/wp\/v2\/media?parent=35554"}],"wp:term":[{"taxonomy":"category","embeddable":true,"href":"http:\/\/www.emiliosilveravazquez.com\/blog\/wp-json\/wp\/v2\/categories?post=35554"},{"taxonomy":"post_tag","embeddable":true,"href":"http:\/\/www.emiliosilveravazquez.com\/blog\/wp-json\/wp\/v2\/tags?post=35554"}],"curies":[{"name":"wp","href":"https:\/\/api.w.org\/{rel}","templated":true}]}}