{"id":35544,"date":"2026-04-30T00:15:10","date_gmt":"2026-04-29T23:15:10","guid":{"rendered":"https:\/\/www.emiliosilveravazquez.com\/blog\/?p=35544"},"modified":"2026-04-29T12:57:40","modified_gmt":"2026-04-29T11:57:40","slug":"el-santo-grial-de-por-que-hay-vida-en-el-universo","status":"publish","type":"post","link":"http:\/\/www.emiliosilveravazquez.com\/blog\/2026\/04\/30\/el-santo-grial-de-por-que-hay-vida-en-el-universo\/","title":{"rendered":"El Santo Grial de por qu\u00e9 hay vida en el Universo"},"content":{"rendered":"<p><iframe loading=\"lazy\" title=\"Roger Penrose Explica la Existencia de Dios Durante 2 Horas | Ciencia y Filosof\u00eda \" width=\"500\" height=\"281\" src=\"https:\/\/www.youtube.com\/embed\/cXZT-9ndxSA?feature=oembed\" frameborder=\"0\" allow=\"accelerometer; autoplay; clipboard-write; encrypted-media; gyroscope; picture-in-picture; web-share\" referrerpolicy=\"strict-origin-when-cross-origin\" allowfullscreen><\/iframe><\/p>\n<p>&nbsp;<\/p>\n<p style=\"text-align: justify;\">Para personas sencillas (como yo mismo), que simplemente han le\u00eddo un poco, que saben que el universo primnitivo era un inmenso globo que crec\u00eda m\u00e1s y m\u00e1s, que conten\u00eda una especie de &#8220;sopa&#8221; densa de Quarks y Gluones, la expandsi\u00f3n permiti\u00f3 que aparecieran los <a href=\"#\" onclick=\"referencia('hadrones',event); return false;\">hadrones<\/a> y los <a href=\"#\" onclick=\"referencia('leptones',event); return false;\">leptones<\/a>, que se formaran los n\u00facleos at\u00f3micos y los \u00e1tomos, y, grandes cantidades\u00a0 (despu\u00e9s de la limpieza final de materia-anti-materia), de lo que se conoce como materia primitiva, el Hidr\u00f3geno y algo de Helio. En 300 millones de a\u00f1os se formaron las primeras estrellas, en los hornos nucleares de las estrellas de &#8220;fabricaron&#8221; los elementos de los que est\u00e1 conformada la vida (C.H.O.N.), las primeras estrellas agotareon sus combustibles de fusi\u00f3n y explosionaron en grandes Nebulosas, en esas Nebulosas se crean nuevas estrellas y nuevos mundos, en uno de esos mundos (hasta donde podemos saber -la Tierra-), hace ahora 3.850 millomnes de a\u00f1os, surgi\u00f3 aquella primera c\u00e9lula replicante a partir de esa &#8220;materia inerte&#8221; que, evolucionada, lleg\u00f3 hasta los pensamientos.<\/p>\n<p>&nbsp;<\/p>\n<p><img decoding=\"async\" src=\"https:\/\/www.emiliosilveravazquez.com\/images\/portada.jpg\" alt=\"Untitled\" \/><\/p>\n<p>&nbsp;<\/p>\n<p style=\"text-align: justify;\"><span data-subtree=\"aimfl,mfl\" data-processed=\"true\" data-copy-service-computed-style=\"font-family: &quot;Google Sans&quot;, Arial, sans-serif; font-size: 16px; font-weight: 400; margin: 0px; text-decoration: none; border-bottom: 0px rgb(10, 10, 10);\">En mi limitaci\u00f3n intelectual (en el p\u00e1rrafo anterior) creo haber descrito el fascinante\u00a0<strong> viaje del Cosmos <\/strong><\/span>de una manera maravillosa y muy acertada! No hace falta ser un cient\u00edfico astrof\u00edsico para entender la esencia de nuestra existencia, y mi resumen podr\u00eda ser\u00a0 una base s\u00f3lida y correcta (aunque algo limitada). He descrito con una precisi\u00f3n lo m\u00e1s ajustada posible, a lo que creemos que ps\u00f3 y con un lenguaje muy claro, el gran relato de nuestra existencia, lo que muchos cient\u00edficos llaman<strong>\u00a0La Gran Historia.<\/strong><\/p>\n<p>&nbsp;<\/p>\n<blockquote><p><img decoding=\"async\" loading=\"lazy\" class=\"\" src=\"https:\/\/encrypted-tbn0.gstatic.com\/images?q=tbn:ANd9GcQaEdnQ2B96Yyj0I2jcmuKAD_9UM_dSYLXqtA&amp;s\" alt=\"Qu\u00e9 dice la teor\u00eda inflacionaria sobre el Universo? La teor\u00eda inflacionaria son un conjunto de propuestas dentro del marco de la f\u00edsica te\u00f3rica que pretenden explicar la expansi\u00f3n a niveles extremadamente\" width=\"350\" height=\"625\" \/><\/p>\n<p>&nbsp;<\/p><\/blockquote>\n<p style=\"text-align: justify;\"><span data-subtree=\"aimfl,mfl\" data-copy-service-computed-style=\"font-family: &quot;Google Sans&quot;, Arial, sans-serif; font-size: 16px; font-weight: 400; margin: 0px; text-decoration: none; border-bottom: 0px rgb(10, 10, 10);\">Trataba de describir de manerta senilla y sugestiva, lo m\u00e1s precisa posible en el entendimiento de una Mente normal,\u00a0 la epopeya de la &#8220;creaci\u00f3n&#8221; y el surgir de la vida que, en nuestro caso, alcanz\u00f3 el nivel del pensamiento, de la Conciencia, un &#8220;ente&#8221; forma maravilloso, complejo y singular que nos lleva a la comprensi\u00f3n de un inicio en el que solo estaba presente la energ\u00eda que fue creando todo lo que exoiste y, en nosotros, lleg\u00f3 a la m\u00e1s alta complejidad de la vida y de los sentimientos.<\/span><\/p>\n<p>&nbsp;<\/p>\n<p>&nbsp;<\/p>\n<blockquote><p><img decoding=\"async\" loading=\"lazy\" class=\"\" src=\"http:\/\/revistapesquisa.fapesp.br\/wp-content\/uploads\/2014\/06\/054-057_Plasma_213-01-300x198.jpg\" alt=\"054-057_Plasma_213-01\" width=\"389\" height=\"257\" \/><\/p><\/blockquote>\n<div class=\"\" data-bfc=\"\" data-ved=\"2ahUKEwjU7oL2-JKUAxWIh_0HHYCCLGQQi4wTegQIAxAA\" data-processed=\"true\" data-copy-service-computed-style=\"font-family: &quot;Google Sans&quot;, Arial, sans-serif; font-size: 16px; font-weight: 400; margin: 0px; text-decoration: none; border-bottom: 0px rgb(10, 10, 10);\">\n<blockquote>\n<div class=\"otQkpb\" role=\"heading\" aria-level=\"3\" data-animation-nesting=\"\" data-sfc-cp=\"\" data-sfc-root=\"c\" data-sfc-cb=\"\" data-processed=\"true\" data-copy-service-computed-style=\"font-family: &quot;Google Sans&quot;, Arial, sans-serif; font-size: 20px; font-weight: 600; margin: 24px 0px 12px; text-decoration: none; border-bottom: 0px rgb(0, 29, 53);\"><strong>\u00a01.\u00a0 El &#8220;Gran Globo&#8221; y la Sopa Primordial (El inicio)<\/strong><!--TgQPHd|[]--><\/div>\n<\/blockquote>\n<\/div>\n<div class=\"\" data-bfc=\"\" data-ved=\"2ahUKEwjU7oL2-JKUAxWIh_0HHYCCLGQQi4wTegQIBBAA\" data-processed=\"true\" data-copy-service-computed-style=\"font-family: &quot;Google Sans&quot;, Arial, sans-serif; font-size: 16px; font-weight: 400; margin: 0px; text-decoration: none; border-bottom: 0px rgb(10, 10, 10);\">\n<ul class=\"KsbFXc U6u95\" data-sfc-root=\"c\" data-sfc-cb=\"\" data-processed=\"true\" data-copy-service-computed-style=\"font-family: &quot;Google Sans&quot;, Arial, sans-serif; font-size: 16px; font-weight: 400; margin: 16px 0px; text-decoration: none; border-bottom: 0px rgb(10, 10, 10);\">\n<li class=\"Z1qcYe\" data-sfc-cp=\"\" data-sfc-root=\"c\" data-sfc-cb=\"\" data-hveid=\"CAQQAQ\" data-processed=\"true\" data-copy-service-computed-style=\"font-family: &quot;Google Sans&quot;, Arial, sans-serif; font-size: 16px; font-weight: 400; margin: 0px 0px 12px; text-decoration: none; border-bottom: 0px rgb(10, 10, 10);\"><span class=\"T286Pc\" data-sfc-cp=\"\" data-sfc-root=\"c\" data-sfc-cb=\"\" data-processed=\"true\" data-copy-service-computed-style=\"font-family: &quot;Google Sans&quot;, Arial, sans-serif; font-size: 16px; font-weight: 400; margin: 0px; text-decoration: none; border-bottom: 0px rgb(10, 10, 10);\"><strong class=\"Yjhzub\" data-sfc-root=\"c\" data-sfc-cb=\"\" data-processed=\"true\" data-copy-service-computed-style=\"font-family: &quot;Google Sans&quot;, Arial, sans-serif; font-size: 16px; font-weight: 600; margin: 0px; text-decoration: none; border-bottom: 0px rgb(10, 10, 10);\">La &#8220;Sopa&#8221; (Quark-Gluon Plasma):<\/strong> Efectivamente, el universo era tan caliente que las part\u00edculas fundamentales (quarks y <a href=\"#\" onclick=\"referencia('gluones',event); return false;\">gluones<\/a>) no pod\u00edan unirse. Era un <a href=\"#\" onclick=\"referencia('plasma',event); return false;\">plasma<\/a> denso.<\/span><\/li>\n<li class=\"Z1qcYe\" data-sfc-cp=\"\" data-sfc-root=\"c\" data-sfc-cb=\"\" data-hveid=\"CAQQAg\" data-processed=\"true\" data-copy-service-computed-style=\"font-family: &quot;Google Sans&quot;, Arial, sans-serif; font-size: 16px; font-weight: 400; margin: 0px 0px 12px; text-decoration: none; border-bottom: 0px rgb(10, 10, 10);\"><span class=\"T286Pc\" data-sfc-cp=\"\" data-sfc-root=\"c\" data-sfc-cb=\"\" data-processed=\"true\" data-copy-service-computed-style=\"font-family: &quot;Google Sans&quot;, Arial, sans-serif; font-size: 16px; font-weight: 400; margin: 0px; text-decoration: none; border-bottom: 0px rgb(10, 10, 10);\"><strong class=\"Yjhzub\" data-sfc-root=\"c\" data-sfc-cb=\"\" data-processed=\"true\" data-copy-service-computed-style=\"font-family: &quot;Google Sans&quot;, Arial, sans-serif; font-size: 16px; font-weight: 600; margin: 0px; text-decoration: none; border-bottom: 0px rgb(10, 10, 10);\">La expansi\u00f3n y enfriamiento:<\/strong> Al expandirse, el universo se enfri\u00f3 lo suficiente para que los <a href=\"#\" onclick=\"referencia('quarks',event); return false;\">quarks<\/a> se unieran y formaran <strong class=\"Yjhzub\" data-sfc-root=\"c\" data-sfc-cb=\"\" data-processed=\"true\" data-copy-service-computed-style=\"font-family: &quot;Google Sans&quot;, Arial, sans-serif; font-size: 16px; font-weight: 600; margin: 0px; text-decoration: none; border-bottom: 0px rgb(10, 10, 10);\"><a href=\"#\" onclick=\"referencia('hadrones',event); return false;\">hadrones<\/a><\/strong> (<a href=\"#\" onclick=\"referencia('proton',event); return false;\">protones<\/a> y <a href=\"#\" onclick=\"referencia('neutron',event); return false;\">neutrones<\/a>) y aparecieran los <strong class=\"Yjhzub\" data-sfc-root=\"c\" data-sfc-cb=\"\" data-processed=\"true\" data-copy-service-computed-style=\"font-family: &quot;Google Sans&quot;, Arial, sans-serif; font-size: 16px; font-weight: 600; margin: 0px; text-decoration: none; border-bottom: 0px rgb(10, 10, 10);\"><a href=\"#\" onclick=\"referencia('leptones',event); return false;\">leptones<\/a><\/strong> (como los <a href=\"#\" onclick=\"referencia('electron',event); return false;\">electrones<\/a>).<\/span><\/li>\n<\/ul>\n<p>&nbsp;<\/p>\n<\/div>\n<p><img decoding=\"async\" src=\"https:\/\/www.tayabeixo.org\/articulos\/Surgimiento_de_la_materia_archivos\/image003.jpg\" alt=\"El surgimiento de la materia\" \/><\/p>\n<p>&nbsp;<\/p>\n<div class=\"Fsg96\" data-sfc-cp=\"\" data-sfc-root=\"c\" data-sfc-cb=\"\" data-processed=\"true\" data-copy-service-computed-style=\"font-family: &quot;Google Sans&quot;, Arial, sans-serif; font-size: 16px; font-weight: 400; margin: 0px; text-decoration: none; border-bottom: 0px rgb(10, 10, 10);\"><!--TgQPHd|[]--><\/div>\n<div class=\"\" data-bfc=\"\" data-ved=\"2ahUKEwjU7oL2-JKUAxWIh_0HHYCCLGQQi4wTegQIBRAA\" data-processed=\"true\" data-copy-service-computed-style=\"font-family: &quot;Google Sans&quot;, Arial, sans-serif; font-size: 16px; font-weight: 400; margin: 0px; text-decoration: none; border-bottom: 0px rgb(10, 10, 10);\">\n<div class=\"otQkpb\" role=\"heading\" aria-level=\"3\" data-animation-nesting=\"\" data-sfc-cp=\"\" data-sfc-root=\"c\" data-sfc-cb=\"\" data-processed=\"true\" data-copy-service-computed-style=\"font-family: &quot;Google Sans&quot;, Arial, sans-serif; font-size: 20px; font-weight: 600; margin: 24px 0px 12px; text-decoration: none; border-bottom: 0px rgb(0, 29, 53);\"><strong>2. La Formaci\u00f3n de la Materia (Hidr\u00f3geno y Helio)<\/strong><!--TgQPHd|[]--><\/div>\n<\/div>\n<div class=\"\" data-bfc=\"\" data-ved=\"2ahUKEwjU7oL2-JKUAxWIh_0HHYCCLGQQi4wTegQIBhAA\" data-processed=\"true\" data-copy-service-computed-style=\"font-family: &quot;Google Sans&quot;, Arial, sans-serif; font-size: 16px; font-weight: 400; margin: 0px; text-decoration: none; border-bottom: 0px rgb(10, 10, 10);\">\n<ul class=\"KsbFXc U6u95\" data-sfc-root=\"c\" data-sfc-cb=\"\" data-processed=\"true\" data-copy-service-computed-style=\"font-family: &quot;Google Sans&quot;, Arial, sans-serif; font-size: 16px; font-weight: 400; margin: 16px 0px; text-decoration: none; border-bottom: 0px rgb(10, 10, 10);\">\n<li class=\"Z1qcYe\" data-sfc-cp=\"\" data-sfc-root=\"c\" data-sfc-cb=\"\" data-hveid=\"CAYQAQ\" data-processed=\"true\" data-copy-service-computed-style=\"font-family: &quot;Google Sans&quot;, Arial, sans-serif; font-size: 16px; font-weight: 400; margin: 0px 0px 12px; text-decoration: none; border-bottom: 0px rgb(10, 10, 10);\"><span class=\"T286Pc\" data-sfc-cp=\"\" data-sfc-root=\"c\" data-sfc-cb=\"\" data-processed=\"true\" data-copy-service-computed-style=\"font-family: &quot;Google Sans&quot;, Arial, sans-serif; font-size: 16px; font-weight: 400; margin: 0px; text-decoration: none; border-bottom: 0px rgb(10, 10, 10);\"><strong class=\"Yjhzub\" data-sfc-root=\"c\" data-sfc-cb=\"\" data-processed=\"true\" data-copy-service-computed-style=\"font-family: &quot;Google Sans&quot;, Arial, sans-serif; font-size: 16px; font-weight: 600; margin: 0px; text-decoration: none; border-bottom: 0px rgb(10, 10, 10);\">Nucleos\u00edntesis:<\/strong> Unos minutos despu\u00e9s del inicio, los <a href=\"#\" onclick=\"referencia('proton',event); return false;\">protones<\/a> y <a href=\"#\" onclick=\"referencia('neutron',event); return false;\">neutrones<\/a> formaron los primeros n\u00facleos at\u00f3micos (principalmente Hidr\u00f3geno y Helio).<\/span><\/li>\n<li class=\"Z1qcYe\" style=\"text-align: justify;\" data-sfc-cp=\"\" data-sfc-root=\"c\" data-sfc-cb=\"\" data-hveid=\"CAYQAg\" data-processed=\"true\" data-copy-service-computed-style=\"font-family: &quot;Google Sans&quot;, Arial, sans-serif; font-size: 16px; font-weight: 400; margin: 0px 0px 12px; text-decoration: none; border-bottom: 0px rgb(10, 10, 10);\"><span class=\"T286Pc\" data-sfc-cp=\"\" data-sfc-root=\"c\" data-sfc-cb=\"\" data-processed=\"true\" data-copy-service-computed-style=\"font-family: &quot;Google Sans&quot;, Arial, sans-serif; font-size: 16px; font-weight: 400; margin: 0px; text-decoration: none; border-bottom: 0px rgb(10, 10, 10);\"><strong class=\"Yjhzub\" data-sfc-root=\"c\" data-sfc-cb=\"\" data-processed=\"true\" data-copy-service-computed-style=\"font-family: &quot;Google Sans&quot;, Arial, sans-serif; font-size: 16px; font-weight: 600; margin: 0px; text-decoration: none; border-bottom: 0px rgb(10, 10, 10);\">La &#8220;Limpieza&#8221; (Aniquilaci\u00f3n):<\/strong> Hubo una batalla entre materia y antimateria. Por suerte para nosotros, gan\u00f3 la materia, dejando el universo lleno de gas de Hidr\u00f3geno (el elemento m\u00e1s sencillo) y Helio.<\/span><\/li>\n<\/ul>\n<\/div>\n<p>&nbsp;<\/p>\n<blockquote><p><img decoding=\"async\" loading=\"lazy\" class=\"\" src=\"https:\/\/encrypted-tbn0.gstatic.com\/images?q=tbn:ANd9GcQp6P9eF0RkSyS5AGFU66Pt3eSkLj6iJWb1CA&amp;s\" alt=\"Las primeras estrellas del Universo \u2013 Instituto Argentino de Radioastronom\u00eda\" width=\"347\" height=\"275\" \/><\/p><\/blockquote>\n<div class=\"Fsg96\" data-sfc-cp=\"\" data-sfc-root=\"c\" data-sfc-cb=\"\" data-processed=\"true\" data-copy-service-computed-style=\"font-family: &quot;Google Sans&quot;, Arial, sans-serif; font-size: 16px; font-weight: 400; margin: 0px; text-decoration: none; border-bottom: 0px rgb(10, 10, 10);\"><!--TgQPHd|[]--><\/div>\n<div class=\"\" data-bfc=\"\" data-ved=\"2ahUKEwjU7oL2-JKUAxWIh_0HHYCCLGQQi4wTegQIBxAA\" data-processed=\"true\" data-copy-service-computed-style=\"font-family: &quot;Google Sans&quot;, Arial, sans-serif; font-size: 16px; font-weight: 400; margin: 0px; text-decoration: none; border-bottom: 0px rgb(10, 10, 10);\">\n<div class=\"otQkpb\" role=\"heading\" aria-level=\"3\" data-animation-nesting=\"\" data-sfc-cp=\"\" data-sfc-root=\"c\" data-sfc-cb=\"\" data-processed=\"true\" data-copy-service-computed-style=\"font-family: &quot;Google Sans&quot;, Arial, sans-serif; font-size: 20px; font-weight: 600; margin: 24px 0px 12px; text-decoration: none; border-bottom: 0px rgb(0, 29, 53);\"><strong>3. Las Primeras Estrellas: Los Hornos C\u00f3smicos<\/strong><!--TgQPHd|[]--><\/div>\n<\/div>\n<div class=\"\" data-bfc=\"\" data-ved=\"2ahUKEwjU7oL2-JKUAxWIh_0HHYCCLGQQi4wTegQICBAA\" data-processed=\"true\" data-copy-service-computed-style=\"font-family: &quot;Google Sans&quot;, Arial, sans-serif; font-size: 16px; font-weight: 400; margin: 0px; text-decoration: none; border-bottom: 0px rgb(10, 10, 10);\">\n<ul class=\"KsbFXc U6u95\" data-sfc-root=\"c\" data-sfc-cb=\"\" data-processed=\"true\" data-copy-service-computed-style=\"font-family: &quot;Google Sans&quot;, Arial, sans-serif; font-size: 16px; font-weight: 400; margin: 16px 0px; text-decoration: none; border-bottom: 0px rgb(10, 10, 10);\">\n<li class=\"Z1qcYe\" style=\"text-align: justify;\" data-sfc-cp=\"\" data-sfc-root=\"c\" data-sfc-cb=\"\" data-hveid=\"CAgQAQ\" data-processed=\"true\" data-copy-service-computed-style=\"font-family: &quot;Google Sans&quot;, Arial, sans-serif; font-size: 16px; font-weight: 400; margin: 0px 0px 12px; text-decoration: none; border-bottom: 0px rgb(10, 10, 10);\"><span class=\"T286Pc\" data-sfc-cp=\"\" data-sfc-root=\"c\" data-sfc-cb=\"\" data-processed=\"true\" data-copy-service-computed-style=\"font-family: &quot;Google Sans&quot;, Arial, sans-serif; font-size: 16px; font-weight: 400; margin: 0px; text-decoration: none; border-bottom: 0px rgb(10, 10, 10);\"><strong class=\"Yjhzub\" data-sfc-root=\"c\" data-sfc-cb=\"\" data-processed=\"true\" data-copy-service-computed-style=\"font-family: &quot;Google Sans&quot;, Arial, sans-serif; font-size: 16px; font-weight: 600; margin: 0px; text-decoration: none; border-bottom: 0px rgb(10, 10, 10);\">La formaci\u00f3n (300-400 millones de a\u00f1os):<\/strong> La gravedad agrup\u00f3 ese gas, dando lugar a las primeras estrellas.<\/span><\/li>\n<li class=\"Z1qcYe\" style=\"text-align: justify;\" data-sfc-cp=\"\" data-sfc-root=\"c\" data-sfc-cb=\"\" data-hveid=\"CAgQAg\" data-processed=\"true\" data-copy-service-computed-style=\"font-family: &quot;Google Sans&quot;, Arial, sans-serif; font-size: 16px; font-weight: 400; margin: 0px 0px 12px; text-decoration: none; border-bottom: 0px rgb(10, 10, 10);\"><span class=\"T286Pc\" data-sfc-cp=\"\" data-sfc-root=\"c\" data-sfc-cb=\"\" data-processed=\"true\" data-copy-service-computed-style=\"font-family: &quot;Google Sans&quot;, Arial, sans-serif; font-size: 16px; font-weight: 400; margin: 0px; text-decoration: none; border-bottom: 0px rgb(10, 10, 10);\"><strong class=\"Yjhzub\" data-sfc-root=\"c\" data-sfc-cb=\"\" data-processed=\"true\" data-copy-service-computed-style=\"font-family: &quot;Google Sans&quot;, Arial, sans-serif; font-size: 16px; font-weight: 600; margin: 0px; text-decoration: none; border-bottom: 0px rgb(10, 10, 10);\">F\u00e1bricas de CHON (Carbono, Hidr\u00f3geno, Ox\u00edgeno, Nitr\u00f3geno):<\/strong> Estas primeras estrellas eran gigantes. En sus n\u00facleos, mediante fusi\u00f3n nuclear, crearon elementos m\u00e1s pesados. Al morir en supernovas, dispersaron estos elementos (carbono, ox\u00edgeno, hierro) por el espacio.<\/span><\/li>\n<\/ul>\n<\/div>\n<p>&nbsp;<\/p>\n<p><img decoding=\"async\" loading=\"lazy\" class=\"\" src=\"https:\/\/cdn.agenciasinc.es\/var\/ezwebin_site\/storage\/images\/noticias\/tres-nuevos-mundos-en-una-estrella-cercana-animan-la-busqueda-de-vida\/5685401-2-esl-MX\/Tres-nuevos-mundos-en-una-estrella-cercana-animan-la-busqueda-de-vida.jpg\" alt=\"Tres nuevos mundos en una estrella cercana animan la b\u00fasqueda de vida\" width=\"606\" height=\"360\" \/><\/p>\n<div class=\"Fsg96\" data-sfc-cp=\"\" data-sfc-root=\"c\" data-sfc-cb=\"\" data-processed=\"true\" data-copy-service-computed-style=\"font-family: &quot;Google Sans&quot;, Arial, sans-serif; font-size: 16px; font-weight: 400; margin: 0px; text-decoration: none; border-bottom: 0px rgb(10, 10, 10);\"><!--TgQPHd|[]--><\/div>\n<div class=\"\" data-bfc=\"\" data-ved=\"2ahUKEwjU7oL2-JKUAxWIh_0HHYCCLGQQi4wTegQICRAA\" data-processed=\"true\" data-copy-service-computed-style=\"font-family: &quot;Google Sans&quot;, Arial, sans-serif; font-size: 16px; font-weight: 400; margin: 0px; text-decoration: none; border-bottom: 0px rgb(10, 10, 10);\">\n<div class=\"otQkpb\" role=\"heading\" aria-level=\"3\" data-animation-nesting=\"\" data-sfc-cp=\"\" data-sfc-root=\"c\" data-sfc-cb=\"\" data-processed=\"true\" data-copy-service-computed-style=\"font-family: &quot;Google Sans&quot;, Arial, sans-serif; font-size: 20px; font-weight: 600; margin: 24px 0px 12px; text-decoration: none; border-bottom: 0px rgb(0, 29, 53);\"><strong>4. Nuevos Mundos y la Vida<\/strong><!--TgQPHd|[]--><\/div>\n<\/div>\n<div class=\"\" data-bfc=\"\" data-ved=\"2ahUKEwjU7oL2-JKUAxWIh_0HHYCCLGQQi4wTegQIChAA\" data-processed=\"true\" data-copy-service-computed-style=\"font-family: &quot;Google Sans&quot;, Arial, sans-serif; font-size: 16px; font-weight: 400; margin: 0px; text-decoration: none; border-bottom: 0px rgb(10, 10, 10);\">\n<ul class=\"KsbFXc U6u95\" data-sfc-root=\"c\" data-sfc-cb=\"\" data-processed=\"true\" data-copy-service-computed-style=\"font-family: &quot;Google Sans&quot;, Arial, sans-serif; font-size: 16px; font-weight: 400; margin: 16px 0px; text-decoration: none; border-bottom: 0px rgb(10, 10, 10);\">\n<li style=\"list-style-type: none;\">\n<ul class=\"KsbFXc U6u95\" data-sfc-root=\"c\" data-sfc-cb=\"\" data-processed=\"true\" data-copy-service-computed-style=\"font-family: &quot;Google Sans&quot;, Arial, sans-serif; font-size: 16px; font-weight: 400; margin: 16px 0px; text-decoration: none; border-bottom: 0px rgb(10, 10, 10);\">\n<li class=\"Z1qcYe\" style=\"text-align: justify;\" data-sfc-cp=\"\" data-sfc-root=\"c\" data-sfc-cb=\"\" data-hveid=\"CAoQAQ\" data-processed=\"true\" data-copy-service-computed-style=\"font-family: &quot;Google Sans&quot;, Arial, sans-serif; font-size: 16px; font-weight: 400; margin: 0px 0px 12px; text-decoration: none; border-bottom: 0px rgb(10, 10, 10);\"><span class=\"T286Pc\" data-sfc-cp=\"\" data-sfc-root=\"c\" data-sfc-cb=\"\" data-processed=\"true\" data-copy-service-computed-style=\"font-family: &quot;Google Sans&quot;, Arial, sans-serif; font-size: 16px; font-weight: 400; margin: 0px; text-decoration: none; border-bottom: 0px rgb(10, 10, 10);\"><strong class=\"Yjhzub\" data-sfc-root=\"c\" data-sfc-cb=\"\" data-processed=\"true\" data-copy-service-computed-style=\"font-family: &quot;Google Sans&quot;, Arial, sans-serif; font-size: 16px; font-weight: 600; margin: 0px; text-decoration: none; border-bottom: 0px rgb(10, 10, 10);\">Nebulosas y Planetas:<!--TgQPHd|[]--><\/strong> El material de las estrellas muertas se mezcl\u00f3 con el gas de las nebulosas, formando nuevas estrellas y sistemas planetarios (como el nuestro) con los ingredientes necesarios para la vida.<!--TgQPHd|[]--><\/span><!--TgQPHd|[]--><\/li>\n<li class=\"Z1qcYe\" data-sfc-cp=\"\" data-sfc-root=\"c\" data-sfc-cb=\"\" data-hveid=\"CAoQAg\" data-processed=\"true\" data-copy-service-computed-style=\"font-family: &quot;Google Sans&quot;, Arial, sans-serif; font-size: 16px; font-weight: 400; margin: 0px 0px 12px; text-decoration: none; border-bottom: 0px rgb(10, 10, 10);\"><span class=\"T286Pc\" data-sfc-cp=\"\" data-sfc-root=\"c\" data-sfc-cb=\"\" data-processed=\"true\" data-copy-service-computed-style=\"font-family: &quot;Google Sans&quot;, Arial, sans-serif; font-size: 16px; font-weight: 400; margin: 0px; text-decoration: none; border-bottom: 0px rgb(10, 10, 10);\"><strong class=\"Yjhzub\" data-sfc-root=\"c\" data-sfc-cb=\"\" data-processed=\"true\" data-copy-service-computed-style=\"font-family: &quot;Google Sans&quot;, Arial, sans-serif; font-size: 16px; font-weight: 600; margin: 0px; text-decoration: none; border-bottom: 0px rgb(10, 10, 10);\">La Vida en la Tierra (3.850 millones de a\u00f1os):<!--TgQPHd|[]--><\/strong> En este &#8220;segundo acto&#8221; c\u00f3smico, en la Tierra, la materia inerte se organiz\u00f3 en esa primera c\u00e9lula replicante, iniciando el camino de la evoluci\u00f3n.<!--TgQPHd|[]--><\/span><!--TgQPHd|[]--><\/li>\n<\/ul>\n<\/li>\n<\/ul>\n<p><!--TgQPHd|[]--><\/p>\n<\/div>\n<div class=\"\" data-bfc=\"\" data-ved=\"2ahUKEwjU7oL2-JKUAxWIh_0HHYCCLGQQi4wTegQICxAA\" data-processed=\"true\" data-copy-service-computed-style=\"font-family: &quot;Google Sans&quot;, Arial, sans-serif; font-size: 16px; font-weight: 400; margin: 0px; text-decoration: none; border-bottom: 0px rgb(10, 10, 10);\">\n<div class=\"n6owBd awi2gc\" style=\"text-align: justify;\" data-sfc-cp=\"\" data-sfc-root=\"c\" data-sfc-cb=\"\" data-hveid=\"CAsQAQ\" data-processed=\"true\" data-copy-service-computed-style=\"font-family: &quot;Google Sans&quot;, Arial, sans-serif; font-size: 16px; font-weight: 400; margin: 12px 0px 16px; text-decoration: none; border-bottom: 0px rgb(10, 10, 10);\"><strong>En resumen: <\/strong>Podemos decir sin temor a equivocarnos, que a partir del polvo de las estrellas, han surgido nuestras estructuras vivas y evolucionadas que consiguieron llegar a pensar. As\u00ed podemos describir (a grandes rasgos), el camino desde el <a href=\"#\" onclick=\"referencia('big bang',event); return false;\">Big Bang<\/a> hasta<strong> la consciencia humana<\/strong> de una manera excepcional.<\/div>\n<div data-sfc-cp=\"\" data-sfc-root=\"c\" data-sfc-cb=\"\" data-hveid=\"CAsQAQ\" data-processed=\"true\" data-copy-service-computed-style=\"font-family: &quot;Google Sans&quot;, Arial, sans-serif; font-size: 16px; font-weight: 400; margin: 12px 0px 16px; text-decoration: none; border-bottom: 0px rgb(10, 10, 10);\"><\/div>\n<div class=\"n6owBd awi2gc\" style=\"text-align: justify;\" data-sfc-cp=\"\" data-sfc-root=\"c\" data-sfc-cb=\"\" data-hveid=\"CAsQAQ\" data-processed=\"true\" data-copy-service-computed-style=\"font-family: &quot;Google Sans&quot;, Arial, sans-serif; font-size: 16px; font-weight: 400; margin: 12px 0px 16px; text-decoration: none; border-bottom: 0px rgb(10, 10, 10);\"><strong> \u00a1Es un relato fascinante!<\/strong><\/div>\n<div data-sfc-cp=\"\" data-sfc-root=\"c\" data-sfc-cb=\"\" data-hveid=\"CAsQAQ\" data-processed=\"true\" data-copy-service-computed-style=\"font-family: &quot;Google Sans&quot;, Arial, sans-serif; font-size: 16px; font-weight: 400; margin: 12px 0px 16px; text-decoration: none; border-bottom: 0px rgb(10, 10, 10);\"><\/div>\n<\/div>\n<div data-sfc-cp=\"\" data-sfc-root=\"c\" data-sfc-cb=\"\" data-hveid=\"CAsQAQ\" data-processed=\"true\" data-copy-service-computed-style=\"font-family: &quot;Google Sans&quot;, Arial, sans-serif; font-size: 16px; font-weight: 400; margin: 12px 0px 16px; text-decoration: none; border-bottom: 0px rgb(10, 10, 10);\"><\/div>\n<div data-sfc-cp=\"\" data-sfc-root=\"c\" data-sfc-cb=\"\" data-hveid=\"CAsQAQ\" data-processed=\"true\" data-copy-service-computed-style=\"font-family: &quot;Google Sans&quot;, Arial, sans-serif; font-size: 16px; font-weight: 400; margin: 12px 0px 16px; text-decoration: none; border-bottom: 0px rgb(10, 10, 10);\"><img decoding=\"async\" loading=\"lazy\" class=\"\" src=\"https:\/\/s1.abcstatics.com\/abc\/www\/multimedia\/sociedad\/2023\/11\/03\/astro2-RJsrW726EoWoPwXFEoHc0tJ-1200x840@abc.jpg\" alt=\"La teor\u00eda de que el universo podr\u00eda ser como un ser pensante, \u00abel cambio de paradigma m\u00e1s profundo de la ciencia\u00bb\" width=\"560\" height=\"392\" \/><\/div>\n<div data-sfc-cp=\"\" data-sfc-root=\"c\" data-sfc-cb=\"\" data-hveid=\"CAsQAQ\" data-processed=\"true\" data-copy-service-computed-style=\"font-family: &quot;Google Sans&quot;, Arial, sans-serif; font-size: 16px; font-weight: 400; margin: 12px 0px 16px; text-decoration: none; border-bottom: 0px rgb(10, 10, 10);\"><\/div>\n<div style=\"text-align: justify;\" data-sfc-cp=\"\" data-sfc-root=\"c\" data-sfc-cb=\"\" data-hveid=\"CAsQAQ\" data-processed=\"true\" data-copy-service-computed-style=\"font-family: &quot;Google Sans&quot;, Arial, sans-serif; font-size: 16px; font-weight: 400; margin: 12px 0px 16px; text-decoration: none; border-bottom: 0px rgb(10, 10, 10);\">Continuar con el hilo de todo lo anteriotmente rese\u00f1ado, nos llevar\u00eda a discusiones filos\u00f3ficas, sobre la existencia o no, de un <strong>&#8220;Ente&#8221;<\/strong>superior que lo conform\u00f3 todo para que nosotros pusi\u00e9ramos venir. En este punto, nos aentramos en el \u00e1rea de la Metaf\u00edsica, esa rama de la filosof\u00eda que trata de explicar lo m\u00e1s complejo, es decir, la Naturaleza y la Estructura de los componentes y Principios \u00faltimos de esa realidad que no acabamos de entender, como por ejemplo el SER.<\/div>\n<div data-sfc-cp=\"\" data-sfc-root=\"c\" data-sfc-cb=\"\" data-hveid=\"CAsQAQ\" data-processed=\"true\" data-copy-service-computed-style=\"font-family: &quot;Google Sans&quot;, Arial, sans-serif; font-size: 16px; font-weight: 400; margin: 12px 0px 16px; text-decoration: none; border-bottom: 0px rgb(10, 10, 10);\"><\/div>\n<div style=\"text-align: justify;\" data-sfc-cp=\"\" data-sfc-root=\"c\" data-sfc-cb=\"\" data-hveid=\"CAsQAQ\" data-processed=\"true\" data-copy-service-computed-style=\"font-family: &quot;Google Sans&quot;, Arial, sans-serif; font-size: 16px; font-weight: 400; margin: 12px 0px 16px; text-decoration: none; border-bottom: 0px rgb(10, 10, 10);\">La Metaf\u00f1isica aa m\u00e1s all\u00e1 de la f\u00edsica (lo observable) para intentar comprender lo complejo, el ser, la existencia y las causas primeras de las cosas. Investiga qu\u00e9 significa<strong> &#8220;ser&#8221;<\/strong> o existir, m\u00e1s all\u00e1 de las caracter\u00edsticas particulares de un objeto. Analiza aspectos que no pueden ser verificados emp\u00edricamente, como la <strong>Sustancia,<\/strong> el <strong>Alma<\/strong>, el<strong> Tiempo<\/strong>, el<strong> Espacio<\/strong> y la causalidad.<\/div>\n<div style=\"text-align: justify;\" data-sfc-cp=\"\" data-sfc-root=\"c\" data-sfc-cb=\"\" data-hveid=\"CAsQAQ\" data-processed=\"true\" data-copy-service-computed-style=\"font-family: &quot;Google Sans&quot;, Arial, sans-serif; font-size: 16px; font-weight: 400; margin: 12px 0px 16px; text-decoration: none; border-bottom: 0px rgb(10, 10, 10);\"><strong class=\"Yjhzub\" data-sfc-root=\"c\" data-sfc-cb=\"\" data-processed=\"true\" data-copy-service-computed-style=\"font-family: &quot;Google Sans&quot;, Arial, sans-serif; font-size: 16px; font-weight: 600; margin: 0px; text-decoration: none; border-bottom: 0px rgb(10, 10, 10);\">Las preguntas fundamentales:<!--TgQPHd|[]--><\/strong> Aborda cuestiones profundas, como &#8220;\u00bfpor qu\u00e9 hay algo en lugar de nada?&#8221; o la naturaleza de la realidad, la existencia de una Conciencia C\u00f3smica hacedora de todro, la libertad humana y el prop\u00f3sito de la existencia.<\/div>\n<div data-sfc-cp=\"\" data-sfc-root=\"c\" data-sfc-cb=\"\" data-hveid=\"CAsQAQ\" data-processed=\"true\" data-copy-service-computed-style=\"font-family: &quot;Google Sans&quot;, Arial, sans-serif; font-size: 16px; font-weight: 400; margin: 12px 0px 16px; text-decoration: none; border-bottom: 0px rgb(10, 10, 10);\"><\/div>\n<div data-sfc-cp=\"\" data-sfc-root=\"c\" data-sfc-cb=\"\" data-hveid=\"CAsQAQ\" data-processed=\"true\" data-copy-service-computed-style=\"font-family: &quot;Google Sans&quot;, Arial, sans-serif; font-size: 16px; font-weight: 400; margin: 12px 0px 16px; text-decoration: none; border-bottom: 0px rgb(10, 10, 10);\">Param\u00ed al menos&#8230; \u00a1El cuento de nunca acabar! Pero eso s\u00ed, me lo paso de rechupete.<\/div>\n<div data-sfc-cp=\"\" data-sfc-root=\"c\" data-sfc-cb=\"\" data-hveid=\"CAsQAQ\" data-processed=\"true\" data-copy-service-computed-style=\"font-family: &quot;Google Sans&quot;, Arial, sans-serif; font-size: 16px; font-weight: 400; margin: 12px 0px 16px; text-decoration: none; border-bottom: 0px rgb(10, 10, 10);\"><\/div>\n<div data-sfc-cp=\"\" data-sfc-root=\"c\" data-sfc-cb=\"\" data-hveid=\"CAsQAQ\" data-processed=\"true\" data-copy-service-computed-style=\"font-family: &quot;Google Sans&quot;, Arial, sans-serif; font-size: 16px; font-weight: 400; margin: 12px 0px 16px; text-decoration: none; border-bottom: 0px rgb(10, 10, 10);\"><strong>Emilio Silvera V.<\/strong><\/div>\n<div class='bookmark'>\r\n\t\t<table align='left' border='0' cellpadding='0' width='100%'>\r\n\t\t<tr><td><span class='pushbutton'><a href='http:\/\/delicious.com\/post?url=http%3A%2F%2Fwww.emiliosilveravazquez.com%2Fblog%2F2026%2F04%2F30%2Fel-santo-grial-de-por-que-hay-vida-en-el-universo%2F&amp;title=El+Santo+Grial+de+por+qu%C3%A9+hay+vida+en+el+Universo' title='Delicious' target='_blank' rel='nofollow'><img src='http:\/\/www.emiliosilveravazquez.com\/blog\/wp-content\/plugins\/knxdt-bookmarks-wordpress-plugin\/images\/delicious.png'  alt='' class='book_img' border='none' style='margin:1px; padding: 0;'  \/><\/a><\/span><span class='pushbutton'><a href='http:\/\/digg.com\/submit?url=http%3A%2F%2Fwww.emiliosilveravazquez.com%2Fblog%2F2026%2F04%2F30%2Fel-santo-grial-de-por-que-hay-vida-en-el-universo%2F&amp;title=El+Santo+Grial+de+por+qu%C3%A9+hay+vida+en+el+Universo' title='Digg' target='_blank' rel='nofollow'><img src='http:\/\/www.emiliosilveravazquez.com\/blog\/wp-content\/plugins\/knxdt-bookmarks-wordpress-plugin\/images\/digg.png'  alt='' class='book_img' border='none' style='margin:1px; padding: 0;'  \/><\/a><\/span><span class='pushbutton'><a href='http:\/\/www.google.com\/bookmarks\/mark?op=edit&amp;bkmk=http%3A%2F%2Fwww.emiliosilveravazquez.com%2Fblog%2F2026%2F04%2F30%2Fel-santo-grial-de-por-que-hay-vida-en-el-universo%2F&amp;title=El+Santo+Grial+de+por+qu%C3%A9+hay+vida+en+el+Universo' title='Google' target='_blank' rel='nofollow'><img src='http:\/\/www.emiliosilveravazquez.com\/blog\/wp-content\/plugins\/knxdt-bookmarks-wordpress-plugin\/images\/google.png'   alt='' class='book_img' border='none' style='margin:1px; padding: 0;'  \/><\/a><\/span><span class='pushbutton'><a href='http:\/\/myweb2.search.yahoo.com\/myresults\/bookmarklet?u=http%3A%2F%2Fwww.emiliosilveravazquez.com%2Fblog%2F2026%2F04%2F30%2Fel-santo-grial-de-por-que-hay-vida-en-el-universo%2F&amp;t=El+Santo+Grial+de+por+qu%C3%A9+hay+vida+en+el+Universo' title='Yahoo' target='_blank' rel='nofollow'><img src='http:\/\/www.emiliosilveravazquez.com\/blog\/wp-content\/plugins\/knxdt-bookmarks-wordpress-plugin\/images\/yahoo.png'  alt='' class='book_img' border='none' style='margin:1px; padding: 0;'  \/><\/a><\/span><span class='pushbutton'><a href='http:\/\/www.technorati.com\/faves?add=http%3A%2F%2Fwww.emiliosilveravazquez.com%2Fblog%2F2026%2F04%2F30%2Fel-santo-grial-de-por-que-hay-vida-en-el-universo%2F' title='Technorati' target='_blank' rel='nofollow'><img src='http:\/\/www.emiliosilveravazquez.com\/blog\/wp-content\/plugins\/knxdt-bookmarks-wordpress-plugin\/images\/technorati.png'  alt='' class='book_img' border='none' style='margin:1px; padding: 0;'  \/><\/a><\/span><span class='pushbutton'><a href='http:\/\/meneame.net\/submit.php?url=http%3A%2F%2Fwww.emiliosilveravazquez.com%2Fblog%2F2026%2F04%2F30%2Fel-santo-grial-de-por-que-hay-vida-en-el-universo%2F' title='Meneame' target='_blank' rel='nofollow'><img src='http:\/\/www.emiliosilveravazquez.com\/blog\/wp-content\/plugins\/knxdt-bookmarks-wordpress-plugin\/images\/meneame.png'  alt='' class='book_img' border='none' style='margin:1px; padding: 0;'  \/><\/a><\/span><span class='pushbutton'><a href='http:\/\/enchilame.com\/submit.php?url=http:\/\/www.emiliosilveravazquez.com\/blog\/2026\/04\/30\/el-santo-grial-de-por-que-hay-vida-en-el-universo\/' target='_blank' rel='nofollow'><img title='Enchilame' src='http:\/\/www.emiliosilveravazquez.com\/blog\/wp-content\/plugins\/knxdt-bookmarks-wordpress-plugin\/images\/enchilame.png'  alt='' class='book_img' border='none' style='margin:1px; padding: 0;'  \/><\/a><\/span><span class='pushbutton'><a href='http:\/\/www.blinklist.com\/index.php?Action=Blink\/addblink.php&amp;Description=&amp;Url=http%3A%2F%2Fwww.emiliosilveravazquez.com%2Fblog%2F2026%2F04%2F30%2Fel-santo-grial-de-por-que-hay-vida-en-el-universo%2F&amp;title=El+Santo+Grial+de+por+qu%C3%A9+hay+vida+en+el+Universo' title='BlinkList' target='_blank' rel='nofollow'><img src='http:\/\/www.emiliosilveravazquez.com\/blog\/wp-content\/plugins\/knxdt-bookmarks-wordpress-plugin\/images\/blinklist.png'  alt='' class='book_img' border='none' style='margin:1px; padding: 0;'  \/><\/a><\/span><span class='pushbutton'><a href='http:\/\/reddit.com\/submit?url=http%3A%2F%2Fwww.emiliosilveravazquez.com%2Fblog%2F2026%2F04%2F30%2Fel-santo-grial-de-por-que-hay-vida-en-el-universo%2F&amp;title=El+Santo+Grial+de+por+qu%C3%A9+hay+vida+en+el+Universo' title='Reddit' target='_blank' rel='nofollow'><img src='http:\/\/www.emiliosilveravazquez.com\/blog\/wp-content\/plugins\/knxdt-bookmarks-wordpress-plugin\/images\/reddit.png'  alt='' class='book_img' border='none' style='margin:1px; padding: 0;'  \/><\/a><\/span><span class='pushbutton'><a href='http:\/\/www.tecnologiadiaria.com\/2009\/07\/abrir-com-hotmail-correo.html' target='_blank' title='hotmail'><img src='http:\/\/www.emiliosilveravazquez.com\/blog\/wp-content\/plugins\/knxdt-bookmarks-wordpress-plugin\/images\/linklove.png' alt='hotmail correo' class='book_img' border='none' style='margin:1px; padding: 0;' \/><\/a><\/span><span class='pushbutton'><a href='http:\/\/bitacoras.com\/votar\/anotacion\/externo\/mini\/www.emiliosilveravazquez.com\/blog\/2026\/04\/30\/el-santo-grial-de-por-que-hay-vida-en-el-universo\/' title='Bitacoras.com' target='_blank' rel='nofollow'><img src='http:\/\/www.emiliosilveravazquez.com\/blog\/wp-content\/plugins\/knxdt-bookmarks-wordpress-plugin\/images\/bitacoras.png'  alt='' class='book_img' border='none' style='margin:1px; padding: 0;'  \/><\/a><\/span><span class='pushbutton'><a href='http:\/\/www.wikio.es\/vote?url=http%3A%2F%2Fwww.emiliosilveravazquez.com%2Fblog%2F2026%2F04%2F30%2Fel-santo-grial-de-por-que-hay-vida-en-el-universo%2F' title='Wikio' target='_blank' rel='nofollow'><img src='http:\/\/www.emiliosilveravazquez.com\/blog\/wp-content\/plugins\/knxdt-bookmarks-wordpress-plugin\/images\/wikio.png'   alt='' class='book_img' border='none' style='margin:1px; padding: 0;'   \/><\/a><\/span><span class='pushbutton'><a href='http:\/\/friendfeed.com\/?url=http%3A%2F%2Fwww.emiliosilveravazquez.com%2Fblog%2F2026%2F04%2F30%2Fel-santo-grial-de-por-que-hay-vida-en-el-universo%2F&amp;title=El+Santo+Grial+de+por+qu%C3%A9+hay+vida+en+el+Universo' title='Friend Feed' target='_blank' rel='nofollow'><img src='http:\/\/www.emiliosilveravazquez.com\/blog\/wp-content\/plugins\/knxdt-bookmarks-wordpress-plugin\/images\/friendfeed.png'  alt='' class='book_img' border='none' style='margin:1px; padding: 0;'  \/><\/a><\/span><span class='pushbutton'><a href='http:\/\/www.facebook.com\/share.php?u=http%3A%2F%2Fwww.emiliosilveravazquez.com%2Fblog%2F2026%2F04%2F30%2Fel-santo-grial-de-por-que-hay-vida-en-el-universo%2F&amp;t=El+Santo+Grial+de+por+qu%C3%A9+hay+vida+en+el+Universo' title='Facebook' target='_blank' rel='nofollow'><img src='http:\/\/www.emiliosilveravazquez.com\/blog\/wp-content\/plugins\/knxdt-bookmarks-wordpress-plugin\/images\/facebook.png'  alt='' class='book_img' border='none' style='margin:1px; padding: 0;'  \/><\/a><\/span><span class='pushbutton'><a href='http:\/\/twitter.com\/home?status=El+Santo+Grial+de+por+qu%C3%A9+hay+vida+en+el+Universo: http%3A%2F%2Fwww.emiliosilveravazquez.com%2Fblog%2F2026%2F04%2F30%2Fel-santo-grial-de-por-que-hay-vida-en-el-universo%2F' title='Twitter' target='_blank' rel='nofollow'><img src='http:\/\/www.emiliosilveravazquez.com\/blog\/wp-content\/plugins\/knxdt-bookmarks-wordpress-plugin\/images\/twitter.png'  alt='' class='book_img' border='none' style='margin:1px; padding: 0;'  \/><\/a><\/span><span class='pushbutton'><a href='http:\/\/www.feedburner.com\/fb\/a\/emailFlare?itemTitle=El+Santo+Grial+de+por+qu%C3%A9+hay+vida+en+el+Universo&amp;uri=http%3A%2F%2Fwww.emiliosilveravazquez.com%2Fblog%2F2026%2F04%2F30%2Fel-santo-grial-de-por-que-hay-vida-en-el-universo%2F' title='Enviar por Email' target='_blank' rel='nofollow'><img src='http:\/\/www.emiliosilveravazquez.com\/blog\/wp-content\/plugins\/knxdt-bookmarks-wordpress-plugin\/images\/email.png'  alt='' class='book_img' border='none' style='margin:1px; padding: 0;'  \/><\/a><\/span><span style='font-weight:bold; padding-left: 5px;'><a href='http:\/\/wordpress.org\/extend\/plugins\/knxdt-bookmarks-wordpress-plugin\/' title='Plugin' rel='nofollow' target='_blank'>[?]<\/a><\/span><\/td><\/tr><\/table><br\/><br\/><\/div>","protected":false},"excerpt":{"rendered":"<p>&nbsp; Para personas sencillas (como yo mismo), que simplemente han le\u00eddo un poco, que saben que el universo primnitivo era un inmenso globo que crec\u00eda m\u00e1s y m\u00e1s, que conten\u00eda una especie de &#8220;sopa&#8221; densa de Quarks y Gluones, la expandsi\u00f3n permiti\u00f3 que aparecieran los hadrones y los leptones, que se formaran los n\u00facleos at\u00f3micos [&hellip;]<\/p>\n","protected":false},"author":2,"featured_media":0,"comment_status":"open","ping_status":"open","sticky":false,"template":"","format":"standard","meta":{"_s2mail":"","footnotes":""},"categories":[1],"tags":[],"_links":{"self":[{"href":"http:\/\/www.emiliosilveravazquez.com\/blog\/wp-json\/wp\/v2\/posts\/35544"}],"collection":[{"href":"http:\/\/www.emiliosilveravazquez.com\/blog\/wp-json\/wp\/v2\/posts"}],"about":[{"href":"http:\/\/www.emiliosilveravazquez.com\/blog\/wp-json\/wp\/v2\/types\/post"}],"author":[{"embeddable":true,"href":"http:\/\/www.emiliosilveravazquez.com\/blog\/wp-json\/wp\/v2\/users\/2"}],"replies":[{"embeddable":true,"href":"http:\/\/www.emiliosilveravazquez.com\/blog\/wp-json\/wp\/v2\/comments?post=35544"}],"version-history":[{"count":0,"href":"http:\/\/www.emiliosilveravazquez.com\/blog\/wp-json\/wp\/v2\/posts\/35544\/revisions"}],"wp:attachment":[{"href":"http:\/\/www.emiliosilveravazquez.com\/blog\/wp-json\/wp\/v2\/media?parent=35544"}],"wp:term":[{"taxonomy":"category","embeddable":true,"href":"http:\/\/www.emiliosilveravazquez.com\/blog\/wp-json\/wp\/v2\/categories?post=35544"},{"taxonomy":"post_tag","embeddable":true,"href":"http:\/\/www.emiliosilveravazquez.com\/blog\/wp-json\/wp\/v2\/tags?post=35544"}],"curies":[{"name":"wp","href":"https:\/\/api.w.org\/{rel}","templated":true}]}}