{"id":34975,"date":"2025-12-13T09:27:37","date_gmt":"2025-12-13T08:27:37","guid":{"rendered":"https:\/\/www.emiliosilveravazquez.com\/blog\/?p=34975"},"modified":"2025-12-13T09:27:17","modified_gmt":"2025-12-13T08:27:17","slug":"el-viaje-de-iras-y-no-volveras","status":"publish","type":"post","link":"http:\/\/www.emiliosilveravazquez.com\/blog\/2025\/12\/13\/el-viaje-de-iras-y-no-volveras\/","title":{"rendered":"El viaje de ir\u00e1s y no volver\u00e1s"},"content":{"rendered":"<p><iframe loading=\"lazy\" title=\"El Viaje a Gliese 667 Cc: Una Odisea de 23 A\u00f1os Luz (Documental de Ciencia Ficci\u00f3n)\" width=\"500\" height=\"281\" src=\"https:\/\/www.youtube.com\/embed\/EsUHP2lD89g?feature=oembed\" frameborder=\"0\" allow=\"accelerometer; autoplay; clipboard-write; encrypted-media; gyroscope; picture-in-picture; web-share\" referrerpolicy=\"strict-origin-when-cross-origin\" allowfullscreen><\/iframe><\/p>\n<p>&nbsp;<\/p>\n<p>Todos los escenarios que nos &#8220;dibujan&#8221; en relaci\u00f3n al futuro de la Humanidad&#8230; \u00a1Resultan poco amables (por decirlo de manera suave)<\/p>\n<p>&nbsp;<\/p>\n<p>Todo gura alrededor de las enormes<strong> Distancias<\/strong> que nos separan de otros mundos y del <strong>Tiempo<\/strong> necesario para poder alcanzar el objetico.<\/p>\n<p style=\"text-align: justify;\">\u00a0El cuerpo humano no &#8220;muta&#8221;, pero s\u00ed sufre cambios fisiol\u00f3gicos profundos y a veces negativos por la hibernaci\u00f3n inducida (que no es natural en humanos) y la ingravidez prolongada, incluyendo <strong class=\"Yjhzub\" data-processed=\"true\">atrofia muscular, p\u00e9rdida \u00f3sea, problemas circulatorios y alteraciones celulares<\/strong>, ya que el organismo no est\u00e1 adaptado a la falta de gravedad ni a un metabolismo tan lento, lo que requiere una rehabilitaci\u00f3n intensa al volver a la Tierra o a gravedad normal.<span class=\"uJ19be notranslate\" data-wiz-uids=\"PE4O7c_14,PE4O7c_15,PE4O7c_16\" data-processed=\"true\"><span class=\"vKEkVd\" data-animation-atomic=\"\" data-wiz-attrbind=\"class=PE4O7c_14\/TKHnVd;\" data-processed=\"true\">\u00a0<\/span><\/span><\/p>\n<p>&nbsp;<\/p>\n<p><img decoding=\"async\" loading=\"lazy\" class=\"\" src=\"https:\/\/images.ecestaticos.com\/8oj1Z1ZjHgpv54kZecsiXKWlaTs=\/267x3:1966x958\/1338x752\/filters:fill(white):format(jpg)\/f.elconfidencial.com%2Foriginal%2F997%2Fc59%2F07e%2F997c5907ecdd56e6df7128dac424d6c4.jpg\" alt=\"Podr\u00e1n hibernarnos para curarnos en el futuro en s\u00f3lo 10 a\u00f1os\" width=\"809\" height=\"455\" \/><\/p>\n<p>&nbsp;<\/p>\n<p style=\"text-align: justify;\">El vac\u00edo del\u00a0 Espacio Interestelar no es el medio adecuado para la f\u00edsica humana, no es el medio ideal para nuestros cuerpos y el funcionamiento normal de los distintos \u00f3rganos que, ante tales anomal\u00edas, los deteriora y finalmente los &#8220;castiga&#8221; hasta el punto de que dejan de funcionar, lo que es mortal para nosotros.<\/p>\n<p><strong>Las distancias del Universo no son Humanas<\/strong><\/p>\n<p>&nbsp;<\/p>\n<blockquote><p><img decoding=\"async\" loading=\"lazy\" class=\"\" src=\"https:\/\/encrypted-tbn0.gstatic.com\/images?q=tbn:ANd9GcRkxb-Oa5_zOC9UqzvuzdubZhPIuKs_-ApOhA&amp;s\" alt=\"Las escalas del Universo no son humanas : Blog de Emilio Silvera V.\" width=\"533\" height=\"432\" \/><\/p><\/blockquote>\n<p>&nbsp;<\/p>\n<p>Llegar a este mundo, situado a 24 a\u00f1os luz de la Tierra, nos costar\u00eda miles de a\u00f1os de viaje \u00bfC\u00f3mo podr\u00edamos soportar eso?<\/p>\n<p style=\"text-align: justify;\"><strong>Es cierto, hablamos de ellas, de las distancias que nos separan de este o aquel objeto espacial, y, rese\u00f1amos en la pizarra o la libreta el guarismo que trata de significar la distancia a la que nos encontramos de aquel objeto celeste. Mencionamos Unidades Astron\u00f3micos, Parsecs, Kilo-parsecs y Mega-parsecs.. y a\u00f1os luz.<\/strong><\/p>\n<p>&nbsp;<\/p>\n<p>&nbsp;<\/p>\n<p>&nbsp;<\/p>\n<p><img decoding=\"async\" loading=\"lazy\" class=\"aligncenter\" src=\"https:\/\/upload.wikimedia.org\/wikipedia\/commons\/thumb\/2\/23\/Cosmic_distance_ladder.jpg\/330px-Cosmic_distance_ladder.jpg\" width=\"498\" height=\"323\" \/><\/p>\n<p>&nbsp;<\/p>\n<p style=\"text-align: justify;\">Se denomina\u00a0<b>escalera de distancias c\u00f3smicas<\/b>\u00a0a la sucesi\u00f3n de distintos m\u00e9todos para realizar medidas de la distancia a\u00a0<a title=\"Objeto astron\u00f3mico\" href=\"https:\/\/es.wikipedia.org\/wiki\/Objeto_astron%C3%B3mico\">objetos<\/a>\u00a0cada vez m\u00e1s lejanos. Cada uno de los m\u00e9todos se basa en uno o m\u00e1s m\u00e9todos de medida para distancias menores, lo que puede verse como los distintos pasos o pelda\u00f1os de una escalera. Para avanzar un pelda\u00f1o en la escalera es necesario haberse apoyado antes en el pelda\u00f1o anterior.<\/p>\n<p style=\"text-align: justify;\">Es imposible realizar medidas directas de distancias para objetos a m\u00e1s de 1000\u00a0<a title=\"P\u00e1rsec\" href=\"https:\/\/es.wikipedia.org\/wiki\/P%C3%A1rsec\">pc<\/a>\u00a0de distancia. A partir de estas distancias se tienen que asumir ciertos\u00a0<a title=\"Modelo f\u00edsico\" href=\"https:\/\/es.wikipedia.org\/wiki\/Modelo_f%C3%ADsico\">modelos f\u00edsicos<\/a>\u00a0como base para los sistemas de medida. Los primeros modelos, para distancias ligeramente superiores, deben ser\u00a0<a title=\"Calibraci\u00f3n\" href=\"https:\/\/es.wikipedia.org\/wiki\/Calibraci%C3%B3n\">calibrados<\/a>\u00a0con los m\u00e9todos directos. A partir de aqu\u00ed cada m\u00e9todo se va apoyando en los anteriores, aument\u00e1ndose de esta manera el alcance de las medidas.<\/p>\n<p>&nbsp;<\/p>\n<p><img decoding=\"async\" loading=\"lazy\" class=\"\" src=\"https:\/\/image.slidesharecdn.com\/lasdistanciaseneluniverso-130519184444-phpapp01\/75\/Las-distancias-en-el-universo-3-2048.jpg\" alt=\"Las distancias en el universo | PPS\" width=\"770\" height=\"578\" \/><\/p>\n<p>&nbsp;<\/p>\n<p>Las distancias que nos separan de otras estrellas, de otros mundos, de otros objetos cosmol\u00f3gicos&#8230; \u00a1Son inalcanzables!<\/p>\n<p style=\"text-align: justify;\"><strong>Claro que, el hablar de ello no pretende decir que estemos comprendiendo, de manera plena. lo que esas distancias significan. Nuestras Mentes no est\u00e1n preparadas para asimilar ciertas cuestiones, y, desde luego, las distancias del Universo es una de ellas.<\/strong><\/p>\n<p style=\"text-align: justify;\"><strong>Simplemente tenemos que pensar que, el hecho de que pensemos en viajar a la estrella m\u00e1s cercana a nosotros, Pr\u00f3xima Centauri, situada a 4.2 a\u00f1os luz de distancia, en los actuales ingenios aeron\u00e1uticos que tenemos que pueden viajar a 60.000 Km\/h, nos llevar\u00eda a Pr\u00f3xima en unos 70.000 a\u00f1os.<\/strong><\/p>\n<p>&nbsp;<\/p>\n<p><img decoding=\"async\" loading=\"lazy\" class=\"\" src=\"https:\/\/upload.wikimedia.org\/wikipedia\/commons\/a\/ae\/Artist%27s_impression_of_the_planet_orbiting_Proxima_Centauri.jpg\" alt=\"Pr\u00f3xima Centauri b - Wikipedia, la enciclopedia libre\" width=\"771\" height=\"501\" \/><\/p>\n<blockquote><p><strong>Pr\u00f3xima b, el planeta que podr\u00eda ser habitable m\u00e1s cerca de la Tierra<\/strong><\/p><\/blockquote>\n<p style=\"text-align: justify;\"><strong>\u00a170.000 a\u00f1os! El visitar una estrella situada a la &#8220;vuelta de la esquina&#8221;. Si es as\u00ed&#8230; \u00bfC\u00f3mo poder pensar en viajar a otros mundos situados a 20 o m\u00e1s a\u00f1os luz de nosotros? Eso por una parte, y, por otra, est\u00e1n los problemas no resueltos de la Gravedad artificial para anular la ingravidez, el encontrar los materiales adecuados parea que la radiaci\u00f3n en entre en la Nave, el construir la Nave con materiales inteligentes que, en caso de que llegue un micro meteorito y atraviese el fuselaje de la Nave, y, en ese caso, el material inteligente con el que est\u00e1 construida, se cierra autom\u00e1ticamente sin que tenga que intervenir el humano. Todo eso entre otros problemas como el del Combustible que, actualmente no tenemos el ideal para viajes largos eliminado un peso excesivo y un peligro latente con el Hidr\u00f3geno l\u00edquido, necesitamos combustibles s\u00f3lidos que ocupen poco espacio y tengan la m\u00e1xima eficiencia.<\/strong><\/p>\n<p>&nbsp;<\/p>\n<p><img decoding=\"async\" src=\"https:\/\/noticiasdelaciencia.com\/upload\/images\/06_2023\/7040_space-ships-gefa40f2f6_1280.jpg\" alt=\"Naves-mundo espaciales: Un vistazo al futuro de la exploraci\u00f3n y la vida en el espacio | Noticias de la Ciencia y la Tecnolog\u00eda (Amazings\u00ae \/ NCYT\u00ae)\" \/><\/p>\n<p>&nbsp;<\/p>\n<p><strong>As\u00ed que, hablar de viajar al Espacio (al menos por el momento) es una simple ilusi\u00f3n. \u00bfC\u00f3mo poder atravesar Espacios de cientos de miles o miles de millones\u00a0 de kil\u00f3metros con naves no preparadas y, lo m\u00e1s importante, con criaturas que no est\u00e1n hechas para soportar las inclemencias espaciales?<\/strong><\/p>\n<p style=\"text-align: justify;\"><strong>Cuando llegue el momento de que tengamos todo eso, en primer lugar y abriendo camino, mandaremos a los Robots de \u00faltima generaci\u00f3n que ser\u00e1n los verdaderos Se\u00f1ores del Espacio, nos prepararan los mundos para la posterior colonizaci\u00f3n humana. Eso, como he dicho muchas veces conlleva un peligro: Si llegan a tener consciencia de Ser, ver\u00e1n que son m\u00e1s fuertes que nosotros, que pueden hacer lo que nosotros no podemos, que soportan el Espacio sin inmutarse, que no duermen ni comen, que no cogen enfermedades&#8230; \u00a1Que no se mueren y con pasar por el taller est\u00e1n como nuevos! Ellos podr\u00edan pensar: \u00bfPara qu\u00e9 queremos a los Humanaos?<\/strong><\/p>\n<p>&nbsp;<\/p>\n<p><iframe loading=\"lazy\" title=\"El Robot Alem\u00e1n que China no puede Copiar\" width=\"500\" height=\"281\" src=\"https:\/\/www.youtube.com\/embed\/X1vOtBkSkwk?feature=oembed\" frameborder=\"0\" allow=\"accelerometer; autoplay; clipboard-write; encrypted-media; gyroscope; picture-in-picture; web-share\" referrerpolicy=\"strict-origin-when-cross-origin\" allowfullscreen><\/iframe><\/p>\n<p>&nbsp;<\/p>\n<blockquote><p><strong>La amenaza llegar\u00e1<\/strong><\/p><\/blockquote>\n<p style=\"text-align: justify;\"><strong>Seguramente, durante un tiempo (mientras aprenden de nosotros), se comportaran de manera sumisa, y, cuando sepan todo lo necesario&#8230; \u00a1Nos desecharan! Ellos se considerar\u00e1n una nueva raza.<\/strong><\/p>\n<p style=\"text-align: justify;\"><strong>En esos momentos Futuros, ser\u00e1 descubierta la manera de abrir Agujeros de Gusano para ir a otras galaxias, y, para entonces, seguramente nosotros no estaremos al mando de nada, o, trabajaremos para ellos.<\/strong><\/p>\n<p><strong>\u00a1Lamentable! Pero eso es, amigos m\u00edos, lo que se vislumbra en el panorama. As\u00ed somos de &#8220;listos&#8221;.<\/strong><\/p>\n<p>&nbsp;<\/p>\n<p><img decoding=\"async\" loading=\"lazy\" class=\"\" src=\"https:\/\/www.infobae.com\/resizer\/v2\/ZZNT4CAKBNA3XDQNXJEIFSOEKA.jpg?auth=9500bf5a636522f50280a15aadea61172ecd09bd8799cad4290690e031ee1ff2&amp;smart=true&amp;width=1200&amp;height=900&amp;quality=85\" alt=\"Los tres robots que ser\u00e1n tendencia en el futuro: tendr\u00e1n conciencia y hablar\u00e1n con humanos - Infobae\" width=\"836\" height=\"627\" \/><\/p>\n<h1 id=\"los-tres-robots-que-seran-tendencia-en-el-futuro:-tendran-conciencia-y-hablaran-con-humanos\" class=\"display-block article-headline text_align_left\" style=\"text-align: justify;\">Robots que ser\u00e1n tendencia en el futuro: tendr\u00e1n conciencia y hablar\u00e1n con humanos. Llevan incorporada la I.A., y, sus cerebros positr\u00f3nicos\u00a0 atesoran el saber humano en todas las disciplinas cient\u00edficas. \u00bfC\u00f3mo poder superar eso?<\/h1>\n<p style=\"text-align: justify;\">Un informe revel\u00f3 que, para 2030, el 80% de la humanidad interactuar\u00e1 diariamente con m\u00e1quinas aut\u00f3nomas, impulsadas por avances en computaci\u00f3n cu\u00e1ntica e inteligencia artificial. Quieren dotar a los Robots de Conciencia, y, si llegan a ser conscientes de SER&#8230; \u00a1Apaga y v\u00e1monos!<\/p>\n<p style=\"text-align: justify;\">Si esto sigue por el camino emprendido y nadie lo para, el viaje que nos relatan en el Video de arriba, no ser\u00e1 hecho por humanos, ser\u00e1n ellos, los Robots, los que conquistaran esos mundos lejanos, est\u00e1n m\u00e1s capacitados, no necesitan ser hibernados, no les importa la radiaci\u00f3n espacial, no comen, no duermen, no enferman, tienen m\u00e1s fuerza que nosotros&#8230;<\/p>\n<p style=\"text-align: justify;\">Lo cierto res que, casi es mejor no pensar en el futuro y dejar que sean los cient\u00edficos los que tomen conciencia de los peligros que nos acechan y pongan remedio a la I.A., a la rob\u00f3tica de \u00faltima tecnolog\u00eda, y, tambi\u00e9n es necesario que los\u00a0 ciudadanos de las distintas regiones del mundo, de una vez por todas, no se dejen manipular por los pol\u00edticos corruptos, y, se construya una Sociedad limpia que nos de una esperanza de futuro de la que ahora carecemos.<\/p>\n<blockquote>\n<p style=\"text-align: justify;\">\u00bfViajar a las estrellas? \u00bfC\u00f3mo? \u00bfCu\u00e1ndo? \u00bfDe qu\u00e9 manera? \u00bfQu\u00e9 hacemos con las distancias que nos separan de otras estrellas y de otros mundos? La Humanidad lo tiene muy dif\u00edcil, y si a\u00fan seguimos por aqu\u00ed cuando acontecimientos lejanos que se avecinan leguen&#8230; \u00a1Tendr\u00e1 que encontrar los medios para que la especie no se extinga.<\/p>\n<p><strong>Emilio Silvera<\/strong><\/p><\/blockquote>\n<div class='bookmark'>\r\n\t\t<table align='left' border='0' cellpadding='0' width='100%'>\r\n\t\t<tr><td><span class='pushbutton'><a href='http:\/\/delicious.com\/post?url=http%3A%2F%2Fwww.emiliosilveravazquez.com%2Fblog%2F2025%2F12%2F13%2Fel-viaje-de-iras-y-no-volveras%2F&amp;title=El+viaje+de+ir%C3%A1s+y+no+volver%C3%A1s' title='Delicious' target='_blank' rel='nofollow'><img src='http:\/\/www.emiliosilveravazquez.com\/blog\/wp-content\/plugins\/knxdt-bookmarks-wordpress-plugin\/images\/delicious.png'  alt='' class='book_img' border='none' style='margin:1px; padding: 0;'  \/><\/a><\/span><span class='pushbutton'><a href='http:\/\/digg.com\/submit?url=http%3A%2F%2Fwww.emiliosilveravazquez.com%2Fblog%2F2025%2F12%2F13%2Fel-viaje-de-iras-y-no-volveras%2F&amp;title=El+viaje+de+ir%C3%A1s+y+no+volver%C3%A1s' title='Digg' target='_blank' rel='nofollow'><img src='http:\/\/www.emiliosilveravazquez.com\/blog\/wp-content\/plugins\/knxdt-bookmarks-wordpress-plugin\/images\/digg.png'  alt='' class='book_img' border='none' style='margin:1px; padding: 0;'  \/><\/a><\/span><span class='pushbutton'><a href='http:\/\/www.google.com\/bookmarks\/mark?op=edit&amp;bkmk=http%3A%2F%2Fwww.emiliosilveravazquez.com%2Fblog%2F2025%2F12%2F13%2Fel-viaje-de-iras-y-no-volveras%2F&amp;title=El+viaje+de+ir%C3%A1s+y+no+volver%C3%A1s' title='Google' target='_blank' rel='nofollow'><img src='http:\/\/www.emiliosilveravazquez.com\/blog\/wp-content\/plugins\/knxdt-bookmarks-wordpress-plugin\/images\/google.png'   alt='' class='book_img' border='none' style='margin:1px; padding: 0;'  \/><\/a><\/span><span class='pushbutton'><a href='http:\/\/myweb2.search.yahoo.com\/myresults\/bookmarklet?u=http%3A%2F%2Fwww.emiliosilveravazquez.com%2Fblog%2F2025%2F12%2F13%2Fel-viaje-de-iras-y-no-volveras%2F&amp;t=El+viaje+de+ir%C3%A1s+y+no+volver%C3%A1s' title='Yahoo' target='_blank' rel='nofollow'><img src='http:\/\/www.emiliosilveravazquez.com\/blog\/wp-content\/plugins\/knxdt-bookmarks-wordpress-plugin\/images\/yahoo.png'  alt='' class='book_img' border='none' style='margin:1px; padding: 0;'  \/><\/a><\/span><span class='pushbutton'><a href='http:\/\/www.technorati.com\/faves?add=http%3A%2F%2Fwww.emiliosilveravazquez.com%2Fblog%2F2025%2F12%2F13%2Fel-viaje-de-iras-y-no-volveras%2F' title='Technorati' target='_blank' rel='nofollow'><img src='http:\/\/www.emiliosilveravazquez.com\/blog\/wp-content\/plugins\/knxdt-bookmarks-wordpress-plugin\/images\/technorati.png'  alt='' class='book_img' border='none' style='margin:1px; padding: 0;'  \/><\/a><\/span><span class='pushbutton'><a href='http:\/\/meneame.net\/submit.php?url=http%3A%2F%2Fwww.emiliosilveravazquez.com%2Fblog%2F2025%2F12%2F13%2Fel-viaje-de-iras-y-no-volveras%2F' title='Meneame' target='_blank' rel='nofollow'><img src='http:\/\/www.emiliosilveravazquez.com\/blog\/wp-content\/plugins\/knxdt-bookmarks-wordpress-plugin\/images\/meneame.png'  alt='' class='book_img' border='none' style='margin:1px; padding: 0;'  \/><\/a><\/span><span class='pushbutton'><a href='http:\/\/enchilame.com\/submit.php?url=http:\/\/www.emiliosilveravazquez.com\/blog\/2025\/12\/13\/el-viaje-de-iras-y-no-volveras\/' target='_blank' rel='nofollow'><img title='Enchilame' src='http:\/\/www.emiliosilveravazquez.com\/blog\/wp-content\/plugins\/knxdt-bookmarks-wordpress-plugin\/images\/enchilame.png'  alt='' class='book_img' border='none' style='margin:1px; padding: 0;'  \/><\/a><\/span><span class='pushbutton'><a href='http:\/\/www.blinklist.com\/index.php?Action=Blink\/addblink.php&amp;Description=&amp;Url=http%3A%2F%2Fwww.emiliosilveravazquez.com%2Fblog%2F2025%2F12%2F13%2Fel-viaje-de-iras-y-no-volveras%2F&amp;title=El+viaje+de+ir%C3%A1s+y+no+volver%C3%A1s' title='BlinkList' target='_blank' rel='nofollow'><img src='http:\/\/www.emiliosilveravazquez.com\/blog\/wp-content\/plugins\/knxdt-bookmarks-wordpress-plugin\/images\/blinklist.png'  alt='' class='book_img' border='none' style='margin:1px; padding: 0;'  \/><\/a><\/span><span class='pushbutton'><a href='http:\/\/reddit.com\/submit?url=http%3A%2F%2Fwww.emiliosilveravazquez.com%2Fblog%2F2025%2F12%2F13%2Fel-viaje-de-iras-y-no-volveras%2F&amp;title=El+viaje+de+ir%C3%A1s+y+no+volver%C3%A1s' title='Reddit' target='_blank' rel='nofollow'><img src='http:\/\/www.emiliosilveravazquez.com\/blog\/wp-content\/plugins\/knxdt-bookmarks-wordpress-plugin\/images\/reddit.png'  alt='' class='book_img' border='none' style='margin:1px; padding: 0;'  \/><\/a><\/span><span class='pushbutton'><a href='http:\/\/www.tecnologiadiaria.com\/2009\/07\/abrir-com-hotmail-correo.html' target='_blank' title='hotmail'><img src='http:\/\/www.emiliosilveravazquez.com\/blog\/wp-content\/plugins\/knxdt-bookmarks-wordpress-plugin\/images\/linklove.png' alt='hotmail correo' class='book_img' border='none' style='margin:1px; padding: 0;' \/><\/a><\/span><span class='pushbutton'><a href='http:\/\/bitacoras.com\/votar\/anotacion\/externo\/mini\/www.emiliosilveravazquez.com\/blog\/2025\/12\/13\/el-viaje-de-iras-y-no-volveras\/' title='Bitacoras.com' target='_blank' rel='nofollow'><img src='http:\/\/www.emiliosilveravazquez.com\/blog\/wp-content\/plugins\/knxdt-bookmarks-wordpress-plugin\/images\/bitacoras.png'  alt='' class='book_img' border='none' style='margin:1px; padding: 0;'  \/><\/a><\/span><span class='pushbutton'><a href='http:\/\/www.wikio.es\/vote?url=http%3A%2F%2Fwww.emiliosilveravazquez.com%2Fblog%2F2025%2F12%2F13%2Fel-viaje-de-iras-y-no-volveras%2F' title='Wikio' target='_blank' rel='nofollow'><img src='http:\/\/www.emiliosilveravazquez.com\/blog\/wp-content\/plugins\/knxdt-bookmarks-wordpress-plugin\/images\/wikio.png'   alt='' class='book_img' border='none' style='margin:1px; padding: 0;'   \/><\/a><\/span><span class='pushbutton'><a href='http:\/\/friendfeed.com\/?url=http%3A%2F%2Fwww.emiliosilveravazquez.com%2Fblog%2F2025%2F12%2F13%2Fel-viaje-de-iras-y-no-volveras%2F&amp;title=El+viaje+de+ir%C3%A1s+y+no+volver%C3%A1s' title='Friend Feed' target='_blank' rel='nofollow'><img src='http:\/\/www.emiliosilveravazquez.com\/blog\/wp-content\/plugins\/knxdt-bookmarks-wordpress-plugin\/images\/friendfeed.png'  alt='' class='book_img' border='none' style='margin:1px; padding: 0;'  \/><\/a><\/span><span class='pushbutton'><a href='http:\/\/www.facebook.com\/share.php?u=http%3A%2F%2Fwww.emiliosilveravazquez.com%2Fblog%2F2025%2F12%2F13%2Fel-viaje-de-iras-y-no-volveras%2F&amp;t=El+viaje+de+ir%C3%A1s+y+no+volver%C3%A1s' title='Facebook' target='_blank' rel='nofollow'><img src='http:\/\/www.emiliosilveravazquez.com\/blog\/wp-content\/plugins\/knxdt-bookmarks-wordpress-plugin\/images\/facebook.png'  alt='' class='book_img' border='none' style='margin:1px; padding: 0;'  \/><\/a><\/span><span class='pushbutton'><a href='http:\/\/twitter.com\/home?status=El+viaje+de+ir%C3%A1s+y+no+volver%C3%A1s: http%3A%2F%2Fwww.emiliosilveravazquez.com%2Fblog%2F2025%2F12%2F13%2Fel-viaje-de-iras-y-no-volveras%2F' title='Twitter' target='_blank' rel='nofollow'><img src='http:\/\/www.emiliosilveravazquez.com\/blog\/wp-content\/plugins\/knxdt-bookmarks-wordpress-plugin\/images\/twitter.png'  alt='' class='book_img' border='none' style='margin:1px; padding: 0;'  \/><\/a><\/span><span class='pushbutton'><a href='http:\/\/www.feedburner.com\/fb\/a\/emailFlare?itemTitle=El+viaje+de+ir%C3%A1s+y+no+volver%C3%A1s&amp;uri=http%3A%2F%2Fwww.emiliosilveravazquez.com%2Fblog%2F2025%2F12%2F13%2Fel-viaje-de-iras-y-no-volveras%2F' title='Enviar por Email' target='_blank' rel='nofollow'><img src='http:\/\/www.emiliosilveravazquez.com\/blog\/wp-content\/plugins\/knxdt-bookmarks-wordpress-plugin\/images\/email.png'  alt='' class='book_img' border='none' style='margin:1px; padding: 0;'  \/><\/a><\/span><span style='font-weight:bold; padding-left: 5px;'><a href='http:\/\/wordpress.org\/extend\/plugins\/knxdt-bookmarks-wordpress-plugin\/' title='Plugin' rel='nofollow' target='_blank'>[?]<\/a><\/span><\/td><\/tr><\/table><br\/><br\/><\/div>","protected":false},"excerpt":{"rendered":"<p>&nbsp; Todos los escenarios que nos &#8220;dibujan&#8221; en relaci\u00f3n al futuro de la Humanidad&#8230; \u00a1Resultan poco amables (por decirlo de manera suave) &nbsp; Todo gura alrededor de las enormes Distancias que nos separan de otros mundos y del Tiempo necesario para poder alcanzar el objetico. \u00a0El cuerpo humano no &#8220;muta&#8221;, pero s\u00ed sufre cambios fisiol\u00f3gicos [&hellip;]<\/p>\n","protected":false},"author":2,"featured_media":0,"comment_status":"open","ping_status":"open","sticky":false,"template":"","format":"standard","meta":{"_s2mail":"","footnotes":""},"categories":[1],"tags":[],"_links":{"self":[{"href":"http:\/\/www.emiliosilveravazquez.com\/blog\/wp-json\/wp\/v2\/posts\/34975"}],"collection":[{"href":"http:\/\/www.emiliosilveravazquez.com\/blog\/wp-json\/wp\/v2\/posts"}],"about":[{"href":"http:\/\/www.emiliosilveravazquez.com\/blog\/wp-json\/wp\/v2\/types\/post"}],"author":[{"embeddable":true,"href":"http:\/\/www.emiliosilveravazquez.com\/blog\/wp-json\/wp\/v2\/users\/2"}],"replies":[{"embeddable":true,"href":"http:\/\/www.emiliosilveravazquez.com\/blog\/wp-json\/wp\/v2\/comments?post=34975"}],"version-history":[{"count":0,"href":"http:\/\/www.emiliosilveravazquez.com\/blog\/wp-json\/wp\/v2\/posts\/34975\/revisions"}],"wp:attachment":[{"href":"http:\/\/www.emiliosilveravazquez.com\/blog\/wp-json\/wp\/v2\/media?parent=34975"}],"wp:term":[{"taxonomy":"category","embeddable":true,"href":"http:\/\/www.emiliosilveravazquez.com\/blog\/wp-json\/wp\/v2\/categories?post=34975"},{"taxonomy":"post_tag","embeddable":true,"href":"http:\/\/www.emiliosilveravazquez.com\/blog\/wp-json\/wp\/v2\/tags?post=34975"}],"curies":[{"name":"wp","href":"https:\/\/api.w.org\/{rel}","templated":true}]}}