{"id":34972,"date":"2025-12-11T20:06:12","date_gmt":"2025-12-11T19:06:12","guid":{"rendered":"https:\/\/www.emiliosilveravazquez.com\/blog\/?p=34972"},"modified":"2025-12-11T20:06:36","modified_gmt":"2025-12-11T19:06:36","slug":"el-universo-infinitesimal","status":"publish","type":"post","link":"http:\/\/www.emiliosilveravazquez.com\/blog\/2025\/12\/11\/el-universo-infinitesimal\/","title":{"rendered":"El &#8220;universo&#8221; infinitesimal"},"content":{"rendered":"<p><iframe loading=\"lazy\" title=\"Esto es lo que realmente ocurre en la longitud de Planck. Los f\u00edsicos no saben c\u00f3mo explicarlo.\" width=\"500\" height=\"281\" src=\"https:\/\/www.youtube.com\/embed\/xa8guE300oQ?feature=oembed\" frameborder=\"0\" allow=\"accelerometer; autoplay; clipboard-write; encrypted-media; gyroscope; picture-in-picture; web-share\" referrerpolicy=\"strict-origin-when-cross-origin\" allowfullscreen><\/iframe><\/p>\n<p>&nbsp;<\/p>\n<div style=\"text-align: justify;\" data-subtree=\"aimfl\">La <a href=\"#\" onclick=\"referencia('planck longitud de',event); return false;\">longitud de Planck<\/a> es la escala de longitud m\u00e1s peque\u00f1a posible en el universo, aproximadamente <!--Sv6Kpe[]-->1.616\u00d710<sup>-35<\/sup>metros. Se calcula a partir de constantes f\u00edsicas fundamentales: la velocidad de la luz (c),\u00a0<img decoding=\"async\" role=\"presentation\" draggable=\"false\" src=\"data:image\/gif;base64,R0lGODlhAQABAIAAAP\/\/\/wAAACH5BAEAAAAALAAAAAABAAEAAAICRAEAOw==\" aria-hidden=\"true\" data-xpm-latex=\"c\" data-csiid=\"MAo7adHMBf-mkdUPofnsoQE_9\" data-atf=\"1\" \/>\u00a0la constante gravitacional ( G),\u00a0 y la <a href=\"#\" onclick=\"referencia('planck constante de',event); return false;\">constante de Planck<\/a> reducida ( \u210f) . A esta escala, las teor\u00edas de la f\u00edsica cl\u00e1sica, como la <a href=\"#\" onclick=\"referencia('relatividad',event); return false;\">relatividad<\/a> general y la mec\u00e1nica cu\u00e1ntica, ya no se aplican y son dominantes los efectos cu\u00e1nticos.<span class=\"uJ19be notranslate\" data-wiz-uids=\"EwqTwc_c,EwqTwc_d,EwqTwc_e\"><span class=\"vKEkVd\" data-animation-atomic=\"\">\u00a0<\/span><\/span><\/p>\n<\/div>\n<div data-subtree=\"aimfl\">\n<div class=\"Y3BBE\" data-sfc-cp=\"\" data-hveid=\"CAEQAA\" data-processed=\"true\">\n<div style=\"text-align: justify;\" data-subtree=\"aimfl,mfl\">La Longitud de Planck tiene un 1 seguido de 35 ceros despu\u00e9s del punto decimal, lo que la convierte en la medida de longitud m\u00e1s peque\u00f1a que se puede concebir, un l\u00edmite fundamental donde las leyes conocidas de la f\u00edsica dejan de funcionar.<\/div>\n<\/div>\n<div data-subtree=\"aimfl,mfl\"><\/div>\n<\/div>\n<div data-subtree=\"aimfl\"><img decoding=\"async\" src=\"https:\/\/abcienciade.files.wordpress.com\/2009\/11\/longitud-planck1.gif?w=643&amp;h=217\" alt=\"Qu\u00e9 har\u00edamos sin la F\u00edsica? : Blog de Emilio Silvera V.\" \/><\/div>\n<div data-subtree=\"aimfl\"><\/div>\n<div data-subtree=\"aimfl\">Si, amigos m\u00edos, las escalas del Universo (en lo grande y en lo peque\u00f1o), no son humanas.<\/div>\n<div data-subtree=\"aimfl\"><\/div>\n<p style=\"text-align: justify;\">Es f\u00e1cil caer en la tentaci\u00f3n de mirarnos el ombligo y no hacerlo al entorno que nos rodea. Muchas m\u00e1s cosas habr\u00edamos evitado y habr\u00edamos descubierto si por una sola vez hubi\u00e9semos dejado el ego a un lado y, en lugar de estar pendientes de nosotros mismos, lo hubi\u00e9ramos hecho con respecto a la naturaleza que, en definitiva, es la que nos ense\u00f1a el camino a seguir.<\/p>\n<p><strong><em>La edad actual del universo visible \u2248 10<sup>60<\/sup> tiempos de Planck.<\/em><\/strong><\/p>\n<p><strong><em>Tama\u00f1o actual del Universo visible \u2248 10<sup>60<\/sup> longitudes de Planck.<\/em><\/strong><\/p>\n<p><strong><em>La masa actual del Universo visible \u2248 10<sup>60<\/sup> masas de Planck.<\/em><\/strong><\/p>\n<p>Vemos as\u00ed que la baj\u00edsima densidad de materia en el universo es un reflejo del hecho de que:<\/p>\n<p><strong><em>Densidad actual del universo visible \u224810<sup>-120<\/sup> de la densidad de Planck.<\/em><\/strong><\/p>\n<p>Y la temperatura del espacio, a 3 grados sobre el cero absoluto es, por tanto:<\/p>\n<p><strong><em>Temperatura actual del Universo visible \u2248 10<sup>-30<\/sup> de la Planck.<\/em><\/strong><\/p>\n<p><img decoding=\"async\" loading=\"lazy\" class=\"\" src=\"https:\/\/i.imgur.com\/xCp9pyC.png\" width=\"561\" height=\"107\" \/><\/p>\n<p style=\"text-align: justify;\">Estos n\u00fameros extraordinariamente grandes y estas fracciones extraordinariamente peque\u00f1as nos muestran inmediatamente que el universo est\u00e1 estructurado en una escala sobrehumana de proporciones asombrosas cuando la sopesamos en los balances de su propia construcci\u00f3n.<\/p>\n<p>&nbsp;<\/p>\n<p><img decoding=\"async\" loading=\"lazy\" class=\"\" src=\"https:\/\/images.ecestaticos.com\/GNSQA5awQWJBgFC42JgX4WqS-ss=\/9x27:1277x740\/1440x810\/filters:fill(white):format(jpg)\/f.elconfidencial.com%2Foriginal%2Fe29%2Fb1b%2F620%2Fe29b1b620907def5a6d33212fe2f0179.jpg\" alt=\"Es viejo el Universo? \u00bfC\u00f3mo puede ser tan grande? : Blog de Emilio Silvera  V.\" width=\"662\" height=\"372\" \/><\/p>\n<p>&nbsp;<\/p>\n<p style=\"text-align: justify;\">Con respecto a sus propios patrones, el universo es viejo. El tiempo de vida natural de un mundo gobernado por la gravedad, la <a href=\"#\" onclick=\"referencia('relatividad',event); return false;\">relatividad<\/a> y la mec\u00e1nica cu\u00e1ntica es el fugaz breve <a href=\"#\" onclick=\"referencia('planck tiempo de',event); return false;\">tiempo de Planck<\/a>. Parece que es mucho m\u00e1s viejo de lo que deber\u00eda ser.<\/p>\n<p>&nbsp;<\/p>\n<p><img decoding=\"async\" loading=\"lazy\" class=\"\" src=\"https:\/\/img.freepik.com\/foto-gratis\/papel-pared-galaxia-colores-calidos_23-2151769485.jpg\" alt=\"Fotos de Viejo Espacio, +14.000 Fotos de stock gratuitas de gran calidad\" width=\"610\" height=\"407\" \/><\/p>\n<p>&nbsp;<\/p>\n<p style=\"text-indent: 24pt; text-align: justify;\">Pero, pese a la enorme edad del universo en &#8220;tics&#8221; de Tiempo de Planck,\u00a0 hemos aprendido que casi todo este tiempo es necesario para producir estrellas y los elementos qu\u00edmicos que traen la vida.<\/p>\n<blockquote>\n<p style=\"text-indent: 24pt; text-align: justify;\"><strong>&#8220;En el final del universo uno tiene que utilizar mucho el tiempo pret\u00e9rito&#8230;\u00a0 todo ha sido hecho, \u00bfsabes?&#8221;.<\/strong><\/p>\n<p><strong>Douglas Adams.<\/strong><\/p><\/blockquote>\n<p style=\"text-indent: 24pt; text-align: right;\">\n<p><img decoding=\"async\" loading=\"lazy\" class=\"\" src=\"https:\/\/i0.wp.com\/ensedeciencia.com\/wp-content\/uploads\/2023\/07\/EdeCiencia-2P-130.jpg?resize=800%2C451&amp;ssl=1\" alt=\"Desafiando al Big Bang! Cient\u00edfico plantea un universo dos veces m\u00e1s viejo de lo estimado - Ens\u00e9\u00f1ame de Ciencia\" width=\"663\" height=\"374\" \/><\/p>\n<p>&nbsp;<\/p>\n<p style=\"text-indent: 24pt; text-align: justify;\">\u00bfPor qu\u00e9 nuestro universo no es mucho m\u00e1s viejo de lo que parece ser? Es f\u00e1cil entender por qu\u00e9 el universo no es mucho m\u00e1s joven. Las estrellas tardan mucho tiempo en formarse y producir elementos m\u00e1s pesados que son las que requiere la complejidad biol\u00f3gica. Pero los universos viejos tambi\u00e9n tienen sus problemas. Conforme pasa el tiempo en el universo el proceso de formaci\u00f3n de estrellas se frena. Todo el gas y el polvo c\u00f3smico que constituyen las materias primas de las estrellas habr\u00edan sido procesados por las estrellas y lanzados al espacio intergal\u00e1ctico donde no pueden enfriarse y fundirse en nuevas estrellas. Pocas estrellas hacen que, a su vez, tambi\u00e9n sean pocos los sistemas solares y los planetas. Los planetas que se forman son menos activos que los que se formaron antes, la <a href=\"#\" onclick=\"referencia('entropia',event); return false;\">entrop\u00eda<\/a> va debilitando la energ\u00eda del sistema para realizar trabajo. La producci\u00f3n de elementos radiactivos en las estrellas disminuir\u00e1, y los que se formen tendr\u00e1n semividas m\u00e1s largas. Los nuevos planetas ser\u00e1n menos activos geol\u00f3gicamente y carecer\u00e1n de muchos de los movimientos internos que impulsan el vulcanismo, la deriva continental y la elevaci\u00f3n de las monta\u00f1as en el planeta. Si esto tambi\u00e9n hace menos probable la presencia de un campo magn\u00e9tico en un planeta, entonces ser\u00e1 muy poco probable que la vida evolucione hasta formas complejas.<\/p>\n<p>&nbsp;<\/p>\n<p><img decoding=\"async\" loading=\"lazy\" class=\"\" src=\"https:\/\/phantom-expansion.unidadeditorial.es\/634efb058ff8a66bfa9ac1ed54baec8e\/crop\/0x0\/2047x1364\/resize\/1200\/f\/jpg\/assets\/multimedia\/imagenes\/2023\/06\/22\/16874209028429.jpg\" alt=\"Llega el solsticio de verano, esos largos d\u00edas en los que el sol est\u00e1 casi siempre presente | Salud y Ciencia\" width=\"701\" height=\"468\" \/><\/p>\n<p>&nbsp;<\/p>\n<p style=\"text-indent: 24pt; text-align: justify;\">Las estrellas t\u00edpicas como el Sol, emiten desde su superficie un viento de part\u00edculas cargadas el\u00e9ctricamente que barre las atm\u00f3sferas de los planetas en \u00f3rbitas a su alrededor y, a menos que el viento pueda ser desviado por un campo magn\u00e9tico, los posibles habitantes de ese planeta lo podr\u00edan tener complicado soportando tal lluvia de <a href=\"#\" onclick=\"referencia('radiactividad',event); return false;\">radiactividad<\/a>. En nuestro sistema solar el campo magn\u00e9tico de la Tierra ha protegido su atm\u00f3sfera del viento solar, pero Marte, que no est\u00e1 protegido por ning\u00fan campo magn\u00e9tico, perdi\u00f3 su atm\u00f3sfera hace tiempo.<\/p>\n<p>&nbsp;<\/p>\n<p><img decoding=\"async\" src=\"https:\/\/content.nationalgeographic.com.es\/medio\/2022\/04\/29\/cronologia-de-las-5-grandes-extinciones-en-la-historia-del-planeta-tierra_d3d8a38e_800x337.jpg\" alt=\"El cambio clim\u00e1tico podr\u00eda provocar una extinci\u00f3n masiva en los oc\u00e9anos\" \/><\/p>\n<p>&nbsp;<\/p>\n<p><strong>\u00a0 \u00a0 \u00a0 \u00a0 \u00a0 \u00a0 \u00a0 \u00a0 \u00a0 \u00a0 \u00a0 \u00a0 \u00a0 \u00a0 \u00a0 \u00a0 \u00a0 \u00a0 \u00a0 \u00a0 Estamos en un Universo din\u00e1mico, nada permanece y todo cambia<\/strong><\/p>\n<p>Probablemente no es f\u00e1cil mantener una larga vida en un planeta del Sistema solar. Poco a poco hemos llegado a apreciar cu\u00e1n precaria es. Dejando a un lado los intentos que siguen realizando los seres vivos de extinguirse a s\u00ed mismos, agotar los recursos naturales, propagar infecciones letales y venenos mortales y emponzo\u00f1ar la atm\u00f3sfera, tambi\u00e9n existen serias amenazas exteriores.<\/p>\n<p>Los movimientos de cometas y asteroides, a pesar de tener la defensa de J\u00fapiter, son una seria y cierta amenaza para el desarrollo y persistencia de vida inteligente en las primeras etapas. Los impactos no han sido infrecuentes en el pasado lejano de la Tierra, habiendo tenido efectos catastr\u00f3ficos.\u00a0 Somos afortunados al tener la protecci\u00f3n de la Luna y de la enorme masa de J\u00fapiter que atrae hacia s\u00ed los cuerpos que llegan desde el exterior desvi\u00e1ndolos de su probable trayectoria hacia nuestro planeta.<\/p>\n<p>&nbsp;<\/p>\n<p>&nbsp;<\/p>\n<p>&nbsp;<\/p>\n<p><img decoding=\"async\" src=\"http:\/\/www.emiliosilveravazquez.com\/blog\/wp-content\/uploads\/2008\/07\/grafico-impacto.jpg\" alt=\"grafico-impacto\" \/><\/p>\n<p>La ca\u00edda en el planeta de uno de estos enormes pedruscos podr\u00eda producir extinciones globales y retrasar en millones de a\u00f1os la evoluci\u00f3n que tantos miles de millones de a\u00f1os le cost\u00f3 al Universo para poder <a href=\"#\" onclick=\"referencia('plasma',event); return false;\">plasma<\/a>rla en una realidad que llamamos vida.<\/p>\n<p>El secreto reside en el tiempo biol\u00f3gico necesario para desarrollar la vida y el tiempo necesario para desarrollar estrellas de segunda generaci\u00f3n y siguientes que en <a href=\"#\" onclick=\"referencia('nova',event); return false;\">novas<\/a> y supernovas cristalicen los materiales complejos necesarios para la vida, tales como el hidr\u00f3geno, nitr\u00f3geno, ox\u00edgeno, carbono, etc.<\/p>\n<p>&nbsp;<\/p>\n<p><img decoding=\"async\" src=\"https:\/\/fotoalcarria.com\/images\/linea_tiempo-vida.png\" alt=\"biodiversidad01 - fotOAlcarria\" \/><\/p>\n<p>&nbsp;<\/p>\n<p>Parece que la similitud en los &#8220;tiempos&#8221; no es una simple coincidencia.\u00a0 El argumento, en su forma m\u00e1s simple, lo introdujo Brandon Carter y lo desarroll\u00f3 John D. Barrow por un lado y por Frank Tipler por otro. Al menos, en el primer sistema solar habitado observado, \u00a1el nuestro!, parece que s\u00ed hay alguna relaci\u00f3n entre t(bio) y t(estrella) que son aproximadamente iguales; el t(bio) &#8211; tiempo biol\u00f3gico para la aparici\u00f3n de la vida &#8211; algo m\u00e1s extenso.<\/p>\n<p>&nbsp;<\/p>\n<p><img decoding=\"async\" loading=\"lazy\" class=\"\" src=\"https:\/\/www.realcirculodelabradores.com\/wp-content\/uploads\/2019\/01\/conf-17ene-1.jpg\" alt=\"Real Circulo de Labradores | 17 de enero, conferencia 'La Tierra primitiva y el origen de la vida'\" width=\"679\" height=\"453\" \/><\/p>\n<p>&nbsp;<\/p>\n<p><strong>La evoluci\u00f3n de una atm\u00f3sfera planetaria que sustente la vida requiere una fase inicial durante la cual el ox\u00edgeno es liberado por la foto-disociaci\u00f3n de vapor de agua.<\/strong> En la Tierra esto necesit\u00f3 2.400 millones de a\u00f1os y llev\u00f3 el ox\u00edgeno atmosf\u00e9rico a aproximadamente una mil\u00e9sima de su valor actual.\u00a0 Cabr\u00eda esperar que la longitud de esta fase fuera inversamente proporcional a la intensidad de la radiaci\u00f3n en el intervalo de longitudes de onda del orden de 1000-2000 \u00e1ngstroms, donde est\u00e1n los niveles moleculares clave para la absorci\u00f3n de agua.<\/p>\n<p>Este simple modelo indica la ruta que vincula las escalas del tiempo bioqu\u00edmico de evoluci\u00f3n de la vida y la del tiempo astrof\u00edsico que determina el tiempo requerido para crear un ambiente sustentado por una estrella estable que consume hidr\u00f3geno en la secuencia principal y env\u00eda luz y calor a los planetas del Sistema Solar que ella misma forma como objeto principal.<\/p>\n<p>&nbsp;<\/p>\n<p><img decoding=\"async\" loading=\"lazy\" class=\"\" src=\"https:\/\/www.eluniverso.com\/resizer\/TxVbdGYdc-V8Hh-EGvCWCmy3Jjg=\/827x670\/smart\/filters:quality(70)\/cloudfront-us-east-1.images.arcpublishing.com\/eluniverso\/7LJ244AECBEEFBVYSCRLO3BFOA.jpg\" alt=\"El Universo, su destino y la Vida : Blog de Emilio Silvera V.\" width=\"618\" height=\"501\" \/><\/p>\n<p><strong>\u00a0 \u00a0 \u00a0 \u00a0 \u00a0 \u00a0 \u00a0 \u00a0 \u00a0 \u00a0 \u00a0 Lejos a\u00fan en el futuro, un d\u00eda veremos de cerca otros mundos y otras formas de vida<\/strong><\/p>\n<p>Tras muchos a\u00f1os tratando de dar respuesta a estas preguntas, los cient\u00edficos han llegado a la conclusi\u00f3n de que la vida no es un suceso exclusivo de la Tierra, sino que\u00a0<strong>debe ser un fen\u00f3meno normal en el cosmos<\/strong>\u00a0y que, por lo tanto, tienen que indagar sobre su extensi\u00f3n y sus posibles manifestaciones.<\/p>\n<p>A muchos les cuesta trabajo admitir la presencia de vida en el universo como algo natural y corriente, ellos abogan por la inevitabilidad de un universo grande y fr\u00edo en el que es dif\u00edcil la aparici\u00f3n de la vida, y en el supuesto de que \u00e9sta aparezca, ser\u00e1 muy parecida a la nuestra.<\/p>\n<p>&nbsp;<\/p>\n<p><img decoding=\"async\" loading=\"lazy\" class=\"\" src=\"https:\/\/imagenes.muyinteresante.com\/files\/vertical_image_414\/uploads\/2022\/10\/13\/634817511134c.jpeg\" alt=\"Puede existir la vida basada en el silicio?\" width=\"607\" height=\"534\" \/><\/p>\n<p><strong>\u00bfVida basada en el Silicio?<\/strong><\/p>\n<p><strong><em>\u00a1Mentira! \u00a1Hace unos a\u00f1os se encontraron bacterias que est\u00e1n basadas en el ars\u00e9nico!<\/em><\/strong><\/p>\n<p style=\"text-align: justify;\">&#8220;No, <em>voz cursiva<\/em>, pese a lo que afirmaran\u00a0<a href=\"https:\/\/clipset.20minutos.es\/la-nasa-anuncia-vida-basada-en-arsenico\/\">algunos titulares<\/a>, lo que se cre\u00eda haber descubierto eran bacterias que usaban\u00a0<em>ars\u00e9nico<\/em>\u00a0en su ADN en lugar de\u00a0<em>f\u00f3sforo<\/em>.\u00a0<a href=\"https:\/\/www.nature.com\/news\/arsenic-life-bacterium-prefers-phosphorus-after-all-1.11520\">El estudio se refut\u00f3 hace tiempo<\/a>\u00a0pero, de todas maneras, incluso aunque realmente hubieran sido capaces de sustituir el ars\u00e9nico de su ADN por f\u00f3sforo,\u00a0<strong>el c\u00f3digo gen\u00e9tico de estas bacterias seguir\u00eda estando formado por mol\u00e9culas organizadas en torno a \u00e1tomos de carbono, con el ars\u00e9nico como \u00abcomplemento\u00bb<\/strong>.&#8221;<\/p>\n<p>&nbsp;<\/p>\n<p><img decoding=\"async\" loading=\"lazy\" class=\"\" src=\"https:\/\/i.ytimg.com\/vi\/ZezMv0c0EmU\/hqdefault.jpg\" alt=\"Vida basada en el silicio | Las propiedades del carbono | Biolog\u00eda | Khan Academy en Espa\u00f1ol\" width=\"639\" height=\"479\" \/><\/p>\n<p><strong>Aunque no podemos negarlo&#8230; \u00a1Nos cuesta admitirlo! \u00bfNo es el Universo igual en todas partes?<\/strong><\/p>\n<p style=\"text-align: justify;\">Sabemos que todas las formas de vida que pueblan la Tierra (al menos hasta donde podemos saber), est\u00e1n basadas en el Carbono. Si el Universo es igual en todas partes (que lo es), ya que, en todas sus regiones y galaxias, por muy lejos que est\u00e9n, rigen las mismas leyes y las mismas constantes. Y, siendo as\u00ed, lo que ha pasado en la Tierra, en las mismas condiciones habr\u00e1 pasado en otros miles de millones de planetas que, como nuestro mundo, estar\u00e1n llenos de Vida.<\/p>\n<p>&nbsp;<\/p>\n<p><iframe loading=\"lazy\" title=\"\u00bfPuede existir VIDA EXTRATERRESTRE que NO est\u00e9 BASADA EN EL CARBONO?\" width=\"500\" height=\"281\" src=\"https:\/\/www.youtube.com\/embed\/fTSEkTMl94w?feature=oembed\" frameborder=\"0\" allow=\"accelerometer; autoplay; clipboard-write; encrypted-media; gyroscope; picture-in-picture; web-share\" referrerpolicy=\"strict-origin-when-cross-origin\" allowfullscreen><\/iframe><\/p>\n<p>&nbsp;<\/p>\n<p style=\"text-align: justify;\">Los bi\u00f3logos, sin embargo, parecen admitir sin problemas la posibilidad de otras formas de vida, pero no est\u00e1n tan seguros de que sea probable que se desarrollen espont\u00e1neamente, sin un empuj\u00f3n de formas de vida basadas en el carbono. La mayor\u00eda de las estimaciones de la probabilidad de que haya inteligencias extraterrestres en el universo se centran en formas de vida similares a nosotros que habiten en planetas parecidos a la Tierra y que necesiten agua y ox\u00edgeno o similar con una atm\u00f3sfera gaseosa y las dem\u00e1s condiciones de la distancia entre el planeta y su estrella, la radiaci\u00f3n recibida, etc. En este punto, parece l\u00f3gico recordar que antes de 1.957 se descubri\u00f3 la coincidencia entre los valores de las <strong>constantes de la Naturaleza<\/strong> que tienen importantes consecuencias para la posible existencia de carbono y ox\u00edgeno, y con ello para la vida en el universo.<\/p>\n<p><strong>Emilio Silvera V\u00e1zquez<\/strong><\/p>\n<p>&nbsp;<\/p>\n<div class='bookmark'>\r\n\t\t<table align='left' border='0' cellpadding='0' width='100%'>\r\n\t\t<tr><td><span class='pushbutton'><a href='http:\/\/delicious.com\/post?url=http%3A%2F%2Fwww.emiliosilveravazquez.com%2Fblog%2F2025%2F12%2F11%2Fel-universo-infinitesimal%2F&amp;title=El+%26%238220%3Buniverso%26%238221%3B+infinitesimal' title='Delicious' target='_blank' rel='nofollow'><img src='http:\/\/www.emiliosilveravazquez.com\/blog\/wp-content\/plugins\/knxdt-bookmarks-wordpress-plugin\/images\/delicious.png'  alt='' class='book_img' border='none' style='margin:1px; padding: 0;'  \/><\/a><\/span><span class='pushbutton'><a href='http:\/\/digg.com\/submit?url=http%3A%2F%2Fwww.emiliosilveravazquez.com%2Fblog%2F2025%2F12%2F11%2Fel-universo-infinitesimal%2F&amp;title=El+%26%238220%3Buniverso%26%238221%3B+infinitesimal' title='Digg' target='_blank' rel='nofollow'><img src='http:\/\/www.emiliosilveravazquez.com\/blog\/wp-content\/plugins\/knxdt-bookmarks-wordpress-plugin\/images\/digg.png'  alt='' class='book_img' border='none' style='margin:1px; padding: 0;'  \/><\/a><\/span><span class='pushbutton'><a href='http:\/\/www.google.com\/bookmarks\/mark?op=edit&amp;bkmk=http%3A%2F%2Fwww.emiliosilveravazquez.com%2Fblog%2F2025%2F12%2F11%2Fel-universo-infinitesimal%2F&amp;title=El+%26%238220%3Buniverso%26%238221%3B+infinitesimal' title='Google' target='_blank' rel='nofollow'><img src='http:\/\/www.emiliosilveravazquez.com\/blog\/wp-content\/plugins\/knxdt-bookmarks-wordpress-plugin\/images\/google.png'   alt='' class='book_img' border='none' style='margin:1px; padding: 0;'  \/><\/a><\/span><span class='pushbutton'><a href='http:\/\/myweb2.search.yahoo.com\/myresults\/bookmarklet?u=http%3A%2F%2Fwww.emiliosilveravazquez.com%2Fblog%2F2025%2F12%2F11%2Fel-universo-infinitesimal%2F&amp;t=El+%26%238220%3Buniverso%26%238221%3B+infinitesimal' title='Yahoo' target='_blank' rel='nofollow'><img src='http:\/\/www.emiliosilveravazquez.com\/blog\/wp-content\/plugins\/knxdt-bookmarks-wordpress-plugin\/images\/yahoo.png'  alt='' class='book_img' border='none' style='margin:1px; padding: 0;'  \/><\/a><\/span><span class='pushbutton'><a href='http:\/\/www.technorati.com\/faves?add=http%3A%2F%2Fwww.emiliosilveravazquez.com%2Fblog%2F2025%2F12%2F11%2Fel-universo-infinitesimal%2F' title='Technorati' target='_blank' rel='nofollow'><img src='http:\/\/www.emiliosilveravazquez.com\/blog\/wp-content\/plugins\/knxdt-bookmarks-wordpress-plugin\/images\/technorati.png'  alt='' class='book_img' border='none' style='margin:1px; padding: 0;'  \/><\/a><\/span><span class='pushbutton'><a href='http:\/\/meneame.net\/submit.php?url=http%3A%2F%2Fwww.emiliosilveravazquez.com%2Fblog%2F2025%2F12%2F11%2Fel-universo-infinitesimal%2F' title='Meneame' target='_blank' rel='nofollow'><img src='http:\/\/www.emiliosilveravazquez.com\/blog\/wp-content\/plugins\/knxdt-bookmarks-wordpress-plugin\/images\/meneame.png'  alt='' class='book_img' border='none' style='margin:1px; padding: 0;'  \/><\/a><\/span><span class='pushbutton'><a href='http:\/\/enchilame.com\/submit.php?url=http:\/\/www.emiliosilveravazquez.com\/blog\/2025\/12\/11\/el-universo-infinitesimal\/' target='_blank' rel='nofollow'><img title='Enchilame' src='http:\/\/www.emiliosilveravazquez.com\/blog\/wp-content\/plugins\/knxdt-bookmarks-wordpress-plugin\/images\/enchilame.png'  alt='' class='book_img' border='none' style='margin:1px; padding: 0;'  \/><\/a><\/span><span class='pushbutton'><a href='http:\/\/www.blinklist.com\/index.php?Action=Blink\/addblink.php&amp;Description=&amp;Url=http%3A%2F%2Fwww.emiliosilveravazquez.com%2Fblog%2F2025%2F12%2F11%2Fel-universo-infinitesimal%2F&amp;title=El+%26%238220%3Buniverso%26%238221%3B+infinitesimal' title='BlinkList' target='_blank' rel='nofollow'><img src='http:\/\/www.emiliosilveravazquez.com\/blog\/wp-content\/plugins\/knxdt-bookmarks-wordpress-plugin\/images\/blinklist.png'  alt='' class='book_img' border='none' style='margin:1px; padding: 0;'  \/><\/a><\/span><span class='pushbutton'><a href='http:\/\/reddit.com\/submit?url=http%3A%2F%2Fwww.emiliosilveravazquez.com%2Fblog%2F2025%2F12%2F11%2Fel-universo-infinitesimal%2F&amp;title=El+%26%238220%3Buniverso%26%238221%3B+infinitesimal' title='Reddit' target='_blank' rel='nofollow'><img src='http:\/\/www.emiliosilveravazquez.com\/blog\/wp-content\/plugins\/knxdt-bookmarks-wordpress-plugin\/images\/reddit.png'  alt='' class='book_img' border='none' style='margin:1px; padding: 0;'  \/><\/a><\/span><span class='pushbutton'><a href='http:\/\/www.tecnologiadiaria.com\/2009\/07\/abrir-com-hotmail-correo.html' target='_blank' title='hotmail'><img src='http:\/\/www.emiliosilveravazquez.com\/blog\/wp-content\/plugins\/knxdt-bookmarks-wordpress-plugin\/images\/linklove.png' alt='hotmail correo' class='book_img' border='none' style='margin:1px; padding: 0;' \/><\/a><\/span><span class='pushbutton'><a href='http:\/\/bitacoras.com\/votar\/anotacion\/externo\/mini\/www.emiliosilveravazquez.com\/blog\/2025\/12\/11\/el-universo-infinitesimal\/' title='Bitacoras.com' target='_blank' rel='nofollow'><img src='http:\/\/www.emiliosilveravazquez.com\/blog\/wp-content\/plugins\/knxdt-bookmarks-wordpress-plugin\/images\/bitacoras.png'  alt='' class='book_img' border='none' style='margin:1px; padding: 0;'  \/><\/a><\/span><span class='pushbutton'><a href='http:\/\/www.wikio.es\/vote?url=http%3A%2F%2Fwww.emiliosilveravazquez.com%2Fblog%2F2025%2F12%2F11%2Fel-universo-infinitesimal%2F' title='Wikio' target='_blank' rel='nofollow'><img src='http:\/\/www.emiliosilveravazquez.com\/blog\/wp-content\/plugins\/knxdt-bookmarks-wordpress-plugin\/images\/wikio.png'   alt='' class='book_img' border='none' style='margin:1px; padding: 0;'   \/><\/a><\/span><span class='pushbutton'><a href='http:\/\/friendfeed.com\/?url=http%3A%2F%2Fwww.emiliosilveravazquez.com%2Fblog%2F2025%2F12%2F11%2Fel-universo-infinitesimal%2F&amp;title=El+%26%238220%3Buniverso%26%238221%3B+infinitesimal' title='Friend Feed' target='_blank' rel='nofollow'><img src='http:\/\/www.emiliosilveravazquez.com\/blog\/wp-content\/plugins\/knxdt-bookmarks-wordpress-plugin\/images\/friendfeed.png'  alt='' class='book_img' border='none' style='margin:1px; padding: 0;'  \/><\/a><\/span><span class='pushbutton'><a href='http:\/\/www.facebook.com\/share.php?u=http%3A%2F%2Fwww.emiliosilveravazquez.com%2Fblog%2F2025%2F12%2F11%2Fel-universo-infinitesimal%2F&amp;t=El+%26%238220%3Buniverso%26%238221%3B+infinitesimal' title='Facebook' target='_blank' rel='nofollow'><img src='http:\/\/www.emiliosilveravazquez.com\/blog\/wp-content\/plugins\/knxdt-bookmarks-wordpress-plugin\/images\/facebook.png'  alt='' class='book_img' border='none' style='margin:1px; padding: 0;'  \/><\/a><\/span><span class='pushbutton'><a href='http:\/\/twitter.com\/home?status=El+%26%238220%3Buniverso%26%238221%3B+infinitesimal: http%3A%2F%2Fwww.emiliosilveravazquez.com%2Fblog%2F2025%2F12%2F11%2Fel-universo-infinitesimal%2F' title='Twitter' target='_blank' rel='nofollow'><img src='http:\/\/www.emiliosilveravazquez.com\/blog\/wp-content\/plugins\/knxdt-bookmarks-wordpress-plugin\/images\/twitter.png'  alt='' class='book_img' border='none' style='margin:1px; padding: 0;'  \/><\/a><\/span><span class='pushbutton'><a href='http:\/\/www.feedburner.com\/fb\/a\/emailFlare?itemTitle=El+%26%238220%3Buniverso%26%238221%3B+infinitesimal&amp;uri=http%3A%2F%2Fwww.emiliosilveravazquez.com%2Fblog%2F2025%2F12%2F11%2Fel-universo-infinitesimal%2F' title='Enviar por Email' target='_blank' rel='nofollow'><img src='http:\/\/www.emiliosilveravazquez.com\/blog\/wp-content\/plugins\/knxdt-bookmarks-wordpress-plugin\/images\/email.png'  alt='' class='book_img' border='none' style='margin:1px; padding: 0;'  \/><\/a><\/span><span style='font-weight:bold; padding-left: 5px;'><a href='http:\/\/wordpress.org\/extend\/plugins\/knxdt-bookmarks-wordpress-plugin\/' title='Plugin' rel='nofollow' target='_blank'>[?]<\/a><\/span><\/td><\/tr><\/table><br\/><br\/><\/div>","protected":false},"excerpt":{"rendered":"<p>&nbsp; La longitud de Planck es la escala de longitud m\u00e1s peque\u00f1a posible en el universo, aproximadamente 1.616\u00d710-35metros. Se calcula a partir de constantes f\u00edsicas fundamentales: la velocidad de la luz (c),\u00a0\u00a0la constante gravitacional ( G),\u00a0 y la constante de Planck reducida ( \u210f) . A esta escala, las teor\u00edas de la f\u00edsica cl\u00e1sica, como [&hellip;]<\/p>\n","protected":false},"author":2,"featured_media":0,"comment_status":"open","ping_status":"open","sticky":false,"template":"","format":"standard","meta":{"_s2mail":"","footnotes":""},"categories":[1],"tags":[],"_links":{"self":[{"href":"http:\/\/www.emiliosilveravazquez.com\/blog\/wp-json\/wp\/v2\/posts\/34972"}],"collection":[{"href":"http:\/\/www.emiliosilveravazquez.com\/blog\/wp-json\/wp\/v2\/posts"}],"about":[{"href":"http:\/\/www.emiliosilveravazquez.com\/blog\/wp-json\/wp\/v2\/types\/post"}],"author":[{"embeddable":true,"href":"http:\/\/www.emiliosilveravazquez.com\/blog\/wp-json\/wp\/v2\/users\/2"}],"replies":[{"embeddable":true,"href":"http:\/\/www.emiliosilveravazquez.com\/blog\/wp-json\/wp\/v2\/comments?post=34972"}],"version-history":[{"count":0,"href":"http:\/\/www.emiliosilveravazquez.com\/blog\/wp-json\/wp\/v2\/posts\/34972\/revisions"}],"wp:attachment":[{"href":"http:\/\/www.emiliosilveravazquez.com\/blog\/wp-json\/wp\/v2\/media?parent=34972"}],"wp:term":[{"taxonomy":"category","embeddable":true,"href":"http:\/\/www.emiliosilveravazquez.com\/blog\/wp-json\/wp\/v2\/categories?post=34972"},{"taxonomy":"post_tag","embeddable":true,"href":"http:\/\/www.emiliosilveravazquez.com\/blog\/wp-json\/wp\/v2\/tags?post=34972"}],"curies":[{"name":"wp","href":"https:\/\/api.w.org\/{rel}","templated":true}]}}