{"id":34548,"date":"2025-09-14T11:35:22","date_gmt":"2025-09-14T10:35:22","guid":{"rendered":"https:\/\/www.emiliosilveravazquez.com\/blog\/?p=34548"},"modified":"2025-09-14T11:35:22","modified_gmt":"2025-09-14T10:35:22","slug":"la-gravedad-la-entropia-y-el-tiempo-seran-tres-aspectos-de-la-misma-cosa","status":"publish","type":"post","link":"http:\/\/www.emiliosilveravazquez.com\/blog\/2025\/09\/14\/la-gravedad-la-entropia-y-el-tiempo-seran-tres-aspectos-de-la-misma-cosa\/","title":{"rendered":"La Gravedad, la Entrop\u00eda y el Tiempo \u00bfSer\u00e1n tres aspectos de la misma cosa?"},"content":{"rendered":"<p><iframe loading=\"lazy\" title=\"Cient\u00edficos del CERN revelan un hallazgo impactante que puede cambiarlo todo\" width=\"500\" height=\"281\" src=\"https:\/\/www.youtube.com\/embed\/yKsktROnhYw?feature=oembed\" frameborder=\"0\" allow=\"accelerometer; autoplay; clipboard-write; encrypted-media; gyroscope; picture-in-picture; web-share\" referrerpolicy=\"strict-origin-when-cross-origin\" allowfullscreen><\/iframe><\/p>\n<p>&nbsp;<\/p>\n<p style=\"text-align: justify;\">Quieren buscar otra explicaci\u00f3n a lo que es la Gravedad, y, desde <a href=\"#\" onclick=\"referencia('einstein',event); return false;\">Einstein<\/a>, parece que lo ten\u00edamos claro. Sabemos que las presencias de masa curvan el Espacio e incide en el Tiempo, sabemos que la <a href=\"#\" onclick=\"referencia('velocidad de escape',event); return false;\">velocidad de escape<\/a> en los distintos cuerpos masivos, es totalmente proporcional a la cantidad de masa, se ha comprobado una y mil veces que lejos del cuerpo masivo, la Gravedad disminuye.<\/p>\n<p style=\"text-align: justify;\">Claro que, todo eso lo sabemos y ahora tratan de enredar para buscar otras explicaciones. El Tiempo se comporta de manera diferente cuando transcurre cerca de un objeto muy masivo, y&#8230; \u00bfQu\u00e9 pasa con la Entrop\u00eda en medio de todo esto?<\/p>\n<p style=\"text-align: justify;\">Cuando vemos reportajes de este calibre, la sensaci\u00f3n es que no sabemos nada. Sabiendo que la Relatividad es una Teor\u00eda consistente y de la misma manera lo es la Teor\u00eda Cu\u00e1ntica&#8230; \u00bfPor qu\u00e9 no quieren juntarse? La Gravedad no participa del Modelo Est\u00e1ndar, y, cuando tratamos de unir las dos teor\u00edas&#8230; \u00a1Aquello salta explosivamente y aparecen los infinitos!<\/p>\n<p>Finalmente, todo esto nos hace pensar que&#8230; \u00a1No sabemos nada!<\/p>\n<p>Pero a pesar de nuestra ignorancia, si que podemos tratar de desvelar el gran misterio que rodea a la Gravedad, al Tiempo y a la Entrop\u00eda.<\/p>\n<p><strong>Emilio Silvera V.<\/strong><\/p>\n<div class='bookmark'>\r\n\t\t<table align='left' border='0' cellpadding='0' width='100%'>\r\n\t\t<tr><td><span class='pushbutton'><a href='http:\/\/delicious.com\/post?url=http%3A%2F%2Fwww.emiliosilveravazquez.com%2Fblog%2F2025%2F09%2F14%2Fla-gravedad-la-entropia-y-el-tiempo-seran-tres-aspectos-de-la-misma-cosa%2F&amp;title=La+Gravedad%2C+la+Entrop%C3%ADa+y+el+Tiempo+%C2%BFSer%C3%A1n+tres+aspectos+de+la+misma+cosa%3F' title='Delicious' target='_blank' rel='nofollow'><img src='http:\/\/www.emiliosilveravazquez.com\/blog\/wp-content\/plugins\/knxdt-bookmarks-wordpress-plugin\/images\/delicious.png'  alt='' class='book_img' border='none' style='margin:1px; padding: 0;'  \/><\/a><\/span><span class='pushbutton'><a href='http:\/\/digg.com\/submit?url=http%3A%2F%2Fwww.emiliosilveravazquez.com%2Fblog%2F2025%2F09%2F14%2Fla-gravedad-la-entropia-y-el-tiempo-seran-tres-aspectos-de-la-misma-cosa%2F&amp;title=La+Gravedad%2C+la+Entrop%C3%ADa+y+el+Tiempo+%C2%BFSer%C3%A1n+tres+aspectos+de+la+misma+cosa%3F' title='Digg' target='_blank' rel='nofollow'><img src='http:\/\/www.emiliosilveravazquez.com\/blog\/wp-content\/plugins\/knxdt-bookmarks-wordpress-plugin\/images\/digg.png'  alt='' class='book_img' border='none' style='margin:1px; padding: 0;'  \/><\/a><\/span><span class='pushbutton'><a href='http:\/\/www.google.com\/bookmarks\/mark?op=edit&amp;bkmk=http%3A%2F%2Fwww.emiliosilveravazquez.com%2Fblog%2F2025%2F09%2F14%2Fla-gravedad-la-entropia-y-el-tiempo-seran-tres-aspectos-de-la-misma-cosa%2F&amp;title=La+Gravedad%2C+la+Entrop%C3%ADa+y+el+Tiempo+%C2%BFSer%C3%A1n+tres+aspectos+de+la+misma+cosa%3F' title='Google' target='_blank' rel='nofollow'><img src='http:\/\/www.emiliosilveravazquez.com\/blog\/wp-content\/plugins\/knxdt-bookmarks-wordpress-plugin\/images\/google.png'   alt='' class='book_img' border='none' style='margin:1px; padding: 0;'  \/><\/a><\/span><span class='pushbutton'><a href='http:\/\/myweb2.search.yahoo.com\/myresults\/bookmarklet?u=http%3A%2F%2Fwww.emiliosilveravazquez.com%2Fblog%2F2025%2F09%2F14%2Fla-gravedad-la-entropia-y-el-tiempo-seran-tres-aspectos-de-la-misma-cosa%2F&amp;t=La+Gravedad%2C+la+Entrop%C3%ADa+y+el+Tiempo+%C2%BFSer%C3%A1n+tres+aspectos+de+la+misma+cosa%3F' title='Yahoo' target='_blank' rel='nofollow'><img src='http:\/\/www.emiliosilveravazquez.com\/blog\/wp-content\/plugins\/knxdt-bookmarks-wordpress-plugin\/images\/yahoo.png'  alt='' class='book_img' border='none' style='margin:1px; padding: 0;'  \/><\/a><\/span><span class='pushbutton'><a href='http:\/\/www.technorati.com\/faves?add=http%3A%2F%2Fwww.emiliosilveravazquez.com%2Fblog%2F2025%2F09%2F14%2Fla-gravedad-la-entropia-y-el-tiempo-seran-tres-aspectos-de-la-misma-cosa%2F' title='Technorati' target='_blank' rel='nofollow'><img src='http:\/\/www.emiliosilveravazquez.com\/blog\/wp-content\/plugins\/knxdt-bookmarks-wordpress-plugin\/images\/technorati.png'  alt='' class='book_img' border='none' style='margin:1px; padding: 0;'  \/><\/a><\/span><span class='pushbutton'><a href='http:\/\/meneame.net\/submit.php?url=http%3A%2F%2Fwww.emiliosilveravazquez.com%2Fblog%2F2025%2F09%2F14%2Fla-gravedad-la-entropia-y-el-tiempo-seran-tres-aspectos-de-la-misma-cosa%2F' title='Meneame' target='_blank' rel='nofollow'><img src='http:\/\/www.emiliosilveravazquez.com\/blog\/wp-content\/plugins\/knxdt-bookmarks-wordpress-plugin\/images\/meneame.png'  alt='' class='book_img' border='none' style='margin:1px; padding: 0;'  \/><\/a><\/span><span class='pushbutton'><a href='http:\/\/enchilame.com\/submit.php?url=http:\/\/www.emiliosilveravazquez.com\/blog\/2025\/09\/14\/la-gravedad-la-entropia-y-el-tiempo-seran-tres-aspectos-de-la-misma-cosa\/' target='_blank' rel='nofollow'><img title='Enchilame' src='http:\/\/www.emiliosilveravazquez.com\/blog\/wp-content\/plugins\/knxdt-bookmarks-wordpress-plugin\/images\/enchilame.png'  alt='' class='book_img' border='none' style='margin:1px; padding: 0;'  \/><\/a><\/span><span class='pushbutton'><a href='http:\/\/www.blinklist.com\/index.php?Action=Blink\/addblink.php&amp;Description=&amp;Url=http%3A%2F%2Fwww.emiliosilveravazquez.com%2Fblog%2F2025%2F09%2F14%2Fla-gravedad-la-entropia-y-el-tiempo-seran-tres-aspectos-de-la-misma-cosa%2F&amp;title=La+Gravedad%2C+la+Entrop%C3%ADa+y+el+Tiempo+%C2%BFSer%C3%A1n+tres+aspectos+de+la+misma+cosa%3F' title='BlinkList' target='_blank' rel='nofollow'><img src='http:\/\/www.emiliosilveravazquez.com\/blog\/wp-content\/plugins\/knxdt-bookmarks-wordpress-plugin\/images\/blinklist.png'  alt='' class='book_img' border='none' style='margin:1px; padding: 0;'  \/><\/a><\/span><span class='pushbutton'><a href='http:\/\/reddit.com\/submit?url=http%3A%2F%2Fwww.emiliosilveravazquez.com%2Fblog%2F2025%2F09%2F14%2Fla-gravedad-la-entropia-y-el-tiempo-seran-tres-aspectos-de-la-misma-cosa%2F&amp;title=La+Gravedad%2C+la+Entrop%C3%ADa+y+el+Tiempo+%C2%BFSer%C3%A1n+tres+aspectos+de+la+misma+cosa%3F' title='Reddit' target='_blank' rel='nofollow'><img src='http:\/\/www.emiliosilveravazquez.com\/blog\/wp-content\/plugins\/knxdt-bookmarks-wordpress-plugin\/images\/reddit.png'  alt='' class='book_img' border='none' style='margin:1px; padding: 0;'  \/><\/a><\/span><span class='pushbutton'><a href='http:\/\/www.tecnologiadiaria.com\/2009\/07\/abrir-com-hotmail-correo.html' target='_blank' title='hotmail'><img src='http:\/\/www.emiliosilveravazquez.com\/blog\/wp-content\/plugins\/knxdt-bookmarks-wordpress-plugin\/images\/linklove.png' alt='hotmail correo' class='book_img' border='none' style='margin:1px; padding: 0;' \/><\/a><\/span><span class='pushbutton'><a href='http:\/\/bitacoras.com\/votar\/anotacion\/externo\/mini\/www.emiliosilveravazquez.com\/blog\/2025\/09\/14\/la-gravedad-la-entropia-y-el-tiempo-seran-tres-aspectos-de-la-misma-cosa\/' title='Bitacoras.com' target='_blank' rel='nofollow'><img src='http:\/\/www.emiliosilveravazquez.com\/blog\/wp-content\/plugins\/knxdt-bookmarks-wordpress-plugin\/images\/bitacoras.png'  alt='' class='book_img' border='none' style='margin:1px; padding: 0;'  \/><\/a><\/span><span class='pushbutton'><a href='http:\/\/www.wikio.es\/vote?url=http%3A%2F%2Fwww.emiliosilveravazquez.com%2Fblog%2F2025%2F09%2F14%2Fla-gravedad-la-entropia-y-el-tiempo-seran-tres-aspectos-de-la-misma-cosa%2F' title='Wikio' target='_blank' rel='nofollow'><img src='http:\/\/www.emiliosilveravazquez.com\/blog\/wp-content\/plugins\/knxdt-bookmarks-wordpress-plugin\/images\/wikio.png'   alt='' class='book_img' border='none' style='margin:1px; padding: 0;'   \/><\/a><\/span><span class='pushbutton'><a href='http:\/\/friendfeed.com\/?url=http%3A%2F%2Fwww.emiliosilveravazquez.com%2Fblog%2F2025%2F09%2F14%2Fla-gravedad-la-entropia-y-el-tiempo-seran-tres-aspectos-de-la-misma-cosa%2F&amp;title=La+Gravedad%2C+la+Entrop%C3%ADa+y+el+Tiempo+%C2%BFSer%C3%A1n+tres+aspectos+de+la+misma+cosa%3F' title='Friend Feed' target='_blank' rel='nofollow'><img src='http:\/\/www.emiliosilveravazquez.com\/blog\/wp-content\/plugins\/knxdt-bookmarks-wordpress-plugin\/images\/friendfeed.png'  alt='' class='book_img' border='none' style='margin:1px; padding: 0;'  \/><\/a><\/span><span class='pushbutton'><a href='http:\/\/www.facebook.com\/share.php?u=http%3A%2F%2Fwww.emiliosilveravazquez.com%2Fblog%2F2025%2F09%2F14%2Fla-gravedad-la-entropia-y-el-tiempo-seran-tres-aspectos-de-la-misma-cosa%2F&amp;t=La+Gravedad%2C+la+Entrop%C3%ADa+y+el+Tiempo+%C2%BFSer%C3%A1n+tres+aspectos+de+la+misma+cosa%3F' title='Facebook' target='_blank' rel='nofollow'><img src='http:\/\/www.emiliosilveravazquez.com\/blog\/wp-content\/plugins\/knxdt-bookmarks-wordpress-plugin\/images\/facebook.png'  alt='' class='book_img' border='none' style='margin:1px; padding: 0;'  \/><\/a><\/span><span class='pushbutton'><a href='http:\/\/twitter.com\/home?status=La+Gravedad%2C+la+Entrop%C3%ADa+y+el+Tiempo+%C2%BFSer%C3%A1n+tres+aspectos+de+la+misma+cosa%3F: http%3A%2F%2Fwww.emiliosilveravazquez.com%2Fblog%2F2025%2F09%2F14%2Fla-gravedad-la-entropia-y-el-tiempo-seran-tres-aspectos-de-la-misma-cosa%2F' title='Twitter' target='_blank' rel='nofollow'><img src='http:\/\/www.emiliosilveravazquez.com\/blog\/wp-content\/plugins\/knxdt-bookmarks-wordpress-plugin\/images\/twitter.png'  alt='' class='book_img' border='none' style='margin:1px; padding: 0;'  \/><\/a><\/span><span class='pushbutton'><a href='http:\/\/www.feedburner.com\/fb\/a\/emailFlare?itemTitle=La+Gravedad%2C+la+Entrop%C3%ADa+y+el+Tiempo+%C2%BFSer%C3%A1n+tres+aspectos+de+la+misma+cosa%3F&amp;uri=http%3A%2F%2Fwww.emiliosilveravazquez.com%2Fblog%2F2025%2F09%2F14%2Fla-gravedad-la-entropia-y-el-tiempo-seran-tres-aspectos-de-la-misma-cosa%2F' title='Enviar por Email' target='_blank' rel='nofollow'><img src='http:\/\/www.emiliosilveravazquez.com\/blog\/wp-content\/plugins\/knxdt-bookmarks-wordpress-plugin\/images\/email.png'  alt='' class='book_img' border='none' style='margin:1px; padding: 0;'  \/><\/a><\/span><span style='font-weight:bold; padding-left: 5px;'><a href='http:\/\/wordpress.org\/extend\/plugins\/knxdt-bookmarks-wordpress-plugin\/' title='Plugin' rel='nofollow' target='_blank'>[?]<\/a><\/span><\/td><\/tr><\/table><br\/><br\/><\/div>","protected":false},"excerpt":{"rendered":"<p>&nbsp; Quieren buscar otra explicaci\u00f3n a lo que es la Gravedad, y, desde Einstein, parece que lo ten\u00edamos claro. Sabemos que las presencias de masa curvan el Espacio e incide en el Tiempo, sabemos que la velocidad de escape en los distintos cuerpos masivos, es totalmente proporcional a la cantidad de masa, se ha comprobado [&hellip;]<\/p>\n","protected":false},"author":2,"featured_media":0,"comment_status":"open","ping_status":"open","sticky":false,"template":"","format":"standard","meta":{"_s2mail":"","footnotes":""},"categories":[1],"tags":[],"_links":{"self":[{"href":"http:\/\/www.emiliosilveravazquez.com\/blog\/wp-json\/wp\/v2\/posts\/34548"}],"collection":[{"href":"http:\/\/www.emiliosilveravazquez.com\/blog\/wp-json\/wp\/v2\/posts"}],"about":[{"href":"http:\/\/www.emiliosilveravazquez.com\/blog\/wp-json\/wp\/v2\/types\/post"}],"author":[{"embeddable":true,"href":"http:\/\/www.emiliosilveravazquez.com\/blog\/wp-json\/wp\/v2\/users\/2"}],"replies":[{"embeddable":true,"href":"http:\/\/www.emiliosilveravazquez.com\/blog\/wp-json\/wp\/v2\/comments?post=34548"}],"version-history":[{"count":0,"href":"http:\/\/www.emiliosilveravazquez.com\/blog\/wp-json\/wp\/v2\/posts\/34548\/revisions"}],"wp:attachment":[{"href":"http:\/\/www.emiliosilveravazquez.com\/blog\/wp-json\/wp\/v2\/media?parent=34548"}],"wp:term":[{"taxonomy":"category","embeddable":true,"href":"http:\/\/www.emiliosilveravazquez.com\/blog\/wp-json\/wp\/v2\/categories?post=34548"},{"taxonomy":"post_tag","embeddable":true,"href":"http:\/\/www.emiliosilveravazquez.com\/blog\/wp-json\/wp\/v2\/tags?post=34548"}],"curies":[{"name":"wp","href":"https:\/\/api.w.org\/{rel}","templated":true}]}}