{"id":33868,"date":"2026-01-26T11:23:25","date_gmt":"2026-01-26T10:23:25","guid":{"rendered":"https:\/\/www.emiliosilveravazquez.com\/blog\/?p=33868"},"modified":"2026-01-26T11:23:43","modified_gmt":"2026-01-26T10:23:43","slug":"curiosidades-en-el-tiempo","status":"publish","type":"post","link":"http:\/\/www.emiliosilveravazquez.com\/blog\/2026\/01\/26\/curiosidades-en-el-tiempo\/","title":{"rendered":"Curiosidades en el Tiempo"},"content":{"rendered":"<p>https:\/\/www.youtube.com\/shorts\/599Ew5k-CP8?feature=share<\/p>\n<p>&nbsp;<\/p>\n<p style=\"text-align: justify;\">Es fascinante retrotraerse en el Tiempo, echar una mirada a lo que en cada \u00e9poca pas\u00f3, los personajes, los hechos, los grandes acontecimientos que marcaron el Presente, al menos eso nos dice la F\u00edsica cuando habla de causalidad, el Presente est\u00e1 cargado del Pasado, y, el Futuro, tendr\u00e1 las reminiscencias del Presente.<\/p>\n<p>&nbsp;<\/p>\n<p><iframe loading=\"lazy\" title=\"El Tiempo no existe: D\u00e9jame explic\u00e1rtelo con un gr\u00e1fico | Astrum Espa\u00f1ol\" width=\"500\" height=\"281\" src=\"https:\/\/www.youtube.com\/embed\/iBVyTjEJZTo?feature=oembed\" frameborder=\"0\" allow=\"accelerometer; autoplay; clipboard-write; encrypted-media; gyroscope; picture-in-picture; web-share\" referrerpolicy=\"strict-origin-when-cross-origin\" allowfullscreen><\/iframe><\/p>\n<p>El Tiempo, siempre el tiempo. Pero&#8230; \u00bfSabremos alguna vez lo que el tiempo es?<\/p>\n<p style=\"text-align: justify;\">Hemos visto como los m\u00e1s grandes pensadores, los fil\u00f3sofos, la f\u00edsica, la teolog\u00eda&#8230;. Todos quisieron decirnos lo que es el Tiempo, unos con m\u00e1s acierto y otros con menos\u00a0 pero, ninguno logr\u00f3 convencernos de lo que el Tiempo es. No se deja atrapar, no lo podemos ver, es algo inmaterial que, sin embargo, incide de lleno en lo material, su inexorable transcurrir\u00a0 nos muestra los estragos que va dejando a su paso.<\/p>\n<p>&nbsp;<\/p>\n<p><img decoding=\"async\" loading=\"lazy\" class=\"\" src=\"https:\/\/blogger.googleusercontent.com\/img\/b\/R29vZ2xl\/AVvXsEjg2E4aIZvCCS0KDDRnM0Y9I9Y97vIRJQtJdgSGM3VJY2rXq5GNznlIXV6WcemYXngYmxeToF346dETOtFmAU-PK681Jc8dwteWFn5WANGXAcvJktIwoTZXorIQ0tkVCkVLrh8nHe758-AF\/s1600\/_ZOOBOOKS+antepasados+de+los+cocodrilos.jpg\" alt=\"Koprolitos: ZOOBOOKS: Antepasados de los crocodilios\" width=\"696\" height=\"448\" \/><\/p>\n<p><strong>El Tiempo nos habla a su manera, solo hay que saber o\u00edr lo que nos dice<\/strong><\/p>\n<p style=\"text-align: justify;\">La humanidad desde que evolucion\u00f3 y se par\u00f3 a pensar en el &#8220;mundo&#8221; que le rodeaba, no dej\u00f3 de lado el Tiempo, se dieron cuenta de que a medida que pasaban los d\u00edas, los a\u00f1os, nuestro f\u00edsico cambiaba, y, que todo en nuestro Universo ten\u00eda un principio y un final, nada perdura, nada es Eterno ni infinito.<\/p>\n<p style=\"text-align: justify;\">Como de hecho nunca pudimos realmente saber lo que es el Tiempo, nos inventamos un tiempo artificial, e, inventamos los relojes, de arena de Sol&#8230; de complejas maquinarias, y, finalmente los at\u00f3micos de Cesio que tiene la precisi\u00f3n de hasta un segundo en 138 millones de a\u00f1os <span data-huuid=\"17638200816035667752\">. <\/span><span data-huuid=\"17638200816035666307\">Esto es un nivel de precisi\u00f3n que va m\u00e1s all\u00e1 de nuestra vida cotidiana.<\/span><\/p>\n<p>&nbsp;<\/p>\n<p><img decoding=\"async\" loading=\"lazy\" class=\"\" src=\"https:\/\/image.slidesharecdn.com\/tiempoyespacioenlanarracinliteraria-110903110114-phpapp01\/95\/tiempo-y-espacio-en-la-narracin-literaria-2-728.jpg?cb=1315047800\" alt=\"Qu\u00e9 es el Tiempo? : Blog de Emilio Silvera V.\" width=\"595\" height=\"458\" \/><\/p>\n<h3 class=\"LC20lb MBeuO DKV0Md\">\u00bfQu\u00e9 es el Tiempo? : Blog de Emilio Silvera V.<\/h3>\n<p style=\"text-align: justify;\">As\u00ed hemos cuantizado el Tiempo en segundos, minutos, horas, d\u00edas, meses, a\u00f1os, siglos, milenios, millones de a\u00f1os, Eones&#8230; Ese no es el tiempo real, es el Tiempo que nos marca un reloj que en realidad tiene su origen en la idea de lo que tarda la Tierra en dar un giro sobre s\u00ed misma y lo que tarda en dar una vuelta alrededor del Sol.<\/p>\n<p style=\"text-align: justify;\">Ese Tiempo, lo utilizamos de manera pr\u00e1ctica, nos dice la hora de levantarse al comenzar el d\u00eda y acostarse al finalizar la jornada, nos marca el momento de entrar y salir del trabajo, de acceder a las clases\u00a0 en la Universidad, de quedar para ir al cine&#8230; Tambi\u00e9n se fija el Tiempo para comenzar alg\u00fan proyecto para fijar la fecha de la bosa&#8230;<\/p>\n<p>&nbsp;<\/p>\n<p><img decoding=\"async\" src=\"https:\/\/i.pinimg.com\/originals\/01\/8e\/79\/018e795fef97552a65c138778f8193ef.gif\" alt=\"Qu\u00e9 nos pasar\u00eda si viaj\u00e1ramos a la velocidad de la luz?\" \/><\/p>\n<p>&nbsp;<\/p>\n<p>As\u00ed nos hemos podido organizar con un Tiempo que no es el Tiempo de verdad, ese tiempo presente en la Naturaleza nadie sabe a qu\u00e9 velocidad se mueve, y, lleg\u00f3 <a href=\"#\" onclick=\"referencia('einstein',event); return false;\">Einstein<\/a> para decirnos que el Tiempo no se mueve siempre de la misma manera, y, que si corremos mucho&#8230;. \u00a1El Tiempo se ralentiza! \u00bfAcaso estamos perdiendo el Norte?<\/p>\n<p style=\"text-align: justify;\">La <a href=\"#\" onclick=\"referencia('relatividad',event); return false;\">relatividad<\/a> Especial nos dice que, si viajamos en una nave que corre a velocidades\u00a0 cercanas a la de la luz, el Tiempo\u00a0 marcha m\u00e1s lento, y, ser\u00e1 cierto (dicen que lo han demostrado muchas veces con relojes at\u00f3micos que viajaron en un caza y otro que se qued\u00f3 en la Tierra), y, nos cuentan la paradoja de los gemelos.<\/p>\n<p style=\"text-align: justify;\">Cuando mi mente me transporta a esa situaci\u00f3n, me resisto a aceptar que el Tiempo se pueda comportar en funci\u00f3n de lo que haga un objeto exterior a el&#8230; \u00bfAcaso la velocidad del Tiempo no es una Constante de la Naturaleza? Nos dicen que no. Sin embargo, en mi corto entendimiento, lo que me viene a la Mente es que, el viajero veloz ha corrido mucho m\u00e1s que el propio Tiempo, y, le da la sensaci\u00f3n de que se corre m\u00e1s lento.<\/p>\n<p style=\"text-align: justify;\">Recuerdo un viaje que hice (de los muchos), al Tribunal Econ\u00f3mico Administrativo Central en Madrid, sal\u00ed de Huelva a las 06 horas, aparqu\u00e9 el coche en el Aeropuerto de Sevilla, tom\u00e9 el vuelo y, a las 9 de la ma\u00f1ana hice la gesti\u00f3n, aprovech\u00e9 el viaje para llegarme al Museo del Prado, ten\u00eda ganas de contemplar de nuevo obras de Claudio de Lorena, como El embarco de Santa Paula Romana, y otros, no ten\u00eda el regreso hasta las 13 h.<span class=\"pjBG2e\" data-cid=\"62877096-20e8-42b1-ae7b-d9fd0652015b\"><span class=\"UV3uM\">\u00a0<\/span><\/span><\/p>\n<p>&nbsp;<\/p>\n<p><img decoding=\"async\" src=\"https:\/\/content3.cdnprado.net\/imagenes\/Documentos\/imgsem\/2a\/2a1f\/2a1f49d5-833f-4a53-8d0d-f3734ae6c90d\/3b22075e-7d78-463a-bbc6-d7561e957c43.jpg\" alt=\"El embarco de santa Paula Romana - Colecci\u00f3n - Museo Nacional del Prado\" \/><\/p>\n<p style=\"text-align: justify;\">\u00a0 \u00a0 Lo vi por primera vez cuando visit\u00e9 el Museo hace 45 a\u00f1os en compa\u00f1\u00eda de mi esposa, a la que llevo 20 a\u00f1os de diferencia&#8230; Por cierto, \u00bfno ser\u00e1 esa otra manera de ralentizar el transcurso del tiempo? Instalarse junto a la fuente de la Juventud, lo cierto es que llevamos juntos m\u00e1s de 45 a\u00f1os.<\/p>\n<p>Pero sigamos.<\/p>\n<p style=\"text-align: justify;\">As\u00ed que estuve un tiempo en el Museo, cog\u00ed un taxi y me fui al Aeropuerto, el avi\u00f3n sali\u00f3 a su hora y a las 16,30 h. estaba de nuevo en el despacho en Huelva. La sensaci\u00f3n que tuve fue de que el Tiempo se hab\u00eda detenido, y, pens\u00e9 que el motivo era que hab\u00eda realizado muchas cosas en tan poco tiempo, lo que me llev\u00f3 a esa sensaci\u00f3n.<\/p>\n<p style=\"text-align: justify;\">Adem\u00e1s, como le he dado muchas vueltas a esto del tiempo, tambi\u00e9n he podido descubrir que existe otro tiempo, el Psicol\u00f3gico:<\/p>\n<p>&nbsp;<\/p>\n<p><img decoding=\"async\" src=\"https:\/\/img.freepik.com\/fotos-premium\/siluetas-pareja-enamorados-romance-al-atardecer_105751-9300.jpg\" alt=\"Siluetas de una pareja de enamorados romance al atardecer. | Foto Premium\" \/><\/p>\n<p><strong>No importa que pases horas junto a la amada&#8230; \u00a1Te parecer\u00e1n segundos!<\/strong><\/p>\n<p>&nbsp;<\/p>\n<p><strong><img decoding=\"async\" loading=\"lazy\" class=\"\" src=\"https:\/\/www.comunidad.madrid\/sites\/default\/files\/styles\/image_style_16_9\/public\/img\/colectivos\/enfermos_covid.jpg?itok=R9hrGmMI\" alt=\"Permitiremos la pr\u00f3xima semana visitas y acompa\u00f1amientos a ...\" width=\"626\" height=\"352\" \/><\/strong><\/p>\n<p><strong>Enfermo y aquejado de dolores en la cama de un hospital, los segundos te parecer\u00e1n horas.<\/strong><\/p>\n<p style=\"text-align: justify;\">\u00bfSer\u00e1 que el tiempo se r\u00ede de nosotros y nos hace ver lo que quiere que veamos, lo cierto es que, cada uno de nosotros tiene y vive en su propio mundo, cada cual tiene una idea de las cosas en funci\u00f3n de muchos par\u00e1metros que lleva consigo: Su cuna, los estudios, las experiencias, su capacidad intelectual&#8230;<\/p>\n<p>&nbsp;<\/p>\n<blockquote><p><img decoding=\"async\" src=\"https:\/\/inmaculadasol.com\/wp-content\/uploads\/2014\/12\/pasado-presente-futuro.jpg\" alt=\"El pasado, el presente y el futuro en la vida. |\" \/><\/p>\n<p style=\"text-align: justify;\"><strong>Tambi\u00e9n, para tener una idea clara de lo que es el Tiempo, lo hemos dividido en partes que llamamos Pasado (el Tiempo que se fue), Presente (El Tiempo en el que vivimos), y, Futuro (el Tiempo por venir).<\/strong><\/p>\n<p style=\"text-align: justify;\">Lo cierto es que, nosotros estamos confinados en un Eterno Presente que, de inmediato, se pasa al Pasado que podr\u00e1 ser m\u00e1s o menos inmediato. Sin embargo aunque ese Tiempo fue nuestro, nunca m\u00e1s podremos volver a el, solo rememorarlo podremos.<\/p>\n<p style=\"text-align: justify;\"><strong>\u00a1El Pasado ! Al que nuestra imaginaci\u00f3n trata de encontrar el camino para viajar a el, y, nos habla de paradojas, nos cuenta historias incre\u00edbles que podr\u00edan suceder si realmente pudi\u00e9ramos ir all\u00ed&#8230; \u00a1Pero nunca podremos!<\/strong><\/p>\n<p style=\"text-align: justify;\"><strong>El Presente (es un regalo, lo dice la misma palabra), es el tiempo que se nos ha dado para realizar nuestros sue\u00f1os, no lo podemos desperdiciar, ese tren solo pasa una vez y&#8230; \u00a1Si lo pierdes!<\/strong><\/p>\n<p style=\"text-align: justify;\"><strong>El Futuro (es el Tiempo por venir, en el que nunca podremos estar, ya que, cuando llega a nosotros ese ma\u00f1ana&#8230; \u00a1Llega convertido en Presente!\u00a0<\/strong><\/p>\n<\/blockquote>\n<p>&nbsp;<\/p>\n<p><img decoding=\"async\" loading=\"lazy\" class=\"\" src=\"https:\/\/media.licdn.com\/dms\/image\/v2\/C5612AQEQw3GgTrZrRA\/article-cover_image-shrink_720_1280\/article-cover_image-shrink_720_1280\/0\/1539679661594?e=2147483647&amp;v=beta&amp;t=29cJ7PNJgEMnaqgU__Ee48SQCQ3A43Jtq8VKUSfAsm8\" alt=\"CAMINAR HACIA UN HORIZONTE DE VERDAD\" width=\"755\" height=\"489\" \/><\/p>\n<p><strong>El Horizonte siempre estar\u00e1 delante pero, alcanzarlo nunca podremos<\/strong><\/p>\n<blockquote>\n<p style=\"text-align: justify;\">Ese Futuro que vislumbramos ser\u00e1 el Tiempo de otros qu4e detr\u00e1s de nosotros vendr\u00e1n, y, para ellos&#8230; \u00a1Tambi\u00e9n ser\u00e1 Presente! Entonces nos podremos preguntar: \u00bfQui\u00e9n vivir\u00e1 en el Futuro? La respuesta es nadie. El Futuro es para nosotros como ese Horizonte al hacia el que caminamos y nunca podremos alcanzar.<\/p>\n<p style=\"text-align: justify;\">Podr\u00edamos seguir filosofando sobre la verdadera naturaleza del Tiempo, y, despu\u00e9s de agotar todos los escasos recursos de \u00a1nuestras Mentes&#8230; El Tiempo estar\u00eda lejos de nuestro entendimiento, inalcanzable.<\/p>\n<p style=\"text-align: justify;\">Estamos inmersos en \u00e9l, nos afecta con el binomio que forma con su &#8220;parienta&#8221; la Entrop\u00eda (que naci\u00f3 con \u00e9l), pero nunca lo podremos comprender, es algo inmaterial, intangible que no se deja ver, y, nosotros, pobrs mortales, lo \u00fanico que podemos hacer es conjeturar, construir teor\u00edas, tatar de darle un sentido a una idea que se nos escapa, es algo de la Metaf\u00edsica, esa rama de la filosof\u00eda que estudia el Ser (otro dilema fuera de nuestro alcance).<\/p>\n<p><strong>Emilio Silvera V\u00e1zquez<\/strong><\/p><\/blockquote>\n<div class='bookmark'>\r\n\t\t<table align='left' border='0' cellpadding='0' width='100%'>\r\n\t\t<tr><td><span class='pushbutton'><a href='http:\/\/delicious.com\/post?url=http%3A%2F%2Fwww.emiliosilveravazquez.com%2Fblog%2F2026%2F01%2F26%2Fcuriosidades-en-el-tiempo%2F&amp;title=Curiosidades+en+el+Tiempo' title='Delicious' target='_blank' rel='nofollow'><img src='http:\/\/www.emiliosilveravazquez.com\/blog\/wp-content\/plugins\/knxdt-bookmarks-wordpress-plugin\/images\/delicious.png'  alt='' class='book_img' border='none' style='margin:1px; padding: 0;'  \/><\/a><\/span><span class='pushbutton'><a href='http:\/\/digg.com\/submit?url=http%3A%2F%2Fwww.emiliosilveravazquez.com%2Fblog%2F2026%2F01%2F26%2Fcuriosidades-en-el-tiempo%2F&amp;title=Curiosidades+en+el+Tiempo' title='Digg' target='_blank' rel='nofollow'><img src='http:\/\/www.emiliosilveravazquez.com\/blog\/wp-content\/plugins\/knxdt-bookmarks-wordpress-plugin\/images\/digg.png'  alt='' class='book_img' border='none' style='margin:1px; padding: 0;'  \/><\/a><\/span><span class='pushbutton'><a href='http:\/\/www.google.com\/bookmarks\/mark?op=edit&amp;bkmk=http%3A%2F%2Fwww.emiliosilveravazquez.com%2Fblog%2F2026%2F01%2F26%2Fcuriosidades-en-el-tiempo%2F&amp;title=Curiosidades+en+el+Tiempo' title='Google' target='_blank' rel='nofollow'><img src='http:\/\/www.emiliosilveravazquez.com\/blog\/wp-content\/plugins\/knxdt-bookmarks-wordpress-plugin\/images\/google.png'   alt='' class='book_img' border='none' style='margin:1px; padding: 0;'  \/><\/a><\/span><span class='pushbutton'><a href='http:\/\/myweb2.search.yahoo.com\/myresults\/bookmarklet?u=http%3A%2F%2Fwww.emiliosilveravazquez.com%2Fblog%2F2026%2F01%2F26%2Fcuriosidades-en-el-tiempo%2F&amp;t=Curiosidades+en+el+Tiempo' title='Yahoo' target='_blank' rel='nofollow'><img src='http:\/\/www.emiliosilveravazquez.com\/blog\/wp-content\/plugins\/knxdt-bookmarks-wordpress-plugin\/images\/yahoo.png'  alt='' class='book_img' border='none' style='margin:1px; padding: 0;'  \/><\/a><\/span><span class='pushbutton'><a href='http:\/\/www.technorati.com\/faves?add=http%3A%2F%2Fwww.emiliosilveravazquez.com%2Fblog%2F2026%2F01%2F26%2Fcuriosidades-en-el-tiempo%2F' title='Technorati' target='_blank' rel='nofollow'><img src='http:\/\/www.emiliosilveravazquez.com\/blog\/wp-content\/plugins\/knxdt-bookmarks-wordpress-plugin\/images\/technorati.png'  alt='' class='book_img' border='none' style='margin:1px; padding: 0;'  \/><\/a><\/span><span class='pushbutton'><a href='http:\/\/meneame.net\/submit.php?url=http%3A%2F%2Fwww.emiliosilveravazquez.com%2Fblog%2F2026%2F01%2F26%2Fcuriosidades-en-el-tiempo%2F' title='Meneame' target='_blank' rel='nofollow'><img src='http:\/\/www.emiliosilveravazquez.com\/blog\/wp-content\/plugins\/knxdt-bookmarks-wordpress-plugin\/images\/meneame.png'  alt='' class='book_img' border='none' style='margin:1px; padding: 0;'  \/><\/a><\/span><span class='pushbutton'><a href='http:\/\/enchilame.com\/submit.php?url=http:\/\/www.emiliosilveravazquez.com\/blog\/2026\/01\/26\/curiosidades-en-el-tiempo\/' target='_blank' rel='nofollow'><img title='Enchilame' src='http:\/\/www.emiliosilveravazquez.com\/blog\/wp-content\/plugins\/knxdt-bookmarks-wordpress-plugin\/images\/enchilame.png'  alt='' class='book_img' border='none' style='margin:1px; padding: 0;'  \/><\/a><\/span><span class='pushbutton'><a href='http:\/\/www.blinklist.com\/index.php?Action=Blink\/addblink.php&amp;Description=&amp;Url=http%3A%2F%2Fwww.emiliosilveravazquez.com%2Fblog%2F2026%2F01%2F26%2Fcuriosidades-en-el-tiempo%2F&amp;title=Curiosidades+en+el+Tiempo' title='BlinkList' target='_blank' rel='nofollow'><img src='http:\/\/www.emiliosilveravazquez.com\/blog\/wp-content\/plugins\/knxdt-bookmarks-wordpress-plugin\/images\/blinklist.png'  alt='' class='book_img' border='none' style='margin:1px; padding: 0;'  \/><\/a><\/span><span class='pushbutton'><a href='http:\/\/reddit.com\/submit?url=http%3A%2F%2Fwww.emiliosilveravazquez.com%2Fblog%2F2026%2F01%2F26%2Fcuriosidades-en-el-tiempo%2F&amp;title=Curiosidades+en+el+Tiempo' title='Reddit' target='_blank' rel='nofollow'><img src='http:\/\/www.emiliosilveravazquez.com\/blog\/wp-content\/plugins\/knxdt-bookmarks-wordpress-plugin\/images\/reddit.png'  alt='' class='book_img' border='none' style='margin:1px; padding: 0;'  \/><\/a><\/span><span class='pushbutton'><a href='http:\/\/www.tecnologiadiaria.com\/2009\/07\/abrir-com-hotmail-correo.html' target='_blank' title='hotmail'><img src='http:\/\/www.emiliosilveravazquez.com\/blog\/wp-content\/plugins\/knxdt-bookmarks-wordpress-plugin\/images\/linklove.png' alt='hotmail correo' class='book_img' border='none' style='margin:1px; padding: 0;' \/><\/a><\/span><span class='pushbutton'><a href='http:\/\/bitacoras.com\/votar\/anotacion\/externo\/mini\/www.emiliosilveravazquez.com\/blog\/2026\/01\/26\/curiosidades-en-el-tiempo\/' title='Bitacoras.com' target='_blank' rel='nofollow'><img src='http:\/\/www.emiliosilveravazquez.com\/blog\/wp-content\/plugins\/knxdt-bookmarks-wordpress-plugin\/images\/bitacoras.png'  alt='' class='book_img' border='none' style='margin:1px; padding: 0;'  \/><\/a><\/span><span class='pushbutton'><a href='http:\/\/www.wikio.es\/vote?url=http%3A%2F%2Fwww.emiliosilveravazquez.com%2Fblog%2F2026%2F01%2F26%2Fcuriosidades-en-el-tiempo%2F' title='Wikio' target='_blank' rel='nofollow'><img src='http:\/\/www.emiliosilveravazquez.com\/blog\/wp-content\/plugins\/knxdt-bookmarks-wordpress-plugin\/images\/wikio.png'   alt='' class='book_img' border='none' style='margin:1px; padding: 0;'   \/><\/a><\/span><span class='pushbutton'><a href='http:\/\/friendfeed.com\/?url=http%3A%2F%2Fwww.emiliosilveravazquez.com%2Fblog%2F2026%2F01%2F26%2Fcuriosidades-en-el-tiempo%2F&amp;title=Curiosidades+en+el+Tiempo' title='Friend Feed' target='_blank' rel='nofollow'><img src='http:\/\/www.emiliosilveravazquez.com\/blog\/wp-content\/plugins\/knxdt-bookmarks-wordpress-plugin\/images\/friendfeed.png'  alt='' class='book_img' border='none' style='margin:1px; padding: 0;'  \/><\/a><\/span><span class='pushbutton'><a href='http:\/\/www.facebook.com\/share.php?u=http%3A%2F%2Fwww.emiliosilveravazquez.com%2Fblog%2F2026%2F01%2F26%2Fcuriosidades-en-el-tiempo%2F&amp;t=Curiosidades+en+el+Tiempo' title='Facebook' target='_blank' rel='nofollow'><img src='http:\/\/www.emiliosilveravazquez.com\/blog\/wp-content\/plugins\/knxdt-bookmarks-wordpress-plugin\/images\/facebook.png'  alt='' class='book_img' border='none' style='margin:1px; padding: 0;'  \/><\/a><\/span><span class='pushbutton'><a href='http:\/\/twitter.com\/home?status=Curiosidades+en+el+Tiempo: http%3A%2F%2Fwww.emiliosilveravazquez.com%2Fblog%2F2026%2F01%2F26%2Fcuriosidades-en-el-tiempo%2F' title='Twitter' target='_blank' rel='nofollow'><img src='http:\/\/www.emiliosilveravazquez.com\/blog\/wp-content\/plugins\/knxdt-bookmarks-wordpress-plugin\/images\/twitter.png'  alt='' class='book_img' border='none' style='margin:1px; padding: 0;'  \/><\/a><\/span><span class='pushbutton'><a href='http:\/\/www.feedburner.com\/fb\/a\/emailFlare?itemTitle=Curiosidades+en+el+Tiempo&amp;uri=http%3A%2F%2Fwww.emiliosilveravazquez.com%2Fblog%2F2026%2F01%2F26%2Fcuriosidades-en-el-tiempo%2F' title='Enviar por Email' target='_blank' rel='nofollow'><img src='http:\/\/www.emiliosilveravazquez.com\/blog\/wp-content\/plugins\/knxdt-bookmarks-wordpress-plugin\/images\/email.png'  alt='' class='book_img' border='none' style='margin:1px; padding: 0;'  \/><\/a><\/span><span style='font-weight:bold; padding-left: 5px;'><a href='http:\/\/wordpress.org\/extend\/plugins\/knxdt-bookmarks-wordpress-plugin\/' title='Plugin' rel='nofollow' target='_blank'>[?]<\/a><\/span><\/td><\/tr><\/table><br\/><br\/><\/div>","protected":false},"excerpt":{"rendered":"<p>https:\/\/www.youtube.com\/shorts\/599Ew5k-CP8?feature=share &nbsp; Es fascinante retrotraerse en el Tiempo, echar una mirada a lo que en cada \u00e9poca pas\u00f3, los personajes, los hechos, los grandes acontecimientos que marcaron el Presente, al menos eso nos dice la F\u00edsica cuando habla de causalidad, el Presente est\u00e1 cargado del Pasado, y, el Futuro, tendr\u00e1 las reminiscencias del Presente. &nbsp; [&hellip;]<\/p>\n","protected":false},"author":2,"featured_media":0,"comment_status":"open","ping_status":"open","sticky":false,"template":"","format":"standard","meta":{"_s2mail":"","footnotes":""},"categories":[1],"tags":[],"_links":{"self":[{"href":"http:\/\/www.emiliosilveravazquez.com\/blog\/wp-json\/wp\/v2\/posts\/33868"}],"collection":[{"href":"http:\/\/www.emiliosilveravazquez.com\/blog\/wp-json\/wp\/v2\/posts"}],"about":[{"href":"http:\/\/www.emiliosilveravazquez.com\/blog\/wp-json\/wp\/v2\/types\/post"}],"author":[{"embeddable":true,"href":"http:\/\/www.emiliosilveravazquez.com\/blog\/wp-json\/wp\/v2\/users\/2"}],"replies":[{"embeddable":true,"href":"http:\/\/www.emiliosilveravazquez.com\/blog\/wp-json\/wp\/v2\/comments?post=33868"}],"version-history":[{"count":0,"href":"http:\/\/www.emiliosilveravazquez.com\/blog\/wp-json\/wp\/v2\/posts\/33868\/revisions"}],"wp:attachment":[{"href":"http:\/\/www.emiliosilveravazquez.com\/blog\/wp-json\/wp\/v2\/media?parent=33868"}],"wp:term":[{"taxonomy":"category","embeddable":true,"href":"http:\/\/www.emiliosilveravazquez.com\/blog\/wp-json\/wp\/v2\/categories?post=33868"},{"taxonomy":"post_tag","embeddable":true,"href":"http:\/\/www.emiliosilveravazquez.com\/blog\/wp-json\/wp\/v2\/tags?post=33868"}],"curies":[{"name":"wp","href":"https:\/\/api.w.org\/{rel}","templated":true}]}}