{"id":338,"date":"2010-05-15T10:09:54","date_gmt":"2010-05-15T08:09:54","guid":{"rendered":"http:\/\/www.emiliosilveravazquez.com\/blog\/?p=338"},"modified":"2010-05-15T10:09:10","modified_gmt":"2010-05-15T08:09:10","slug":"ano-internacional-de-la-astronomia-en-espana-aia-iya2009-7","status":"publish","type":"post","link":"http:\/\/www.emiliosilveravazquez.com\/blog\/2010\/05\/15\/ano-internacional-de-la-astronomia-en-espana-aia-iya2009-7\/","title":{"rendered":"Debemos saber"},"content":{"rendered":"<p style=\"margin: 0cm 0cm 0pt; text-align: justify; text-indent: 35pt;\">D\u00eda tras d\u00eda, cumplimos nuestro compromiso con los lectores de este lugar y,\u00a0 aunque no siempre resulta facil, procuramos dejar la entrega diaria y diversa que sobre Fisica, Astronomia, o Ciencia en general, se nos pueda ocurrir en ese dia. Tenemos la obligaci\u00f3n de saber sobre el mundo y el Universo que nos acoge, tenemos que adquirir los conocimientos necesarios sobre nuestro entorno y, sobre todo, procurar que nuestras mentes comprendan que foremamos parte de un todo.<\/p>\n<p style=\"margin: 0cm 0cm 0pt; text-align: justify; text-indent: 35pt;\">En la tumba de David Hilbert (1862-1943), en el cementerio de Gotinga (Alemania), dice: <strong style=\"mso-bidi-font-weight: normal;\"><span style=\"text-decoration: underline;\">Debemos saber<\/span><\/strong>. <strong style=\"mso-bidi-font-weight: normal;\"><span style=\"text-decoration: underline;\">Sabremos<\/span><\/strong>.<\/p>\n<p style=\"margin: 0cm 0cm 0pt; text-align: justify; text-indent: 35pt;\">Estoy totalmente de acuerdo con ello, el ser humano est\u00e1 dotado de un resorte interior, algo en su mente que, llamamos curiosidad y que nos empuja, (sin que en muchas ocasiones pensemos en el enorme esfuerzo y en el alto precio que pagamos), a buscar respuestas, a querer saber el por qu\u00e9 de las cosas, a saber por qu\u00e9 la naturaleza se comporta de una u otra manera y, sobre todo, siempre nos llam\u00f3 la atenci\u00f3n aquellos problemas que nos llevan a buscar nuestro origen en el origen mismo del Universo, y, como nuestra ambici\u00f3n de saber no tiene l\u00edmites, antes de saber de donde venimos, ya nos estamos preguntando hacia donde vamos.\u00a0 Nuestra osad\u00eda no tiene l\u00edmites y, desde luego, nuestro pensamiento tampoco lo tiene, gracias a lo cual, estamos en un estadio de conocimiento que, a principios del siglo XXI, se podr\u00eda calificar de bastante aceptable para dar el salto hacia objetivos m\u00e1s valiosos.<\/p>\n<p style=\"margin: 0cm 0cm 0pt; text-align: justify; text-indent: 35pt;\">La humanidad necesita m\u00e1s energ\u00eda para continuar avanzando, los recursos naturales f\u00f3siles, como el petr\u00f3leo, el gas o el carb\u00f3n, son cada vez m\u00e1s escasos y dif\u00edciles de conseguir.\u00a0 Se ha llegado a un punto en el que se deben conseguir otras energ\u00edas. Y, tal soluci\u00f3n, s\u00f3lo puede venir por el conocimiento del Universo a trav\u00e9s de la Astronom\u00eda. Si copiamos a la Naturaleza misma, tendremos la soluci\u00f3n a todos los problemas.<\/p>\n<p style=\"margin: 0cm 0cm 0pt; text-align: justify; text-indent: 35pt;\">Dentro de unos treinta a\u00f1os estaremos en el camino correcto, la energ\u00eda de fusi\u00f3n ser\u00eda una realidad que estar\u00e1 en plena expansi\u00f3n de un comenzar floreciente.\u00a0 Sin residuos nocivos peligrosos como las radiaciones de la fisi\u00f3n nuclear, la fusi\u00f3n, nos dar\u00e1 energ\u00eda limpia y barata en base a una materia prima muy abundante en el planeta Tierra.<\/p>\n<p><!--more--><\/p>\n<p style=\"margin: 0cm 0cm 0pt; text-align: justify; text-indent: 35pt;\">Nuestro Sol fusiona Hidrogeno en Helio a raz\u00f3n de 4.654.000 toneladas por segundo.\u00a0 De esta enorme cantidad de Hidr\u00f3geno, 4.650.000 toneladas se convierten en Helio.\u00a0 Las 4.000 toneladas restantes, son lanzadas al espacio en forma de luz y calor, energ\u00eda termonuclear de la que, una parte, llega al planeta Tierra y hace posible la vida.<\/p>\n<p style=\"margin: 0cm 0cm 0pt; text-align: justify; text-indent: 35pt;\">Resulta pues que, el combustible nuclear de las estrellas es el Hidr\u00f3geno que mediante su fusi\u00f3n hace posible que genere tal enormidad de energ\u00eda.\u00a0 As\u00ed lleva el Sol unos 4.500 millones de a\u00f1os, y se espera que, al menos durante un per\u00edodo similar, nos est\u00e9 regalando su luz y su calor.<\/p>\n<p style=\"margin: 0cm 0cm 0pt; text-align: justify; text-indent: 35pt;\">Pero \u00bftenemos Hidr\u00f3geno en el planeta Tierra para tal empresa?<\/p>\n<p style=\"margin: 0cm 0cm 0pt; text-align: justify; text-indent: 35pt;\">La verdad es que s\u00ed. La fuente de suministro de Hidr\u00f3geno con la que podemos contar, es pr\u00e1cticamente inagotable&#8230;<\/p>\n<p style=\"margin: 0cm 0cm 0pt; text-align: justify; text-indent: 35pt;\">\u00a1El agua de los mares y de los Oc\u00e9anos!<\/p>\n<p style=\"margin: 0cm 0cm 0pt; text-align: justify; text-indent: 35pt;\">Todos sabemos que el hidr\u00f3geno es el elemento m\u00e1s ligero y abundante del Universo.\u00a0 Est\u00e1 presente en el agua y en todos los compuestos org\u00e1nicos.\u00a0 Qu\u00edmicamente, el hidr\u00f3geno reacciona con la mayor\u00eda de los elementos.\u00a0 Fue descubierto por Henry Cavendisch en 1.776. El hidr\u00f3geno\u00a0 se utiliza en muchos procesos industriales, como la reducci\u00f3n de \u00f3xidos minerales el refinado del petr\u00f3leo, la producci\u00f3n, de hidrocarburos a partir de carb\u00f3n y la hidrogenaci\u00f3n de los aceites vegetales y, actualmente, es un candidato muy firme para su uso potencial en la econom\u00eda de los combustibles de hidr\u00f3geno en la que se usan fuentes primarias\u00a0 distintas a las energ\u00edas derivadas de combustibles f\u00f3siles (por ejemplo, energ\u00eda nuclear, solar o geot\u00e9rmica) para producir electricidad, que se emplea en la electrolisis del agua.\u00a0 El hidr\u00f3geno formado se almacena como hidr\u00f3geno l\u00edquido o como hidruros de metal.<\/p>\n<p style=\"margin: 0cm 0cm 0pt; text-align: justify; text-indent: 35pt;\">Bueno tanta palabrer\u00eda y explicaciones solo tiene por objeto hacer notar la enorme importancia del Hidr\u00f3geno.\u00a0 Es la materia prima del Universo, sin \u00e9l no habr\u00eda estrellas, no existir\u00eda el agua y, l\u00f3gicamente, tampoco nosotros podr\u00edamos estar aqu\u00ed sin hidr\u00f3geno.<\/p>\n<p style=\"margin: 0cm 0cm 0pt; text-align: justify; text-indent: 35pt;\">Cu\u00e1ndo dos mol\u00e9culas de Hidr\u00f3geno se junta con una de Ox\u00edgeno (H<sub>2<\/sub>O), tenemos el preciado l\u00edquido que llamamos agua y sin el cual la vida no ser\u00eda posible.<\/p>\n<p style=\"margin: 0cm 0cm 0pt; text-align: justify; text-indent: 35pt;\">As\u00ed las cosas, parece l\u00f3gico pensar que, conforme a todo lo antes dicho, los seres humanos, deber\u00e1n fijarse en los procesos naturales (en este caso el Sol y su producci\u00f3n de energ\u00eda), y, teniendo como tiene a su disposici\u00f3n la materia prima (el Hidr\u00f3geno de los oc\u00e9anos), procurar investigar y construir las m\u00e1quinas que sean necesarias para conseguir la fusi\u00f3n, la energ\u00eda del Sol.<\/p>\n<p style=\"margin: 0cm 0cm 0pt; text-align: justify; text-indent: 35pt;\">Esa empresa est\u00e1 ya en marcha y, como he dicho al principio de este comentario, posiblemente, en unos treinta a\u00f1os, ser\u00eda una realidad que nos dar\u00e1 nuevas perspectivas para continuar el imparable avance en el que estamos inmersos.<\/p>\n<p style=\"margin: 0cm 0cm 0pt; text-align: justify; text-indent: 35pt;\">Pero no me gustar\u00eda cerrar este comentario sobre la fusi\u00f3n sin contestar a una importante pregunta&#8230;<\/p>\n<p style=\"margin: 0cm 0cm 0pt; text-align: justify; text-indent: 35pt;\">\u00bfY por qu\u00e9 la fusi\u00f3n?<\/p>\n<p style=\"margin: 0cm 0cm 0pt; text-align: justify; text-indent: 35pt;\">Porque tiene una serie de ventajas muy significativas en seguridad, funcionamiento, medio ambiente, facilidad en conseguir su materia prima, ausencia de residuos peligrosos, posibilidad de reciclar los escasos residuos que genere, etc.<\/p>\n<ul>\n<li> Los recursos combustibles b\u00e1sicos (<a href=\"#\" onclick=\"referencia('deuterio',event); return false;\">deuterio<\/a> y Litio) para la fusi\u00f3n son abundantes y f\u00e1ciles de obtener.<\/li>\n<li>Los residuos son de helio, no radiactivos.<\/li>\n<li>El combustible intermedio, Tritio, se produce del Litio.<\/li>\n<li>Las centrales el\u00e9ctricas de fusi\u00f3n no estar\u00e1n expuestas a peligrosos accidentes como las centrales nucleares de fisi\u00f3n.<\/li>\n<li>Con una elecci\u00f3n adecuada de los materiales para el propio dispositivo de fusi\u00f3n, sus residuos no ser\u00e1n ninguna carga para las generaciones futuras.<\/li>\n<li>La fuente de energ\u00eda de fusi\u00f3n es sostenible, inagotable e independiente de las condiciones clim\u00e1ticas.<\/li>\n<\/ul>\n<p style=\"margin: 0cm 0cm 0pt; text-align: justify; text-indent: 35pt;\">Para producir la energ\u00eda de fusi\u00f3n solo tenemos que copiar lo que hace el Sol.\u00a0 Tenemos que hacer chocar \u00e1tomos ligeros de Hidr\u00f3geno para que se fusionen entre s\u00ed a una temperatura de 15 millones de grados Celsius, lo que, en condiciones de altas presiones (como ocurre en el n\u00facleo del Sol) produce enormes energ\u00edas seg\u00fan la formula E=mc<sup>2<\/sup> que nos regal\u00f3 <a href=\"#\" onclick=\"referencia('einstein',event); return false;\">Einstein<\/a> demostrando la igualdad de la masa y la energ\u00eda.<\/p>\n<p style=\"margin: 0cm 0cm 0pt; text-align: justify; text-indent: 35pt;\">Ese estado de la materia que se consigue a tan altas temperaturas,\u00a0es el\u00a0<a href=\"#\" onclick=\"referencia('plasma',event); return false;\">plasma<\/a>, y s\u00f3lo en ese estado, se puede conseguir la fusi\u00f3n.<\/p>\n<p style=\"margin: 0cm 0cm 0pt; text-align: center;\">\u00a1TIEMPO!<\/p>\n<p style=\"margin: 0cm 0cm 0pt; text-align: justify; text-indent: 35pt;\">S\u00ed, es el tiempo el factor que juega a nuestro favor para conseguir nuestros logros m\u00e1s dif\u00edciles, para poder responder preguntas de las que hoy no tenemos respuesta y, es precisamente, la sabidur\u00eda que adquirimos con el paso del tiempo, la que nos posibilita para hacer nuevas preguntas, m\u00e1s profundas que las anteriores y que antes, por ignorancia, no pod\u00edamos formular.\u00a0 Cada nuevo conocimiento nos abre una puerta que nos invita a entrar en una nueva regi\u00f3n donde encontramos otras puertas cerradas que tendremos que abrir para continuar nuestro camino.\u00a0 Sin embargo, hasta ahora, con el &#8220;tiempo&#8221; suficiente para ello, hemos podido franquearlas hasta llegar al momento presente en el que estamos antes puertas cerradas con letreros en los que se puede leer: Fusi\u00f3n, <a href=\"#\" onclick=\"referencia('supercuerdas teoria',event); return false;\">teor\u00eda M<\/a>, Viajes espaciales tripulados, Nuevas formas de materia, el <a href=\"#\" onclick=\"referencia('graviton',event); return false;\">gravit\u00f3n<\/a>, la part\u00edcula de <a href=\"#\" onclick=\"referencia('higgs',event); return false;\">Higgs<\/a>, las ondas gravitatorias de Agujeros Negros, Hiperespacio, Materia Oscura, otros Universos&#8230;<\/p>\n<p style=\"margin: 0cm 0cm 0pt; text-align: justify; text-indent: 35pt;\">Todas esas puertas y muchas m\u00e1s nos quedan por abrir, y, las llaves de cada una de esas puertas cerradas que esconden las respuestas a las preguntas que ahora nadie sabe contestar, est\u00e1n precisamente, en el conocimiento del Universo, en el inmenso Cosmos est\u00e1n encerrados todos los misterios que la Humanidad desea desvelar, y, sin los conocimientos necesarios, nunca alcanzaremos ning\u00fan objetivo.<\/p>\n<p style=\"margin: 0cm 0cm 0pt; text-align: justify; text-indent: 35pt;\">Ahora, pasado el tiempo, nuestra innata curiosidad nos ha llevado a descubrir que vivimos en un planeta que pertenece a una estrella de una galaxia que forma parte de un grupo de\u00a031 galaxias (el &#8220;Grupo Local&#8221;) y que a su vez, est\u00e1n inmersas en un Universo que cuenta con cientos de miles de millones de Galaxias como la nuestra.<\/p>\n<p style=\"margin: 0cm 0cm 0pt; text-align: justify; text-indent: 35pt;\">Hemos podido saber que ese Universo est\u00e1 en expansi\u00f3n y que las Galaxias se alejan las unas de las otras.\u00a0 Se ha podido deducir que el Universo surgi\u00f3 de una explosi\u00f3n a la que llamamos el <a href=\"#\" onclick=\"referencia('big bang',event); return false;\">Big Bang<\/a> hace ahora 13.500 millones de a\u00f1os.\u00a0 A partir de una <a href=\"#\" onclick=\"referencia('singularidad',event); return false;\">singularidad<\/a>, un punto de energ\u00eda y densidad infinitos, surgi\u00f3 el Universo que, desde entonces, junto con el <strong style=\"mso-bidi-font-weight: normal;\"><span style=\"text-decoration: underline;\">espacio<\/span><\/strong> y el <strong style=\"mso-bidi-font-weight: normal;\"><span style=\"text-decoration: underline;\">tiempo<\/span><\/strong> continua expandi\u00e9ndose.<\/p>\n<p style=\"margin: 0cm 0cm 0pt; text-align: justify; text-indent: 35pt;\">Surgieron los primeros <a href=\"#\" onclick=\"referencia('quarks',event); return false;\">quarks<\/a> para formar <a href=\"#\" onclick=\"referencia('proton',event); return false;\">protones<\/a> y <a href=\"#\" onclick=\"referencia('neutron',event); return false;\">neutrones<\/a> que, al juntarse, formaron n\u00facleos que, al tener energ\u00eda positiva, atrajeron a los <a href=\"#\" onclick=\"referencia('electron',event); return false;\">electrones<\/a>, de energ\u00eda negativa, form\u00e1ndose asi lo \u00e1tomos.<\/p>\n<p style=\"margin: 0cm 0cm 0pt; text-align: justify; text-indent: 35pt;\">Los \u00e1tomos se juntaron para formar c\u00e9lulas y \u00e9stas, a su vez, juntas formaron materia.\u00a0 Al principio era todo simetr\u00eda y exist\u00eda una sola fuerza que lo reg\u00eda todo, el Universo era totalmente opaco, la temperatura reinante muy alta y todo estaba invadido por una especie de <a href=\"#\" onclick=\"referencia('plasma',event); return false;\">plasma<\/a>.<\/p>\n<p style=\"margin: 0cm 0cm 0pt; text-align: justify; text-indent: 35pt;\">Pero la expansi\u00f3n del joven Universo continu\u00f3 imparable, la temperatura fue descendiendo y la simetr\u00eda se rompi\u00f3 lo que dio lugar a que d\u00f3nde s\u00f3lo hab\u00eda una sola fuerza aparecieran cuatro.\u00a0 Las fuerzas nucleares, fuerte y d\u00e9bil, el electromagnetismo y la Gravedad surgieron de aquella simetr\u00eda rota y como hemos dicho antes, surgieron los primeros <a href=\"#\" onclick=\"referencia('quarks',event); return false;\">quarks<\/a> para con los <a href=\"#\" onclick=\"referencia('electron',event); return false;\">electrones<\/a> fabricar la materia.\u00a0 M\u00e1s tarde, unos doscientos mil a\u00f1os despu\u00e9s, nacieron las primeras estrellas y se formaron las Galaxias.<\/p>\n<p style=\"margin: 0cm 0cm 0pt; text-align: justify; text-indent: 35pt;\">Las estrellas evolucionaron y en sus hornos nucleares se fabricaron elementos m\u00e1s complejos que el primario hidr\u00f3geno; con la fusi\u00f3n nuclear en las estrellas se fabric\u00f3 helio, Litio, magnesio, ne\u00f3n, carbono, oxigeno,\u00a0y otros.\u00a0Estas primeras estrellas brillaron durante algunos miles de millones de a\u00f1os y, finalmente, acabado su combustible nuclear, finalizaron su ciclo vital explotando como supernovas lanzando al espacio exterior sus capas m\u00e1s superficiales y lanzando materiales complejos al inmenso cosmos para hacer posible el nacimiento de nuevas estrellas y planetas y&#8230; a nosotros que, sin esas primeras estrellas que fabricaron los materiales complejos de los que estamos hecho no estar\u00edamos aqu\u00ed.<\/p>\n<p style=\"margin: 0cm 0cm 0pt; text-align: justify; text-indent: 35pt;\">Ese inmenso tiempo que hemos tenido desde que asombrados, mir\u00e1bamos brillar las estrellas sobre nuestras cabezas sin saber lo que eran, o bien, asustados, nos encog\u00edamos ante los rayos amenazadores de una tormenta o hu\u00edamos despavoridos ante el rugido aterrador de la Tierra con sus temblores de terremotos pavorosos o explosiones inmensas de enormes monta\u00f1as.<\/p>\n<p style=\"margin: 0cm 0cm 0pt; text-align: justify; text-indent: 35pt;\">Desde entonces, hemos aprendido a observar con atenci\u00f3n, hemos desechado la superstici\u00f3n, la mitolog\u00eda y la brujer\u00eda para atender a la l\u00f3gica y a la realidad de los hechos.\u00a0 Aprendimos de nuestros propios errores y de la naturaleza.<\/p>\n<p style=\"margin: 0cm 0cm 0pt; text-align: justify; text-indent: 35pt;\">Como ya se dijo antes, ahora sabemos de donde vinimos, qu\u00e9 debemos hacer para continuar aqu\u00ed sin estropearlo todo, y, seguramente, con poco margen de error, podr\u00edamos decir tambi\u00e9n hacia donde nos dirigimos.<\/p>\n<p style=\"margin: 0cm 0cm 0pt; text-align: justify; text-indent: 35pt;\">Una de las propiedades del &#8220;tiempo&#8221; es que, en su transcurrir pasan cosas.\u00a0 Estas cosas que pasan, estos sucesos, los reunimos y los guardamos, le llamamos historia y nos sirven para recordar y aprender.\u00a0 De lo bueno que pas\u00f3 para repetirlo y mejorarlo, de lo malo para procurar que no vuelva a ocurrir.<\/p>\n<p style=\"margin: 0cm 0cm 0pt; text-align: justify; text-indent: 35pt;\">Eso, lo que ocurri\u00f3, es lo que llamamos pasado.\u00a0 Lo que ocurre ahora mismo, en este preciso instante, es lo que llamamos el presente y, lo que no ha ocurrido a\u00fan es lo que llamamos el futuro.<\/p>\n<p style=\"margin: 0cm 0cm 0pt; text-align: justify; text-indent: 35pt;\">En realidad, como el tiempo nunca se para, el presente no existe, es algo que ocurre y al instante es pasado y entramos en el futuro que a su vez pasa vertiginoso por el instante &#8220;presente&#8221; que se convierte en &#8220;pasado&#8221; y r\u00e1pidamente estamos en el &#8220;futuro&#8221;, otra vez.\u00a0\u00a0 As\u00ed que, en realidad \u00bfD\u00f3nde estamos?<\/p>\n<p style=\"margin: 0cm 0cm 0pt; text-align: justify; text-indent: 35pt;\">El concepto de tiempo est\u00e1 enclavado en las profundidades y conceptos m\u00e1s avanzados de la f\u00edsica y la astronom\u00eda.\u00a0 Sin embargo, su verdadera naturaleza permanece en el misterio.\u00a0 Todo acontece con el transcurso del tiempo que es implacable y fluye continuamente y todo lo que existi\u00f3, lo que existe y, lo que existir\u00e1, est\u00e1 sometido a los efectos del tiempo que, desgraciadamente, si podemos ver.\u00a0 La destrucci\u00f3n provocada por el paso del tiempo es muy real y, tanto en las cosas como en nosotros mismos, el resultado es el mismo; \u00a1la aniquilaci\u00f3n y la muerte!<\/p>\n<p style=\"margin: 0cm 0cm 0pt; text-align: justify; text-indent: 35pt;\">Sin embargo, en estos mismos comentarios, hace unos d\u00edas, expusimos que, el Universo, se autorregula, es decir, crea <a href=\"#\" onclick=\"referencia('entropia',event); return false;\">entrop\u00eda<\/a> negativa. La explosi\u00f3n de supernovas en las galaxias, es una fuerza destructora de estrellas supermasivas pero, es realidad, podr\u00edamos decir que, es la &#8220;fuerza destructora de la creaci\u00f3n&#8221;. \u00bfC\u00f3mo es posible tal contradicci\u00f3n? Bueno, de la destrucci\u00f3n de una estrella supermasiva que explota en supernova, nace una nebulosa de la que, como por arte de magia, surgen nuevos sistemas planetarios y, posiblemente, nuevas formaas de vida.<\/p>\n<p style=\"margin: 0cm 0cm 0pt; text-align: justify; text-indent: 35pt;\">Esas son las maravillas que ocurren en nuestro Universo.<\/p>\n<p style=\"margin: 0cm 0cm 0pt; text-align: justify; text-indent: 35pt;\">\u00a1Hay que conocerlo!<\/p>\n<p style=\"margin: 0cm 0cm 0pt; text-align: justify; text-indent: 35pt;\">emilio silvera<\/p>\n<div class='bookmark'>\r\n\t\t<table align='left' border='0' cellpadding='0' width='100%'>\r\n\t\t<tr><td><span class='pushbutton'><a href='http:\/\/delicious.com\/post?url=http%3A%2F%2Fwww.emiliosilveravazquez.com%2Fblog%2F2010%2F05%2F15%2Fano-internacional-de-la-astronomia-en-espana-aia-iya2009-7%2F&amp;title=Debemos+saber' title='Delicious' target='_blank' rel='nofollow'><img src='http:\/\/www.emiliosilveravazquez.com\/blog\/wp-content\/plugins\/knxdt-bookmarks-wordpress-plugin\/images\/delicious.png'  alt='' class='book_img' border='none' style='margin:1px; padding: 0;'  \/><\/a><\/span><span class='pushbutton'><a href='http:\/\/digg.com\/submit?url=http%3A%2F%2Fwww.emiliosilveravazquez.com%2Fblog%2F2010%2F05%2F15%2Fano-internacional-de-la-astronomia-en-espana-aia-iya2009-7%2F&amp;title=Debemos+saber' title='Digg' target='_blank' rel='nofollow'><img src='http:\/\/www.emiliosilveravazquez.com\/blog\/wp-content\/plugins\/knxdt-bookmarks-wordpress-plugin\/images\/digg.png'  alt='' class='book_img' border='none' style='margin:1px; padding: 0;'  \/><\/a><\/span><span class='pushbutton'><a href='http:\/\/www.google.com\/bookmarks\/mark?op=edit&amp;bkmk=http%3A%2F%2Fwww.emiliosilveravazquez.com%2Fblog%2F2010%2F05%2F15%2Fano-internacional-de-la-astronomia-en-espana-aia-iya2009-7%2F&amp;title=Debemos+saber' title='Google' target='_blank' rel='nofollow'><img src='http:\/\/www.emiliosilveravazquez.com\/blog\/wp-content\/plugins\/knxdt-bookmarks-wordpress-plugin\/images\/google.png'   alt='' class='book_img' border='none' style='margin:1px; padding: 0;'  \/><\/a><\/span><span class='pushbutton'><a href='http:\/\/myweb2.search.yahoo.com\/myresults\/bookmarklet?u=http%3A%2F%2Fwww.emiliosilveravazquez.com%2Fblog%2F2010%2F05%2F15%2Fano-internacional-de-la-astronomia-en-espana-aia-iya2009-7%2F&amp;t=Debemos+saber' title='Yahoo' target='_blank' rel='nofollow'><img src='http:\/\/www.emiliosilveravazquez.com\/blog\/wp-content\/plugins\/knxdt-bookmarks-wordpress-plugin\/images\/yahoo.png'  alt='' class='book_img' border='none' style='margin:1px; padding: 0;'  \/><\/a><\/span><span class='pushbutton'><a href='http:\/\/www.technorati.com\/faves?add=http%3A%2F%2Fwww.emiliosilveravazquez.com%2Fblog%2F2010%2F05%2F15%2Fano-internacional-de-la-astronomia-en-espana-aia-iya2009-7%2F' title='Technorati' target='_blank' rel='nofollow'><img src='http:\/\/www.emiliosilveravazquez.com\/blog\/wp-content\/plugins\/knxdt-bookmarks-wordpress-plugin\/images\/technorati.png'  alt='' class='book_img' border='none' style='margin:1px; padding: 0;'  \/><\/a><\/span><span class='pushbutton'><a href='http:\/\/meneame.net\/submit.php?url=http%3A%2F%2Fwww.emiliosilveravazquez.com%2Fblog%2F2010%2F05%2F15%2Fano-internacional-de-la-astronomia-en-espana-aia-iya2009-7%2F' title='Meneame' target='_blank' rel='nofollow'><img src='http:\/\/www.emiliosilveravazquez.com\/blog\/wp-content\/plugins\/knxdt-bookmarks-wordpress-plugin\/images\/meneame.png'  alt='' class='book_img' border='none' style='margin:1px; padding: 0;'  \/><\/a><\/span><span class='pushbutton'><a href='http:\/\/enchilame.com\/submit.php?url=http:\/\/www.emiliosilveravazquez.com\/blog\/2010\/05\/15\/ano-internacional-de-la-astronomia-en-espana-aia-iya2009-7\/' target='_blank' rel='nofollow'><img title='Enchilame' src='http:\/\/www.emiliosilveravazquez.com\/blog\/wp-content\/plugins\/knxdt-bookmarks-wordpress-plugin\/images\/enchilame.png'  alt='' class='book_img' border='none' style='margin:1px; padding: 0;'  \/><\/a><\/span><span class='pushbutton'><a href='http:\/\/www.blinklist.com\/index.php?Action=Blink\/addblink.php&amp;Description=&amp;Url=http%3A%2F%2Fwww.emiliosilveravazquez.com%2Fblog%2F2010%2F05%2F15%2Fano-internacional-de-la-astronomia-en-espana-aia-iya2009-7%2F&amp;title=Debemos+saber' title='BlinkList' target='_blank' rel='nofollow'><img src='http:\/\/www.emiliosilveravazquez.com\/blog\/wp-content\/plugins\/knxdt-bookmarks-wordpress-plugin\/images\/blinklist.png'  alt='' class='book_img' border='none' style='margin:1px; padding: 0;'  \/><\/a><\/span><span class='pushbutton'><a href='http:\/\/reddit.com\/submit?url=http%3A%2F%2Fwww.emiliosilveravazquez.com%2Fblog%2F2010%2F05%2F15%2Fano-internacional-de-la-astronomia-en-espana-aia-iya2009-7%2F&amp;title=Debemos+saber' title='Reddit' target='_blank' rel='nofollow'><img src='http:\/\/www.emiliosilveravazquez.com\/blog\/wp-content\/plugins\/knxdt-bookmarks-wordpress-plugin\/images\/reddit.png'  alt='' class='book_img' border='none' style='margin:1px; padding: 0;'  \/><\/a><\/span><span class='pushbutton'><a href='http:\/\/www.tecnologiadiaria.com\/2009\/07\/abrir-com-hotmail-correo.html' target='_blank' title='hotmail'><img src='http:\/\/www.emiliosilveravazquez.com\/blog\/wp-content\/plugins\/knxdt-bookmarks-wordpress-plugin\/images\/linklove.png' alt='hotmail correo' class='book_img' border='none' style='margin:1px; padding: 0;' \/><\/a><\/span><span class='pushbutton'><a href='http:\/\/bitacoras.com\/votar\/anotacion\/externo\/mini\/www.emiliosilveravazquez.com\/blog\/2010\/05\/15\/ano-internacional-de-la-astronomia-en-espana-aia-iya2009-7\/' title='Bitacoras.com' target='_blank' rel='nofollow'><img src='http:\/\/www.emiliosilveravazquez.com\/blog\/wp-content\/plugins\/knxdt-bookmarks-wordpress-plugin\/images\/bitacoras.png'  alt='' class='book_img' border='none' style='margin:1px; padding: 0;'  \/><\/a><\/span><span class='pushbutton'><a href='http:\/\/www.wikio.es\/vote?url=http%3A%2F%2Fwww.emiliosilveravazquez.com%2Fblog%2F2010%2F05%2F15%2Fano-internacional-de-la-astronomia-en-espana-aia-iya2009-7%2F' title='Wikio' target='_blank' rel='nofollow'><img src='http:\/\/www.emiliosilveravazquez.com\/blog\/wp-content\/plugins\/knxdt-bookmarks-wordpress-plugin\/images\/wikio.png'   alt='' class='book_img' border='none' style='margin:1px; padding: 0;'   \/><\/a><\/span><span class='pushbutton'><a href='http:\/\/friendfeed.com\/?url=http%3A%2F%2Fwww.emiliosilveravazquez.com%2Fblog%2F2010%2F05%2F15%2Fano-internacional-de-la-astronomia-en-espana-aia-iya2009-7%2F&amp;title=Debemos+saber' title='Friend Feed' target='_blank' rel='nofollow'><img src='http:\/\/www.emiliosilveravazquez.com\/blog\/wp-content\/plugins\/knxdt-bookmarks-wordpress-plugin\/images\/friendfeed.png'  alt='' class='book_img' border='none' style='margin:1px; padding: 0;'  \/><\/a><\/span><span class='pushbutton'><a href='http:\/\/www.facebook.com\/share.php?u=http%3A%2F%2Fwww.emiliosilveravazquez.com%2Fblog%2F2010%2F05%2F15%2Fano-internacional-de-la-astronomia-en-espana-aia-iya2009-7%2F&amp;t=Debemos+saber' title='Facebook' target='_blank' rel='nofollow'><img src='http:\/\/www.emiliosilveravazquez.com\/blog\/wp-content\/plugins\/knxdt-bookmarks-wordpress-plugin\/images\/facebook.png'  alt='' class='book_img' border='none' style='margin:1px; padding: 0;'  \/><\/a><\/span><span class='pushbutton'><a href='http:\/\/twitter.com\/home?status=Debemos+saber: http%3A%2F%2Fwww.emiliosilveravazquez.com%2Fblog%2F2010%2F05%2F15%2Fano-internacional-de-la-astronomia-en-espana-aia-iya2009-7%2F' title='Twitter' target='_blank' rel='nofollow'><img src='http:\/\/www.emiliosilveravazquez.com\/blog\/wp-content\/plugins\/knxdt-bookmarks-wordpress-plugin\/images\/twitter.png'  alt='' class='book_img' border='none' style='margin:1px; padding: 0;'  \/><\/a><\/span><span class='pushbutton'><a href='http:\/\/www.feedburner.com\/fb\/a\/emailFlare?itemTitle=Debemos+saber&amp;uri=http%3A%2F%2Fwww.emiliosilveravazquez.com%2Fblog%2F2010%2F05%2F15%2Fano-internacional-de-la-astronomia-en-espana-aia-iya2009-7%2F' title='Enviar por Email' target='_blank' rel='nofollow'><img src='http:\/\/www.emiliosilveravazquez.com\/blog\/wp-content\/plugins\/knxdt-bookmarks-wordpress-plugin\/images\/email.png'  alt='' class='book_img' border='none' style='margin:1px; padding: 0;'  \/><\/a><\/span><span style='font-weight:bold; padding-left: 5px;'><a href='http:\/\/wordpress.org\/extend\/plugins\/knxdt-bookmarks-wordpress-plugin\/' title='Plugin' rel='nofollow' target='_blank'>[?]<\/a><\/span><\/td><\/tr><\/table><br\/><br\/><\/div>","protected":false},"excerpt":{"rendered":"<p>D\u00eda tras d\u00eda, cumplimos nuestro compromiso con los lectores de este lugar y,\u00a0 aunque no siempre resulta facil, procuramos dejar la entrega diaria y diversa que sobre Fisica, Astronomia, o Ciencia en general, se nos pueda ocurrir en ese dia. Tenemos la obligaci\u00f3n de saber sobre el mundo y el Universo que nos acoge, tenemos [&hellip;]<\/p>\n","protected":false},"author":2,"featured_media":0,"comment_status":"open","ping_status":"open","sticky":false,"template":"","format":"standard","meta":{"_s2mail":"","footnotes":""},"categories":[14],"tags":[],"_links":{"self":[{"href":"http:\/\/www.emiliosilveravazquez.com\/blog\/wp-json\/wp\/v2\/posts\/338"}],"collection":[{"href":"http:\/\/www.emiliosilveravazquez.com\/blog\/wp-json\/wp\/v2\/posts"}],"about":[{"href":"http:\/\/www.emiliosilveravazquez.com\/blog\/wp-json\/wp\/v2\/types\/post"}],"author":[{"embeddable":true,"href":"http:\/\/www.emiliosilveravazquez.com\/blog\/wp-json\/wp\/v2\/users\/2"}],"replies":[{"embeddable":true,"href":"http:\/\/www.emiliosilveravazquez.com\/blog\/wp-json\/wp\/v2\/comments?post=338"}],"version-history":[{"count":0,"href":"http:\/\/www.emiliosilveravazquez.com\/blog\/wp-json\/wp\/v2\/posts\/338\/revisions"}],"wp:attachment":[{"href":"http:\/\/www.emiliosilveravazquez.com\/blog\/wp-json\/wp\/v2\/media?parent=338"}],"wp:term":[{"taxonomy":"category","embeddable":true,"href":"http:\/\/www.emiliosilveravazquez.com\/blog\/wp-json\/wp\/v2\/categories?post=338"},{"taxonomy":"post_tag","embeddable":true,"href":"http:\/\/www.emiliosilveravazquez.com\/blog\/wp-json\/wp\/v2\/tags?post=338"}],"curies":[{"name":"wp","href":"https:\/\/api.w.org\/{rel}","templated":true}]}}