{"id":33597,"date":"2025-02-08T09:09:31","date_gmt":"2025-02-08T08:09:31","guid":{"rendered":"https:\/\/www.emiliosilveravazquez.com\/blog\/?p=33597"},"modified":"2025-02-08T09:09:31","modified_gmt":"2025-02-08T08:09:31","slug":"el-sol-como-todo-en-el-universo-tambien-morira","status":"publish","type":"post","link":"http:\/\/www.emiliosilveravazquez.com\/blog\/2025\/02\/08\/el-sol-como-todo-en-el-universo-tambien-morira\/","title":{"rendered":"El sol (como todo en el Universo), tambi\u00e9n morir\u00e1"},"content":{"rendered":"<p><iframe loading=\"lazy\" title=\"Agujeros negros primordiales, \u00bfla materia oscura del universo?\" width=\"500\" height=\"281\" src=\"https:\/\/www.youtube.com\/embed\/qWM_dWdf4i8?feature=oembed\" frameborder=\"0\" allow=\"accelerometer; autoplay; clipboard-write; encrypted-media; gyroscope; picture-in-picture; web-share\" referrerpolicy=\"strict-origin-when-cross-origin\" allowfullscreen><\/iframe><\/p>\n<p>&nbsp;<\/p>\n<p style=\"text-align: justify;\">De como &#8220;nacen&#8221;, &#8220;viven&#8221; y &#8220;mueren&#8221; las estrellas que, dependiendo de su masa, se convertir\u00e1n en enanas blancas, estrella de <a href=\"#\" onclick=\"referencia('neutron',event); return false;\">neutrones<\/a> o <a href=\"#\" onclick=\"referencia('agujero negro',event); return false;\">agujeros negros<\/a>. En cada caso dejan remanentes estelares de Nebulosas planetarias, supernovas y tambi\u00e9n inmensas nubes de <a href=\"#\" onclick=\"referencia('plasma',event); return false;\">plasma<\/a>, y, en cada caso, el Tiempo para cada suceso ser\u00e1 variable, a m\u00e1s masa menos tiempo de vida.<\/p>\n<p>&nbsp;<\/p>\n<blockquote><p><img decoding=\"async\" loading=\"lazy\" class=\"\" src=\"https:\/\/danielmarin.naukas.com\/files\/2011\/12\/redgiant.jpg\" alt=\"Planetas que sobreviven a la fase de gigante roja - Eureka\" width=\"497\" height=\"497\" \/><\/p><\/blockquote>\n<p style=\"text-align: justify;\">En el caso del Sol, cuando se convierta en Gigante roja su tama\u00f1o aumentara una Unidad Astron\u00f3mica, de tal manera que engullir\u00e1 a Mercurio y a Venus, y, la Tierra ver\u00e1 como la temperatura aumentar\u00e1 hasta que, los mares y los oc\u00e9anos se evaporar\u00e1n y la vida en la Tierra (tal como la conocemos), desaparecer\u00e1.<\/p>\n<p>&nbsp;<\/p>\n<p><img decoding=\"async\" src=\"https:\/\/www.clarin.com\/2020\/08\/23\/n5Vo2DDFI_720x0__1.jpg\" alt=\"M\u00e1s all\u00e1 del Sistema Solar: c\u00f3mo ser\u00e1n las naves interestelares que viajar\u00e1n a los confines del Universo\" \/><\/p>\n<p>&nbsp;<\/p>\n<p style=\"text-align: justify;\">Falta tanto tiempo para que eso llegue que, se supone (si es que la humanidad no se ha extinguido)), que ya habremos desvelados los secretos que ahora nos impiden viajar al Espacio, sabremos construir naves tan grandes como ciudades, conoceremos c\u00f3mo utilizar combustibles s\u00f3lidos que, con peque\u00f1os vol\u00famenes puedan impulsar las naves durante mucho tiempo a velocidades enormes, \u00bfQui\u00e9n sabe?, si tambi\u00e9n sepamos generar Gravedad artificial evitando la ingravidez, las aleaciones de los materiales de la nave ser\u00e1n inteligentes, de tal manera que, en caso de producirse accidentes con micro-meteoritos, se reparen de manera autom\u00e1tica sin la intervenci\u00f3n del hombre.<\/p>\n<p>&nbsp;<\/p>\n<blockquote><p><img decoding=\"async\" loading=\"lazy\" class=\"\" src=\"https:\/\/images.ecestaticos.com\/nrMJ4dXlRKOP9Dz68SUm2LmoBkM=\/0x0:1440x810\/1338x752\/filters:fill(white):format(jpg)\/f.elconfidencial.com%2Foriginal%2F208%2F6f1%2F524%2F2086f1524f9b241b8290221a276d7086.jpg\" alt=\"La hibernaci\u00f3n ser\u00e1 clave para los viajes interplanetarios\" width=\"658\" height=\"370\" \/><\/p><\/blockquote>\n<p>&nbsp;<\/p>\n<p style=\"text-align: justify;\">Incluso se piensa que podr\u00eda ser posible que para entonces, la Ciencia tenga la llave para abrir puertas de entrada al Hiperespacio. Esas avanzadas naves llevar\u00e1n a los pasajeros hibernados, y, para evitar cualquier emergencia, la vigilancia de los mecanismos de la nave estar\u00e1n a cargo de Robots de \u00faltima generaci\u00f3n especialmente construimos para este cometido.<\/p>\n<blockquote><p>&nbsp;<\/p>\n<p><img decoding=\"async\" loading=\"lazy\" class=\"\" src=\"https:\/\/www.securitylab.lat\/upload\/iblock\/358\/w487nv80sp2q1oibwu1s1xwdaaepgel2.jpeg\" alt=\"Intuici\u00f3n para robots: c\u00f3mo las modelos del mundo ense\u00f1an a la IA a comprender la realidad\" width=\"547\" height=\"307\" \/><img decoding=\"async\" loading=\"lazy\" class=\"\" src=\"https:\/\/static.vecteezy.com\/system\/resources\/previews\/026\/975\/650\/large_2x\/spaceship-next-generation-robotic-spaceship-leaving-the-earth-futuristic-robot-satellite-technology-space-exploration-space-travel-outer-space-spacecraft-futuristic-science-fiction-ai-generated-free-photo.jpeg\" alt=\"astronave siguiente Generacion rob\u00f3tico astronave dejando el tierra futurista robot sat\u00e9lite tecnolog\u00eda espacio exploraci\u00f3n espacio viaje exterior espacio astronave futurista Ciencias ficci\u00f3n ai generado 26975650 Foto de stock en Vecteezy\" width=\"545\" height=\"306\" \/><\/p><\/blockquote>\n<p><strong>\u00a0 \u00a0 \u00a0 \u00a0 Los viajeros ser\u00edan despertados cuando el destino estuviera cercano<\/strong><\/p>\n<p style=\"text-align: justify;\">Todos esos son &#8220;sue\u00f1os&#8221; que alimentamos en la creencia de que podremos llegar tan lejos, aunque es dudoso que nuestra especie pueda vivir tanto tiempo si miramos todos los aspectos de su comportamiento en general, si vemos todas las &#8220;cosas&#8221; que violamos, las ambiciones desmedidas a nivel individual y colectivo, la falta de sensibilidad que venimos demostrando al dejar que existan personas todopoderosas mientras otras est\u00e1n muriendo de hambre y carecen de lo m\u00e1s b\u00e1sico para vivir.<\/p>\n<p style=\"text-align: justify;\">Una cosa es que exista la meritocracia y que se reconozcan los hechos de algunos otorg\u00e1ndoles los premios que se merezcan, y, otra muy distinta es que no se facilite a todos las mismas oportunidades en funci\u00f3n de su lugar de nacimiento. Todos deber\u00edan tener lo necesario para llevar una vida digna.<\/p>\n<p>&nbsp;<\/p>\n<blockquote><p><img decoding=\"async\" loading=\"lazy\" class=\"\" src=\"https:\/\/i0.wp.com\/imgs.hipertextual.com\/wp-content\/uploads\/2017\/08\/materia-oscura.jpg?fit=1280%2C771&amp;quality=50&amp;strip=all&amp;ssl=1\" alt=\"El mapa m\u00e1s grande de la materia oscura en el universo jam\u00e1s hecho\" width=\"655\" height=\"395\" \/><\/p><\/blockquote>\n<p>&nbsp;<\/p>\n<p style=\"text-align: justify;\">Me desv\u00edo del tema como me pasa siempre. En cuanto al video y al narrador, lo \u00fanico que tengo que criticar es el hecho de que hable de la &#8220;<a href=\"#\" onclick=\"referencia('materia oscura',event); return false;\">materia oscura<\/a>&#8221; como si la manejara cada d\u00eda, como si la conociera de verdad, como si supiera a ciencia cierta que existe, cuando la realidad es que&#8230; \u00a1Sigue siendo una conjetura! Sin embargo, a base de repetirla, han llegado a creerse que esa materia ex\u00f3tica est\u00e1 ah\u00ed, permeando todo el Espacio y siendo la responsable del movimiento an\u00f3malo de las galaxias que, bien podr\u00eda estar debido a la fuerza de Gravedad que genera un universo vecino que tira del nuestro.<\/p>\n<p><strong>Emilio Silvera V\u00e1zquez<\/strong><\/p>\n<div class='bookmark'>\r\n\t\t<table align='left' border='0' cellpadding='0' width='100%'>\r\n\t\t<tr><td><span class='pushbutton'><a href='http:\/\/delicious.com\/post?url=http%3A%2F%2Fwww.emiliosilveravazquez.com%2Fblog%2F2025%2F02%2F08%2Fel-sol-como-todo-en-el-universo-tambien-morira%2F&amp;title=El+sol+%28como+todo+en+el+Universo%29%2C+tambi%C3%A9n+morir%C3%A1' title='Delicious' target='_blank' rel='nofollow'><img src='http:\/\/www.emiliosilveravazquez.com\/blog\/wp-content\/plugins\/knxdt-bookmarks-wordpress-plugin\/images\/delicious.png'  alt='' class='book_img' border='none' style='margin:1px; padding: 0;'  \/><\/a><\/span><span class='pushbutton'><a href='http:\/\/digg.com\/submit?url=http%3A%2F%2Fwww.emiliosilveravazquez.com%2Fblog%2F2025%2F02%2F08%2Fel-sol-como-todo-en-el-universo-tambien-morira%2F&amp;title=El+sol+%28como+todo+en+el+Universo%29%2C+tambi%C3%A9n+morir%C3%A1' title='Digg' target='_blank' rel='nofollow'><img src='http:\/\/www.emiliosilveravazquez.com\/blog\/wp-content\/plugins\/knxdt-bookmarks-wordpress-plugin\/images\/digg.png'  alt='' class='book_img' border='none' style='margin:1px; padding: 0;'  \/><\/a><\/span><span class='pushbutton'><a href='http:\/\/www.google.com\/bookmarks\/mark?op=edit&amp;bkmk=http%3A%2F%2Fwww.emiliosilveravazquez.com%2Fblog%2F2025%2F02%2F08%2Fel-sol-como-todo-en-el-universo-tambien-morira%2F&amp;title=El+sol+%28como+todo+en+el+Universo%29%2C+tambi%C3%A9n+morir%C3%A1' title='Google' target='_blank' rel='nofollow'><img src='http:\/\/www.emiliosilveravazquez.com\/blog\/wp-content\/plugins\/knxdt-bookmarks-wordpress-plugin\/images\/google.png'   alt='' class='book_img' border='none' style='margin:1px; padding: 0;'  \/><\/a><\/span><span class='pushbutton'><a href='http:\/\/myweb2.search.yahoo.com\/myresults\/bookmarklet?u=http%3A%2F%2Fwww.emiliosilveravazquez.com%2Fblog%2F2025%2F02%2F08%2Fel-sol-como-todo-en-el-universo-tambien-morira%2F&amp;t=El+sol+%28como+todo+en+el+Universo%29%2C+tambi%C3%A9n+morir%C3%A1' title='Yahoo' target='_blank' rel='nofollow'><img src='http:\/\/www.emiliosilveravazquez.com\/blog\/wp-content\/plugins\/knxdt-bookmarks-wordpress-plugin\/images\/yahoo.png'  alt='' class='book_img' border='none' style='margin:1px; padding: 0;'  \/><\/a><\/span><span class='pushbutton'><a href='http:\/\/www.technorati.com\/faves?add=http%3A%2F%2Fwww.emiliosilveravazquez.com%2Fblog%2F2025%2F02%2F08%2Fel-sol-como-todo-en-el-universo-tambien-morira%2F' title='Technorati' target='_blank' rel='nofollow'><img src='http:\/\/www.emiliosilveravazquez.com\/blog\/wp-content\/plugins\/knxdt-bookmarks-wordpress-plugin\/images\/technorati.png'  alt='' class='book_img' border='none' style='margin:1px; padding: 0;'  \/><\/a><\/span><span class='pushbutton'><a href='http:\/\/meneame.net\/submit.php?url=http%3A%2F%2Fwww.emiliosilveravazquez.com%2Fblog%2F2025%2F02%2F08%2Fel-sol-como-todo-en-el-universo-tambien-morira%2F' title='Meneame' target='_blank' rel='nofollow'><img src='http:\/\/www.emiliosilveravazquez.com\/blog\/wp-content\/plugins\/knxdt-bookmarks-wordpress-plugin\/images\/meneame.png'  alt='' class='book_img' border='none' style='margin:1px; padding: 0;'  \/><\/a><\/span><span class='pushbutton'><a href='http:\/\/enchilame.com\/submit.php?url=http:\/\/www.emiliosilveravazquez.com\/blog\/2025\/02\/08\/el-sol-como-todo-en-el-universo-tambien-morira\/' target='_blank' rel='nofollow'><img title='Enchilame' src='http:\/\/www.emiliosilveravazquez.com\/blog\/wp-content\/plugins\/knxdt-bookmarks-wordpress-plugin\/images\/enchilame.png'  alt='' class='book_img' border='none' style='margin:1px; padding: 0;'  \/><\/a><\/span><span class='pushbutton'><a href='http:\/\/www.blinklist.com\/index.php?Action=Blink\/addblink.php&amp;Description=&amp;Url=http%3A%2F%2Fwww.emiliosilveravazquez.com%2Fblog%2F2025%2F02%2F08%2Fel-sol-como-todo-en-el-universo-tambien-morira%2F&amp;title=El+sol+%28como+todo+en+el+Universo%29%2C+tambi%C3%A9n+morir%C3%A1' title='BlinkList' target='_blank' rel='nofollow'><img src='http:\/\/www.emiliosilveravazquez.com\/blog\/wp-content\/plugins\/knxdt-bookmarks-wordpress-plugin\/images\/blinklist.png'  alt='' class='book_img' border='none' style='margin:1px; padding: 0;'  \/><\/a><\/span><span class='pushbutton'><a href='http:\/\/reddit.com\/submit?url=http%3A%2F%2Fwww.emiliosilveravazquez.com%2Fblog%2F2025%2F02%2F08%2Fel-sol-como-todo-en-el-universo-tambien-morira%2F&amp;title=El+sol+%28como+todo+en+el+Universo%29%2C+tambi%C3%A9n+morir%C3%A1' title='Reddit' target='_blank' rel='nofollow'><img src='http:\/\/www.emiliosilveravazquez.com\/blog\/wp-content\/plugins\/knxdt-bookmarks-wordpress-plugin\/images\/reddit.png'  alt='' class='book_img' border='none' style='margin:1px; padding: 0;'  \/><\/a><\/span><span class='pushbutton'><a href='http:\/\/www.tecnologiadiaria.com\/2009\/07\/abrir-com-hotmail-correo.html' target='_blank' title='hotmail'><img src='http:\/\/www.emiliosilveravazquez.com\/blog\/wp-content\/plugins\/knxdt-bookmarks-wordpress-plugin\/images\/linklove.png' alt='hotmail correo' class='book_img' border='none' style='margin:1px; padding: 0;' \/><\/a><\/span><span class='pushbutton'><a href='http:\/\/bitacoras.com\/votar\/anotacion\/externo\/mini\/www.emiliosilveravazquez.com\/blog\/2025\/02\/08\/el-sol-como-todo-en-el-universo-tambien-morira\/' title='Bitacoras.com' target='_blank' rel='nofollow'><img src='http:\/\/www.emiliosilveravazquez.com\/blog\/wp-content\/plugins\/knxdt-bookmarks-wordpress-plugin\/images\/bitacoras.png'  alt='' class='book_img' border='none' style='margin:1px; padding: 0;'  \/><\/a><\/span><span class='pushbutton'><a href='http:\/\/www.wikio.es\/vote?url=http%3A%2F%2Fwww.emiliosilveravazquez.com%2Fblog%2F2025%2F02%2F08%2Fel-sol-como-todo-en-el-universo-tambien-morira%2F' title='Wikio' target='_blank' rel='nofollow'><img src='http:\/\/www.emiliosilveravazquez.com\/blog\/wp-content\/plugins\/knxdt-bookmarks-wordpress-plugin\/images\/wikio.png'   alt='' class='book_img' border='none' style='margin:1px; padding: 0;'   \/><\/a><\/span><span class='pushbutton'><a href='http:\/\/friendfeed.com\/?url=http%3A%2F%2Fwww.emiliosilveravazquez.com%2Fblog%2F2025%2F02%2F08%2Fel-sol-como-todo-en-el-universo-tambien-morira%2F&amp;title=El+sol+%28como+todo+en+el+Universo%29%2C+tambi%C3%A9n+morir%C3%A1' title='Friend Feed' target='_blank' rel='nofollow'><img src='http:\/\/www.emiliosilveravazquez.com\/blog\/wp-content\/plugins\/knxdt-bookmarks-wordpress-plugin\/images\/friendfeed.png'  alt='' class='book_img' border='none' style='margin:1px; padding: 0;'  \/><\/a><\/span><span class='pushbutton'><a href='http:\/\/www.facebook.com\/share.php?u=http%3A%2F%2Fwww.emiliosilveravazquez.com%2Fblog%2F2025%2F02%2F08%2Fel-sol-como-todo-en-el-universo-tambien-morira%2F&amp;t=El+sol+%28como+todo+en+el+Universo%29%2C+tambi%C3%A9n+morir%C3%A1' title='Facebook' target='_blank' rel='nofollow'><img src='http:\/\/www.emiliosilveravazquez.com\/blog\/wp-content\/plugins\/knxdt-bookmarks-wordpress-plugin\/images\/facebook.png'  alt='' class='book_img' border='none' style='margin:1px; padding: 0;'  \/><\/a><\/span><span class='pushbutton'><a href='http:\/\/twitter.com\/home?status=El+sol+%28como+todo+en+el+Universo%29%2C+tambi%C3%A9n+morir%C3%A1: http%3A%2F%2Fwww.emiliosilveravazquez.com%2Fblog%2F2025%2F02%2F08%2Fel-sol-como-todo-en-el-universo-tambien-morira%2F' title='Twitter' target='_blank' rel='nofollow'><img src='http:\/\/www.emiliosilveravazquez.com\/blog\/wp-content\/plugins\/knxdt-bookmarks-wordpress-plugin\/images\/twitter.png'  alt='' class='book_img' border='none' style='margin:1px; padding: 0;'  \/><\/a><\/span><span class='pushbutton'><a href='http:\/\/www.feedburner.com\/fb\/a\/emailFlare?itemTitle=El+sol+%28como+todo+en+el+Universo%29%2C+tambi%C3%A9n+morir%C3%A1&amp;uri=http%3A%2F%2Fwww.emiliosilveravazquez.com%2Fblog%2F2025%2F02%2F08%2Fel-sol-como-todo-en-el-universo-tambien-morira%2F' title='Enviar por Email' target='_blank' rel='nofollow'><img src='http:\/\/www.emiliosilveravazquez.com\/blog\/wp-content\/plugins\/knxdt-bookmarks-wordpress-plugin\/images\/email.png'  alt='' class='book_img' border='none' style='margin:1px; padding: 0;'  \/><\/a><\/span><span style='font-weight:bold; padding-left: 5px;'><a href='http:\/\/wordpress.org\/extend\/plugins\/knxdt-bookmarks-wordpress-plugin\/' title='Plugin' rel='nofollow' target='_blank'>[?]<\/a><\/span><\/td><\/tr><\/table><br\/><br\/><\/div>","protected":false},"excerpt":{"rendered":"<p>&nbsp; De como &#8220;nacen&#8221;, &#8220;viven&#8221; y &#8220;mueren&#8221; las estrellas que, dependiendo de su masa, se convertir\u00e1n en enanas blancas, estrella de neutrones o agujeros negros. En cada caso dejan remanentes estelares de Nebulosas planetarias, supernovas y tambi\u00e9n inmensas nubes de plasma, y, en cada caso, el Tiempo para cada suceso ser\u00e1 variable, a m\u00e1s masa [&hellip;]<\/p>\n","protected":false},"author":2,"featured_media":0,"comment_status":"open","ping_status":"open","sticky":false,"template":"","format":"standard","meta":{"_s2mail":"","footnotes":""},"categories":[1],"tags":[],"_links":{"self":[{"href":"http:\/\/www.emiliosilveravazquez.com\/blog\/wp-json\/wp\/v2\/posts\/33597"}],"collection":[{"href":"http:\/\/www.emiliosilveravazquez.com\/blog\/wp-json\/wp\/v2\/posts"}],"about":[{"href":"http:\/\/www.emiliosilveravazquez.com\/blog\/wp-json\/wp\/v2\/types\/post"}],"author":[{"embeddable":true,"href":"http:\/\/www.emiliosilveravazquez.com\/blog\/wp-json\/wp\/v2\/users\/2"}],"replies":[{"embeddable":true,"href":"http:\/\/www.emiliosilveravazquez.com\/blog\/wp-json\/wp\/v2\/comments?post=33597"}],"version-history":[{"count":0,"href":"http:\/\/www.emiliosilveravazquez.com\/blog\/wp-json\/wp\/v2\/posts\/33597\/revisions"}],"wp:attachment":[{"href":"http:\/\/www.emiliosilveravazquez.com\/blog\/wp-json\/wp\/v2\/media?parent=33597"}],"wp:term":[{"taxonomy":"category","embeddable":true,"href":"http:\/\/www.emiliosilveravazquez.com\/blog\/wp-json\/wp\/v2\/categories?post=33597"},{"taxonomy":"post_tag","embeddable":true,"href":"http:\/\/www.emiliosilveravazquez.com\/blog\/wp-json\/wp\/v2\/tags?post=33597"}],"curies":[{"name":"wp","href":"https:\/\/api.w.org\/{rel}","templated":true}]}}