{"id":33471,"date":"2025-01-11T14:49:55","date_gmt":"2025-01-11T13:49:55","guid":{"rendered":"https:\/\/www.emiliosilveravazquez.com\/blog\/?p=33471"},"modified":"2025-01-11T14:49:55","modified_gmt":"2025-01-11T13:49:55","slug":"el-inexorable-paso-del-tiempo-2","status":"publish","type":"post","link":"http:\/\/www.emiliosilveravazquez.com\/blog\/2025\/01\/11\/el-inexorable-paso-del-tiempo-2\/","title":{"rendered":"El inexorable paso del Tiempo"},"content":{"rendered":"<p>&nbsp;<\/p>\n<p><iframe loading=\"lazy\" title=\"Relaci\u00f3n entre entrop\u00eda y espaciotiempo [conferencia semi-divulgativa]\" width=\"500\" height=\"281\" src=\"https:\/\/www.youtube.com\/embed\/tawI-DoEHo0?feature=oembed\" frameborder=\"0\" allow=\"accelerometer; autoplay; clipboard-write; encrypted-media; gyroscope; picture-in-picture; web-share\" referrerpolicy=\"strict-origin-when-cross-origin\" allowfullscreen><\/iframe><\/p>\n<p>&nbsp;<\/p>\n<p style=\"text-align: justify;\">Lo que no induce a la duda es el hecho de que, con el paso de Tiempo, lo que hoy es, ma\u00f1ana no ser\u00e1. Todo cambia a peor con el paso del Tiempo, la <a href=\"#\" onclick=\"referencia('entropia',event); return false;\">entrop\u00eda<\/a> aumenta. Lo hemos visto en la evoluci\u00f3n de las estrellas. Si observamos el nacimiento, vida y muerte de una estrella como el Sol, vemos como a medida que aumenta el consumo de material de fusi\u00f3n, se convierte en Gigante roja, contin\u00faa desprendi\u00e9ndose de las capas exteriores para formar una nebulosa planetaria, y, el resto de la masa, comienza a ser densificada por la fuerza de Gravedad que tan ingente masa genera. Llega a un punto que el Principio de exclusi\u00f3n de4 Pauli para los Fermiones (los <a href=\"#\" onclick=\"referencia('electron',event); return false;\">electrones<\/a> son <a href=\"#\" onclick=\"referencia('fermion',event); return false;\">fermiones<\/a>, los <a href=\"#\" onclick=\"referencia('neutron',event); return false;\">neutrones<\/a> son <a href=\"#\" onclick=\"referencia('fermion',event); return false;\">fermiones<\/a>,,,,), hace que los <a href=\"#\" onclick=\"referencia('electron',event); return false;\">electrones<\/a> se degeneren y, finalmente, la fuerza de Gravedad es frenada y lo que ha quedado es una estrella <a href=\"#\" onclick=\"referencia('enana blanca',event); return false;\">enana blanca<\/a> que, irradiando furiosamente en el ultravioleta, ioniza a la Nebulosa planetaria.<\/p>\n<p>&nbsp;<\/p>\n<p><img decoding=\"async\" src=\"https:\/\/i0.wp.com\/astrogredos.com\/wp-content\/uploads\/2016\/10\/ciclo-de-vida-de-una-estrella.jpg?resize=570%2C320&amp;ssl=1\" alt=\"Gigante roja \u2013 Astro Gredos\" \/><\/p>\n<p>&nbsp;<\/p>\n<p>As\u00ed, en todos los sistemas cerrados (una estrella lo es, y, tambi\u00e9n nosotros mismos a nivel individual), la Entrop\u00eda aumenta.<\/p>\n<p>&nbsp;<\/p>\n<p><img decoding=\"async\" loading=\"lazy\" class=\"\" src=\"https:\/\/radiogea.home.blog\/wp-content\/uploads\/2019\/11\/copia-de-6-days-creation-lge.jpg?w=1024\" alt=\"La Entrop\u00eda. \u2013 CosmoCentrismos (Informa)\" width=\"786\" height=\"296\" \/><\/p>\n<p>&nbsp;<\/p>\n<p style=\"text-align: justify;\">&#8220;La <a href=\"#\" onclick=\"referencia('entropia',event); return false;\">entrop\u00eda<\/a> demuestra que la vida es una excepci\u00f3n maravillosa. La vida va en contra de la ley de la <a href=\"#\" onclick=\"referencia('entropia',event); return false;\">entrop\u00eda<\/a>, que predice la tendencia del Universo a destruirse de una forma natural e inevitable. Hace tiempo se especulaba con la posibilidad de que todos los procesos del Universo fueran reversibles. Los p\u00e9ndulos iban y ven\u00edan, los objetos ca\u00edan hacia la tierra o sub\u00edan impulsados. Aparentemente cualquier proceso f\u00edsico pod\u00eda darse la vuelta y realizarse al rev\u00e9s. Si esto era as\u00ed, existir\u00eda una simetr\u00eda de acciones que har\u00eda que el Universo permaneciera por siempre en una balanza de sucesos que van y vienen, sin que existiera un final en el que los procesos se acabaran. Sin embargo, el hombre se dio cuenta de que hab\u00eda al menos <strong>dos circunstancias que no parec\u00edan ser reversibles<\/strong>: por un lado el calor siempre fluye de lo m\u00e1s c\u00e1lido a lo m\u00e1s fr\u00edo y nunca al rev\u00e9s, y por otro lado, la fricci\u00f3n siempre genera calor pero no en sentido contrario. Implicaba que los procesos segu\u00edan una direcci\u00f3n y que no pod\u00edan volver atr\u00e1s. Quiz\u00e1s, todo lo que sucediera espont\u00e1neamente en la naturaleza no fuera reversible, se pens\u00f3, y significaba que el Universo ir\u00eda de un estado inicial a uno final. Un camino que podr\u00eda ser muy, muy largo pero que, inevitablemente, le har\u00eda llegar a su agotamiento.<\/p>\n<p>&nbsp;<\/p>\n<p><img decoding=\"async\" src=\"https:\/\/radiogea.home.blog\/wp-content\/uploads\/2019\/11\/entropia.jpg?w=800\" \/><\/p>\n<p>&nbsp;<\/p>\n<p style=\"text-align: justify;\">Para poner todas estas observaciones en claro, se formul\u00f3 un principio que hasta el d\u00eda de hoy se demuestra devastador para las esperanzas del concepto de eternidad. Se denomina como\u00a0<strong>Entrop\u00eda\u00a0<\/strong>a la transformaci\u00f3n. Adem\u00e1s, se predijo que esta magnitud de cambio en cualquier proceso natural, existir\u00eda inevitablemente. As\u00ed se hab\u00eda condenado al Universo a un final inapelable dado que los procesos ser\u00edan irreversibles sucediendo siempre en la misma y \u00fanica direcci\u00f3n. Pocos a\u00f1os despu\u00e9s el austr\u00edaco\u00a0<strong>Ludwig Boltzmann<\/strong>\u00a0relacion\u00f3 la <a href=\"#\" onclick=\"referencia('entropia',event); return false;\">entrop\u00eda<\/a> con el grado de desorden que contiene un sistema. Por tanto, cualquier proceso que se d\u00e9 en la naturaleza es para producir mayor desorden, lo que conlleva un inevitable y ca\u00f3tico final. Entre tanto pesimismo, la vida en la Tierra lleva unos cuatro mil millones de a\u00f1os intentando ordenar el mundo. La simple creaci\u00f3n de una hormiga supone la organizaci\u00f3n de millones de c\u00e9lulas y componentes qu\u00edmicos. Pero\u00a0<strong>la plenitud del orden es la humanidad<\/strong>. Sus cuerpos, sus pensamientos y sus actos son un monumento al orden. Es cierto que el balance es negativo: cada vez que un humano intenta ordenar algo es a costa de un desorden mayor en alguna otra parte. Somos, la vida y los hombres una maravillosa excepci\u00f3n y, mientras estemos aqu\u00ed, tenemos una misi\u00f3n: Luchar contra la <a href=\"#\" onclick=\"referencia('entropia',event); return false;\">entrop\u00eda<\/a>.&#8221;<\/p>\n<p>&nbsp;<\/p>\n<p><img decoding=\"async\" loading=\"lazy\" class=\"\" src=\"https:\/\/encrypted-tbn0.gstatic.com\/images?q=tbn:ANd9GcQr1a055VrRvv_h94vOC0YuZKIcSXV-keh3JQ&amp;s\" alt=\"ENTROPIA - DESORDEN UNIVERSAL\" width=\"501\" height=\"522\" \/><\/p>\n<p>&nbsp;<\/p>\n<p style=\"text-align: justify;\">&#8220;En termodin\u00e1mica, la <a href=\"#\" onclick=\"referencia('entropia',event); return false;\">entrop\u00eda<\/a> (simbolizada como S) es una magnitud f\u00edsica que permite, mediante c\u00e1lculo, determinar la parte de la energ\u00eda que no puede utilizarse para producir trabajo. Es una funci\u00f3n de estado de car\u00e1cter extensivo y su valor, en un sistema aislado, crece en el transcurso de un proceso que se d\u00e9 de forma natural. La <a href=\"#\" onclick=\"referencia('entropia',event); return false;\">entrop\u00eda<\/a> describe lo irreversible de los sistemas termodin\u00e1micos. La palabra <a href=\"#\" onclick=\"referencia('entropia',event); return false;\">entrop\u00eda<\/a> procede del griego (?\u03bd\u03c4\u03c1\u03bf\u03c0?\u03b1) y significa evoluci\u00f3n o transformaci\u00f3n. Fue <strong>Rudolf Clausius<\/strong> quien le dio nombre y la desarroll\u00f3 durante la d\u00e9cada de 1850;1 2 y <strong>Ludwig Boltzmann<\/strong>, quien encontr\u00f3 la manera de expresar matem\u00e1ticamente este concepto, desde el punto de vista de la probabilidad.&#8221;<\/p>\n<p>&nbsp;<\/p>\n<p><img decoding=\"async\" src=\"https:\/\/laleyendadedarwan.es\/wp-content\/uploads\/2021\/10\/que-es-la-entropia.jpg\" alt=\"Entrop\u00eda cero y el origen del universo \u2013 La leyenda de Darwan\" \/><\/p>\n<p>Todo en el Universo, sin excepci\u00f3n (si es un sistema cerrado), ver\u00e1 como aumenta su Entrop\u00eda y se va perdiendo la capacidad de trabajo. El mismo Universo evolucionar\u00e1 hacia ese escenario, llegar\u00e1 el momento en el que las estrellas dejar\u00e1n de brillar y ni los \u00e1tomos se mover\u00e1n, estar\u00e1 presente el Cero Absoluto (-273,15 \u00baC).<\/p>\n<blockquote>\n<p style=\"text-align: justify;\">&#8220;Seg\u00fan el tercer principio de la <a title=\"Termodin\u00e1mica\" href=\"https:\/\/es.wikipedia.org\/wiki\/Termodin%C3%A1mica\">termodin\u00e1mica<\/a>, el cero absoluto es un\u00a0<a title=\"L\u00edmite (matem\u00e1tica)\" href=\"https:\/\/es.wikipedia.org\/wiki\/L%C3%ADmite_(matem%C3%A1tica)\">l\u00edmite<\/a>\u00a0inalcanzable. En septiembre de 2014, los cient\u00edficos de la colaboraci\u00f3n CUORE en el\u00a0<a title=\"Laboratorio Nacional del Gran Sasso\" href=\"https:\/\/es.wikipedia.org\/wiki\/Laboratorio_Nacional_del_Gran_Sasso\">Laboratori Nazionali del Gran Sasso<\/a> en Italia enfriaron un recipiente de cobre con un volumen de un metro c\u00fabico a\u00a00.006 K\u00a0(\u2212273.144 \u00b0C) durante\u00a015 d\u00edas, estableciendo un r\u00e9cord para la temperatura m\u00e1s baja registrada en el universo conocido sobre un volumen contiguo tan grande. La dificultad para llegar a una temperatura tan baja en una c\u00e1mara de enfriamiento es el hecho que las mol\u00e9culas de la c\u00e1mara, al llegar a esa temperatura, no tienen energ\u00eda suficiente para hacer que esta descienda a\u00fan m\u00e1s.&#8221;<\/p>\n<p>&nbsp;<\/p>\n<p><a class=\"mw-file-description\" href=\"https:\/\/es.wikipedia.org\/wiki\/Archivo:Gas_thermometer_and_absolute_zero_fr.jpg\"><img decoding=\"async\" loading=\"lazy\" class=\"mw-file-element\" src=\"https:\/\/upload.wikimedia.org\/wikipedia\/commons\/thumb\/6\/69\/Gas_thermometer_and_absolute_zero_fr.jpg\/220px-Gas_thermometer_and_absolute_zero_fr.jpg\" srcset=\"\/\/upload.wikimedia.org\/wikipedia\/commons\/thumb\/6\/69\/Gas_thermometer_and_absolute_zero_fr.jpg\/330px-Gas_thermometer_and_absolute_zero_fr.jpg 1.5x, \/\/upload.wikimedia.org\/wikipedia\/commons\/thumb\/6\/69\/Gas_thermometer_and_absolute_zero_fr.jpg\/440px-Gas_thermometer_and_absolute_zero_fr.jpg 2x\" width=\"220\" height=\"120\" data-file-width=\"1114\" data-file-height=\"608\" \/><\/a><\/p>\n<p><strong>Gr\u00e1ficos de presi\u00f3n en funci\u00f3n de la temperatura para tres muestras de gas diferentes en el mismo volumen extrapolado al cero absoluto.<\/strong><\/p>\n<p>&nbsp;<\/p><\/blockquote>\n<p><img decoding=\"async\" loading=\"lazy\" class=\"\" src=\"https:\/\/upload.wikimedia.org\/wikipedia\/commons\/thumb\/a\/af\/Bose_Einstein_condensate.png\/220px-Bose_Einstein_condensate.png\" width=\"435\" height=\"287\" \/><\/p>\n<p>&nbsp;<\/p>\n<blockquote>\n<p style=\"text-align: justify;\"><strong>Condensado de Bose-<a href=\"#\" onclick=\"referencia('einstein',event); return false;\">Einstein<\/a> en un \u00e1tomo de\u00a0<a title=\"Rubidio\" href=\"https:\/\/es.wikipedia.org\/wiki\/Rubidio\">rubidio<\/a>. El color rojo indica una velocidad elevada, y el blanco-azulado una baja velocidad. La imagen de la derecha es la muestra m\u00e1s fr\u00eda de las tres.<\/strong><\/p>\n<p>Al aproximarse al cero absoluto se pueden producir en algunos materiales ciertos fen\u00f3menos, como el condensado de Bose-<a href=\"#\" onclick=\"referencia('einstein',event); return false;\">Einstein<\/a>, o algunos superfluidos\u00a0 como el Helio II.<\/p>\n<p style=\"text-align: justify;\"><strong>As\u00ed que si se llega al Cero Absoluto (cosa que no ser\u00e1 nada f\u00e1cil), se habr\u00e1 alcanzado la Temperatura m\u00e1s baja posible, y, en esa situaci\u00f3n, ni las mol\u00e9culas se mover\u00edan, lo que hace que el problema sea muy grave para todo aquello que est\u00e9 hecho de materia&#8230; \u00a1Ser\u00eda la muerte t\u00e9rmica!<\/strong><\/p>\n<p>&nbsp;<\/p>\n<p>&nbsp;<\/p><\/blockquote>\n<div class='bookmark'>\r\n\t\t<table align='left' border='0' cellpadding='0' width='100%'>\r\n\t\t<tr><td><span class='pushbutton'><a href='http:\/\/delicious.com\/post?url=http%3A%2F%2Fwww.emiliosilveravazquez.com%2Fblog%2F2025%2F01%2F11%2Fel-inexorable-paso-del-tiempo-2%2F&amp;title=El+inexorable+paso+del+Tiempo' title='Delicious' target='_blank' rel='nofollow'><img src='http:\/\/www.emiliosilveravazquez.com\/blog\/wp-content\/plugins\/knxdt-bookmarks-wordpress-plugin\/images\/delicious.png'  alt='' class='book_img' border='none' style='margin:1px; padding: 0;'  \/><\/a><\/span><span class='pushbutton'><a href='http:\/\/digg.com\/submit?url=http%3A%2F%2Fwww.emiliosilveravazquez.com%2Fblog%2F2025%2F01%2F11%2Fel-inexorable-paso-del-tiempo-2%2F&amp;title=El+inexorable+paso+del+Tiempo' title='Digg' target='_blank' rel='nofollow'><img src='http:\/\/www.emiliosilveravazquez.com\/blog\/wp-content\/plugins\/knxdt-bookmarks-wordpress-plugin\/images\/digg.png'  alt='' class='book_img' border='none' style='margin:1px; padding: 0;'  \/><\/a><\/span><span class='pushbutton'><a href='http:\/\/www.google.com\/bookmarks\/mark?op=edit&amp;bkmk=http%3A%2F%2Fwww.emiliosilveravazquez.com%2Fblog%2F2025%2F01%2F11%2Fel-inexorable-paso-del-tiempo-2%2F&amp;title=El+inexorable+paso+del+Tiempo' title='Google' target='_blank' rel='nofollow'><img src='http:\/\/www.emiliosilveravazquez.com\/blog\/wp-content\/plugins\/knxdt-bookmarks-wordpress-plugin\/images\/google.png'   alt='' class='book_img' border='none' style='margin:1px; padding: 0;'  \/><\/a><\/span><span class='pushbutton'><a href='http:\/\/myweb2.search.yahoo.com\/myresults\/bookmarklet?u=http%3A%2F%2Fwww.emiliosilveravazquez.com%2Fblog%2F2025%2F01%2F11%2Fel-inexorable-paso-del-tiempo-2%2F&amp;t=El+inexorable+paso+del+Tiempo' title='Yahoo' target='_blank' rel='nofollow'><img src='http:\/\/www.emiliosilveravazquez.com\/blog\/wp-content\/plugins\/knxdt-bookmarks-wordpress-plugin\/images\/yahoo.png'  alt='' class='book_img' border='none' style='margin:1px; padding: 0;'  \/><\/a><\/span><span class='pushbutton'><a href='http:\/\/www.technorati.com\/faves?add=http%3A%2F%2Fwww.emiliosilveravazquez.com%2Fblog%2F2025%2F01%2F11%2Fel-inexorable-paso-del-tiempo-2%2F' title='Technorati' target='_blank' rel='nofollow'><img src='http:\/\/www.emiliosilveravazquez.com\/blog\/wp-content\/plugins\/knxdt-bookmarks-wordpress-plugin\/images\/technorati.png'  alt='' class='book_img' border='none' style='margin:1px; padding: 0;'  \/><\/a><\/span><span class='pushbutton'><a href='http:\/\/meneame.net\/submit.php?url=http%3A%2F%2Fwww.emiliosilveravazquez.com%2Fblog%2F2025%2F01%2F11%2Fel-inexorable-paso-del-tiempo-2%2F' title='Meneame' target='_blank' rel='nofollow'><img src='http:\/\/www.emiliosilveravazquez.com\/blog\/wp-content\/plugins\/knxdt-bookmarks-wordpress-plugin\/images\/meneame.png'  alt='' class='book_img' border='none' style='margin:1px; padding: 0;'  \/><\/a><\/span><span class='pushbutton'><a href='http:\/\/enchilame.com\/submit.php?url=http:\/\/www.emiliosilveravazquez.com\/blog\/2025\/01\/11\/el-inexorable-paso-del-tiempo-2\/' target='_blank' rel='nofollow'><img title='Enchilame' src='http:\/\/www.emiliosilveravazquez.com\/blog\/wp-content\/plugins\/knxdt-bookmarks-wordpress-plugin\/images\/enchilame.png'  alt='' class='book_img' border='none' style='margin:1px; padding: 0;'  \/><\/a><\/span><span class='pushbutton'><a href='http:\/\/www.blinklist.com\/index.php?Action=Blink\/addblink.php&amp;Description=&amp;Url=http%3A%2F%2Fwww.emiliosilveravazquez.com%2Fblog%2F2025%2F01%2F11%2Fel-inexorable-paso-del-tiempo-2%2F&amp;title=El+inexorable+paso+del+Tiempo' title='BlinkList' target='_blank' rel='nofollow'><img src='http:\/\/www.emiliosilveravazquez.com\/blog\/wp-content\/plugins\/knxdt-bookmarks-wordpress-plugin\/images\/blinklist.png'  alt='' class='book_img' border='none' style='margin:1px; padding: 0;'  \/><\/a><\/span><span class='pushbutton'><a href='http:\/\/reddit.com\/submit?url=http%3A%2F%2Fwww.emiliosilveravazquez.com%2Fblog%2F2025%2F01%2F11%2Fel-inexorable-paso-del-tiempo-2%2F&amp;title=El+inexorable+paso+del+Tiempo' title='Reddit' target='_blank' rel='nofollow'><img src='http:\/\/www.emiliosilveravazquez.com\/blog\/wp-content\/plugins\/knxdt-bookmarks-wordpress-plugin\/images\/reddit.png'  alt='' class='book_img' border='none' style='margin:1px; padding: 0;'  \/><\/a><\/span><span class='pushbutton'><a href='http:\/\/www.tecnologiadiaria.com\/2009\/07\/abrir-com-hotmail-correo.html' target='_blank' title='hotmail'><img src='http:\/\/www.emiliosilveravazquez.com\/blog\/wp-content\/plugins\/knxdt-bookmarks-wordpress-plugin\/images\/linklove.png' alt='hotmail correo' class='book_img' border='none' style='margin:1px; padding: 0;' \/><\/a><\/span><span class='pushbutton'><a href='http:\/\/bitacoras.com\/votar\/anotacion\/externo\/mini\/www.emiliosilveravazquez.com\/blog\/2025\/01\/11\/el-inexorable-paso-del-tiempo-2\/' title='Bitacoras.com' target='_blank' rel='nofollow'><img src='http:\/\/www.emiliosilveravazquez.com\/blog\/wp-content\/plugins\/knxdt-bookmarks-wordpress-plugin\/images\/bitacoras.png'  alt='' class='book_img' border='none' style='margin:1px; padding: 0;'  \/><\/a><\/span><span class='pushbutton'><a href='http:\/\/www.wikio.es\/vote?url=http%3A%2F%2Fwww.emiliosilveravazquez.com%2Fblog%2F2025%2F01%2F11%2Fel-inexorable-paso-del-tiempo-2%2F' title='Wikio' target='_blank' rel='nofollow'><img src='http:\/\/www.emiliosilveravazquez.com\/blog\/wp-content\/plugins\/knxdt-bookmarks-wordpress-plugin\/images\/wikio.png'   alt='' class='book_img' border='none' style='margin:1px; padding: 0;'   \/><\/a><\/span><span class='pushbutton'><a href='http:\/\/friendfeed.com\/?url=http%3A%2F%2Fwww.emiliosilveravazquez.com%2Fblog%2F2025%2F01%2F11%2Fel-inexorable-paso-del-tiempo-2%2F&amp;title=El+inexorable+paso+del+Tiempo' title='Friend Feed' target='_blank' rel='nofollow'><img src='http:\/\/www.emiliosilveravazquez.com\/blog\/wp-content\/plugins\/knxdt-bookmarks-wordpress-plugin\/images\/friendfeed.png'  alt='' class='book_img' border='none' style='margin:1px; padding: 0;'  \/><\/a><\/span><span class='pushbutton'><a href='http:\/\/www.facebook.com\/share.php?u=http%3A%2F%2Fwww.emiliosilveravazquez.com%2Fblog%2F2025%2F01%2F11%2Fel-inexorable-paso-del-tiempo-2%2F&amp;t=El+inexorable+paso+del+Tiempo' title='Facebook' target='_blank' rel='nofollow'><img src='http:\/\/www.emiliosilveravazquez.com\/blog\/wp-content\/plugins\/knxdt-bookmarks-wordpress-plugin\/images\/facebook.png'  alt='' class='book_img' border='none' style='margin:1px; padding: 0;'  \/><\/a><\/span><span class='pushbutton'><a href='http:\/\/twitter.com\/home?status=El+inexorable+paso+del+Tiempo: http%3A%2F%2Fwww.emiliosilveravazquez.com%2Fblog%2F2025%2F01%2F11%2Fel-inexorable-paso-del-tiempo-2%2F' title='Twitter' target='_blank' rel='nofollow'><img src='http:\/\/www.emiliosilveravazquez.com\/blog\/wp-content\/plugins\/knxdt-bookmarks-wordpress-plugin\/images\/twitter.png'  alt='' class='book_img' border='none' style='margin:1px; padding: 0;'  \/><\/a><\/span><span class='pushbutton'><a href='http:\/\/www.feedburner.com\/fb\/a\/emailFlare?itemTitle=El+inexorable+paso+del+Tiempo&amp;uri=http%3A%2F%2Fwww.emiliosilveravazquez.com%2Fblog%2F2025%2F01%2F11%2Fel-inexorable-paso-del-tiempo-2%2F' title='Enviar por Email' target='_blank' rel='nofollow'><img src='http:\/\/www.emiliosilveravazquez.com\/blog\/wp-content\/plugins\/knxdt-bookmarks-wordpress-plugin\/images\/email.png'  alt='' class='book_img' border='none' style='margin:1px; padding: 0;'  \/><\/a><\/span><span style='font-weight:bold; padding-left: 5px;'><a href='http:\/\/wordpress.org\/extend\/plugins\/knxdt-bookmarks-wordpress-plugin\/' title='Plugin' rel='nofollow' target='_blank'>[?]<\/a><\/span><\/td><\/tr><\/table><br\/><br\/><\/div>","protected":false},"excerpt":{"rendered":"<p>&nbsp; &nbsp; Lo que no induce a la duda es el hecho de que, con el paso de Tiempo, lo que hoy es, ma\u00f1ana no ser\u00e1. Todo cambia a peor con el paso del Tiempo, la entrop\u00eda aumenta. Lo hemos visto en la evoluci\u00f3n de las estrellas. Si observamos el nacimiento, vida y muerte de [&hellip;]<\/p>\n","protected":false},"author":2,"featured_media":0,"comment_status":"open","ping_status":"open","sticky":false,"template":"","format":"standard","meta":{"_s2mail":"","footnotes":""},"categories":[1],"tags":[],"_links":{"self":[{"href":"http:\/\/www.emiliosilveravazquez.com\/blog\/wp-json\/wp\/v2\/posts\/33471"}],"collection":[{"href":"http:\/\/www.emiliosilveravazquez.com\/blog\/wp-json\/wp\/v2\/posts"}],"about":[{"href":"http:\/\/www.emiliosilveravazquez.com\/blog\/wp-json\/wp\/v2\/types\/post"}],"author":[{"embeddable":true,"href":"http:\/\/www.emiliosilveravazquez.com\/blog\/wp-json\/wp\/v2\/users\/2"}],"replies":[{"embeddable":true,"href":"http:\/\/www.emiliosilveravazquez.com\/blog\/wp-json\/wp\/v2\/comments?post=33471"}],"version-history":[{"count":0,"href":"http:\/\/www.emiliosilveravazquez.com\/blog\/wp-json\/wp\/v2\/posts\/33471\/revisions"}],"wp:attachment":[{"href":"http:\/\/www.emiliosilveravazquez.com\/blog\/wp-json\/wp\/v2\/media?parent=33471"}],"wp:term":[{"taxonomy":"category","embeddable":true,"href":"http:\/\/www.emiliosilveravazquez.com\/blog\/wp-json\/wp\/v2\/categories?post=33471"},{"taxonomy":"post_tag","embeddable":true,"href":"http:\/\/www.emiliosilveravazquez.com\/blog\/wp-json\/wp\/v2\/tags?post=33471"}],"curies":[{"name":"wp","href":"https:\/\/api.w.org\/{rel}","templated":true}]}}