{"id":33181,"date":"2025-09-10T08:18:00","date_gmt":"2025-09-10T07:18:00","guid":{"rendered":"https:\/\/www.emiliosilveravazquez.com\/blog\/?p=33181"},"modified":"2025-09-10T08:18:24","modified_gmt":"2025-09-10T07:18:24","slug":"la-naturaleza-esta-viva","status":"publish","type":"post","link":"http:\/\/www.emiliosilveravazquez.com\/blog\/2025\/09\/10\/la-naturaleza-esta-viva\/","title":{"rendered":"La Naturaleza est\u00e1 viva"},"content":{"rendered":"<figure class=\"main-image\" style=\"text-align: justify;\"><img decoding=\"async\" src=\"https:\/\/okdiario.com\/img\/2024\/10\/01\/volcan-erupcion-geologos-635x358.jpg\" alt=\"Supervolc\u00e1n, Volc\u00e1n, volcanes activos,\" \/><\/figure>\n<p>&nbsp;<\/p>\n<div id=\"contentid-0\" class=\"entry-content\">\n<p style=\"text-align: justify;\">Tenemos que estar muy pendientes de los volcanes y es que los ge\u00f3logos ponen en aviso sobre un\u00a0<strong>supervolc\u00e1n<\/strong>\u00a0que puede despertar y acabar sumiendo al mundo en un absoluto caos. El\u00a0<a href=\"https:\/\/okdiario.com\/ciencia\/cientifico-pone-fecha-fin-del-mundo-confirma-13-noviembre-13730888\"><strong>planeta Tierra<\/strong><\/a>\u00a0tiene que enfrentarse a fen\u00f3menos de la naturaleza, como ha pasado recientemente en\u00a0<strong>Espa\u00f1a<\/strong>\u00a0con la\u00a0<a href=\"https:\/\/okdiario.com\/sociedad\/ultima-hora-dana-valencia-espana-hoy-directo-desaparecidos-fallecidos-noticias-13743163\"><strong>DANA<\/strong><\/a>\u00a0que ha asolado muchos territorios, demostrando que la vida puede cambiar de un momento a otro. En el aspecto de los\u00a0<a href=\"https:\/\/okdiario.com\/ciencia\/aviso-urgente-expertos-volcan-inactivo-espanol-amenaza-puede-despertar-13474853\"><strong>volcanes<\/strong><\/a>, hay muchos activos en el mundo y mantienen una actividad que no siempre se puede predecir con facilidad.<\/p>\n<p style=\"text-align: justify;\">Disponemos de sistemas que intentan predecir el tiempo, el\u00a0<strong>exterior de la Tierra<\/strong>\u00a0y tambi\u00e9n el interior que tiene efectos sobre todo lo que vemos. Pero es algo imposible, ya que estamos ante una serie de elementos que pueden acabar siendo los que marquen una diferencia importante. Ha llegado el momento de esperar a una serie de elementos que son los que marcar\u00e1n un antes y un despu\u00e9s, de la mano de importantes cambios que tenemos por delante.\u00a0<strong>La Tierra<\/strong>\u00a0nos manda m\u00e1s de una se\u00f1al y este supervolc\u00e1n puede ser alguna de ellas que quiz\u00e1s nunca hubieran imaginado que fuera tan peligrosa.<\/p>\n<h2 class=\"title2\" style=\"text-align: justify;\">La advertencia que lanzan los ge\u00f3logos<\/h2>\n<\/div>\n<p>&nbsp;<\/p>\n<p><img decoding=\"async\" loading=\"lazy\" class=\"\" src=\"https:\/\/larepublica.cronosmedia.glr.pe\/original\/2024\/02\/17\/65d14b04ed4f526a4b5b5fc0.jpg\" alt=\"Ge\u00f3logos descubren que la Tierra se est\u00e1 abriendo en el fondo del oc\u00e9ano Pac\u00edfico\" width=\"714\" height=\"420\" \/><\/p>\n<p><strong>La tierra se est\u00e1 abriendo<\/strong><\/p>\n<div id=\"contentid-0\" class=\"entry-content\">\n<p style=\"text-align: justify;\">La geolog\u00eda es una ciencia que lleva a\u00f1os intentando conocer qu\u00e9 es lo que sucede bajo la superficie de un planeta que sigue guardando sorpresas. Todo lo que sucede en las profundidades de esta Tierra que quiz\u00e1s despierte m\u00e1s de un coraz\u00f3n interno, puede acabar marcando un antes y un despu\u00e9s.<\/p>\n<p style=\"text-align: justify;\">Los volcanes son elementos que desde que el planeta se form\u00f3, forman parte de todo lo que sucede a nuestro alrededor. Siendo un elemento natural que podr\u00eda acabar generando m\u00e1s de un elemento que quiz\u00e1s hasta ahora no hab\u00edamos tenido en cuenta y que puede acabar siendo clave.<\/p>\n<p>&nbsp;<\/p>\n<\/div>\n<p><img decoding=\"async\" loading=\"lazy\" class=\"\" src=\"https:\/\/volcanofoundation.org\/wp-content\/uploads\/2019\/06\/portada-3.jpg\" width=\"765\" height=\"430\" \/><\/p>\n<blockquote>\n<h3 style=\"text-align: justify;\">La NASA est\u00e1 explorando formas de evitar una cat\u00e1strofe global y planea crear una innovadora planta de energ\u00eda geot\u00e9rmica.<\/h3>\n<\/blockquote>\n<header id=\"header\" class=\"all_colors header_color dark_bg_color av_header_top av_logo_left av_main_nav_header av_menu_right av_slim av_header_sticky av_header_shrinking_disabled av_header_stretch_disabled av_mobile_menu_tablet av_header_searchicon_disabled av_header_unstick_top_disabled av_bottom_nav_disabled av_alternate_logo_active av_header_border_disabled\" role=\"banner\" data-av_shrink_factor=\"50\">\n<div id=\"header_main\" class=\"container_wrap container_wrap_logo\">\n<div class=\"container av-logo-container\">\n<div class=\"inner-container\"><\/div>\n<\/div>\n<\/div>\n<\/header>\n<div id=\"main\" class=\"all_colors\" data-scroll-offset=\"88\">\n<div id=\"av_section_1\" class=\"avia-section av-jpmm5s20-57a63b3441d84361f8611b2a391a6756 main_color avia-section-default avia-no-border-styling avia-builder-el-0 el_before_av_one_full avia-builder-el-first avia-full-stretch av-parallax-section avia-bg-style-parallax av-minimum-height av-minimum-height-50 av-height-50 container_wrap sidebar_right\" data-section-bg-repeat=\"stretch\" data-av_minimum_height_pc=\"50\" data-av_min_height_opt=\"50\">\n<div class=\"container av-section-cont-open\">\n<p><iframe loading=\"lazy\" title=\"La caldera de Yellowstone: \u00bfqu\u00e9 pasar\u00eda si el peligroso supervolc\u00e1n oculto entrara en erupci\u00f3n?\" width=\"500\" height=\"281\" src=\"https:\/\/www.youtube.com\/embed\/179MSWMkFRU?feature=oembed\" frameborder=\"0\" allow=\"accelerometer; autoplay; clipboard-write; encrypted-media; gyroscope; picture-in-picture; web-share\" referrerpolicy=\"strict-origin-when-cross-origin\" allowfullscreen><\/iframe><\/p>\n<div class=\"post-entry post-entry-type-page post-entry-16590\">\n<div class=\"entry-content-wrapper clearfix\">\n<div class=\"flex_column av-4lysb-e2a4178e7414917cbfc41c7bd96620ba av_one_full avia-builder-el-1 avia-builder-el-no-sibling first flex_column_div av-zero-column-padding \">\n<div class=\"av-special-heading av-jwhz6nyq-7d67e4f4c977e17c1c4571661b287deb av-special-heading-h1 custom-color-heading blockquote modern-quote modern-centered avia-builder-el-2 avia-builder-el-no-sibling av-inherit-size av-linked-heading\">\n<blockquote>\n<h1 class=\"av-special-heading-tag \" style=\"text-align: justify;\">LA ERUPCI\u00d3N DE YELLOWSTONE PODR\u00cdA CAUSAR EL FIN DE LA HUMANIDAD<\/h1>\n<\/blockquote>\n<\/div>\n<\/div>\n<\/div>\n<\/div>\n<\/div>\n<\/div>\n<div id=\"after_section_1\" class=\"main_color av_default_container_wrap container_wrap sidebar_right\">\n<div class=\"container av-section-cont-open\">\n<div class=\"template-page content av-content-small alpha units\">\n<div class=\"post-entry post-entry-type-page post-entry-16590\">\n<div class=\"entry-content-wrapper clearfix\">\n<div class=\"flex_column_table av-rb2oj-e17b763a33d035c7ff67089d1c4cf7f5 sc-av_one_full av-equal-height-column-flextable\">\n<div class=\"flex_column av-rb2oj-e17b763a33d035c7ff67089d1c4cf7f5 av_one_full avia-builder-el-3 el_after_av_section el_before_av_one_full avia-builder-el-first first flex_column_table_cell av-equal-height-column av-align-top \">\n<section class=\"av_textblock_section av-n449n-09a6194f1e6fd0d47dea222c3da43d11 \">\n<div class=\"avia_textblock\">\n<div class=\"\">\n<p style=\"text-align: justify;\">El\u00a0<strong>supervolc\u00e1n de Yellowstone<\/strong>, situado en el Parque Nacional de Yellowstone, en Estados Unidos, es uno de los m\u00e1s grandes del mundo.<br \/>\nEn ocasiones su actividad ha producido un\u00a0<a class=\"glossaryLink\" style=\"box-sizing: border-box; text-decoration: none; margin: 0px; padding: 0px; border-width: 0px 0px 1px; border-color: #ffffff #ffffff #000000; border-image: initial; font: inherit; vertical-align: baseline; outline: 0px; max-width: 100%; color: #000000 !important; border-style: initial initial dotted initial;\" tabindex=\"0\" role=\"link\" href=\"https:\/\/volcanofoundation.org\/es\/glossary\/flujo-lava-es\/\" aria-describedby=\"tt\" data-cmtooltip=\"&lt;div class=glossaryItemTitle&gt;FLUJO DE LAVA&lt;\/div&gt;&lt;div class=glossaryItemBody&gt;Los flujos de lava son masas de roca fundida que se vierten sobre la superficie de la Tierra durante una erupci\u00f3n efusiva. Tanto la lava m\u00f3vil como el dep\u00f3sito solidificado resultante se conocen como flujos de lava. Debido a la amplia gama en viscosidad de los diferentes tipos de lava (basalto, andesita, dacita y riolita); descarga de lava durante las erupciones; y caracter\u00edsticas del respiradero en erupci\u00f3n y la topograf\u00eda sobre la que viaja la lava, los flujos de lava vienen en una gran variedad de formas y tama\u00f1os.&lt;\/div&gt;\" data-gt-translate-attributes=\"[{&quot;attribute&quot;:&quot;data-cmtooltip&quot;, &quot;format&quot;:&quot;html&quot;}]\">flujo de lava<\/a>, pero tiene el potencial de causar una verdadera devastaci\u00f3n global.<br \/>\nCada 600.000 a\u00f1os aproximadamente,<strong>\u00a0la\u00a0<a class=\"glossaryLink\" style=\"box-sizing: border-box; text-decoration: none; margin: 0px; padding: 0px; border-width: 0px 0px 1px; border-color: #ffffff #ffffff #000000; border-image: initial; font: inherit; vertical-align: baseline; outline: 0px; max-width: 100%; color: #f5312a; border-style: initial initial dotted initial;\" tabindex=\"0\" role=\"link\" href=\"https:\/\/volcanofoundation.org\/es\/glossary\/caldera-es\/\" aria-describedby=\"tt\" data-cmtooltip=\"&lt;div class=glossaryItemTitle&gt;CALDERA&lt;\/div&gt;&lt;div class=glossaryItemBody&gt;Una gran depresi\u00f3n volc\u00e1nica en forma de cuenca con un di\u00e1metro muchas veces mayor que los respiraderos volc\u00e1nicos incluidos; puede tener entre 2 y 50 km de di\u00e1metro.&lt;\/div&gt;\" data-gt-translate-attributes=\"[{&quot;attribute&quot;:&quot;data-cmtooltip&quot;, &quot;format&quot;:&quot;html&quot;}]\">caldera<\/a>\u00a0de Yellowstone entra en erupci\u00f3n,<\/strong>\u00a0formando grandes calderas y cr\u00e1teres de decenas de kil\u00f3metros de di\u00e1metro. Se calcula que la pr\u00f3xima erupci\u00f3n podr\u00eda acabar con toda la humanidad.<\/p>\n<\/div>\n<\/div>\n<\/section>\n<\/div>\n<\/div>\n<\/div>\n<\/div>\n<\/div>\n<\/div>\n<\/div>\n<\/div>\n<p>&nbsp;<\/p>\n<p><iframe loading=\"lazy\" title=\"Yellowstone, \u00bfpor qu\u00e9 es el volc\u00e1n m\u00e1s peligroso del mundo?\" width=\"500\" height=\"375\" src=\"https:\/\/www.youtube.com\/embed\/4iRfYqjUUec?feature=oembed\" frameborder=\"0\" allow=\"accelerometer; autoplay; clipboard-write; encrypted-media; gyroscope; picture-in-picture; web-share\" referrerpolicy=\"strict-origin-when-cross-origin\" allowfullscreen><\/iframe><\/p>\n<p>&nbsp;<\/p>\n<blockquote>\n<p style=\"text-align: justify;\">Esta erupci\u00f3n es una de las mayores amenazas naturales para la humanidad, seg\u00fan la NASA, y la probable pr\u00f3xima erupci\u00f3n del Yellowstone es la que m\u00e1s miedo causa entre los ge\u00f3logos y especialistas.<br \/>\nCon unos 85 kil\u00f3metros de largo y 45 de ancho,\u00a0<strong>la\u00a0<a class=\"glossaryLink\" style=\"box-sizing: border-box; text-decoration: none; margin: 0px; padding: 0px; border-width: 0px 0px 1px; border-color: #ffffff #ffffff #000000; border-image: initial; font: inherit; vertical-align: baseline; outline: 0px; max-width: 100%; color: #f5312a; border-style: initial initial dotted initial;\" tabindex=\"0\" role=\"link\" href=\"https:\/\/volcanofoundation.org\/es\/glossary\/caldera-es\/\" aria-describedby=\"tt\" data-cmtooltip=\"&lt;div class=glossaryItemTitle&gt;CALDERA&lt;\/div&gt;&lt;div class=glossaryItemBody&gt;Una gran depresi\u00f3n volc\u00e1nica en forma de cuenca con un di\u00e1metro muchas veces mayor que los respiraderos volc\u00e1nicos incluidos; puede tener entre 2 y 50 km de di\u00e1metro.&lt;\/div&gt;\" data-gt-translate-attributes=\"[{&quot;attribute&quot;:&quot;data-cmtooltip&quot;, &quot;format&quot;:&quot;html&quot;}]\">caldera<\/a>\u00a0alberga una gigantesca\u00a0<a class=\"glossaryLink\" style=\"box-sizing: border-box; text-decoration: none; margin: 0px; padding: 0px; border-width: 0px 0px 1px; border-color: #ffffff #ffffff #000000; border-image: initial; font: inherit; vertical-align: baseline; outline: 0px; max-width: 100%; color: #f5312a; border-style: initial initial dotted initial;\" tabindex=\"0\" role=\"link\" href=\"https:\/\/volcanofoundation.org\/es\/glossary\/camara-magma-es\/\" aria-describedby=\"tt\" data-cmtooltip=\"&lt;div class=glossaryItemTitle&gt;C\u00c1MARA DE MAGMA&lt;\/div&gt;&lt;div class=glossaryItemBody&gt;Lugar situado bajo la chimenea de un volc\u00e1n donde se almacena la roca fundida (magma) antes de la erupci\u00f3n. Tambi\u00e9n se conoce como zona de almacenamiento de magma o dep\u00f3sito de magma.&lt;\/div&gt;\" data-gt-translate-attributes=\"[{&quot;attribute&quot;:&quot;data-cmtooltip&quot;, &quot;format&quot;:&quot;html&quot;}]\">c\u00e1mara de magma<\/a>\u00a0que podr\u00eda precipitar el fin de la humanidad, si entrara en erupci\u00f3n.<\/strong><br \/>\nSeg\u00fan las estimaciones de la ONU, esto marcar\u00eda el inicio de un terrible invierno\u00a0<a class=\"glossaryLink\" style=\"box-sizing: border-box; text-decoration: none; margin: 0px; padding: 0px; border-width: 0px 0px 1px; border-color: #ffffff #ffffff #000000; border-image: initial; font-style: normal; font-variant-ligatures: normal; font-variant-caps: normal; font-variant-numeric: inherit; font-variant-east-asian: inherit; font-variant-alternates: inherit; font-variant-position: inherit; font-weight: 400; font-stretch: inherit; font-size: 17px; line-height: inherit; font-family: pt-sans, Helvetica, Arial, sans-serif; font-optical-sizing: inherit; font-size-adjust: inherit; font-kerning: inherit; font-feature-settings: inherit; font-variation-settings: inherit; vertical-align: baseline; outline: 0px; max-width: 100%; color: #000000 !important; letter-spacing: normal; orphans: 2; text-align: start; text-indent: 0px; text-transform: none; widows: 2; word-spacing: 0px; -webkit-text-stroke-width: 0px; white-space: normal; background-color: #ffffff; border-style: initial initial dotted initial;\" tabindex=\"0\" role=\"link\" href=\"https:\/\/volcanofoundation.org\/es\/glossary\/volcanico-es\/\" aria-describedby=\"tt\" data-cmtooltip=\"&lt;div class=glossaryItemTitle&gt;VOLC\u00c1NICO&lt;\/div&gt;&lt;div class=glossaryItemBody&gt;&amp;lt;div&amp;gt;Cuerpo de roca que se compone de fragmentos de rocas o minerales derivados volc\u00e1nicamente que luego fueron transportados a cierta distancia de su lugar de origen.&amp;lt;\/div&amp;gt;&lt;\/div&gt;\" data-gt-translate-attributes=\"[{&quot;attribute&quot;:&quot;data-cmtooltip&quot;, &quot;format&quot;:&quot;html&quot;}]\">volc\u00e1nico<\/a>\u00a0y provocar\u00eda una hambruna mundial, dej\u00e1ndonos con reservas de alimentos suficientes para sobrevivir durante dos meses y medio.<\/p>\n<\/blockquote>\n<div id=\"contentid-0\" class=\"entry-content\">\n<p style=\"text-align: justify;\"><strong>Conocemos el estado de los volcanes<\/strong>\u00a0que tenemos cerca, los vemos como una posible amenaza, pero, lo que quiz\u00e1s no sab\u00edamos es un detalle que se ha convertido en un riesgo para todos. La llegada de un supervolc\u00e1n o el descubrimiento de este elemento que puede provocar m\u00e1s de un problema.<\/p>\n<p style=\"text-align: justify;\">Este supervolc\u00e1n es el que ha generado entre los expertos un miedo mayor. Ante la falta de poder lanzar algunas previsiones sobre lo que puede provocar este volc\u00e1n y las consecuencias de este. Tocar\u00e1 estar pendiente de una advertencia cuyos detalles debemos conocer.<\/p>\n<h2 class=\"title2\" style=\"text-align: justify;\">El supervolc\u00e1n que puede sumir al mundo en el caos si despierta<\/h2>\n<p style=\"text-align: justify;\">Astronoo es un portal especializado que nos ayuda a conocer un poco m\u00e1s determinadas zonas del planeta. En este caso estamos ante una de las zonas volc\u00e1nicas con m\u00e1s actividad del planeta. Cada a\u00f1o se activan las alertas ante la posible llegada de un nuevo detalle que hace predecir el desastre.<\/p>\n<p style=\"text-align: justify;\">Los volcanes suelen ser impredecibles, por lo que, debemos estar muy pendientes de ellos. Los ge\u00f3logos miran con lupa una de las zonas en las que m\u00e1s densidad de estos volcanes existe, por lo que deben estar en permanente contacto con unos elementos que en cualquier momento pueden estallar.<\/p>\n<p style=\"text-align: justify;\">Lo hemos visto a lo largo de la historia y lo volvemos a ver, con la mirada puesta a una serie de detalles que son los que marcar\u00e1n una diferencia importante. Estamos ante un cambio de ciclo, o al menos, esto es lo que parece en cuanto a la actividad volc\u00e1nica de un planeta que parece que se va relacionando entre s\u00ed.<\/p>\n<p style=\"text-align: justify;\">Siguiendo con la explicaci\u00f3n de estos expertos: \u00ab<strong>Los Campos Fl\u00e9greos (Campi Flegrei) es una gran \u00e1rea volc\u00e1nica<\/strong>\u00a0ubicada en la regi\u00f3n de Campania en Italia, cerca de la ciudad de N\u00e1poles. Esta regi\u00f3n volc\u00e1nica tiene una gran importancia geol\u00f3gica e hist\u00f3rica, ya que alberga varias calderas impresionantes, incluida la de Solfatara. Las calderas son depresiones geol\u00f3gicas formadas por el derrumbe del suelo despu\u00e9s de una gran erupci\u00f3n volc\u00e1nica. Proporcionan pistas valiosas sobre erupciones pasadas y cambios en el paisaje volc\u00e1nico a lo largo del tiempo.<\/p>\n<\/div>\n<p>&nbsp;<\/p>\n<p><img decoding=\"async\" src=\"https:\/\/astronoo.com\/images\/volcans\/champs-phlegreens.jpg\" alt=\"Los Campos Fl\u00e9greos: Comprender nuestro Universo\" \/><\/p>\n<blockquote>\n<p style=\"text-align: justify;\">&#8220;Los <b>Campos Fl\u00e9greos<\/b> son una vasta caldera volc\u00e1nica situada a 9 km al noroeste de la ciudad de N\u00e1poles,<sup id=\"cite_ref-live_1-0\" class=\"reference separada\"><\/sup> cuya mayor parte est\u00e1 bajo el agua. Su nombre deriva del griego antiguo, que significa \u00abardientes\u00bb.<\/p>\n<p style=\"text-align: justify;\">La zona a\u00fan tiene 24 bocas de cr\u00e1teres y elevaciones volc\u00e1nicas, y algunas presentan manifestaciones gaseosas efusivas, en el \u00e1rea de la Solfatara de Pozzuoli, o hidrotermales, en Lago de Agnano.<\/p>\n<\/blockquote>\n<div id=\"contentid-0\" class=\"entry-content\">\n<p style=\"text-align: justify;\">Los Campos Fl\u00e9greos son conocidos por su actividad geot\u00e9rmica, que incluye aguas termales, fumarolas y solfataras. Estos fen\u00f3menos geot\u00e9rmicos resultan del calor y los gases liberados por los volcanes. Se utilizan con fines geot\u00e9rmicos, energ\u00e9ticos y terap\u00e9uticos. La caldera m\u00e1s conocida de la regi\u00f3n es la de Solfatara, que es un cr\u00e1ter volc\u00e1nico activo. Se caracteriza por la emisi\u00f3n de gases sulfurosos, vapor y lodos burbujeantes\u00bb.<\/p>\n<\/div>\n<p>&nbsp;<\/p>\n<p><img decoding=\"async\" src=\"https:\/\/services.meteored.com\/img\/article\/podria-estar-proxima-la-erupcion-del-supervolcan-mas-peligroso-de-europa-1716769889215_512.jpeg\" alt=\"Podr\u00eda estar pr\u00f3xima la erupci\u00f3n del \u201csupervolc\u00e1n\u201d m\u00e1s peligroso de Europa?\" \/><\/p>\n<blockquote>\n<h1 class=\"indIKd q23Yce fA1vYb cS4Vcb-pGL6qe-fwJd0c\" style=\"text-align: justify;\">\u00bfPodr\u00eda estar pr\u00f3xima la erupci\u00f3n del \u201csupervolc\u00e1n m\u00e1s peligroso de Europa?<\/h1>\n<\/blockquote>\n<div id=\"contentid-0\" class=\"entry-content\">\n<p style=\"text-align: justify;\">Siguiendo con la misma explicaci\u00f3n: \u00abLa regi\u00f3n de los <strong>Campos Fl\u00e9greos<\/strong> tiene una rica historia y ha estado habitada desde la antig\u00fcedad. Restos arqueol\u00f3gicos, como las ciudades romanas de Pompeya y Herculano, atestiguan la antigua presencia de civilizaciones que florecieron en esta f\u00e9rtil zona volc\u00e1nica. Los campos flegreos tambi\u00e9n son de gran importancia en t\u00e9rminos de gesti\u00f3n del riesgo volc\u00e1nico. Por su continua actividad volc\u00e1nica, son un laboratorio natural para el estudio y predicci\u00f3n de erupciones volc\u00e1nicas. Los cient\u00edficos est\u00e1n monitoreando de cerca el \u00e1rea en busca de signos de posible actividad volc\u00e1nica y para advertir sobre los riesgos para la poblaci\u00f3n local. El \u00e1rea ofrece paisajes \u00fanicos, formaciones geol\u00f3gicas interesantes y oportunidades para practicar senderismo y exploraci\u00f3n. Hay alrededor de 1.500 volcanes terrestres activos, de los cuales alrededor de 60 entran en erupci\u00f3n cada a\u00f1o\u00bb.<\/p>\n<\/div>\n<p>&nbsp;<\/p>\n<div id=\"contentid-0\" class=\"entry-content\">\n<p><strong>Reportaje de O.K Diario con algunos a\u00f1adidos de la NASA\u00a0 y otros.<\/strong><\/p>\n<p><strong>Estamos durmiendo sobre la durmiente Naturaleza y no le prestamos atenci\u00f3n hasta que no se despierta.<\/strong><\/p>\n<\/div>\n<div class='bookmark'>\r\n\t\t<table align='left' border='0' cellpadding='0' width='100%'>\r\n\t\t<tr><td><span class='pushbutton'><a href='http:\/\/delicious.com\/post?url=http%3A%2F%2Fwww.emiliosilveravazquez.com%2Fblog%2F2025%2F09%2F10%2Fla-naturaleza-esta-viva%2F&amp;title=La+Naturaleza+est%C3%A1+viva' title='Delicious' target='_blank' rel='nofollow'><img src='http:\/\/www.emiliosilveravazquez.com\/blog\/wp-content\/plugins\/knxdt-bookmarks-wordpress-plugin\/images\/delicious.png'  alt='' class='book_img' border='none' style='margin:1px; padding: 0;'  \/><\/a><\/span><span class='pushbutton'><a href='http:\/\/digg.com\/submit?url=http%3A%2F%2Fwww.emiliosilveravazquez.com%2Fblog%2F2025%2F09%2F10%2Fla-naturaleza-esta-viva%2F&amp;title=La+Naturaleza+est%C3%A1+viva' title='Digg' target='_blank' rel='nofollow'><img src='http:\/\/www.emiliosilveravazquez.com\/blog\/wp-content\/plugins\/knxdt-bookmarks-wordpress-plugin\/images\/digg.png'  alt='' class='book_img' border='none' style='margin:1px; padding: 0;'  \/><\/a><\/span><span class='pushbutton'><a href='http:\/\/www.google.com\/bookmarks\/mark?op=edit&amp;bkmk=http%3A%2F%2Fwww.emiliosilveravazquez.com%2Fblog%2F2025%2F09%2F10%2Fla-naturaleza-esta-viva%2F&amp;title=La+Naturaleza+est%C3%A1+viva' title='Google' target='_blank' rel='nofollow'><img src='http:\/\/www.emiliosilveravazquez.com\/blog\/wp-content\/plugins\/knxdt-bookmarks-wordpress-plugin\/images\/google.png'   alt='' class='book_img' border='none' style='margin:1px; padding: 0;'  \/><\/a><\/span><span class='pushbutton'><a href='http:\/\/myweb2.search.yahoo.com\/myresults\/bookmarklet?u=http%3A%2F%2Fwww.emiliosilveravazquez.com%2Fblog%2F2025%2F09%2F10%2Fla-naturaleza-esta-viva%2F&amp;t=La+Naturaleza+est%C3%A1+viva' title='Yahoo' target='_blank' rel='nofollow'><img src='http:\/\/www.emiliosilveravazquez.com\/blog\/wp-content\/plugins\/knxdt-bookmarks-wordpress-plugin\/images\/yahoo.png'  alt='' class='book_img' border='none' style='margin:1px; padding: 0;'  \/><\/a><\/span><span class='pushbutton'><a href='http:\/\/www.technorati.com\/faves?add=http%3A%2F%2Fwww.emiliosilveravazquez.com%2Fblog%2F2025%2F09%2F10%2Fla-naturaleza-esta-viva%2F' title='Technorati' target='_blank' rel='nofollow'><img src='http:\/\/www.emiliosilveravazquez.com\/blog\/wp-content\/plugins\/knxdt-bookmarks-wordpress-plugin\/images\/technorati.png'  alt='' class='book_img' border='none' style='margin:1px; padding: 0;'  \/><\/a><\/span><span class='pushbutton'><a href='http:\/\/meneame.net\/submit.php?url=http%3A%2F%2Fwww.emiliosilveravazquez.com%2Fblog%2F2025%2F09%2F10%2Fla-naturaleza-esta-viva%2F' title='Meneame' target='_blank' rel='nofollow'><img src='http:\/\/www.emiliosilveravazquez.com\/blog\/wp-content\/plugins\/knxdt-bookmarks-wordpress-plugin\/images\/meneame.png'  alt='' class='book_img' border='none' style='margin:1px; padding: 0;'  \/><\/a><\/span><span class='pushbutton'><a href='http:\/\/enchilame.com\/submit.php?url=http:\/\/www.emiliosilveravazquez.com\/blog\/2025\/09\/10\/la-naturaleza-esta-viva\/' target='_blank' rel='nofollow'><img title='Enchilame' src='http:\/\/www.emiliosilveravazquez.com\/blog\/wp-content\/plugins\/knxdt-bookmarks-wordpress-plugin\/images\/enchilame.png'  alt='' class='book_img' border='none' style='margin:1px; padding: 0;'  \/><\/a><\/span><span class='pushbutton'><a href='http:\/\/www.blinklist.com\/index.php?Action=Blink\/addblink.php&amp;Description=&amp;Url=http%3A%2F%2Fwww.emiliosilveravazquez.com%2Fblog%2F2025%2F09%2F10%2Fla-naturaleza-esta-viva%2F&amp;title=La+Naturaleza+est%C3%A1+viva' title='BlinkList' target='_blank' rel='nofollow'><img src='http:\/\/www.emiliosilveravazquez.com\/blog\/wp-content\/plugins\/knxdt-bookmarks-wordpress-plugin\/images\/blinklist.png'  alt='' class='book_img' border='none' style='margin:1px; padding: 0;'  \/><\/a><\/span><span class='pushbutton'><a href='http:\/\/reddit.com\/submit?url=http%3A%2F%2Fwww.emiliosilveravazquez.com%2Fblog%2F2025%2F09%2F10%2Fla-naturaleza-esta-viva%2F&amp;title=La+Naturaleza+est%C3%A1+viva' title='Reddit' target='_blank' rel='nofollow'><img src='http:\/\/www.emiliosilveravazquez.com\/blog\/wp-content\/plugins\/knxdt-bookmarks-wordpress-plugin\/images\/reddit.png'  alt='' class='book_img' border='none' style='margin:1px; padding: 0;'  \/><\/a><\/span><span class='pushbutton'><a href='http:\/\/www.tecnologiadiaria.com\/2009\/07\/abrir-com-hotmail-correo.html' target='_blank' title='hotmail'><img src='http:\/\/www.emiliosilveravazquez.com\/blog\/wp-content\/plugins\/knxdt-bookmarks-wordpress-plugin\/images\/linklove.png' alt='hotmail correo' class='book_img' border='none' style='margin:1px; padding: 0;' \/><\/a><\/span><span class='pushbutton'><a href='http:\/\/bitacoras.com\/votar\/anotacion\/externo\/mini\/www.emiliosilveravazquez.com\/blog\/2025\/09\/10\/la-naturaleza-esta-viva\/' title='Bitacoras.com' target='_blank' rel='nofollow'><img src='http:\/\/www.emiliosilveravazquez.com\/blog\/wp-content\/plugins\/knxdt-bookmarks-wordpress-plugin\/images\/bitacoras.png'  alt='' class='book_img' border='none' style='margin:1px; padding: 0;'  \/><\/a><\/span><span class='pushbutton'><a href='http:\/\/www.wikio.es\/vote?url=http%3A%2F%2Fwww.emiliosilveravazquez.com%2Fblog%2F2025%2F09%2F10%2Fla-naturaleza-esta-viva%2F' title='Wikio' target='_blank' rel='nofollow'><img src='http:\/\/www.emiliosilveravazquez.com\/blog\/wp-content\/plugins\/knxdt-bookmarks-wordpress-plugin\/images\/wikio.png'   alt='' class='book_img' border='none' style='margin:1px; padding: 0;'   \/><\/a><\/span><span class='pushbutton'><a href='http:\/\/friendfeed.com\/?url=http%3A%2F%2Fwww.emiliosilveravazquez.com%2Fblog%2F2025%2F09%2F10%2Fla-naturaleza-esta-viva%2F&amp;title=La+Naturaleza+est%C3%A1+viva' title='Friend Feed' target='_blank' rel='nofollow'><img src='http:\/\/www.emiliosilveravazquez.com\/blog\/wp-content\/plugins\/knxdt-bookmarks-wordpress-plugin\/images\/friendfeed.png'  alt='' class='book_img' border='none' style='margin:1px; padding: 0;'  \/><\/a><\/span><span class='pushbutton'><a href='http:\/\/www.facebook.com\/share.php?u=http%3A%2F%2Fwww.emiliosilveravazquez.com%2Fblog%2F2025%2F09%2F10%2Fla-naturaleza-esta-viva%2F&amp;t=La+Naturaleza+est%C3%A1+viva' title='Facebook' target='_blank' rel='nofollow'><img src='http:\/\/www.emiliosilveravazquez.com\/blog\/wp-content\/plugins\/knxdt-bookmarks-wordpress-plugin\/images\/facebook.png'  alt='' class='book_img' border='none' style='margin:1px; padding: 0;'  \/><\/a><\/span><span class='pushbutton'><a href='http:\/\/twitter.com\/home?status=La+Naturaleza+est%C3%A1+viva: http%3A%2F%2Fwww.emiliosilveravazquez.com%2Fblog%2F2025%2F09%2F10%2Fla-naturaleza-esta-viva%2F' title='Twitter' target='_blank' rel='nofollow'><img src='http:\/\/www.emiliosilveravazquez.com\/blog\/wp-content\/plugins\/knxdt-bookmarks-wordpress-plugin\/images\/twitter.png'  alt='' class='book_img' border='none' style='margin:1px; padding: 0;'  \/><\/a><\/span><span class='pushbutton'><a href='http:\/\/www.feedburner.com\/fb\/a\/emailFlare?itemTitle=La+Naturaleza+est%C3%A1+viva&amp;uri=http%3A%2F%2Fwww.emiliosilveravazquez.com%2Fblog%2F2025%2F09%2F10%2Fla-naturaleza-esta-viva%2F' title='Enviar por Email' target='_blank' rel='nofollow'><img src='http:\/\/www.emiliosilveravazquez.com\/blog\/wp-content\/plugins\/knxdt-bookmarks-wordpress-plugin\/images\/email.png'  alt='' class='book_img' border='none' style='margin:1px; padding: 0;'  \/><\/a><\/span><span style='font-weight:bold; padding-left: 5px;'><a href='http:\/\/wordpress.org\/extend\/plugins\/knxdt-bookmarks-wordpress-plugin\/' title='Plugin' rel='nofollow' target='_blank'>[?]<\/a><\/span><\/td><\/tr><\/table><br\/><br\/><\/div>","protected":false},"excerpt":{"rendered":"<p>&nbsp; Tenemos que estar muy pendientes de los volcanes y es que los ge\u00f3logos ponen en aviso sobre un\u00a0supervolc\u00e1n\u00a0que puede despertar y acabar sumiendo al mundo en un absoluto caos. El\u00a0planeta Tierra\u00a0tiene que enfrentarse a fen\u00f3menos de la naturaleza, como ha pasado recientemente en\u00a0Espa\u00f1a\u00a0con la\u00a0DANA\u00a0que ha asolado muchos territorios, demostrando que la vida puede cambiar [&hellip;]<\/p>\n","protected":false},"author":2,"featured_media":0,"comment_status":"open","ping_status":"open","sticky":false,"template":"","format":"standard","meta":{"_s2mail":"","footnotes":""},"categories":[1],"tags":[],"_links":{"self":[{"href":"http:\/\/www.emiliosilveravazquez.com\/blog\/wp-json\/wp\/v2\/posts\/33181"}],"collection":[{"href":"http:\/\/www.emiliosilveravazquez.com\/blog\/wp-json\/wp\/v2\/posts"}],"about":[{"href":"http:\/\/www.emiliosilveravazquez.com\/blog\/wp-json\/wp\/v2\/types\/post"}],"author":[{"embeddable":true,"href":"http:\/\/www.emiliosilveravazquez.com\/blog\/wp-json\/wp\/v2\/users\/2"}],"replies":[{"embeddable":true,"href":"http:\/\/www.emiliosilveravazquez.com\/blog\/wp-json\/wp\/v2\/comments?post=33181"}],"version-history":[{"count":0,"href":"http:\/\/www.emiliosilveravazquez.com\/blog\/wp-json\/wp\/v2\/posts\/33181\/revisions"}],"wp:attachment":[{"href":"http:\/\/www.emiliosilveravazquez.com\/blog\/wp-json\/wp\/v2\/media?parent=33181"}],"wp:term":[{"taxonomy":"category","embeddable":true,"href":"http:\/\/www.emiliosilveravazquez.com\/blog\/wp-json\/wp\/v2\/categories?post=33181"},{"taxonomy":"post_tag","embeddable":true,"href":"http:\/\/www.emiliosilveravazquez.com\/blog\/wp-json\/wp\/v2\/tags?post=33181"}],"curies":[{"name":"wp","href":"https:\/\/api.w.org\/{rel}","templated":true}]}}