{"id":33066,"date":"2026-03-23T06:28:26","date_gmt":"2026-03-23T05:28:26","guid":{"rendered":"https:\/\/www.emiliosilveravazquez.com\/blog\/?p=33066"},"modified":"2026-03-23T06:28:48","modified_gmt":"2026-03-23T05:28:48","slug":"la-conciencia-que-sera-la-conciencia","status":"publish","type":"post","link":"http:\/\/www.emiliosilveravazquez.com\/blog\/2026\/03\/23\/la-conciencia-que-sera-la-conciencia\/","title":{"rendered":"\u00bfLa Conciencia? \u00bfQu\u00e9 ser\u00e1 la Conciencia?"},"content":{"rendered":"<p><iframe loading=\"lazy\" title=\"El Universo es Consciente, y tu\u0301, un SUEN\u0303O suyo \ud83e\udd2f | El Idealismo\" width=\"500\" height=\"281\" src=\"https:\/\/www.youtube.com\/embed\/GMR8_0LXBTg?feature=oembed\" frameborder=\"0\" allow=\"accelerometer; autoplay; clipboard-write; encrypted-media; gyroscope; picture-in-picture; web-share\" referrerpolicy=\"strict-origin-when-cross-origin\" allowfullscreen><\/iframe><\/p>\n<p>&nbsp;<\/p>\n<blockquote>\n<p style=\"text-align: justify;\">Si en &#8220;ella&#8221; la materia no existe&#8230; \u00bfEs todo virtual? \u00bfTendremos que dejar de lado hasta la m\u00e1s fina filosof\u00eda y agarrarnos a su rama m\u00e1s et\u00e9rea que llaman Metaf\u00edsica? Ser\u00e1 el Ser solo Mente y Conciencia? Entonces \u00bfC\u00f3mo podemos tocar y sentir?<\/p>\n<p style=\"text-align: justify;\">Lo cierto es que, si continuamos desarrollando el tema de la Conciencia, nos encontraremos en un escenario en el que, las preguntas ser\u00e1n siempre m\u00e1s abundantes que las respuestas.<\/p>\n<p>\u00bfSeremos simplemente una parte en evoluci\u00f3n de la Conciencia C\u00f3smica que todo lo rige?<\/p><\/blockquote>\n<p>&nbsp;<\/p>\n<p><img decoding=\"async\" src=\"https:\/\/cdn0.unprofesor.com\/es\/posts\/4\/7\/9\/la_metafisica_en_la_filosofia_definicion_sencilla_2974_600.jpg\" alt=\"La metaf\u00edsica en la filosof\u00eda: definici\u00f3n sencilla\" \/><\/p>\n<p>Esta serie de preguntas toca el n\u00facleo de la filosof\u00eda occidental y oriental, explorando la frontera entre la f\u00edsica, la mente y la metaf\u00edsica.<\/p>\n<p>&nbsp;<\/p>\n<p><img decoding=\"async\" loading=\"lazy\" class=\"\" src=\"https:\/\/cscdn.quizzclub.com\/ds\/qc-ls\/136675.jpg?v=1\" alt=\"C\u00f3mo se llama la rama de la... | La respuesta de Trivia | QuizzClub\" width=\"610\" height=\"320\" \/><\/p>\n<p style=\"text-align: justify;\"><b>Andr\u00f3nico de Rodas,<\/b>\u00a0en el siglo I a.c, siguiendo a Eudemo, para referirse a lo que Arist\u00f3teles, habr\u00eda denominado \u201cfilosof\u00eda primera\u201d (<i>prima philosophya<\/i>) o \u201cteolog\u00eda\u201d. Pero los libros del estagirita, fueron reordenados, de forma que, la filosof\u00eda segunda, preced\u00eda a la primera, y por lo tanto, el nombre de filosof\u00eda primera, fue substituido, por el de\u00a0<b><i>met\u00e1 t\u00e1 physic\u00e1<\/i>,<\/b>\u00a0o lo que es lo mismo,\u00a0<strong>\u201clo que est\u00e1 m\u00e1s all\u00e1 de la f\u00edsica\u201d<\/strong>. La metaf\u00edsica constituye un saber trascendente, en cuanto va m\u00e1s all\u00e1 de la experiencia, de la naturaleza misma, para buscar, lo que subyace, lo que solo puede ser conocido por la raz\u00f3n.<\/p>\n<ul class=\"KsbFXc U6u95\" data-sfc-root=\"c\" data-sfc-cb=\"\" data-processed=\"true\">\n<li class=\"dF3vjf\" style=\"text-align: justify;\" data-sfc-root=\"c\" data-sfc-cb=\"\" data-hveid=\"CAMQAA\" data-processed=\"true\"><span class=\"T286Pc\" data-sfc-cp=\"\" data-sfc-root=\"c\" data-sfc-cb=\"\" data-processed=\"true\"><strong class=\"Yjhzub\" data-sfc-root=\"c\" data-sfc-cb=\"\" data-processed=\"true\">\u00bfEs todo virtual?<\/strong>\u00a0Desde perspectivas como el\u00a0<span data-sfc-root=\"c\" data-wiz-uids=\"koeh2b_o\" data-sfc-cb=\"\" data-processed=\"true\"><a class=\"GI370e\" href=\"https:\/\/www.google.com\/search?newwindow=1&amp;sca_esv=4bfe17d685cba599&amp;rlz=1C1FHFK_enES1150ES1150&amp;sxsrf=ANbL-n49EMl6N8WGd0AOE5UX2mjhmF7OXA%3A1774242897200&amp;q=idealismo&amp;source=lnms&amp;fbs=ADc_l-bpk8W4E-qsVlOvbGJcDwpn60DczFdcvPnuv8WQohHLTaMb_WtLz8zQ41bNqiqMK_0GCDA2eBSrpJajLJh54y7Ka_fZmZdIImwWyyM7ZWAvyspUZ3x5aepQ7hyq_HxsZ_T4LDZzn_qr_H_0tfH1wCb3eMHdMF3f8AX3KmtRM-hdLEC_HcErrwB1UjwS3nOO7MpyJKl7by79KIlA34mPTGSII9BaCQ&amp;sa=X&amp;ved=2ahUKEwiO5_jzobWTAxWa0gIHHSmRKTIQgK4QegQIAxAB&amp;biw=828&amp;bih=300&amp;dpr=2.32&amp;mstk=AUtExfAKowwCFfcBUKJEsfnsaHV19wqdiJYrFdeJFUFncjwB0e-M-zurQzeHvdKa_IbABzxmVrg0exElePyLgm4qp96U8G8HSkDQ2APM6rLBFzJ9j2V8EIDgxwlO6Ss6-wGCPqnwT4nPEcc-9DCOY5kFK1Te-qxsjGA9sXVUHSEJ9lK70-sIvInKU8FAFS5RxXy3nmdD93FF0lWTgYCIzkagNY-I-QSxj9yQnf5KOCgGI4pkUUFwWAUT7WLHlmI1E7V3Vo0_XvqhCf0uyx0y0sc-0i88_Q0YHQOCGZiUg3Vq-rnzqVKOpk49ZWdGmE9_L7T0bQ&amp;csui=3\" data-ved=\"2ahUKEwiO5_jzobWTAxWa0gIHHSmRKTIQgK4QegQIAxAB\" data-hveid=\"CAMQAQ\" data-processed=\"true\">idealismo<\/a><\/span>, el\u00a0<span data-sfc-root=\"c\" data-wiz-uids=\"koeh2b_q\" data-sfc-cb=\"\" data-processed=\"true\"><a class=\"GI370e\" href=\"https:\/\/www.google.com\/search?newwindow=1&amp;sca_esv=4bfe17d685cba599&amp;rlz=1C1FHFK_enES1150ES1150&amp;sxsrf=ANbL-n49EMl6N8WGd0AOE5UX2mjhmF7OXA%3A1774242897200&amp;q=budismo&amp;source=lnms&amp;fbs=ADc_l-bpk8W4E-qsVlOvbGJcDwpn60DczFdcvPnuv8WQohHLTaMb_WtLz8zQ41bNqiqMK_0GCDA2eBSrpJajLJh54y7Ka_fZmZdIImwWyyM7ZWAvyspUZ3x5aepQ7hyq_HxsZ_T4LDZzn_qr_H_0tfH1wCb3eMHdMF3f8AX3KmtRM-hdLEC_HcErrwB1UjwS3nOO7MpyJKl7by79KIlA34mPTGSII9BaCQ&amp;sa=X&amp;ved=2ahUKEwiO5_jzobWTAxWa0gIHHSmRKTIQgK4QegQIAxAC&amp;biw=828&amp;bih=300&amp;dpr=2.32&amp;mstk=AUtExfAKowwCFfcBUKJEsfnsaHV19wqdiJYrFdeJFUFncjwB0e-M-zurQzeHvdKa_IbABzxmVrg0exElePyLgm4qp96U8G8HSkDQ2APM6rLBFzJ9j2V8EIDgxwlO6Ss6-wGCPqnwT4nPEcc-9DCOY5kFK1Te-qxsjGA9sXVUHSEJ9lK70-sIvInKU8FAFS5RxXy3nmdD93FF0lWTgYCIzkagNY-I-QSxj9yQnf5KOCgGI4pkUUFwWAUT7WLHlmI1E7V3Vo0_XvqhCf0uyx0y0sc-0i88_Q0YHQOCGZiUg3Vq-rnzqVKOpk49ZWdGmE9_L7T0bQ&amp;csui=3\" data-ved=\"2ahUKEwiO5_jzobWTAxWa0gIHHSmRKTIQgK4QegQIAxAC\" data-hveid=\"CAMQAg\" data-processed=\"true\">budismo<\/a><\/span>\u00a0(con el concepto de\u00a0<em class=\"eujQNb\" data-sfc-root=\"c\" data-sfc-cb=\"\" data-processed=\"true\">Maya<\/em>\u00a0o ilusi\u00f3n) o la\u00a0<span data-sfc-root=\"c\" data-wiz-uids=\"koeh2b_t\" data-sfc-cb=\"\" data-processed=\"true\"><a class=\"GI370e\" href=\"https:\/\/www.google.com\/search?newwindow=1&amp;sca_esv=4bfe17d685cba599&amp;rlz=1C1FHFK_enES1150ES1150&amp;sxsrf=ANbL-n49EMl6N8WGd0AOE5UX2mjhmF7OXA%3A1774242897200&amp;q=hip%C3%B3tesis+de+la+simulaci%C3%B3n&amp;source=lnms&amp;fbs=ADc_l-bpk8W4E-qsVlOvbGJcDwpn60DczFdcvPnuv8WQohHLTaMb_WtLz8zQ41bNqiqMK_0GCDA2eBSrpJajLJh54y7Ka_fZmZdIImwWyyM7ZWAvyspUZ3x5aepQ7hyq_HxsZ_T4LDZzn_qr_H_0tfH1wCb3eMHdMF3f8AX3KmtRM-hdLEC_HcErrwB1UjwS3nOO7MpyJKl7by79KIlA34mPTGSII9BaCQ&amp;sa=X&amp;ved=2ahUKEwiO5_jzobWTAxWa0gIHHSmRKTIQgK4QegQIAxAD&amp;biw=828&amp;bih=300&amp;dpr=2.32&amp;mstk=AUtExfAKowwCFfcBUKJEsfnsaHV19wqdiJYrFdeJFUFncjwB0e-M-zurQzeHvdKa_IbABzxmVrg0exElePyLgm4qp96U8G8HSkDQ2APM6rLBFzJ9j2V8EIDgxwlO6Ss6-wGCPqnwT4nPEcc-9DCOY5kFK1Te-qxsjGA9sXVUHSEJ9lK70-sIvInKU8FAFS5RxXy3nmdD93FF0lWTgYCIzkagNY-I-QSxj9yQnf5KOCgGI4pkUUFwWAUT7WLHlmI1E7V3Vo0_XvqhCf0uyx0y0sc-0i88_Q0YHQOCGZiUg3Vq-rnzqVKOpk49ZWdGmE9_L7T0bQ&amp;csui=3\" data-ved=\"2ahUKEwiO5_jzobWTAxWa0gIHHSmRKTIQgK4QegQIAxAD\" data-hveid=\"CAMQAw\" data-processed=\"true\">hip\u00f3tesis de la simulaci\u00f3n<\/a><\/span>, la realidad material no es la \u00faltima verdad. Se considera que el mundo f\u00edsico es una &#8220;proyecci\u00f3n&#8221;, una &#8220;estructura de informaci\u00f3n&#8221; o una experiencia generada por una conciencia, lo que algunos equiparan a una realidad virtual o una construcci\u00f3n mental.<\/span><\/li>\n<li class=\"dF3vjf\" style=\"text-align: justify;\" data-sfc-root=\"c\" data-sfc-cb=\"\" data-hveid=\"CAMQBA\" data-processed=\"true\"><span class=\"T286Pc\" data-sfc-cp=\"\" data-sfc-root=\"c\" data-sfc-cb=\"\" data-processed=\"true\"><strong class=\"Yjhzub\" data-sfc-root=\"c\" data-sfc-cb=\"\" data-processed=\"true\">\u00bfAgarrarnos a la Metaf\u00edsica?<\/strong>\u00a0Si la materia no es lo fundamental, la\u00a0<span data-sfc-root=\"c\" data-wiz-uids=\"koeh2b_y\" data-sfc-cb=\"\" data-processed=\"true\"><a class=\"GI370e\" href=\"https:\/\/www.google.com\/search?newwindow=1&amp;sca_esv=4bfe17d685cba599&amp;rlz=1C1FHFK_enES1150ES1150&amp;sxsrf=ANbL-n49EMl6N8WGd0AOE5UX2mjhmF7OXA%3A1774242897200&amp;q=Metaf%C3%ADsica&amp;source=lnms&amp;fbs=ADc_l-bpk8W4E-qsVlOvbGJcDwpn60DczFdcvPnuv8WQohHLTaMb_WtLz8zQ41bNqiqMK_0GCDA2eBSrpJajLJh54y7Ka_fZmZdIImwWyyM7ZWAvyspUZ3x5aepQ7hyq_HxsZ_T4LDZzn_qr_H_0tfH1wCb3eMHdMF3f8AX3KmtRM-hdLEC_HcErrwB1UjwS3nOO7MpyJKl7by79KIlA34mPTGSII9BaCQ&amp;sa=X&amp;ved=2ahUKEwiO5_jzobWTAxWa0gIHHSmRKTIQgK4QegQIAxAF&amp;biw=828&amp;bih=300&amp;dpr=2.32&amp;mstk=AUtExfAKowwCFfcBUKJEsfnsaHV19wqdiJYrFdeJFUFncjwB0e-M-zurQzeHvdKa_IbABzxmVrg0exElePyLgm4qp96U8G8HSkDQ2APM6rLBFzJ9j2V8EIDgxwlO6Ss6-wGCPqnwT4nPEcc-9DCOY5kFK1Te-qxsjGA9sXVUHSEJ9lK70-sIvInKU8FAFS5RxXy3nmdD93FF0lWTgYCIzkagNY-I-QSxj9yQnf5KOCgGI4pkUUFwWAUT7WLHlmI1E7V3Vo0_XvqhCf0uyx0y0sc-0i88_Q0YHQOCGZiUg3Vq-rnzqVKOpk49ZWdGmE9_L7T0bQ&amp;csui=3\" data-ved=\"2ahUKEwiO5_jzobWTAxWa0gIHHSmRKTIQgK4QegQIAxAF\" data-hveid=\"CAMQBQ\" data-processed=\"true\">Metaf\u00edsica<\/a><\/span>\u00a0\u2014que estudia el ser en cuanto ser, m\u00e1s all\u00e1 de lo f\u00edsico\u2014 no es solo \u00fatil, sino necesaria. No implica abandonar la filosof\u00eda, sino profundizar en la rama que cuestiona la naturaleza \u00faltima de lo real.<\/span><\/li>\n<li class=\"dF3vjf\" style=\"text-align: justify;\" data-sfc-root=\"c\" data-sfc-cb=\"\" data-hveid=\"CAMQBg\" data-processed=\"true\"><span class=\"T286Pc\" data-sfc-cp=\"\" data-sfc-root=\"c\" data-sfc-cb=\"\" data-processed=\"true\"><strong class=\"Yjhzub\" data-sfc-root=\"c\" data-sfc-cb=\"\" data-processed=\"true\">\u00bfSer\u00e1 el Ser solo Mente y Conciencia?<\/strong>\u00a0Fil\u00f3sofos como\u00a0<span data-sfc-root=\"c\" data-wiz-uids=\"koeh2b_13\" data-sfc-cb=\"\" data-processed=\"true\"><a class=\"GI370e\" href=\"https:\/\/www.google.com\/search?newwindow=1&amp;sca_esv=4bfe17d685cba599&amp;rlz=1C1FHFK_enES1150ES1150&amp;sxsrf=ANbL-n49EMl6N8WGd0AOE5UX2mjhmF7OXA%3A1774242897200&amp;q=Descartes&amp;source=lnms&amp;fbs=ADc_l-bpk8W4E-qsVlOvbGJcDwpn60DczFdcvPnuv8WQohHLTaMb_WtLz8zQ41bNqiqMK_0GCDA2eBSrpJajLJh54y7Ka_fZmZdIImwWyyM7ZWAvyspUZ3x5aepQ7hyq_HxsZ_T4LDZzn_qr_H_0tfH1wCb3eMHdMF3f8AX3KmtRM-hdLEC_HcErrwB1UjwS3nOO7MpyJKl7by79KIlA34mPTGSII9BaCQ&amp;sa=X&amp;ved=2ahUKEwiO5_jzobWTAxWa0gIHHSmRKTIQgK4QegQIAxAH&amp;biw=828&amp;bih=300&amp;dpr=2.32&amp;mstk=AUtExfAKowwCFfcBUKJEsfnsaHV19wqdiJYrFdeJFUFncjwB0e-M-zurQzeHvdKa_IbABzxmVrg0exElePyLgm4qp96U8G8HSkDQ2APM6rLBFzJ9j2V8EIDgxwlO6Ss6-wGCPqnwT4nPEcc-9DCOY5kFK1Te-qxsjGA9sXVUHSEJ9lK70-sIvInKU8FAFS5RxXy3nmdD93FF0lWTgYCIzkagNY-I-QSxj9yQnf5KOCgGI4pkUUFwWAUT7WLHlmI1E7V3Vo0_XvqhCf0uyx0y0sc-0i88_Q0YHQOCGZiUg3Vq-rnzqVKOpk49ZWdGmE9_L7T0bQ&amp;csui=3\" data-ved=\"2ahUKEwiO5_jzobWTAxWa0gIHHSmRKTIQgK4QegQIAxAH\" data-hveid=\"CAMQBw\" data-processed=\"true\">Descartes<\/a><\/span>\u00a0(&#8220;Pienso, luego existo&#8221;) se\u00f1alaron que la \u00fanica certeza es la conciencia. Si la realidad es una construcci\u00f3n mental, la Conciencia o la\u00a0<span data-sfc-root=\"c\" data-wiz-uids=\"koeh2b_15\" data-sfc-cb=\"\" data-processed=\"true\"><a class=\"GI370e\" href=\"https:\/\/www.google.com\/search?newwindow=1&amp;sca_esv=4bfe17d685cba599&amp;rlz=1C1FHFK_enES1150ES1150&amp;sxsrf=ANbL-n49EMl6N8WGd0AOE5UX2mjhmF7OXA%3A1774242897200&amp;q=Mente+Universal&amp;source=lnms&amp;fbs=ADc_l-bpk8W4E-qsVlOvbGJcDwpn60DczFdcvPnuv8WQohHLTaMb_WtLz8zQ41bNqiqMK_0GCDA2eBSrpJajLJh54y7Ka_fZmZdIImwWyyM7ZWAvyspUZ3x5aepQ7hyq_HxsZ_T4LDZzn_qr_H_0tfH1wCb3eMHdMF3f8AX3KmtRM-hdLEC_HcErrwB1UjwS3nOO7MpyJKl7by79KIlA34mPTGSII9BaCQ&amp;sa=X&amp;ved=2ahUKEwiO5_jzobWTAxWa0gIHHSmRKTIQgK4QegQIAxAI&amp;biw=828&amp;bih=300&amp;dpr=2.32&amp;mstk=AUtExfAKowwCFfcBUKJEsfnsaHV19wqdiJYrFdeJFUFncjwB0e-M-zurQzeHvdKa_IbABzxmVrg0exElePyLgm4qp96U8G8HSkDQ2APM6rLBFzJ9j2V8EIDgxwlO6Ss6-wGCPqnwT4nPEcc-9DCOY5kFK1Te-qxsjGA9sXVUHSEJ9lK70-sIvInKU8FAFS5RxXy3nmdD93FF0lWTgYCIzkagNY-I-QSxj9yQnf5KOCgGI4pkUUFwWAUT7WLHlmI1E7V3Vo0_XvqhCf0uyx0y0sc-0i88_Q0YHQOCGZiUg3Vq-rnzqVKOpk49ZWdGmE9_L7T0bQ&amp;csui=3\" data-ved=\"2ahUKEwiO5_jzobWTAxWa0gIHHSmRKTIQgK4QegQIAxAI\" data-hveid=\"CAMQCA\" data-processed=\"true\">Mente Universal<\/a><\/span>\u00a0se considera el fundamento del Ser.<\/span><\/li>\n<li class=\"dF3vjf\" style=\"text-align: justify;\" data-sfc-root=\"c\" data-sfc-cb=\"\" data-hveid=\"CAMQCQ\" data-processed=\"true\"><span class=\"T286Pc\" data-sfc-cp=\"\" data-sfc-root=\"c\" data-sfc-cb=\"\" data-processed=\"true\"><strong class=\"Yjhzub\" data-sfc-root=\"c\" data-sfc-cb=\"\" data-processed=\"true\">\u00bfC\u00f3mo podemos tocar y sentir?<\/strong>\u00a0Que la materia no exista de forma sustancial no significa que las experiencias sean falsas. El\u00a0<span data-sfc-root=\"c\" data-wiz-uids=\"koeh2b_1a\" data-sfc-cb=\"\" data-processed=\"true\"><a class=\"GI370e\" href=\"https:\/\/www.google.com\/search?newwindow=1&amp;sca_esv=4bfe17d685cba599&amp;rlz=1C1FHFK_enES1150ES1150&amp;sxsrf=ANbL-n49EMl6N8WGd0AOE5UX2mjhmF7OXA%3A1774242897200&amp;q=acto+de+tocar+y+sentir&amp;source=lnms&amp;fbs=ADc_l-bpk8W4E-qsVlOvbGJcDwpn60DczFdcvPnuv8WQohHLTaMb_WtLz8zQ41bNqiqMK_0GCDA2eBSrpJajLJh54y7Ka_fZmZdIImwWyyM7ZWAvyspUZ3x5aepQ7hyq_HxsZ_T4LDZzn_qr_H_0tfH1wCb3eMHdMF3f8AX3KmtRM-hdLEC_HcErrwB1UjwS3nOO7MpyJKl7by79KIlA34mPTGSII9BaCQ&amp;sa=X&amp;ved=2ahUKEwiO5_jzobWTAxWa0gIHHSmRKTIQgK4QegQIAxAK&amp;biw=828&amp;bih=300&amp;dpr=2.32&amp;mstk=AUtExfAKowwCFfcBUKJEsfnsaHV19wqdiJYrFdeJFUFncjwB0e-M-zurQzeHvdKa_IbABzxmVrg0exElePyLgm4qp96U8G8HSkDQ2APM6rLBFzJ9j2V8EIDgxwlO6Ss6-wGCPqnwT4nPEcc-9DCOY5kFK1Te-qxsjGA9sXVUHSEJ9lK70-sIvInKU8FAFS5RxXy3nmdD93FF0lWTgYCIzkagNY-I-QSxj9yQnf5KOCgGI4pkUUFwWAUT7WLHlmI1E7V3Vo0_XvqhCf0uyx0y0sc-0i88_Q0YHQOCGZiUg3Vq-rnzqVKOpk49ZWdGmE9_L7T0bQ&amp;csui=3\" data-ved=\"2ahUKEwiO5_jzobWTAxWa0gIHHSmRKTIQgK4QegQIAxAK\" data-hveid=\"CAMQCg\" data-processed=\"true\">acto de tocar y sentir<\/a><\/span>\u00a0es una\u00a0<strong class=\"Yjhzub\" data-sfc-root=\"c\" data-sfc-cb=\"\" data-processed=\"true\">experiencia de conciencia<\/strong>. Es decir, la mente interpreta se\u00f1ales (ya sean el\u00e9ctricas, nerviosas o de otro tipo) y las traduce en sensaciones de solidez. Sentir es real; la &#8220;materia&#8221; que produce la sensaci\u00f3n es lo que resulta ser una proyecci\u00f3n mental.<\/span><span class=\"uJ19be notranslate\" data-sfc-root=\"c\" data-wiz-uids=\"koeh2b_1d,koeh2b_1e\" data-sfc-cb=\"\" data-processed=\"true\"><span class=\"vKEkVd\" data-animation-atomic=\"\" data-wiz-attrbind=\"class=koeh2b_1c\/TKHnVd\" data-processed=\"true\"><span aria-hidden=\"true\" data-processed=\"true\">\u00a0<\/span><\/span><\/span>\n<div class=\"Fwa2Od\" data-animation-skip=\"\" data-sfc-root=\"c\" data-sfc-cb=\"\" data-ved=\"2ahUKEwiO5_jzobWTAxWa0gIHHSmRKTIQ3s0SegQIAxAM\" data-processed=\"true\"><\/div>\n<\/li>\n<\/ul>\n<p><img decoding=\"async\" loading=\"lazy\" class=\"\" src=\"https:\/\/biblioteca.acropolis.org\/wp-content\/uploads\/2019\/01\/poder-mente.jpg\" alt=\"El poder de la mente sobre la materia - Biblioteca de Nueva Acr\u00f3polis\" width=\"623\" height=\"415\" \/><\/p>\n<p>&nbsp;<\/p>\n<div class=\"Y3BBE\" style=\"text-align: justify;\" data-sfc-cp=\"\" data-sfc-root=\"c\" data-sfc-cb=\"\" data-hveid=\"CAQQAA\" data-processed=\"true\">En resumen: La &#8220;materia&#8221; es la apariencia; la conciencia\/ser es la realidad. Tocamos y sentimos porque somos observadores experimentando una narrativa, no porque existan &#8220;cosas&#8221; s\u00f3lidas fuera de la mente.<span class=\"uJ19be notranslate\" data-sfc-root=\"c\" data-wiz-uids=\"koeh2b_1m,koeh2b_1n\" data-sfc-cb=\"\" data-processed=\"true\"><span class=\"vKEkVd\" data-animation-atomic=\"\" data-wiz-attrbind=\"class=koeh2b_1l\/TKHnVd\" data-processed=\"true\"><span aria-hidden=\"true\" data-processed=\"true\">\u00a0<\/span><\/span><\/span><\/div>\n<div data-sfc-cp=\"\" data-sfc-root=\"c\" data-sfc-cb=\"\" data-hveid=\"CAQQAA\" data-processed=\"true\"><\/div>\n<div style=\"text-align: justify;\" data-sfc-cp=\"\" data-sfc-root=\"c\" data-sfc-cb=\"\" data-hveid=\"CAQQAA\" data-processed=\"true\">La idea de que la materia es solo una apariencia (o una manifestaci\u00f3n superficial) y que la\u00a0<span data-sfc-root=\"c\" data-wiz-uids=\"El0rie_b\" data-sfc-cb=\"\" data-processed=\"true\"><a class=\"GI370e\" href=\"https:\/\/www.google.com\/search?q=mente+o+la+conciencia&amp;rlz=1C1FHFK_enES1150ES1150&amp;oq=La+materia+es+la+apariencia+pero%2C+lo+fundamental+4es...+%C2%BFla+Mente%2C+La+Conciencia%21&amp;gs_lcrp=EgZjaHJvbWUyBggAEEUYOdIBCTIwODcxajBqOagCBrACAfEF93rDTW9Sfv8&amp;sourceid=chrome&amp;ie=UTF-8&amp;mstk=AUtExfCFT-j0P3-R_9HjAwapHuW8KiZk_yQbt5RakWc3DdRGpODJyVKJSsKPtaYphdJu6pXXJEAlUFWl35avmG8PEGNCLTlmR0DtNjsbBDBCbBBP5LPEp_ivz9gAxrELv0AU7fjrY_AFqcsSTL7mxFpYxdVNsJDwjSkcHNixYCOHVBfzDHbxnQ0kjhp-sx23SQZqKj0aFcTI6-5K6XqrjAl7xXGIUBHgVXnRTZcWbkCguk6xJdapjKpLlz8YvcjQYwWD8QHU8FOKjXxoJHoXjJoRWB0P4pYG8qY4sSh1qDhtkO23nMjdvmq3YjdFMA8jaYRta5K20nQtk1YHlE8Bn6cUG4cVT_cy2cC6CtBAjtswBaxSeJLFpS0--qlej4ohj6Fp0Pb4xIfPLZkTI_M_-2YrEdU9afPzxxCihE0AyCuO9NA&amp;csui=3&amp;ved=2ahUKEwiw-f6xo7WTAxWWVqQEHXeaKCQQgK4QegQIARAB\" data-ved=\"2ahUKEwiw-f6xo7WTAxWWVqQEHXeaKCQQgK4QegQIARAB\" data-hveid=\"CAEQAQ\" data-processed=\"true\">mente o la conciencia<\/a><\/span>\u00a0son lo fundamental es una postura central en varias corrientes filos\u00f3ficas y m\u00edsticas, conocida com\u00fanmente como\u00a0<strong class=\"Yjhzub\" data-sfc-root=\"c\" data-sfc-cb=\"\" data-processed=\"true\">idealismo<\/strong>\u00a0o, en su forma extrema,\u00a0<span data-sfc-root=\"c\" data-wiz-uids=\"El0rie_e\" data-sfc-cb=\"\" data-processed=\"true\"><a class=\"GI370e\" href=\"https:\/\/www.google.com\/search?q=monismo+idealista&amp;rlz=1C1FHFK_enES1150ES1150&amp;oq=La+materia+es+la+apariencia+pero%2C+lo+fundamental+4es...+%C2%BFla+Mente%2C+La+Conciencia%21&amp;gs_lcrp=EgZjaHJvbWUyBggAEEUYOdIBCTIwODcxajBqOagCBrACAfEF93rDTW9Sfv8&amp;sourceid=chrome&amp;ie=UTF-8&amp;mstk=AUtExfCFT-j0P3-R_9HjAwapHuW8KiZk_yQbt5RakWc3DdRGpODJyVKJSsKPtaYphdJu6pXXJEAlUFWl35avmG8PEGNCLTlmR0DtNjsbBDBCbBBP5LPEp_ivz9gAxrELv0AU7fjrY_AFqcsSTL7mxFpYxdVNsJDwjSkcHNixYCOHVBfzDHbxnQ0kjhp-sx23SQZqKj0aFcTI6-5K6XqrjAl7xXGIUBHgVXnRTZcWbkCguk6xJdapjKpLlz8YvcjQYwWD8QHU8FOKjXxoJHoXjJoRWB0P4pYG8qY4sSh1qDhtkO23nMjdvmq3YjdFMA8jaYRta5K20nQtk1YHlE8Bn6cUG4cVT_cy2cC6CtBAjtswBaxSeJLFpS0--qlej4ohj6Fp0Pb4xIfPLZkTI_M_-2YrEdU9afPzxxCihE0AyCuO9NA&amp;csui=3&amp;ved=2ahUKEwiw-f6xo7WTAxWWVqQEHXeaKCQQgK4QegQIARAC\" data-ved=\"2ahUKEwiw-f6xo7WTAxWWVqQEHXeaKCQQgK4QegQIARAC\" data-hveid=\"CAEQAg\" data-processed=\"true\">monismo idealista<\/a><\/span>.<span class=\"uJ19be notranslate\" data-sfc-root=\"c\" data-wiz-uids=\"El0rie_g,El0rie_h\" data-sfc-cb=\"\" data-processed=\"true\"><span class=\"vKEkVd\" data-animation-atomic=\"\" data-wiz-attrbind=\"class=El0rie_f\/TKHnVd\" data-processed=\"true\"><span aria-hidden=\"true\" data-processed=\"true\">\u00a0<\/span><\/span><\/span><\/div>\n<div data-sfc-cp=\"\" data-sfc-root=\"c\" data-sfc-cb=\"\" data-hveid=\"CAQQAA\" data-processed=\"true\"><\/div>\n<div style=\"text-align: justify;\" data-sfc-cp=\"\" data-sfc-root=\"c\" data-sfc-cb=\"\" data-hveid=\"CAQQAA\" data-processed=\"true\">Lo cierto es que, los problemas de la vida cotidiana, no nos dejan ver lo que tenenos a nivel individual y tampoco, lo que existe a nuestro alrededor: El trabajo, la hipoteca, los estudios de los hijos y su duturo, el novio de la ni\u00f1a no acaba de gustarnos&#8230; Y, tambi\u00e9n tenemos la falta de mirar al de al lado: El vecino se ha comprado un coche nuevo, \u00bfHas visto a la ni\u00f1a del tercero como vest\u00eda ayer tarde?&#8230;.<\/div>\n<div data-sfc-cp=\"\" data-sfc-root=\"c\" data-sfc-cb=\"\" data-hveid=\"CAQQAA\" data-processed=\"true\"><\/div>\n<div data-sfc-cp=\"\" data-sfc-root=\"c\" data-sfc-cb=\"\" data-hveid=\"CAQQAA\" data-processed=\"true\">No tenemos remnedio.<\/div>\n<div data-sfc-cp=\"\" data-sfc-root=\"c\" data-sfc-cb=\"\" data-hveid=\"CAQQAA\" data-processed=\"true\"><\/div>\n<blockquote>\n<div data-sfc-cp=\"\" data-sfc-root=\"c\" data-sfc-cb=\"\" data-hveid=\"CAQQAA\" data-processed=\"true\"><strong>Emilio silvera V.<\/strong><\/div>\n<\/blockquote>\n<div class='bookmark'>\r\n\t\t<table align='left' border='0' cellpadding='0' width='100%'>\r\n\t\t<tr><td><span class='pushbutton'><a href='http:\/\/delicious.com\/post?url=http%3A%2F%2Fwww.emiliosilveravazquez.com%2Fblog%2F2026%2F03%2F23%2Fla-conciencia-que-sera-la-conciencia%2F&amp;title=%C2%BFLa+Conciencia%3F+%C2%BFQu%C3%A9+ser%C3%A1+la+Conciencia%3F' title='Delicious' target='_blank' rel='nofollow'><img src='http:\/\/www.emiliosilveravazquez.com\/blog\/wp-content\/plugins\/knxdt-bookmarks-wordpress-plugin\/images\/delicious.png'  alt='' class='book_img' border='none' style='margin:1px; padding: 0;'  \/><\/a><\/span><span class='pushbutton'><a href='http:\/\/digg.com\/submit?url=http%3A%2F%2Fwww.emiliosilveravazquez.com%2Fblog%2F2026%2F03%2F23%2Fla-conciencia-que-sera-la-conciencia%2F&amp;title=%C2%BFLa+Conciencia%3F+%C2%BFQu%C3%A9+ser%C3%A1+la+Conciencia%3F' title='Digg' target='_blank' rel='nofollow'><img src='http:\/\/www.emiliosilveravazquez.com\/blog\/wp-content\/plugins\/knxdt-bookmarks-wordpress-plugin\/images\/digg.png'  alt='' class='book_img' border='none' style='margin:1px; padding: 0;'  \/><\/a><\/span><span class='pushbutton'><a href='http:\/\/www.google.com\/bookmarks\/mark?op=edit&amp;bkmk=http%3A%2F%2Fwww.emiliosilveravazquez.com%2Fblog%2F2026%2F03%2F23%2Fla-conciencia-que-sera-la-conciencia%2F&amp;title=%C2%BFLa+Conciencia%3F+%C2%BFQu%C3%A9+ser%C3%A1+la+Conciencia%3F' title='Google' target='_blank' rel='nofollow'><img src='http:\/\/www.emiliosilveravazquez.com\/blog\/wp-content\/plugins\/knxdt-bookmarks-wordpress-plugin\/images\/google.png'   alt='' class='book_img' border='none' style='margin:1px; padding: 0;'  \/><\/a><\/span><span class='pushbutton'><a href='http:\/\/myweb2.search.yahoo.com\/myresults\/bookmarklet?u=http%3A%2F%2Fwww.emiliosilveravazquez.com%2Fblog%2F2026%2F03%2F23%2Fla-conciencia-que-sera-la-conciencia%2F&amp;t=%C2%BFLa+Conciencia%3F+%C2%BFQu%C3%A9+ser%C3%A1+la+Conciencia%3F' title='Yahoo' target='_blank' rel='nofollow'><img src='http:\/\/www.emiliosilveravazquez.com\/blog\/wp-content\/plugins\/knxdt-bookmarks-wordpress-plugin\/images\/yahoo.png'  alt='' class='book_img' border='none' style='margin:1px; padding: 0;'  \/><\/a><\/span><span class='pushbutton'><a href='http:\/\/www.technorati.com\/faves?add=http%3A%2F%2Fwww.emiliosilveravazquez.com%2Fblog%2F2026%2F03%2F23%2Fla-conciencia-que-sera-la-conciencia%2F' title='Technorati' target='_blank' rel='nofollow'><img src='http:\/\/www.emiliosilveravazquez.com\/blog\/wp-content\/plugins\/knxdt-bookmarks-wordpress-plugin\/images\/technorati.png'  alt='' class='book_img' border='none' style='margin:1px; padding: 0;'  \/><\/a><\/span><span class='pushbutton'><a href='http:\/\/meneame.net\/submit.php?url=http%3A%2F%2Fwww.emiliosilveravazquez.com%2Fblog%2F2026%2F03%2F23%2Fla-conciencia-que-sera-la-conciencia%2F' title='Meneame' target='_blank' rel='nofollow'><img src='http:\/\/www.emiliosilveravazquez.com\/blog\/wp-content\/plugins\/knxdt-bookmarks-wordpress-plugin\/images\/meneame.png'  alt='' class='book_img' border='none' style='margin:1px; padding: 0;'  \/><\/a><\/span><span class='pushbutton'><a href='http:\/\/enchilame.com\/submit.php?url=http:\/\/www.emiliosilveravazquez.com\/blog\/2026\/03\/23\/la-conciencia-que-sera-la-conciencia\/' target='_blank' rel='nofollow'><img title='Enchilame' src='http:\/\/www.emiliosilveravazquez.com\/blog\/wp-content\/plugins\/knxdt-bookmarks-wordpress-plugin\/images\/enchilame.png'  alt='' class='book_img' border='none' style='margin:1px; padding: 0;'  \/><\/a><\/span><span class='pushbutton'><a href='http:\/\/www.blinklist.com\/index.php?Action=Blink\/addblink.php&amp;Description=&amp;Url=http%3A%2F%2Fwww.emiliosilveravazquez.com%2Fblog%2F2026%2F03%2F23%2Fla-conciencia-que-sera-la-conciencia%2F&amp;title=%C2%BFLa+Conciencia%3F+%C2%BFQu%C3%A9+ser%C3%A1+la+Conciencia%3F' title='BlinkList' target='_blank' rel='nofollow'><img src='http:\/\/www.emiliosilveravazquez.com\/blog\/wp-content\/plugins\/knxdt-bookmarks-wordpress-plugin\/images\/blinklist.png'  alt='' class='book_img' border='none' style='margin:1px; padding: 0;'  \/><\/a><\/span><span class='pushbutton'><a href='http:\/\/reddit.com\/submit?url=http%3A%2F%2Fwww.emiliosilveravazquez.com%2Fblog%2F2026%2F03%2F23%2Fla-conciencia-que-sera-la-conciencia%2F&amp;title=%C2%BFLa+Conciencia%3F+%C2%BFQu%C3%A9+ser%C3%A1+la+Conciencia%3F' title='Reddit' target='_blank' rel='nofollow'><img src='http:\/\/www.emiliosilveravazquez.com\/blog\/wp-content\/plugins\/knxdt-bookmarks-wordpress-plugin\/images\/reddit.png'  alt='' class='book_img' border='none' style='margin:1px; padding: 0;'  \/><\/a><\/span><span class='pushbutton'><a href='http:\/\/www.tecnologiadiaria.com\/2009\/07\/abrir-com-hotmail-correo.html' target='_blank' title='hotmail'><img src='http:\/\/www.emiliosilveravazquez.com\/blog\/wp-content\/plugins\/knxdt-bookmarks-wordpress-plugin\/images\/linklove.png' alt='hotmail correo' class='book_img' border='none' style='margin:1px; padding: 0;' \/><\/a><\/span><span class='pushbutton'><a href='http:\/\/bitacoras.com\/votar\/anotacion\/externo\/mini\/www.emiliosilveravazquez.com\/blog\/2026\/03\/23\/la-conciencia-que-sera-la-conciencia\/' title='Bitacoras.com' target='_blank' rel='nofollow'><img src='http:\/\/www.emiliosilveravazquez.com\/blog\/wp-content\/plugins\/knxdt-bookmarks-wordpress-plugin\/images\/bitacoras.png'  alt='' class='book_img' border='none' style='margin:1px; padding: 0;'  \/><\/a><\/span><span class='pushbutton'><a href='http:\/\/www.wikio.es\/vote?url=http%3A%2F%2Fwww.emiliosilveravazquez.com%2Fblog%2F2026%2F03%2F23%2Fla-conciencia-que-sera-la-conciencia%2F' title='Wikio' target='_blank' rel='nofollow'><img src='http:\/\/www.emiliosilveravazquez.com\/blog\/wp-content\/plugins\/knxdt-bookmarks-wordpress-plugin\/images\/wikio.png'   alt='' class='book_img' border='none' style='margin:1px; padding: 0;'   \/><\/a><\/span><span class='pushbutton'><a href='http:\/\/friendfeed.com\/?url=http%3A%2F%2Fwww.emiliosilveravazquez.com%2Fblog%2F2026%2F03%2F23%2Fla-conciencia-que-sera-la-conciencia%2F&amp;title=%C2%BFLa+Conciencia%3F+%C2%BFQu%C3%A9+ser%C3%A1+la+Conciencia%3F' title='Friend Feed' target='_blank' rel='nofollow'><img src='http:\/\/www.emiliosilveravazquez.com\/blog\/wp-content\/plugins\/knxdt-bookmarks-wordpress-plugin\/images\/friendfeed.png'  alt='' class='book_img' border='none' style='margin:1px; padding: 0;'  \/><\/a><\/span><span class='pushbutton'><a href='http:\/\/www.facebook.com\/share.php?u=http%3A%2F%2Fwww.emiliosilveravazquez.com%2Fblog%2F2026%2F03%2F23%2Fla-conciencia-que-sera-la-conciencia%2F&amp;t=%C2%BFLa+Conciencia%3F+%C2%BFQu%C3%A9+ser%C3%A1+la+Conciencia%3F' title='Facebook' target='_blank' rel='nofollow'><img src='http:\/\/www.emiliosilveravazquez.com\/blog\/wp-content\/plugins\/knxdt-bookmarks-wordpress-plugin\/images\/facebook.png'  alt='' class='book_img' border='none' style='margin:1px; padding: 0;'  \/><\/a><\/span><span class='pushbutton'><a href='http:\/\/twitter.com\/home?status=%C2%BFLa+Conciencia%3F+%C2%BFQu%C3%A9+ser%C3%A1+la+Conciencia%3F: http%3A%2F%2Fwww.emiliosilveravazquez.com%2Fblog%2F2026%2F03%2F23%2Fla-conciencia-que-sera-la-conciencia%2F' title='Twitter' target='_blank' rel='nofollow'><img src='http:\/\/www.emiliosilveravazquez.com\/blog\/wp-content\/plugins\/knxdt-bookmarks-wordpress-plugin\/images\/twitter.png'  alt='' class='book_img' border='none' style='margin:1px; padding: 0;'  \/><\/a><\/span><span class='pushbutton'><a href='http:\/\/www.feedburner.com\/fb\/a\/emailFlare?itemTitle=%C2%BFLa+Conciencia%3F+%C2%BFQu%C3%A9+ser%C3%A1+la+Conciencia%3F&amp;uri=http%3A%2F%2Fwww.emiliosilveravazquez.com%2Fblog%2F2026%2F03%2F23%2Fla-conciencia-que-sera-la-conciencia%2F' title='Enviar por Email' target='_blank' rel='nofollow'><img src='http:\/\/www.emiliosilveravazquez.com\/blog\/wp-content\/plugins\/knxdt-bookmarks-wordpress-plugin\/images\/email.png'  alt='' class='book_img' border='none' style='margin:1px; padding: 0;'  \/><\/a><\/span><span style='font-weight:bold; padding-left: 5px;'><a href='http:\/\/wordpress.org\/extend\/plugins\/knxdt-bookmarks-wordpress-plugin\/' title='Plugin' rel='nofollow' target='_blank'>[?]<\/a><\/span><\/td><\/tr><\/table><br\/><br\/><\/div>","protected":false},"excerpt":{"rendered":"<p>&nbsp; Si en &#8220;ella&#8221; la materia no existe&#8230; \u00bfEs todo virtual? \u00bfTendremos que dejar de lado hasta la m\u00e1s fina filosof\u00eda y agarrarnos a su rama m\u00e1s et\u00e9rea que llaman Metaf\u00edsica? Ser\u00e1 el Ser solo Mente y Conciencia? Entonces \u00bfC\u00f3mo podemos tocar y sentir? Lo cierto es que, si continuamos desarrollando el tema de la [&hellip;]<\/p>\n","protected":false},"author":2,"featured_media":0,"comment_status":"open","ping_status":"open","sticky":false,"template":"","format":"standard","meta":{"_s2mail":"","footnotes":""},"categories":[1],"tags":[],"_links":{"self":[{"href":"http:\/\/www.emiliosilveravazquez.com\/blog\/wp-json\/wp\/v2\/posts\/33066"}],"collection":[{"href":"http:\/\/www.emiliosilveravazquez.com\/blog\/wp-json\/wp\/v2\/posts"}],"about":[{"href":"http:\/\/www.emiliosilveravazquez.com\/blog\/wp-json\/wp\/v2\/types\/post"}],"author":[{"embeddable":true,"href":"http:\/\/www.emiliosilveravazquez.com\/blog\/wp-json\/wp\/v2\/users\/2"}],"replies":[{"embeddable":true,"href":"http:\/\/www.emiliosilveravazquez.com\/blog\/wp-json\/wp\/v2\/comments?post=33066"}],"version-history":[{"count":0,"href":"http:\/\/www.emiliosilveravazquez.com\/blog\/wp-json\/wp\/v2\/posts\/33066\/revisions"}],"wp:attachment":[{"href":"http:\/\/www.emiliosilveravazquez.com\/blog\/wp-json\/wp\/v2\/media?parent=33066"}],"wp:term":[{"taxonomy":"category","embeddable":true,"href":"http:\/\/www.emiliosilveravazquez.com\/blog\/wp-json\/wp\/v2\/categories?post=33066"},{"taxonomy":"post_tag","embeddable":true,"href":"http:\/\/www.emiliosilveravazquez.com\/blog\/wp-json\/wp\/v2\/tags?post=33066"}],"curies":[{"name":"wp","href":"https:\/\/api.w.org\/{rel}","templated":true}]}}