{"id":32594,"date":"2024-05-20T06:00:52","date_gmt":"2024-05-20T05:00:52","guid":{"rendered":"https:\/\/www.emiliosilveravazquez.com\/blog\/?p=32594"},"modified":"2024-05-19T22:46:54","modified_gmt":"2024-05-19T21:46:54","slug":"el-meteorito-que-ha-iluminado-el-cielo-de-espana-y-portugal","status":"publish","type":"post","link":"http:\/\/www.emiliosilveravazquez.com\/blog\/2024\/05\/20\/el-meteorito-que-ha-iluminado-el-cielo-de-espana-y-portugal\/","title":{"rendered":"El meteorito que ha iluminado el cielo de Espa\u00f1a y Portugal"},"content":{"rendered":"<p><span style=\"color: #ffffff;\">&#8212;&#8212;&#8212;&#8212;&#8212;-<\/span><img decoding=\"async\" loading=\"lazy\" class=\"alignnone  wp-image-32599\" src=\"http:\/\/www.emiliosilveravazquez.com\/blog\/wp-content\/uploads\/2024\/05\/b43d0b1d-aaa5-419e-b1cf-29f1a4d5ac7f_alta-libre-aspect-ratio_default_0-1.jpg\" alt=\"\" width=\"586\" height=\"330\" srcset=\"http:\/\/www.emiliosilveravazquez.com\/blog\/wp-content\/uploads\/2024\/05\/b43d0b1d-aaa5-419e-b1cf-29f1a4d5ac7f_alta-libre-aspect-ratio_default_0-1.jpg 1200w, http:\/\/www.emiliosilveravazquez.com\/blog\/wp-content\/uploads\/2024\/05\/b43d0b1d-aaa5-419e-b1cf-29f1a4d5ac7f_alta-libre-aspect-ratio_default_0-1-450x253.jpg 450w, http:\/\/www.emiliosilveravazquez.com\/blog\/wp-content\/uploads\/2024\/05\/b43d0b1d-aaa5-419e-b1cf-29f1a4d5ac7f_alta-libre-aspect-ratio_default_0-1-700x394.jpg 700w, http:\/\/www.emiliosilveravazquez.com\/blog\/wp-content\/uploads\/2024\/05\/b43d0b1d-aaa5-419e-b1cf-29f1a4d5ac7f_alta-libre-aspect-ratio_default_0-1-150x84.jpg 150w, http:\/\/www.emiliosilveravazquez.com\/blog\/wp-content\/uploads\/2024\/05\/b43d0b1d-aaa5-419e-b1cf-29f1a4d5ac7f_alta-libre-aspect-ratio_default_0-1-768x432.jpg 768w\" sizes=\"(max-width: 586px) 100vw, 586px\" \/><\/p>\n<p>&nbsp;<\/p>\n<p class=\"c-article-summary\">En una deslumbrante exhibici\u00f3n de luz y velocidad, una bola de fuego atraves\u00f3 el cielo nocturno de la Pen\u00ednsula Ib\u00e9rica, ti\u00f1endo la noche de azul. Este fen\u00f3meno lum\u00ednico y visual ocurri\u00f3 la noche del s\u00e1bado al domingo a las 22:46, fue causado por un objeto de origen cometario que entr\u00f3 en nuestra atm\u00f3sfera a una velocidad de 45 kil\u00f3metros por segundo.<\/p>\n<p>&nbsp;<\/p>\n<p><span style=\"color: #ffffff;\">&#8212;&#8212;&#8212;&#8212;&#8212;-<\/span><img decoding=\"async\" loading=\"lazy\" class=\"alignnone  wp-image-32600\" src=\"http:\/\/www.emiliosilveravazquez.com\/blog\/wp-content\/uploads\/2024\/05\/Meteorito-1.jpeg\" alt=\"\" width=\"596\" height=\"358\" srcset=\"http:\/\/www.emiliosilveravazquez.com\/blog\/wp-content\/uploads\/2024\/05\/Meteorito-1.jpeg 1250w, http:\/\/www.emiliosilveravazquez.com\/blog\/wp-content\/uploads\/2024\/05\/Meteorito-1-450x270.jpeg 450w, http:\/\/www.emiliosilveravazquez.com\/blog\/wp-content\/uploads\/2024\/05\/Meteorito-1-700x420.jpeg 700w, http:\/\/www.emiliosilveravazquez.com\/blog\/wp-content\/uploads\/2024\/05\/Meteorito-1-150x90.jpeg 150w, http:\/\/www.emiliosilveravazquez.com\/blog\/wp-content\/uploads\/2024\/05\/Meteorito-1-768x461.jpeg 768w\" sizes=\"(max-width: 596px) 100vw, 596px\" \/><\/p>\n<p>&nbsp;<\/p>\n<div id=\"poool-content\" class=\"c-article-content c-article-content--my-europe js-article-content poool-content\">\n<p>El\u00a0superb\u00f3lido\u00a0comenz\u00f3 su fase luminosa a unos 100 kil\u00f3metros sobre C\u00e1ceres y continu\u00f3 su trayectoria hasta aproximadamente 45 kil\u00f3metros al noroeste de Oporto.\u00a0Su paso fue\u00a0tan r\u00e1pido y brillante que super\u00f3 la luminosidad de la luna, iluminando la noche con un fogonazo que dur\u00f3 varios segundos y se pudo observar desde muchos puntos de la pen\u00ednsula ib\u00e9rica.<\/p>\n<\/div>\n<p>&nbsp;<\/p>\n<p><span style=\"color: #ffffff;\">&#8212;&#8212;&#8212;&#8212;&#8212;-<\/span><img decoding=\"async\" loading=\"lazy\" class=\"alignnone  wp-image-32601\" src=\"http:\/\/www.emiliosilveravazquez.com\/blog\/wp-content\/uploads\/2024\/05\/6649b678bcd74-1.jpeg\" alt=\"\" width=\"591\" height=\"290\" srcset=\"http:\/\/www.emiliosilveravazquez.com\/blog\/wp-content\/uploads\/2024\/05\/6649b678bcd74-1.jpeg 948w, http:\/\/www.emiliosilveravazquez.com\/blog\/wp-content\/uploads\/2024\/05\/6649b678bcd74-1-450x221.jpeg 450w, http:\/\/www.emiliosilveravazquez.com\/blog\/wp-content\/uploads\/2024\/05\/6649b678bcd74-1-700x343.jpeg 700w, http:\/\/www.emiliosilveravazquez.com\/blog\/wp-content\/uploads\/2024\/05\/6649b678bcd74-1-150x74.jpeg 150w, http:\/\/www.emiliosilveravazquez.com\/blog\/wp-content\/uploads\/2024\/05\/6649b678bcd74-1-768x377.jpeg 768w\" sizes=\"(max-width: 591px) 100vw, 591px\" \/><\/p>\n<p>&nbsp;<\/p>\n<p>Josep Mar\u00eda Trigo, astr\u00f3nomo del Instituto de Ciencias del Espacio del C<a href=\"#\" onclick=\"referencia('unidades del si',event); return false;\">SI<\/a>C, ha explicado que se trata de un superb\u00f3lido mete\u00f3rico, una roca de aproximadamente 20 a 30 cent\u00edmetros que toc\u00f3 la atm\u00f3sfera en una &#8220;trayectoria bastante rasante&#8221;. Este tipo de trayectoria es lo que hizo que el fen\u00f3meno fuera tan visible y espectacular a grandes distancias. A pesar de la preocupaci\u00f3n inicial, la atm\u00f3sfera terrestre protegi\u00f3 de un posible impacto, desintegrando el objeto antes de que pudiera causar da\u00f1o.<\/p>\n<div id=\"poool-content\" class=\"c-article-content c-article-content--my-europe js-article-content poool-content\">\n<p>El evento fue capturado por m\u00faltiples c\u00e1maras y observadores en toda Espa\u00f1a, desde Andaluc\u00eda hasta Galicia, y tambi\u00e9n en Portugal:<\/p>\n<\/div>\n<p><iframe loading=\"lazy\" title=\"El METEORITO que ha ILUMINADO el cielo de ESPA\u00d1A Y PORTUGAL\" width=\"500\" height=\"281\" src=\"https:\/\/www.youtube.com\/embed\/dQv1r7cDbnc?feature=oembed\" frameborder=\"0\" allow=\"accelerometer; autoplay; clipboard-write; encrypted-media; gyroscope; picture-in-picture; web-share\" referrerpolicy=\"strict-origin-when-cross-origin\" allowfullscreen><\/iframe><\/p>\n<p>&nbsp;<\/p>\n<p>&nbsp;<\/p>\n<p>&nbsp;<\/p>\n<div class='bookmark'>\r\n\t\t<table align='left' border='0' cellpadding='0' width='100%'>\r\n\t\t<tr><td><span class='pushbutton'><a href='http:\/\/delicious.com\/post?url=http%3A%2F%2Fwww.emiliosilveravazquez.com%2Fblog%2F2024%2F05%2F20%2Fel-meteorito-que-ha-iluminado-el-cielo-de-espana-y-portugal%2F&amp;title=El+meteorito+que+ha+iluminado+el+cielo+de+Espa%C3%B1a+y+Portugal' title='Delicious' target='_blank' rel='nofollow'><img src='http:\/\/www.emiliosilveravazquez.com\/blog\/wp-content\/plugins\/knxdt-bookmarks-wordpress-plugin\/images\/delicious.png'  alt='' class='book_img' border='none' style='margin:1px; padding: 0;'  \/><\/a><\/span><span class='pushbutton'><a href='http:\/\/digg.com\/submit?url=http%3A%2F%2Fwww.emiliosilveravazquez.com%2Fblog%2F2024%2F05%2F20%2Fel-meteorito-que-ha-iluminado-el-cielo-de-espana-y-portugal%2F&amp;title=El+meteorito+que+ha+iluminado+el+cielo+de+Espa%C3%B1a+y+Portugal' title='Digg' target='_blank' rel='nofollow'><img src='http:\/\/www.emiliosilveravazquez.com\/blog\/wp-content\/plugins\/knxdt-bookmarks-wordpress-plugin\/images\/digg.png'  alt='' class='book_img' border='none' style='margin:1px; padding: 0;'  \/><\/a><\/span><span class='pushbutton'><a href='http:\/\/www.google.com\/bookmarks\/mark?op=edit&amp;bkmk=http%3A%2F%2Fwww.emiliosilveravazquez.com%2Fblog%2F2024%2F05%2F20%2Fel-meteorito-que-ha-iluminado-el-cielo-de-espana-y-portugal%2F&amp;title=El+meteorito+que+ha+iluminado+el+cielo+de+Espa%C3%B1a+y+Portugal' title='Google' target='_blank' rel='nofollow'><img src='http:\/\/www.emiliosilveravazquez.com\/blog\/wp-content\/plugins\/knxdt-bookmarks-wordpress-plugin\/images\/google.png'   alt='' class='book_img' border='none' style='margin:1px; padding: 0;'  \/><\/a><\/span><span class='pushbutton'><a href='http:\/\/myweb2.search.yahoo.com\/myresults\/bookmarklet?u=http%3A%2F%2Fwww.emiliosilveravazquez.com%2Fblog%2F2024%2F05%2F20%2Fel-meteorito-que-ha-iluminado-el-cielo-de-espana-y-portugal%2F&amp;t=El+meteorito+que+ha+iluminado+el+cielo+de+Espa%C3%B1a+y+Portugal' title='Yahoo' target='_blank' rel='nofollow'><img src='http:\/\/www.emiliosilveravazquez.com\/blog\/wp-content\/plugins\/knxdt-bookmarks-wordpress-plugin\/images\/yahoo.png'  alt='' class='book_img' border='none' style='margin:1px; padding: 0;'  \/><\/a><\/span><span class='pushbutton'><a href='http:\/\/www.technorati.com\/faves?add=http%3A%2F%2Fwww.emiliosilveravazquez.com%2Fblog%2F2024%2F05%2F20%2Fel-meteorito-que-ha-iluminado-el-cielo-de-espana-y-portugal%2F' title='Technorati' target='_blank' rel='nofollow'><img src='http:\/\/www.emiliosilveravazquez.com\/blog\/wp-content\/plugins\/knxdt-bookmarks-wordpress-plugin\/images\/technorati.png'  alt='' class='book_img' border='none' style='margin:1px; padding: 0;'  \/><\/a><\/span><span class='pushbutton'><a href='http:\/\/meneame.net\/submit.php?url=http%3A%2F%2Fwww.emiliosilveravazquez.com%2Fblog%2F2024%2F05%2F20%2Fel-meteorito-que-ha-iluminado-el-cielo-de-espana-y-portugal%2F' title='Meneame' target='_blank' rel='nofollow'><img src='http:\/\/www.emiliosilveravazquez.com\/blog\/wp-content\/plugins\/knxdt-bookmarks-wordpress-plugin\/images\/meneame.png'  alt='' class='book_img' border='none' style='margin:1px; padding: 0;'  \/><\/a><\/span><span class='pushbutton'><a href='http:\/\/enchilame.com\/submit.php?url=http:\/\/www.emiliosilveravazquez.com\/blog\/2024\/05\/20\/el-meteorito-que-ha-iluminado-el-cielo-de-espana-y-portugal\/' target='_blank' rel='nofollow'><img title='Enchilame' src='http:\/\/www.emiliosilveravazquez.com\/blog\/wp-content\/plugins\/knxdt-bookmarks-wordpress-plugin\/images\/enchilame.png'  alt='' class='book_img' border='none' style='margin:1px; padding: 0;'  \/><\/a><\/span><span class='pushbutton'><a href='http:\/\/www.blinklist.com\/index.php?Action=Blink\/addblink.php&amp;Description=&amp;Url=http%3A%2F%2Fwww.emiliosilveravazquez.com%2Fblog%2F2024%2F05%2F20%2Fel-meteorito-que-ha-iluminado-el-cielo-de-espana-y-portugal%2F&amp;title=El+meteorito+que+ha+iluminado+el+cielo+de+Espa%C3%B1a+y+Portugal' title='BlinkList' target='_blank' rel='nofollow'><img src='http:\/\/www.emiliosilveravazquez.com\/blog\/wp-content\/plugins\/knxdt-bookmarks-wordpress-plugin\/images\/blinklist.png'  alt='' class='book_img' border='none' style='margin:1px; padding: 0;'  \/><\/a><\/span><span class='pushbutton'><a href='http:\/\/reddit.com\/submit?url=http%3A%2F%2Fwww.emiliosilveravazquez.com%2Fblog%2F2024%2F05%2F20%2Fel-meteorito-que-ha-iluminado-el-cielo-de-espana-y-portugal%2F&amp;title=El+meteorito+que+ha+iluminado+el+cielo+de+Espa%C3%B1a+y+Portugal' title='Reddit' target='_blank' rel='nofollow'><img src='http:\/\/www.emiliosilveravazquez.com\/blog\/wp-content\/plugins\/knxdt-bookmarks-wordpress-plugin\/images\/reddit.png'  alt='' class='book_img' border='none' style='margin:1px; padding: 0;'  \/><\/a><\/span><span class='pushbutton'><a href='http:\/\/www.tecnologiadiaria.com\/2009\/07\/abrir-com-hotmail-correo.html' target='_blank' title='hotmail'><img src='http:\/\/www.emiliosilveravazquez.com\/blog\/wp-content\/plugins\/knxdt-bookmarks-wordpress-plugin\/images\/linklove.png' alt='hotmail correo' class='book_img' border='none' style='margin:1px; padding: 0;' \/><\/a><\/span><span class='pushbutton'><a href='http:\/\/bitacoras.com\/votar\/anotacion\/externo\/mini\/www.emiliosilveravazquez.com\/blog\/2024\/05\/20\/el-meteorito-que-ha-iluminado-el-cielo-de-espana-y-portugal\/' title='Bitacoras.com' target='_blank' rel='nofollow'><img src='http:\/\/www.emiliosilveravazquez.com\/blog\/wp-content\/plugins\/knxdt-bookmarks-wordpress-plugin\/images\/bitacoras.png'  alt='' class='book_img' border='none' style='margin:1px; padding: 0;'  \/><\/a><\/span><span class='pushbutton'><a href='http:\/\/www.wikio.es\/vote?url=http%3A%2F%2Fwww.emiliosilveravazquez.com%2Fblog%2F2024%2F05%2F20%2Fel-meteorito-que-ha-iluminado-el-cielo-de-espana-y-portugal%2F' title='Wikio' target='_blank' rel='nofollow'><img src='http:\/\/www.emiliosilveravazquez.com\/blog\/wp-content\/plugins\/knxdt-bookmarks-wordpress-plugin\/images\/wikio.png'   alt='' class='book_img' border='none' style='margin:1px; padding: 0;'   \/><\/a><\/span><span class='pushbutton'><a href='http:\/\/friendfeed.com\/?url=http%3A%2F%2Fwww.emiliosilveravazquez.com%2Fblog%2F2024%2F05%2F20%2Fel-meteorito-que-ha-iluminado-el-cielo-de-espana-y-portugal%2F&amp;title=El+meteorito+que+ha+iluminado+el+cielo+de+Espa%C3%B1a+y+Portugal' title='Friend Feed' target='_blank' rel='nofollow'><img src='http:\/\/www.emiliosilveravazquez.com\/blog\/wp-content\/plugins\/knxdt-bookmarks-wordpress-plugin\/images\/friendfeed.png'  alt='' class='book_img' border='none' style='margin:1px; padding: 0;'  \/><\/a><\/span><span class='pushbutton'><a href='http:\/\/www.facebook.com\/share.php?u=http%3A%2F%2Fwww.emiliosilveravazquez.com%2Fblog%2F2024%2F05%2F20%2Fel-meteorito-que-ha-iluminado-el-cielo-de-espana-y-portugal%2F&amp;t=El+meteorito+que+ha+iluminado+el+cielo+de+Espa%C3%B1a+y+Portugal' title='Facebook' target='_blank' rel='nofollow'><img src='http:\/\/www.emiliosilveravazquez.com\/blog\/wp-content\/plugins\/knxdt-bookmarks-wordpress-plugin\/images\/facebook.png'  alt='' class='book_img' border='none' style='margin:1px; padding: 0;'  \/><\/a><\/span><span class='pushbutton'><a href='http:\/\/twitter.com\/home?status=El+meteorito+que+ha+iluminado+el+cielo+de+Espa%C3%B1a+y+Portugal: http%3A%2F%2Fwww.emiliosilveravazquez.com%2Fblog%2F2024%2F05%2F20%2Fel-meteorito-que-ha-iluminado-el-cielo-de-espana-y-portugal%2F' title='Twitter' target='_blank' rel='nofollow'><img src='http:\/\/www.emiliosilveravazquez.com\/blog\/wp-content\/plugins\/knxdt-bookmarks-wordpress-plugin\/images\/twitter.png'  alt='' class='book_img' border='none' style='margin:1px; padding: 0;'  \/><\/a><\/span><span class='pushbutton'><a href='http:\/\/www.feedburner.com\/fb\/a\/emailFlare?itemTitle=El+meteorito+que+ha+iluminado+el+cielo+de+Espa%C3%B1a+y+Portugal&amp;uri=http%3A%2F%2Fwww.emiliosilveravazquez.com%2Fblog%2F2024%2F05%2F20%2Fel-meteorito-que-ha-iluminado-el-cielo-de-espana-y-portugal%2F' title='Enviar por Email' target='_blank' rel='nofollow'><img src='http:\/\/www.emiliosilveravazquez.com\/blog\/wp-content\/plugins\/knxdt-bookmarks-wordpress-plugin\/images\/email.png'  alt='' class='book_img' border='none' style='margin:1px; padding: 0;'  \/><\/a><\/span><span style='font-weight:bold; padding-left: 5px;'><a href='http:\/\/wordpress.org\/extend\/plugins\/knxdt-bookmarks-wordpress-plugin\/' title='Plugin' rel='nofollow' target='_blank'>[?]<\/a><\/span><\/td><\/tr><\/table><br\/><br\/><\/div>","protected":false},"excerpt":{"rendered":"<p>&#8212;&#8212;&#8212;&#8212;&#8212;- &nbsp; En una deslumbrante exhibici\u00f3n de luz y velocidad, una bola de fuego atraves\u00f3 el cielo nocturno de la Pen\u00ednsula Ib\u00e9rica, ti\u00f1endo la noche de azul. Este fen\u00f3meno lum\u00ednico y visual ocurri\u00f3 la noche del s\u00e1bado al domingo a las 22:46, fue causado por un objeto de origen cometario que entr\u00f3 en nuestra atm\u00f3sfera [&hellip;]<\/p>\n","protected":false},"author":2,"featured_media":0,"comment_status":"open","ping_status":"open","sticky":false,"template":"","format":"standard","meta":{"_s2mail":"","footnotes":""},"categories":[1],"tags":[],"_links":{"self":[{"href":"http:\/\/www.emiliosilveravazquez.com\/blog\/wp-json\/wp\/v2\/posts\/32594"}],"collection":[{"href":"http:\/\/www.emiliosilveravazquez.com\/blog\/wp-json\/wp\/v2\/posts"}],"about":[{"href":"http:\/\/www.emiliosilveravazquez.com\/blog\/wp-json\/wp\/v2\/types\/post"}],"author":[{"embeddable":true,"href":"http:\/\/www.emiliosilveravazquez.com\/blog\/wp-json\/wp\/v2\/users\/2"}],"replies":[{"embeddable":true,"href":"http:\/\/www.emiliosilveravazquez.com\/blog\/wp-json\/wp\/v2\/comments?post=32594"}],"version-history":[{"count":0,"href":"http:\/\/www.emiliosilveravazquez.com\/blog\/wp-json\/wp\/v2\/posts\/32594\/revisions"}],"wp:attachment":[{"href":"http:\/\/www.emiliosilveravazquez.com\/blog\/wp-json\/wp\/v2\/media?parent=32594"}],"wp:term":[{"taxonomy":"category","embeddable":true,"href":"http:\/\/www.emiliosilveravazquez.com\/blog\/wp-json\/wp\/v2\/categories?post=32594"},{"taxonomy":"post_tag","embeddable":true,"href":"http:\/\/www.emiliosilveravazquez.com\/blog\/wp-json\/wp\/v2\/tags?post=32594"}],"curies":[{"name":"wp","href":"https:\/\/api.w.org\/{rel}","templated":true}]}}