{"id":32237,"date":"2024-03-08T10:55:33","date_gmt":"2024-03-08T09:55:33","guid":{"rendered":"https:\/\/www.emiliosilveravazquez.com\/blog\/?p=32237"},"modified":"2024-03-08T10:55:33","modified_gmt":"2024-03-08T09:55:33","slug":"el-universo-de-las-esferas-y-sus-movimientos-uniformes","status":"publish","type":"post","link":"http:\/\/www.emiliosilveravazquez.com\/blog\/2024\/03\/08\/el-universo-de-las-esferas-y-sus-movimientos-uniformes\/","title":{"rendered":"\u00a0\u00a0\u00a0\u00a0\u00a0EL UNIVERSO DE LAS ESFERAS Y SUS MOVIMIENTOS UNIFORMES"},"content":{"rendered":"<p><span style=\"font-weight: 400;\">\u00a0\u00a0<\/span><\/p>\n<blockquote>\n<p style=\"text-align: justify;\"><strong><img decoding=\"async\" src=\"https:\/\/s1.abcstatics.com\/abc\/www\/multimedia\/ciencia\/2023\/02\/15\/esfera-kilonova-Rs7TfHZzFESBxbh995ps1LJ-1200x840@abc.jpg\" alt=\"La colisi\u00f3n de dos estrellas de neutrones cre\u00f3 una esfera tan perfecta que sorprende a los f\u00edsicos\" \/><\/strong><\/p>\n<p>&nbsp;<\/p>\n<p style=\"text-align: justify;\"><strong>doctor Ovidio Pracilio, ha sido el autor de la Hiper- Geometr\u00eda Esferoidal.\u00a0 La perfecci\u00f3n de las esferas cubren todo\u00a0 lo existente en el Universo .\u00a0 En <\/strong><span style=\"font-weight: 400;\"><strong>uno de sus escritos, nos dice:\u00a0<\/strong><\/span><\/p>\n<\/blockquote>\n<p>&nbsp;<\/p>\n<p><img decoding=\"async\" loading=\"lazy\" class=\"\" src=\"https:\/\/i.pinimg.com\/originals\/8b\/fc\/6e\/8bfc6ef455230ca0350680057ad4d783.gif\" alt=\"the one and only Kirk | Solar system gif, Our solar system, Astronomy\" width=\"508\" height=\"501\" \/><\/p>\n<p>&nbsp;<\/p>\n<p style=\"text-align: justify;\"><span style=\"font-weight: 400;\">\u00a0\u00a0\u00a0<\/span><span style=\"font-weight: 400;\">Es verdad, y nadie puede negarlo, que los cuerpos celestes, para tomar lo m\u00e1s grande que nos es dado apreciar, surgen a nuestra observaci\u00f3n con movimientos que no ser\u00edan uniformes y recorriendo \u00f3rbitas que no ser\u00edan circulares, Y es cierto, por ello, que los movimientos de los mundos que\u00a0 forman nuestro sistema sola, por ejemplo, se nos muestran as\u00ed, al parecer m\u00e1s imperfectos que el de los sat\u00e9lites artificiales creados por el hombre que logr\u00f3 colocarlos en \u00f3rbitas circulares y movi\u00e9ndose a velocidades uniformes (casi burl\u00e1ndose de las exigencias el\u00edpticas de las leyes de Kepler y de la gravitaci\u00f3n universal de <a href=\"#\" onclick=\"referencia('newton',event); return false;\">Newton<\/a>) y como quer\u00eda Plat\u00f3n para los cuerpos celestes, y en cambio Mercurio, Venus, la Tierra, Marte, etc., parecen marchar a veces m\u00e1s r\u00e1pido y otras veces m\u00e1s despacio en su viaje alrededor del Sol, Para no apartarse de ese camino geom\u00e9tricamente imperfecto que se llama \u201celipse\u201d.<\/span><\/p>\n<p>&nbsp;<\/p>\n<p><img decoding=\"async\" loading=\"lazy\" class=\"\" src=\"https:\/\/substackcdn.com\/image\/fetch\/f_auto,q_auto:good,fl_progressive:steep\/https%3A%2F%2Fbucketeer-e05bbc84-baa3-437e-9518-adb32be77984.s3.amazonaws.com%2Fpublic%2Fimages%2F8b30fd5d-0b44-4e10-930f-f8dec4b381ea_800x609.gif\" alt=\"MakinProcess\" width=\"587\" height=\"447\" \/><\/p>\n<p>&nbsp;<\/p>\n<p style=\"text-align: justify;\"><span style=\"font-weight: 400;\">Es verdad, tambi\u00e9n, que iguales movimientos ca\u00f3ticos surgir\u00edan del abismo de lo infinitamente peque\u00f1o, donde las part\u00edculas elementales que forman los \u00e1tomos, <\/span><span style=\"font-weight: 400;\">y los \u00e1tomos mismos, parecieran moverse en forma desordenada y caprichosa al girar a velocidades vertiginosas.<\/span><\/p>\n<p>&nbsp;<\/p>\n<p><img decoding=\"async\" loading=\"lazy\" class=\"\" src=\"https:\/\/upload.wikimedia.org\/wikipedia\/commons\/9\/90\/%C3%81tomo_de_Oro.gif\" alt=\"File:\u00c1tomo de Oro.gif - Wikimedia Commons\" width=\"539\" height=\"303\" \/><\/p>\n<p>&nbsp;<\/p>\n<p><span style=\"font-weight: 400;\">Y es verdad, igualmente, que casi ninguna forma de organizaci\u00f3n viviente creado en nuestro mundo por la Naturaleza pareciera adecuarse a la perfecci\u00f3n del trazo circular, \u00fanico digno de la sabidur\u00eda divina, seg\u00fan Plat\u00f3n.<\/span><\/p>\n<p>&nbsp;<\/p>\n<p><img decoding=\"async\" src=\"https:\/\/img.freepik.com\/fotos-premium\/comunicacion-entrelazamiento-cuantico-como-comunica-colegas-traves-particulas-entrelazadas_839035-10879.jpg\" alt=\"Comunicaci\u00f3n por entrelazamiento cu\u00e1ntico \u00bfc\u00f3mo se comunica con colegas a trav\u00e9s de part\u00edculas entrelazadas? | Foto Premium\" \/><\/p>\n<p><strong>\u00a0 \u00a0 \u00a0 \u00a0 \u00a0 \u00a0 \u00a0 \u00a0 \u00a0 \u00a0 \u00a0 \u00a0 \u00a0 \u00a0 \u00a0 \u00a0 \u00a0 \u00a0 \u00a0 \u00a0 \u00a0 \u00a0 \u00a0 \u00a0 \u00a0 \u00a0 \u00a0 \u00a0 \u00a0 \u00a0Entrelazamiento cu\u00e1ntico<\/strong><\/p>\n<p>&nbsp;<\/p>\n<p style=\"text-align: justify;\"><span style=\"font-weight: 400;\">Pero todo es verdad, debemos reconocerlo en tanto la mente investigadora se mantenga sujeta a determinados prejuicios preestablecidos, y se quiera fundar toda conclusi\u00f3n cient\u00edfica en los resultados exclusivos que arrojan la observaci\u00f3n sensual e instrumental. Pero que, en cambio, cuando la mente del investigador se libera de tales prejuicios, cuando deja de lado a sus sentidos y a sus instrumentos y eleva el vuelo de su pensamiento a las altas regiones donde la Realidad puede ser percibida independientemente de los fen\u00f3menos que son su consecuencia, reci\u00e9n entonces es dable descubrir y afirmar, como lo hizo Cop\u00e9rnico, por ejemplo, que no es el Sol ni la Luna ni los planetas ni las estrellas las que dan vueltas alrededor de la Tierra como todos los d\u00edas as\u00ed nos lo hacen creer nuestros ojos y lo registran nuestros instrumentos, sino, al parecer, todo lo contrario.<\/span><\/p>\n<p>&nbsp;<\/p>\n<p><img decoding=\"async\" loading=\"lazy\" class=\"\" src=\"https:\/\/cdn2.excelsior.com.mx\/media\/inside-the-note\/pictures\/2018\/05\/21\/copernico.jpg\" alt=\"Nicol\u00e1s Cop\u00e9rnico visionario del espacio\" width=\"642\" height=\"482\" \/><\/p>\n<h1 class=\"GW0XC indIKd cS4Vcb-pGL6qe-fwJd0c\">Nicol\u00e1s Cop\u00e9rnico visionario del espacio<\/h1>\n<p style=\"text-align: justify;\"><span style=\"font-weight: 400;\">Ya lo dijo Bailly con m\u00e1s hermosas palabras que las que podr\u00eda emplear yo, al hacer el elogio de la concepci\u00f3n copernicana: \u201cSi alguna vez se ha propuesto en el mundo un sistema atrevido, no hay duda de que es el de Cop\u00e9rnico. Ten\u00eda que contradecir<\/span><i><span style=\"font-weight: 400;\"> a todos los que juzgaban por sus sentidos. <\/span><\/i><span style=\"font-weight: 400;\">Era menester persuadirlos de que, <\/span><i><span style=\"font-weight: 400;\">lo que ve\u00edan, no exist\u00eda. <\/span><\/i><span style=\"font-weight: 400;\">En vano hab\u00eda visto la humanidad desde el nacer, al Sol y a las estrellas moverse,\u00a0 estaban inm\u00f3viles, y solo hab\u00eda movimiento\u00a0 en la pesada masa que habitamos. <\/span><i><span style=\"font-weight: 400;\">Hay que olvidar el movimiento que vemos, para creer en el movimiento que no percibimos.<\/span><\/i><span style=\"font-weight: 400;\"> M\u00e1s todav\u00eda, hay que destruir\u00a0 un sistema recibido y aprobado por las tres partes del mundo y derribar el trono de Tolomeo que recibi\u00f3 el homenaje de catorce siglos.\u201d<\/span><\/p>\n<p>&nbsp;<\/p>\n<p>&nbsp;<\/p>\n<p><img decoding=\"async\" src=\"https:\/\/pictures.abebooks.com\/inventory\/1222980272.jpg\" alt=\"La Grande S\u00edntesis. S\u00edntesis y soluci\u00f3n de los problemas de la ciencia y del esp\u00edritu de Ubaldi, Pietro: Buen estado R\u00fastica (1950) | Federico Burki\" \/><\/p>\n<p style=\"text-align: justify;\"><span style=\"font-weight: 400;\">\u201cLa observaci\u00f3n y el experimento nos han dado \u2013se lee en <\/span><i><span style=\"font-weight: 400;\">La Grande S\u00edntesis, <\/span><\/i><span style=\"font-weight: 400;\">de P. Ubaldi\u2014m\u00e1s que resultados exteriores, de \u00edndole pr\u00e1ctica, pero la realidad profunda se os escapa, porque el uso de los sentidos como instrumentos de investigaci\u00f3n, , a\u00fan apoyados por medios adecuados, os har\u00e1 permanecer siempre en la superficie, cerr\u00e1ndonos la vida del progreso.\u201d<\/span><\/p>\n<p><span style=\"font-weight: 400;\">\u00a1Qu\u00e9 equivocado estaba <a href=\"#\" onclick=\"referencia('newton',event); return false;\">Newton<\/a>, pues, cuando dijo\u00a0 en la segunda edici\u00f3n de sus c\u00e9lebres <\/span><i><span style=\"font-weight: 400;\">Principios!:<\/span><\/i><\/p>\n<p>&nbsp;<\/p>\n<p><img decoding=\"async\" loading=\"lazy\" class=\"\" src=\"https:\/\/curiosoando.com\/wp-content\/uploads\/2017\/11\/newton-planetas-luz-800x535.jpg\" alt=\"Qui\u00e9n descubri\u00f3 la gravedad? - Curiosoando\" width=\"560\" height=\"375\" \/><\/p>\n<p>&nbsp;<\/p>\n<p style=\"text-align: justify;\"><span style=\"font-weight: 400;\">\u201cPoco importa la causa de la gravitaci\u00f3n. Observo el movimiento de los astros y escribo la ley m\u00e1s simple y m\u00e1s adecuada para describir ese movimiento. No quiero establecer ninguna hip\u00f3tesis sobre las causas. Porque todo lo que no se deduce de los fen\u00f3menos\u00a0 es una hip\u00f3tesis\u00a0 y las hip\u00f3tesis no deben tener acceso en la filosof\u00eda experimental. En esta\u00a0 filosof\u00eda se sacan las preposiciones de los fen\u00f3menos y se las hace luego generales por la inducci\u00f3n.\u201d<\/span><\/p>\n<p>&nbsp;<\/p>\n<p><img decoding=\"async\" src=\"https:\/\/www.biografiasyvidas.com\/biografia\/a\/fotos\/aristarco.jpg\" alt=\"Biografia de Aristarco de Samos\" \/><\/p>\n<p>Aristarco de Samos, 700 a\u00f1os antes que Cop\u00e9rnico predijo que el Sol era el centro del Sistema solar<\/p>\n<p style=\"text-align: justify;\"><span style=\"font-weight: 400;\">Todos los antecesores de Cop\u00e9rnico\u00a0 tambi\u00e9n <\/span><i><span style=\"font-weight: 400;\">observaron de los astros<\/span><\/i><span style=\"font-weight: 400;\"> y escribieron la ley m\u00e1s y adecuada para describir ese movimiento, que era el movimiento de la Esfera Celeste, del Sol, de los planetas, al derredor de la Tierra.<\/span><\/p>\n<p style=\"text-align: justify;\"><span style=\"font-weight: 400;\">Lamentablemente, tanto para los astr\u00f3nomos antiguos como para <a href=\"#\" onclick=\"referencia('newton',event); return false;\">Newton<\/a>, el movimiento real era, precisamente, <\/span><i><span style=\"font-weight: 400;\">el movimiento que no se observaba.<\/span><\/i><\/p>\n<p>&nbsp;<\/p>\n<p><img decoding=\"async\" src=\"https:\/\/images.genial.ly\/5a327238f96efb01c42ca6b4\/pdf\/132bfad2-5109-42bd-93f7-2671064b2b14.png?05c924ea-f102-47a4-a0e8-94783afa5550\" alt=\"Biologia diferencias materia viva e inerte\" \/><\/p>\n<p>&nbsp;<\/p>\n<p style=\"text-align: justify;\"><span style=\"font-weight: 400;\">\u201cHacemos distinci\u00f3n entre materia viva y materia muerta \u2013dice Max Born, premio Nobel de F\u00edsica en su obra<\/span><i><span style=\"font-weight: 400;\"> El inquieto universo-;<\/span><\/i><span style=\"font-weight: 400;\"> entre\u00a0 cuerpos en movimiento y cuerpos en reposo. Este es un punto de\u00a0 vista primitivo. Lo que parece muerto, una piedra, por ejemplo est\u00e1 en realidad en eterno movimiento. <\/span><i><span style=\"font-weight: 400;\">Lo que ocurre es, simplemente, que nos hemos acostumbrado a juzgar por apariencias exteriores, por las impresiones enga\u00f1osas que recibimos a trav\u00e9s de nuestros sentidos.\u201d<\/span><\/i><\/p>\n<p>&nbsp;<\/p>\n<p>&nbsp;<\/p>\n<p><img decoding=\"async\" loading=\"lazy\" class=\"\" src=\"https:\/\/image.slidesharecdn.com\/descubrimientoscientficosdekeplerygalileo-130713120811-phpapp01\/85\/descubrimientos-cientficos-de-kepler-y-galileo-3-320.jpg?cb=1666784439\" alt=\"Descubrimientos cient\u00edficos de kepler y galileo | PPT\" width=\"391\" height=\"293\" \/><\/p>\n<p style=\"text-align: justify;\"><span style=\"font-weight: 400;\"><sup>\u00a0<\/sup>\u201cLos trabajos de Kepler \u2013dijo <a href=\"#\" onclick=\"referencia('einstein',event); return false;\">Einstein<\/a>- muestran que el conocimiento no puede derivar \u00fanicamente de la experiencia: es necesaria la comparaci\u00f3n lo que del esp\u00edritu ha concebido, con lo que ha observado\u201d.<\/span><\/p>\n<p style=\"text-align: justify;\"><span style=\"font-weight: 400;\">Por mi parte, refiri\u00e9ndome espec\u00edficamente al problema planteado por Plat\u00f3n sobre circularidad de las \u00f3rbitas planetarias, quiero aqu\u00ed parafrasear la hermosa y exacta expresi\u00f3n\u00a0 de Bailly, diciendo que: hay que olvidar los movimientos el\u00edpticos que vemos, para creer en los movimientos circulares que no percibimos\u201d.<\/span><\/p>\n<p><strong>Trabajo recopilado por: \u00a0 Dante Pracilio<\/strong><\/p>\n<p>&nbsp;<\/p>\n<p><span style=\"font-weight: 400;\">dantepracilio@gmail.com<\/span><\/p>\n<div class='bookmark'>\r\n\t\t<table align='left' border='0' cellpadding='0' width='100%'>\r\n\t\t<tr><td><span class='pushbutton'><a href='http:\/\/delicious.com\/post?url=http%3A%2F%2Fwww.emiliosilveravazquez.com%2Fblog%2F2024%2F03%2F08%2Fel-universo-de-las-esferas-y-sus-movimientos-uniformes%2F&amp;title=%C2%A0%C2%A0%C2%A0%C2%A0%C2%A0EL+UNIVERSO+DE+LAS+ESFERAS+Y+SUS+MOVIMIENTOS+UNIFORMES' title='Delicious' target='_blank' rel='nofollow'><img src='http:\/\/www.emiliosilveravazquez.com\/blog\/wp-content\/plugins\/knxdt-bookmarks-wordpress-plugin\/images\/delicious.png'  alt='' class='book_img' border='none' style='margin:1px; padding: 0;'  \/><\/a><\/span><span class='pushbutton'><a href='http:\/\/digg.com\/submit?url=http%3A%2F%2Fwww.emiliosilveravazquez.com%2Fblog%2F2024%2F03%2F08%2Fel-universo-de-las-esferas-y-sus-movimientos-uniformes%2F&amp;title=%C2%A0%C2%A0%C2%A0%C2%A0%C2%A0EL+UNIVERSO+DE+LAS+ESFERAS+Y+SUS+MOVIMIENTOS+UNIFORMES' title='Digg' target='_blank' rel='nofollow'><img src='http:\/\/www.emiliosilveravazquez.com\/blog\/wp-content\/plugins\/knxdt-bookmarks-wordpress-plugin\/images\/digg.png'  alt='' class='book_img' border='none' style='margin:1px; padding: 0;'  \/><\/a><\/span><span class='pushbutton'><a href='http:\/\/www.google.com\/bookmarks\/mark?op=edit&amp;bkmk=http%3A%2F%2Fwww.emiliosilveravazquez.com%2Fblog%2F2024%2F03%2F08%2Fel-universo-de-las-esferas-y-sus-movimientos-uniformes%2F&amp;title=%C2%A0%C2%A0%C2%A0%C2%A0%C2%A0EL+UNIVERSO+DE+LAS+ESFERAS+Y+SUS+MOVIMIENTOS+UNIFORMES' title='Google' target='_blank' rel='nofollow'><img src='http:\/\/www.emiliosilveravazquez.com\/blog\/wp-content\/plugins\/knxdt-bookmarks-wordpress-plugin\/images\/google.png'   alt='' class='book_img' border='none' style='margin:1px; padding: 0;'  \/><\/a><\/span><span class='pushbutton'><a href='http:\/\/myweb2.search.yahoo.com\/myresults\/bookmarklet?u=http%3A%2F%2Fwww.emiliosilveravazquez.com%2Fblog%2F2024%2F03%2F08%2Fel-universo-de-las-esferas-y-sus-movimientos-uniformes%2F&amp;t=%C2%A0%C2%A0%C2%A0%C2%A0%C2%A0EL+UNIVERSO+DE+LAS+ESFERAS+Y+SUS+MOVIMIENTOS+UNIFORMES' title='Yahoo' target='_blank' rel='nofollow'><img src='http:\/\/www.emiliosilveravazquez.com\/blog\/wp-content\/plugins\/knxdt-bookmarks-wordpress-plugin\/images\/yahoo.png'  alt='' class='book_img' border='none' style='margin:1px; padding: 0;'  \/><\/a><\/span><span class='pushbutton'><a href='http:\/\/www.technorati.com\/faves?add=http%3A%2F%2Fwww.emiliosilveravazquez.com%2Fblog%2F2024%2F03%2F08%2Fel-universo-de-las-esferas-y-sus-movimientos-uniformes%2F' title='Technorati' target='_blank' rel='nofollow'><img src='http:\/\/www.emiliosilveravazquez.com\/blog\/wp-content\/plugins\/knxdt-bookmarks-wordpress-plugin\/images\/technorati.png'  alt='' class='book_img' border='none' style='margin:1px; padding: 0;'  \/><\/a><\/span><span class='pushbutton'><a href='http:\/\/meneame.net\/submit.php?url=http%3A%2F%2Fwww.emiliosilveravazquez.com%2Fblog%2F2024%2F03%2F08%2Fel-universo-de-las-esferas-y-sus-movimientos-uniformes%2F' title='Meneame' target='_blank' rel='nofollow'><img src='http:\/\/www.emiliosilveravazquez.com\/blog\/wp-content\/plugins\/knxdt-bookmarks-wordpress-plugin\/images\/meneame.png'  alt='' class='book_img' border='none' style='margin:1px; padding: 0;'  \/><\/a><\/span><span class='pushbutton'><a href='http:\/\/enchilame.com\/submit.php?url=http:\/\/www.emiliosilveravazquez.com\/blog\/2024\/03\/08\/el-universo-de-las-esferas-y-sus-movimientos-uniformes\/' target='_blank' rel='nofollow'><img title='Enchilame' src='http:\/\/www.emiliosilveravazquez.com\/blog\/wp-content\/plugins\/knxdt-bookmarks-wordpress-plugin\/images\/enchilame.png'  alt='' class='book_img' border='none' style='margin:1px; padding: 0;'  \/><\/a><\/span><span class='pushbutton'><a href='http:\/\/www.blinklist.com\/index.php?Action=Blink\/addblink.php&amp;Description=&amp;Url=http%3A%2F%2Fwww.emiliosilveravazquez.com%2Fblog%2F2024%2F03%2F08%2Fel-universo-de-las-esferas-y-sus-movimientos-uniformes%2F&amp;title=%C2%A0%C2%A0%C2%A0%C2%A0%C2%A0EL+UNIVERSO+DE+LAS+ESFERAS+Y+SUS+MOVIMIENTOS+UNIFORMES' title='BlinkList' target='_blank' rel='nofollow'><img src='http:\/\/www.emiliosilveravazquez.com\/blog\/wp-content\/plugins\/knxdt-bookmarks-wordpress-plugin\/images\/blinklist.png'  alt='' class='book_img' border='none' style='margin:1px; padding: 0;'  \/><\/a><\/span><span class='pushbutton'><a href='http:\/\/reddit.com\/submit?url=http%3A%2F%2Fwww.emiliosilveravazquez.com%2Fblog%2F2024%2F03%2F08%2Fel-universo-de-las-esferas-y-sus-movimientos-uniformes%2F&amp;title=%C2%A0%C2%A0%C2%A0%C2%A0%C2%A0EL+UNIVERSO+DE+LAS+ESFERAS+Y+SUS+MOVIMIENTOS+UNIFORMES' title='Reddit' target='_blank' rel='nofollow'><img src='http:\/\/www.emiliosilveravazquez.com\/blog\/wp-content\/plugins\/knxdt-bookmarks-wordpress-plugin\/images\/reddit.png'  alt='' class='book_img' border='none' style='margin:1px; padding: 0;'  \/><\/a><\/span><span class='pushbutton'><a href='http:\/\/www.tecnologiadiaria.com\/2009\/07\/abrir-com-hotmail-correo.html' target='_blank' title='hotmail'><img src='http:\/\/www.emiliosilveravazquez.com\/blog\/wp-content\/plugins\/knxdt-bookmarks-wordpress-plugin\/images\/linklove.png' alt='hotmail correo' class='book_img' border='none' style='margin:1px; padding: 0;' \/><\/a><\/span><span class='pushbutton'><a href='http:\/\/bitacoras.com\/votar\/anotacion\/externo\/mini\/www.emiliosilveravazquez.com\/blog\/2024\/03\/08\/el-universo-de-las-esferas-y-sus-movimientos-uniformes\/' title='Bitacoras.com' target='_blank' rel='nofollow'><img src='http:\/\/www.emiliosilveravazquez.com\/blog\/wp-content\/plugins\/knxdt-bookmarks-wordpress-plugin\/images\/bitacoras.png'  alt='' class='book_img' border='none' style='margin:1px; padding: 0;'  \/><\/a><\/span><span class='pushbutton'><a href='http:\/\/www.wikio.es\/vote?url=http%3A%2F%2Fwww.emiliosilveravazquez.com%2Fblog%2F2024%2F03%2F08%2Fel-universo-de-las-esferas-y-sus-movimientos-uniformes%2F' title='Wikio' target='_blank' rel='nofollow'><img src='http:\/\/www.emiliosilveravazquez.com\/blog\/wp-content\/plugins\/knxdt-bookmarks-wordpress-plugin\/images\/wikio.png'   alt='' class='book_img' border='none' style='margin:1px; padding: 0;'   \/><\/a><\/span><span class='pushbutton'><a href='http:\/\/friendfeed.com\/?url=http%3A%2F%2Fwww.emiliosilveravazquez.com%2Fblog%2F2024%2F03%2F08%2Fel-universo-de-las-esferas-y-sus-movimientos-uniformes%2F&amp;title=%C2%A0%C2%A0%C2%A0%C2%A0%C2%A0EL+UNIVERSO+DE+LAS+ESFERAS+Y+SUS+MOVIMIENTOS+UNIFORMES' title='Friend Feed' target='_blank' rel='nofollow'><img src='http:\/\/www.emiliosilveravazquez.com\/blog\/wp-content\/plugins\/knxdt-bookmarks-wordpress-plugin\/images\/friendfeed.png'  alt='' class='book_img' border='none' style='margin:1px; padding: 0;'  \/><\/a><\/span><span class='pushbutton'><a href='http:\/\/www.facebook.com\/share.php?u=http%3A%2F%2Fwww.emiliosilveravazquez.com%2Fblog%2F2024%2F03%2F08%2Fel-universo-de-las-esferas-y-sus-movimientos-uniformes%2F&amp;t=%C2%A0%C2%A0%C2%A0%C2%A0%C2%A0EL+UNIVERSO+DE+LAS+ESFERAS+Y+SUS+MOVIMIENTOS+UNIFORMES' title='Facebook' target='_blank' rel='nofollow'><img src='http:\/\/www.emiliosilveravazquez.com\/blog\/wp-content\/plugins\/knxdt-bookmarks-wordpress-plugin\/images\/facebook.png'  alt='' class='book_img' border='none' style='margin:1px; padding: 0;'  \/><\/a><\/span><span class='pushbutton'><a href='http:\/\/twitter.com\/home?status=%C2%A0%C2%A0%C2%A0%C2%A0%C2%A0EL+UNIVERSO+DE+LAS+ESFERAS+Y+SUS+MOVIMIENTOS+UNIFORMES: http%3A%2F%2Fwww.emiliosilveravazquez.com%2Fblog%2F2024%2F03%2F08%2Fel-universo-de-las-esferas-y-sus-movimientos-uniformes%2F' title='Twitter' target='_blank' rel='nofollow'><img src='http:\/\/www.emiliosilveravazquez.com\/blog\/wp-content\/plugins\/knxdt-bookmarks-wordpress-plugin\/images\/twitter.png'  alt='' class='book_img' border='none' style='margin:1px; padding: 0;'  \/><\/a><\/span><span class='pushbutton'><a href='http:\/\/www.feedburner.com\/fb\/a\/emailFlare?itemTitle=%C2%A0%C2%A0%C2%A0%C2%A0%C2%A0EL+UNIVERSO+DE+LAS+ESFERAS+Y+SUS+MOVIMIENTOS+UNIFORMES&amp;uri=http%3A%2F%2Fwww.emiliosilveravazquez.com%2Fblog%2F2024%2F03%2F08%2Fel-universo-de-las-esferas-y-sus-movimientos-uniformes%2F' title='Enviar por Email' target='_blank' rel='nofollow'><img src='http:\/\/www.emiliosilveravazquez.com\/blog\/wp-content\/plugins\/knxdt-bookmarks-wordpress-plugin\/images\/email.png'  alt='' class='book_img' border='none' style='margin:1px; padding: 0;'  \/><\/a><\/span><span style='font-weight:bold; padding-left: 5px;'><a href='http:\/\/wordpress.org\/extend\/plugins\/knxdt-bookmarks-wordpress-plugin\/' title='Plugin' rel='nofollow' target='_blank'>[?]<\/a><\/span><\/td><\/tr><\/table><br\/><br\/><\/div>","protected":false},"excerpt":{"rendered":"<p>\u00a0\u00a0 &nbsp; doctor Ovidio Pracilio, ha sido el autor de la Hiper- Geometr\u00eda Esferoidal.\u00a0 La perfecci\u00f3n de las esferas cubren todo\u00a0 lo existente en el Universo .\u00a0 En uno de sus escritos, nos dice:\u00a0 &nbsp; &nbsp; \u00a0\u00a0\u00a0Es verdad, y nadie puede negarlo, que los cuerpos celestes, para tomar lo m\u00e1s grande que nos es dado [&hellip;]<\/p>\n","protected":false},"author":2,"featured_media":0,"comment_status":"open","ping_status":"open","sticky":false,"template":"","format":"standard","meta":{"_s2mail":"","footnotes":""},"categories":[1],"tags":[],"_links":{"self":[{"href":"http:\/\/www.emiliosilveravazquez.com\/blog\/wp-json\/wp\/v2\/posts\/32237"}],"collection":[{"href":"http:\/\/www.emiliosilveravazquez.com\/blog\/wp-json\/wp\/v2\/posts"}],"about":[{"href":"http:\/\/www.emiliosilveravazquez.com\/blog\/wp-json\/wp\/v2\/types\/post"}],"author":[{"embeddable":true,"href":"http:\/\/www.emiliosilveravazquez.com\/blog\/wp-json\/wp\/v2\/users\/2"}],"replies":[{"embeddable":true,"href":"http:\/\/www.emiliosilveravazquez.com\/blog\/wp-json\/wp\/v2\/comments?post=32237"}],"version-history":[{"count":0,"href":"http:\/\/www.emiliosilveravazquez.com\/blog\/wp-json\/wp\/v2\/posts\/32237\/revisions"}],"wp:attachment":[{"href":"http:\/\/www.emiliosilveravazquez.com\/blog\/wp-json\/wp\/v2\/media?parent=32237"}],"wp:term":[{"taxonomy":"category","embeddable":true,"href":"http:\/\/www.emiliosilveravazquez.com\/blog\/wp-json\/wp\/v2\/categories?post=32237"},{"taxonomy":"post_tag","embeddable":true,"href":"http:\/\/www.emiliosilveravazquez.com\/blog\/wp-json\/wp\/v2\/tags?post=32237"}],"curies":[{"name":"wp","href":"https:\/\/api.w.org\/{rel}","templated":true}]}}