{"id":32091,"date":"2024-02-10T08:28:05","date_gmt":"2024-02-10T07:28:05","guid":{"rendered":"https:\/\/www.emiliosilveravazquez.com\/blog\/?p=32091"},"modified":"2024-02-10T08:28:05","modified_gmt":"2024-02-10T07:28:05","slug":"la-existencia-del-alma-y-su-inmortalidad","status":"publish","type":"post","link":"http:\/\/www.emiliosilveravazquez.com\/blog\/2024\/02\/10\/la-existencia-del-alma-y-su-inmortalidad\/","title":{"rendered":"LA EXISTENCIA DEL ALMA Y SU INMORTALIDAD"},"content":{"rendered":"<p><img decoding=\"async\" src=\"https:\/\/lapaginajudia.com\/wp-content\/uploads\/2020\/01\/19-1-2020-alma-690x450.png\" alt=\"La investigaci\u00f3n prueba la inmortalidad del alma\" \/><\/p>\n<p>&nbsp;<\/p>\n<p style=\"text-align: justify;\"><b>\u00a0\u00a0\u00a0\u00a0\u00a0\u00a0\u00a0\u00a0\u00a0\u00a0\u00a0\u00a0\u00a0\u00a0Establecida la existencia del alma, nos dice el gran fil\u00f3sofo de la Espiritualidad Le\u00f3n Denis, el problema de la inmortalidad se presenta inmediatamente. Es \u00e9sta una cuesti\u00f3n de la mayor importancia, pues la inmortalidad es la \u00fanica sanci\u00f3n que se ofrece a la ley moral, la \u00fanica concepci\u00f3n que satisface nuestras ideas de justicia y responde a las m\u00e1s altas esperanzas de la raza humana.<\/b><\/p>\n<p style=\"text-align: justify;\"><b>Si nuestra entidad espiritual se mantiene y persiste a trav\u00e9s de la perpetua renovaci\u00f3n de las mol\u00e9culas y de las transformaciones de nuestro cuerpo material, su disociaci\u00f3n, su desaparici\u00f3n final no pueden alcanzarle.<\/b><\/p>\n<p>&nbsp;<\/p>\n<p>&nbsp;<\/p>\n<p><img decoding=\"async\" loading=\"lazy\" class=\"\" src=\"https:\/\/creerycomprender.com\/wp-content\/uploads\/2022\/01\/Un-universo-eterno.jpg\" alt=\"Un universo eterno? - Creer y Comprender\" width=\"698\" height=\"442\" \/><\/p>\n<p><strong>\u00a0 \u00a0 \u00a0 \u00a0 \u00a0 \u00a0 \u00a0 \u00a0 \u00a0 \u00a0 \u00a0 \u00a0 \u00a0 \u00a0 \u00a0 \u00a0 \u00a0 \u00a0 \u00a0 \u00a0 \u00a0 La sensaci\u00f3n de un Universo Eterno, de una Conciencia C\u00f3smica<\/strong><\/p>\n<p style=\"text-align: justify;\"><b>Hemos visto que nada desaparece en el Universo. Cuando la qu\u00edmica y la f\u00edsica nos demuestran que ning\u00fan \u00e1tomo se pierde, que ninguna fuerza se desvanece, \u00bfC\u00f3mo creer que esta unidad en la cual se resumen todas las potencias intelectuales llegue a disolverse? \u00bfC\u00f3mo creer que este yo consciente en que la vida se libra de las cadenas de la fatalidad pueda perecer?<\/b><\/p>\n<p style=\"text-align: justify;\"><b>No solamente la l\u00f3gica y la moral, sino adem\u00e1s los hechos mismos, hechos de orden sensible, a la vez fisiol\u00f3gicos y ps\u00edquicos, todo viene a demostrar la persistencia del ser consciente: el alma se recobra m\u00e1s all\u00e1 de la tumba, tal como se hizo a s\u00ed misma mediante sus actos y sus trabajos en el transcurso de su existencia terrena.<\/b><\/p>\n<p>&nbsp;<\/p>\n<p><img decoding=\"async\" loading=\"lazy\" class=\"\" src=\"https:\/\/e.rpp-noticias.io\/xlarge\/2016\/11\/14\/288401life-after-death-728897jpg.jpg\" alt=\"El alma puede permanecer despu\u00e9s de la muerte, seg\u00fan la ciencia | RPP Noticias\" width=\"690\" height=\"388\" \/><\/p>\n<p><strong>\u00a0 \u00a0 \u00a0 \u00a0 \u00a0 \u00a0 \u00a0 \u00a0 \u00a0 \u00a0 \u00a0 \u00a0 \u00a0 \u00a0 \u00a0 \u00a0 La creencia de que el Alma permanece despu\u00e9s de la muerte corporal<\/strong><\/p>\n<p style=\"text-align: justify;\"><b>Si la muerte fuese la \u00faltima palabra de todas las cosas; si nuestros destinos se limitasen a esta vida fugitiva, \u00bftendr\u00edamos estas aspiraciones hacia un estado perfecto del que nadie en la tierra puede darnos idea? \u00bfTendr\u00edamos esta sed de conocer, de saber, que nada puede apaciguar? Si todo cesase en la tumba, \u00bfporqu\u00e9 estas necesidades, estos sue\u00f1os, estas tendencias inexplicables? Este grito poderoso del ser humano que resuena a trav\u00e9s de los siglos, esas esperanzas infinitas, estos transportes irresistibles\u00a0 hacia el progreso y hacia la luz, \u00bfno han de ser m\u00e1s que los atributos de una sombra pasajera, apenas de una agregaci\u00f3n de mol\u00e9culas, apenas formada inmediatamente desvanecida? \u00bfQu\u00e9 es, pues la vida terrena, tan corta que no nos permite siquiera, en su mayor duraci\u00f3n llegar a los limites de la ciencia, tan llena de impotencia, de amargura, de desilusi\u00f3n; que nada\u00a0 en ella nos satisface por entero, hasta el punto de que despu\u00e9s de haber obtenido el objeto de nuestros deseos continuamos insaciables y nos dejamos atraer por una finalidad\u00a0 m\u00e1s lejana y m\u00e1s inaccesible? La persistencia que ponemos en perseguir \u2013a pesar de las decepciones- un ideal que no est\u00e1 en este mundo, una felicidad que nos rehuye siempre, es una indicaci\u00f3n suficiente de que hay otra cosa distinta de la vida presente. La naturaleza no podr\u00eda dar al ser aspiraciones, esperanzas irrealizables. Las necesidades ilimitadas del alma reclaman forzosamente una vida sin l\u00edmites.<\/b><\/p>\n<p><b><i>\u00a0\u00a0\u00a0\u00a0\u00a0\u00a0\u00a0\u00a0\u00a0\u00a0\u00a0\u00a0\u00a0\u00a0\u00a0\u00a0\u00a0\u00a0\u00a0\u00a0\u00a0\u00a0\u00a0\u00a0\u00a0\u00a0\u00a0\u00a0\u00a0\u00a0\u00a0\u00a0\u00a0\u00a0\u00a0\u00a0\u00a0\u00a0\u00a0\u00a0\u00a0\u00a0\u00a0\u00a0\u00a0\u00a0\u00a0\u00a0\u00a0-Escritos de Le\u00f3n Denis, recopilados por<\/i><\/b><b> Dante Pracilio<\/b><\/p>\n<p>&nbsp;<\/p>\n<div class='bookmark'>\r\n\t\t<table align='left' border='0' cellpadding='0' width='100%'>\r\n\t\t<tr><td><span class='pushbutton'><a href='http:\/\/delicious.com\/post?url=http%3A%2F%2Fwww.emiliosilveravazquez.com%2Fblog%2F2024%2F02%2F10%2Fla-existencia-del-alma-y-su-inmortalidad%2F&amp;title=LA+EXISTENCIA+DEL+ALMA+Y+SU+INMORTALIDAD' title='Delicious' target='_blank' rel='nofollow'><img src='http:\/\/www.emiliosilveravazquez.com\/blog\/wp-content\/plugins\/knxdt-bookmarks-wordpress-plugin\/images\/delicious.png'  alt='' class='book_img' border='none' style='margin:1px; padding: 0;'  \/><\/a><\/span><span class='pushbutton'><a href='http:\/\/digg.com\/submit?url=http%3A%2F%2Fwww.emiliosilveravazquez.com%2Fblog%2F2024%2F02%2F10%2Fla-existencia-del-alma-y-su-inmortalidad%2F&amp;title=LA+EXISTENCIA+DEL+ALMA+Y+SU+INMORTALIDAD' title='Digg' target='_blank' rel='nofollow'><img src='http:\/\/www.emiliosilveravazquez.com\/blog\/wp-content\/plugins\/knxdt-bookmarks-wordpress-plugin\/images\/digg.png'  alt='' class='book_img' border='none' style='margin:1px; padding: 0;'  \/><\/a><\/span><span class='pushbutton'><a href='http:\/\/www.google.com\/bookmarks\/mark?op=edit&amp;bkmk=http%3A%2F%2Fwww.emiliosilveravazquez.com%2Fblog%2F2024%2F02%2F10%2Fla-existencia-del-alma-y-su-inmortalidad%2F&amp;title=LA+EXISTENCIA+DEL+ALMA+Y+SU+INMORTALIDAD' title='Google' target='_blank' rel='nofollow'><img src='http:\/\/www.emiliosilveravazquez.com\/blog\/wp-content\/plugins\/knxdt-bookmarks-wordpress-plugin\/images\/google.png'   alt='' class='book_img' border='none' style='margin:1px; padding: 0;'  \/><\/a><\/span><span class='pushbutton'><a href='http:\/\/myweb2.search.yahoo.com\/myresults\/bookmarklet?u=http%3A%2F%2Fwww.emiliosilveravazquez.com%2Fblog%2F2024%2F02%2F10%2Fla-existencia-del-alma-y-su-inmortalidad%2F&amp;t=LA+EXISTENCIA+DEL+ALMA+Y+SU+INMORTALIDAD' title='Yahoo' target='_blank' rel='nofollow'><img src='http:\/\/www.emiliosilveravazquez.com\/blog\/wp-content\/plugins\/knxdt-bookmarks-wordpress-plugin\/images\/yahoo.png'  alt='' class='book_img' border='none' style='margin:1px; padding: 0;'  \/><\/a><\/span><span class='pushbutton'><a href='http:\/\/www.technorati.com\/faves?add=http%3A%2F%2Fwww.emiliosilveravazquez.com%2Fblog%2F2024%2F02%2F10%2Fla-existencia-del-alma-y-su-inmortalidad%2F' title='Technorati' target='_blank' rel='nofollow'><img src='http:\/\/www.emiliosilveravazquez.com\/blog\/wp-content\/plugins\/knxdt-bookmarks-wordpress-plugin\/images\/technorati.png'  alt='' class='book_img' border='none' style='margin:1px; padding: 0;'  \/><\/a><\/span><span class='pushbutton'><a href='http:\/\/meneame.net\/submit.php?url=http%3A%2F%2Fwww.emiliosilveravazquez.com%2Fblog%2F2024%2F02%2F10%2Fla-existencia-del-alma-y-su-inmortalidad%2F' title='Meneame' target='_blank' rel='nofollow'><img src='http:\/\/www.emiliosilveravazquez.com\/blog\/wp-content\/plugins\/knxdt-bookmarks-wordpress-plugin\/images\/meneame.png'  alt='' class='book_img' border='none' style='margin:1px; padding: 0;'  \/><\/a><\/span><span class='pushbutton'><a href='http:\/\/enchilame.com\/submit.php?url=http:\/\/www.emiliosilveravazquez.com\/blog\/2024\/02\/10\/la-existencia-del-alma-y-su-inmortalidad\/' target='_blank' rel='nofollow'><img title='Enchilame' src='http:\/\/www.emiliosilveravazquez.com\/blog\/wp-content\/plugins\/knxdt-bookmarks-wordpress-plugin\/images\/enchilame.png'  alt='' class='book_img' border='none' style='margin:1px; padding: 0;'  \/><\/a><\/span><span class='pushbutton'><a href='http:\/\/www.blinklist.com\/index.php?Action=Blink\/addblink.php&amp;Description=&amp;Url=http%3A%2F%2Fwww.emiliosilveravazquez.com%2Fblog%2F2024%2F02%2F10%2Fla-existencia-del-alma-y-su-inmortalidad%2F&amp;title=LA+EXISTENCIA+DEL+ALMA+Y+SU+INMORTALIDAD' title='BlinkList' target='_blank' rel='nofollow'><img src='http:\/\/www.emiliosilveravazquez.com\/blog\/wp-content\/plugins\/knxdt-bookmarks-wordpress-plugin\/images\/blinklist.png'  alt='' class='book_img' border='none' style='margin:1px; padding: 0;'  \/><\/a><\/span><span class='pushbutton'><a href='http:\/\/reddit.com\/submit?url=http%3A%2F%2Fwww.emiliosilveravazquez.com%2Fblog%2F2024%2F02%2F10%2Fla-existencia-del-alma-y-su-inmortalidad%2F&amp;title=LA+EXISTENCIA+DEL+ALMA+Y+SU+INMORTALIDAD' title='Reddit' target='_blank' rel='nofollow'><img src='http:\/\/www.emiliosilveravazquez.com\/blog\/wp-content\/plugins\/knxdt-bookmarks-wordpress-plugin\/images\/reddit.png'  alt='' class='book_img' border='none' style='margin:1px; padding: 0;'  \/><\/a><\/span><span class='pushbutton'><a href='http:\/\/www.tecnologiadiaria.com\/2009\/07\/abrir-com-hotmail-correo.html' target='_blank' title='hotmail'><img src='http:\/\/www.emiliosilveravazquez.com\/blog\/wp-content\/plugins\/knxdt-bookmarks-wordpress-plugin\/images\/linklove.png' alt='hotmail correo' class='book_img' border='none' style='margin:1px; padding: 0;' \/><\/a><\/span><span class='pushbutton'><a href='http:\/\/bitacoras.com\/votar\/anotacion\/externo\/mini\/www.emiliosilveravazquez.com\/blog\/2024\/02\/10\/la-existencia-del-alma-y-su-inmortalidad\/' title='Bitacoras.com' target='_blank' rel='nofollow'><img src='http:\/\/www.emiliosilveravazquez.com\/blog\/wp-content\/plugins\/knxdt-bookmarks-wordpress-plugin\/images\/bitacoras.png'  alt='' class='book_img' border='none' style='margin:1px; padding: 0;'  \/><\/a><\/span><span class='pushbutton'><a href='http:\/\/www.wikio.es\/vote?url=http%3A%2F%2Fwww.emiliosilveravazquez.com%2Fblog%2F2024%2F02%2F10%2Fla-existencia-del-alma-y-su-inmortalidad%2F' title='Wikio' target='_blank' rel='nofollow'><img src='http:\/\/www.emiliosilveravazquez.com\/blog\/wp-content\/plugins\/knxdt-bookmarks-wordpress-plugin\/images\/wikio.png'   alt='' class='book_img' border='none' style='margin:1px; padding: 0;'   \/><\/a><\/span><span class='pushbutton'><a href='http:\/\/friendfeed.com\/?url=http%3A%2F%2Fwww.emiliosilveravazquez.com%2Fblog%2F2024%2F02%2F10%2Fla-existencia-del-alma-y-su-inmortalidad%2F&amp;title=LA+EXISTENCIA+DEL+ALMA+Y+SU+INMORTALIDAD' title='Friend Feed' target='_blank' rel='nofollow'><img src='http:\/\/www.emiliosilveravazquez.com\/blog\/wp-content\/plugins\/knxdt-bookmarks-wordpress-plugin\/images\/friendfeed.png'  alt='' class='book_img' border='none' style='margin:1px; padding: 0;'  \/><\/a><\/span><span class='pushbutton'><a href='http:\/\/www.facebook.com\/share.php?u=http%3A%2F%2Fwww.emiliosilveravazquez.com%2Fblog%2F2024%2F02%2F10%2Fla-existencia-del-alma-y-su-inmortalidad%2F&amp;t=LA+EXISTENCIA+DEL+ALMA+Y+SU+INMORTALIDAD' title='Facebook' target='_blank' rel='nofollow'><img src='http:\/\/www.emiliosilveravazquez.com\/blog\/wp-content\/plugins\/knxdt-bookmarks-wordpress-plugin\/images\/facebook.png'  alt='' class='book_img' border='none' style='margin:1px; padding: 0;'  \/><\/a><\/span><span class='pushbutton'><a href='http:\/\/twitter.com\/home?status=LA+EXISTENCIA+DEL+ALMA+Y+SU+INMORTALIDAD: http%3A%2F%2Fwww.emiliosilveravazquez.com%2Fblog%2F2024%2F02%2F10%2Fla-existencia-del-alma-y-su-inmortalidad%2F' title='Twitter' target='_blank' rel='nofollow'><img src='http:\/\/www.emiliosilveravazquez.com\/blog\/wp-content\/plugins\/knxdt-bookmarks-wordpress-plugin\/images\/twitter.png'  alt='' class='book_img' border='none' style='margin:1px; padding: 0;'  \/><\/a><\/span><span class='pushbutton'><a href='http:\/\/www.feedburner.com\/fb\/a\/emailFlare?itemTitle=LA+EXISTENCIA+DEL+ALMA+Y+SU+INMORTALIDAD&amp;uri=http%3A%2F%2Fwww.emiliosilveravazquez.com%2Fblog%2F2024%2F02%2F10%2Fla-existencia-del-alma-y-su-inmortalidad%2F' title='Enviar por Email' target='_blank' rel='nofollow'><img src='http:\/\/www.emiliosilveravazquez.com\/blog\/wp-content\/plugins\/knxdt-bookmarks-wordpress-plugin\/images\/email.png'  alt='' class='book_img' border='none' style='margin:1px; padding: 0;'  \/><\/a><\/span><span style='font-weight:bold; padding-left: 5px;'><a href='http:\/\/wordpress.org\/extend\/plugins\/knxdt-bookmarks-wordpress-plugin\/' title='Plugin' rel='nofollow' target='_blank'>[?]<\/a><\/span><\/td><\/tr><\/table><br\/><br\/><\/div>","protected":false},"excerpt":{"rendered":"<p>&nbsp; \u00a0\u00a0\u00a0\u00a0\u00a0\u00a0\u00a0\u00a0\u00a0\u00a0\u00a0\u00a0\u00a0\u00a0Establecida la existencia del alma, nos dice el gran fil\u00f3sofo de la Espiritualidad Le\u00f3n Denis, el problema de la inmortalidad se presenta inmediatamente. Es \u00e9sta una cuesti\u00f3n de la mayor importancia, pues la inmortalidad es la \u00fanica sanci\u00f3n que se ofrece a la ley moral, la \u00fanica concepci\u00f3n que satisface nuestras ideas de justicia [&hellip;]<\/p>\n","protected":false},"author":2,"featured_media":0,"comment_status":"open","ping_status":"open","sticky":false,"template":"","format":"standard","meta":{"_s2mail":"","footnotes":""},"categories":[1],"tags":[],"_links":{"self":[{"href":"http:\/\/www.emiliosilveravazquez.com\/blog\/wp-json\/wp\/v2\/posts\/32091"}],"collection":[{"href":"http:\/\/www.emiliosilveravazquez.com\/blog\/wp-json\/wp\/v2\/posts"}],"about":[{"href":"http:\/\/www.emiliosilveravazquez.com\/blog\/wp-json\/wp\/v2\/types\/post"}],"author":[{"embeddable":true,"href":"http:\/\/www.emiliosilveravazquez.com\/blog\/wp-json\/wp\/v2\/users\/2"}],"replies":[{"embeddable":true,"href":"http:\/\/www.emiliosilveravazquez.com\/blog\/wp-json\/wp\/v2\/comments?post=32091"}],"version-history":[{"count":0,"href":"http:\/\/www.emiliosilveravazquez.com\/blog\/wp-json\/wp\/v2\/posts\/32091\/revisions"}],"wp:attachment":[{"href":"http:\/\/www.emiliosilveravazquez.com\/blog\/wp-json\/wp\/v2\/media?parent=32091"}],"wp:term":[{"taxonomy":"category","embeddable":true,"href":"http:\/\/www.emiliosilveravazquez.com\/blog\/wp-json\/wp\/v2\/categories?post=32091"},{"taxonomy":"post_tag","embeddable":true,"href":"http:\/\/www.emiliosilveravazquez.com\/blog\/wp-json\/wp\/v2\/tags?post=32091"}],"curies":[{"name":"wp","href":"https:\/\/api.w.org\/{rel}","templated":true}]}}