{"id":31884,"date":"2024-01-06T09:38:13","date_gmt":"2024-01-06T08:38:13","guid":{"rendered":"https:\/\/www.emiliosilveravazquez.com\/blog\/?p=31884"},"modified":"2024-01-06T09:38:13","modified_gmt":"2024-01-06T08:38:13","slug":"el-sol-nos-manda-la-luz-y-el-calor-para-vivir","status":"publish","type":"post","link":"http:\/\/www.emiliosilveravazquez.com\/blog\/2024\/01\/06\/el-sol-nos-manda-la-luz-y-el-calor-para-vivir\/","title":{"rendered":"\u00bfEl Sol? \u00a1Nos manda la luz y el calor para vivir!"},"content":{"rendered":"<p><iframe loading=\"lazy\" title=\"El Universo y Cosas que No Sab\u00edas - El Nacimiento Milagroso de Nuestro Sistema Solar\" width=\"500\" height=\"281\" src=\"https:\/\/www.youtube.com\/embed\/JwdCw3J53o8?feature=oembed\" frameborder=\"0\" allow=\"accelerometer; autoplay; clipboard-write; encrypted-media; gyroscope; picture-in-picture; web-share\" allowfullscreen><\/iframe><\/p>\n<p style=\"text-align: justify;\">Estamos en la zona habitable de esta estrella que nos alumbra y nos env\u00eda la luz y el calor que necesitamos para vivir. Sin embargo, todas sus actividades nos afectan de manera directa y, a veces, peligrosa.<\/p>\n<p>&nbsp;<\/p>\n<p><img decoding=\"async\" src=\"https:\/\/i.ytimg.com\/vi\/8JGF1fHthUI\/hqdefault.jpg\" alt=\"El Sol : estrella gigante roja. Enana blanca. Nebulosa planetaria. \u00bfSe acabar\u00e1 el Sistema Solar?\" \/><\/p>\n<p><strong>Mucho antes de la que Tierra sea calcinada&#8230;. \u00a1Hay que escapar a otros mundos!<\/strong><\/p>\n<p style=\"text-align: justify;\">Sabemos que le queda una vida de 5.000 millones de a\u00f1os, y, cuando llegue ese momento de que agote su combustible nuclear de fusi\u00f3n, se convertir\u00e1 en gigante roja que (literalmente), engullir\u00e1 a los planetas Mercurio y Venus quedando muy cerca de la Tierra que ser\u00e1 calcinada, los oc\u00e9anos se evaporar\u00e1n y la Vida desaparecer\u00e1 tal como la conocemos.<\/p>\n<p style=\"text-align: justify;\">S\u00ed, es cierto que falta mucho para que ese momento llegue, e, incluso, no sabemos si para entonces la Humanidad estar\u00e1 a\u00fan por aqu\u00ed. De todas las maneras, nuestra obligaci\u00f3n para la preservaci\u00f3n de la especie es ir buscando soluciones para cuando ese momento llegue.<\/p>\n<p>&nbsp;<\/p>\n<p><img decoding=\"async\" loading=\"lazy\" class=\"\" src=\"https:\/\/images.ecestaticos.com\/A8bWpftw615Fmu--Equ19aYiBh4=\/0x206:1024x782\/1338x752\/filters:fill(white):format(jpg)\/f.elconfidencial.com%2Foriginal%2Fb88%2Fd5e%2F7a3%2Fb88d5e7a353dc2ca47c3b644e4972300.jpg\" alt=\"El problema de las naves espaciales que viajan cerca de la velocidad de la luz\" width=\"575\" height=\"323\" \/><\/p>\n<p>Habremos conquistado la manera de viajar diferente a la convencional. El Tiempo es primordial<\/p>\n<p style=\"text-align: justify;\">El problema que tenemos que dilucidar, de manera muy principal, est\u00e1 centrado en nuestra ignorancia de tecnolog\u00edas futuras que nos permitan construir Naves Espaciales que aseguren la vida de los viajeros, que en ella puedan vivir durante largos per\u00edodos de tiempo como si en la Tierra estuvieran, que tenga todos los medios para que las familias puedan hacer una vida &#8220;casi&#8221; normal: Escuelas, hospitales, agricultura, ocio&#8230;<\/p>\n<p>&nbsp;<\/p>\n<p><img decoding=\"async\" loading=\"lazy\" class=\"\" src=\"https:\/\/thumbs.dreamstime.com\/b\/crear-escenarios-hipnotizadores-con-planetas-estelares-nebulosos-y-otras-maravillas-celestes-generativas-estrellas-que-dan-un-281546674.jpg\" alt=\"Crear Escenarios Hipnotizadores Con Planetas Estelares Nebulosos Y Otras Maravillas Celestes Generativas Stock de ilustraci\u00f3n - Ilustraci\u00f3n de necrosis, maravillas: 281546674\" width=\"514\" height=\"289\" \/><img decoding=\"async\" loading=\"lazy\" class=\"\" src=\"https:\/\/img.freepik.com\/fotos-premium\/escenarios-espacio-fondo_410516-18739.jpg?w=2000\" alt=\"Escenarios en el espacio para el fondo. | Foto Premium\" width=\"512\" height=\"341\" \/><img decoding=\"async\" loading=\"lazy\" class=\"\" src=\"https:\/\/img.freepik.com\/fotos-premium\/planetas-escenario-futuro-fantastico-llamarada-solar-galaxia-horizonte-imagen-8k_410516-57264.jpg\" alt=\"Planetas en un escenario de futuro fant\u00e1stico llamarada solar y galaxia en el horizonte imagen de 8k | Foto Premium\" width=\"511\" height=\"340\" \/><\/p>\n<p><strong>\u00a0 \u00a0 \u00a0 \u00a0 \u00a0 \u00a0 \u00a0 \u00a0 \u00a0 \u00a0Otros mundos habitables nos acoger\u00e1n<\/strong><\/p>\n<p style=\"text-align: justify;\">Ahora que hemos descubierto m\u00e1s de cinco mil planetas y muchos de ellos habitables, el problema ser\u00e1 saber como podremos llegar hasta all\u00ed para instalarnos. Cuando miramos hacia atr\u00e1s en el Tiempo, nos admiramos de lo mucho que hemos tenido que pasar hasta llegar al Presente. Sin embargo, el camino que nos queda por andar es m\u00e1s peligroso y, conseguir ese futuro so\u00f1ado nos costar\u00e1 un precio mu alto.<\/p>\n<p>&nbsp;<\/p>\n<p><img decoding=\"async\" src=\"https:\/\/s2.abcstatics.com\/Media\/201309\/18\/tierra-sol--644x362.jpg\" alt=\"La Tierra dejar\u00e1 de ser habitable dentro de 1.750 millones de a\u00f1os\" \/><\/p>\n<h1 class=\"GW0XC indIKd cS4Vcb-pGL6qe-fwJd0c\" style=\"text-align: justify;\">La Tierra dejar\u00e1 de ser habitable dentro de 1.750 millones de a\u00f1os.<\/h1>\n<p><img decoding=\"async\" loading=\"lazy\" class=\"\" src=\"https:\/\/mymodernmet.com\/wp\/wp-content\/uploads\/2022\/05\/andromeda-milky-way-collision-thumbnail.jpg\" alt=\"La V\u00eda L\u00e1ctea y la galaxia de Andr\u00f3meda eventualmente colisionar\u00e1n\" width=\"626\" height=\"329\" \/><\/p>\n<p><strong>El &#8220;casamiento&#8221; de Andr\u00f3meda y la V\u00eda L\u00e1ctea ser\u00e1 en unos miles de millones de a\u00f1os<\/strong><\/p>\n<p style=\"text-align: justify;\">Si actuamos con talento y aprovechamos el enorme Tiempo que tenemos para salvar las cat\u00e1strofes que se avecinan: (posible salida del planeta de la zona habitable, la llegada de Andr\u00f3meda), y, sin olvidar lo que nos pueda enviar el Azar, podremos utilizar herramientas de alto rendimiento que tenemos en nuestro poder:<\/p>\n<p>\u00bfQu\u00e9 herramientas:<\/p>\n<p>&nbsp;<\/p>\n<p><img decoding=\"async\" loading=\"lazy\" class=\"\" src=\"https:\/\/media.c5n.com\/p\/6329ca66b3e10e65f274c47e9ffe6e0b\/adjuntos\/326\/imagenes\/000\/203\/0000203350\/790x0\/smart\/robot-nasa.jpg\" alt=\"La incre\u00edble revelaci\u00f3n de la NASA sobre el uso de robots en el espacio\" width=\"472\" height=\"289\" \/><img decoding=\"async\" loading=\"lazy\" class=\"\" src=\"https:\/\/s1.eestatic.com\/2023\/05\/18\/omicrono\/tecnologia\/764683747_233244482_1706x960.jpg\" alt=\"El robot humanoide que se adelanta al Tesla Bot: aprende de los humanos para mandarlos al paro\" width=\"468\" height=\"264\" \/><img decoding=\"async\" loading=\"lazy\" class=\"\" src=\"https:\/\/i0.wp.com\/imgs.hipertextual.com\/wp-content\/uploads\/2011\/10\/Robonaut.jpg?fit=1000%2C800&amp;quality=50&amp;strip=all&amp;ssl=1\" alt=\"Robonaut 2, el robot-astronauta, ejercer\u00e1 de m\u00e9dico en el espacio\" width=\"469\" height=\"375\" \/><\/p>\n<p><strong>De hecho, la NASA ya hace pruebas para preparar a Robots astronautas\u00a0<\/strong><\/p>\n<p style=\"text-align: justify;\">Estos &#8220;Seres\u00b7 artificiales, debidamente preparados para ello, podr\u00e1n ser la avanzadilla que prepare a los planetas aspirantes a ser segundas &#8220;Tierras&#8221; para acoger a la Humanidad. Si los mandados unos a\u00f1os antes, cuando la expedici\u00f3n humana llegue al nuevo planeta, todo estar\u00e1 preparado para que se pueda comenzar de nuevo.<\/p>\n<p style=\"text-align: justify;\">El tema, por lo que nos afecta, es fascinante, y, tenemos que pensar en tantas cosas que, en realidad, dadas las distancias que nos separan, lo principal ser\u00e1 encontrar la manera de viajar m\u00e1s r\u00e1pido que la luz. Sin embargo, no ser\u00e1 f\u00e1cil encontrar la manera, ya que, sobrepasar dicha velocidad no es factible, el Universo impone ese l\u00edmite insalvable,. y, en ese caso, nos vemos obligados a buscar atajos que burle ese l\u00edmite, y, hasta el momento s\u00f3lo pensamos en Agujeros de Gusano y en el Hiperespacio pero&#8230; \u00bfC\u00f3mo conseguir abrir esas ventanas?<\/p>\n<p>Emilio Silvera<\/p>\n<p>&nbsp;<\/p>\n<div class='bookmark'>\r\n\t\t<table align='left' border='0' cellpadding='0' width='100%'>\r\n\t\t<tr><td><span class='pushbutton'><a href='http:\/\/delicious.com\/post?url=http%3A%2F%2Fwww.emiliosilveravazquez.com%2Fblog%2F2024%2F01%2F06%2Fel-sol-nos-manda-la-luz-y-el-calor-para-vivir%2F&amp;title=%C2%BFEl+Sol%3F+%C2%A1Nos+manda+la+luz+y+el+calor+para+vivir%21' title='Delicious' target='_blank' rel='nofollow'><img src='http:\/\/www.emiliosilveravazquez.com\/blog\/wp-content\/plugins\/knxdt-bookmarks-wordpress-plugin\/images\/delicious.png'  alt='' class='book_img' border='none' style='margin:1px; padding: 0;'  \/><\/a><\/span><span class='pushbutton'><a href='http:\/\/digg.com\/submit?url=http%3A%2F%2Fwww.emiliosilveravazquez.com%2Fblog%2F2024%2F01%2F06%2Fel-sol-nos-manda-la-luz-y-el-calor-para-vivir%2F&amp;title=%C2%BFEl+Sol%3F+%C2%A1Nos+manda+la+luz+y+el+calor+para+vivir%21' title='Digg' target='_blank' rel='nofollow'><img src='http:\/\/www.emiliosilveravazquez.com\/blog\/wp-content\/plugins\/knxdt-bookmarks-wordpress-plugin\/images\/digg.png'  alt='' class='book_img' border='none' style='margin:1px; padding: 0;'  \/><\/a><\/span><span class='pushbutton'><a href='http:\/\/www.google.com\/bookmarks\/mark?op=edit&amp;bkmk=http%3A%2F%2Fwww.emiliosilveravazquez.com%2Fblog%2F2024%2F01%2F06%2Fel-sol-nos-manda-la-luz-y-el-calor-para-vivir%2F&amp;title=%C2%BFEl+Sol%3F+%C2%A1Nos+manda+la+luz+y+el+calor+para+vivir%21' title='Google' target='_blank' rel='nofollow'><img src='http:\/\/www.emiliosilveravazquez.com\/blog\/wp-content\/plugins\/knxdt-bookmarks-wordpress-plugin\/images\/google.png'   alt='' class='book_img' border='none' style='margin:1px; padding: 0;'  \/><\/a><\/span><span class='pushbutton'><a href='http:\/\/myweb2.search.yahoo.com\/myresults\/bookmarklet?u=http%3A%2F%2Fwww.emiliosilveravazquez.com%2Fblog%2F2024%2F01%2F06%2Fel-sol-nos-manda-la-luz-y-el-calor-para-vivir%2F&amp;t=%C2%BFEl+Sol%3F+%C2%A1Nos+manda+la+luz+y+el+calor+para+vivir%21' title='Yahoo' target='_blank' rel='nofollow'><img src='http:\/\/www.emiliosilveravazquez.com\/blog\/wp-content\/plugins\/knxdt-bookmarks-wordpress-plugin\/images\/yahoo.png'  alt='' class='book_img' border='none' style='margin:1px; padding: 0;'  \/><\/a><\/span><span class='pushbutton'><a href='http:\/\/www.technorati.com\/faves?add=http%3A%2F%2Fwww.emiliosilveravazquez.com%2Fblog%2F2024%2F01%2F06%2Fel-sol-nos-manda-la-luz-y-el-calor-para-vivir%2F' title='Technorati' target='_blank' rel='nofollow'><img src='http:\/\/www.emiliosilveravazquez.com\/blog\/wp-content\/plugins\/knxdt-bookmarks-wordpress-plugin\/images\/technorati.png'  alt='' class='book_img' border='none' style='margin:1px; padding: 0;'  \/><\/a><\/span><span class='pushbutton'><a href='http:\/\/meneame.net\/submit.php?url=http%3A%2F%2Fwww.emiliosilveravazquez.com%2Fblog%2F2024%2F01%2F06%2Fel-sol-nos-manda-la-luz-y-el-calor-para-vivir%2F' title='Meneame' target='_blank' rel='nofollow'><img src='http:\/\/www.emiliosilveravazquez.com\/blog\/wp-content\/plugins\/knxdt-bookmarks-wordpress-plugin\/images\/meneame.png'  alt='' class='book_img' border='none' style='margin:1px; padding: 0;'  \/><\/a><\/span><span class='pushbutton'><a href='http:\/\/enchilame.com\/submit.php?url=http:\/\/www.emiliosilveravazquez.com\/blog\/2024\/01\/06\/el-sol-nos-manda-la-luz-y-el-calor-para-vivir\/' target='_blank' rel='nofollow'><img title='Enchilame' src='http:\/\/www.emiliosilveravazquez.com\/blog\/wp-content\/plugins\/knxdt-bookmarks-wordpress-plugin\/images\/enchilame.png'  alt='' class='book_img' border='none' style='margin:1px; padding: 0;'  \/><\/a><\/span><span class='pushbutton'><a href='http:\/\/www.blinklist.com\/index.php?Action=Blink\/addblink.php&amp;Description=&amp;Url=http%3A%2F%2Fwww.emiliosilveravazquez.com%2Fblog%2F2024%2F01%2F06%2Fel-sol-nos-manda-la-luz-y-el-calor-para-vivir%2F&amp;title=%C2%BFEl+Sol%3F+%C2%A1Nos+manda+la+luz+y+el+calor+para+vivir%21' title='BlinkList' target='_blank' rel='nofollow'><img src='http:\/\/www.emiliosilveravazquez.com\/blog\/wp-content\/plugins\/knxdt-bookmarks-wordpress-plugin\/images\/blinklist.png'  alt='' class='book_img' border='none' style='margin:1px; padding: 0;'  \/><\/a><\/span><span class='pushbutton'><a href='http:\/\/reddit.com\/submit?url=http%3A%2F%2Fwww.emiliosilveravazquez.com%2Fblog%2F2024%2F01%2F06%2Fel-sol-nos-manda-la-luz-y-el-calor-para-vivir%2F&amp;title=%C2%BFEl+Sol%3F+%C2%A1Nos+manda+la+luz+y+el+calor+para+vivir%21' title='Reddit' target='_blank' rel='nofollow'><img src='http:\/\/www.emiliosilveravazquez.com\/blog\/wp-content\/plugins\/knxdt-bookmarks-wordpress-plugin\/images\/reddit.png'  alt='' class='book_img' border='none' style='margin:1px; padding: 0;'  \/><\/a><\/span><span class='pushbutton'><a href='http:\/\/www.tecnologiadiaria.com\/2009\/07\/abrir-com-hotmail-correo.html' target='_blank' title='hotmail'><img src='http:\/\/www.emiliosilveravazquez.com\/blog\/wp-content\/plugins\/knxdt-bookmarks-wordpress-plugin\/images\/linklove.png' alt='hotmail correo' class='book_img' border='none' style='margin:1px; padding: 0;' \/><\/a><\/span><span class='pushbutton'><a href='http:\/\/bitacoras.com\/votar\/anotacion\/externo\/mini\/www.emiliosilveravazquez.com\/blog\/2024\/01\/06\/el-sol-nos-manda-la-luz-y-el-calor-para-vivir\/' title='Bitacoras.com' target='_blank' rel='nofollow'><img src='http:\/\/www.emiliosilveravazquez.com\/blog\/wp-content\/plugins\/knxdt-bookmarks-wordpress-plugin\/images\/bitacoras.png'  alt='' class='book_img' border='none' style='margin:1px; padding: 0;'  \/><\/a><\/span><span class='pushbutton'><a href='http:\/\/www.wikio.es\/vote?url=http%3A%2F%2Fwww.emiliosilveravazquez.com%2Fblog%2F2024%2F01%2F06%2Fel-sol-nos-manda-la-luz-y-el-calor-para-vivir%2F' title='Wikio' target='_blank' rel='nofollow'><img src='http:\/\/www.emiliosilveravazquez.com\/blog\/wp-content\/plugins\/knxdt-bookmarks-wordpress-plugin\/images\/wikio.png'   alt='' class='book_img' border='none' style='margin:1px; padding: 0;'   \/><\/a><\/span><span class='pushbutton'><a href='http:\/\/friendfeed.com\/?url=http%3A%2F%2Fwww.emiliosilveravazquez.com%2Fblog%2F2024%2F01%2F06%2Fel-sol-nos-manda-la-luz-y-el-calor-para-vivir%2F&amp;title=%C2%BFEl+Sol%3F+%C2%A1Nos+manda+la+luz+y+el+calor+para+vivir%21' title='Friend Feed' target='_blank' rel='nofollow'><img src='http:\/\/www.emiliosilveravazquez.com\/blog\/wp-content\/plugins\/knxdt-bookmarks-wordpress-plugin\/images\/friendfeed.png'  alt='' class='book_img' border='none' style='margin:1px; padding: 0;'  \/><\/a><\/span><span class='pushbutton'><a href='http:\/\/www.facebook.com\/share.php?u=http%3A%2F%2Fwww.emiliosilveravazquez.com%2Fblog%2F2024%2F01%2F06%2Fel-sol-nos-manda-la-luz-y-el-calor-para-vivir%2F&amp;t=%C2%BFEl+Sol%3F+%C2%A1Nos+manda+la+luz+y+el+calor+para+vivir%21' title='Facebook' target='_blank' rel='nofollow'><img src='http:\/\/www.emiliosilveravazquez.com\/blog\/wp-content\/plugins\/knxdt-bookmarks-wordpress-plugin\/images\/facebook.png'  alt='' class='book_img' border='none' style='margin:1px; padding: 0;'  \/><\/a><\/span><span class='pushbutton'><a href='http:\/\/twitter.com\/home?status=%C2%BFEl+Sol%3F+%C2%A1Nos+manda+la+luz+y+el+calor+para+vivir%21: http%3A%2F%2Fwww.emiliosilveravazquez.com%2Fblog%2F2024%2F01%2F06%2Fel-sol-nos-manda-la-luz-y-el-calor-para-vivir%2F' title='Twitter' target='_blank' rel='nofollow'><img src='http:\/\/www.emiliosilveravazquez.com\/blog\/wp-content\/plugins\/knxdt-bookmarks-wordpress-plugin\/images\/twitter.png'  alt='' class='book_img' border='none' style='margin:1px; padding: 0;'  \/><\/a><\/span><span class='pushbutton'><a href='http:\/\/www.feedburner.com\/fb\/a\/emailFlare?itemTitle=%C2%BFEl+Sol%3F+%C2%A1Nos+manda+la+luz+y+el+calor+para+vivir%21&amp;uri=http%3A%2F%2Fwww.emiliosilveravazquez.com%2Fblog%2F2024%2F01%2F06%2Fel-sol-nos-manda-la-luz-y-el-calor-para-vivir%2F' title='Enviar por Email' target='_blank' rel='nofollow'><img src='http:\/\/www.emiliosilveravazquez.com\/blog\/wp-content\/plugins\/knxdt-bookmarks-wordpress-plugin\/images\/email.png'  alt='' class='book_img' border='none' style='margin:1px; padding: 0;'  \/><\/a><\/span><span style='font-weight:bold; padding-left: 5px;'><a href='http:\/\/wordpress.org\/extend\/plugins\/knxdt-bookmarks-wordpress-plugin\/' title='Plugin' rel='nofollow' target='_blank'>[?]<\/a><\/span><\/td><\/tr><\/table><br\/><br\/><\/div>","protected":false},"excerpt":{"rendered":"<p>Estamos en la zona habitable de esta estrella que nos alumbra y nos env\u00eda la luz y el calor que necesitamos para vivir. Sin embargo, todas sus actividades nos afectan de manera directa y, a veces, peligrosa. &nbsp; Mucho antes de la que Tierra sea calcinada&#8230;. \u00a1Hay que escapar a otros mundos! Sabemos que le [&hellip;]<\/p>\n","protected":false},"author":2,"featured_media":0,"comment_status":"open","ping_status":"open","sticky":false,"template":"","format":"standard","meta":{"_s2mail":"","footnotes":""},"categories":[1],"tags":[],"_links":{"self":[{"href":"http:\/\/www.emiliosilveravazquez.com\/blog\/wp-json\/wp\/v2\/posts\/31884"}],"collection":[{"href":"http:\/\/www.emiliosilveravazquez.com\/blog\/wp-json\/wp\/v2\/posts"}],"about":[{"href":"http:\/\/www.emiliosilveravazquez.com\/blog\/wp-json\/wp\/v2\/types\/post"}],"author":[{"embeddable":true,"href":"http:\/\/www.emiliosilveravazquez.com\/blog\/wp-json\/wp\/v2\/users\/2"}],"replies":[{"embeddable":true,"href":"http:\/\/www.emiliosilveravazquez.com\/blog\/wp-json\/wp\/v2\/comments?post=31884"}],"version-history":[{"count":0,"href":"http:\/\/www.emiliosilveravazquez.com\/blog\/wp-json\/wp\/v2\/posts\/31884\/revisions"}],"wp:attachment":[{"href":"http:\/\/www.emiliosilveravazquez.com\/blog\/wp-json\/wp\/v2\/media?parent=31884"}],"wp:term":[{"taxonomy":"category","embeddable":true,"href":"http:\/\/www.emiliosilveravazquez.com\/blog\/wp-json\/wp\/v2\/categories?post=31884"},{"taxonomy":"post_tag","embeddable":true,"href":"http:\/\/www.emiliosilveravazquez.com\/blog\/wp-json\/wp\/v2\/tags?post=31884"}],"curies":[{"name":"wp","href":"https:\/\/api.w.org\/{rel}","templated":true}]}}