{"id":31769,"date":"2023-12-11T20:35:30","date_gmt":"2023-12-11T19:35:30","guid":{"rendered":"http:\/\/www.emiliosilveravazquez.com\/blog\/?p=31769"},"modified":"2023-12-11T20:35:30","modified_gmt":"2023-12-11T19:35:30","slug":"conocer-la-estructura-galactica-a-la-que-pertenecemos","status":"publish","type":"post","link":"http:\/\/www.emiliosilveravazquez.com\/blog\/2023\/12\/11\/conocer-la-estructura-galactica-a-la-que-pertenecemos\/","title":{"rendered":"Conocer la estructura gal\u00e1ctica a la que pertenecemos"},"content":{"rendered":"<p><iframe loading=\"lazy\" title=\"El misterio de Laniakea \u00bfQu\u00e9 esconde nuestro gigantesco superc\u00famulo del Universo? Documental Espacio\" width=\"500\" height=\"281\" src=\"https:\/\/www.youtube.com\/embed\/1KBMsrf31rQ?feature=oembed\" frameborder=\"0\" allow=\"accelerometer; autoplay; clipboard-write; encrypted-media; gyroscope; picture-in-picture; web-share\" allowfullscreen><\/iframe><\/p>\n<p style=\"text-align: justify;\">S\u00ed, vivimos en la Tierra, un peque\u00f1o planeta de roca y agua que recibe la luz y el calor que nos manda el Sol, y, aqu\u00ed confinados, no somos conscientes de un conjunto inmensamente mayor al que pertenecemos. Un peque\u00f1o sistema de planetas y de una estrella mediana &#8220;amarilla&#8221; (en realidad es verde), de la clase G2v, es es todo nuestro vecindario m\u00e1s cercano.<\/p>\n<p style=\"text-align: justify;\">Claro que todo eso est\u00e1 dentro de una Galaxia a la que llamamos V\u00eda L\u00e1ctea que, al mismo tiempo, es una de las decenas que componen el llamado Grupo Local que, a su vez, es parte de un super-c\u00famulo mayor.<\/p>\n<p style=\"text-align: justify;\">El video nos habla de todo eso y, lo mejor ser\u00e1 o\u00edr las explicaciones que nos dan sobre toda esta inmensidad de la que formamos parte. Con lo \u00fanico que no estoy de acuerdo es con el hecho de que han incluido en las explicaciones a la\u00a0 hipot\u00e9tica &#8220;<a href=\"#\" onclick=\"referencia('materia oscura',event); return false;\">materia oscura<\/a>&#8221; que, no sabiendo lo que es o de qu\u00e9 est\u00e1 formada, se habla de ella como de algo familiar y bien conocido.<\/p>\n<p>Con la &#8220;<a href=\"#\" onclick=\"referencia('materia oscura',event); return false;\">materia oscura<\/a>&#8221; hemos llegado a repetir tanto una posible &#8220;mentira&#8221; que la confundimos con una verdad.<\/p>\n<p>Entonces&#8230;\u00bf Podemos decir que la &#8220;<a href=\"#\" onclick=\"referencia('materia oscura',event); return false;\">materia oscura<\/a> no existe&#8221;?<\/p>\n<p style=\"text-align: justify;\">No, lo que tenemos que hacer es hablar de ella como posible forma de materia que podr\u00eda existir y que es la responsable del movimiento observado en las estrellas y galaxias que no corresponde al que tendr\u00edan si la materia del Universo fuese la que vemos.<\/p>\n<p style=\"text-align: justify;\">Dicen que no genera radiaci\u00f3n (\u00bf), que s\u00ed genera fuerza de Gravedad (\u00bf), no sabemos de qu\u00e9 part\u00edculas estar\u00e1 hecha esa hipot\u00e9tica materia, y, sin saber (si realmente est\u00e1 ah\u00ed fuera), como se distribuye, dicen que permea todo el Universo, es decir, que est\u00e1 por todas partes y, adem\u00e1s de todas esas faltas de conocimiento cierto, le dan un valor del 23%, mientras que la materia que podemos ver (la bari\u00f3nica), la que est\u00e1 hecha de Quarks y Leptones, la materia luminosa de la que est\u00e1n hechas las estrellas, los mundos y nosotros, s\u00f3lo supone el 4%.<\/p>\n<p>\u00bfEstaremos perdiendo el Norte?<\/p>\n<p>Ya dec\u00eda el F\u00edsico premio Nobel de Holanda que: &#8220;La <a href=\"#\" onclick=\"referencia('materia oscura',event); return false;\">materia oscura<\/a> es la alfombra bajo la cual, los cosm\u00f3logos barren su ignorancia?<\/p>\n<div class='bookmark'>\r\n\t\t<table align='left' border='0' cellpadding='0' width='100%'>\r\n\t\t<tr><td><span class='pushbutton'><a href='http:\/\/delicious.com\/post?url=http%3A%2F%2Fwww.emiliosilveravazquez.com%2Fblog%2F2023%2F12%2F11%2Fconocer-la-estructura-galactica-a-la-que-pertenecemos%2F&amp;title=Conocer+la+estructura+gal%C3%A1ctica+a+la+que+pertenecemos' title='Delicious' target='_blank' rel='nofollow'><img src='http:\/\/www.emiliosilveravazquez.com\/blog\/wp-content\/plugins\/knxdt-bookmarks-wordpress-plugin\/images\/delicious.png'  alt='' class='book_img' border='none' style='margin:1px; padding: 0;'  \/><\/a><\/span><span class='pushbutton'><a href='http:\/\/digg.com\/submit?url=http%3A%2F%2Fwww.emiliosilveravazquez.com%2Fblog%2F2023%2F12%2F11%2Fconocer-la-estructura-galactica-a-la-que-pertenecemos%2F&amp;title=Conocer+la+estructura+gal%C3%A1ctica+a+la+que+pertenecemos' title='Digg' target='_blank' rel='nofollow'><img src='http:\/\/www.emiliosilveravazquez.com\/blog\/wp-content\/plugins\/knxdt-bookmarks-wordpress-plugin\/images\/digg.png'  alt='' class='book_img' border='none' style='margin:1px; padding: 0;'  \/><\/a><\/span><span class='pushbutton'><a href='http:\/\/www.google.com\/bookmarks\/mark?op=edit&amp;bkmk=http%3A%2F%2Fwww.emiliosilveravazquez.com%2Fblog%2F2023%2F12%2F11%2Fconocer-la-estructura-galactica-a-la-que-pertenecemos%2F&amp;title=Conocer+la+estructura+gal%C3%A1ctica+a+la+que+pertenecemos' title='Google' target='_blank' rel='nofollow'><img src='http:\/\/www.emiliosilveravazquez.com\/blog\/wp-content\/plugins\/knxdt-bookmarks-wordpress-plugin\/images\/google.png'   alt='' class='book_img' border='none' style='margin:1px; padding: 0;'  \/><\/a><\/span><span class='pushbutton'><a href='http:\/\/myweb2.search.yahoo.com\/myresults\/bookmarklet?u=http%3A%2F%2Fwww.emiliosilveravazquez.com%2Fblog%2F2023%2F12%2F11%2Fconocer-la-estructura-galactica-a-la-que-pertenecemos%2F&amp;t=Conocer+la+estructura+gal%C3%A1ctica+a+la+que+pertenecemos' title='Yahoo' target='_blank' rel='nofollow'><img src='http:\/\/www.emiliosilveravazquez.com\/blog\/wp-content\/plugins\/knxdt-bookmarks-wordpress-plugin\/images\/yahoo.png'  alt='' class='book_img' border='none' style='margin:1px; padding: 0;'  \/><\/a><\/span><span class='pushbutton'><a href='http:\/\/www.technorati.com\/faves?add=http%3A%2F%2Fwww.emiliosilveravazquez.com%2Fblog%2F2023%2F12%2F11%2Fconocer-la-estructura-galactica-a-la-que-pertenecemos%2F' title='Technorati' target='_blank' rel='nofollow'><img src='http:\/\/www.emiliosilveravazquez.com\/blog\/wp-content\/plugins\/knxdt-bookmarks-wordpress-plugin\/images\/technorati.png'  alt='' class='book_img' border='none' style='margin:1px; padding: 0;'  \/><\/a><\/span><span class='pushbutton'><a href='http:\/\/meneame.net\/submit.php?url=http%3A%2F%2Fwww.emiliosilveravazquez.com%2Fblog%2F2023%2F12%2F11%2Fconocer-la-estructura-galactica-a-la-que-pertenecemos%2F' title='Meneame' target='_blank' rel='nofollow'><img src='http:\/\/www.emiliosilveravazquez.com\/blog\/wp-content\/plugins\/knxdt-bookmarks-wordpress-plugin\/images\/meneame.png'  alt='' class='book_img' border='none' style='margin:1px; padding: 0;'  \/><\/a><\/span><span class='pushbutton'><a href='http:\/\/enchilame.com\/submit.php?url=http:\/\/www.emiliosilveravazquez.com\/blog\/2023\/12\/11\/conocer-la-estructura-galactica-a-la-que-pertenecemos\/' target='_blank' rel='nofollow'><img title='Enchilame' src='http:\/\/www.emiliosilveravazquez.com\/blog\/wp-content\/plugins\/knxdt-bookmarks-wordpress-plugin\/images\/enchilame.png'  alt='' class='book_img' border='none' style='margin:1px; padding: 0;'  \/><\/a><\/span><span class='pushbutton'><a href='http:\/\/www.blinklist.com\/index.php?Action=Blink\/addblink.php&amp;Description=&amp;Url=http%3A%2F%2Fwww.emiliosilveravazquez.com%2Fblog%2F2023%2F12%2F11%2Fconocer-la-estructura-galactica-a-la-que-pertenecemos%2F&amp;title=Conocer+la+estructura+gal%C3%A1ctica+a+la+que+pertenecemos' title='BlinkList' target='_blank' rel='nofollow'><img src='http:\/\/www.emiliosilveravazquez.com\/blog\/wp-content\/plugins\/knxdt-bookmarks-wordpress-plugin\/images\/blinklist.png'  alt='' class='book_img' border='none' style='margin:1px; padding: 0;'  \/><\/a><\/span><span class='pushbutton'><a href='http:\/\/reddit.com\/submit?url=http%3A%2F%2Fwww.emiliosilveravazquez.com%2Fblog%2F2023%2F12%2F11%2Fconocer-la-estructura-galactica-a-la-que-pertenecemos%2F&amp;title=Conocer+la+estructura+gal%C3%A1ctica+a+la+que+pertenecemos' title='Reddit' target='_blank' rel='nofollow'><img src='http:\/\/www.emiliosilveravazquez.com\/blog\/wp-content\/plugins\/knxdt-bookmarks-wordpress-plugin\/images\/reddit.png'  alt='' class='book_img' border='none' style='margin:1px; padding: 0;'  \/><\/a><\/span><span class='pushbutton'><a href='http:\/\/www.tecnologiadiaria.com\/2009\/07\/abrir-com-hotmail-correo.html' target='_blank' title='hotmail'><img src='http:\/\/www.emiliosilveravazquez.com\/blog\/wp-content\/plugins\/knxdt-bookmarks-wordpress-plugin\/images\/linklove.png' alt='hotmail correo' class='book_img' border='none' style='margin:1px; padding: 0;' \/><\/a><\/span><span class='pushbutton'><a href='http:\/\/bitacoras.com\/votar\/anotacion\/externo\/mini\/www.emiliosilveravazquez.com\/blog\/2023\/12\/11\/conocer-la-estructura-galactica-a-la-que-pertenecemos\/' title='Bitacoras.com' target='_blank' rel='nofollow'><img src='http:\/\/www.emiliosilveravazquez.com\/blog\/wp-content\/plugins\/knxdt-bookmarks-wordpress-plugin\/images\/bitacoras.png'  alt='' class='book_img' border='none' style='margin:1px; padding: 0;'  \/><\/a><\/span><span class='pushbutton'><a href='http:\/\/www.wikio.es\/vote?url=http%3A%2F%2Fwww.emiliosilveravazquez.com%2Fblog%2F2023%2F12%2F11%2Fconocer-la-estructura-galactica-a-la-que-pertenecemos%2F' title='Wikio' target='_blank' rel='nofollow'><img src='http:\/\/www.emiliosilveravazquez.com\/blog\/wp-content\/plugins\/knxdt-bookmarks-wordpress-plugin\/images\/wikio.png'   alt='' class='book_img' border='none' style='margin:1px; padding: 0;'   \/><\/a><\/span><span class='pushbutton'><a href='http:\/\/friendfeed.com\/?url=http%3A%2F%2Fwww.emiliosilveravazquez.com%2Fblog%2F2023%2F12%2F11%2Fconocer-la-estructura-galactica-a-la-que-pertenecemos%2F&amp;title=Conocer+la+estructura+gal%C3%A1ctica+a+la+que+pertenecemos' title='Friend Feed' target='_blank' rel='nofollow'><img src='http:\/\/www.emiliosilveravazquez.com\/blog\/wp-content\/plugins\/knxdt-bookmarks-wordpress-plugin\/images\/friendfeed.png'  alt='' class='book_img' border='none' style='margin:1px; padding: 0;'  \/><\/a><\/span><span class='pushbutton'><a href='http:\/\/www.facebook.com\/share.php?u=http%3A%2F%2Fwww.emiliosilveravazquez.com%2Fblog%2F2023%2F12%2F11%2Fconocer-la-estructura-galactica-a-la-que-pertenecemos%2F&amp;t=Conocer+la+estructura+gal%C3%A1ctica+a+la+que+pertenecemos' title='Facebook' target='_blank' rel='nofollow'><img src='http:\/\/www.emiliosilveravazquez.com\/blog\/wp-content\/plugins\/knxdt-bookmarks-wordpress-plugin\/images\/facebook.png'  alt='' class='book_img' border='none' style='margin:1px; padding: 0;'  \/><\/a><\/span><span class='pushbutton'><a href='http:\/\/twitter.com\/home?status=Conocer+la+estructura+gal%C3%A1ctica+a+la+que+pertenecemos: http%3A%2F%2Fwww.emiliosilveravazquez.com%2Fblog%2F2023%2F12%2F11%2Fconocer-la-estructura-galactica-a-la-que-pertenecemos%2F' title='Twitter' target='_blank' rel='nofollow'><img src='http:\/\/www.emiliosilveravazquez.com\/blog\/wp-content\/plugins\/knxdt-bookmarks-wordpress-plugin\/images\/twitter.png'  alt='' class='book_img' border='none' style='margin:1px; padding: 0;'  \/><\/a><\/span><span class='pushbutton'><a href='http:\/\/www.feedburner.com\/fb\/a\/emailFlare?itemTitle=Conocer+la+estructura+gal%C3%A1ctica+a+la+que+pertenecemos&amp;uri=http%3A%2F%2Fwww.emiliosilveravazquez.com%2Fblog%2F2023%2F12%2F11%2Fconocer-la-estructura-galactica-a-la-que-pertenecemos%2F' title='Enviar por Email' target='_blank' rel='nofollow'><img src='http:\/\/www.emiliosilveravazquez.com\/blog\/wp-content\/plugins\/knxdt-bookmarks-wordpress-plugin\/images\/email.png'  alt='' class='book_img' border='none' style='margin:1px; padding: 0;'  \/><\/a><\/span><span style='font-weight:bold; padding-left: 5px;'><a href='http:\/\/wordpress.org\/extend\/plugins\/knxdt-bookmarks-wordpress-plugin\/' title='Plugin' rel='nofollow' target='_blank'>[?]<\/a><\/span><\/td><\/tr><\/table><br\/><br\/><\/div>","protected":false},"excerpt":{"rendered":"<p>S\u00ed, vivimos en la Tierra, un peque\u00f1o planeta de roca y agua que recibe la luz y el calor que nos manda el Sol, y, aqu\u00ed confinados, no somos conscientes de un conjunto inmensamente mayor al que pertenecemos. Un peque\u00f1o sistema de planetas y de una estrella mediana &#8220;amarilla&#8221; (en realidad es verde), de la [&hellip;]<\/p>\n","protected":false},"author":2,"featured_media":0,"comment_status":"open","ping_status":"open","sticky":false,"template":"","format":"standard","meta":{"_s2mail":"","footnotes":""},"categories":[1],"tags":[],"_links":{"self":[{"href":"http:\/\/www.emiliosilveravazquez.com\/blog\/wp-json\/wp\/v2\/posts\/31769"}],"collection":[{"href":"http:\/\/www.emiliosilveravazquez.com\/blog\/wp-json\/wp\/v2\/posts"}],"about":[{"href":"http:\/\/www.emiliosilveravazquez.com\/blog\/wp-json\/wp\/v2\/types\/post"}],"author":[{"embeddable":true,"href":"http:\/\/www.emiliosilveravazquez.com\/blog\/wp-json\/wp\/v2\/users\/2"}],"replies":[{"embeddable":true,"href":"http:\/\/www.emiliosilveravazquez.com\/blog\/wp-json\/wp\/v2\/comments?post=31769"}],"version-history":[{"count":0,"href":"http:\/\/www.emiliosilveravazquez.com\/blog\/wp-json\/wp\/v2\/posts\/31769\/revisions"}],"wp:attachment":[{"href":"http:\/\/www.emiliosilveravazquez.com\/blog\/wp-json\/wp\/v2\/media?parent=31769"}],"wp:term":[{"taxonomy":"category","embeddable":true,"href":"http:\/\/www.emiliosilveravazquez.com\/blog\/wp-json\/wp\/v2\/categories?post=31769"},{"taxonomy":"post_tag","embeddable":true,"href":"http:\/\/www.emiliosilveravazquez.com\/blog\/wp-json\/wp\/v2\/tags?post=31769"}],"curies":[{"name":"wp","href":"https:\/\/api.w.org\/{rel}","templated":true}]}}