{"id":31708,"date":"2023-12-04T06:16:59","date_gmt":"2023-12-04T05:16:59","guid":{"rendered":"http:\/\/www.emiliosilveravazquez.com\/blog\/?p=31708"},"modified":"2023-12-04T06:16:59","modified_gmt":"2023-12-04T05:16:59","slug":"la-evolucion-humana","status":"publish","type":"post","link":"http:\/\/www.emiliosilveravazquez.com\/blog\/2023\/12\/04\/la-evolucion-humana\/","title":{"rendered":"La Evoluci\u00f3n Humana"},"content":{"rendered":"<div class=\"css-1awj9go\">\n<h1 class=\"css-1sgbwt8\" style=\"text-align: justify;\">Los conceptos b\u00e1sicos de la evoluci\u00f3n humana<\/h1>\n<h2 class=\"css-ju6on1\" style=\"text-align: justify;\">Con el reciente descubrimiento del &#8216;Homo Naledi&#8217;, posiblemente venga bien recapitular acerca de los conceptos b\u00e1sicos de antropolog\u00eda.<\/h2>\n<div class=\"css-se91k\" style=\"text-align: justify;\">\n<div class=\"css-674bmm\">POR\u00a0<a class=\"css-ai0cl0\" href=\"https:\/\/www.nationalgeographic.es\/autor\/nadia-drake\">NADIA DRAKE<\/a><\/div>\n<div class=\"css-y3gdhp\"><\/div>\n<\/div>\n<\/div>\n<div class=\"ngart-img--large module--type-PhotoHeroImage module--id-2491 css-1u516oi\" style=\"text-align: justify;\">\n<div class=\"css-e0dnmk\" tabindex=\"0\" role=\"button\">\n<div class=\"ngart-img__cntr css-1d8by72\"><picture class=\"resp-img-cntr css-hwrbjv\"><source srcset=\"https:\/\/static.nationalgeographic.es\/files\/styles\/image_3200\/public\/NationalGeographic_505844-garrett-2.adapt.1190.1.webp?w=320&amp;h=180\" type=\"image\/webp\" media=\"(max-width: 320px)\" \/><source srcset=\"https:\/\/static.nationalgeographic.es\/files\/styles\/image_3200\/public\/NationalGeographic_505844-garrett-2.adapt.1190.1.webp?w=360&amp;h=203\" type=\"image\/webp\" media=\"(max-width: 360px)\" \/><source srcset=\"https:\/\/static.nationalgeographic.es\/files\/styles\/image_3200\/public\/NationalGeographic_505844-garrett-2.adapt.1190.1.webp?w=430&amp;h=242\" type=\"image\/webp\" media=\"(max-width: 430px)\" \/><source srcset=\"https:\/\/static.nationalgeographic.es\/files\/styles\/image_3200\/public\/NationalGeographic_505844-garrett-2.adapt.1190.1.webp?w=500&amp;h=282\" type=\"image\/webp\" media=\"(max-width: 500px)\" \/><source srcset=\"https:\/\/static.nationalgeographic.es\/files\/styles\/image_3200\/public\/NationalGeographic_505844-garrett-2.adapt.1190.1.webp?w=768&amp;h=432\" type=\"image\/webp\" media=\"(max-width: 767px)\" \/><source srcset=\"https:\/\/static.nationalgeographic.es\/files\/styles\/image_3200\/public\/NationalGeographic_505844-garrett-2.adapt.1190.1.webp?w=900&amp;h=507\" type=\"image\/webp\" media=\"(max-width: 900px)\" \/><source srcset=\"https:\/\/static.nationalgeographic.es\/files\/styles\/image_3200\/public\/NationalGeographic_505844-garrett-2.adapt.1190.1.webp?w=1024&amp;h=576\" type=\"image\/webp\" media=\"(max-width: 1023px)\" \/><source srcset=\"https:\/\/static.nationalgeographic.es\/files\/styles\/image_3200\/public\/NationalGeographic_505844-garrett-2.adapt.1190.1.webp?w=1150&amp;h=647\" type=\"image\/webp\" media=\"(max-width: 1150px)\" \/><source srcset=\"https:\/\/static.nationalgeographic.es\/files\/styles\/image_3200\/public\/NationalGeographic_505844-garrett-2.adapt.1190.1.webp?w=1280&amp;h=720\" type=\"image\/webp\" media=\"(max-width: 1279px)\" \/><source srcset=\"https:\/\/static.nationalgeographic.es\/files\/styles\/image_3200\/public\/NationalGeographic_505844-garrett-2.adapt.1190.1.webp?w=1450&amp;h=816\" type=\"image\/webp\" media=\"(max-width: 1450px)\" \/><source srcset=\"https:\/\/static.nationalgeographic.es\/files\/styles\/image_3200\/public\/NationalGeographic_505844-garrett-2.adapt.1190.1.webp?w=1600&amp;h=900\" type=\"image\/webp\" media=\"(max-width: 1599px)\" \/><source title=\"Modelo evolutivo\" srcset=\"https:\/\/static.nationalgeographic.es\/files\/styles\/image_3200\/public\/NationalGeographic_505844-garrett-2.adapt.1190.1.webp?w=1600&amp;h=900\" type=\"image\/webp\" \/>\u00a0 \u00a0 \u00a0 \u00a0 \u00a0<img decoding=\"async\" loading=\"lazy\" class=\"\" title=\"Modelo evolutivo\" src=\"https:\/\/static.nationalgeographic.es\/files\/styles\/image_3200\/public\/NationalGeographic_505844-garrett-2.adapt.1190.1.jpg?w=1600&amp;h=900\" alt=\"Modelo evolutivo\" width=\"641\" height=\"361\" \/><\/picture><\/div>\n<div><\/div>\n<\/div>\n<div class=\"ngart-img__cont css-1o7vb98\">\n<blockquote>\n<div class=\"ngart-img__cont__copy css-1hq5e2b\"><strong>Un modelo de Australopithecus afarensis (Lucy) aparece a la sombra de un humano moderno y un chimpanc\u00e9.<\/strong><\/div>\n<\/blockquote>\n<p><span class=\"css-5ie049\">FOTOGRAF\u00cdA DE\u00a0<a class=\"css-1qaza9q\" href=\"https:\/\/www.nationalgeographic.es\/fotografo\/kenneth-garrett\">KENNETH GARRETT<\/a>,\u00a0<a class=\"css-1qaza9q\" href=\"https:\/\/www.nationalgeographic.es\/fotografo\/national-geographic-creative\">NATIONAL GEOGRAPHIC CREATIVE<\/a><\/span><\/p>\n<\/div>\n<\/div>\n<div class=\"css-1ndocy1\">\n<div class=\"css-3ge75y\">\n<div class=\"css-lze5cc\">\n<div class=\"css-7fl0cp\" style=\"text-align: justify;\">\n<h2 class=\"css-12ljgqq\">\u00cdNDICE<\/h2>\n<ul>\n<li class=\"css-457c0j\"><a href=\"https:\/\/www.nationalgeographic.es\/historia\/origenes-humanidad-conceptos-basicos-evolucion#header_2721_0\" data-tocpos=\"1\">\u00bfPor qu\u00e9 los cient\u00edficos est\u00e1n seguros de la teor\u00eda de la evoluci\u00f3n?<\/a><\/li>\n<li class=\"css-457c0j\"><a href=\"https:\/\/www.nationalgeographic.es\/historia\/origenes-humanidad-conceptos-basicos-evolucion#header_2721_1\" data-tocpos=\"2\">\u00bfEst\u00e1 la evoluci\u00f3n re\u00f1ida con la Biblia?<\/a><\/li>\n<li class=\"css-457c0j\"><a href=\"https:\/\/www.nationalgeographic.es\/historia\/origenes-humanidad-conceptos-basicos-evolucion#header_2721_2\" data-tocpos=\"3\">\u00bfC\u00f3mo funciona la evoluci\u00f3n?<\/a><\/li>\n<li class=\"css-457c0j\"><a href=\"https:\/\/www.nationalgeographic.es\/historia\/origenes-humanidad-conceptos-basicos-evolucion#header_17336_0\" data-tocpos=\"4\">\u00bfCu\u00e1les son los principales hitos en la evoluci\u00f3n humana?<\/a><\/li>\n<li class=\"css-457c0j\"><a href=\"https:\/\/www.nationalgeographic.es\/historia\/origenes-humanidad-conceptos-basicos-evolucion#header_16590563_0\" data-tocpos=\"5\">\u00bfDonde sucedi\u00f3 todo esto?<\/a><\/li>\n<li class=\"css-457c0j\"><a href=\"https:\/\/www.nationalgeographic.es\/historia\/origenes-humanidad-conceptos-basicos-evolucion#header_16590563_1\" data-tocpos=\"6\">\u00bfPor qu\u00e9 no se ha encontrado el eslab\u00f3n perdido entre los monos y nosotros?<\/a><\/li>\n<li class=\"css-457c0j\"><a href=\"https:\/\/www.nationalgeographic.es\/historia\/origenes-humanidad-conceptos-basicos-evolucion#header_16590563_2\" data-tocpos=\"7\">\u00bfHa terminado la evoluci\u00f3n para nosotros?<\/a><\/li>\n<\/ul>\n<\/div>\n<div class=\"module--type-ParagraphContent module--id-2721\" style=\"text-align: justify;\">\n<div class=\"paragraph css-bsgw03\">\n<div>\n<p data-paragraph-id=\"2721-1\">El\u00a0<a href=\"https:\/\/www.nationalgeographic.es\/historia\/2017\/09\/descubiertos-nuevos-fosiles-del-homo-naledi-el-misterioso-antepasado-humano\">descubrimiento del\u00a0<em>Homo Naledi<\/em><\/a>\u00a0en 2014 ha hecho a mucha gente replantearse cu\u00e1l es el origen de la humanidad y c\u00f3mo se estructura el \u00e1rbol geneal\u00f3gico de nuestra especie\u00a0y, por ello, muchos est\u00e1n buscando respuestas a las cuestiones m\u00e1s b\u00e1sicas dentro del tema evolutivo.<\/p>\n<\/div>\n<div>\n<p data-paragraph-id=\"2721-2\"><span id=\"speechify-first-word-listening-nudge-0\">Buscando los or\u00edgenes<\/span>\u00a0de la humanidad, un\u00a0<a href=\"https:\/\/elifesciences.org\/articles\/70447\" target=\"_blank\" rel=\"nofollow noopener noreferrer\">estudio de 2021 publicado en la revista cient\u00edfica\u00a0<em>eLife<\/em><\/a>, con participaci\u00f3n de investigadores del Museo Nacional de Ciencias Naturales (MNCN-C<a href=\"#\" onclick=\"referencia('unidades del si',event); return false;\">SI<\/a>C),\u00a0<a href=\"https:\/\/www.csic.es\/es\/actualidad-del-csic\/el-ancestro-humano-que-caminaba-como-un-humano-pero-trepaba-como-un-simio\" target=\"_blank\" rel=\"nofollow noopener noreferrer\">descubri\u00f3 v\u00e9rtebras f\u00f3siles<\/a>\u00a0de dos millones de a\u00f1os de\u00a0<strong><em>Australopithecus sediba<\/em><\/strong>, una especie extinta del pariente humano m\u00e1s antiguo.<\/p>\n<\/div>\n<div>\n<p data-paragraph-id=\"2721-3\">\u201cLos f\u00f3siles iniciales se descubrieron en 2008, pero el resto se descubrieron en 2015, y con una cronolog\u00eda de dos millones de a\u00f1os, est\u00e1n en la base de lo que ser\u00eda el origen del g\u00e9nero homo\u201d, explica a National Geographic\u00a0<a href=\"https:\/\/scholar.google.com\/citations?user=wyKqFCIAAAAJ&amp;hl=es\" target=\"_blank\" rel=\"nofollow noopener noreferrer\">Daniel Garc\u00eda Mart\u00ednez<\/a>, de la Unidad de Antropolog\u00eda de la Universidad Complutense de Madrid y miembro afiliado del\u00a0<a href=\"https:\/\/www.cenieh.es\/\" target=\"_blank\" rel=\"nofollow noopener noreferrer\">Centro Nacional de Investigaci\u00f3n de La Evoluci\u00f3n Humana<\/a>.<\/p>\n<h2 id=\"header_2721_0\">\u00bfPor qu\u00e9 los cient\u00edficos est\u00e1n seguros de la teor\u00eda de la evoluci\u00f3n?<\/h2>\n<\/div>\n<div>\n<p data-paragraph-id=\"2721-4\">Por diversas razones. La primera es que compartimos casi el 99 por ciento de nuestra secuencia gen\u00e9tica con los chimpanc\u00e9s y los bonobos, lo que indica que compartimos un ancestro com\u00fan. Hay miles de\u00a0<a href=\"https:\/\/www.nationalgeographic.es\/tema\/contenido\/historia\/arqueologia\/fosiles\">f\u00f3siles<\/a>\u00a0que documentan esta evoluci\u00f3n de nuestro linaje despu\u00e9s de que nuestros ancestros se separasen de los otros grandes simios.<\/p>\n<\/div>\n<div>\n<p data-paragraph-id=\"2721-5\"><span id=\"speechify-first-word-listening-nudge-1\">Los bi\u00f3logos han<\/span>\u00a0observado la evoluci\u00f3n en otras especies, tanto en el campo como en el laboratorio, y la reciente aparici\u00f3n de microbios resistentes a los antibi\u00f3ticos es un ejemplo de esto. Por eso no hay duda de que el origen de la humanidad est\u00e1 en la evoluci\u00f3n de un ancestro com\u00fan al de los simios. Otro claro ejemplo de esto ser\u00edan las razas de perros que proceden de un ancestro com\u00fan.<\/p>\n<\/div>\n<div>\n<p data-paragraph-id=\"2721-6\">(Relacionado:\u00a0<a title=\"Estos podr\u00edan ser los restos de Homo sapiens m\u00e1s antiguos fuera de \u00c1frica, pero abundan las ...\" href=\"https:\/\/www.nationalgeographic.es\/historia\/2019\/07\/craneo-restos-homo-sapiens-mas-antiguos-fuera-de-africa\"><em>Estos podr\u00edan ser los restos de Homo sapiens m\u00e1s antiguos fuera de \u00c1frica, pero abundan las inc\u00f3gnitas<\/em><\/a>)<\/p>\n<h2 id=\"header_2721_1\">\u00bfEst\u00e1 la evoluci\u00f3n re\u00f1ida con la Biblia?<\/h2>\n<\/div>\n<div>\n<p data-paragraph-id=\"2721-7\">Por supuesto, si crees que la Biblia debe interpretarse literalmente. La evoluci\u00f3n y el origen de la humanidad partiendo del registro f\u00f3sil contradice la historia del G\u00e9nesis seg\u00fan la cual Dios cre\u00f3 a todos los organismos en su forma presente. Pero se puede creer en Dios perfectamente sin creer que todo lo que pone la\u00a0<a href=\"https:\/\/www.nationalgeographic.es\/tema\/contenido\/gente-y-cultura\/tradiciones\/religion\/biblia\">Biblia<\/a>\u00a0es literalmente cierto.<\/p>\n<h2 id=\"header_2721_2\">\u00bfC\u00f3mo funciona la evoluci\u00f3n?<\/h2>\n<\/div>\n<div>\n<p data-paragraph-id=\"2721-8\"><span id=\"speechify-first-word-listening-nudge-2\">El ADN que<\/span>\u00a0conforma nuestros genes, al igual que el de todos los organismos vivos de la Tierra\u00a0(a excepci\u00f3n de algunos virus),\u00a0est\u00e1 sujeto a las \u201cnormas\u201d de la mutaci\u00f3n aleatoria. De vez en cuando, estas mutaciones afectan a un rasgo importante, como el color del pelaje de un animal. Esto hace que existan dos formas de selecci\u00f3n: la primera ser\u00eda la natural, por la cual un miembro de una especie elige a su pareja, y con ella, los rasgos que busca en su descendencia. Por otro lado estar\u00eda la selecci\u00f3n humana, basada en el cruce de espec\u00edmenes buscando un fin.<\/p>\n<\/div>\n<div>\n<p data-paragraph-id=\"2721-9\"><span id=\"speechify-first-word-listening-nudge-3\">Si un animal<\/span>\u00a0nace por ejemplo con una coloraci\u00f3n gracias a la cual obtiene una mayor protecci\u00f3n contra los depredadores, podr\u00e1 sobrevivir m\u00e1s tiempo y tener m\u00e1s descendencia. Con el tiempo, el c\u00f3digo gen\u00e9tico de estos supervivientes har\u00e1 que est\u00e9n presentes en un mayor n\u00famero de espec\u00edmenes, con lo que mejorar\u00e1n la raza, llegando en ocasiones a cambiarla por completo respecto al individuo original.<\/p>\n<\/div>\n<div>\n<p data-paragraph-id=\"2721-10\">(Relacionado:\u00a0<a title=\"\u00bfQu\u00e9 hom\u00ednidos han poblado Espa\u00f1a a lo largo de la historia?\" href=\"https:\/\/www.nationalgeographic.es\/historia\/que-hominidos-han-habitado-en-espana-a-lo-largo-de-la-historia\"><em>\u00bfQu\u00e9 hom\u00ednidos han poblado Espa\u00f1a a lo largo de la historia?<\/em><\/a>)<\/p>\n<\/div>\n<\/div>\n<\/div>\n<div class=\"module--type-ParagraphVideoToolkit module--id-16599808\" style=\"text-align: justify;\">\n<div class=\"ngart-img--video ngart-img--large css-17en82t\">\n<div class=\"css-18ylmkc\">\n<div class=\"css-d3z0sr\">\n<div id=\"sdk-video-player-2491NWSEOSCI020HUMANORIGINSsubES1\" class=\"css-1uag1ja\">\n<div>\n<div id=\"player-holder\" class=\"player-holder\"><\/div>\n<\/div>\n<\/div>\n<\/div>\n<div class=\"ngart-img__cntr css-jn4a5j\">\n<p><button class=\"css-18osg14\" type=\"button\"><picture class=\"resp-img-cntr css-hwrbjv\"><source srcset=\"https:\/\/static.nationalgeographic.es\/files\/styles\/image_3200\/public\/NW_SEO_SCI_020_HUMAN_ORIGINS_sub_ES~~~~~es~mux~~1.webp?w=320&amp;h=180\" type=\"image\/webp\" media=\"(max-width: 320px)\" \/><source srcset=\"https:\/\/static.nationalgeographic.es\/files\/styles\/image_3200\/public\/NW_SEO_SCI_020_HUMAN_ORIGINS_sub_ES~~~~~es~mux~~1.webp?w=360&amp;h=203\" type=\"image\/webp\" media=\"(max-width: 360px)\" \/><source srcset=\"https:\/\/static.nationalgeographic.es\/files\/styles\/image_3200\/public\/NW_SEO_SCI_020_HUMAN_ORIGINS_sub_ES~~~~~es~mux~~1.webp?w=430&amp;h=242\" type=\"image\/webp\" media=\"(max-width: 430px)\" \/><source srcset=\"https:\/\/static.nationalgeographic.es\/files\/styles\/image_3200\/public\/NW_SEO_SCI_020_HUMAN_ORIGINS_sub_ES~~~~~es~mux~~1.webp?w=500&amp;h=282\" type=\"image\/webp\" media=\"(max-width: 500px)\" \/><source srcset=\"https:\/\/static.nationalgeographic.es\/files\/styles\/image_3200\/public\/NW_SEO_SCI_020_HUMAN_ORIGINS_sub_ES~~~~~es~mux~~1.webp?w=768&amp;h=432\" type=\"image\/webp\" media=\"(max-width: 767px)\" \/><source srcset=\"https:\/\/static.nationalgeographic.es\/files\/styles\/image_3200\/public\/NW_SEO_SCI_020_HUMAN_ORIGINS_sub_ES~~~~~es~mux~~1.webp?w=900&amp;h=507\" type=\"image\/webp\" media=\"(max-width: 900px)\" \/><source srcset=\"https:\/\/static.nationalgeographic.es\/files\/styles\/image_3200\/public\/NW_SEO_SCI_020_HUMAN_ORIGINS_sub_ES~~~~~es~mux~~1.webp?w=1024&amp;h=576\" type=\"image\/webp\" media=\"(max-width: 1023px)\" \/><source srcset=\"https:\/\/static.nationalgeographic.es\/files\/styles\/image_3200\/public\/NW_SEO_SCI_020_HUMAN_ORIGINS_sub_ES~~~~~es~mux~~1.webp?w=660&amp;h=372\" type=\"image\/webp\" media=\"(max-width: 1279px)\" \/><source srcset=\"https:\/\/static.nationalgeographic.es\/files\/styles\/image_3200\/public\/NW_SEO_SCI_020_HUMAN_ORIGINS_sub_ES~~~~~es~mux~~1.webp?w=710&amp;h=400\" type=\"image\/webp\" media=\"(max-width: 1599px)\" \/><source title=\"Los or\u00edgenes de la humanidad 101\" srcset=\"https:\/\/static.nationalgeographic.es\/files\/styles\/image_3200\/public\/NW_SEO_SCI_020_HUMAN_ORIGINS_sub_ES~~~~~es~mux~~1.webp?w=710&amp;h=400\" type=\"image\/webp\" \/><img decoding=\"async\" loading=\"lazy\" class=\"\" title=\"Los or\u00edgenes de la humanidad 101\" src=\"https:\/\/static.nationalgeographic.es\/files\/styles\/image_3200\/public\/NW_SEO_SCI_020_HUMAN_ORIGINS_sub_ES~~~~~es~mux~~1.jpg?w=710&amp;h=400\" alt=\"Los or\u00edgenes de la humanidad 101\" width=\"543\" height=\"306\" \/><\/picture><\/button><\/p>\n<div class=\"ngart-img__play-button css-asb0c5\"><\/div>\n<\/div>\n<\/div>\n<div class=\"ngart-img__cont css-1o7vb98\">\n<div class=\"ngart-img__cont__heading\"><strong>\u00a0 \u00a0 \u00a0 \u00a0 \u00a0 \u00a0 \u00a0 \u00a0 \u00a0 \u00a0 \u00a0 \u00a0 \u00a0 \u00a0 \u00a0 LOS OR\u00cdGENES DE LA HUMANIDAD 101<\/strong><\/div>\n<div><\/div>\n<div class=\"ngart-img__cont__copy css-1hq5e2b\">La historia de la evoluci\u00f3n humana comenz\u00f3 hace unos 7 millones de a\u00f1os, cuando los linajes que condujeron al Homo sapiens y a los chimpanc\u00e9s se separaron. Conoce a las 20 especies de humanos primitivos de nuestro \u00e1rbol geneal\u00f3gico y descubre c\u00f3mo la selecci\u00f3n natural de determinados rasgos f\u00edsicos y conductuales defini\u00f3 el significado de ser humano.<\/div>\n<\/div>\n<\/div>\n<\/div>\n<div class=\"module--type-ParagraphContent module--id-17336\" style=\"text-align: justify;\">\n<div class=\"paragraph css-bsgw03\">\n<div>\n<h2 id=\"header_17336_0\">\u00bfCu\u00e1les son los principales hitos en la evoluci\u00f3n humana?<\/h2>\n<\/div>\n<div>\n<p data-paragraph-id=\"17336-1\"><span id=\"speechify-first-word-listening-nudge-4\">El linaje humano<\/span>\u00a0se separ\u00f3 de la de los simios entre 7 y 13 millones de a\u00f1os atr\u00e1s. Los primeros antecesores que caminaban en posici\u00f3n erecta ser\u00edan los\u00a0<strong><em>Australopitecus<\/em><\/strong>, de los cuales el ejemplo m\u00e1s conocido es Lucy, una\u00a0<strong><em>Australopithecus afarensis<\/em><\/strong>. El f\u00f3sil m\u00e1s antiguo conocido atribuido a nuestro\u00a0g\u00e9nero\u00a0data de hace 2,8 millones de a\u00f1os. Durante mucho tiempo se pens\u00f3 que el origen de la humanidad vendr\u00eda marcada por el uso de las primeras herramientas de piedra, pero esto es un error, pues se han encontrado algunas de hace 3,3 millones de a\u00f1os, siendo anteriores a los primeros restos de\u00a0<em>homos\u00a0<\/em>que se conocen.<\/p>\n<\/div>\n<div>\n<p data-paragraph-id=\"17336-2\">Por otro lado, existe un debate sobre cu\u00e1ndo comenzaron a utilizar el fuego nuestros antepasados, estimando la fecha oficial entre 1,8 millones y 800 000 a\u00f1os atr\u00e1s. Se supone que gracias a el fuego, se\u00a0<a href=\"https:\/\/www.nationalgeographic.es\/historia\/2022\/12\/cuando-empezamos-a-cocinar-el-uno-para-el-otro-y-por-que\">consigui\u00f3 cocinar<\/a>, y gracias a la alimentaci\u00f3n m\u00e1s completa, hemos podido desarrollar nuestro cerebro y unas manos m\u00e1s precisas, requisito previo para los desarrollos que caracterizaron a los seres humanos, incluyendo el lenguaje complejo, el arte y la agricultura, los cuales han surgido en los \u00faltimos 100 000 a\u00f1os.<\/p>\n<\/div>\n<div>\n<p data-paragraph-id=\"17336-3\"><span id=\"speechify-first-word-listening-nudge-5\">Durante mucho tiempo<\/span>\u00a0se dio por sentado que el arte y las representaciones simb\u00f3licas eran exclusivas del\u00a0<em>Homo sapiens<\/em>, especie a la que pertenecemos los seres humanos actuales, pero un estudio publicado la revista\u00a0<a href=\"https:\/\/www.nature.com\/articles\/s41562-022-01503-7\" target=\"_blank\" rel=\"nofollow noopener noreferrer\"><em>Nature Human Behaviour<\/em><\/a>\u00a0en el que han participado investigadores del C<a href=\"#\" onclick=\"referencia('unidades del si',event); return false;\">SI<\/a>C en el Museo de Ciencias Naturales de Madrid (MNCN), la Universidad Complutense de Madrid y el Museo Arqueol\u00f3gico y Paleontol\u00f3gico de la Comunidad de Madrid, entre otras instituciones, demost\u00f3 que los neandertales ya usaban el simbolismo.<\/p>\n<\/div>\n<div>\n<p data-paragraph-id=\"17336-4\">\u00a0<span id=\"speechify-first-word-listening-nudge-6\">\u201cUn dato importante<\/span>\u00a0es que hemos podido constatar que la actividad se mantuvo a lo largo de, al menos, varias generaciones, lo que introduce el concepto de tradici\u00f3n cultural que habr\u00eda pasado de generaci\u00f3n en generaci\u00f3n\u201d, explica\u00a0<strong>Enrique Baquedano,\u00a0<\/strong>directordelMuseo Arqueol\u00f3gico y Paleontol\u00f3gico de la Comunidad de Madrid, en\u00a0<a href=\"https:\/\/www.csic.es\/es\/actualidad-del-csic\/los-neandertales-tenian-capacidad-simbolica-segun-confirma-un-estudio\" target=\"_blank\" rel=\"nofollow noopener noreferrer\">un comunicado publicado por el C<a href=\"#\" onclick=\"referencia('unidades del si',event); return false;\">SI<\/a>C<\/a>.<\/p>\n<\/div>\n<div>\n<h2 id=\"header_17336_1\" class=\"h3\"><\/h2>\n<\/div>\n<\/div>\n<\/div>\n<div class=\"ngart-img--medium module--type-ParagraphImageToolkitElement module--id-2726 css-1vrzr2g\" style=\"text-align: justify;\">\n<div class=\"css-e0dnmk\" tabindex=\"0\" role=\"button\">\n<div class=\"ngart-img__cntr css-1d8by72\"><picture class=\"resp-img-cntr css-193zkwm\"><source srcset=\"https:\/\/static.nationalgeographic.es\/files\/styles\/image_3200\/public\/three_busts_L_horizontal-bucci-2.png.webp?w=320&amp;h=114\" type=\"image\/webp\" media=\"(max-width: 320px)\" \/><source srcset=\"https:\/\/static.nationalgeographic.es\/files\/styles\/image_3200\/public\/three_busts_L_horizontal-bucci-2.png.webp?w=360&amp;h=129\" type=\"image\/webp\" media=\"(max-width: 360px)\" \/><source srcset=\"https:\/\/static.nationalgeographic.es\/files\/styles\/image_3200\/public\/three_busts_L_horizontal-bucci-2.png.webp?w=430&amp;h=154\" type=\"image\/webp\" media=\"(max-width: 430px)\" \/><source srcset=\"https:\/\/static.nationalgeographic.es\/files\/styles\/image_3200\/public\/three_busts_L_horizontal-bucci-2.png.webp?w=500&amp;h=179\" type=\"image\/webp\" media=\"(max-width: 500px)\" \/><source srcset=\"https:\/\/static.nationalgeographic.es\/files\/styles\/image_3200\/public\/three_busts_L_horizontal-bucci-2.png.webp?w=768&amp;h=274\" type=\"image\/webp\" media=\"(max-width: 767px)\" \/><source srcset=\"https:\/\/static.nationalgeographic.es\/files\/styles\/image_3200\/public\/three_busts_L_horizontal-bucci-2.png.webp?w=900&amp;h=321\" type=\"image\/webp\" media=\"(max-width: 900px)\" \/><source srcset=\"https:\/\/static.nationalgeographic.es\/files\/styles\/image_3200\/public\/three_busts_L_horizontal-bucci-2.png.webp?w=1024&amp;h=365\" type=\"image\/webp\" media=\"(max-width: 1023px)\" \/><source srcset=\"https:\/\/static.nationalgeographic.es\/files\/styles\/image_3200\/public\/three_busts_L_horizontal-bucci-2.png.webp?w=664&amp;h=237\" type=\"image\/webp\" media=\"(max-width: 1279px)\" \/><source srcset=\"https:\/\/static.nationalgeographic.es\/files\/styles\/image_3200\/public\/three_busts_L_horizontal-bucci-2.png.webp?w=710&amp;h=253\" type=\"image\/webp\" media=\"(max-width: 1599px)\" \/><source title=\"Bustos de hom\u00ednidos\" srcset=\"https:\/\/static.nationalgeographic.es\/files\/styles\/image_3200\/public\/three_busts_L_horizontal-bucci-2.png.webp?w=710&amp;h=253\" type=\"image\/webp\" \/><img decoding=\"async\" loading=\"lazy\" class=\"\" title=\"Bustos de hom\u00ednidos\" src=\"https:\/\/static.nationalgeographic.es\/files\/styles\/image_3200\/public\/three_busts_L_horizontal-bucci-2.png?w=710&amp;h=253\" alt=\"Bustos de hom\u00ednidos\" width=\"615\" height=\"219\" \/><\/picture><\/div>\n<\/div>\n<div class=\"ngart-img__cont css-1o7vb98\">\n<blockquote>\n<div class=\"ngart-img__cont__copy css-1hq5e2b\"><strong>Tr\u00edo de hom\u00ednidos, desde los f\u00f3siles de hace dos millones de a\u00f1os a nuestra progresi\u00f3n lineal.<\/strong><\/div>\n<\/blockquote>\n<p><span class=\"css-5ie049\">FOTOGRAF\u00cdA DE\u00a0<span class=\"css-bx3505\"><span id=\"speechify-first-word-listening-nudge-7\">JOHN GURCHE RECONSTRUCCIONES<\/span><\/span><\/span><\/p>\n<\/div>\n<\/div>\n<div class=\"module--type-ParagraphContent module--id-16590563\" style=\"text-align: justify;\">\n<div class=\"paragraph css-bsgw03\">\n<div>\n<h2 id=\"header_16590563_0\">\u00bfD\u00f3nde sucedi\u00f3 todo esto?<\/h2>\n<\/div>\n<div>\n<p data-paragraph-id=\"16590563-1\"><span id=\"speechify-first-word-listening-nudge-8\">Tanto las pruebas<\/span>\u00a0gen\u00e9ticas como las f\u00f3siles muestran que hasta hace relativamente poco, el origen de la raza humana estaba en el sur o el este de \u00c1frica. La evoluci\u00f3n posterior y las migraciones vendr\u00edan dadas por las circunstancias clim\u00e1ticas y la consecuente adaptaci\u00f3n al medio. Hace 60 000 a\u00f1os\u00a0comenzar\u00edan estos desplazamientos, cruz\u00e1ndose con los\u00a0<a href=\"https:\/\/www.nationalgeographic.es\/historia\/neandertales-quienes-extincion\">Neandertales<\/a>\u00a0y los\u00a0<a href=\"https:\/\/www.nationalgeographic.es\/ciencia\/2019\/04\/los-misteriosos-denisovanos-se-cruzaron-con-los-humanos-modernos\">Denisovanos<\/a>\u00a0en Asia. En los \u00faltimos 30 000 a\u00f1os, los \u00fanicos humanos que quedan sobre la faz de la Tierra son los\u00a0<em>Homo sapiens<\/em>.<\/p>\n<\/div>\n<div>\n<p data-paragraph-id=\"16590563-2\"><a href=\"https:\/\/www.nationalgeographic.es\/ciencia\/2019\/10\/polemico-estudio-senala-origen-humanidad-botsuana\">Un pol\u00e9mico estudio publicado en 2019 en la revista\u00a0<em>Nature<\/em><\/a>\u00a0sostiene que un oasis en Botsuana, denominado humedal Makgadikgadi-Okavango, no fue la\u00a0<a href=\"https:\/\/www.nature.com\/articles\/s41586-019-1714-1\" target=\"_blank\" rel=\"nofollow noopener noreferrer\">\u00abtierra natal\u00bb de todos los humanos modernos<\/a>.\u00a0Los investigadores estudiaron el ADN mitocondrial \u2014el material gen\u00e9tico almacenado en el motor de nuestras c\u00e9lulas que se transmite de madres a hijos\u2014 de los residentes actuales del \u00c1frica meridional. A continuaci\u00f3n, superpusieron los datos gen\u00e9ticos con un an\u00e1lisis del clima pasado y la ling\u00fc\u00edstica moderna, as\u00ed como las distribuciones geogr\u00e1ficas y culturales de las poblaciones locales.<\/p>\n<\/div>\n<div>\n<p data-paragraph-id=\"16590563-3\"><span id=\"speechify-first-word-listening-nudge-9\">Los resultados del<\/span>\u00a0estudio sugieren que los cambios del clima permitieron que las ramas de esta antigua poblaci\u00f3n se expandieran desde el humedal a nuevas zonas verdes. Miles de a\u00f1os despu\u00e9s, una peque\u00f1a poblaci\u00f3n de parientes de estos trotamundos saldr\u00eda de \u00c1frica y acabar\u00eda habitando todos los rincones del planeta.<\/p>\n<h2 id=\"header_16590563_1\">\u00bfPor qu\u00e9 no se ha encontrado el eslab\u00f3n perdido entre los monos y nosotros?<\/h2>\n<\/div>\n<\/div>\n<\/div>\n<\/div>\n<\/div>\n<\/div>\n<p>&nbsp;<\/p>\n<p><img decoding=\"async\" loading=\"lazy\" class=\"\" src=\"https:\/\/static.nationalgeographic.es\/files\/styles\/image_3200\/public\/2630.600x450.jpg?w=1600\" alt=\"El eslab\u00f3n perdido?: f\u00f3sil hallado recientemente vincula al ser humano con los lemures | National Geographic\" width=\"557\" height=\"418\" \/><\/p>\n<p>&nbsp;<\/p>\n<div class=\"css-1ndocy1\">\n<div class=\"css-3ge75y\">\n<div class=\"css-lze5cc\">\n<div class=\"module--type-ParagraphContent module--id-16590563\" style=\"text-align: justify;\">\n<div class=\"paragraph css-bsgw03\">\n<div>\n<p data-paragraph-id=\"16590563-4\"><span id=\"speechify-first-word-listening-nudge-10\">Porque no existe.<\/span>\u00a0Los chimpanc\u00e9s y otros monos, no seguir\u00edan la l\u00ednea evolutiva humana, a pesar de que partimos de un ancestro com\u00fan, hemos evolucionado en direcciones diferentes. La cuesti\u00f3n que surge aqu\u00ed es: \u00bfcu\u00e1l es ese &#8220;padre&#8221; com\u00fan? Y esa respuesta a\u00fan no la tenemos.<\/p>\n<h2 id=\"header_16590563_2\">\u00bfHa terminado la evoluci\u00f3n para nosotros?<\/h2>\n<\/div>\n<div>\n<p data-paragraph-id=\"16590563-5\"><span id=\"speechify-first-word-listening-nudge-11\">Realmente no, los<\/span>\u00a0humanos seguiremos evolucionando, aunque de una manera m\u00e1s cultural y tecnol\u00f3gica que biol\u00f3gica. El resto de animales, lo har\u00e1n condicionados por los cambios que el ser humano est\u00e1 ocasionando en el medio ambiente.<\/p>\n<\/div>\n<\/div>\n<\/div>\n<div class=\"module--type-ParagraphVideoToolkit module--id-16590562\" style=\"text-align: justify;\">\n<div class=\"ngart-img--video ngart-img--large css-17en82t\">\n<div class=\"css-18ylmkc\">\n<div class=\"css-d3z0sr\">\n<div id=\"sdk-video-player-2491WhycookwasessentialinourevolutionES1\" class=\"css-1uag1ja\">\n<div>\n<div id=\"player-holder\" class=\"player-holder\"><\/div>\n<\/div>\n<\/div>\n<\/div>\n<div class=\"ngart-img__cntr css-jn4a5j\">\n<p><button class=\"css-18osg14\" type=\"button\"><picture class=\"resp-img-cntr css-hwrbjv\"><source srcset=\"https:\/\/static.nationalgeographic.es\/files\/styles\/image_3200\/public\/Why_cook_was_essential_in_our_evolution_ES~~~~~es~mux~~1.webp?w=320&amp;h=180\" type=\"image\/webp\" media=\"(max-width: 320px)\" \/><source srcset=\"https:\/\/static.nationalgeographic.es\/files\/styles\/image_3200\/public\/Why_cook_was_essential_in_our_evolution_ES~~~~~es~mux~~1.webp?w=360&amp;h=203\" type=\"image\/webp\" media=\"(max-width: 360px)\" \/><source srcset=\"https:\/\/static.nationalgeographic.es\/files\/styles\/image_3200\/public\/Why_cook_was_essential_in_our_evolution_ES~~~~~es~mux~~1.webp?w=430&amp;h=242\" type=\"image\/webp\" media=\"(max-width: 430px)\" \/><source srcset=\"https:\/\/static.nationalgeographic.es\/files\/styles\/image_3200\/public\/Why_cook_was_essential_in_our_evolution_ES~~~~~es~mux~~1.webp?w=500&amp;h=282\" type=\"image\/webp\" media=\"(max-width: 500px)\" \/><source srcset=\"https:\/\/static.nationalgeographic.es\/files\/styles\/image_3200\/public\/Why_cook_was_essential_in_our_evolution_ES~~~~~es~mux~~1.webp?w=768&amp;h=432\" type=\"image\/webp\" media=\"(max-width: 767px)\" \/><source srcset=\"https:\/\/static.nationalgeographic.es\/files\/styles\/image_3200\/public\/Why_cook_was_essential_in_our_evolution_ES~~~~~es~mux~~1.webp?w=900&amp;h=507\" type=\"image\/webp\" media=\"(max-width: 900px)\" \/><source srcset=\"https:\/\/static.nationalgeographic.es\/files\/styles\/image_3200\/public\/Why_cook_was_essential_in_our_evolution_ES~~~~~es~mux~~1.webp?w=1024&amp;h=576\" type=\"image\/webp\" media=\"(max-width: 1023px)\" \/><source srcset=\"https:\/\/static.nationalgeographic.es\/files\/styles\/image_3200\/public\/Why_cook_was_essential_in_our_evolution_ES~~~~~es~mux~~1.webp?w=660&amp;h=372\" type=\"image\/webp\" media=\"(max-width: 1279px)\" \/><source srcset=\"https:\/\/static.nationalgeographic.es\/files\/styles\/image_3200\/public\/Why_cook_was_essential_in_our_evolution_ES~~~~~es~mux~~1.webp?w=710&amp;h=400\" type=\"image\/webp\" media=\"(max-width: 1599px)\" \/><source title=\"Por qu\u00e9 la cocina fue esencial en nuestra evoluci\u00f3n\" srcset=\"https:\/\/static.nationalgeographic.es\/files\/styles\/image_3200\/public\/Why_cook_was_essential_in_our_evolution_ES~~~~~es~mux~~1.webp?w=710&amp;h=400\" type=\"image\/webp\" \/><img decoding=\"async\" loading=\"lazy\" class=\"\" title=\"Por qu\u00e9 la cocina fue esencial en nuestra evoluci\u00f3n\" src=\"https:\/\/static.nationalgeographic.es\/files\/styles\/image_3200\/public\/Why_cook_was_essential_in_our_evolution_ES~~~~~es~mux~~1.jpg?w=710&amp;h=400\" alt=\"Por qu\u00e9 la cocina fue esencial en nuestra evoluci\u00f3n\" width=\"628\" height=\"354\" \/><\/picture><\/button><\/p>\n<div class=\"ngart-img__play-button css-asb0c5\"><\/div>\n<\/div>\n<\/div>\n<div class=\"ngart-img__cont css-1o7vb98\">\n<div class=\"ngart-img__cont__heading\">\u00a0 \u00a0 \u00a0 \u00a0 \u00a0 \u00a0 \u00a0 \u00a0 \u00a0 \u00a0 \u00a0 \u00a0POR QU\u00c9 LA COCINA FUE ESENCIAL EN NUESTRA EVOLUCI\u00d3N<\/div>\n<div><\/div>\n<div class=\"ngart-img__cont__copy css-1hq5e2b\">El control del fuego y cocinar la comida dio una ventaja evolutiva esencial a los &#8216;Homo sapiens&#8217; no solo a nivel t\u00e9cnico sino tambi\u00e9n a nivel comunitario. Im\u00e1genes de la serie &#8216;Nuestros Or\u00edgenes&#8217;<\/div>\n<\/div>\n<\/div>\n<\/div>\n<div class=\"module--type-ParagraphContent module--id-16590564\">\n<div class=\"paragraph css-436yqj\">\n<div>\n<p style=\"text-align: justify;\" data-paragraph-id=\"16590564-1\"><em><span id=\"speechify-first-word-listening-nudge-12\">Este art\u00edculo se<\/span>\u00a0public\u00f3 originalmente en ingl\u00e9s en\u00a0<\/em><a href=\"https:\/\/www.nationalgeographic.com\/\" target=\"_blank\" rel=\"nofollow noopener noreferrer\"><em>nationalgeographic.com<\/em><\/a><em>\u00a0y fue traducida en enero de 2017. La informaci\u00f3n ha sido ampliada en septiembre de 2023.<\/em><\/p>\n<\/div>\n<\/div>\n<\/div>\n<\/div>\n<\/div>\n<\/div>\n<div class='bookmark'>\r\n\t\t<table align='left' border='0' cellpadding='0' width='100%'>\r\n\t\t<tr><td><span class='pushbutton'><a href='http:\/\/delicious.com\/post?url=http%3A%2F%2Fwww.emiliosilveravazquez.com%2Fblog%2F2023%2F12%2F04%2Fla-evolucion-humana%2F&amp;title=La+Evoluci%C3%B3n+Humana' title='Delicious' target='_blank' rel='nofollow'><img src='http:\/\/www.emiliosilveravazquez.com\/blog\/wp-content\/plugins\/knxdt-bookmarks-wordpress-plugin\/images\/delicious.png'  alt='' class='book_img' border='none' style='margin:1px; padding: 0;'  \/><\/a><\/span><span class='pushbutton'><a href='http:\/\/digg.com\/submit?url=http%3A%2F%2Fwww.emiliosilveravazquez.com%2Fblog%2F2023%2F12%2F04%2Fla-evolucion-humana%2F&amp;title=La+Evoluci%C3%B3n+Humana' title='Digg' target='_blank' rel='nofollow'><img src='http:\/\/www.emiliosilveravazquez.com\/blog\/wp-content\/plugins\/knxdt-bookmarks-wordpress-plugin\/images\/digg.png'  alt='' class='book_img' border='none' style='margin:1px; padding: 0;'  \/><\/a><\/span><span class='pushbutton'><a href='http:\/\/www.google.com\/bookmarks\/mark?op=edit&amp;bkmk=http%3A%2F%2Fwww.emiliosilveravazquez.com%2Fblog%2F2023%2F12%2F04%2Fla-evolucion-humana%2F&amp;title=La+Evoluci%C3%B3n+Humana' title='Google' target='_blank' rel='nofollow'><img src='http:\/\/www.emiliosilveravazquez.com\/blog\/wp-content\/plugins\/knxdt-bookmarks-wordpress-plugin\/images\/google.png'   alt='' class='book_img' border='none' style='margin:1px; padding: 0;'  \/><\/a><\/span><span class='pushbutton'><a href='http:\/\/myweb2.search.yahoo.com\/myresults\/bookmarklet?u=http%3A%2F%2Fwww.emiliosilveravazquez.com%2Fblog%2F2023%2F12%2F04%2Fla-evolucion-humana%2F&amp;t=La+Evoluci%C3%B3n+Humana' title='Yahoo' target='_blank' rel='nofollow'><img src='http:\/\/www.emiliosilveravazquez.com\/blog\/wp-content\/plugins\/knxdt-bookmarks-wordpress-plugin\/images\/yahoo.png'  alt='' class='book_img' border='none' style='margin:1px; padding: 0;'  \/><\/a><\/span><span class='pushbutton'><a href='http:\/\/www.technorati.com\/faves?add=http%3A%2F%2Fwww.emiliosilveravazquez.com%2Fblog%2F2023%2F12%2F04%2Fla-evolucion-humana%2F' title='Technorati' target='_blank' rel='nofollow'><img src='http:\/\/www.emiliosilveravazquez.com\/blog\/wp-content\/plugins\/knxdt-bookmarks-wordpress-plugin\/images\/technorati.png'  alt='' class='book_img' border='none' style='margin:1px; padding: 0;'  \/><\/a><\/span><span class='pushbutton'><a href='http:\/\/meneame.net\/submit.php?url=http%3A%2F%2Fwww.emiliosilveravazquez.com%2Fblog%2F2023%2F12%2F04%2Fla-evolucion-humana%2F' title='Meneame' target='_blank' rel='nofollow'><img src='http:\/\/www.emiliosilveravazquez.com\/blog\/wp-content\/plugins\/knxdt-bookmarks-wordpress-plugin\/images\/meneame.png'  alt='' class='book_img' border='none' style='margin:1px; padding: 0;'  \/><\/a><\/span><span class='pushbutton'><a href='http:\/\/enchilame.com\/submit.php?url=http:\/\/www.emiliosilveravazquez.com\/blog\/2023\/12\/04\/la-evolucion-humana\/' target='_blank' rel='nofollow'><img title='Enchilame' src='http:\/\/www.emiliosilveravazquez.com\/blog\/wp-content\/plugins\/knxdt-bookmarks-wordpress-plugin\/images\/enchilame.png'  alt='' class='book_img' border='none' style='margin:1px; padding: 0;'  \/><\/a><\/span><span class='pushbutton'><a href='http:\/\/www.blinklist.com\/index.php?Action=Blink\/addblink.php&amp;Description=&amp;Url=http%3A%2F%2Fwww.emiliosilveravazquez.com%2Fblog%2F2023%2F12%2F04%2Fla-evolucion-humana%2F&amp;title=La+Evoluci%C3%B3n+Humana' title='BlinkList' target='_blank' rel='nofollow'><img src='http:\/\/www.emiliosilveravazquez.com\/blog\/wp-content\/plugins\/knxdt-bookmarks-wordpress-plugin\/images\/blinklist.png'  alt='' class='book_img' border='none' style='margin:1px; padding: 0;'  \/><\/a><\/span><span class='pushbutton'><a href='http:\/\/reddit.com\/submit?url=http%3A%2F%2Fwww.emiliosilveravazquez.com%2Fblog%2F2023%2F12%2F04%2Fla-evolucion-humana%2F&amp;title=La+Evoluci%C3%B3n+Humana' title='Reddit' target='_blank' rel='nofollow'><img src='http:\/\/www.emiliosilveravazquez.com\/blog\/wp-content\/plugins\/knxdt-bookmarks-wordpress-plugin\/images\/reddit.png'  alt='' class='book_img' border='none' style='margin:1px; padding: 0;'  \/><\/a><\/span><span class='pushbutton'><a href='http:\/\/www.tecnologiadiaria.com\/2009\/07\/abrir-com-hotmail-correo.html' target='_blank' title='hotmail'><img src='http:\/\/www.emiliosilveravazquez.com\/blog\/wp-content\/plugins\/knxdt-bookmarks-wordpress-plugin\/images\/linklove.png' alt='hotmail correo' class='book_img' border='none' style='margin:1px; padding: 0;' \/><\/a><\/span><span class='pushbutton'><a href='http:\/\/bitacoras.com\/votar\/anotacion\/externo\/mini\/www.emiliosilveravazquez.com\/blog\/2023\/12\/04\/la-evolucion-humana\/' title='Bitacoras.com' target='_blank' rel='nofollow'><img src='http:\/\/www.emiliosilveravazquez.com\/blog\/wp-content\/plugins\/knxdt-bookmarks-wordpress-plugin\/images\/bitacoras.png'  alt='' class='book_img' border='none' style='margin:1px; padding: 0;'  \/><\/a><\/span><span class='pushbutton'><a href='http:\/\/www.wikio.es\/vote?url=http%3A%2F%2Fwww.emiliosilveravazquez.com%2Fblog%2F2023%2F12%2F04%2Fla-evolucion-humana%2F' title='Wikio' target='_blank' rel='nofollow'><img src='http:\/\/www.emiliosilveravazquez.com\/blog\/wp-content\/plugins\/knxdt-bookmarks-wordpress-plugin\/images\/wikio.png'   alt='' class='book_img' border='none' style='margin:1px; padding: 0;'   \/><\/a><\/span><span class='pushbutton'><a href='http:\/\/friendfeed.com\/?url=http%3A%2F%2Fwww.emiliosilveravazquez.com%2Fblog%2F2023%2F12%2F04%2Fla-evolucion-humana%2F&amp;title=La+Evoluci%C3%B3n+Humana' title='Friend Feed' target='_blank' rel='nofollow'><img src='http:\/\/www.emiliosilveravazquez.com\/blog\/wp-content\/plugins\/knxdt-bookmarks-wordpress-plugin\/images\/friendfeed.png'  alt='' class='book_img' border='none' style='margin:1px; padding: 0;'  \/><\/a><\/span><span class='pushbutton'><a href='http:\/\/www.facebook.com\/share.php?u=http%3A%2F%2Fwww.emiliosilveravazquez.com%2Fblog%2F2023%2F12%2F04%2Fla-evolucion-humana%2F&amp;t=La+Evoluci%C3%B3n+Humana' title='Facebook' target='_blank' rel='nofollow'><img src='http:\/\/www.emiliosilveravazquez.com\/blog\/wp-content\/plugins\/knxdt-bookmarks-wordpress-plugin\/images\/facebook.png'  alt='' class='book_img' border='none' style='margin:1px; padding: 0;'  \/><\/a><\/span><span class='pushbutton'><a href='http:\/\/twitter.com\/home?status=La+Evoluci%C3%B3n+Humana: http%3A%2F%2Fwww.emiliosilveravazquez.com%2Fblog%2F2023%2F12%2F04%2Fla-evolucion-humana%2F' title='Twitter' target='_blank' rel='nofollow'><img src='http:\/\/www.emiliosilveravazquez.com\/blog\/wp-content\/plugins\/knxdt-bookmarks-wordpress-plugin\/images\/twitter.png'  alt='' class='book_img' border='none' style='margin:1px; padding: 0;'  \/><\/a><\/span><span class='pushbutton'><a href='http:\/\/www.feedburner.com\/fb\/a\/emailFlare?itemTitle=La+Evoluci%C3%B3n+Humana&amp;uri=http%3A%2F%2Fwww.emiliosilveravazquez.com%2Fblog%2F2023%2F12%2F04%2Fla-evolucion-humana%2F' title='Enviar por Email' target='_blank' rel='nofollow'><img src='http:\/\/www.emiliosilveravazquez.com\/blog\/wp-content\/plugins\/knxdt-bookmarks-wordpress-plugin\/images\/email.png'  alt='' class='book_img' border='none' style='margin:1px; padding: 0;'  \/><\/a><\/span><span style='font-weight:bold; padding-left: 5px;'><a href='http:\/\/wordpress.org\/extend\/plugins\/knxdt-bookmarks-wordpress-plugin\/' title='Plugin' rel='nofollow' target='_blank'>[?]<\/a><\/span><\/td><\/tr><\/table><br\/><br\/><\/div>","protected":false},"excerpt":{"rendered":"<p>Los conceptos b\u00e1sicos de la evoluci\u00f3n humana Con el reciente descubrimiento del &#8216;Homo Naledi&#8217;, posiblemente venga bien recapitular acerca de los conceptos b\u00e1sicos de antropolog\u00eda. POR\u00a0NADIA DRAKE \u00a0 \u00a0 \u00a0 \u00a0 \u00a0 Un modelo de Australopithecus afarensis (Lucy) aparece a la sombra de un humano moderno y un chimpanc\u00e9. FOTOGRAF\u00cdA DE\u00a0KENNETH GARRETT,\u00a0NATIONAL GEOGRAPHIC CREATIVE \u00cdNDICE [&hellip;]<\/p>\n","protected":false},"author":2,"featured_media":0,"comment_status":"open","ping_status":"open","sticky":false,"template":"","format":"standard","meta":{"_s2mail":"","footnotes":""},"categories":[1],"tags":[],"_links":{"self":[{"href":"http:\/\/www.emiliosilveravazquez.com\/blog\/wp-json\/wp\/v2\/posts\/31708"}],"collection":[{"href":"http:\/\/www.emiliosilveravazquez.com\/blog\/wp-json\/wp\/v2\/posts"}],"about":[{"href":"http:\/\/www.emiliosilveravazquez.com\/blog\/wp-json\/wp\/v2\/types\/post"}],"author":[{"embeddable":true,"href":"http:\/\/www.emiliosilveravazquez.com\/blog\/wp-json\/wp\/v2\/users\/2"}],"replies":[{"embeddable":true,"href":"http:\/\/www.emiliosilveravazquez.com\/blog\/wp-json\/wp\/v2\/comments?post=31708"}],"version-history":[{"count":0,"href":"http:\/\/www.emiliosilveravazquez.com\/blog\/wp-json\/wp\/v2\/posts\/31708\/revisions"}],"wp:attachment":[{"href":"http:\/\/www.emiliosilveravazquez.com\/blog\/wp-json\/wp\/v2\/media?parent=31708"}],"wp:term":[{"taxonomy":"category","embeddable":true,"href":"http:\/\/www.emiliosilveravazquez.com\/blog\/wp-json\/wp\/v2\/categories?post=31708"},{"taxonomy":"post_tag","embeddable":true,"href":"http:\/\/www.emiliosilveravazquez.com\/blog\/wp-json\/wp\/v2\/tags?post=31708"}],"curies":[{"name":"wp","href":"https:\/\/api.w.org\/{rel}","templated":true}]}}