{"id":3135,"date":"2010-07-20T10:04:23","date_gmt":"2010-07-20T08:04:23","guid":{"rendered":"http:\/\/www.emiliosilveravazquez.com\/blog\/?p=3135"},"modified":"2010-07-20T10:04:23","modified_gmt":"2010-07-20T08:04:23","slug":"einstein-kaluza-witten-las-teorias-avanzan","status":"publish","type":"post","link":"http:\/\/www.emiliosilveravazquez.com\/blog\/2010\/07\/20\/einstein-kaluza-witten-las-teorias-avanzan\/","title":{"rendered":"Einstein, Kaluza, Witten: Las teor\u00edas avanzan"},"content":{"rendered":"<p style=\"text-align: justify;\">Ya he comentado que la teor\u00eda de cuerdas tiene un origen real en las ecuaciones de <a href=\"#\" onclick=\"referencia('einstein',event); return false;\">Einstein<\/a> en las que se inspiro Kaluza para a\u00f1adir la quinta dimensi\u00f3n y perfeccion\u00f3 Klein (teor\u00eda <a href=\"#\" onclick=\"referencia('kaluza klein',event); return false;\">Kaluza-Klein<\/a>). La teor\u00eda de cuerdas surgi\u00f3 a partir de su descubrimiento accidental por Veneziano y Suzuki, y a partir de ah\u00ed, la versi\u00f3n de m\u00e1s \u00e9xito es la creada por los f\u00edsicos de Princeton David Gross, Emil Martinec, Jeffrey Harvey y Ryan Rohm; ellos son conocidos en ese mundillo de la f\u00edsica te\u00f3rica como \u201cel cuarteto de cuerdas\u201d.\u00a0 Ellos han propuesto la cuerda heter\u00f3tica (h\u00edbrida) y est\u00e1n seguros de que la teor\u00eda de cuerdas resuelve el problema de \u201c<em>construir la propia materia a partir de la pura geometr\u00eda: eso es lo que en cierto sentido hace la teor\u00eda de cuerdas, especialmente en su versi\u00f3n de cuerda heter\u00f3tica, que es inherentemente una teor\u00eda de la gravedad en la que las part\u00edculas de materia, tanto como las otras fuerzas de la naturaleza, emergen del mismo modo que la gravedad emerge de la geometr\u00eda<\/em>\u201d.<\/p>\n<p style=\"text-align: justify;\">La caracter\u00edstica m\u00e1s notable de la teor\u00eda de cuerdas (como ya he se\u00f1alado), es que la teor\u00eda de la gravedad de <a href=\"#\" onclick=\"referencia('einstein',event); return false;\">Einstein<\/a> est\u00e1 contenida autom\u00e1ticamente en ella. De hecho, el <a href=\"#\" onclick=\"referencia('graviton',event); return false;\">gravit\u00f3n<\/a> (el cuanto de gravedad) emerge como la vibraci\u00f3n m\u00e1s peque\u00f1a de la cuerda cerrada, es m\u00e1s, si simplemente abandonamos la teor\u00eda de la gravedad de <a href=\"#\" onclick=\"referencia('einstein',event); return false;\">Einstein<\/a> como una vibraci\u00f3n de la cuerda, entonces la teor\u00eda se vuelve inconsistente e in\u00fatil. Esta, de hecho, es la raz\u00f3n por la que Witten se sinti\u00f3 inicialmente atra\u00eddo hacia la teor\u00eda de cuerdas.<\/p>\n<p style=\"text-align: justify;\">Witten est\u00e1 plenamente convencido de que \u201c<em>todas las ideas realmente grandes en la f\u00edsica, est\u00e1n incluidas en la teor\u00eda de cuerdas<\/em>\u201d.<\/p>\n<p style=\"text-align: justify;\">No entro aqu\u00ed a describir el modelo de la teor\u00eda de cuerdas que est\u00e1 referido a la \u201ccuerda heter\u00f3tica\u201d, ya que su complejidad y profundidad de detalles podr\u00eda confundir al lector no iniciado. Sin embargo, parece justo que deje constancia de que consiste en una cuerda cerrada que tiene dos tipos de vibraciones, en el sentido de las agujas del reloj y en el sentido contrario, que son tratadas de forma diferente.<\/p>\n<p><!--more--><\/p>\n<p style=\"text-align: justify;\">Las vibraciones en el sentido de las agujas de reloj viven en un espacio de diez dimensiones. Las vibraciones de sentido contrario viven en un espacio de veintis\u00e9is dimensiones, de las que diecis\u00e9is han sido compactificadas (recordemos que en la teor\u00eda pentadimensional <a href=\"#\" onclick=\"referencia('kaluza klein',event); return false;\">Kaluza-Klein<\/a>, la quinta dimensi\u00f3n se compactificaba curv\u00e1ndose en un circulo). La cuerda heter\u00f3tica debe su nombre al hecho de que las vibraciones en el sentido de las agujas de reloj y en el sentido contrario viven en dos dimensiones diferentes pero se combinan para producir una sola <a href=\"#\" onclick=\"referencia('supercuerdas teoria',event); return false;\">teor\u00eda de supercuerdas<\/a>. Esta es la raz\u00f3n de que se denomine seg\u00fan la palabra griega <em>heterosis<\/em>, que significa \u201cvigor h\u00edbrido\u201d.<\/p>\n<p style=\"text-align: justify;\">En conclusi\u00f3n, las simetr\u00edas que vemos a nuestro alrededor, desde el arcoiris a las flores y a los cristales, pueden considerarse en \u00faltima instancia como manifestaciones de fragmentos de la teor\u00eda decadimensional original.\u00a0 Riemann y <a href=\"#\" onclick=\"referencia('einstein',event); return false;\">Einstein<\/a> hab\u00edan confiado en llegar a una comprensi\u00f3n geom\u00e9trica de por qu\u00e9 las fuerzas pueden determinar el movimiento y la naturaleza de la materia.<\/p>\n<p style=\"text-align: justify;\">La teor\u00eda de cuerdas, a partir del descubrimiento Veneziano-Suzuki, estaba evolucionando hacia atr\u00e1s buscando las huellas de Faraday, Riemann, Maxwell y <a href=\"#\" onclick=\"referencia('einstein',event); return false;\">Einstein<\/a> para poder construir una teor\u00eda de campos de cuerdas.\u00a0 De hecho, toda la f\u00edsica de part\u00edculas estaba basada en teor\u00eda de campos. La \u00fanica teor\u00eda no basada en teor\u00eda de campos era la teor\u00eda de cuerdas.<\/p>\n<p style=\"text-align: justify;\">De la teor\u00eda de cuerdas combinada con la <a href=\"#\" onclick=\"referencia('supersimetria',event); return false;\">supersimetr\u00eda<\/a> dio lugar a la <a href=\"#\" onclick=\"referencia('supercuerdas teoria',event); return false;\">teor\u00eda de supercuerdas<\/a>. La cuerda es un objeto unidimensional que en esta nueva teor\u00eda se utiliza remplazando la idea de la part\u00edcula puntual de la teor\u00eda cu\u00e1ntica de campos. La cuerda se utiliza en la teor\u00eda de part\u00edculas elementales y en cosmolog\u00eda y se representa por una l\u00ednea o lazo (una cuerda cerrada). Los estados de una part\u00edcula pueden ser producidos por ondas estacionarias a lo largo de esta cuerda.<\/p>\n<p style=\"text-align: justify;\">En esta teor\u00eda se trata de unificar a todas las fuerzas fundamentales incorporando simetr\u00eda y en la que los objetos b\u00e1sicos son objetos unidimensionales que tienen una escala de 10<sup>-35<\/sup> metros y, como distancias muy cortas est\u00e1n asociadas a energ\u00edas muy altas, para este caso la escala de energ\u00eda requerida es del orden de 10<sup>19<\/sup> GeV, que est\u00e1 muy por encima de la que hoy en d\u00eda pueda alcanzar cualquier acelerador de part\u00edculas.<\/p>\n<p style=\"text-align: justify;\">Como antes expliqu\u00e9, las cuerdas asociadas con los <a href=\"#\" onclick=\"referencia('bosones',event); return false;\">bosones<\/a> s\u00f3lo son consistentes como teor\u00edas cu\u00e1nticas en un espacio-tiempo de 26 dimensiones; aquella asociadas con los <a href=\"#\" onclick=\"referencia('fermion',event); return false;\">fermiones<\/a> s\u00f3lo lo son en un espacio tiempo de 10 dimensiones. Ya se ha explicado antes que las dimensiones extras, adem\u00e1s de las normales que podemos constatar, tres de espacio y una de tiempo, como la teor\u00eda de <a href=\"#\" onclick=\"referencia('kaluza klein',event); return false;\">Kaluza-Klein<\/a>, est\u00e1n enrolladas en una distancia de Planck. De momento, inalcanzables.<\/p>\n<p style=\"text-align: justify;\">Una de las caracter\u00edsticas m\u00e1s atractivas de la <a href=\"#\" onclick=\"referencia('supercuerdas teoria',event); return false;\">teor\u00eda de supercuerdas<\/a> es que dan lugar a part\u00edculas de <a href=\"#\" onclick=\"referencia('espin',event); return false;\">esp\u00edn<\/a> 2, que son identificadas con los <a href=\"#\" onclick=\"referencia('graviton',event); return false;\">gravitones<\/a> (las part\u00edculas que transportan la gravedad y que a\u00fan no se han podido localizar). Por tanto, una <a href=\"#\" onclick=\"referencia('supercuerdas teoria',event); return false;\">teor\u00eda de supercuerdas<\/a> autom\u00e1ticamente contiene una teor\u00eda cu\u00e1ntica de la interacci\u00f3n gravitacional. Se piensa que las supercuerdas, al contrario que ocurre con otras teor\u00edas (entre ellas el Modelo Est\u00e1ndar), est\u00e1n libres de infinitos que no pueden ser eliminados por renormalizaci\u00f3n, que plagan todos los intentos de construir una teor\u00eda cu\u00e1ntica de campos que incorpore la gravedad. Hay algunas evidencias de que la <a href=\"#\" onclick=\"referencia('supercuerdas teoria',event); return false;\">teor\u00eda de supercuerdas<\/a> est\u00e1 libre de infinitos, pero se est\u00e1 a la b\u00fasqueda de la prueba definitiva.<\/p>\n<p style=\"text-align: justify;\">Aunque no hay evidencia directa de las supercuerdas, algunas caracter\u00edsticas de las supercuerdas son compatibles con los hechos experimentales observados en las part\u00edculas elementales, como la posibilidad de que las part\u00edculas no respeten paridad<a href=\"http:\/\/www.emiliosilveravazquez.com\/blog\/wp-admin\/#_ftn1\">*<\/a>,\u00a0 lo que en efecto ocurre en las interacciones d\u00e9biles.<\/p>\n<p style=\"text-align: justify;\">Estoy convencido de que la <a href=\"#\" onclick=\"referencia('supercuerdas teoria',event); return false;\">teor\u00eda de supercuerdas<\/a> ser\u00e1 finalmente corroborada por los hechos y, para ello, se necesitar\u00e1 alg\u00fan tiempo; no se puede a\u00fan comprobar ciertos par\u00e1metros te\u00f3ricos que esas complejas matem\u00e1ticas a las que llaman topolog\u00eda nos dicen que son as\u00ed.<\/p>\n<p style=\"text-align: justify;\">Habr\u00e1 que tener siempre a mano las ecuaciones de <a href=\"#\" onclick=\"referencia('einstein',event); return false;\">Einstein<\/a>, las funciones modulares de Ramanujan y el Super<a href=\"#\" onclick=\"referencia('tensor metrico',event); return false;\">tensor m\u00e9trico<\/a> de ese genio matem\u00e1tico que, al igual que Ramanujan, fue un visionario llamado Riemann.<\/p>\n<p style=\"text-align: justify;\">Las historias de estos dos personajes, en cierto modo, son muy parecidas.\u00a0 Tanto Riemann como Ramanujan murieron antes de cumplir los 40 a\u00f1os y, tambi\u00e9n en ambos casos, en condiciones dif\u00edciles. Estos personajes desarrollaron una actividad matem\u00e1tica s\u00f3lo comparable al trabajo de toda la vida de muchos buenos matem\u00e1ticos.<\/p>\n<p style=\"text-align: justify;\">\u00bfC\u00f3mo es posible que, para proteger la simetr\u00eda conforme original por su destrucci\u00f3n por la teor\u00eda cu\u00e1ntica, deben ser milagrosamente satisfechas cierto n\u00famero de identidades matem\u00e1ticas, que precisamente son las identidades de la funci\u00f3n modular de Ramanujan?<\/p>\n<p style=\"text-align: justify;\">En este trabajo he expresado que las leyes de la naturaleza se simplifican cuando se expresan en dimensiones m\u00e1s altas. Sin embargo, a la luz de la teor\u00eda cu\u00e1ntica, debo corregir algo esta afirmaci\u00f3n, y para decirlo correctamente deber\u00eda decir: las leyes de la naturaleza se simplifican cuando se expresan coherentemente en dimensiones m\u00e1s altas. Al a\u00f1adir la palabra <em>coherentemente<\/em> hemos se\u00f1alado un punto crucial. Esta ligadura nos obliga a utilizar las funciones modulares de Ramanujan, que fijan en diez de dimensiones del espacio-tiempo. Esto a su vez, puede facilitarnos la clave decisiva para explicar el origen del universo.<\/p>\n<p style=\"text-align: justify;\">Riemann, por su parte, contribuy\u00f3 tanto a las matem\u00e1ticas modernas que, sin temor a equivocarnos, podr\u00edamos decir que su geometr\u00eda desterr\u00f3 la que implantaron los griegos 2.000 a\u00f1os antes, y adem\u00e1s, sin su <a href=\"#\" onclick=\"referencia('tensor metrico',event); return false;\">tensor m\u00e9trico<\/a>, <a href=\"#\" onclick=\"referencia('einstein',event); return false;\">Einstein<\/a> no podr\u00eda haber expuestos su teor\u00eda de la <a href=\"#\" onclick=\"referencia('relatividad',event); return false;\">relatividad<\/a> general.<\/p>\n<p style=\"text-align: justify;\">Como en otros trabajos anteriores, este que ahora estoy finalizando, es un encargo de la Sociedad Cultural \u201cAmigos de la F\u00edsica, 137 e\/hc\u201d que ser\u00e1 reproducido para los socios y, m\u00e1s tarde, dar\u00e1 lugar a un seminario coloquio en el que ser\u00e1n comentados todos los temas aqu\u00ed tratados, y los asistentes podr\u00e1n realizar preguntas al autor del trabajo, que gustosamente contestar\u00e9.<\/p>\n<p style=\"text-align: justify;\">Se trata de difundir la cultura cient\u00edfica relacionada con la f\u00edsica, sus teor\u00edas y modelos y sus conexiones con la naturaleza y con el universo.<\/p>\n<p style=\"text-align: justify;\">Dentro de nuestras limitaciones procuramos que en cada trabajo (esto es de\u00a0\u00a0la libreta n\u00famero 40 de las que llevo escritas), aparezcan temas nuevos y del inter\u00e9s de los lectores que, as\u00ed, ser\u00e1n introducidos en el saber cient\u00edfico conociendo temas nuevos y descubrimientos fascinantes realizados por grandes genios que, con su trabajo, procuran que vivamos en un mundo cada vez mejor y, sobre todo, que aportan sus ideas y su talento para procurar que alg\u00fan d\u00eda, cuando llegue el momento, la Humanidad pueda escapar de la Tierra sentenciada a muerte por el final, como estrella en activo, de nuestro Sol.<\/p>\n<p style=\"text-align: right;\"><em>emilio silvera<\/em><\/p>\n<div class='bookmark'>\r\n\t\t<table align='left' border='0' cellpadding='0' width='100%'>\r\n\t\t<tr><td><span class='pushbutton'><a href='http:\/\/delicious.com\/post?url=http%3A%2F%2Fwww.emiliosilveravazquez.com%2Fblog%2F2010%2F07%2F20%2Feinstein-kaluza-witten-las-teorias-avanzan%2F&amp;title=Einstein%2C+Kaluza%2C+Witten%3A+Las+teor%C3%ADas+avanzan' title='Delicious' target='_blank' rel='nofollow'><img src='http:\/\/www.emiliosilveravazquez.com\/blog\/wp-content\/plugins\/knxdt-bookmarks-wordpress-plugin\/images\/delicious.png'  alt='' class='book_img' border='none' style='margin:1px; padding: 0;'  \/><\/a><\/span><span class='pushbutton'><a href='http:\/\/digg.com\/submit?url=http%3A%2F%2Fwww.emiliosilveravazquez.com%2Fblog%2F2010%2F07%2F20%2Feinstein-kaluza-witten-las-teorias-avanzan%2F&amp;title=Einstein%2C+Kaluza%2C+Witten%3A+Las+teor%C3%ADas+avanzan' title='Digg' target='_blank' rel='nofollow'><img src='http:\/\/www.emiliosilveravazquez.com\/blog\/wp-content\/plugins\/knxdt-bookmarks-wordpress-plugin\/images\/digg.png'  alt='' class='book_img' border='none' style='margin:1px; padding: 0;'  \/><\/a><\/span><span class='pushbutton'><a href='http:\/\/www.google.com\/bookmarks\/mark?op=edit&amp;bkmk=http%3A%2F%2Fwww.emiliosilveravazquez.com%2Fblog%2F2010%2F07%2F20%2Feinstein-kaluza-witten-las-teorias-avanzan%2F&amp;title=Einstein%2C+Kaluza%2C+Witten%3A+Las+teor%C3%ADas+avanzan' title='Google' target='_blank' rel='nofollow'><img src='http:\/\/www.emiliosilveravazquez.com\/blog\/wp-content\/plugins\/knxdt-bookmarks-wordpress-plugin\/images\/google.png'   alt='' class='book_img' border='none' style='margin:1px; padding: 0;'  \/><\/a><\/span><span class='pushbutton'><a href='http:\/\/myweb2.search.yahoo.com\/myresults\/bookmarklet?u=http%3A%2F%2Fwww.emiliosilveravazquez.com%2Fblog%2F2010%2F07%2F20%2Feinstein-kaluza-witten-las-teorias-avanzan%2F&amp;t=Einstein%2C+Kaluza%2C+Witten%3A+Las+teor%C3%ADas+avanzan' title='Yahoo' target='_blank' rel='nofollow'><img src='http:\/\/www.emiliosilveravazquez.com\/blog\/wp-content\/plugins\/knxdt-bookmarks-wordpress-plugin\/images\/yahoo.png'  alt='' class='book_img' border='none' style='margin:1px; padding: 0;'  \/><\/a><\/span><span class='pushbutton'><a href='http:\/\/www.technorati.com\/faves?add=http%3A%2F%2Fwww.emiliosilveravazquez.com%2Fblog%2F2010%2F07%2F20%2Feinstein-kaluza-witten-las-teorias-avanzan%2F' title='Technorati' target='_blank' rel='nofollow'><img src='http:\/\/www.emiliosilveravazquez.com\/blog\/wp-content\/plugins\/knxdt-bookmarks-wordpress-plugin\/images\/technorati.png'  alt='' class='book_img' border='none' style='margin:1px; padding: 0;'  \/><\/a><\/span><span class='pushbutton'><a href='http:\/\/meneame.net\/submit.php?url=http%3A%2F%2Fwww.emiliosilveravazquez.com%2Fblog%2F2010%2F07%2F20%2Feinstein-kaluza-witten-las-teorias-avanzan%2F' title='Meneame' target='_blank' rel='nofollow'><img src='http:\/\/www.emiliosilveravazquez.com\/blog\/wp-content\/plugins\/knxdt-bookmarks-wordpress-plugin\/images\/meneame.png'  alt='' class='book_img' border='none' style='margin:1px; padding: 0;'  \/><\/a><\/span><span class='pushbutton'><a href='http:\/\/enchilame.com\/submit.php?url=http:\/\/www.emiliosilveravazquez.com\/blog\/2010\/07\/20\/einstein-kaluza-witten-las-teorias-avanzan\/' target='_blank' rel='nofollow'><img title='Enchilame' src='http:\/\/www.emiliosilveravazquez.com\/blog\/wp-content\/plugins\/knxdt-bookmarks-wordpress-plugin\/images\/enchilame.png'  alt='' class='book_img' border='none' style='margin:1px; padding: 0;'  \/><\/a><\/span><span class='pushbutton'><a href='http:\/\/www.blinklist.com\/index.php?Action=Blink\/addblink.php&amp;Description=&amp;Url=http%3A%2F%2Fwww.emiliosilveravazquez.com%2Fblog%2F2010%2F07%2F20%2Feinstein-kaluza-witten-las-teorias-avanzan%2F&amp;title=Einstein%2C+Kaluza%2C+Witten%3A+Las+teor%C3%ADas+avanzan' title='BlinkList' target='_blank' rel='nofollow'><img src='http:\/\/www.emiliosilveravazquez.com\/blog\/wp-content\/plugins\/knxdt-bookmarks-wordpress-plugin\/images\/blinklist.png'  alt='' class='book_img' border='none' style='margin:1px; padding: 0;'  \/><\/a><\/span><span class='pushbutton'><a href='http:\/\/reddit.com\/submit?url=http%3A%2F%2Fwww.emiliosilveravazquez.com%2Fblog%2F2010%2F07%2F20%2Feinstein-kaluza-witten-las-teorias-avanzan%2F&amp;title=Einstein%2C+Kaluza%2C+Witten%3A+Las+teor%C3%ADas+avanzan' title='Reddit' target='_blank' rel='nofollow'><img src='http:\/\/www.emiliosilveravazquez.com\/blog\/wp-content\/plugins\/knxdt-bookmarks-wordpress-plugin\/images\/reddit.png'  alt='' class='book_img' border='none' style='margin:1px; padding: 0;'  \/><\/a><\/span><span class='pushbutton'><a href='http:\/\/www.tecnologiadiaria.com\/2009\/07\/abrir-com-hotmail-correo.html' target='_blank' title='hotmail'><img src='http:\/\/www.emiliosilveravazquez.com\/blog\/wp-content\/plugins\/knxdt-bookmarks-wordpress-plugin\/images\/linklove.png' alt='hotmail correo' class='book_img' border='none' style='margin:1px; padding: 0;' \/><\/a><\/span><span class='pushbutton'><a href='http:\/\/bitacoras.com\/votar\/anotacion\/externo\/mini\/www.emiliosilveravazquez.com\/blog\/2010\/07\/20\/einstein-kaluza-witten-las-teorias-avanzan\/' title='Bitacoras.com' target='_blank' rel='nofollow'><img src='http:\/\/www.emiliosilveravazquez.com\/blog\/wp-content\/plugins\/knxdt-bookmarks-wordpress-plugin\/images\/bitacoras.png'  alt='' class='book_img' border='none' style='margin:1px; padding: 0;'  \/><\/a><\/span><span class='pushbutton'><a href='http:\/\/www.wikio.es\/vote?url=http%3A%2F%2Fwww.emiliosilveravazquez.com%2Fblog%2F2010%2F07%2F20%2Feinstein-kaluza-witten-las-teorias-avanzan%2F' title='Wikio' target='_blank' rel='nofollow'><img src='http:\/\/www.emiliosilveravazquez.com\/blog\/wp-content\/plugins\/knxdt-bookmarks-wordpress-plugin\/images\/wikio.png'   alt='' class='book_img' border='none' style='margin:1px; padding: 0;'   \/><\/a><\/span><span class='pushbutton'><a href='http:\/\/friendfeed.com\/?url=http%3A%2F%2Fwww.emiliosilveravazquez.com%2Fblog%2F2010%2F07%2F20%2Feinstein-kaluza-witten-las-teorias-avanzan%2F&amp;title=Einstein%2C+Kaluza%2C+Witten%3A+Las+teor%C3%ADas+avanzan' title='Friend Feed' target='_blank' rel='nofollow'><img src='http:\/\/www.emiliosilveravazquez.com\/blog\/wp-content\/plugins\/knxdt-bookmarks-wordpress-plugin\/images\/friendfeed.png'  alt='' class='book_img' border='none' style='margin:1px; padding: 0;'  \/><\/a><\/span><span class='pushbutton'><a href='http:\/\/www.facebook.com\/share.php?u=http%3A%2F%2Fwww.emiliosilveravazquez.com%2Fblog%2F2010%2F07%2F20%2Feinstein-kaluza-witten-las-teorias-avanzan%2F&amp;t=Einstein%2C+Kaluza%2C+Witten%3A+Las+teor%C3%ADas+avanzan' title='Facebook' target='_blank' rel='nofollow'><img src='http:\/\/www.emiliosilveravazquez.com\/blog\/wp-content\/plugins\/knxdt-bookmarks-wordpress-plugin\/images\/facebook.png'  alt='' class='book_img' border='none' style='margin:1px; padding: 0;'  \/><\/a><\/span><span class='pushbutton'><a href='http:\/\/twitter.com\/home?status=Einstein%2C+Kaluza%2C+Witten%3A+Las+teor%C3%ADas+avanzan: http%3A%2F%2Fwww.emiliosilveravazquez.com%2Fblog%2F2010%2F07%2F20%2Feinstein-kaluza-witten-las-teorias-avanzan%2F' title='Twitter' target='_blank' rel='nofollow'><img src='http:\/\/www.emiliosilveravazquez.com\/blog\/wp-content\/plugins\/knxdt-bookmarks-wordpress-plugin\/images\/twitter.png'  alt='' class='book_img' border='none' style='margin:1px; padding: 0;'  \/><\/a><\/span><span class='pushbutton'><a href='http:\/\/www.feedburner.com\/fb\/a\/emailFlare?itemTitle=Einstein%2C+Kaluza%2C+Witten%3A+Las+teor%C3%ADas+avanzan&amp;uri=http%3A%2F%2Fwww.emiliosilveravazquez.com%2Fblog%2F2010%2F07%2F20%2Feinstein-kaluza-witten-las-teorias-avanzan%2F' title='Enviar por Email' target='_blank' rel='nofollow'><img src='http:\/\/www.emiliosilveravazquez.com\/blog\/wp-content\/plugins\/knxdt-bookmarks-wordpress-plugin\/images\/email.png'  alt='' class='book_img' border='none' style='margin:1px; padding: 0;'  \/><\/a><\/span><span style='font-weight:bold; padding-left: 5px;'><a href='http:\/\/wordpress.org\/extend\/plugins\/knxdt-bookmarks-wordpress-plugin\/' title='Plugin' rel='nofollow' target='_blank'>[?]<\/a><\/span><\/td><\/tr><\/table><br\/><br\/><\/div>","protected":false},"excerpt":{"rendered":"<p>Ya he comentado que la teor\u00eda de cuerdas tiene un origen real en las ecuaciones de Einstein en las que se inspiro Kaluza para a\u00f1adir la quinta dimensi\u00f3n y perfeccion\u00f3 Klein (teor\u00eda Kaluza-Klein). La teor\u00eda de cuerdas surgi\u00f3 a partir de su descubrimiento accidental por Veneziano y Suzuki, y a partir de ah\u00ed, la versi\u00f3n [&hellip;]<\/p>\n","protected":false},"author":2,"featured_media":0,"comment_status":"open","ping_status":"open","sticky":false,"template":"","format":"standard","meta":{"_s2mail":"","footnotes":""},"categories":[6],"tags":[],"_links":{"self":[{"href":"http:\/\/www.emiliosilveravazquez.com\/blog\/wp-json\/wp\/v2\/posts\/3135"}],"collection":[{"href":"http:\/\/www.emiliosilveravazquez.com\/blog\/wp-json\/wp\/v2\/posts"}],"about":[{"href":"http:\/\/www.emiliosilveravazquez.com\/blog\/wp-json\/wp\/v2\/types\/post"}],"author":[{"embeddable":true,"href":"http:\/\/www.emiliosilveravazquez.com\/blog\/wp-json\/wp\/v2\/users\/2"}],"replies":[{"embeddable":true,"href":"http:\/\/www.emiliosilveravazquez.com\/blog\/wp-json\/wp\/v2\/comments?post=3135"}],"version-history":[{"count":0,"href":"http:\/\/www.emiliosilveravazquez.com\/blog\/wp-json\/wp\/v2\/posts\/3135\/revisions"}],"wp:attachment":[{"href":"http:\/\/www.emiliosilveravazquez.com\/blog\/wp-json\/wp\/v2\/media?parent=3135"}],"wp:term":[{"taxonomy":"category","embeddable":true,"href":"http:\/\/www.emiliosilveravazquez.com\/blog\/wp-json\/wp\/v2\/categories?post=3135"},{"taxonomy":"post_tag","embeddable":true,"href":"http:\/\/www.emiliosilveravazquez.com\/blog\/wp-json\/wp\/v2\/tags?post=3135"}],"curies":[{"name":"wp","href":"https:\/\/api.w.org\/{rel}","templated":true}]}}