{"id":3132,"date":"2013-06-05T04:30:23","date_gmt":"2013-06-05T03:30:23","guid":{"rendered":"http:\/\/www.emiliosilveravazquez.com\/blog\/?p=3132"},"modified":"2013-06-05T05:41:11","modified_gmt":"2013-06-05T04:41:11","slug":"la-mente-ese-misterio-2","status":"publish","type":"post","link":"http:\/\/www.emiliosilveravazquez.com\/blog\/2013\/06\/05\/la-mente-ese-misterio-2\/","title":{"rendered":"La Mente: Ese misterio"},"content":{"rendered":"<p style=\"text-align: justify;\">Una galaxia es simplemente una parte peque\u00f1a del universo, nuestro planeta es una m\u00ednima fracci\u00f3n infinitesimal de esa galaxia, y nosotros mismos podr\u00edamos ser comparados (en relaci\u00f3n a la inmensidad del cosmos) con una colonia de bacterias pensantes e inteligentes. Sin embargo, todo forma parte de lo mismo, y aunque pueda dar la sensaci\u00f3n enga\u00f1osa de una cierta autonom\u00eda, en realidad todo est\u00e1 interconectado y el funcionamiento de una cosa incide directamente en las otras.<\/p>\n<p style=\"text-align: justify;\">\n<p style=\"text-align: justify;\">\n<p><img decoding=\"async\" loading=\"lazy\" src=\"http:\/\/apod.nasa.gov\/apod\/image\/0312\/m31_galex.jpg\" alt=\"\" width=\"650\" height=\"517\" \/><\/p>\n<p>&nbsp;<\/p>\n<p style=\"text-align: justify;\">Los brazos espirales, que son una caracter\u00edstica tan llamativa en galaxias como la nuestra, son visibles porque est\u00e1n bordeados por estrellas calientes de gran masa que relucen con mucho brillo. Esto significa que tambi\u00e9n son estrellas j\u00f3venes, ya que no hay estrellas viejas que tengan gran cantidad de masa. Adem\u00e1s, su bonito tono azulado las delata, las de m\u00e1s edad, son estrellas marrones oscuras que han agotado su combustible nuclear y han dejado de radiar en el ultravioleta intenso.<\/p>\n<p style=\"text-align: justify;\">A estas alturas y dado el grado de evoluci\u00f3n al que hemos podido llegar, podemos comprender que el surgir de la vida, de las mentes pensantes en nuestra Galaxia, es algo muy grande y, aunque no lo podamos comparar con otros casos similares acontecidos en otras galaxias de nuestro Universo, la l\u00f3gica nos aconseja pensar que, en otros mundos como en el nuestro, ha podido surgir la vida y los pensamientos superiores que llevan a algunos seres a ser conscientes de su SER.<\/p>\n<p><!--more--><\/p>\n<p style=\"text-align: justify;\">Despu\u00e9s de millones y millones de a\u00f1os de evoluci\u00f3n, se formaron las consciencias primarias que surgieron en los animales con ciertas estructuras cerebrales de alta complejidad, que pod\u00edan ser capaces de construir una escena mental, pero con capacidad sem\u00e1ntica o simb\u00f3lica muy limitada y careciendo de un verdadero lenguaje.<\/p>\n<p style=\"text-align: justify;\">La consciencia de orden superior (que floreci\u00f3 en los humanos y presupone la coexistencia de una conciencia primaria) viene acompa\u00f1ada de un sentido de la propia identidad y de la capacidad expl\u00edcita de construir en los estados de vigilia escenas pasadas y futuras. Como m\u00ednimo, requiere una capacidad sem\u00e1ntica y, en su forma m\u00e1s desarrollada, una capacidad ling\u00fc\u00edstica.<\/p>\n<p style=\"text-align: justify;\">Los procesos neuronales que subyacen en nuestro cerebro son en realidad desconocidos, y aunque son muchos los estudios y experimentos que se est\u00e1n realizando, su complejidad es tal que de momento los avances son muy limitados. Estamos tratando de conocer la m\u00e1quina m\u00e1s compleja y perfecta que existe en el universo.<\/p>\n<p style=\"text-align: justify;\">\n<p style=\"text-align: justify;\">\n<div><img decoding=\"async\" loading=\"lazy\" class=\"aligncenter\" src=\"http:\/\/media1.picsearch.com\/is?nwDkO55n5Vw0rzmpX5UAViukkLdj1fVWKbbts744aDM\" alt=\"Haga clic para mostrar el resultado de &quot;Cerebro&quot; n\u00famero 3\" width=\"128\" height=\"118\" \/><\/div>\n<p style=\"text-align: justify;\">\u00a0\u00a0\u00a0\u00a0\u00a0\u00a0\u00a0\u00a0\u00a0\u00a0\u00a0\u00a0\u00a0\u00a0\u00a0\u00a0\u00a0\u00a0\u00a0\u00a0\u00a0\u00a0\u00a0\u00a0\u00a0\u00a0\u00a0\u00a0\u00a0\u00a0\u00a0\u00a0\u00a0\u00a0\u00a0\u00a0\u00a0\u00a0\u00a0\u00a0\u00a0\u00a0\u00a0\u00a0\u00a0\u00a0\u00a0\u00a0\u00a0\u00a0 \u00a0 \u00a0 \u00a0 \u00a0 \u00a0 \u00a0 En peque\u00f1os recept\u00e1culos como el que arriba podemos ver, se encierra el saber del mundo.<\/p>\n<p style=\"text-align: justify;\">\n<p style=\"text-align: center;\"><img decoding=\"async\" loading=\"lazy\" class=\"aligncenter\" style=\"border: 0pt none;\" title=\"El cerebro\" src=\"http:\/\/health.bwmc.umms.org\/graphics\/images\/es\/17250.jpg\" alt=\"El cerebro\" width=\"400\" height=\"320\" border=\"0\" \/><\/p>\n<p style=\"text-align: center;\">\n<p style=\"text-align: justify;\">Nunca en tan poco espacio se pudo guardar tanto contenido. De ah\u00ed surgen las ideas creadoras, ah\u00ed evoluciona la sabidur\u00eda, y, se percibe el mundo que nos rodea a trav\u00e9s de los sentidos. Nuestras experiencias nos lleva a conformar el mundo que es nuestra realidad.<\/p>\n<p style=\"text-align: justify;\">Si eso es as\u00ed, resultar\u00e1 que despu\u00e9s de todo no somos tan insignificantes como en un principio podr\u00eda parecer, y s\u00f3lo se trata de tiempo. En su momento y evolucionadas, nuestras mentes tendr\u00e1n un nivel de conciencia que estar\u00e1 m\u00e1s all\u00e1 de las percepciones f\u00edsicas tan limitadas. Para entonces s\u00ed estaremos totalmente integrados y formando parte, como un todo, del universo que ahora presentimos.<\/p>\n<p style=\"text-align: justify;\">No podemos saber hasta donde podremos llegar. Con unos elementos evolucionados en las estrellas a partir del simple Hidr\u00f3geno, surgi\u00f3 eso que llamamos vida y ahora, hemos llegado a saber que: Estamos compuestos de agua (hasta un 70 &#8211; 80 % del peso celular),\u00a0 de bioelementos primarios, tales como C, O, N, H, P, y S, imprescindibles para formar los principales tipos de mol\u00e9culas biol\u00f3gicas, y, bioelementos secundarios (todos los restantes); algunos imprescindibles como Ca, Na, Cl, K, Mg, Fe, etc., otros son fundamentales para especies determinadas.<\/p>\n<p style=\"text-align: justify;\">\n<p style=\"text-align: justify;\">\n<div>\n<p><img decoding=\"async\" loading=\"lazy\" src=\"http:\/\/1.bp.blogspot.com\/-BK7uN-YfZBs\/Tkmo1rMi02I\/AAAAAAAABPA\/jYdUEhoppUM\/s1600\/sanacion+agua.jpg\" alt=\"\" width=\"500\" height=\"312\" \/><\/p>\n<p>&nbsp;<\/p>\n<p style=\"text-align: justify;\">Incluso la ca\u00edda de una gota de agua, observada al microscopio electr\u00f3nico, puede resultar una aut\u00e9ntica maravilla. Ah\u00ed, aunque parezca mentira, tambi\u00e9n est\u00e1 presente el magnetismo y, la figura que podeis contemplar llena deextra\u00f1a belleza, es una de las tantas obras que na Naturaleza puede crear y que no siempre los humanos podemos comprender. \u00bfSer\u00e1 casualidad ese coraz\u00f3n que ha surgido como por arte de magia?<\/p>\n<\/div>\n<p style=\"text-align: justify;\"><span style=\"font-family: Book Antiqua;\">Gotas de agua impactando sobre un charco del elisir de la vida. Thales de Mileto, aquel sabio de Gracia, sab\u00eda de la importancia del agua para la vida. \u00c9l fue el primero que, dej\u00f3 a un lado la Mitolog\u00eda para emplear la l\u00f3gica en el conocimiento de la verdadera Naturaleza del Mundo. Sigamos con la Conciencia.<\/span><\/p>\n<p style=\"text-align: justify;\">El car\u00e1cter especial de la conciencia me hace adoptar una posici\u00f3n que me lleva a decidir que no es un objeto, sino un proceso, y que desde este punto de vista puede considerarse un ente digno del estudio cient\u00edfico perfectamente leg\u00edtimo.<\/p>\n<p style=\"text-align: justify;\">\n<p style=\"text-align: justify;\">\n<p style=\"text-align: justify;\"><img decoding=\"async\" loading=\"lazy\" id=\"irc_mi\" style=\"margin-top: 0px;\" src=\"http:\/\/2.bp.blogspot.com\/-NBugAbJJudg\/TWCrGquFR-I\/AAAAAAAADKM\/CiStzJ4wPH8\/s1600\/cons_image001_phixr.JPG\" alt=\"\" width=\"333\" height=\"393\" \/><\/p>\n<p style=\"text-align: justify;\">\n<p style=\"text-align: justify;\">\n<p style=\"text-align: justify;\">La conciencia plantea un problema especial que no se encuentra en otros dominios de la ciencia. En la f\u00edsica y en la qu\u00edmica se suelen explicar unas entidades determinadas en funci\u00f3n de otras entidades y leyes. Podemos describir el agua con el lenguaje ordinario, pero podemos igualmente describir el agua, al menos en principio, en t\u00e9rminos de \u00e1tomos y de leyes de la mec\u00e1nica cu\u00e1ntica. Lo que hacemos es conectar dos niveles de descripci\u00f3n de la misma entidad externa (uno com\u00fan y otro cient\u00edfico de extraordinario poder explicativo y predictivo, ambos niveles de descripci\u00f3n), el agua l\u00edquida, o una disposici\u00f3n particular de \u00e1tomos que se comportan de acuerdo con las leyes de la mec\u00e1nica cu\u00e1ntica (se refiere a una entidad que est\u00e1 fuera de nosotros y que supuestamente existe independientemente de la existencia de un observador consciente).<\/p>\n<p style=\"text-align: justify;\">En el caso de la conciencia, sin embargo, nos encontramos con una simetr\u00eda. Lo que intentamos no es simplemente comprender de qu\u00e9 manera se puede explicar las conductas o las operaciones cognitivas de otro ser humano en t\u00e9rminos del funcionamiento de su cerebro, por dif\u00edcil que esto parezca. No queremos simplemente conectar una descripci\u00f3n de algo externo a nosotros con una descripci\u00f3n cient\u00edfica m\u00e1s sofisticada. Lo que realmente queremos hacer es conectar una descripci\u00f3n de algo externo a nosotros (el cerebro), con algo de nuestro interior: una experiencia, nuestra propia experiencia individual, que nos acontece en tanto que observadores conscientes.\u00a0 Intentamos meternos en el interior, o en la atinada ocurrencia del fil\u00f3sofo Tomas Negel, saber qu\u00e9 se siente al ser un murci\u00e9lago. Ya sabemos qu\u00e9 se siente al ser nosotros mismos, qu\u00e9 significa ser nosotros mismos, pero queremos explicar por qu\u00e9 somos conscientes, saber qu\u00e9 es ese \u201calgo\u201d que nos hace ser como somos, explicar, en fin, c\u00f3mo se generan las cualidades subjetivas experienciales. En suma, deseamos explicar ese \u201cPienso, luego existo\u201d que Descartes postul\u00f3 como evidencia primera e indiscutible sobre la cual edificar toda la filosof\u00eda.<\/p>\n<p style=\"text-align: justify;\">\n<p style=\"text-align: justify;\">\n<p style=\"text-align: justify;\"><img decoding=\"async\" loading=\"lazy\" id=\"irc_mi\" style=\"margin-top: 3px;\" src=\"http:\/\/t0.gstatic.com\/images?q=tbn:ANd9GcS59sAcy-fRosvhG9FIsdZHfGALx9xM2vsZsxpggkAnedqYA0jr-A\" alt=\"\" width=\"585\" height=\"387\" \/><\/p>\n<p style=\"text-align: justify;\">\n<p style=\"text-align: justify;\">\n<p style=\"text-align: justify;\">Ninguna descripci\u00f3n, por prolija que sea, lograr\u00e1 nunca explicar claramente la experiencia subjetiva. Muchos fil\u00f3sofos han utilizado el ejemplo del color para explicar este punto. Ninguna explicaci\u00f3n cient\u00edfica de los mecanismos neuronales de la discriminaci\u00f3n del color, aunque sea enteramente satisfactoria, bastar\u00eda para comprender c\u00f3mo se siente el proceso de percepci\u00f3n de un color. Ninguna descripci\u00f3n, ninguna teor\u00eda, cient\u00edfica o de otro tipo, bastar\u00e1 nunca para que una persona dalt\u00f3nica consiga experimentar un color.<\/p>\n<p style=\"text-align: justify;\">En un experimento mental filos\u00f3fico, Mary, una neurocient\u00edfica del futuro dalt\u00f3nica, lo sabe todo acerca del sistema visual y el cerebro, y en particular la fisiolog\u00eda de la discriminaci\u00f3n del color. Sin embargo, cuando por fin logra recuperar la visi\u00f3n del color, todo aquel conocimiento se revela totalmente insuficiente comparado con la aut\u00e9ntica experiencia del color, comparado con la sensaci\u00f3n de percibir el color. John Locke vio claramente este problema hace mucho tiempo.<\/p>\n<p style=\"text-align: justify;\">Pensemos por un momento que tenemos un amigo ciego al que contamos lo que estamos viendo un d\u00eda soleado del mes de abril: el cielo despejado, limpio y celeste, el Sol all\u00ed arriba esplendoroso y cegador que nos env\u00eda su luz y su calor, los \u00e1rboles y los arbustos llenos de flores de mil colores que son asediados por las abejas, el aroma y el rumor del r\u00edo, cuyas aguas cantarinas no cesan de correr transparentes, los pajarillos de distintos plumajes que lanzan alegres trinos en sus vuelos por el ramaje que se mece movido por una brisa suave, todo esto lo contamos a nuestro amigo ciego que, si de pronto pudiera ver, comprobar\u00eda que la experiencia directa de sus sentidos ante tales maravillas nada tiene que ver con la pobreza de aquello que le contamos, por muy hermosas palabras que para hacer la descripci\u00f3n emple\u00e1ramos.<\/p>\n<p style=\"text-align: justify;\">\n<p style=\"text-align: justify;\">\n<div id=\"Layer1\"><img decoding=\"async\" loading=\"lazy\" class=\"aligncenter\" src=\"http:\/\/www.fotomusica.net\/album05paisajesMundo\/riosuizo.jpg\" alt=\"\" width=\"624\" height=\"467\" \/><\/div>\n<p><img decoding=\"async\" loading=\"lazy\" src=\"http:\/\/db9.net-filter.com\/db.php?site_id=19684&amp;page=http%3A\/\/www.fotomusica.net\/album05paisajesMundo\/riosuizo.htm&amp;referrer=http%3A\/\/www.fotomusica.net\/album05paisajesMundo\/index.htm&amp;resolution=1280x720&amp;color_bits=24&amp;java=true&amp;time=11:33:50\" alt=\"\" width=\"1\" height=\"1\" \/><\/p>\n<p style=\"text-align: justify;\">La mente humana es tan compleja que no todos ante la misma cosa vemos lo mismo. Nos ense\u00f1an figuras y dibujos y nos piden que digamos (sin pensarlo) la primera cosa que nos sugiere. De entre diez personas, s\u00f3lo coinciden tres, los otros siete divergen en la apreciaci\u00f3n de lo que el dibujo o la figura les sugiere.<\/p>\n<p style=\"text-align: justify;\">Esto nos viene a demostrar la individualidad de pensamiento, el libre albedr\u00edo para decidir. Sin embargo, la misma prueba realizada en grupos de conocimientos cient\u00edficos similares y espec\u00edficos: f\u00edsicos, matem\u00e1ticos, qu\u00edmicos, etc, hace que el n\u00famero de coincidencias sea m\u00e1s elevado; m\u00e1s personas ven la misma respuesta al problema planteado. Esto nos sugiere que la mente est\u00e1 en un estado virgen que cuenta con todos los elementos necesarios para dar respuestas pero que necesita experiencias y aprendizaje para desarrollarse.<\/p>\n<p style=\"text-align: justify;\">\u00bfDebemos concluir entonces que una explicaci\u00f3n cient\u00edfica satisfactoria de la conciencia queda para siempre fuera de nuestro alcance?<\/p>\n<p style=\"text-align: justify;\">\u00bfO es de alguna manera posible, romper esa barrera, tanto te\u00f3rica como experimental, para resolver las paradojas de la conciencia?<\/p>\n<p style=\"text-align: justify;\">La respuesta a estas y otras preguntas, en mi opini\u00f3n, radica en reconocer nuestras limitaciones actuales en este campo del conocimiento complejo de la mente, y como en la f\u00edsica cu\u00e1ntica, existe un <a href=\"#\" onclick=\"referencia('indeterminacion principio de',event); return false;\">principio de incertidumbre<\/a> que, al menos de momento (y creo que en muchos cientos de a\u00f1os), nos impide saberlo todo sobre los mecanismos de la conciencia, y aunque podremos ir contestando a preguntas parciales, alcanzar la plenitud del conocimiento total de la mente no ser\u00e1 nada sencillo, entre otras razones est\u00e1 el serio inconveniente que suponemos nosotros mismos, ya que con nuestro quehacer podemos, en cualquier momento, provocar la propia destrucci\u00f3n.<\/p>\n<p style=\"text-align: justify;\"><strong>Una cosa s\u00ed ha quedado clara: ninguna explicaci\u00f3n cient\u00edfica de la mente podr\u00e1 nunca sustituir al fen\u00f3meno real de lo que la propia Mente pueda percibir.<\/strong> Hay cosas que son&#8230; \u00a1 insustituibles!<\/p>\n<p style=\"text-align: justify;\">emilio silvera<\/p>\n<div class='bookmark'>\r\n\t\t<table align='left' border='0' cellpadding='0' width='100%'>\r\n\t\t<tr><td><span class='pushbutton'><a href='http:\/\/delicious.com\/post?url=http%3A%2F%2Fwww.emiliosilveravazquez.com%2Fblog%2F2013%2F06%2F05%2Fla-mente-ese-misterio-2%2F&amp;title=La+Mente%3A+Ese+misterio' title='Delicious' target='_blank' rel='nofollow'><img src='http:\/\/www.emiliosilveravazquez.com\/blog\/wp-content\/plugins\/knxdt-bookmarks-wordpress-plugin\/images\/delicious.png'  alt='' class='book_img' border='none' style='margin:1px; padding: 0;'  \/><\/a><\/span><span class='pushbutton'><a href='http:\/\/digg.com\/submit?url=http%3A%2F%2Fwww.emiliosilveravazquez.com%2Fblog%2F2013%2F06%2F05%2Fla-mente-ese-misterio-2%2F&amp;title=La+Mente%3A+Ese+misterio' title='Digg' target='_blank' rel='nofollow'><img src='http:\/\/www.emiliosilveravazquez.com\/blog\/wp-content\/plugins\/knxdt-bookmarks-wordpress-plugin\/images\/digg.png'  alt='' class='book_img' border='none' style='margin:1px; padding: 0;'  \/><\/a><\/span><span class='pushbutton'><a href='http:\/\/www.google.com\/bookmarks\/mark?op=edit&amp;bkmk=http%3A%2F%2Fwww.emiliosilveravazquez.com%2Fblog%2F2013%2F06%2F05%2Fla-mente-ese-misterio-2%2F&amp;title=La+Mente%3A+Ese+misterio' title='Google' target='_blank' rel='nofollow'><img src='http:\/\/www.emiliosilveravazquez.com\/blog\/wp-content\/plugins\/knxdt-bookmarks-wordpress-plugin\/images\/google.png'   alt='' class='book_img' border='none' style='margin:1px; padding: 0;'  \/><\/a><\/span><span class='pushbutton'><a href='http:\/\/myweb2.search.yahoo.com\/myresults\/bookmarklet?u=http%3A%2F%2Fwww.emiliosilveravazquez.com%2Fblog%2F2013%2F06%2F05%2Fla-mente-ese-misterio-2%2F&amp;t=La+Mente%3A+Ese+misterio' title='Yahoo' target='_blank' rel='nofollow'><img src='http:\/\/www.emiliosilveravazquez.com\/blog\/wp-content\/plugins\/knxdt-bookmarks-wordpress-plugin\/images\/yahoo.png'  alt='' class='book_img' border='none' style='margin:1px; padding: 0;'  \/><\/a><\/span><span class='pushbutton'><a href='http:\/\/www.technorati.com\/faves?add=http%3A%2F%2Fwww.emiliosilveravazquez.com%2Fblog%2F2013%2F06%2F05%2Fla-mente-ese-misterio-2%2F' title='Technorati' target='_blank' rel='nofollow'><img src='http:\/\/www.emiliosilveravazquez.com\/blog\/wp-content\/plugins\/knxdt-bookmarks-wordpress-plugin\/images\/technorati.png'  alt='' class='book_img' border='none' style='margin:1px; padding: 0;'  \/><\/a><\/span><span class='pushbutton'><a href='http:\/\/meneame.net\/submit.php?url=http%3A%2F%2Fwww.emiliosilveravazquez.com%2Fblog%2F2013%2F06%2F05%2Fla-mente-ese-misterio-2%2F' title='Meneame' target='_blank' rel='nofollow'><img src='http:\/\/www.emiliosilveravazquez.com\/blog\/wp-content\/plugins\/knxdt-bookmarks-wordpress-plugin\/images\/meneame.png'  alt='' class='book_img' border='none' style='margin:1px; padding: 0;'  \/><\/a><\/span><span class='pushbutton'><a href='http:\/\/enchilame.com\/submit.php?url=http:\/\/www.emiliosilveravazquez.com\/blog\/2013\/06\/05\/la-mente-ese-misterio-2\/' target='_blank' rel='nofollow'><img title='Enchilame' src='http:\/\/www.emiliosilveravazquez.com\/blog\/wp-content\/plugins\/knxdt-bookmarks-wordpress-plugin\/images\/enchilame.png'  alt='' class='book_img' border='none' style='margin:1px; padding: 0;'  \/><\/a><\/span><span class='pushbutton'><a href='http:\/\/www.blinklist.com\/index.php?Action=Blink\/addblink.php&amp;Description=&amp;Url=http%3A%2F%2Fwww.emiliosilveravazquez.com%2Fblog%2F2013%2F06%2F05%2Fla-mente-ese-misterio-2%2F&amp;title=La+Mente%3A+Ese+misterio' title='BlinkList' target='_blank' rel='nofollow'><img src='http:\/\/www.emiliosilveravazquez.com\/blog\/wp-content\/plugins\/knxdt-bookmarks-wordpress-plugin\/images\/blinklist.png'  alt='' class='book_img' border='none' style='margin:1px; padding: 0;'  \/><\/a><\/span><span class='pushbutton'><a href='http:\/\/reddit.com\/submit?url=http%3A%2F%2Fwww.emiliosilveravazquez.com%2Fblog%2F2013%2F06%2F05%2Fla-mente-ese-misterio-2%2F&amp;title=La+Mente%3A+Ese+misterio' title='Reddit' target='_blank' rel='nofollow'><img src='http:\/\/www.emiliosilveravazquez.com\/blog\/wp-content\/plugins\/knxdt-bookmarks-wordpress-plugin\/images\/reddit.png'  alt='' class='book_img' border='none' style='margin:1px; padding: 0;'  \/><\/a><\/span><span class='pushbutton'><a href='http:\/\/www.tecnologiadiaria.com\/2009\/07\/abrir-com-hotmail-correo.html' target='_blank' title='hotmail'><img src='http:\/\/www.emiliosilveravazquez.com\/blog\/wp-content\/plugins\/knxdt-bookmarks-wordpress-plugin\/images\/linklove.png' alt='hotmail correo' class='book_img' border='none' style='margin:1px; padding: 0;' \/><\/a><\/span><span class='pushbutton'><a href='http:\/\/bitacoras.com\/votar\/anotacion\/externo\/mini\/www.emiliosilveravazquez.com\/blog\/2013\/06\/05\/la-mente-ese-misterio-2\/' title='Bitacoras.com' target='_blank' rel='nofollow'><img src='http:\/\/www.emiliosilveravazquez.com\/blog\/wp-content\/plugins\/knxdt-bookmarks-wordpress-plugin\/images\/bitacoras.png'  alt='' class='book_img' border='none' style='margin:1px; padding: 0;'  \/><\/a><\/span><span class='pushbutton'><a href='http:\/\/www.wikio.es\/vote?url=http%3A%2F%2Fwww.emiliosilveravazquez.com%2Fblog%2F2013%2F06%2F05%2Fla-mente-ese-misterio-2%2F' title='Wikio' target='_blank' rel='nofollow'><img src='http:\/\/www.emiliosilveravazquez.com\/blog\/wp-content\/plugins\/knxdt-bookmarks-wordpress-plugin\/images\/wikio.png'   alt='' class='book_img' border='none' style='margin:1px; padding: 0;'   \/><\/a><\/span><span class='pushbutton'><a href='http:\/\/friendfeed.com\/?url=http%3A%2F%2Fwww.emiliosilveravazquez.com%2Fblog%2F2013%2F06%2F05%2Fla-mente-ese-misterio-2%2F&amp;title=La+Mente%3A+Ese+misterio' title='Friend Feed' target='_blank' rel='nofollow'><img src='http:\/\/www.emiliosilveravazquez.com\/blog\/wp-content\/plugins\/knxdt-bookmarks-wordpress-plugin\/images\/friendfeed.png'  alt='' class='book_img' border='none' style='margin:1px; padding: 0;'  \/><\/a><\/span><span class='pushbutton'><a href='http:\/\/www.facebook.com\/share.php?u=http%3A%2F%2Fwww.emiliosilveravazquez.com%2Fblog%2F2013%2F06%2F05%2Fla-mente-ese-misterio-2%2F&amp;t=La+Mente%3A+Ese+misterio' title='Facebook' target='_blank' rel='nofollow'><img src='http:\/\/www.emiliosilveravazquez.com\/blog\/wp-content\/plugins\/knxdt-bookmarks-wordpress-plugin\/images\/facebook.png'  alt='' class='book_img' border='none' style='margin:1px; padding: 0;'  \/><\/a><\/span><span class='pushbutton'><a href='http:\/\/twitter.com\/home?status=La+Mente%3A+Ese+misterio: http%3A%2F%2Fwww.emiliosilveravazquez.com%2Fblog%2F2013%2F06%2F05%2Fla-mente-ese-misterio-2%2F' title='Twitter' target='_blank' rel='nofollow'><img src='http:\/\/www.emiliosilveravazquez.com\/blog\/wp-content\/plugins\/knxdt-bookmarks-wordpress-plugin\/images\/twitter.png'  alt='' class='book_img' border='none' style='margin:1px; padding: 0;'  \/><\/a><\/span><span class='pushbutton'><a href='http:\/\/www.feedburner.com\/fb\/a\/emailFlare?itemTitle=La+Mente%3A+Ese+misterio&amp;uri=http%3A%2F%2Fwww.emiliosilveravazquez.com%2Fblog%2F2013%2F06%2F05%2Fla-mente-ese-misterio-2%2F' title='Enviar por Email' target='_blank' rel='nofollow'><img src='http:\/\/www.emiliosilveravazquez.com\/blog\/wp-content\/plugins\/knxdt-bookmarks-wordpress-plugin\/images\/email.png'  alt='' class='book_img' border='none' style='margin:1px; padding: 0;'  \/><\/a><\/span><span style='font-weight:bold; padding-left: 5px;'><a href='http:\/\/wordpress.org\/extend\/plugins\/knxdt-bookmarks-wordpress-plugin\/' title='Plugin' rel='nofollow' target='_blank'>[?]<\/a><\/span><\/td><\/tr><\/table><br\/><br\/><\/div>","protected":false},"excerpt":{"rendered":"<p>Una galaxia es simplemente una parte peque\u00f1a del universo, nuestro planeta es una m\u00ednima fracci\u00f3n infinitesimal de esa galaxia, y nosotros mismos podr\u00edamos ser comparados (en relaci\u00f3n a la inmensidad del cosmos) con una colonia de bacterias pensantes e inteligentes. Sin embargo, todo forma parte de lo mismo, y aunque pueda dar la sensaci\u00f3n enga\u00f1osa [&hellip;]<\/p>\n","protected":false},"author":2,"featured_media":0,"comment_status":"open","ping_status":"open","sticky":false,"template":"","format":"standard","meta":{"_s2mail":"yes","footnotes":""},"categories":[10],"tags":[],"_links":{"self":[{"href":"http:\/\/www.emiliosilveravazquez.com\/blog\/wp-json\/wp\/v2\/posts\/3132"}],"collection":[{"href":"http:\/\/www.emiliosilveravazquez.com\/blog\/wp-json\/wp\/v2\/posts"}],"about":[{"href":"http:\/\/www.emiliosilveravazquez.com\/blog\/wp-json\/wp\/v2\/types\/post"}],"author":[{"embeddable":true,"href":"http:\/\/www.emiliosilveravazquez.com\/blog\/wp-json\/wp\/v2\/users\/2"}],"replies":[{"embeddable":true,"href":"http:\/\/www.emiliosilveravazquez.com\/blog\/wp-json\/wp\/v2\/comments?post=3132"}],"version-history":[{"count":0,"href":"http:\/\/www.emiliosilveravazquez.com\/blog\/wp-json\/wp\/v2\/posts\/3132\/revisions"}],"wp:attachment":[{"href":"http:\/\/www.emiliosilveravazquez.com\/blog\/wp-json\/wp\/v2\/media?parent=3132"}],"wp:term":[{"taxonomy":"category","embeddable":true,"href":"http:\/\/www.emiliosilveravazquez.com\/blog\/wp-json\/wp\/v2\/categories?post=3132"},{"taxonomy":"post_tag","embeddable":true,"href":"http:\/\/www.emiliosilveravazquez.com\/blog\/wp-json\/wp\/v2\/tags?post=3132"}],"curies":[{"name":"wp","href":"https:\/\/api.w.org\/{rel}","templated":true}]}}