{"id":3113,"date":"2010-07-19T09:36:09","date_gmt":"2010-07-19T07:36:09","guid":{"rendered":"http:\/\/www.emiliosilveravazquez.com\/blog\/?p=3113"},"modified":"2010-07-19T09:36:16","modified_gmt":"2010-07-19T07:36:16","slug":"%c2%a1es-tan-bonito-saber-2","status":"publish","type":"post","link":"http:\/\/www.emiliosilveravazquez.com\/blog\/2010\/07\/19\/%c2%a1es-tan-bonito-saber-2\/","title":{"rendered":"\u00a1Es tan bonito saber!"},"content":{"rendered":"<p style=\"text-align: justify;\">Cuando los f\u00edsicos trabajan con las matem\u00e1ticas de la nueva <a href=\"#\" onclick=\"referencia('supercuerdas teoria',event); return false;\">teor\u00eda de supercuerdas<\/a>, <a href=\"#\" onclick=\"referencia('einstein',event); return false;\">Einstein<\/a>, sin que nadie le llame, all\u00ed aparece y se hace presente por medio de las ecuaciones de campo de la <a href=\"#\" onclick=\"referencia('relatividad',event); return false;\">relatividad<\/a> general que, como por arte de magia, surgen de la nada y se hacen presentes en la nueva teor\u00eda que todo lo unifica y tambi\u00e9n todo lo explica; posee el poder demostrar que todos los sorprendentes sucesos que se producen en nuestro universo (desde la fren\u00e9tica danza de una part\u00edcula subat\u00f3mica que se llama <a href=\"#\" onclick=\"referencia('quark',event); return false;\">quark<\/a> hasta el majestuoso baile de las galaxias o de las estrellas binarias bailando un valls, la bola de fuego del <a href=\"#\" onclick=\"referencia('big bang',event); return false;\">Big Bang<\/a> y los <a href=\"#\" onclick=\"referencia('agujero negro',event); return false;\">agujeros negros<\/a>) todo est\u00e1 comprendido dentro de un gran principio f\u00edsico en una ecuaci\u00f3n magistral.<\/p>\n<p style=\"text-align: justify;\">Esta nueva teor\u00eda requiere conceptos nuevos y matem\u00e1ticas muy avanzados y nos exige cambiar nuestra manera actual de entender el espacio, el tiempo y la materia. Llevar\u00e1 cierto tiempo adaptarse a ella hasta instalarnos en un nivel en el que resulte c\u00f3modo su manejo y su entendimiento. No obstante, vista en su propio contexto, la teor\u00eda de cuerdas emerge como un producto impresionante pero natural, a partir de los descubrimientos revolucionarios que se han realizado en la f\u00edsica del \u00faltimo siglo. De hecho, gracias a esta nueva y magnifica teor\u00eda, veremos que el conflicto a que antes me refer\u00eda existente entre la mec\u00e1nica cu\u00e1ntica y la <a href=\"#\" onclick=\"referencia('relatividad',event); return false;\">relatividad<\/a> general no es realmente el primero, sino el tercero de una serie de conflictos decisivos con los que se tuvieron que enfrentar los cient\u00edficos durante el siglo pasado, y que fueron resueltos como consecuencia de una revisi\u00f3n radical de nuestra manera de entender el universo.<\/p>\n<p style=\"text-align: justify;\">El primero de estos conceptos conflictivos, que ya se hab\u00eda detectado nada menos que a finales del siglo XIX, est\u00e1 referido a las desconcertantes propiedades del movimiento de la luz.<\/p>\n<p style=\"text-align: justify;\">Isaac <a href=\"#\" onclick=\"referencia('newton',event); return false;\">Newton<\/a> y sus leyes del movimiento nos dec\u00eda que si alguien pudiera correr a una velocidad suficientemente r\u00e1pida podr\u00eda emparejarse con un rayo de luz que se est\u00e9 emitiendo, y las leyes del electromagnetismo de Maxwell dec\u00edan que esto era totalmente imposible. <a href=\"#\" onclick=\"referencia('einstein',event); return false;\">Einstein<\/a>, en 1905, vino a solucionar el problema con su teor\u00eda de la <a href=\"#\" onclick=\"referencia('relatividad',event); return false;\">relatividad<\/a> especial y a partir de ah\u00ed le dio un vuelco completo a nuestro modo de entender el espacio y el tiempo que, seg\u00fan esta teor\u00eda, no se pueden considerar separadamente y como conceptos fijos e inamovibles para todos, sino que por el contrario, el espacio-tiempo era una estructura maleable cuya forma y modo de presentarse depend\u00edan del estado de movimiento del observador que lo est\u00e9 midiendo.<\/p>\n<p><!--more--><\/p>\n<p style=\"text-align: justify;\">El escenario creado por el desarrollo de la <a href=\"#\" onclick=\"referencia('relatividad',event); return false;\">relatividad<\/a> especial construy\u00f3 inmediatamente el escenario para el segundo conflicto. Una de las conclusiones de <a href=\"#\" onclick=\"referencia('einstein',event); return false;\">Einstein<\/a> es que ning\u00fan objeto (de hecho, ninguna influencia o perturbaci\u00f3n de ninguna clase) puede viajar a una velocidad superior a la de la luz. <a href=\"#\" onclick=\"referencia('einstein',event); return false;\">Einstein<\/a> ampli\u00f3 su teor\u00eda en 1915 \u2013 <a href=\"#\" onclick=\"referencia('relatividad',event); return false;\">relatividad<\/a> general \u2013 y perfeccion\u00f3 la teor\u00eda de la gravitaci\u00f3n de <a href=\"#\" onclick=\"referencia('newton',event); return false;\">Newton<\/a>, ofreciendo un nuevo concepto de la gravedad que estaba producida por la presencia de grandes masas, tales como planetas o estrellas, que curvaban el espacio y distorsionaban el tiempo.<\/p>\n<p style=\"text-align: justify;\">Tales distorsiones en la estructura del espacio y el tiempo transmiten la fuerza de la gravedad de un lugar a otro. La luna no se escapa y se mantiene ah\u00ed, a 400.000 Km de distancia de la Tierra, porque est\u00e1 influenciada por la fuerza de gravedad que ambos objetos crean y los mantiene unidos por esa cuerda invisible que tira de la una hacia la otra y viceversa. Igualmente ocurre con el Sol y la Tierra que, separados por 150 millones de kil\u00f3metros, est\u00e1n influidos por esa fuerza gravitatoria que hace girar a la Tierra (y a los dem\u00e1s planetas del Sistema Solar) alrededor del Sol.<\/p>\n<p style=\"text-align: justify;\">As\u00ed las cosas, no podemos ya pensar que el espacio y el tiempo sean un tel\u00f3n de fondo inerte en el que se desarrollan los sucesos del universo, al contrario; seg\u00fan la <a href=\"#\" onclick=\"referencia('relatividad',event); return false;\">relatividad<\/a> especial y la <a href=\"#\" onclick=\"referencia('relatividad',event); return false;\">relatividad<\/a> general, son actores que desempe\u00f1an un papel \u00edntimamente ligado al desarrollo de los sucesos.<\/p>\n<p style=\"text-align: justify;\">El descubrimiento de la <a href=\"#\" onclick=\"referencia('relatividad',event); return false;\">relatividad<\/a> general, aunque resuelve un conflicto, nos lleva a otro. Durante tres d\u00e9cadas desde 1.900, en que Max Planck public\u00f3 su trabajo sobre la absorci\u00f3n o emisi\u00f3n de energ\u00eda de manera discontinua y mediante paquetes discretos a los que \u00e9l llamo <em>cuantos<\/em>, los f\u00edsicos desarrollaron la mec\u00e1nica cu\u00e1ntica en respuesta a varios problemas evidentes que se pusieron de manifiesto cuando los conceptos de la f\u00edsica del siglo XIX se aplicaron al mundo microsc\u00f3pico. As\u00ed que el tercer conflicto estaba servido, la incompatibilidad manifiesta entre <a href=\"#\" onclick=\"referencia('relatividad',event); return false;\">relatividad<\/a> general y mec\u00e1nica cu\u00e1ntica.<\/p>\n<p style=\"text-align: justify;\">La forma geom\u00e9trica ligeramente curvada del espacio que aparece a partir de la <a href=\"#\" onclick=\"referencia('relatividad',event); return false;\">relatividad<\/a> general, es incompatible con el comportamiento microsc\u00f3pico irritante y fren\u00e9tico del universo que se deduce de la mec\u00e1nica cu\u00e1ntica, lo cual era sin duda alguna el problema central de la f\u00edsica moderna.<\/p>\n<p style=\"text-align: justify;\">Las dos grandes teor\u00edas de la f\u00edsica, la <a href=\"#\" onclick=\"referencia('relatividad',event); return false;\">relatividad<\/a> general y la mec\u00e1nica cu\u00e1ntica, infalibles y perfectas por separado, no funcionaban cuando trat\u00e1bamos de unirlas, eran incompatibles.<\/p>\n<p style=\"text-align: justify;\">Entonces lleg\u00f3 la nueva teor\u00eda que sigui\u00f3 a la de <a href=\"#\" onclick=\"referencia('supersimetria',event); return false;\">supersimetr\u00eda<\/a> y supergravedad que no dieron la talla. Sin embargo, la <a href=\"#\" onclick=\"referencia('supercuerdas teoria',event); return false;\">teor\u00eda de supercuerdas<\/a>, seg\u00fan todos los indicios, es una candidata muy firme para que de una vez por todas queden unificadas la <a href=\"#\" onclick=\"referencia('relatividad',event); return false;\">relatividad<\/a> general de <a href=\"#\" onclick=\"referencia('einstein',event); return false;\">Einstein<\/a> y la mec\u00e1nica cu\u00e1ntica de Planck y otros.<\/p>\n<p style=\"text-align: justify;\">La soluci\u00f3n que ofrece la teor\u00eda de cuerdas data de mediados de la d\u00e9cada de los ochenta. Adem\u00e1s, la teor\u00eda de cuerdas se construye sobre la <a href=\"#\" onclick=\"referencia('relatividad',event); return false;\">relatividad<\/a> general y sobre la <a href=\"#\" onclick=\"referencia('relatividad',event); return false;\">relatividad<\/a> especial y a partir de la teor\u00eda de Kaluza\u2013Klein<a name=\"r_pie\" href=\"#pie\">*<\/a> que vino a imponer el concepto de m\u00e1s dimensiones; adem\u00e1s de las tres de espacio y una de tiempo cotidianas, otras dimensiones permanecen enrolladas como espacios arrugados que no se desarrollaron, como las tras que conocemos en el mundo ordinario, y quedaron retenidos en el l\u00edmite de Planck. Son como estructuras plegadas del cosmos, dimensiones que existen y que por razones que no conocemos, no llegaron a desplegarse en el instante primero del <a href=\"#\" onclick=\"referencia('big bang',event); return false;\">Big Bang<\/a> y permanecen ah\u00ed ocultas a nuestra vista.<\/p>\n<p style=\"text-align: justify;\">La teor\u00eda de cuerdas, en realidad, es la historia del espacio y el tiempo desde <a href=\"#\" onclick=\"referencia('einstein',event); return false;\">Einstein<\/a> en adelante. F\u00edsicos modernos y avanzados como el famoso \u201ccuarteto de cuerdas\u201d de Princeton, capitaneados por Gross, trabajaron en la teor\u00eda de cuerdas ya elaborada antes por otros y la perfeccionaron con la versi\u00f3n de la <em>cuerda heter\u00f3tica<\/em>, muy bien elaborada y de amplios y nuevos conceptos.<\/p>\n<p style=\"text-align: justify;\">La \u00faltima versi\u00f3n y m\u00e1s avanzada de la <a href=\"#\" onclick=\"referencia('supercuerdas teoria',event); return false;\">teor\u00eda de supercuerdas<\/a>, es la conocida como la <a href=\"#\" onclick=\"referencia('supercuerdas teoria',event); return false;\">teor\u00eda M<\/a> de E. Witten (tambi\u00e9n de Princeton), que lleva la M de m\u00e1gica dada su perfecci\u00f3n de planteamientos que han llevado a esta teor\u00eda a unas alturas del conocimiento cient\u00edfico de la f\u00edsica y de las matem\u00e1ticas que est\u00e1n al alcance de pocos el poder comprender plenamente.<\/p>\n<p style=\"text-align: justify;\">La teor\u00eda de cuerdas profundiza mucho m\u00e1s en la materia y en las fuerzas fundamentales, llega mucho m\u00e1s all\u00e1 en el conocimiento de las cosas y en ella est\u00e1n los \u00e1tomos, los <a href=\"#\" onclick=\"referencia('electron',event); return false;\">electrones<\/a>, los <a href=\"#\" onclick=\"referencia('proton',event); return false;\">protones<\/a> y <a href=\"#\" onclick=\"referencia('neutron',event); return false;\">neutrones<\/a>, los <a href=\"#\" onclick=\"referencia('quarks',event); return false;\">quarks<\/a>\u2026 y las \u201ccuerdas\u201d.<\/p>\n<p style=\"text-align: justify;\">En realidad, seg\u00fan esta nueva teor\u00eda, si pudi\u00e9ramos observar con aparatos m\u00e1s perfeccionados de los que tenemos actualmente la verdadera estructura de la materia, ver\u00edamos que adem\u00e1s de los peque\u00f1os <a href=\"#\" onclick=\"referencia('quarks',event); return false;\">quarks<\/a>, existen otros min\u00fasculos filamentos que como <strong>cuerdas <\/strong>vibran, oscilan y bailan como el\u00e1sticos de goma infinitamente delgados.<\/p>\n<p style=\"text-align: justify;\">En los tiempos de <a href=\"#\" onclick=\"referencia('einstein',event); return false;\">Einstein<\/a> no se hab\u00eda descubierto aun la <a href=\"#\" onclick=\"referencia('fuerza nuclear fuerte',event); return false;\">fuerza nuclear fuerte<\/a> y la <a href=\"#\" onclick=\"referencia('fuerza nuclear debil',event); return false;\">fuerza nuclear d\u00e9bil<\/a>, pero \u00e9l opinaba que la existencia de dos fuerzas distintas (la gravedad y el electromagnetismo) era profundamente preocupante. A <a href=\"#\" onclick=\"referencia('einstein',event); return false;\">Einstein<\/a> le costaba admitir que la naturaleza se basara en un modelo tan extravagante. Esta opini\u00f3n le llev\u00f3 a ese viaje de treinta a\u00f1os en los que, infructuosamente, busc\u00f3 una teor\u00eda unificada de campos demostrativa de que todo se basaba en un \u00fanico principio.<\/p>\n<p style=\"text-align: justify;\"><a href=\"#\" onclick=\"referencia('einstein',event); return false;\">Einstein<\/a> qued\u00f3 aislado en esta b\u00fasqueda quijotesca que lo apart\u00f3 de la corriente principal y m\u00e1s viva de la f\u00edsica que, por aquel entonces, estaba m\u00e1s interesada en profundizar en el marco de la mec\u00e1nica cu\u00e1ntica, surgida con fuerza en aquellos a\u00f1os.<\/p>\n<p style=\"text-align: justify;\">En el comienzo de la d\u00e9cada de los 40, <a href=\"#\" onclick=\"referencia('einstein',event); return false;\">Einstein<\/a> escrib\u00eda a un amigo: \u201c<em>Me he convertido en un tipo viejo y solitario que es conocido principalmente por no usar calcetines y al que exhiben como una curiosidad en ocasiones especiales<\/em>\u201d.<\/p>\n<p style=\"text-align: justify;\">Lo que suced\u00eda era que <a href=\"#\" onclick=\"referencia('einstein',event); return false;\">Einstein<\/a>, sencillamente, como hab\u00eda hecho en otras ocasiones, se estaba adelantando con su visi\u00f3n de futuro a su \u00e9poca.\u00a0 M\u00e1s de un siglo despu\u00e9s, su sue\u00f1o de una teor\u00eda unificada se ha convertido en el Santo Grial de la f\u00edsica moderna. Los f\u00edsicos-matem\u00e1ticos m\u00e1s prestigiosos del mundo est\u00e1n convencidos de que en la teor\u00eda de cuerdas puede estar la respuesta al sue\u00f1o de <a href=\"#\" onclick=\"referencia('einstein',event); return false;\">Einstein<\/a> que \u00e9l no pudo alcanzar porque, entre otras razones, en su tiempo no se conoc\u00edan las matem\u00e1ticas que son necesarias para <a href=\"#\" onclick=\"referencia('plasma',event); return false;\">plasma<\/a>rla. Incluso ahora, a principios del siglo XXI en que la teor\u00eda est\u00e1 muy avanzada, son necesarias matem\u00e1ticas que a\u00fan nadie es capaz de inventar para llegar al fondo de la esperada respuesta final.<\/p>\n<p style=\"text-align: justify;\">\u00bfEstar\u00e1 la respuesta escondida en las funciones modulares de los cuadernos perdidos de Ramanujan?<\/p>\n<p style=\"text-align: justify;\">Ante todo estos planteamientos que tratan los cerebros m\u00e1s privilegiados del mundo para descubrir el misterio final del universo, la materia, el espacio-tiempo y las fuerzas fundamentales que interaccionan con las part\u00edculas fundamentales o elementales de las que todo est\u00e1 hecho, nos podr\u00edamos parar a pensar y preguntarnos:<\/p>\n<p style=\"text-align: justify;\">\u00bfEs posible que las maravillas de la vida y del universo sean meros reflejos de unas part\u00edculas microsc\u00f3picas implicadas en una danza sin sentido, totalmente coreografiados por las leyes de la f\u00edsica?<\/p>\n<p style=\"text-align: justify;\">\u00bfEs realmente posible que los sentimientos de alegr\u00eda, pena, aburrimiento, curiosidad, ansias de saber o de amar no sean m\u00e1s que unas reacciones qu\u00edmicas que tienen lugar en el cerebro, unas reacciones entre mol\u00e9culas y \u00e1tomos que, yendo a un nivel a\u00fan m\u00e1s microsc\u00f3pico, son reacciones entre algunas de las part\u00edculas que llamamos elementales y m\u00e1s profundamente a\u00fan, todo sea debido en su origen a unas infinitesimales cuerdas vibrantes?<\/p>\n<p style=\"text-align: justify;\">Yo desde luego no tengo el talento necesario ni los conocimientos requeridos para contestar a estas preguntas de una manera clara y precisa y con todo lujo de detalles. Sin embargo, por lo poco que s\u00e9, pocas dudas me pueden acechar sobre una cosa para m\u00ed muy cierta.<\/p>\n<p style=\"text-align: justify;\">Formamos parte del universo y estamos hechos por los materiales complejos que s\u00f3lo se pueden formar en las estrellas. El polvo estelar de supernova que hizo posible nuestra existencia se formar\u00eda, seguramente, hace miles de millones de a\u00f1os en estrellas situadas a miles o millones de a\u00f1os luz de distancia.<\/p>\n<p style=\"text-align: justify;\">Toda la materia conocida est\u00e1 formada por los <a href=\"#\" onclick=\"referencia('quarks',event); return false;\">quarks<\/a> que forman <a href=\"#\" onclick=\"referencia('proton',event); return false;\">protones<\/a> y <a href=\"#\" onclick=\"referencia('neutron',event); return false;\">neutrones<\/a> que forman los n\u00facleos que al ser rodeados por los <a href=\"#\" onclick=\"referencia('electron',event); return false;\">electrones<\/a>, componen los \u00e1tomos, que al unirse dan lugar a c\u00e9lulas, que juntas conforman la materia.<\/p>\n<p style=\"text-align: justify;\">As\u00ed tambi\u00e9n estamos formados todos nosotros, que con esos materiales complejos y en unas condiciones muy especiales de un planeta Tierra primitivo, bombardeado por enormes tormentas, acribillado por rayos y part\u00edculas y radiaciones c\u00f3smicas como las ultravioletas y gamma, en los oc\u00e9anos y mares primigenios y en una enrarecida atm\u00f3sfera, surgi\u00f3 la primera c\u00e9lula que fue capaz de multiplicarse para que miles de a\u00f1os y de millones de a\u00f1os despu\u00e9s, tras una larga y penosa evoluci\u00f3n, apareci\u00e9ramos nosotros, unos seres capaces de pensar y de tener conciencia de su propia existencia, buscar en sus or\u00edgenes y mirar en su futuro, sentir unos sentimientos muy profundos que nos elevan a una categor\u00eda muy por encima de todas las dem\u00e1s cosas conocidas y, en este punto, tras toda esta larga reflexi\u00f3n, yo mismo me digo que s\u00ed, la ciencia nos demuestra que aunque nos parezca mentira, aunque lo clasifiquemos como \u201cmilagro\u201d, todos nosotros, a pesar de estar dotados de esos sentimientos, estamos hecho de ese mismo ingrediente que llamamos materia formada por part\u00edculas diminutas que a partir de algo inanimado e inerte, dio lugar a lo que somos ahora.<\/p>\n<p style=\"text-align: justify;\">\u00a1Nos quedan tantos secretos que desvelar!<\/p>\n<p style=\"text-align: right;\"><em>emilio silvera<\/em><\/p>\n<hr size=\"1\" \/>\n<p style=\"text-align: justify;\"><a name=\"pie\">*<\/a> Teor\u00eda de Kaluza de 5 dimensiones, 4 de espacio y una de tiempo. Una de espacio est\u00e1 enrollada en el l\u00edmite de Planck. <a href=\"#r_pie\">Volver<\/a><\/p>\n<div class='bookmark'>\r\n\t\t<table align='left' border='0' cellpadding='0' width='100%'>\r\n\t\t<tr><td><span class='pushbutton'><a href='http:\/\/delicious.com\/post?url=http%3A%2F%2Fwww.emiliosilveravazquez.com%2Fblog%2F2010%2F07%2F19%2F%25c2%25a1es-tan-bonito-saber-2%2F&amp;title=%C2%A1Es+tan+bonito+saber%21' title='Delicious' target='_blank' rel='nofollow'><img src='http:\/\/www.emiliosilveravazquez.com\/blog\/wp-content\/plugins\/knxdt-bookmarks-wordpress-plugin\/images\/delicious.png'  alt='' class='book_img' border='none' style='margin:1px; padding: 0;'  \/><\/a><\/span><span class='pushbutton'><a href='http:\/\/digg.com\/submit?url=http%3A%2F%2Fwww.emiliosilveravazquez.com%2Fblog%2F2010%2F07%2F19%2F%25c2%25a1es-tan-bonito-saber-2%2F&amp;title=%C2%A1Es+tan+bonito+saber%21' title='Digg' target='_blank' rel='nofollow'><img src='http:\/\/www.emiliosilveravazquez.com\/blog\/wp-content\/plugins\/knxdt-bookmarks-wordpress-plugin\/images\/digg.png'  alt='' class='book_img' border='none' style='margin:1px; padding: 0;'  \/><\/a><\/span><span class='pushbutton'><a href='http:\/\/www.google.com\/bookmarks\/mark?op=edit&amp;bkmk=http%3A%2F%2Fwww.emiliosilveravazquez.com%2Fblog%2F2010%2F07%2F19%2F%25c2%25a1es-tan-bonito-saber-2%2F&amp;title=%C2%A1Es+tan+bonito+saber%21' title='Google' target='_blank' rel='nofollow'><img src='http:\/\/www.emiliosilveravazquez.com\/blog\/wp-content\/plugins\/knxdt-bookmarks-wordpress-plugin\/images\/google.png'   alt='' class='book_img' border='none' style='margin:1px; padding: 0;'  \/><\/a><\/span><span class='pushbutton'><a href='http:\/\/myweb2.search.yahoo.com\/myresults\/bookmarklet?u=http%3A%2F%2Fwww.emiliosilveravazquez.com%2Fblog%2F2010%2F07%2F19%2F%25c2%25a1es-tan-bonito-saber-2%2F&amp;t=%C2%A1Es+tan+bonito+saber%21' title='Yahoo' target='_blank' rel='nofollow'><img src='http:\/\/www.emiliosilveravazquez.com\/blog\/wp-content\/plugins\/knxdt-bookmarks-wordpress-plugin\/images\/yahoo.png'  alt='' class='book_img' border='none' style='margin:1px; padding: 0;'  \/><\/a><\/span><span class='pushbutton'><a href='http:\/\/www.technorati.com\/faves?add=http%3A%2F%2Fwww.emiliosilveravazquez.com%2Fblog%2F2010%2F07%2F19%2F%25c2%25a1es-tan-bonito-saber-2%2F' title='Technorati' target='_blank' rel='nofollow'><img src='http:\/\/www.emiliosilveravazquez.com\/blog\/wp-content\/plugins\/knxdt-bookmarks-wordpress-plugin\/images\/technorati.png'  alt='' class='book_img' border='none' style='margin:1px; padding: 0;'  \/><\/a><\/span><span class='pushbutton'><a href='http:\/\/meneame.net\/submit.php?url=http%3A%2F%2Fwww.emiliosilveravazquez.com%2Fblog%2F2010%2F07%2F19%2F%25c2%25a1es-tan-bonito-saber-2%2F' title='Meneame' target='_blank' rel='nofollow'><img src='http:\/\/www.emiliosilveravazquez.com\/blog\/wp-content\/plugins\/knxdt-bookmarks-wordpress-plugin\/images\/meneame.png'  alt='' class='book_img' border='none' style='margin:1px; padding: 0;'  \/><\/a><\/span><span class='pushbutton'><a href='http:\/\/enchilame.com\/submit.php?url=http:\/\/www.emiliosilveravazquez.com\/blog\/2010\/07\/19\/%c2%a1es-tan-bonito-saber-2\/' target='_blank' rel='nofollow'><img title='Enchilame' src='http:\/\/www.emiliosilveravazquez.com\/blog\/wp-content\/plugins\/knxdt-bookmarks-wordpress-plugin\/images\/enchilame.png'  alt='' class='book_img' border='none' style='margin:1px; padding: 0;'  \/><\/a><\/span><span class='pushbutton'><a href='http:\/\/www.blinklist.com\/index.php?Action=Blink\/addblink.php&amp;Description=&amp;Url=http%3A%2F%2Fwww.emiliosilveravazquez.com%2Fblog%2F2010%2F07%2F19%2F%25c2%25a1es-tan-bonito-saber-2%2F&amp;title=%C2%A1Es+tan+bonito+saber%21' title='BlinkList' target='_blank' rel='nofollow'><img src='http:\/\/www.emiliosilveravazquez.com\/blog\/wp-content\/plugins\/knxdt-bookmarks-wordpress-plugin\/images\/blinklist.png'  alt='' class='book_img' border='none' style='margin:1px; padding: 0;'  \/><\/a><\/span><span class='pushbutton'><a href='http:\/\/reddit.com\/submit?url=http%3A%2F%2Fwww.emiliosilveravazquez.com%2Fblog%2F2010%2F07%2F19%2F%25c2%25a1es-tan-bonito-saber-2%2F&amp;title=%C2%A1Es+tan+bonito+saber%21' title='Reddit' target='_blank' rel='nofollow'><img src='http:\/\/www.emiliosilveravazquez.com\/blog\/wp-content\/plugins\/knxdt-bookmarks-wordpress-plugin\/images\/reddit.png'  alt='' class='book_img' border='none' style='margin:1px; padding: 0;'  \/><\/a><\/span><span class='pushbutton'><a href='http:\/\/www.tecnologiadiaria.com\/2009\/07\/abrir-com-hotmail-correo.html' target='_blank' title='hotmail'><img src='http:\/\/www.emiliosilveravazquez.com\/blog\/wp-content\/plugins\/knxdt-bookmarks-wordpress-plugin\/images\/linklove.png' alt='hotmail correo' class='book_img' border='none' style='margin:1px; padding: 0;' \/><\/a><\/span><span class='pushbutton'><a href='http:\/\/bitacoras.com\/votar\/anotacion\/externo\/mini\/www.emiliosilveravazquez.com\/blog\/2010\/07\/19\/%c2%a1es-tan-bonito-saber-2\/' title='Bitacoras.com' target='_blank' rel='nofollow'><img src='http:\/\/www.emiliosilveravazquez.com\/blog\/wp-content\/plugins\/knxdt-bookmarks-wordpress-plugin\/images\/bitacoras.png'  alt='' class='book_img' border='none' style='margin:1px; padding: 0;'  \/><\/a><\/span><span class='pushbutton'><a href='http:\/\/www.wikio.es\/vote?url=http%3A%2F%2Fwww.emiliosilveravazquez.com%2Fblog%2F2010%2F07%2F19%2F%25c2%25a1es-tan-bonito-saber-2%2F' title='Wikio' target='_blank' rel='nofollow'><img src='http:\/\/www.emiliosilveravazquez.com\/blog\/wp-content\/plugins\/knxdt-bookmarks-wordpress-plugin\/images\/wikio.png'   alt='' class='book_img' border='none' style='margin:1px; padding: 0;'   \/><\/a><\/span><span class='pushbutton'><a href='http:\/\/friendfeed.com\/?url=http%3A%2F%2Fwww.emiliosilveravazquez.com%2Fblog%2F2010%2F07%2F19%2F%25c2%25a1es-tan-bonito-saber-2%2F&amp;title=%C2%A1Es+tan+bonito+saber%21' title='Friend Feed' target='_blank' rel='nofollow'><img src='http:\/\/www.emiliosilveravazquez.com\/blog\/wp-content\/plugins\/knxdt-bookmarks-wordpress-plugin\/images\/friendfeed.png'  alt='' class='book_img' border='none' style='margin:1px; padding: 0;'  \/><\/a><\/span><span class='pushbutton'><a href='http:\/\/www.facebook.com\/share.php?u=http%3A%2F%2Fwww.emiliosilveravazquez.com%2Fblog%2F2010%2F07%2F19%2F%25c2%25a1es-tan-bonito-saber-2%2F&amp;t=%C2%A1Es+tan+bonito+saber%21' title='Facebook' target='_blank' rel='nofollow'><img src='http:\/\/www.emiliosilveravazquez.com\/blog\/wp-content\/plugins\/knxdt-bookmarks-wordpress-plugin\/images\/facebook.png'  alt='' class='book_img' border='none' style='margin:1px; padding: 0;'  \/><\/a><\/span><span class='pushbutton'><a href='http:\/\/twitter.com\/home?status=%C2%A1Es+tan+bonito+saber%21: http%3A%2F%2Fwww.emiliosilveravazquez.com%2Fblog%2F2010%2F07%2F19%2F%25c2%25a1es-tan-bonito-saber-2%2F' title='Twitter' target='_blank' rel='nofollow'><img src='http:\/\/www.emiliosilveravazquez.com\/blog\/wp-content\/plugins\/knxdt-bookmarks-wordpress-plugin\/images\/twitter.png'  alt='' class='book_img' border='none' style='margin:1px; padding: 0;'  \/><\/a><\/span><span class='pushbutton'><a href='http:\/\/www.feedburner.com\/fb\/a\/emailFlare?itemTitle=%C2%A1Es+tan+bonito+saber%21&amp;uri=http%3A%2F%2Fwww.emiliosilveravazquez.com%2Fblog%2F2010%2F07%2F19%2F%25c2%25a1es-tan-bonito-saber-2%2F' title='Enviar por Email' target='_blank' rel='nofollow'><img src='http:\/\/www.emiliosilveravazquez.com\/blog\/wp-content\/plugins\/knxdt-bookmarks-wordpress-plugin\/images\/email.png'  alt='' class='book_img' border='none' style='margin:1px; padding: 0;'  \/><\/a><\/span><span style='font-weight:bold; padding-left: 5px;'><a href='http:\/\/wordpress.org\/extend\/plugins\/knxdt-bookmarks-wordpress-plugin\/' title='Plugin' rel='nofollow' target='_blank'>[?]<\/a><\/span><\/td><\/tr><\/table><br\/><br\/><\/div>","protected":false},"excerpt":{"rendered":"<p>Cuando los f\u00edsicos trabajan con las matem\u00e1ticas de la nueva teor\u00eda de supercuerdas, Einstein, sin que nadie le llame, all\u00ed aparece y se hace presente por medio de las ecuaciones de campo de la relatividad general que, como por arte de magia, surgen de la nada y se hacen presentes en la nueva teor\u00eda que [&hellip;]<\/p>\n","protected":false},"author":2,"featured_media":0,"comment_status":"open","ping_status":"open","sticky":false,"template":"","format":"standard","meta":{"_s2mail":"","footnotes":""},"categories":[6],"tags":[],"_links":{"self":[{"href":"http:\/\/www.emiliosilveravazquez.com\/blog\/wp-json\/wp\/v2\/posts\/3113"}],"collection":[{"href":"http:\/\/www.emiliosilveravazquez.com\/blog\/wp-json\/wp\/v2\/posts"}],"about":[{"href":"http:\/\/www.emiliosilveravazquez.com\/blog\/wp-json\/wp\/v2\/types\/post"}],"author":[{"embeddable":true,"href":"http:\/\/www.emiliosilveravazquez.com\/blog\/wp-json\/wp\/v2\/users\/2"}],"replies":[{"embeddable":true,"href":"http:\/\/www.emiliosilveravazquez.com\/blog\/wp-json\/wp\/v2\/comments?post=3113"}],"version-history":[{"count":0,"href":"http:\/\/www.emiliosilveravazquez.com\/blog\/wp-json\/wp\/v2\/posts\/3113\/revisions"}],"wp:attachment":[{"href":"http:\/\/www.emiliosilveravazquez.com\/blog\/wp-json\/wp\/v2\/media?parent=3113"}],"wp:term":[{"taxonomy":"category","embeddable":true,"href":"http:\/\/www.emiliosilveravazquez.com\/blog\/wp-json\/wp\/v2\/categories?post=3113"},{"taxonomy":"post_tag","embeddable":true,"href":"http:\/\/www.emiliosilveravazquez.com\/blog\/wp-json\/wp\/v2\/tags?post=3113"}],"curies":[{"name":"wp","href":"https:\/\/api.w.org\/{rel}","templated":true}]}}