{"id":30744,"date":"2023-07-23T07:18:20","date_gmt":"2023-07-23T06:18:20","guid":{"rendered":"http:\/\/www.emiliosilveravazquez.com\/blog\/?p=30744"},"modified":"2023-07-23T07:18:20","modified_gmt":"2023-07-23T06:18:20","slug":"otra-vez-el-espejismo-de-la-materia-oscura","status":"publish","type":"post","link":"http:\/\/www.emiliosilveravazquez.com\/blog\/2023\/07\/23\/otra-vez-el-espejismo-de-la-materia-oscura\/","title":{"rendered":"Otra vez, el Espejismo de la &#8220;Materia Oscura&#8221;"},"content":{"rendered":"<div id=\"m4p-post-detail\">\n<section class=\"m4p-col-12\">\n<div class=\"container\">\n<div class=\"m4p-grid-20\">\n<div>\n<div class=\"m4p-header-detail\">\n<blockquote>\n<p class=\"m4p-pre-title m4p-size-7\"><strong>FUNCIONA COMO UN PEGAMENTO QUE INTERACT\u00daA CON LA GRAVEDAD Y MANTIENE UNIDOS A TODO LO QUE FLOTA EN EL COSMOS<\/strong><\/p>\n<\/blockquote>\n<\/div>\n<\/div>\n<\/div>\n<\/div>\n<\/section>\n<\/div>\n<p>&nbsp;<\/p>\n<p><img decoding=\"async\" loading=\"lazy\" class=\"\" src=\"https:\/\/imagenes.elpais.com\/resizer\/TjKWII1NDuptvDzKQ3XZTzlt1lg=\/1960x1103\/cloudfront-eu-central-1.images.arcpublishing.com\/prisa\/PYRFMPAJPNENFCQ2FZMQ5W5FEQ.jpg\" alt=\"Las primeras im\u00e1genes a color del telescopio \u2018James Webb\u2019\" width=\"618\" height=\"348\" \/><\/p>\n<p><strong>\u00a0 \u00a0 \u00a0 \u00a0 \u00a0 \u00a0 \u00a0 \u00a0 \u00a0 \u00a0 \u00a0 \u00a0 \u00a0 \u00a0 \u00a0 \u00a0 \u00a0 \u00a0 \u00a0 \u00a0 \u00a0 \u00a0 \u00a0 \u00a0 \u00a0 \u00a0 \u00a0 \u00a0 \u00a0 \u00a0 \u00a0 \u00a0Permea todo el Universo<\/strong><\/p>\n<div id=\"m4p-post-detail\">\n<section class=\"m4p-col-12\">\n<div class=\"container\">\n<div class=\"m4p-grid-20\">\n<div class=\"m4p-header-detail\">\n<h1 class=\" m4p-size-1 m4p-size-t-2 m4p-size-m-3\" style=\"text-align: justify;\">\u00bfResuelto del enigma?: Los f\u00edsicos que creen haber encontrado el origen de la <a href=\"#\" onclick=\"referencia('materia oscura',event); return false;\">materia oscura<\/a><\/h1>\n<blockquote>\n<p class=\"m4p-standfirst\"><strong>&#8220;Entender la condensaci\u00f3n de los hexaquarks nos ayuda a entender la estructura del universo y c\u00f3mo se distribuye la materia&#8221;<\/strong><\/p>\n<\/blockquote>\n<\/div>\n<div class=\"m4p-post-meta\">\n<div class=\"heateor_sss_sharing_container heateor_sss_horizontal_sharing\" data-heateor-ss-offset=\"0\" data-heateor-sss-href=\"https:\/\/www.periodistadigital.com\/ciencia\/universo\/20200426\/resuelto-enigma-fisicos-creen-haber-encontrado-origen-materia-oscura-noticia-689404298355\/\">\n<div class=\"heateorSssClear\"><\/div>\n<\/div>\n<\/div>\n<\/div>\n<\/div>\n<\/section>\n<section class=\"m4p-col-8-4\">\n<div class=\"container\">\n<div class=\"m4p-grid-sidebar-right\">\n<div class=\"m4p-col-8\">\n<div class=\"m4p-col-12\">\n<div class=\"m4p-grid-20\">\n<div>\n<div class=\"m4p-post-img\">\n<figure class=\"m4p-image m4p-crop-full\" style=\"text-align: justify;\"><img decoding=\"async\" loading=\"lazy\" class=\"\" src=\"https:\/\/www.periodistadigital.com\/wp-content\/uploads\/2020\/04\/Materia-oscura.jpg\" alt=\"\u00bfResuelto del enigma?: Los f\u00edsicos que creen haber encontrado el origen de la materia oscura\" width=\"477\" height=\"269\" \/><figcaption class=\"m4p-image-pie\"><strong><span class=\"m4p-pie-texto\">Materia oscura. <\/span><\/strong><span class=\"m4p-pie-firma\"><span class=\"m4p-pie-firma\"><strong>NASA<br \/>\n<\/strong><\/span><\/span><\/p>\n<ul>\n<li><strong><span class=\"m4p-capitular\">N<\/span>adie la ha visto, ni sabe c\u00f3mo es.<\/strong><\/li>\n<li><strong>De hecho hay quienes dudan que exista.<\/strong><\/li>\n<\/ul>\n<p style=\"text-align: justify;\"><strong>Los\u00a0cient\u00edficos, sin embargo, creen que m\u00e1s del 90% de nuestro universo est\u00e1 formado de una misteriosa\u00a0<em>\u00ab<a href=\"#\" onclick=\"referencia('materia oscura',event); return false;\">materia oscura<\/a>\u00bb<\/em>.<\/strong><\/p>\n<p>Esta\u00a0<em><strong><a href=\"#\" onclick=\"referencia('materia oscura',event); return false;\">materia oscura<\/a><\/strong><\/em>\u00a0no emite\u00a0<strong>luz<\/strong>, pero tampoco la absorbe ni la refleja.<\/p>\n<p style=\"text-align: justify;\">Nadie sabe de qu\u00e9 est\u00e1 hecha, pero los expertos est\u00e1n convencidos de que s\u00ed existe, porque aunque es\u00a0<strong>invisible<\/strong>, sus efectos s\u00ed que se pueden notar.<\/p>\n<p>&nbsp;<\/p>\n<p><span class=\"m4p-pie-firma\"><span class=\"m4p-pie-firma\"><strong><img decoding=\"async\" loading=\"lazy\" class=\"\" src=\"https:\/\/img2.rtve.es\/imagenes\/telescopio-webb-ve-universo-como-nunca-antes-habiamos-visto\/1660895422372.jpg\" alt=\"Telescopio James Webb: las mejores fotograf\u00edas del espacio\" width=\"570\" height=\"321\" \/><\/strong><\/span><\/span><\/p>\n<p>&nbsp;<\/p>\n<p style=\"text-align: justify;\">La <a href=\"#\" onclick=\"referencia('materia oscura',event); return false;\">materia oscura<\/a> funciona como un pegamento que interact\u00faa con la\u00a0<strong>gravedad<\/strong>\u00a0y mantiene unidos a todo lo que flota en el cosmos.<\/p>\n<p style=\"text-align: justify;\">As\u00ed, la vasta mayor\u00eda de nuestro universo est\u00e1 hecho de algo de lo que sabemos muy poco, por eso, conocer qu\u00e9 es la <a href=\"#\" onclick=\"referencia('materia oscura',event); return false;\">materia oscura<\/a> y c\u00f3mo surgi\u00f3, es una de las preguntas fundamentales de la ciencia.<\/p>\n<p>&nbsp;<\/p>\n<p><span class=\"m4p-pie-firma\"><span class=\"m4p-pie-firma\"><strong><img decoding=\"async\" loading=\"lazy\" class=\"\" src=\"https:\/\/www.nationalgeographic.com.es\/medio\/2022\/07\/12\/quinteto-de-stephan_ec9d4487_2000x1917.jpg\" alt=\"Las nuevas im\u00e1genes del Telescopio James Webb muestran un universo in\u00e9dito\" width=\"495\" height=\"475\" \/><\/strong><\/span><\/span><\/p>\n<p>Dicen que las estrellas y las galaxias se mueven a mayor velocidad de la que deber\u00eda en funci\u00f3n de la materia que s\u00ed podemos ver, y, por eso, como no ten\u00edan explicaci\u00f3n a este fen\u00f3meno, un d\u00eda alguien tuvo la idea luminosa de la &#8220;<a href=\"#\" onclick=\"referencia('materia oscura',event); return false;\">materia oscura<\/a>&#8221;, y todos la agarraron como el salvavidas que les solventaba el no saber la respuesta al an\u00f3malo movimiento de estrellas y galaxias (esta nota es del blog y no del reportaje).<\/p>\n<p>Ahora, dos cient\u00edficos de la Universidad de York, en Reino Unido, creen haber encontrado una part\u00edcula que podr\u00eda ser la que origin\u00f3 la <a href=\"#\" onclick=\"referencia('materia oscura',event); return false;\">materia oscura<\/a>, una pieza clave para resolver este enigma c\u00f3smico.<br \/>\n\u00abNo vemos la <a href=\"#\" onclick=\"referencia('materia oscura',event); return false;\">materia oscura<\/a>, pero vemos su efectos en las galaxias, grupos de galaxias, nubes de gases\u2026 todo eso es observable y est\u00e1 documentado\u00bb, le dice a BBC Mundo el f\u00edsico nuclear Mikhail Bashkanov, coautor de la nueva investigaci\u00f3n.<br \/>\n\u00abEso nos fuerza a creer que existe\u00bb.<\/p>\n<p><img decoding=\"async\" loading=\"lazy\" class=\"\" src=\"https:\/\/cdn.computerhoy.com\/sites\/navi.axelspringer.es\/public\/media\/image\/2019\/11\/materia-oscura.jpg?tf=3840x\" alt=\"Podr\u00edamos tener la clave para ver la materia oscura: la antimateria | Computer Hoy\" width=\"611\" height=\"382\" \/><\/p>\n<p>Como no se sabe como realmente pueda ser, la hemos representado de mil maneras que, solo son conjeturas de algo que &#8220;podr\u00eda ser&#8221;<\/p>\n<p>\u00bfQu\u00e9 fue lo que descubri\u00f3\u00a0Bashkanov\u00a0y qu\u00e9 nos revela sobre la <a href=\"#\" onclick=\"referencia('materia oscura',event); return false;\">materia oscura<\/a>?<\/p>\n<h3>Part\u00edculas extra\u00f1as<\/h3>\n<p style=\"text-align: justify;\"><strong>Bashkanov<\/strong>\u00a0y su colega Daniel Watts afirman que tienen un fuerte candidato que explica de qu\u00e9 est\u00e1 hecha la <a href=\"#\" onclick=\"referencia('materia oscura',event); return false;\">materia oscura<\/a>.<\/p>\n<p>Se trata de una part\u00edcula llamada\u00a0<em><strong>hexaquark<\/strong><\/em>.<\/p>\n<p>Como su nombre lo indica, es una part\u00edcula formada por seis <a href=\"#\" onclick=\"referencia('quarks',event); return false;\">quarks<\/a>\u2026 pero \u00bfQu\u00e9 son los <em><strong>quarks<\/strong><\/em>?<\/p>\n<p style=\"text-align: justify;\">Los\u00a0<strong>quarks<\/strong>\u00a0son part\u00edculas fundamentales de la materia, mucho m\u00e1s peque\u00f1as que un \u00e1tomo.<\/p>\n<p style=\"text-align: justify;\">De hecho, los\u00a0<strong>quarks<\/strong>\u00a0usualmente se juntan en tr\u00edos para formar <a href=\"#\" onclick=\"referencia('proton',event); return false;\">protones<\/a> y <a href=\"#\" onclick=\"referencia('neutron',event); return false;\">neutrones<\/a>.<\/p>\n<p style=\"text-align: justify;\">Pero cuando los\u00a0<strong>quarks<\/strong>\u00a0se agrupan de una manera diferente, pueden formar part\u00edculas mucho m\u00e1s extra\u00f1as.<\/p>\n<p>&nbsp;<\/p>\n<p><span class=\"m4p-pie-firma\"><span class=\"m4p-pie-firma\"><img decoding=\"async\" loading=\"lazy\" class=\"\" src=\"https:\/\/static.abc.es\/media\/ciencia\/2020\/02\/05\/hexaquark-kmSC--1200x630@abc.jpg\" alt=\"La materia oscura podr\u00eda estar hecha de una serie de extra\u00f1as part\u00edculas inmortales\" width=\"504\" height=\"265\" \/><\/span><\/span><\/p>\n<p><strong>Los Quarks est\u00e1n confinados dentro de los <a href=\"#\" onclick=\"referencia('nucleones',event); return false;\">nucleones<\/a> &#8220;atados&#8221; por Gluones<br \/>\n<\/strong><br \/>\nY eso es lo que\u00a0<strong>Bashkanov<\/strong>\u00a0cree que ocurri\u00f3.<\/p>\n<p style=\"text-align: justify;\">Su investigaci\u00f3n sugiere que justo despu\u00e9s del <a href=\"#\" onclick=\"referencia('big bang',event); return false;\">Big Bang<\/a>, la gran explosi\u00f3n que dio origen a nuestro universo, muchos hexa-quarks se agruparon y formaron un condensado de Bose-<a href=\"#\" onclick=\"referencia('einstein',event); return false;\">Einstein<\/a> (BEC, por sus siglas en ingl\u00e9s), considerado el quinto estado de la materia.<\/p>\n<p style=\"text-align: justify;\">Estos grupos de hexa-quarks comenzaron a expandirse de manera invisible, pero ejerciendo una notable <a href=\"#\" onclick=\"referencia('fuerza gravitacional',event); return false;\">fuerza gravitacional<\/a> entre la materia del universo.<\/p>\n<p>Por eso,\u00a0<strong>Bashkanov<\/strong>\u00a0cree que la <a href=\"#\" onclick=\"referencia('materia oscura',event); return false;\">materia oscura<\/a> puede estar hecha de esos BEC que se formaron justo despu\u00e9s del <a href=\"#\" onclick=\"referencia('big bang',event); return false;\">Big Bang<\/a>, cuando el universo comenz\u00f3 a enfriarse.<\/p>\n<p>&nbsp;<\/p>\n<\/figcaption><\/figure>\n<\/div>\n<\/div>\n<\/div>\n<\/div>\n<\/div>\n<\/div>\n<\/div>\n<p><img decoding=\"async\" loading=\"lazy\" class=\"\" src=\"https:\/\/static.euronews.com\/articles\/stories\/04\/76\/72\/76\/808x608_cmsv2_5a704f0b-abf2-561f-9ec2-bd2c1c318699-4767276.jpg\" alt=\"Capturan un impresionante mapa de las energ\u00edas de nuestro Universo gracias a los rayos X | Euronews\" width=\"499\" height=\"376\" \/><\/p>\n<div class=\"container\">\n<div class=\"m4p-grid-sidebar-right\">\n<div class=\"m4p-col-8\">\n<div class=\"m4p-col-12\">\n<div class=\"m4p-grid-20\">\n<div>\n<h3>Pistas sobre el origen del universo<\/h3>\n<p>Para\u00a0<strong>Rafael Lang<\/strong>, profesor de astronom\u00eda de la Universidad de Purdue, quien no estuvo involucrado en la investigaci\u00f3n, la idea de Bashkanov es \u00abbastante inusual\u00bb, seg\u00fan le dice a BBC Mundo.<\/p>\n<div class=\"m4p-post-img\">\n<figure class=\"m4p-image m4p-crop-full\" style=\"text-align: justify;\"><figcaption class=\"m4p-image-pie\">\n<p style=\"text-align: justify;\"><strong>\u00abMi reacci\u00f3n inicial fue: \u2018No, esto no puede ser\u2019, ya que violar\u00eda las restricciones que tenemos de la <a href=\"#\" onclick=\"referencia('nucleosintesis',event); return false;\">nucleos\u00edntesis<\/a> del <a href=\"#\" onclick=\"referencia('big bang',event); return false;\">Big Bang<\/a>\u00bb.<\/strong><\/p>\n<p>C\u00f3mo hacer visible lo invisible: as\u00ed es el mapa m\u00e1s completo hasta la fecha de la <a href=\"#\" onclick=\"referencia('materia oscura',event); return false;\">materia oscura<\/a>, uno de los grandes misterios del Universo<\/p>\n<\/figcaption><\/figure>\n<\/div>\n<p><img decoding=\"async\" loading=\"lazy\" class=\"\" src=\"https:\/\/imagenes.muyinteresante.es\/files\/composte_image\/uploads\/2023\/04\/12\/6436968c87ff3.jpeg\" alt=\"Crean el mapa m\u00e1s preciso de la materia oscura y vuelve a dar la raz\u00f3n a\" width=\"489\" height=\"319\" \/><\/p>\n<p style=\"text-align: justify;\">Lang se refiere a que los astrof\u00edsicos saben c\u00f3mo se formaron los primeros elementos, instantes despu\u00e9s del <a href=\"#\" onclick=\"referencia('big bang',event); return false;\">Big Bang<\/a>, y a\u00f1adir m\u00e1s <a href=\"#\" onclick=\"referencia('quarks',event); return false;\">quarks<\/a> a esa ecuaci\u00f3n cambiar\u00eda la cantidad de elementos que se formaron en ese momento. Es decir, la idea de Bashkanov y Watts ir\u00eda en contra de algo que ya los cient\u00edficos saben.<\/p>\n<blockquote>\n<p style=\"text-align: justify;\">\u00abPero mir\u00e1ndolo m\u00e1s a fondo\u00bb, dice Lang, \u00abBashkanov y Watts quiz\u00e1s encontraron una manera de evadir esa restricci\u00f3n. B\u00e1sicamente sacan de juego a los <a href=\"#\" onclick=\"referencia('quarks',event); return false;\">quarks<\/a> y los ocultan dentro de un BEC\u00bb, se\u00f1ala.<\/p>\n<p>\u00abEstoy realmente emocionado y me da curiosidad c\u00f3mo se desarrollar\u00e1 esto\u00bb.<\/p>\n<p style=\"text-align: justify;\"><strong>Vera Gluscevic<\/strong>, astrof\u00edsica de la Universidad del Sur del California, es cautelosa frente al\u00a0 hallazgo de Bashkanov.<\/p>\n<p style=\"text-align: justify;\"><strong>\u00abLa mayor\u00eda de las ideas de candidatos a <a href=\"#\" onclick=\"referencia('materia oscura',event); return false;\">materia oscura<\/a> pueden ser derribadas casi de inmediato porque no son consistentes con las observaciones actuales del universo\u00bb,<\/strong><\/p>\n<p><strong>Le dice Gluscevic a Carlos Serrano de BBC Mundo.<\/strong><\/p>\n<p style=\"text-align: justify;\">\u00abPero incluso si pasan el escrutinio inicial como candidato a <a href=\"#\" onclick=\"referencia('materia oscura',event); return false;\">materia oscura<\/a>, (estos descubrimientos) requieren una multitud de evidencia basada en observaciones\u00bb.<\/p>\n<p style=\"text-align: justify;\"><strong>Bashkanov<\/strong>, por su parte, se siente optimista con su hallazgo. Para \u00e9l, los hexa-quarks pueden ser la respuesta a preguntas clave de la cosmolog\u00eda.<\/p>\n<p>\u00abEsto nos ayuda a entender el origen del universo\u00bb.<\/p>\n<p>\u00abEntender la condensaci\u00f3n de los hexa-quarks nos ayuda a entender la estructura del universo y c\u00f3mo se distribuye la materia\u00bb.<\/p>\n<p style=\"text-align: justify;\">Adem\u00e1s, cree que saber de qu\u00e9 est\u00e1 hecha la <a href=\"#\" onclick=\"referencia('materia oscura',event); return false;\">materia oscura<\/a> en alg\u00fan momento nos permitir\u00e1 \u00abcapturarla\u00bb y utilizarla en nuestra vida diaria.<\/p>\n<p style=\"text-align: justify;\">(En este punto, el lector se introduce en el art\u00edculo para decir que, el Se\u00f1or <strong>Bashkanov, parece que vive en un mundo de fantas\u00eda, all\u00ed se instal\u00f3 y nos cuenta una historia del Pa\u00eds de las maravillas. Nota de Emilio Silvera).<\/strong><\/p>\n<p>\u00abPara eso quiz\u00e1s faltan cientos de a\u00f1os, pero se podr\u00eda usar en ciencia de materiales o en cosas de las que ahora no tenemos ni idea\u00bb.<\/p>\n<p>(eso dice el hombre para alejar la no respuesta de lo que no sabe)<\/p>\n<p style=\"text-align: justify;\">Por eso desde ya Bashkanov y Watts trabaja junto a cient\u00edficos de Alemania y Estados Unidos en el siguiente paso de su investigaci\u00f3n: lograr observar hexaquarks en el cosmos, para ver si la misteriosa materia que nos rodea por fin deja de ser oscura.<\/p>\n<\/blockquote>\n<div class=\"m4p-post-img\">\n<figure class=\"m4p-image m4p-crop-full\" style=\"text-align: justify;\"><figcaption class=\"m4p-image-pie\"><span class=\"m4p-pie-firma\"><span class=\"m4p-author-name\"><a title=\"Ver todas las noticias de Periodista Digital\" href=\"https:\/\/www.periodistadigital.com\/autores\/periodista-digital\/\">PERIODISTA DIGITAL\u00a0<\/a><\/span><br \/>\n<\/span><\/figcaption><\/figure>\n<\/div>\n<\/div>\n<\/div>\n<\/div>\n<div class=\"m4p-post-meta m4p-post-archived\"><span class=\"category\"><strong><i>Archivado en:\u00a0<\/i><\/strong><a class=\"lanzador\" href=\"https:\/\/www.periodistadigital.com\/ciencia\/\">Ciencia\u00a0<\/a>|\u00a0<a class=\"lanzador\" href=\"https:\/\/www.periodistadigital.com\/ciencia\/educacion\/\">Educaci\u00f3n\u00a0<\/a>|\u00a0<a class=\"lanzador\" href=\"https:\/\/www.periodistadigital.com\/ciencia\/universo\/\">Universo<\/a><\/span><\/div>\n<\/div>\n<\/div>\n<\/div>\n<\/section>\n<\/div>\n<div class='bookmark'>\r\n\t\t<table align='left' border='0' cellpadding='0' width='100%'>\r\n\t\t<tr><td><span class='pushbutton'><a href='http:\/\/delicious.com\/post?url=http%3A%2F%2Fwww.emiliosilveravazquez.com%2Fblog%2F2023%2F07%2F23%2Fotra-vez-el-espejismo-de-la-materia-oscura%2F&amp;title=Otra+vez%2C+el+Espejismo+de+la+%26%238220%3BMateria+Oscura%26%238221%3B' title='Delicious' target='_blank' rel='nofollow'><img src='http:\/\/www.emiliosilveravazquez.com\/blog\/wp-content\/plugins\/knxdt-bookmarks-wordpress-plugin\/images\/delicious.png'  alt='' class='book_img' border='none' style='margin:1px; padding: 0;'  \/><\/a><\/span><span class='pushbutton'><a href='http:\/\/digg.com\/submit?url=http%3A%2F%2Fwww.emiliosilveravazquez.com%2Fblog%2F2023%2F07%2F23%2Fotra-vez-el-espejismo-de-la-materia-oscura%2F&amp;title=Otra+vez%2C+el+Espejismo+de+la+%26%238220%3BMateria+Oscura%26%238221%3B' title='Digg' target='_blank' rel='nofollow'><img src='http:\/\/www.emiliosilveravazquez.com\/blog\/wp-content\/plugins\/knxdt-bookmarks-wordpress-plugin\/images\/digg.png'  alt='' class='book_img' border='none' style='margin:1px; padding: 0;'  \/><\/a><\/span><span class='pushbutton'><a href='http:\/\/www.google.com\/bookmarks\/mark?op=edit&amp;bkmk=http%3A%2F%2Fwww.emiliosilveravazquez.com%2Fblog%2F2023%2F07%2F23%2Fotra-vez-el-espejismo-de-la-materia-oscura%2F&amp;title=Otra+vez%2C+el+Espejismo+de+la+%26%238220%3BMateria+Oscura%26%238221%3B' title='Google' target='_blank' rel='nofollow'><img src='http:\/\/www.emiliosilveravazquez.com\/blog\/wp-content\/plugins\/knxdt-bookmarks-wordpress-plugin\/images\/google.png'   alt='' class='book_img' border='none' style='margin:1px; padding: 0;'  \/><\/a><\/span><span class='pushbutton'><a href='http:\/\/myweb2.search.yahoo.com\/myresults\/bookmarklet?u=http%3A%2F%2Fwww.emiliosilveravazquez.com%2Fblog%2F2023%2F07%2F23%2Fotra-vez-el-espejismo-de-la-materia-oscura%2F&amp;t=Otra+vez%2C+el+Espejismo+de+la+%26%238220%3BMateria+Oscura%26%238221%3B' title='Yahoo' target='_blank' rel='nofollow'><img src='http:\/\/www.emiliosilveravazquez.com\/blog\/wp-content\/plugins\/knxdt-bookmarks-wordpress-plugin\/images\/yahoo.png'  alt='' class='book_img' border='none' style='margin:1px; padding: 0;'  \/><\/a><\/span><span class='pushbutton'><a href='http:\/\/www.technorati.com\/faves?add=http%3A%2F%2Fwww.emiliosilveravazquez.com%2Fblog%2F2023%2F07%2F23%2Fotra-vez-el-espejismo-de-la-materia-oscura%2F' title='Technorati' target='_blank' rel='nofollow'><img src='http:\/\/www.emiliosilveravazquez.com\/blog\/wp-content\/plugins\/knxdt-bookmarks-wordpress-plugin\/images\/technorati.png'  alt='' class='book_img' border='none' style='margin:1px; padding: 0;'  \/><\/a><\/span><span class='pushbutton'><a href='http:\/\/meneame.net\/submit.php?url=http%3A%2F%2Fwww.emiliosilveravazquez.com%2Fblog%2F2023%2F07%2F23%2Fotra-vez-el-espejismo-de-la-materia-oscura%2F' title='Meneame' target='_blank' rel='nofollow'><img src='http:\/\/www.emiliosilveravazquez.com\/blog\/wp-content\/plugins\/knxdt-bookmarks-wordpress-plugin\/images\/meneame.png'  alt='' class='book_img' border='none' style='margin:1px; padding: 0;'  \/><\/a><\/span><span class='pushbutton'><a href='http:\/\/enchilame.com\/submit.php?url=http:\/\/www.emiliosilveravazquez.com\/blog\/2023\/07\/23\/otra-vez-el-espejismo-de-la-materia-oscura\/' target='_blank' rel='nofollow'><img title='Enchilame' src='http:\/\/www.emiliosilveravazquez.com\/blog\/wp-content\/plugins\/knxdt-bookmarks-wordpress-plugin\/images\/enchilame.png'  alt='' class='book_img' border='none' style='margin:1px; padding: 0;'  \/><\/a><\/span><span class='pushbutton'><a href='http:\/\/www.blinklist.com\/index.php?Action=Blink\/addblink.php&amp;Description=&amp;Url=http%3A%2F%2Fwww.emiliosilveravazquez.com%2Fblog%2F2023%2F07%2F23%2Fotra-vez-el-espejismo-de-la-materia-oscura%2F&amp;title=Otra+vez%2C+el+Espejismo+de+la+%26%238220%3BMateria+Oscura%26%238221%3B' title='BlinkList' target='_blank' rel='nofollow'><img src='http:\/\/www.emiliosilveravazquez.com\/blog\/wp-content\/plugins\/knxdt-bookmarks-wordpress-plugin\/images\/blinklist.png'  alt='' class='book_img' border='none' style='margin:1px; padding: 0;'  \/><\/a><\/span><span class='pushbutton'><a href='http:\/\/reddit.com\/submit?url=http%3A%2F%2Fwww.emiliosilveravazquez.com%2Fblog%2F2023%2F07%2F23%2Fotra-vez-el-espejismo-de-la-materia-oscura%2F&amp;title=Otra+vez%2C+el+Espejismo+de+la+%26%238220%3BMateria+Oscura%26%238221%3B' title='Reddit' target='_blank' rel='nofollow'><img src='http:\/\/www.emiliosilveravazquez.com\/blog\/wp-content\/plugins\/knxdt-bookmarks-wordpress-plugin\/images\/reddit.png'  alt='' class='book_img' border='none' style='margin:1px; padding: 0;'  \/><\/a><\/span><span class='pushbutton'><a href='http:\/\/www.tecnologiadiaria.com\/2009\/07\/abrir-com-hotmail-correo.html' target='_blank' title='hotmail'><img src='http:\/\/www.emiliosilveravazquez.com\/blog\/wp-content\/plugins\/knxdt-bookmarks-wordpress-plugin\/images\/linklove.png' alt='hotmail correo' class='book_img' border='none' style='margin:1px; padding: 0;' \/><\/a><\/span><span class='pushbutton'><a href='http:\/\/bitacoras.com\/votar\/anotacion\/externo\/mini\/www.emiliosilveravazquez.com\/blog\/2023\/07\/23\/otra-vez-el-espejismo-de-la-materia-oscura\/' title='Bitacoras.com' target='_blank' rel='nofollow'><img src='http:\/\/www.emiliosilveravazquez.com\/blog\/wp-content\/plugins\/knxdt-bookmarks-wordpress-plugin\/images\/bitacoras.png'  alt='' class='book_img' border='none' style='margin:1px; padding: 0;'  \/><\/a><\/span><span class='pushbutton'><a href='http:\/\/www.wikio.es\/vote?url=http%3A%2F%2Fwww.emiliosilveravazquez.com%2Fblog%2F2023%2F07%2F23%2Fotra-vez-el-espejismo-de-la-materia-oscura%2F' title='Wikio' target='_blank' rel='nofollow'><img src='http:\/\/www.emiliosilveravazquez.com\/blog\/wp-content\/plugins\/knxdt-bookmarks-wordpress-plugin\/images\/wikio.png'   alt='' class='book_img' border='none' style='margin:1px; padding: 0;'   \/><\/a><\/span><span class='pushbutton'><a href='http:\/\/friendfeed.com\/?url=http%3A%2F%2Fwww.emiliosilveravazquez.com%2Fblog%2F2023%2F07%2F23%2Fotra-vez-el-espejismo-de-la-materia-oscura%2F&amp;title=Otra+vez%2C+el+Espejismo+de+la+%26%238220%3BMateria+Oscura%26%238221%3B' title='Friend Feed' target='_blank' rel='nofollow'><img src='http:\/\/www.emiliosilveravazquez.com\/blog\/wp-content\/plugins\/knxdt-bookmarks-wordpress-plugin\/images\/friendfeed.png'  alt='' class='book_img' border='none' style='margin:1px; padding: 0;'  \/><\/a><\/span><span class='pushbutton'><a href='http:\/\/www.facebook.com\/share.php?u=http%3A%2F%2Fwww.emiliosilveravazquez.com%2Fblog%2F2023%2F07%2F23%2Fotra-vez-el-espejismo-de-la-materia-oscura%2F&amp;t=Otra+vez%2C+el+Espejismo+de+la+%26%238220%3BMateria+Oscura%26%238221%3B' title='Facebook' target='_blank' rel='nofollow'><img src='http:\/\/www.emiliosilveravazquez.com\/blog\/wp-content\/plugins\/knxdt-bookmarks-wordpress-plugin\/images\/facebook.png'  alt='' class='book_img' border='none' style='margin:1px; padding: 0;'  \/><\/a><\/span><span class='pushbutton'><a href='http:\/\/twitter.com\/home?status=Otra+vez%2C+el+Espejismo+de+la+%26%238220%3BMateria+Oscura%26%238221%3B: http%3A%2F%2Fwww.emiliosilveravazquez.com%2Fblog%2F2023%2F07%2F23%2Fotra-vez-el-espejismo-de-la-materia-oscura%2F' title='Twitter' target='_blank' rel='nofollow'><img src='http:\/\/www.emiliosilveravazquez.com\/blog\/wp-content\/plugins\/knxdt-bookmarks-wordpress-plugin\/images\/twitter.png'  alt='' class='book_img' border='none' style='margin:1px; padding: 0;'  \/><\/a><\/span><span class='pushbutton'><a href='http:\/\/www.feedburner.com\/fb\/a\/emailFlare?itemTitle=Otra+vez%2C+el+Espejismo+de+la+%26%238220%3BMateria+Oscura%26%238221%3B&amp;uri=http%3A%2F%2Fwww.emiliosilveravazquez.com%2Fblog%2F2023%2F07%2F23%2Fotra-vez-el-espejismo-de-la-materia-oscura%2F' title='Enviar por Email' target='_blank' rel='nofollow'><img src='http:\/\/www.emiliosilveravazquez.com\/blog\/wp-content\/plugins\/knxdt-bookmarks-wordpress-plugin\/images\/email.png'  alt='' class='book_img' border='none' style='margin:1px; padding: 0;'  \/><\/a><\/span><span style='font-weight:bold; padding-left: 5px;'><a href='http:\/\/wordpress.org\/extend\/plugins\/knxdt-bookmarks-wordpress-plugin\/' title='Plugin' rel='nofollow' target='_blank'>[?]<\/a><\/span><\/td><\/tr><\/table><br\/><br\/><\/div>","protected":false},"excerpt":{"rendered":"<p>FUNCIONA COMO UN PEGAMENTO QUE INTERACT\u00daA CON LA GRAVEDAD Y MANTIENE UNIDOS A TODO LO QUE FLOTA EN EL COSMOS &nbsp; \u00a0 \u00a0 \u00a0 \u00a0 \u00a0 \u00a0 \u00a0 \u00a0 \u00a0 \u00a0 \u00a0 \u00a0 \u00a0 \u00a0 \u00a0 \u00a0 \u00a0 \u00a0 \u00a0 \u00a0 \u00a0 \u00a0 \u00a0 \u00a0 \u00a0 \u00a0 \u00a0 \u00a0 \u00a0 \u00a0 \u00a0 \u00a0Permea todo el [&hellip;]<\/p>\n","protected":false},"author":2,"featured_media":0,"comment_status":"open","ping_status":"open","sticky":false,"template":"","format":"standard","meta":{"_s2mail":"","footnotes":""},"categories":[1],"tags":[],"_links":{"self":[{"href":"http:\/\/www.emiliosilveravazquez.com\/blog\/wp-json\/wp\/v2\/posts\/30744"}],"collection":[{"href":"http:\/\/www.emiliosilveravazquez.com\/blog\/wp-json\/wp\/v2\/posts"}],"about":[{"href":"http:\/\/www.emiliosilveravazquez.com\/blog\/wp-json\/wp\/v2\/types\/post"}],"author":[{"embeddable":true,"href":"http:\/\/www.emiliosilveravazquez.com\/blog\/wp-json\/wp\/v2\/users\/2"}],"replies":[{"embeddable":true,"href":"http:\/\/www.emiliosilveravazquez.com\/blog\/wp-json\/wp\/v2\/comments?post=30744"}],"version-history":[{"count":0,"href":"http:\/\/www.emiliosilveravazquez.com\/blog\/wp-json\/wp\/v2\/posts\/30744\/revisions"}],"wp:attachment":[{"href":"http:\/\/www.emiliosilveravazquez.com\/blog\/wp-json\/wp\/v2\/media?parent=30744"}],"wp:term":[{"taxonomy":"category","embeddable":true,"href":"http:\/\/www.emiliosilveravazquez.com\/blog\/wp-json\/wp\/v2\/categories?post=30744"},{"taxonomy":"post_tag","embeddable":true,"href":"http:\/\/www.emiliosilveravazquez.com\/blog\/wp-json\/wp\/v2\/tags?post=30744"}],"curies":[{"name":"wp","href":"https:\/\/api.w.org\/{rel}","templated":true}]}}