{"id":30742,"date":"2023-07-23T06:01:42","date_gmt":"2023-07-23T05:01:42","guid":{"rendered":"http:\/\/www.emiliosilveravazquez.com\/blog\/?p=30742"},"modified":"2023-07-23T06:01:42","modified_gmt":"2023-07-23T05:01:42","slug":"la-perfeccion-imperfecta-5","status":"publish","type":"post","link":"http:\/\/www.emiliosilveravazquez.com\/blog\/2023\/07\/23\/la-perfeccion-imperfecta-5\/","title":{"rendered":"La perfecci\u00f3n imperfecta"},"content":{"rendered":"<p>&nbsp;<\/p>\n<p><img decoding=\"async\" loading=\"lazy\" class=\"\" src=\"https:\/\/culturacientifica.com\/app\/uploads\/2014\/06\/Del-modelo-estandar.png\" alt=\"Del modelo est\u00e1ndar \u2014 Cuaderno de Cultura Cient\u00edfica\" width=\"616\" height=\"585\" \/><\/p>\n<blockquote>\n<p style=\"text-align: justify;\"><strong>Fermiones (Quarks y Leptones) que conforman la materia que interaccionan con con la mediaci\u00f3n de los Bosones transmisores de las cuatro fuerzas fundamentales<\/strong><\/p>\n<\/blockquote>\n<p style=\"text-align: justify;\">Me refiero al Modelo est\u00e1ndar que algunos han llegado a creer que s\u00f3lo faltan algunos detalles t\u00e9cnicos y, con ellos, la f\u00edsica te\u00f3rica est\u00e1 acabada. Tenemos un modelo que engloba todo lo que deseamos saber acerca de nuestro mundo f\u00edsico. \u00bfQu\u00e9 m\u00e1s podemos desear? \u00a1Ilusos!<\/p>\n<p>&nbsp;<\/p>\n<p><img decoding=\"async\" src=\"http:\/\/palmera.pntic.mec.es\/~fbarrada\/profesores\/imp\/tabla2bis.gif\" \/><\/p>\n<p>&nbsp;<\/p>\n<blockquote>\n<p style=\"text-align: justify;\"><strong>Cada interacci\u00f3n est\u00e1 asociada a una o m\u00e1s part\u00edculas. El <a href=\"#\" onclick=\"referencia('foton',event); return false;\">fot\u00f3n<\/a>, por ejemplo, es adem\u00e1s la part\u00edcula que constituye la luz y cualquier otro tipo de radiaci\u00f3n electromagn\u00e9tica. El intercambio de estas \u201cpart\u00edculas mediadoras de las interacciones\u201d es el mecanismo que mantiene unidas a las part\u00edculas compuestas (<a href=\"#\" onclick=\"referencia('proton',event); return false;\">protones<\/a>, <a href=\"#\" onclick=\"referencia('neutron',event); return false;\">neutrones<\/a>, \u00e1tomos, mol\u00e9culas, &#8230;), explicando las fuerzas entre ellas, aunque una interacci\u00f3n es, como veremos, m\u00e1s que una fuerza.<\/strong><\/p>\n<\/blockquote>\n<p>&nbsp;<\/p>\n<p><img decoding=\"async\" loading=\"lazy\" class=\"\" src=\"https:\/\/www.bbvaopenmind.com\/wp-content\/uploads\/2013\/02\/BBVA-OpenMind-Fronteras-4-El-mundo-despues-de-la-revolucion-fisica-Jose-Manuel-Sa%CC%81nchez-Ron.jpg\" alt=\"El mundo despu\u00e9s de la revoluci\u00f3n: la f\u00edsica de la segunda mitad del siglo XX | OpenMind\" width=\"488\" height=\"167\" \/><\/p>\n<p><strong>\u00a0 \u00a0 \u00a0 \u00a0 \u00a0 \u00a0 \u00a0 \u00a0 \u00a0 \u00a0 \u00a0 \u00a0 \u00a0 \u00a0 \u00a0 \u00a0 \u00a0 \u00a0 \u00a0 \u00a0 \u00a0 \u00a0 \u00a0 \u00a0 \u00a0 \u00a0 \u00a0 \u00a0 \u00a0 \u00a0 \u00a0 \u00a0 \u00a0 \u00a0La F\u00edsica Cu\u00e1ntica<\/strong><\/p>\n<p style=\"text-align: justify;\">Bueno, lo que hasta el momento hemos logrado no est\u00e1 mal del todo pero, no llega, ni con mucho, a la perfecci\u00f3n que la Naturaleza refleja y que, nosotros perseguimos sin llegar a poder agarrar sus m\u00faltiples entresijos y par\u00e1metros que conforman ese todo en el que, sin ninguna clase de excusas, todo debe encajar y, de momento, no es as\u00ed.<\/p>\n<p style=\"text-align: justify;\">Es cierto que, el Modelo est\u00e1ndar es casi (en algunos momentos), pero no permanentemente, perfecto. En primer lugar, podr\u00edamos empezar a quejarnos de las casi veinte constantes que no se pueden calcular. Pero si esta fuese la \u00fanica queja, habr\u00eda poco que hacer. Desde luego, se han sugerido numerosas ideas para explicar el origen de estos n\u00fameros y se han propuesto varias teor\u00edas para &#8220;predecir&#8221; sus valores. El problema con todas estas teor\u00edas es que los argumentos que dan nunca llegan a ser convincentes.<\/p>\n<p>&nbsp;<\/p>\n<p><img decoding=\"async\" src=\"https:\/\/culturacientifica.com\/app\/uploads\/2015\/08\/AAH-StandardModel-h3.jpg\" alt=\"La verdadera composici\u00f3n \u00faltima del universo (I): M\u00e1s all\u00e1 del modelo est\u00e1ndar \u2014 Cuaderno de Cultura Cient\u00edfica\" \/><\/p>\n<h3 class=\"n9H6p cS4Vcb-pGL6qe-fwJd0c\">La verdadera composici\u00f3n \u00faltima del universo: M\u00e1s all\u00e1 del modelo est\u00e1ndar<\/h3>\n<blockquote>\n<p style=\"text-align: justify;\">La composici\u00f3n \u00faltima del universo corresponde a cuatro o cinco elementos b\u00e1sicos, en alg\u00fan caso reducible a solo uno. Como sabemos, el desarrollo de las ciencias qu\u00edmicas a partir del siglo XVII culmina con el concepto de elemento qu\u00edmico y la creaci\u00f3n de la tabla peri\u00f3dica en el siglo XIX. Pero a finales de ese siglo ya est\u00e1 demostrada la existencia de una part\u00edcula subat\u00f3mica, el <a href=\"#\" onclick=\"referencia('electron',event); return false;\">electr\u00f3n<\/a> y en la d\u00e9cada de los setenta del siglo XX el modelo est\u00e1ndar de la f\u00edsica de part\u00edculas se presenta como una construcci\u00f3n s\u00f3lida para comprender la estructura subat\u00f3mica de la materia, modelo que culmina en 2012 con el hallazgo del <a href=\"#\" onclick=\"referencia('bosones',event); return false;\">bos\u00f3n<\/a> de <a href=\"#\" onclick=\"referencia('higgs',event); return false;\">Higgs<\/a>.<\/p>\n<\/blockquote>\n<p>&nbsp;<\/p>\n<p><img decoding=\"async\" loading=\"lazy\" class=\"\" src=\"https:\/\/i.ytimg.com\/vi\/yMS6OD7Wfu8\/maxresdefault.jpg\" alt=\"RELATIVIDAD I Principio de la relatividad de Galileo - YouTube\" width=\"424\" height=\"239\" \/><\/p>\n<p style=\"text-align: justify;\">\u00bfPor qu\u00e9 se iba a preocupar la Naturaleza de una f\u00f3rmula m\u00e1gica si en ausencia de tal f\u00f3rmula no hubiera contradicciones? Lo que realmente necesitamos es alg\u00fan principio fundamental nuevo, tal como el principio de la <a href=\"#\" onclick=\"referencia('relatividad',event); return false;\">relatividad<\/a>, pero nos resistimos a abandonar todos los dem\u00e1s principios que ya conocemos; \u00a1esos, despu\u00e9s de todo, han sido enormemente \u00fatiles en el descubrimiento del \u00a1<strong>Modelo est\u00e1ndar!<\/strong> una herramienta que posibilitado a todos los f\u00edsicos del mundo, construir sus trabajos en ese fascinante mundo de la mec\u00e1nica cu\u00e1ntica, donde part\u00edculas infinitesimales interact\u00faan con las fuerzas y podemos ver, como se comporta la materia en determinadas circunstancias. El mejor lugar para buscar nuevos principios es precisamente donde se encuentran los puntos d\u00e9biles de la presente teor\u00eda.<\/p>\n<p>&nbsp;<\/p>\n<p><iframe loading=\"lazy\" title=\"A Search for New Physics - The Belle II Experiment\" width=\"500\" height=\"281\" src=\"https:\/\/www.youtube.com\/embed\/nGCrrgXSEOk?feature=oembed\" frameborder=\"0\" allow=\"accelerometer; autoplay; clipboard-write; encrypted-media; gyroscope; picture-in-picture; web-share\" allowfullscreen><\/iframe><\/p>\n<p style=\"text-align: justify;\">La regla universal en la f\u00edsica de part\u00edculas es que cuando las part\u00edculas chocan con energ\u00edas cada vez mayores, los efectos de las colisiones est\u00e1n determinados por estructuras cada vez menores, m\u00e1s peque\u00f1as en el espacio y en el tiempo. Supongamos por un momento que tenemos a nuestra disposici\u00f3n un Acelerador de Part\u00edculas 10.000 veces m\u00e1s potente que el LHC, donde las part\u00edculas pueden adquirir esas tantas veces m\u00e1s energ\u00edas de las alcanzadas actualmente. Las colisiones que tendr\u00edan lugar nos dir\u00edan algo acerca de los detalles estructurales de esas part\u00edculas que ahora no conocemos, que ser\u00edan mucho m\u00e1s peque\u00f1os que los que ahora podemos contemplar. En este punto se me ocurre la pregunta: \u00bfSeguir\u00eda siendo correcto el Modelo est\u00e1ndar? 0, por el contrario, a medida que nos alejemos en las profundidades de lo muy peque\u00f1o, tambi\u00e9n sus normas podr\u00edan variar al mismo tiempo que var\u00edan las dimensiones de los productos hallados. Recordad que, el mundo no funciona de la misma manera ante lo grande que ante lo infinitesimal.<\/p>\n<p>&nbsp;<\/p>\n<p><img decoding=\"async\" loading=\"lazy\" class=\"\" src=\"https:\/\/imagenes.elpais.com\/resizer\/Zas9Bo-7BWNdsWEnM5A4uye8hZg=\/1200x0\/cloudfront-eu-central-1.images.arcpublishing.com\/prisa\/GSIYKEJMUBFY3IWOTRF3F5677E.jpg\" alt=\"Bos\u00f3n W: Un acelerador de part\u00edculas atisba \u201cun nuevo mecanismo de la naturaleza\u201d | Ciencia | EL PA\u00cdS\" width=\"506\" height=\"351\" \/><\/p>\n<p><strong>\u00a0 \u00a0 \u00a0 \u00a0 \u00a0 \u00a0 \u00a0 \u00a0 \u00a0 \u00a0 \u00a0 \u00a0 \u00a0 \u00a0 \u00a0 \u00a0 \u00a0 \u00a0 \u00a0 \u00a0 \u00a0 \u00a0 \u00a0 \u00a0 \u00a0 \u00a0 El LHC descubre el Bos\u00f3n W<\/strong><\/p>\n<p style=\"text-align: justify;\">\u00bfPod\u00e9is imaginar conseguir colisiones a 70.000 TeV? \u00bfQu\u00e9 podr\u00edas ver? Y, entonces, seguramente, las protestas de algunas de que &#8220;ese monstruo&#8221; podr\u00eda abrir un <a href=\"#\" onclick=\"referencia('agujero de gusano',event); return false;\">agujero de gusano<\/a> en el espacio tiempo&#8230;\u00a1tendr\u00eda alg\u00fan fundamento! No sabemos lo que puede pasar si andamos con fuerzas que no podemos dominar.<\/p>\n<p style=\"text-align: justify;\">Hoy, el Modelo est\u00e1ndar es una construcci\u00f3n matem\u00e1tica que predice sin ambig\u00fcedad c\u00f3mo debe ser el mundo de las estructuras a\u00edn m\u00e1s peque\u00f1as. Pero tenemos algunas razones para sospechar que tales predicciones resultan estar muy alejadas de la realidad, o, incluso, ser completamente falsas.<\/p>\n<p>&nbsp;<\/p>\n<p style=\"text-align: justify;\">\u00a0 \u00a0 \u00a0 \u00a0 \u00a0 \u00a0 \u00a0 \u00a0 \u00a0 \u00a0 \u00a0 \u00a0 \u00a0 \u00a0 <img decoding=\"async\" loading=\"lazy\" title=\"IMAGEN\" src=\"http:\/\/axxon.com.ar\/noticias\/imagenes\/2011\/0301-supermicroscopio.jpg\" alt=\"\" width=\"470\" height=\"313\" \/><\/p>\n<p>&nbsp;<\/p>\n<p style=\"text-align: justify;\">Encendamos nuestro super-microscopio imaginario y enfoqu\u00e9moslo directamente en el centro de un <a href=\"#\" onclick=\"referencia('proton',event); return false;\">prot\u00f3n<\/a> o de cualquier otra part\u00edcula. Veremos hordas de part\u00edculas fundamentales desnudas pululando. Vistas a trav\u00e9s del super-microscopio, el modelo est\u00e1ndar que contiene veinte constantes naturales, describen las fuerzas que rigen la forma en que se mueven. Sin embargo, ahora esas fuerzas no s\u00f3lo son bastante fuertes sino que tambi\u00e9n se cancelan entre ellas de una forma muy especial; est\u00e1n <em>ajustadas<\/em> para conspirar de tal manera que las part\u00edculas se comportan como part\u00edculas ordinarias cuando se vuelven a colocar el microscopio en la escala de ampliaci\u00f3n ordinaria. Si en nuestras ecuaciones matem\u00e1ticas cualquiera de estas constantes fueran reemplazadas por un n\u00famero ligeramente diferente, la mayor\u00eda de las part\u00edculas obtendr\u00edan inmediatamente masas comparables a las gigantescas energ\u00edas que son relevantes en el dominio de las muy altas energ\u00edas. El hecho de que todas las part\u00edculas tengan masa que corresponden a energ\u00edas mucho menores repentinamente llega a ser bastante poco natural.<\/p>\n<p>&nbsp;<\/p>\n<p style=\"text-align: justify;\">\u00a0 \u00a0 \u00a0 \u00a0 \u00a0 \u00a0 \u00a0 \u00a0 \u00a0 \u00a0 \u00a0 \u00a0 \u00a0 <img decoding=\"async\" src=\"http:\/\/3.bp.blogspot.com\/-DQMZoM3y4-k\/TEvsgbNg6eI\/AAAAAAAAAL4\/FkUPGEoG54I\/s1600\/adn.jpg\" alt=\"\" \/><\/p>\n<p>&nbsp;<\/p>\n<p>\u00bfImplica el ajuste fino un dise\u00f1o con prop\u00f3sito? Hay tantos par\u00e1metros que deben tener un ajuste fino y el grado de ajuste fino es tan alto, que no parece posible ninguna otra conclusi\u00f3n.<\/p>\n<p style=\"text-align: justify;\">Bueno, quiz\u00e1 en la imagen y el comentario que lleva abajo, me he podido pasar un poco. Lo que antes dec\u00eda: &#8220;El hecho de que todas las part\u00edculas tengan masa que corresponden a energ\u00edas mucho menores repentinamente llega a ser bastante poco natural&#8221;, es lo que se llama el<strong>\u00a0&#8220;<em>problema del ajuste fino&#8221;<\/em><\/strong>. Vistas a trav\u00e9s del microscopio, las constantes de la Naturaleza parecen estar cuidadosamente ajustadas sin ninguna otra raz\u00f3n aparente que hacer que las part\u00edculas parezcan lo que son.<\/p>\n<p>&nbsp;<\/p>\n<p><img decoding=\"async\" loading=\"lazy\" class=\"\" src=\"https:\/\/crossexamined.org\/wp-content\/uploads\/2018\/10\/ajuste-fino-jairo-10.png.jpg\" alt=\"Los argumentos a partir del Ajuste Fino del universo\" width=\"539\" height=\"257\" \/><\/p>\n<h3 class=\"n9H6p cS4Vcb-pGL6qe-fwJd0c\">\u00a0 \u00a0 \u00a0 \u00a0 \u00a0 \u00a0 \u00a0 \u00a0 \u00a0 Los argumentos a partir del Ajuste Fino del universo<\/h3>\n<p><img decoding=\"async\" src=\"https:\/\/mundosmultiples.files.wordpress.com\/2020\/02\/constants.png\" alt=\"Los ajustes finos del universo (I) \u2013 Mundos M\u00faltiples\" \/><\/p>\n<h3 class=\"n9H6p cS4Vcb-pGL6qe-fwJd0c\">\u00a0 \u00a0 \u00a0 \u00a0 \u00a0 \u00a0 \u00a0 \u00a0 \u00a0 \u00a0 Los ajustes finos del universo\u00a0 \u2013 Mundos M\u00faltiples<\/h3>\n<p style=\"text-align: justify;\">Hay algo muy err\u00f3neo aqu\u00ed. Desde un punto de vista matem\u00e1tico, no hay nada que objetar, pero la credibilidad del Modelo est\u00e1ndar se desploma cuando se mira a escalas de tiempo y longitud extremadamente peque\u00f1as o, lo que es lo mismo, si calculamos lo que pasar\u00eda cuando las part\u00edculas colisionan con energ\u00edas extremadamente altas.<\/p>\n<p>&nbsp;<\/p>\n<p><iframe loading=\"lazy\" title=\"Colisiones de protones en el LHC y su sistema de aceleradores\" width=\"500\" height=\"281\" src=\"https:\/\/www.youtube.com\/embed\/WfzOI17JYEY?feature=oembed\" frameborder=\"0\" allow=\"accelerometer; autoplay; clipboard-write; encrypted-media; gyroscope; picture-in-picture; web-share\" allowfullscreen><\/iframe><\/p>\n<p>&nbsp;<\/p>\n<p style=\"text-align: justify;\">\u00bfY por qu\u00e9 deber\u00eda ser el modelo v\u00e1lido hasta ah\u00ed? Podr\u00edan existir muchas clases de part\u00edculas s\u00faper pesadas que no han nacido porque se necesitan energ\u00edas a\u00fan inalcanzables, e ellas podr\u00edan modificar completamente el mundo que Gulliver planeaba visitar. Si deseamos evitar la necesidad de un delicado ajuste fino de las constantes de la Naturaleza, creamos un nuevo problema:<\/p>\n<p style=\"text-align: justify;\">\u00bfC\u00f3mo podemos modificar el modelo est\u00e1ndar de tal manera que el ajuste-fino no sea necesario? Est\u00e1 claro que las modificaciones son necesarias , lo que implica que muy probablemente hay un l\u00edmite m\u00e1s all\u00e1 del cual el modelo deja de ser v\u00e1lido. El Modelo est\u00e1ndar no ser\u00e1 m\u00e1s que una aproximaci\u00f3n matem\u00e1tica que hemos sido capaces de crear, tal que todos los fen\u00f3menos observados hasta el presente est\u00e1n de acuerdo con \u00e9l, pero cada vez que ponemos en marcha un aparato m\u00e1s poderoso, debemos esperar que sean necesarias nuevas modificaciones para ir ajustando el modelo, a la realidad que descubrimos.<\/p>\n<p>&nbsp;<\/p>\n<p><img decoding=\"async\" loading=\"lazy\" class=\"\" src=\"https:\/\/images.ecestaticos.com\/riaozanXoWt8ZOVD__o8SQ2PrmM=\/0x489:2272x1766\/1338x752\/filters:fill(white):format(jpg)\/f.elconfidencial.com%2Foriginal%2F663%2F6d9%2Ff2c%2F6636d9f2c9cc8d028664314518380e60.jpg\" alt=\"El gran misterio del cosmos que lo explicar\u00e1 todo\" width=\"374\" height=\"210\" \/><\/p>\n<p><strong>\u00a0\u00bfUna Teor\u00eda que conteste todas las preguntas que podamos formular?<\/strong><\/p>\n<p style=\"text-align: justify;\">\u00bfC\u00f3mo hemos podido pensar de otra manera? \u00bfC\u00f3mo hemos tenido la &#8220;arrogancia&#8221; de pensar que podemos tener la teor\u00eda &#8220;definitiva&#8221;? Mirando las cosas de esta manera, nuestro problema ahora puede muy bien ser el opuesto al que plantea la pregunta de d\u00f3nde acaba el modelo est\u00e1ndar: \u00bfC\u00f3mo puede ser que el modelo est\u00e1ndar funcione tan extraordinariamente bien? y \u00bfpor qu\u00e9 a\u00fan no hemos sido capaces de percibir nada parecido a otra generaci\u00f3n de part\u00edculas y fuerzas que no encajen en el modelo est\u00e1ndar?<\/p>\n<p>\u00a0 \u00a0 \u00a0 \u00a0 \u00a0 \u00a0 \u00a0 \u00a0 \u00a0 \u00a0 \u00a0 \u00a0 \u00a0 \u00a0 \u00a0 \u00a0 \u00a0 \u00a0<img decoding=\"async\" loading=\"lazy\" class=\"\" src=\"https:\/\/www.i-cpan.es\/sites\/default\/files\/noticias\/ATLAS_ttH.jpg\" alt=\"Los experimentos del LHC revelan c\u00f3mo interact\u00faa el bos\u00f3n de Higgs con la part\u00edcula m\u00e1s pesada | CPAN - Centro Nacional de F\u00edsica de Part\u00edculas, Astropart\u00edculas y Nuclear\" width=\"463\" height=\"306\" \/><\/p>\n<p>&nbsp;<\/p>\n<p style=\"text-align: justify;\">Asistentes escuchan la presentaci\u00f3n de <strong>los resultados del experimento ATLAS<\/strong>, durante el seminario del Centro Europeo de F\u00edsica de Part\u00edculas (CERN) para presentar los resultados de los dos experimentos paralelos que buscan la prueba de la existencia de la <strong>&#8220;part\u00edcula de <a href=\"#\" onclick=\"referencia('higgs',event); return false;\">Higgs<\/a>&#8221;<\/strong>, base del modelo est\u00e1ndar de f\u00edsica,<\/p>\n<p>&nbsp;<\/p>\n<p><img decoding=\"async\" loading=\"lazy\" class=\"\" src=\"https:\/\/francis.naukas.com\/files\/2011\/07\/dibujo20110727_flavor_physics_ckm_matrix_and_cp_violation.png\" alt=\"El m\u00e1s all\u00e1 del modelo est\u00e1ndar de las part\u00edculas elementales sin la supersimetr\u00eda - La Ciencia de la Mula Francis\" width=\"567\" height=\"272\" \/><\/p>\n<p><strong>Imagen: Ciencia de la Mula Francis<\/strong><\/p>\n<p style=\"text-align: justify;\">La pregunta &#8220;<strong>\u00bfQu\u00e9 hay m\u00e1s all\u00e1 del Modelo est\u00e1ndar?<\/strong> ha estado fascinando a los f\u00edsicos durante a\u00f1os. Y, desde luego, todos sue\u00f1an con llegar a saber, qu\u00e9 es lo que realmente es lo que conforma el &#8220;mundo&#8221; de la materia, qu\u00e9 part\u00edculas, cuerdas o briznas vibrantes. En realidad, lo cierto es que, la F\u00edsica que conocemos no tiene que ser, necesariamente, la verdadera f\u00edsica que conforma el mundo y, s\u00ed, la f\u00edsica que conforma &#8220;nuestro mundo&#8221;, es decir, el mundo al que hemos podido tener acceso hasta el momento y que, no necesariamente tiene que tratarse del mundo real.<\/p>\n<p style=\"text-align: justify;\">O, como dec\u00eda aqu\u00e9l:<strong> \u00a1Que mundo m\u00e1s hermoso, parece de verdad!<\/strong><\/p>\n<p>&nbsp;<\/p>\n<p style=\"text-align: justify;\">\u00a0 \u00a0 \u00a0 \u00a0 \u00a0 \u00a0 \u00a0 \u00a0 \u00a0 \u00a0 \u00a0 \u00a0 \u00a0 \u00a0 \u00a0 \u00a0 \u00a0 \u00a0 \u00a0 \u00a0 \u00a0 \u00a0<img decoding=\"async\" src=\"http:\/\/4.bp.blogspot.com\/-t7BYp5UcTgk\/Tu-34NeqgRI\/AAAAAAAAAEY\/2xERJsqryoE\/s1600\/quarks.jpg\" alt=\"http:\/\/4.bp.blogspot.com\/-t7BYp5UcTgk\/Tu-34NeqgRI\/AAAAAAAAAEY\/2xERJsqryoE\/s1600\/quarks.jpg\" \/><\/p>\n<p>&nbsp;<\/p>\n<p style=\"text-align: justify;\">No todo lo que vemos es, necesariamente, un reflejo de la realidad de la Naturaleza que, puede tener escondidos m\u00e1s all\u00e1 de nuestras percepciones, otros escenarios y otros objetos, a los que, por ahora, no hemos podido acceder, toda vez que, f\u00edsicamente tenemos carencias, intelectualmente tambi\u00e9n, y, nuestros conocimientos avanzar despacio para conseguir, nuevas m\u00e1quinas y tecnolog\u00edas nuevas que nos posibiliten &#8220;ver&#8221; lo que ahora nos est\u00e1 &#8220;prohibido&#8221; y, para ello, como ocurre siempre, necesitamos energ\u00edas de las que no disponemos.<\/p>\n<p>Eso es lo que pasa con la Teor\u00eda de Cuerdas, no podemos verificarla porque no disponemos de la Energ\u00eda de Planck (10 con exponente 19 GeV).<\/p>\n<p>&nbsp;<\/p>\n<p style=\"text-align: justify;\">\u00a0 \u00a0 \u00a0 <img decoding=\"async\" loading=\"lazy\" class=\"\" src=\"http:\/\/1.bp.blogspot.com\/-BfG-17MUa2w\/TviUd6jfxII\/AAAAAAAACIE\/E6Wot1PbMOY\/s1600\/vacuum1.jpg\" alt=\"http:\/\/1.bp.blogspot.com\/-BfG-17MUa2w\/TviUd6jfxII\/AAAAAAAACIE\/E6Wot1PbMOY\/s1600\/vacuum1.jpg\" width=\"566\" height=\"425\" \/><\/p>\n<p>&nbsp;<\/p>\n<p style=\"text-align: justify;\">Hay dos direcciones a lo largo de las cuales se podr\u00eda extender el Modelo est\u00e1ndar, tal como lo conocemos actualmente, que b\u00e1sicamente se caracterizan as\u00ed:<\/p>\n<p style=\"text-align: justify;\"><strong>&#8211; Nuevas part\u00edculas raras y nuevas fuerzas extremadamente d\u00e9biles, y<\/strong><\/p>\n<p style=\"text-align: justify;\"><strong>&#8211; nuevas part\u00edculas pesadas y nuevas estructuras a muy altas energ\u00edas.<\/strong><\/p>\n<p style=\"text-align: justify;\">Podr\u00edan existir part\u00edculas muy dif\u00edciles de producir y de detectar y que, por esa raz\u00f3n, hayan pasado desapercibidas hasta ahora.\u00a0 La primera part\u00edcula adicional en la que podr\u00edamos\u00a0 pensares un <a href=\"#\" onclick=\"referencia('neutrinos',event); return false;\">neutrino<\/a> rotando a derecha. Recordaremos que si se toma el eje de rotaci\u00f3n paralelo a la direcci\u00f3n del movimiento los <a href=\"#\" onclick=\"referencia('neutrinos',event); return false;\">neutrinos<\/a> s\u00f3lo rotan a izquierdas pero, esa ser\u00eda otra historia.<\/p>\n<p>&nbsp;<\/p>\n<p style=\"text-align: justify;\">\u00a0 \u00a0 \u00a0 \u00a0 \u00a0 \u00a0 \u00a0 \u00a0 \u00a0 \u00a0 <img decoding=\"async\" loading=\"lazy\" class=\"\" src=\"http:\/\/4.bp.blogspot.com\/-HfR7qGN039Q\/T5w_3J0KeKI\/AAAAAAAABcY\/fcJMR0S7tIw\/s1600\/Experimento-con-neutrinos.jpg\" alt=\"http:\/\/4.bp.blogspot.com\/-HfR7qGN039Q\/T5w_3J0KeKI\/AAAAAAAABcY\/fcJMR0S7tIw\/s1600\/Experimento-con-neutrinos.jpg\" width=\"512\" height=\"268\" \/><\/p>\n<p>&nbsp;<\/p>\n<p style=\"text-align: justify;\">Los <a href=\"#\" onclick=\"referencia('neutrinos',event); return false;\">neutrinos<\/a> siempre me han fascinado. Siempre se han manifestado como si tuvieran masa estrictamente nula. Parece como si se movieran exactamente con la velocidad de la luz. Pero hay un l\u00edmite para la precisi\u00f3n de nuestras medidas. Si los <a href=\"#\" onclick=\"referencia('neutrinos',event); return false;\">neutrinos<\/a> fueran muy ligeros, por ejemplo, una cienmillon\u00e9sima parte de la masa del <a href=\"#\" onclick=\"referencia('electron',event); return false;\">electr\u00f3n<\/a>, ser\u00edamos incapaces de detectar en el laboratorio la diferencia entre \u00e9stos y los <a href=\"#\" onclick=\"referencia('neutrinos',event); return false;\">neutrinos<\/a> de masa estrictamente nula. Pero, para ello, el <a href=\"#\" onclick=\"referencia('neutrinos',event); return false;\">neutrino<\/a> tendr\u00eda que tener una componente de derechas.<\/p>\n<p>&nbsp;<\/p>\n<p><img decoding=\"async\" src=\"https:\/\/thumbs.gfycat.com\/AromaticKlutzyAcaciarat-size_restricted.gif\" alt=\"Atomo GIF | Gfycat\" \/><\/p>\n<p>&nbsp;<\/p>\n<p style=\"text-align: justify;\">En este punto, los astr\u00f3nomos se unen a la discusi\u00f3n. No es la primera vez, ni ser\u00e1 la \u00faltima, que la astronom\u00eda nos proporciona informaci\u00f3n esencial en relaci\u00f3n a las part\u00edculas elementales. Por ejemplo, debido a las <em>interacciones de corriente neutra<\/em> (las interacciones d\u00e9biles originadas por un intercambio Z\u00ba), los <a href=\"#\" onclick=\"referencia('neutrinos',event); return false;\">neutrinos<\/a> son un facto crucial en la explosi\u00f3n\u00a0 supernova de una estrella. Ahora sabemos que debido a las interacciones por corriente neutra, pueden colisionar con las capas exteriores de la estrella y volarlas con una fuerza tremenda.<\/p>\n<p>&nbsp;<\/p>\n<p style=\"text-align: justify;\">\u00a0 \u00a0 \u00a0 \u00a0 \u00a0 \u00a0 \u00a0 \u00a0 \u00a0 \u00a0 \u00a0 \u00a0 \u00a0<img decoding=\"async\" loading=\"lazy\" class=\"\" src=\"http:\/\/latabernaglobal.com\/wp-content\/uploads\/2012\/02\/NEUTRIN1.jpg\" alt=\"http:\/\/latabernaglobal.com\/wp-content\/uploads\/2012\/02\/NEUTRIN1.jpg\" width=\"495\" height=\"602\" \/><\/p>\n<p>&nbsp;<\/p>\n<p style=\"text-align: justify;\">En realidad, los <a href=\"#\" onclick=\"referencia('neutrinos',event); return false;\">neutrinos<\/a> nos tienen mucho que decir, todav\u00eda y, no lo sabemos todo acerca de ellos, sino que, al contrario, son muchos los datos y fen\u00f3menos que est\u00e1n y subyacen en ellos de los que no tenemos ni la menor idea que existan o se puedan producir. Nuestra ignorancia es grande, y, sin embargo, no nos arredra hablar y hablar de cuestiones que, la mayor\u00eda de las veces&#8230;ni comprendemos.<\/p>\n<p style=\"text-align: justify;\">Aqu\u00ed lo dejar\u00e9 por hoy, el tema es largo y de una fascinaci\u00f3n que te puede llevar a lugares en los que no hab\u00edas pensado al comenzar a escribir, lugares maravillosos donde reinan objetos ex\u00f3ticos y de fascinante porte que, por su peque\u00f1ez, pueden vivir en &#8220;mundos&#8221; muy diferentes al nuestro en los que, ocurren cosas que, nos llevan hacia el asombro y tambi\u00e9n, a ese mundo m\u00e1gico de lo fascinante y maravilloso.<\/p>\n<p style=\"text-align: justify;\">emilio silvera<\/p>\n<div class='bookmark'>\r\n\t\t<table align='left' border='0' cellpadding='0' width='100%'>\r\n\t\t<tr><td><span class='pushbutton'><a href='http:\/\/delicious.com\/post?url=http%3A%2F%2Fwww.emiliosilveravazquez.com%2Fblog%2F2023%2F07%2F23%2Fla-perfeccion-imperfecta-5%2F&amp;title=La+perfecci%C3%B3n+imperfecta' title='Delicious' target='_blank' rel='nofollow'><img src='http:\/\/www.emiliosilveravazquez.com\/blog\/wp-content\/plugins\/knxdt-bookmarks-wordpress-plugin\/images\/delicious.png'  alt='' class='book_img' border='none' style='margin:1px; padding: 0;'  \/><\/a><\/span><span class='pushbutton'><a href='http:\/\/digg.com\/submit?url=http%3A%2F%2Fwww.emiliosilveravazquez.com%2Fblog%2F2023%2F07%2F23%2Fla-perfeccion-imperfecta-5%2F&amp;title=La+perfecci%C3%B3n+imperfecta' title='Digg' target='_blank' rel='nofollow'><img src='http:\/\/www.emiliosilveravazquez.com\/blog\/wp-content\/plugins\/knxdt-bookmarks-wordpress-plugin\/images\/digg.png'  alt='' class='book_img' border='none' style='margin:1px; padding: 0;'  \/><\/a><\/span><span class='pushbutton'><a href='http:\/\/www.google.com\/bookmarks\/mark?op=edit&amp;bkmk=http%3A%2F%2Fwww.emiliosilveravazquez.com%2Fblog%2F2023%2F07%2F23%2Fla-perfeccion-imperfecta-5%2F&amp;title=La+perfecci%C3%B3n+imperfecta' title='Google' target='_blank' rel='nofollow'><img src='http:\/\/www.emiliosilveravazquez.com\/blog\/wp-content\/plugins\/knxdt-bookmarks-wordpress-plugin\/images\/google.png'   alt='' class='book_img' border='none' style='margin:1px; padding: 0;'  \/><\/a><\/span><span class='pushbutton'><a href='http:\/\/myweb2.search.yahoo.com\/myresults\/bookmarklet?u=http%3A%2F%2Fwww.emiliosilveravazquez.com%2Fblog%2F2023%2F07%2F23%2Fla-perfeccion-imperfecta-5%2F&amp;t=La+perfecci%C3%B3n+imperfecta' title='Yahoo' target='_blank' rel='nofollow'><img src='http:\/\/www.emiliosilveravazquez.com\/blog\/wp-content\/plugins\/knxdt-bookmarks-wordpress-plugin\/images\/yahoo.png'  alt='' class='book_img' border='none' style='margin:1px; padding: 0;'  \/><\/a><\/span><span class='pushbutton'><a href='http:\/\/www.technorati.com\/faves?add=http%3A%2F%2Fwww.emiliosilveravazquez.com%2Fblog%2F2023%2F07%2F23%2Fla-perfeccion-imperfecta-5%2F' title='Technorati' target='_blank' rel='nofollow'><img src='http:\/\/www.emiliosilveravazquez.com\/blog\/wp-content\/plugins\/knxdt-bookmarks-wordpress-plugin\/images\/technorati.png'  alt='' class='book_img' border='none' style='margin:1px; padding: 0;'  \/><\/a><\/span><span class='pushbutton'><a href='http:\/\/meneame.net\/submit.php?url=http%3A%2F%2Fwww.emiliosilveravazquez.com%2Fblog%2F2023%2F07%2F23%2Fla-perfeccion-imperfecta-5%2F' title='Meneame' target='_blank' rel='nofollow'><img src='http:\/\/www.emiliosilveravazquez.com\/blog\/wp-content\/plugins\/knxdt-bookmarks-wordpress-plugin\/images\/meneame.png'  alt='' class='book_img' border='none' style='margin:1px; padding: 0;'  \/><\/a><\/span><span class='pushbutton'><a href='http:\/\/enchilame.com\/submit.php?url=http:\/\/www.emiliosilveravazquez.com\/blog\/2023\/07\/23\/la-perfeccion-imperfecta-5\/' target='_blank' rel='nofollow'><img title='Enchilame' src='http:\/\/www.emiliosilveravazquez.com\/blog\/wp-content\/plugins\/knxdt-bookmarks-wordpress-plugin\/images\/enchilame.png'  alt='' class='book_img' border='none' style='margin:1px; padding: 0;'  \/><\/a><\/span><span class='pushbutton'><a href='http:\/\/www.blinklist.com\/index.php?Action=Blink\/addblink.php&amp;Description=&amp;Url=http%3A%2F%2Fwww.emiliosilveravazquez.com%2Fblog%2F2023%2F07%2F23%2Fla-perfeccion-imperfecta-5%2F&amp;title=La+perfecci%C3%B3n+imperfecta' title='BlinkList' target='_blank' rel='nofollow'><img src='http:\/\/www.emiliosilveravazquez.com\/blog\/wp-content\/plugins\/knxdt-bookmarks-wordpress-plugin\/images\/blinklist.png'  alt='' class='book_img' border='none' style='margin:1px; padding: 0;'  \/><\/a><\/span><span class='pushbutton'><a href='http:\/\/reddit.com\/submit?url=http%3A%2F%2Fwww.emiliosilveravazquez.com%2Fblog%2F2023%2F07%2F23%2Fla-perfeccion-imperfecta-5%2F&amp;title=La+perfecci%C3%B3n+imperfecta' title='Reddit' target='_blank' rel='nofollow'><img src='http:\/\/www.emiliosilveravazquez.com\/blog\/wp-content\/plugins\/knxdt-bookmarks-wordpress-plugin\/images\/reddit.png'  alt='' class='book_img' border='none' style='margin:1px; padding: 0;'  \/><\/a><\/span><span class='pushbutton'><a href='http:\/\/www.tecnologiadiaria.com\/2009\/07\/abrir-com-hotmail-correo.html' target='_blank' title='hotmail'><img src='http:\/\/www.emiliosilveravazquez.com\/blog\/wp-content\/plugins\/knxdt-bookmarks-wordpress-plugin\/images\/linklove.png' alt='hotmail correo' class='book_img' border='none' style='margin:1px; padding: 0;' \/><\/a><\/span><span class='pushbutton'><a href='http:\/\/bitacoras.com\/votar\/anotacion\/externo\/mini\/www.emiliosilveravazquez.com\/blog\/2023\/07\/23\/la-perfeccion-imperfecta-5\/' title='Bitacoras.com' target='_blank' rel='nofollow'><img src='http:\/\/www.emiliosilveravazquez.com\/blog\/wp-content\/plugins\/knxdt-bookmarks-wordpress-plugin\/images\/bitacoras.png'  alt='' class='book_img' border='none' style='margin:1px; padding: 0;'  \/><\/a><\/span><span class='pushbutton'><a href='http:\/\/www.wikio.es\/vote?url=http%3A%2F%2Fwww.emiliosilveravazquez.com%2Fblog%2F2023%2F07%2F23%2Fla-perfeccion-imperfecta-5%2F' title='Wikio' target='_blank' rel='nofollow'><img src='http:\/\/www.emiliosilveravazquez.com\/blog\/wp-content\/plugins\/knxdt-bookmarks-wordpress-plugin\/images\/wikio.png'   alt='' class='book_img' border='none' style='margin:1px; padding: 0;'   \/><\/a><\/span><span class='pushbutton'><a href='http:\/\/friendfeed.com\/?url=http%3A%2F%2Fwww.emiliosilveravazquez.com%2Fblog%2F2023%2F07%2F23%2Fla-perfeccion-imperfecta-5%2F&amp;title=La+perfecci%C3%B3n+imperfecta' title='Friend Feed' target='_blank' rel='nofollow'><img src='http:\/\/www.emiliosilveravazquez.com\/blog\/wp-content\/plugins\/knxdt-bookmarks-wordpress-plugin\/images\/friendfeed.png'  alt='' class='book_img' border='none' style='margin:1px; padding: 0;'  \/><\/a><\/span><span class='pushbutton'><a href='http:\/\/www.facebook.com\/share.php?u=http%3A%2F%2Fwww.emiliosilveravazquez.com%2Fblog%2F2023%2F07%2F23%2Fla-perfeccion-imperfecta-5%2F&amp;t=La+perfecci%C3%B3n+imperfecta' title='Facebook' target='_blank' rel='nofollow'><img src='http:\/\/www.emiliosilveravazquez.com\/blog\/wp-content\/plugins\/knxdt-bookmarks-wordpress-plugin\/images\/facebook.png'  alt='' class='book_img' border='none' style='margin:1px; padding: 0;'  \/><\/a><\/span><span class='pushbutton'><a href='http:\/\/twitter.com\/home?status=La+perfecci%C3%B3n+imperfecta: http%3A%2F%2Fwww.emiliosilveravazquez.com%2Fblog%2F2023%2F07%2F23%2Fla-perfeccion-imperfecta-5%2F' title='Twitter' target='_blank' rel='nofollow'><img src='http:\/\/www.emiliosilveravazquez.com\/blog\/wp-content\/plugins\/knxdt-bookmarks-wordpress-plugin\/images\/twitter.png'  alt='' class='book_img' border='none' style='margin:1px; padding: 0;'  \/><\/a><\/span><span class='pushbutton'><a href='http:\/\/www.feedburner.com\/fb\/a\/emailFlare?itemTitle=La+perfecci%C3%B3n+imperfecta&amp;uri=http%3A%2F%2Fwww.emiliosilveravazquez.com%2Fblog%2F2023%2F07%2F23%2Fla-perfeccion-imperfecta-5%2F' title='Enviar por Email' target='_blank' rel='nofollow'><img src='http:\/\/www.emiliosilveravazquez.com\/blog\/wp-content\/plugins\/knxdt-bookmarks-wordpress-plugin\/images\/email.png'  alt='' class='book_img' border='none' style='margin:1px; padding: 0;'  \/><\/a><\/span><span style='font-weight:bold; padding-left: 5px;'><a href='http:\/\/wordpress.org\/extend\/plugins\/knxdt-bookmarks-wordpress-plugin\/' title='Plugin' rel='nofollow' target='_blank'>[?]<\/a><\/span><\/td><\/tr><\/table><br\/><br\/><\/div>","protected":false},"excerpt":{"rendered":"<p>&nbsp; Fermiones (Quarks y Leptones) que conforman la materia que interaccionan con con la mediaci\u00f3n de los Bosones transmisores de las cuatro fuerzas fundamentales Me refiero al Modelo est\u00e1ndar que algunos han llegado a creer que s\u00f3lo faltan algunos detalles t\u00e9cnicos y, con ellos, la f\u00edsica te\u00f3rica est\u00e1 acabada. Tenemos un modelo que engloba todo [&hellip;]<\/p>\n","protected":false},"author":2,"featured_media":0,"comment_status":"open","ping_status":"open","sticky":false,"template":"","format":"standard","meta":{"_s2mail":"","footnotes":""},"categories":[1],"tags":[],"_links":{"self":[{"href":"http:\/\/www.emiliosilveravazquez.com\/blog\/wp-json\/wp\/v2\/posts\/30742"}],"collection":[{"href":"http:\/\/www.emiliosilveravazquez.com\/blog\/wp-json\/wp\/v2\/posts"}],"about":[{"href":"http:\/\/www.emiliosilveravazquez.com\/blog\/wp-json\/wp\/v2\/types\/post"}],"author":[{"embeddable":true,"href":"http:\/\/www.emiliosilveravazquez.com\/blog\/wp-json\/wp\/v2\/users\/2"}],"replies":[{"embeddable":true,"href":"http:\/\/www.emiliosilveravazquez.com\/blog\/wp-json\/wp\/v2\/comments?post=30742"}],"version-history":[{"count":0,"href":"http:\/\/www.emiliosilveravazquez.com\/blog\/wp-json\/wp\/v2\/posts\/30742\/revisions"}],"wp:attachment":[{"href":"http:\/\/www.emiliosilveravazquez.com\/blog\/wp-json\/wp\/v2\/media?parent=30742"}],"wp:term":[{"taxonomy":"category","embeddable":true,"href":"http:\/\/www.emiliosilveravazquez.com\/blog\/wp-json\/wp\/v2\/categories?post=30742"},{"taxonomy":"post_tag","embeddable":true,"href":"http:\/\/www.emiliosilveravazquez.com\/blog\/wp-json\/wp\/v2\/tags?post=30742"}],"curies":[{"name":"wp","href":"https:\/\/api.w.org\/{rel}","templated":true}]}}