{"id":30701,"date":"2023-07-17T04:52:15","date_gmt":"2023-07-17T03:52:15","guid":{"rendered":"http:\/\/www.emiliosilveravazquez.com\/blog\/?p=30701"},"modified":"2023-07-17T04:52:15","modified_gmt":"2023-07-17T03:52:15","slug":"ahora-dicen-que-no-hay-expansion-del-universo","status":"publish","type":"post","link":"http:\/\/www.emiliosilveravazquez.com\/blog\/2023\/07\/17\/ahora-dicen-que-no-hay-expansion-del-universo\/","title":{"rendered":"Ahora dicen que no hay expansi\u00f3n del Universo"},"content":{"rendered":"<h1 class=\"entry-title\">\u00a0 La expansi\u00f3n del Universo podr\u00eda ser una ilusi\u00f3n<\/h1>\n<p>&nbsp;<\/p>\n<h1 class=\"entry-title\"><img decoding=\"async\" src=\"https:\/\/scitechdaily.com\/images\/Universe-Expansion-Concept.gif\" alt=\"NASA's Roman Mission Might Tell Us if the Universe Will Eventually Tear Itself Apart\" \/><\/h1>\n<h2 style=\"text-align: justify;\">Una nueva hip\u00f3tesis indica que la expansi\u00f3n del Universo ser\u00eda una ilusi\u00f3n y que, en realidad, se tratar\u00eda del algo plano y est\u00e1tico.<\/h2>\n<p style=\"text-align: justify;\">Desde 1912,\u00a0<strong>Vesto Slipher<\/strong>, un astr\u00f3nomo estadounidense, report\u00f3 un hallazgo que se convertir\u00eda en materia para una nueva teor\u00eda. Lo que el cient\u00edfico vio fue que varias\u00a0<strong>\u00abnebulosas\u00bb<\/strong>, estudiadas en esa \u00e9poca, mostraban evidencia de que sus espectros se desplazaban. Partiendo de eso, 12 a\u00f1os despu\u00e9s,\u00a0<strong>Edwin <a href=\"#\" onclick=\"referencia('hubble',event); return false;\">Hubble<\/a> y Milton Humason<\/strong>, dos reconocidos especialistas en la materia, llegaron a la conclusi\u00f3n de que esas entidades que describi\u00f3 Slipher eran en realidad<strong>\u00a0galaxias<\/strong>\u00a0y que, en efecto,\u00a0<strong>se estaban alejando<\/strong>\u00a0con una velocidad directamente proporcional a su distancia. De ah\u00ed surgi\u00f3 la idea de la\u00a0<strong>expansi\u00f3n del Universo<\/strong>, misma que, en 2023, est\u00e1 de nuevo en duda, pues, seg\u00fan un estudio reciente, esta podr\u00eda ser una\u00a0<strong>ilusi\u00f3n<\/strong>.<\/p>\n<p>&nbsp;<\/p>\n<p><img decoding=\"async\" loading=\"lazy\" class=\"\" src=\"https:\/\/www.ngenespanol.com\/wp-content\/uploads\/2023\/07\/la-expansion-del-universo-podria-ser-una-ilusion-segun-estudio-770x431.jpg\" alt=\"Expansi\u00f3n del Universo podr\u00eda ser una ilusi\u00f3n\" width=\"674\" height=\"377\" \/><\/p>\n<p style=\"text-align: justify;\">La publicaci\u00f3n referida fue hecha en\u00a0<strong><em><a href=\"https:\/\/iopscience.iop.org\/article\/10.1088\/1361-6382\/acdb41\" target=\"_blank\" rel=\"noopener\">Classical and Quantum Gravity<\/a><\/em><\/strong>, y tiene al f\u00edsico suizo de la\u00a0<strong>Universidad de Ginebra<\/strong>, Lucas Lombriser, como uno de sus principales responsables. El experto considera que, contrario a lo sostenido durante los \u00faltimos a\u00f1os,\u00a0<strong>el Universo es en realidad est\u00e1tico<\/strong>, volviendo con esto a lo que alguna vez\u00a0<strong>Albert <a href=\"#\" onclick=\"referencia('einstein',event); return false;\">Einstein<\/a> mencion\u00f3<\/strong>.<\/p>\n<p>&nbsp;<\/p>\n<p><img decoding=\"async\" loading=\"lazy\" class=\"\" src=\"https:\/\/www.ngenespanol.com\/wp-content\/uploads\/2023\/07\/la-expansion-del-universo-podria-ser-una-ilusion-segun-estudio-espacio.jpg\" alt=\"Expansi\u00f3n del Universo podr\u00eda ser una ilusi\u00f3n\" width=\"688\" height=\"385\" \/><\/p>\n<p><strong>Andreus\/Getty Images<\/strong><\/p>\n<p style=\"text-align: justify;\">Este\u00a0<strong>replanteamiento de la naturaleza del cosmos<\/strong>, adem\u00e1s, estar\u00eda brindando soluciones a los enigmas de la\u00a0<strong><a href=\"#\" onclick=\"referencia('materia oscura',event); return false;\">materia oscura<\/a><\/strong>, la cual, de acuerdo con los cient\u00edficos, conforma el\u00a0<strong>95%<\/strong>\u00a0de lo que existe en el Universo, junto a la energ\u00eda oscura.<\/p>\n<h3>Una nueva hip\u00f3tesis<\/h3>\n<p style=\"text-align: justify;\">Conforme a la informaci\u00f3n del medio especializado\u00a0<em><a href=\"https:\/\/www.livescience.com\/physics-mathematics\/dark-energy\/the-expansion-of-the-universe-could-be-a-mirage-new-theoretical-study-suggests\" target=\"_blank\" rel=\"noopener\">Live Science<\/a><\/em>, los cient\u00edficos descubrieron recientemente que\u00a0<strong>la expansi\u00f3n del Universo no es constante<\/strong>, sino que, de hecho, cada vez se va acelerando m\u00e1s. Sin embargo, esto no deja de hallarse como un\u00a0<strong>asunto controvertido<\/strong>\u00a0para los investigadores, ya que las predicciones te\u00f3ricas difieren mucho de las observaciones reales.<\/p>\n<p style=\"text-align: justify;\">Este\u00a0<strong>replanteamiento de la naturaleza del cosmos<\/strong>, adem\u00e1s, estar\u00eda brindando soluciones a los enigmas de la\u00a0<strong><a href=\"#\" onclick=\"referencia('materia oscura',event); return false;\">materia oscura<\/a><\/strong>, la cual, de acuerdo con los cient\u00edficos, conforma el\u00a0<strong>95%<\/strong>\u00a0de lo que existe en el Universo, junto a la energ\u00eda oscura.<\/p>\n<h3>Una nueva hip\u00f3tesis<\/h3>\n<p style=\"text-align: justify;\">Conforme a la informaci\u00f3n del medio especializado\u00a0<em><a href=\"https:\/\/www.livescience.com\/physics-mathematics\/dark-energy\/the-expansion-of-the-universe-could-be-a-mirage-new-theoretical-study-suggests\" target=\"_blank\" rel=\"noopener\">Live Science<\/a><\/em>, los cient\u00edficos descubrieron recientemente que\u00a0<strong>la expansi\u00f3n del Universo no es constante<\/strong>, sino que, de hecho, cada vez se va acelerando m\u00e1s. Sin embargo, esto no deja de hallarse como un\u00a0<strong>asunto controvertido<\/strong>\u00a0para los investigadores, ya que las predicciones te\u00f3ricas difieren mucho de las observaciones reales.<\/p>\n<p><em>Te puede interesar:\u00a0<a href=\"https:\/\/www.ngenespanol.com\/el-espacio\/por-que-el-universo-se-expande-esta-en-expansion\/\" target=\"_blank\" rel=\"noopener\">Por qu\u00e9 el Universo se expande<\/a><\/em><\/p>\n<p style=\"text-align: justify;\">Ante la pol\u00e9mica,\u00a0<strong>Lucas Lombriser<\/strong>\u00a0ve necesario dejar de creer en la existencia de nuevas part\u00edculas o fuerzas f\u00edsicas para justificar el fen\u00f3meno. \u00c9l ha decidido adoptar\u00a0<strong>una visi\u00f3n, basada en una interpretaci\u00f3n matem\u00e1tica<\/strong>. Seg\u00fan esta hip\u00f3tesis,\u00a0<strong>el Universo no est\u00e1 en expansi\u00f3n<\/strong>, sino que es plano y est\u00e1tico, tal y como lo cre\u00eda\u00a0<strong><a href=\"#\" onclick=\"referencia('einstein',event); return false;\">Einstein<\/a><\/strong>. De ser as\u00ed, el cient\u00edfico apunta que los efectos que han sido observados, y que se han le\u00eddo como la expansi\u00f3n del cosmos, son realmente la\u00a0<strong>evoluci\u00f3n de las masas de las part\u00edculas<\/strong>, como <a href=\"#\" onclick=\"referencia('proton',event); return false;\">protones<\/a> y <a href=\"#\" onclick=\"referencia('electron',event); return false;\">electrones<\/a>.<\/p>\n<h3>La expansi\u00f3n del Universo es una ilusi\u00f3n<\/h3>\n<p style=\"text-align: justify;\">Lo anterior ha llevado a poner a la\u00a0<strong>expansi\u00f3n del Universo<\/strong>\u00a0en la categor\u00eda de\u00a0<strong>ilusi\u00f3n<\/strong>. La\u00a0<strong>constante cosmol\u00f3gica<\/strong>\u00a0sigue variando, pero ello podr\u00eda deberse, conforme al nuevo modelo, al mencionado\u00a0<strong>cambio de masa de las part\u00edculas<\/strong>\u00a0a lo largo del tiempo. Y es que las fluctuaciones de campo que los cient\u00edficos han observado por a\u00f1os podr\u00edan ser las responsables de los presuntos desplazamientos de las galaxias.<\/p>\n<p><em>Te puede interesar:\u00a0<a class=\"Link\" href=\"https:\/\/www.esquirelat.com\/entretenimiento\/asi-podria-ser-el-fin-de-la-tierra\" target=\"_blank\" rel=\"noopener\" data-cms-ai=\"0\">As\u00ed podr\u00eda ser el dram\u00e1tico fin de la Tierra (y, de paso, del sistema solar)<\/a><\/em><\/p>\n<blockquote>\n<p style=\"text-align: justify;\">\u201cME SORPRENDI\u00d3 QUE\u00a0<strong>EL PROBLEMA<\/strong>\u00a0DE LA CONSTANTE COSMOL\u00d3GICA <a href=\"#\" onclick=\"referencia('unidades del si',event); return false;\">SI<\/a>MPLEMENTE\u00a0<strong>PARECE DESAPARECER EN ESTA NUEVA PERSPECTIVA DEL COSMOS<\/strong>\u201d, DIJO LOMBRISER EN ENTREVISTA PARA\u00a0<em><a href=\"https:\/\/www.livescience.com\/physics-mathematics\/dark-energy\/the-expansion-of-the-universe-could-be-a-mirage-new-theoretical-study-suggests\" target=\"_blank\" rel=\"noopener\">LIVE SCIENCE<\/a>.<\/em><\/p>\n<\/blockquote>\n<p style=\"text-align: justify;\">En cuanto a lo tocante al asunto de la\u00a0<strong><a href=\"#\" onclick=\"referencia('materia oscura',event); return false;\">materia oscura<\/a><\/strong>, el estudio sugiere que este material estar\u00eda comport\u00e1ndose como un c<strong>ampo axi\u00f3n<\/strong>. Ello no ser\u00eda algo del todo nuevo, debido a que este tipo de\u00a0<strong>part\u00edcula hipot\u00e9tica<\/strong>\u00a0ha estado en la mira de la explicaci\u00f3n del misterio.<\/p>\n<blockquote class=\"wp-embedded-content\" data-secret=\"hSG3zsij7W\"><p><a href=\"https:\/\/www.ngenespanol.com\/ecologia\/adios-al-azul-del-mar-el-cambio-climatico-esta-cambiando-el-color-de-los-oceanos\/\">Adi\u00f3s al azul del mar: El cambio clim\u00e1tico est\u00e1 cambiando el color de los oc\u00e9anos<\/a><\/p><\/blockquote>\n<p><iframe class=\"wp-embedded-content\" sandbox=\"allow-scripts\" security=\"restricted\" style=\"position: absolute; clip: rect(1px, 1px, 1px, 1px);\" title=\"\u00abAdi\u00f3s al azul del mar: El cambio clim\u00e1tico est\u00e1 cambiando el color de los oc\u00e9anos\u00bb \u2014 National Geographic en Espa\u00f1ol\" src=\"https:\/\/www.ngenespanol.com\/ecologia\/adios-al-azul-del-mar-el-cambio-climatico-esta-cambiando-el-color-de-los-oceanos\/embed\/#?secret=hSG3zsij7W\" data-secret=\"hSG3zsij7W\" width=\"600\" height=\"338\" frameborder=\"0\" marginwidth=\"0\" marginheight=\"0\" scrolling=\"no\"><\/iframe><\/p>\n<blockquote>\n<p style=\"text-align: justify;\">Buscando por ah\u00ed cuestiones interesantes, uno se encuentra cosas como esta, y, no sabe lo que pensar de algunos &#8220;cient\u00edficos&#8221; que m\u00e1s parecen charlatanes con la bola de cristal, hablan de lo que no conocen, y, lo peor del caso es que lo dicen convencido de que es una verdad irrebatible.<\/p>\n<p><strong>Si quieren diez minutos de gloria&#8230; \u00a1Ese no es el camino!<\/strong><\/p><\/blockquote>\n<div class='bookmark'>\r\n\t\t<table align='left' border='0' cellpadding='0' width='100%'>\r\n\t\t<tr><td><span class='pushbutton'><a href='http:\/\/delicious.com\/post?url=http%3A%2F%2Fwww.emiliosilveravazquez.com%2Fblog%2F2023%2F07%2F17%2Fahora-dicen-que-no-hay-expansion-del-universo%2F&amp;title=Ahora+dicen+que+no+hay+expansi%C3%B3n+del+Universo' title='Delicious' target='_blank' rel='nofollow'><img src='http:\/\/www.emiliosilveravazquez.com\/blog\/wp-content\/plugins\/knxdt-bookmarks-wordpress-plugin\/images\/delicious.png'  alt='' class='book_img' border='none' style='margin:1px; padding: 0;'  \/><\/a><\/span><span class='pushbutton'><a href='http:\/\/digg.com\/submit?url=http%3A%2F%2Fwww.emiliosilveravazquez.com%2Fblog%2F2023%2F07%2F17%2Fahora-dicen-que-no-hay-expansion-del-universo%2F&amp;title=Ahora+dicen+que+no+hay+expansi%C3%B3n+del+Universo' title='Digg' target='_blank' rel='nofollow'><img src='http:\/\/www.emiliosilveravazquez.com\/blog\/wp-content\/plugins\/knxdt-bookmarks-wordpress-plugin\/images\/digg.png'  alt='' class='book_img' border='none' style='margin:1px; padding: 0;'  \/><\/a><\/span><span class='pushbutton'><a href='http:\/\/www.google.com\/bookmarks\/mark?op=edit&amp;bkmk=http%3A%2F%2Fwww.emiliosilveravazquez.com%2Fblog%2F2023%2F07%2F17%2Fahora-dicen-que-no-hay-expansion-del-universo%2F&amp;title=Ahora+dicen+que+no+hay+expansi%C3%B3n+del+Universo' title='Google' target='_blank' rel='nofollow'><img src='http:\/\/www.emiliosilveravazquez.com\/blog\/wp-content\/plugins\/knxdt-bookmarks-wordpress-plugin\/images\/google.png'   alt='' class='book_img' border='none' style='margin:1px; padding: 0;'  \/><\/a><\/span><span class='pushbutton'><a href='http:\/\/myweb2.search.yahoo.com\/myresults\/bookmarklet?u=http%3A%2F%2Fwww.emiliosilveravazquez.com%2Fblog%2F2023%2F07%2F17%2Fahora-dicen-que-no-hay-expansion-del-universo%2F&amp;t=Ahora+dicen+que+no+hay+expansi%C3%B3n+del+Universo' title='Yahoo' target='_blank' rel='nofollow'><img src='http:\/\/www.emiliosilveravazquez.com\/blog\/wp-content\/plugins\/knxdt-bookmarks-wordpress-plugin\/images\/yahoo.png'  alt='' class='book_img' border='none' style='margin:1px; padding: 0;'  \/><\/a><\/span><span class='pushbutton'><a href='http:\/\/www.technorati.com\/faves?add=http%3A%2F%2Fwww.emiliosilveravazquez.com%2Fblog%2F2023%2F07%2F17%2Fahora-dicen-que-no-hay-expansion-del-universo%2F' title='Technorati' target='_blank' rel='nofollow'><img src='http:\/\/www.emiliosilveravazquez.com\/blog\/wp-content\/plugins\/knxdt-bookmarks-wordpress-plugin\/images\/technorati.png'  alt='' class='book_img' border='none' style='margin:1px; padding: 0;'  \/><\/a><\/span><span class='pushbutton'><a href='http:\/\/meneame.net\/submit.php?url=http%3A%2F%2Fwww.emiliosilveravazquez.com%2Fblog%2F2023%2F07%2F17%2Fahora-dicen-que-no-hay-expansion-del-universo%2F' title='Meneame' target='_blank' rel='nofollow'><img src='http:\/\/www.emiliosilveravazquez.com\/blog\/wp-content\/plugins\/knxdt-bookmarks-wordpress-plugin\/images\/meneame.png'  alt='' class='book_img' border='none' style='margin:1px; padding: 0;'  \/><\/a><\/span><span class='pushbutton'><a href='http:\/\/enchilame.com\/submit.php?url=http:\/\/www.emiliosilveravazquez.com\/blog\/2023\/07\/17\/ahora-dicen-que-no-hay-expansion-del-universo\/' target='_blank' rel='nofollow'><img title='Enchilame' src='http:\/\/www.emiliosilveravazquez.com\/blog\/wp-content\/plugins\/knxdt-bookmarks-wordpress-plugin\/images\/enchilame.png'  alt='' class='book_img' border='none' style='margin:1px; padding: 0;'  \/><\/a><\/span><span class='pushbutton'><a href='http:\/\/www.blinklist.com\/index.php?Action=Blink\/addblink.php&amp;Description=&amp;Url=http%3A%2F%2Fwww.emiliosilveravazquez.com%2Fblog%2F2023%2F07%2F17%2Fahora-dicen-que-no-hay-expansion-del-universo%2F&amp;title=Ahora+dicen+que+no+hay+expansi%C3%B3n+del+Universo' title='BlinkList' target='_blank' rel='nofollow'><img src='http:\/\/www.emiliosilveravazquez.com\/blog\/wp-content\/plugins\/knxdt-bookmarks-wordpress-plugin\/images\/blinklist.png'  alt='' class='book_img' border='none' style='margin:1px; padding: 0;'  \/><\/a><\/span><span class='pushbutton'><a href='http:\/\/reddit.com\/submit?url=http%3A%2F%2Fwww.emiliosilveravazquez.com%2Fblog%2F2023%2F07%2F17%2Fahora-dicen-que-no-hay-expansion-del-universo%2F&amp;title=Ahora+dicen+que+no+hay+expansi%C3%B3n+del+Universo' title='Reddit' target='_blank' rel='nofollow'><img src='http:\/\/www.emiliosilveravazquez.com\/blog\/wp-content\/plugins\/knxdt-bookmarks-wordpress-plugin\/images\/reddit.png'  alt='' class='book_img' border='none' style='margin:1px; padding: 0;'  \/><\/a><\/span><span class='pushbutton'><a href='http:\/\/www.tecnologiadiaria.com\/2009\/07\/abrir-com-hotmail-correo.html' target='_blank' title='hotmail'><img src='http:\/\/www.emiliosilveravazquez.com\/blog\/wp-content\/plugins\/knxdt-bookmarks-wordpress-plugin\/images\/linklove.png' alt='hotmail correo' class='book_img' border='none' style='margin:1px; padding: 0;' \/><\/a><\/span><span class='pushbutton'><a href='http:\/\/bitacoras.com\/votar\/anotacion\/externo\/mini\/www.emiliosilveravazquez.com\/blog\/2023\/07\/17\/ahora-dicen-que-no-hay-expansion-del-universo\/' title='Bitacoras.com' target='_blank' rel='nofollow'><img src='http:\/\/www.emiliosilveravazquez.com\/blog\/wp-content\/plugins\/knxdt-bookmarks-wordpress-plugin\/images\/bitacoras.png'  alt='' class='book_img' border='none' style='margin:1px; padding: 0;'  \/><\/a><\/span><span class='pushbutton'><a href='http:\/\/www.wikio.es\/vote?url=http%3A%2F%2Fwww.emiliosilveravazquez.com%2Fblog%2F2023%2F07%2F17%2Fahora-dicen-que-no-hay-expansion-del-universo%2F' title='Wikio' target='_blank' rel='nofollow'><img src='http:\/\/www.emiliosilveravazquez.com\/blog\/wp-content\/plugins\/knxdt-bookmarks-wordpress-plugin\/images\/wikio.png'   alt='' class='book_img' border='none' style='margin:1px; padding: 0;'   \/><\/a><\/span><span class='pushbutton'><a href='http:\/\/friendfeed.com\/?url=http%3A%2F%2Fwww.emiliosilveravazquez.com%2Fblog%2F2023%2F07%2F17%2Fahora-dicen-que-no-hay-expansion-del-universo%2F&amp;title=Ahora+dicen+que+no+hay+expansi%C3%B3n+del+Universo' title='Friend Feed' target='_blank' rel='nofollow'><img src='http:\/\/www.emiliosilveravazquez.com\/blog\/wp-content\/plugins\/knxdt-bookmarks-wordpress-plugin\/images\/friendfeed.png'  alt='' class='book_img' border='none' style='margin:1px; padding: 0;'  \/><\/a><\/span><span class='pushbutton'><a href='http:\/\/www.facebook.com\/share.php?u=http%3A%2F%2Fwww.emiliosilveravazquez.com%2Fblog%2F2023%2F07%2F17%2Fahora-dicen-que-no-hay-expansion-del-universo%2F&amp;t=Ahora+dicen+que+no+hay+expansi%C3%B3n+del+Universo' title='Facebook' target='_blank' rel='nofollow'><img src='http:\/\/www.emiliosilveravazquez.com\/blog\/wp-content\/plugins\/knxdt-bookmarks-wordpress-plugin\/images\/facebook.png'  alt='' class='book_img' border='none' style='margin:1px; padding: 0;'  \/><\/a><\/span><span class='pushbutton'><a href='http:\/\/twitter.com\/home?status=Ahora+dicen+que+no+hay+expansi%C3%B3n+del+Universo: http%3A%2F%2Fwww.emiliosilveravazquez.com%2Fblog%2F2023%2F07%2F17%2Fahora-dicen-que-no-hay-expansion-del-universo%2F' title='Twitter' target='_blank' rel='nofollow'><img src='http:\/\/www.emiliosilveravazquez.com\/blog\/wp-content\/plugins\/knxdt-bookmarks-wordpress-plugin\/images\/twitter.png'  alt='' class='book_img' border='none' style='margin:1px; padding: 0;'  \/><\/a><\/span><span class='pushbutton'><a href='http:\/\/www.feedburner.com\/fb\/a\/emailFlare?itemTitle=Ahora+dicen+que+no+hay+expansi%C3%B3n+del+Universo&amp;uri=http%3A%2F%2Fwww.emiliosilveravazquez.com%2Fblog%2F2023%2F07%2F17%2Fahora-dicen-que-no-hay-expansion-del-universo%2F' title='Enviar por Email' target='_blank' rel='nofollow'><img src='http:\/\/www.emiliosilveravazquez.com\/blog\/wp-content\/plugins\/knxdt-bookmarks-wordpress-plugin\/images\/email.png'  alt='' class='book_img' border='none' style='margin:1px; padding: 0;'  \/><\/a><\/span><span style='font-weight:bold; padding-left: 5px;'><a href='http:\/\/wordpress.org\/extend\/plugins\/knxdt-bookmarks-wordpress-plugin\/' title='Plugin' rel='nofollow' target='_blank'>[?]<\/a><\/span><\/td><\/tr><\/table><br\/><br\/><\/div>","protected":false},"excerpt":{"rendered":"<p>\u00a0 La expansi\u00f3n del Universo podr\u00eda ser una ilusi\u00f3n &nbsp; Una nueva hip\u00f3tesis indica que la expansi\u00f3n del Universo ser\u00eda una ilusi\u00f3n y que, en realidad, se tratar\u00eda del algo plano y est\u00e1tico. Desde 1912,\u00a0Vesto Slipher, un astr\u00f3nomo estadounidense, report\u00f3 un hallazgo que se convertir\u00eda en materia para una nueva teor\u00eda. Lo que el cient\u00edfico [&hellip;]<\/p>\n","protected":false},"author":2,"featured_media":0,"comment_status":"open","ping_status":"open","sticky":false,"template":"","format":"standard","meta":{"_s2mail":"","footnotes":""},"categories":[1],"tags":[],"_links":{"self":[{"href":"http:\/\/www.emiliosilveravazquez.com\/blog\/wp-json\/wp\/v2\/posts\/30701"}],"collection":[{"href":"http:\/\/www.emiliosilveravazquez.com\/blog\/wp-json\/wp\/v2\/posts"}],"about":[{"href":"http:\/\/www.emiliosilveravazquez.com\/blog\/wp-json\/wp\/v2\/types\/post"}],"author":[{"embeddable":true,"href":"http:\/\/www.emiliosilveravazquez.com\/blog\/wp-json\/wp\/v2\/users\/2"}],"replies":[{"embeddable":true,"href":"http:\/\/www.emiliosilveravazquez.com\/blog\/wp-json\/wp\/v2\/comments?post=30701"}],"version-history":[{"count":0,"href":"http:\/\/www.emiliosilveravazquez.com\/blog\/wp-json\/wp\/v2\/posts\/30701\/revisions"}],"wp:attachment":[{"href":"http:\/\/www.emiliosilveravazquez.com\/blog\/wp-json\/wp\/v2\/media?parent=30701"}],"wp:term":[{"taxonomy":"category","embeddable":true,"href":"http:\/\/www.emiliosilveravazquez.com\/blog\/wp-json\/wp\/v2\/categories?post=30701"},{"taxonomy":"post_tag","embeddable":true,"href":"http:\/\/www.emiliosilveravazquez.com\/blog\/wp-json\/wp\/v2\/tags?post=30701"}],"curies":[{"name":"wp","href":"https:\/\/api.w.org\/{rel}","templated":true}]}}