{"id":30677,"date":"2023-07-13T06:32:13","date_gmt":"2023-07-13T05:32:13","guid":{"rendered":"http:\/\/www.emiliosilveravazquez.com\/blog\/?p=30677"},"modified":"2023-07-13T06:32:13","modified_gmt":"2023-07-13T05:32:13","slug":"cambio-climatico","status":"publish","type":"post","link":"http:\/\/www.emiliosilveravazquez.com\/blog\/2023\/07\/13\/cambio-climatico\/","title":{"rendered":"\u00bfCambio Clim\u00e1tico?"},"content":{"rendered":"<p>Reportaje de L<strong>IBERTAD DIGITAL<\/strong><\/p>\n<div style=\"text-align: justify;\"><img decoding=\"async\" src=\"http:\/\/counters.libertaddigital.com\/img\/none.png?cpn=80648&amp;type=o&amp;section=CIE_D\" alt=\"\" \/><\/div>\n<div style=\"text-align: justify;\">\n<div>\n<figure><img decoding=\"async\" src=\"http:\/\/s.libertaddigital.com\/autores\/160\/0\/miguel-del-pino.png\" alt=\"\" data-sizes=\"auto\" data-srcset=\"http:\/\/s.libertaddigital.com\/autores\/282\/0\/miguel-del-pino.png 282w, http:\/\/s.libertaddigital.com\/autores\/160\/0\/miguel-del-pino.png 160w\" \/><\/figure>\n<p><a href=\"http:\/\/www.libertaddigital.com\/opinion\/miguel-del-pino\/\" rel=\"author\">Miguel del Pino<\/a><\/p>\n<h1>Los tramposos del carbono: un poco de ciencia contra los excesos demag\u00f3gicos<\/h1>\n<\/div>\n<div>\n<div>\n<h2>La contaminaci\u00f3n atmosf\u00e9rica se ha disparado durante los \u00faltimos dos siglos, como consecuencia, posiblemente inevitable, del desarrollo industrial.<\/h2>\n<p>&nbsp;<\/p>\n<\/div>\n<\/div>\n<div data-sticky=\"parent\">\n<div>\n<figure><img decoding=\"async\" src=\"http:\/\/s.libertaddigital.com\/2016\/11\/20\/320\/0\/tierra-hoja_alamy.jpg\" alt=\"\" data-sizes=\"auto\" data-srcset=\"http:\/\/s.libertaddigital.com\/2016\/11\/20\/954\/0\/tierra-hoja_alamy.jpg 954w, http:\/\/s.libertaddigital.com\/2016\/11\/20\/650\/0\/tierra-hoja_alamy.jpg 650w, http:\/\/s.libertaddigital.com\/2016\/11\/20\/480\/0\/tierra-hoja_alamy.jpg 480w, http:\/\/s.libertaddigital.com\/2016\/11\/20\/320\/0\/tierra-hoja_alamy.jpg 320w\" \/><\/figure>\n<p>&nbsp;<\/p>\n<\/div>\n<div>\n<p>En algo tan sencillo como el ciclo del elemento qu\u00edmico Carbono, se encuentran las claves para comprender el complejo fen\u00f3meno del efecto invernadero y de lo que, de forma m\u00e1s o menos afortunada, haya dado en llamarse <strong>&#8220;cambio clim\u00e1tico&#8221;.<\/strong><\/p>\n<p>El final de la reciente Cumbre de Marrakech, en continuaci\u00f3n y refrendo de la del pasado a\u00f1o en Par\u00eda, vuelve a poner de actualidad este tema, que poco a poco se va alejando de los iniciales planteamientos demag\u00f3gicos del gran consumidor energ\u00e9tico Al Gore, para apoyarse cada vez m\u00e1s en la Ciencia.<\/p>\n<p>Me hab\u00eda propuesto redactar estas l\u00edneas si recurrir al manido &#8220;CAMBIO CLIM\u00c1TICO&#8221;, pero acabo ya de hacerlo un par de veces. A partir de ahora, con su permiso, s\u00f3lo hablaremos de <strong>contaminaci\u00f3n.<\/strong><\/p>\n<\/div>\n<\/div>\n<\/div>\n<p>&nbsp;<\/p>\n<p><img decoding=\"async\" src=\"https:\/\/wellwo.es\/wp-content\/uploads\/2019\/10\/contaminacion-atmosferica.jpg\" alt=\"Contaminaci\u00f3n atmosf\u00e9rica: Causas y consecuencias | WellWo\" \/><\/p>\n<p>&nbsp;<\/p>\n<div style=\"text-align: justify;\">\n<div data-sticky=\"parent\">\n<p>Es evidente que la <strong>contaminaci\u00f3n atmosf\u00e9rica<\/strong> se ha disparado durante los \u00faltimos dos siglos, como consecuencia, posiblemente inevitable, del desarrollo industrial. La necesidad de consumir menos energ\u00eda y de hacerlo contaminando lo menos posible es algo tan l\u00f3gico que no dar\u00eda lugar a discusi\u00f3n, pero la forma en que este problema se ha trasladado a la opini\u00f3n p\u00fablica ha sido muy desafortunada y ha dado lugar a la pol\u00e9mica.<\/p>\n<p>Recordemos la campa\u00f1a del supuesto ap\u00f3stol clim\u00e1tico Al Gore, nada menos que Vicepresidente de los Estados Unidos en los a\u00f1os en que naci\u00f3 la cuesti\u00f3n, as\u00ed como su tremendo libro <em>Una verdad inc\u00f3moda<\/em>, y sus viajes por medio mundo vendiendo sus catastrofistas teor\u00edas.<\/p>\n<p>&nbsp;<\/p>\n<p><img decoding=\"async\" loading=\"lazy\" class=\"\" src=\"https:\/\/encrypted-tbn0.gstatic.com\/images?q=tbn:ANd9GcSt3QgnMX8DolB1KZwomKiqjiv8tGXz9OoNgTJBBDY8MkIOAjP63g\" alt=\"Resultado de imagen de Los excesos demag\u00f3gicos de Al Gore\" width=\"413\" height=\"260\" name=\"LgLgS4iVlNXTCM:\" data-src=\"https:\/\/encrypted-tbn0.gstatic.com\/images?q=tbn:ANd9GcSt3QgnMX8DolB1KZwomKiqjiv8tGXz9OoNgTJBBDY8MkIOAjP63g\" data-sz=\"f\" \/><\/p>\n<p><strong>\u00a0 \u00a0 \u00a0 \u00a0 \u00a0 \u00a0 \u00a0 \u00a0 \u00a0 \u00a0 \u00a0 \u00a0 \u00a0 \u00a0 \u00a0 \u00a0Cara dura que se hace rico con sus charlas del miedo a la poblaci\u00f3n<\/strong><\/p>\n<p>Los<strong> excesos demag\u00f3gicos de Gore<\/strong>, asumidos de manera fan\u00e1tica por las izquierdas y por infinidad de neutrales bien intencionados, fueron una de las causas del &#8220;efecto rebote&#8221; sufrido por muchos ciudadanos, entre los que se encontraban numerosos cient\u00edficos que no se abrigaban bajo el paraguas <strong>subvencionador<\/strong> y <strong>proteccionista<\/strong>.<\/p>\n<p>Si en lugar de basar toda campa\u00f1a de descontaminaci\u00f3n en los efectos sobre el clima de los gases de efecto invernadero se hubiera hablado tambi\u00e9n de los peligros para la salud de los ciudadanos, seguramente los efectos habr\u00edan sido mucho m\u00e1s r\u00e1pidos y beneficiosos.<\/p>\n<p>Hay <strong>casos terror\u00edficos,<\/strong> como el de la mortalidad masiva de p\u00e1jaros que ca\u00edan de los \u00e1rboles fulminados en M\u00e9xico Distrito Federal el d\u00eda que se super\u00f3 el nivel cr\u00edtico de contaminaci\u00f3n del aire, que han quedado en un segundo plano ante la obsesi\u00f3n clim\u00e1tica de los divulgadores: los mismos que en la d\u00e9cada de los noventa pronosticaban el acercamiento de nuestro planeta a una temible era glaciar.<\/p>\n<p>&nbsp;<\/p>\n<p><img decoding=\"async\" src=\"https:\/\/cdn0.ecologiaverde.com\/es\/posts\/9\/9\/9\/el_ciclo_del_carbono_que_es_como_funciona_y_su_importancia_2999_orig.jpg\" alt=\"El CICLO del CARBONO: qu\u00e9 es, c\u00f3mo funciona y su importancia - RESUMEN y ESQUEMAS\" \/><\/p>\n<p>&nbsp;<\/p>\n<p>Abandonemos unas pol\u00e9micas que empiezan a fatigar a los ciudadanos para tratar de acercarnos a las bases elementales del<strong> ciclo del carbono en la Tierra<\/strong>. Decimos ciclo, una vez que la ecolog\u00eda nos ense\u00f1a que la energ\u00eda fluye en el ecosistema Tierra sin recuperarse de un nivel alimentario a otro, es decir, gast\u00e1ndose en cada paso; por el contrario, los elementos, como el carbono, describen ciclos, sin consumirse y volviendo al punto original.<\/p>\n<p>La fuente primaria del carbono en nuestro planeta se encuentra en el di\u00f3xido de carbono que los volcanes mandaron a la atm\u00f3sfera en los tiempos primarios de solidificaci\u00f3n y desgasificaci\u00f3n del interior. All\u00ed se encuentra la reserva.<\/p>\n<p>&nbsp;<\/p>\n<p><img decoding=\"async\" src=\"https:\/\/encrypted-tbn3.gstatic.com\/images?q=tbn:ANd9GcTQbgQDAzl0g4hZvr6g3qTSDQKxTsqUV0c8OXwxA_kGG-FDZf9NLA\" alt=\"Resultado de imagen de fotos\u00edntesis dibujo\" name=\"DmS3hzg9p70nYM:\" data-src=\"https:\/\/encrypted-tbn3.gstatic.com\/images?q=tbn:ANd9GcTQbgQDAzl0g4hZvr6g3qTSDQKxTsqUV0c8OXwxA_kGG-FDZf9NLA\" data-sz=\"f\" \/><img decoding=\"async\" loading=\"lazy\" class=\"\" src=\"https:\/\/es-static.z-dn.net\/files\/d3c\/886313cabd519c0cb5267a315084a383.jpg\" alt=\"porque el di\u00f3xido de carbono es necesario para la fotos\u00edntesis? \u200b - Brainly.lat\" width=\"405\" height=\"273\" \/><\/p>\n<p>&nbsp;<\/p>\n<p>El carbono contenido en este gas atmosf\u00e9rico se incorpora a la vida en el maravilloso proceso de la <strong>fotos\u00edntesis<\/strong>. Las plantas verdes incorporan esta mol\u00e9cula de manera directa y fijan as\u00ed el elemento haci\u00e9ndolo pasar del mundo inorg\u00e1nico al vegetal. Recuerdo al Profesor Bustinza, gloria de la Ciencia espa\u00f1ola y amigo y colaborador de Alexander Fleming, quien se emocionaba cada vez que nos explicaba este tema a sus alumnos, diciendo textualmente que &#8220;las plantas verdes transforman las piedras en pan&#8221;.<\/p>\n<p>Y en efecto el carbono pasa de las plantas a los animales en forma de los diversos alimentos, llegando as\u00ed el carbono por v\u00eda alimentaria a lo m\u00e1s alto de la cadena tr\u00f3fica. Pero no se trata de un regalo de la atm\u00f3sfera, sino de un simple pr\u00e9stamo.<\/p>\n<\/div>\n<\/div>\n<p>&nbsp;<\/p>\n<div style=\"text-align: justify;\">\n<div data-sticky=\"parent\">\n<p>\u00a0 \u00a0 \u00a0 \u00a0 \u00a0 \u00a0 \u00a0 \u00a0 \u00a0 \u00a0 \u00a0 \u00a0 \u00a0 \u00a0 \u00a0 \u00a0<img decoding=\"async\" loading=\"lazy\" class=\"\" style=\"text-align: start;\" src=\"http:\/\/image.slidesharecdn.com\/sem5cap8energia-110221065708-phpapp01\/95\/presentacin-del-captulo-8-13-728.jpg?cb=1298271453\" alt=\"Resultado de imagen de la respiraci\u00f3n y la descomposici\u00f3n\" width=\"507\" height=\"380\" \/><\/p>\n<p>&nbsp;<\/p>\n<p>Porque el carbono, siguiendo las reglas del ciclo de los elementos, debe volver de los seres vivos a la fuente atmosf\u00e9rica original. Lo hacemos tanto las plantas como los animales, por medio de dos procesos complementarios: <strong>la respiraci\u00f3n y la descomposici\u00f3n.<\/strong><\/p>\n<p>Cada vez que los animales respiramos, o que las plantas en determinadas condiciones abren sus estomas, vamos devolviendo el carb\u00f3nico a la atm\u00f3sfera; al morir unos y otros, los cad\u00e1veres por medio de la descomposici\u00f3n microbiana terminan de devolver el pr\u00e9stamo, claro que siempre hay tramposos, y algunos seres vivos escaparon a esta regla en ciertas etapas de la Historia de la Tierra.<\/p>\n<p>Los <strong>&#8220;TRAMPOSOS DEL CARBONO&#8221;<\/strong> fueron los organismos, vegetales y animales, que al morir quedaron sepultados en trampas diversas, de agua salobre, de lodo o de sedimentos empapados, que no permitieron su descomposici\u00f3n, y que, en condiciones anaerobias, dieron lugar a los combustibles f\u00f3siles.<\/p>\n<p>&nbsp;<\/p>\n<p><img decoding=\"async\" loading=\"lazy\" class=\"\" src=\"http:\/\/4.bp.blogspot.com\/-WZ4XmlP6GLM\/U2gUAyXRJ5I\/AAAAAAAAAEo\/QrRAyenTrbg\/s1600\/descarga.jpg\" alt=\"Resultado de imagen de formaci\u00f3n de combustibles f\u00f3siles\" width=\"438\" height=\"438\" \/><\/p>\n<p>&nbsp;<\/p>\n<p>En niveles profundos del planeta, el carbono contribuye a la formaci\u00f3n de combustibles f\u00f3siles, como el petr\u00f3leo.<\/p>\n<p>En ciertas \u00e9pocas, como el Periodo Carbon\u00edfero de la Era Primaria, fueron los bosques de gigantescos helechos quienes al quedar enterrados formaron los dep\u00f3sitos de carb\u00f3n; en otros momentos fue el plancton marino atrapado en trampas sedimentarias costeras quien origin\u00f3 los barros llamados <strong>&#8220;sapropeles&#8221;, base de la formaci\u00f3n del petr\u00f3leo.<\/strong><\/p>\n<p>Tuvieron que pasar muchos millones de a\u00f1os para que apareciera en el planeta una criatura inteligente, pero imprudente, que descubriera el potencial energ\u00e9tico que encerraban el carb\u00f3n y el petr\u00f3leo, y al quemarlos para desarrollarse como &#8220;Homo industrial&#8221;, enviara de pronto a la atm\u00f3sfera, en poco m\u00e1s de doscientos a\u00f1os, lo que los tramposos hab\u00edan escondido.<\/p>\n<p>&nbsp;<\/p>\n<p><img decoding=\"async\" src=\"https:\/\/www.francoiseclementi.com\/wp-content\/uploads\/Formacion-del-Carbon-Mina-Invierno-S.A.png\" alt=\"formaci\u00f3n de los combustibles f\u00f3siles | Fran\u00e7oise Clementi\" \/><img decoding=\"async\" src=\"https:\/\/elblogverde.com\/wp-content\/uploads\/2016\/06\/combustibles-fosiles-formacion-fosiles-600x291.jpg\" alt=\"Combustibles F\u00f3siles - Caracter\u00edsticas, origen, aplicaciones y efectos secundarios - ElBlogVerde.com\" \/><\/p>\n<p>&nbsp;<\/p>\n<p>\u00bfSer\u00e1 capaz la Tierra de aumentar la velocidad de los mecanismos naturales de fijaci\u00f3n del di\u00f3xido de carbono para contrarrestar la quema masiva de los combustibles f\u00f3siles?<\/p>\n<p>Los m\u00e1s pesimistas, bas\u00e1ndose en modelos inform\u00e1ticos estiman en 25.000 a\u00f1os los que necesitar\u00eda el planeta para fijar estas emisiones. Parece obvia la necesidad de ayudarle, pero si en lugar de hacerlo favoreciendo a los organismos fijadores, plantas y plancton, deforestamos y contaminamos la superficie del mar, est\u00e1 claro que este &#8220;ni\u00f1o malo&#8221;, <strong>el hombre desarrollado, no est\u00e1 haciendo bien sus deberes.<\/strong><\/p>\n<p>&nbsp;<\/p>\n<p><img decoding=\"async\" loading=\"lazy\" src=\"https:\/\/encrypted-tbn1.gstatic.com\/images?q=tbn:ANd9GcT57Szl0LP7Buv6OoYDxBnP_OqIGo1hT77Ut3sp1EE8hDWjX_Pr\" alt=\"Resultado de imagen de Limpiar el planeta de contaminaci\u00f3n\" width=\"304\" height=\"159\" \/><img decoding=\"async\" src=\"https:\/\/encrypted-tbn1.gstatic.com\/images?q=tbn:ANd9GcRTLCYnMbo3RJnkZhzOWLE_VPlN-ZIJoyY4qt5uMS1d6XLLTM1EJQ\" alt=\"Resultado de imagen de Limpiar el planeta de contaminaci\u00f3n\" name=\"mBYZH0XPjspLDM:\" data-src=\"https:\/\/encrypted-tbn1.gstatic.com\/images?q=tbn:ANd9GcRTLCYnMbo3RJnkZhzOWLE_VPlN-ZIJoyY4qt5uMS1d6XLLTM1EJQ\" data-sz=\"f\" \/><\/p>\n<p><strong>Decimos que somos inteligentes pero&#8230;<\/strong><\/p>\n<p>Volvamos a Marrakech para ver con optimismo como 111 pa\u00edses han ratificado el acuerdo de Par\u00eds para reducir las emisiones de gases contaminantes. Ahora no hablamos de demagogias de ordenador o de que algunos forren sus bolsillos capitalizando subvenciones ruinosas para sus pa\u00edses, sino de un esfuerzo com\u00fan que est\u00e1 ya muy lejano de las exageraciones demag\u00f3gicas de Gore y sus &#8220;ap\u00f3stoles&#8221;.<\/p>\n<p>La Ciencia va poco a poco sustituyendo al oportunismo. Sigamos por este camino.<\/p>\n<\/div>\n<\/div>\n<p style=\"text-align: justify;\"><strong>&#8211; Seguir leyendo: http:\/\/www.libertaddigital.com\/opinion\/miguel-del-pino\/los-tramposos-del-carbono-un-poco-de-ciencia-contra-los-excesos-demagogicos-80648\/<\/strong><\/p>\n<div class='bookmark'>\r\n\t\t<table align='left' border='0' cellpadding='0' width='100%'>\r\n\t\t<tr><td><span class='pushbutton'><a href='http:\/\/delicious.com\/post?url=http%3A%2F%2Fwww.emiliosilveravazquez.com%2Fblog%2F2023%2F07%2F13%2Fcambio-climatico%2F&amp;title=%C2%BFCambio+Clim%C3%A1tico%3F' title='Delicious' target='_blank' rel='nofollow'><img src='http:\/\/www.emiliosilveravazquez.com\/blog\/wp-content\/plugins\/knxdt-bookmarks-wordpress-plugin\/images\/delicious.png'  alt='' class='book_img' border='none' style='margin:1px; padding: 0;'  \/><\/a><\/span><span class='pushbutton'><a href='http:\/\/digg.com\/submit?url=http%3A%2F%2Fwww.emiliosilveravazquez.com%2Fblog%2F2023%2F07%2F13%2Fcambio-climatico%2F&amp;title=%C2%BFCambio+Clim%C3%A1tico%3F' title='Digg' target='_blank' rel='nofollow'><img src='http:\/\/www.emiliosilveravazquez.com\/blog\/wp-content\/plugins\/knxdt-bookmarks-wordpress-plugin\/images\/digg.png'  alt='' class='book_img' border='none' style='margin:1px; padding: 0;'  \/><\/a><\/span><span class='pushbutton'><a href='http:\/\/www.google.com\/bookmarks\/mark?op=edit&amp;bkmk=http%3A%2F%2Fwww.emiliosilveravazquez.com%2Fblog%2F2023%2F07%2F13%2Fcambio-climatico%2F&amp;title=%C2%BFCambio+Clim%C3%A1tico%3F' title='Google' target='_blank' rel='nofollow'><img src='http:\/\/www.emiliosilveravazquez.com\/blog\/wp-content\/plugins\/knxdt-bookmarks-wordpress-plugin\/images\/google.png'   alt='' class='book_img' border='none' style='margin:1px; padding: 0;'  \/><\/a><\/span><span class='pushbutton'><a href='http:\/\/myweb2.search.yahoo.com\/myresults\/bookmarklet?u=http%3A%2F%2Fwww.emiliosilveravazquez.com%2Fblog%2F2023%2F07%2F13%2Fcambio-climatico%2F&amp;t=%C2%BFCambio+Clim%C3%A1tico%3F' title='Yahoo' target='_blank' rel='nofollow'><img src='http:\/\/www.emiliosilveravazquez.com\/blog\/wp-content\/plugins\/knxdt-bookmarks-wordpress-plugin\/images\/yahoo.png'  alt='' class='book_img' border='none' style='margin:1px; padding: 0;'  \/><\/a><\/span><span class='pushbutton'><a href='http:\/\/www.technorati.com\/faves?add=http%3A%2F%2Fwww.emiliosilveravazquez.com%2Fblog%2F2023%2F07%2F13%2Fcambio-climatico%2F' title='Technorati' target='_blank' rel='nofollow'><img src='http:\/\/www.emiliosilveravazquez.com\/blog\/wp-content\/plugins\/knxdt-bookmarks-wordpress-plugin\/images\/technorati.png'  alt='' class='book_img' border='none' style='margin:1px; padding: 0;'  \/><\/a><\/span><span class='pushbutton'><a href='http:\/\/meneame.net\/submit.php?url=http%3A%2F%2Fwww.emiliosilveravazquez.com%2Fblog%2F2023%2F07%2F13%2Fcambio-climatico%2F' title='Meneame' target='_blank' rel='nofollow'><img src='http:\/\/www.emiliosilveravazquez.com\/blog\/wp-content\/plugins\/knxdt-bookmarks-wordpress-plugin\/images\/meneame.png'  alt='' class='book_img' border='none' style='margin:1px; padding: 0;'  \/><\/a><\/span><span class='pushbutton'><a href='http:\/\/enchilame.com\/submit.php?url=http:\/\/www.emiliosilveravazquez.com\/blog\/2023\/07\/13\/cambio-climatico\/' target='_blank' rel='nofollow'><img title='Enchilame' src='http:\/\/www.emiliosilveravazquez.com\/blog\/wp-content\/plugins\/knxdt-bookmarks-wordpress-plugin\/images\/enchilame.png'  alt='' class='book_img' border='none' style='margin:1px; padding: 0;'  \/><\/a><\/span><span class='pushbutton'><a href='http:\/\/www.blinklist.com\/index.php?Action=Blink\/addblink.php&amp;Description=&amp;Url=http%3A%2F%2Fwww.emiliosilveravazquez.com%2Fblog%2F2023%2F07%2F13%2Fcambio-climatico%2F&amp;title=%C2%BFCambio+Clim%C3%A1tico%3F' title='BlinkList' target='_blank' rel='nofollow'><img src='http:\/\/www.emiliosilveravazquez.com\/blog\/wp-content\/plugins\/knxdt-bookmarks-wordpress-plugin\/images\/blinklist.png'  alt='' class='book_img' border='none' style='margin:1px; padding: 0;'  \/><\/a><\/span><span class='pushbutton'><a href='http:\/\/reddit.com\/submit?url=http%3A%2F%2Fwww.emiliosilveravazquez.com%2Fblog%2F2023%2F07%2F13%2Fcambio-climatico%2F&amp;title=%C2%BFCambio+Clim%C3%A1tico%3F' title='Reddit' target='_blank' rel='nofollow'><img src='http:\/\/www.emiliosilveravazquez.com\/blog\/wp-content\/plugins\/knxdt-bookmarks-wordpress-plugin\/images\/reddit.png'  alt='' class='book_img' border='none' style='margin:1px; padding: 0;'  \/><\/a><\/span><span class='pushbutton'><a href='http:\/\/www.tecnologiadiaria.com\/2009\/07\/abrir-com-hotmail-correo.html' target='_blank' title='hotmail'><img src='http:\/\/www.emiliosilveravazquez.com\/blog\/wp-content\/plugins\/knxdt-bookmarks-wordpress-plugin\/images\/linklove.png' alt='hotmail correo' class='book_img' border='none' style='margin:1px; padding: 0;' \/><\/a><\/span><span class='pushbutton'><a href='http:\/\/bitacoras.com\/votar\/anotacion\/externo\/mini\/www.emiliosilveravazquez.com\/blog\/2023\/07\/13\/cambio-climatico\/' title='Bitacoras.com' target='_blank' rel='nofollow'><img src='http:\/\/www.emiliosilveravazquez.com\/blog\/wp-content\/plugins\/knxdt-bookmarks-wordpress-plugin\/images\/bitacoras.png'  alt='' class='book_img' border='none' style='margin:1px; padding: 0;'  \/><\/a><\/span><span class='pushbutton'><a href='http:\/\/www.wikio.es\/vote?url=http%3A%2F%2Fwww.emiliosilveravazquez.com%2Fblog%2F2023%2F07%2F13%2Fcambio-climatico%2F' title='Wikio' target='_blank' rel='nofollow'><img src='http:\/\/www.emiliosilveravazquez.com\/blog\/wp-content\/plugins\/knxdt-bookmarks-wordpress-plugin\/images\/wikio.png'   alt='' class='book_img' border='none' style='margin:1px; padding: 0;'   \/><\/a><\/span><span class='pushbutton'><a href='http:\/\/friendfeed.com\/?url=http%3A%2F%2Fwww.emiliosilveravazquez.com%2Fblog%2F2023%2F07%2F13%2Fcambio-climatico%2F&amp;title=%C2%BFCambio+Clim%C3%A1tico%3F' title='Friend Feed' target='_blank' rel='nofollow'><img src='http:\/\/www.emiliosilveravazquez.com\/blog\/wp-content\/plugins\/knxdt-bookmarks-wordpress-plugin\/images\/friendfeed.png'  alt='' class='book_img' border='none' style='margin:1px; padding: 0;'  \/><\/a><\/span><span class='pushbutton'><a href='http:\/\/www.facebook.com\/share.php?u=http%3A%2F%2Fwww.emiliosilveravazquez.com%2Fblog%2F2023%2F07%2F13%2Fcambio-climatico%2F&amp;t=%C2%BFCambio+Clim%C3%A1tico%3F' title='Facebook' target='_blank' rel='nofollow'><img src='http:\/\/www.emiliosilveravazquez.com\/blog\/wp-content\/plugins\/knxdt-bookmarks-wordpress-plugin\/images\/facebook.png'  alt='' class='book_img' border='none' style='margin:1px; padding: 0;'  \/><\/a><\/span><span class='pushbutton'><a href='http:\/\/twitter.com\/home?status=%C2%BFCambio+Clim%C3%A1tico%3F: http%3A%2F%2Fwww.emiliosilveravazquez.com%2Fblog%2F2023%2F07%2F13%2Fcambio-climatico%2F' title='Twitter' target='_blank' rel='nofollow'><img src='http:\/\/www.emiliosilveravazquez.com\/blog\/wp-content\/plugins\/knxdt-bookmarks-wordpress-plugin\/images\/twitter.png'  alt='' class='book_img' border='none' style='margin:1px; padding: 0;'  \/><\/a><\/span><span class='pushbutton'><a href='http:\/\/www.feedburner.com\/fb\/a\/emailFlare?itemTitle=%C2%BFCambio+Clim%C3%A1tico%3F&amp;uri=http%3A%2F%2Fwww.emiliosilveravazquez.com%2Fblog%2F2023%2F07%2F13%2Fcambio-climatico%2F' title='Enviar por Email' target='_blank' rel='nofollow'><img src='http:\/\/www.emiliosilveravazquez.com\/blog\/wp-content\/plugins\/knxdt-bookmarks-wordpress-plugin\/images\/email.png'  alt='' class='book_img' border='none' style='margin:1px; padding: 0;'  \/><\/a><\/span><span style='font-weight:bold; padding-left: 5px;'><a href='http:\/\/wordpress.org\/extend\/plugins\/knxdt-bookmarks-wordpress-plugin\/' title='Plugin' rel='nofollow' target='_blank'>[?]<\/a><\/span><\/td><\/tr><\/table><br\/><br\/><\/div>","protected":false},"excerpt":{"rendered":"<p>Reportaje de LIBERTAD DIGITAL Miguel del Pino Los tramposos del carbono: un poco de ciencia contra los excesos demag\u00f3gicos La contaminaci\u00f3n atmosf\u00e9rica se ha disparado durante los \u00faltimos dos siglos, como consecuencia, posiblemente inevitable, del desarrollo industrial. &nbsp; &nbsp; En algo tan sencillo como el ciclo del elemento qu\u00edmico Carbono, se encuentran las claves para [&hellip;]<\/p>\n","protected":false},"author":2,"featured_media":0,"comment_status":"open","ping_status":"open","sticky":false,"template":"","format":"standard","meta":{"_s2mail":"","footnotes":""},"categories":[1],"tags":[],"_links":{"self":[{"href":"http:\/\/www.emiliosilveravazquez.com\/blog\/wp-json\/wp\/v2\/posts\/30677"}],"collection":[{"href":"http:\/\/www.emiliosilveravazquez.com\/blog\/wp-json\/wp\/v2\/posts"}],"about":[{"href":"http:\/\/www.emiliosilveravazquez.com\/blog\/wp-json\/wp\/v2\/types\/post"}],"author":[{"embeddable":true,"href":"http:\/\/www.emiliosilveravazquez.com\/blog\/wp-json\/wp\/v2\/users\/2"}],"replies":[{"embeddable":true,"href":"http:\/\/www.emiliosilveravazquez.com\/blog\/wp-json\/wp\/v2\/comments?post=30677"}],"version-history":[{"count":0,"href":"http:\/\/www.emiliosilveravazquez.com\/blog\/wp-json\/wp\/v2\/posts\/30677\/revisions"}],"wp:attachment":[{"href":"http:\/\/www.emiliosilveravazquez.com\/blog\/wp-json\/wp\/v2\/media?parent=30677"}],"wp:term":[{"taxonomy":"category","embeddable":true,"href":"http:\/\/www.emiliosilveravazquez.com\/blog\/wp-json\/wp\/v2\/categories?post=30677"},{"taxonomy":"post_tag","embeddable":true,"href":"http:\/\/www.emiliosilveravazquez.com\/blog\/wp-json\/wp\/v2\/tags?post=30677"}],"curies":[{"name":"wp","href":"https:\/\/api.w.org\/{rel}","templated":true}]}}