{"id":30641,"date":"2023-07-06T06:02:12","date_gmt":"2023-07-06T05:02:12","guid":{"rendered":"http:\/\/www.emiliosilveravazquez.com\/blog\/?p=30641"},"modified":"2023-07-06T06:02:12","modified_gmt":"2023-07-06T05:02:12","slug":"hay-gente-para-todo-2","status":"publish","type":"post","link":"http:\/\/www.emiliosilveravazquez.com\/blog\/2023\/07\/06\/hay-gente-para-todo-2\/","title":{"rendered":"\u00a1Hay gente para todo!"},"content":{"rendered":"<figure class=\"main-image\" style=\"text-align: justify;\"><img decoding=\"async\" src=\"https:\/\/okdiario.com\/img\/2023\/07\/04\/apunta-esta-fecha-porque-cambiara-la-humanidad-que-pasara-el-18-de-julio-de-2023-635x358.jpg\" alt=\"18 julio 2023\" data-placeholder=\"https:\/\/okdiario.com\/web\/themes\/v10\/css\/_img\/placeholder-main.jpg\" \/><figcaption><strong>La fecha en la que ocurrir\u00e1 una gran cat\u00e1strofe en el mundo<\/strong><\/figcaption><\/figure>\n<address class=\"autor\">\n<ul class=\"author \">\n<li class=\"author-name\"><strong><a title=\"Blanca Espada\" href=\"https:\/\/okdiario.com\/autor\/blanca\/\">BLANCA ESPADA<\/a><\/strong><\/li>\n<li class=\"times\">\n<ul>\n<li class=\"publish-time\"><time class=\"date\" datetime=\"05-07-2023 08:45\"><a href=\"https:\/\/okdiario.com\/archivos\/2023\/07\/05\/\">05\/07\/2023 08:45<\/a><\/time><\/li>\n<li class=\"updated-time \">ACTUALIZADO:\u00a0<time class=\"date\" datetime=\"05-07-2023 10:31\">05\/07\/2023 10:31<\/time><\/li>\n<\/ul>\n<\/li>\n<\/ul>\n<\/address>\n<div id=\"native-addthis\" style=\"text-align: justify;\">\n<div class=\"native-share-buttons\">\n<div class=\"addthis-item telegram\"><\/div>\n<\/div>\n<\/div>\n<div id=\"contentid-0\" class=\"entry-content\">\n<p style=\"text-align: justify;\"><strong>Apunta esta fecha porque cambiar\u00e1 la\u00a0<a href=\"https:\/\/okdiario.com\/ciencia\/esta-fecha-que-extinguira-humanidad-8268495\">humanidad<\/a>: \u00bfQu\u00e9 pasar\u00e1 el 18 de julio de 2023?<\/strong>. La revelaci\u00f3n llega de parte de un usuario de\u00a0<a href=\"https:\/\/okdiario.com\/noticias\/tiktok\/\"><strong>TikTok<\/strong><\/a>que dice venir del a\u00f1o 2671 y que ha causado sensaci\u00f3n en las\u00a0<a href=\"https:\/\/okdiario.com\/tecnologia\/clubhouse-nueva-red-social-6759330\"><strong>redes sociales<\/strong><\/a>con sus supuestas predicciones sobre el futuro m\u00e1s inminente y que resulta del todo catastr\u00f3fico.<\/p>\n<h2 class=\"title2\" style=\"text-align: justify;\">\u00bfQu\u00e9 pasar\u00e1 el 18 de julio de 2023?<\/h2>\n<p style=\"text-align: justify;\">Seg\u00fan la predicci\u00f3n de este supuesto viajero del tiempo,\u00a0<strong>el 18 de julio de 2023 ser\u00e1 una fecha clave<\/strong>, ya que\u00a0<strong>un supervolc\u00e1n en el oeste de Estados Unidos entrar\u00e1 en erupci\u00f3n<\/strong> y provocar\u00e1 una cat\u00e1strofe sin precedentes.<\/p>\n<\/div>\n<p>&nbsp;<\/p>\n<p><img decoding=\"async\" loading=\"lazy\" class=\"\" src=\"https:\/\/www.nationalgeographic.com.es\/medio\/2018\/02\/27\/yellowstoneinter__800x800.jpg\" alt=\"Cuando Yellowstone estalle\" width=\"576\" height=\"576\" \/><\/p>\n<div id=\"contentid-0\" class=\"entry-content\">\n<h3 class=\"n9H6p cS4Vcb-pGL6qe-fwJd0c\">Cuando Yellowstone estalle&#8230;<\/h3>\n<p style=\"text-align: justify;\">El viajero del tiempo se hace llamar\u00a0<strong>@radianttimetraveler<\/strong>\u00a0y tiene casi medio mill\u00f3n de seguidores en TikTok, donde publica v\u00eddeos en los que asegura haber viajado al pasado para evitar que ocurran varios sucesos hist\u00f3ricos que marcar\u00e1n irremediablemente nuestro destino. Ya alert\u00f3 de que el 23 de marzo de 2023 se seleccionar\u00edan a 8.000 personas para llevarlas a otro planeta habitable, y ahora ha revelado la pr\u00f3xima amenaza que se cierne sobre la Tierra.<\/p>\n<p style=\"text-align: justify;\">Seg\u00fan su \u00faltimo v\u00eddeo,<strong>\u00a0el pr\u00f3ximo 18 de julio de 2023 un supervolc\u00e1n ubicado en el parque nacional de Yellowstone har\u00e1 erupci\u00f3n<\/strong>, cubriendo los cielos con una espesa columna de humo y ceniza. Esto causar\u00e1 la muerte de cientos de miles de personas y afectar\u00e1 al clima global. Adem\u00e1s, antes de que esto ocurra,<strong>\u00a0habr\u00e1 un terremoto de 9,5 grados en medio del oc\u00e9ano,<\/strong>\u00a0que abrir\u00e1 una fosa m\u00e1s profunda que la Fosa de las Marianas y<strong>\u00a0liberar\u00e1 a criaturas incre\u00edbles.<\/strong><\/p>\n<\/div>\n<p>&nbsp;<\/p>\n<p><img decoding=\"async\" src=\"https:\/\/cdn.doers.video\/embed\/034e43f5fde0d53cd006850291526397648\/Pepino-de-Mar-Rosa.jpg\" alt=\"27 Incre\u00edbles criaturas del oc\u00e9ano que parecen de ciencia ficci\u00f3n | Bioguia\" \/><\/p>\n<p>&nbsp;<\/p>\n<div id=\"contentid-0\" class=\"entry-content\">\n<p style=\"text-align: justify;\">Seg\u00fan <strong>The Mirror<\/strong>, es posible que se refiera a la\u00a0<strong>caldera volc\u00e1nica de Yellowstone<\/strong>\u00a0que mide 55 x 72 kil\u00f3metros y<strong>\u00a0cuya \u00faltima erupci\u00f3n ocurri\u00f3 hace 70.000 a\u00f1os.<\/strong><\/p>\n<p style=\"text-align: justify;\"><span class=\"title3\">Cr\u00edticas en las redes sociales<\/span><\/p>\n<\/div>\n<p>&nbsp;<\/p>\n<p><img decoding=\"async\" loading=\"lazy\" class=\"\" src=\"https:\/\/images.ecestaticos.com\/cmydUIgDvOlvukiDcDn31O_1urk=\/0x0:2272x1298\/1200x900\/filters:fill(white):format(jpg)\/f.elconfidencial.com%2Foriginal%2Fb42%2F379%2F310%2Fb42379310a47e6dc21a7b0c4f9ce8337.jpg\" alt=\"Un m\u00f3vil en los a\u00f1os 20? Las historias m\u00e1s curiosas sobre posibles viajeros en el tiempo\" width=\"542\" height=\"407\" \/><\/p>\n<p>Un cara dura con \u00e1nimos de lucro que se ha inventado una serie de historias que divergen de lo posible<\/p>\n<div id=\"contentid-0\" class=\"entry-content\">\n<p style=\"text-align: justify;\">El escenario que describe este viajero del tiempo parece sacado de una pel\u00edcula de ciencia ficci\u00f3n, pero \u00e9l asegura que est\u00e1 basado en hechos reales y que tiene pruebas de lo que va a suceder. Sin embargo,\u00a0<strong>muchos usuarios lo han criticado y han puesto en duda su credibilida<\/strong>d, ya que algunas de sus\u00a0<strong>predicciones anteriores no se han cumplido o son muy vagas.<\/strong><\/p>\n<p style=\"text-align: justify;\">Por ejemplo,\u00a0<strong>el 15 de mayo deb\u00eda haber ocurrido un megatsunami en California, el 12 de junio se deb\u00eda haber abierto una gran grieta en la Tierra<\/strong>\u00a0y reaparecer criaturas extintas.<\/p>\n<p style=\"text-align: justify;\">Todas estas cat\u00e1strofes no han sucedido o no han tenido la magnitud anunciada por el viajero del tiempo, que por otro lado\u00a0<strong>anuncia adem\u00e1s que el 4 de septiembre un hurac\u00e1n azotar\u00e1 la costa este de Estados Unidos<\/strong>\u00a0, mientras que el 19 de diciembre una tormenta de granizo letal ser\u00e1 capaz de electrocutarnos a todos.<\/p>\n<p style=\"text-align: justify;\">Adem\u00e1s, muchos internautas han se\u00f1alado<strong>\u00a0las incongruencias y contradicciones en sus v\u00eddeos<\/strong>, as\u00ed como las similitudes con otras historias ficticias o teor\u00edas conspirativas. Algunos incluso han sugerido que se trata de una estrategia de marketing o una broma para ganar fama y dinero.<\/p>\n<p>Reportaje del peri\u00f3dico O.K. Diario<\/p>\n<\/div>\n<div class='bookmark'>\r\n\t\t<table align='left' border='0' cellpadding='0' width='100%'>\r\n\t\t<tr><td><span class='pushbutton'><a href='http:\/\/delicious.com\/post?url=http%3A%2F%2Fwww.emiliosilveravazquez.com%2Fblog%2F2023%2F07%2F06%2Fhay-gente-para-todo-2%2F&amp;title=%C2%A1Hay+gente+para+todo%21' title='Delicious' target='_blank' rel='nofollow'><img src='http:\/\/www.emiliosilveravazquez.com\/blog\/wp-content\/plugins\/knxdt-bookmarks-wordpress-plugin\/images\/delicious.png'  alt='' class='book_img' border='none' style='margin:1px; padding: 0;'  \/><\/a><\/span><span class='pushbutton'><a href='http:\/\/digg.com\/submit?url=http%3A%2F%2Fwww.emiliosilveravazquez.com%2Fblog%2F2023%2F07%2F06%2Fhay-gente-para-todo-2%2F&amp;title=%C2%A1Hay+gente+para+todo%21' title='Digg' target='_blank' rel='nofollow'><img src='http:\/\/www.emiliosilveravazquez.com\/blog\/wp-content\/plugins\/knxdt-bookmarks-wordpress-plugin\/images\/digg.png'  alt='' class='book_img' border='none' style='margin:1px; padding: 0;'  \/><\/a><\/span><span class='pushbutton'><a href='http:\/\/www.google.com\/bookmarks\/mark?op=edit&amp;bkmk=http%3A%2F%2Fwww.emiliosilveravazquez.com%2Fblog%2F2023%2F07%2F06%2Fhay-gente-para-todo-2%2F&amp;title=%C2%A1Hay+gente+para+todo%21' title='Google' target='_blank' rel='nofollow'><img src='http:\/\/www.emiliosilveravazquez.com\/blog\/wp-content\/plugins\/knxdt-bookmarks-wordpress-plugin\/images\/google.png'   alt='' class='book_img' border='none' style='margin:1px; padding: 0;'  \/><\/a><\/span><span class='pushbutton'><a href='http:\/\/myweb2.search.yahoo.com\/myresults\/bookmarklet?u=http%3A%2F%2Fwww.emiliosilveravazquez.com%2Fblog%2F2023%2F07%2F06%2Fhay-gente-para-todo-2%2F&amp;t=%C2%A1Hay+gente+para+todo%21' title='Yahoo' target='_blank' rel='nofollow'><img src='http:\/\/www.emiliosilveravazquez.com\/blog\/wp-content\/plugins\/knxdt-bookmarks-wordpress-plugin\/images\/yahoo.png'  alt='' class='book_img' border='none' style='margin:1px; padding: 0;'  \/><\/a><\/span><span class='pushbutton'><a href='http:\/\/www.technorati.com\/faves?add=http%3A%2F%2Fwww.emiliosilveravazquez.com%2Fblog%2F2023%2F07%2F06%2Fhay-gente-para-todo-2%2F' title='Technorati' target='_blank' rel='nofollow'><img src='http:\/\/www.emiliosilveravazquez.com\/blog\/wp-content\/plugins\/knxdt-bookmarks-wordpress-plugin\/images\/technorati.png'  alt='' class='book_img' border='none' style='margin:1px; padding: 0;'  \/><\/a><\/span><span class='pushbutton'><a href='http:\/\/meneame.net\/submit.php?url=http%3A%2F%2Fwww.emiliosilveravazquez.com%2Fblog%2F2023%2F07%2F06%2Fhay-gente-para-todo-2%2F' title='Meneame' target='_blank' rel='nofollow'><img src='http:\/\/www.emiliosilveravazquez.com\/blog\/wp-content\/plugins\/knxdt-bookmarks-wordpress-plugin\/images\/meneame.png'  alt='' class='book_img' border='none' style='margin:1px; padding: 0;'  \/><\/a><\/span><span class='pushbutton'><a href='http:\/\/enchilame.com\/submit.php?url=http:\/\/www.emiliosilveravazquez.com\/blog\/2023\/07\/06\/hay-gente-para-todo-2\/' target='_blank' rel='nofollow'><img title='Enchilame' src='http:\/\/www.emiliosilveravazquez.com\/blog\/wp-content\/plugins\/knxdt-bookmarks-wordpress-plugin\/images\/enchilame.png'  alt='' class='book_img' border='none' style='margin:1px; padding: 0;'  \/><\/a><\/span><span class='pushbutton'><a href='http:\/\/www.blinklist.com\/index.php?Action=Blink\/addblink.php&amp;Description=&amp;Url=http%3A%2F%2Fwww.emiliosilveravazquez.com%2Fblog%2F2023%2F07%2F06%2Fhay-gente-para-todo-2%2F&amp;title=%C2%A1Hay+gente+para+todo%21' title='BlinkList' target='_blank' rel='nofollow'><img src='http:\/\/www.emiliosilveravazquez.com\/blog\/wp-content\/plugins\/knxdt-bookmarks-wordpress-plugin\/images\/blinklist.png'  alt='' class='book_img' border='none' style='margin:1px; padding: 0;'  \/><\/a><\/span><span class='pushbutton'><a href='http:\/\/reddit.com\/submit?url=http%3A%2F%2Fwww.emiliosilveravazquez.com%2Fblog%2F2023%2F07%2F06%2Fhay-gente-para-todo-2%2F&amp;title=%C2%A1Hay+gente+para+todo%21' title='Reddit' target='_blank' rel='nofollow'><img src='http:\/\/www.emiliosilveravazquez.com\/blog\/wp-content\/plugins\/knxdt-bookmarks-wordpress-plugin\/images\/reddit.png'  alt='' class='book_img' border='none' style='margin:1px; padding: 0;'  \/><\/a><\/span><span class='pushbutton'><a href='http:\/\/www.tecnologiadiaria.com\/2009\/07\/abrir-com-hotmail-correo.html' target='_blank' title='hotmail'><img src='http:\/\/www.emiliosilveravazquez.com\/blog\/wp-content\/plugins\/knxdt-bookmarks-wordpress-plugin\/images\/linklove.png' alt='hotmail correo' class='book_img' border='none' style='margin:1px; padding: 0;' \/><\/a><\/span><span class='pushbutton'><a href='http:\/\/bitacoras.com\/votar\/anotacion\/externo\/mini\/www.emiliosilveravazquez.com\/blog\/2023\/07\/06\/hay-gente-para-todo-2\/' title='Bitacoras.com' target='_blank' rel='nofollow'><img src='http:\/\/www.emiliosilveravazquez.com\/blog\/wp-content\/plugins\/knxdt-bookmarks-wordpress-plugin\/images\/bitacoras.png'  alt='' class='book_img' border='none' style='margin:1px; padding: 0;'  \/><\/a><\/span><span class='pushbutton'><a href='http:\/\/www.wikio.es\/vote?url=http%3A%2F%2Fwww.emiliosilveravazquez.com%2Fblog%2F2023%2F07%2F06%2Fhay-gente-para-todo-2%2F' title='Wikio' target='_blank' rel='nofollow'><img src='http:\/\/www.emiliosilveravazquez.com\/blog\/wp-content\/plugins\/knxdt-bookmarks-wordpress-plugin\/images\/wikio.png'   alt='' class='book_img' border='none' style='margin:1px; padding: 0;'   \/><\/a><\/span><span class='pushbutton'><a href='http:\/\/friendfeed.com\/?url=http%3A%2F%2Fwww.emiliosilveravazquez.com%2Fblog%2F2023%2F07%2F06%2Fhay-gente-para-todo-2%2F&amp;title=%C2%A1Hay+gente+para+todo%21' title='Friend Feed' target='_blank' rel='nofollow'><img src='http:\/\/www.emiliosilveravazquez.com\/blog\/wp-content\/plugins\/knxdt-bookmarks-wordpress-plugin\/images\/friendfeed.png'  alt='' class='book_img' border='none' style='margin:1px; padding: 0;'  \/><\/a><\/span><span class='pushbutton'><a href='http:\/\/www.facebook.com\/share.php?u=http%3A%2F%2Fwww.emiliosilveravazquez.com%2Fblog%2F2023%2F07%2F06%2Fhay-gente-para-todo-2%2F&amp;t=%C2%A1Hay+gente+para+todo%21' title='Facebook' target='_blank' rel='nofollow'><img src='http:\/\/www.emiliosilveravazquez.com\/blog\/wp-content\/plugins\/knxdt-bookmarks-wordpress-plugin\/images\/facebook.png'  alt='' class='book_img' border='none' style='margin:1px; padding: 0;'  \/><\/a><\/span><span class='pushbutton'><a href='http:\/\/twitter.com\/home?status=%C2%A1Hay+gente+para+todo%21: http%3A%2F%2Fwww.emiliosilveravazquez.com%2Fblog%2F2023%2F07%2F06%2Fhay-gente-para-todo-2%2F' title='Twitter' target='_blank' rel='nofollow'><img src='http:\/\/www.emiliosilveravazquez.com\/blog\/wp-content\/plugins\/knxdt-bookmarks-wordpress-plugin\/images\/twitter.png'  alt='' class='book_img' border='none' style='margin:1px; padding: 0;'  \/><\/a><\/span><span class='pushbutton'><a href='http:\/\/www.feedburner.com\/fb\/a\/emailFlare?itemTitle=%C2%A1Hay+gente+para+todo%21&amp;uri=http%3A%2F%2Fwww.emiliosilveravazquez.com%2Fblog%2F2023%2F07%2F06%2Fhay-gente-para-todo-2%2F' title='Enviar por Email' target='_blank' rel='nofollow'><img src='http:\/\/www.emiliosilveravazquez.com\/blog\/wp-content\/plugins\/knxdt-bookmarks-wordpress-plugin\/images\/email.png'  alt='' class='book_img' border='none' style='margin:1px; padding: 0;'  \/><\/a><\/span><span style='font-weight:bold; padding-left: 5px;'><a href='http:\/\/wordpress.org\/extend\/plugins\/knxdt-bookmarks-wordpress-plugin\/' title='Plugin' rel='nofollow' target='_blank'>[?]<\/a><\/span><\/td><\/tr><\/table><br\/><br\/><\/div>","protected":false},"excerpt":{"rendered":"<p>La fecha en la que ocurrir\u00e1 una gran cat\u00e1strofe en el mundo BLANCA ESPADA 05\/07\/2023 08:45 ACTUALIZADO:\u00a005\/07\/2023 10:31 Apunta esta fecha porque cambiar\u00e1 la\u00a0humanidad: \u00bfQu\u00e9 pasar\u00e1 el 18 de julio de 2023?. La revelaci\u00f3n llega de parte de un usuario de\u00a0TikTokque dice venir del a\u00f1o 2671 y que ha causado sensaci\u00f3n en las\u00a0redes socialescon sus [&hellip;]<\/p>\n","protected":false},"author":2,"featured_media":0,"comment_status":"open","ping_status":"open","sticky":false,"template":"","format":"standard","meta":{"_s2mail":"","footnotes":""},"categories":[1],"tags":[],"_links":{"self":[{"href":"http:\/\/www.emiliosilveravazquez.com\/blog\/wp-json\/wp\/v2\/posts\/30641"}],"collection":[{"href":"http:\/\/www.emiliosilveravazquez.com\/blog\/wp-json\/wp\/v2\/posts"}],"about":[{"href":"http:\/\/www.emiliosilveravazquez.com\/blog\/wp-json\/wp\/v2\/types\/post"}],"author":[{"embeddable":true,"href":"http:\/\/www.emiliosilveravazquez.com\/blog\/wp-json\/wp\/v2\/users\/2"}],"replies":[{"embeddable":true,"href":"http:\/\/www.emiliosilveravazquez.com\/blog\/wp-json\/wp\/v2\/comments?post=30641"}],"version-history":[{"count":0,"href":"http:\/\/www.emiliosilveravazquez.com\/blog\/wp-json\/wp\/v2\/posts\/30641\/revisions"}],"wp:attachment":[{"href":"http:\/\/www.emiliosilveravazquez.com\/blog\/wp-json\/wp\/v2\/media?parent=30641"}],"wp:term":[{"taxonomy":"category","embeddable":true,"href":"http:\/\/www.emiliosilveravazquez.com\/blog\/wp-json\/wp\/v2\/categories?post=30641"},{"taxonomy":"post_tag","embeddable":true,"href":"http:\/\/www.emiliosilveravazquez.com\/blog\/wp-json\/wp\/v2\/tags?post=30641"}],"curies":[{"name":"wp","href":"https:\/\/api.w.org\/{rel}","templated":true}]}}