{"id":30625,"date":"2023-07-04T05:09:11","date_gmt":"2023-07-04T04:09:11","guid":{"rendered":"http:\/\/www.emiliosilveravazquez.com\/blog\/?p=30625"},"modified":"2023-07-04T05:09:11","modified_gmt":"2023-07-04T04:09:11","slug":"la-naturaleza-quien-la-puede-frenar","status":"publish","type":"post","link":"http:\/\/www.emiliosilveravazquez.com\/blog\/2023\/07\/04\/la-naturaleza-quien-la-puede-frenar\/","title":{"rendered":"\u00a1La Naturaleza! \u00bfQui\u00e9n la puede frenar?"},"content":{"rendered":"<p><img decoding=\"async\" loading=\"lazy\" class=\"\" src=\"https:\/\/encrypted-tbn0.gstatic.com\/images?q=tbn:ANd9GcRhQyC7fS2dYePDB5JPRXzcWCUg-D9BXV7hW71OvmwndohChg7d4nW1VU7KXkwYgwN_D18&amp;usqp=CAU\" alt=\"Im\u00e1genes muestran enorme nube de polvo del Sahara cubriendo Europa occidental | Independent Espa\u00f1ol\" width=\"348\" height=\"183\" \/><img decoding=\"async\" loading=\"lazy\" class=\"\" src=\"https:\/\/static.dw.com\/image\/61127291_6.jpg\" alt=\"Polvo del Sahara cubre de naranja una parte de Espa\u00f1a \u2013 DW \u2013 15\/03\/2022\" width=\"327\" height=\"184\" \/><img decoding=\"async\" loading=\"lazy\" class=\"\" src=\"https:\/\/img.huffingtonpost.es\/files\/article_main_microformat\/uploads\/2022\/12\/11\/639633b97ba9a.jpeg\" alt=\"Qu\u00e9 es la nube de polvo sahariano y qu\u00e9 precauciones hay que tener\" width=\"348\" height=\"232\" \/><img decoding=\"async\" loading=\"lazy\" class=\"\" src=\"https:\/\/img.huffingtonpost.es\/files\/article_main_microformat\/uploads\/2022\/12\/09\/6393b9865578a.jpeg\" alt=\"Qu\u00e9 es la nube de polvo sahariano y qu\u00e9 precauciones hay que tener\" width=\"347\" height=\"231\" \/>\u00a0 \u00a0 \u00a0 \u00a0 \u00a0 \u00a0 \u00a0 \u00a0 \u00a0 \u00a0 \u00a0 \u00a0 \u00a0 \u00a0 \u00a0 \u00a0 \u00a0 \u00a0 \u00a0 \u00a0 \u00a0 \u00a0 \u00a0 \u00a0 \u00a0 \u00a0 \u00a0 \u00a0 \u00a0 \u00a0 \u00a0 \u00a0 <img decoding=\"async\" src=\"https:\/\/fotografias.antena3.com\/clipping\/cmsimages01\/2016\/02\/22\/96628120-C841-4047-9D85-FF847351103C\/64.jpg\" alt=\"Un astronauta fotograf\u00eda una nube de arena cubriendo la Pen\u00ednsula Ib\u00e9rica\" \/><\/p>\n<article id=\"main\">\n<div id=\"blockStyle6162Main1135\">\n<h3><strong>\u00a0 \u00a0 \u00a0 \u00a0 \u00a0 \u00a0 \u00a0 \u00a0Una Gran Nube de Polvo Sahariano Cubre Espa\u00f1a y Portugal<\/strong><\/h3>\n<\/div>\n<div id=\"blockStyle6174Main1136\">\n<p style=\"text-align: justify;\">Una intensa nube polvo y arena cruz\u00f3 la Pen\u00ednsula Ib\u00e9rica. En la \u00faltima imagen, el astronauta brit\u00e1nico Tim Peake de la Agencia Espacial Europea (ESA), sac\u00f3 esta foto con su c\u00e1mara desde la Estaci\u00f3n Espacial Internacional donde puede verse la nube de polvo y arena que est\u00e1 cruzando Espa\u00f1a y Portugal. Esta noticia aparece en los medios todos los a\u00f1os.<\/p>\n<p style=\"text-align: justify;\">He sido testigo directo de algunos de estos acontecimientos, y, lo cierto es que, ese polvo del desierto del Sahara, fertiliz\u00f3 los campos e hizo m\u00e1s bien que mal.<\/p>\n<\/div>\n<div id=\"blockStyle6158Main1137\"><a href=\"https:\/\/www.lanasa.net\/news\/files\/6414\/5619\/9919\/CalimaSpain.jpg\"><img decoding=\"async\" loading=\"lazy\" src=\"http:\/\/www.lanasa.net\/news\/files\/cache\/902b5c79ede1eb55fb388dd0a065df7c_f1451.jpg\" alt=\"Una Gran Nube de Arena y Polvo Cubre Espa\u00f1a y Portugal\" width=\"900\" height=\"599\" border=\"0\" \/><\/a><\/div>\n<div id=\"blockStyle6160Main1140\">\n<p>&nbsp;<\/p>\n<p><img decoding=\"async\" loading=\"lazy\" class=\"\" src=\"https:\/\/vanguardiaveracruz.com\/wp-content\/uploads\/2022\/03\/Polvo-del-Sahara-llega-a-Espana-y-Francia.jpg\" alt=\"Polvo del Sahara llega a Espa\u00f1a y Francia\" width=\"671\" height=\"349\" \/><\/p>\n<p>En toda Espa\u00f1a y Francia sufrieron el acontecimiento y sus ciudades se llenaron del <strong>calima<\/strong><\/p>\n<\/div>\n<div id=\"blockStyle6161Main1141\">\n<p align=\"JUSTIFY\">Este fen\u00f3meno conocido con el nombre de \u201cCalima\u201c, transporta polvo y arena en suspensi\u00f3n procedentes del desierto del S\u00e1hara, que viaja por el cielo alcanzando grandes distancias, incluso en ocasiones alcanzando otros continentes como Europa y Am\u00e9rica. Cuando la calima se instala sobre una zona la sensaci\u00f3n es la de estar cubiertos por una niebla rojiza, sobre todo observaremos un cielo borroso muy rojizo, pero que nunca debemos confundir con las nubes rojizas del atardecer.<\/p>\n<p align=\"JUSTIFY\"><img decoding=\"async\" loading=\"lazy\" class=\"\" src=\"https:\/\/pbs.twimg.com\/media\/C5V86zRWYAA7R44.jpg\" alt=\"\" width=\"669\" height=\"446\" data-aria-label-part=\"\" \/><\/p>\n<p align=\"JUSTIFY\">\u00a0\u00a0\u00a0\u00a0\u00a0\u00a0\u00a0\u00a0\u00a0\u00a0\u00a0\u00a0\u00a0\u00a0\u00a0\u00a0\u00a0\u00a0\u00a0<strong>\u00a0\u00a0\u00a0\u00a0 Esta imagen de Sevilla fue tomada en uno de esos d\u00edas de espesa calima<\/strong><\/p>\n<p align=\"JUSTIFY\">Cuando viene acompa\u00f1ado por lluvia puede provocar la <strong>\u201clluvia de barro\u201c<\/strong>, incluso puede te\u00f1ir la nieve d\u00e1ndole un aspecto rojizo.<\/p>\n<p align=\"JUSTIFY\">\u00a0 \u00a0 \u00a0 \u00a0 \u00a0 \u00a0 \u00a0 \u00a0 <img decoding=\"async\" loading=\"lazy\" class=\"\" src=\"https:\/\/pbs.twimg.com\/media\/C5WPOCqWMAMRDsx.jpg\" alt=\"\" width=\"622\" height=\"410\" data-aria-label-part=\"\" \/><\/p>\n<blockquote>\n<p align=\"JUSTIFY\"><strong>El\u00a0 \u00f1ino sali\u00f3 a comprar el Pan y, la lluvia junto con la calima del Sahara, le jug\u00f3 una mala pasada<\/strong><\/p>\n<\/blockquote>\n<p align=\"JUSTIFY\">Puede producir molestias en ojos nariz o garganta, no obstante, tambi\u00e9n trae grandes beneficios, pues aporta una gran fuente de nutrientes muy beneficiosos para el campo.<\/p>\n<p align=\"JUSTIFY\">\n<\/div>\n<\/article>\n<p align=\"JUSTIFY\">\u00a0 \u00a0 \u00a0 \u00a0 \u00a0 \u00a0 \u00a0 \u00a0<img decoding=\"async\" loading=\"lazy\" class=\"\" src=\"https:\/\/media.gq.com.mx\/photos\/62127f3eb3938d1f596f9106\/16:9\/w_2560%2Cc_limit\/GettyImages-1249067423%2520(1).jpg\" alt=\"La NASA capta nubes en el cielo de Marte y son impresionantes | GQ\" width=\"648\" height=\"365\" \/><\/p>\n<p align=\"JUSTIFY\"><strong>\u00a0 \u00a0 \u00a0 \u00a0 \u00a0 \u00a0 \u00a0 \u00a0 \u00a0 \u00a0 \u00a0 \u00a0 \u00a0 \u00a0 \u00a0 \u00a0 \u00a0 \u00a0 \u00a0 \u00a0 \u00a0 \u00a0 \u00a0El cielo rojizo de Marte y una tormenta<\/strong><\/p>\n<article id=\"main\">\n<div id=\"blockStyle6161Main1141\">\n<p align=\"JUSTIFY\">Cuando fui testigo del suceso en mi regi\u00f3n del Sur de Espa\u00f1a (Espa\u00f1a o Portugal) me dio la impresi\u00f3n de estar en Marte al ver ese cielo rojizo.<\/p>\n<p align=\"JUSTIFY\">Estos sucesos llegan a casi toda Europa y duran varios d\u00edas. Al ser testigos de estos hechos, nos damos cuenta y somos conscientes de que, la Naturaleza tiene sus normas y nada las puede cambiar.<\/p>\n<p align=\"JUSTIFY\">Noticias NASA<\/p>\n<\/div>\n<\/article>\n<div class='bookmark'>\r\n\t\t<table align='left' border='0' cellpadding='0' width='100%'>\r\n\t\t<tr><td><span class='pushbutton'><a href='http:\/\/delicious.com\/post?url=http%3A%2F%2Fwww.emiliosilveravazquez.com%2Fblog%2F2023%2F07%2F04%2Fla-naturaleza-quien-la-puede-frenar%2F&amp;title=%C2%A1La+Naturaleza%21+%C2%BFQui%C3%A9n+la+puede+frenar%3F' title='Delicious' target='_blank' rel='nofollow'><img src='http:\/\/www.emiliosilveravazquez.com\/blog\/wp-content\/plugins\/knxdt-bookmarks-wordpress-plugin\/images\/delicious.png'  alt='' class='book_img' border='none' style='margin:1px; padding: 0;'  \/><\/a><\/span><span class='pushbutton'><a href='http:\/\/digg.com\/submit?url=http%3A%2F%2Fwww.emiliosilveravazquez.com%2Fblog%2F2023%2F07%2F04%2Fla-naturaleza-quien-la-puede-frenar%2F&amp;title=%C2%A1La+Naturaleza%21+%C2%BFQui%C3%A9n+la+puede+frenar%3F' title='Digg' target='_blank' rel='nofollow'><img src='http:\/\/www.emiliosilveravazquez.com\/blog\/wp-content\/plugins\/knxdt-bookmarks-wordpress-plugin\/images\/digg.png'  alt='' class='book_img' border='none' style='margin:1px; padding: 0;'  \/><\/a><\/span><span class='pushbutton'><a href='http:\/\/www.google.com\/bookmarks\/mark?op=edit&amp;bkmk=http%3A%2F%2Fwww.emiliosilveravazquez.com%2Fblog%2F2023%2F07%2F04%2Fla-naturaleza-quien-la-puede-frenar%2F&amp;title=%C2%A1La+Naturaleza%21+%C2%BFQui%C3%A9n+la+puede+frenar%3F' title='Google' target='_blank' rel='nofollow'><img src='http:\/\/www.emiliosilveravazquez.com\/blog\/wp-content\/plugins\/knxdt-bookmarks-wordpress-plugin\/images\/google.png'   alt='' class='book_img' border='none' style='margin:1px; padding: 0;'  \/><\/a><\/span><span class='pushbutton'><a href='http:\/\/myweb2.search.yahoo.com\/myresults\/bookmarklet?u=http%3A%2F%2Fwww.emiliosilveravazquez.com%2Fblog%2F2023%2F07%2F04%2Fla-naturaleza-quien-la-puede-frenar%2F&amp;t=%C2%A1La+Naturaleza%21+%C2%BFQui%C3%A9n+la+puede+frenar%3F' title='Yahoo' target='_blank' rel='nofollow'><img src='http:\/\/www.emiliosilveravazquez.com\/blog\/wp-content\/plugins\/knxdt-bookmarks-wordpress-plugin\/images\/yahoo.png'  alt='' class='book_img' border='none' style='margin:1px; padding: 0;'  \/><\/a><\/span><span class='pushbutton'><a href='http:\/\/www.technorati.com\/faves?add=http%3A%2F%2Fwww.emiliosilveravazquez.com%2Fblog%2F2023%2F07%2F04%2Fla-naturaleza-quien-la-puede-frenar%2F' title='Technorati' target='_blank' rel='nofollow'><img src='http:\/\/www.emiliosilveravazquez.com\/blog\/wp-content\/plugins\/knxdt-bookmarks-wordpress-plugin\/images\/technorati.png'  alt='' class='book_img' border='none' style='margin:1px; padding: 0;'  \/><\/a><\/span><span class='pushbutton'><a href='http:\/\/meneame.net\/submit.php?url=http%3A%2F%2Fwww.emiliosilveravazquez.com%2Fblog%2F2023%2F07%2F04%2Fla-naturaleza-quien-la-puede-frenar%2F' title='Meneame' target='_blank' rel='nofollow'><img src='http:\/\/www.emiliosilveravazquez.com\/blog\/wp-content\/plugins\/knxdt-bookmarks-wordpress-plugin\/images\/meneame.png'  alt='' class='book_img' border='none' style='margin:1px; padding: 0;'  \/><\/a><\/span><span class='pushbutton'><a href='http:\/\/enchilame.com\/submit.php?url=http:\/\/www.emiliosilveravazquez.com\/blog\/2023\/07\/04\/la-naturaleza-quien-la-puede-frenar\/' target='_blank' rel='nofollow'><img title='Enchilame' src='http:\/\/www.emiliosilveravazquez.com\/blog\/wp-content\/plugins\/knxdt-bookmarks-wordpress-plugin\/images\/enchilame.png'  alt='' class='book_img' border='none' style='margin:1px; padding: 0;'  \/><\/a><\/span><span class='pushbutton'><a href='http:\/\/www.blinklist.com\/index.php?Action=Blink\/addblink.php&amp;Description=&amp;Url=http%3A%2F%2Fwww.emiliosilveravazquez.com%2Fblog%2F2023%2F07%2F04%2Fla-naturaleza-quien-la-puede-frenar%2F&amp;title=%C2%A1La+Naturaleza%21+%C2%BFQui%C3%A9n+la+puede+frenar%3F' title='BlinkList' target='_blank' rel='nofollow'><img src='http:\/\/www.emiliosilveravazquez.com\/blog\/wp-content\/plugins\/knxdt-bookmarks-wordpress-plugin\/images\/blinklist.png'  alt='' class='book_img' border='none' style='margin:1px; padding: 0;'  \/><\/a><\/span><span class='pushbutton'><a href='http:\/\/reddit.com\/submit?url=http%3A%2F%2Fwww.emiliosilveravazquez.com%2Fblog%2F2023%2F07%2F04%2Fla-naturaleza-quien-la-puede-frenar%2F&amp;title=%C2%A1La+Naturaleza%21+%C2%BFQui%C3%A9n+la+puede+frenar%3F' title='Reddit' target='_blank' rel='nofollow'><img src='http:\/\/www.emiliosilveravazquez.com\/blog\/wp-content\/plugins\/knxdt-bookmarks-wordpress-plugin\/images\/reddit.png'  alt='' class='book_img' border='none' style='margin:1px; padding: 0;'  \/><\/a><\/span><span class='pushbutton'><a href='http:\/\/www.tecnologiadiaria.com\/2009\/07\/abrir-com-hotmail-correo.html' target='_blank' title='hotmail'><img src='http:\/\/www.emiliosilveravazquez.com\/blog\/wp-content\/plugins\/knxdt-bookmarks-wordpress-plugin\/images\/linklove.png' alt='hotmail correo' class='book_img' border='none' style='margin:1px; padding: 0;' \/><\/a><\/span><span class='pushbutton'><a href='http:\/\/bitacoras.com\/votar\/anotacion\/externo\/mini\/www.emiliosilveravazquez.com\/blog\/2023\/07\/04\/la-naturaleza-quien-la-puede-frenar\/' title='Bitacoras.com' target='_blank' rel='nofollow'><img src='http:\/\/www.emiliosilveravazquez.com\/blog\/wp-content\/plugins\/knxdt-bookmarks-wordpress-plugin\/images\/bitacoras.png'  alt='' class='book_img' border='none' style='margin:1px; padding: 0;'  \/><\/a><\/span><span class='pushbutton'><a href='http:\/\/www.wikio.es\/vote?url=http%3A%2F%2Fwww.emiliosilveravazquez.com%2Fblog%2F2023%2F07%2F04%2Fla-naturaleza-quien-la-puede-frenar%2F' title='Wikio' target='_blank' rel='nofollow'><img src='http:\/\/www.emiliosilveravazquez.com\/blog\/wp-content\/plugins\/knxdt-bookmarks-wordpress-plugin\/images\/wikio.png'   alt='' class='book_img' border='none' style='margin:1px; padding: 0;'   \/><\/a><\/span><span class='pushbutton'><a href='http:\/\/friendfeed.com\/?url=http%3A%2F%2Fwww.emiliosilveravazquez.com%2Fblog%2F2023%2F07%2F04%2Fla-naturaleza-quien-la-puede-frenar%2F&amp;title=%C2%A1La+Naturaleza%21+%C2%BFQui%C3%A9n+la+puede+frenar%3F' title='Friend Feed' target='_blank' rel='nofollow'><img src='http:\/\/www.emiliosilveravazquez.com\/blog\/wp-content\/plugins\/knxdt-bookmarks-wordpress-plugin\/images\/friendfeed.png'  alt='' class='book_img' border='none' style='margin:1px; padding: 0;'  \/><\/a><\/span><span class='pushbutton'><a href='http:\/\/www.facebook.com\/share.php?u=http%3A%2F%2Fwww.emiliosilveravazquez.com%2Fblog%2F2023%2F07%2F04%2Fla-naturaleza-quien-la-puede-frenar%2F&amp;t=%C2%A1La+Naturaleza%21+%C2%BFQui%C3%A9n+la+puede+frenar%3F' title='Facebook' target='_blank' rel='nofollow'><img src='http:\/\/www.emiliosilveravazquez.com\/blog\/wp-content\/plugins\/knxdt-bookmarks-wordpress-plugin\/images\/facebook.png'  alt='' class='book_img' border='none' style='margin:1px; padding: 0;'  \/><\/a><\/span><span class='pushbutton'><a href='http:\/\/twitter.com\/home?status=%C2%A1La+Naturaleza%21+%C2%BFQui%C3%A9n+la+puede+frenar%3F: http%3A%2F%2Fwww.emiliosilveravazquez.com%2Fblog%2F2023%2F07%2F04%2Fla-naturaleza-quien-la-puede-frenar%2F' title='Twitter' target='_blank' rel='nofollow'><img src='http:\/\/www.emiliosilveravazquez.com\/blog\/wp-content\/plugins\/knxdt-bookmarks-wordpress-plugin\/images\/twitter.png'  alt='' class='book_img' border='none' style='margin:1px; padding: 0;'  \/><\/a><\/span><span class='pushbutton'><a href='http:\/\/www.feedburner.com\/fb\/a\/emailFlare?itemTitle=%C2%A1La+Naturaleza%21+%C2%BFQui%C3%A9n+la+puede+frenar%3F&amp;uri=http%3A%2F%2Fwww.emiliosilveravazquez.com%2Fblog%2F2023%2F07%2F04%2Fla-naturaleza-quien-la-puede-frenar%2F' title='Enviar por Email' target='_blank' rel='nofollow'><img src='http:\/\/www.emiliosilveravazquez.com\/blog\/wp-content\/plugins\/knxdt-bookmarks-wordpress-plugin\/images\/email.png'  alt='' class='book_img' border='none' style='margin:1px; padding: 0;'  \/><\/a><\/span><span style='font-weight:bold; padding-left: 5px;'><a href='http:\/\/wordpress.org\/extend\/plugins\/knxdt-bookmarks-wordpress-plugin\/' title='Plugin' rel='nofollow' target='_blank'>[?]<\/a><\/span><\/td><\/tr><\/table><br\/><br\/><\/div>","protected":false},"excerpt":{"rendered":"<p>\u00a0 \u00a0 \u00a0 \u00a0 \u00a0 \u00a0 \u00a0 \u00a0 \u00a0 \u00a0 \u00a0 \u00a0 \u00a0 \u00a0 \u00a0 \u00a0 \u00a0 \u00a0 \u00a0 \u00a0 \u00a0 \u00a0 \u00a0 \u00a0 \u00a0 \u00a0 \u00a0 \u00a0 \u00a0 \u00a0 \u00a0 \u00a0 \u00a0 \u00a0 \u00a0 \u00a0 \u00a0 \u00a0 \u00a0 \u00a0Una Gran Nube de Polvo Sahariano Cubre Espa\u00f1a y Portugal Una intensa nube polvo y arena [&hellip;]<\/p>\n","protected":false},"author":2,"featured_media":0,"comment_status":"open","ping_status":"open","sticky":false,"template":"","format":"standard","meta":{"_s2mail":"","footnotes":""},"categories":[1],"tags":[],"_links":{"self":[{"href":"http:\/\/www.emiliosilveravazquez.com\/blog\/wp-json\/wp\/v2\/posts\/30625"}],"collection":[{"href":"http:\/\/www.emiliosilveravazquez.com\/blog\/wp-json\/wp\/v2\/posts"}],"about":[{"href":"http:\/\/www.emiliosilveravazquez.com\/blog\/wp-json\/wp\/v2\/types\/post"}],"author":[{"embeddable":true,"href":"http:\/\/www.emiliosilveravazquez.com\/blog\/wp-json\/wp\/v2\/users\/2"}],"replies":[{"embeddable":true,"href":"http:\/\/www.emiliosilveravazquez.com\/blog\/wp-json\/wp\/v2\/comments?post=30625"}],"version-history":[{"count":0,"href":"http:\/\/www.emiliosilveravazquez.com\/blog\/wp-json\/wp\/v2\/posts\/30625\/revisions"}],"wp:attachment":[{"href":"http:\/\/www.emiliosilveravazquez.com\/blog\/wp-json\/wp\/v2\/media?parent=30625"}],"wp:term":[{"taxonomy":"category","embeddable":true,"href":"http:\/\/www.emiliosilveravazquez.com\/blog\/wp-json\/wp\/v2\/categories?post=30625"},{"taxonomy":"post_tag","embeddable":true,"href":"http:\/\/www.emiliosilveravazquez.com\/blog\/wp-json\/wp\/v2\/tags?post=30625"}],"curies":[{"name":"wp","href":"https:\/\/api.w.org\/{rel}","templated":true}]}}