{"id":30530,"date":"2023-06-18T07:04:49","date_gmt":"2023-06-18T06:04:49","guid":{"rendered":"http:\/\/www.emiliosilveravazquez.com\/blog\/?p=30530"},"modified":"2023-06-18T07:04:49","modified_gmt":"2023-06-18T06:04:49","slug":"desde-la-materia-inerte-hasta-los-pensamientos-4","status":"publish","type":"post","link":"http:\/\/www.emiliosilveravazquez.com\/blog\/2023\/06\/18\/desde-la-materia-inerte-hasta-los-pensamientos-4\/","title":{"rendered":"Desde la materia \u201cinerte\u201d hasta los pensamientos"},"content":{"rendered":"<p><img decoding=\"async\" src=\"http:\/\/alexpantarei.files.wordpress.com\/2008\/03\/tiempo3.jpg\" alt=\"http:\/\/alexpantarei.files.wordpress.com\/2008\/03\/tiempo3.jpg\" \/><\/p>\n<p><strong>\u00a0 \u00a0 \u00a0 \u00a0 \u00a0 \u00a0 \u00a0 \u00a0 \u00a0 \u00a0 El mito del eterno retorno &#8211; La regeneraci\u00f3n del Tiempo<\/strong><\/p>\n<p style=\"text-align: justify;\">Tomado literalmente, el tiempo c\u00edclico hasta sugiere una especie de inmortalidad. Eudemo de Rodas, disc\u00edpulo de <strong>Arist\u00f3teles<\/strong>, dec\u00eda a sus propios disc\u00edpulos: <strong>\u201cSi cre\u00e9is a los pitag\u00f3ricos, todo retornar\u00e1 con el tiempo en el mismo orden num\u00e9rico, y yo conversar\u00e9 con vosotros con el bast\u00f3n en la mano y vosotros os sentar\u00e9is como est\u00e1is sentados ahora, y lo mismo suceder\u00e1 con toda otra cosa\u201d<\/strong>. Por estas o por otras razones, el tiempo c\u00edclico a\u00fan es popular hoy, y muchos cosm\u00f3logos defienden modelos del<strong> \u201cuniverso oscilante\u201d<\/strong> en los que se supone que la expansi\u00f3n del universo en alg\u00fan momento se detendr\u00e1 y ser\u00e1 seguida por un colapso c\u00f3smico en los fuegos purificadores del siguiente <a href=\"#\" onclick=\"referencia('big bang',event); return false;\">Big Bang<\/a>.<\/p>\n<p><a href=\"http:\/\/www.emiliosilveravazquez.com\/blog\/2013\/10\/10\/%c2%bfcerebro-y-mente-%c2%bfinteligencia-y-sabiduria-2\/\" rel=\"prev\">\u00bfCerebro y Mente? \u00bfInteligencia y Sabidur\u00eda?<\/a><\/p>\n<p>&nbsp;<\/p>\n<p><img decoding=\"async\" src=\"https:\/\/editorialverbum.es\/wp-content\/uploads\/2021\/02\/Aristoteles.jpg\" alt=\"Arist\u00f3teles - Editorial Verbum\" \/><\/p>\n<p>&nbsp;<\/p>\n<div>\n<p style=\"text-align: justify;\"><strong>Arist\u00f3teles <\/strong>naci\u00f3 el primer a\u00f1o de la Olimpiada XCIX (384 antes de J. C.), en Estagira, <a id=\"_GPLITA_0\" title=\"Click to Continue &gt; by Savings Wave\" href=\"http:\/\/www.emiliosilveravazquez.com\/blog\/2013\/10\/10\/mente-y-filosofia-%C2%A1los-pensamientos\/#\">colonia<img decoding=\"async\" src=\"http:\/\/savingswave-a.akamaihd.net\/items\/it\/img\/arrow-10x10.png\" alt=\"\" \/><\/a> griega de la Tracia. Su padre, <strong>Nic\u00f3maco<\/strong>, era m\u00e9dico y amigo de Amintas, rey de Macedonia; y descend\u00eda de una familia cuyo origen remontaba hasta Esculapio. Se hace menci\u00f3n de <a id=\"_GPLITA_1\" title=\"Click to Continue &gt; by Savings Wave\" href=\"http:\/\/www.emiliosilveravazquez.com\/blog\/2013\/10\/10\/mente-y-filosofia-%C2%A1los-pensamientos\/#\">esta<img decoding=\"async\" src=\"http:\/\/savingswave-a.akamaihd.net\/items\/it\/img\/arrow-10x10.png\" alt=\"\" \/><\/a> circunstancia, porque no dej\u00f3 de influir en la direcci\u00f3n de los estudios de este gran fil\u00f3sofo; por lo menos prueba, que <strong>su familia cultivaba <a id=\"_GPLITA_2\" title=\"Click to Continue &gt; by Savings Wave\" href=\"http:\/\/www.emiliosilveravazquez.com\/blog\/2013\/10\/10\/mente-y-filosofia-%C2%A1los-pensamientos\/#\">desde<img decoding=\"async\" src=\"http:\/\/savingswave-a.akamaihd.net\/items\/it\/img\/arrow-10x10.png\" alt=\"\" \/><\/a> muy antiguo y como por tradici\u00f3n las ciencias naturales y m\u00e9dicas<\/strong>; y se cree, que su padre dej\u00f3 escritas algunas obras sobre historia natural y medicina.<\/p>\n<p>&nbsp;<\/p>\n<p style=\"text-align: justify;\"><img decoding=\"async\" loading=\"lazy\" src=\"http:\/\/1.bp.blogspot.com\/-MKzuoduDSH0\/Tp3EY6LEDdI\/AAAAAAAAHLc\/ldcddiPBEM4\/s320\/aristoteles+le+corvo+mecanique.jpg\" alt=\"\" width=\"320\" height=\"320\" border=\"0\" \/><\/p>\n<blockquote><p><strong>\u201c\u2026la metaf\u00edsica de Arist\u00f3teles: \u2026 es indicadora de todo lo que viene despu\u00e9s (de la f\u00edsica), y que se encuentra m\u00e1s all\u00e1 de lo percibido\u201d.<\/strong><\/p><\/blockquote>\n<\/div>\n<p>En el tratado filos\u00f3fico de Arist\u00f3teles, a los que los comentaristas llamaron <strong>Filosof\u00eda primera<\/strong> y tambi\u00e9n <strong>Teolog\u00eda<\/strong>, aparecen referencias a la <strong>Metaf\u00edsica<\/strong> <a id=\"_GPLITA_6\" title=\"Click to Continue &gt; by Savings Wave\" href=\"http:\/\/www.emiliosilveravazquez.com\/blog\/2013\/10\/10\/mente-y-filosofia-%C2%A1los-pensamientos\/#\">como<img decoding=\"async\" src=\"http:\/\/savingswave-a.akamaihd.net\/items\/it\/img\/arrow-10x10.png\" alt=\"\" \/><\/a> <strong>la ciencia del Ser<\/strong>, y trata de indagar las primeras causas y principios de las cosas, la naturaleza \u00edntima y el destino de los seres.<\/p>\n<div id=\"content\">\n<div id=\"contentmiddle\">\n<div style=\"text-align: justify;\">\n<div><a href=\"http:\/\/www.emiliosilveravazquez.com\/blog\/2013\/10\/10\/mente-y-filosofia-%c2%a1los-pensamientos\/\" rel=\"next\">Mente y Filosof\u00eda\u2026 \u00a1Los pensamientos!<\/a><\/div>\n<\/div>\n<\/div>\n<\/div>\n<div><\/div>\n<h3>\u00a0 \u00a0 \u00a0 \u00a0 \u00a0 \u00a0 \u00a0 \u00a0 <img decoding=\"async\" loading=\"lazy\" class=\"\" src=\"https:\/\/thumbs.dreamstime.com\/b\/galaxia-cosmos-cosmolog%C3%ADa-f%C3%ADsica-ciencia-ficci%C3%B3n-wallpaperbelleza-del-universo-elementos-amueblados-por-la-nasa-fondo-espacio-208971950.jpg\" alt=\"Galaxia Cosmos Cosmolog\u00eda F\u00edsica Ciencia Ficci\u00f3n Wallpaperbelleza Del Universo. Elementos Amueblados Por La Nasa Foto de archivo - Imagen de noche, cohete: 208971950\" width=\"572\" height=\"382\" \/><\/h3>\n<div id=\"content\">\n<div id=\"contentmiddle\">\n<div>\n<blockquote>\n<div style=\"text-align: justify;\"><strong>Una parte de la ciencia estudia la estructura y la evoluci\u00f3n del Universo: La cosmolog\u00eda. Los ciclos que se suceden desde la explosi\u00f3n de una estrella masiva a Nebulosa que genera nuevas estrellas, nuevos mundos y&#8230; \u00bfNuevas formas de Vida?<\/strong><\/div>\n<\/blockquote>\n<\/div>\n<div>\n<p style=\"text-align: justify;\">La cosmolog\u00eda observacional se ocupa de las propiedades f\u00edsicas del Universo, como su composici\u00f3n f\u00edsica referida a la qu\u00edmica, la velocidad de expansi\u00f3n y su densidad, adem\u00e1s de la distribuci\u00f3n de Galaxias y c\u00famulos de galaxias.\u00a0 La cosmolog\u00eda f\u00edsica intenta comprender estas propiedades aplicando las leyes conocidas de la f\u00edsica y de la astrof\u00edsica.\u00a0 La cosmolog\u00eda te\u00f3rica construye <a id=\"_GPLITA_3\" title=\"Click to Continue &gt; by Savings Wave\" href=\"http:\/\/www.emiliosilveravazquez.com\/blog\/2013\/10\/10\/desde-la-materia-%e2%80%9cinerte%e2%80%9d-a-los-pensamintos\/#\">modelos<img decoding=\"async\" src=\"http:\/\/savingswave-a.akamaihd.net\/items\/it\/img\/arrow-10x10.png\" alt=\"\" \/><\/a> que dan una descripci\u00f3n matem\u00e1tica de las propiedades observadas del Universo basadas en esta comprensi\u00f3n f\u00edsica.<\/p>\n<p>&nbsp;<\/p>\n<\/div>\n<\/div>\n<\/div>\n<p><img decoding=\"async\" loading=\"lazy\" class=\"\" src=\"https:\/\/media-temporary.preziusercontent.com\/frames-public\/3\/8\/f\/3\/c\/abcda174d8ea00142d40d21beb3380.jpeg\" alt=\"La cosmologia by Brian Vega Bernal\" width=\"529\" height=\"338\" \/><\/p>\n<p>&nbsp;<\/p>\n<div id=\"content\">\n<div id=\"contentmiddle\">\n<div>\n<p style=\"text-align: justify;\">La cosmolog\u00eda tambi\u00e9n tiene aspectos filos\u00f3ficos, o incluso teol\u00f3gicos, en el sentido de que trata de comprender por qu\u00e9 el Universo tiene las propiedades observadas. De hecho, despu\u00e9s de unos miles de millones de a\u00f1os de evoluci\u00f3n, el Universo se ha valido de las estrellas para elaborar los materiales que han posibilitado la aparici\u00f3n de la vida.<\/p>\n<p>&nbsp;<\/p>\n<\/div>\n<\/div>\n<\/div>\n<p><img decoding=\"async\" loading=\"lazy\" class=\"\" src=\"https:\/\/images.ecestaticos.com\/ha_z5V8oyyNuQYn2YWc5KbjEHwM=\/0x0:2147x1396\/1200x900\/filters:fill(white):format(jpg)\/f.elconfidencial.com%2Foriginal%2F1d4%2F2b3%2Ff79%2F1d42b3f7942ec7812e481c2a5a71d395.jpg\" alt=\"No tienes ni idea de qu\u00e9 es la teor\u00eda de la relatividad: una explicaci\u00f3n para que dejes de poner cara de p\u00f3ker\" width=\"522\" height=\"392\" \/><\/p>\n<p>&nbsp;<\/p>\n<p><strong>Una mara\u00f1a de profundos pensamientos que nos trajeron una nueva cosmolog\u00eda<\/strong><\/p>\n<div id=\"content\">\n<div id=\"contentmiddle\">\n<div>\n<p style=\"text-align: justify;\">La cosmolog\u00eda te\u00f3rica se basa en la teor\u00eda de la <a href=\"http:\/\/www.emiliosilveravazquez.com\/blog\/2013\/10\/10\/desde-la-materia-%e2%80%9cinerte%e2%80%9d-a-los-pensamintos\/#\"><a href=\"#\" onclick=\"referencia('relatividad',event); return false;\">relatividad<\/a><\/a> <a id=\"_GPLITA_4\" title=\"Click to Continue &gt; by Savings Wave\" href=\"http:\/\/www.emiliosilveravazquez.com\/blog\/2013\/10\/10\/desde-la-materia-%e2%80%9cinerte%e2%80%9d-a-los-pensamintos\/#\">general<img decoding=\"async\" src=\"http:\/\/savingswave-a.akamaihd.net\/items\/it\/img\/arrow-10x10.png\" alt=\"\" \/><\/a>, la teor\u00eda de <a href=\"http:\/\/www.emiliosilveravazquez.com\/blog\/2013\/10\/10\/desde-la-materia-%e2%80%9cinerte%e2%80%9d-a-los-pensamintos\/#\"><a href=\"#\" onclick=\"referencia('einstein',event); return false;\">Einstein<\/a><\/a> de la gravitaci\u00f3n.\u00a0 De todas las fuerzas de la naturaleza, la gravedad es la que tiene efectos <a id=\"_GPLITA_5\" title=\"Click to Continue &gt; by Savings Wave\" href=\"http:\/\/www.emiliosilveravazquez.com\/blog\/2013\/10\/10\/desde-la-materia-%e2%80%9cinerte%e2%80%9d-a-los-pensamintos\/#\">m\u00e1s<img decoding=\"async\" src=\"http:\/\/savingswave-a.akamaihd.net\/items\/it\/img\/arrow-10x10.png\" alt=\"\" \/><\/a> intensos a grandes escalas y domina el comportamiento del Universo en su conjunto. El espacio-tiempo, la materia contenida en el Universo con la fuerza gravitatoria que genera y, nuestras mentes que tienen conocimientos de que todo esto sucede.<\/p>\n<p>&nbsp;<\/p>\n<p style=\"text-align: justify;\">\u00a0 \u00a0 \u00a0 \u00a0 \u00a0 \u00a0 \u00a0 \u00a0 \u00a0 \u00a0 \u00a0 <img decoding=\"async\" loading=\"lazy\" id=\"il_fi\" src=\"http:\/\/3.bp.blogspot.com\/-BZsGrHWMJdk\/UByVtSM8C9I\/AAAAAAAAArg\/UF7y-HXfR_Y\/s640\/mente.jpg\" alt=\"\" width=\"514\" height=\"432\" \/><\/p>\n<p>&nbsp;<\/p>\n<p style=\"text-align: justify;\">De manera que, nuestro consciente <strong>(sentimos, pensamos, queremos obrar con conocimiento de lo que hacemos)<\/strong>, es el elemento racional de nuestra personalidad humana que controla y reprime los impulsos del inconsciente, para desarrollar la capacidad de adaptaci\u00f3n al mundo exterior. Al ser conscientes, entendemos y aplicamos nuestra raz\u00f3n natural para clasificar los conocimientos que adquirimos mediante la experiencia y el estudio que aplicamos a la realidad del mundo que nos rodea. Claro que, no todos podemos percibir la realidad de la misma manera, las posibilidades existentes de que el conocimiento de esa realidad responda\u00a0 exactamente a lo que \u00e9sta es en s\u00ed, no parece <a id=\"_GPLITA_8\" title=\"Click to Continue &gt; by Savings Wave\" href=\"http:\/\/www.emiliosilveravazquez.com\/blog\/2013\/10\/10\/desde-la-materia-%e2%80%9cinerte%e2%80%9d-a-los-pensamintos\/#\">f\u00e1cil<img decoding=\"async\" src=\"http:\/\/savingswave-a.akamaihd.net\/items\/it\/img\/arrow-10x10.png\" alt=\"\" \/><\/a>.<\/p>\n<\/div>\n<\/div>\n<\/div>\n<p>&nbsp;<\/p>\n<p><img decoding=\"async\" loading=\"lazy\" class=\"\" src=\"https:\/\/st4.depositphotos.com\/1020857\/25515\/v\/1600\/depositphotos_255150380-stock-illustration-rene-descartes-portrait-in-line.jpg\" alt=\"Ren\u00e9 descartes im\u00e1genes de stock de arte vectorial | Depositphotos\" width=\"209\" height=\"264\" \/><img decoding=\"async\" loading=\"lazy\" class=\"\" src=\"https:\/\/ih1.redbubble.net\/image.1523678703.5737\/st,small,507x507-pad,600x600,f8f8f8.jpg\" alt=\"Pegatina \u00abRETRATO LEIBNIZ\u00bb de iBruster | Redbubble\" width=\"270\" height=\"270\" \/><img decoding=\"async\" loading=\"lazy\" class=\"\" src=\"https:\/\/philosophy.illinois.edu\/sites\/default\/files\/2023-01\/John%20Locke%20Face_0.jpg\" alt=\"John Locke Society Conference to Be Held at Illinois | Philosophy at Illinois\" width=\"189\" height=\"252\" \/><\/p>\n<p><img decoding=\"async\" loading=\"lazy\" class=\"\" src=\"https:\/\/c8.alamy.com\/compes\/fm8ph3\/george-berkeley-1685-1753-alias-el-obispo-berkeley-obispo-de-cloyne-filosofo-angloirlandes-fm8ph3.jpg\" alt=\"George Berkeley, 1685 - 1753, alias El Obispo Berkeley, Obispo de Cloyne. Fil\u00f3sofo Angloirland\u00e9s Fotograf\u00eda de stock - Alamy\" width=\"218\" height=\"323\" \/><img decoding=\"async\" loading=\"lazy\" class=\"\" src=\"https:\/\/c8.alamy.com\/compes\/dfcbbw\/retrato-de-david-hume-1711-1776-un-filosofo-escoces-historiador-economista-y-ensayista-dfcbbw.jpg\" alt=\"Retrato de David Hume, 1711 - 1776, un fil\u00f3sofo escoc\u00e9s, historiador, economista y ensayista Fotograf\u00eda de stock - Alamy\" width=\"246\" height=\"282\" \/><img decoding=\"async\" loading=\"lazy\" class=\"\" src=\"https:\/\/www.shutterstock.com\/image-vector\/immanuel-kant-engraved-vector-portrait-260nw-1306450456.jpg\" alt=\"50,949 im\u00e1genes de Kant - Im\u00e1genes, fotos y vectores de stock | Shutterstock\" width=\"231\" height=\"249\" \/><\/p>\n<div id=\"content\">\n<div id=\"contentmiddle\">\n<div>\n<p>&nbsp;<\/p>\n<p style=\"text-align: justify;\"><strong>Descartes, Leibniz, Locke, Berkeley, Hume<\/strong> (que influy\u00f3 decisivamente en <strong>Kant<\/strong>), entre otros, construyeron una base que tom\u00f3 fuerza en Kant, para quien el conocimiento arranca o nace de nuestras experiencias sensoriales, es decir, de los <a id=\"_GPLITA_6\" title=\"Click to Continue &gt; by Savings Wave\" href=\"http:\/\/www.emiliosilveravazquez.com\/blog\/2013\/10\/10\/desde-la-materia-%e2%80%9cinerte%e2%80%9d-a-los-pensamintos\/#\">datos<img decoding=\"async\" src=\"http:\/\/savingswave-a.akamaihd.net\/items\/it\/img\/arrow-10x10.png\" alt=\"\" \/><\/a> que nos suministra nuestros cinco sentidos, pero no todo en \u00e9l procede de esos datos.\u00a0 Hay en nosotros dos fuentes o potencias distintas que nos capacitan para conocer, y son la sensibilidad (los sentidos) y el entendimiento (inteligencia).\u00a0 Esta no puede elaborar ninguna idea sin los sentidos, pero \u00e9stos son in\u00fatiles sin el entendimiento.<\/p>\n<p>&nbsp;<\/p>\n<p style=\"text-align: justify;\">\u00a0 \u00a0 \u00a0 \u00a0 \u00a0 \u00a0 \u00a0 \u00a0 \u00a0 \u00a0 \u00a0 \u00a0 \u00a0 \u00a0 \u00a0 \u00a0 \u00a0 \u00a0 \u00a0 \u00a0<img decoding=\"async\" loading=\"lazy\" id=\"il_fi\" src=\"http:\/\/unificacionistas.files.wordpress.com\/2010\/01\/ciencia-y-filosofia.jpg\" alt=\"\" width=\"400\" height=\"300\" \/><\/p>\n<p>&nbsp;<\/p>\n<p style=\"text-align: justify;\">A todo esto, para m\u00ed, el conocimiento est\u00e1 inducido por el <a id=\"_GPLITA_7\" title=\"Click to Continue &gt; by Savings Wave\" href=\"http:\/\/www.emiliosilveravazquez.com\/blog\/2013\/10\/10\/desde-la-materia-%e2%80%9cinerte%e2%80%9d-a-los-pensamintos\/#\">inter\u00e9s<img decoding=\"async\" src=\"http:\/\/savingswave-a.akamaihd.net\/items\/it\/img\/arrow-10x10.png\" alt=\"\" \/><\/a>.\u00a0 La falta y ausencia de inter\u00e9s aleja el conocimiento.\u00a0 El inter\u00e9s puede ser de distinta \u00edndole: cient\u00edfico, social, art\u00edstico, filos\u00f3fico, etc.\u00a0 (La gama es tan amplia que existen conocimientos de todas las posibles vertientes o direcciones, hasta tal punto es as\u00ed que, nunca nadie lo podr\u00e1 saber todo sobre todo). Cada uno de nosotros puede elegir sobre los conocimientos que prefiere adquirir y la elecci\u00f3n est\u00e1 adecuada a la conformaci\u00f3n individual de la sensibilidad e inteligencia de cada cual. All\u00ed, en alguna parte, est\u00e1 el germen del inter\u00e9s-curiosidad de cada cual.<\/p>\n<\/div>\n<\/div>\n<\/div>\n<p>&nbsp;<\/p>\n<p><img decoding=\"async\" loading=\"lazy\" class=\"\" src=\"https:\/\/cdn0.frasess.net\/es\/posts\/2\/8\/5\/frases_de_interes_582_orig.jpg\" alt=\"50 FRASES de INTER\u00c9S y desinter\u00e9s\" width=\"494\" height=\"329\" \/><\/p>\n<p>Tambi\u00e9n ocurren casos en los que, una persona no tiene inter\u00e9s porque, ese &#8220;ingrediente&#8221; lo arrancaron de su Ser. No le dieron ninguna oportunidad para desarrollarse y, finalmente termina hastiado del mundo<\/p>\n<div id=\"content\">\n<div id=\"contentmiddle\">\n<div>\n<p style=\"text-align: justify;\">Tambi\u00e9n se da el caso de personas que pr\u00e1cticamente, por cuestiones gen\u00e9ticas o de otra \u00edndole, carecen de cualquier <a id=\"_GPLITA_9\" title=\"Click to Continue &gt; by Savings Wave\" href=\"http:\/\/www.emiliosilveravazquez.com\/blog\/2013\/10\/10\/desde-la-materia-%e2%80%9cinerte%e2%80%9d-a-los-pensamintos\/#\">inter\u00e9s<img decoding=\"async\" src=\"http:\/\/savingswave-a.akamaihd.net\/items\/it\/img\/arrow-10x10.png\" alt=\"\" \/><\/a> por el conocimiento del mundo que les rodea, sus atributos sensoriales y de inteligencia funcionan a tan bajo rendimiento que, sus comportamientos son cuasi-animales (en el sentido de la falta de racionalidad), son guiados por la costumbre y las necesidades primarias: comer, dormir\u2026<\/p>\n<p style=\"text-align: justify;\">El polo opuesto lo encontramos en m\u00faltiples ejemplos de la historia de la ciencia, donde personajes como <a href=\"http:\/\/www.emiliosilveravazquez.com\/blog\/2013\/10\/10\/desde-la-materia-%e2%80%9cinerte%e2%80%9d-a-los-pensamintos\/#\"><a href=\"#\" onclick=\"referencia('newton',event); return false;\">Newton<\/a><\/a>, <a href=\"http:\/\/www.emiliosilveravazquez.com\/blog\/2013\/10\/10\/desde-la-materia-%e2%80%9cinerte%e2%80%9d-a-los-pensamintos\/#\"><a href=\"#\" onclick=\"referencia('einstein',event); return false;\">Einstein<\/a><\/a>, Riemann, Ramanujan y tantos otros (cada uno en su \u00e1mbito del conocimiento), dejaron la muestra al mundo de su genio <a id=\"_GPLITA_10\" title=\"Click to Continue &gt; by Savings Wave\" href=\"http:\/\/www.emiliosilveravazquez.com\/blog\/2013\/10\/10\/desde-la-materia-%e2%80%9cinerte%e2%80%9d-a-los-pensamintos\/#\">superior<img decoding=\"async\" src=\"http:\/\/savingswave-a.akamaihd.net\/items\/it\/img\/arrow-10x10.png\" alt=\"\" \/><\/a>.<\/p>\n<\/div>\n<\/div>\n<\/div>\n<p>&nbsp;<\/p>\n<p><img decoding=\"async\" loading=\"lazy\" class=\"\" src=\"https:\/\/imagenes.elpais.com\/resizer\/dLBVp7kKDyJux7BAuWQkDoIfyVE=\/980x980\/cloudfront-eu-central-1.images.arcpublishing.com\/prisa\/QRALTI7FUFFZHANO63KKQNV22Y.gif\" alt=\"Astrof\u00edsica: Vivimos en una burbuja | Vac\u00edo C\u00f3smico | EL PA\u00cdS\" width=\"501\" height=\"501\" \/><\/p>\n<p>&nbsp;<\/p>\n<div id=\"content\">\n<div id=\"contentmiddle\">\n<div>\n<p style=\"text-align: justify;\">Pero toda la realidad est\u00e1 encerrada en una enorme burbuja a la que llamamos Universo y que encierra todos los misterios y secretos que nosotros, seres racionales y conscientes, perseguimos. Todo el mundo sabe lo que es la conciencia; es lo que nos abandona cada noche cuando nos dormimos y reaparece a la <a id=\"_GPLITA_11\" title=\"Click to Continue &gt; by Savings Wave\" href=\"http:\/\/www.emiliosilveravazquez.com\/blog\/2013\/10\/10\/desde-la-materia-%e2%80%9cinerte%e2%80%9d-a-los-pensamintos\/#\">ma\u00f1ana<img decoding=\"async\" src=\"http:\/\/savingswave-a.akamaihd.net\/items\/it\/img\/arrow-10x10.png\" alt=\"\" \/><\/a> siguiente cuando nos despertamos.\u00a0 Esta enga\u00f1osa simplicidad me recuerda lo que William James escribi\u00f3 a finales del siglo XIX sobre la atenci\u00f3n:\u201d Todo el mundo sabe lo que es la atenci\u00f3n; es la toma de posesi\u00f3n por la mente, de una forma clara e intensa, de un hilo de pensamiento de entre varios simult\u00e1neamente posibles\u201d.\u00a0 M\u00e1s de cien a\u00f1os m\u00e1s tarde somos muchos los que creemos que seguimos sin tener una comprensi\u00f3n de fondo ni de la atenci\u00f3n, ni de la conciencia que, desde luego, no creo que se marche cuando dormimos, ella no nos deja nunca.<\/p>\n<\/div>\n<\/div>\n<\/div>\n<p>&nbsp;<\/p>\n<p>&nbsp;<\/p>\n<p><img decoding=\"async\" loading=\"lazy\" class=\"\" src=\"https:\/\/filco.es\/uploads\/2018\/11\/seronoser....png\" alt=\"Elogio de la duda - Filosof\u00eda &amp; co.\" width=\"584\" height=\"420\" \/><\/p>\n<p>&nbsp;<\/p>\n<div id=\"content\">\n<div id=\"contentmiddle\">\n<div>\n<p style=\"text-align: justify;\">La falta de comprensi\u00f3n ciertamente no se debe a una falta de atenci\u00f3n en los c\u00edrculos filos\u00f3ficos o cient\u00edficos.\u00a0 Desde que Ren\u00e9 Descartes se ocupara del problema, pocos han <a id=\"_GPLITA_12\" title=\"Click to Continue &gt; by Savings Wave\" href=\"http:\/\/www.emiliosilveravazquez.com\/blog\/2013\/10\/10\/desde-la-materia-%e2%80%9cinerte%e2%80%9d-a-los-pensamintos\/#\">sido<img decoding=\"async\" src=\"http:\/\/savingswave-a.akamaihd.net\/items\/it\/img\/arrow-10x10.png\" alt=\"\" \/><\/a> los temas que hayan preocupado a los fil\u00f3sofos tan persistentemente como el enigma de la conciencia.<\/p>\n<\/div>\n<\/div>\n<\/div>\n<p>&nbsp;<\/p>\n<p><img decoding=\"async\" loading=\"lazy\" class=\"\" src=\"https:\/\/scontent.fsvq2-1.fna.fbcdn.net\/v\/t39.30808-6\/299848327_604255527725493_4448866723247912952_n.jpg?_nc_cat=103&amp;ccb=1-7&amp;_nc_sid=a26aad&amp;_nc_ohc=-fqtAqNYWwQAX-89NpW&amp;_nc_ht=scontent.fsvq2-1.fna&amp;oh=00_AfBY_Lsb6pcVoBaksHJYuc4LsJZF-SEoDBn5KGoyBF5cmA&amp;oe=6493961D\" alt=\"Tiada huraian foto disediakan.\" width=\"400\" height=\"400\" \/><\/p>\n<p>&nbsp;<\/p>\n<blockquote>\n<p style=\"text-align: justify;\"><strong>Los fil\u00f3sofos, son quienes tratan de comprender la realidad misma, plante\u00e1ndose incluso la existencia del hombre. Las m\u00e1s grandes interrogantes del ser humano, son ellos quienes por medio de la raz\u00f3n, las contestan sin dejar supuestos. A todos, les interesa el porqu\u00e9 de la existencia de la naturaleza, la realidad y el pensamiento.<\/strong><\/p>\n<\/blockquote>\n<div id=\"content\">\n<div id=\"contentmiddle\">\n<div>\n<p style=\"text-align: justify;\">Para Descartes, como para James <a id=\"_GPLITA_14\" title=\"Click to Continue &gt; by Savings Wave\" href=\"http:\/\/www.emiliosilveravazquez.com\/blog\/2013\/10\/10\/desde-la-materia-%e2%80%9cinerte%e2%80%9d-a-los-pensamintos\/#\">m\u00e1s<img decoding=\"async\" src=\"http:\/\/savingswave-a.akamaihd.net\/items\/it\/img\/arrow-10x10.png\" alt=\"\" \/><\/a> de dos siglos despu\u00e9s, ser consciente era sin\u00f3nimo de \u201cpensar\u201d: el hilo de pensamiento de James no era otra cosa que una corriente de pensamiento. El cogito ergo sum, \u201cpienso, luego existo\u201d, que formul\u00f3 Descartes como fundamento de su filosof\u00eda en Meditaciones de prima philosoph\u00eda, era un reconocimiento expl\u00edcito del papel central que representaba la conciencia con respecto a la ontolog\u00eda (qu\u00e9 es) y la epistemolog\u00eda (qu\u00e9 conocemos y c\u00f3mo le conocemos).<\/p>\n<p>&nbsp;<\/p>\n<p style=\"text-align: justify;\">\u00a0 \u00a0 \u00a0 \u00a0<img decoding=\"async\" loading=\"lazy\" id=\"il_fi\" src=\"http:\/\/4.bp.blogspot.com\/_5ZkGZmaOXyU\/TUxTJ6auXrI\/AAAAAAAAAOM\/h90e3Z88Drc\/s1600\/pensar.jpg\" alt=\"\" width=\"585\" height=\"387\" \/><\/p>\n<p style=\"text-align: justify;\">Claro que tomado a pie juntillas, <strong>\u201csoy consciente, luego existo\u201d<\/strong>, nos conduce a la creencia de que nada existe m\u00e1s all\u00e1 o fuera de la propia conciencia y, por mi parte, no estoy de acuerdo.\u00a0\u00a0 Existen much\u00edsimas cosas y hechos que no est\u00e1n al alcance de mi conciencia.\u00a0 Unas veces por imposibilidad f\u00edsica y otras por imposibilidad intelectual, lo cierto es que son muchas las cuestiones y las cosas que est\u00e1n ah\u00ed y, sin embargo, se escapan a mi limitada conciencia.<\/p>\n<p>&nbsp;<\/p>\n<\/div>\n<\/div>\n<\/div>\n<p><img decoding=\"async\" loading=\"lazy\" class=\"\" src=\"https:\/\/img.freepik.com\/fotos-premium\/desentranando-complejidad-imagen-abstracta-que-simboliza-conciencia-sobre-salud-mental_798657-9192.jpg?w=2000\" alt=\"Desentra\u00f1ando la complejidad imagen abstracta que simboliza la conciencia sobre la salud mental | Foto Premium\" width=\"497\" height=\"331\" \/><\/p>\n<p style=\"text-align: justify;\">\u00a0 \u00a0La Conciencia, a veces, la podr\u00edamos comparar con una compleja mara\u00f1a de ideas entrecruzadas que, como cables enredados es dif\u00edcil de saber como aclarar aquel laberinto de pensamientos que te puedan llevar al sitio m\u00e1s inesperado.<\/p>\n<div id=\"content\">\n<div id=\"contentmiddle\">\n<div>\n<p style=\"text-align: justify;\">Todo el entramado existente alrededor de la conciencia es de una complejidad enorme, de hecho, conocemos mejor el funcionamiento del Universo que el de nuestros propios cerebros, una m\u00e1quina compleja que algunos dicen que hizo el Universo para poder observarse <a id=\"_GPLITA_13\" title=\"Click to Continue &gt; by Savings Wave\" href=\"http:\/\/www.emiliosilveravazquez.com\/blog\/2013\/10\/10\/desde-la-materia-%e2%80%9cinerte%e2%80%9d-a-los-pensamintos\/#\">as\u00ed<img decoding=\"async\" src=\"http:\/\/savingswave-a.akamaihd.net\/items\/it\/img\/arrow-10x10.png\" alt=\"\" \/><\/a> mismo.<\/p>\n<p style=\"text-align: justify;\">\u00bfC\u00f3mo surge la conciencia como resultado de procesos neuronales particulares y de las interacciones entre el cerebro, el cuerpo y el mundo? \u00bfC\u00f3mo pueden explicar <a id=\"_GPLITA_17\" title=\"Click to Continue &gt; by Savings Wave\" href=\"http:\/\/www.emiliosilveravazquez.com\/blog\/2013\/10\/10\/desde-la-materia-%e2%80%9cinerte%e2%80%9d-a-los-pensamintos\/#\">estos<img decoding=\"async\" src=\"http:\/\/savingswave-a.akamaihd.net\/items\/it\/img\/arrow-10x10.png\" alt=\"\" \/><\/a> procesos neuronales las propiedades esenciales de la experiencia consciente?<\/p>\n<p style=\"text-align: justify;\">Cada uno de los estados conscientes es unitario e indivisible, pero al mismo tiempo cada persona puede elegir entre un <a id=\"_GPLITA_15\" title=\"Click to Continue &gt; by Savings Wave\" href=\"http:\/\/www.emiliosilveravazquez.com\/blog\/2013\/10\/10\/desde-la-materia-%e2%80%9cinerte%e2%80%9d-a-los-pensamintos\/#\">n\u00famero<img decoding=\"async\" src=\"http:\/\/savingswave-a.akamaihd.net\/items\/it\/img\/arrow-10x10.png\" alt=\"\" \/><\/a> ingente de estados conscientes distintos.<\/p>\n<p>&nbsp;<\/p>\n<p style=\"text-align: justify;\">\u00a0 \u00a0 \u00a0 \u00a0 \u00a0 \u00a0 \u00a0 \u00a0 \u00a0 \u00a0 \u00a0 \u00a0 \u00a0 \u00a0 \u00a0 \u00a0 \u00a0 \u00a0 <img decoding=\"async\" loading=\"lazy\" id=\"il_fi\" src=\"http:\/\/2.bp.blogspot.com\/-NBugAbJJudg\/TWCrGquFR-I\/AAAAAAAADKM\/CiStzJ4wPH8\/s1600\/cons_image001_phixr.JPG\" alt=\"\" width=\"380\" height=\"448\" \/><\/p>\n<p>&nbsp;<\/p>\n<p style=\"text-align: justify;\">Muchos han sido los que han querido explicar lo que es la conciencia.\u00a0 En 1.940, el gran neurofisi\u00f3logo charles Sherrington lo intento y puso un ejemplo de lo que \u00e9l pensaba sobre el problema de la conciencia.\u00a0 Unos pocos a\u00f1os m\u00e1s tarde tambi\u00e9n lo intentaron otros y, antes, el mismo Bertrand Russell hizo lo propio, y, en todos los casos, con m\u00e1s o menos acierto, el resultado no fue satisfactorio, por una sencilla raz\u00f3n: nadie sabe a ciencia cierta lo que en verdad es la conciencia y cuales son sus verdaderos mecanismos; de hecho, Russell expres\u00f3 su escepticismo sobre la capacidad de los fil\u00f3sofos para alcanzar una <a id=\"_GPLITA_16\" title=\"Click to Continue &gt; by Savings Wave\" href=\"http:\/\/www.emiliosilveravazquez.com\/blog\/2013\/10\/10\/desde-la-materia-%e2%80%9cinerte%e2%80%9d-a-los-pensamintos\/#\">respuesta<img decoding=\"async\" src=\"http:\/\/savingswave-a.akamaihd.net\/items\/it\/img\/arrow-10x10.png\" alt=\"\" \/><\/a>:<\/p>\n<\/div>\n<\/div>\n<\/div>\n<p>&nbsp;<\/p>\n<p><img decoding=\"async\" src=\"https:\/\/i0.wp.com\/seuntriunfador.com\/wp-content\/uploads\/2012\/09\/mision_vision-300x206.jpg?resize=300%2C206\" alt=\"La importancia de la Visi\u00f3n de un L\u00edder\" \/><\/p>\n<div id=\"content\">\n<div id=\"contentmiddle\">\n<div>\n<blockquote>\n<p style=\"text-align: justify;\">\u201cSuponemos que un proceso f\u00edsico da comienzo en un objeto visible, viaja hasta el ojo, donde se convierte en otro proceso f\u00edsico en el nervio \u00f3ptico y, finalmente, produce alg\u00fan efecto en el cerebro al mismo tiempo que vemos el objeto donde se inici\u00f3 el proceso; pero este proceso de ver es algo \u201cmental\u201d, de naturaleza totalmente distinta a la de los procesos f\u00edsicos que lo preceden y acompa\u00f1an.\u00a0 Esta concepci\u00f3n es tan extra\u00f1a que los metaf\u00edsicos han inventado toda suerte de teor\u00edas con el fin de sustituirla con algo menos incre\u00edble\u201d.<\/p>\n<\/blockquote>\n<\/div>\n<\/div>\n<\/div>\n<p>&nbsp;<\/p>\n<p><img decoding=\"async\" src=\"https:\/\/s3.amazonaws.com\/ft-docs\/en\/raise-awareness.jpg\" alt=\"Elevar la conciencia para mejorar tu efectividad\" \/><\/p>\n<p>La Conciencia tiene ramificaciones sin fin, y, lo que podamos hacer en un momento dado&#8230; es impredecible<\/p>\n<div id=\"content\">\n<div id=\"contentmiddle\">\n<div>\n<p style=\"text-align: justify;\"><strong>Est\u00e1 claro que en lo m\u00e1s profundo de \u00e9sta consciencia que no conocemos, se encuentran todas las respuestas planteadas o requeridas mediante preguntas que nadie ha contestado.<\/strong><\/p>\n<p>&nbsp;<\/p>\n<\/div>\n<\/div>\n<\/div>\n<p><img decoding=\"async\" loading=\"lazy\" class=\"\" src=\"https:\/\/previews.123rf.com\/images\/nomadsoul1\/nomadsoul11610\/nomadsoul1161000005\/63568774-hechicera-mirando-a-la-bola-de-cristal-en-su-habitaci%C3%B3n.jpg\" alt=\"Hechicera Mirando A La Bola De Cristal En Su Habitaci\u00f3n Fotos, Retratos, Im\u00e1genes Y Fotograf\u00eda De Archivo Libres De Derecho. Image 63568774.\" width=\"465\" height=\"310\" \/><\/p>\n<p>&nbsp;<\/p>\n<div id=\"content\">\n<div id=\"contentmiddle\">\n<div>\n<p style=\"text-align: justify;\">No creo que mirando en el fondo de la bolita encontremos las respuestas que todos buscamos. M\u00e1s bien estar\u00e1n dentro de nosotros mismos y, lo que tendremos que hacer es, comenzar la <a id=\"_GPLITA_18\" title=\"Click to Continue &gt; by Savings Wave\" href=\"http:\/\/www.emiliosilveravazquez.com\/blog\/2013\/10\/10\/desde-la-materia-%e2%80%9cinerte%e2%80%9d-a-los-pensamintos\/#\">b\u00fasqueda<img decoding=\"async\" src=\"http:\/\/savingswave-a.akamaihd.net\/items\/it\/img\/arrow-10x10.png\" alt=\"\" \/><\/a> de nuestro propio yo. Lo cierto es que, no nos conocemos ni a nosotros mismos.<\/p>\n<\/div>\n<\/div>\n<\/div>\n<p>&nbsp;<\/p>\n<p><img decoding=\"async\" loading=\"lazy\" class=\"\" src=\"https:\/\/pijamasurf.com\/imagen_nota\/tumblr_m9lw26zB1X1qcggzfo1_500_large.jpg?width=1200&amp;enable=upscale\" alt=\"La ciencia confirma que el 97% de nuestro cuerpo est\u00e1 constituido por polvo de estrellas\" width=\"459\" height=\"336\" \/><\/p>\n<p><strong>\u00a0 \u00a0S\u00ed, el 97 por ciento de nuestro cuerpo est\u00e1 hecho de polvo de estrellas<\/strong><\/p>\n<div id=\"content\">\n<div id=\"contentmiddle\">\n<div>\n<p style=\"text-align: justify;\"><strong>Al comienzo mencionaba el cosmos y la gravedad junto con la consciencia y, en realidad, con m\u00e1s o menos acierto, de lo que estaba tratando era de hacer ver que todo ello, es la misma cosa.\u00a0 Universo-Galaxia-Mente.\u00a0 Nada es independiente en un sentido global, sino que son <a id=\"_GPLITA_20\" title=\"Click to Continue &gt; by Savings Wave\" href=\"http:\/\/www.emiliosilveravazquez.com\/blog\/2013\/10\/10\/desde-la-materia-%e2%80%9cinerte%e2%80%9d-a-los-pensamintos\/#\">partes<img decoding=\"async\" src=\"http:\/\/savingswave-a.akamaihd.net\/items\/it\/img\/arrow-10x10.png\" alt=\"\" \/><\/a> de un todo y est\u00e1n estrechamente relacionados. Todo, de alguna manera que no sabemos explicar, est\u00e1 relacionado. Nosotros, no lo olvidemos, somos parte del Universo.<\/strong><\/p>\n<\/div>\n<\/div>\n<p>&nbsp;<\/p>\n<\/div>\n<p>&nbsp;<\/p>\n<div id=\"content\">\n<div id=\"contentmiddle\">\n<div>\n<p>\u00a0 \u00a0 \u00a0 \u00a0 \u00a0 \u00a0 \u00a0 \u00a0 \u00a0 \u00a0 \u00a0 \u00a0 \u00a0 <img decoding=\"async\" loading=\"lazy\" class=\"\" src=\"https:\/\/i0.wp.com\/codigoespagueti.com\/wp-content\/uploads\/2021\/03\/NGC-2336.jpg\" alt=\"Contempla a la bella galaxia espiral en esta foto del telescopio Hubble | C\u00f3digo Espagueti\" width=\"463\" height=\"261\" \/><\/p>\n<p style=\"text-align: justify;\">Una Galaxia es simplemente una parte peque\u00f1a del Universo, nuestro planeta es, una m\u00ednima fracci\u00f3n infinitesimal de esa Galaxia, y, nosotros mismos, podr\u00edamos ser comparados (en <a id=\"_GPLITA_19\" title=\"Click to Continue &gt; by Savings Wave\" href=\"http:\/\/www.emiliosilveravazquez.com\/blog\/2013\/10\/10\/desde-la-materia-%e2%80%9cinerte%e2%80%9d-a-los-pensamintos\/#\">relaci\u00f3n<img decoding=\"async\" src=\"http:\/\/savingswave-a.akamaihd.net\/items\/it\/img\/arrow-10x10.png\" alt=\"\" \/><\/a> a la inmensidad del cosmos) con una colonia de bacterias pensantes e inteligentes.\u00a0 Sin embargo, todo forma parte de lo mismo y, aunque pueda dar la sensaci\u00f3n enga\u00f1osa de una cierta autonom\u00eda, en realidad todo est\u00e1 interconectado y el funcionamiento de una cosa incide directamente en las otras (efecto mariposa).<\/p>\n<p style=\"text-align: justify;\">Pocas dudas pueden caber a estas alturas del\u00a0 hecho de que <a id=\"_GPLITA_23\" title=\"Click to Continue &gt; by Savings Wave\" href=\"http:\/\/www.emiliosilveravazquez.com\/blog\/2013\/10\/10\/desde-la-materia-%e2%80%9cinerte%e2%80%9d-a-los-pensamintos\/#\">poder<img decoding=\"async\" src=\"http:\/\/savingswave-a.akamaihd.net\/items\/it\/img\/arrow-10x10.png\" alt=\"\" \/><\/a> estar hablando de estas cuestiones, es un milagro en s\u00ed mismo.<\/p>\n<\/div>\n<\/div>\n<\/div>\n<p>&nbsp;<\/p>\n<p><img decoding=\"async\" loading=\"lazy\" class=\"\" src=\"https:\/\/ichef.bbci.co.uk\/news\/640\/amz\/worldservice\/live\/assets\/images\/2015\/03\/17\/150317121120_humanos_evolucion_624x351_sciencephotolibrary.jpg\" alt=\"15 cambios que nos hicieron humanos - BBC News Mundo\" width=\"494\" height=\"278\" \/><\/p>\n<p><strong>\u00a0 \u00a0 \u00a0 Por mucho que queramos ocultarlo&#8230;\u00a1Esta es la realidad!<\/strong><\/p>\n<div id=\"content\">\n<div id=\"contentmiddle\">\n<div>\n<p style=\"text-align: justify;\">Despu\u00e9s de millones y millones de a\u00f1os de evoluci\u00f3n, se formaron las conciencias primarias que surgieron en los animales con ciertas estructuras cerebrales de alta complejidad que, pod\u00edan ser capaces de construir una escena mental, pero con capacidad sem\u00e1ntica o simb\u00f3lica muy limitada y careciendo de un verdadero lenguaje.<\/p>\n<p style=\"text-align: justify;\">La conciencia de orden <a id=\"_GPLITA_22\" title=\"Click to Continue &gt; by Savings Wave\" href=\"http:\/\/www.emiliosilveravazquez.com\/blog\/2013\/10\/10\/desde-la-materia-%e2%80%9cinerte%e2%80%9d-a-los-pensamintos\/#\">superior<img decoding=\"async\" src=\"http:\/\/savingswave-a.akamaihd.net\/items\/it\/img\/arrow-10x10.png\" alt=\"\" \/><\/a> (que floreci\u00f3 en los humanos y presupone la coexistencia de una conciencia primaria) viene acompa\u00f1ada de un sentido de la propia identidad y de la capacidad expl\u00edcita de construir en los estados de vigilia escenas pasadas y futuras.\u00a0 Como m\u00ednimo, requiere una capacidad sem\u00e1ntica y, en su forma m\u00e1s desarrollada, una capacidad ling\u00fc\u00edstica.<\/p>\n<p style=\"text-align: justify;\">Los procesos neuronales que subyacen en nuestro cerebro son en realidad desconocidos y, aunque son muchos los <a id=\"_GPLITA_21\" title=\"Click to Continue &gt; by Savings Wave\" href=\"http:\/\/www.emiliosilveravazquez.com\/blog\/2013\/10\/10\/desde-la-materia-%e2%80%9cinerte%e2%80%9d-a-los-pensamintos\/#\">estudios<img decoding=\"async\" src=\"http:\/\/savingswave-a.akamaihd.net\/items\/it\/img\/arrow-10x10.png\" alt=\"\" \/><\/a> y experimentos que se est\u00e1n realizando, su complejidad es tal que, de momento, los avances son muy limitados.\u00a0 Estamos tratando de conocer la &#8220;m\u00e1quina&#8221; m\u00e1s compleja y perfecta que existe en el Universo.<\/p>\n<p>&nbsp;<\/p>\n<p style=\"text-align: justify;\">\u00a0 \u00a0 \u00a0 \u00a0 \u00a0 \u00a0 \u00a0 \u00a0 \u00a0 \u00a0 \u00a0 \u00a0 \u00a0<img decoding=\"async\" src=\"http:\/\/media.tumblr.com\/tumblr_l5teoyo7ds1qzn60e.jpg\" alt=\"Neuronas\" \/><\/p>\n<p style=\"text-align: justify;\"><strong>\u00a0 \u00a0 \u00a0 \u00a0 \u00a0Cien mil millones de neuronas, tantas como estrellas tiene nuestra Galaxia<\/strong><\/p>\n<p style=\"text-align: justify;\">Si eso es as\u00ed, resultar\u00e1 que despu\u00e9s de todo, no somos tan insignificantes como en un principio podr\u00eda parecer, y solo se trata de tiempo. En su momento y evolucionadas, nuestras mentes tendr\u00e1n un nivel de conciencia que estar\u00e1 m\u00e1s all\u00e1 de las percepciones f\u00edsicas tan limitadas.\u00a0 Para entonces, s\u00ed estaremos totalmente integrados y formando parte, como un todo, del Universo que <a id=\"_GPLITA_26\" title=\"Click to Continue &gt; by Savings Wave\" href=\"http:\/\/www.emiliosilveravazquez.com\/blog\/2013\/10\/10\/desde-la-materia-%e2%80%9cinerte%e2%80%9d-a-los-pensamintos\/#\">ahora<img decoding=\"async\" src=\"http:\/\/savingswave-a.akamaihd.net\/items\/it\/img\/arrow-10x10.png\" alt=\"\" \/><\/a> presentimos.<\/p>\n<p style=\"text-align: justify;\">El car\u00e1cter <a id=\"_GPLITA_25\" title=\"Click to Continue &gt; by Savings Wave\" href=\"http:\/\/www.emiliosilveravazquez.com\/blog\/2013\/10\/10\/desde-la-materia-%e2%80%9cinerte%e2%80%9d-a-los-pensamintos\/#\">especial<img decoding=\"async\" src=\"http:\/\/savingswave-a.akamaihd.net\/items\/it\/img\/arrow-10x10.png\" alt=\"\" \/><\/a> de la conciencia me hace adoptar una posici\u00f3n que me lleva a decidir que no es un objeto, sino un proceso y que, desde este punto de <a id=\"_GPLITA_24\" title=\"Click to Continue &gt; by Savings Wave\" href=\"http:\/\/www.emiliosilveravazquez.com\/blog\/2013\/10\/10\/desde-la-materia-%e2%80%9cinerte%e2%80%9d-a-los-pensamintos\/#\">vista<img decoding=\"async\" src=\"http:\/\/savingswave-a.akamaihd.net\/items\/it\/img\/arrow-10x10.png\" alt=\"\" \/><\/a>, puede considerarse un ente digno del estudio cient\u00edfico perfectamente leg\u00edtimo.<\/p>\n<\/div>\n<\/div>\n<\/div>\n<p>&nbsp;<\/p>\n<p><img decoding=\"async\" src=\"https:\/\/l450v.alamy.com\/450ves\/2d9e40g\/concepto-de-conciencia-metafisica-o-inteligencia-artificial-las-olas-pasan-por-la-cabeza-humana-ilustracion-renderizada-en-3d-2d9e40g.jpg\" alt=\"Concepto de conciencia, metaf\u00edsica o inteligencia artificial. Las olas pasan por la cabeza humana. Ilustraci\u00f3n renderizada en 3D Fotograf\u00eda de stock - Alamy\" \/><\/p>\n<p><strong>Queremos llegar a comprenderla pero&#8230; \u00a1No ser\u00e1 f\u00e1cil determinar lo que la Conciencia es!<\/strong><\/p>\n<div id=\"content\">\n<div id=\"contentmiddle\">\n<div>\n<p style=\"text-align: justify;\">La conciencia plantea un problema especial que no se encuentra en otros dominios de la ciencia.\u00a0 En la F\u00edsica y en la Qu\u00edmica se suele explicar unas entidades determinadas en funci\u00f3n de otras entidades y leyes.\u00a0 Podemos describir el agua con el lenguaje ordinario, pero podemos igualmente describir el agua, al menos en principio, en t\u00e9rminos de \u00e1tomos y de leyes de la mec\u00e1nica cu\u00e1ntica.\u00a0 Lo que hacemos es conectar dos niveles de descripci\u00f3n de la misma entidad externa (uno com\u00fan y otro cient\u00edfico de extraordinario poder explicativo y predictivo.\u00a0 Ambos niveles de descripci\u00f3n) el agua l\u00edquida, o una disposici\u00f3n particular de \u00e1tomos que se comportan de acuerdo con las leyes de la mec\u00e1nica cu\u00e1ntica (se refiere a una entidad que est\u00e1 fuera de nosotros y que supuestamente existe independientemente de la existencia de un observador consciente.)<\/p>\n<p>&nbsp;<\/p>\n<p style=\"text-align: justify;\">\u00a0 \u00a0 \u00a0 \u00a0 \u00a0 \u00a0 \u00a0 \u00a0 \u00a0 \u00a0 \u00a0 \u00a0 \u00a0 <img decoding=\"async\" loading=\"lazy\" id=\"irc_mi\" class=\"irc_mut\" style=\"margin-top: 0px;\" src=\"http:\/\/4.bp.blogspot.com\/-5_qZ6Sl17GQ\/TsXPjAT49uI\/AAAAAAAAA-U\/-GYWnRI5KYo\/s1600\/neuronas_spain.jpg\" alt=\"\" width=\"524\" height=\"393\" \/><\/p>\n<p style=\"text-align: justify;\">\u00a0\u00a0\u00a0\u00a0\u00a0\u00a0\u00a0\u00a0\u00a0\u00a0\u00a0\u00a0\u00a0\u00a0\u00a0\u00a0\u00a0\u00a0\u00a0\u00a0\u00a0\u00a0\u00a0\u00a0\u00a0\u00a0\u00a0\u00a0\u00a0\u00a0\u00a0\u00a0<strong>\u00a0\u00a0\u00a0\u00a0\u00a0 Una mara\u00f1a e conexiones sin fin<\/strong><\/p>\n<p style=\"text-align: justify;\">En el caso de la conciencia, sin embargo, nos encontramos con una simetr\u00eda.\u00a0 Lo que intentamos no es simplemente comprender de qu\u00e9 manera se puede explicar las conductas o las operaciones cognitivas de otro ser humano en t\u00e9rminos del funcionamiento de su cerebro, por dif\u00edcil que esto parezca.\u00a0 No queremos simplemente conectar una descripci\u00f3n de algo externo a nosotros con una descripci\u00f3n cient\u00edfica m\u00e1s sofisticada.\u00a0 Lo que realmente queremos hacer es conectar una descripci\u00f3n de algo externo a nosotros (el cerebro), con algo de nuestro <a id=\"_GPLITA_27\" title=\"Click to Continue &gt; by Savings Wave\" href=\"http:\/\/www.emiliosilveravazquez.com\/blog\/2013\/10\/10\/desde-la-materia-%e2%80%9cinerte%e2%80%9d-a-los-pensamintos\/#\">interior<img decoding=\"async\" src=\"http:\/\/savingswave-a.akamaihd.net\/items\/it\/img\/arrow-10x10.png\" alt=\"\" \/><\/a>: una experiencia, nuestra propia experiencia individual, que nos acontece en tanto que observadores conscientes.\u00a0 Intentamos meternos en el interior o, en la atinada ocurrencia del fil\u00f3sofo Tomas Negel, saber qu\u00e9 se siente al ser un murci\u00e9lago.\u00a0 Ya sabemos qu\u00e9 se siente al ser nosotros mismos, qu\u00e9 significa ser nosotros mismos, pero queremos explicar por qu\u00e9 somos conscientes, saber qu\u00e9 es ese \u201calgo\u201d que nos hace ser como somos, explicar, en fin, c\u00f3mo se generan las cualidades subjetivas experienciales.<\/p>\n<\/div>\n<\/div>\n<\/div>\n<p>&nbsp;<\/p>\n<p><img decoding=\"async\" loading=\"lazy\" class=\"\" src=\"https:\/\/lamenteesmaravillosa.com\/wp-content\/uploads\/2015\/12\/conciencia-liberadora.jpg\" alt=\"Ser consciente conlleva dolor y un despertar liberador - La Mente es Maravillosa\" width=\"536\" height=\"318\" \/><\/p>\n<p><strong>Somos conscientes de SER y a donde pertenecemos pero, no sabemos qui\u00e9nes somos<\/strong><\/p>\n<div id=\"content\">\n<div id=\"contentmiddle\">\n<div>\n<p style=\"text-align: justify;\">En suma, deseamos explicar ese \u201cPienso, luego existo\u201d que Descartes postul\u00f3 como evidencia primera e indiscutible sobre la cual edificar toda la filosof\u00eda. Y, todo esto, amigos m\u00edos, es posible gracias a que, en el Universo que nos acoge est\u00e1 presente la F\u00edsica, la Qu\u00edmica y la Biolog\u00eda que surgieron de la evoluci\u00f3n de las estrellas y de la radiaci\u00f3n c\u00f3smica para que <a id=\"_GPLITA_28\" title=\"Click to Continue &gt; by Savings Wave\" href=\"http:\/\/www.emiliosilveravazquez.com\/blog\/2013\/10\/10\/desde-la-materia-%e2%80%9cinerte%e2%80%9d-a-los-pensamintos\/#\">ahora<img decoding=\"async\" src=\"http:\/\/savingswave-a.akamaihd.net\/items\/it\/img\/arrow-10x10.png\" alt=\"\" \/><\/a>, nosotros estemos aqu\u00ed para comentar sobre un \u201ctodo\u201d conformado por la materia y la mente.<\/p>\n<p style=\"text-align: justify;\">emilio silvera<\/p>\n<\/div>\n<\/div>\n<\/div>\n<div class='bookmark'>\r\n\t\t<table align='left' border='0' cellpadding='0' width='100%'>\r\n\t\t<tr><td><span class='pushbutton'><a href='http:\/\/delicious.com\/post?url=http%3A%2F%2Fwww.emiliosilveravazquez.com%2Fblog%2F2023%2F06%2F18%2Fdesde-la-materia-inerte-hasta-los-pensamientos-4%2F&amp;title=Desde+la+materia+%E2%80%9Cinerte%E2%80%9D+hasta+los+pensamientos' title='Delicious' target='_blank' rel='nofollow'><img src='http:\/\/www.emiliosilveravazquez.com\/blog\/wp-content\/plugins\/knxdt-bookmarks-wordpress-plugin\/images\/delicious.png'  alt='' class='book_img' border='none' style='margin:1px; padding: 0;'  \/><\/a><\/span><span class='pushbutton'><a href='http:\/\/digg.com\/submit?url=http%3A%2F%2Fwww.emiliosilveravazquez.com%2Fblog%2F2023%2F06%2F18%2Fdesde-la-materia-inerte-hasta-los-pensamientos-4%2F&amp;title=Desde+la+materia+%E2%80%9Cinerte%E2%80%9D+hasta+los+pensamientos' title='Digg' target='_blank' rel='nofollow'><img src='http:\/\/www.emiliosilveravazquez.com\/blog\/wp-content\/plugins\/knxdt-bookmarks-wordpress-plugin\/images\/digg.png'  alt='' class='book_img' border='none' style='margin:1px; padding: 0;'  \/><\/a><\/span><span class='pushbutton'><a href='http:\/\/www.google.com\/bookmarks\/mark?op=edit&amp;bkmk=http%3A%2F%2Fwww.emiliosilveravazquez.com%2Fblog%2F2023%2F06%2F18%2Fdesde-la-materia-inerte-hasta-los-pensamientos-4%2F&amp;title=Desde+la+materia+%E2%80%9Cinerte%E2%80%9D+hasta+los+pensamientos' title='Google' target='_blank' rel='nofollow'><img src='http:\/\/www.emiliosilveravazquez.com\/blog\/wp-content\/plugins\/knxdt-bookmarks-wordpress-plugin\/images\/google.png'   alt='' class='book_img' border='none' style='margin:1px; padding: 0;'  \/><\/a><\/span><span class='pushbutton'><a href='http:\/\/myweb2.search.yahoo.com\/myresults\/bookmarklet?u=http%3A%2F%2Fwww.emiliosilveravazquez.com%2Fblog%2F2023%2F06%2F18%2Fdesde-la-materia-inerte-hasta-los-pensamientos-4%2F&amp;t=Desde+la+materia+%E2%80%9Cinerte%E2%80%9D+hasta+los+pensamientos' title='Yahoo' target='_blank' rel='nofollow'><img src='http:\/\/www.emiliosilveravazquez.com\/blog\/wp-content\/plugins\/knxdt-bookmarks-wordpress-plugin\/images\/yahoo.png'  alt='' class='book_img' border='none' style='margin:1px; padding: 0;'  \/><\/a><\/span><span class='pushbutton'><a href='http:\/\/www.technorati.com\/faves?add=http%3A%2F%2Fwww.emiliosilveravazquez.com%2Fblog%2F2023%2F06%2F18%2Fdesde-la-materia-inerte-hasta-los-pensamientos-4%2F' title='Technorati' target='_blank' rel='nofollow'><img src='http:\/\/www.emiliosilveravazquez.com\/blog\/wp-content\/plugins\/knxdt-bookmarks-wordpress-plugin\/images\/technorati.png'  alt='' class='book_img' border='none' style='margin:1px; padding: 0;'  \/><\/a><\/span><span class='pushbutton'><a href='http:\/\/meneame.net\/submit.php?url=http%3A%2F%2Fwww.emiliosilveravazquez.com%2Fblog%2F2023%2F06%2F18%2Fdesde-la-materia-inerte-hasta-los-pensamientos-4%2F' title='Meneame' target='_blank' rel='nofollow'><img src='http:\/\/www.emiliosilveravazquez.com\/blog\/wp-content\/plugins\/knxdt-bookmarks-wordpress-plugin\/images\/meneame.png'  alt='' class='book_img' border='none' style='margin:1px; padding: 0;'  \/><\/a><\/span><span class='pushbutton'><a href='http:\/\/enchilame.com\/submit.php?url=http:\/\/www.emiliosilveravazquez.com\/blog\/2023\/06\/18\/desde-la-materia-inerte-hasta-los-pensamientos-4\/' target='_blank' rel='nofollow'><img title='Enchilame' src='http:\/\/www.emiliosilveravazquez.com\/blog\/wp-content\/plugins\/knxdt-bookmarks-wordpress-plugin\/images\/enchilame.png'  alt='' class='book_img' border='none' style='margin:1px; padding: 0;'  \/><\/a><\/span><span class='pushbutton'><a href='http:\/\/www.blinklist.com\/index.php?Action=Blink\/addblink.php&amp;Description=&amp;Url=http%3A%2F%2Fwww.emiliosilveravazquez.com%2Fblog%2F2023%2F06%2F18%2Fdesde-la-materia-inerte-hasta-los-pensamientos-4%2F&amp;title=Desde+la+materia+%E2%80%9Cinerte%E2%80%9D+hasta+los+pensamientos' title='BlinkList' target='_blank' rel='nofollow'><img src='http:\/\/www.emiliosilveravazquez.com\/blog\/wp-content\/plugins\/knxdt-bookmarks-wordpress-plugin\/images\/blinklist.png'  alt='' class='book_img' border='none' style='margin:1px; padding: 0;'  \/><\/a><\/span><span class='pushbutton'><a href='http:\/\/reddit.com\/submit?url=http%3A%2F%2Fwww.emiliosilveravazquez.com%2Fblog%2F2023%2F06%2F18%2Fdesde-la-materia-inerte-hasta-los-pensamientos-4%2F&amp;title=Desde+la+materia+%E2%80%9Cinerte%E2%80%9D+hasta+los+pensamientos' title='Reddit' target='_blank' rel='nofollow'><img src='http:\/\/www.emiliosilveravazquez.com\/blog\/wp-content\/plugins\/knxdt-bookmarks-wordpress-plugin\/images\/reddit.png'  alt='' class='book_img' border='none' style='margin:1px; padding: 0;'  \/><\/a><\/span><span class='pushbutton'><a href='http:\/\/www.tecnologiadiaria.com\/2009\/07\/abrir-com-hotmail-correo.html' target='_blank' title='hotmail'><img src='http:\/\/www.emiliosilveravazquez.com\/blog\/wp-content\/plugins\/knxdt-bookmarks-wordpress-plugin\/images\/linklove.png' alt='hotmail correo' class='book_img' border='none' style='margin:1px; padding: 0;' \/><\/a><\/span><span class='pushbutton'><a href='http:\/\/bitacoras.com\/votar\/anotacion\/externo\/mini\/www.emiliosilveravazquez.com\/blog\/2023\/06\/18\/desde-la-materia-inerte-hasta-los-pensamientos-4\/' title='Bitacoras.com' target='_blank' rel='nofollow'><img src='http:\/\/www.emiliosilveravazquez.com\/blog\/wp-content\/plugins\/knxdt-bookmarks-wordpress-plugin\/images\/bitacoras.png'  alt='' class='book_img' border='none' style='margin:1px; padding: 0;'  \/><\/a><\/span><span class='pushbutton'><a href='http:\/\/www.wikio.es\/vote?url=http%3A%2F%2Fwww.emiliosilveravazquez.com%2Fblog%2F2023%2F06%2F18%2Fdesde-la-materia-inerte-hasta-los-pensamientos-4%2F' title='Wikio' target='_blank' rel='nofollow'><img src='http:\/\/www.emiliosilveravazquez.com\/blog\/wp-content\/plugins\/knxdt-bookmarks-wordpress-plugin\/images\/wikio.png'   alt='' class='book_img' border='none' style='margin:1px; padding: 0;'   \/><\/a><\/span><span class='pushbutton'><a href='http:\/\/friendfeed.com\/?url=http%3A%2F%2Fwww.emiliosilveravazquez.com%2Fblog%2F2023%2F06%2F18%2Fdesde-la-materia-inerte-hasta-los-pensamientos-4%2F&amp;title=Desde+la+materia+%E2%80%9Cinerte%E2%80%9D+hasta+los+pensamientos' title='Friend Feed' target='_blank' rel='nofollow'><img src='http:\/\/www.emiliosilveravazquez.com\/blog\/wp-content\/plugins\/knxdt-bookmarks-wordpress-plugin\/images\/friendfeed.png'  alt='' class='book_img' border='none' style='margin:1px; padding: 0;'  \/><\/a><\/span><span class='pushbutton'><a href='http:\/\/www.facebook.com\/share.php?u=http%3A%2F%2Fwww.emiliosilveravazquez.com%2Fblog%2F2023%2F06%2F18%2Fdesde-la-materia-inerte-hasta-los-pensamientos-4%2F&amp;t=Desde+la+materia+%E2%80%9Cinerte%E2%80%9D+hasta+los+pensamientos' title='Facebook' target='_blank' rel='nofollow'><img src='http:\/\/www.emiliosilveravazquez.com\/blog\/wp-content\/plugins\/knxdt-bookmarks-wordpress-plugin\/images\/facebook.png'  alt='' class='book_img' border='none' style='margin:1px; padding: 0;'  \/><\/a><\/span><span class='pushbutton'><a href='http:\/\/twitter.com\/home?status=Desde+la+materia+%E2%80%9Cinerte%E2%80%9D+hasta+los+pensamientos: http%3A%2F%2Fwww.emiliosilveravazquez.com%2Fblog%2F2023%2F06%2F18%2Fdesde-la-materia-inerte-hasta-los-pensamientos-4%2F' title='Twitter' target='_blank' rel='nofollow'><img src='http:\/\/www.emiliosilveravazquez.com\/blog\/wp-content\/plugins\/knxdt-bookmarks-wordpress-plugin\/images\/twitter.png'  alt='' class='book_img' border='none' style='margin:1px; padding: 0;'  \/><\/a><\/span><span class='pushbutton'><a href='http:\/\/www.feedburner.com\/fb\/a\/emailFlare?itemTitle=Desde+la+materia+%E2%80%9Cinerte%E2%80%9D+hasta+los+pensamientos&amp;uri=http%3A%2F%2Fwww.emiliosilveravazquez.com%2Fblog%2F2023%2F06%2F18%2Fdesde-la-materia-inerte-hasta-los-pensamientos-4%2F' title='Enviar por Email' target='_blank' rel='nofollow'><img src='http:\/\/www.emiliosilveravazquez.com\/blog\/wp-content\/plugins\/knxdt-bookmarks-wordpress-plugin\/images\/email.png'  alt='' class='book_img' border='none' style='margin:1px; padding: 0;'  \/><\/a><\/span><span style='font-weight:bold; padding-left: 5px;'><a href='http:\/\/wordpress.org\/extend\/plugins\/knxdt-bookmarks-wordpress-plugin\/' title='Plugin' rel='nofollow' target='_blank'>[?]<\/a><\/span><\/td><\/tr><\/table><br\/><br\/><\/div>","protected":false},"excerpt":{"rendered":"<p>\u00a0 \u00a0 \u00a0 \u00a0 \u00a0 \u00a0 \u00a0 \u00a0 \u00a0 \u00a0 El mito del eterno retorno &#8211; La regeneraci\u00f3n del Tiempo Tomado literalmente, el tiempo c\u00edclico hasta sugiere una especie de inmortalidad. Eudemo de Rodas, disc\u00edpulo de Arist\u00f3teles, dec\u00eda a sus propios disc\u00edpulos: \u201cSi cre\u00e9is a los pitag\u00f3ricos, todo retornar\u00e1 con el tiempo en el mismo [&hellip;]<\/p>\n","protected":false},"author":2,"featured_media":0,"comment_status":"open","ping_status":"open","sticky":false,"template":"","format":"standard","meta":{"_s2mail":"","footnotes":""},"categories":[1],"tags":[],"_links":{"self":[{"href":"http:\/\/www.emiliosilveravazquez.com\/blog\/wp-json\/wp\/v2\/posts\/30530"}],"collection":[{"href":"http:\/\/www.emiliosilveravazquez.com\/blog\/wp-json\/wp\/v2\/posts"}],"about":[{"href":"http:\/\/www.emiliosilveravazquez.com\/blog\/wp-json\/wp\/v2\/types\/post"}],"author":[{"embeddable":true,"href":"http:\/\/www.emiliosilveravazquez.com\/blog\/wp-json\/wp\/v2\/users\/2"}],"replies":[{"embeddable":true,"href":"http:\/\/www.emiliosilveravazquez.com\/blog\/wp-json\/wp\/v2\/comments?post=30530"}],"version-history":[{"count":0,"href":"http:\/\/www.emiliosilveravazquez.com\/blog\/wp-json\/wp\/v2\/posts\/30530\/revisions"}],"wp:attachment":[{"href":"http:\/\/www.emiliosilveravazquez.com\/blog\/wp-json\/wp\/v2\/media?parent=30530"}],"wp:term":[{"taxonomy":"category","embeddable":true,"href":"http:\/\/www.emiliosilveravazquez.com\/blog\/wp-json\/wp\/v2\/categories?post=30530"},{"taxonomy":"post_tag","embeddable":true,"href":"http:\/\/www.emiliosilveravazquez.com\/blog\/wp-json\/wp\/v2\/tags?post=30530"}],"curies":[{"name":"wp","href":"https:\/\/api.w.org\/{rel}","templated":true}]}}