{"id":30436,"date":"2023-05-30T05:17:16","date_gmt":"2023-05-30T04:17:16","guid":{"rendered":"http:\/\/www.emiliosilveravazquez.com\/blog\/?p=30436"},"modified":"2023-05-30T05:17:16","modified_gmt":"2023-05-30T04:17:16","slug":"la-historia-que-no-siempre-refleja-lo-que-fue","status":"publish","type":"post","link":"http:\/\/www.emiliosilveravazquez.com\/blog\/2023\/05\/30\/la-historia-que-no-siempre-refleja-lo-que-fue\/","title":{"rendered":"\u00a1La Historia! que no siempre refleja lo que fue"},"content":{"rendered":"<p style=\"text-align: justify;\"><img decoding=\"async\" loading=\"lazy\" class=\"\" src=\"https:\/\/time.graphics\/uploadedFiles\/500\/bb\/c4\/bbc426e35b6a3bdcce0619d57f391b79.jpg\" alt=\"15 oct 190 a\u00f1o aC - Hiparc de Nicea (Cinta de tiempo)\" width=\"382\" height=\"382\" \/><\/p>\n<p style=\"text-align: justify;\">\u00a0 \u00a0 \u00a0 \u00a0 \u00a0 \u00a0 HIPARCO DE NICEA (190 \u2013 120 a.C.)<\/p>\n<p style=\"text-align: justify;\">Astr\u00f3nomo, matem\u00e1tico y ge\u00f3grafo nacido en Grecia. Llev\u00f3 a cabo sus observaciones en Rodas, donde construy\u00f3 un observatorio astron\u00f3mico en Alejandr\u00eda (Egipto). Ninguno de sus estudios ha llegado hasta nuestros d\u00edas, pero tenemos noticia de ellos gracias a los escritos de Estrab\u00f3n (Ge\u00f3grafo e historiador griego, 64 a.C.\u201322 d.C.?) y de Claudio Ptolomeo.<\/p>\n<p style=\"text-align: justify;\">En 134 a.C. observ\u00f3 una nueva estrella en la constelaci\u00f3n de Escorpi\u00f3n; alentado por el descubrimiento, el cual, no fue superado en precisi\u00f3n hasta el siglo XVI; elabor\u00f3 un cat\u00e1logo en torno a 850 estrellas, clasificadas seg\u00fan su luminosidad aparente, que distingue seis magnitudes, est\u00e1 en la base de la actual clasificaci\u00f3n fotom\u00e9trica de las estrellas.<\/p>\n<p style=\"text-align: justify;\">Pero vayamos directamente al objeto del comentario de hoy que, no es otro que, dejar claro que no siempre se le concede el m\u00e9rito de alguna idea, al primero que la pudo engendrar. As\u00ed ha sido a lo largo de la historia y as\u00ed seguir\u00e1 siendo (cada vez menos).<\/p>\n<p style=\"text-align: justify;\"><img decoding=\"async\" title=\"M\u00e1s...\" src=\"http:\/\/www.emiliosilveravazquez.com\/blog\/wp-includes\/js\/tinymce\/plugins\/wordpress\/img\/trans.gif\" alt=\"\" \/><\/p>\n<p><img decoding=\"async\" loading=\"lazy\" class=\"\" src=\"https:\/\/museovirtual.csic.es\/salas\/universo\/img\/800px-Nikolaus_Kopernikus_Anonymus_Staatsbibliothek_Krakau.jpg\" alt=\"La revoluci\u00f3n cient\u00edfica. La revoluci\u00f3n copernicana. Museo Virtual de la Ciencia del CSIC\" width=\"256\" height=\"367\" \/><img decoding=\"async\" loading=\"lazy\" class=\"\" src=\"https:\/\/upload.wikimedia.org\/wikipedia\/commons\/e\/ea\/Apparent_retrograde_motion.gif\" alt=\"Revoluci\u00f3n de Cop\u00e9rnico - Wikipedia, la enciclopedia libre\" width=\"360\" height=\"180\" \/><\/p>\n<p>&nbsp;<\/p>\n<p style=\"text-align: justify;\">Alguna vez hemos comentado aqu\u00ed que, la Revoluci\u00f3n copernicana debe alg\u00fan m\u00e9rito a <strong>Aristarco de Samos<\/strong> que en el s III a. de C., ya hab\u00eda propuesto lo mismo. Incluso a los mayas, en este mismo sentido, se le debe alg\u00fan agradecimiento, toda vez que, en el a\u00f1o 1000 d. C. tambi\u00e9n hab\u00edan propuesto un sistema solar helioc\u00e9ntrico.<\/p>\n<p>&nbsp;<\/p>\n<p>&nbsp;<\/p>\n<p>&nbsp;<\/p>\n<p><img decoding=\"async\" src=\"https:\/\/www.biografiasyvidas.com\/biografia\/a\/fotos\/aristarco.jpg\" alt=\"Biografia de Aristarco de Samos\" \/><\/p>\n<p><strong>Aristarco de Samos<\/strong><\/p>\n<p style=\"text-align: justify;\">Todo esta realidad no viene a quitarle a Cop\u00e9rnico ning\u00fan m\u00e9rito, ya que fue \u00e9l el que tuvo que reparar las resquebrajadas matem\u00e1cas del sistema de Tolomeo. Doscientos a\u00f1os antes de Pit\u00e1goras, ciertos fil\u00f3sofos del norte de la india hab\u00edan llegado a comprender que la gravitaci\u00f3n hace que el Sistema solar se mantenga y que, por consiguiente, el Sol, por ser el objeto de mayor masa, ten\u00eda que estar en el centro del Sistema.<\/p>\n<p>&nbsp;<\/p>\n<p align=\"center\"><img decoding=\"async\" loading=\"lazy\" id=\"il_fi\" src=\"http:\/\/t2.gstatic.com\/images?q=tbn:ANd9GcTD4NaKo0fISZiOwhSckkzaFFEbhoJMYQtbCEDbuJQv4BOHOy9KfDDwzkmp\" alt=\"\" width=\"248\" height=\"203\" \/><\/p>\n<p style=\"text-align: justify;\" align=\"center\">En el siglo II d.C., <strong>Claudio Tolomeo<\/strong> plante\u00f3 un modelo del Universo con la Tierra en el centro. En el modelo, la Tierra permanece estacionaria mientras los planetas, la Luna y el Sol describen complicadas \u00f3rbitas alrededor de ella.<\/p>\n<p style=\"text-align: justify;\">Aparentemente, a Tolomeo le preocupaba que el modelo funcionara desde el punto de vista matem\u00e1tico, y no tanto que describiera con precisi\u00f3n el movimiento planetario. Aunque posteriormente se demostr\u00f3 su incorrecci\u00f3n, el modelo de Tolomeo se acept\u00f3 durante varios siglos.<\/p>\n<p>&nbsp;<\/p>\n<p>&nbsp;<\/p>\n<p><img decoding=\"async\" loading=\"lazy\" class=\"\" src=\"https:\/\/www.huerto.bio\/web\/content\/uploads\/2017\/03\/sacrobosco_-_sphaera.jpg\" alt=\"El Almagesto: el antiguo libro astron\u00f3mico de Ptolomeo\" width=\"502\" height=\"376\" \/><\/p>\n<p><strong>El Almagesto: Antiguo libro astron\u00f3mico de Ptolomeo<\/strong><\/p>\n<p style=\"text-align: justify;\">La primera y m\u00e1s famosa obra de <strong>Tolomeo<\/strong>, escrita originariamente en griego, se tradujo al \u00e1rabe como <strong>al-Majisti<\/strong> (Obra magna). En Europa, las traducciones latinas medievales reprodujeron el t\u00edtulo como <strong>Almagesti,<\/strong> y desde entonces se le conoce simplemente como Almagesto. En esta obra, Tolomeo plante\u00f3 una teor\u00eda geom\u00e9trica para explicar matem\u00e1ticamente los movimientos y posiciones aparentes de los planetas, el Sol y la Luna contra un fondo de estrellas inm\u00f3viles. Esta obra no inclu\u00eda ninguna descripci\u00f3n f\u00edsica de los objetos del espacio.<\/p>\n<p style=\"text-align: justify;\">Su teor\u00eda resulta confusa y, por muchas consultas que de ella queramos hacer, no pueden ser solucionadas las incongruencias que en el modelo est\u00e1n presentes. Este efecto de la teor\u00eda de Tolomeo recibe el nombre del problema del ecuante y, seg\u00fan parece, tampoco los griegos pudieron encontrar la soluci\u00f3n. El problema del ecuante, sin embargo, no pudo enga\u00f1ar a los \u00e1rabes y, durante el final de la Edad Media, varios astr\u00f3nomos isl\u00e1micos idearon unos teoremas que correg\u00edan los fallos de Tolomeo.<\/p>\n<p style=\"text-align: justify;\">Cop\u00e9rnico abord\u00f3 el mismo problema del ecuante. Faltaba un siglo para que naciera Isaac <a href=\"#\" onclick=\"referencia('newton',event); return false;\">Newton<\/a>, por lo que Cop\u00e9rnico al igual que le hab\u00eda sucedido antes a Tolomeo y a los \u00e1rabes, no pod\u00eda recurrir a la gravitaci\u00f3n para conseguir entender el problema. Por lo tanto no pas\u00f3 de forma inmediata de un sistema solar geo-c\u00e9ntrico a un sistema helioc\u00e9ntrico. Lo que hizo fue mejorar primero el sistema de Tolomeo, situando aquella visi\u00f3n de los cielos desde la Tierra sobre una base matem\u00e1tica m\u00e1s s\u00f3lida. Fue despu\u00e9s de conseguir esto cuando Cop\u00e9rnico transport\u00f3 todo el sistema del Modelo centrado en la Tierra al Modelo centrado en el Sol.<\/p>\n<p>&nbsp;<\/p>\n<p style=\"text-align: justify;\"><img decoding=\"async\" loading=\"lazy\" src=\"http:\/\/upload.wikimedia.org\/wikipedia\/commons\/thumb\/5\/57\/Heliocentric.jpg\/300px-Heliocentric.jpg\" alt=\"\" width=\"300\" height=\"253\" \/><\/p>\n<p>&nbsp;<\/p>\n<p style=\"text-align: justify;\">Como hemos dicho, m\u00e1s de un milenio m\u00e1s tarde, en el siglo XVI, la teor\u00eda volver\u00eda a ser formulada, esta vez por Nicol\u00e1s <strong>Cop\u00e9rnico<\/strong>, uno de los m\u00e1s influyentes astr\u00f3nomos de la Historia, con la publicaci\u00f3n en 1543 del libro<em><strong> DE Revolutionibus<\/strong> <strong>Orbium Coelestium<\/strong>. <\/em> La diferencia fundamental entre la propuesta de Aristarco en la antig\u00fcedad y la teor\u00eda de Cop\u00e9rnico es que este \u00faltimo emplea c\u00e1lculos matem\u00e1ticos para sustentar su hip\u00f3tesis. Precisamente a causa de esto, sus ideas marcaron el comienzo de lo que se conoce como la revoluci\u00f3n cient\u00edfica. No s\u00f3lo un cambio important\u00edsimo en la astronom\u00eda, sino en las ciencias en general y particularmente en la cosmovisi\u00f3n de la civilizaci\u00f3n. A partir de la publicaci\u00f3n de su libro y la refutaci\u00f3n del sistema geoc\u00e9ntrico defendido por la astronom\u00eda griega, la civilizaci\u00f3n rompe con la idealizaci\u00f3n del saber incuestionable de la antig\u00fcedad y se lanza con mayor \u00edmpetu en busca del conocimiento.<\/p>\n<p>&nbsp;<\/p>\n<p>&nbsp;<\/p>\n<p><img decoding=\"async\" loading=\"lazy\" class=\"\" src=\"https:\/\/www.muyinteresante.es\/files\/article_social\/uploads\/2022\/10\/13\/63475fd059891.jpeg\" alt=\"Hace 400 a\u00f1os: la Iglesia ataca el heliocentrismo\" width=\"554\" height=\"291\" \/><\/p>\n<p><strong>Hace m\u00e1s de 400 a\u00f1os, la Iglesia Cat\u00f3lica atacaba el Heliocentrismo<\/strong><\/p>\n<p style=\"text-align: justify;\">No olvidemos que en los tempestuosos tiempos los de la Reforma. En astronom\u00eda la Iglesia Cat\u00f3lica no admit\u00eda el sistema geoc\u00e9ntrico de Tolomeo (los planetas y el sol giran alrededor de la tierra) y despreciaba el nuevo sistema helioc\u00e9ntrico (los planetas y la tierra giran alrededor del sol), parad\u00f3jicamente difundido por un monje polaco llamado Cop\u00e9rnico; el sistema helioc\u00e9ntrico ten\u00eda m\u00e1s visos de realidad, pero la tradici\u00f3n cuesta desterrarla.<\/p>\n<p style=\"text-align: justify;\">Todo aquello hizo suponer a todos que Cop\u00e9rnico hab\u00eda podido construir este nuevo sistema planetario utilizando las matem\u00e1ticas de que se dispon\u00eda en aquel momento y que la revoluci\u00f3n copernicana depend\u00eda de que se aplicaran de una manera nueva y creativa algunas obras cl\u00e1sicas griegas, tales como los Elementos de Euclides y el Almagesto de Tolomeo. Esta idea comenz\u00f3 a derrumbarse a finales de la d\u00e9cada de 1950, cuando varios expertos, entre ellos <strong>Otto Neugebauer<\/strong>, de la Brown Universyte,<strong> Edward Kennedy,<\/strong> de la Universidad Americana de Beirut, <strong>Noel Swerdlow<\/strong>, de la Universidad de Chicago, y <strong>George Saliba,<\/strong> de la Universidad de Columbia, reexaminaron los modelos matem\u00e1ticos utilizados por Cop\u00e9rnico.<\/p>\n<p style=\"text-align: justify;\">Descubrieron que, para revolucionar la Astronom\u00eda, Cop\u00e9rnico necesitaba dos teoremas que no hab\u00edan sido desarrollados por las sabios de la antigua Grecia.<strong> Neugebauer<\/strong> reflexion\u00f3 sobre este problema: \u00bffue el propio Cop\u00e9rnico quien construyo estos teoremas o los tom\u00f3 de alguna cultura no griega? Entretanto, Kennedy, que trabajaba en Beirut, descubri\u00f3 unos textos de astronom\u00eda escritos en \u00e1rabe y fechados antes del a\u00f10 1350 d. C. Estos documentos conten\u00edan una geometr\u00eda que no resultaba familiar. Durante una visita a Estados Unidos, Kennedy se los mostr\u00f3 a Neugebauer que, de inmediato, se dio cuenta de la importancia que ten\u00edan aquellos documentos que eran el fiel reflejo del modelo utilizado por Cop\u00e9rnico para explicar el movimiento de la Luna.<\/p>\n<p>&nbsp;<\/p>\n<p>&nbsp;<\/p>\n<p><img decoding=\"async\" src=\"https:\/\/upload.wikimedia.org\/wikipedia\/commons\/thumb\/e\/ed\/Albategnius.jpeg\/220px-Albategnius.jpeg\" alt=\"Al-Battani - Wikipedia, la enciclopedia libre\" \/><img decoding=\"async\" loading=\"lazy\" class=\"\" src=\"https:\/\/s3.amazonaws.com\/s3.timetoast.com\/public\/uploads\/photo\/12539987\/image\/8ddd7433389c0ba6101e73c7e8b73d52\" alt=\"Bosquejo Hist\u00f3rico de la Trigonom\u00e9trica&quot; timeline | Timetoast\" width=\"392\" height=\"311\" \/><\/p>\n<p><img decoding=\"async\" loading=\"lazy\" class=\"\" src=\"http:\/\/www.arauco.org\/SAPEREAUDE\/terraaustralisincognita\/historiasdealandalus\/imgs\/cienciaarabeislamica\/1.jpg\" width=\"468\" height=\"117\" \/><\/p>\n<p><strong>Los \u00e1rabes tuvieron una gran importancia en la Astronom\u00eda<\/strong><\/p>\n<p style=\"text-align: justify;\">Muchos fueron los sabios \u00e1rabes, matem\u00e1ticos y astr\u00f3nomos que dieron un enorme empuje a los conocimientos cient\u00edficos de todas estas disciplinas, y, el ser una sociedad encerrada en s\u00ed misma, posibilit\u00f3 que sus logros quedaran m\u00e1s encerrados en su propio mundo. Cuando al fin, se pas\u00f3 por medio de la conquista de Espa\u00f1a a otros pa\u00edses de Europa, se comenz\u00f3 a conocer aquellos grandes logros del pueblo \u00e1rabe que, como en esta ocasi\u00f3n que aqu\u00ed contamos, se apropiaron otros para lograr una figura en la Historia que&#8230;deber\u00eda compartir con muchos otros que tuvieron la idea antes que \u00e9l.<\/p>\n<p>&nbsp;<\/p>\n<p><img decoding=\"async\" src=\"https:\/\/i.imgur.com\/gCs4cQi.png\" \/><\/p>\n<p style=\"text-align: justify;\">\u00a0Aquellos documentos hab\u00edan sido escritos en Damasco por <strong>Ibn al &#8211; Shatir<\/strong>, que murio enn 1375. Su obra inclu\u00eda, entre otras cosas, un teorema utilizado por Cop\u00e9rnico que hab\u00eda sido desarrollado originalmente por otro astr\u00f3nomo isl\u00e1mico, Nasir al &#8211; Din al &#8211; Tusi, que es el nombre con el que se conoce este teorema actualmente. Al &#8211; Din vivi\u00f3 unos 300 a\u00f1os antes que Cop\u00e9rnico.<\/p>\n<p>&nbsp;<\/p>\n<p><img decoding=\"async\" loading=\"lazy\" class=\"\" src=\"https:\/\/simerg.files.wordpress.com\/2009\/05\/arif-babul-interview-image-7.jpg\" alt=\"Nasir ad din al- Tusi, el padre de la Trigonometr\u00eda. | Matemolivares\" width=\"272\" height=\"349\" \/><img decoding=\"async\" loading=\"lazy\" class=\"\" src=\"https:\/\/upload.wikimedia.org\/wikipedia\/commons\/thumb\/f\/f3\/Stamps_of_Azerbaijan%2C_2001-593_%28cropped%29.jpg\/220px-Stamps_of_Azerbaijan%2C_2001-593_%28cropped%29.jpg\" alt=\"Nasir al-Din al-Tusi - Wikipedia, la enciclopedia libre\" width=\"261\" height=\"348\" \/><\/p>\n<p><strong>El par de Tusi, el teorema que utiliz\u00f3 Cop\u00e9rnico era \u00e1rabe<\/strong><\/p>\n<p>&nbsp;<\/p>\n<p style=\"text-align: justify;\">El par de Tusi, que es el nombre con que se conoce este teorema actualmente, resolv\u00eda un problema que en la antig\u00fcedad se remontaba a varios siglos atr\u00e1s y que hab\u00eda atormentado a Tolomeo y al resto de los astr\u00f3nomos griegos: c\u00f3mo puede un movimiento cirdcular generar un movimiento lineal. Imaginemos un gran esfera que contiene en su interior otra cuyo tama\u00f1o es la mitad de la primera, de tal manera que la esfera menor tenga un solo punto de contacto con la mayor. Si la esfera grande rota con una velocidad determinada y la pequela tiene un movimiento de revoluci\u00f3n en sentido contrario cuya velocidad es el doble de la velocidad de la primera, el par de Tusi afirma que el punto de tangencia original oscilar\u00e1 hacia atr\u00e1s y hacia adelante a lo largo del di\u00e1metro de la esfera mayor. Situando adecuadamente las esferas celestes, este teorema explica el modo en que el epiciclo podr\u00eda moverse uniformemente en torno al ecuante de la esfera deferente. Todo esto podr\u00eda hacer colocando unas esferas que se desplazaran con un movimiento uniforme en torno a unos ejes que pasaran por sus centros, evitando as\u00ed las dificultades que plantean las configuraciones de Tolomeo. Una analog\u00eda aprioximada ser\u00eda el pist\u00f3n de una m\u00e1quina de vapor, que mueve hacia atr\u00e1s y hacia adelante cuando la rueda est\u00e1 girando.<\/p>\n<p>&nbsp;<\/p>\n<p style=\"text-align: justify;\"><img decoding=\"async\" loading=\"lazy\" src=\"http:\/\/matemolivares.blogia.com\/upload\/20110627175627-tusi-2.jpg\" alt=\"20110627175627-tusi-2.jpg\" width=\"511\" height=\"290\" \/><\/p>\n<p style=\"text-align: justify;\"><strong>Nasir ad din al- Tusi considerado entre los matem\u00e1ticos \u00e1rabes como padre de la Trigonometr\u00eda<\/strong><\/p>\n<p>&nbsp;<\/p>\n<p style=\"text-align: justify;\">Matem\u00e1tico, m\u00e9dico, fil\u00f3sofo, astr\u00f3nomo, te\u00f3logo, f\u00edsico, qu\u00edmico,\u2026. iran\u00ed muri\u00f3 un d\u00eda como hoy, 26 de Junio, de 1274. Es considerado como uno de los fundadores de la trigonometr\u00eda y logr\u00f3 publicar un tratado de trigonometr\u00eda plana y esf\u00e9rica, completa. Su sistema planetario era el m\u00e1s avanzado de la \u00e9poca y con Ptolomeo y Cop\u00e9rnico es uno de los m\u00e1s importantes eruditos de la Astronom\u00eda. De muy joven , ya hu\u00e9rfano de padre, se dedic\u00f3 al estudio del Cor\u00e1n y de distintas ramas de la Ciencia: Matem\u00e1icas, F\u00edsica, qu\u00edmica,\u2026.. Cuando los ej\u00e9rcitos de Gengis Khan asolaron su pa\u00eds se uni\u00f3 a los ismaelitas, donde alcanz\u00f3 las m\u00e1s altas cotas de investigaci\u00f3n cient\u00edfica y por lo tanto su contribuci\u00f3n a la ciencia fue muy importante. En el \u00faltimo a\u00f1o de su vida se fu\u00e9 a Bagdag, donde muri\u00f3.<\/p>\n<p style=\"text-align: justify;\">As\u00ed que, podemos deducir de todo esto que, Cop\u00e9rnico, para poder llevar a cabo su excelente trabajo (nadie le quita el m\u00e9rito que tiene lo que hizo) utiliz\u00f3 las matem\u00e1ticas de aquellos dos \u00e1rabes sabios y, lo \u00fanico que le reprochamos es que no los mencionara, ya que sin ellos, su modelo geoc\u00e9ntrico nunca podr\u00eda haber visto la Luz.<\/p>\n<p><img decoding=\"async\" loading=\"lazy\" class=\"\" src=\"https:\/\/www.alandalusylahistoria.com\/wp-content\/uploads\/2019\/07\/Fig_3Azucena.jpg\" alt=\"Astrolabios en al-Andalus: una historia de \u00e9xito \u2013 Al-Andalus y la Historia\" width=\"689\" height=\"286\" \/><\/p>\n<h1 class=\"n9H6p cS4Vcb-pGL6qe-fwJd0c\">Astrolabios en al-Andalus: una historia de \u00e9xito<\/h1>\n<p style=\"text-align: justify;\">\u00a0\u00a0\u00a0\u00a0\u00a0\u00a0\u00a0\u00a0\u00a0\u00a0\u00a0<strong>\u00a0\u00a0\u00a0\u00a0\u00a0 Nos ha costado conocer el verdadero Universo pero, lo vamos consiguiendo.<\/strong><\/p>\n<p style=\"text-align: justify;\">Cop\u00e9rnico, al Igual que <a href=\"#\" onclick=\"referencia('einstein',event); return false;\">Einstein<\/a> con Riemann, conform\u00f3 su modelo gracias a trabajos que otros hicieron mucho antes y que posibilitaron que pudieran completar los suyos. Esto en ciencia, es bastante corriente y, todos los nuevos inventos o teor\u00edas est\u00e1n apoyados en ideas anteriores que son depuradas o bien, son colocadas tal cual, en los lugares adecuados.<\/p>\n<p>&nbsp;<\/p>\n<p><img decoding=\"async\" loading=\"lazy\" class=\"\" src=\"https:\/\/c.files.bbci.co.uk\/0C73\/production\/_113278130_p08f6xhn.jpg\" alt=\"El subversivo diagrama con el que Cop\u00e9rnico cambi\u00f3 para siempre nuestra idea del cosmos - BBC News Mundo\" width=\"612\" height=\"344\" \/><\/p>\n<p>Aunque sea cierto que Cop\u00e9rnico plagi\u00f3, si miramos la Historia, todos los grandes descubrimientos tienen algo de las ideas de otros que le dieron luz a las propias ideas al autor del descubrimiento o de la teor\u00eda. <a href=\"#\" onclick=\"referencia('einstein',event); return false;\">Einstein<\/a> es el mejor ejemplo, ya que, sin Grossman, Riemann, Mach, Planck, Lorentz&#8230; Nunca podr\u00eda haber <a href=\"#\" onclick=\"referencia('plasma',event); return false;\">plasma<\/a>do sus teor\u00edas.<\/p>\n<p style=\"text-align: justify;\">Desde un punto de vista cient\u00edfico, no es importante que Cop\u00e9rnico fuera un plagiario o no lo fuera. Las prubas son circunstanciales y, ciertamente, pudo haber inventado los teoremas por s\u00ed mismo. Sin embargo, no hay duda de que los astr\u00f3nomos \u00e1rabes le ganaron por la mano. Adem\u00e1s, la costumbre de aquellos tiempos era que, en las obras originales, los autores dejaran se\u00f1ales aleatorias dentro de sus obras y que nada ten\u00edan que ver con lo que all\u00ed se trataba y, para desgradcia de Cop\u00e9rnico, en la suya iban aquellas se\u00f1ales que, como una trampa le tendieron los sabios \u00e1rabes. Eso delataba su hab\u00eda bebido de aquellas fuentes.<\/p>\n<p>&nbsp;<\/p>\n<p><img decoding=\"async\" src=\"https:\/\/www.aulafacil.com\/uploads\/cursos\/6223\/21622_imagen9.es.jpg\" alt=\"&#x1f947;\u25b7\u3010 Astronom\u00eda griega II - Astronom\u00eda I: Historia de la astronom\u00eda \u3011\" \/><img decoding=\"async\" loading=\"lazy\" class=\"\" src=\"https:\/\/images.ecestaticos.com\/z2gtUpQH5a_AJIJspPa1eEd7y7k=\/0x0:649x433\/1440x810\/filters:fill(white):format(jpg)\/f.elconfidencial.com%2Foriginal%2F0f2%2F366%2Fd14%2F0f2366d14bb28fa5aa7f61a7d18553da.jpg\" alt=\"Los incre\u00edbles descubrimientos astron\u00f3micos de la antigua Grecia\" width=\"331\" height=\"186\" \/><\/p>\n<p><img decoding=\"async\" src=\"https:\/\/image.slidesharecdn.com\/laastronoma-grecia-141211215411-conversion-gate01\/85\/la-astronoma-en-grecia-5-320.jpg?cb=1669761600\" alt=\"La astronom\u00eda en Grecia\" \/><img decoding=\"async\" loading=\"lazy\" class=\"\" src=\"https:\/\/elnuevotiempo.com\/wp-content\/uploads\/2021\/03\/2.-Hipatia-de-Alejandria.jpg\" alt=\"Hipatia de Alejandr\u00eda: matem\u00e1tica, astr\u00f3noma y fil\u00f3sofa griega 370 a.C. \u2013 415 a.C. \u2013 El Nuevo Tiempo \u2013 Periodismo Digital en Cuenca y la Regi\u00f3n Austral\" width=\"437\" height=\"277\" \/><\/p>\n<p><strong>Tambi\u00e9n habr\u00eda que nombrar a Hepatia de Alejandr\u00eda<\/strong><\/p>\n<p>&nbsp;<\/p>\n<p style=\"text-align: justify;\">La astronom\u00eda griega se transmiti\u00f3 hacia el Este a los sirios, indios y \u00e1rabes despu\u00e9s de la ca\u00edda del Imperio Romano. Los astr\u00f3nomos \u00e1rabes recopilaron nuevos cat\u00e1logos de estrellas en los siglos IX y X y desarrollaron tablas del movimiento planetario.<\/p>\n<p style=\"text-align: justify;\">El astr\u00f3nomo \u00e1rabe Azarquiel, m\u00e1xima figura de la escuela astron\u00f3mica de Toledo del siglo XI, fue el responsable de las Tablas toledanas, que influyeron notablemente en Europa.<\/p>\n<p>&nbsp;<\/p>\n<p style=\"text-align: justify;\"><img decoding=\"async\" loading=\"lazy\" id=\"rg_hi\" class=\"\" src=\"http:\/\/t0.gstatic.com\/images?q=tbn:ANd9GcTdp2vBSDTYHsQSFyUfgA4DdULNL7I71bZnGb9Sdj1pMkpv_RNw\" alt=\"\" width=\"404\" height=\"268\" data-height=\"183\" data-width=\"276\" \/><\/p>\n<p>&nbsp;<\/p>\n<p style=\"text-align: justify;\">En 1085, a\u00f1o de la conquista de la ciudad de Toledo por el rey Alfonso VI, se inici\u00f3 un movimiento de traducci\u00f3n del \u00e1rabe al lat\u00edn, que despert\u00f3 el inter\u00e9s por la astronom\u00eda (entre otras ciencias) en toda Europa. En la Escuela de traductores de Toledo se tradujeron las Tablas toledanas y el Almagesto de Tolomeo y, en 1272, se elaboraron las Tablas alfons\u00edes bajo el patrocinio de Alfonso X el Sabio; estas tablas sustituyeron a las de Azarquiel en los centros cient\u00edficos europeos.<\/p>\n<p style=\"text-align: justify;\">Junto a la obra hist\u00f3rica y jur\u00eddica, Alfonso X foment\u00f3 la traducci\u00f3n de libros astron\u00f3micos y astrol\u00f3gicos, en especial de procedencia \u00e1rabe y jud\u00eda, traducidos por lo general al lat\u00edn y de esta lengua al castellano. Entre \u00e9stos pueden citarse los Libros del saber de astronom\u00eda. La cr\u00edtica ha aceptado que su labor se redujo, en la mayor\u00eda de las ocasiones, a la de organizador, director e inspirador del trabajo.<\/p>\n<p>&nbsp;<\/p>\n<p><img decoding=\"async\" src=\"https:\/\/image.isu.pub\/210125173346-e8f9e8a0de90047f4529d7a30eeb92ea\/jpg\/page_1.jpg\" alt=\"ASTRONOM\u00cdA EN LA EDAD MEDIA Y EL RENACIMIENTO by Gonzalo Duque-Escobar - Issuu\" \/><\/p>\n<p style=\"text-align: justify;\">Los trabajos de investigaci\u00f3n y traducci\u00f3n de esta admirable escuela permitieron que obras fundamentales de la antigua cultura griega fueran rescatadas del olvido y transmitidas a la Europa medieval a trav\u00e9s de Espa\u00f1a. A partir de estas versiones, y gracias a las mismas, Espa\u00f1a transmiti\u00f3 a Europa todos aquellos saberes que cubr\u00edan campos como la geograf\u00eda, la astronom\u00eda, la cartograf\u00eda, la filosof\u00eda, la teolog\u00eda, la medicina, la aritm\u00e9tica, la astrolog\u00eda o la bot\u00e1nica, entre otros. Esta escuela fue el origen y la base del renacer cient\u00edfico y filos\u00f3fico de las famosas escuelas de Chartres y, m\u00e1s tarde, de la Sorbona.<\/p>\n<p style=\"text-align: justify;\">Durante este periodo en Europa dominaron las teor\u00edas geocentristas promulgadas por Ptolomeo y no se present\u00f3 ning\u00fan desarrollo importante de la astronom\u00eda. Solamente Johannes M\u00fcller (llamado Regiomontanus) comenz\u00f3 a realizar y reunir nuevas mediciones y observaciones.<\/p>\n<p style=\"text-align: justify;\">En el siglo XV comenzaron a surgir dudas sobre la teor\u00eda de Tolomeo: el fil\u00f3sofo y matem\u00e1tico alem\u00e1n Nicol\u00e1s de Cusa y el artista y cient\u00edfico italiano Leonardo da Vinci cuestionaron los supuestos b\u00e1sicos de la posici\u00f3n central y la inmovilidad de la Tierra. Hab\u00eda empezado el Renacimiento.<\/p>\n<p style=\"text-align: justify;\">S\u00ed, como otras veces hemos comentado, la ciencia occidental es un logro admirable, hemos sabido levantar un edificio cient\u00edfico de grans proporciones equivalente al que construyeron Galileo, <a href=\"#\" onclick=\"referencia('newton',event); return false;\">Newton<\/a>, Leibniz, Lavoisier, Dalton, Faraday, Planck, Rutherford, <a href=\"#\" onclick=\"referencia('einstein',event); return false;\">Einstein<\/a>, Heisenberg, Pauli, Gell-Mann y tantos otros pero, todos esos logros, \u00bfhuebieran sido posible sin las semillas sembradas por otras culturas del pasado?<\/p>\n<p>&nbsp;<\/p>\n<p style=\"text-align: justify;\"><img decoding=\"async\" loading=\"lazy\" src=\"http:\/\/3.bp.blogspot.com\/-3ZGlLfQRpf0\/Tk70UK-l1qI\/AAAAAAAAAeY\/s8RtojNrTQ8\/s1600\/universo+infinito.jpg\" alt=\"\" width=\"600\" height=\"450\" \/><\/p>\n<p>&nbsp;<\/p>\n<p style=\"text-align: justify;\"><strong>\u00a0 \u00a0 \u00a0 \u00a0 \u00a0 \u00bfC\u00f3mo pod\u00edan comprender el mundo sin tener los datos que ahora tenemos, \u00bfacaso la intuici\u00f3n?<\/strong><\/p>\n<p style=\"text-align: justify;\">La respuesta tiene poco que pensar: \u00a1NO! Nunca habr\u00edamos logrado tanto sin aquellos fil\u00f3sofos naturalezas y pensadores del pasado, muchos son las culturas que nos dejaron su saber para que, m\u00e1s tarde nosotros pudi\u00e9ramos desarrollarlas hasta l\u00edmites que, verdaderamente son dignos de admiraci\u00f3n.<\/p>\n<p style=\"text-align: justify;\">Pero no olvidemos a los primeros, a los antiguos, a los libre pensadores que con s\u00f3lo sus mentes, pod\u00edan llegar tan lejos&#8230;, tan lejos que vino hasta nosotros sus complejos y maravillosos pensamientos. \u00a1Record\u00e9moslos!<\/p>\n<p style=\"text-align: justify;\"><em>emilio silvera<\/em><\/p>\n<div class='bookmark'>\r\n\t\t<table align='left' border='0' cellpadding='0' width='100%'>\r\n\t\t<tr><td><span class='pushbutton'><a href='http:\/\/delicious.com\/post?url=http%3A%2F%2Fwww.emiliosilveravazquez.com%2Fblog%2F2023%2F05%2F30%2Fla-historia-que-no-siempre-refleja-lo-que-fue%2F&amp;title=%C2%A1La+Historia%21+que+no+siempre+refleja+lo+que+fue' title='Delicious' target='_blank' rel='nofollow'><img src='http:\/\/www.emiliosilveravazquez.com\/blog\/wp-content\/plugins\/knxdt-bookmarks-wordpress-plugin\/images\/delicious.png'  alt='' class='book_img' border='none' style='margin:1px; padding: 0;'  \/><\/a><\/span><span class='pushbutton'><a href='http:\/\/digg.com\/submit?url=http%3A%2F%2Fwww.emiliosilveravazquez.com%2Fblog%2F2023%2F05%2F30%2Fla-historia-que-no-siempre-refleja-lo-que-fue%2F&amp;title=%C2%A1La+Historia%21+que+no+siempre+refleja+lo+que+fue' title='Digg' target='_blank' rel='nofollow'><img src='http:\/\/www.emiliosilveravazquez.com\/blog\/wp-content\/plugins\/knxdt-bookmarks-wordpress-plugin\/images\/digg.png'  alt='' class='book_img' border='none' style='margin:1px; padding: 0;'  \/><\/a><\/span><span class='pushbutton'><a href='http:\/\/www.google.com\/bookmarks\/mark?op=edit&amp;bkmk=http%3A%2F%2Fwww.emiliosilveravazquez.com%2Fblog%2F2023%2F05%2F30%2Fla-historia-que-no-siempre-refleja-lo-que-fue%2F&amp;title=%C2%A1La+Historia%21+que+no+siempre+refleja+lo+que+fue' title='Google' target='_blank' rel='nofollow'><img src='http:\/\/www.emiliosilveravazquez.com\/blog\/wp-content\/plugins\/knxdt-bookmarks-wordpress-plugin\/images\/google.png'   alt='' class='book_img' border='none' style='margin:1px; padding: 0;'  \/><\/a><\/span><span class='pushbutton'><a href='http:\/\/myweb2.search.yahoo.com\/myresults\/bookmarklet?u=http%3A%2F%2Fwww.emiliosilveravazquez.com%2Fblog%2F2023%2F05%2F30%2Fla-historia-que-no-siempre-refleja-lo-que-fue%2F&amp;t=%C2%A1La+Historia%21+que+no+siempre+refleja+lo+que+fue' title='Yahoo' target='_blank' rel='nofollow'><img src='http:\/\/www.emiliosilveravazquez.com\/blog\/wp-content\/plugins\/knxdt-bookmarks-wordpress-plugin\/images\/yahoo.png'  alt='' class='book_img' border='none' style='margin:1px; padding: 0;'  \/><\/a><\/span><span class='pushbutton'><a href='http:\/\/www.technorati.com\/faves?add=http%3A%2F%2Fwww.emiliosilveravazquez.com%2Fblog%2F2023%2F05%2F30%2Fla-historia-que-no-siempre-refleja-lo-que-fue%2F' title='Technorati' target='_blank' rel='nofollow'><img src='http:\/\/www.emiliosilveravazquez.com\/blog\/wp-content\/plugins\/knxdt-bookmarks-wordpress-plugin\/images\/technorati.png'  alt='' class='book_img' border='none' style='margin:1px; padding: 0;'  \/><\/a><\/span><span class='pushbutton'><a href='http:\/\/meneame.net\/submit.php?url=http%3A%2F%2Fwww.emiliosilveravazquez.com%2Fblog%2F2023%2F05%2F30%2Fla-historia-que-no-siempre-refleja-lo-que-fue%2F' title='Meneame' target='_blank' rel='nofollow'><img src='http:\/\/www.emiliosilveravazquez.com\/blog\/wp-content\/plugins\/knxdt-bookmarks-wordpress-plugin\/images\/meneame.png'  alt='' class='book_img' border='none' style='margin:1px; padding: 0;'  \/><\/a><\/span><span class='pushbutton'><a href='http:\/\/enchilame.com\/submit.php?url=http:\/\/www.emiliosilveravazquez.com\/blog\/2023\/05\/30\/la-historia-que-no-siempre-refleja-lo-que-fue\/' target='_blank' rel='nofollow'><img title='Enchilame' src='http:\/\/www.emiliosilveravazquez.com\/blog\/wp-content\/plugins\/knxdt-bookmarks-wordpress-plugin\/images\/enchilame.png'  alt='' class='book_img' border='none' style='margin:1px; padding: 0;'  \/><\/a><\/span><span class='pushbutton'><a href='http:\/\/www.blinklist.com\/index.php?Action=Blink\/addblink.php&amp;Description=&amp;Url=http%3A%2F%2Fwww.emiliosilveravazquez.com%2Fblog%2F2023%2F05%2F30%2Fla-historia-que-no-siempre-refleja-lo-que-fue%2F&amp;title=%C2%A1La+Historia%21+que+no+siempre+refleja+lo+que+fue' title='BlinkList' target='_blank' rel='nofollow'><img src='http:\/\/www.emiliosilveravazquez.com\/blog\/wp-content\/plugins\/knxdt-bookmarks-wordpress-plugin\/images\/blinklist.png'  alt='' class='book_img' border='none' style='margin:1px; padding: 0;'  \/><\/a><\/span><span class='pushbutton'><a href='http:\/\/reddit.com\/submit?url=http%3A%2F%2Fwww.emiliosilveravazquez.com%2Fblog%2F2023%2F05%2F30%2Fla-historia-que-no-siempre-refleja-lo-que-fue%2F&amp;title=%C2%A1La+Historia%21+que+no+siempre+refleja+lo+que+fue' title='Reddit' target='_blank' rel='nofollow'><img src='http:\/\/www.emiliosilveravazquez.com\/blog\/wp-content\/plugins\/knxdt-bookmarks-wordpress-plugin\/images\/reddit.png'  alt='' class='book_img' border='none' style='margin:1px; padding: 0;'  \/><\/a><\/span><span class='pushbutton'><a href='http:\/\/www.tecnologiadiaria.com\/2009\/07\/abrir-com-hotmail-correo.html' target='_blank' title='hotmail'><img src='http:\/\/www.emiliosilveravazquez.com\/blog\/wp-content\/plugins\/knxdt-bookmarks-wordpress-plugin\/images\/linklove.png' alt='hotmail correo' class='book_img' border='none' style='margin:1px; padding: 0;' \/><\/a><\/span><span class='pushbutton'><a href='http:\/\/bitacoras.com\/votar\/anotacion\/externo\/mini\/www.emiliosilveravazquez.com\/blog\/2023\/05\/30\/la-historia-que-no-siempre-refleja-lo-que-fue\/' title='Bitacoras.com' target='_blank' rel='nofollow'><img src='http:\/\/www.emiliosilveravazquez.com\/blog\/wp-content\/plugins\/knxdt-bookmarks-wordpress-plugin\/images\/bitacoras.png'  alt='' class='book_img' border='none' style='margin:1px; padding: 0;'  \/><\/a><\/span><span class='pushbutton'><a href='http:\/\/www.wikio.es\/vote?url=http%3A%2F%2Fwww.emiliosilveravazquez.com%2Fblog%2F2023%2F05%2F30%2Fla-historia-que-no-siempre-refleja-lo-que-fue%2F' title='Wikio' target='_blank' rel='nofollow'><img src='http:\/\/www.emiliosilveravazquez.com\/blog\/wp-content\/plugins\/knxdt-bookmarks-wordpress-plugin\/images\/wikio.png'   alt='' class='book_img' border='none' style='margin:1px; padding: 0;'   \/><\/a><\/span><span class='pushbutton'><a href='http:\/\/friendfeed.com\/?url=http%3A%2F%2Fwww.emiliosilveravazquez.com%2Fblog%2F2023%2F05%2F30%2Fla-historia-que-no-siempre-refleja-lo-que-fue%2F&amp;title=%C2%A1La+Historia%21+que+no+siempre+refleja+lo+que+fue' title='Friend Feed' target='_blank' rel='nofollow'><img src='http:\/\/www.emiliosilveravazquez.com\/blog\/wp-content\/plugins\/knxdt-bookmarks-wordpress-plugin\/images\/friendfeed.png'  alt='' class='book_img' border='none' style='margin:1px; padding: 0;'  \/><\/a><\/span><span class='pushbutton'><a href='http:\/\/www.facebook.com\/share.php?u=http%3A%2F%2Fwww.emiliosilveravazquez.com%2Fblog%2F2023%2F05%2F30%2Fla-historia-que-no-siempre-refleja-lo-que-fue%2F&amp;t=%C2%A1La+Historia%21+que+no+siempre+refleja+lo+que+fue' title='Facebook' target='_blank' rel='nofollow'><img src='http:\/\/www.emiliosilveravazquez.com\/blog\/wp-content\/plugins\/knxdt-bookmarks-wordpress-plugin\/images\/facebook.png'  alt='' class='book_img' border='none' style='margin:1px; padding: 0;'  \/><\/a><\/span><span class='pushbutton'><a href='http:\/\/twitter.com\/home?status=%C2%A1La+Historia%21+que+no+siempre+refleja+lo+que+fue: http%3A%2F%2Fwww.emiliosilveravazquez.com%2Fblog%2F2023%2F05%2F30%2Fla-historia-que-no-siempre-refleja-lo-que-fue%2F' title='Twitter' target='_blank' rel='nofollow'><img src='http:\/\/www.emiliosilveravazquez.com\/blog\/wp-content\/plugins\/knxdt-bookmarks-wordpress-plugin\/images\/twitter.png'  alt='' class='book_img' border='none' style='margin:1px; padding: 0;'  \/><\/a><\/span><span class='pushbutton'><a href='http:\/\/www.feedburner.com\/fb\/a\/emailFlare?itemTitle=%C2%A1La+Historia%21+que+no+siempre+refleja+lo+que+fue&amp;uri=http%3A%2F%2Fwww.emiliosilveravazquez.com%2Fblog%2F2023%2F05%2F30%2Fla-historia-que-no-siempre-refleja-lo-que-fue%2F' title='Enviar por Email' target='_blank' rel='nofollow'><img src='http:\/\/www.emiliosilveravazquez.com\/blog\/wp-content\/plugins\/knxdt-bookmarks-wordpress-plugin\/images\/email.png'  alt='' class='book_img' border='none' style='margin:1px; padding: 0;'  \/><\/a><\/span><span style='font-weight:bold; padding-left: 5px;'><a href='http:\/\/wordpress.org\/extend\/plugins\/knxdt-bookmarks-wordpress-plugin\/' title='Plugin' rel='nofollow' target='_blank'>[?]<\/a><\/span><\/td><\/tr><\/table><br\/><br\/><\/div>","protected":false},"excerpt":{"rendered":"<p>\u00a0 \u00a0 \u00a0 \u00a0 \u00a0 \u00a0 HIPARCO DE NICEA (190 \u2013 120 a.C.) Astr\u00f3nomo, matem\u00e1tico y ge\u00f3grafo nacido en Grecia. Llev\u00f3 a cabo sus observaciones en Rodas, donde construy\u00f3 un observatorio astron\u00f3mico en Alejandr\u00eda (Egipto). Ninguno de sus estudios ha llegado hasta nuestros d\u00edas, pero tenemos noticia de ellos gracias a los escritos de Estrab\u00f3n [&hellip;]<\/p>\n","protected":false},"author":2,"featured_media":0,"comment_status":"open","ping_status":"open","sticky":false,"template":"","format":"standard","meta":{"_s2mail":"","footnotes":""},"categories":[1],"tags":[],"_links":{"self":[{"href":"http:\/\/www.emiliosilveravazquez.com\/blog\/wp-json\/wp\/v2\/posts\/30436"}],"collection":[{"href":"http:\/\/www.emiliosilveravazquez.com\/blog\/wp-json\/wp\/v2\/posts"}],"about":[{"href":"http:\/\/www.emiliosilveravazquez.com\/blog\/wp-json\/wp\/v2\/types\/post"}],"author":[{"embeddable":true,"href":"http:\/\/www.emiliosilveravazquez.com\/blog\/wp-json\/wp\/v2\/users\/2"}],"replies":[{"embeddable":true,"href":"http:\/\/www.emiliosilveravazquez.com\/blog\/wp-json\/wp\/v2\/comments?post=30436"}],"version-history":[{"count":0,"href":"http:\/\/www.emiliosilveravazquez.com\/blog\/wp-json\/wp\/v2\/posts\/30436\/revisions"}],"wp:attachment":[{"href":"http:\/\/www.emiliosilveravazquez.com\/blog\/wp-json\/wp\/v2\/media?parent=30436"}],"wp:term":[{"taxonomy":"category","embeddable":true,"href":"http:\/\/www.emiliosilveravazquez.com\/blog\/wp-json\/wp\/v2\/categories?post=30436"},{"taxonomy":"post_tag","embeddable":true,"href":"http:\/\/www.emiliosilveravazquez.com\/blog\/wp-json\/wp\/v2\/tags?post=30436"}],"curies":[{"name":"wp","href":"https:\/\/api.w.org\/{rel}","templated":true}]}}