{"id":30362,"date":"2023-05-17T07:28:07","date_gmt":"2023-05-17T06:28:07","guid":{"rendered":"http:\/\/www.emiliosilveravazquez.com\/blog\/?p=30362"},"modified":"2023-05-17T07:28:07","modified_gmt":"2023-05-17T06:28:07","slug":"la-presencia-humana-en-el-cosmos-quien-sabe-eso","status":"publish","type":"post","link":"http:\/\/www.emiliosilveravazquez.com\/blog\/2023\/05\/17\/la-presencia-humana-en-el-cosmos-quien-sabe-eso\/","title":{"rendered":"\u00bfLa Presencia Humana en el Cosmos? \u00bfQui\u00e9n sabe eso?"},"content":{"rendered":"<p><iframe loading=\"lazy\" title=\"El papel del ser humano en el cosmos - Semana de la Ciencia UCM\" width=\"500\" height=\"281\" src=\"https:\/\/www.youtube.com\/embed\/DAB30TnNkOg?feature=oembed\" frameborder=\"0\" allow=\"accelerometer; autoplay; clipboard-write; encrypted-media; gyroscope; picture-in-picture; web-share\" allowfullscreen><\/iframe><\/p>\n<blockquote>\n<p style=\"text-align: justify;\"><strong>Se habla y se habla sin decir nada. Queremos explicar lo que no sabemos y lo \u00fanico que conseguimos en complicar las cosas. No tenemos ni la menor idea del por qu\u00e9 estamos aqu\u00ed. Tampoco sabemos (no hemos hallado con qui\u00e9n podernos comparar), si nuestra presencia en el Universo es privilegiada o existen muchas presencias similares o superiores.<\/strong><\/p>\n<p style=\"text-align: justify;\"><strong>Es decir, que como dec\u00eda aquel famoso fil\u00f3sofo: &#8221; No sabemos nada&#8221;<\/strong><\/p>\n<p style=\"text-align: justify;\"><strong>Claro que eso s\u00ed, a conjeturar no nos gana nadie y siempre tenemos a punto una respuesta que, por supuesto, nada tendr\u00e1 que ver con la realidad. que nos es desconocida.<\/strong><\/p>\n<p><strong>El Se\u00f1or &#8220;experto&#8221; del Video nos habla de cosas que tampoco nos aclara absolutamente nada.<\/strong><\/p><\/blockquote>\n<div class='bookmark'>\r\n\t\t<table align='left' border='0' cellpadding='0' width='100%'>\r\n\t\t<tr><td><span class='pushbutton'><a href='http:\/\/delicious.com\/post?url=http%3A%2F%2Fwww.emiliosilveravazquez.com%2Fblog%2F2023%2F05%2F17%2Fla-presencia-humana-en-el-cosmos-quien-sabe-eso%2F&amp;title=%C2%BFLa+Presencia+Humana+en+el+Cosmos%3F+%C2%BFQui%C3%A9n+sabe+eso%3F' title='Delicious' target='_blank' rel='nofollow'><img src='http:\/\/www.emiliosilveravazquez.com\/blog\/wp-content\/plugins\/knxdt-bookmarks-wordpress-plugin\/images\/delicious.png'  alt='' class='book_img' border='none' style='margin:1px; padding: 0;'  \/><\/a><\/span><span class='pushbutton'><a href='http:\/\/digg.com\/submit?url=http%3A%2F%2Fwww.emiliosilveravazquez.com%2Fblog%2F2023%2F05%2F17%2Fla-presencia-humana-en-el-cosmos-quien-sabe-eso%2F&amp;title=%C2%BFLa+Presencia+Humana+en+el+Cosmos%3F+%C2%BFQui%C3%A9n+sabe+eso%3F' title='Digg' target='_blank' rel='nofollow'><img src='http:\/\/www.emiliosilveravazquez.com\/blog\/wp-content\/plugins\/knxdt-bookmarks-wordpress-plugin\/images\/digg.png'  alt='' class='book_img' border='none' style='margin:1px; padding: 0;'  \/><\/a><\/span><span class='pushbutton'><a href='http:\/\/www.google.com\/bookmarks\/mark?op=edit&amp;bkmk=http%3A%2F%2Fwww.emiliosilveravazquez.com%2Fblog%2F2023%2F05%2F17%2Fla-presencia-humana-en-el-cosmos-quien-sabe-eso%2F&amp;title=%C2%BFLa+Presencia+Humana+en+el+Cosmos%3F+%C2%BFQui%C3%A9n+sabe+eso%3F' title='Google' target='_blank' rel='nofollow'><img src='http:\/\/www.emiliosilveravazquez.com\/blog\/wp-content\/plugins\/knxdt-bookmarks-wordpress-plugin\/images\/google.png'   alt='' class='book_img' border='none' style='margin:1px; padding: 0;'  \/><\/a><\/span><span class='pushbutton'><a href='http:\/\/myweb2.search.yahoo.com\/myresults\/bookmarklet?u=http%3A%2F%2Fwww.emiliosilveravazquez.com%2Fblog%2F2023%2F05%2F17%2Fla-presencia-humana-en-el-cosmos-quien-sabe-eso%2F&amp;t=%C2%BFLa+Presencia+Humana+en+el+Cosmos%3F+%C2%BFQui%C3%A9n+sabe+eso%3F' title='Yahoo' target='_blank' rel='nofollow'><img src='http:\/\/www.emiliosilveravazquez.com\/blog\/wp-content\/plugins\/knxdt-bookmarks-wordpress-plugin\/images\/yahoo.png'  alt='' class='book_img' border='none' style='margin:1px; padding: 0;'  \/><\/a><\/span><span class='pushbutton'><a href='http:\/\/www.technorati.com\/faves?add=http%3A%2F%2Fwww.emiliosilveravazquez.com%2Fblog%2F2023%2F05%2F17%2Fla-presencia-humana-en-el-cosmos-quien-sabe-eso%2F' title='Technorati' target='_blank' rel='nofollow'><img src='http:\/\/www.emiliosilveravazquez.com\/blog\/wp-content\/plugins\/knxdt-bookmarks-wordpress-plugin\/images\/technorati.png'  alt='' class='book_img' border='none' style='margin:1px; padding: 0;'  \/><\/a><\/span><span class='pushbutton'><a href='http:\/\/meneame.net\/submit.php?url=http%3A%2F%2Fwww.emiliosilveravazquez.com%2Fblog%2F2023%2F05%2F17%2Fla-presencia-humana-en-el-cosmos-quien-sabe-eso%2F' title='Meneame' target='_blank' rel='nofollow'><img src='http:\/\/www.emiliosilveravazquez.com\/blog\/wp-content\/plugins\/knxdt-bookmarks-wordpress-plugin\/images\/meneame.png'  alt='' class='book_img' border='none' style='margin:1px; padding: 0;'  \/><\/a><\/span><span class='pushbutton'><a href='http:\/\/enchilame.com\/submit.php?url=http:\/\/www.emiliosilveravazquez.com\/blog\/2023\/05\/17\/la-presencia-humana-en-el-cosmos-quien-sabe-eso\/' target='_blank' rel='nofollow'><img title='Enchilame' src='http:\/\/www.emiliosilveravazquez.com\/blog\/wp-content\/plugins\/knxdt-bookmarks-wordpress-plugin\/images\/enchilame.png'  alt='' class='book_img' border='none' style='margin:1px; padding: 0;'  \/><\/a><\/span><span class='pushbutton'><a href='http:\/\/www.blinklist.com\/index.php?Action=Blink\/addblink.php&amp;Description=&amp;Url=http%3A%2F%2Fwww.emiliosilveravazquez.com%2Fblog%2F2023%2F05%2F17%2Fla-presencia-humana-en-el-cosmos-quien-sabe-eso%2F&amp;title=%C2%BFLa+Presencia+Humana+en+el+Cosmos%3F+%C2%BFQui%C3%A9n+sabe+eso%3F' title='BlinkList' target='_blank' rel='nofollow'><img src='http:\/\/www.emiliosilveravazquez.com\/blog\/wp-content\/plugins\/knxdt-bookmarks-wordpress-plugin\/images\/blinklist.png'  alt='' class='book_img' border='none' style='margin:1px; padding: 0;'  \/><\/a><\/span><span class='pushbutton'><a href='http:\/\/reddit.com\/submit?url=http%3A%2F%2Fwww.emiliosilveravazquez.com%2Fblog%2F2023%2F05%2F17%2Fla-presencia-humana-en-el-cosmos-quien-sabe-eso%2F&amp;title=%C2%BFLa+Presencia+Humana+en+el+Cosmos%3F+%C2%BFQui%C3%A9n+sabe+eso%3F' title='Reddit' target='_blank' rel='nofollow'><img src='http:\/\/www.emiliosilveravazquez.com\/blog\/wp-content\/plugins\/knxdt-bookmarks-wordpress-plugin\/images\/reddit.png'  alt='' class='book_img' border='none' style='margin:1px; padding: 0;'  \/><\/a><\/span><span class='pushbutton'><a href='http:\/\/www.tecnologiadiaria.com\/2009\/07\/abrir-com-hotmail-correo.html' target='_blank' title='hotmail'><img src='http:\/\/www.emiliosilveravazquez.com\/blog\/wp-content\/plugins\/knxdt-bookmarks-wordpress-plugin\/images\/linklove.png' alt='hotmail correo' class='book_img' border='none' style='margin:1px; padding: 0;' \/><\/a><\/span><span class='pushbutton'><a href='http:\/\/bitacoras.com\/votar\/anotacion\/externo\/mini\/www.emiliosilveravazquez.com\/blog\/2023\/05\/17\/la-presencia-humana-en-el-cosmos-quien-sabe-eso\/' title='Bitacoras.com' target='_blank' rel='nofollow'><img src='http:\/\/www.emiliosilveravazquez.com\/blog\/wp-content\/plugins\/knxdt-bookmarks-wordpress-plugin\/images\/bitacoras.png'  alt='' class='book_img' border='none' style='margin:1px; padding: 0;'  \/><\/a><\/span><span class='pushbutton'><a href='http:\/\/www.wikio.es\/vote?url=http%3A%2F%2Fwww.emiliosilveravazquez.com%2Fblog%2F2023%2F05%2F17%2Fla-presencia-humana-en-el-cosmos-quien-sabe-eso%2F' title='Wikio' target='_blank' rel='nofollow'><img src='http:\/\/www.emiliosilveravazquez.com\/blog\/wp-content\/plugins\/knxdt-bookmarks-wordpress-plugin\/images\/wikio.png'   alt='' class='book_img' border='none' style='margin:1px; padding: 0;'   \/><\/a><\/span><span class='pushbutton'><a href='http:\/\/friendfeed.com\/?url=http%3A%2F%2Fwww.emiliosilveravazquez.com%2Fblog%2F2023%2F05%2F17%2Fla-presencia-humana-en-el-cosmos-quien-sabe-eso%2F&amp;title=%C2%BFLa+Presencia+Humana+en+el+Cosmos%3F+%C2%BFQui%C3%A9n+sabe+eso%3F' title='Friend Feed' target='_blank' rel='nofollow'><img src='http:\/\/www.emiliosilveravazquez.com\/blog\/wp-content\/plugins\/knxdt-bookmarks-wordpress-plugin\/images\/friendfeed.png'  alt='' class='book_img' border='none' style='margin:1px; padding: 0;'  \/><\/a><\/span><span class='pushbutton'><a href='http:\/\/www.facebook.com\/share.php?u=http%3A%2F%2Fwww.emiliosilveravazquez.com%2Fblog%2F2023%2F05%2F17%2Fla-presencia-humana-en-el-cosmos-quien-sabe-eso%2F&amp;t=%C2%BFLa+Presencia+Humana+en+el+Cosmos%3F+%C2%BFQui%C3%A9n+sabe+eso%3F' title='Facebook' target='_blank' rel='nofollow'><img src='http:\/\/www.emiliosilveravazquez.com\/blog\/wp-content\/plugins\/knxdt-bookmarks-wordpress-plugin\/images\/facebook.png'  alt='' class='book_img' border='none' style='margin:1px; padding: 0;'  \/><\/a><\/span><span class='pushbutton'><a href='http:\/\/twitter.com\/home?status=%C2%BFLa+Presencia+Humana+en+el+Cosmos%3F+%C2%BFQui%C3%A9n+sabe+eso%3F: http%3A%2F%2Fwww.emiliosilveravazquez.com%2Fblog%2F2023%2F05%2F17%2Fla-presencia-humana-en-el-cosmos-quien-sabe-eso%2F' title='Twitter' target='_blank' rel='nofollow'><img src='http:\/\/www.emiliosilveravazquez.com\/blog\/wp-content\/plugins\/knxdt-bookmarks-wordpress-plugin\/images\/twitter.png'  alt='' class='book_img' border='none' style='margin:1px; padding: 0;'  \/><\/a><\/span><span class='pushbutton'><a href='http:\/\/www.feedburner.com\/fb\/a\/emailFlare?itemTitle=%C2%BFLa+Presencia+Humana+en+el+Cosmos%3F+%C2%BFQui%C3%A9n+sabe+eso%3F&amp;uri=http%3A%2F%2Fwww.emiliosilveravazquez.com%2Fblog%2F2023%2F05%2F17%2Fla-presencia-humana-en-el-cosmos-quien-sabe-eso%2F' title='Enviar por Email' target='_blank' rel='nofollow'><img src='http:\/\/www.emiliosilveravazquez.com\/blog\/wp-content\/plugins\/knxdt-bookmarks-wordpress-plugin\/images\/email.png'  alt='' class='book_img' border='none' style='margin:1px; padding: 0;'  \/><\/a><\/span><span style='font-weight:bold; padding-left: 5px;'><a href='http:\/\/wordpress.org\/extend\/plugins\/knxdt-bookmarks-wordpress-plugin\/' title='Plugin' rel='nofollow' target='_blank'>[?]<\/a><\/span><\/td><\/tr><\/table><br\/><br\/><\/div>","protected":false},"excerpt":{"rendered":"<p>Se habla y se habla sin decir nada. Queremos explicar lo que no sabemos y lo \u00fanico que conseguimos en complicar las cosas. No tenemos ni la menor idea del por qu\u00e9 estamos aqu\u00ed. Tampoco sabemos (no hemos hallado con qui\u00e9n podernos comparar), si nuestra presencia en el Universo es privilegiada o existen muchas presencias [&hellip;]<\/p>\n","protected":false},"author":2,"featured_media":0,"comment_status":"open","ping_status":"open","sticky":false,"template":"","format":"standard","meta":{"_s2mail":"","footnotes":""},"categories":[1],"tags":[],"_links":{"self":[{"href":"http:\/\/www.emiliosilveravazquez.com\/blog\/wp-json\/wp\/v2\/posts\/30362"}],"collection":[{"href":"http:\/\/www.emiliosilveravazquez.com\/blog\/wp-json\/wp\/v2\/posts"}],"about":[{"href":"http:\/\/www.emiliosilveravazquez.com\/blog\/wp-json\/wp\/v2\/types\/post"}],"author":[{"embeddable":true,"href":"http:\/\/www.emiliosilveravazquez.com\/blog\/wp-json\/wp\/v2\/users\/2"}],"replies":[{"embeddable":true,"href":"http:\/\/www.emiliosilveravazquez.com\/blog\/wp-json\/wp\/v2\/comments?post=30362"}],"version-history":[{"count":0,"href":"http:\/\/www.emiliosilveravazquez.com\/blog\/wp-json\/wp\/v2\/posts\/30362\/revisions"}],"wp:attachment":[{"href":"http:\/\/www.emiliosilveravazquez.com\/blog\/wp-json\/wp\/v2\/media?parent=30362"}],"wp:term":[{"taxonomy":"category","embeddable":true,"href":"http:\/\/www.emiliosilveravazquez.com\/blog\/wp-json\/wp\/v2\/categories?post=30362"},{"taxonomy":"post_tag","embeddable":true,"href":"http:\/\/www.emiliosilveravazquez.com\/blog\/wp-json\/wp\/v2\/tags?post=30362"}],"curies":[{"name":"wp","href":"https:\/\/api.w.org\/{rel}","templated":true}]}}