{"id":30299,"date":"2023-05-08T07:10:23","date_gmt":"2023-05-08T06:10:23","guid":{"rendered":"http:\/\/www.emiliosilveravazquez.com\/blog\/?p=30299"},"modified":"2023-05-08T07:10:23","modified_gmt":"2023-05-08T06:10:23","slug":"si-todo-cambia-pero-algunos-recuerdos-perduran-2","status":"publish","type":"post","link":"http:\/\/www.emiliosilveravazquez.com\/blog\/2023\/05\/08\/si-todo-cambia-pero-algunos-recuerdos-perduran-2\/","title":{"rendered":"S\u00ed, todo cambia pero\u2026, algunos recuerdos perduran"},"content":{"rendered":"<div>\n<h2 style=\"text-align: justify;\">\u00a0\u00ab <a href=\"http:\/\/www.emiliosilveravazquez.com\/blog\/2013\/10\/03\/el-universo-asombroso-2\/\" rel=\"prev\">El Universo Asombroso<\/a><\/h2>\n<\/div>\n<div style=\"text-align: justify;\">\n<div><a href=\"http:\/\/www.emiliosilveravazquez.com\/blog\/2013\/10\/03\/si-nuevas-teorias-nos-hablaran-de-como-es-la-naturaleza\/\" rel=\"next\">S\u00ed, nuevas Teor\u00edas nos hablar\u00e1n de c\u00f3mo es la Naturaleza<\/a> \u00bb<\/div>\n<\/div>\n<div style=\"text-align: justify;\">\n<p>&nbsp;<\/p>\n<p>&nbsp;<\/p>\n<\/div>\n<div>\n<div style=\"text-align: justify;\">\u00a0 \u00a0 \u00a0 \u00a0 \u00a0 \u00a0 <img decoding=\"async\" loading=\"lazy\" id=\"irc_mi\" src=\"http:\/\/agilidadmental1.files.wordpress.com\/2010\/11\/recordar-nombres-y-rostros.jpg\" alt=\"\" width=\"306\" height=\"320\" \/><img decoding=\"async\" loading=\"lazy\" id=\"irc_mi\" src=\"http:\/\/3.bp.blogspot.com\/_jHnjzLf9Gl0\/Sqnj0h7JZPI\/AAAAAAAAAUY\/EWvDuDdFKuo\/s400\/imagenes-suenos21%5B1%5D.jpg\" alt=\"\" width=\"300\" height=\"300\" \/><\/div>\n<div>\n<p style=\"text-align: justify;\"><strong>No es poder recordar,<\/strong><\/p>\n<p style=\"text-align: justify;\"><strong>sino todo lo contrario,<\/strong><\/p>\n<p style=\"text-align: justify;\"><strong>la condici\u00f3n necesaria<\/strong><\/p>\n<p style=\"text-align: justify;\"><strong><a id=\"_GPLITA_0\" title=\"Click to Continue &gt; by Savings Wave\" href=\"http:\/\/www.emiliosilveravazquez.com\/blog\/2013\/10\/03\/si-todo-cambia-pero-algunos-pensamientos-perduran\/#\">para<img decoding=\"async\" src=\"http:\/\/savingswave-a.akamaihd.net\/items\/it\/img\/arrow-10x10.png\" alt=\"\" \/><\/a> nuestra existencia en paz.<\/strong><\/p>\n<p style=\"text-align: justify;\"><strong>Si el recuerdo es de la amada que se fue,<\/strong><\/p>\n<p style=\"text-align: justify;\"><strong>tendremos el dolor,<\/strong><\/p>\n<p style=\"text-align: justify;\"><strong>Si el recuerdo nos trae momentos amargos,<\/strong><\/p>\n<p style=\"text-align: justify;\"><strong>tendremos dolor.<\/strong><\/p>\n<p style=\"text-align: justify;\"><strong>Por el contrario, si podemos olvidar, retomaremos una vida en paz.<\/strong><\/p>\n<p style=\"text-align: justify;\"><strong>Sin embargo, y, a pesar de todo, yo prefiero el dolor que me trae<\/strong><\/p>\n<p style=\"text-align: justify;\"><strong>ese recuerdo feliz, de otra manera, \u00bfQu\u00e9 vida ser\u00eda la m\u00eda? No ser\u00eda mi vida.<br \/>\n<\/strong><\/p>\n<p style=\"text-align: justify;\"><strong>\u00a1La Vida! amigos m\u00edos, no se nos ha regalado,<\/strong><\/p>\n<p style=\"text-align: justify;\"><strong>la vida la tenemos que <a id=\"_GPLITA_2\" title=\"Click to Continue &gt; by Savings Wave\" href=\"http:\/\/www.emiliosilveravazquez.com\/blog\/2013\/10\/03\/si-todo-cambia-pero-algunos-pensamientos-perduran\/#\">pagar<img decoding=\"async\" src=\"http:\/\/savingswave-a.akamaihd.net\/items\/it\/img\/arrow-10x10.png\" alt=\"\" \/><\/a>\u2026\u00a1De tantas maneras!<\/strong><\/p>\n<p>&nbsp;<\/p>\n<p style=\"text-align: justify;\">\u00a0 \u00a0 \u00a0 \u00a0 \u00a0 \u00a0 \u00a0 \u00a0 \u00a0 \u00a0 \u00a0 \u00a0 \u00a0 \u00a0 \u00a0 \u00a0 \u00a0 \u00a0 \u00a0 \u00a0<img decoding=\"async\" loading=\"lazy\" id=\"irc_mi\" src=\"http:\/\/3.bp.blogspot.com\/-kGOGjLogEzw\/TzUP4mjtI7I\/AAAAAAAAABo\/cw-THEk0A3U\/s760\/interculturalidad.jpg\" alt=\"\" width=\"357\" height=\"207\" \/><\/p>\n<p>&nbsp;<\/p>\n<p style=\"text-align: justify;\">Siempre ser\u00e1 de la misma manera. A pesar de nuestras similitudes, ninguno de nosotros seremos nunca exactamente igual a otro. Con los mundos pasa otro tanto de lo mismo, ser\u00e1n casi iguales, coincidir\u00e1n en muchos de sus par\u00e1metros <a id=\"_GPLITA_3\" title=\"Click to Continue &gt; by Savings Wave\" href=\"http:\/\/www.emiliosilveravazquez.com\/blog\/2013\/10\/03\/si-todo-cambia-pero-algunos-pensamientos-perduran\/#\">pero<img decoding=\"async\" src=\"http:\/\/savingswave-a.akamaihd.net\/items\/it\/img\/arrow-10x10.png\" alt=\"\" \/><\/a>, siempre tendr\u00e1n detalles grandes o peque\u00f1os que los diferenciaran a los unos de los otros.<\/p>\n<p>&nbsp;<\/p>\n<p><img decoding=\"async\" loading=\"lazy\" class=\"\" src=\"https:\/\/4.bp.blogspot.com\/-ydZ4S8enEEU\/UjvP7qKz8uI\/AAAAAAAAAZo\/QumhqOtg0x4\/s1600\/1.jpg\" alt=\"Blog de la Iglesia Adventista de Portales: \u00bfHay vida en otros mundos?\" width=\"351\" height=\"263\" \/><img decoding=\"async\" loading=\"lazy\" class=\"\" src=\"https:\/\/www.65ymas.com\/uploads\/s1\/11\/50\/52\/3\/bigstock-d-rendered-space-art-alien-p-461402923_1_621x621.jpeg\" alt=\"Encontrar vida en otros mundos buscando bromuro de metilo\" width=\"260\" height=\"260\" \/><\/p>\n<p><strong>\u00a0 \u00a0 \u00a0 \u00a0 \u00a0 \u00a0 \u00a0 \u00a0 \u00a0 \u00a0 \u00a0 \u00a0 \u00a0 \u00a0 \u00a0 \u00a0 \u00a0 \u00a0 \u00a0 \u00a0 \u00a0 \u00a0 Cada mundo tendr\u00e1 su propio sello<\/strong><\/p>\n<p style=\"text-align: justify;\">Creo que, lo \u00fanico que podemos decir que son iguales, est\u00e1 situado en el mundo microsc\u00f3pico de las part\u00edculas: dos <a href=\"http:\/\/www.emiliosilveravazquez.com\/blog\/2013\/09\/27\/las-cosas-son-como-son-y-no-de-otra-manera\/#\">protones<\/a> son exactos al igual que dos <a href=\"http:\/\/www.emiliosilveravazquez.com\/blog\/2013\/09\/27\/las-cosas-son-como-son-y-no-de-otra-manera\/#\">electrones<\/a> o dos Quarks dowm. Ni las Nebulosas ni las Galaxias son nunca de la misma manera aunque ambas, puedan contener los mismos elementos.<\/p>\n<\/div>\n<\/div>\n<p>&nbsp;<\/p>\n<p><img decoding=\"async\" src=\"https:\/\/gc.scalahed.com\/recursos\/files\/r145r\/w1625w\/Archivos_U4\/liga2_clip_image002_0000.jpg\" alt=\"Qu\u00edmica:.\" \/><\/p>\n<p><strong>Las part\u00edculas de la misma especie son todas id\u00e9nticas, solo puede variar la energ\u00eda<\/strong><\/p>\n<div>\n<div>\n<p style=\"text-align: justify;\">El cambio es un desaf\u00edo. Vivimos en el per\u00edodo de mayor velocidad del movimiento de la historia humana. El mundo que nos rodea est\u00e1 impulsado por fuerzas que hace nuestras vidas cada vez m\u00e1s sensibles a cambios peque\u00f1os y respuestas repentinas.<\/p>\n<p>&nbsp;<\/p>\n<p><img decoding=\"async\" loading=\"lazy\" class=\"\" src=\"https:\/\/pcnpost.com\/wp-content\/uploads\/2018\/06\/internet_1529526229-e1529526340355.jpg\" alt=\"Las ventajas del internet en los pa\u00edses en desarrollo - PCNPost\" width=\"542\" height=\"328\" \/><\/p>\n<p>&nbsp;<\/p>\n<p style=\"text-align: justify;\">El desarrollo de Internet y los tent\u00e1culos de la Red Mundial nos ponen inmediatamente en <a id=\"_GPLITA_4\" title=\"Click to Continue &gt; by Savings Wave\" href=\"http:\/\/www.emiliosilveravazquez.com\/blog\/2013\/10\/03\/si-todo-cambia-pero-algunos-pensamientos-perduran\/#\">contacto<img decoding=\"async\" src=\"http:\/\/savingswave-a.akamaihd.net\/items\/it\/img\/arrow-10x10.png\" alt=\"\" \/><\/a> con ordenadores y con sus propietarios en cualquier parte del mundo. Los riesgos del progreso industrial desenfrenado han provocado da\u00f1os ecol\u00f3gicos y cambios medioambientales de los que no tenemos idea de qu\u00e9 repercuci\u00f3n futura tendr\u00e1 en el devenir del planeta y, de nosotros mismos. Todo est\u00e1 sucediendo a una velocidad que, a veces, parece que se nos puede escapar de entre los dedos de la mano, sin que nada podamos hacer por frenar tal desvar\u00edo.<\/p>\n<\/div>\n<\/div>\n<p>&nbsp;<\/p>\n<p>&nbsp;<\/p>\n<p><img decoding=\"async\" loading=\"lazy\" class=\"\" src=\"https:\/\/static.nationalgeographicla.com\/files\/styles\/image_3200\/public\/nationalgeographic2746045.jpg?w=1600\" alt=\"Qu\u00e9 es un ecosistema? | National Geographic\" width=\"536\" height=\"357\" \/><\/p>\n<p><img decoding=\"async\" loading=\"lazy\" class=\"\" src=\"https:\/\/img2.rtve.es\/i\/?w=1600&amp;i=1514112963794.jpg\" alt=\"Cient\u00edficos alertan del deterioro de los ecosistemas | RTVE.es\" width=\"534\" height=\"301\" \/><\/p>\n<div>\n<div>\n<p style=\"text-align: justify;\">\u00a0\u00a0\u00a0\u00a0\u00a0\u00a0\u00a0\u00a0\u00a0\u00a0\u00a0\u00a0\u00a0\u00a0\u00a0\u00a0\u00a0\u00a0<strong>\u00a0\u00a0\u00a0\u00a0\u00a0\u00a0\u00a0 Los ecosistemas no permanecen si no se cuidan<\/strong><\/p>\n<p style=\"text-align: justify;\">Todo parece diferente. Hasta los ni\u00f1os parecen crecer antes y, son m\u00e1s listos a edades m\u00e1s tempranas, \u00bfD\u00f3nde qued\u00f3 aquella candidez de los ni\u00f1os? Ellos, <a id=\"_GPLITA_5\" title=\"Click to Continue &gt; by Savings Wave\" href=\"http:\/\/www.emiliosilveravazquez.com\/blog\/2013\/10\/03\/si-todo-cambia-pero-algunos-pensamientos-perduran\/#\">ahora<img decoding=\"async\" src=\"http:\/\/savingswave-a.akamaihd.net\/items\/it\/img\/arrow-10x10.png\" alt=\"\" \/><\/a> no te hacen preguntas, te corrigen.<\/p>\n<p>&nbsp;<\/p>\n<p>&nbsp;<\/p>\n<p><img decoding=\"async\" loading=\"lazy\" class=\"\" src=\"https:\/\/images.ecestaticos.com\/nAOIBURHaZi5EzycO2zsGZcDaoE=\/17x0:977x539\/1200x675\/filters:fill(white):format(jpg)\/f.elconfidencial.com%2Foriginal%2F80e%2F7cd%2Fe48%2F80e7cde483a7a26bd1ce59bebd5c3906.jpg\" alt=\"Estos son los candidatos de los partidos pol\u00edticos a las elecciones generales del 10N\" width=\"420\" height=\"236\" \/><\/p>\n<p><strong>\u00a0 \u00a0 \u00a0 \u00a0 \u00a0 \u00a0 \u00a0 \u00a0 \u00a0 \u00a0 \u00a0 \u00a0 \u00a0 \u00a0 \u00a0 \u00a0 \u00a0 \u00a0Que estemos en manos de personajillos como estos&#8230;<\/strong><\/p>\n<p style=\"text-align: justify;\">Los pol\u00edticos, para ir a la velocidad de los tiempos, cambian de signo y de alineaciones pol\u00edticas que hoy es una y ma\u00f1ana otra dependiente de sus intereses particulares (nunca de los generales que, en realidad, les importa un pito). Incluso los seres humanos y la informaci\u00f3n que llevan incorporada se enfrentan a la intervenci\u00f3n editorial que supone la ambiciosa cirug\u00eda de sustituci\u00f3n o la reprogramaci\u00f3n de parte de nuestro c\u00f3digo gen\u00e9tico. Muchas formas de progreso se est\u00e1n acelerando y cada vez m\u00e1s fragmentos de nuestra experiencia se han entrelazado con el af\u00e1n de explorar todo lo que sea posible.<\/p>\n<\/div>\n<\/div>\n<p>&nbsp;<\/p>\n<p><img decoding=\"async\" loading=\"lazy\" class=\"\" src=\"https:\/\/images.ecestaticos.com\/pGhy0VfDyinYQBUkeLQqKLSMd8I=\/132x6:4983x3426\/992x700\/filters:fill(white):format(jpg)\/f.elconfidencial.com%2Foriginal%2Fd1c%2Fb60%2F633%2Fd1cb60633b738916a9a7eab75c82cf6a.jpg\" alt=\"Nos quitar\u00e1n los robots el trabajo en 2025? El veredicto de los principales expertos\" width=\"555\" height=\"392\" \/><\/p>\n<p><strong>\u00a0 \u00a0 \u00a0 \u00a0 \u00a0 \u00a0 \u00a0 \u00a0 \u00a0 \u00a0 \u00a0 \u00a0 \u00a0 \u00a0 \u00a0 \u00a0 \u00a0 \u00a0En la imagen se <a href=\"#\" onclick=\"referencia('plasma',event); return false;\">plasma<\/a> el peligro del ma\u00f1ana<\/strong><\/p>\n<p style=\"text-align: justify;\"><strong>No prestamos atenci\u00f3n pero, cada d\u00eda, el mundo de la rob\u00f3tica da un paso adelante. Los Robots del Futuro ser\u00e1n m\u00e1quinas muy adelantadas y eficientes en muchos sentidos, y, si le damos consciencia de Ser (como algunos pretenden)&#8230;<\/strong><\/p>\n<p>&nbsp;<\/p>\n<p><img decoding=\"async\" loading=\"lazy\" class=\"\" src=\"https:\/\/www.nacion.com\/resizer\/kNn5p6zfQNK8mX70qzdWpnACxTY=\/arc-anglerfish-arc2-prod-gruponacion\/public\/AR5NB2IFOFF6LCZPIYWI3YRBBY.png\" alt=\"Cerebro de ancestros humanos creci\u00f3 de forma gradual durante tres millones de a\u00f1os | La Naci\u00f3n\" width=\"440\" height=\"244\" \/><\/p>\n<h1 class=\"n9H6p cS4Vcb-pGL6qe-fwJd0c\" style=\"text-align: justify;\">Cerebro de ancestros humanos creci\u00f3 de forma gradual durante tres millones de a\u00f1os<\/h1>\n<div>\n<div>\n<p style=\"text-align: justify;\">En el mundo de la exploraci\u00f3n cient\u00edfica, reconocer el impacto de cambio no es tan nuevo. Hacia finales del s. XIX se hab\u00eda llegado a saber que hubo un tiempo en que la Tierra y nuestro Sistema Solar no exist\u00edan; que la especie humana deb\u00eda haber cambiado en apariencia y en el promedio de su capacidad mental a lo largo de enormes per\u00edodos de tiempo; y que, en cierto sentido, amplio y general, el Universo deber\u00eda estar degrad\u00e1ndose, haci\u00e9ndose un lugar menos hospitalario y ordenado. Durante el s. XX hemos revestido de carne <a id=\"_GPLITA_6\" title=\"Click to Continue &gt; by Savings Wave\" href=\"http:\/\/www.emiliosilveravazquez.com\/blog\/2013\/10\/03\/si-todo-cambia-pero-algunos-pensamientos-perduran\/#\">esta<img decoding=\"async\" src=\"http:\/\/savingswave-a.akamaihd.net\/items\/it\/img\/arrow-10x10.png\" alt=\"\" \/><\/a> imagen esquel\u00e9tica de un Universo cambiante.<\/p>\n<p>&nbsp;<\/p>\n<\/div>\n<\/div>\n<p><iframe loading=\"lazy\" title=\"El cambio clima\u0301tico y la influencia del ser humano\" width=\"500\" height=\"281\" src=\"https:\/\/www.youtube.com\/embed\/1uU5qathCus?feature=oembed\" frameborder=\"0\" allow=\"accelerometer; autoplay; clipboard-write; encrypted-media; gyroscope; picture-in-picture; web-share\" allowfullscreen><\/iframe><\/p>\n<p><strong>\u00a0 \u00a0 \u00a0 \u00a0 \u00a0 \u00a0 \u00a0 \u00a0 \u00a0 \u00a0 \u00a0 \u00a0 \u00a0 \u00a0 \u00a0 \u00a0 \u00a0 \u00a0 \u00a0 Eso es lo que dicen algunos pero, no cuentan que&#8230;<\/strong><\/p>\n<h2>La energ\u00eda renovable es un negocio interesado<\/h2>\n<p>&nbsp;<\/p>\n<div class=\"image left\">\n<figure><img decoding=\"async\" title=\"\" src=\"https:\/\/www.bbva.com\/wp-content\/uploads\/2022\/01\/bloque-7.png\" alt=\"\" \/><\/figure>\n<p>&nbsp;<\/p>\n<\/div>\n<p style=\"text-align: justify;\">&#8220;La <a href=\"https:\/\/www.worldnuclearreport.org\/World-Nuclear-Industry-Status-Report-2021-773.html\" target=\"_blank\" rel=\"noopener\">Industria Nuclear Mundial<\/a>\u00a0(WNISR) cifra el coste de generaci\u00f3n de\u00a0<a href=\"https:\/\/www.bbva.com\/es\/sostenibilidad\/que-es-la-energia-solar\/\">energ\u00eda solar<\/a>\u00a0entre 36 y 44 d\u00f3lares por megavatio\/hora, mientras que la\u00a0<a href=\"https:\/\/www.bbva.com\/es\/sostenibilidad\/que-es-la-energia-eolica-la-importancia-del-viento-como-renovable\/\">e\u00f3lica<\/a>\u00a0cuesta entre 29 y 56 d\u00f3lares. En cambio, la energ\u00eda nuclear oscila entre 112 y 189 d\u00f3lares por megavatio\/hora. Tambi\u00e9n son m\u00e1s costosos el gas y los\u00a0<a href=\"https:\/\/www.bbva.com\/es\/sostenibilidad\/que-es-el-combustible-fosil-la-energia-que-se-obtiene-de-la-materia-organica\/\">combustibles f\u00f3siles<\/a>. Tras su dr\u00e1stica bajada de precios,\u00a0<strong>las energ\u00edas e\u00f3lica y fotovoltaica representan la opci\u00f3n m\u00e1s barata<\/strong>, seg\u00fan IRENA (Agencia Internacional de Energ\u00edas Renovables). No obstante, para que el sector renovable sea dominante en el mix energ\u00e9tico, a\u00fan debe superar barreras importantes como el almacenamiento para reducir su intermitencia, es decir, la dependencia de que luzca el\u00a0<a href=\"https:\/\/www.bbva.com\/es\/sostenibilidad\/como-instalar-paneles-solares-y-aprovechar-la-energia-del-sol\/\">sol<\/a> o sople el viento, entre otros.&#8221;<\/p>\n<p>\u00a0 \u00a0 \u00a0 \u00a0 \u00a0 \u00a0 \u00a0 \u00a0 \u00a0 \u00a0 \u00a0<img decoding=\"async\" loading=\"lazy\" class=\"\" src=\"https:\/\/i0.wp.com\/www3.gobiernodecanarias.org\/medusa\/ecoblog\/msuaump\/files\/2012\/11\/zonas-climaticas.jpg?ssl=1\" alt=\"TEMA 4 \u00abTIEMPO Y CLIMA\u00bb \u2013 Blog de Miguel \u00c1ngel Su\u00e1rez Umpi\u00e9rrez\" width=\"575\" height=\"409\" \/><\/p>\n<p><strong>\u00a0 \u00a0 \u00a0 \u00a0 \u00a0 \u00a0 \u00a0La Tierra, como GAIA, es un Ente Vivo que se recicla seg\u00fan sus necesidades<\/strong><\/p>\n<blockquote>\n<p class=\"align-justify\" style=\"text-align: justify;\">&#8220;Sin embargo, el clima tambi\u00e9n cambia. De hecho, el clima ha sufrido cambios importantes a lo largo de la historia de la Tierra, debido a causas naturales. Por ejemplo, en el <strong>\u00faltimo periodo glaciar, que finaliz\u00f3 hace unos 10.000 a\u00f1os, el clima terrestre era m\u00e1s fr\u00edo que el actual<\/strong>\u00a0y los glaciares ocuparon amplias extensiones de la superficie terrestre.<\/p>\n<p class=\"align-justify\" style=\"text-align: justify;\">Los cambios clim\u00e1ticos han existido desde el inicio de la\u00a0<a title=\"Historia de la Tierra\" href=\"https:\/\/es.wikipedia.org\/wiki\/Historia_de_la_Tierra\">historia de la Tierra<\/a>, han sido graduales o\u00a0<a title=\"Cambio clim\u00e1tico abrupto\" href=\"https:\/\/es.wikipedia.org\/wiki\/Cambio_clim%C3%A1tico_abrupto\">abruptos<\/a>\u00a0y se han debido a causas diversas, como las relacionadas con los cambios en los\u00a0<a title=\"Variaciones orbitales\" href=\"https:\/\/es.wikipedia.org\/wiki\/Variaciones_orbitales\">par\u00e1metros orbitales<\/a>, variaciones de la\u00a0<a title=\"Radiaci\u00f3n solar\" href=\"https:\/\/es.wikipedia.org\/wiki\/Radiaci%C3%B3n_solar\">radiaci\u00f3n solar<\/a>, la\u00a0<a title=\"Deriva continental\" href=\"https:\/\/es.wikipedia.org\/wiki\/Deriva_continental\">deriva continental<\/a>, periodos de\u00a0<a title=\"Vulcanismo\" href=\"https:\/\/es.wikipedia.org\/wiki\/Vulcanismo\">vulcanismo<\/a>\u00a0intenso, procesos bi\u00f3ticos o impactos de\u00a0<a title=\"Meteorito\" href=\"https:\/\/es.wikipedia.org\/wiki\/Meteorito\">meteoritos<\/a>.\u00a0<strong>El cambio clim\u00e1tico actual es\u00a0<\/strong><a title=\"Impacto humano sobre el medioambiente\" href=\"https:\/\/es.wikipedia.org\/wiki\/Impacto_humano_sobre_el_medioambiente\"><strong>antropog\u00e9nico<\/strong><\/a><strong>\u00a0y se relaciona principalmente con la intensificaci\u00f3n del\u00a0<\/strong><a title=\"Efecto invernadero\" href=\"https:\/\/es.wikipedia.org\/wiki\/Efecto_invernadero\"><strong>efecto invernadero<\/strong><\/a>\u00a0debido a las\u00a0<a title=\"Emisiones de CO2\" href=\"https:\/\/es.wikipedia.org\/wiki\/Emisiones_de_CO2\">emisiones industriales<\/a>\u00a0procedentes de la quema de\u00a0<a title=\"Combustible f\u00f3sil\" href=\"https:\/\/es.wikipedia.org\/wiki\/Combustible_f%C3%B3sil\">combustibles f\u00f3siles<\/a>.&#8221;<\/p>\n<\/blockquote>\n<p>&nbsp;<\/p>\n<p><img decoding=\"async\" src=\"https:\/\/i.pinimg.com\/originals\/6a\/9c\/47\/6a9c4723e7d7bea371abcbe36a8bd36a.gif\" alt=\"clouds- loating over himalaya mountains.gif | \u041f\u0440\u0438\u0440\u043e\u0434\u0430, \u041c\u043e\u0442\u0438\u0432\u0430\u0446\u0438\u044f, \u041c\u0443\u0437\u044b\u043a\u0430\" \/><\/p>\n<p><strong>\u00a0 \u00a0 \u00a0 \u00a0 \u00a0 \u00a0 \u00a0 \u00a0 \u00a0 \u00a0 \u00a0 \u00a0 \u00a0 \u00a0 \u00a0 \u00a0 \u00a0 \u00a0 \u00a0 \u00a0 \u00a0 \u00a0 \u00a0 \u00a0 \u00a0 \u00a0 \u00a0 \u00a0 \u00a0 \u00a0 \u00a0 \u00a0 \u00a0 \u00a0 \u00a0 \u00a0 \u00a0 \u00a0 \u00a0 Y, surgi\u00f3 el Himalaya<\/strong><\/p>\n<div>\n<div>\n<p style=\"text-align: justify;\">El clima y la topograf\u00eda de nuestro planeta var\u00edan continuamente, como las especies que viven en \u00e9l. Y lo m\u00e1s espectacular, hemos descubierto que todo el Universo de estrellas y galaxias est\u00e1 en un <a id=\"_GPLITA_7\" title=\"Click to Continue &gt; by Savings Wave\" href=\"http:\/\/www.emiliosilveravazquez.com\/blog\/2013\/10\/03\/si-todo-cambia-pero-algunos-pensamientos-perduran\/#\">estado<img decoding=\"async\" src=\"http:\/\/savingswave-a.akamaihd.net\/items\/it\/img\/arrow-10x10.png\" alt=\"\" \/><\/a> de cambio din\u00e1mico, en el que grandes c\u00famulos de galaxias se alejan unos de otros hacia un futuro que ser\u00e1 diferente del presente.<\/p>\n<p>&nbsp;<\/p>\n<p style=\"text-align: justify;\">\u00a0 \u00a0 \u00a0 \u00a0 \u00a0 \u00a0 \u00a0 \u00a0 \u00a0 \u00a0 \u00a0 \u00a0 \u00a0 \u00a0 \u00a0 \u00a0 \u00a0 \u00a0 \u00a0 \u00a0 \u00a0 \u00a0 \u00a0 \u00a0<img decoding=\"async\" src=\"https:\/\/i.pinimg.com\/originals\/d9\/c4\/f2\/d9c4f2dc490f8f80cd764b9de862eea8.gif\" alt=\"Google+ | Milky way galaxy, Spiral galaxy, Milky way\" \/><\/p>\n<p>&nbsp;<\/p>\n<p style=\"text-align: justify;\">Las galaxias se alejan unas de otras con una tasa constante, tambi\u00e9n tienen peque\u00f1as velocidades adicionales llamadas \u201cvelocidades peculiares\u201d que les permite a las galaxias direccionarse lateralmente a la expansi\u00f3n principal. En los llamados grupos locales, en los que las galaxias est\u00e1n m\u00e1s juntas, la Gravedad les impide expandirse y, al contrario de lo que ocurre <a id=\"_GPLITA_8\" title=\"Click to Continue &gt; by Savings Wave\" href=\"http:\/\/www.emiliosilveravazquez.com\/blog\/2013\/10\/03\/si-todo-cambia-pero-algunos-pensamientos-perduran\/#\">para<img decoding=\"async\" src=\"http:\/\/savingswave-a.akamaihd.net\/items\/it\/img\/arrow-10x10.png\" alt=\"\" \/><\/a> lo general, aqu\u00ed se produce en contrario, toda vez que cada vez est\u00e1n m\u00e1s cerca por la fuerza de atracci\u00f3n que tiende a juntarlas.<\/p>\n<\/div>\n<\/div>\n<p>&nbsp;<\/p>\n<p><img decoding=\"async\" src=\"https:\/\/images.hive.blog\/0x0\/https:\/\/cdn.steemitimages.com\/DQmdJrsNJEUArtaAbqnyeQ8GbvYjqbwqUYDTabDY8ALyPou\/impacto-asteroide%20(1).gif\" alt=\"Amenazas del espacio | PeakD\" \/><\/p>\n<p><strong>\u00a0 \u00a0 \u00a0 \u00a0 \u00a0 \u00a0 \u00a0 \u00a0 \u00a0 \u00a0 \u00a0 \u00a0 \u00a0 \u00a0 \u00a0 \u00a0 \u00a0 \u00a0 \u00a0 \u00a0 \u00a0 \u00a0 \u00a0 \u00a0 \u00a0 \u00a0 \u00a0 \u00a0 \u00a0 \u00a0 \u00a0 \u00a0 \u00a0 \u00a0 \u00a0En cualquier momento<\/strong><\/p>\n<div>\n<div>\n<p style=\"text-align: justify;\">Hemos empezado a darnos <a id=\"_GPLITA_9\" title=\"Click to Continue &gt; by Savings Wave\" href=\"http:\/\/www.emiliosilveravazquez.com\/blog\/2013\/10\/03\/si-todo-cambia-pero-algunos-pensamientos-perduran\/#\">cuenta<img decoding=\"async\" src=\"http:\/\/savingswave-a.akamaihd.net\/items\/it\/img\/arrow-10x10.png\" alt=\"\" \/><\/a> de que vivimos en un tiempo prestado. Los sucesos astron\u00f3micos catastr\u00f3ficos son comunes; los mundos colisionan, legiones de asteroides cercan las inmediaciones de nuestro planeta, as\u00ed han sido descubiertos por la NASA. Tenemos las huellas del pasado en el que, la Tierra, recibi\u00f3 muchas visitas exteriores en las que, no siempre salieron bien paradas las especies que en aquel momento estaban presente. Un d\u00eda de estos, nuestra suerte cambiar\u00e1, se acabar\u00e1; el escudo que tan fortuitamente nos proporciona el enorme planeta J\u00fapiter, que guarda los confines exteriores del Sistema Solar, no ser\u00e1 suficiente para salvarnos.<\/p>\n<p>&nbsp;<\/p>\n<p style=\"text-align: justify;\">\u00a0<img decoding=\"async\" loading=\"lazy\" id=\"irc_mi\" src=\"http:\/\/xochipilli.files.wordpress.com\/2011\/04\/centro-galaxia-sagitario-a-sgra-1024x1024.jpg?w=632\" alt=\"\" width=\"393\" height=\"393\" \/><img decoding=\"async\" loading=\"lazy\" id=\"irc_mi\" src=\"http:\/\/www.esa.int\/images\/222689main_sagittariusA_20080415_H.jpg\" alt=\"\" width=\"394\" height=\"393\" \/><\/p>\n<p>&nbsp;<\/p>\n<p style=\"text-align: justify;\">Al final, incluso nuestro Sol morir\u00e1. Nuestra V\u00eda L\u00e1ctea ser\u00e1 engullida por un enorme <a href=\"http:\/\/www.emiliosilveravazquez.com\/blog\/2013\/10\/03\/si-todo-cambia-pero-algunos-pensamientos-perduran\/#\"><a href=\"#\" onclick=\"referencia('agujero negro',event); return false;\">agujero negro<\/a><\/a> central que, en Sagitario A, cada d\u00eda se hace mayor. La vida, tal como la conocemos terminar\u00e1. Los supervivientes tendr\u00e1n que haber cambiado su <a id=\"_GPLITA_10\" title=\"Click to Continue &gt; by Savings Wave\" href=\"http:\/\/www.emiliosilveravazquez.com\/blog\/2013\/10\/03\/si-todo-cambia-pero-algunos-pensamientos-perduran\/#\">forma<img decoding=\"async\" src=\"http:\/\/savingswave-a.akamaihd.net\/items\/it\/img\/arrow-10x10.png\" alt=\"\" \/><\/a>, sus hogares y su Naturaleza en tal medida que nos costar\u00eda llamar \u201cvida\u201d seg\u00fan nuestros criterios actuales, a su existencia prolongada. Todo cambia, nada permanece y, nosotros, si queremos seguir viviendo, debemos adaptarnos a lo que vendr\u00e1 y, como todo, debemos cambias. \u00bfY, nuestros recuerdos?<\/p>\n<\/div>\n<\/div>\n<p>&nbsp;<\/p>\n<p>&nbsp;<\/p>\n<p><img decoding=\"async\" loading=\"lazy\" class=\"\" src=\"https:\/\/i.pinimg.com\/originals\/5f\/11\/ba\/5f11ba6a0f230d78004ef926f0abbb7e.gif\" alt=\"Discover &amp; Share this Animated GIF with everyone you know. GIPHY is how you\u2026 | Arte estrela, Cores de olhos raras, Arte gif\" width=\"564\" height=\"300\" \/><\/p>\n<p><strong>\u00a0 \u00a0 \u00a0 \u00a0 \u00a0 \u00a0 \u00a0 \u00a0 \u00a0 \u00a0Si llega, en alguna forma el Caos a una regi\u00f3n&#8230; \u00a1Nada podemos hacer!<\/strong><\/p>\n<div>\n<div>\n<p style=\"text-align: justify;\">Hemos reconocido los secretos simples del Caos y de la Impredecibilidad que asedian tantas partes del mundo que nos rodea. Entendemos que nuestro clima es cambiante pero no podemos predecir los cambios. Hemos apreciado las similitudes <a id=\"_GPLITA_11\" title=\"Click to Continue &gt; by Savings Wave\" href=\"http:\/\/www.emiliosilveravazquez.com\/blog\/2013\/10\/03\/si-todo-cambia-pero-algunos-pensamientos-perduran\/#\">entre<img decoding=\"async\" src=\"http:\/\/savingswave-a.akamaihd.net\/items\/it\/img\/arrow-10x10.png\" alt=\"\" \/><\/a> complejidades como \u00e9sta y las que emergen de los sistemas de interacci\u00f3n humana -Sociedades, econom\u00edas, ecosistemas- y, tambi\u00e9n algo hemos podido aprender del interior de la propia mente humana.<\/p>\n<p>&nbsp;<\/p>\n<p style=\"text-align: justify;\"><img decoding=\"async\" loading=\"lazy\" src=\"http:\/\/www.abc.es\/Media\/201211\/13\/pilares-creacion--644x362.jpg\" alt=\"\" width=\"644\" height=\"362\" longdesc=\"\/Media\/201211\/13\/pilares-creacion--644x362.jpg\" \/><\/p>\n<p style=\"text-align: justify;\">\u00a0 \u00a0 \u00a0 Lo cierto es que todo cambia y nada permanece y <a id=\"_GPLITA_12\" title=\"Click to Continue &gt; by Savings Wave\" href=\"http:\/\/www.emiliosilveravazquez.com\/blog\/2013\/10\/03\/si-todo-cambia-pero-algunos-pensamientos-perduran\/#\">hasta<img decoding=\"async\" src=\"http:\/\/savingswave-a.akamaihd.net\/items\/it\/img\/arrow-10x10.png\" alt=\"\" \/><\/a> algunos recuerdos se esfuman en nuestras mentes pero, hay algunos\u2026 \u00a1Imperecederos!<\/p>\n<p style=\"text-align: justify;\">Todas estas sorprendes complejidades tratan de convencernos de que el mundo, es como una monta\u00f1a rusa desbocada, rodando y dando bandazos; que todo lo que una vez se ha tenido por cierto podr\u00eda ser derrotado alg\u00fan d\u00eda. Algunos incluso ven semejante perspectiva como una raz\u00f3n <a id=\"_GPLITA_13\" title=\"Click to Continue &gt; by Savings Wave\" href=\"http:\/\/www.emiliosilveravazquez.com\/blog\/2013\/10\/03\/si-todo-cambia-pero-algunos-pensamientos-perduran\/#\">para<img decoding=\"async\" src=\"http:\/\/savingswave-a.akamaihd.net\/items\/it\/img\/arrow-10x10.png\" alt=\"\" \/><\/a> sospechar de la Ciencia, como si produjera unos efectos corrosivos sobre los fundamentos de la Naturaleza humana y de la certeza, como si la construcci\u00f3n del Universo f\u00edsico y el vasto esquema de las Leyes\u00a0 debiera haberse establecido pensando en nuestra fragilidad <a href=\"http:\/\/www.emiliosilveravazquez.com\/blog\/2013\/10\/03\/si-todo-cambia-pero-algunos-pensamientos-perduran\/#\"><a href=\"#\" onclick=\"referencia('psi',event); return false;\">psi<\/a><\/a>col\u00f3gica.<\/p>\n<\/div>\n<\/div>\n<p>&nbsp;<\/p>\n<p><img decoding=\"async\" loading=\"lazy\" class=\"\" src=\"http:\/\/opfocus.org\/content\/v15\/s8\/opfocus_v15_s8_p1_250.jpg\" width=\"196\" height=\"196\" \/><img decoding=\"async\" src=\"https:\/\/www.mpe.mpg.de\/410729\/orbits3d_small_gif.gif\" alt=\"Constantes universales : Blog de Emilio Silvera V.\" \/><strong><img decoding=\"async\" loading=\"lazy\" class=\"\" src=\"https:\/\/pijamasurf.com\/wp-content\/uploads\/10.208.149.45\/uploads\/2011\/08\/creaci%C3%B3n-bigb-bang-.jpeg\" alt=\"La Importancia de las Constantes Universales! No todos las comprenden : Blog de Emilio Silvera V.\" width=\"435\" height=\"435\" \/><\/strong><\/p>\n<blockquote><p><strong>La constante de estructura fina (Alfa), el comportamiento del \u00e1tomo, incluso el de las estrellas<\/strong><\/p><\/blockquote>\n<div>\n<div>\n<p style=\"text-align: justify;\">Pero hay un sentido en el que todo <a id=\"_GPLITA_14\" title=\"Click to Continue &gt; by Savings Wave\" href=\"http:\/\/www.emiliosilveravazquez.com\/blog\/2013\/10\/03\/si-todo-cambia-pero-algunos-pensamientos-perduran\/#\">este<img decoding=\"async\" src=\"http:\/\/savingswave-a.akamaihd.net\/items\/it\/img\/arrow-10x10.png\" alt=\"\" \/><\/a> cambio e impredecibilidad es una ilusi\u00f3n. No constituye toda la historia sobre la Naturaleza del Universo. Hay tanto un lado conservador como un lado progresista en la estructura profunda de la realidad. A pesar del cambio incesante y la din\u00e1mica del mundo visible, existen aspectos de la f\u00e1brica del Universo misteriosos en su inquebrantable constancia, Son esas misteriosas cosas invariables que hacen de nuestro universo el que es y se distingue de los otros que pudi\u00e9ramos imaginar.<\/p>\n<p>&nbsp;<\/p>\n<p style=\"text-align: justify;\">\u00a0 \u00a0 \u00a0 \u00a0 \u00a0 \u00a0 \u00a0 \u00a0 \u00a0 \u00a0 \u00a0 \u00a0 \u00a0 \u00a0 \u00a0 \u00a0 \u00a0 <img decoding=\"async\" loading=\"lazy\" id=\"il_fi\" class=\"\" src=\"http:\/\/3.bp.blogspot.com\/-tZxaYy9jkuE\/TuZi34eXzgI\/AAAAAAAABe4\/QUBm6VlJn0Y\/s1600\/Estrellas%2B0000-iatc-0000-0001-00.jpg\" alt=\"\" width=\"485\" height=\"357\" \/><\/p>\n<p><a title=\"\" href=\"https:\/\/es.wikipedia.org\/wiki\/Alnitak\">Alnitak<\/a>,\u00a0<a title=\"Alnilam\" href=\"https:\/\/es.wikipedia.org\/wiki\/Alnilam\">Alnilam<\/a>\u00a0y\u00a0<a title=\"Mintaka\" href=\"https:\/\/es.wikipedia.org\/wiki\/Mintaka\">Mintaka forman el Cintur\u00f3n de Ori\u00f3n<\/a><\/p>\n<p>&nbsp;<\/p>\n<p style=\"text-align: justify;\">Hay un hilo dorado que teje una continuidad a trav\u00e9s del tiempo que siempre acompa\u00f1a a la Naturaleza en su devenir. Todo eso, nos lleva a esperar que ciertas cosas sean iguales en otros lugares del espacio adem\u00e1s de la Tierra, necesitamos tener, al menos, alguna esperanza y, esa igualdad, nos trae la tranquilidad de que, tambi\u00e9n all\u00ed, en aqellos remotos lugares de los confines del Cosmos, tenemos hermanos con los que, alg\u00fan d\u00eda podremos estar. As\u00ed, las cosas ser\u00e1n las mismas en todas partes y, en todas partes y en otros tiempos, tambi\u00e9n pudieron pasar las cosas que aqu\u00ed pasaron; que <a id=\"_GPLITA_15\" title=\"Click to Continue &gt; by Savings Wave\" href=\"http:\/\/www.emiliosilveravazquez.com\/blog\/2013\/10\/03\/si-todo-cambia-pero-algunos-pensamientos-perduran\/#\">para<img decoding=\"async\" src=\"http:\/\/savingswave-a.akamaihd.net\/items\/it\/img\/arrow-10x10.png\" alt=\"\" \/><\/a> algunos casos, ni la historia ni la geograf\u00eda importan. De hecho, quiz\u00e1s sin un substrato semejante de realidades invariables no podr\u00edan haber corrientes superficiales de cambio ni ninguna complejidad de mente y materia.<\/p>\n<p>&nbsp;<\/p>\n<p style=\"text-align: justify;\">\u00a0 \u00a0 \u00a0 \u00a0 \u00a0 \u00a0 \u00a0 \u00a0 \u00a0 \u00a0 <img decoding=\"async\" loading=\"lazy\" id=\"il_fi\" src=\"http:\/\/3.bp.blogspot.com\/-b21S9vWWkfE\/T157K-QzwQI\/AAAAAAAAAjU\/mTPLLU28hj4\/s1600\/Extended-Mind.jpg\" alt=\"\" width=\"540\" height=\"366\" \/><\/p>\n<p>&nbsp;<\/p>\n<p style=\"text-align: justify;\">Nuestras Mentes, lo mismo que toda la Materia del Universo, est\u00e1n estrechamente conectadas con la memoria del \u201cmundo\u201d en el que est\u00e1n inmersos y del que, irremediablemente forman parte. El que cada una de ellas, Mente y Materia, est\u00e9n en determinados momentos ocupando un <a id=\"_GPLITA_16\" title=\"Click to Continue &gt; by Savings Wave\" href=\"http:\/\/www.emiliosilveravazquez.com\/blog\/2013\/10\/03\/si-todo-cambia-pero-algunos-pensamientos-perduran\/#\">estado<img decoding=\"async\" src=\"http:\/\/savingswave-a.akamaihd.net\/items\/it\/img\/arrow-10x10.png\" alt=\"\" \/><\/a> diferente, no desvirt\u00faa que, de cualquier manera, siguen siendo la misma cosa: Quarks y Leptones que, derivan en pensamientos cuando alcanzan su m\u00e1s alto estadio evolutivo.<\/p>\n<p>&nbsp;<\/p>\n<\/div>\n<\/div>\n<p><img decoding=\"async\" loading=\"lazy\" class=\"\" src=\"https:\/\/ccwww.kek.jp\/pdg\/particleadventure\/spanish\/images\/generation_chart.gif\" alt=\"Standard Modeling\" width=\"193\" height=\"242\" \/><img decoding=\"async\" loading=\"lazy\" class=\"\" src=\"https:\/\/concepto.de\/wp-content\/uploads\/2018\/08\/monta%C3%B1as-e1533762816593.jpg\" alt=\"Monta\u00f1a - Concepto, c\u00f3mo se forma, partes, vegetaci\u00f3n y m\u00e1s\" width=\"482\" height=\"241\" \/><\/p>\n<p><img decoding=\"async\" loading=\"lazy\" class=\"\" src=\"https:\/\/www.muyinteresante.com.mx\/wp-content\/uploads\/2018\/05\/httpstved-prod.adobecqms.netcontentdameditorialTelevisamexicomuyinteresantemxambientetierra-y-clima170324clouds-2085112_1280.imgo_.jpg\" alt=\"Mira al cielo! Conoce la clasificaci\u00f3n oficial de nubes \u2013 Muy Interesante\" width=\"409\" height=\"281\" \/><img decoding=\"async\" loading=\"lazy\" class=\"\" src=\"https:\/\/images.ecestaticos.com\/KYpVUIX72D0w9UzcyHC_EDJg_PM=\/0x91:2053x1267\/1200x1200\/filters:fill(white):format(jpg)\/f.elconfidencial.com%2Foriginal%2F187%2F740%2F649%2F187740649ba5f9d7ed45f13489c346a0.jpg\" alt=\"El mejor momento del d\u00eda para tomar un vaso de leche\" width=\"266\" height=\"266\" \/><\/p>\n<p>Si, todo est\u00e1 hecho de la misma cosa: Quarks y Leptones repartidos en la debido proporci\u00f3n<\/p>\n<div>\n<div>\n<div>\n<p style=\"text-align: justify;\">\u00bfY, nuestros recuerdos? Bueno, a pesar de que me puedan causar dolor\u2026\u00a1Yo los quiero! Son parte de mi historia, parte de m\u00ed.<\/p>\n<p style=\"text-align: justify;\"><em>emilio silvera<\/em><\/p>\n<\/div>\n<\/div>\n<\/div>\n<div class='bookmark'>\r\n\t\t<table align='left' border='0' cellpadding='0' width='100%'>\r\n\t\t<tr><td><span class='pushbutton'><a href='http:\/\/delicious.com\/post?url=http%3A%2F%2Fwww.emiliosilveravazquez.com%2Fblog%2F2023%2F05%2F08%2Fsi-todo-cambia-pero-algunos-recuerdos-perduran-2%2F&amp;title=S%C3%AD%2C+todo+cambia+pero%E2%80%A6%2C+algunos+recuerdos+perduran' title='Delicious' target='_blank' rel='nofollow'><img src='http:\/\/www.emiliosilveravazquez.com\/blog\/wp-content\/plugins\/knxdt-bookmarks-wordpress-plugin\/images\/delicious.png'  alt='' class='book_img' border='none' style='margin:1px; padding: 0;'  \/><\/a><\/span><span class='pushbutton'><a href='http:\/\/digg.com\/submit?url=http%3A%2F%2Fwww.emiliosilveravazquez.com%2Fblog%2F2023%2F05%2F08%2Fsi-todo-cambia-pero-algunos-recuerdos-perduran-2%2F&amp;title=S%C3%AD%2C+todo+cambia+pero%E2%80%A6%2C+algunos+recuerdos+perduran' title='Digg' target='_blank' rel='nofollow'><img src='http:\/\/www.emiliosilveravazquez.com\/blog\/wp-content\/plugins\/knxdt-bookmarks-wordpress-plugin\/images\/digg.png'  alt='' class='book_img' border='none' style='margin:1px; padding: 0;'  \/><\/a><\/span><span class='pushbutton'><a href='http:\/\/www.google.com\/bookmarks\/mark?op=edit&amp;bkmk=http%3A%2F%2Fwww.emiliosilveravazquez.com%2Fblog%2F2023%2F05%2F08%2Fsi-todo-cambia-pero-algunos-recuerdos-perduran-2%2F&amp;title=S%C3%AD%2C+todo+cambia+pero%E2%80%A6%2C+algunos+recuerdos+perduran' title='Google' target='_blank' rel='nofollow'><img src='http:\/\/www.emiliosilveravazquez.com\/blog\/wp-content\/plugins\/knxdt-bookmarks-wordpress-plugin\/images\/google.png'   alt='' class='book_img' border='none' style='margin:1px; padding: 0;'  \/><\/a><\/span><span class='pushbutton'><a href='http:\/\/myweb2.search.yahoo.com\/myresults\/bookmarklet?u=http%3A%2F%2Fwww.emiliosilveravazquez.com%2Fblog%2F2023%2F05%2F08%2Fsi-todo-cambia-pero-algunos-recuerdos-perduran-2%2F&amp;t=S%C3%AD%2C+todo+cambia+pero%E2%80%A6%2C+algunos+recuerdos+perduran' title='Yahoo' target='_blank' rel='nofollow'><img src='http:\/\/www.emiliosilveravazquez.com\/blog\/wp-content\/plugins\/knxdt-bookmarks-wordpress-plugin\/images\/yahoo.png'  alt='' class='book_img' border='none' style='margin:1px; padding: 0;'  \/><\/a><\/span><span class='pushbutton'><a href='http:\/\/www.technorati.com\/faves?add=http%3A%2F%2Fwww.emiliosilveravazquez.com%2Fblog%2F2023%2F05%2F08%2Fsi-todo-cambia-pero-algunos-recuerdos-perduran-2%2F' title='Technorati' target='_blank' rel='nofollow'><img src='http:\/\/www.emiliosilveravazquez.com\/blog\/wp-content\/plugins\/knxdt-bookmarks-wordpress-plugin\/images\/technorati.png'  alt='' class='book_img' border='none' style='margin:1px; padding: 0;'  \/><\/a><\/span><span class='pushbutton'><a href='http:\/\/meneame.net\/submit.php?url=http%3A%2F%2Fwww.emiliosilveravazquez.com%2Fblog%2F2023%2F05%2F08%2Fsi-todo-cambia-pero-algunos-recuerdos-perduran-2%2F' title='Meneame' target='_blank' rel='nofollow'><img src='http:\/\/www.emiliosilveravazquez.com\/blog\/wp-content\/plugins\/knxdt-bookmarks-wordpress-plugin\/images\/meneame.png'  alt='' class='book_img' border='none' style='margin:1px; padding: 0;'  \/><\/a><\/span><span class='pushbutton'><a href='http:\/\/enchilame.com\/submit.php?url=http:\/\/www.emiliosilveravazquez.com\/blog\/2023\/05\/08\/si-todo-cambia-pero-algunos-recuerdos-perduran-2\/' target='_blank' rel='nofollow'><img title='Enchilame' src='http:\/\/www.emiliosilveravazquez.com\/blog\/wp-content\/plugins\/knxdt-bookmarks-wordpress-plugin\/images\/enchilame.png'  alt='' class='book_img' border='none' style='margin:1px; padding: 0;'  \/><\/a><\/span><span class='pushbutton'><a href='http:\/\/www.blinklist.com\/index.php?Action=Blink\/addblink.php&amp;Description=&amp;Url=http%3A%2F%2Fwww.emiliosilveravazquez.com%2Fblog%2F2023%2F05%2F08%2Fsi-todo-cambia-pero-algunos-recuerdos-perduran-2%2F&amp;title=S%C3%AD%2C+todo+cambia+pero%E2%80%A6%2C+algunos+recuerdos+perduran' title='BlinkList' target='_blank' rel='nofollow'><img src='http:\/\/www.emiliosilveravazquez.com\/blog\/wp-content\/plugins\/knxdt-bookmarks-wordpress-plugin\/images\/blinklist.png'  alt='' class='book_img' border='none' style='margin:1px; padding: 0;'  \/><\/a><\/span><span class='pushbutton'><a href='http:\/\/reddit.com\/submit?url=http%3A%2F%2Fwww.emiliosilveravazquez.com%2Fblog%2F2023%2F05%2F08%2Fsi-todo-cambia-pero-algunos-recuerdos-perduran-2%2F&amp;title=S%C3%AD%2C+todo+cambia+pero%E2%80%A6%2C+algunos+recuerdos+perduran' title='Reddit' target='_blank' rel='nofollow'><img src='http:\/\/www.emiliosilveravazquez.com\/blog\/wp-content\/plugins\/knxdt-bookmarks-wordpress-plugin\/images\/reddit.png'  alt='' class='book_img' border='none' style='margin:1px; padding: 0;'  \/><\/a><\/span><span class='pushbutton'><a href='http:\/\/www.tecnologiadiaria.com\/2009\/07\/abrir-com-hotmail-correo.html' target='_blank' title='hotmail'><img src='http:\/\/www.emiliosilveravazquez.com\/blog\/wp-content\/plugins\/knxdt-bookmarks-wordpress-plugin\/images\/linklove.png' alt='hotmail correo' class='book_img' border='none' style='margin:1px; padding: 0;' \/><\/a><\/span><span class='pushbutton'><a href='http:\/\/bitacoras.com\/votar\/anotacion\/externo\/mini\/www.emiliosilveravazquez.com\/blog\/2023\/05\/08\/si-todo-cambia-pero-algunos-recuerdos-perduran-2\/' title='Bitacoras.com' target='_blank' rel='nofollow'><img src='http:\/\/www.emiliosilveravazquez.com\/blog\/wp-content\/plugins\/knxdt-bookmarks-wordpress-plugin\/images\/bitacoras.png'  alt='' class='book_img' border='none' style='margin:1px; padding: 0;'  \/><\/a><\/span><span class='pushbutton'><a href='http:\/\/www.wikio.es\/vote?url=http%3A%2F%2Fwww.emiliosilveravazquez.com%2Fblog%2F2023%2F05%2F08%2Fsi-todo-cambia-pero-algunos-recuerdos-perduran-2%2F' title='Wikio' target='_blank' rel='nofollow'><img src='http:\/\/www.emiliosilveravazquez.com\/blog\/wp-content\/plugins\/knxdt-bookmarks-wordpress-plugin\/images\/wikio.png'   alt='' class='book_img' border='none' style='margin:1px; padding: 0;'   \/><\/a><\/span><span class='pushbutton'><a href='http:\/\/friendfeed.com\/?url=http%3A%2F%2Fwww.emiliosilveravazquez.com%2Fblog%2F2023%2F05%2F08%2Fsi-todo-cambia-pero-algunos-recuerdos-perduran-2%2F&amp;title=S%C3%AD%2C+todo+cambia+pero%E2%80%A6%2C+algunos+recuerdos+perduran' title='Friend Feed' target='_blank' rel='nofollow'><img src='http:\/\/www.emiliosilveravazquez.com\/blog\/wp-content\/plugins\/knxdt-bookmarks-wordpress-plugin\/images\/friendfeed.png'  alt='' class='book_img' border='none' style='margin:1px; padding: 0;'  \/><\/a><\/span><span class='pushbutton'><a href='http:\/\/www.facebook.com\/share.php?u=http%3A%2F%2Fwww.emiliosilveravazquez.com%2Fblog%2F2023%2F05%2F08%2Fsi-todo-cambia-pero-algunos-recuerdos-perduran-2%2F&amp;t=S%C3%AD%2C+todo+cambia+pero%E2%80%A6%2C+algunos+recuerdos+perduran' title='Facebook' target='_blank' rel='nofollow'><img src='http:\/\/www.emiliosilveravazquez.com\/blog\/wp-content\/plugins\/knxdt-bookmarks-wordpress-plugin\/images\/facebook.png'  alt='' class='book_img' border='none' style='margin:1px; padding: 0;'  \/><\/a><\/span><span class='pushbutton'><a href='http:\/\/twitter.com\/home?status=S%C3%AD%2C+todo+cambia+pero%E2%80%A6%2C+algunos+recuerdos+perduran: http%3A%2F%2Fwww.emiliosilveravazquez.com%2Fblog%2F2023%2F05%2F08%2Fsi-todo-cambia-pero-algunos-recuerdos-perduran-2%2F' title='Twitter' target='_blank' rel='nofollow'><img src='http:\/\/www.emiliosilveravazquez.com\/blog\/wp-content\/plugins\/knxdt-bookmarks-wordpress-plugin\/images\/twitter.png'  alt='' class='book_img' border='none' style='margin:1px; padding: 0;'  \/><\/a><\/span><span class='pushbutton'><a href='http:\/\/www.feedburner.com\/fb\/a\/emailFlare?itemTitle=S%C3%AD%2C+todo+cambia+pero%E2%80%A6%2C+algunos+recuerdos+perduran&amp;uri=http%3A%2F%2Fwww.emiliosilveravazquez.com%2Fblog%2F2023%2F05%2F08%2Fsi-todo-cambia-pero-algunos-recuerdos-perduran-2%2F' title='Enviar por Email' target='_blank' rel='nofollow'><img src='http:\/\/www.emiliosilveravazquez.com\/blog\/wp-content\/plugins\/knxdt-bookmarks-wordpress-plugin\/images\/email.png'  alt='' class='book_img' border='none' style='margin:1px; padding: 0;'  \/><\/a><\/span><span style='font-weight:bold; padding-left: 5px;'><a href='http:\/\/wordpress.org\/extend\/plugins\/knxdt-bookmarks-wordpress-plugin\/' title='Plugin' rel='nofollow' target='_blank'>[?]<\/a><\/span><\/td><\/tr><\/table><br\/><br\/><\/div>","protected":false},"excerpt":{"rendered":"<p>\u00a0\u00ab El Universo Asombroso S\u00ed, nuevas Teor\u00edas nos hablar\u00e1n de c\u00f3mo es la Naturaleza \u00bb &nbsp; &nbsp; \u00a0 \u00a0 \u00a0 \u00a0 \u00a0 \u00a0 No es poder recordar, sino todo lo contrario, la condici\u00f3n necesaria para nuestra existencia en paz. Si el recuerdo es de la amada que se fue, tendremos el dolor, Si el recuerdo [&hellip;]<\/p>\n","protected":false},"author":2,"featured_media":0,"comment_status":"open","ping_status":"open","sticky":false,"template":"","format":"standard","meta":{"_s2mail":"","footnotes":""},"categories":[1],"tags":[],"_links":{"self":[{"href":"http:\/\/www.emiliosilveravazquez.com\/blog\/wp-json\/wp\/v2\/posts\/30299"}],"collection":[{"href":"http:\/\/www.emiliosilveravazquez.com\/blog\/wp-json\/wp\/v2\/posts"}],"about":[{"href":"http:\/\/www.emiliosilveravazquez.com\/blog\/wp-json\/wp\/v2\/types\/post"}],"author":[{"embeddable":true,"href":"http:\/\/www.emiliosilveravazquez.com\/blog\/wp-json\/wp\/v2\/users\/2"}],"replies":[{"embeddable":true,"href":"http:\/\/www.emiliosilveravazquez.com\/blog\/wp-json\/wp\/v2\/comments?post=30299"}],"version-history":[{"count":0,"href":"http:\/\/www.emiliosilveravazquez.com\/blog\/wp-json\/wp\/v2\/posts\/30299\/revisions"}],"wp:attachment":[{"href":"http:\/\/www.emiliosilveravazquez.com\/blog\/wp-json\/wp\/v2\/media?parent=30299"}],"wp:term":[{"taxonomy":"category","embeddable":true,"href":"http:\/\/www.emiliosilveravazquez.com\/blog\/wp-json\/wp\/v2\/categories?post=30299"},{"taxonomy":"post_tag","embeddable":true,"href":"http:\/\/www.emiliosilveravazquez.com\/blog\/wp-json\/wp\/v2\/tags?post=30299"}],"curies":[{"name":"wp","href":"https:\/\/api.w.org\/{rel}","templated":true}]}}