{"id":3022,"date":"2013-09-21T03:30:39","date_gmt":"2013-09-21T02:30:39","guid":{"rendered":"http:\/\/www.emiliosilveravazquez.com\/blog\/?p=3022"},"modified":"2013-09-21T05:59:02","modified_gmt":"2013-09-21T04:59:02","slug":"el-nucleo-ante-que-el-atomo","status":"publish","type":"post","link":"http:\/\/www.emiliosilveravazquez.com\/blog\/2013\/09\/21\/el-nucleo-ante-que-el-atomo\/","title":{"rendered":"El n\u00facleo antes que el \u00e1tomo"},"content":{"rendered":"<p><strong>El n\u00facleo at\u00f3mico<\/strong><\/p>\n<p style=\"text-align: justify;\">El propio Rutherford empez\u00f3 a vislumbrar la respuesta. Entre 1906 y 1908 (hace ahora un siglo) realiz\u00f3 constantes experimentos disparando <a href=\"#\" onclick=\"referencia('particula alfa',event); return false;\">part\u00edculas alfa<\/a> contra una l\u00e1mina sutil de metal (como oro o platino), para analizar sus \u00e1tomos. La mayor parte de los proyectiles atravesaron la barrera sin desviarse (como balas a trav\u00e9s de las hojas de un \u00e1rbol), pero no todos. En la placa fotogr\u00e1fica que le sirvi\u00f3 de blanco tras el metal, Rutherford descubri\u00f3 varios impactos dispersos e insospechados alrededor del punto central. Comprob\u00f3 que algunas part\u00edculas hab\u00edan rebotado. Era como si en vez de atravesar las hojas, algunos proyectiles hubiesen chocado contra algo m\u00e1s s\u00f3lido. Rutherford supuso que aquella \u201cbalas\u201d hab\u00edan chocado contra una especie de n\u00facleo denso, que ocupaba s\u00f3lo una parte m\u00ednima del volumen at\u00f3mico y ese n\u00facleo de intensa densidad desviaban los proyectiles que acertaban a chocar contra \u00e9l. Ello ocurr\u00eda en muy raras ocasiones, lo cual demostraba que los n\u00facleos at\u00f3micos deb\u00edan ser realmente \u00ednfimos, porque un proyectil hab\u00eda de encontrar por fuerza muchos millones de \u00e1tomos al atravesar la l\u00e1mina met\u00e1lica.<\/p>\n<p style=\"text-align: justify;\">\n<p><img decoding=\"async\" loading=\"lazy\" class=\"alignleft\" src=\"http:\/\/www.gif-animados.net\/gifs\/gatomo2.gif\" alt=\"\" width=\"137\" height=\"137\" \/><\/p>\n<p style=\"text-align: justify;\">Era l\u00f3gico suponer, pues, que los <a href=\"#\" onclick=\"referencia('proton',event); return false;\">protones<\/a> constitu\u00edan ese n\u00facleo duro. Rutherford represent\u00f3 los <a href=\"#\" onclick=\"referencia('proton',event); return false;\">protones<\/a> at\u00f3micos como elementos api\u00f1ados alrededor de un min\u00fasculo \u201cn\u00facleo at\u00f3mico\u201d que serv\u00eda de centro (despu\u00e9s de todo eso, hemos podido saber que el di\u00e1metro de ese n\u00facleo equivale a algo m\u00e1s de una cienmil\u00e9sima del volumen total del \u00e1tomo).<\/p>\n<p style=\"text-align: justify;\">En 1908 se concedi\u00f3 a Rutherford el premio Nobel de Qu\u00edmica por su extraordinaria labor de investigaci\u00f3n sobre la naturaleza de la materia. \u00c9l fue el responsable de importantes descubrimientos que permitieron conocer la estructura de los \u00e1tomos en esa primera avanzadilla.<\/p>\n<p><img decoding=\"async\" loading=\"lazy\" class=\"alignright\" style=\"margin-left: 0px; margin-right: 0px;\" src=\"http:\/\/www.gifss.com\/espacio\/atomos\/Atomo_06.gif\" alt=\"Atomos\" width=\"105\" height=\"81\" hspace=\"0\" \/><\/p>\n<p style=\"text-align: justify;\">Desde entonces se pueden describir con t\u00e9rminos m\u00e1s concretos los \u00e1tomos espec\u00edficos y sus diversos comportamientos. Por ejemplo, el \u00e1tomo de hidr\u00f3geno posee un solo <a href=\"#\" onclick=\"referencia('electron',event); return false;\">electr\u00f3n<\/a>. Si se elimina, el <a href=\"#\" onclick=\"referencia('proton',event); return false;\">prot\u00f3n<\/a> restante se asocia inmediatamente a alguna mol\u00e9cula vecina; y cuando el n\u00facleo desnudo de hidr\u00f3geno no encuentra por este medio un <a href=\"#\" onclick=\"referencia('electron',event); return false;\">electr\u00f3n<\/a> que participe, act\u00faa como un <a href=\"#\" onclick=\"referencia('proton',event); return false;\">prot\u00f3n<\/a> (es decir, una part\u00edcula subat\u00f3mica), lo cual le permite penetrar en la materia y reaccionar con otros n\u00facleos si conserva la suficiente energ\u00eda.<\/p>\n<p style=\"text-align: justify;\">El helio, que posee dos <a href=\"#\" onclick=\"referencia('electron',event); return false;\">electrones<\/a>, no cede uno con tanta facilidad. Sus dos <a href=\"#\" onclick=\"referencia('electron',event); return false;\">electrones<\/a> forman un caparaz\u00f3n herm\u00e9tico, por lo cual el \u00e1tomo es inerte. No obstante, si se despoja al helio de ambos <a href=\"#\" onclick=\"referencia('electron',event); return false;\">electrones<\/a>, se convierte en una <a href=\"#\" onclick=\"referencia('particula alfa',event); return false;\">part\u00edcula alfa<\/a>, es decir, una part\u00edcula subat\u00f3mica portadora de dos unidades de carga positiva.<\/p>\n<p><!--more--><\/p>\n<p style=\"text-align: justify;\">Hay un tercer elemento, el litio, cuyo \u00e1tomo tiene tres <a href=\"#\" onclick=\"referencia('electron',event); return false;\">electrones<\/a>. Si se despoja de uno o dos, se transforma en i\u00f3n, y si pierde los tres, queda reducida a un n\u00facleo desnudo, con una carga positiva de tres unidades.<\/p>\n<p style=\"text-align: justify;\">Las unidades de carga positiva en el n\u00facleo at\u00f3mico deben ser num\u00e9ricamente id\u00e9nticas a los <a href=\"#\" onclick=\"referencia('electron',event); return false;\">electrones<\/a> que contiene por norma, pues el \u00e1tomo suele ser un cuerpo neutro, y esta igualdad de lo positivo con lo negativo es el equilibrio. De hecho, los n\u00fameros at\u00f3micos de sus elementos se basan en sus unidades de carga positiva, no en las de carga negativa, porque resulta f\u00e1cil hacer variar el n\u00famero de <a href=\"#\" onclick=\"referencia('electron',event); return false;\">electrones<\/a> at\u00f3micos dentro de la formaci\u00f3n i\u00f3nica, pero en cambio se encuentran grandes dificultades si se desea alterar el n\u00famero de sus <a href=\"#\" onclick=\"referencia('proton',event); return false;\">protones<\/a>.<\/p>\n<p style=\"text-align: justify;\"><img decoding=\"async\" loading=\"lazy\" class=\"alignleft\" style=\"border: 0px initial initial;\" src=\"http:\/\/www.soloimagen.net\/public\/gifs\/atomos_1.gif\" alt=\"Download Atomos (132Wx101H)\" width=\"132\" height=\"101\" align=\"absMiddle\" border=\"0\" \/><\/p>\n<p style=\"text-align: justify;\">Apenas esbozado este esquema de la construcci\u00f3n at\u00f3mica, surgieron nuevos enigmas. El n\u00famero de unidades con carga positiva en un n\u00facleo no equilibr\u00f3, en ning\u00fan caso, el peso nuclear ni la masa, exceptuando el caso del \u00e1tomo de hidr\u00f3geno. Para citar un ejemplo, se averigu\u00f3 que el n\u00facleo de helio ten\u00eda una carga positiva dos veces mayor que la del n\u00facleo de hidr\u00f3geno; pero como ya se sab\u00eda, su masa era cuatro veces mayor que la de este \u00faltimo. Y la situaci\u00f3n empeor\u00f3 progresivamente a medida que se descend\u00eda por la tabla de elementos, e incluso cuando se alcanz\u00f3 el uranio, se encontr\u00f3 un n\u00facleo con una masa igual a 238 <a href=\"#\" onclick=\"referencia('proton',event); return false;\">protones<\/a>, pero una carga que equival\u00eda s\u00f3lo a 92.<\/p>\n<p style=\"text-align: justify;\">\n<p style=\"text-align: justify;\">\u00bfC\u00f3mo era posible que un n\u00facleo que conten\u00eda cuatro <a href=\"#\" onclick=\"referencia('proton',event); return false;\">protones<\/a> (seg\u00fan se supon\u00eda el n\u00facleo de helio) tuviera s\u00f3lo dos unidades de carga positiva? Seg\u00fan la m\u00e1s simple y primera conjetura emitida, la presencia en el n\u00facleo de part\u00edculas cargadas negativamente y con peso despreciable neutralizaba dos unidades de carga. Como es natural, se pens\u00f3 tambi\u00e9n en el <a href=\"#\" onclick=\"referencia('electron',event); return false;\">electr\u00f3n<\/a>. Se podr\u00eda componer el rompecabezas si se supon\u00eda que en n\u00facleo de helio estaba integrado por cuatro <a href=\"#\" onclick=\"referencia('proton',event); return false;\">protones<\/a> y dos <a href=\"#\" onclick=\"referencia('electron',event); return false;\">electrones<\/a> neutralizadores, lo cual deja libre una carga positiva neta de dos, y as\u00ed sucesivamente, hasta llegar al uranio, cuyo n\u00facleo tendr\u00eda, pues, 238 <a href=\"#\" onclick=\"referencia('proton',event); return false;\">protones<\/a> y 146 <a href=\"#\" onclick=\"referencia('electron',event); return false;\">electrones<\/a>, con 92 unidades libres de carga positiva. El hecho de que los n\u00facleos radiactivos emitieran <a href=\"#\" onclick=\"referencia('electron',event); return false;\">electrones<\/a> (seg\u00fan se hab\u00eda comprobado ya, por ejemplo, en el caso de las <a href=\"#\" onclick=\"referencia('particula beta',event); return false;\">part\u00edculas beta<\/a>), reforz\u00f3 esta idea general. Dicha teor\u00eda prevaleci\u00f3 durante m\u00e1s de una d\u00e9cada, hasta que por caminos indirectos, lleg\u00f3 una respuesta mejor como resultado de otras investigaciones.<\/p>\n<p style=\"text-align: justify;\">\n<p style=\"text-align: justify;\">\n<table style=\"width: 600px;\" border=\"0\" cellspacing=\"0\" cellpadding=\"0\">\n<tbody>\n<tr>\n<td align=\"center\" valign=\"top\" height=\"80\">\n<table style=\"width: 600px;\" border=\"1\" cellspacing=\"0\" cellpadding=\"0\">\n<tbody>\n<tr>\n<td align=\"center\" width=\"31\"><span style=\"font-family: Arial, Helvetica, sans-serif; font-size: x-small;\"><strong>A\u00f1o<\/strong><\/span><\/td>\n<td align=\"center\" width=\"86\"><span style=\"font-family: Arial, Helvetica, sans-serif; font-size: x-small;\"><strong>Cient\u00edfico<\/strong><\/span><\/td>\n<td align=\"center\" width=\"224\"><span style=\"font-family: Arial, Helvetica, sans-serif; font-size: x-small;\"><strong>Descubrimientos experimentales <\/strong><\/span><\/td>\n<td align=\"center\" width=\"249\"><span style=\"font-family: Arial, Helvetica, sans-serif; font-size: x-small;\"><strong>Modelo at\u00f3mico<\/strong> <\/span><\/td>\n<\/tr>\n<tr>\n<td align=\"center\" valign=\"middle\" width=\"31\"><span style=\"font-family: Arial, Helvetica, sans-serif; font-size: x-small;\">1808<\/span><\/td>\n<td align=\"center\" width=\"86\"><span style=\"font-family: Arial, Helvetica, sans-serif; font-size: x-small;\"><a href=\"javascript:abrirVent('dalton.htm','dalt','width=584,height=436,scrollbars=no,left=50,top=10')\"><img decoding=\"async\" loading=\"lazy\" src=\"http:\/\/concurso.cnice.mec.es\/cnice2005\/93_iniciacion_interactiva_materia\/curso\/materiales\/atomo\/img\/dalton_m.jpg\" alt=\"\" width=\"84\" height=\"110\" border=\"0\" \/><br \/>\nJohn Dalton<\/a><\/span><\/td>\n<td align=\"right\" width=\"224\">\n<table style=\"width: 220px;\" border=\"0\" cellspacing=\"0\" cellpadding=\"0\">\n<tbody>\n<tr>\n<td><span style=\"font-family: Arial, Helvetica, sans-serif; font-size: x-small;\">Durante el s.XVIII y principios del XIX algunos cient\u00edficos hab\u00edan investigado distintos aspectos de las reacciones qu\u00edmicas, obteniendo las llamadas <strong><a onclick=\"Cerrar(); window.leyes=window.open('leyes_clasic.htm','ley',crearCaracterist(469,650)); return false;\" href=\"http:\/\/concurso.cnice.mec.es\/cnice2005\/93_iniciacion_interactiva_materia\/curso\/materiales\/atomo\/modelos.htm#\">leyes cl\u00e1sicas de la Qu\u00edmica<\/a><\/strong>.<\/span><\/td>\n<\/tr>\n<tr>\n<td><a onclick=\"Cerrar(); window.leyes=window.open('leyes_clasic.htm','ley',crearCaracterist(469,650)); return false;\" href=\"http:\/\/concurso.cnice.mec.es\/cnice2005\/93_iniciacion_interactiva_materia\/curso\/materiales\/atomo\/modelos.htm#\"><img decoding=\"async\" loading=\"lazy\" src=\"http:\/\/concurso.cnice.mec.es\/cnice2005\/93_iniciacion_interactiva_materia\/curso\/materiales\/atomo\/img\/reaccion.gif\" alt=\"\" width=\"220\" height=\"21\" border=\"0\" vspace=\"8\" \/><\/a><\/td>\n<\/tr>\n<\/tbody>\n<\/table>\n<\/td>\n<td align=\"right\" width=\"249\">\n<table style=\"width: 245px;\" border=\"0\" cellspacing=\"0\" cellpadding=\"0\">\n<tbody>\n<tr>\n<td colspan=\"2\"><span style=\"font-family: Arial, Helvetica, sans-serif; font-size: x-small;\">La imagen del \u00e1tomo expuesta por Dalton en su <em><a onclick=\"Cerrar(); window.moddalt=window.open('mod_dalton.htm','modd',crearCaracterist(384,600)); return false;\" href=\"http:\/\/concurso.cnice.mec.es\/cnice2005\/93_iniciacion_interactiva_materia\/curso\/materiales\/atomo\/modelos.htm#\">teor\u00eda at\u00f3mica<\/a><\/em>, para explicar estas leyes, es la de min\u00fasculas part\u00edculas esf\u00e9ricas, indivisibles e inmutables, <\/span><\/td>\n<\/tr>\n<tr>\n<td valign=\"top\" width=\"121\" height=\"53\"><span style=\"font-family: Arial, Helvetica, sans-serif; font-size: x-small;\">iguales entre s\u00ed en cada elemento qu\u00edmico.<\/span><\/td>\n<td align=\"center\" valign=\"top\" width=\"124\"><a onclick=\"Cerrar(); window.moddalt=window.open('mod_dalton.htm','modd',crearCaracterist(384,600)); return false;\" href=\"http:\/\/concurso.cnice.mec.es\/cnice2005\/93_iniciacion_interactiva_materia\/curso\/materiales\/atomo\/modelos.htm#\"><img decoding=\"async\" loading=\"lazy\" src=\"http:\/\/concurso.cnice.mec.es\/cnice2005\/93_iniciacion_interactiva_materia\/curso\/materiales\/atomo\/img\/mod_dalt.gif\" alt=\"\" width=\"53\" height=\"53\" border=\"0\" vspace=\"4\" \/><\/a><\/td>\n<\/tr>\n<\/tbody>\n<\/table>\n<\/td>\n<\/tr>\n<tr>\n<td align=\"center\" valign=\"middle\" width=\"31\"><span style=\"font-family: Arial, Helvetica, sans-serif; font-size: x-small;\">1897<\/span><\/td>\n<td align=\"center\" width=\"86\"><span style=\"font-family: Arial, Helvetica, sans-serif; font-size: x-small;\"><a href=\"javascript:abrirVent('thomson.htm','thom','width=570,height=400,scrollbars=no,left=50,top=10')\"><img decoding=\"async\" loading=\"lazy\" src=\"http:\/\/concurso.cnice.mec.es\/cnice2005\/93_iniciacion_interactiva_materia\/curso\/materiales\/atomo\/img\/thomson_m.jpg\" alt=\"\" width=\"84\" height=\"110\" border=\"0\" \/><br \/>\nJ.J. Thomson<\/a><\/span><\/td>\n<td align=\"right\" width=\"224\">\n<table style=\"width: 220px;\" border=\"0\" cellspacing=\"0\" cellpadding=\"0\">\n<tbody>\n<tr>\n<td><span style=\"font-family: Arial, Helvetica, sans-serif; font-size: x-small;\">Demostr\u00f3 que dentro de los \u00e1tomos hay unas part\u00edculas diminutas, con carga el\u00e9ctrica negativa, a las que se llam\u00f3 <strong><a onclick=\"Cerrar(); window.catodico=window.open('catodicos.htm','cat',crearCaracterist(462,650)); return false;\" href=\"http:\/\/concurso.cnice.mec.es\/cnice2005\/93_iniciacion_interactiva_materia\/curso\/materiales\/atomo\/modelos.htm#\">electrones<\/a><\/strong>.<\/span><\/td>\n<\/tr>\n<tr>\n<td><a onclick=\"Cerrar(); window.catodico=window.open('catodicos.htm','cat',crearCaracterist(462,650)); return false;\" href=\"http:\/\/concurso.cnice.mec.es\/cnice2005\/93_iniciacion_interactiva_materia\/curso\/materiales\/atomo\/modelos.htm#\"><img decoding=\"async\" loading=\"lazy\" src=\"http:\/\/concurso.cnice.mec.es\/cnice2005\/93_iniciacion_interactiva_materia\/curso\/materiales\/atomo\/img\/tubo_cat.gif\" alt=\"\" width=\"220\" height=\"53\" border=\"0\" vspace=\"4\" \/><\/a><\/td>\n<\/tr>\n<\/tbody>\n<\/table>\n<\/td>\n<td align=\"right\" width=\"249\">\n<table style=\"width: 245px;\" border=\"0\" cellspacing=\"0\" cellpadding=\"0\">\n<tbody>\n<tr>\n<td colspan=\"2\"><span style=\"font-family: Arial, Helvetica, sans-serif; font-size: x-small;\">De este descubrimiento dedujo que el \u00e1tomo deb\u00eda de ser una esfera de materia cargada positivamente, en cuyo interior estaban incrustados los <a href=\"#\" onclick=\"referencia('electron',event); return false;\">electrones<\/a>.<\/span><\/td>\n<\/tr>\n<tr>\n<td valign=\"top\" width=\"121\" height=\"53\"><span style=\"font-family: Arial, Helvetica, sans-serif; font-size: x-small;\">(<em><a onclick=\"Cerrar(); window.modthom=window.open('mod_thom.htm','modt',crearCaracterist(275,550)); return false;\" href=\"http:\/\/concurso.cnice.mec.es\/cnice2005\/93_iniciacion_interactiva_materia\/curso\/materiales\/atomo\/modelos.htm#\">Modelo at\u00f3mico de Thomson<\/a><\/em>.)<\/span><\/td>\n<td align=\"center\" valign=\"top\" width=\"124\"><a onclick=\"Cerrar(); window.modthom=window.open('mod_thom.htm','modt',crearCaracterist(275,550)); return false;\" href=\"http:\/\/concurso.cnice.mec.es\/cnice2005\/93_iniciacion_interactiva_materia\/curso\/materiales\/atomo\/modelos.htm#\"><img decoding=\"async\" loading=\"lazy\" src=\"http:\/\/concurso.cnice.mec.es\/cnice2005\/93_iniciacion_interactiva_materia\/curso\/materiales\/atomo\/img\/mod_thom.gif\" alt=\"\" width=\"53\" height=\"53\" border=\"0\" vspace=\"4\" \/><\/a><\/td>\n<\/tr>\n<\/tbody>\n<\/table>\n<\/td>\n<\/tr>\n<tr>\n<td align=\"center\" valign=\"middle\" width=\"31\"><span style=\"font-family: Arial, Helvetica, sans-serif; font-size: x-small;\">1911<\/span><\/td>\n<td align=\"center\" width=\"86\"><span style=\"font-family: Arial, Helvetica, sans-serif; font-size: x-small;\"><a href=\"javascript:abrirVent('rutherford.htm','ruth','width=584,height=430,scrollbars=no,left=50,top=10')\"><img decoding=\"async\" loading=\"lazy\" src=\"http:\/\/concurso.cnice.mec.es\/cnice2005\/93_iniciacion_interactiva_materia\/curso\/materiales\/atomo\/img\/rutherf_m.jpg\" alt=\"\" width=\"84\" height=\"110\" border=\"0\" \/><br \/>\nE. Rutherford<\/a><\/span><\/td>\n<td align=\"right\" width=\"224\">\n<table style=\"width: 220px;\" border=\"0\" cellspacing=\"0\" cellpadding=\"0\">\n<tbody>\n<tr>\n<td><span style=\"font-family: Arial, Helvetica, sans-serif; font-size: x-small;\">Demostr\u00f3 que los \u00e1tomos no eran macizos, como se cre\u00eda, sino que est\u00e1n vac\u00edos en su mayor parte y en su centro hay un diminuto <strong><a onclick=\"Cerrar(); window.experiRuth=window.open('bombardeo.htm','bomb',crearCaracterist(462,650)); return false;\" href=\"http:\/\/concurso.cnice.mec.es\/cnice2005\/93_iniciacion_interactiva_materia\/curso\/materiales\/atomo\/modelos.htm#\">n\u00facleo<\/a><\/strong>.<\/span><\/td>\n<\/tr>\n<tr>\n<td align=\"center\"><a onclick=\"Cerrar(); window.experiRuth=window.open('bombardeo.htm','bomb',crearCaracterist(462,650)); return false;\" href=\"http:\/\/concurso.cnice.mec.es\/cnice2005\/93_iniciacion_interactiva_materia\/curso\/materiales\/atomo\/modelos.htm#\"><img decoding=\"async\" loading=\"lazy\" src=\"http:\/\/concurso.cnice.mec.es\/cnice2005\/93_iniciacion_interactiva_materia\/curso\/materiales\/atomo\/img\/m_ruther.gif\" alt=\"\" width=\"72\" height=\"56\" border=\"0\" vspace=\"3\" \/><\/a><\/td>\n<\/tr>\n<\/tbody>\n<\/table>\n<\/td>\n<td align=\"right\" width=\"249\">\n<table style=\"width: 245px;\" border=\"0\" cellspacing=\"0\" cellpadding=\"0\">\n<tbody>\n<tr>\n<td colspan=\"2\"><span style=\"font-family: Arial, Helvetica, sans-serif; font-size: x-small;\">Dedujo que el \u00e1tomo deb\u00eda estar formado por una <em>corteza<\/em> con los <a href=\"#\" onclick=\"referencia('electron',event); return false;\">electrones<\/a> girando alrededor de un n\u00facleo central cargado positivamente.<\/span><\/td>\n<\/tr>\n<tr>\n<td valign=\"top\" width=\"121\" height=\"53\"><span style=\"font-family: Arial, Helvetica, sans-serif; font-size: x-small;\">(<em><a onclick=\"Cerrar(); window.modruth=window.open('mod_ruther.htm','modr',crearCaracterist(350,600)); return false;\" href=\"http:\/\/concurso.cnice.mec.es\/cnice2005\/93_iniciacion_interactiva_materia\/curso\/materiales\/atomo\/modelos.htm#\">Modelo at\u00f3mico de Rutherford<\/a><\/em>.)<\/span><\/td>\n<td align=\"center\" valign=\"top\" width=\"124\"><a onclick=\"Cerrar(); window.modruth=window.open('mod_ruther.htm','modr',crearCaracterist(350,600)); return false;\" href=\"http:\/\/concurso.cnice.mec.es\/cnice2005\/93_iniciacion_interactiva_materia\/curso\/materiales\/atomo\/modelos.htm#\"><img decoding=\"async\" loading=\"lazy\" src=\"http:\/\/concurso.cnice.mec.es\/cnice2005\/93_iniciacion_interactiva_materia\/curso\/materiales\/atomo\/img\/atomo_r.gif\" alt=\"\" width=\"56\" height=\"54\" border=\"0\" vspace=\"4\" \/><\/a><\/td>\n<\/tr>\n<\/tbody>\n<\/table>\n<\/td>\n<\/tr>\n<tr>\n<td align=\"center\" valign=\"middle\" width=\"31\"><span style=\"font-family: Arial, Helvetica, sans-serif; font-size: x-small;\">1913<\/span><\/td>\n<td align=\"center\" width=\"86\"><span style=\"font-family: Arial, Helvetica, sans-serif; font-size: x-small;\"><a href=\"javascript:abrirVent('bohr.htm','bohr','width=584,height=450,scrollbars=no,left=50,top=10')\"><img decoding=\"async\" loading=\"lazy\" src=\"http:\/\/concurso.cnice.mec.es\/cnice2005\/93_iniciacion_interactiva_materia\/curso\/materiales\/atomo\/img\/bohr_m.jpg\" alt=\"\" width=\"84\" height=\"110\" border=\"0\" \/><br \/>\nNiels Bohr<\/a><\/span><\/td>\n<td align=\"right\" width=\"224\">\n<table style=\"width: 220px;\" border=\"0\" cellspacing=\"0\" cellpadding=\"0\">\n<tbody>\n<tr>\n<td><span style=\"font-family: Arial, Helvetica, sans-serif; font-size: x-small;\"><strong><a onclick=\"Cerrar(); window.espectros=window.open('espectros.htm','spc',crearCaracterist(468,650)); return false;\" href=\"http:\/\/concurso.cnice.mec.es\/cnice2005\/93_iniciacion_interactiva_materia\/curso\/materiales\/atomo\/modelos.htm#\">Espectros at\u00f3micos<\/a><\/strong> discontinuos originados por la radiaci\u00f3n emitida por los \u00e1tomos excitados de los elementos en estado gaseoso.<\/span><\/td>\n<\/tr>\n<tr>\n<td align=\"center\"><a onclick=\"Cerrar(); window.espectros=window.open('espectros.htm','spc',crearCaracterist(468,650)); return false;\" href=\"http:\/\/concurso.cnice.mec.es\/cnice2005\/93_iniciacion_interactiva_materia\/curso\/materiales\/atomo\/modelos.htm#\"><img decoding=\"async\" loading=\"lazy\" src=\"http:\/\/concurso.cnice.mec.es\/cnice2005\/93_iniciacion_interactiva_materia\/curso\/materiales\/atomo\/img\/espectro_m.gif\" alt=\"\" width=\"220\" height=\"52\" border=\"0\" vspace=\"5\" \/><\/a><\/td>\n<\/tr>\n<\/tbody>\n<\/table>\n<\/td>\n<td align=\"right\" width=\"249\">\n<table style=\"width: 245px;\" border=\"0\" cellspacing=\"0\" cellpadding=\"0\">\n<tbody>\n<tr>\n<td colspan=\"2\"><span style=\"font-family: Arial, Helvetica, sans-serif; font-size: x-small;\">Propuso un nuevo modelo at\u00f3mico, seg\u00fan el cual los <a href=\"#\" onclick=\"referencia('electron',event); return false;\">electrones<\/a> giran alrededor del n\u00facleo en unos niveles bien definidos.<\/span><\/td>\n<\/tr>\n<tr>\n<td valign=\"top\" width=\"121\"><span style=\"font-family: Arial, Helvetica, sans-serif; font-size: x-small;\">(<em><a onclick=\"Cerrar(); window.modbohr=window.open('mod_bohr.htm','modb',crearCaracterist(392,600)); return false;\" href=\"http:\/\/concurso.cnice.mec.es\/cnice2005\/93_iniciacion_interactiva_materia\/curso\/materiales\/atomo\/modelos.htm#\">Modelo at\u00f3mico de Bohr<\/a><\/em>.)<\/span><\/td>\n<td align=\"center\" valign=\"top\" width=\"124\"><a onclick=\"Cerrar(); window.modbohr=window.open('mod_bohr.htm','modb',crearCaracterist(392,600)); return false;\" href=\"http:\/\/concurso.cnice.mec.es\/cnice2005\/93_iniciacion_interactiva_materia\/curso\/materiales\/atomo\/modelos.htm#\"><img decoding=\"async\" loading=\"lazy\" src=\"http:\/\/concurso.cnice.mec.es\/cnice2005\/93_iniciacion_interactiva_materia\/curso\/materiales\/atomo\/img\/atomo_b.gif\" alt=\"\" width=\"60\" height=\"60\" border=\"0\" vspace=\"6\" \/><\/a><\/td>\n<\/tr>\n<\/tbody>\n<\/table>\n<\/td>\n<\/tr>\n<\/tbody>\n<\/table>\n<\/td>\n<\/tr>\n<tr>\n<td><img decoding=\"async\" loading=\"lazy\" src=\"http:\/\/concurso.cnice.mec.es\/cnice2005\/93_iniciacion_interactiva_materia\/curso\/materiales\/imagen_grl\/barra.gif\" alt=\"\" width=\"600\" height=\"1\" vspace=\"10\" \/><\/td>\n<\/tr>\n<tr>\n<td valign=\"top\"><span style=\"font-family: Arial, Helvetica, sans-serif; font-size: x-small;\"><br \/>\n<\/span><\/td>\n<\/tr>\n<\/tbody>\n<\/table>\n<p style=\"text-align: justify;\">\n<p style=\"text-align: justify;\">\n<p style=\"text-align: justify;\">Pero entre tanto se hab\u00edan presentado algunas objeciones rigurosas contra dicha hip\u00f3tesis. Por lo pronto, si el n\u00facleo estaba constituido esencialmente de <a href=\"#\" onclick=\"referencia('proton',event); return false;\">protones<\/a>, mientras que los ligeros <a href=\"#\" onclick=\"referencia('electron',event); return false;\">electrones<\/a> no aportaban pr\u00e1cticamente ninguna contribuci\u00f3n a la masa, \u00bfc\u00f3mo se explicaba que las masas relativas de varios n\u00facleos no estuvieran representadas por n\u00famero enteros? Seg\u00fan los pesos at\u00f3micos conocidos, el n\u00facleo del \u00e1tomo cloro, por ejemplo, ten\u00eda una masa 35\u20195 veces mayor que la del n\u00facleo de hidr\u00f3geno. \u00bfAcaso significaba esto que conten\u00eda 35\u20195 <a href=\"#\" onclick=\"referencia('proton',event); return false;\">protones<\/a>? Ning\u00fan cient\u00edfico (ni entonces ni ahora) pod\u00eda aceptar la existencia de medio <a href=\"#\" onclick=\"referencia('proton',event); return false;\">prot\u00f3n<\/a>.<\/p>\n<p style=\"text-align: justify;\">Este singular interrogante encontr\u00f3 una respuesta incluso antes de solventar el problema principal, y ello dio lugar a una interesante historia que, contar\u00e9 otro d\u00eda. Ahora desde el conocimiento del \u00e1tomo de Dem\u00f3crito, hemos pasado a poder construir cosas como estas.<\/p>\n<p style=\"text-align: justify;\">\n<p style=\"text-align: justify;\">\n<p style=\"text-align: center;\"><img decoding=\"async\" loading=\"lazy\" class=\"aligncenter\" src=\"http:\/\/3.bp.blogspot.com\/_iOUWsYnNbmo\/SyAY2h6yWMI\/AAAAAAAAHOQ\/5Hl-p8FFSeo\/s1600\/hubble.jpg\" alt=\"[hubble.jpg]\" width=\"226\" height=\"170\" border=\"0\" \/><\/p>\n<p style=\"text-align: center;\">Ya estamos fuera<\/p>\n<p style=\"text-align: center;\">\n<p style=\"text-align: center;\"><em><img decoding=\"async\" loading=\"lazy\" class=\"aligncenter\" src=\"http:\/\/1.bp.blogspot.com\/_iOUWsYnNbmo\/S2HNqcPUTzI\/AAAAAAAAHuA\/OObViXZ6Dl4\/s640\/eclipse+solar.jpg\" alt=\"\" width=\"640\" height=\"442\" border=\"0\" \/><\/em><\/p>\n<p style=\"text-align: center;\">La fuerza de gravedad distorsiona el espacio y crea su geometr\u00eda<\/p>\n<p style=\"text-align: center;\">\n<p style=\"text-align: center;\">\n<p style=\"text-align: center;\"><em><img decoding=\"async\" loading=\"lazy\" class=\"aligncenter\" src=\"http:\/\/3.bp.blogspot.com\/_iOUWsYnNbmo\/SxbpRZy1REI\/AAAAAAAAHMY\/p5EF6dhYyT8\/s1600\/081217075138-large.jpg\" alt=\"[081217075138-large.jpg]\" width=\"600\" height=\"369\" border=\"0\" \/><\/em><\/p>\n<p style=\"text-align: center;\">\n<p style=\"text-align: center;\">La Belleza de nuestro planeta es, en su peque\u00f1ez, la muestra de un Universo maravilloso<\/p>\n<p style=\"text-align: center;\">\n<p style=\"text-align: justify;\">\u00bfHasta d\u00f3nde podremos llegar con nuestras nuevas tecnolog\u00edas? He podido leer por ah\u00ed que\u00a0utilizando un\u00a0<a href=\"#\" onclick=\"referencia('laser',event); return false;\">l\u00e1ser<\/a>, en el Instituo Max Plank de Alemania, han logrado hacer posible que, las part\u00edculas virtuales se conviertan en part\u00edculas reales. \u00a1El futuro est\u00e1 aqu\u00ed?<\/p>\n<p style=\"text-align: justify;\">Pero est\u00e1bamos hablando del \u00e1tomo y, caigo en la cuenta de que, nunca hemos dado una rese\u00f1a de cierta exactitude lo que un \u00e1tomo es, y, siendo la parte m\u00e1s peque\u00f1a de un elemento que pueda existir, los \u00e1tomos constar de un n\u00facleo peque\u00f1o y denso de <a href=\"#\" onclick=\"referencia('proton',event); return false;\">protones<\/a> y <a href=\"#\" onclick=\"referencia('neutron',event); return false;\">neutrones<\/a>, rodeados de <a href=\"#\" onclick=\"referencia('electron',event); return false;\">electrones<\/a> movi\u00e9ndose. El n\u00famero de <a href=\"#\" onclick=\"referencia('electron',event); return false;\">electrones<\/a> es igual que el n\u00famero de <a href=\"#\" onclick=\"referencia('proton',event); return false;\">protones<\/a>, de forma que, tenioendo los unos carga positiva y los otros cargas negativas equivalentes, la carga total resultante es cero. Los <a href=\"#\" onclick=\"referencia('electron',event); return false;\">electrones<\/a> se puede pensar que se mueven en \u00f3rbitas circulares o el\u00edpticas (Bohr) o m\u00e1s correctamente, en regiones del espacio alrededor del n\u00facleo (orbital).<\/p>\n<p style=\"text-align: justify;\">\n<div><img decoding=\"async\" src=\"http:\/\/4.bp.blogspot.com\/_NgsPksjoX8k\/TKj5uhLLnlI\/AAAAAAAAAF8\/h5J9fL5gE1c\/s1600\/%C3%A1tomo.jpeg\" alt=\"\" \/><\/div>\n<div style=\"text-align: justify;\">Los \u00e1tomos son las part\u00edculas que constituyen la materia. Se hallan formados por part\u00edculas subat\u00f3micas. Juntos crean mol\u00e9culas que, unidad, son las que conforman toda la materia que podemos ver. La que llamamos bari\u00f3nica, la que emite luz y otras formas de radiaci\u00f3n electromagn\u00e9ticas.<\/div>\n<div style=\"text-align: justify;\" align=\"left\"><strong>Los <a href=\"#\" onclick=\"referencia('electron',event); return false;\">electrones<\/a><\/strong> son part\u00edculas con una masa 1800 veces menor a la del \u00e1tomo de hidr\u00f3geno, con carga el\u00e9ctrica negativa y que se hallan en la corteza, girando alrededor del n\u00facleo.<\/div>\n<div style=\"text-align: justify;\" align=\"left\"><strong>Los <a href=\"#\" onclick=\"referencia('proton',event); return false;\">protones<\/a><\/strong> son part\u00edculas que se hallan en el n\u00facleo, con una masa similar a la del \u00e1tomo de hidr\u00f3geno y con carga el\u00e9ctrica positiva.<\/div>\n<div style=\"text-align: justify;\" align=\"left\"><strong>Los <a href=\"#\" onclick=\"referencia('neutron',event); return false;\">neutrones<\/a><\/strong> son part\u00edculas con la misma masa que los <a href=\"#\" onclick=\"referencia('proton',event); return false;\">protones<\/a>, sin carga el\u00e9ctrica y que se hallan, junto a los <a href=\"#\" onclick=\"referencia('proton',event); return false;\">protones<\/a>, en el n\u00facleo.<\/div>\n<div style=\"text-align: justify;\" align=\"left\"><strong>Protones y Neutrones, <\/strong>est\u00e1n formados por part\u00edculas m\u00e1speque\u00f1as llamadas Quarks.<\/div>\n<div style=\"text-align: justify;\" align=\"left\">La estructura electr\u00f3nica de un \u00e1tomo se refiere a la forma en la que los <a href=\"#\" onclick=\"referencia('electron',event); return false;\">electrones<\/a> est\u00e1n dispuestos alrededor del n\u00facleo y, en particular, a los niveles de energ\u00eda que ocupan. Cada <a href=\"#\" onclick=\"referencia('electron',event); return false;\">electr\u00f3n<\/a> puede ser caracterizado por un conjunto de cuatro n\u00fameros cu\u00e1nticos.<\/div>\n<div style=\"text-align: justify;\" align=\"left\">\n<p style=\"text-align: justify;\">\u00a0Los <strong>orbitales s <\/strong>(l=0) tienen forma esf\u00e9rica. La extensi\u00f3n de este orbital depende del valor del n\u00famero cu\u00e1ntico principal, asi un orbital 3s tiene la misma forma pero es mayor que un orbital 2s.<\/p>\n<p style=\"text-align: justify;\">\n<p style=\"text-align: justify;\">\n<p><center><img decoding=\"async\" loading=\"lazy\" src=\"http:\/\/www.eis.uva.es\/%7Eqgintro\/atom\/imagenes\/orbit_s.gif\" alt=\"\" width=\"445\" height=\"201\" \/><\/center><center><\/center><center><\/center><img decoding=\"async\" loading=\"lazy\" src=\"http:\/\/www.eis.uva.es\/%7Eqgintro\/atom\/imagenes\/bluebullet.gif\" alt=\"\" width=\"9\" height=\"9\" border=\"0\" \/> Los <strong>orbitales p <\/strong>(l=1) est\u00e1n formados por dos l\u00f3bulos id\u00e9nticos que se proyectan a lo largo de un eje. La zona de uni\u00f3n de ambos l\u00f3bulos coincide con el n\u00facleo at\u00f3mico. Hay tres orbitales p (m=-1, m=0 y m=+1) de id\u00e9ntica forma, que difieren s\u00f3lo en su orientaci\u00f3n a lo largo de los ejes x, y o z.<\/p>\n<p>&nbsp;<\/p>\n<p>&nbsp;<\/p>\n<p><center><img decoding=\"async\" loading=\"lazy\" src=\"http:\/\/www.eis.uva.es\/%7Eqgintro\/atom\/imagenes\/orbitales_p.jpg\" alt=\"\" width=\"454\" height=\"159\" border=\"0\" \/><\/center><center><\/center><img decoding=\"async\" loading=\"lazy\" src=\"http:\/\/www.eis.uva.es\/%7Eqgintro\/atom\/imagenes\/bluebullet.gif\" alt=\"\" width=\"9\" height=\"9\" border=\"0\" \/> Los <strong>orbitales d <\/strong>(l=2) tambi\u00e9n est\u00e1n formados por l\u00f3bulos. Hay cinco tipos de orbitales d (que corresponden a m=-2, -1, 0, 1, 2)<\/p>\n<p>&nbsp;<\/p>\n<p><center><img decoding=\"async\" loading=\"lazy\" src=\"http:\/\/www.eis.uva.es\/%7Eqgintro\/atom\/imagenes\/orbitales_d.jpg\" alt=\"\" width=\"455\" height=\"328\" \/><\/center><img decoding=\"async\" loading=\"lazy\" src=\"http:\/\/www.eis.uva.es\/%7Eqgintro\/atom\/imagenes\/bluebullet.gif\" alt=\"\" width=\"9\" height=\"9\" border=\"0\" \/> Los <strong>orbitales f <\/strong>(l=3) tambi\u00e9n tienen un aspecto multilobular. Existen siete tipos de orbitales f (que corresponden a m=-3, -2, -1, 0, +1, +2, +3).<\/p>\n<p><center><img decoding=\"async\" loading=\"lazy\" src=\"http:\/\/www.eis.uva.es\/%7Eqgintro\/atom\/imagenes\/orbitales_fa.jpg\" alt=\"\" width=\"694\" height=\"344\" \/><\/center>Una vez descritos los cuatro n\u00famero cu\u00e1nticos, podemos utilizarlos para describir la estructura electr\u00f3nica del \u00e1tomo de hidr\u00f3geno:<\/p>\n<p>&nbsp;<\/p>\n<p>El <a href=\"#\" onclick=\"referencia('electron',event); return false;\">electr\u00f3n<\/a> de un \u00e1tomo de hidr\u00f3geno en el estado fundamental se encuentra en el nivel de energ\u00eda m\u00e1s bajo, es decir, n=1, y dado que la primera capa principal contiene s\u00f3lo un orbital s, el n\u00famero cu\u00e1ntico orbital es l=0. El \u00fanico valor posible para el n\u00famero cu\u00e1ntico magn\u00e9tico es m<sub>l<\/sub>=0. Cualquiera de los dos estados de spin son posibles para el <a href=\"#\" onclick=\"referencia('electron',event); return false;\">electr\u00f3n<\/a>. As\u00ed podr\u00edamos decir que el <a href=\"#\" onclick=\"referencia('electron',event); return false;\">electr\u00f3n<\/a> de un \u00e1tomo de hidr\u00f3geno en el estado fundamental est\u00e1 en el orbital 1s, o que es un <a href=\"#\" onclick=\"referencia('electron',event); return false;\">electr\u00f3n<\/a> 1s, y se representa mediante la notaci\u00f3n:<\/p>\n<p>&nbsp;<\/p>\n<p><center><span style=\"font-size: large;\">1s<sup>1<\/sup><\/span><\/center>en donde el super\u00edndice 1 indica un <a href=\"#\" onclick=\"referencia('electron',event); return false;\">electr\u00f3n<\/a> en el orbital 1s. Ambos estados de <a href=\"#\" onclick=\"referencia('espin',event); return false;\">esp\u00edn<\/a> est\u00e1n permitidos, pero no designamos el estado de <a href=\"#\" onclick=\"referencia('espin',event); return false;\">esp\u00edn<\/a> en esta notaci\u00f3n.<\/p>\n<p>De acuerdo con el Principio de esclusi\u00f3n de Pauli, dos <a href=\"#\" onclick=\"referencia('electron',event); return false;\">electrones<\/a> en un \u00e1tomo no pueden tener el mismo conjunto de n\u00fameros cu\u00e1nticos. Los n\u00fameros cu\u00e1ntiocos definen el estado cu\u00e1ntico del <a href=\"#\" onclick=\"referencia('electron',event); return false;\">electr\u00f3n<\/a> y explica como son las estructuras electr\u00f3nica de los \u00e1tomos.<\/p>\n<p>Salvo mejor parecer<\/p>\n<\/div>\n<div style=\"text-align: justify;\" align=\"left\">emilio silvera<\/div>\n<div class='bookmark'>\r\n\t\t<table align='left' border='0' cellpadding='0' width='100%'>\r\n\t\t<tr><td><span class='pushbutton'><a href='http:\/\/delicious.com\/post?url=http%3A%2F%2Fwww.emiliosilveravazquez.com%2Fblog%2F2013%2F09%2F21%2Fel-nucleo-ante-que-el-atomo%2F&amp;title=El+n%C3%BAcleo+antes+que+el+%C3%A1tomo' title='Delicious' target='_blank' rel='nofollow'><img src='http:\/\/www.emiliosilveravazquez.com\/blog\/wp-content\/plugins\/knxdt-bookmarks-wordpress-plugin\/images\/delicious.png'  alt='' class='book_img' border='none' style='margin:1px; padding: 0;'  \/><\/a><\/span><span class='pushbutton'><a href='http:\/\/digg.com\/submit?url=http%3A%2F%2Fwww.emiliosilveravazquez.com%2Fblog%2F2013%2F09%2F21%2Fel-nucleo-ante-que-el-atomo%2F&amp;title=El+n%C3%BAcleo+antes+que+el+%C3%A1tomo' title='Digg' target='_blank' rel='nofollow'><img src='http:\/\/www.emiliosilveravazquez.com\/blog\/wp-content\/plugins\/knxdt-bookmarks-wordpress-plugin\/images\/digg.png'  alt='' class='book_img' border='none' style='margin:1px; padding: 0;'  \/><\/a><\/span><span class='pushbutton'><a href='http:\/\/www.google.com\/bookmarks\/mark?op=edit&amp;bkmk=http%3A%2F%2Fwww.emiliosilveravazquez.com%2Fblog%2F2013%2F09%2F21%2Fel-nucleo-ante-que-el-atomo%2F&amp;title=El+n%C3%BAcleo+antes+que+el+%C3%A1tomo' title='Google' target='_blank' rel='nofollow'><img src='http:\/\/www.emiliosilveravazquez.com\/blog\/wp-content\/plugins\/knxdt-bookmarks-wordpress-plugin\/images\/google.png'   alt='' class='book_img' border='none' style='margin:1px; padding: 0;'  \/><\/a><\/span><span class='pushbutton'><a href='http:\/\/myweb2.search.yahoo.com\/myresults\/bookmarklet?u=http%3A%2F%2Fwww.emiliosilveravazquez.com%2Fblog%2F2013%2F09%2F21%2Fel-nucleo-ante-que-el-atomo%2F&amp;t=El+n%C3%BAcleo+antes+que+el+%C3%A1tomo' title='Yahoo' target='_blank' rel='nofollow'><img src='http:\/\/www.emiliosilveravazquez.com\/blog\/wp-content\/plugins\/knxdt-bookmarks-wordpress-plugin\/images\/yahoo.png'  alt='' class='book_img' border='none' style='margin:1px; padding: 0;'  \/><\/a><\/span><span class='pushbutton'><a href='http:\/\/www.technorati.com\/faves?add=http%3A%2F%2Fwww.emiliosilveravazquez.com%2Fblog%2F2013%2F09%2F21%2Fel-nucleo-ante-que-el-atomo%2F' title='Technorati' target='_blank' rel='nofollow'><img src='http:\/\/www.emiliosilveravazquez.com\/blog\/wp-content\/plugins\/knxdt-bookmarks-wordpress-plugin\/images\/technorati.png'  alt='' class='book_img' border='none' style='margin:1px; padding: 0;'  \/><\/a><\/span><span class='pushbutton'><a href='http:\/\/meneame.net\/submit.php?url=http%3A%2F%2Fwww.emiliosilveravazquez.com%2Fblog%2F2013%2F09%2F21%2Fel-nucleo-ante-que-el-atomo%2F' title='Meneame' target='_blank' rel='nofollow'><img src='http:\/\/www.emiliosilveravazquez.com\/blog\/wp-content\/plugins\/knxdt-bookmarks-wordpress-plugin\/images\/meneame.png'  alt='' class='book_img' border='none' style='margin:1px; padding: 0;'  \/><\/a><\/span><span class='pushbutton'><a href='http:\/\/enchilame.com\/submit.php?url=http:\/\/www.emiliosilveravazquez.com\/blog\/2013\/09\/21\/el-nucleo-ante-que-el-atomo\/' target='_blank' rel='nofollow'><img title='Enchilame' src='http:\/\/www.emiliosilveravazquez.com\/blog\/wp-content\/plugins\/knxdt-bookmarks-wordpress-plugin\/images\/enchilame.png'  alt='' class='book_img' border='none' style='margin:1px; padding: 0;'  \/><\/a><\/span><span class='pushbutton'><a href='http:\/\/www.blinklist.com\/index.php?Action=Blink\/addblink.php&amp;Description=&amp;Url=http%3A%2F%2Fwww.emiliosilveravazquez.com%2Fblog%2F2013%2F09%2F21%2Fel-nucleo-ante-que-el-atomo%2F&amp;title=El+n%C3%BAcleo+antes+que+el+%C3%A1tomo' title='BlinkList' target='_blank' rel='nofollow'><img src='http:\/\/www.emiliosilveravazquez.com\/blog\/wp-content\/plugins\/knxdt-bookmarks-wordpress-plugin\/images\/blinklist.png'  alt='' class='book_img' border='none' style='margin:1px; padding: 0;'  \/><\/a><\/span><span class='pushbutton'><a href='http:\/\/reddit.com\/submit?url=http%3A%2F%2Fwww.emiliosilveravazquez.com%2Fblog%2F2013%2F09%2F21%2Fel-nucleo-ante-que-el-atomo%2F&amp;title=El+n%C3%BAcleo+antes+que+el+%C3%A1tomo' title='Reddit' target='_blank' rel='nofollow'><img src='http:\/\/www.emiliosilveravazquez.com\/blog\/wp-content\/plugins\/knxdt-bookmarks-wordpress-plugin\/images\/reddit.png'  alt='' class='book_img' border='none' style='margin:1px; padding: 0;'  \/><\/a><\/span><span class='pushbutton'><a href='http:\/\/www.tecnologiadiaria.com\/2009\/07\/abrir-com-hotmail-correo.html' target='_blank' title='hotmail'><img src='http:\/\/www.emiliosilveravazquez.com\/blog\/wp-content\/plugins\/knxdt-bookmarks-wordpress-plugin\/images\/linklove.png' alt='hotmail correo' class='book_img' border='none' style='margin:1px; padding: 0;' \/><\/a><\/span><span class='pushbutton'><a href='http:\/\/bitacoras.com\/votar\/anotacion\/externo\/mini\/www.emiliosilveravazquez.com\/blog\/2013\/09\/21\/el-nucleo-ante-que-el-atomo\/' title='Bitacoras.com' target='_blank' rel='nofollow'><img src='http:\/\/www.emiliosilveravazquez.com\/blog\/wp-content\/plugins\/knxdt-bookmarks-wordpress-plugin\/images\/bitacoras.png'  alt='' class='book_img' border='none' style='margin:1px; padding: 0;'  \/><\/a><\/span><span class='pushbutton'><a href='http:\/\/www.wikio.es\/vote?url=http%3A%2F%2Fwww.emiliosilveravazquez.com%2Fblog%2F2013%2F09%2F21%2Fel-nucleo-ante-que-el-atomo%2F' title='Wikio' target='_blank' rel='nofollow'><img src='http:\/\/www.emiliosilveravazquez.com\/blog\/wp-content\/plugins\/knxdt-bookmarks-wordpress-plugin\/images\/wikio.png'   alt='' class='book_img' border='none' style='margin:1px; padding: 0;'   \/><\/a><\/span><span class='pushbutton'><a href='http:\/\/friendfeed.com\/?url=http%3A%2F%2Fwww.emiliosilveravazquez.com%2Fblog%2F2013%2F09%2F21%2Fel-nucleo-ante-que-el-atomo%2F&amp;title=El+n%C3%BAcleo+antes+que+el+%C3%A1tomo' title='Friend Feed' target='_blank' rel='nofollow'><img src='http:\/\/www.emiliosilveravazquez.com\/blog\/wp-content\/plugins\/knxdt-bookmarks-wordpress-plugin\/images\/friendfeed.png'  alt='' class='book_img' border='none' style='margin:1px; padding: 0;'  \/><\/a><\/span><span class='pushbutton'><a href='http:\/\/www.facebook.com\/share.php?u=http%3A%2F%2Fwww.emiliosilveravazquez.com%2Fblog%2F2013%2F09%2F21%2Fel-nucleo-ante-que-el-atomo%2F&amp;t=El+n%C3%BAcleo+antes+que+el+%C3%A1tomo' title='Facebook' target='_blank' rel='nofollow'><img src='http:\/\/www.emiliosilveravazquez.com\/blog\/wp-content\/plugins\/knxdt-bookmarks-wordpress-plugin\/images\/facebook.png'  alt='' class='book_img' border='none' style='margin:1px; padding: 0;'  \/><\/a><\/span><span class='pushbutton'><a href='http:\/\/twitter.com\/home?status=El+n%C3%BAcleo+antes+que+el+%C3%A1tomo: http%3A%2F%2Fwww.emiliosilveravazquez.com%2Fblog%2F2013%2F09%2F21%2Fel-nucleo-ante-que-el-atomo%2F' title='Twitter' target='_blank' rel='nofollow'><img src='http:\/\/www.emiliosilveravazquez.com\/blog\/wp-content\/plugins\/knxdt-bookmarks-wordpress-plugin\/images\/twitter.png'  alt='' class='book_img' border='none' style='margin:1px; padding: 0;'  \/><\/a><\/span><span class='pushbutton'><a href='http:\/\/www.feedburner.com\/fb\/a\/emailFlare?itemTitle=El+n%C3%BAcleo+antes+que+el+%C3%A1tomo&amp;uri=http%3A%2F%2Fwww.emiliosilveravazquez.com%2Fblog%2F2013%2F09%2F21%2Fel-nucleo-ante-que-el-atomo%2F' title='Enviar por Email' target='_blank' rel='nofollow'><img src='http:\/\/www.emiliosilveravazquez.com\/blog\/wp-content\/plugins\/knxdt-bookmarks-wordpress-plugin\/images\/email.png'  alt='' class='book_img' border='none' style='margin:1px; padding: 0;'  \/><\/a><\/span><span style='font-weight:bold; padding-left: 5px;'><a href='http:\/\/wordpress.org\/extend\/plugins\/knxdt-bookmarks-wordpress-plugin\/' title='Plugin' rel='nofollow' target='_blank'>[?]<\/a><\/span><\/td><\/tr><\/table><br\/><br\/><\/div>","protected":false},"excerpt":{"rendered":"<p>El n\u00facleo at\u00f3mico El propio Rutherford empez\u00f3 a vislumbrar la respuesta. Entre 1906 y 1908 (hace ahora un siglo) realiz\u00f3 constantes experimentos disparando part\u00edculas alfa contra una l\u00e1mina sutil de metal (como oro o platino), para analizar sus \u00e1tomos. La mayor parte de los proyectiles atravesaron la barrera sin desviarse (como balas a trav\u00e9s de [&hellip;]<\/p>\n","protected":false},"author":2,"featured_media":0,"comment_status":"open","ping_status":"open","sticky":false,"template":"","format":"standard","meta":{"_s2mail":"yes","footnotes":""},"categories":[6],"tags":[],"_links":{"self":[{"href":"http:\/\/www.emiliosilveravazquez.com\/blog\/wp-json\/wp\/v2\/posts\/3022"}],"collection":[{"href":"http:\/\/www.emiliosilveravazquez.com\/blog\/wp-json\/wp\/v2\/posts"}],"about":[{"href":"http:\/\/www.emiliosilveravazquez.com\/blog\/wp-json\/wp\/v2\/types\/post"}],"author":[{"embeddable":true,"href":"http:\/\/www.emiliosilveravazquez.com\/blog\/wp-json\/wp\/v2\/users\/2"}],"replies":[{"embeddable":true,"href":"http:\/\/www.emiliosilveravazquez.com\/blog\/wp-json\/wp\/v2\/comments?post=3022"}],"version-history":[{"count":0,"href":"http:\/\/www.emiliosilveravazquez.com\/blog\/wp-json\/wp\/v2\/posts\/3022\/revisions"}],"wp:attachment":[{"href":"http:\/\/www.emiliosilveravazquez.com\/blog\/wp-json\/wp\/v2\/media?parent=3022"}],"wp:term":[{"taxonomy":"category","embeddable":true,"href":"http:\/\/www.emiliosilveravazquez.com\/blog\/wp-json\/wp\/v2\/categories?post=3022"},{"taxonomy":"post_tag","embeddable":true,"href":"http:\/\/www.emiliosilveravazquez.com\/blog\/wp-json\/wp\/v2\/tags?post=3022"}],"curies":[{"name":"wp","href":"https:\/\/api.w.org\/{rel}","templated":true}]}}