{"id":29902,"date":"2026-03-14T06:34:49","date_gmt":"2026-03-14T05:34:49","guid":{"rendered":"http:\/\/www.emiliosilveravazquez.com\/blog\/?p=29902"},"modified":"2026-03-14T06:34:25","modified_gmt":"2026-03-14T05:34:25","slug":"si-existe-la-perfeccion-estara-en-la-naturaleza-3","status":"publish","type":"post","link":"http:\/\/www.emiliosilveravazquez.com\/blog\/2026\/03\/14\/si-existe-la-perfeccion-estara-en-la-naturaleza-3\/","title":{"rendered":"Si existe la perfecci\u00f3n, estar\u00e1 en la Naturaleza"},"content":{"rendered":"<p style=\"text-align: justify;\"><strong>El Universo est\u00e1 construido seg\u00fan un plan cuya profunda simetr\u00eda est\u00e1 presente de alg\u00fan modo en la estructura interna de nuestro intelecto. Y, desde luego, si lo pensamos profundamente, tendremos que dar la raz\u00f3n a Paul Valery por tales pensamientos, ya que, la Mente Humana, alcanz\u00f3 cotas inimaginables.<\/strong><\/p>\n<p>&nbsp;<\/p>\n<p><img decoding=\"async\" src=\"http:\/\/2.bp.blogspot.com\/_JePpiU6YLYc\/SfRpnm99CXI\/AAAAAAAAAzM\/DtRr2FUFAZs\/s1600\/untitled.bmp\" alt=\"\" \/><\/p>\n<p><strong>\u00a1Agua! El Universo est\u00e1 lleno de agua por todas partes y, si eso es as\u00ed \u00bfQu\u00e9 pasa con la vida?<\/strong><\/p>\n<p style=\"text-align: justify;\">Hubo un tiempo, el el Universo muy temprano, en el que la temperatura estaba encima de algunos cientos de veces la masa del <a href=\"#\" onclick=\"referencia('proton',event); return false;\">prot\u00f3n<\/a>, cuando la simetr\u00eda a\u00fan no se hab\u00eda roto, y la fuerza d\u00e9bil y electromagn\u00e9tica no s\u00f3lo eran la misma matem\u00e1ticamente, sino realmente la misma. Un f\u00edsico que hubiera podido estar all\u00ed presente, en aquellos primeros momento, no habr\u00eda podido observar ninguna diferencia real entre las fuerzas producidas por el intercambio de estas cuatro part\u00edculas: la W<sup>+<\/sup>, la W<sup>&#8211; ,\u00a0<\/sup> la Z y el Fot\u00f3n.<\/p>\n<p>&nbsp;<\/p>\n<p style=\"text-align: justify;\">\n<p style=\"text-align: justify;\">Al llegar a escalas cada vez menores, tambi\u00e9n hemos entrado en \u00e1mbitos de energ\u00edas de uni\u00f3n cada vez mayores. Un \u00e1tomo puede ser despojado de su <a href=\"#\" onclick=\"referencia('electron',event); return false;\">electr\u00f3n<\/a> aplicando s\u00f3lo unos miles de electr\u00f3n-voltios de energ\u00eda, m\u00e1s para dispersar los <a href=\"#\" onclick=\"referencia('nucleones',event); return false;\">nucleones<\/a> que conforman un n\u00facleo at\u00f3mico se requieren varios millones de electr\u00f3n-voltios, y para librar los <a href=\"#\" onclick=\"referencia('quarks',event); return false;\">quarks<\/a> que constituyen cada <a href=\"#\" onclick=\"referencia('nucleones',event); return false;\">nucle\u00f3n<\/a> se necesitar\u00eda cientos de veces m\u00e1s energ\u00eda. As\u00ed, hemos llegado a comprender que, las estructuras m\u00e1s peque\u00f1as y m\u00e1s fundamentales est\u00e1n ligadas por niveles de energ\u00eda mayores porque sus estructuras mismas fueron forjadas en el calor del <a href=\"#\" onclick=\"referencia('big bang',event); return false;\">Big Bang<\/a>.<\/p>\n<p>&nbsp;<\/p>\n<p>&nbsp;<\/p>\n<p><img decoding=\"async\" loading=\"lazy\" class=\"\" src=\"https:\/\/static-1.ivoox.com\/audios\/4\/1\/5\/8\/8341485938514_XXL.jpg\" alt=\"Si existe la perfecci\u00f3n, estar\u00e1 en la Naturaleza : Blog de Emilio Silvera V.\" width=\"528\" height=\"528\" \/><\/p>\n<p>&nbsp;<\/p>\n<p style=\"text-align: justify;\">En este diminito lugar del n\u00facleo at\u00f3mico (que es una parte de 100.000 del proio \u00e1tomo), est\u00e1 preente la <a href=\"#\" onclick=\"referencia('fuerza nuclear fuerte',event); return false;\">fuerza nuclear fuerte<\/a>, la fuerxza m\u00e1s potente de la Naturalza. Y, para llegar ah\u00ed, el LHC ha tenido que emplear mucha enrtg\u00eda.<\/p>\n<ul class=\"KsbFXc U6u95\" data-sfc-cb=\"\" data-processed=\"true\">\n<li class=\"dF3vjf\" style=\"text-align: justify;\" data-sfc-cb=\"\" data-hveid=\"CAIQAg\" data-processed=\"true\"><span class=\"T286Pc\" data-sfc-cp=\"\" data-sfc-cb=\"\" data-processed=\"true\"><strong class=\"Yjhzub\" data-sfc-cb=\"\" data-processed=\"true\">La labor del LHC:<\/strong>\u00a0Para superar la repulsi\u00f3n electromagn\u00e9tica entre los n\u00facleos y &#8220;ver&#8221; lo que hay dentro, el\u00a0<strong class=\"Yjhzub\" data-sfc-cb=\"\" data-processed=\"true\">Gran Colisionador de Hadrones (LHC)<\/strong>\u00a0en el CERN acelera <a href=\"#\" onclick=\"referencia('proton',event); return false;\">protones<\/a> a velocidades cercanas a la de la luz, colision\u00e1ndolos con energ\u00edas alt\u00edsimas (alcanzando r\u00e9cords de hasta 13.6 teraelectronvoltios en su tercera etapa).<\/span><\/li>\n<\/ul>\n<p>&nbsp;<\/p>\n<p><img decoding=\"async\" loading=\"lazy\" class=\"\" src=\"http:\/\/www.javierdelucas.es\/cosmo0000.jpg\" width=\"558\" height=\"424\" \/><\/p>\n<p>&nbsp;<\/p>\n<p style=\"text-align: justify;\">Tambi\u00e9n hemos llegado a comprender que, las fuerzas de la naturaleza que gobiernan la electricidad, el magnetismo, la <a href=\"#\" onclick=\"referencia('radiactividad',event); return false;\">radiactividad<\/a> y las reacciones nucleares est\u00e1n confinadas a un \u201cmundo-brana\u201d tridimensional, mientras que la gravedad act\u00faa en todas las dimensiones y es consecuentemente m\u00e1s d\u00e9bil. Seguramente ese ser\u00e1 el motivo por el cual, encontrar\u00a0 al Bos\u00f3n mediador de la fuerza, el Gravit\u00f3n, resulta tan dif\u00edcil.<\/p>\n<p style=\"text-align: justify;\">\u00a0 \u00a0 \u00a0 \u00a0 \u00a0 \u00a0 \u00a0 \u00a0 \u00a0 \u00a0 \u00a0 \u00a0 \u00a0 \u00a0 \u00a0 \u00a0 \u00a0 \u00a0 \u00a0 \u00a0 \u00a0 \u00a0 \u00a0 \u00a0 <img decoding=\"async\" loading=\"lazy\" title=\"mundobrana\" src=\"http:\/\/www.emiliosilveravazquez.com\/blog\/wp-content\/uploads\/2008\/07\/mundobrana.jpg\" alt=\"mundo brana\" width=\"455\" height=\"298\" \/><\/p>\n<p style=\"text-align: justify;\">De manera similar, aunque menos clara, las teor\u00edas de <a href=\"#\" onclick=\"referencia('supersimetria',event); return false;\">supersimetr\u00eda<\/a>s conjeturaban que las cuatro fuerzas tal vez estaban ligadas por una simetria que se manifestaba en los niveles de energ\u00eda a\u00fan mayores que caracterizaban al universo ya antes del <a href=\"#\" onclick=\"referencia('big bang',event); return false;\">Big Bang<\/a>. La intrduci\u00f3n de un eje hist\u00f3rico en la cosmolog\u00eda y la f\u00edsica de part\u00edculas (como dec\u00eda ayer en uno de los trabajos), beneficio a ambos campos. Los f\u00edsicos proporcionaron a los cosm\u00f3logos una amplia gama de herramientas \u00fatiles para saber c\u00f3mo se desarroll\u00f3 el universo primitivo. Evidentemente, el <a href=\"#\" onclick=\"referencia('big bang',event); return false;\">Big Bang<\/a> no fue una muralla de fuego de la que se burl\u00f3 Hoyle, sino un \u00e1mbito de sucesos de altas energ\u00edas que muy posiblemente pueden ser comprensibles en t\u00e9rminos de teor\u00eda de campo relativista y cu\u00e1ntica.<\/p>\n<p>&nbsp;<\/p>\n<p><img decoding=\"async\" loading=\"lazy\" id=\"il_fi\" src=\"http:\/\/3.bp.blogspot.com\/-9VkzE5fvjuI\/T0ZhvDq-PZI\/AAAAAAAAAgs\/xNIWMOai6wI\/s1600\/LHC.jpg\" alt=\"\" width=\"572\" height=\"509\" \/><\/p>\n<p>&nbsp;<\/p>\n<p style=\"text-align: justify;\">La cosmolog\u00eda, por su parte, dio un tinte de realidad hist\u00f3rica a las teor\u00edas unificadas. Aunque ning\u00fan acelerador concebible podr\u00edan alcanzar las tit\u00e1nicas energ\u00edas supuestas por las grandes teor\u00edas unificadas y de la <a href=\"#\" onclick=\"referencia('supersimetria',event); return false;\">supersimetr\u00eda<\/a>, esas ex\u00f3ticas ideas a\u00fan\u00a0 pueden ser puestas a prueba, investigando si las part\u00edculas constituyentes del universo actual son compatibles con el tipo de historia primitiva que implican las teor\u00edas. Las part\u00edculas elementales aparentemente proporcionan las claves de algunos de los misterios fundamentales de la Cosmolog\u00eda temprana\u2026 y resulta que la Cosmolog\u00eda brinda una especia de terreno de prueba para alguna de las ideas de la f\u00edsica de part\u00edculas elementales. Esto implica que los aceleradores de part\u00edculas, como los telescopios, funcionen como m\u00e1quinas del tiempo.\u00a0 Un telescopio penetra en el pasado en virtud del tiempo que tarda la luz en desplazarse entre las estrellas; un acelerador recrea, aunque sea fugazmente, las condiciones que prevalec\u00edan en el Universo primitivo.<\/p>\n<p>&nbsp;<\/p>\n<p><img decoding=\"async\" src=\"https:\/\/www.icarito.cl\/wp-content\/uploads\/2009\/12\/601758.jpg\" alt=\"Qu\u00e9 son las mol\u00e9culas? - Icarito\" \/><\/p>\n<p>&nbsp;<\/p>\n<p style=\"text-align: justify;\"><strong>Mol\u00e9culas, \u00e1tomos y conexiones<\/strong> para formar pensamientos que nos llevaron hacia los conocimientos que hoy, tras muchos miles de millones de a\u00f1os de evoluci\u00f3n del Universo, hizo posible la aparici\u00f3n de especies que, tras miles de a\u00f1os de experiencia, de observaci\u00f3n, y, de imaginar&#8230;, lleg\u00f3 a conseguir la intuici\u00f3n necesaria para presentir que, formamos parte de un todo inmenso del que s\u00f3lo somos una parte, la que piensa. Tambi\u00e9n la que tiene que descubrir, los secretos de la Naturaleza, en ello, le va la existencia en el futuro.<\/p>\n<p>&nbsp;<\/p>\n<p><iframe loading=\"lazy\" title=\"Colisiones de protones en el LHC y su sistema de aceleradores\" width=\"500\" height=\"281\" src=\"https:\/\/www.youtube.com\/embed\/WfzOI17JYEY?feature=oembed\" frameborder=\"0\" allow=\"accelerometer; autoplay; clipboard-write; encrypted-media; gyroscope; picture-in-picture; web-share\" referrerpolicy=\"strict-origin-when-cross-origin\" allowfullscreen><\/iframe><\/p>\n<p><strong>\u00a0 \u00a0 \u00a0 \u00a0 \u00a0 \u00a0 \u00a0 \u00a0 \u00a0 \u00a0 \u00a0 \u00a0 \u00a0Para encontrar lo infinitesimal, se necesitan las mayores energ\u00edas<\/strong><\/p>\n<p style=\"text-align: justify;\">Hemos aprendido que cuanto m\u00e1s \u00edntimamente examinemos la Naturaleza, tanto m\u00e1s lejos hacia atr\u00e1s vamos en el tiempo.\u00a0\u00a0 Alguna vez he puesto el ejemplo de mirar algo que no es familiar, el dorso de la mano, por ejemplo, e imaginemos que podemos observarlo con cualquier aumento deseado.<\/p>\n<p style=\"text-align: justify;\">Con un aumento relativamente peque\u00f1o, podemos ver las c\u00e9lulas de la piel, cada una con un aspecto tan grande y\u00a0 complejo como una ciudad, y con sus l\u00edmites delineados por la pared celular.\u00a0 Si elevamos el aumento, veremos dentro de la c\u00e9lula una mara\u00f1a de ribosomas serpenteando y mitocondrias ondulantes, lisosomas esf\u00e9ricos y centr\u00edolos, cuyos alrededores est\u00e1n llenos de complejos \u00f3rganos dedicados a las funciones respiratorias, sanitarias y de producci\u00f3n de energ\u00eda que mantienen a la c\u00e9lula.<\/p>\n<p style=\"text-align: justify;\">Ya ah\u00ed tenemos pruebas de historia. Aunque esta c\u00e9lula particular solo tiene unos pocos a\u00f1os de antig\u00fcedad, su arquitectura se remonta a m\u00e1s de mil millones de a\u00f1os, a la \u00e9poca en que aparecieron en la Tierra las c\u00e9lulas eucariota o eucari\u00f3ticas como la que hemos examinado.<\/p>\n<p>&nbsp;<\/p>\n<p><img decoding=\"async\" src=\"http:\/\/4.bp.blogspot.com\/_cTbpVCt4XUM\/THUUVT77LYI\/AAAAAAAAAAU\/VfdiNnL7lF4\/s1600\/clip_image002.jpg\" alt=\"Estructuras fundamentales de la Naturaleza : Blog de Emilio Silvera V.\" \/><img decoding=\"async\" loading=\"lazy\" class=\"\" src=\"https:\/\/www3.gobiernodecanarias.org\/medusa\/ecoblog\/yhumbert\/files\/2016\/09\/cellule.png\" alt=\"Estructura y funciones de los seres vivos \u2013 BLOG DE YOHANN HUMBERT\" width=\"212\" height=\"271\" \/><img decoding=\"async\" loading=\"lazy\" class=\"\" src=\"https:\/\/4.bp.blogspot.com\/-LNBIUpw__fo\/UF7be5s1AdI\/AAAAAAAA3pA\/mlnPzwLSqCQ\/s400\/La_escala_del_universo.png\" alt=\"Estructuras fundamentales de la Naturaleza : Blog de Emilio Silvera V.\" width=\"345\" height=\"216\" \/><img decoding=\"async\" src=\"http:\/\/2.bp.blogspot.com\/_J-1I5Aw0GUk\/RyXUJQqleiI\/AAAAAAAAAAU\/aPv1wMQN25I\/s320\/image001.gif\" alt=\"Estructuras fundamentales de la Naturaleza : Blog de Emilio Silvera V.\" \/><\/p>\n<p>&nbsp;<\/p>\n<p style=\"text-align: justify;\">Hemos llegado a poder discernir la relaci\u00f3n directa que vincula el tama\u00f1o, la energ\u00eda de uni\u00f3n y la edad de las estructuras fundamentales de la Naturaleza. Ahora, hemos llegado a comprender muchas de las cosas que, hasta hace bien poco tiempo, eran aut\u00e9nticos secretos que, el Universo, celosamente se guardaba, y, esa comprensi\u00f3n, nos llevar\u00e1 m\u00e1s lejos y nos permitir\u00e1 realizar un largo camino hacia el coraz\u00f3n mismo de la materia, donde seg\u00fan parece, pueden residir infinitesimales objetos m\u00e1s peque\u00f1os que los Quarks, en esa distancia inalcanzable ahora que hemos llamado, el L\u00edmite de Planck.<\/p>\n<p>&nbsp;<\/p>\n<p><img decoding=\"async\" src=\"https:\/\/s3.abcstatics.com\/media\/ciencia\/2021\/05\/24\/illustration_af_universets_udvikling_NASA_CXC_M_WEISS-k9YG-U402458296597LpE-510x400@abc.jpeg\" alt=\"Esto es lo que sucedi\u00f3 en el primer microsegundo del Big Bang\" \/><\/p>\n<p>&nbsp;<\/p>\n<p style=\"text-align: justify;\">A\u00fan estamos en el camino, no hemos podido llegar m\u00e1s lejos y, con la ayuda de los aceleradores hemos podido llegar hasta una diez billon\u00e9sima de segundo despu\u00e9s del <a href=\"#\" onclick=\"referencia('big bang',event); return false;\">Big Bang<\/a> que es menos que un pesta\u00f1eo con los p\u00e1rpados en toda la historia humana registrada. A pesar de ello, extra\u00f1amente, la investigaci\u00f3n de la evoluci\u00f3n del Universo reci\u00e9n nacido indica que ocurrieron muchas cosas a\u00fan antes, durante la primera \u00ednfima fracci\u00f3n de un segundo. Todos los te\u00f3ricos han tratado de elaborar una explicaci\u00f3n coherente de los primeros momentos de la historia c\u00f3smica. Por supuesto, sus ideas fueron esquem\u00e1ticas e incompletas, muchas de sus conjeturas, sin duda, se juzgaran deformadas o sencillamente err\u00f3neas, pero constituyeron una cr\u00f3nica mucho m\u00e1s aclaradora del Universo primitivo que la que ten\u00edamos antes.<\/p>\n<p>&nbsp;<\/p>\n<p><a href=\"http:\/\/www.dgcs.unam.mx\/boletin\/bdboletin\/multimedia\/WAV100728\/447_01.jpg\" target=\"_blank\" rel=\"noopener\"><img decoding=\"async\" loading=\"lazy\" src=\"http:\/\/www.dgcs.unam.mx\/boletin\/bdboletin\/multimedia\/WAV100728\/447_01.jpg\" alt=\"\" width=\"500\" height=\"272\" \/><\/a><\/p>\n<p>&nbsp;<\/p>\n<p style=\"text-align: justify;\">Recreaci\u00f3n del Universo primitivo al que no hemos podido llegar en el momento mismo de su creaci\u00f3n, nos ha sido imposible recrear ese momento que llamamos big bang, las matem\u00e1ticas no funcionan al tratar de formular la ecuaci\u00f3n precisa que nos muestre aquel momento.<\/p>\n<p style=\"text-align: justify;\">De todas las maneras, son muchas las im\u00e1genes de la Naturaleza, del Universo, que nos deja admirar su perfecci\u00f3n. Ve\u00e1mos por un momento varias tomas de la Nebulosa del \u00c1guila mostrada en Observatorio.<\/p>\n<p>&nbsp;<\/p>\n<p style=\"text-align: justify;\"><img decoding=\"async\" src=\"http:\/\/antwrp.gsfc.nasa.gov\/apod\/image\/0302\/m16_cfht.jpg\" alt=\"La Nebulosa del \u00c1guila por el CFHT\" \/><\/p>\n<div>\n<div>\n<div>\n<div>\n<div id=\"aq-block-44-3\">\n<div>\n<blockquote>\n<p style=\"text-align: justify;\">&#8220;A\u00fan se est\u00e1n formando estrellas azules en los\u00a0<a href=\"http:\/\/observatorio.info\/2003\/02\/la-nebulosa-del-aguila-por-el-cfht\/ap010812.html\">pilares oscuros<\/a>\u00a0de la\u00a0<a href=\"http:\/\/observatorio.info\/2003\/02\/la-nebulosa-del-aguila-por-el-cfht\/ap020611.html\">Nebulosa del \u00c1guila<\/a>.<\/p>\n<p style=\"text-align: justify;\">Es famosa gracias a una\u00a0<a href=\"http:\/\/observatorio.info\/2003\/02\/la-nebulosa-del-aguila-por-el-cfht\/ap011125.html\">fotograf\u00eda<\/a>\u00a0que le tom\u00f3 el\u00a0<a href=\"http:\/\/www.stsci.edu\/hst\/HST_overview\/\">Telescopio Espacial <a href=\"#\" onclick=\"referencia('hubble',event); return false;\">Hubble<\/a><\/a>\u00a0en 1995, la\u00a0<a href=\"http:\/\/www.seds.org\/messier\/m\/m016.html\">Nebulosa del \u00c1guila<\/a>\u00a0muestra el fant\u00e1stico proceso de formaci\u00f3n estelar.<\/p>\n<p style=\"text-align: justify;\">En la parte superior derecha de\u00a0<a href=\"http:\/\/www.cfht.hawaii.edu\/HawaiianStarlight\/AIOM\/English\/CFHT-Coelum-AIOM-Feb2003.html\">esta fotograf\u00eda<\/a>\u00a0se encuentra el coraz\u00f3n del\u00a0<a href=\"http:\/\/csep10.phys.utk.edu\/astr162\/lect\/clusters\/open.html\">c\u00famulo abierto<\/a>\u00a0M16. Las brillantes estrellas azules de\u00a0<a href=\"http:\/\/adsabs.harvard.edu\/cgi-bin\/nph-bib_query?bibcode=2002ApJ...565L..25S\">M16<\/a>\u00a0se han estado formando continuamente por m\u00e1s de 5 millones de a\u00f1os y m\u00e1s recientemente en los pilares centrales de\u00a0<a href=\"http:\/\/pearl1.lanl.gov\/periodic\/elements\/1.html\">gas<\/a>\u00a0y\u00a0<a href=\"http:\/\/observatorio.info\/2003\/02\/la-nebulosa-del-aguila-por-el-cfht\/ap010914.html\">polvo<\/a>, conocidos como\u00a0<a href=\"http:\/\/www.pbs.org\/wnet\/nature\/elephants\/trunk.html\">trompas de elefante<\/a>.<\/p>\n<p style=\"text-align: justify;\">La luz demora m\u00e1s de 7000 a\u00f1os en alcanzarnos desde\u00a0<a href=\"http:\/\/observatorio.info\/2003\/02\/la-nebulosa-del-aguila-por-el-cfht\/ap020103.html\">M16<\/a>y \u00e9sta mide cerca de 20\u00a0<a href=\"http:\/\/chandra.harvard.edu\/photo\/cosmic_distance.html\">a\u00f1os luz<\/a>,\u00a0<a href=\"http:\/\/observatorio.info\/2003\/02\/la-nebulosa-del-aguila-por-el-cfht\/ap990911.html\">puede ser vista<\/a>\u00a0con binoculares hacia la\u00a0<a href=\"http:\/\/www.astro.wisc.edu\/~dolan\/constellations\/extra\/constellations.html\">constelaci\u00f3n<\/a>\u00a0<a href=\"http:\/\/www.astronomical.org\/constellations\/ser.html\">Serpens<\/a>.&#8221;<\/p>\n<\/blockquote>\n<div>\u00a0Esta era la traducci\u00f3n que acompa\u00f1aba a la imagen.<\/div>\n<div><\/div>\n<\/div>\n<\/div>\n<\/div>\n<\/div>\n<\/div>\n<div>\n<div id=\"aq-block-44-20\">\n<div data-isotope-options=\"{ &quot;layoutMode&quot;: &quot;fitRows&quot;, &quot;itemSelector&quot;: &quot;.post&quot; }\">\n<div>\n<div>\n<figure><a href=\"http:\/\/observatorio.info\/2003\/02\/la-nebulosa-del-aguila-por-cfht\/\"><img decoding=\"async\" loading=\"lazy\" src=\"http:\/\/antwrp.gsfc.nasa.gov\/apod\/image\/0302\/m16_cfht.jpg\" alt=\"\" width=\"440\" height=\"440\" \/><\/a><\/figure>\n<\/div>\n<div>\n<p>&nbsp;<\/p>\n<\/div>\n<\/div>\n<div>\n<div>\n<figure><a href=\"http:\/\/observatorio.info\/2014\/02\/dentro-de-la-nebulosa-del-aguila-3\/\"><img decoding=\"async\" loading=\"lazy\" src=\"http:\/\/apod.nasa.gov\/apod\/image\/1402\/eagle_kp09_960.jpg\" alt=\"\" width=\"440\" height=\"440\" \/><\/a><\/figure>\n<\/div>\n<div>\n<h2><\/h2>\n<p>De lejos, todo parece una\u00a0 \u00e1guila\u00a0.\u00a0Pero una mirada m\u00e1s cercana a la\u00a0 nebulosa del \u00c1guila\u00a0muestra que la\u00a0 resplandeciente regi\u00f3n\u00a0es en&#8230;<\/p>\n<p>&nbsp;<\/p>\n<\/div>\n<\/div>\n<div>\n<div>\n<figure><a href=\"http:\/\/observatorio.info\/2007\/02\/rayos-x-y-la-nebulosa-aguila\/\"><img decoding=\"async\" loading=\"lazy\" src=\"http:\/\/antwrp.gsfc.nasa.gov\/apod\/image\/0702\/m16composite_chandra720c.jpg\" alt=\"\" width=\"440\" height=\"440\" \/><\/a><\/figure>\n<\/div>\n<div>\n<p style=\"text-align: justify;\">Las fascinantes im\u00e1genes de M16 (la Nebulosa del \u00c1guila) realizadas por el Observatorio de Rayos X Chandra, nos muestran muchas&#8230; En los pilares oscuros de la Nebulosa del \u00c1guila siguen form\u00e1ndose a\u00fan brillantes estrellas azules.<\/p>\n<p>&nbsp;<\/p>\n<\/div>\n<\/div>\n<\/div>\n<\/div>\n<\/div>\n<h3><img decoding=\"async\" loading=\"lazy\" src=\"https:\/\/www.abc.es\/Media\/201105\/03\/sloan-big-map--644x362.jpg\" alt=\"Resultado de imagen de El Universo sim\u00e9trico primitivo\" width=\"450\" height=\"253\" \/><\/h3>\n<\/div>\n<p style=\"text-align: justify;\">Al principio, cuando el universo era sim\u00e9trico, s\u00f3lo exist\u00eda una sola fuerza que unificaba a todas las que ahora conocemos, la gravedad, las fuerzas electromagn\u00e9ticas y las nucleares d\u00e9bil y fuerte, todas emerg\u00edan de aquel <a href=\"#\" onclick=\"referencia('plasma',event); return false;\">plasma<\/a> opaco de alta energ\u00eda que lo inundaba todo. M\u00e1s tarde, cuando el universo comenz\u00f3 a enfriarse, se hizo transparente y apareci\u00f3 la luz, las fuerzas se separaron en las cuatro conocidas, emergieron los primeros <a href=\"#\" onclick=\"referencia('quarks',event); return false;\">quarks<\/a> para unirse y formar <a href=\"#\" onclick=\"referencia('proton',event); return false;\">protones<\/a> y <a href=\"#\" onclick=\"referencia('neutron',event); return false;\">neutrones<\/a>, los primeros n\u00facleos aparecieron para atraer a los <a href=\"#\" onclick=\"referencia('electron',event); return false;\">electrones<\/a> que formaron aquellos primeros \u00e1tomos.<\/p>\n<p>&nbsp;<\/p>\n<p style=\"text-align: justify;\"><img decoding=\"async\" loading=\"lazy\" class=\"\" src=\"http:\/\/1.bp.blogspot.com\/-nsQdvEePcdA\/TmJh7h4QK6I\/AAAAAAAAC1o\/3IpFa8FqnQE\/s1600\/Estrella+Variable+V838%252C+sobre+20.000+a%25C3%25B1os-luz.jpg\" alt=\"Resultado de imagen de Doscientos millones de a\u00f1os despu\u00e9s del Big Bang, se formaron las primeras estrellas\" width=\"570\" height=\"428\" \/><\/p>\n<p>&nbsp;<\/p>\n<p style=\"text-align: justify;\">Doscientos millones de a\u00f1os m\u00e1s tarde, se formaron las primeras estrellas y galaxias. Con el paso del tiempo, las estrellas sintetizaron los elementos pesados de nuestros cuerpos, fabricados en supernovas que estallaron, incluso antes de que se formase el Sol. Podemos decir, sin temor a equivocarnos, que una supernova an\u00f3nima explot\u00f3 hace miles de millones de a\u00f1os y sembr\u00f3 la nube de gas que dio lugar a nuestro sistema solar, poniendo all\u00ed los materiales complejos y necesarios para que algunos miles de millones de a\u00f1os m\u00e1s tarde, tras la evoluci\u00f3n, apareci\u00e9ramos nosotros.<\/p>\n<p style=\"text-align: justify;\">\u00a1Qu\u00e9 cosas! El asombro se junta con la maravilla y nos lleva a comprender que, la ignorancia, quiz\u00e1 sea nuestro mayor patrimonio, ya que, el saber es escaso y comprender, comprendemos con cierta lentitud, la que impone el ritmo del Universo. Todo tiene su tiempo marcado y nuestra comprensi\u00f3n&#8230;tambi\u00e9n.<\/p>\n<blockquote>\n<p style=\"text-align: justify;\"><strong>Emilio Silvera V.<\/strong><\/p>\n<\/blockquote>\n<div class='bookmark'>\r\n\t\t<table align='left' border='0' cellpadding='0' width='100%'>\r\n\t\t<tr><td><span class='pushbutton'><a href='http:\/\/delicious.com\/post?url=http%3A%2F%2Fwww.emiliosilveravazquez.com%2Fblog%2F2026%2F03%2F14%2Fsi-existe-la-perfeccion-estara-en-la-naturaleza-3%2F&amp;title=Si+existe+la+perfecci%C3%B3n%2C+estar%C3%A1+en+la+Naturaleza' title='Delicious' target='_blank' rel='nofollow'><img src='http:\/\/www.emiliosilveravazquez.com\/blog\/wp-content\/plugins\/knxdt-bookmarks-wordpress-plugin\/images\/delicious.png'  alt='' class='book_img' border='none' style='margin:1px; padding: 0;'  \/><\/a><\/span><span class='pushbutton'><a href='http:\/\/digg.com\/submit?url=http%3A%2F%2Fwww.emiliosilveravazquez.com%2Fblog%2F2026%2F03%2F14%2Fsi-existe-la-perfeccion-estara-en-la-naturaleza-3%2F&amp;title=Si+existe+la+perfecci%C3%B3n%2C+estar%C3%A1+en+la+Naturaleza' title='Digg' target='_blank' rel='nofollow'><img src='http:\/\/www.emiliosilveravazquez.com\/blog\/wp-content\/plugins\/knxdt-bookmarks-wordpress-plugin\/images\/digg.png'  alt='' class='book_img' border='none' style='margin:1px; padding: 0;'  \/><\/a><\/span><span class='pushbutton'><a href='http:\/\/www.google.com\/bookmarks\/mark?op=edit&amp;bkmk=http%3A%2F%2Fwww.emiliosilveravazquez.com%2Fblog%2F2026%2F03%2F14%2Fsi-existe-la-perfeccion-estara-en-la-naturaleza-3%2F&amp;title=Si+existe+la+perfecci%C3%B3n%2C+estar%C3%A1+en+la+Naturaleza' title='Google' target='_blank' rel='nofollow'><img src='http:\/\/www.emiliosilveravazquez.com\/blog\/wp-content\/plugins\/knxdt-bookmarks-wordpress-plugin\/images\/google.png'   alt='' class='book_img' border='none' style='margin:1px; padding: 0;'  \/><\/a><\/span><span class='pushbutton'><a href='http:\/\/myweb2.search.yahoo.com\/myresults\/bookmarklet?u=http%3A%2F%2Fwww.emiliosilveravazquez.com%2Fblog%2F2026%2F03%2F14%2Fsi-existe-la-perfeccion-estara-en-la-naturaleza-3%2F&amp;t=Si+existe+la+perfecci%C3%B3n%2C+estar%C3%A1+en+la+Naturaleza' title='Yahoo' target='_blank' rel='nofollow'><img src='http:\/\/www.emiliosilveravazquez.com\/blog\/wp-content\/plugins\/knxdt-bookmarks-wordpress-plugin\/images\/yahoo.png'  alt='' class='book_img' border='none' style='margin:1px; padding: 0;'  \/><\/a><\/span><span class='pushbutton'><a href='http:\/\/www.technorati.com\/faves?add=http%3A%2F%2Fwww.emiliosilveravazquez.com%2Fblog%2F2026%2F03%2F14%2Fsi-existe-la-perfeccion-estara-en-la-naturaleza-3%2F' title='Technorati' target='_blank' rel='nofollow'><img src='http:\/\/www.emiliosilveravazquez.com\/blog\/wp-content\/plugins\/knxdt-bookmarks-wordpress-plugin\/images\/technorati.png'  alt='' class='book_img' border='none' style='margin:1px; padding: 0;'  \/><\/a><\/span><span class='pushbutton'><a href='http:\/\/meneame.net\/submit.php?url=http%3A%2F%2Fwww.emiliosilveravazquez.com%2Fblog%2F2026%2F03%2F14%2Fsi-existe-la-perfeccion-estara-en-la-naturaleza-3%2F' title='Meneame' target='_blank' rel='nofollow'><img src='http:\/\/www.emiliosilveravazquez.com\/blog\/wp-content\/plugins\/knxdt-bookmarks-wordpress-plugin\/images\/meneame.png'  alt='' class='book_img' border='none' style='margin:1px; padding: 0;'  \/><\/a><\/span><span class='pushbutton'><a href='http:\/\/enchilame.com\/submit.php?url=http:\/\/www.emiliosilveravazquez.com\/blog\/2026\/03\/14\/si-existe-la-perfeccion-estara-en-la-naturaleza-3\/' target='_blank' rel='nofollow'><img title='Enchilame' src='http:\/\/www.emiliosilveravazquez.com\/blog\/wp-content\/plugins\/knxdt-bookmarks-wordpress-plugin\/images\/enchilame.png'  alt='' class='book_img' border='none' style='margin:1px; padding: 0;'  \/><\/a><\/span><span class='pushbutton'><a href='http:\/\/www.blinklist.com\/index.php?Action=Blink\/addblink.php&amp;Description=&amp;Url=http%3A%2F%2Fwww.emiliosilveravazquez.com%2Fblog%2F2026%2F03%2F14%2Fsi-existe-la-perfeccion-estara-en-la-naturaleza-3%2F&amp;title=Si+existe+la+perfecci%C3%B3n%2C+estar%C3%A1+en+la+Naturaleza' title='BlinkList' target='_blank' rel='nofollow'><img src='http:\/\/www.emiliosilveravazquez.com\/blog\/wp-content\/plugins\/knxdt-bookmarks-wordpress-plugin\/images\/blinklist.png'  alt='' class='book_img' border='none' style='margin:1px; padding: 0;'  \/><\/a><\/span><span class='pushbutton'><a href='http:\/\/reddit.com\/submit?url=http%3A%2F%2Fwww.emiliosilveravazquez.com%2Fblog%2F2026%2F03%2F14%2Fsi-existe-la-perfeccion-estara-en-la-naturaleza-3%2F&amp;title=Si+existe+la+perfecci%C3%B3n%2C+estar%C3%A1+en+la+Naturaleza' title='Reddit' target='_blank' rel='nofollow'><img src='http:\/\/www.emiliosilveravazquez.com\/blog\/wp-content\/plugins\/knxdt-bookmarks-wordpress-plugin\/images\/reddit.png'  alt='' class='book_img' border='none' style='margin:1px; padding: 0;'  \/><\/a><\/span><span class='pushbutton'><a href='http:\/\/www.tecnologiadiaria.com\/2009\/07\/abrir-com-hotmail-correo.html' target='_blank' title='hotmail'><img src='http:\/\/www.emiliosilveravazquez.com\/blog\/wp-content\/plugins\/knxdt-bookmarks-wordpress-plugin\/images\/linklove.png' alt='hotmail correo' class='book_img' border='none' style='margin:1px; padding: 0;' \/><\/a><\/span><span class='pushbutton'><a href='http:\/\/bitacoras.com\/votar\/anotacion\/externo\/mini\/www.emiliosilveravazquez.com\/blog\/2026\/03\/14\/si-existe-la-perfeccion-estara-en-la-naturaleza-3\/' title='Bitacoras.com' target='_blank' rel='nofollow'><img src='http:\/\/www.emiliosilveravazquez.com\/blog\/wp-content\/plugins\/knxdt-bookmarks-wordpress-plugin\/images\/bitacoras.png'  alt='' class='book_img' border='none' style='margin:1px; padding: 0;'  \/><\/a><\/span><span class='pushbutton'><a href='http:\/\/www.wikio.es\/vote?url=http%3A%2F%2Fwww.emiliosilveravazquez.com%2Fblog%2F2026%2F03%2F14%2Fsi-existe-la-perfeccion-estara-en-la-naturaleza-3%2F' title='Wikio' target='_blank' rel='nofollow'><img src='http:\/\/www.emiliosilveravazquez.com\/blog\/wp-content\/plugins\/knxdt-bookmarks-wordpress-plugin\/images\/wikio.png'   alt='' class='book_img' border='none' style='margin:1px; padding: 0;'   \/><\/a><\/span><span class='pushbutton'><a href='http:\/\/friendfeed.com\/?url=http%3A%2F%2Fwww.emiliosilveravazquez.com%2Fblog%2F2026%2F03%2F14%2Fsi-existe-la-perfeccion-estara-en-la-naturaleza-3%2F&amp;title=Si+existe+la+perfecci%C3%B3n%2C+estar%C3%A1+en+la+Naturaleza' title='Friend Feed' target='_blank' rel='nofollow'><img src='http:\/\/www.emiliosilveravazquez.com\/blog\/wp-content\/plugins\/knxdt-bookmarks-wordpress-plugin\/images\/friendfeed.png'  alt='' class='book_img' border='none' style='margin:1px; padding: 0;'  \/><\/a><\/span><span class='pushbutton'><a href='http:\/\/www.facebook.com\/share.php?u=http%3A%2F%2Fwww.emiliosilveravazquez.com%2Fblog%2F2026%2F03%2F14%2Fsi-existe-la-perfeccion-estara-en-la-naturaleza-3%2F&amp;t=Si+existe+la+perfecci%C3%B3n%2C+estar%C3%A1+en+la+Naturaleza' title='Facebook' target='_blank' rel='nofollow'><img src='http:\/\/www.emiliosilveravazquez.com\/blog\/wp-content\/plugins\/knxdt-bookmarks-wordpress-plugin\/images\/facebook.png'  alt='' class='book_img' border='none' style='margin:1px; padding: 0;'  \/><\/a><\/span><span class='pushbutton'><a href='http:\/\/twitter.com\/home?status=Si+existe+la+perfecci%C3%B3n%2C+estar%C3%A1+en+la+Naturaleza: http%3A%2F%2Fwww.emiliosilveravazquez.com%2Fblog%2F2026%2F03%2F14%2Fsi-existe-la-perfeccion-estara-en-la-naturaleza-3%2F' title='Twitter' target='_blank' rel='nofollow'><img src='http:\/\/www.emiliosilveravazquez.com\/blog\/wp-content\/plugins\/knxdt-bookmarks-wordpress-plugin\/images\/twitter.png'  alt='' class='book_img' border='none' style='margin:1px; padding: 0;'  \/><\/a><\/span><span class='pushbutton'><a href='http:\/\/www.feedburner.com\/fb\/a\/emailFlare?itemTitle=Si+existe+la+perfecci%C3%B3n%2C+estar%C3%A1+en+la+Naturaleza&amp;uri=http%3A%2F%2Fwww.emiliosilveravazquez.com%2Fblog%2F2026%2F03%2F14%2Fsi-existe-la-perfeccion-estara-en-la-naturaleza-3%2F' title='Enviar por Email' target='_blank' rel='nofollow'><img src='http:\/\/www.emiliosilveravazquez.com\/blog\/wp-content\/plugins\/knxdt-bookmarks-wordpress-plugin\/images\/email.png'  alt='' class='book_img' border='none' style='margin:1px; padding: 0;'  \/><\/a><\/span><span style='font-weight:bold; padding-left: 5px;'><a href='http:\/\/wordpress.org\/extend\/plugins\/knxdt-bookmarks-wordpress-plugin\/' title='Plugin' rel='nofollow' target='_blank'>[?]<\/a><\/span><\/td><\/tr><\/table><br\/><br\/><\/div>","protected":false},"excerpt":{"rendered":"<p>El Universo est\u00e1 construido seg\u00fan un plan cuya profunda simetr\u00eda est\u00e1 presente de alg\u00fan modo en la estructura interna de nuestro intelecto. Y, desde luego, si lo pensamos profundamente, tendremos que dar la raz\u00f3n a Paul Valery por tales pensamientos, ya que, la Mente Humana, alcanz\u00f3 cotas inimaginables. &nbsp; \u00a1Agua! El Universo est\u00e1 lleno de [&hellip;]<\/p>\n","protected":false},"author":2,"featured_media":0,"comment_status":"open","ping_status":"open","sticky":false,"template":"","format":"standard","meta":{"_s2mail":"","footnotes":""},"categories":[1],"tags":[],"_links":{"self":[{"href":"http:\/\/www.emiliosilveravazquez.com\/blog\/wp-json\/wp\/v2\/posts\/29902"}],"collection":[{"href":"http:\/\/www.emiliosilveravazquez.com\/blog\/wp-json\/wp\/v2\/posts"}],"about":[{"href":"http:\/\/www.emiliosilveravazquez.com\/blog\/wp-json\/wp\/v2\/types\/post"}],"author":[{"embeddable":true,"href":"http:\/\/www.emiliosilveravazquez.com\/blog\/wp-json\/wp\/v2\/users\/2"}],"replies":[{"embeddable":true,"href":"http:\/\/www.emiliosilveravazquez.com\/blog\/wp-json\/wp\/v2\/comments?post=29902"}],"version-history":[{"count":0,"href":"http:\/\/www.emiliosilveravazquez.com\/blog\/wp-json\/wp\/v2\/posts\/29902\/revisions"}],"wp:attachment":[{"href":"http:\/\/www.emiliosilveravazquez.com\/blog\/wp-json\/wp\/v2\/media?parent=29902"}],"wp:term":[{"taxonomy":"category","embeddable":true,"href":"http:\/\/www.emiliosilveravazquez.com\/blog\/wp-json\/wp\/v2\/categories?post=29902"},{"taxonomy":"post_tag","embeddable":true,"href":"http:\/\/www.emiliosilveravazquez.com\/blog\/wp-json\/wp\/v2\/tags?post=29902"}],"curies":[{"name":"wp","href":"https:\/\/api.w.org\/{rel}","templated":true}]}}