{"id":29887,"date":"2026-03-14T07:13:17","date_gmt":"2026-03-14T06:13:17","guid":{"rendered":"http:\/\/www.emiliosilveravazquez.com\/blog\/?p=29887"},"modified":"2026-03-14T07:13:49","modified_gmt":"2026-03-14T06:13:49","slug":"el-viaje-interminable-del-saber-2","status":"publish","type":"post","link":"http:\/\/www.emiliosilveravazquez.com\/blog\/2026\/03\/14\/el-viaje-interminable-del-saber-2\/","title":{"rendered":"El Viaje Interminable&#8230; \u00a1Para saber!"},"content":{"rendered":"<p style=\"text-align: right;\"><img decoding=\"async\" class=\"alignleft\" src=\"https:\/\/static.wixstatic.com\/media\/166941_435b1e7e71e54b4599bf7b85c8d19b58~mv2.jpg\/v1\/fill\/w_560,h_328,al_c,q_80,usm_0.66_1.00_0.01,enc_auto\/Milky_Way_Panorama_Longs_Peak_master_980.jpg\" alt=\"Milky Way Panorama and Longs Peak\" \/><\/p>\n<p style=\"text-align: justify;\">\u00a0 \u00a0 \u00a0 \u00a0 \u00a0 \u00a0 \u00a0 \u00a0 \u00a0 \u00a0<strong>\u00a0<\/strong><\/p>\n<p>&nbsp;<\/p>\n<p>&nbsp;<\/p>\n<p>&nbsp;<\/p>\n<p>&nbsp;<\/p>\n<p>&nbsp;<\/p>\n<p>&nbsp;<\/p>\n<p>&nbsp;<\/p>\n<p>&nbsp;<\/p>\n<p style=\"text-align: justify;\"><strong> \u00a0Milky Way Panorama and Longs Peak, Rocky Mountain National Park, Colorado<\/strong><\/p>\n<p style=\"text-align: justify;\">Desde nuestro peque\u00f1o mundo azul, situados en el lugar adecuado, podremos contemplar la inmensa V\u00eda L\u00e1ctea que nos alberga en un Sistema planetario donde, un Sol amarillo, es decir, una estrella corriente de la clase G2V, nos env\u00eda su luz y su calor para que, los seres vivos de la llamada Tierra, podamos continuar nuestra andadura por este peque\u00f1o mundo que nos cobija, y del que, desde tiempos inmemoriales, hemos podido obtener todo aquello que nos hizo falta para sobrevivir, no siempre en un ambiente agradable y placentero.<\/p>\n<p>&nbsp;<\/p>\n<p><img decoding=\"async\" src=\"https:\/\/pablobermudez.com\/wp-content\/uploads\/2020\/01\/image0-4.jpeg\" alt=\"Somos el universo contempl\u00e1ndose a s\u00ed mismo | Revoluci\u00f3n digital | blogs |  gestion.pe\" \/><\/p>\n<p style=\"text-align: justify;\">Como poder escenificar en nuestra Mente un super-c\u00famulo de glaxias que mide 520 millones de a\u00f1os luz de di\u00e1metro\u00a0(o unos 160 megap\u00e1rsecs). Esta inmensa estructura abarca cerca de 100,000 galaxias, se extiende a trav\u00e9s de 1017 masas solares y constituye aproximadamente el 0.4% del universo observable.<span class=\"uJ19be notranslate\" data-wiz-uids=\"FxtQuf_f,FxtQuf_g\" data-sfc-cb=\"\" data-processed=\"true\"><span class=\"vKEkVd\" data-animation-atomic=\"\" data-wiz-attrbind=\"class=FxtQuf_e\/TKHnVd\" data-processed=\"true\"><span aria-hidden=\"true\" data-processed=\"true\">\u00a0<\/span><\/span><\/span><\/p>\n<p style=\"text-align: justify;\">Hacer\u00a0 una reflexi\u00f3n profunda y cient\u00edficamente acertada de que las escalas del Universo son tan inmensas que desaf\u00edan la capacidad de comprensi\u00f3n intuitiva del ser humano.<\/p>\n<p style=\"text-align: right;\">\n<p style=\"text-align: justify;\">Pocas dudas nos pueden caber de que las dimensiones del Universo, sus escalas, no son Humanas. Nosotros comparado con nuestro propio mundo somos muy poca cosa, si lo hacemos en relaci\u00f3n a la V\u00eda L\u00e1ctea, somo menos que un grano de arena en el desierto, y, si es el Universo el objeto de comparaci\u00f3n&#8230; \u00a1Nuestra min\u00fascula figura en ese inmenso contexto, se perder\u00eda, incluso de la vista del telescopio m\u00e1s potente.<\/p>\n<p>&nbsp;<\/p>\n<p style=\"text-align: justify;\">\u00a0 \u00a0 \u00a0 \u00a0 \u00a0 \u00a0<img decoding=\"async\" loading=\"lazy\" src=\"http:\/\/ichef-1.bbci.co.uk\/news\/ws\/624\/amz\/worldservice\/live\/assets\/images\/2015\/04\/23\/150423093435_nasa_one_624x351_nasa_nocredit.jpg\" alt=\"Nasa\" width=\"624\" height=\"351\" data-highest-encountered-width=\"624\" \/><\/p>\n<p style=\"text-align: justify;\">Sin embargo, y a pesar de nuestra &#8220;hipot\u00e9tica&#8221; peque\u00f1ez, el Mundo, se nos ha quedado peque\u00f1o. Ya hace mucho tiempo desde que, nuestra especie, preparaba expediciones para conocer \u00e9ste o aquel rinc\u00f3n del planeta, no ha quedado ninguna regi\u00f3n por explorar y, el pie humano, ha pisado todos los terrenos firmes que imaginarnos podamos. S\u00f3lo nos queda la asignatura pendiente de los Abismos oce\u00e1nicos que, por falta de tecnolog\u00eda, nos son desconocidos y tambi\u00e9n las maravillas que all\u00ed se esconde.<\/p>\n<p>&nbsp;<\/p>\n<p style=\"text-align: right;\"><img decoding=\"async\" loading=\"lazy\" class=\"alignleft\" src=\"http:\/\/www.ufointernationalproject.com\/wp-content\/uploads\/2016\/05\/A1-7.jpg\" alt=\"A1\" width=\"640\" height=\"480\" \/><\/p>\n<p>&nbsp;<\/p>\n<p>&nbsp;<\/p>\n<p>&nbsp;<\/p>\n<p>&nbsp;<\/p>\n<p>&nbsp;<\/p>\n<p>&nbsp;<\/p>\n<p>&nbsp;<\/p>\n<p>&nbsp;<\/p>\n<p>&nbsp;<\/p>\n<p>&nbsp;<\/p>\n<p>&nbsp;<\/p>\n<p>&nbsp;<\/p>\n<p>&nbsp;<\/p>\n<p style=\"text-align: justify;\">Hemos llegado a saber con nuestros ingenios y conocimientos que, existen muchos mundos fuera de nuestro Sistema Solar, que la V\u00eda l\u00e1ctea que tiene m\u00e1s de cien mil millones de estrellas, contiene m\u00faltiples sistemas planetarios donde infinidad de mundos, pueden, como la Tierra, tener las condiciones precisas para albergar la Vida.<\/p>\n<p style=\"text-align: justify;\">Si tuvi\u00e9ramos una moderna nave espacial capacitada para recorrer la Galaxia, \u00bfQu\u00e9 ver\u00edamos?<\/p>\n<p>&nbsp;<\/p>\n<p style=\"text-align: right;\"><img decoding=\"async\" loading=\"lazy\" class=\"alignleft\" src=\"http:\/\/3.bp.blogspot.com\/-_iBEVuNliFE\/Ur9XdXYSSNI\/AAAAAAAALok\/eSoo0gj6WpY\/s1600\/virgin-galactic-viaje-espacial-aeropuerto-espacial.jpg\" alt=\"\" width=\"649\" height=\"285\" \/><\/p>\n<p>&nbsp;<\/p>\n<p>&nbsp;<\/p>\n<p>&nbsp;<\/p>\n<p>&nbsp;<\/p>\n<p>&nbsp;<\/p>\n<p>&nbsp;<\/p>\n<p>&nbsp;<\/p>\n<p>&nbsp;<\/p>\n<p style=\"text-align: justify;\">Pasado el Tiempo tendremos inmensos y modernos\u00a0 Puertos Espaciales desde los que despegar\u00e1n modernas naves de tecnolog\u00eda inalcanzable hoy, que nos podr\u00e1n llevar a efectuar recorridos de ensue\u00f1o.<\/p>\n<p>&nbsp;<\/p>\n<p style=\"text-align: justify;\"><img decoding=\"async\" loading=\"lazy\" class=\"\" src=\"http:\/\/3.bp.blogspot.com\/-2fMtFWUza3Q\/Ur-Jeh-_6AI\/AAAAAAAALrc\/R1BMwgdKHus\/s1600\/viajes-espaciales-puerto-espacial-america.jpg\" alt=\"\" width=\"588\" height=\"331\" \/><\/p>\n<p>&nbsp;<\/p>\n<p style=\"text-align: justify;\">No dentro de mucho tiempo, habr\u00e1n pasado los tiempos en los que, en peligrosos cohetes, hicimos aquellos primeros viajes hacia el espacio exterior, cuando salir del planeta Tierra era jugarse la vida, ya que, los combustibles empleados eran r\u00fasticos y peligrosos.<\/p>\n<p>&nbsp;<\/p>\n<p style=\"text-align: justify;\">\u00a0 \u00a0 \u00a0 \u00a0 \u00a0 \u00a0 \u00a0 \u00a0 \u00a0 \u00a0<img decoding=\"async\" loading=\"lazy\" class=\"\" src=\"http:\/\/1.bp.blogspot.com\/-rXnwUR0Fp98\/Ur94z_LLfGI\/AAAAAAAALqE\/to3rGQOuxl8\/s1600\/viajes-espaciales-descubre-tu-mundo.jpg\" alt=\"\" width=\"504\" height=\"234\" \/><\/p>\n<p style=\"text-align: justify;\">Visitar los planetas y lunas de nuestro entorno no ser\u00e1 ning\u00fan problema y, con los nuevos motores y sistemas de combusti\u00f3n, se habr\u00e1n acabado los largos viajes de meses, y, las naves, llevar\u00e1n sistemas de gravedad artificial que anular\u00e1 la ingravidez, el material del que estar\u00e1n hechas las naves, ser\u00e1 inteligente y se auto reparar\u00e1 cuando un micro-meteorito perfore el fuselaje.<\/p>\n<p>&nbsp;<\/p>\n<p style=\"text-align: justify;\">\u00a0 \u00a0 \u00a0 \u00a0 \u00a0 \u00a0 \u00a0 \u00a0 \u00a0 \u00a0 \u00a0 \u00a0 \u00a0 \u00a0 \u00a0 \u00a0 \u00a0 \u00a0 \u00a0 \u00a0 \u00a0 <img decoding=\"async\" loading=\"lazy\" class=\"\" src=\"https:\/\/i.ytimg.com\/vi\/1YjswrHzEu8\/maxresdefault.jpg\" alt=\"TOP: Las 10 Nebulosas mas hermosas del Universo\" width=\"756\" height=\"425\" \/><\/p>\n<p>&nbsp;<\/p>\n<p style=\"text-align: justify;\">Entonces s\u00ed, podremos acercarnos a las hermosas Nebulosas planetarias y, a pesar de su fuerte radiaci\u00f3n, no sufriremos da\u00f1o, la nave estar\u00e1 provista de escudos electromagn\u00e9ticos impenetrables. Podremos ver a ojo desnudo las estrellas enanas blancas que llevan en su interior.<\/p>\n<p>&nbsp;<\/p>\n<p style=\"text-align: justify;\">\u00a0 \u00a0 \u00a0 \u00a0 <img decoding=\"async\" src=\"http:\/\/www.shurya.com\/wp-content\/uploads\/2014\/01\/mundos-paralelos-630x280.jpg\" alt=\"\" \/><\/p>\n<p style=\"text-align: justify;\">De la misma manera podremos acercarnos a lugares tan bellos como este y contemplar, maravillados como (dejando ah\u00ed los aparatos adecuados de toma de datos y grabaci\u00f3n) a partir del gas y el polvo pueden surgir nuevas estrellas o nuevos mundos, y, con el tiempo, nuevas formas de vida.<\/p>\n<p>&nbsp;<\/p>\n<p><img decoding=\"async\" loading=\"lazy\" id=\"imagenprincipal\" title=\"La Nebulosa del Capullo desde CFHT\" src=\"http:\/\/antwrp.gsfc.nasa.gov\/apod\/image\/0801\/cocoon_cfht.jpg\" alt=\"La Nebulosa del Capullo desde CFHT\" width=\"640\" height=\"480\" \/><\/p>\n<p style=\"text-align: justify;\">Lugares como este que sobrepasa todo aquello que podamos imaginar, nos har\u00eda pensar y preguntarnos:<\/p>\n<p style=\"text-align: justify;\">\u00bfQui\u00e9n sabe como podr\u00eda ser aquella Nebulosa de la que surgi\u00f3 el Sistema Solar? \u00bfSer\u00eda como \u00e9sta que llaman, por su forma f\u00edsica, del Capullo? Algunas veces me da que pensar nuestra presencia aqu\u00ed, en el planeta Tierra y, con la imaginaci\u00f3n, viajo hacia muy atr\u00e1s en el tiempo, \u201cveo\u201d una estrella masiva que, llegado al final de su ciclo en la secuencia principal, expulsa sus capas exteriores de materia al espacio interestelar que, en ese momento, ha sido sembrado del gas y el polvo del que, millones, o miles de millones de a\u00f1os m\u00e1s tarde, surgir\u00eda nuestro Sistema Solar.<\/p>\n<p>&nbsp;<\/p>\n<p><img decoding=\"async\" loading=\"lazy\" class=\"\" src=\"https:\/\/c.files.bbci.co.uk\/14244\/production\/_115100528_gettyimages-1195715936.jpg\" alt=\"El cerebro es la estructura m\u00e1s compleja y enigm\u00e1tica en el universo.  Contiene m\u00e1s neuronas que las estrellas existentes en la galaxia&quot; - BBC  News Mundo\" width=\"640\" height=\"360\" \/><\/p>\n<p style=\"text-align: justify;\">\n<div id=\"rg_hx\">\n<p><strong>\u00a0 \u00a0 \u00a0 \u00a0 \u00a0 \u00a0Nuestros cerebros pueden ser las &#8220;m\u00e1quinas&#8221; m\u00e1s complejas del Universo<\/strong><\/p>\n<p>Conexiones sin fin, un entramado de nervios y neuronas que sobrepasa todo lo que pod\u00edamos imaginar<\/p>\n<\/div>\n<p>&nbsp;<\/p>\n<p><img decoding=\"async\" src=\"https:\/\/media.istockphoto.com\/id\/2162090752\/es\/foto\/neuronas-de-disparo.jpg?s=612x612&amp;w=0&amp;k=20&amp;c=KEo2UBnH-s_wUXvqICCsge3vJzxH-C0hoC-d6Fdk7gs=\" alt=\"300+ Sinapsis Excitatoria Fotograf\u00edas de stock, fotos e ...\" \/><img decoding=\"async\" loading=\"lazy\" class=\"\" src=\"https:\/\/www.shutterstock.com\/image-illustration\/illustration-neurons-highlighting-their-complex-260nw-2651400943.jpg\" alt=\"22 mil resultados de im\u00e1genes, fotos de stock e ...\" width=\"609\" height=\"375\" \/><\/p>\n<p>&nbsp;<\/p>\n<p style=\"text-align: justify;\"><strong>Si cont\u00e1ramos una sina<a href=\"http:\/\/www.emiliosilveravazquez.com\/blog\/2016\/03\/07\/%C2%A1las-nebulosas-mucho-mas-que-simple-gas-y-polvo-3\/#\"><a href=\"#\" onclick=\"referencia('psi',event); return false;\">psi<\/a><\/a>s cada segundo, tardar\u00edamos 32 millones de a\u00f1os en hacer el recuento. Si consideramos el n\u00famero posible de circuitos neuronales, tenemos que hab\u00e9rnosla con cifras hiper-astron\u00f3micas: 10 seguido de al menos un mill\u00f3n de ceros<\/strong> (En comparaci\u00f3n con el n\u00famero de part\u00edculas del universo conocido que asciende a \u201ctan s\u00f3lo\u201d 10<sup>79 <\/sup>es decir, es el n\u00famero conocido como N<sub>Edd<\/sub> (N\u00famero de Eddintong), el Universo se quedar\u00e1 peque\u00f1o comparado con lo que nosotros llevamos dentro y podemos llegar a ser a pesar de nuestra enga\u00f1osa peque\u00f1ez.<\/p>\n<p style=\"text-align: justify;\">Precisamente por eso, alguna vez he dicho aqu\u00ed: &#8220;Nuestros cerebros (no importa el tama\u00f1o), viene a ser (en sentido gigurado) tan <strong>&#8220;grande&#8221;<\/strong> y complejo como el Universo mismo que lo cre\u00f3.<\/p>\n<blockquote>\n<p style=\"text-align: justify;\"><strong>EmilioSEilvera V.<\/strong><\/p>\n<\/blockquote>\n<div class='bookmark'>\r\n\t\t<table align='left' border='0' cellpadding='0' width='100%'>\r\n\t\t<tr><td><span class='pushbutton'><a href='http:\/\/delicious.com\/post?url=http%3A%2F%2Fwww.emiliosilveravazquez.com%2Fblog%2F2026%2F03%2F14%2Fel-viaje-interminable-del-saber-2%2F&amp;title=El+Viaje+Interminable%26%238230%3B+%C2%A1Para+saber%21' title='Delicious' target='_blank' rel='nofollow'><img src='http:\/\/www.emiliosilveravazquez.com\/blog\/wp-content\/plugins\/knxdt-bookmarks-wordpress-plugin\/images\/delicious.png'  alt='' class='book_img' border='none' style='margin:1px; padding: 0;'  \/><\/a><\/span><span class='pushbutton'><a href='http:\/\/digg.com\/submit?url=http%3A%2F%2Fwww.emiliosilveravazquez.com%2Fblog%2F2026%2F03%2F14%2Fel-viaje-interminable-del-saber-2%2F&amp;title=El+Viaje+Interminable%26%238230%3B+%C2%A1Para+saber%21' title='Digg' target='_blank' rel='nofollow'><img src='http:\/\/www.emiliosilveravazquez.com\/blog\/wp-content\/plugins\/knxdt-bookmarks-wordpress-plugin\/images\/digg.png'  alt='' class='book_img' border='none' style='margin:1px; padding: 0;'  \/><\/a><\/span><span class='pushbutton'><a href='http:\/\/www.google.com\/bookmarks\/mark?op=edit&amp;bkmk=http%3A%2F%2Fwww.emiliosilveravazquez.com%2Fblog%2F2026%2F03%2F14%2Fel-viaje-interminable-del-saber-2%2F&amp;title=El+Viaje+Interminable%26%238230%3B+%C2%A1Para+saber%21' title='Google' target='_blank' rel='nofollow'><img src='http:\/\/www.emiliosilveravazquez.com\/blog\/wp-content\/plugins\/knxdt-bookmarks-wordpress-plugin\/images\/google.png'   alt='' class='book_img' border='none' style='margin:1px; padding: 0;'  \/><\/a><\/span><span class='pushbutton'><a href='http:\/\/myweb2.search.yahoo.com\/myresults\/bookmarklet?u=http%3A%2F%2Fwww.emiliosilveravazquez.com%2Fblog%2F2026%2F03%2F14%2Fel-viaje-interminable-del-saber-2%2F&amp;t=El+Viaje+Interminable%26%238230%3B+%C2%A1Para+saber%21' title='Yahoo' target='_blank' rel='nofollow'><img src='http:\/\/www.emiliosilveravazquez.com\/blog\/wp-content\/plugins\/knxdt-bookmarks-wordpress-plugin\/images\/yahoo.png'  alt='' class='book_img' border='none' style='margin:1px; padding: 0;'  \/><\/a><\/span><span class='pushbutton'><a href='http:\/\/www.technorati.com\/faves?add=http%3A%2F%2Fwww.emiliosilveravazquez.com%2Fblog%2F2026%2F03%2F14%2Fel-viaje-interminable-del-saber-2%2F' title='Technorati' target='_blank' rel='nofollow'><img src='http:\/\/www.emiliosilveravazquez.com\/blog\/wp-content\/plugins\/knxdt-bookmarks-wordpress-plugin\/images\/technorati.png'  alt='' class='book_img' border='none' style='margin:1px; padding: 0;'  \/><\/a><\/span><span class='pushbutton'><a href='http:\/\/meneame.net\/submit.php?url=http%3A%2F%2Fwww.emiliosilveravazquez.com%2Fblog%2F2026%2F03%2F14%2Fel-viaje-interminable-del-saber-2%2F' title='Meneame' target='_blank' rel='nofollow'><img src='http:\/\/www.emiliosilveravazquez.com\/blog\/wp-content\/plugins\/knxdt-bookmarks-wordpress-plugin\/images\/meneame.png'  alt='' class='book_img' border='none' style='margin:1px; padding: 0;'  \/><\/a><\/span><span class='pushbutton'><a href='http:\/\/enchilame.com\/submit.php?url=http:\/\/www.emiliosilveravazquez.com\/blog\/2026\/03\/14\/el-viaje-interminable-del-saber-2\/' target='_blank' rel='nofollow'><img title='Enchilame' src='http:\/\/www.emiliosilveravazquez.com\/blog\/wp-content\/plugins\/knxdt-bookmarks-wordpress-plugin\/images\/enchilame.png'  alt='' class='book_img' border='none' style='margin:1px; padding: 0;'  \/><\/a><\/span><span class='pushbutton'><a href='http:\/\/www.blinklist.com\/index.php?Action=Blink\/addblink.php&amp;Description=&amp;Url=http%3A%2F%2Fwww.emiliosilveravazquez.com%2Fblog%2F2026%2F03%2F14%2Fel-viaje-interminable-del-saber-2%2F&amp;title=El+Viaje+Interminable%26%238230%3B+%C2%A1Para+saber%21' title='BlinkList' target='_blank' rel='nofollow'><img src='http:\/\/www.emiliosilveravazquez.com\/blog\/wp-content\/plugins\/knxdt-bookmarks-wordpress-plugin\/images\/blinklist.png'  alt='' class='book_img' border='none' style='margin:1px; padding: 0;'  \/><\/a><\/span><span class='pushbutton'><a href='http:\/\/reddit.com\/submit?url=http%3A%2F%2Fwww.emiliosilveravazquez.com%2Fblog%2F2026%2F03%2F14%2Fel-viaje-interminable-del-saber-2%2F&amp;title=El+Viaje+Interminable%26%238230%3B+%C2%A1Para+saber%21' title='Reddit' target='_blank' rel='nofollow'><img src='http:\/\/www.emiliosilveravazquez.com\/blog\/wp-content\/plugins\/knxdt-bookmarks-wordpress-plugin\/images\/reddit.png'  alt='' class='book_img' border='none' style='margin:1px; padding: 0;'  \/><\/a><\/span><span class='pushbutton'><a href='http:\/\/www.tecnologiadiaria.com\/2009\/07\/abrir-com-hotmail-correo.html' target='_blank' title='hotmail'><img src='http:\/\/www.emiliosilveravazquez.com\/blog\/wp-content\/plugins\/knxdt-bookmarks-wordpress-plugin\/images\/linklove.png' alt='hotmail correo' class='book_img' border='none' style='margin:1px; padding: 0;' \/><\/a><\/span><span class='pushbutton'><a href='http:\/\/bitacoras.com\/votar\/anotacion\/externo\/mini\/www.emiliosilveravazquez.com\/blog\/2026\/03\/14\/el-viaje-interminable-del-saber-2\/' title='Bitacoras.com' target='_blank' rel='nofollow'><img src='http:\/\/www.emiliosilveravazquez.com\/blog\/wp-content\/plugins\/knxdt-bookmarks-wordpress-plugin\/images\/bitacoras.png'  alt='' class='book_img' border='none' style='margin:1px; padding: 0;'  \/><\/a><\/span><span class='pushbutton'><a href='http:\/\/www.wikio.es\/vote?url=http%3A%2F%2Fwww.emiliosilveravazquez.com%2Fblog%2F2026%2F03%2F14%2Fel-viaje-interminable-del-saber-2%2F' title='Wikio' target='_blank' rel='nofollow'><img src='http:\/\/www.emiliosilveravazquez.com\/blog\/wp-content\/plugins\/knxdt-bookmarks-wordpress-plugin\/images\/wikio.png'   alt='' class='book_img' border='none' style='margin:1px; padding: 0;'   \/><\/a><\/span><span class='pushbutton'><a href='http:\/\/friendfeed.com\/?url=http%3A%2F%2Fwww.emiliosilveravazquez.com%2Fblog%2F2026%2F03%2F14%2Fel-viaje-interminable-del-saber-2%2F&amp;title=El+Viaje+Interminable%26%238230%3B+%C2%A1Para+saber%21' title='Friend Feed' target='_blank' rel='nofollow'><img src='http:\/\/www.emiliosilveravazquez.com\/blog\/wp-content\/plugins\/knxdt-bookmarks-wordpress-plugin\/images\/friendfeed.png'  alt='' class='book_img' border='none' style='margin:1px; padding: 0;'  \/><\/a><\/span><span class='pushbutton'><a href='http:\/\/www.facebook.com\/share.php?u=http%3A%2F%2Fwww.emiliosilveravazquez.com%2Fblog%2F2026%2F03%2F14%2Fel-viaje-interminable-del-saber-2%2F&amp;t=El+Viaje+Interminable%26%238230%3B+%C2%A1Para+saber%21' title='Facebook' target='_blank' rel='nofollow'><img src='http:\/\/www.emiliosilveravazquez.com\/blog\/wp-content\/plugins\/knxdt-bookmarks-wordpress-plugin\/images\/facebook.png'  alt='' class='book_img' border='none' style='margin:1px; padding: 0;'  \/><\/a><\/span><span class='pushbutton'><a href='http:\/\/twitter.com\/home?status=El+Viaje+Interminable%26%238230%3B+%C2%A1Para+saber%21: http%3A%2F%2Fwww.emiliosilveravazquez.com%2Fblog%2F2026%2F03%2F14%2Fel-viaje-interminable-del-saber-2%2F' title='Twitter' target='_blank' rel='nofollow'><img src='http:\/\/www.emiliosilveravazquez.com\/blog\/wp-content\/plugins\/knxdt-bookmarks-wordpress-plugin\/images\/twitter.png'  alt='' class='book_img' border='none' style='margin:1px; padding: 0;'  \/><\/a><\/span><span class='pushbutton'><a href='http:\/\/www.feedburner.com\/fb\/a\/emailFlare?itemTitle=El+Viaje+Interminable%26%238230%3B+%C2%A1Para+saber%21&amp;uri=http%3A%2F%2Fwww.emiliosilveravazquez.com%2Fblog%2F2026%2F03%2F14%2Fel-viaje-interminable-del-saber-2%2F' title='Enviar por Email' target='_blank' rel='nofollow'><img src='http:\/\/www.emiliosilveravazquez.com\/blog\/wp-content\/plugins\/knxdt-bookmarks-wordpress-plugin\/images\/email.png'  alt='' class='book_img' border='none' style='margin:1px; padding: 0;'  \/><\/a><\/span><span style='font-weight:bold; padding-left: 5px;'><a href='http:\/\/wordpress.org\/extend\/plugins\/knxdt-bookmarks-wordpress-plugin\/' title='Plugin' rel='nofollow' target='_blank'>[?]<\/a><\/span><\/td><\/tr><\/table><br\/><br\/><\/div>","protected":false},"excerpt":{"rendered":"<p>\u00a0 \u00a0 \u00a0 \u00a0 \u00a0 \u00a0 \u00a0 \u00a0 \u00a0 \u00a0\u00a0 &nbsp; &nbsp; &nbsp; &nbsp; &nbsp; &nbsp; &nbsp; &nbsp; \u00a0Milky Way Panorama and Longs Peak, Rocky Mountain National Park, Colorado Desde nuestro peque\u00f1o mundo azul, situados en el lugar adecuado, podremos contemplar la inmensa V\u00eda L\u00e1ctea que nos alberga en un Sistema planetario donde, un Sol [&hellip;]<\/p>\n","protected":false},"author":2,"featured_media":0,"comment_status":"open","ping_status":"open","sticky":false,"template":"","format":"standard","meta":{"_s2mail":"","footnotes":""},"categories":[1],"tags":[],"_links":{"self":[{"href":"http:\/\/www.emiliosilveravazquez.com\/blog\/wp-json\/wp\/v2\/posts\/29887"}],"collection":[{"href":"http:\/\/www.emiliosilveravazquez.com\/blog\/wp-json\/wp\/v2\/posts"}],"about":[{"href":"http:\/\/www.emiliosilveravazquez.com\/blog\/wp-json\/wp\/v2\/types\/post"}],"author":[{"embeddable":true,"href":"http:\/\/www.emiliosilveravazquez.com\/blog\/wp-json\/wp\/v2\/users\/2"}],"replies":[{"embeddable":true,"href":"http:\/\/www.emiliosilveravazquez.com\/blog\/wp-json\/wp\/v2\/comments?post=29887"}],"version-history":[{"count":0,"href":"http:\/\/www.emiliosilveravazquez.com\/blog\/wp-json\/wp\/v2\/posts\/29887\/revisions"}],"wp:attachment":[{"href":"http:\/\/www.emiliosilveravazquez.com\/blog\/wp-json\/wp\/v2\/media?parent=29887"}],"wp:term":[{"taxonomy":"category","embeddable":true,"href":"http:\/\/www.emiliosilveravazquez.com\/blog\/wp-json\/wp\/v2\/categories?post=29887"},{"taxonomy":"post_tag","embeddable":true,"href":"http:\/\/www.emiliosilveravazquez.com\/blog\/wp-json\/wp\/v2\/tags?post=29887"}],"curies":[{"name":"wp","href":"https:\/\/api.w.org\/{rel}","templated":true}]}}