{"id":29754,"date":"2023-02-20T08:04:58","date_gmt":"2023-02-20T07:04:58","guid":{"rendered":"http:\/\/www.emiliosilveravazquez.com\/blog\/?p=29754"},"modified":"2023-02-20T08:04:58","modified_gmt":"2023-02-20T07:04:58","slug":"nuestro-futuro-quien-puede-saberlo","status":"publish","type":"post","link":"http:\/\/www.emiliosilveravazquez.com\/blog\/2023\/02\/20\/nuestro-futuro-quien-puede-saberlo\/","title":{"rendered":"\u00bfNuestro Futuro? \u00bfQui\u00e9n puede saberlo?"},"content":{"rendered":"<div>\n<h2>\u00a0 <a href=\"http:\/\/www.emiliosilveravazquez.com\/blog\/2013\/03\/28\/la-familia-de-la-tierra-y-nosotros\/\" rel=\"prev\">La familia de la Tierra\u2026 Y, nosotros.<\/a><\/h2>\n<\/div>\n<div style=\"text-align: justify;\">\n<div><a href=\"http:\/\/www.emiliosilveravazquez.com\/blog\/2013\/03\/29\/superconductividad\/\" rel=\"next\">Superconductividad<\/a><\/div>\n<\/div>\n<p>&nbsp;<\/p>\n<p><img decoding=\"async\" loading=\"lazy\" class=\"\" src=\"https:\/\/www.wesign.it\/uploads\/images\/742\/5745b956a7021.jpg\" alt=\"El Futuro de la Humanidad depende del Oc\u00e9ano - We Sign It\" width=\"502\" height=\"263\" \/><\/p>\n<p style=\"text-align: justify;\"><strong>Podemos imaginar, hacer conjeturas, idear escenarios que podr\u00edan ser&#8230; Pero saber a ciencia cierta lo que nos espera&#8230; \u00a1Nunca lo sabremos! Estamos inmersos en un Universo impredecible, cualquier cosa que podamos imaginar podr\u00eda ser. Y, lo curioso del caso es que, en una peque\u00f1a parte, nosotros tenemos en nuestras manos ese destino, si la Naturaleza no interviene, de nosotros depender\u00e1.<\/strong><\/p>\n<p>&nbsp;<\/p>\n<p><strong><img decoding=\"async\" loading=\"lazy\" class=\"\" src=\"https:\/\/imagenes.razon.com.mx\/files\/image_940_470\/uploads\/2020\/08\/18\/5f3c9af684ce8.png\" alt=\"Apocalipsis est\u00e1 cerca? Cient\u00edfico calcula c\u00f3mo y cu\u00e1ndo ser\u00e1 el fin del mundo\" width=\"333\" height=\"167\" \/><img decoding=\"async\" loading=\"lazy\" class=\"\" src=\"https:\/\/www.portalautomotriz.com\/sites\/portalautomotriz.com\/files\/styles\/pa3_modal\/public\/media\/photos\/a1_30.jpg?itok=s5P0qQ0q\" alt=\"As\u00ed ser\u00e1 el mundo del futuro\" width=\"294\" height=\"166\" \/><\/strong><\/p>\n<p><strong>\u00a0 \u00a0 \u00a0 \u00a0 \u00a0 \u00a0 \u00a0 \u00a0 \u00a0 \u00a0 \u00a0 \u00a0 \u00a0 \u00a0 \u00a0 \u00a0 \u00a0 \u00a0 Las dos versiones podr\u00edan ser cierta<\/strong><\/p>\n<p>&nbsp;<\/p>\n<p><img decoding=\"async\" loading=\"lazy\" class=\"\" src=\"https:\/\/hips.hearstapps.com\/hmg-prod.s3.amazonaws.com\/images\/gettyimages-robot-1581933013.jpg\" alt=\"C\u00f3mo afectar\u00e1 la llegada de robots al mercado laboral?\" width=\"331\" height=\"222\" \/><img decoding=\"async\" loading=\"lazy\" class=\"\" src=\"https:\/\/www.telecubanacan.icrt.cu\/wp-content\/uploads\/2022\/12\/robot-obrero.jpg\" alt=\"El tecno-mundo del futuro - Telecubanac\u00e1n\" width=\"405\" height=\"221\" \/><\/p>\n<p><strong>\u00a0 \u00a0 \u00a0 \u00a0 \u00a0 \u00a0 \u00a0 \u00a0Estaremos inmersos en un mundo de Robots dentro de 200 a\u00f1os<\/strong><\/p>\n<p>&nbsp;<\/p>\n<p><img decoding=\"async\" loading=\"lazy\" class=\"\" src=\"https:\/\/estaticos-cdn.prensaiberica.es\/clip\/74279b6a-9e77-400b-822b-82ace6076eba_16-9-discover-aspect-ratio_default_0.jpg\" alt=\"El futuro de la humanidad est\u00e1 en el espacio, ya sea en islas o en otros planetas - Levante-EMV\" width=\"351\" height=\"197\" \/><img decoding=\"async\" loading=\"lazy\" class=\"\" src=\"https:\/\/imagenes.20minutos.es\/files\/og_thumbnail\/uploads\/imagenes\/2021\/05\/25\/bebe-en-el-espacio.jpeg\" alt=\"Cu\u00e1ndo veremos el nacimiento de un beb\u00e9 en el espacio? (Spoiler: ser\u00e1 m\u00e1s pronto de lo que crees)\" width=\"350\" height=\"197\" \/><\/p>\n<p><strong>\u00a0 \u00a0Tambi\u00e9n podr\u00eda ser que, para dentro de 500 a\u00f1os estemos realmente en el Espacio<\/strong><\/p>\n<p style=\"text-align: justify;\">Bueno, lo cierto es que s\u00ed, que tenemos reservado un destino que, por lo que a m\u00ed concierne, prefiero no pensar en \u00e9l y seguir elucubrando sobre lo que podemos y no podemos hacer y aprender mientras estemos por aqu\u00ed. Muchas son las cosas desconocidas que est\u00e1n a\u00fan en el futuro no nacido y que vendr\u00e1n queramos o no. Otras, s\u00ed nos son conocidas pero no queremos pensar en ellas para que nos fastidie la digesti\u00f3n. Sabemos de la muerte del Sol un d\u00eda muy lejano, de que nos visitar\u00e1 Andr\u00f3meda, la mayor galaxia del Grupo Local, de que, probablemente, antes de dos mil millones de a\u00f1os, la Tierra pueda no estar en la Zona habitable y, si seguimos buscando&#8230;<\/p>\n<p>&nbsp;<\/p>\n<p><img decoding=\"async\" src=\"https:\/\/marcianosmx.com\/wp-content\/uploads\/2012\/12\/choque_galaxias_500.gif\" alt=\"Choque entre la V\u00eda L\u00e1ctea y Andr\u00f3meda - Marcianos\" \/><\/p>\n<p>&nbsp;<\/p>\n<p style=\"text-align: justify;\">Lo mejor ser\u00e1 que continuemos con nuestra incansable b\u00fasqueda de respuestas para poder saber (si eso llega alg\u00fan d\u00eda a ser posible), como escapar a los fen\u00f3menos naturales que se nos vienen encima con el paso del inexorable transcurrir del Tiempo.<\/p>\n<p>&nbsp;<\/p>\n<div>\n<p style=\"text-align: justify;\">\u00a0 \u00a0 \u00a0 \u00a0 \u00a0 \u00a0 \u00a0 \u00a0 \u00a0 \u00a0<img decoding=\"async\" loading=\"lazy\" class=\"\" src=\"http:\/\/3.bp.blogspot.com\/_Tb-Pi1ROtjg\/S9hyyEcsQUI\/AAAAAAAAB-8\/d51C7HlOMzM\/s1600\/hubble2010-3.jpg\" alt=\"\" width=\"551\" height=\"375\" \/><\/p>\n<p style=\"text-align: justify;\">Dentro de la nebulosa Quilla se encuentra la &#8220;<strong>Monta\u00f1a M\u00edstica<\/strong>&#8220;.\u00a0Este pin\u00e1culo c\u00f3smico de tres a\u00f1os luz de altura, fotografiado por la c\u00e1mara de campo amplio del telescopio espacial <a href=\"#\" onclick=\"referencia('hubble',event); return false;\">Hubble<\/a> 3 en 2010, est\u00e1 compuesto principalmente de polvo y gas, y muestra una gran actividad de formaci\u00f3n estelar. Los colores de esta imagen compuesta corresponden a ox\u00edgeno (azul), hidr\u00f3geno y nitr\u00f3geno (verde) y azufre (rojo).<\/p>\n<\/div>\n<p>&nbsp;<\/p>\n<p><img decoding=\"async\" src=\"https:\/\/1.bp.blogspot.com\/-XUeLLrgIUUE\/U6cujb-XDiI\/AAAAAAAAALw\/vh5vPxugNoI\/s1600\/Percebimento.jpg\" alt=\"El Universo se expande, la Mente tambi\u00e9n I : Blog de Emilio Silvera V.\" \/><\/p>\n<div>\n<p style=\"text-align: justify;\">S\u00ed, todo el universo infinito est\u00e1 dentro de nuestras Mentes, all\u00ed debemos buscar para llegar a comprender. Arriba, en esa Nebulosa inmensa y maravillosa (como en otras muchas de la nuestra y otras galaxias) se forjan las nuevas estrellas y los mundos nuevos, y, en ellos, surgen formas de vida que, algunas veces, son portadoras de mentes privilegiadas que llegan a tener Conciencia de SER.<\/p>\n<p>&nbsp;<\/p>\n<p>&nbsp;<\/p>\n<p>&nbsp;<\/p>\n<p><img decoding=\"async\" src=\"https:\/\/lamenteesmaravillosa.com\/wp-content\/uploads\/2016\/07\/mente-humana-420x315.jpg\" alt=\"9 datos curiosos acerca de tu mente - La Mente es Maravillosa\" \/><\/p>\n<p>&nbsp;<\/p>\n<p style=\"text-align: justify;\">Claro que, para poder llegar a entender lo que la Conciencia es, ser\u00eda preciso que entendi\u00e9ramos primero como funcionan nuestros cerebros: su arquitectura, su desarrollo y sus m\u00faltiples funciones din\u00e1micas que son posible gracias a sus caracter\u00edsticas m\u00e1s importantes, tales como, su organizaci\u00f3n anat\u00f3mica y la notable din\u00e1mica que genera y, aunque insuficiente, esta pincelada, esta imagen, este conocimiento es necesario para poder llegar a comprender de qu\u00e9 manera llega a surgir la Conciencia.<\/p>\n<\/div>\n<p>&nbsp;<\/p>\n<p>&nbsp;<\/p>\n<p><iframe loading=\"lazy\" title=\"Mecanismos Moleculares de la Funci\u00f3n Sin\u00e1ptica | HHMI BioInteractive Video\" width=\"500\" height=\"281\" src=\"https:\/\/www.youtube.com\/embed\/1i8TrKksyv4?feature=oembed\" frameborder=\"0\" allow=\"accelerometer; autoplay; clipboard-write; encrypted-media; gyroscope; picture-in-picture; web-share\" allowfullscreen><\/iframe><\/p>\n<div>\n<p style=\"text-align: justify;\">\u00a0Nuestro Cerebro Contiene cerca de 100 mil millones de Neuronas y unos 100 trillones (es <img decoding=\"async\" loading=\"lazy\" title=\"red neuronal y la ley de atracci\u00f3n\" src=\"http:\/\/www.secreto-subliminal.com\/web_images\/redneuronal.jpg\" alt=\"red neuronal y la ley de atracci\u00f3n\" width=\"174\" height=\"172\" align=\"left\" \/>decir 100 millones de millones) de conexiones entre ellas, Esto destaca la posibilidad de que Podemos reconfigurar Nuestros Pensamientos Y Emociones Para Ser Co-Creadores de Nuestra Propia Vida Usando el Inmenso Poder de La Mente<\/p>\n<p style=\"text-align: justify;\">\u00a1Cien mil millones de Neuronas! Tantas como estrella tiene la V\u00eda L\u00e1ctea. Conexiones a cientos de miles que procesan la informaci\u00f3n. La actividad el\u00e9ctrica del cerebro es objeto de muchos estudios e investigaciones que, por ejemplo, intentan interpretar las ondas cerebrales para saber de los mecanismos de nuestras mentes que, est\u00e1n clasificados entre los secretos m\u00e1s complejos del Universo.<\/p>\n<p style=\"text-align: justify;\">Nuestro cerebro se encuentra entre los objetos m\u00e1s complicados del universo y es sin duda una de las estructuras m\u00e1s notables que haya producido la evoluci\u00f3n. Hace tiempo ya que llegamos a comprender que el cerebro era necesario para para la percepci\u00f3n, los sentimientos y los pensamientos. Lo que es menos obvio es que la conciencia se encuentre causalmente asociada a ciertos procesos cerebrales pero no a otros.<\/p>\n<p style=\"text-align: justify;\"><img decoding=\"async\" title=\"M\u00e1s...\" src=\"http:\/\/www.emiliosilveravazquez.com\/blog\/wp-includes\/js\/tinymce\/plugins\/wordpress\/img\/trans.gif\" alt=\"\" \/><\/p>\n<\/div>\n<p><iframe loading=\"lazy\" title=\"La sinapsis como nunca la hab\u00edas visto\" width=\"500\" height=\"281\" src=\"https:\/\/www.youtube.com\/embed\/B5X1JDzUrcM?feature=oembed\" frameborder=\"0\" allow=\"accelerometer; autoplay; clipboard-write; encrypted-media; gyroscope; picture-in-picture; web-share\" allowfullscreen><\/iframe><\/p>\n<blockquote>\n<p style=\"text-align: justify;\"><strong>&#8220;Lo que veis al principio del v\u00eddeo es un <a href=\"https:\/\/es.wikipedia.org\/wiki\/Botones_terminales\" target=\"_blank\" rel=\"noopener\">bot\u00f3n sin\u00e1ptico<\/a>, lo que se encuentra en el extremo del ax\u00f3n que conecta con otra neurona. Los puntitos de colores que aparecen por toda su superficie y tambi\u00e9n dentro del bot\u00f3n (cuando vemos el corte longitudinal) son las\u00a0prote\u00ednas y l\u00edpidos que intervienen en el proceso. La novedad es que los cient\u00edficos han podido echar la cuenta y observan que intervienen\u00a0miles de prote\u00ednas en cada bot\u00f3n. Dentro de esta estructura, los neurotransmisores &#8211; grupos de mol\u00e9culas espec\u00edficas que regulan el funcionamiento del sistema nervioso (lo excitan, lo apagan, etc.) &#8211; se agrupan en peque\u00f1os paquetes llamados ves\u00edculas. Cuando la neurona se excita y la se\u00f1al llega hasta el extremo del ax\u00f3n, algunas ves\u00edculas se mueven hasta el extremo del bulbo y vierten al exterior su neurotransmisor. Las mol\u00e9culas pasan al otro lado y disparan una reacci\u00f3n.&#8221;<\/strong><\/p>\n<\/blockquote>\n<div>\n<p style=\"text-align: justify;\">En tanto que objeto y sistema, el cerebro humano es especial: su conectividad y su din\u00e1mica, su forma de funcionamiento, su relaci\u00f3n con el cuerpo y con el mundo que le rodea, no se parece a nada que la ciencia conozca. Su ca\u00e1cter \u00fanico hace que el ofrecer una imagen del cerebro se convierta en una empresa extraordinaria y en un reto dif\u00edcil de vencer y, aunque todav\u00eda estamos lejos de ofrecer una imagen completa (una imagen parcial siempre ser\u00e1 mejor que nada), s\u00ed podemos dar una cierta informaci\u00f3n como para poder llegar a generar una teor\u00eda satisfactoria de la Conciencia.<\/p>\n<\/div>\n<p>&nbsp;<\/p>\n<p><img decoding=\"async\" loading=\"lazy\" class=\"\" src=\"https:\/\/www.unotv.com\/uploads\/2020\/10\/still28-conciencia-getty-01.jpg\" alt=\"Ubican posible lugar de la conciencia y no est\u00e1 en el cerebro - Uno TV\" width=\"438\" height=\"263\" \/><\/p>\n<div>\n<p style=\"text-align: justify;\">\u00a0<strong><img decoding=\"async\" loading=\"lazy\" title=\"Persiste la inc\u00f3gnita sobre el surgimiento de la conciencia\" src=\"http:\/\/www.tendencias21.net\/photo\/art\/default\/2756562-3901399.jpg?v=1299581322\" alt=\"Persiste la inc\u00f3gnita sobre el surgimiento de la conciencia\" width=\"667\" height=\"716\" \/><\/strong><\/p>\n<p style=\"text-align: justify;\">Para discurrir sobre el surgimiento de la conciencia y concluir si lo clasificamos como un proceso de aparici\u00f3n de una propiedad emergente o si consideramos que podemos explicarlo estudiando las potencialidades de las neuronas aisladamente, es necesario conocer lo mejor posible qu\u00e9 entendemos por \u201cConciencia\u201d y, qu\u00e9 procesos ha tenido que recorrer para que tenga las propiedades que en ella podemos observar. Es din\u00e1mica y en evoluci\u00f3n y, que sepamos, sigue los mismos pasos que el Universo que la cre\u00f3. Habr\u00e1 que observar m\u00e1s detenidamente la naturaleza de la Conciencia que, con su inmensa complejidad, no nos deja llegar hasta una visi\u00f3n di\u00e1fana de lo que en realidad es. El Cosmos, aliado con el TIEMPO, y, el \u201cOJO\u201d del Universo que nos mira, siguen los progresos de esa CONCIENCIA nuestra que no podemos comprender\u2026completamente.<\/p>\n<p>&nbsp;<\/p>\n<p id=\"header-inner\" style=\"text-align: justify;\">\u00a0 \u00a0 \u00a0 \u00a0 \u00a0 \u00a0 \u00a0 \u00a0 \u00a0 \u00a0 \u00a0 \u00a0 <img decoding=\"async\" loading=\"lazy\" id=\"Header1_headerimg\" class=\"\" src=\"http:\/\/1.bp.blogspot.com\/-Yzw1OBRAYjw\/TacnTpDJ0FI\/AAAAAAAAACY\/2AApNyTefWY\/s1600\/167502_195609143789996_185908504760060_866301_5597258_n.jpg\" alt=\"SUE\u00d1OS PROIVIDOS\" width=\"506\" height=\"316\" \/><\/p>\n<p>&nbsp;<\/p>\n<p style=\"text-align: justify;\">\u00bfSer\u00e1 su \u201crealidad\u201d nuestra realidad? Probablemente no. El que compartamos el mismo planeta no hace que todos tengamos las mismas percepciones, sensaciones, emociones, aspiraciones, alegr\u00edas, miedos, tristezas, penas, sentimientos, fuerza, personalidad, voluntad de hacer, fuerza para luchar, y, el caso de las conciencias est\u00e1, no pocas veces condicionado por factores que el individuo no pudo elegir. Claro que, muchas veces una simple mirada, nos puede transportar a otro mundo que, para muchos \u201cser\u00e1 totalmente irreal\u201d. Pero so\u00f1ar\u2026podemos todos, otra cosa ser\u00e1 poder realizar los sue\u00f1os.<\/p>\n<p>&nbsp;<\/p>\n<p style=\"text-align: justify;\">\u00a0 \u00a0 \u00a0 \u00a0 \u00a0 \u00a0 \u00a0 \u00a0 \u00a0 \u00a0 \u00a0 \u00a0 \u00a0 \u00a0 \u00a0 \u00a0<img decoding=\"async\" loading=\"lazy\" id=\"irc_mi\" src=\"http:\/\/i121.photobucket.com\/albums\/o227\/Ctome\/a7736_brain-color.jpg\" alt=\"\" width=\"438\" height=\"393\" \/><\/p>\n<p style=\"text-align: justify;\">El cerebro humano adulto, con poco m\u00e1s de un kilo de peso, contiene unos cien mil millones de c\u00e9lulas nerviosas o neuronas. La capa ondulada m\u00e1s exterior o corteza cerebral, que es la parte del cerebro de eoluci\u00f3n m\u00e1s reciente, contiene alrededor de 30 mil millones de neuronas y hasta un bill\u00f3n de conexiones. Si cont\u00e1ramos una sinagsis cada segundo, tardadariamos 32 millones de a\u00f1os en acabar el recuento. Si consideramos el n\u00famero posible de circuitos neuronales, tenemos que hab\u00e9rnoslas con cifras hiperastron\u00f3micas: 10 seguido de un mill\u00f3n de ceros. (En comparaci\u00f3n con el n\u00famero de part\u00edculas del universo conocido que asciende s\u00f3lo a 10 seguido de 79 ceros).<\/p>\n<p>&nbsp;<\/p>\n<p style=\"text-align: justify;\">\u00a0 \u00a0 \u00a0 \u00a0 \u00a0 \u00a0 \u00a0 \u00a0 \u00a0 \u00a0 \u00a0 \u00a0 \u00a0 <img decoding=\"async\" src=\"https:\/\/68.media.tumblr.com\/b3197a67e1d582b1ffcb5d8ab610e780\/tumblr_ohsq6yltvb1vt16f2o1_500.gif\" alt=\"pensamientos gifs Page 4 | WiffleGif\" \/><\/p>\n<p>&nbsp;<\/p>\n<p style=\"text-align: justify;\">\u00bfQu\u00e9 decir de la facultad del pensamiento? El pensamiento, el discurso interior y la formaci\u00f3n consciente de im\u00e1genes nos recuerdan poderosamente que se puede construir una escena consciente incluso en ausencia de impresiones externas. Los sue\u00f1os constituyen la demostraci\u00f3n m\u00e1s palmaria de este hecho. Pese a ciertas peculiaridades, como la credulidad, la resoluci\u00f3n y la p\u00e9rdida de auto reflexi\u00f3n del que sue\u00f1a, la enso\u00f1aci\u00f3n y la conciencia despierta son notablemente parecidas (\u201cso\u00f1ar despierto\u201d). <strong>Los objetos visuales y las escenas \u201cvividas\u201d en el sue\u00f1o, suelen ser reconocibles, el lenguaje es inteligible e incluso las historias que se desarrollan en los sue\u00f1os pueden llegar a ser tan coherentes que, no en pocas ocasiones, muchas personas llegaron a tomarlas por reales.<\/strong><\/p>\n<p>&nbsp;<\/p>\n<p style=\"text-align: justify;\">\u00a0<img decoding=\"async\" loading=\"lazy\" src=\"http:\/\/volandoatravesdelespejo.files.wordpress.com\/2011\/02\/suenos-2.jpg\" alt=\"http:\/\/volandoatravesdelespejo.files.wordpress.com\/2011\/02\/suenos-2.jpg\" width=\"567\" height=\"341\" \/><\/p>\n<p style=\"text-align: justify;\">\u00a0 \u00a0 \u00a0 \u00a0 \u00a0 \u00a0 \u00a0 \u00a0 \u00a0 \u00a0 \u00a0 \u00a0<strong>\u00a0\u00a0\u00a0\u00a0\u00a0\u00a0\u00a0\u00a0\u00a0\u00a0\u00a0 Estar en otros mundos sin ausentarte de este<\/strong><\/p>\n<p style=\"text-align: justify;\">La Conciencia puede ser activa o pasiva y, seg\u00fan qu\u00e9 ocasi\u00f3n, le pedimos o no un esfuerzo extra. La mayor parte de las veces dejamos que las impresiones sensoriales tomen posesi\u00f3n libremente de nuestros estados sensoriales, sin prestar especial atenci\u00f3n a esto o aquello, la conciencia es tan receptiva y amplia como natural y libre de esfuerzo cuando, por ejemplo, visitamos una ciudad y paseando disfrutamos de sus vistas. Por otra parte, cuando buscamos espec\u00edficamente un punto concreto en el flujo constante de entradas sensoriales al que estamos expuestos, la percepci\u00f3n se convierte en una actividad orientada a la acci\u00f3n concreta de esa b\u00fasqueda.<\/p>\n<p>&nbsp;<\/p>\n<p style=\"text-align: justify;\"><img decoding=\"async\" loading=\"lazy\" src=\"http:\/\/loyolauniversity.adam.com\/graphics\/images\/es\/1074.jpg\" alt=\"\" width=\"400\" height=\"320\" \/><\/p>\n<p style=\"text-align: justify;\">\u00a0\u00a0<strong>\u00a0\u00a0\u00a0\u00a0\u00a0\u00a0\u00a0\u00a0\u00a0 Hasta donde podremos llegar con\u2026<\/strong><\/p>\n<p style=\"text-align: justify;\">Una caracter\u00edstica clave de los patrones neuronales que se pueden observar al microscopio es su densidad y extensi\u00f3n. El cuerpo de una neurona mide 50 micones (mil\u00e9simas de mil\u00edmetro) de di\u00e1metro, si bien la longitud del ax\u00f3n puede variar entre unos micrones y m\u00e1s de un metro. Aunque es realmente cierto que hemos podido llegar a conocer mucho de lo que ah\u00ed se fragua, mucho m\u00e1s cierto es que, desconocemos la mayor parte de las maravillas que en el cerebro se llegan a producir y, sabiendo el resultado final, no podemos discernir po qu\u00e9 caminos se lleg\u00f3 a all\u00ed.<\/p>\n<p style=\"text-align: justify;\">Claro que, el abanico y la variedad de la fenomenolog\u00eda consciente pueden llegar a abarcar tanto como la experiencia personal de cada cual y llegan tan lejos como la imaginaci\u00f3n individual de cada persona: All\u00ed est\u00e1 el teatro privado de cada uno. El dominio de la consciencia que, cuando llega a sobresalir de lo corriente, entra en ese campo que llamamos filosof\u00eda y que, algunos, al ser referida al SER, llaman metaf\u00edsica.<\/p>\n<p>&nbsp;<\/p>\n<p style=\"text-align: justify;\">\u00a0<img decoding=\"async\" loading=\"lazy\" src=\"http:\/\/www.blogcdn.com\/www.tuvozentuvida.com\/media\/2011\/09\/como-utilizar-talentos-599so090811.jpg\" alt=\"como utilizar talentos\" width=\"599\" height=\"408\" \/><\/p>\n<p style=\"text-align: justify;\">La Bailarina estudia los pasos y, dentro de \u201csu mundo\u201d, tiene unas sensaciones que su conciencia archiva como experiencias personales. Cada cual, o cuando su propia consciencia de \u201csu mundo\u201d particular en funci\u00f3n de las experiencias que tenga la oportunidad de vivir conforme se produzcan en funci\u00f3n de su modo de vida, trabajo y otras circunstancias que la diversidad de una vida nos pueda presentar.<\/p>\n<p style=\"text-align: justify;\">Claro que, la experiencia consciente var\u00eda en intensidad; el nivel global de alerta puede variar desde la casi nula vigilancia del sopor hasta el estado hiper-vigilante de un piloto de guerra en acci\u00f3n, y la percepci\u00f3n sensorial puede ser m\u00e1s o menos v\u00edvida. Tambi\u00e9n tenemos esa conocida habilidad llamada atenci\u00f3n, que nos permite seleccionar o amplificar diferencialmente ciertas experiencias conscientes en detrimento de otras experiencias coet\u00e1neas..<\/p>\n<p>&nbsp;<\/p>\n<p style=\"text-align: justify;\"><img decoding=\"async\" loading=\"lazy\" id=\"irc_mi\" class=\"\" src=\"http:\/\/akifrases.com\/frases-imagenes\/frase-tener-la-conciencia-limpia-es-sintoma-de-mala-memoria-les-luthiers-167485.jpg\" alt=\"\" width=\"536\" height=\"252\" \/><\/p>\n<p style=\"text-align: justify;\">\u00a0 \u00a0 Estos genios, no van muy alejados de la realidad que todos tratamos de ocultarnos a nosotros mismos<\/p>\n<p style=\"text-align: justify;\">Adem\u00e1s, la conciencia se halla conectada y vinculada a ciertos aspectos de la memoria. De hecho, a menudo se equipara la memoria inmediata, que dura apenas una fracci\u00f3n de segundo, a la propia conciencia. Claramente, la memoria de trabajo -la habilidad de \u201ctener presente\u201d y manejar los contenidos conscientes, como los n\u00fameros de tel\u00e9fonos, las frases y las posiciones en el espacio, durante unos segundos-, est\u00e1 estrechamente realcionada con la Conciencia.<\/p>\n<p style=\"text-align: justify;\">Est\u00e1 claro que, en cada uno de nosotros y seg\u00fan en qu\u00e9 situaciones que representan nuestro teatro privado de cada d\u00eda nos encontremos, podemos estar situados en escenarios cambiantes que, para bien o para mal, lo podr\u00edamos denominar \u201ccomedia\u201d, \u201cfarsa\u201d o \u201ctragedia\u201d, con una <em>dramatis personal<\/em>, el \u201cyo\u201d como protagonista. Y, as\u00ed ser\u00e1 hasta que caiga la cortina al final de la obra de la vida. Y, mientras la obra transcurre, cada uno de nosotros vive su \u201chistoria\u201d personal de vivencias que, en definitiva, ser\u00e1n las que conformen su mundo particular.<\/p>\n<p>&nbsp;<\/p>\n<p style=\"text-align: justify;\"><img decoding=\"async\" loading=\"lazy\" class=\"\" src=\"http:\/\/upload.wikimedia.org\/wikipedia\/commons\/thumb\/9\/97\/The_Earth_seen_from_Apollo_17.jpg\/599px-The_Earth_seen_from_Apollo_17.jpg\" alt=\"Archivo:The Earth seen from Apollo 17.jpg\" width=\"467\" height=\"467\" \/><\/p>\n<p style=\"text-align: justify;\">Aunque vivamos aqu\u00ed, no es cierto que aqu\u00ed est\u00e9 \u201ctodo\u201d nuestro \u201cmundo\u201d que, en realidad, escapa de este que arriba vemos y llega hasta los confines de nuestra imaginaci\u00f3n que, dicho sea de paso, sobrepasa los confines del Universo mismo. La Imaginaci\u00f3n es un arma muy poderosa, y, si nada la para, si la Naturaleza permite su transcurrir evolutivo\u2026\u00bfEn qu\u00e9 se podr\u00e1 transformar?<\/p>\n<\/div>\n<p><img decoding=\"async\" src=\"https:\/\/confucio.pucp.edu.pe\/wp-content\/uploads\/2022\/09\/confucio450x450.png\" alt=\"Qui\u00e9n fue Confucio? - Instituto Confucio PUCP Instituto Confucio PUCP\" \/><\/p>\n<p><strong>Confucio<\/strong><\/p>\n<div>\n<p style=\"text-align: justify;\">Han pasado algunos miles de a\u00f1os desde que los seres humanos vislumbraron que, adem\u00e1s de la parte f\u00edsica, tambi\u00e9n estaba con nosotros, formando un todo, otra m\u00e1s trascendental que era la que generaba los pensamientos y nos permit\u00eda viajar m\u00e1s all\u00e1 y con m\u00e1s rapidez de lo que pod\u00eda hacerlo la parte material. Es cierto que el proceso ha sido lento y los avances, aunque a veces imperceptibles, han estado ah\u00ed siempre en una continuada evoluci\u00f3n que, en cada \u00e9poca ha tenido un marcado signo.<\/p>\n<p>&nbsp;<\/p>\n<p style=\"text-align: justify;\"><img decoding=\"async\" loading=\"lazy\" id=\"irc_mi\" src=\"https:\/\/encrypted-tbn2.google.com\/images?q=tbn:ANd9GcS3zDVipOZAFwD_BFpeGY6YVsdIy3-m-Gns7wPmpIU31QEUYPJ8Iw\" alt=\"\" width=\"252\" height=\"200\" \/><\/p>\n<p style=\"text-align: justify;\">Aunque puede que no sepamos que es la mente, sabemos algunas cosas sobre el cerebro. Est\u00e1 formado por una red, una incre\u00edble mara\u00f1a de \u201ccables\u201d el\u00e9ctricos que serpentean a trav\u00e9s de una gran cantidad de \u201csustancias\u201d neuroqu\u00edmicas. Existen quiz\u00e1s cien mil millones de neuronas en el cerebro humano, tantas como estrellas hay en la V\u00eda L\u00e1ctea, y, cada una de ellas recibe datos el\u00e9ctricos de alrededor de mil neuronas, adem\u00e1s de estar en contacto y en comunicaci\u00f3n con unas cien mil neuronas m\u00e1s. Y, como sigue evolucionando al ritmo que el universo le impone\u2026 Suponer, hasta qu\u00e9 punto podr\u00e1 llegar es, impredecible.<\/p>\n<p>&nbsp;<\/p>\n<p style=\"text-align: justify;\"><img decoding=\"async\" loading=\"lazy\" id=\"irc_mi\" src=\"http:\/\/terapiagestaltsi.files.wordpress.com\/2012\/04\/burbuja.jpg\" alt=\"\" width=\"393\" height=\"393\" \/><\/p>\n<p style=\"text-align: justify;\">Nadie sabe que podremos ser ma\u00f1ana, cuando la evoluci\u00f3n alcance ese grado impensable de sabidur\u00eda y se\u00e1mos simples entes de luz que podr\u00e1 adaptar formas y colores de inimaginale belleza, que estar\u00e1n conformados por pensamientos y sentimientos en una amalgama de materia elevada al grado m\u00e1ximo de la evoluci\u00f3n, es decir: energ\u00eda pura. ser\u00eda como volver a los or\u00edgenes. De la energ\u00eda venimos y a ella regresamos pero, para entonces, estar\u00e1 evolucionada y ser\u00e1 la parte del Universo que le dar\u00e1 sentido a todo lo material e inmaterial, entonces no habr\u00e1 preguntas y se conocer\u00e1n todas las respuestas.<\/p>\n<p style=\"text-align: justify;\">\u00a1So\u00f1ar cuesta tan poco!<\/p>\n<p style=\"text-align: justify;\"><em>emilio silvera<\/em><\/p>\n<\/div>\n<div class='bookmark'>\r\n\t\t<table align='left' border='0' cellpadding='0' width='100%'>\r\n\t\t<tr><td><span class='pushbutton'><a href='http:\/\/delicious.com\/post?url=http%3A%2F%2Fwww.emiliosilveravazquez.com%2Fblog%2F2023%2F02%2F20%2Fnuestro-futuro-quien-puede-saberlo%2F&amp;title=%C2%BFNuestro+Futuro%3F+%C2%BFQui%C3%A9n+puede+saberlo%3F' title='Delicious' target='_blank' rel='nofollow'><img src='http:\/\/www.emiliosilveravazquez.com\/blog\/wp-content\/plugins\/knxdt-bookmarks-wordpress-plugin\/images\/delicious.png'  alt='' class='book_img' border='none' style='margin:1px; padding: 0;'  \/><\/a><\/span><span class='pushbutton'><a href='http:\/\/digg.com\/submit?url=http%3A%2F%2Fwww.emiliosilveravazquez.com%2Fblog%2F2023%2F02%2F20%2Fnuestro-futuro-quien-puede-saberlo%2F&amp;title=%C2%BFNuestro+Futuro%3F+%C2%BFQui%C3%A9n+puede+saberlo%3F' title='Digg' target='_blank' rel='nofollow'><img src='http:\/\/www.emiliosilveravazquez.com\/blog\/wp-content\/plugins\/knxdt-bookmarks-wordpress-plugin\/images\/digg.png'  alt='' class='book_img' border='none' style='margin:1px; padding: 0;'  \/><\/a><\/span><span class='pushbutton'><a href='http:\/\/www.google.com\/bookmarks\/mark?op=edit&amp;bkmk=http%3A%2F%2Fwww.emiliosilveravazquez.com%2Fblog%2F2023%2F02%2F20%2Fnuestro-futuro-quien-puede-saberlo%2F&amp;title=%C2%BFNuestro+Futuro%3F+%C2%BFQui%C3%A9n+puede+saberlo%3F' title='Google' target='_blank' rel='nofollow'><img src='http:\/\/www.emiliosilveravazquez.com\/blog\/wp-content\/plugins\/knxdt-bookmarks-wordpress-plugin\/images\/google.png'   alt='' class='book_img' border='none' style='margin:1px; padding: 0;'  \/><\/a><\/span><span class='pushbutton'><a href='http:\/\/myweb2.search.yahoo.com\/myresults\/bookmarklet?u=http%3A%2F%2Fwww.emiliosilveravazquez.com%2Fblog%2F2023%2F02%2F20%2Fnuestro-futuro-quien-puede-saberlo%2F&amp;t=%C2%BFNuestro+Futuro%3F+%C2%BFQui%C3%A9n+puede+saberlo%3F' title='Yahoo' target='_blank' rel='nofollow'><img src='http:\/\/www.emiliosilveravazquez.com\/blog\/wp-content\/plugins\/knxdt-bookmarks-wordpress-plugin\/images\/yahoo.png'  alt='' class='book_img' border='none' style='margin:1px; padding: 0;'  \/><\/a><\/span><span class='pushbutton'><a href='http:\/\/www.technorati.com\/faves?add=http%3A%2F%2Fwww.emiliosilveravazquez.com%2Fblog%2F2023%2F02%2F20%2Fnuestro-futuro-quien-puede-saberlo%2F' title='Technorati' target='_blank' rel='nofollow'><img src='http:\/\/www.emiliosilveravazquez.com\/blog\/wp-content\/plugins\/knxdt-bookmarks-wordpress-plugin\/images\/technorati.png'  alt='' class='book_img' border='none' style='margin:1px; padding: 0;'  \/><\/a><\/span><span class='pushbutton'><a href='http:\/\/meneame.net\/submit.php?url=http%3A%2F%2Fwww.emiliosilveravazquez.com%2Fblog%2F2023%2F02%2F20%2Fnuestro-futuro-quien-puede-saberlo%2F' title='Meneame' target='_blank' rel='nofollow'><img src='http:\/\/www.emiliosilveravazquez.com\/blog\/wp-content\/plugins\/knxdt-bookmarks-wordpress-plugin\/images\/meneame.png'  alt='' class='book_img' border='none' style='margin:1px; padding: 0;'  \/><\/a><\/span><span class='pushbutton'><a href='http:\/\/enchilame.com\/submit.php?url=http:\/\/www.emiliosilveravazquez.com\/blog\/2023\/02\/20\/nuestro-futuro-quien-puede-saberlo\/' target='_blank' rel='nofollow'><img title='Enchilame' src='http:\/\/www.emiliosilveravazquez.com\/blog\/wp-content\/plugins\/knxdt-bookmarks-wordpress-plugin\/images\/enchilame.png'  alt='' class='book_img' border='none' style='margin:1px; padding: 0;'  \/><\/a><\/span><span class='pushbutton'><a href='http:\/\/www.blinklist.com\/index.php?Action=Blink\/addblink.php&amp;Description=&amp;Url=http%3A%2F%2Fwww.emiliosilveravazquez.com%2Fblog%2F2023%2F02%2F20%2Fnuestro-futuro-quien-puede-saberlo%2F&amp;title=%C2%BFNuestro+Futuro%3F+%C2%BFQui%C3%A9n+puede+saberlo%3F' title='BlinkList' target='_blank' rel='nofollow'><img src='http:\/\/www.emiliosilveravazquez.com\/blog\/wp-content\/plugins\/knxdt-bookmarks-wordpress-plugin\/images\/blinklist.png'  alt='' class='book_img' border='none' style='margin:1px; padding: 0;'  \/><\/a><\/span><span class='pushbutton'><a href='http:\/\/reddit.com\/submit?url=http%3A%2F%2Fwww.emiliosilveravazquez.com%2Fblog%2F2023%2F02%2F20%2Fnuestro-futuro-quien-puede-saberlo%2F&amp;title=%C2%BFNuestro+Futuro%3F+%C2%BFQui%C3%A9n+puede+saberlo%3F' title='Reddit' target='_blank' rel='nofollow'><img src='http:\/\/www.emiliosilveravazquez.com\/blog\/wp-content\/plugins\/knxdt-bookmarks-wordpress-plugin\/images\/reddit.png'  alt='' class='book_img' border='none' style='margin:1px; padding: 0;'  \/><\/a><\/span><span class='pushbutton'><a href='http:\/\/www.tecnologiadiaria.com\/2009\/07\/abrir-com-hotmail-correo.html' target='_blank' title='hotmail'><img src='http:\/\/www.emiliosilveravazquez.com\/blog\/wp-content\/plugins\/knxdt-bookmarks-wordpress-plugin\/images\/linklove.png' alt='hotmail correo' class='book_img' border='none' style='margin:1px; padding: 0;' \/><\/a><\/span><span class='pushbutton'><a href='http:\/\/bitacoras.com\/votar\/anotacion\/externo\/mini\/www.emiliosilveravazquez.com\/blog\/2023\/02\/20\/nuestro-futuro-quien-puede-saberlo\/' title='Bitacoras.com' target='_blank' rel='nofollow'><img src='http:\/\/www.emiliosilveravazquez.com\/blog\/wp-content\/plugins\/knxdt-bookmarks-wordpress-plugin\/images\/bitacoras.png'  alt='' class='book_img' border='none' style='margin:1px; padding: 0;'  \/><\/a><\/span><span class='pushbutton'><a href='http:\/\/www.wikio.es\/vote?url=http%3A%2F%2Fwww.emiliosilveravazquez.com%2Fblog%2F2023%2F02%2F20%2Fnuestro-futuro-quien-puede-saberlo%2F' title='Wikio' target='_blank' rel='nofollow'><img src='http:\/\/www.emiliosilveravazquez.com\/blog\/wp-content\/plugins\/knxdt-bookmarks-wordpress-plugin\/images\/wikio.png'   alt='' class='book_img' border='none' style='margin:1px; padding: 0;'   \/><\/a><\/span><span class='pushbutton'><a href='http:\/\/friendfeed.com\/?url=http%3A%2F%2Fwww.emiliosilveravazquez.com%2Fblog%2F2023%2F02%2F20%2Fnuestro-futuro-quien-puede-saberlo%2F&amp;title=%C2%BFNuestro+Futuro%3F+%C2%BFQui%C3%A9n+puede+saberlo%3F' title='Friend Feed' target='_blank' rel='nofollow'><img src='http:\/\/www.emiliosilveravazquez.com\/blog\/wp-content\/plugins\/knxdt-bookmarks-wordpress-plugin\/images\/friendfeed.png'  alt='' class='book_img' border='none' style='margin:1px; padding: 0;'  \/><\/a><\/span><span class='pushbutton'><a href='http:\/\/www.facebook.com\/share.php?u=http%3A%2F%2Fwww.emiliosilveravazquez.com%2Fblog%2F2023%2F02%2F20%2Fnuestro-futuro-quien-puede-saberlo%2F&amp;t=%C2%BFNuestro+Futuro%3F+%C2%BFQui%C3%A9n+puede+saberlo%3F' title='Facebook' target='_blank' rel='nofollow'><img src='http:\/\/www.emiliosilveravazquez.com\/blog\/wp-content\/plugins\/knxdt-bookmarks-wordpress-plugin\/images\/facebook.png'  alt='' class='book_img' border='none' style='margin:1px; padding: 0;'  \/><\/a><\/span><span class='pushbutton'><a href='http:\/\/twitter.com\/home?status=%C2%BFNuestro+Futuro%3F+%C2%BFQui%C3%A9n+puede+saberlo%3F: http%3A%2F%2Fwww.emiliosilveravazquez.com%2Fblog%2F2023%2F02%2F20%2Fnuestro-futuro-quien-puede-saberlo%2F' title='Twitter' target='_blank' rel='nofollow'><img src='http:\/\/www.emiliosilveravazquez.com\/blog\/wp-content\/plugins\/knxdt-bookmarks-wordpress-plugin\/images\/twitter.png'  alt='' class='book_img' border='none' style='margin:1px; padding: 0;'  \/><\/a><\/span><span class='pushbutton'><a href='http:\/\/www.feedburner.com\/fb\/a\/emailFlare?itemTitle=%C2%BFNuestro+Futuro%3F+%C2%BFQui%C3%A9n+puede+saberlo%3F&amp;uri=http%3A%2F%2Fwww.emiliosilveravazquez.com%2Fblog%2F2023%2F02%2F20%2Fnuestro-futuro-quien-puede-saberlo%2F' title='Enviar por Email' target='_blank' rel='nofollow'><img src='http:\/\/www.emiliosilveravazquez.com\/blog\/wp-content\/plugins\/knxdt-bookmarks-wordpress-plugin\/images\/email.png'  alt='' class='book_img' border='none' style='margin:1px; padding: 0;'  \/><\/a><\/span><span style='font-weight:bold; padding-left: 5px;'><a href='http:\/\/wordpress.org\/extend\/plugins\/knxdt-bookmarks-wordpress-plugin\/' title='Plugin' rel='nofollow' target='_blank'>[?]<\/a><\/span><\/td><\/tr><\/table><br\/><br\/><\/div>","protected":false},"excerpt":{"rendered":"<p>\u00a0 La familia de la Tierra\u2026 Y, nosotros. Superconductividad &nbsp; Podemos imaginar, hacer conjeturas, idear escenarios que podr\u00edan ser&#8230; Pero saber a ciencia cierta lo que nos espera&#8230; \u00a1Nunca lo sabremos! Estamos inmersos en un Universo impredecible, cualquier cosa que podamos imaginar podr\u00eda ser. Y, lo curioso del caso es que, en una peque\u00f1a parte, [&hellip;]<\/p>\n","protected":false},"author":2,"featured_media":0,"comment_status":"open","ping_status":"open","sticky":false,"template":"","format":"standard","meta":{"_s2mail":"","footnotes":""},"categories":[1],"tags":[],"_links":{"self":[{"href":"http:\/\/www.emiliosilveravazquez.com\/blog\/wp-json\/wp\/v2\/posts\/29754"}],"collection":[{"href":"http:\/\/www.emiliosilveravazquez.com\/blog\/wp-json\/wp\/v2\/posts"}],"about":[{"href":"http:\/\/www.emiliosilveravazquez.com\/blog\/wp-json\/wp\/v2\/types\/post"}],"author":[{"embeddable":true,"href":"http:\/\/www.emiliosilveravazquez.com\/blog\/wp-json\/wp\/v2\/users\/2"}],"replies":[{"embeddable":true,"href":"http:\/\/www.emiliosilveravazquez.com\/blog\/wp-json\/wp\/v2\/comments?post=29754"}],"version-history":[{"count":0,"href":"http:\/\/www.emiliosilveravazquez.com\/blog\/wp-json\/wp\/v2\/posts\/29754\/revisions"}],"wp:attachment":[{"href":"http:\/\/www.emiliosilveravazquez.com\/blog\/wp-json\/wp\/v2\/media?parent=29754"}],"wp:term":[{"taxonomy":"category","embeddable":true,"href":"http:\/\/www.emiliosilveravazquez.com\/blog\/wp-json\/wp\/v2\/categories?post=29754"},{"taxonomy":"post_tag","embeddable":true,"href":"http:\/\/www.emiliosilveravazquez.com\/blog\/wp-json\/wp\/v2\/tags?post=29754"}],"curies":[{"name":"wp","href":"https:\/\/api.w.org\/{rel}","templated":true}]}}