{"id":29752,"date":"2023-02-20T06:35:55","date_gmt":"2023-02-20T05:35:55","guid":{"rendered":"http:\/\/www.emiliosilveravazquez.com\/blog\/?p=29752"},"modified":"2023-02-20T07:01:20","modified_gmt":"2023-02-20T06:01:20","slug":"al-final-me-daran-la-razon","status":"publish","type":"post","link":"http:\/\/www.emiliosilveravazquez.com\/blog\/2023\/02\/20\/al-final-me-daran-la-razon\/","title":{"rendered":"Al final me dar\u00e1n la raz\u00f3n"},"content":{"rendered":"<h1 class=\"entry-title entry--item h2\" style=\"text-align: justify;\">DRAGAN HAJDUKOVIC PROPONE UNA NUEVA TEORIA ANTI GRAVITATORIA <a href=\"#\" onclick=\"referencia('unidades del si',event); return false;\">SI<\/a>N MATERIA OSCURA<\/h1>\n<blockquote><p>&nbsp;<\/p>\n<p style=\"text-align: justify;\">\u00a0 \u00a0 \u00a0 \u00a0 \u00a0 \u00a0 \u00a0 \u00a0 \u00a0 .<img decoding=\"async\" loading=\"lazy\" class=\"\" src=\"https:\/\/universitam.com\/academicos\/wp-content\/uploads\/2011\/09\/dark-matter-antarctica-300x225.jpg\" width=\"459\" height=\"344\" \/><\/p>\n<p style=\"text-align: justify;\"><strong>\u00a0La misteriosa sustancia conocida como <a href=\"#\" onclick=\"referencia('materia oscura',event); return false;\">materia oscura<\/a> puede ser en realidad una ilusi\u00f3n creada por la interacci\u00f3n gravitacional entre part\u00edculas de corta vida de materia y antimateria, seg\u00fan un nuevo estudio.<\/strong><\/p>\n<p style=\"text-align: justify;\"><strong>Se cree que la <a href=\"#\" onclick=\"referencia('materia oscura',event); return false;\">materia oscura<\/a> es una sustancia invisible que representa casi una cuarta parte de la masa del universo. El concepto fue propuesto por primera vez en 1933 para explicar por qu\u00e9 el exterior de galaxias en los c\u00famulos de galaxias orbitan m\u00e1s r\u00e1pido de lo que deber\u00edan, sobre la base de masa de las galaxias visibles.<\/strong><\/p>\n<\/blockquote>\n<p>&nbsp;<\/p>\n<p><img decoding=\"async\" src=\"https:\/\/upload.wikimedia.org\/wikipedia\/commons\/thumb\/7\/78\/2002_UX25_moon-orbit.png\/640px-2002_UX25_moon-orbit.png\" alt=\"55637) 2002 UX25 - Wikiwand\" \/><\/p>\n<h1 style=\"text-align: justify;\"><a title=\"El planeta enano UX25 podr\u00eda ser la primera prueba de un nuevo modelo de Universo\" href=\"\/ciencia\/20140701\/abci-planeta-enano-ux25-podria-201407011024.html\" target=\"_self\" rel=\"noopener\">El planeta enano UX25 podr\u00eda ser la primera prueba de un nuevo modelo de Universo<\/a><\/h1>\n<div>\n<div style=\"text-align: justify;\">\n<h3>El modelo pone en duda la existencia de la materia y energ\u00eda oscuras e incluye, entre las dem\u00e1s fuerzas de la naturaleza, a la antigravedad.<\/h3>\n<p>&nbsp;<\/p>\n<\/div>\n<div style=\"text-align: justify;\"><img decoding=\"async\" loading=\"lazy\" id=\"irc_mi\" src=\"http:\/\/www.abc.es\/Media\/201407\/01\/kuiper-rocas-2--644x362.jpg\" alt=\"\" width=\"495\" height=\"278\" \/><\/div>\n<div style=\"text-align: justify;\">\n<div>\n<div>\n<div><strong>\u00a0 \u00a0 \u00a0 \u00a0 \u00a0 \u00a0 \u00a0 \u00a0 \u00a0 \u00a0 \u00a0 \u00a0 \u00a0 \u00a0 DETLEV VAN RAVENSWAAY<\/strong><\/div>\n<div><\/div>\n<\/div>\n<\/div>\n<\/div>\n<div><a href=\"http:\/\/www.abc.es\/fotonoticias\/fotos-ciencia\/20140701\/cinturon-kuiper-1612895761945.html\">El cintur\u00f3n de Kuiper<\/a><\/div>\n<div>\n<p style=\"text-align: justify;\">UX25 es un planeta enano que orbita las regiones externas del Sistema Solar y que cuenta, adem\u00e1s, con un peque\u00f1o sat\u00e9lite. Este peque\u00f1o mundo no tendr\u00eda el menor inter\u00e9s para nosotros si no fuera por el hecho de que podr\u00eda contener la primera prueba que existe de un nuevo modelo cosmol\u00f3gico que incluye, entre las dem\u00e1s fuerzas de la naturaleza, tambi\u00e9n a la antigravedad. El trabajo se publica en <strong>arXiv.<\/strong><\/p>\n<p>&nbsp;<\/p>\n<\/div>\n<\/div>\n<p><img decoding=\"async\" loading=\"lazy\" class=\"\" src=\"https:\/\/upload.wikimedia.org\/wikipedia\/commons\/thumb\/d\/de\/Sphinx_Observatory.jpg\/479px-Sphinx_Observatory.jpg\" width=\"394\" height=\"526\" \/><\/p>\n<p>&nbsp;<\/p>\n<div>\n<div>\n<p style=\"text-align: justify;\">La nueva teor\u00eda, seg\u00fan afirman Alberto Vecchiato y Mario Gai, del <strong>Observatorio Astrof\u00edsico de Tur\u00edn<\/strong>, prescinde de conceptos tan de moda como <a title=\"&quot;materia oscura&quot;\" href=\"\/ciencia\/20140410\/abci-materia-oscura-201404091751.html\">&#8220;<a href=\"#\" onclick=\"referencia('materia oscura',event); return false;\">materia oscura<\/a>&#8221;<\/a>, <a title=\"&quot;energ\u00eda oscura&quot;\" href=\"\/20120912\/ciencia\/abci-confirman-energia-oscura-real-201209121355.html\">&#8220;energ\u00eda oscura&#8221;<\/a> o <a title=\"&quot;inflaci\u00f3n c\u00f3smica&quot;\" href=\"\/ciencia\/20140317\/abci-dectectado-primer-temblor-bang-201403171713.html\">&#8220;inflaci\u00f3n c\u00f3smica&#8221;<\/a>. Y sus defensores afirman que podr\u00eda ser probada observando el movimiento de <a title=\"UX25\" href=\"\/ciencia\/20131114\/abci-descubren-gigantesca-roca-espacial-201311141303.html\">UX25<\/a> y su sat\u00e9lite mientras se desplazan a trav\u00e9s de su lejana \u00f3rbita, m\u00e1s all\u00e1 de Neptuno, en los confines mismos de nuestro Sistema Solar.<\/p>\n<p>&nbsp;<\/p>\n<p style=\"text-align: justify;\"><img decoding=\"async\" loading=\"lazy\" id=\"irc_mi\" src=\"http:\/\/4.bp.blogspot.com\/-eLNSua-DtfY\/Ujhe1xJDmjI\/AAAAAAAAON4\/ZY6x5OZ6D5U\/s1600\/sistema+solar.jpg\" alt=\"\" width=\"495\" height=\"257\" \/><\/p>\n<p>&nbsp;<\/p>\n<p style=\"text-align: justify;\">En 1915, la teor\u00eda general de la Relatividad de <a href=\"#\" onclick=\"referencia('einstein',event); return false;\">Einstein<\/a> recibi\u00f3 su mayor impulso cuando se utiliz\u00f3 para explicar una discrepancia en la \u00f3rbita de Mercurio que no pod\u00eda ser aclarada por la f\u00edsica de <a href=\"#\" onclick=\"referencia('newton',event); return false;\">Newton<\/a>. Y ahora, casi un siglo despu\u00e9s, Vecchiato y Gai han calculado que UX25 y su peque\u00f1a luna, que orbitan al Sol desde el<a title=\"cintur\u00f3n de Kuiper\" href=\"\/ciencia\/20140617\/abci-proximo-destino-despues-pluton-201406171231.html\"> cintur\u00f3n de Kuiper<\/a>, pueden ser usados como un &#8220;laboratorio natural&#8221; en el que testear un nuevo y ambicioso modelo de Universo.<\/p>\n<\/div>\n<\/div>\n<p>&nbsp;<\/p>\n<p><img decoding=\"async\" loading=\"lazy\" class=\"\" src=\"https:\/\/fokuspress.com\/wp-content\/uploads\/2015\/12\/p100379.jpg\" alt=\"Dragan Hajdukovi\u0107, fizi\u010dar koji je sa Cetinja stigao do \u010duvenog CERN-a: Teorijom poku\u0161ava da rije\u0161i nepoznanice (VIDEO) - PORTAL REVIJE FOKUS\" width=\"284\" height=\"182\" \/><img decoding=\"async\" loading=\"lazy\" class=\"\" src=\"https:\/\/64.media.tumblr.com\/2a467d16df7d9befb105fb0b132e191a\/tumblr_inline_pau8ipdlzz1r1iznt_540.gif\" alt=\"Psicolog\u00eda de Alta Consciencia \u2014 Universo en f\u00edsica y Universo en metaf\u00edsica\" width=\"179\" height=\"179\" \/><\/p>\n<p>&nbsp;<\/p>\n<div>\n<div>\n<p style=\"text-align: justify;\">Desarrollado por el f\u00edsico del CERN <strong>Dragan Hajdukovic<\/strong>, el modelo se basa en el concepto de que el espacio vac\u00edo (tambi\u00e9n llamado <a title=\"&quot;vac\u00edo cu\u00e1ntico&quot;\" href=\"\/20110607\/ciencia\/abci-cientificos-crean-nada-201106070939.html\">&#8220;vac\u00edo cu\u00e1ntico&#8221;<\/a>) <strong>no est\u00e1 vac\u00edo en absoluto.<\/strong> Al contrario, lo que nosotros llamamos vac\u00edo est\u00e1 hecho, en realidad, de &#8220;part\u00edculas virtuales&#8221; de materia y antimateria que &#8220;parpadean&#8221; continuamente dentro y fuera de la existencia. La idea de Hajdukovic es que esas part\u00edculas poseen cargas gravitatorias opuestas, de forma similar a la existencia de cargas el\u00e9ctricas positivas y negativas.<\/p>\n<\/div>\n<\/div>\n<p>&nbsp;<\/p>\n<p><img decoding=\"async\" loading=\"lazy\" class=\"\" src=\"https:\/\/miro.medium.com\/max\/875\/1*y6VlHbQe3DFTckmmIb6azw.gif\" alt=\"La birrefringencia del vac\u00edo. | Pablo Della Paolera\" width=\"447\" height=\"444\" \/><\/p>\n<div>\n<p>&nbsp;<\/p>\n<p style=\"text-align: justify;\">Adem\u00e1s, Hajdukovic predijo que en presencia de un campo gravitatorio, las part\u00edculas virtuales del vac\u00edo cu\u00e1ntico generar\u00edan un segundo campo gravitatorio que tendr\u00eda un efecto amplificador. El resultado final de este proceso ser\u00eda que las galaxias y otros objetos del Universo parecer\u00edan tener campos gravitatorios mayores de los que pueden predecirse a partir de la suma de las masas de sus estrellas, una discrepancia que los astr\u00f3nomos explican hoy con la existencia de una hipot\u00e9tica y misteriosa sustancia invisible para nosotros llamada &#8220;<a href=\"#\" onclick=\"referencia('materia oscura',event); return false;\">materia oscura<\/a>&#8221;.<\/p>\n<\/div>\n<p><img decoding=\"async\" loading=\"lazy\" class=\"\" src=\"https:\/\/img.eldefinido.cl\/portadas\/650\/2016-06-30-7317KYJ5863.jpg\" alt=\"La misteriosa energ\u00eda del vac\u00edo que tiene a los cient\u00edficos sin dormir\" width=\"424\" height=\"220\" \/><\/p>\n<div>\n<blockquote>\n<h2 style=\"text-align: justify;\">Fen\u00f3menos f\u00edsicos fuera de lo com\u00fan y otras cosas no esperadas han revelado que el vac\u00edo, lejos de no tener nada, es una caja de sorpresas\u2026 inexplicables. Se reconoce que tiene fascinados e intrigados a los cient\u00edficos m\u00e1s expertos, y, tambi\u00e9n, que no les deja dormir.<\/h2>\n<\/blockquote>\n<p style=\"text-align: justify;\">Pero en el modelo de Universo de Hajdukovic <a title=\"la materia oscura no es necesaria\" href=\"\/20110902\/ciencia\/abci-materia-oscura-fuera-solo-201109020752.html\">la <a href=\"#\" onclick=\"referencia('materia oscura',event); return false;\">materia oscura<\/a> no es necesaria<\/a>. Ni tampoco la energ\u00eda oscura, la enigm\u00e1tica fuerza que los cient\u00edficos creen que es la causa de que el <a title=\"Universo\" href=\"\/ciencia\/20140624\/abci-universo-deberia-haber-durado-201406231805.html\">Universo<\/a> se expanda cada vez m\u00e1s deprisa <a title=\"(expansi\u00f3n acelerada)\" href=\"\/ciencia\/20140319\/abci-ondas-gravitacionales-descubrimiento-linde-201403182042.html\">(expansi\u00f3n acelerada)<\/a>. La idea ser\u00eda que si las part\u00edculas virtuales tienen carga gravitatoria, entonces el mism\u00edsimo espaciotiempo puede ejercer una especie de presi\u00f3n que causa que los objetos se repelan unos a otros.<\/p>\n<h4 style=\"text-align: justify;\">Sin inflaci\u00f3n c\u00f3smica<\/h4>\n<p>&nbsp;<\/p>\n<p><img decoding=\"async\" loading=\"lazy\" id=\"irc_mi\" src=\"http:\/\/www.bluescire.com\/wp-content\/uploads\/2014\/03\/inflacioncosmica1.jpg\" alt=\"\" width=\"495\" height=\"279\" \/><\/p>\n<p>&nbsp;<\/p>\n<p style=\"text-align: justify;\">Por \u00faltimo, la teor\u00eda de Hajdukovic tambi\u00e9n niega la necesidad de un breve periodo de inflaci\u00f3n en el origen del Universo durante el cual \u00e9ste se expandi\u00f3 m\u00e1s r\u00e1pido que la luz. &#8220;Mi teor\u00eda proporciona una serie de respuestas iniciales muy esperanzadoras para muchas de las cuestiones fundamentales de la F\u00edsica&#8221;, explica Hajdukovic.<\/p>\n<p style=\"text-align: justify;\">El investigador ya hab\u00eda afirmado en otras ocasiones que sus ideas pod\u00edan ser probadas si encontr\u00e1bamos un planeta enano con un peque\u00f1o sat\u00e9lite y en una \u00f3rbita el\u00edptica alrededor del Sol. El planeta y su sat\u00e9lite, adem\u00e1s, deber\u00edan estar lejos del Sol y de la influencia de otros cuerpos muy masivos.<\/p>\n<div><a title=\"Proponen el uso del planeta enano UX25 como banco de pruebas de la hip\u00f3tesis de Hajdukovic\" href=\"http:\/\/laflecha.net\/wp-content\/uploads\/2014\/07\/matoscura.jpg\" data-description=\"#pm_cap_50148\" data-group=\"powermag-featured\"><img decoding=\"async\" loading=\"lazy\" src=\"http:\/\/laflecha.net\/wp-content\/uploads\/2014\/07\/matoscura.jpg\" alt=\"matoscura\" width=\"367\" height=\"467\" \/><\/a><\/div>\n<div>\n<hr \/>\n<h1 style=\"text-align: justify;\"><\/h1>\n<h1 style=\"text-align: justify;\">Proponen el planera enano UX25 como banco de de pruebas de la hip\u00f3tesis de Hajdukovic<\/h1>\n<\/div>\n<\/div>\n<p>&nbsp;<\/p>\n<p><img decoding=\"async\" src=\"https:\/\/upload.wikimedia.org\/wikipedia\/commons\/thumb\/0\/0d\/KittPeak.jpg\/640px-KittPeak.jpg\" \/><\/p>\n<blockquote>\n<p style=\"text-align: justify;\"><b>&#8220;2002 UX<sub>25<\/sub><\/b>\u00a0es un objeto del\u00a0<a title=\"Cintur\u00f3n de Kuiper\" href=\"https:\/\/es.wikipedia.org\/wiki\/Cintur%C3%B3n_de_Kuiper\">cintur\u00f3n de Kuiper<\/a>\u00a0que orbita alrededor del\u00a0<a title=\"Sol\" href=\"https:\/\/es.wikipedia.org\/wiki\/Sol\">Sol<\/a>\u00a0a 42\u00a0<a title=\"Unidad astron\u00f3mica\" href=\"https:\/\/es.wikipedia.org\/wiki\/Unidad_astron%C3%B3mica\">UA<\/a>\u00a0de distancia, descubierto por\u00a0<a title=\"Spacewatch\" href=\"https:\/\/es.wikipedia.org\/wiki\/Spacewatch\">Spacewatch<\/a>\u00a0el\u00a0<a title=\"30 de octubre\" href=\"https:\/\/es.wikipedia.org\/wiki\/30_de_octubre\">30 de octubre<\/a>\u00a0de\u00a0<a title=\"2002\" href=\"https:\/\/es.wikipedia.org\/wiki\/2002\">2002<\/a>\u00a0desde el\u00a0<a title=\"Observatorio Nacional de Kitt Peak\" href=\"https:\/\/es.wikipedia.org\/wiki\/Observatorio_Nacional_de_Kitt_Peak\">Observatorio Nacional de Kitt Peak<\/a>. Es candidato a la categor\u00eda de\u00a0<a title=\"Planeta enano\" href=\"https:\/\/es.wikipedia.org\/wiki\/Planeta_enano\">planeta enano<\/a>.&#8221;<\/p>\n<\/blockquote>\n<p>&nbsp;<\/p>\n<p>&nbsp;<\/p>\n<p><img decoding=\"async\" loading=\"lazy\" class=\"\" src=\"https:\/\/milesdemillones.files.wordpress.com\/2016\/07\/img_6204.jpg\" alt=\"cinturon de kuiper | milesdemillones\" width=\"467\" height=\"234\" \/><\/p>\n<p><strong>\u00a0 \u00a0 \u00a0 \u00a0 \u00a0 \u00a0 \u00a0 \u00a0 \u00a0 \u00a0 \u00a0 \u00a0 \u00a0 \u00a0 \u00a0 \u00a0 \u00a0 \u00a0 \u00a0 \u00a0 \u00a0 Por ah\u00ed se encuentra el sistema UX25<\/strong><\/p>\n<div>\n<p style=\"text-align: justify;\">Y ahora, Vecchiato y Gai sugieren que el modelo de Hajdukovic puede ser probado observando con telescopios terrestres y orbitales el sistema UX25, 43 veces m\u00e1s lejos del Sol que la Tierra y mucho m\u00e1s all\u00e1 de la influencia de cualquier gran planeta conocido. &#8220;Las propiedades de los vac\u00edos cu\u00e1nticos descritas en la teor\u00eda de Hajdukovic -explica Vecchiato- deber\u00edan a\u00f1adir un suplemento gravitacional a UX25, perturbando la \u00f3rbita del sistema&#8221;.<\/p>\n<p style=\"text-align: justify;\">El modelo de Hajdukovic predice que el bamboleo o &#8220;tasa de precesi\u00f3n&#8221; de la peque\u00f1a luna de UX25 alrededor del planeta enano deber\u00eda de ser mayor de lo que predice la f\u00edsica cl\u00e1sica. As\u00ed, donde la f\u00edsica newtoniana predice una tasa de precesi\u00f3n de 0,0064 segundos de arco (demasiado peque\u00f1a como para ser observada con los instrumentos actuales), la teor\u00eda de Hajdukovic predice que esa tasa &#8220;amplificada&#8221; deber\u00eda de ser de 0,23 segundos de arco por \u00f3rbita, justo lo necesario para ser detectable por los telescopios espaciales <a href=\"#\" onclick=\"referencia('hubble',event); return false;\">Hubble<\/a> o James Webb.<\/p>\n<p>&nbsp;<\/p>\n<p style=\"text-align: justify;\"><img decoding=\"async\" loading=\"lazy\" id=\"irc_mi\" src=\"http:\/\/spacewire.esa.int\/content\/missions\/images\/large_images\/James%20Webb%20Space%20Telescope_ESA.jpg\" alt=\"\" width=\"495\" height=\"413\" \/><\/p>\n<p style=\"text-align: justify;\">Seg\u00fan Vecchiato y Gai, tambi\u00e9n un gran telescopio basado en tierra, como el VLT, podr\u00eda ser capaz de llevar a cabo la necesaria observaci\u00f3n de UX25.<\/p>\n<p style=\"text-align: justify;\">Hallar pruebas de la teor\u00eda de Hajdukovic supondr\u00eda un cambio dram\u00e1tico en el rumbo y las perspectivas de la F\u00edsica. Para Gai, &#8220;la mayor\u00eda de los cient\u00edficos actuales creen que la f\u00edsica cu\u00e1ntica solo act\u00faa en el mundo microsc\u00f3pico&#8230; Pero en este caso, el comportamiento microsc\u00f3pico natural del espacio vac\u00edo puede resultar en un efecto acumulativo, capaz de actuar alargas distancias, incluso a escalas c\u00f3smicas&#8221;.<\/p>\n<blockquote>\n<p style=\"text-align: justify;\"><strong>Hasta aqu\u00ed lo publicado y, desde luego, las cosas quedan en el aire y nada se afirma de manera rotunda. Es cierto que son muchas las cosas que nos sabemos, a las que no podemos dar una explicaci\u00f3n y, como siempre se ha hecho a lo largo de la Historia de la Ciencia, se imagina &#8220;lo que podr\u00eda ser&#8221; y, con eso, el agujero de ignorancia queda oculto. Mientras tanto, se habla de ese nuevo elemento inventado (como la &#8220;<a href=\"#\" onclick=\"referencia('materia oscura',event); return false;\">materia oscura<\/a>&#8221; para explicar el comportamiento de las Galaxias y las estrellas que se mueven a m\u00e1s velocidad de la que debieran en funci\u00f3n de la materia que vemos. Pero, lo cierto es que, no podemos afirmar nada sobre la existencia de esa <a href=\"#\" onclick=\"referencia('materia oscura',event); return false;\">materia oscura<\/a>, no sabemos su origen, no sabemos de que estar\u00e1 conformada, no sabemos, no sabemos, no sabemos nada y, por concederle alguna cosa, le dimos la facultad de generar Gravedad, a pesar de no emitir radiaci\u00f3n y ser invisible que era muy conveniente para justificar no ser localizada.<\/strong><\/p>\n<\/blockquote>\n<p style=\"text-align: justify;\">\u00a1C\u00f3mo somos!<\/p>\n<p>En pocos a\u00f1os, sin duda, estaremos en condiciones de confirmar o refutar la hip\u00f3tesis de Hajdukovic.<\/p>\n<\/div>\n<div class='bookmark'>\r\n\t\t<table align='left' border='0' cellpadding='0' width='100%'>\r\n\t\t<tr><td><span class='pushbutton'><a href='http:\/\/delicious.com\/post?url=http%3A%2F%2Fwww.emiliosilveravazquez.com%2Fblog%2F2023%2F02%2F20%2Fal-final-me-daran-la-razon%2F&amp;title=Al+final+me+dar%C3%A1n+la+raz%C3%B3n' title='Delicious' target='_blank' rel='nofollow'><img src='http:\/\/www.emiliosilveravazquez.com\/blog\/wp-content\/plugins\/knxdt-bookmarks-wordpress-plugin\/images\/delicious.png'  alt='' class='book_img' border='none' style='margin:1px; padding: 0;'  \/><\/a><\/span><span class='pushbutton'><a href='http:\/\/digg.com\/submit?url=http%3A%2F%2Fwww.emiliosilveravazquez.com%2Fblog%2F2023%2F02%2F20%2Fal-final-me-daran-la-razon%2F&amp;title=Al+final+me+dar%C3%A1n+la+raz%C3%B3n' title='Digg' target='_blank' rel='nofollow'><img src='http:\/\/www.emiliosilveravazquez.com\/blog\/wp-content\/plugins\/knxdt-bookmarks-wordpress-plugin\/images\/digg.png'  alt='' class='book_img' border='none' style='margin:1px; padding: 0;'  \/><\/a><\/span><span class='pushbutton'><a href='http:\/\/www.google.com\/bookmarks\/mark?op=edit&amp;bkmk=http%3A%2F%2Fwww.emiliosilveravazquez.com%2Fblog%2F2023%2F02%2F20%2Fal-final-me-daran-la-razon%2F&amp;title=Al+final+me+dar%C3%A1n+la+raz%C3%B3n' title='Google' target='_blank' rel='nofollow'><img src='http:\/\/www.emiliosilveravazquez.com\/blog\/wp-content\/plugins\/knxdt-bookmarks-wordpress-plugin\/images\/google.png'   alt='' class='book_img' border='none' style='margin:1px; padding: 0;'  \/><\/a><\/span><span class='pushbutton'><a href='http:\/\/myweb2.search.yahoo.com\/myresults\/bookmarklet?u=http%3A%2F%2Fwww.emiliosilveravazquez.com%2Fblog%2F2023%2F02%2F20%2Fal-final-me-daran-la-razon%2F&amp;t=Al+final+me+dar%C3%A1n+la+raz%C3%B3n' title='Yahoo' target='_blank' rel='nofollow'><img src='http:\/\/www.emiliosilveravazquez.com\/blog\/wp-content\/plugins\/knxdt-bookmarks-wordpress-plugin\/images\/yahoo.png'  alt='' class='book_img' border='none' style='margin:1px; padding: 0;'  \/><\/a><\/span><span class='pushbutton'><a href='http:\/\/www.technorati.com\/faves?add=http%3A%2F%2Fwww.emiliosilveravazquez.com%2Fblog%2F2023%2F02%2F20%2Fal-final-me-daran-la-razon%2F' title='Technorati' target='_blank' rel='nofollow'><img src='http:\/\/www.emiliosilveravazquez.com\/blog\/wp-content\/plugins\/knxdt-bookmarks-wordpress-plugin\/images\/technorati.png'  alt='' class='book_img' border='none' style='margin:1px; padding: 0;'  \/><\/a><\/span><span class='pushbutton'><a href='http:\/\/meneame.net\/submit.php?url=http%3A%2F%2Fwww.emiliosilveravazquez.com%2Fblog%2F2023%2F02%2F20%2Fal-final-me-daran-la-razon%2F' title='Meneame' target='_blank' rel='nofollow'><img src='http:\/\/www.emiliosilveravazquez.com\/blog\/wp-content\/plugins\/knxdt-bookmarks-wordpress-plugin\/images\/meneame.png'  alt='' class='book_img' border='none' style='margin:1px; padding: 0;'  \/><\/a><\/span><span class='pushbutton'><a href='http:\/\/enchilame.com\/submit.php?url=http:\/\/www.emiliosilveravazquez.com\/blog\/2023\/02\/20\/al-final-me-daran-la-razon\/' target='_blank' rel='nofollow'><img title='Enchilame' src='http:\/\/www.emiliosilveravazquez.com\/blog\/wp-content\/plugins\/knxdt-bookmarks-wordpress-plugin\/images\/enchilame.png'  alt='' class='book_img' border='none' style='margin:1px; padding: 0;'  \/><\/a><\/span><span class='pushbutton'><a href='http:\/\/www.blinklist.com\/index.php?Action=Blink\/addblink.php&amp;Description=&amp;Url=http%3A%2F%2Fwww.emiliosilveravazquez.com%2Fblog%2F2023%2F02%2F20%2Fal-final-me-daran-la-razon%2F&amp;title=Al+final+me+dar%C3%A1n+la+raz%C3%B3n' title='BlinkList' target='_blank' rel='nofollow'><img src='http:\/\/www.emiliosilveravazquez.com\/blog\/wp-content\/plugins\/knxdt-bookmarks-wordpress-plugin\/images\/blinklist.png'  alt='' class='book_img' border='none' style='margin:1px; padding: 0;'  \/><\/a><\/span><span class='pushbutton'><a href='http:\/\/reddit.com\/submit?url=http%3A%2F%2Fwww.emiliosilveravazquez.com%2Fblog%2F2023%2F02%2F20%2Fal-final-me-daran-la-razon%2F&amp;title=Al+final+me+dar%C3%A1n+la+raz%C3%B3n' title='Reddit' target='_blank' rel='nofollow'><img src='http:\/\/www.emiliosilveravazquez.com\/blog\/wp-content\/plugins\/knxdt-bookmarks-wordpress-plugin\/images\/reddit.png'  alt='' class='book_img' border='none' style='margin:1px; padding: 0;'  \/><\/a><\/span><span class='pushbutton'><a href='http:\/\/www.tecnologiadiaria.com\/2009\/07\/abrir-com-hotmail-correo.html' target='_blank' title='hotmail'><img src='http:\/\/www.emiliosilveravazquez.com\/blog\/wp-content\/plugins\/knxdt-bookmarks-wordpress-plugin\/images\/linklove.png' alt='hotmail correo' class='book_img' border='none' style='margin:1px; padding: 0;' \/><\/a><\/span><span class='pushbutton'><a href='http:\/\/bitacoras.com\/votar\/anotacion\/externo\/mini\/www.emiliosilveravazquez.com\/blog\/2023\/02\/20\/al-final-me-daran-la-razon\/' title='Bitacoras.com' target='_blank' rel='nofollow'><img src='http:\/\/www.emiliosilveravazquez.com\/blog\/wp-content\/plugins\/knxdt-bookmarks-wordpress-plugin\/images\/bitacoras.png'  alt='' class='book_img' border='none' style='margin:1px; padding: 0;'  \/><\/a><\/span><span class='pushbutton'><a href='http:\/\/www.wikio.es\/vote?url=http%3A%2F%2Fwww.emiliosilveravazquez.com%2Fblog%2F2023%2F02%2F20%2Fal-final-me-daran-la-razon%2F' title='Wikio' target='_blank' rel='nofollow'><img src='http:\/\/www.emiliosilveravazquez.com\/blog\/wp-content\/plugins\/knxdt-bookmarks-wordpress-plugin\/images\/wikio.png'   alt='' class='book_img' border='none' style='margin:1px; padding: 0;'   \/><\/a><\/span><span class='pushbutton'><a href='http:\/\/friendfeed.com\/?url=http%3A%2F%2Fwww.emiliosilveravazquez.com%2Fblog%2F2023%2F02%2F20%2Fal-final-me-daran-la-razon%2F&amp;title=Al+final+me+dar%C3%A1n+la+raz%C3%B3n' title='Friend Feed' target='_blank' rel='nofollow'><img src='http:\/\/www.emiliosilveravazquez.com\/blog\/wp-content\/plugins\/knxdt-bookmarks-wordpress-plugin\/images\/friendfeed.png'  alt='' class='book_img' border='none' style='margin:1px; padding: 0;'  \/><\/a><\/span><span class='pushbutton'><a href='http:\/\/www.facebook.com\/share.php?u=http%3A%2F%2Fwww.emiliosilveravazquez.com%2Fblog%2F2023%2F02%2F20%2Fal-final-me-daran-la-razon%2F&amp;t=Al+final+me+dar%C3%A1n+la+raz%C3%B3n' title='Facebook' target='_blank' rel='nofollow'><img src='http:\/\/www.emiliosilveravazquez.com\/blog\/wp-content\/plugins\/knxdt-bookmarks-wordpress-plugin\/images\/facebook.png'  alt='' class='book_img' border='none' style='margin:1px; padding: 0;'  \/><\/a><\/span><span class='pushbutton'><a href='http:\/\/twitter.com\/home?status=Al+final+me+dar%C3%A1n+la+raz%C3%B3n: http%3A%2F%2Fwww.emiliosilveravazquez.com%2Fblog%2F2023%2F02%2F20%2Fal-final-me-daran-la-razon%2F' title='Twitter' target='_blank' rel='nofollow'><img src='http:\/\/www.emiliosilveravazquez.com\/blog\/wp-content\/plugins\/knxdt-bookmarks-wordpress-plugin\/images\/twitter.png'  alt='' class='book_img' border='none' style='margin:1px; padding: 0;'  \/><\/a><\/span><span class='pushbutton'><a href='http:\/\/www.feedburner.com\/fb\/a\/emailFlare?itemTitle=Al+final+me+dar%C3%A1n+la+raz%C3%B3n&amp;uri=http%3A%2F%2Fwww.emiliosilveravazquez.com%2Fblog%2F2023%2F02%2F20%2Fal-final-me-daran-la-razon%2F' title='Enviar por Email' target='_blank' rel='nofollow'><img src='http:\/\/www.emiliosilveravazquez.com\/blog\/wp-content\/plugins\/knxdt-bookmarks-wordpress-plugin\/images\/email.png'  alt='' class='book_img' border='none' style='margin:1px; padding: 0;'  \/><\/a><\/span><span style='font-weight:bold; padding-left: 5px;'><a href='http:\/\/wordpress.org\/extend\/plugins\/knxdt-bookmarks-wordpress-plugin\/' title='Plugin' rel='nofollow' target='_blank'>[?]<\/a><\/span><\/td><\/tr><\/table><br\/><br\/><\/div>","protected":false},"excerpt":{"rendered":"<p>DRAGAN HAJDUKOVIC PROPONE UNA NUEVA TEORIA ANTI GRAVITATORIA SIN MATERIA OSCURA &nbsp; \u00a0 \u00a0 \u00a0 \u00a0 \u00a0 \u00a0 \u00a0 \u00a0 \u00a0 . \u00a0La misteriosa sustancia conocida como materia oscura puede ser en realidad una ilusi\u00f3n creada por la interacci\u00f3n gravitacional entre part\u00edculas de corta vida de materia y antimateria, seg\u00fan un nuevo estudio. Se cree [&hellip;]<\/p>\n","protected":false},"author":2,"featured_media":0,"comment_status":"open","ping_status":"open","sticky":false,"template":"","format":"standard","meta":{"_s2mail":"","footnotes":""},"categories":[1],"tags":[],"_links":{"self":[{"href":"http:\/\/www.emiliosilveravazquez.com\/blog\/wp-json\/wp\/v2\/posts\/29752"}],"collection":[{"href":"http:\/\/www.emiliosilveravazquez.com\/blog\/wp-json\/wp\/v2\/posts"}],"about":[{"href":"http:\/\/www.emiliosilveravazquez.com\/blog\/wp-json\/wp\/v2\/types\/post"}],"author":[{"embeddable":true,"href":"http:\/\/www.emiliosilveravazquez.com\/blog\/wp-json\/wp\/v2\/users\/2"}],"replies":[{"embeddable":true,"href":"http:\/\/www.emiliosilveravazquez.com\/blog\/wp-json\/wp\/v2\/comments?post=29752"}],"version-history":[{"count":0,"href":"http:\/\/www.emiliosilveravazquez.com\/blog\/wp-json\/wp\/v2\/posts\/29752\/revisions"}],"wp:attachment":[{"href":"http:\/\/www.emiliosilveravazquez.com\/blog\/wp-json\/wp\/v2\/media?parent=29752"}],"wp:term":[{"taxonomy":"category","embeddable":true,"href":"http:\/\/www.emiliosilveravazquez.com\/blog\/wp-json\/wp\/v2\/categories?post=29752"},{"taxonomy":"post_tag","embeddable":true,"href":"http:\/\/www.emiliosilveravazquez.com\/blog\/wp-json\/wp\/v2\/tags?post=29752"}],"curies":[{"name":"wp","href":"https:\/\/api.w.org\/{rel}","templated":true}]}}