{"id":29525,"date":"2025-12-14T11:36:38","date_gmt":"2025-12-14T10:36:38","guid":{"rendered":"http:\/\/www.emiliosilveravazquez.com\/blog\/?p=29525"},"modified":"2025-12-14T11:36:16","modified_gmt":"2025-12-14T10:36:16","slug":"el-universo-y-sus-reglas-para-la-presencia-de-la-vida","status":"publish","type":"post","link":"http:\/\/www.emiliosilveravazquez.com\/blog\/2025\/12\/14\/el-universo-y-sus-reglas-para-la-presencia-de-la-vida\/","title":{"rendered":"El Universo y sus reglas para la presencia de la Vida"},"content":{"rendered":"<p><iframe loading=\"lazy\" title=\"Constantes universales: Astronom\u00eda #7\" width=\"500\" height=\"281\" src=\"https:\/\/www.youtube.com\/embed\/rAvvkJpmS0w?feature=oembed\" frameborder=\"0\" allow=\"accelerometer; autoplay; clipboard-write; encrypted-media; gyroscope; picture-in-picture; web-share\" referrerpolicy=\"strict-origin-when-cross-origin\" allowfullscreen><\/iframe><\/p>\n<blockquote><p>&nbsp;<\/p>\n<p style=\"text-align: justify;\"><strong>Lo mismo que nos pasa con las distancias existentes en el Universo, lo que ocurre con el Tiempo que, por muchas vueltas que le demos, no llegamos a comprenderlo, tampoco podemos comprender (al menos de manera total y cient\u00edfica), las enormes maravillas presentes en nuestro mundo (en los mundos), la variedad de ex\u00f3ticos objetos que, llenos de energ\u00eda, pululan por el Universo inmenso, la variedad de formas, colores y olores, las diferentes formas de vida&#8230;<\/strong><\/p>\n<\/blockquote>\n<p>&nbsp;<\/p>\n<blockquote><p><img decoding=\"async\" loading=\"lazy\" class=\"\" src=\"https:\/\/muyinteresante.okdiario.com\/wp-content\/uploads\/sites\/5\/2023\/08\/22\/64e48cb3051b6-og.jpeg\" alt=\"Objetos extra\u00f1os del universo: Explorando lo desconocido\" width=\"741\" height=\"389\" \/><img decoding=\"async\" loading=\"lazy\" class=\"\" src=\"https:\/\/muyinteresante.okdiario.com\/wp-content\/uploads\/sites\/5\/2023\/08\/Cefeida-scaled.jpg?resize=1024,1006\" alt=\"Objetos extra\u00f1os del universo: Explorando lo desconocido\" width=\"742\" height=\"729\" \/><img decoding=\"async\" loading=\"lazy\" class=\"\" src=\"https:\/\/muyinteresante.okdiario.com\/wp-content\/uploads\/sites\/5\/2023\/08\/467320203_1091081945895595_5196503552435274028_n.jpg?w=1024\" alt=\"Objetos extra\u00f1os del universo: Explorando lo desconocido\" width=\"740\" height=\"740\" \/><\/p><\/blockquote>\n<p><strong>No siempre hemos podido explicar las extra\u00f1os objetos captados por los grandes telescopios<\/strong><\/p>\n<blockquote>\n<p style=\"text-align: justify;\"><strong>Todo esto nos tendr\u00eda que hacer pensar, preguntarnos \u00bfC\u00f3mo es todo eso posible? \u00bfC\u00f3mo se produjeron tales maravillas? \u00bfSer\u00e1 cierto lo de aquella Gran Explosi\u00f3n que fue el comienzo de todo, o, al menos un nuevo comienzo de lo que antes hab\u00eda?<\/strong><\/p>\n<\/blockquote>\n<p>&nbsp;<\/p>\n<blockquote>\n<table class=\"wikitable\" style=\"width: 58.4274%; height: 869px;\" border=\"3\">\n<tbody>\n<tr style=\"height: 72px;\">\n<th style=\"height: 72px; width: 18.4158%;\"><a class=\"mw-redirect\" title=\"Supere\u00f3n\" href=\"https:\/\/es.wikipedia.org\/wiki\/Supere%C3%B3n\">Supere\u00f3n<\/a><\/th>\n<th style=\"height: 72px; width: 18.6139%;\"><a title=\"E\u00f3n (geolog\u00eda)\" href=\"https:\/\/es.wikipedia.org\/wiki\/E%C3%B3n_(geolog%C3%ADa)\">E\u00f3n<\/a><\/th>\n<th style=\"height: 72px; width: 26.1386%;\"><b>Era<\/b><\/th>\n<th style=\"height: 72px; width: 17.6238%;\"><a title=\"Per\u00edodo geol\u00f3gico\" href=\"https:\/\/es.wikipedia.org\/wiki\/Per%C3%ADodo_geol%C3%B3gico\">Periodo<\/a><\/th>\n<th style=\"height: 72px; width: 16.4356%;\">Inicio, en<br \/>\nmillones<br \/>\nde a\u00f1os<\/th>\n<\/tr>\n<tr style=\"height: 24px;\">\n<td style=\"height: 288px; width: 18.4158%;\" rowspan=\"12\"><\/td>\n<td style=\"height: 288px; width: 18.6139%;\" rowspan=\"12\"><a class=\"mw-redirect\" title=\"Fanerozoico\" href=\"https:\/\/es.wikipedia.org\/wiki\/Fanerozoico\">Fanerozoico<\/a><\/td>\n<td style=\"height: 72px; width: 26.1386%;\" rowspan=\"3\"><a class=\"mw-redirect\" title=\"Cenozoico\" href=\"https:\/\/es.wikipedia.org\/wiki\/Cenozoico\">Cenozoico<\/a><\/td>\n<td style=\"height: 24px; width: 17.6238%;\"><a class=\"mw-redirect\" title=\"Cuaternario\" href=\"https:\/\/es.wikipedia.org\/wiki\/Cuaternario\">Cuaternario<\/a><\/td>\n<td style=\"height: 24px; width: 16.4356%;\"><small>2,588<\/small><\/td>\n<\/tr>\n<tr style=\"height: 24px;\">\n<td style=\"height: 24px; width: 17.6238%;\"><a title=\"Ne\u00f3geno\" href=\"https:\/\/es.wikipedia.org\/wiki\/Ne%C3%B3geno\">Ne\u00f3geno<\/a><\/td>\n<td style=\"height: 24px; width: 16.4356%;\"><small>23,03<\/small><\/td>\n<\/tr>\n<tr style=\"height: 24px;\">\n<td style=\"height: 24px; width: 17.6238%;\"><a title=\"Pale\u00f3geno\" href=\"https:\/\/es.wikipedia.org\/wiki\/Pale%C3%B3geno\">Pale\u00f3geno<\/a><\/td>\n<td style=\"height: 24px; width: 16.4356%;\"><small>66,0<\/small><\/td>\n<\/tr>\n<tr style=\"height: 24px;\">\n<td style=\"height: 72px; width: 26.1386%;\" rowspan=\"3\"><a class=\"mw-redirect\" title=\"Mesozoico\" href=\"https:\/\/es.wikipedia.org\/wiki\/Mesozoico\">Mesozoico<\/a><\/td>\n<td style=\"height: 24px; width: 17.6238%;\"><a title=\"Cret\u00e1cico\" href=\"https:\/\/es.wikipedia.org\/wiki\/Cret%C3%A1cico\">Cret\u00e1cico<\/a><\/td>\n<td style=\"height: 24px; width: 16.4356%;\"><small>~145,0\u00b10,8<\/small><\/td>\n<\/tr>\n<tr style=\"height: 24px;\">\n<td style=\"height: 24px; width: 17.6238%;\"><a title=\"Jur\u00e1sico\" href=\"https:\/\/es.wikipedia.org\/wiki\/Jur%C3%A1sico\">Jur\u00e1sico<\/a><\/td>\n<td style=\"height: 24px; width: 16.4356%;\"><small>201,3\u00b10,2<\/small><\/td>\n<\/tr>\n<tr style=\"height: 24px;\">\n<td style=\"height: 24px; width: 17.6238%;\"><a title=\"Tri\u00e1sico\" href=\"https:\/\/es.wikipedia.org\/wiki\/Tri%C3%A1sico\">Tri\u00e1sico<\/a><\/td>\n<td style=\"height: 24px; width: 16.4356%;\"><small>252,2\u00b10,5<\/small><\/td>\n<\/tr>\n<tr style=\"height: 24px;\">\n<td style=\"height: 144px; width: 26.1386%;\" rowspan=\"6\"><a class=\"mw-redirect\" title=\"Paleozoico\" href=\"https:\/\/es.wikipedia.org\/wiki\/Paleozoico\">Paleozoico<\/a><\/td>\n<td style=\"height: 24px; width: 17.6238%;\"><a title=\"P\u00e9rmico\" href=\"https:\/\/es.wikipedia.org\/wiki\/P%C3%A9rmico\">P\u00e9rmico<\/a><\/td>\n<td style=\"height: 24px; width: 16.4356%;\"><small>298,9\u00b10,2<\/small><\/td>\n<\/tr>\n<tr style=\"height: 24px;\">\n<td style=\"height: 24px; width: 17.6238%;\"><a title=\"Carbon\u00edfero\" href=\"https:\/\/es.wikipedia.org\/wiki\/Carbon%C3%ADfero\">Carbon\u00edfero<\/a><\/td>\n<td style=\"height: 24px; width: 16.4356%;\"><small>358,9\u00b10,4<\/small><\/td>\n<\/tr>\n<tr style=\"height: 24px;\">\n<td style=\"height: 24px; width: 17.6238%;\"><a title=\"Dev\u00f3nico\" href=\"https:\/\/es.wikipedia.org\/wiki\/Dev%C3%B3nico\">Dev\u00f3nico<\/a><\/td>\n<td style=\"height: 24px; width: 16.4356%;\"><small>419,2\u00b13,2<\/small><\/td>\n<\/tr>\n<tr style=\"height: 24px;\">\n<td style=\"height: 24px; width: 17.6238%;\"><a title=\"Sil\u00farico\" href=\"https:\/\/es.wikipedia.org\/wiki\/Sil%C3%BArico\">Sil\u00farico<\/a><\/td>\n<td style=\"height: 24px; width: 16.4356%;\"><small>443,4\u00b11,5<\/small><\/td>\n<\/tr>\n<tr style=\"height: 24px;\">\n<td style=\"height: 24px; width: 17.6238%;\"><a title=\"Ordov\u00edcico\" href=\"https:\/\/es.wikipedia.org\/wiki\/Ordov%C3%ADcico\">Ordov\u00edcico<\/a><\/td>\n<td style=\"height: 24px; width: 16.4356%;\"><small>485,4\u00b11,9<\/small><\/td>\n<\/tr>\n<tr style=\"height: 24px;\">\n<td style=\"height: 24px; width: 17.6238%;\"><a title=\"C\u00e1mbrico\" href=\"https:\/\/es.wikipedia.org\/wiki\/C%C3%A1mbrico\">C\u00e1mbrico<\/a><\/td>\n<td style=\"height: 24px; width: 16.4356%;\"><small>538,8\u00b10,2<\/small><\/td>\n<\/tr>\n<tr style=\"height: 24px;\">\n<td style=\"height: 360px; width: 18.4158%;\" rowspan=\"15\"><a title=\"Prec\u00e1mbrico\" href=\"https:\/\/es.wikipedia.org\/wiki\/Prec%C3%A1mbrico\">Prec\u00e1mbrico<\/a><\/td>\n<td style=\"height: 240px; width: 18.6139%;\" rowspan=\"10\"><a class=\"mw-redirect\" title=\"Proterozoico\" href=\"https:\/\/es.wikipedia.org\/wiki\/Proterozoico\">Proterozoico<\/a><\/td>\n<td style=\"height: 72px; width: 26.1386%;\" rowspan=\"3\"><a title=\"Neoproterozoico\" href=\"https:\/\/es.wikipedia.org\/wiki\/Neoproterozoico\">Neoproterozoico<\/a><\/td>\n<td style=\"height: 24px; width: 17.6238%;\"><a class=\"mw-redirect\" title=\"Ediac\u00e1rico\" href=\"https:\/\/es.wikipedia.org\/wiki\/Ediac%C3%A1rico\">Ediac\u00e1rico<\/a><\/td>\n<td style=\"height: 24px; width: 16.4356%;\" valign=\"bottom\"><small>~635<\/small><\/td>\n<\/tr>\n<tr style=\"height: 24px;\">\n<td style=\"height: 24px; width: 17.6238%;\"><a title=\"Per\u00edodo Criog\u00e9nico\" href=\"https:\/\/es.wikipedia.org\/wiki\/Per%C3%ADodo_Criog%C3%A9nico\">Criog\u00e9nico<\/a><\/td>\n<td style=\"height: 24px; width: 16.4356%;\" valign=\"bottom\"><small>850<\/small><\/td>\n<\/tr>\n<tr style=\"height: 24px;\">\n<td style=\"height: 24px; width: 17.6238%;\"><a title=\"Per\u00edodo T\u00f3nico\" href=\"https:\/\/es.wikipedia.org\/wiki\/Per%C3%ADodo_T%C3%B3nico\">T\u00f3nico<\/a><\/td>\n<td style=\"height: 24px; width: 16.4356%;\" valign=\"bottom\"><small>1000<\/small><\/td>\n<\/tr>\n<tr style=\"height: 24px;\">\n<td style=\"height: 72px; width: 26.1386%;\" rowspan=\"3\"><a title=\"Mesoproterozoico\" href=\"https:\/\/es.wikipedia.org\/wiki\/Mesoproterozoico\">Mesoproterozoico<\/a><\/td>\n<td style=\"height: 24px; width: 17.6238%;\"><a class=\"mw-redirect\" title=\"Est\u00e9nico\" href=\"https:\/\/es.wikipedia.org\/wiki\/Est%C3%A9nico\">Est\u00e9nico<\/a><\/td>\n<td style=\"height: 24px; width: 16.4356%;\" valign=\"bottom\"><small>1200<\/small><\/td>\n<\/tr>\n<tr style=\"height: 24px;\">\n<td style=\"height: 24px; width: 17.6238%;\"><a class=\"mw-redirect\" title=\"Ect\u00e1sico\" href=\"https:\/\/es.wikipedia.org\/wiki\/Ect%C3%A1sico\">Ect\u00e1sico<\/a><\/td>\n<td style=\"height: 24px; width: 16.4356%;\" valign=\"bottom\"><small>1400<\/small><\/td>\n<\/tr>\n<tr style=\"height: 24px;\">\n<td style=\"height: 24px; width: 17.6238%;\"><a class=\"mw-redirect\" title=\"Cal\u00edmmico\" href=\"https:\/\/es.wikipedia.org\/wiki\/Cal%C3%ADmmico\">Cal\u00edmico<\/a><\/td>\n<td style=\"height: 24px; width: 16.4356%;\" valign=\"bottom\"><small>1600<\/small><\/td>\n<\/tr>\n<tr style=\"height: 24px;\">\n<td style=\"height: 96px; width: 26.1386%;\" rowspan=\"4\"><a title=\"Paleoproterozoico\" href=\"https:\/\/es.wikipedia.org\/wiki\/Paleoproterozoico\">Paleoproterozoico<\/a><\/td>\n<td style=\"height: 24px; width: 17.6238%;\"><a class=\"mw-redirect\" title=\"Estat\u00e9rico\" href=\"https:\/\/es.wikipedia.org\/wiki\/Estat%C3%A9rico\">Estat\u00e9rico<\/a><\/td>\n<td style=\"height: 24px; width: 16.4356%;\" valign=\"bottom\"><small>1800<\/small><\/td>\n<\/tr>\n<tr style=\"height: 24px;\">\n<td style=\"height: 24px; width: 17.6238%;\"><a class=\"mw-redirect\" title=\"Oros\u00edrico\" href=\"https:\/\/es.wikipedia.org\/wiki\/Oros%C3%ADrico\">Oros\u00edrico<\/a><\/td>\n<td style=\"height: 24px; width: 16.4356%;\" valign=\"bottom\"><small>2050<\/small><\/td>\n<\/tr>\n<tr style=\"height: 24px;\">\n<td style=\"height: 24px; width: 17.6238%;\"><a class=\"mw-redirect\" title=\"Ri\u00e1sico\" href=\"https:\/\/es.wikipedia.org\/wiki\/Ri%C3%A1sico\">Ri\u00e1cico<\/a><\/td>\n<td style=\"height: 24px; width: 16.4356%;\" valign=\"bottom\"><small>2300<\/small><\/td>\n<\/tr>\n<tr style=\"height: 24px;\">\n<td style=\"height: 24px; width: 17.6238%;\"><a class=\"mw-redirect\" title=\"Sid\u00e9rico\" href=\"https:\/\/es.wikipedia.org\/wiki\/Sid%C3%A9rico\">Sid\u00e9rico<\/a><\/td>\n<td style=\"height: 24px; width: 16.4356%;\" valign=\"bottom\"><small>2500<\/small><\/td>\n<\/tr>\n<tr style=\"height: 24px;\">\n<td style=\"height: 96px; width: 18.6139%;\" rowspan=\"4\"><a class=\"mw-redirect\" title=\"E\u00f3n Arcaico\" href=\"https:\/\/es.wikipedia.org\/wiki\/E%C3%B3n_Arcaico\">Arcaico<\/a><\/td>\n<td style=\"height: 24px; width: 43.7624%;\" colspan=\"2\"><a class=\"mw-redirect\" title=\"Neoarcaico\" href=\"https:\/\/es.wikipedia.org\/wiki\/Neoarcaico\">Neoarcaico<\/a><\/td>\n<td style=\"height: 24px; width: 16.4356%;\" valign=\"bottom\"><small>2800<\/small><\/td>\n<\/tr>\n<tr style=\"height: 24px;\">\n<td style=\"height: 24px; width: 43.7624%;\" colspan=\"2\"><a class=\"mw-redirect\" title=\"Mesoarcaico\" href=\"https:\/\/es.wikipedia.org\/wiki\/Mesoarcaico\">Mesoarcaico<\/a><\/td>\n<td style=\"height: 24px; width: 16.4356%;\" valign=\"bottom\"><small>3200<\/small><\/td>\n<\/tr>\n<tr style=\"height: 24px;\">\n<td style=\"height: 24px; width: 43.7624%;\" colspan=\"2\"><a class=\"mw-redirect\" title=\"Paleoarcaico\" href=\"https:\/\/es.wikipedia.org\/wiki\/Paleoarcaico\">Paleoarcaico<\/a><\/td>\n<td style=\"height: 24px; width: 16.4356%;\" valign=\"bottom\"><small>3600<\/small><\/td>\n<\/tr>\n<tr style=\"height: 24px;\">\n<td style=\"height: 24px; width: 43.7624%;\" colspan=\"2\"><a class=\"mw-redirect\" title=\"Eoarcaico\" href=\"https:\/\/es.wikipedia.org\/wiki\/Eoarcaico\">Eoarcaico<\/a><\/td>\n<td style=\"height: 24px; width: 16.4356%;\" valign=\"bottom\"><small>4000<\/small><\/td>\n<\/tr>\n<tr style=\"height: 24px;\">\n<td style=\"height: 24px; width: 62.3763%;\" colspan=\"3\"><a class=\"mw-redirect\" title=\"H\u00e1dico\" href=\"https:\/\/es.wikipedia.org\/wiki\/H%C3%A1dico\">H\u00e1dico<\/a><\/td>\n<td style=\"height: 24px; width: 16.4356%;\" valign=\"bottom\"><small>~4600<\/small><\/td>\n<\/tr>\n<\/tbody>\n<\/table>\n<p><img decoding=\"async\" loading=\"lazy\" class=\"\" src=\"https:\/\/i.pinimg.com\/736x\/9f\/df\/72\/9fdf72270595c04d39aa33798c970406.jpg\" alt=\"8 ideas de Eras geologicas | origen de la tierra, evolucion, ciencias de la  tierra\" width=\"536\" height=\"759\" \/>&nbsp;<\/p>\n<p style=\"text-align: justify;\"><strong>Si miramos hacia atr\u00e1s en el Tiempo, podemos rememorar todas esas \u00c9pocas o Eras por las que ha pasado nuestro planeta Tierra en los 4.600 M de a\u00f1os de su vida. Muchas son las historias que podr\u00edamos contar, las especies que representaron alguna forma de vida y que se extinguieron y las nuevas que llegaron. Nosotros, en realidad, si nos situamos en el contexto temporal del Universo, s\u00f3lo llevamos aqu\u00ed el Tiempo que tarda el ojo en parpadear. Siendo eso as\u00ed, no podemos por m\u00e1s que sentirnos satisfechos de los muchos logros alcanzados, ya que, de estar encerrados en las grutas huyendo del fr\u00edo y de los peligros de la noche, ahora estamos tonteando con llegar a las estrellas.<\/strong><\/p>\n<p style=\"text-align: justify;\"><strong>Una cosa es cierta: A pesar de los logros alcanzados, sabemos menos de lo que creemos que sabemos, las preguntas siguen siendo m\u00e1s que las respuestas, y, si queremos comprender lo que el Universo es, nuestras mentalidades deben abrirse a nuevas ideas aunque a veces, nos puedan parecer descabelladas.<\/strong><\/p>\n<\/blockquote>\n<p>&nbsp;<\/p>\n<p><img decoding=\"async\" loading=\"lazy\" class=\"\" src=\"https:\/\/javierramos.es\/wp-content\/uploads\/2023\/07\/quien-hizo-las-leyes-que-rigen-el-universo.jpeg\" alt=\"Qui\u00e9n hizo las leyes que rigen el universo? | Javier Ramos\" width=\"836\" height=\"836\" \/><\/p>\n<p>&nbsp;<\/p>\n<p><img decoding=\"async\" class=\"aligncenter\" src=\"https:\/\/mundosmultiples.files.wordpress.com\/2020\/02\/constants.png\" alt=\"Ajuste Fino: Primordial para la Vida (Primera parte) : Blog de Emilio  Silvera V.\" \/><img decoding=\"async\" loading=\"lazy\" class=\"aligncenter\" src=\"https:\/\/hips.hearstapps.com\/hmg-prod\/images\/gettyimages-1085292400.jpg?resize=980:*\" alt=\"El universo funciona demasiado bien para ser un accidente\" width=\"502\" height=\"337\" \/><\/p>\n<p>&nbsp;<\/p>\n<p style=\"text-align: justify;\">El ajuste fino del universo o tambi\u00e9n llamado &#8220;<strong>principio antr\u00f3pico<\/strong>&#8220;, es uno de los hechos cient\u00edficos m\u00e1s importantes con el que cuenta la teolog\u00eda natural contempor\u00e1nea, ya que si bien no constituye una &#8220;demostraci\u00f3n&#8221; de la existencia de un Ente superior, en cierta medida nos sugiere que el universo ha sido deliberadamente dise\u00f1ado.<sup id=\"cite_ref-1\" class=\"reference\"><\/sup><\/p>\n<ul>\n<li class=\"toclevel-1 tocsection-1\"><a href=\"https:\/\/www.ecured.cu\/Ajuste_fino_del_Universo#Constantes_Fundamentales\"><span class=\"tocnumber\">1<\/span>\u00a0<span class=\"toctext\">Constantes Fundamentales<\/span><\/a>\n<ul>\n<li class=\"toclevel-2 tocsection-2\"><a href=\"https:\/\/www.ecured.cu\/Ajuste_fino_del_Universo#Radiaci.C3.B3n_c.C3.B3smica_de_fondo\"><span class=\"tocnumber\">1.1<\/span>\u00a0<span class=\"toctext\">Radiaci\u00f3n c\u00f3smica de fondo<\/span><\/a><\/li>\n<li class=\"toclevel-2 tocsection-3\"><a href=\"https:\/\/www.ecured.cu\/Ajuste_fino_del_Universo#La_fuerza_nuclear\"><span class=\"tocnumber\">1.2<\/span>\u00a0<span class=\"toctext\">La fuerza nuclear<\/span><\/a><\/li>\n<li class=\"toclevel-2 tocsection-4\"><a href=\"https:\/\/www.ecured.cu\/Ajuste_fino_del_Universo#Electrones_y_protones\"><span class=\"tocnumber\">1.3<\/span>\u00a0<span class=\"toctext\">Electrones y <a href=\"#\" onclick=\"referencia('proton',event); return false;\">protones<\/a><\/span><\/a><\/li>\n<li class=\"toclevel-2 tocsection-5\"><a href=\"https:\/\/www.ecured.cu\/Ajuste_fino_del_Universo#La_fuerza_electromagn.C3.A9tica_y_la_gravedad\"><span class=\"tocnumber\">1.4<\/span>\u00a0<span class=\"toctext\">La <a href=\"#\" onclick=\"referencia('fuerza electromagnetica',event); return false;\">fuerza electromagn\u00e9tica<\/a> y la gravedad<\/span><\/a><\/li>\n<li class=\"toclevel-2 tocsection-6\"><a href=\"https:\/\/www.ecured.cu\/Ajuste_fino_del_Universo#La_tasa_de_expansi.C3.B3n_del_universo\"><span class=\"tocnumber\">1.5<\/span>\u00a0<span class=\"toctext\">La tasa de expansi\u00f3n del universo<\/span><\/a><\/li>\n<li class=\"toclevel-2 tocsection-7\"><a href=\"https:\/\/www.ecured.cu\/Ajuste_fino_del_Universo#La_densidad_de_la_masa_del_universo\"><span class=\"tocnumber\">1.6<\/span>\u00a0<span class=\"toctext\">La densidad de la masa del universo<\/span><\/a><\/li>\n<\/ul>\n<\/li>\n<li class=\"toclevel-1 tocsection-8\"><a href=\"https:\/\/www.ecured.cu\/Ajuste_fino_del_Universo#Otras_hip.C3.B3tesis\"><span class=\"tocnumber\">2<\/span>\u00a0<span class=\"toctext\">Otras hip\u00f3tesis<\/span><\/a>\n<ul>\n<li class=\"toclevel-2 tocsection-9\"><a href=\"https:\/\/www.ecured.cu\/Ajuste_fino_del_Universo#Dise.C3.B1o_extraterrestre\"><span class=\"tocnumber\">2.1<\/span>\u00a0<span class=\"toctext\">Dise\u00f1o extraterrestre<\/span><\/a><\/li>\n<li class=\"toclevel-2 tocsection-10\"><a href=\"https:\/\/www.ecured.cu\/Ajuste_fino_del_Universo#Multiverso\"><span class=\"tocnumber\">2.2<\/span>\u00a0<span class=\"toctext\">Multiverso<\/span><\/a><\/li>\n<li class=\"toclevel-2 tocsection-11\"><a href=\"https:\/\/www.ecured.cu\/Ajuste_fino_del_Universo#Cosmolog.C3.ADa_arriba-abajo\"><span class=\"tocnumber\">2.3<\/span>\u00a0<span class=\"toctext\">Cosmolog\u00eda arriba-abajo<\/span><\/a><\/li>\n<\/ul>\n<\/li>\n<\/ul>\n<p>&nbsp;<\/p>\n<p><img decoding=\"async\" loading=\"lazy\" class=\"\" src=\"https:\/\/i.ytimg.com\/vi\/VOxbK7aUPCg\/maxresdefault.jpg\" alt=\"El Ajuste Fino del Universo\" width=\"790\" height=\"444\" \/><\/p>\n<p>&nbsp;<\/p>\n<p style=\"text-align: justify;\">En\u00a0<a title=\"Cosmolog\u00eda\" href=\"https:\/\/es.wikipedia.org\/wiki\/Cosmolog%C3%ADa\">cosmolog\u00eda<\/a>, el\u00a0<b>ajuste fino del universo<\/b>\u00a0o\u00a0<b>universo [bien]afinado<\/b>\u00a0es la proposici\u00f3n de que las condiciones que permiten la\u00a0<a title=\"Vida\" href=\"https:\/\/es.wikipedia.org\/wiki\/Vida\">vida<\/a>\u00a0en el\u00a0<a title=\"Universo\" href=\"https:\/\/es.wikipedia.org\/wiki\/Universo\">universo<\/a>\u00a0solo pueden ocurrir cuando ciertas\u00a0<a class=\"mw-redirect\" title=\"Constantes fundamentales\" href=\"https:\/\/es.wikipedia.org\/wiki\/Constantes_fundamentales\">constantes fundamentales<\/a>\u00a0se encuentran en un rango muy estrecho de valores, de modo que si alguna de esas constantes fuera ligeramente diferente, el universo probablemente no ser\u00eda propicio para el establecimiento y desarrollo de la\u00a0<a title=\"Materia\" href=\"https:\/\/es.wikipedia.org\/wiki\/Materia\">materia<\/a>, de las estructuras astron\u00f3micas, de la diversidad elemental o de la vida, tal como se entiende.<sup id=\"cite_ref-:0_1-0\" class=\"reference separada\"><a href=\"https:\/\/es.wikipedia.org\/wiki\/Ajuste_fino_del_universo#cite_note-:0-1\">1<\/a><\/sup>\u200b<sup id=\"cite_ref-:1_2-0\" class=\"reference separada\"><a href=\"https:\/\/es.wikipedia.org\/wiki\/Ajuste_fino_del_universo#cite_note-:1-2\">2<\/a><\/sup>\u200b<sup id=\"cite_ref-3\" class=\"reference separada\"><a href=\"https:\/\/es.wikipedia.org\/wiki\/Ajuste_fino_del_universo#cite_note-3\">3<\/a><\/sup>\u200b<sup id=\"cite_ref-:2_4-0\" class=\"reference separada\"><a href=\"https:\/\/es.wikipedia.org\/wiki\/Ajuste_fino_del_universo#cite_note-:2-4\">4<\/a><\/sup>\u200b Por ejemplo, la vida no puede desarrollarse si la\u00a0<a title=\"Constante cosmol\u00f3gica\" href=\"https:\/\/es.wikipedia.org\/wiki\/Constante_cosmol%C3%B3gica\">constante cosmol\u00f3gica<\/a>\u00a0o la\u00a0<a title=\"Energ\u00eda oscura\" href=\"https:\/\/es.wikipedia.org\/wiki\/Energ%C3%ADa_oscura\">energ\u00eda oscura<\/a>\u00a0tuvieran valores demasiado altos, ya que as\u00ed evitar\u00edan el mecanismo de la\u00a0<a title=\"Inestabilidad de Jeans\" href=\"https:\/\/es.wikipedia.org\/wiki\/Inestabilidad_de_Jeans\">inestabilidad gravitacional<\/a>\u00a0y, en consecuencia, la\u00a0<a title=\"Formaci\u00f3n de estructuras\" href=\"https:\/\/es.wikipedia.org\/wiki\/Formaci%C3%B3n_de_estructuras\">formaci\u00f3n de grandes estructuras<\/a>. La peque\u00f1ez del valor observado de la energ\u00eda oscura, en comparaci\u00f3n con el valor que parece m\u00e1s natural (correspondiente a la\u00a0<a title=\"Densidad de Planck\" href=\"https:\/\/es.wikipedia.org\/wiki\/Densidad_de_Planck\">densidad de Planck<\/a>, sea 10<sup>122<\/sup>\u00a0veces mayor que el valor observado) es un ejemplo de ajuste fino.<\/p>\n<p>&nbsp;<\/p>\n<blockquote><p><img decoding=\"async\" src=\"https:\/\/i.imgur.com\/v5Yn68I.png\" alt=\"Parece que el Universo sab\u00eda que ibamos a venir : Blog de Emilio Silvera V.\" \/><\/p><\/blockquote>\n<p style=\"text-align: justify;\">Sin tantas las coincidencias, tantos los par\u00e1metros que han tenido que confluir para que la vida pudiera estar aqu\u00ed presente que&#8230;\u00a1Nos hace pensar en una Mente superior, una Conciencia C\u00f3smica que lo hiciera posible, tanta complejidad llevada a una estructura del nivel de la Vida, no puede ser cosa del Azar.<\/p>\n<p>En este punto, nos detenemos a contemplar con calma, lo que suponen las Constantes Universales del Universo.<\/p>\n<p>&nbsp;<\/p>\n<p><img decoding=\"async\" loading=\"lazy\" class=\"\" src=\"https:\/\/images.ecestaticos.com\/J7Vsl628bdHYx3erNSu0s_AHhps=\/0x0:1920x1080\/1200x900\/filters:fill(white):format(jpg)\/f.elconfidencial.com%2Foriginal%2F07f%2Ffbb%2F1e0%2F07ffbb1e07ee52801d6b4b15885e432a.jpg\" alt=\"Acercarse a la velocidad de la luz\u2026 trae consecuencias : Blog de Emilio  Silvera V.\" width=\"724\" height=\"543\" \/><\/p>\n<p>&nbsp;<\/p>\n<p style=\"text-align: justify;\">Si la velocidad de la luz (c) disminuyera un tercio (a unos 200,000 km\/s), las consecuencias ser\u00edan catastr\u00f3ficas: la energ\u00eda (<img decoding=\"async\" role=\"presentation\" draggable=\"false\" src=\"data:image\/gif;base64,R0lGODlhAQABAIAAAP\/\/\/wAAACH5BAEAAAAALAAAAAABAAEAAAICRAEAOw==\" aria-hidden=\"true\" data-xpm-latex=\"E=mc^{2}\" data-imglogged=\"true\" data-aatf=\"4\" data-processed=\"true\" \/>=<sup>2<\/sup>) se reducir\u00eda dr\u00e1sticamente, afectando el Sol y haciendo imposible la vida, el universo se ver\u00eda diferente con la <a href=\"#\" onclick=\"referencia('relatividad',event); return false;\">relatividad<\/a> temporal alterada, y las comunicaciones ser\u00edan m\u00e1s lentas, pero el cambio m\u00e1s fundamental es que las leyes f\u00edsicas, incluyendo la relaci\u00f3n masa-energ\u00eda y la constancia de c, se romper\u00edan, haciendo que nuestra realidad actual no pudiera existir.<span class=\"uJ19be notranslate\" data-wiz-uids=\"YyqFCe_14,YyqFCe_15,YyqFCe_16\" data-processed=\"true\"><span class=\"vKEkVd\" data-animation-atomic=\"\" data-wiz-attrbind=\"class=YyqFCe_14\/TKHnVd;\" data-processed=\"true\">\u00a0<\/span><\/span><\/p>\n<ul class=\"KsbFXc U6u95\" data-processed=\"true\">\n<li style=\"text-align: justify;\" data-hveid=\"CAQQAA\" data-processed=\"true\"><span class=\"T286Pc\" data-sfc-cp=\"\" data-processed=\"true\"><strong class=\"Yjhzub\" data-processed=\"true\">Menor energ\u00eda<!--Sv6Kpe[]--><\/strong>: La energ\u00eda es proporcional al cuadrado de la velocidad de la luz (<\/span>c<sup>2<\/sup>). Si <img decoding=\"async\" role=\"presentation\" draggable=\"false\" src=\"data:image\/gif;base64,R0lGODlhAQABAIAAAP\/\/\/wAAACH5BAEAAAAALAAAAAABAAEAAAICRAEAOw==\" aria-hidden=\"true\" data-xpm-latex=\"c\" data-imglogged=\"true\" data-processed=\"true\" \/> <span class=\"T286Pc\" data-sfc-cp=\"\" data-processed=\"true\">baja un tercio c<sup>2<\/sup>\u00a0 baja mucho m\u00e1s, <\/span>\u00a0liberando menos energ\u00eda en procesos nucleares.<!--Sv6Kpe[]--><\/li>\n<li style=\"text-align: justify;\" data-hveid=\"CAQQBA\" data-processed=\"true\"><span class=\"T286Pc\" data-sfc-cp=\"\" data-processed=\"true\"><strong class=\"Yjhzub\" data-processed=\"true\">El Sol se apagar\u00eda<!--Sv6Kpe[]--><\/strong>: Las reacciones nucleares que alimentan al Sol (fusi\u00f3n) se volver\u00edan mucho menos eficientes, o incluso se detendr\u00edan, haciendo que el Sol se enfriara y la Tierra se congelara r\u00e1pidamente, acabando con la vida.<!--Sv6Kpe[]--><\/span><span class=\"uJ19be notranslate\" data-wiz-uids=\"YSAfDe_1n,YSAfDe_1o,YSAfDe_1p\" data-processed=\"true\"><span class=\"vKEkVd\" data-animation-atomic=\"\" data-wiz-attrbind=\"class=YSAfDe_1n\/TKHnVd;\" data-processed=\"true\">\u00a0<\/span><!--Sv6Kpe[[null,null,&quot;6815bcad-38d4-4ff4-8e03-be8c6431b24b&quot;,null,null,1,0,&quot;&quot;,&quot;&quot;]]--><\/span><!--Sv6Kpe[]--><\/li>\n<p><!--Sv6Kpe[]--><\/ul>\n<div data-crb-el=\"sfX1rc\" data-wiz-uids=\"YSAfDe_1q\" data-processed=\"true\"><!--Sv6Kpe[[&quot;6815bcad-38d4-4ff4-8e03-be8c6431b24b&quot;,&quot;7&quot;,0,&quot;https:\/\/www.youtube.com\/watch?v\\u003d61cpoqRs9b0\\u0026t\\u003d280&quot;,&quot;https:\/\/encrypted-tbn2.gstatic.com\/faviconV2?url\\u003dhttps:\/\/www.youtube.com\\u0026client\\u003dAIM\\u0026size\\u003d128\\u0026type\\u003dFAVICON\\u0026fallback_opts\\u003dTYPE,SIZE,URL&quot;,&quot;&quot;]]--><\/div>\n<div class=\"Fsg96\" data-sfc-cp=\"\" data-processed=\"true\"><!--Sv6Kpe[]--><\/div>\n<div class=\"otQkpb\" role=\"heading\" aria-level=\"3\" data-animation-nesting=\"\" data-sfc-cp=\"\" data-processed=\"true\"><strong>Impacto en la Relatividad y el Tiempo<\/strong><span class=\"txxDge notranslate\" data-wiz-uids=\"YSAfDe_1t,YSAfDe_1u,YSAfDe_1v\" data-processed=\"true\"><strong><span class=\"vKEkVd\" data-animation-atomic=\"\" data-wiz-attrbind=\"class=YSAfDe_1t\/TKHnVd;\" data-processed=\"true\">\u00a0<\/span><\/strong><!--Sv6Kpe[[null,null,&quot;38791483-2b13-4fcb-9c66-9ff8cdd72370&quot;,null,null,0,0,&quot;&quot;,&quot;&quot;]]--><\/span><!--Sv6Kpe[]--><\/div>\n<ul class=\"KsbFXc U6u95\" data-processed=\"true\">\n<li style=\"text-align: justify;\" data-hveid=\"CAYQAA\" data-processed=\"true\"><span class=\"T286Pc\" data-sfc-cp=\"\" data-processed=\"true\"><strong class=\"Yjhzub\" data-processed=\"true\">El tiempo ser\u00eda diferente<!--Sv6Kpe[]--><\/strong>: La <a href=\"#\" onclick=\"referencia('relatividad',event); return false;\">relatividad<\/a> especial de <a href=\"#\" onclick=\"referencia('einstein',event); return false;\">Einstein<\/a> conecta espacio y tiempo. Una <img decoding=\"async\" role=\"presentation\" draggable=\"false\" src=\"data:image\/gif;base64,R0lGODlhAQABAIAAAP\/\/\/wAAACH5BAEAAAAALAAAAAABAAEAAAICRAEAOw==\" aria-hidden=\"true\" data-xpm-latex=\"c\" data-imglogged=\"true\" data-processed=\"true\" \/> <\/span><span class=\"T286Pc\" data-sfc-cp=\"\" data-processed=\"true\">m\u00e1s lenta alterar\u00eda la dilataci\u00f3n del tiempo y la contracci\u00f3n de la longitud, haciendo que los efectos relativistas se notaran a velocidades mucho m\u00e1s baja.<!--Sv6Kpe[]--><\/span><!--Sv6Kpe[]--><\/li>\n<li style=\"text-align: justify;\" data-hveid=\"CAYQAg\" data-processed=\"true\"><span class=\"T286Pc\" data-sfc-cp=\"\" data-processed=\"true\"><strong class=\"Yjhzub\" data-processed=\"true\">Percepci\u00f3n visual<!--Sv6Kpe[]--><\/strong>: Los colores y la forma en que vemos las cosas cambiar\u00edan, ya que la luz tardar\u00eda m\u00e1s en llegar a nuestros ojos desde objetos distantes, y la &#8216;aberraci\u00f3n&#8217; (c\u00f3mo vemos la luz venir de frente) se manifestar\u00eda m\u00e1s pronto.<!--Sv6Kpe[]--><\/span><span class=\"uJ19be notranslate\" data-wiz-uids=\"YSAfDe_24,YSAfDe_25,YSAfDe_26\" data-processed=\"true\"><span class=\"vKEkVd\" data-animation-atomic=\"\" data-wiz-attrbind=\"class=YSAfDe_24\/TKHnVd;\" data-processed=\"true\">\u00a0<\/span><!--Sv6Kpe[[null,null,&quot;1da3d8c5-dfdb-4079-9c5d-83615bedb168&quot;,null,null,1,0,&quot;&quot;,&quot;&quot;]]--><\/span><!--Sv6Kpe[]--><\/li>\n<p><!--Sv6Kpe[]--><\/ul>\n<div data-crb-el=\"sfX1rc\" data-wiz-uids=\"YSAfDe_27\" data-processed=\"true\"><!--Sv6Kpe[[&quot;1da3d8c5-dfdb-4079-9c5d-83615bedb168&quot;,&quot;7&quot;,0,&quot;https:\/\/www.youtube.com\/watch?v\\u003d61cpoqRs9b0\\u0026t\\u003d280&quot;,&quot;https:\/\/encrypted-tbn2.gstatic.com\/faviconV2?url\\u003dhttps:\/\/www.youtube.com\\u0026client\\u003dAIM\\u0026size\\u003d128\\u0026type\\u003dFAVICON\\u0026fallback_opts\\u003dTYPE,SIZE,URL&quot;,&quot;&quot;]]--><\/div>\n<div class=\"Fsg96\" data-sfc-cp=\"\" data-processed=\"true\"><!--Sv6Kpe[]--><\/div>\n<div class=\"otQkpb\" role=\"heading\" aria-level=\"3\" data-animation-nesting=\"\" data-sfc-cp=\"\" data-processed=\"true\"><strong>Impacto en la f\u00edsica fundamental<\/strong><span class=\"txxDge notranslate\" data-wiz-uids=\"YSAfDe_2a,YSAfDe_2b,YSAfDe_2c\" data-processed=\"true\"><strong><span class=\"vKEkVd\" data-animation-atomic=\"\" data-wiz-attrbind=\"class=YSAfDe_2a\/TKHnVd;\" data-processed=\"true\">\u00a0<\/span><\/strong><!--Sv6Kpe[[null,null,&quot;3db625b6-3f2f-45df-838b-81ed976c5f2f&quot;,null,null,0,0,&quot;&quot;,&quot;&quot;]]--><\/span><!--Sv6Kpe[]--><\/div>\n<ul class=\"KsbFXc U6u95\" data-processed=\"true\">\n<li style=\"text-align: justify;\" data-hveid=\"CAgQAA\" data-processed=\"true\"><span class=\"T286Pc\" data-sfc-cp=\"\" data-processed=\"true\"><strong class=\"Yjhzub\" data-processed=\"true\">Estructura at\u00f3mica<!--Sv6Kpe[]--><\/strong>: La velocidad de la luz est\u00e1 ligada a la <a href=\"#\" onclick=\"referencia('fuerza electromagnetica',event); return false;\">fuerza electromagn\u00e9tica<\/a>. Una <img decoding=\"async\" role=\"presentation\" draggable=\"false\" src=\"data:image\/gif;base64,R0lGODlhAQABAIAAAP\/\/\/wAAACH5BAEAAAAALAAAAAABAAEAAAICRAEAOw==\" aria-hidden=\"true\" data-xpm-latex=\"c\" data-imglogged=\"true\" data-processed=\"true\" \/> <\/span><span class=\"T286Pc\" data-sfc-cp=\"\" data-processed=\"true\">menor podr\u00eda alterar la forma en que los <a href=\"#\" onclick=\"referencia('electron',event); return false;\">electrones<\/a> orbitan los n\u00facleos, haciendo que los \u00e1tomos sean inestables o diferentes.<!--Sv6Kpe[]--><\/span><!--Sv6Kpe[]--><\/li>\n<li style=\"text-align: justify;\" data-hveid=\"CAgQAg\" data-processed=\"true\"><span class=\"T286Pc\" data-sfc-cp=\"\" data-processed=\"true\"><strong class=\"Yjhzub\" data-processed=\"true\">Universo no habitable<!--Sv6Kpe[]--><\/strong>: Las constantes f\u00edsicas, como la velocidad de la luz, son finamente ajustadas para permitir la formaci\u00f3n de estrellas, planetas y vida. Un cambio tan dr\u00e1stico har\u00eda imposible el universo tal como lo conocemos.<!--Sv6Kpe[]--><\/span><span class=\"uJ19be notranslate\" data-wiz-uids=\"YSAfDe_2l,YSAfDe_2m,YSAfDe_2n\" data-processed=\"true\"><span class=\"vKEkVd\" data-animation-atomic=\"\" data-wiz-attrbind=\"class=YSAfDe_2l\/TKHnVd;\" data-processed=\"true\">\u00a0<\/span><!--Sv6Kpe[[null,null,&quot;175b9085-b911-465d-8ffb-866deb57b04a&quot;,null,null,1,0,&quot;&quot;,&quot;&quot;]]--><\/span><!--Sv6Kpe[]--><\/li>\n<p><!--Sv6Kpe[]--><\/ul>\n<div data-crb-el=\"sfX1rc\" data-wiz-uids=\"YSAfDe_2o\" data-processed=\"true\"><!--Sv6Kpe[[&quot;175b9085-b911-465d-8ffb-866deb57b04a&quot;,&quot;7&quot;,0,&quot;https:\/\/www.youtube.com\/watch?v\\u003d61cpoqRs9b0\\u0026t\\u003d280&quot;,&quot;https:\/\/encrypted-tbn2.gstatic.com\/faviconV2?url\\u003dhttps:\/\/www.youtube.com\\u0026client\\u003dAIM\\u0026size\\u003d128\\u0026type\\u003dFAVICON\\u0026fallback_opts\\u003dTYPE,SIZE,URL&quot;,&quot;&quot;]]--><\/div>\n<div class=\"Y3BBE\" style=\"text-align: justify;\" data-sfc-cp=\"\" data-hveid=\"CAkQAA\" data-processed=\"true\">En resumen, no sobrevivir\u00edamos a un cambio as\u00ed; el universo simplemente no podr\u00eda sostener la vida bajo esas nuevas y m\u00e1s lentas reglas f\u00edsicas.<span class=\"uJ19be notranslate\" data-wiz-uids=\"YSAfDe_2q,YSAfDe_2r,YSAfDe_2s\" data-processed=\"true\"><span class=\"vKEkVd\" data-animation-atomic=\"\" data-wiz-attrbind=\"class=YSAfDe_2q\/TKHnVd;\" data-processed=\"true\"> Y, todo eso es solo cambiando una sola de las Constantes, imaginemos que pasar\u00eda si disminuyera la carga del <a href=\"#\" onclick=\"referencia('electron',event); return false;\">electr\u00f3n<\/a>, la masa del <a href=\"#\" onclick=\"referencia('proton',event); return false;\">prot\u00f3n<\/a>, o\u00a0 fuese diferentes la Constante de estructura fina del Universo.<\/span><\/span><\/div>\n<div data-sfc-cp=\"\" data-hveid=\"CAkQAA\" data-processed=\"true\"><\/div>\n<div data-sfc-cp=\"\" data-hveid=\"CAkQAA\" data-processed=\"true\"><\/div>\n<div data-sfc-cp=\"\" data-hveid=\"CAkQAA\" data-processed=\"true\"><img decoding=\"async\" src=\"https:\/\/francis.naukas.com\/files\/2018\/04\/Dibujo20180412-dark-photon-exclusion-from-fine-structure-constant-test-sciencemag-org-360-6385-191.png\" alt=\"El valor m\u00e1s preciso de la constante de estructura fina - La ...\" \/><img decoding=\"async\" loading=\"lazy\" class=\"\" src=\"https:\/\/encrypted-tbn0.gstatic.com\/images?q=tbn:ANd9GcSUhlVHrrOTtR-Qjy3hIfwCnEpKeGjIoMximA&amp;s\" alt=\"Si las constantes fueran variables en el teimpo y en el espacio\u2026mala cosa  ser\u00eda : Blog de Emilio Silvera V.\" width=\"630\" height=\"413\" \/><\/div>\n<div data-sfc-cp=\"\" data-hveid=\"CAkQAA\" data-processed=\"true\"><\/div>\n<div data-sfc-cp=\"\" data-hveid=\"CAkQAA\" data-processed=\"true\"><\/div>\n<div data-sfc-cp=\"\" data-hveid=\"CAkQAA\" data-processed=\"true\"><\/div>\n<div style=\"text-align: justify;\" data-sfc-cp=\"\" data-hveid=\"CAkQAA\" data-processed=\"true\">Si la Constante de Estructura Fina (\u03b1) variara significativamente, el universo ser\u00eda otro universo, afectar\u00eda la formaci\u00f3n de elementos en las estrellas, y, por ende, la vida tal como la conocemos se ser\u00eda imposible, \u00a0ya que un cambio de apenas un 4% podr\u00eda impedir la creaci\u00f3n de carbono u ox\u00edgeno, elementos esenciales para la biolog\u00eda. Esta constante, que mide la fuerza de la interacci\u00f3n electromagn\u00e9tica, es crucial para la estabilidad at\u00f3mica y nuclear, por lo que su alteraci\u00f3n alterar\u00eda la qu\u00edmica y la f\u00edsica estelar, alterando las reacciones de fusi\u00f3n que crean los elementos pesados necesarios para planetas y vida.<span class=\"uJ19be notranslate\" data-wiz-uids=\"dEsFjb_15,dEsFjb_16,dEsFjb_17\" data-processed=\"true\"><span class=\"vKEkVd\" data-animation-atomic=\"\" data-wiz-attrbind=\"class=dEsFjb_15\/TKHnVd;\" data-processed=\"true\">\u00a0<\/span><\/span><\/div>\n<div data-sfc-cp=\"\" data-hveid=\"CAkQAA\" data-processed=\"true\"><\/div>\n<div data-sfc-cp=\"\" data-hveid=\"CAkQAA\" data-processed=\"true\"><strong>\u00bfEstamos aqu\u00ed debido al Azar?<\/strong><\/div>\n<div data-sfc-cp=\"\" data-hveid=\"CAkQAA\" data-processed=\"true\"><\/div>\n<div style=\"text-align: justify;\" data-sfc-cp=\"\" data-hveid=\"CAkQAA\" data-processed=\"true\">Lo m\u00e1s probable es que no, la Naturaleza no es propensa a tantas coincidencias, y, si las cosas han sucedido de esa manera&#8230;\u00a0 \u00a1Por algo ser\u00e1!<\/div>\n<div data-sfc-cp=\"\" data-hveid=\"CAkQAA\" data-processed=\"true\"><\/div>\n<div data-sfc-cp=\"\" data-hveid=\"CAkQAA\" data-processed=\"true\"><strong>\u00bfLa Causalidad? \u00bfQui\u00e9n sabe?<\/strong><\/div>\n<blockquote>\n<div data-sfc-cp=\"\" data-hveid=\"CAkQAA\" data-processed=\"true\"><\/div>\n<div data-sfc-cp=\"\" data-hveid=\"CAkQAA\" data-processed=\"true\"><strong>Emilio Silvera V.<\/strong><\/div>\n<\/blockquote>\n<div data-sfc-cp=\"\" data-hveid=\"CAkQAA\" data-processed=\"true\"><\/div>\n<div class='bookmark'>\r\n\t\t<table align='left' border='0' cellpadding='0' width='100%'>\r\n\t\t<tr><td><span class='pushbutton'><a href='http:\/\/delicious.com\/post?url=http%3A%2F%2Fwww.emiliosilveravazquez.com%2Fblog%2F2025%2F12%2F14%2Fel-universo-y-sus-reglas-para-la-presencia-de-la-vida%2F&amp;title=El+Universo+y+sus+reglas+para+la+presencia+de+la+Vida' title='Delicious' target='_blank' rel='nofollow'><img src='http:\/\/www.emiliosilveravazquez.com\/blog\/wp-content\/plugins\/knxdt-bookmarks-wordpress-plugin\/images\/delicious.png'  alt='' class='book_img' border='none' style='margin:1px; padding: 0;'  \/><\/a><\/span><span class='pushbutton'><a href='http:\/\/digg.com\/submit?url=http%3A%2F%2Fwww.emiliosilveravazquez.com%2Fblog%2F2025%2F12%2F14%2Fel-universo-y-sus-reglas-para-la-presencia-de-la-vida%2F&amp;title=El+Universo+y+sus+reglas+para+la+presencia+de+la+Vida' title='Digg' target='_blank' rel='nofollow'><img src='http:\/\/www.emiliosilveravazquez.com\/blog\/wp-content\/plugins\/knxdt-bookmarks-wordpress-plugin\/images\/digg.png'  alt='' class='book_img' border='none' style='margin:1px; padding: 0;'  \/><\/a><\/span><span class='pushbutton'><a href='http:\/\/www.google.com\/bookmarks\/mark?op=edit&amp;bkmk=http%3A%2F%2Fwww.emiliosilveravazquez.com%2Fblog%2F2025%2F12%2F14%2Fel-universo-y-sus-reglas-para-la-presencia-de-la-vida%2F&amp;title=El+Universo+y+sus+reglas+para+la+presencia+de+la+Vida' title='Google' target='_blank' rel='nofollow'><img src='http:\/\/www.emiliosilveravazquez.com\/blog\/wp-content\/plugins\/knxdt-bookmarks-wordpress-plugin\/images\/google.png'   alt='' class='book_img' border='none' style='margin:1px; padding: 0;'  \/><\/a><\/span><span class='pushbutton'><a href='http:\/\/myweb2.search.yahoo.com\/myresults\/bookmarklet?u=http%3A%2F%2Fwww.emiliosilveravazquez.com%2Fblog%2F2025%2F12%2F14%2Fel-universo-y-sus-reglas-para-la-presencia-de-la-vida%2F&amp;t=El+Universo+y+sus+reglas+para+la+presencia+de+la+Vida' title='Yahoo' target='_blank' rel='nofollow'><img src='http:\/\/www.emiliosilveravazquez.com\/blog\/wp-content\/plugins\/knxdt-bookmarks-wordpress-plugin\/images\/yahoo.png'  alt='' class='book_img' border='none' style='margin:1px; padding: 0;'  \/><\/a><\/span><span class='pushbutton'><a href='http:\/\/www.technorati.com\/faves?add=http%3A%2F%2Fwww.emiliosilveravazquez.com%2Fblog%2F2025%2F12%2F14%2Fel-universo-y-sus-reglas-para-la-presencia-de-la-vida%2F' title='Technorati' target='_blank' rel='nofollow'><img src='http:\/\/www.emiliosilveravazquez.com\/blog\/wp-content\/plugins\/knxdt-bookmarks-wordpress-plugin\/images\/technorati.png'  alt='' class='book_img' border='none' style='margin:1px; padding: 0;'  \/><\/a><\/span><span class='pushbutton'><a href='http:\/\/meneame.net\/submit.php?url=http%3A%2F%2Fwww.emiliosilveravazquez.com%2Fblog%2F2025%2F12%2F14%2Fel-universo-y-sus-reglas-para-la-presencia-de-la-vida%2F' title='Meneame' target='_blank' rel='nofollow'><img src='http:\/\/www.emiliosilveravazquez.com\/blog\/wp-content\/plugins\/knxdt-bookmarks-wordpress-plugin\/images\/meneame.png'  alt='' class='book_img' border='none' style='margin:1px; padding: 0;'  \/><\/a><\/span><span class='pushbutton'><a href='http:\/\/enchilame.com\/submit.php?url=http:\/\/www.emiliosilveravazquez.com\/blog\/2025\/12\/14\/el-universo-y-sus-reglas-para-la-presencia-de-la-vida\/' target='_blank' rel='nofollow'><img title='Enchilame' src='http:\/\/www.emiliosilveravazquez.com\/blog\/wp-content\/plugins\/knxdt-bookmarks-wordpress-plugin\/images\/enchilame.png'  alt='' class='book_img' border='none' style='margin:1px; padding: 0;'  \/><\/a><\/span><span class='pushbutton'><a href='http:\/\/www.blinklist.com\/index.php?Action=Blink\/addblink.php&amp;Description=&amp;Url=http%3A%2F%2Fwww.emiliosilveravazquez.com%2Fblog%2F2025%2F12%2F14%2Fel-universo-y-sus-reglas-para-la-presencia-de-la-vida%2F&amp;title=El+Universo+y+sus+reglas+para+la+presencia+de+la+Vida' title='BlinkList' target='_blank' rel='nofollow'><img src='http:\/\/www.emiliosilveravazquez.com\/blog\/wp-content\/plugins\/knxdt-bookmarks-wordpress-plugin\/images\/blinklist.png'  alt='' class='book_img' border='none' style='margin:1px; padding: 0;'  \/><\/a><\/span><span class='pushbutton'><a href='http:\/\/reddit.com\/submit?url=http%3A%2F%2Fwww.emiliosilveravazquez.com%2Fblog%2F2025%2F12%2F14%2Fel-universo-y-sus-reglas-para-la-presencia-de-la-vida%2F&amp;title=El+Universo+y+sus+reglas+para+la+presencia+de+la+Vida' title='Reddit' target='_blank' rel='nofollow'><img src='http:\/\/www.emiliosilveravazquez.com\/blog\/wp-content\/plugins\/knxdt-bookmarks-wordpress-plugin\/images\/reddit.png'  alt='' class='book_img' border='none' style='margin:1px; padding: 0;'  \/><\/a><\/span><span class='pushbutton'><a href='http:\/\/www.tecnologiadiaria.com\/2009\/07\/abrir-com-hotmail-correo.html' target='_blank' title='hotmail'><img src='http:\/\/www.emiliosilveravazquez.com\/blog\/wp-content\/plugins\/knxdt-bookmarks-wordpress-plugin\/images\/linklove.png' alt='hotmail correo' class='book_img' border='none' style='margin:1px; padding: 0;' \/><\/a><\/span><span class='pushbutton'><a href='http:\/\/bitacoras.com\/votar\/anotacion\/externo\/mini\/www.emiliosilveravazquez.com\/blog\/2025\/12\/14\/el-universo-y-sus-reglas-para-la-presencia-de-la-vida\/' title='Bitacoras.com' target='_blank' rel='nofollow'><img src='http:\/\/www.emiliosilveravazquez.com\/blog\/wp-content\/plugins\/knxdt-bookmarks-wordpress-plugin\/images\/bitacoras.png'  alt='' class='book_img' border='none' style='margin:1px; padding: 0;'  \/><\/a><\/span><span class='pushbutton'><a href='http:\/\/www.wikio.es\/vote?url=http%3A%2F%2Fwww.emiliosilveravazquez.com%2Fblog%2F2025%2F12%2F14%2Fel-universo-y-sus-reglas-para-la-presencia-de-la-vida%2F' title='Wikio' target='_blank' rel='nofollow'><img src='http:\/\/www.emiliosilveravazquez.com\/blog\/wp-content\/plugins\/knxdt-bookmarks-wordpress-plugin\/images\/wikio.png'   alt='' class='book_img' border='none' style='margin:1px; padding: 0;'   \/><\/a><\/span><span class='pushbutton'><a href='http:\/\/friendfeed.com\/?url=http%3A%2F%2Fwww.emiliosilveravazquez.com%2Fblog%2F2025%2F12%2F14%2Fel-universo-y-sus-reglas-para-la-presencia-de-la-vida%2F&amp;title=El+Universo+y+sus+reglas+para+la+presencia+de+la+Vida' title='Friend Feed' target='_blank' rel='nofollow'><img src='http:\/\/www.emiliosilveravazquez.com\/blog\/wp-content\/plugins\/knxdt-bookmarks-wordpress-plugin\/images\/friendfeed.png'  alt='' class='book_img' border='none' style='margin:1px; padding: 0;'  \/><\/a><\/span><span class='pushbutton'><a href='http:\/\/www.facebook.com\/share.php?u=http%3A%2F%2Fwww.emiliosilveravazquez.com%2Fblog%2F2025%2F12%2F14%2Fel-universo-y-sus-reglas-para-la-presencia-de-la-vida%2F&amp;t=El+Universo+y+sus+reglas+para+la+presencia+de+la+Vida' title='Facebook' target='_blank' rel='nofollow'><img src='http:\/\/www.emiliosilveravazquez.com\/blog\/wp-content\/plugins\/knxdt-bookmarks-wordpress-plugin\/images\/facebook.png'  alt='' class='book_img' border='none' style='margin:1px; padding: 0;'  \/><\/a><\/span><span class='pushbutton'><a href='http:\/\/twitter.com\/home?status=El+Universo+y+sus+reglas+para+la+presencia+de+la+Vida: http%3A%2F%2Fwww.emiliosilveravazquez.com%2Fblog%2F2025%2F12%2F14%2Fel-universo-y-sus-reglas-para-la-presencia-de-la-vida%2F' title='Twitter' target='_blank' rel='nofollow'><img src='http:\/\/www.emiliosilveravazquez.com\/blog\/wp-content\/plugins\/knxdt-bookmarks-wordpress-plugin\/images\/twitter.png'  alt='' class='book_img' border='none' style='margin:1px; padding: 0;'  \/><\/a><\/span><span class='pushbutton'><a href='http:\/\/www.feedburner.com\/fb\/a\/emailFlare?itemTitle=El+Universo+y+sus+reglas+para+la+presencia+de+la+Vida&amp;uri=http%3A%2F%2Fwww.emiliosilveravazquez.com%2Fblog%2F2025%2F12%2F14%2Fel-universo-y-sus-reglas-para-la-presencia-de-la-vida%2F' title='Enviar por Email' target='_blank' rel='nofollow'><img src='http:\/\/www.emiliosilveravazquez.com\/blog\/wp-content\/plugins\/knxdt-bookmarks-wordpress-plugin\/images\/email.png'  alt='' class='book_img' border='none' style='margin:1px; padding: 0;'  \/><\/a><\/span><span style='font-weight:bold; padding-left: 5px;'><a href='http:\/\/wordpress.org\/extend\/plugins\/knxdt-bookmarks-wordpress-plugin\/' title='Plugin' rel='nofollow' target='_blank'>[?]<\/a><\/span><\/td><\/tr><\/table><br\/><br\/><\/div>","protected":false},"excerpt":{"rendered":"<p>&nbsp; Lo mismo que nos pasa con las distancias existentes en el Universo, lo que ocurre con el Tiempo que, por muchas vueltas que le demos, no llegamos a comprenderlo, tampoco podemos comprender (al menos de manera total y cient\u00edfica), las enormes maravillas presentes en nuestro mundo (en los mundos), la variedad de ex\u00f3ticos objetos [&hellip;]<\/p>\n","protected":false},"author":2,"featured_media":0,"comment_status":"open","ping_status":"open","sticky":false,"template":"","format":"standard","meta":{"_s2mail":"","footnotes":""},"categories":[1],"tags":[],"_links":{"self":[{"href":"http:\/\/www.emiliosilveravazquez.com\/blog\/wp-json\/wp\/v2\/posts\/29525"}],"collection":[{"href":"http:\/\/www.emiliosilveravazquez.com\/blog\/wp-json\/wp\/v2\/posts"}],"about":[{"href":"http:\/\/www.emiliosilveravazquez.com\/blog\/wp-json\/wp\/v2\/types\/post"}],"author":[{"embeddable":true,"href":"http:\/\/www.emiliosilveravazquez.com\/blog\/wp-json\/wp\/v2\/users\/2"}],"replies":[{"embeddable":true,"href":"http:\/\/www.emiliosilveravazquez.com\/blog\/wp-json\/wp\/v2\/comments?post=29525"}],"version-history":[{"count":0,"href":"http:\/\/www.emiliosilveravazquez.com\/blog\/wp-json\/wp\/v2\/posts\/29525\/revisions"}],"wp:attachment":[{"href":"http:\/\/www.emiliosilveravazquez.com\/blog\/wp-json\/wp\/v2\/media?parent=29525"}],"wp:term":[{"taxonomy":"category","embeddable":true,"href":"http:\/\/www.emiliosilveravazquez.com\/blog\/wp-json\/wp\/v2\/categories?post=29525"},{"taxonomy":"post_tag","embeddable":true,"href":"http:\/\/www.emiliosilveravazquez.com\/blog\/wp-json\/wp\/v2\/tags?post=29525"}],"curies":[{"name":"wp","href":"https:\/\/api.w.org\/{rel}","templated":true}]}}