{"id":29164,"date":"2022-11-29T04:56:45","date_gmt":"2022-11-29T03:56:45","guid":{"rendered":"http:\/\/www.emiliosilveravazquez.com\/blog\/?p=29164"},"modified":"2022-11-29T04:56:45","modified_gmt":"2022-11-29T03:56:45","slug":"las-cosas-no-marchan","status":"publish","type":"post","link":"http:\/\/www.emiliosilveravazquez.com\/blog\/2022\/11\/29\/las-cosas-no-marchan\/","title":{"rendered":"Las cosas no marchan"},"content":{"rendered":"<p>&nbsp;<\/p>\n<p>&nbsp;<\/p>\n<p><img decoding=\"async\" loading=\"lazy\" class=\"\" src=\"https:\/\/static.independent.co.uk\/2022\/03\/16\/13\/20220316_SaharanDustWesternEurope.jpg?width=1200\" alt=\"Im\u00e1genes muestran enorme nube de polvo del Sahara cubriendo Europa occidental | Independent Espa\u00f1ol\" width=\"592\" height=\"631\" \/><\/p>\n<h3><strong>\u00a0 \u00a0 \u00a0 \u00a0 \u00a0 \u00a0 \u00a0 \u00a0 \u00a0 \u00a0 \u00a0 \u00a0 \u00a0 Una Gran Nube de Polvo y Arena Cubre Espa\u00f1a y Portugal<\/strong><\/h3>\n<p>&nbsp;<\/p>\n<p><img decoding=\"async\" loading=\"lazy\" class=\"\" src=\"https:\/\/www.lavanguardia.com\/files\/og_thumbnail\/uploads\/2020\/06\/22\/5fa917f30890a.jpeg\" alt=\"Una inmensa nube de polvo del Sahara cruza el Atl\u00e1ntico y cubre el Caribe\" width=\"596\" height=\"336\" \/><\/p>\n<p><strong>\u00a0 \u00a0 \u00a0 \u00a0 \u00a0 \u00a0 \u00a0 \u00a0 \u00a0 Inmensa nube de polvo del Sahara cruza el Atl\u00e1ntico y cubre el Caribe<\/strong><\/p>\n<div id=\"blockStyle6174Main1136\">\n<p>&nbsp;<\/p>\n<p>&nbsp;<\/p>\n<p>&nbsp;<\/p>\n<p><img decoding=\"async\" src=\"https:\/\/fotografias.antena3.com\/clipping\/cmsimages01\/2016\/02\/22\/96628120-C841-4047-9D85-FF847351103C\/64.jpg\" alt=\"Nube de arena de origen africano encima de la Pen\u00ednsula Ib\u00e9rica\" \/><\/p>\n<p>&nbsp;<\/p>\n<p style=\"text-align: justify;\"><strong>Una intensa nube polvo y arena est\u00e1 cruzando la Pen\u00ednsula Ib\u00e9rica<\/strong>. El astronauta brit\u00e1nico Tim Peake de la Agencia Espacial Europea (ESA), sac\u00f3 esta foto con su c\u00e1mara desde la Estaci\u00f3n Espacial Internacional donde puede verse la nube de polvo y arena que est\u00e1 cruzando Espa\u00f1a y Portugal. Esta noticia aparece en los medios todos los a\u00f1os.<\/p>\n<p>&nbsp;<\/p>\n<p><img decoding=\"async\" src=\"https:\/\/laverdadnoticias.com\/__export\/1647500970154\/sites\/laverdad\/img\/2022\/03\/17\/polvos_del_sahara.jpg_478486366.jpg\" alt=\"Una capa de arena naranja del Sahara cubre parte de Espa\u00f1a | La Verdad Noticias\" \/><img decoding=\"async\" loading=\"lazy\" class=\"\" src=\"https:\/\/www.reportur.com\/wp-content\/uploads\/2019\/06\/D9dgAhuXoAAA0uE.jpg\" alt=\"Nube de polvo del Sahara llega al Caribe con hoteles expectantes | Noticias de turismo REPORTUR\" width=\"590\" height=\"602\" \/><\/p>\n<\/div>\n<div id=\"blockStyle6158Main1137\"><a href=\"https:\/\/www.lanasa.net\/news\/files\/6414\/5619\/9919\/CalimaSpain.jpg\"><img decoding=\"async\" loading=\"lazy\" src=\"http:\/\/www.lanasa.net\/news\/files\/cache\/902b5c79ede1eb55fb388dd0a065df7c_f1451.jpg\" alt=\"Una Gran Nube de Arena y Polvo Cubre Espa\u00f1a y Portugal\" width=\"900\" height=\"599\" border=\"0\" \/><\/a><\/div>\n<div id=\"blockStyle6160Main1140\">\n<p><strong>La gran nube de polvo y arena sobre Espa\u00f1a y Portugal captada desde la Estaci\u00f3n Espacial Internacional por el Astronauta de la ESA Tim Peake.<br \/>\n<em>Image Credit: NASA \/ESA\/ Tim Peake<\/em><\/strong><\/p>\n<p>&nbsp;<\/p>\n<\/div>\n<div id=\"blockStyle6161Main1141\">\n<p align=\"JUSTIFY\">Este fen\u00f3meno conocido con el nombre de \u201cCalima\u201c, transporta polvo y arena en suspensi\u00f3n procedentes del desierto del S\u00e1hara, que viaja por el cielo alcanzando grandes distancias, incluso en ocasiones alcanzando otros continentes como Europa y Am\u00e9rica. Cuando la calima se instala sobre una zona la sensaci\u00f3n es la de estar cubiertos por una niebla rojiza, sobre todo observaremos un cielo borroso muy rojizo, pero que nunca debemos confundir con las nubes rojizas del atardecer.<\/p>\n<p align=\"JUSTIFY\"><strong><img decoding=\"async\" loading=\"lazy\" class=\"\" src=\"https:\/\/pbs.twimg.com\/media\/C5V86zRWYAA7R44.jpg\" alt=\"\" width=\"579\" height=\"386\" data-aria-label-part=\"\" \/><\/strong><\/p>\n<p align=\"JUSTIFY\"><strong>\u00a0 \u00a0 \u00a0 \u00a0 \u00a0 Esta imagen de Sevilla fue tomada en uno de esos d\u00edas de espesa calima<\/strong><\/p>\n<p align=\"JUSTIFY\">Cuando viene acompa\u00f1ado por lluvia puede provocar la \u201clluvia de barro\u201c, incluso puede te\u00f1ir la nieve d\u00e1ndole un aspecto rojizo.<\/p>\n<p align=\"JUSTIFY\">\u00a0 \u00a0 \u00a0 \u00a0 \u00a0 \u00a0 \u00a0 <img decoding=\"async\" loading=\"lazy\" class=\"\" src=\"https:\/\/pbs.twimg.com\/media\/C5WPOCqWMAMRDsx.jpg\" alt=\"\" width=\"650\" height=\"428\" data-aria-label-part=\"\" \/><\/p>\n<blockquote>\n<p align=\"JUSTIFY\"><strong>Bueno, el ni\u00f1o sali\u00f3 a comprar el Pan y, la lluvia junto con la calima del Sahara, le jug\u00f3 una mala pasada<\/strong><\/p>\n<\/blockquote>\n<p align=\"JUSTIFY\">Puede producir molestias en ojos nariz o garganta, no obstante, tambi\u00e9n trae grandes beneficios, pues aporta una gran fuente de nutrientes muy beneficiosos para el campo.<\/p>\n<p align=\"JUSTIFY\">Si observamos hoy el cielo en Espa\u00f1a o Portugal nos recordar\u00e1 mucho al cielo de Marte.<\/p>\n<p align=\"JUSTIFY\">Se espera que vaya remitiendo a lo largo de estos d\u00edas.<\/p>\n<p align=\"JUSTIFY\">Noticias NASA<\/p>\n<p align=\"JUSTIFY\">\u00a0 \u00a0 \u00a0 \u00a0 \u00a0 \u00a0 \u00a0 \u00a0 \u00a0 \u00a0 \u00a0 \u00a0<img decoding=\"async\" loading=\"lazy\" class=\"\" src=\"https:\/\/static.eldiario.es\/clip\/7f9865a3-c5f5-41fd-acba-6282fe5dd425_twitter-watermarked-aspect-ratio_default_0.jpg\" alt=\"Aviones misteriosos que nos fumigan en secreto? Los 'chemtrails' no existen\" width=\"601\" height=\"315\" \/><\/p>\n<h1 id=\"page-title\" class=\"title\">Mitos y timos del agua: Avionetas anti-lluvia y chemtrails<\/h1>\n<\/div>\n<p style=\"text-align: justify;\"><strong>En los \u00faltimos a\u00f1os se ha extendido el mito de que misteriosas avionetas aparecen entre las nubes y las disuelven, evitando as\u00ed que llegue la tan esperada lluvia. No se sabe por qu\u00e9, quien ni como lo hace, pero eso no parecen ser razones suficientes para ponerlo en duda.<\/strong><\/p>\n<p>&nbsp;<\/p>\n<p><img decoding=\"async\" loading=\"lazy\" class=\"\" src=\"http:\/\/www.iagua.es\/sites\/default\/files\/images\/medium\/contrails_in_sitges.jpg\" alt=\"\" width=\"559\" height=\"315\" \/><br \/>\n<strong>Supuestos chemtrails en Sitges (Espa\u00f1a).<\/strong><\/p>\n<p style=\"text-align: justify;\"><strong>Tambi\u00e9n se le han atribuido prop\u00f3sitos como<\/strong>\u00a0<b>alterar el clima o evitar la lluvia<\/b><strong>, todo ello en completo secreto y a nivel mundial<\/strong>. <strong>Pero<\/strong>\u00a0<b>nadie ha aportado nunca la menor prueba s\u00f3lida que pueda indicar que algo de lo relatado pueda tener visos de realidad<\/b>.<\/p>\n<p>&nbsp;<\/p>\n<p><img decoding=\"async\" loading=\"lazy\" class=\"\" src=\"https:\/\/estaticos-cdn.prensaiberica.es\/clip\/079ad0a5-62d8-4a69-8781-aeab925ca542_16-9-aspect-ratio_default_0.jpg\" alt=\"Alza la vista hacia el cielo... \u00a1Nos fumigan!... - La Provincia\" width=\"467\" height=\"263\" \/><\/p>\n<h3>Avionetas anti-lluvia<\/h3>\n<p style=\"text-align: justify;\"><strong>Hay agricultores, que en ciertas regiones por desgracia son muchos, que cuentan como cuando va a llover, entre las nubes aparecen o simplemente se oye el ruido de avionetas, que tras dar unas cuantas pasadas se marchan. Tras su paso, las nubes se disipan, o en lugar de llover 30 litros por metro cuadrado como los pron\u00f3sticos meteorol\u00f3gicos predec\u00edan, caen solo 5. La conclusi\u00f3n les es muy l\u00f3gica,<\/strong>\u00a0<b>las avionetas de alguna manera han disuelto la tormenta<\/b>.<\/p>\n<p>\u00a0 \u00a0 \u00a0 <img decoding=\"async\" loading=\"lazy\" class=\"\" src=\"https:\/\/ak.uecdn.es\/p\/108\/thumbnail\/entry_id\/0_6b28uzop\/width\/\/type\/2\/bgcolor\/000000\/0_6b28uzop.jpg\" alt=\"Miedo al cielo... 'nos est\u00e1n fumigando' | Cr\u00f3nica | EL MUNDO\" width=\"356\" height=\"267\" \/><img decoding=\"async\" loading=\"lazy\" class=\"\" src=\"http:\/\/c.files.bbci.co.uk\/0AFC\/production\/_107721820_305035.jpg\" alt=\"Lo que las estelas de los aviones est\u00e1n haciendo a nuestro planeta (y no tiene que ver con teor\u00edas de la conspiraci\u00f3n) - BBC News Mundo\" width=\"298\" height=\"168\" \/><\/p>\n<p style=\"text-align: justify;\"><strong>Parecen dos fen\u00f3menos distintos, en uno nos fumigan con aviones, en muchos casos aviones comerciales a gran altura, y en d\u00edas sin nubes (a lo mejor tambi\u00e9n nos fumigan otros d\u00edas pero con las nubes no los vemos). En el otro lo hacen en d\u00edas nublados con riesgo de lluvia, presumiblemente para evitarla.<\/strong><\/p>\n<p style=\"text-align: justify;\"><strong>Pero al parecer no son tan distintos y encontramos en internet personas que ante un d\u00eda con estas trazas en el cielo y en previsi\u00f3n de lluvias al d\u00eda siguiente ya vaticinan que all\u00ed no llover\u00e1. No hace falta que est\u00e9 nublado, los chemtrails al parecer esperan a que lleguen las nubes.<\/strong><\/p>\n<p>&nbsp;<\/p>\n<p align=\"JUSTIFY\"><img decoding=\"async\" loading=\"lazy\" class=\"\" src=\"http:\/\/www.iagua.es\/sites\/default\/files\/images\/medium\/jet-vortex-maarten_visser-flickr.jpg\" width=\"627\" height=\"419\" \/><\/p>\n<div id=\"blockStyle6161Main1141\">\n<p align=\"JUSTIFY\"><strong>En las alas. Se denomina condensaci\u00f3n aerodin\u00e1mica y es m\u00e1s dif\u00edcil de ver. En la parte superior de las alas, por el efecto Bernoulli, se produce una depresi\u00f3n del aire, lo que produce el efecto sustentaci\u00f3n de las alas y que los aviones puedan volar. Esta depresi\u00f3n repentina, por la ley de los gases perfectos, enfr\u00eda el aire, y disminuye la presi\u00f3n de vapor de saturaci\u00f3n de aire (cantidad m\u00e1xima de vapor de agua que el aire puede almacenar). Si la humedad relativa es alta, esta depresi\u00f3n y enfriamiento producen la condensaci\u00f3n del vapor de agua. Este fen\u00f3meno tambi\u00e9n puede observarse producto de los remolinos que se producen en la punta de las alas.<\/strong><\/p>\n<\/div>\n<p align=\"JUSTIFY\"><img decoding=\"async\" loading=\"lazy\" class=\"\" src=\"http:\/\/www.iagua.es\/sites\/default\/files\/images\/medium\/infografia-recortada-siembra-de-nubes-200.jpg\" width=\"621\" height=\"402\" \/><\/p>\n<p align=\"JUSTIFY\">\u00a0 \u00a0 \u00a0 \u00a0 \u00a0 \u00a0 \u00a0 \u00a0 \u00a0 \u00a0 \u00a0 \u00a0 \u00a0 \u00a0 \u00a0 \u00a0 \u00a0 \u00a0 \u00a0 \u00a0 \u00a0 \u00a0 \u00a0 \u00a0 \u00a0 \u00a0 \u00a0 \u00a0 \u00a0 \u00a0 <strong>\u00a0 \u00a0 \u00a0 \u00a0 \u00a0 Javier Rojas D. Diario <i>El D\u00eda<\/i>.<\/strong><\/p>\n<h3>Siembra de nubes<\/h3>\n<p style=\"text-align: justify;\"><strong>Los agricultores en ocasiones echan la culpa de estos fen\u00f3menos anti-lluvia al uso de compuestos como el yoduro de plata. Y en este caso tienen parte de raz\u00f3n, es cierto que se usa este compuesto para introducirlo en las nubes, pero\u00a0no con el fin de eliminar la lluvia, sino todo lo contrario, para favorecerla. Es lo que se denomina como siembra de nubes.<\/strong><\/p>\n<p style=\"text-align: justify;\"><strong><a href=\"https:\/\/www.google.com\/patents\/US2527230\">Fue desarrollada<\/a>\u00a0en los a\u00f1os cuarenta por el qu\u00edmico y meteor\u00f3logo Vincent Schaefer. Las part\u00edculas de yoduro de plata (tambi\u00e9n se ha usado sal o hielo seco) atraen a las gotas de agua que forman las nubes, y que a\u00fan son demasiado peque\u00f1as para precipitar, formando as\u00ed cristales de hielo con peso suficiente para caer de la nube en forma de lluvia o nieve.<\/strong><\/p>\n<p style=\"text-align: justify;\"><strong>Para que este fen\u00f3meno se produzca, se tienen que dar las condiciones adecuadas. Se suele realizar esta pr\u00e1ctica sobre nubes de evoluci\u00f3n vertical que contenga agua sobreenfriada (agua l\u00edquida por debajo de 0 \u1d52C).<\/strong><\/p>\n<p style=\"text-align: justify;\"><b>Esta t\u00e9cnica no es la panacea<\/b>,<strong> el agua tiene que estar presente en la atm\u00f3sfera, no se puede hacer llover si no hay agua.<\/strong><\/p>\n<p style=\"text-align: justify;\"><strong>La \u201csiembra\u201d se puede hacer desde el aire con un avi\u00f3n, o desde tierra con cohetes o quemadores de acetona.<\/strong><\/p>\n<h3>\u00bfCambio Clim\u00e1tico? Provocado<\/h3>\n<p style=\"text-align: justify;\"><strong>Surge entonces un dilema \u00bfes \u00e9tico sembrar nubes para conseguir una precipitaci\u00f3n en mis campos o en mi cuenca que de forma natural podr\u00eda caer en una cuenca vecina? Afortunadamente las t\u00e9cnicas de control de la meteorolog\u00eda no est\u00e1n demasiado desarrolladas y esto a\u00fan no es un gran problema, pero cabe preguntarse si cuando hablamos de recursos h\u00eddricos de una regi\u00f3n, aparte de lagos, r\u00edos y acu\u00edferos, no deber\u00edamos empezar a mirar tambi\u00e9n al cielo.<\/strong><\/p>\n<p>&nbsp;<\/p>\n<p><img decoding=\"async\" src=\"https:\/\/i.ytimg.com\/vi\/or2aDgYnaoQ\/mqdefault.jpg\" alt=\"Qu\u00e9 son esas rayas blancas que vemos en el cielo? - YouTube\" \/><\/p>\n<p style=\"text-align: justify;\"><strong>*Art\u00edculo perteneciente a la serie &#8220;Mitos y timos del agua&#8221;.<\/strong><\/p>\n<p>&nbsp;<\/p>\n<p><img decoding=\"async\" loading=\"lazy\" class=\"alignright\" src=\"https:\/\/www.paho.org\/sites\/default\/files\/styles\/top_hero\/public\/2022-07\/coronavirus-ilustracion.jpg?h=4aea44c5&amp;itok=J0u88_cY\" alt=\"Coronavirus - OPS\/OMS | Organizaci\u00f3n Panamericana de la Salud\" width=\"545\" height=\"164\" \/><\/p>\n<p>&nbsp;<\/p>\n<div id=\"blockStyle6161Main1141\">\n<p align=\"JUSTIFY\"><strong>Primero la Pandemia del Corona virus y ahora esto&#8230; \u00bfQu\u00e9 tratan de hacer? Quieren destruir parte de la Humanidad? He o\u00eddo declaraciones de algunos personajes que claman porque\u00a0 que la Humanidad es demasiado abundante. \u00bfAcaso tratan de eliminar una buena parte?<\/strong><\/p>\n<p align=\"JUSTIFY\"><strong>\u00a1Esto no va bien! Una cosa son los fen\u00f3menos naturales de toda la vida y otra muy distinta los provocados artificialmente con intenciones ocultas.<\/strong><\/p>\n<p align=\"JUSTIFY\"><strong>\u00bfQu\u00e9 buscan con todo esto? A las alturas que estamos a\u00fan no ha llovido como deber\u00eda por esta \u00e9poca, cuando anuncian lluvias aparecen los misteriosos aviones sueltan las estelas blanquecinas de irregular figura y la lluvia se evapora.<\/strong><\/p>\n<p align=\"JUSTIFY\"><strong>\u00bfNo os hab\u00e9is dado cuenta de que \u00faltimamente tratan de prohibirlo todo, de encerrarnos cada vez m\u00e1s y quitarnos la libertad, Nos quieren dejar sin el medio de transportes obligando a llevar coches que no podemos costear, impiden circular por la ciudad, tratan de hacernos comer lo que ellos quieran, fiscalizan hasta el \u00faltimo movimiento que podamos hacer con nuestro dinero&#8230; \u00a1Hasta donde llegar\u00e1 todo esto?<\/strong><\/p>\n<\/div>\n<p align=\"JUSTIFY\"><strong>Ahora parece que quieren quitarse el engorro de una poblaci\u00f3n tan abultada, Nos dicen que no teniendo nada seremos felices y, mientras &#8220;ellos&#8221; los de siempre, inundados por la Abundancia.<\/strong><\/p>\n<p align=\"JUSTIFY\"><strong>Despertaremos alguna vez y podremos ser nosotros los que escojamos nuestro propio destino.<\/strong><\/p>\n<p align=\"JUSTIFY\"><strong>emilio silvera<\/strong><\/p>\n<div id=\"blockStyle6161Main1141\">\n<p align=\"JUSTIFY\"><strong>PF Esto est\u00e1 llegando demasiado lejos&#8230;. \u00a1Despertad!<\/strong><\/p>\n<\/div>\n<div class='bookmark'>\r\n\t\t<table align='left' border='0' cellpadding='0' width='100%'>\r\n\t\t<tr><td><span class='pushbutton'><a href='http:\/\/delicious.com\/post?url=http%3A%2F%2Fwww.emiliosilveravazquez.com%2Fblog%2F2022%2F11%2F29%2Flas-cosas-no-marchan%2F&amp;title=Las+cosas+no+marchan' title='Delicious' target='_blank' rel='nofollow'><img src='http:\/\/www.emiliosilveravazquez.com\/blog\/wp-content\/plugins\/knxdt-bookmarks-wordpress-plugin\/images\/delicious.png'  alt='' class='book_img' border='none' style='margin:1px; padding: 0;'  \/><\/a><\/span><span class='pushbutton'><a href='http:\/\/digg.com\/submit?url=http%3A%2F%2Fwww.emiliosilveravazquez.com%2Fblog%2F2022%2F11%2F29%2Flas-cosas-no-marchan%2F&amp;title=Las+cosas+no+marchan' title='Digg' target='_blank' rel='nofollow'><img src='http:\/\/www.emiliosilveravazquez.com\/blog\/wp-content\/plugins\/knxdt-bookmarks-wordpress-plugin\/images\/digg.png'  alt='' class='book_img' border='none' style='margin:1px; padding: 0;'  \/><\/a><\/span><span class='pushbutton'><a href='http:\/\/www.google.com\/bookmarks\/mark?op=edit&amp;bkmk=http%3A%2F%2Fwww.emiliosilveravazquez.com%2Fblog%2F2022%2F11%2F29%2Flas-cosas-no-marchan%2F&amp;title=Las+cosas+no+marchan' title='Google' target='_blank' rel='nofollow'><img src='http:\/\/www.emiliosilveravazquez.com\/blog\/wp-content\/plugins\/knxdt-bookmarks-wordpress-plugin\/images\/google.png'   alt='' class='book_img' border='none' style='margin:1px; padding: 0;'  \/><\/a><\/span><span class='pushbutton'><a href='http:\/\/myweb2.search.yahoo.com\/myresults\/bookmarklet?u=http%3A%2F%2Fwww.emiliosilveravazquez.com%2Fblog%2F2022%2F11%2F29%2Flas-cosas-no-marchan%2F&amp;t=Las+cosas+no+marchan' title='Yahoo' target='_blank' rel='nofollow'><img src='http:\/\/www.emiliosilveravazquez.com\/blog\/wp-content\/plugins\/knxdt-bookmarks-wordpress-plugin\/images\/yahoo.png'  alt='' class='book_img' border='none' style='margin:1px; padding: 0;'  \/><\/a><\/span><span class='pushbutton'><a href='http:\/\/www.technorati.com\/faves?add=http%3A%2F%2Fwww.emiliosilveravazquez.com%2Fblog%2F2022%2F11%2F29%2Flas-cosas-no-marchan%2F' title='Technorati' target='_blank' rel='nofollow'><img src='http:\/\/www.emiliosilveravazquez.com\/blog\/wp-content\/plugins\/knxdt-bookmarks-wordpress-plugin\/images\/technorati.png'  alt='' class='book_img' border='none' style='margin:1px; padding: 0;'  \/><\/a><\/span><span class='pushbutton'><a href='http:\/\/meneame.net\/submit.php?url=http%3A%2F%2Fwww.emiliosilveravazquez.com%2Fblog%2F2022%2F11%2F29%2Flas-cosas-no-marchan%2F' title='Meneame' target='_blank' rel='nofollow'><img src='http:\/\/www.emiliosilveravazquez.com\/blog\/wp-content\/plugins\/knxdt-bookmarks-wordpress-plugin\/images\/meneame.png'  alt='' class='book_img' border='none' style='margin:1px; padding: 0;'  \/><\/a><\/span><span class='pushbutton'><a href='http:\/\/enchilame.com\/submit.php?url=http:\/\/www.emiliosilveravazquez.com\/blog\/2022\/11\/29\/las-cosas-no-marchan\/' target='_blank' rel='nofollow'><img title='Enchilame' src='http:\/\/www.emiliosilveravazquez.com\/blog\/wp-content\/plugins\/knxdt-bookmarks-wordpress-plugin\/images\/enchilame.png'  alt='' class='book_img' border='none' style='margin:1px; padding: 0;'  \/><\/a><\/span><span class='pushbutton'><a href='http:\/\/www.blinklist.com\/index.php?Action=Blink\/addblink.php&amp;Description=&amp;Url=http%3A%2F%2Fwww.emiliosilveravazquez.com%2Fblog%2F2022%2F11%2F29%2Flas-cosas-no-marchan%2F&amp;title=Las+cosas+no+marchan' title='BlinkList' target='_blank' rel='nofollow'><img src='http:\/\/www.emiliosilveravazquez.com\/blog\/wp-content\/plugins\/knxdt-bookmarks-wordpress-plugin\/images\/blinklist.png'  alt='' class='book_img' border='none' style='margin:1px; padding: 0;'  \/><\/a><\/span><span class='pushbutton'><a href='http:\/\/reddit.com\/submit?url=http%3A%2F%2Fwww.emiliosilveravazquez.com%2Fblog%2F2022%2F11%2F29%2Flas-cosas-no-marchan%2F&amp;title=Las+cosas+no+marchan' title='Reddit' target='_blank' rel='nofollow'><img src='http:\/\/www.emiliosilveravazquez.com\/blog\/wp-content\/plugins\/knxdt-bookmarks-wordpress-plugin\/images\/reddit.png'  alt='' class='book_img' border='none' style='margin:1px; padding: 0;'  \/><\/a><\/span><span class='pushbutton'><a href='http:\/\/www.tecnologiadiaria.com\/2009\/07\/abrir-com-hotmail-correo.html' target='_blank' title='hotmail'><img src='http:\/\/www.emiliosilveravazquez.com\/blog\/wp-content\/plugins\/knxdt-bookmarks-wordpress-plugin\/images\/linklove.png' alt='hotmail correo' class='book_img' border='none' style='margin:1px; padding: 0;' \/><\/a><\/span><span class='pushbutton'><a href='http:\/\/bitacoras.com\/votar\/anotacion\/externo\/mini\/www.emiliosilveravazquez.com\/blog\/2022\/11\/29\/las-cosas-no-marchan\/' title='Bitacoras.com' target='_blank' rel='nofollow'><img src='http:\/\/www.emiliosilveravazquez.com\/blog\/wp-content\/plugins\/knxdt-bookmarks-wordpress-plugin\/images\/bitacoras.png'  alt='' class='book_img' border='none' style='margin:1px; padding: 0;'  \/><\/a><\/span><span class='pushbutton'><a href='http:\/\/www.wikio.es\/vote?url=http%3A%2F%2Fwww.emiliosilveravazquez.com%2Fblog%2F2022%2F11%2F29%2Flas-cosas-no-marchan%2F' title='Wikio' target='_blank' rel='nofollow'><img src='http:\/\/www.emiliosilveravazquez.com\/blog\/wp-content\/plugins\/knxdt-bookmarks-wordpress-plugin\/images\/wikio.png'   alt='' class='book_img' border='none' style='margin:1px; padding: 0;'   \/><\/a><\/span><span class='pushbutton'><a href='http:\/\/friendfeed.com\/?url=http%3A%2F%2Fwww.emiliosilveravazquez.com%2Fblog%2F2022%2F11%2F29%2Flas-cosas-no-marchan%2F&amp;title=Las+cosas+no+marchan' title='Friend Feed' target='_blank' rel='nofollow'><img src='http:\/\/www.emiliosilveravazquez.com\/blog\/wp-content\/plugins\/knxdt-bookmarks-wordpress-plugin\/images\/friendfeed.png'  alt='' class='book_img' border='none' style='margin:1px; padding: 0;'  \/><\/a><\/span><span class='pushbutton'><a href='http:\/\/www.facebook.com\/share.php?u=http%3A%2F%2Fwww.emiliosilveravazquez.com%2Fblog%2F2022%2F11%2F29%2Flas-cosas-no-marchan%2F&amp;t=Las+cosas+no+marchan' title='Facebook' target='_blank' rel='nofollow'><img src='http:\/\/www.emiliosilveravazquez.com\/blog\/wp-content\/plugins\/knxdt-bookmarks-wordpress-plugin\/images\/facebook.png'  alt='' class='book_img' border='none' style='margin:1px; padding: 0;'  \/><\/a><\/span><span class='pushbutton'><a href='http:\/\/twitter.com\/home?status=Las+cosas+no+marchan: http%3A%2F%2Fwww.emiliosilveravazquez.com%2Fblog%2F2022%2F11%2F29%2Flas-cosas-no-marchan%2F' title='Twitter' target='_blank' rel='nofollow'><img src='http:\/\/www.emiliosilveravazquez.com\/blog\/wp-content\/plugins\/knxdt-bookmarks-wordpress-plugin\/images\/twitter.png'  alt='' class='book_img' border='none' style='margin:1px; padding: 0;'  \/><\/a><\/span><span class='pushbutton'><a href='http:\/\/www.feedburner.com\/fb\/a\/emailFlare?itemTitle=Las+cosas+no+marchan&amp;uri=http%3A%2F%2Fwww.emiliosilveravazquez.com%2Fblog%2F2022%2F11%2F29%2Flas-cosas-no-marchan%2F' title='Enviar por Email' target='_blank' rel='nofollow'><img src='http:\/\/www.emiliosilveravazquez.com\/blog\/wp-content\/plugins\/knxdt-bookmarks-wordpress-plugin\/images\/email.png'  alt='' class='book_img' border='none' style='margin:1px; padding: 0;'  \/><\/a><\/span><span style='font-weight:bold; padding-left: 5px;'><a href='http:\/\/wordpress.org\/extend\/plugins\/knxdt-bookmarks-wordpress-plugin\/' title='Plugin' rel='nofollow' target='_blank'>[?]<\/a><\/span><\/td><\/tr><\/table><br\/><br\/><\/div>","protected":false},"excerpt":{"rendered":"<p>&nbsp; &nbsp; \u00a0 \u00a0 \u00a0 \u00a0 \u00a0 \u00a0 \u00a0 \u00a0 \u00a0 \u00a0 \u00a0 \u00a0 \u00a0 Una Gran Nube de Polvo y Arena Cubre Espa\u00f1a y Portugal &nbsp; \u00a0 \u00a0 \u00a0 \u00a0 \u00a0 \u00a0 \u00a0 \u00a0 \u00a0 Inmensa nube de polvo del Sahara cruza el Atl\u00e1ntico y cubre el Caribe &nbsp; &nbsp; &nbsp; &nbsp; Una intensa [&hellip;]<\/p>\n","protected":false},"author":2,"featured_media":0,"comment_status":"open","ping_status":"open","sticky":false,"template":"","format":"standard","meta":{"_s2mail":"","footnotes":""},"categories":[1],"tags":[],"_links":{"self":[{"href":"http:\/\/www.emiliosilveravazquez.com\/blog\/wp-json\/wp\/v2\/posts\/29164"}],"collection":[{"href":"http:\/\/www.emiliosilveravazquez.com\/blog\/wp-json\/wp\/v2\/posts"}],"about":[{"href":"http:\/\/www.emiliosilveravazquez.com\/blog\/wp-json\/wp\/v2\/types\/post"}],"author":[{"embeddable":true,"href":"http:\/\/www.emiliosilveravazquez.com\/blog\/wp-json\/wp\/v2\/users\/2"}],"replies":[{"embeddable":true,"href":"http:\/\/www.emiliosilveravazquez.com\/blog\/wp-json\/wp\/v2\/comments?post=29164"}],"version-history":[{"count":0,"href":"http:\/\/www.emiliosilveravazquez.com\/blog\/wp-json\/wp\/v2\/posts\/29164\/revisions"}],"wp:attachment":[{"href":"http:\/\/www.emiliosilveravazquez.com\/blog\/wp-json\/wp\/v2\/media?parent=29164"}],"wp:term":[{"taxonomy":"category","embeddable":true,"href":"http:\/\/www.emiliosilveravazquez.com\/blog\/wp-json\/wp\/v2\/categories?post=29164"},{"taxonomy":"post_tag","embeddable":true,"href":"http:\/\/www.emiliosilveravazquez.com\/blog\/wp-json\/wp\/v2\/tags?post=29164"}],"curies":[{"name":"wp","href":"https:\/\/api.w.org\/{rel}","templated":true}]}}