{"id":29128,"date":"2022-11-22T06:36:20","date_gmt":"2022-11-22T05:36:20","guid":{"rendered":"http:\/\/www.emiliosilveravazquez.com\/blog\/?p=29128"},"modified":"2022-11-22T06:36:20","modified_gmt":"2022-11-22T05:36:20","slug":"no-siempre-hablamos-de-lo-que-comprendemos-19","status":"publish","type":"post","link":"http:\/\/www.emiliosilveravazquez.com\/blog\/2022\/11\/22\/no-siempre-hablamos-de-lo-que-comprendemos-19\/","title":{"rendered":"No siempre hablamos de lo que comprendemos"},"content":{"rendered":"<div>\n<div style=\"text-align: justify;\"><a href=\"https:\/\/www.emiliosilveravazquez.com\/blog\/2013\/11\/11\/unificar-las-fuerzas-de-la-naturaleza-en-una-teoria\/\" rel=\"prev\">Unificar las fuerzas de la Naturaleza en una Teor\u00eda<\/a><\/div>\n<\/div>\n<div><\/div>\n<div><img decoding=\"async\" src=\"https:\/\/m.media-amazon.com\/images\/I\/413LeQT%2BxEL._SR600%2C315_PIWhiteStrip%2CBottomLeft%2C0%2C35_PIStarRatingFOURANDHALF%2CBottomLeft%2C360%2C-6_SR600%2C315_ZA19%2C445%2C290%2C400%2C400%2CAmazonEmberBold%2C12%2C4%2C0%2C0%2C5_SCLZZZZZZZ_FMpng_BG255%2C255%2C255.jpg\" alt=\"El sue\u00f1o de una teor\u00eda final: La b\u00fasqueda de las leyes fundamentales de la naturaleza (Drakontos Bolsillo) : Weinberg, Steven, Garc\u00eda Sanz, Jos\u00e9 Javier: Amazon.es: Libros\" \/><\/div>\n<div><strong>Buscando las conexiones de todas las leyes de la Naturaleza en una sola teor\u00eda<\/strong><\/div>\n<div><\/div>\n<div>\n<div style=\"text-align: justify;\"><a href=\"https:\/\/www.emiliosilveravazquez.com\/blog\/2013\/11\/12\/en-la-edad-media-los-arabes-salvaron-la-cultura-2\/\" rel=\"next\">En la Edad Media, los \u00e1rabes salvaron la cultura<\/a><\/div>\n<\/div>\n<div><\/div>\n<div><\/div>\n<div>\u00a0 \u00a0 \u00a0 \u00a0 \u00a0 \u00a0 \u00a0 \u00a0 \u00a0 \u00a0 \u00a0 \u00a0 \u00a0 \u00a0<img decoding=\"async\" src=\"https:\/\/encrypted-tbn0.gstatic.com\/images?q=tbn:ANd9GcTCu65njgIhfqmNrm3Oc1pb8c3ToPKxFZ0LWs4QwQtJU15CALQ6Qui9zzCG7DzP758_tlU&amp;usqp=CAU\" alt=\"El n\u00famero 1 y la \u00c9tica | CGT Ense\u00f1anza Andaluc\u00eda\" \/><\/div>\n<div>\n<h3>al Khwarizmi, Abu Jafar Muhammad ibn Musa<\/h3>\n<\/div>\n<div>\n<blockquote>\n<div style=\"text-align: justify;\"><strong>D<\/strong>urante la Edad Media los \u00e1rabes tradujeron los conocimientos procedentes de la India, Persia y la Grecia antigua. transfiri\u00e9ndolos a Europa durante la ocupaci\u00f3n \u00b4\u00e1rabe de Espa\u00f1a, salvando as\u00ed aquella \u00e9poca de oscurantismo.<\/div>\n<\/blockquote>\n<\/div>\n<blockquote>\n<div><\/div>\n<div>\u00a0 \u00a0 \u00a0 \u00a0 \u00a0 \u00a0 \u00a0 \u00a0 <img decoding=\"async\" src=\"https:\/\/encrypted-tbn0.gstatic.com\/images?q=tbn:ANd9GcRbwCF5g2NuRnZIDQVswr-EuY7U6VoC_gqeBFKWYFxJPCAbQPFCA0SkfsMXtTH6l874KIo&amp;usqp=CAU\" alt=\"Viaje a las curiosidades de la Mezquita de C\u00f3rdoba\" \/><img decoding=\"async\" src=\"https:\/\/encrypted-tbn0.gstatic.com\/images?q=tbn:ANd9GcRcbhGP7A9lR8UFHSnoe3nil31CuaogyIgz0Ozygmfr93sP5PrKLNd3BMM8ECMqSmognU4&amp;usqp=CAU\" alt=\"Ruta Toledo Musulm\u00e1n | Toledo 3 Culturas\" \/><\/div>\n<div>\u00a0 \u00a0 \u00a0 \u00a0 \u00a0 \u00a0 \u00a0 \u00a0 \u00a0 \u00a0 \u00a0<strong> \u00a0 \u00a0 \u00a0 \u00a0 Recuerdo del paso de los \u00e1rabes por C\u00f3rdoba y Toledo<\/strong><\/div>\n<\/blockquote>\n<div>\u00a0 \u00a0 \u00a0 \u00a0 \u00a0 \u00a0 \u00a0 <img decoding=\"async\" loading=\"lazy\" class=\"\" src=\"https:\/\/www.noticiasparaempresas.com\/wp-content\/uploads\/2020\/01\/Toledo.jpg\" alt=\"Toledo, ciudad imperial - Noticias Para Empresas\" width=\"579\" height=\"286\" \/><\/div>\n<div>\u00a0 \u00a0 \u00a0 \u00a0 \u00a0 \u00a0 \u00a0 \u00a0 \u00a0 \u00a0 \u00a0 \u00a0 \u00a0 \u00a0 \u00a0 \u00a0 \u00a0 \u00a0 \u00a0 \u00a0 \u00a0 \u00a0 \u00a0 \u00a0 \u00a0 \u00a0 \u00a0 \u00a0 \u00a0 \u00a0 \u00a0 \u00a0 \u00a0 <strong>\u00a0 \u00a0<\/strong><\/div>\n<div><strong>\u00a0 \u00a0 \u00a0 \u00a0 \u00a0 \u00a0 \u00a0 \u00a0 \u00a0 \u00a0 \u00a0 \u00a0 \u00a0 \u00a0 \u00a0 \u00a0 \u00a0 \u00a0 \u00a0 \u00a0 \u00a0 \u00a0 \u00a0 \u00a0 \u00a0 \u00a0 \u00a0 \u00a0 \u00a0 \u00a0 \u00a0 Toledo la ciudad imperial<\/strong><\/div>\n<div>\n<blockquote>\n<div style=\"text-align: justify;\">El centro del saber cient\u00edfico estaba en Alejandr\u00eda, (en los l\u00edmites de Bizancio que m\u00e1s tarde se convirti\u00f3 al cristianismo) \u00a0y sus art\u00edfices fueron personas que hablaban \u00e1rabe, sirio y hebreo. Entre los siglos VI y VIII en Oriente Medio incluso se olvidaron los conocimientos griegos y predominaron los orientales. Los centros culturales estaban en el califato de Bagdad, en Damasco, en el Cairo. En el siglo X este esplendor se traslad\u00f3 hacia C\u00f3rdoba y Toledo en la Espa\u00f1a \u00e1rabe.<\/div>\n<\/blockquote>\n<div><\/div>\n<\/div>\n<h3>\u00a0 \u00a0 \u00a0 \u00a0 \u00a0 \u00a0 \u00a0 \u00a0 \u00a0 \u00a0 \u00a0 \u00a0 \u00a0 \u00a0 \u00a0 \u00a0 \u00a0 \u00a0 \u00a0 \u00a0 \u00a0 \u00a0 <img decoding=\"async\" loading=\"lazy\" src=\"http:\/\/www.jotdown.es\/wp-content\/uploads\/2016\/09\/tt01052364.jpg\" alt=\"Resultado de imagen de Es cierto, no siempre hablamos de lo que comprendemos, sino de lo que creemos comprender\" width=\"304\" height=\"208\" \/><\/h3>\n<p><strong>\u00a0 \u00a0 \u00a0Un grupo de amigos cient\u00edficos debaten sobre un tema que no dominan<\/strong><\/p>\n<p style=\"text-align: justify;\">No importa el lugar o el momento, cualquier sitio es bueno para debatir y exponer lo que creemos sobre un tema en particular, y, lo curioso del caso es que, como anuncia el t\u00edtulo de este trabajo, no siempre hablamos sobre lo que sabemos, sino sobre lo que creemos saber.<\/p>\n<p>&nbsp;<\/p>\n<p style=\"text-align: justify;\">\u00a0 \u00a0 \u00a0 \u00a0 \u00a0 \u00a0 \u00a0 <img decoding=\"async\" loading=\"lazy\" src=\"https:\/\/2.bp.blogspot.com\/-WixHZE6I284\/Vri2NQEb-xI\/AAAAAAAAABY\/Pk1INk5TGsQ\/s1600\/fisica_0.jpg\" alt=\"Resultado de imagen de La f\u00edsica fundamental\" width=\"304\" height=\"189\" \/><img decoding=\"async\" src=\"https:\/\/encrypted-tbn0.gstatic.com\/images?q=tbn:ANd9GcT694qb1eOO1qw7xPlrev5LC_lbGtvpSvrSdKCtjglX6-HMZd3CGHGW5r86mb5YK6WB310&amp;usqp=CAU\" alt=\"Importancia de la f\u00edsica\" \/><\/p>\n<p>&nbsp;<\/p>\n<p style=\"text-align: justify;\">\u00a1La F\u00edsica! Lo que busca la f\u00edsica fundamental es reducir las leyes de la naturaleza a una teor\u00eda final sencilla que lo explique todo. El f\u00edsico y premio Nobel Steven Weinberg se\u00f1ala que las reglas fundamentales son lo m\u00e1s satisfactorio (al menos para \u00e9l). Las leyes b\u00e1sicas de Isaac <a href=\"https:\/\/www.emiliosilveravazquez.com\/blog\/2013\/11\/11\/no-siempre-hablamos-de-lo-que-comprendemos\/#\"><a href=\"#\" onclick=\"referencia('newton',event); return false;\">Newton<\/a><\/a>, que predicen el comportamiento de los planetas, son m\u00e1s satisfactorias, por ejemplo, que un almanaque en el que se indique la posici\u00f3n de todos los planetas en cada momento. Weinberg nos dice que la F\u00edsica no puede explicarlo todo, matizando que s\u00f3lo puede explicar los sucesos relacion\u00e1ndolos con otros sucesos y con las reglas existentes.<\/p>\n<p>\u00a0 \u00a0 \u00a0 \u00a0 \u00a0 \u00a0 \u00a0 <img decoding=\"async\" loading=\"lazy\" class=\"\" src=\"https:\/\/acegif.com\/wp-content\/uploads\/solar-system-7.gif\" alt=\"GIFs El sistema solar y su estructura - Todos los planetas\" width=\"565\" height=\"565\" \/><\/p>\n<p>&nbsp;<\/p>\n<p style=\"text-align: justify;\">Por ejemplo, las \u00f3rbitas de los planetas son el resultado de unas reglas, pero las distancias de los planetas al Sol son accidentales, y no son consecuencia de ley fundamental alguna. Claro que, tambi\u00e9n las leyes podr\u00edan ser fruto de casualidades. Lo que s\u00ed es cierto es que los f\u00edsicos est\u00e1n m\u00e1s interesados por descubrir las reglas que por los sucesos que dichas reglas determinan, y m\u00e1s por los hechos que son independientes del tiempo; por ejemplo, les interesa m\u00e1s la masa del <a href=\"https:\/\/www.emiliosilveravazquez.com\/blog\/2013\/11\/11\/no-siempre-hablamos-de-lo-que-comprendemos\/#\">electr\u00f3n<\/a> que un tornado que se pueda producir en un lugar determinado.<\/p>\n<p>&nbsp;<\/p>\n<p><img decoding=\"async\" loading=\"lazy\" class=\"\" src=\"https:\/\/news.utexas.edu\/wp-content\/uploads\/2021\/07\/StevenWeinberg-UT-2-scaled.jpg\" alt=\"UT Austin Mourns Death of World-Renowned Physicist Steven Weinberg - UT News\" width=\"349\" height=\"225\" \/><\/p>\n<p>&nbsp;<\/p>\n<p style=\"text-align: justify;\">La ciencia, como nos dice Weinberg, no puede explicarlo todo y, sin embargo, algunos f\u00edsicos tienen la sensaci\u00f3n de que nos estamos acercando a \u201cuna explicaci\u00f3n del mundo\u201d y, alg\u00fan d\u00eda, aunando todos los esfuerzos de muchos, las ideas de las mejores mentes que han sido, y las nuevas que llegar\u00e1n, podremos, al f\u00edn, construir esa Teor\u00eda final tan largamente so\u00f1ada que, para que sea convincente, deber\u00e1 tambi\u00e9n, incluirnos a nosotros. Pero, parad\u00f3jicamente y a pesar de estos pensamientos, existen hechos que los contradicen, por ejemplo, conocemos toda la f\u00edsica fundamental de la mol\u00e9cula de agua desde hace 7 decenas de a\u00f1os, pero todav\u00eda no hay nadie que pueda explicar por qu\u00e9 el agua hierve a los 100 \u00baC. \u00bfQu\u00e9 ocurre? \u00bfSomos acaso demasiado tontos? Bueno, me atrever\u00eda a pronosticar que seguiremos siendo \u201cdemasiado tontos\u201d incluso cuando los f\u00edsicos consigan (por fin) esa teor\u00eda final que nos pueda dar una \u201cexplicaci\u00f3n del mundo\u201d. Siempre seguiremos siendo aprendices de la naturaleza que, sabia ella, nos esconde sus secretos para que persista el misterio.<\/p>\n<p style=\"text-align: justify;\">\u00bfQu\u00e9 ser\u00eda de nosotros si lo supi\u00e9ramos todo? Creo que la decadencia se apoderar\u00eda de nuestras mentes que, ausente de curiosidad, decaer\u00eda en un vac\u00edo sin retorno.<\/p>\n<p>\u00a0 \u00a0 \u00a0 \u00a0 \u00a0 \u00a0 \u00a0 \u00a0 \u00a0 \u00a0 \u00a0 \u00a0 \u00a0 \u00a0 \u00a0<img decoding=\"async\" loading=\"lazy\" class=\"\" src=\"https:\/\/upload.wikimedia.org\/wikipedia\/commons\/5\/5f\/Interacciones_del_modelo_est%C3%A1ndar_de_la_f%C3%ADsica_de_particulas.png\" alt=\"Archivo:Interacciones del modelo est\u00e1ndar de la f\u00edsica de particulas.png - Wikipedia, la enciclopedia libre\" width=\"497\" height=\"361\" \/><\/p>\n<p><strong>Fermiones de la materia y <a href=\"#\" onclick=\"referencia('bosones',event); return false;\">bosones<\/a> emisarios de las fuerzas, y, el <a href=\"#\" onclick=\"referencia('bosones',event); return false;\">bos\u00f3n<\/a> de Higss dador de masas (seg\u00fan nos contaron los del LHC).<\/strong><\/p>\n<p style=\"text-align: justify;\">La explicaci\u00f3n que dan los f\u00edsicos actualmente\u00a0 sobre la subestructura de la materia se llama \u201cel modelo est\u00e1ndar\u201d. En este modelo est\u00e1n incluidas las doce part\u00edculas elementales y las tres fuerzas que, cuando se mezclan y se encajan, sirven para construir todo lo que hay en el universo, desde un redondo pan de pueblo hecho en un horno de le\u00f1a,\u00a0 hasta las m\u00e1s complejas galaxias, y puede explicar todos los mecanismos de acci\u00f3n, es decir, la mec\u00e1nica del mundo.<\/p>\n<p>&nbsp;<\/p>\n<p><img decoding=\"async\" loading=\"lazy\" class=\"\" src=\"https:\/\/concepto.de\/wp-content\/uploads\/2020\/02\/quarks-tipos-e1580601959774.jpg\" alt=\"Quarks - Concepto, descubrimiento, modelo y caracter\u00edsticas\" width=\"302\" height=\"151\" \/><img decoding=\"async\" src=\"https:\/\/encrypted-tbn0.gstatic.com\/images?q=tbn:ANd9GcQIew4L_CHt8wr8S05LHneRW9t70uQyvzYzfcvAYDuXrY6QpT2_Hed9ftMk08vJ9QYtpiA&amp;usqp=CAU\" alt=\"Quarks and antiquarks at high momentum shake the foundations of visible matter\" \/><\/p>\n<blockquote>\n<p style=\"text-align: justify;\"><strong>Se juntan en tripletes y conforman <a href=\"#\" onclick=\"referencia('hadrones',event); return false;\">hadrones<\/a> como el <a href=\"#\" onclick=\"referencia('proton',event); return false;\">prot\u00f3n<\/a> y el <a href=\"#\" onclick=\"referencia('neutron',event); return false;\">neutr\u00f3n<\/a>. All\u00ed confinados dentro de los <a href=\"#\" onclick=\"referencia('nucleones',event); return false;\">nucleones<\/a> son retenidos por la <a href=\"#\" onclick=\"referencia('fuerza nuclear fuerte',event); return false;\">fuerza nuclear fuerte<\/a> sujetos por los <a href=\"#\" onclick=\"referencia('bosones',event); return false;\">bosones<\/a> llamados Gluones.<\/strong><\/p>\n<\/blockquote>\n<p style=\"text-align: justify;\">Entre las part\u00edculas figuran los seis Quarks famosos: arriba, abajo, extra\u00f1o, encanto, fondo y cima. Las otras seis part\u00edculas son Leptones: el <a href=\"https:\/\/www.emiliosilveravazquez.com\/blog\/2013\/11\/11\/no-siempre-hablamos-de-lo-que-comprendemos\/#\">electr\u00f3n<\/a> y sus dos parientes m\u00e1s pesados, el <a href=\"https:\/\/www.emiliosilveravazquez.com\/blog\/2013\/11\/11\/no-siempre-hablamos-de-lo-que-comprendemos\/#\">mu\u00f3n<\/a> y el <a href=\"https:\/\/www.emiliosilveravazquez.com\/blog\/2013\/11\/11\/no-siempre-hablamos-de-lo-que-comprendemos\/#\">tau<\/a> y los tres <a href=\"https:\/\/www.emiliosilveravazquez.com\/blog\/2013\/11\/11\/no-siempre-hablamos-de-lo-que-comprendemos\/#\">neutrinos<\/a> a ellos asociados. Las tres fuerzas son la electromagn\u00e9tica, la <a href=\"https:\/\/www.emiliosilveravazquez.com\/blog\/2013\/11\/11\/no-siempre-hablamos-de-lo-que-comprendemos\/#\"><a href=\"#\" onclick=\"referencia('fuerza nuclear fuerte',event); return false;\">fuerza nuclear fuerte<\/a><\/a> (que mantiene unidos a los <a href=\"https:\/\/www.emiliosilveravazquez.com\/blog\/2013\/11\/11\/no-siempre-hablamos-de-lo-que-comprendemos\/#\">quarks<\/a>) y la <a href=\"https:\/\/www.emiliosilveravazquez.com\/blog\/2013\/11\/11\/no-siempre-hablamos-de-lo-que-comprendemos\/#\"><a href=\"#\" onclick=\"referencia('fuerza nuclear debil',event); return false;\">fuerza nuclear d\u00e9bil<\/a><\/a> (responsable de la radio-actividasd). Hay una cuarta fuerza: la Gravedad que, aunque tan importante como las dem\u00e1s, nadie ha sabido como encajarla en el modelo est\u00e1ndar. Todas las part\u00edculas y fuerzas de este modelo son cu\u00e1nticas; es decir, siguen las reglas de la mec\u00e1nica cu\u00e1ntica. A\u00fan no existe una teor\u00eda de la gravedad cu\u00e1ntica.<\/p>\n<p>&nbsp;<\/p>\n<p style=\"text-align: justify;\">\u00a0 \u00a0 \u00a0 \u00a0 \u00a0 \u00a0 \u00a0 \u00a0 \u00a0 \u00a0 \u00a0 \u00a0 \u00a0 \u00a0 \u00a0 \u00a0 \u00a0 \u00a0 \u00a0<img decoding=\"async\" src=\"http:\/\/cosmologiacuantica.webs.com\/art\/BigBounce.jpg\" alt=\"\" border=\"0\" \/><\/p>\n<p>&nbsp;<\/p>\n<p style=\"text-align: justify;\">En realidad, la regi\u00f3n que denominamos Gravedad cu\u00e1ntica nos lleva y comprende preguntas sobre el origen del universo observable que nadie ha sabido contestar. Nos lleva a complejos procesos cu\u00e1nticos situados en las \u00e9pocas m\u00e1s cercanas imaginables en un espacio-tiempo cl\u00e1sico, es decir, en lo que se conoce como Tiempo de Planck a 10<sup>-43<\/sup> segundos del supuesto <a href=\"#\" onclick=\"referencia('big bang',event); return false;\">Big Bang<\/a>, cuando reinaba una temperatura del orden de 10 x 10<sup>31<\/sup> K. Pero, como hemos dicho, al no existir una teor\u00eda auto-consistente de la Gravedad cu\u00e1ntica, lo \u00fanico que podemos hacer (como en tantas otras \u00e1reas de la Ciencia)\u00a0 es especular.<\/p>\n<p>&nbsp;<\/p>\n<p>&nbsp;<\/p>\n<p>&nbsp;<\/p>\n<p>&nbsp;<\/p>\n<p><img decoding=\"async\" src=\"http:\/\/lahoracero.org\/wp-content\/uploads\/2013\/06\/SM2.png\" alt=\"Descubriendo part\u00edculas del Modelo Est\u00e1ndar\" \/><\/p>\n<p>&nbsp;<\/p>\n<p>&nbsp;<\/p>\n<blockquote>\n<p style=\"text-align: justify;\"><strong>Con la introducci\u00f3n de los aceleradores de part\u00edculas para el estudio de la f\u00edsica, la d\u00e9cada de los cincuenta est\u00e1 marcada por una explosi\u00f3n sin precedentes de nuevas part\u00edculas y descubrimientos. En este caldo de cultivo es donde empiezan a fraguarse las bases de lo que despu\u00e9s se conocer\u00eda como el Modelo Est\u00e1ndar. En los a\u00f1os que siguen, aparecen teor\u00edas que explican el nuevo zoo de part\u00edculas y que adem\u00e1s son capaces de hacer predicciones<\/strong><\/p>\n<\/blockquote>\n<p>&nbsp;<\/p>\n<p><img decoding=\"async\" loading=\"lazy\" class=\"\" src=\"http:\/\/lahoracero.org\/wp-content\/uploads\/2013\/06\/Symmetry_breaking.jpg\" alt=\"Breve historia del Modelo Est\u00e1ndar\" width=\"418\" height=\"258\" \/><\/p>\n<p><strong> \u00a0 \u00a0 \u00a0 \u00a0Ruptura espont\u00e1nea de simetr\u00eda<\/strong><\/p>\n<p style=\"text-align: justify;\">El Modelo Est\u00e1ndar no es, ni mucho menos, satisfactorio. Los cient\u00edficos piensan que no s\u00f3lo es incompleto, sino que es demasiado complicado y, desde hace mucho tiempo, buscan, incansables, otro modelo m\u00e1s sencillo y completo que explique mejor las cosas y que, adem\u00e1s, no tenga (como tiene el modelo actual) una veintena de par\u00e1metros aleatorios y necesarios para que cuadren las cuentas\u2026, un ejemplo: el <a href=\"https:\/\/www.emiliosilveravazquez.com\/blog\/2013\/11\/11\/no-siempre-hablamos-de-lo-que-comprendemos\/#\">bos\u00f3n<\/a> de <a href=\"https:\/\/www.emiliosilveravazquez.com\/blog\/2013\/11\/11\/no-siempre-hablamos-de-lo-que-comprendemos\/#\"><a href=\"#\" onclick=\"referencia('higgs',event); return false;\">Higgs<\/a><\/a> necesario para dar masa a las part\u00edculas que, fue introducido sin tener la certeza de su existencia.<\/p>\n<p>&nbsp;<\/p>\n<p>&nbsp;<\/p>\n<p>&nbsp;<\/p>\n<p>&nbsp;<\/p>\n<p><img decoding=\"async\" loading=\"lazy\" class=\"\" src=\"https:\/\/www.monografias.com\/trabajos104\/dinamica-sistemas-particulas\/img6.png\" alt=\"Din\u00e1mica de los sistemas de part\u00edculas\" width=\"274\" height=\"171\" \/><img decoding=\"async\" src=\"https:\/\/encrypted-tbn0.gstatic.com\/images?q=tbn:ANd9GcSuSewDKxSRt1KgW2pdcA8rOZPLGJzKIT-fHrjmawR0dMbHu0EiGxAZqhN9GuDzY6Y5CME&amp;usqp=CAU\" alt=\"Din\u00e1mica. Sistema de part\u00edculas\" \/><\/p>\n<p>&nbsp;<\/p>\n<p style=\"text-align: justify;\">\u00a1La masa! ese gran problema. Todas las part\u00edculas tienen masa diferentes pero nadie sabe de donde salen sus valores. No existe f\u00f3rmula alguna que diga, por ejemplo,\u00a0 que el <a href=\"https:\/\/www.emiliosilveravazquez.com\/blog\/2013\/11\/11\/no-siempre-hablamos-de-lo-que-comprendemos\/#\">quark<\/a> extra\u00f1o deber\u00eda pesar el doble (o lo que sea) del <a href=\"https:\/\/www.emiliosilveravazquez.com\/blog\/2013\/11\/11\/no-siempre-hablamos-de-lo-que-comprendemos\/#\">quark<\/a> arriba, o que el <a href=\"https:\/\/www.emiliosilveravazquez.com\/blog\/2013\/11\/11\/no-siempre-hablamos-de-lo-que-comprendemos\/#\">electr\u00f3n<\/a> deba tener 1\/200 (u otra proporci\u00f3n) de la masa del <a href=\"https:\/\/www.emiliosilveravazquez.com\/blog\/2013\/11\/11\/no-siempre-hablamos-de-lo-que-comprendemos\/#\">mu\u00f3n<\/a>. Las masas son de todo tipo y es preciso \u201cponerlas a mano\u201d, como se suele decir: cada una ha de ser medida experimental e individualmente. En realidad, \u00bfpor qu\u00e9 han de tener masa las part\u00edculas? \u00bfde d\u00f3nde viene la masa?<\/p>\n<p>&nbsp;<\/p>\n<p style=\"text-align: justify;\">\u00a0 \u00a0 \u00a0 \u00a0 \u00a0 \u00a0 \u00a0 \u00a0 \u00a0 \u00a0 \u00a0 \u00a0 \u00a0 \u00a0 \u00a0 \u00a0 \u00a0 \u00a0<img decoding=\"async\" id=\"BLOGGER_PHOTO_ID_5472678504016297570\" src=\"http:\/\/1.bp.blogspot.com\/_Vea_3vg0ArY\/S_LcGpnOvmI\/AAAAAAAAF7k\/-iqvF4vRthk\/s400\/dmNorma.jpg\" alt=\"Norma Materia Oscura\" border=\"0\" \/><\/p>\n<p>&nbsp;<\/p>\n<p style=\"text-align: justify;\">No puedo evitarlo ni tampoco me puedo quedar callado, cuando he asistido a alguna conferencia sobre la materia y, el ponente de turno se agarra a la \u201c<a href=\"https:\/\/www.emiliosilveravazquez.com\/blog\/2013\/11\/11\/no-siempre-hablamos-de-lo-que-comprendemos\/#\"><a href=\"#\" onclick=\"referencia('materia oscura',event); return false;\">materia oscura<\/a><\/a>\u201d para justificar lo que no sabe, si al final hay debate, entro en escena para discutir sobre la existencia de esa \u201cmateria fantasma\u201d que quiere tapar nuestra enorme ignorancia.<\/p>\n<p>&nbsp;<\/p>\n<p><img decoding=\"async\" loading=\"lazy\" class=\"\" src=\"http:\/\/1.bp.blogspot.com\/-7k8OlvT_F0I\/U1eH4aqhl_I\/AAAAAAAAbAA\/wj7JuAeOD38\/s1600\/boson41+La-gran-idea-de-Peter-Higgs-2.jpg\" alt=\"Enroque de ciencia: \u00bfQu\u00e9 es el campo de Higgs? (1)\" width=\"333\" height=\"226\" \/><\/p>\n<p>L<strong>as part\u00edculas entran en el campo de <a href=\"#\" onclick=\"referencia('higgs',event); return false;\">Higgs<\/a> y&#8230;\u00bfSe ven frenadas al adquirir sus masas con el rose?<\/strong><\/p>\n<p style=\"text-align: justify;\">Pero, sigamos con el problema de la masa. Para resolverlo, muchos expertos en f\u00edsica de part\u00edculas creen actualmente en algo que llaman \u201ccampo de <a href=\"https:\/\/www.emiliosilveravazquez.com\/blog\/2013\/11\/11\/no-siempre-hablamos-de-lo-que-comprendemos\/#\"><a href=\"#\" onclick=\"referencia('higgs',event); return false;\">Higgs<\/a><\/a>\u201d. Se trata de un campo misterioso, invisible y et\u00e9reo que est\u00e1 permeando todo el espacio (\u00bfhabr\u00e1n vuelto al antiguo \u00e9ter pero cambi\u00e1ndole el nombre?). Hace que la materia parezca pesada, como cuando tratamos de correr por el fondo de la piscina llena de agua pero que el agua no se pudiera ver. Si pudi\u00e9ramos encontrar ese campo, o m\u00e1s bien la part\u00edcula la part\u00edcula que se cree es la manifestaci\u00f3n de ese campo (llamada el <a href=\"https:\/\/www.emiliosilveravazquez.com\/blog\/2013\/11\/11\/no-siempre-hablamos-de-lo-que-comprendemos\/#\">bos\u00f3n<\/a> de <a href=\"https:\/\/www.emiliosilveravazquez.com\/blog\/2013\/11\/11\/no-siempre-hablamos-de-lo-que-comprendemos\/#\"><a href=\"#\" onclick=\"referencia('higgs',event); return false;\">Higgs<\/a><\/a>), avanzar\u00edamos un largo trecho hacia el conocimiento del universo.<\/p>\n<p>&nbsp;<\/p>\n<p><img decoding=\"async\" src=\"https:\/\/encrypted-tbn0.gstatic.com\/images?q=tbn:ANd9GcS0ha2etEPdO6uaERSR4_VfPlNnR2dFpkAzRNYiprgU9ylzk3cMqPsr_XhY9RRs6OJQvwE&amp;usqp=CAU\" alt=\"El Gran Colisionador de Hadrones volver\u00e1 a encenderse - Ciencia - Vida - ELTIEMPO.COM\" \/><img decoding=\"async\" loading=\"lazy\" class=\"\" src=\"https:\/\/www.diariodesevilla.es\/2022\/07\/03\/tecnologia\/Imagen-Laboratorio-Europeo-Particulas-CERN_1698440809_161827881_667x375.jpg\" alt=\"Bos\u00f3n de Higgs: Diez a\u00f1os con la 'Part\u00edcula de Dios'\" width=\"454\" height=\"255\" \/><\/p>\n<div style=\"text-align: justify;\"><strong>\u00a0 \u00a0 \u00a0 \u00a0 \u00a0 \u00a0 \u00a0 \u00a0 \u00a0 \u00a0 \u00a0 \u00a0 \u00a0 \u00a0 \u00a0 \u00a0 \u00a0 \u00a0 \u00a0 \u00a0 \u00a0\u00a0\u00a0\u00a0\u00a0\u00a0\u00a0\u00a0\u00a0\u00a0\u00a0\u00a0\u00a0\u00a0\u00a0\u00a0\u00a0\u00a0\u00a0\u00a0\u00a0\u00a0\u00a0\u00a0\u00a0 El Gran Colisionador de Hadrones<\/strong><\/div>\n<p style=\"text-align: justify;\">Aqu\u00ed, en este imponente artilugio inventiva de nuestras mentes, se quiere dar respuesta a una serie de interrogantes que se espera solucionar con este experimento:<\/p>\n<p style=\"text-align: justify;\"><strong>\u2022 Qu\u00e9 es la masa.<\/strong><br \/>\n<strong>\u2022 El origen de la masa de las part\u00edculas<\/strong><br \/>\n<strong>\u2022 El origen de la masa para los <a href=\"https:\/\/www.emiliosilveravazquez.com\/blog\/2013\/11\/11\/no-siempre-hablamos-de-lo-que-comprendemos\/#\">bariones<\/a>.<\/strong><br \/>\n<strong>\u2022 El n\u00famero exacto de part\u00edculas del \u00e1tomo.<\/strong><\/p>\n<p style=\"text-align: justify;\">Yotros muchos enigmas que nos gritan, tales como &#8220;<a href=\"#\" onclick=\"referencia('materia oscura',event); return false;\">materia oscura<\/a>&#8221;, hiperespacio, <a href=\"#\" onclick=\"referencia('agujero de gusano',event); return false;\">agujero de gusano<\/a>, universos paralelos&#8230;<\/p>\n<p>&nbsp;<\/p>\n<p style=\"text-align: justify;\">\u00a0 \u00a0 \u00a0 \u00a0 \u00a0 \u00a0 \u00a0 \u00a0 \u00a0 \u00a0 \u00a0 \u00a0 \u00a0 <img decoding=\"async\" loading=\"lazy\" class=\"\" src=\"https:\/\/i1.wp.com\/oldcivilizations.files.wordpress.com\/2015\/11\/imagen-41.jpg?ssl=1\" alt=\"Resultado de imagen de Hace ya mucho tiempo que, lo que hoy llaman en campo de Higgs, fue descubierto en la India\" width=\"523\" height=\"351\" \/><\/p>\n<p>&nbsp;<\/p>\n<p style=\"text-align: justify;\">\u00bfQu\u00e9 simboliza Shiva, el dios destructor, en el Acelerador de Part\u00edculas del CERN?\u00a0 Pocos saben que, un a\u00f1o despu\u00e9s de la gran inauguraci\u00f3n del CERN, Sergio Bertolucci, exdirector de Investigaci\u00f3n e Inform\u00e1tica Cient\u00edfica del CERN, afirm\u00f3 que el <em>Gran Colisionador de Hadrones<\/em> podr\u00eda abrir puertas a otra dimensi\u00f3n en<em> \u201cun lapso de tiempo muy peque\u00f1o\u201d, <\/em>a\u00f1adiendo que quiz\u00e1 fuese suficiente<em> \u201cpara mirar en el interior de esa puerta abierta, para obtener o enviar algo\u201d.<\/em><\/p>\n<p>&nbsp;<\/p>\n<h1>\u00a0 \u00a0 \u00a0 \u00a0 \u00a0 \u00a0 \u00a0 \u00a0 \u00a0 \u00a0 \u00a0 \u00a0 <img decoding=\"async\" loading=\"lazy\" src=\"https:\/\/s-media-cache-ak0.pinimg.com\/236x\/45\/0b\/bc\/450bbc417eebbbc155459f7f3918fc65.jpg\" alt=\"\" width=\"372\" height=\"345\" \/><\/h1>\n<p style=\"text-align: justify;\">Si no fuera tan largo de contar, os dir\u00eda que, en realidad, el Campo de <a href=\"https:\/\/www.emiliosilveravazquez.com\/blog\/2013\/11\/11\/no-siempre-hablamos-de-lo-que-comprendemos\/#\"><a href=\"#\" onclick=\"referencia('higgs',event); return false;\">Higgs<\/a><\/a> se descubri\u00f3 hace ya muchos siglos en la antigua India, con el nopmbre de maya, que sugiere la idea de un velo de ilusi\u00f3n para dar peso a los objetos del mundo material. Pocos conocen que, los hind\u00faes fueron los que m\u00e1s se acercaron a las ideas modernas sobre el \u00e1tomo, la f\u00edsica cu\u00e1ntica y otras teor\u00edas actuales. Ellos desarrollaron muy temprano s\u00f3lidas teor\u00edas atomistas sobre la materia. Posiblemente, el pensamiento atomista griega recibi\u00f3 las influencias del pensamiento de los hind\u00faes a trav\u00e9s de las civilizaciones persas. El Rig-Veda, que data de alguna fecha situada entre el 2000 y el 1500 a. C., es el primer texto hind\u00fa en el que se exponen unas ideas que pueden considerarse leyes naturales universales. La ley c\u00f3smica est\u00e1 relacionada con la luz c\u00f3smica.<\/p>\n<p>&nbsp;<\/p>\n<p style=\"text-align: justify;\">\u00a0 \u00a0 \u00a0 \u00a0 \u00a0 \u00a0 \u00a0 \u00a0 \u00a0 \u00a0 \u00a0 \u00a0 \u00a0 \u00a0 \u00a0 \u00a0 \u00a0 \u00a0 \u00a0 \u00a0 \u00a0 \u00a0 \u00a0 \u00a0 \u00a0 \u00a0 <img decoding=\"async\" loading=\"lazy\" src=\"http:\/\/oscarmontero.com\/wp-content\/uploads\/2011\/07\/vedanta.jpg\" alt=\"Imagen relacionada\" width=\"304\" height=\"261\" \/><\/p>\n<p style=\"text-align: justify;\">Anteriores a los primeros Upanishads tenemos en la India la creaci\u00f3n de los Vedas, visiones po\u00e9ticas y espirituales en las que la imaginaci\u00f3n humana ve la Naturaleza y la expresa en creaci\u00f3n po\u00e9tica, y despu\u00e9s va avanzando hacia unidades m\u00e1s intensamente reales que espirituales hasta llegar al Brahm\u00e1n \u00fanico de los Upanishads.<\/p>\n<p style=\"text-align: justify;\">Hacia la \u00e9poca de Buda (500 a, C.), los Upanishad, escritos durante un per\u00edodo de varios siglos, mencionaban el concepto\u00a0 de <strong>svabhava, <\/strong>definido como \u201cla naturaleza inherente de los distintos materiales\u201d; es decir, su eficacia causal \u00fanica, , tal como la combusti\u00f3n en el caso del fuego, o el hecho de fluir hacia abajo en el caso dela agua. El pensador Jain\u00ed Bunaratna nos dijo: \u201cTodo lo que existe ha llegado a existir por acci\u00f3n de la <strong>svabhava. <\/strong>As\u00ed\u2026 la tierra se transforma en una vasija y no en pa\u00f1o\u2026 A partir de los hilos se produce el pa\u00f1o y no la vasija\u201d.<\/p>\n<p>&nbsp;<\/p>\n<p style=\"text-align: justify;\">\u00a0 \u00a0 \u00a0 \u00a0 \u00a0 \u00a0 \u00a0 \u00a0 \u00a0 \u00a0 \u00a0 \u00a0 \u00a0 <img decoding=\"async\" src=\"http:\/\/www.philosophica.info\/voces\/filosofia_india\/Filosofia_India.jpg\" alt=\"\" \/><\/p>\n<p style=\"text-align: justify;\">Tambi\u00e9n aquellos pensadores, manejaron el concepto de <strong>yadrccha, <\/strong>o azar desde tiempos muy remotos. Implicaba la falta de orden y la aleatoriedad de la causalidad. Ambos conceptos se sumaron a la afirmaci\u00f3n del griego Dem\u00f3crito medio siglo m\u00e1s tarde: \u201cTodo lo que hay en el universo es fruto del azar y la necesidad\u201d. El ejemplo que que dio Dem\u00f3crito -similar al de los hilos del pa\u00f1o- fue que, toda la materia que existe, est\u00e1 formada por a-tomos o \u00e1tomos.<\/p>\n<p style=\"text-align: justify;\">Bueno, no lo puedo evitar, mi imaginaci\u00f3n se desboca y corre r\u00e1pida por los diversos pensamientos que por la mente pasan, de uno se traslada a otros y, al final, todo resulta un conglomerado de ideas que, en realidad, quieren explicar, dentro de esa diversidad, la misma cosa.<\/p>\n<p style=\"text-align: justify;\">emilio silvera<\/p>\n<div class='bookmark'>\r\n\t\t<table align='left' border='0' cellpadding='0' width='100%'>\r\n\t\t<tr><td><span class='pushbutton'><a href='http:\/\/delicious.com\/post?url=http%3A%2F%2Fwww.emiliosilveravazquez.com%2Fblog%2F2022%2F11%2F22%2Fno-siempre-hablamos-de-lo-que-comprendemos-19%2F&amp;title=No+siempre+hablamos+de+lo+que+comprendemos' title='Delicious' target='_blank' rel='nofollow'><img src='http:\/\/www.emiliosilveravazquez.com\/blog\/wp-content\/plugins\/knxdt-bookmarks-wordpress-plugin\/images\/delicious.png'  alt='' class='book_img' border='none' style='margin:1px; padding: 0;'  \/><\/a><\/span><span class='pushbutton'><a href='http:\/\/digg.com\/submit?url=http%3A%2F%2Fwww.emiliosilveravazquez.com%2Fblog%2F2022%2F11%2F22%2Fno-siempre-hablamos-de-lo-que-comprendemos-19%2F&amp;title=No+siempre+hablamos+de+lo+que+comprendemos' title='Digg' target='_blank' rel='nofollow'><img src='http:\/\/www.emiliosilveravazquez.com\/blog\/wp-content\/plugins\/knxdt-bookmarks-wordpress-plugin\/images\/digg.png'  alt='' class='book_img' border='none' style='margin:1px; padding: 0;'  \/><\/a><\/span><span class='pushbutton'><a href='http:\/\/www.google.com\/bookmarks\/mark?op=edit&amp;bkmk=http%3A%2F%2Fwww.emiliosilveravazquez.com%2Fblog%2F2022%2F11%2F22%2Fno-siempre-hablamos-de-lo-que-comprendemos-19%2F&amp;title=No+siempre+hablamos+de+lo+que+comprendemos' title='Google' target='_blank' rel='nofollow'><img src='http:\/\/www.emiliosilveravazquez.com\/blog\/wp-content\/plugins\/knxdt-bookmarks-wordpress-plugin\/images\/google.png'   alt='' class='book_img' border='none' style='margin:1px; padding: 0;'  \/><\/a><\/span><span class='pushbutton'><a href='http:\/\/myweb2.search.yahoo.com\/myresults\/bookmarklet?u=http%3A%2F%2Fwww.emiliosilveravazquez.com%2Fblog%2F2022%2F11%2F22%2Fno-siempre-hablamos-de-lo-que-comprendemos-19%2F&amp;t=No+siempre+hablamos+de+lo+que+comprendemos' title='Yahoo' target='_blank' rel='nofollow'><img src='http:\/\/www.emiliosilveravazquez.com\/blog\/wp-content\/plugins\/knxdt-bookmarks-wordpress-plugin\/images\/yahoo.png'  alt='' class='book_img' border='none' style='margin:1px; padding: 0;'  \/><\/a><\/span><span class='pushbutton'><a href='http:\/\/www.technorati.com\/faves?add=http%3A%2F%2Fwww.emiliosilveravazquez.com%2Fblog%2F2022%2F11%2F22%2Fno-siempre-hablamos-de-lo-que-comprendemos-19%2F' title='Technorati' target='_blank' rel='nofollow'><img src='http:\/\/www.emiliosilveravazquez.com\/blog\/wp-content\/plugins\/knxdt-bookmarks-wordpress-plugin\/images\/technorati.png'  alt='' class='book_img' border='none' style='margin:1px; padding: 0;'  \/><\/a><\/span><span class='pushbutton'><a href='http:\/\/meneame.net\/submit.php?url=http%3A%2F%2Fwww.emiliosilveravazquez.com%2Fblog%2F2022%2F11%2F22%2Fno-siempre-hablamos-de-lo-que-comprendemos-19%2F' title='Meneame' target='_blank' rel='nofollow'><img src='http:\/\/www.emiliosilveravazquez.com\/blog\/wp-content\/plugins\/knxdt-bookmarks-wordpress-plugin\/images\/meneame.png'  alt='' class='book_img' border='none' style='margin:1px; padding: 0;'  \/><\/a><\/span><span class='pushbutton'><a href='http:\/\/enchilame.com\/submit.php?url=http:\/\/www.emiliosilveravazquez.com\/blog\/2022\/11\/22\/no-siempre-hablamos-de-lo-que-comprendemos-19\/' target='_blank' rel='nofollow'><img title='Enchilame' src='http:\/\/www.emiliosilveravazquez.com\/blog\/wp-content\/plugins\/knxdt-bookmarks-wordpress-plugin\/images\/enchilame.png'  alt='' class='book_img' border='none' style='margin:1px; padding: 0;'  \/><\/a><\/span><span class='pushbutton'><a href='http:\/\/www.blinklist.com\/index.php?Action=Blink\/addblink.php&amp;Description=&amp;Url=http%3A%2F%2Fwww.emiliosilveravazquez.com%2Fblog%2F2022%2F11%2F22%2Fno-siempre-hablamos-de-lo-que-comprendemos-19%2F&amp;title=No+siempre+hablamos+de+lo+que+comprendemos' title='BlinkList' target='_blank' rel='nofollow'><img src='http:\/\/www.emiliosilveravazquez.com\/blog\/wp-content\/plugins\/knxdt-bookmarks-wordpress-plugin\/images\/blinklist.png'  alt='' class='book_img' border='none' style='margin:1px; padding: 0;'  \/><\/a><\/span><span class='pushbutton'><a href='http:\/\/reddit.com\/submit?url=http%3A%2F%2Fwww.emiliosilveravazquez.com%2Fblog%2F2022%2F11%2F22%2Fno-siempre-hablamos-de-lo-que-comprendemos-19%2F&amp;title=No+siempre+hablamos+de+lo+que+comprendemos' title='Reddit' target='_blank' rel='nofollow'><img src='http:\/\/www.emiliosilveravazquez.com\/blog\/wp-content\/plugins\/knxdt-bookmarks-wordpress-plugin\/images\/reddit.png'  alt='' class='book_img' border='none' style='margin:1px; padding: 0;'  \/><\/a><\/span><span class='pushbutton'><a href='http:\/\/www.tecnologiadiaria.com\/2009\/07\/abrir-com-hotmail-correo.html' target='_blank' title='hotmail'><img src='http:\/\/www.emiliosilveravazquez.com\/blog\/wp-content\/plugins\/knxdt-bookmarks-wordpress-plugin\/images\/linklove.png' alt='hotmail correo' class='book_img' border='none' style='margin:1px; padding: 0;' \/><\/a><\/span><span class='pushbutton'><a href='http:\/\/bitacoras.com\/votar\/anotacion\/externo\/mini\/www.emiliosilveravazquez.com\/blog\/2022\/11\/22\/no-siempre-hablamos-de-lo-que-comprendemos-19\/' title='Bitacoras.com' target='_blank' rel='nofollow'><img src='http:\/\/www.emiliosilveravazquez.com\/blog\/wp-content\/plugins\/knxdt-bookmarks-wordpress-plugin\/images\/bitacoras.png'  alt='' class='book_img' border='none' style='margin:1px; padding: 0;'  \/><\/a><\/span><span class='pushbutton'><a href='http:\/\/www.wikio.es\/vote?url=http%3A%2F%2Fwww.emiliosilveravazquez.com%2Fblog%2F2022%2F11%2F22%2Fno-siempre-hablamos-de-lo-que-comprendemos-19%2F' title='Wikio' target='_blank' rel='nofollow'><img src='http:\/\/www.emiliosilveravazquez.com\/blog\/wp-content\/plugins\/knxdt-bookmarks-wordpress-plugin\/images\/wikio.png'   alt='' class='book_img' border='none' style='margin:1px; padding: 0;'   \/><\/a><\/span><span class='pushbutton'><a href='http:\/\/friendfeed.com\/?url=http%3A%2F%2Fwww.emiliosilveravazquez.com%2Fblog%2F2022%2F11%2F22%2Fno-siempre-hablamos-de-lo-que-comprendemos-19%2F&amp;title=No+siempre+hablamos+de+lo+que+comprendemos' title='Friend Feed' target='_blank' rel='nofollow'><img src='http:\/\/www.emiliosilveravazquez.com\/blog\/wp-content\/plugins\/knxdt-bookmarks-wordpress-plugin\/images\/friendfeed.png'  alt='' class='book_img' border='none' style='margin:1px; padding: 0;'  \/><\/a><\/span><span class='pushbutton'><a href='http:\/\/www.facebook.com\/share.php?u=http%3A%2F%2Fwww.emiliosilveravazquez.com%2Fblog%2F2022%2F11%2F22%2Fno-siempre-hablamos-de-lo-que-comprendemos-19%2F&amp;t=No+siempre+hablamos+de+lo+que+comprendemos' title='Facebook' target='_blank' rel='nofollow'><img src='http:\/\/www.emiliosilveravazquez.com\/blog\/wp-content\/plugins\/knxdt-bookmarks-wordpress-plugin\/images\/facebook.png'  alt='' class='book_img' border='none' style='margin:1px; padding: 0;'  \/><\/a><\/span><span class='pushbutton'><a href='http:\/\/twitter.com\/home?status=No+siempre+hablamos+de+lo+que+comprendemos: http%3A%2F%2Fwww.emiliosilveravazquez.com%2Fblog%2F2022%2F11%2F22%2Fno-siempre-hablamos-de-lo-que-comprendemos-19%2F' title='Twitter' target='_blank' rel='nofollow'><img src='http:\/\/www.emiliosilveravazquez.com\/blog\/wp-content\/plugins\/knxdt-bookmarks-wordpress-plugin\/images\/twitter.png'  alt='' class='book_img' border='none' style='margin:1px; padding: 0;'  \/><\/a><\/span><span class='pushbutton'><a href='http:\/\/www.feedburner.com\/fb\/a\/emailFlare?itemTitle=No+siempre+hablamos+de+lo+que+comprendemos&amp;uri=http%3A%2F%2Fwww.emiliosilveravazquez.com%2Fblog%2F2022%2F11%2F22%2Fno-siempre-hablamos-de-lo-que-comprendemos-19%2F' title='Enviar por Email' target='_blank' rel='nofollow'><img src='http:\/\/www.emiliosilveravazquez.com\/blog\/wp-content\/plugins\/knxdt-bookmarks-wordpress-plugin\/images\/email.png'  alt='' class='book_img' border='none' style='margin:1px; padding: 0;'  \/><\/a><\/span><span style='font-weight:bold; padding-left: 5px;'><a href='http:\/\/wordpress.org\/extend\/plugins\/knxdt-bookmarks-wordpress-plugin\/' title='Plugin' rel='nofollow' target='_blank'>[?]<\/a><\/span><\/td><\/tr><\/table><br\/><br\/><\/div>","protected":false},"excerpt":{"rendered":"<p>Unificar las fuerzas de la Naturaleza en una Teor\u00eda Buscando las conexiones de todas las leyes de la Naturaleza en una sola teor\u00eda En la Edad Media, los \u00e1rabes salvaron la cultura \u00a0 \u00a0 \u00a0 \u00a0 \u00a0 \u00a0 \u00a0 \u00a0 \u00a0 \u00a0 \u00a0 \u00a0 \u00a0 \u00a0 al Khwarizmi, Abu Jafar Muhammad ibn Musa Durante la [&hellip;]<\/p>\n","protected":false},"author":2,"featured_media":0,"comment_status":"open","ping_status":"open","sticky":false,"template":"","format":"standard","meta":{"_s2mail":"","footnotes":""},"categories":[1],"tags":[],"_links":{"self":[{"href":"http:\/\/www.emiliosilveravazquez.com\/blog\/wp-json\/wp\/v2\/posts\/29128"}],"collection":[{"href":"http:\/\/www.emiliosilveravazquez.com\/blog\/wp-json\/wp\/v2\/posts"}],"about":[{"href":"http:\/\/www.emiliosilveravazquez.com\/blog\/wp-json\/wp\/v2\/types\/post"}],"author":[{"embeddable":true,"href":"http:\/\/www.emiliosilveravazquez.com\/blog\/wp-json\/wp\/v2\/users\/2"}],"replies":[{"embeddable":true,"href":"http:\/\/www.emiliosilveravazquez.com\/blog\/wp-json\/wp\/v2\/comments?post=29128"}],"version-history":[{"count":0,"href":"http:\/\/www.emiliosilveravazquez.com\/blog\/wp-json\/wp\/v2\/posts\/29128\/revisions"}],"wp:attachment":[{"href":"http:\/\/www.emiliosilveravazquez.com\/blog\/wp-json\/wp\/v2\/media?parent=29128"}],"wp:term":[{"taxonomy":"category","embeddable":true,"href":"http:\/\/www.emiliosilveravazquez.com\/blog\/wp-json\/wp\/v2\/categories?post=29128"},{"taxonomy":"post_tag","embeddable":true,"href":"http:\/\/www.emiliosilveravazquez.com\/blog\/wp-json\/wp\/v2\/tags?post=29128"}],"curies":[{"name":"wp","href":"https:\/\/api.w.org\/{rel}","templated":true}]}}