{"id":291,"date":"2010-08-11T11:36:46","date_gmt":"2010-08-11T09:36:46","guid":{"rendered":"http:\/\/www.emiliosilveravazquez.com\/blog\/?p=291"},"modified":"2010-08-11T11:36:49","modified_gmt":"2010-08-11T09:36:49","slug":"ano-internacional-de-la-astronomia-2009-en-espana-aia-iya2009-11","status":"publish","type":"post","link":"http:\/\/www.emiliosilveravazquez.com\/blog\/2010\/08\/11\/ano-internacional-de-la-astronomia-2009-en-espana-aia-iya2009-11\/","title":{"rendered":"A\u00f1o Internacional de la Astronom\u00eda 2009. En Espa\u00f1a AIA-IYA2009"},"content":{"rendered":"<p style=\"text-align: justify; text-indent: 22.7pt;\">Continuamos con la serie dedicada a la divulgaci\u00f3n de la Astronom\u00eda. Es importante que el p\u00fablico en general, dentro de lo posible, sea consciente de lo que es la Astronom\u00eda, las cuestiones que los Astr\u00f3nomos estudian, las leyes que rigen el Universo y las fuerzas que en \u00e9l est\u00e1n presentes, los objetos de que lo pueblan y la mec\u00e1nica que incide, con el paso del tiempo, en su evoluci\u00f3n.<\/p>\n<p style=\"text-align: justify; text-indent: 22.7pt;\">Continu\u00e9mos:<\/p>\n<p style=\"margin: 0cm 0cm 0pt; text-indent: 22.7pt; text-align: justify;\"><strong style=\"mso-bidi-font-weight: normal;\"><span style=\"text-decoration: underline;\">Hawking, proceso de.<\/span><\/strong><\/p>\n<p style=\"margin: 0cm 0cm 0pt; text-indent: 22.7pt; text-align: justify;\">Emisi\u00f3n de part\u00edculas por un <a href=\"#\" onclick=\"referencia('agujero negro',event); return false;\">agujero negro<\/a> como resultado de los efectos mecano-cu\u00e1nticos.\u00a0 Fue descubierta por el F\u00edsico-cosm\u00f3logo, Stephen Hawking (1.942).\u00a0 El campo gravitacional del <a href=\"#\" onclick=\"referencia('agujero negro',event); return false;\">agujero negro<\/a> es la causa de una producci\u00f3n de pares de part\u00edculas &#8211; antipart\u00edculas en la vecindad del Horizonte de sucesos.\u00a0 Para un posible observador externo, parecer\u00eda que el agujero est\u00e1 emitiendo radiaci\u00f3n (radiaci\u00f3n Hawking).<\/p>\n<p style=\"margin: 0cm 0cm 0pt; text-indent: 22.7pt; text-align: justify;\">Es m\u00e1s, parece como si las energ\u00edas de las part\u00edculas que caen fuera negativa y compensara exactamente la energ\u00eda (positiva) de las part\u00edculas que escapan.\u00a0 Esta energ\u00eda negativa reduce la masa del <a href=\"#\" onclick=\"referencia('agujero negro',event); return false;\">agujero negro<\/a>, y el resultado neto del proceso es que el flujo de part\u00edculas emitidas parece llevarse la masa del <a href=\"#\" onclick=\"referencia('agujero negro',event); return false;\">agujero negro<\/a>.<\/p>\n<p style=\"margin: 0cm 0cm 0pt; text-indent: 22.7pt; text-align: justify;\">Puede mostrarse que el <a href=\"#\" onclick=\"referencia('agujero negro',event); return false;\">agujero negro<\/a> radia como un cuerpo negro, con una distribuci\u00f3n de energ\u00eda de las part\u00edculas que obedece la ley de radiaci\u00f3n de Planck para una temperatura que es inversamente proporcional a la masa del agujero.<\/p>\n<p><!--more--><\/p>\n<p style=\"margin: 0cm 0cm 0pt; text-indent: 22.7pt; text-align: justify;\">Para un <a href=\"#\" onclick=\"referencia('agujero negro',event); return false;\">agujero negro<\/a> de la masa del Sol, su temperatura es s\u00f3lo de 10<sup>-7<\/sup>k, de forma que el proceso es despreciable.\u00a0 Sin embargo, para un &#8220;mini&#8221; <a href=\"#\" onclick=\"referencia('agujero negro',event); return false;\">agujero negro<\/a>, de los que pudieron haberse formado en el Universo primitivo, con una masa del orden 10<sup>12<\/sup>kg (y un radio de 10<sup>-15<\/sup> metros), la temperatura ser\u00e1 de unos 10<sup>11<\/sup> y el agujero radiar\u00e1 copiosamente (a un ritmo de 6&#215;10<sup>9<\/sup> W) un flujo de <a href=\"#\" onclick=\"referencia('gamma rayos',event); return false;\">rayos gamma<\/a>, <a href=\"#\" onclick=\"referencia('neutrinos',event); return false;\">neutrinos<\/a> y pares electr\u00f3n-positr\u00f3n.<\/p>\n<p style=\"margin: 0cm 0cm 0pt; text-indent: 22.7pt; text-align: justify;\">Los niveles observados de <a href=\"#\" onclick=\"referencia('gamma rayos',event); return false;\">rayos gamma<\/a> c\u00f3smicos imponen fuertes restricciones al n\u00famero de esos &#8220;mini&#8221; <a href=\"#\" onclick=\"referencia('agujero negro',event); return false;\">agujeros negros<\/a>, sugiriendo que hay demasiado pocos como para resolver el problema de la <a href=\"#\" onclick=\"referencia('materia oscura',event); return false;\">materia oscura<\/a>.<\/p>\n<p style=\"margin: 0cm 0cm 0pt; text-indent: 22.7pt; text-align: justify;\">Particularmente (por mi ignorancia), no llego a comprender \u00e9sta teor\u00eda de Hawking, ya que, ten\u00eda entendido (as\u00ed esta aceptado por toda la comunidad cient\u00edfica) que, un <a href=\"#\" onclick=\"referencia('agujero negro',event); return false;\">agujero negro<\/a> es tan denso y genera tan enorme fuerza gravitatoria que, su <a href=\"#\" onclick=\"referencia('velocidad de escape',event); return false;\">velocidad de escape<\/a> supera a la velocidad de la luz, o lo que es lo mismo, la luz, corriendo a 300.000 km\/s, no se puede escapar a un agujero Negro.\u00a0 Si esto es as\u00ed, y, todo sabemos que en la <a href=\"#\" onclick=\"referencia('relatividad',event); return false;\">relatividad<\/a> especial de <a href=\"#\" onclick=\"referencia('einstein',event); return false;\">Einstein<\/a>, se dej\u00f3 muy claro, que nada es nuestro Universo pod\u00eda superar la velocidad de la luz, entonces me pregunto:<\/p>\n<p style=\"margin: 0cm 0cm 0pt; text-indent: 22.7pt; text-align: justify;\">\u00bfC\u00f3mo es posible que esas part\u00edculas de Hawking escapen de esa fuerza gravitatoria del <a href=\"#\" onclick=\"referencia('agujero negro',event); return false;\">agujero negro<\/a>?<\/p>\n<p style=\"margin: 0cm 0cm 0pt; text-indent: 22.7pt; text-align: justify;\">\u00bfAcaso van m\u00e1s aprisa que la velocidad de la luz?<\/p>\n<p style=\"margin: 0cm 0cm 0pt; text-indent: 22.7pt; text-align: justify;\">\u00bfNo tendr\u00edan que tener entonces una masa infinita?<\/p>\n<p style=\"margin: 0cm 0cm 0pt; text-indent: 22.7pt; text-align: justify;\">Lo dicho, mi enorme ignorancia no me deja comprender el denominado &#8220;proceso de Hawking&#8221;.<\/p>\n<p style=\"margin: 0cm 0cm 0pt; text-indent: 22.7pt; text-align: justify;\"><strong style=\"mso-bidi-font-weight: normal;\"><span style=\"text-decoration: underline;\">Helioc\u00e9ntrica.<\/span><\/strong><\/p>\n<p style=\"margin: 0cm 0cm 0pt; text-indent: 22.7pt; text-align: justify;\">Escuela de modelos de Universo en las que el Sol era considerado el centro.\u00a0 (El error de Cop\u00e9rnico).<\/p>\n<p style=\"margin: 0cm 0cm 0pt; text-indent: 22.7pt; text-align: justify;\"><strong style=\"mso-bidi-font-weight: normal;\"><span style=\"text-decoration: underline;\">Hertzsprung-Russell, diagrama.<\/span><\/strong><\/p>\n<p style=\"margin: 0cm 0cm 0pt; text-indent: 22.7pt; text-align: justify;\">Gr\u00e1fico que revela una relaci\u00f3n entre los colores y las magnitudes absolutas de las estrellas, frente a una medida de su temperatura (bien su tipo espectral o bien su \u00edndice de color).<\/p>\n<p style=\"margin: 0cm 0cm 0pt; text-indent: 22.7pt; text-align: justify;\">El diagrama muestra c\u00f3mo est\u00e1n relacionadas las luminosidades con las temperaturas superficiales.\u00a0 A partir de la posici\u00f3n de una estrella en el diagrama, los astr\u00f3nomos pueden estimar su masa y la fase de su evoluci\u00f3n.<\/p>\n<p style=\"margin: 0cm 0cm 0pt; text-indent: 22.7pt; text-align: justify;\">La mayor\u00eda de las estrellas se encuentran en la secuencia principal, una banda que se divide desde la parte superior izquierda hacia la parte inferior derecha del diagrama.<\/p>\n<p style=\"margin: 0cm 0cm 0pt; text-indent: 22.7pt; text-align: justify;\">Una estrella de la secuencia principal est\u00e1 quemando hidr\u00f3geno en su n\u00facleo, y durante esta fase de su vida permanecer\u00e1 en un punto en el diagrama que esta determinado por su masa.<\/p>\n<p style=\"margin: 0cm 0cm 0pt; text-indent: 22.7pt; text-align: justify;\">Otras \u00e1reas del diagrama HR est\u00e1n pobladas por estrellas que no queman Hidr\u00f3geno en sus n\u00facleos, aunque pueden estar quemando Hidr\u00f3geno en una fina envoltura alrededor de \u00e9ste.\u00a0 La m\u00e1s prominente de estas \u00e1reas es la rama gigante, consistente en estrellas que han agotado el combustible de Hidr\u00f3geno en sus n\u00facleos.<\/p>\n<p style=\"margin: 0cm 0cm 0pt; text-indent: 22.7pt; text-align: justify;\">Regiones de inter\u00e9s son las bandas ocupadas por las supergigantes, con luminosidades de 300 a 100.000. veces la del Sol (futuras estrellas de Neutrones o Agujeros Negros).\u00a0 Tambi\u00e9n las enanas blancas, estrellas moribundas con luminosidades t\u00edpicamente 10.000. veces menores que la del Sol.<\/p>\n<p style=\"margin: 0cm 0cm 0pt; text-indent: 22.7pt; text-align: justify;\">Las teor\u00edas de la evoluci\u00f3n estelar deben explicar las distintas caracter\u00edsticas del diagrama HR.\u00a0 Se llama as\u00ed en honor de H.N. Russell y E. Hertzsprung, quienes lo dise\u00f1aron independientemente.<\/p>\n<p style=\"margin: 0cm 0cm 0pt; text-indent: 22.7pt; text-align: justify;\"><strong style=\"mso-bidi-font-weight: normal;\"><span style=\"text-decoration: underline;\">Hiperdimensional.<\/span><\/strong><\/p>\n<p style=\"margin: 0cm 0cm 0pt; text-align: justify;\"><strong style=\"mso-bidi-font-weight: normal;\"><\/strong><\/p>\n<p style=\"margin: 0cm 0cm 0pt; text-indent: 22.7pt; text-align: justify;\">Que involucra m\u00e1s de cuatro dimensiones (tres de espacio y una de tiempo= habituales en\u00a0 el espacio-tiempo relativista.<\/p>\n<p style=\"margin: 0cm 0cm 0pt; text-indent: 22.7pt; text-align: justify;\">Cuando un viejo profesor de <a href=\"#\" onclick=\"referencia('einstein',event); return false;\">Einstein<\/a>, Minkouski, ley\u00f3 la teor\u00eda de la <a href=\"#\" onclick=\"referencia('relatividad',event); return false;\">relatividad<\/a> especial de su ex-alumno, se dio cuenta de que, a partir de entonces, nunca se podr\u00eda hablar de espacio y de tiempo como conceptos distintos y separados, la teor\u00eda hab\u00eda descubierto que, ambos conceptos estaban unidos de manera irreversible como el espacio-tiempo.<\/p>\n<p style=\"margin: 0cm 0cm 0pt; text-indent: 22.7pt; text-align: justify;\">Despu\u00e9s de la publicaci\u00f3n de la teor\u00eda general de la <a href=\"#\" onclick=\"referencia('relatividad',event); return false;\">relatividad<\/a> de <a href=\"#\" onclick=\"referencia('einstein',event); return false;\">Einstein<\/a>, se dio a conocer un trabajo de un tal Kaluza que, se inventaba, por primera vez, la quinta dimensi\u00f3n que, m\u00e1s tarde depur\u00f3 Orkar Klein y, pas\u00f3 a llamarse, teor\u00eda <a href=\"#\" onclick=\"referencia('kaluza klein',event); return false;\">Kaluza-Klein<\/a>.<\/p>\n<p style=\"margin: 0cm 0cm 0pt; text-indent: 22.7pt; text-align: justify;\"><strong style=\"mso-bidi-font-weight: normal;\"><span style=\"text-decoration: underline;\"><a href=\"#\" onclick=\"referencia('hubble',event); return false;\">Hubble<\/a>, constante de.<\/span><\/strong> (s\u00edmbolo H<sub>0<\/sub>)<\/p>\n<p style=\"margin: 0cm 0cm 0pt; text-indent: 22.7pt; text-align: justify;\">El ritmo al que se expande el Universo, aproximadamente igual a un aumento de la velocidad de 50 kil\u00f3metros por mega <a href=\"#\" onclick=\"referencia('parsec',event); return false;\">p\u00e1rsec<\/a> de distancia.<\/p>\n<p style=\"margin: 0cm 0cm 0pt; text-indent: 22.7pt; text-align: justify;\"><a href=\"#\" onclick=\"referencia('hubble',event); return false;\">Hubble<\/a>, Edwin Powell (1889-1953) astr\u00f3nomo norteamericano, es mundialmente conocido por sus importantes trabajos: clasificaci\u00f3n de <a href=\"#\" onclick=\"referencia('hubble',event); return false;\">Hubble<\/a>, constante de <a href=\"#\" onclick=\"referencia('hubble',event); return false;\">Hubble<\/a>, diagrama de <a href=\"#\" onclick=\"referencia('hubble',event); return false;\">Hubble<\/a>, flujo de <a href=\"#\" onclick=\"referencia('hubble',event); return false;\">Hubble<\/a>, ley de <a href=\"#\" onclick=\"referencia('hubble',event); return false;\">Hubble<\/a>, nebulosa variable de <a href=\"#\" onclick=\"referencia('hubble',event); return false;\">Hubble<\/a>, par\u00e1metro de <a href=\"#\" onclick=\"referencia('hubble',event); return false;\">Hubble<\/a>, radio de <a href=\"#\" onclick=\"referencia('hubble',event); return false;\">Hubble<\/a>, tiempo de <a href=\"#\" onclick=\"referencia('hubble',event); return false;\">Hubble<\/a> y otras.\u00a0 Su contribuci\u00f3n a la astronom\u00eda es de todo punto imposible de pagar y, en reconocimiento, tantos conceptos y hallazgos llevan su nombre, es lo menos que pod\u00edamos hacer por recordarlo.<\/p>\n<p style=\"margin: 0cm 0cm 0pt; text-indent: 22.7pt; text-align: justify;\">Tambi\u00e9n lleva su nombre el telescopio espacial HST &#8220;HUBBLE&#8221; que, tantos logros ha conseguido fotografiando rincones del Universo situados a miles de millones de a\u00f1os luz de nosotros.<\/p>\n<p style=\"margin: 0cm 0cm 0pt; text-indent: 22.7pt; text-align: justify;\"><strong style=\"mso-bidi-font-weight: normal;\"><span style=\"text-decoration: underline;\">Inercia.<\/span><\/strong><\/p>\n<p style=\"margin: 0cm 0cm 0pt; text-indent: 22.7pt; text-align: justify;\"><strong style=\"mso-bidi-font-weight: normal;\"><\/strong><\/p>\n<p style=\"margin: 0cm 0cm 0pt; text-indent: 22.7pt; text-align: justify;\">Propiedad de la materia que hace que se resista a cualquier cambio en su estado de movimiento.\u00a0 As\u00ed pues, un cuerpo en reposo se mantiene en reposo a no ser que act\u00fae sobre \u00e9l una fuerza externa, y un cuerpo en movimiento contin\u00faa movi\u00e9ndose a velocidad constante y en l\u00ednea recta a no ser que act\u00fae sobre el una fuerza externa.\u00a0 Esta es una formulaci\u00f3n de la primera ley del movimiento de <a href=\"#\" onclick=\"referencia('newton',event); return false;\">Newton<\/a>.\u00a0 La masa de un cuerpo es una medida de su inercia.<\/p>\n<p style=\"margin: 0cm 0cm 0pt; text-indent: 22.7pt; text-align: justify;\">M\u00e1s tarde, llego <a href=\"#\" onclick=\"referencia('einstein',event); return false;\">Einstein<\/a> y nos dijo, adem\u00e1s, que la masa de un cuerpo es la medida de su energ\u00eda (F\u00f3rmula).<\/p>\n<p style=\"margin: 0cm 0cm 0pt; text-indent: 22.7pt; text-align: justify;\"><strong style=\"mso-bidi-font-weight: normal;\"><span style=\"text-decoration: underline;\">Ingravidez.<\/span><\/strong><\/p>\n<p style=\"margin: 0cm 0cm 0pt; text-indent: 22.7pt; text-align: justify;\">Cualidad de un cuerpo cuando est\u00e1 a distancia infinita de cualquier otro cuerpo.\u00a0 En la pr\u00e1ctica, la apariencia de ingravidez ocurre en el espacio cuando la atracci\u00f3n gravitacional de la Tierra sobre un cuerpo en el espacio es igual a la fuerza centr\u00edpeta requerida por su movimiento orbital, de manera que el cuerpo esta efectivamente en ca\u00edda\u00a0 libre.<\/p>\n<p style=\"margin: 0cm 0cm 0pt; text-indent: 22.7pt; text-align: justify;\">La invalidez puede tambi\u00e9n ser simulada durante cortos per\u00edodos en un avi\u00f3n volando en un camino parab\u00f3lico, de forma que los ocupantes est\u00e1n en ca\u00edda libre.<\/p>\n<p style=\"margin: 0cm 0cm 0pt; text-indent: 22.7pt; text-align: justify;\">La ingravidez es uno de los problemas a resolver en las naves espaciales futuras que realicen largos viajes por el espacio exterior.\u00a0 El cuerpo humano, cuya cuna y origen est\u00e1 en el Planeta tierra, no puede soportar grandes periodos de ingravidez sin que su esqueleto se resienta y debilite.\u00a0 Las Naves y Estaciones espaciales futuras tendr\u00e1n que simular una gravedad artificial para hacer posible la exploraci\u00f3n espacial sin este peligro, ya existen muchos otros.<\/p>\n<p style=\"margin: 0cm 0cm 0pt; text-indent: 22.7pt; text-align: justify;\"><strong style=\"mso-bidi-font-weight: normal;\"><span style=\"text-decoration: underline;\">Interacci\u00f3n.<\/span><\/strong><\/p>\n<p style=\"margin: 0cm 0cm 0pt; text-indent: 22.7pt; text-align: justify;\">Efecto en el que intervienen un n\u00famero de cuerpos, part\u00edculas o sistemas como resultado del cual tiene lugar alg\u00fan cambio f\u00edsico o qu\u00edmico en uno o m\u00e1s de ellos.<\/p>\n<p style=\"margin: 0cm 0cm 0pt; text-indent: 22.7pt; text-align: justify;\">Supone un intercambio entre dos o m\u00e1s part\u00edculas o cuerpos.<\/p>\n<p style=\"margin: 0cm 0cm 0pt; text-indent: 22.7pt; text-align: justify;\">Puesto que la teor\u00eda cu\u00e1ntica sostiene que las fuerzas fundamentales involucran el intercambio de part\u00edculas que transportan fuerza (los Bosones), es correcto describir las fuerzas como interacciones.<\/p>\n<p style=\"margin: 0cm 0cm 0pt; text-indent: 22.7pt; text-align: justify;\">Antes, en las fuerzas fundamentales de la Naturaleza, hemos explicado todas las fuerzas naturales que existen en el Universo.<\/p>\n<p style=\"margin: 0cm 0cm 0pt; text-indent: 22.7pt; text-align: justify;\"><strong style=\"mso-bidi-font-weight: normal;\"><span style=\"text-decoration: underline;\">Invariancia.<\/span><\/strong><\/p>\n<p style=\"margin: 0cm 0cm 0pt; text-indent: 22.7pt; text-align: justify;\">Simetr\u00eda generada por la operaci\u00f3n combinada de cambiar conjugaci\u00f3n de Carga (c)\u00a0 y paridad (p).\u00a0 La violaci\u00f3n CP ocurre en las interacciones d\u00e9biles en la desintegraci\u00f3n del Kaon.<\/p>\n<p style=\"margin: 0cm 0cm 0pt; text-indent: 22.7pt; text-align: justify;\">Aqu\u00ed me parece apropiado incluir tambi\u00e9n CPT, teorema; inversi\u00f3n temporal: S\u00edmbolo T.\u00a0 Operaci\u00f3n de reemplazar el tiempo t por el tiempo -t.\u00a0 La simetr\u00eda de la inversi\u00f3n temporal es conocida como invariancia T.\u00a0 Igual que ocurre con la violaci\u00f3n CP, la violaci\u00f3n de T tambi\u00e9n ocurre en las interacciones d\u00e9biles en la desintegraci\u00f3n del kaon.<\/p>\n<p style=\"margin: 0cm 0cm 0pt; text-indent: 22.7pt; text-align: justify;\">Precisamente, cuando <a href=\"#\" onclick=\"referencia('einstein',event); return false;\">Einstein<\/a> public\u00f3 su c\u00e9lebre teor\u00eda de la <a href=\"#\" onclick=\"referencia('relatividad',event); return false;\">relatividad<\/a> especial, la llam\u00f3, en un principio teor\u00eda de invariancia que, estaba basada en la invariancia de la velocidad de la luz que, sea cual fuere la fuente emisora, est\u00e9 en movimiento o en reposo, siempre es la misma, 299.792&#8217;458 km por segundo.<\/p>\n<p style=\"margin: 0cm 0cm 0pt; text-indent: 22.7pt; text-align: justify;\">Tambi\u00e9n por cierta similitud podemos incluir aqu\u00ed alg\u00fan comentario sobre lo que es la <strong style=\"mso-bidi-font-weight: normal;\"><span style=\"text-decoration: underline;\">irreversibilidad:<\/span><\/strong><\/p>\n<p style=\"margin: 0cm 0cm 0pt; text-indent: 22.7pt; text-align: justify;\"><strong style=\"mso-bidi-font-weight: normal;\"><\/strong><\/p>\n<p style=\"margin: 0cm 0cm 0pt; text-indent: 22.7pt; text-align: justify;\">Es la propiedad de un sistema que impide que los cambios sean procesos reversibles.\u00a0 Existe la paradoja de que, a pesar de que las ecuaciones que describen los cuerpos en un sistema, como las leyes de <a href=\"#\" onclick=\"referencia('newton',event); return false;\">Newton<\/a>, las ecuaciones de Maxwell o la <a href=\"#\" onclick=\"referencia('schrodinger ecuacion de',event); return false;\">ecuaci\u00f3n de Schr\u00f6dinger<\/a>, son invariantes bajo inversi\u00f3n temporal, los fen\u00f3menos que ocurren en sistemas formados por un gran n\u00famero de grados de libertad no son reversibles.\u00a0 El proceso de resolver un huevo es un ejemplo.\u00a0 La resoluci\u00f3n de esta paradoja requiere el concepto de <a href=\"#\" onclick=\"referencia('entropia',event); return false;\">entrop\u00eda<\/a> y de mec\u00e1nica estad\u00edstica.<\/p>\n<p style=\"margin: 0cm 0cm 0pt; text-indent: 22.7pt; text-align: justify;\">La irreversibilidad ocurre por la transici\u00f3n de una disposici\u00f3n ordenada (somos j\u00f3venes) a una disposici\u00f3n desordenada (somos viejos), que es la v\u00eda natural, el paso del tiempo y el avance de la <a href=\"#\" onclick=\"referencia('entropia',event); return false;\">entrop\u00eda<\/a> es el cambio inevitable e irreversible en un sistema cerrado, cuya flecha del tiempo siempre corre en la misma direcci\u00f3n de una <a href=\"#\" onclick=\"referencia('entropia',event); return false;\">entrop\u00eda<\/a> creciente (mayor desorden y menos energ\u00eda).<\/p>\n<p style=\"margin: 0cm 0cm 0pt; text-indent: 22.7pt; text-align: justify;\">La irreversibilidad tambi\u00e9n ocurre en procesos que violan la simetr\u00eda T.\u00a0 De acuerdo con el teorema CPT, aquellos procesos que violan CP tambi\u00e9n violan T, y son, por tanto, irreversibles.<\/p>\n<p style=\"margin: 0cm 0cm 0pt; text-indent: 22.7pt; text-align: justify;\"><strong style=\"mso-bidi-font-weight: normal;\"><span style=\"text-decoration: underline;\">Is\u00f3topos.<\/span><\/strong><\/p>\n<p style=\"margin: 0cm 0cm 0pt; text-indent: 22.7pt; text-align: justify;\">Cuando hablamos de un is\u00f3topo nos estamos refiriendo a uno de los dos o m\u00e1s \u00e1tomos del mismo elemento que tienen el mismo n\u00famero de <a href=\"#\" onclick=\"referencia('proton',event); return false;\">protones<\/a> en sus n\u00facleos, pero diferente n\u00famero de <a href=\"#\" onclick=\"referencia('neutron',event); return false;\">neutrones<\/a>.<\/p>\n<p style=\"margin: 0cm 0cm 0pt; text-indent: 22.7pt; text-align: justify;\">El hidr\u00f3geno (1 <a href=\"#\" onclick=\"referencia('proton',event); return false;\">prot\u00f3n<\/a>, o <a href=\"#\" onclick=\"referencia('neutron',event); return false;\">neutr\u00f3n<\/a>), el Deuterio (1 <a href=\"#\" onclick=\"referencia('proton',event); return false;\">prot\u00f3n<\/a>, 1 <a href=\"#\" onclick=\"referencia('neutron',event); return false;\">neutr\u00f3n<\/a>) y el Tritio (1 <a href=\"#\" onclick=\"referencia('proton',event); return false;\">prot\u00f3n<\/a>, 2 <a href=\"#\" onclick=\"referencia('neutron',event); return false;\">neutrones<\/a>)\u00a0 son is\u00f3topos del\u00a0 Hidr\u00f3geno.<\/p>\n<p style=\"margin: 0cm 0cm 0pt; text-indent: 22.7pt; text-align: justify;\">La mayor\u00eda de los elementos del Universo, todos los que existen en la Naturaleza, en su gran mayor\u00eda, consisten en una mezcla de is\u00f3topos.<\/p>\n<p style=\"margin: 0cm 0cm 0pt; text-indent: 22.7pt; text-align: justify;\"><strong style=\"mso-bidi-font-weight: normal;\"><span style=\"text-decoration: underline;\">Isotrop\u00eda.<\/span><\/strong><\/p>\n<p style=\"margin: 0cm 0cm 0pt; text-indent: 22.7pt; text-align: justify;\"><strong style=\"mso-bidi-font-weight: normal;\"><\/strong><\/p>\n<p style=\"margin: 0cm 0cm 0pt; text-indent: 22.7pt; text-align: justify;\">Es la cualidad de ser igual en todas las direcciones que es exactamente lo contrario que ocurre con la &#8220;Anisotrop\u00eda&#8221; que es distinta en diferentes direcciones.<\/p>\n<p style=\"margin: 0cm 0cm 0pt; text-indent: 22.7pt; text-align: justify;\">La Isotrop\u00eda puede estar representada por la luz del Sol que al expandirse por igual en todas las direcciones podemos decir que es Isotr\u00f3pica.<\/p>\n<p style=\"margin: 0cm 0cm 0pt; text-indent: 22.7pt; text-align: justify;\">La anisotrop\u00eda que se dice para un medio en el que ciertas propiedades f\u00edsicas son diferentes direcciones, podr\u00eda representarse con un ejemplo que todos entenderemos: La madera, por ejemplo, es un material anis\u00f3tropo; su resistencia y configuraci\u00f3n a lo largo de la fibra es distinta perpendicularmente a esta, al contrario de los cristales simples que no son c\u00fabicos que tambi\u00e9n son anis\u00f3tropos con respecto a algunas propiedades f\u00edsicas, los c\u00fabicos si lo son (isotr\u00f3picos).<\/p>\n<p style=\"margin: 0cm 0cm 0pt; text-indent: 22.7pt; text-align: justify;\">La luz de un foco que alumbra a un pianista en el escenario, no es isotr\u00f3pica y, sin embargo, la bombilla que alumbra nuestra habitaci\u00f3n si lo es, ya que, se esparce por todos los rincones por igual y esa igualdad en todas las direcciones, es la ISOTROP\u00cdA. El lo que ocurre con la luz de las esterellas.<\/p>\n<p style=\"margin: 0cm 0cm 0pt; text-indent: 22.7pt; text-align: justify;\"><strong style=\"mso-bidi-font-weight: normal;\"><span style=\"text-decoration: underline;\">L\u00ednea de Universo.<\/span><\/strong><\/p>\n<p style=\"margin: 0cm 0cm 0pt; text-indent: 22.7pt; text-align: justify;\">Trayectoria seguida por un objeto en el espacio-tiempo.\u00a0 El hecho de que el espacio-tiempo sea cuatridimensional hace que las <a href=\"#\" onclick=\"referencia('linea de universo',event); return false;\">l\u00edneas de universo<\/a> sean dif\u00edciles de visualizar, pero si el Universo tuviera s\u00f3lo una dimensi\u00f3n espacial y una temporal, podr\u00eda dibujarse la l\u00ednea de Universo en un gr\u00e1fico con el tiempo en el eje vertical y la distancia en el horizontal.<\/p>\n<p style=\"margin: 0cm 0cm 0pt; text-indent: 22.7pt; text-align: justify;\">Una part\u00edcula en reposo con respecto al sistema de coordenadas tendr\u00eda una l\u00ednea de Universo dirigida a lo lardo del eje vertical, mientras que las part\u00edculas m\u00f3viles tendr\u00edan l\u00edneas de Universo que ser\u00edan l\u00edneas rectas o curvas dirigidas hacia arriba.\u00a0 En el Universo real, el camino de una part\u00edcula m\u00f3vil es una l\u00ednea curva en el espacio-tiempo.<\/p>\n<p style=\"margin: 0cm 0cm 0pt; text-indent: 22.7pt; text-align: justify;\">En f\u00edsica se dice que <a href=\"#\" onclick=\"referencia('linea de universo',event); return false;\">l\u00ednea de universo<\/a> es la historia de una part\u00edcula representada en el espacio-tiempo.\u00a0 Esto permite encontrar la posici\u00f3n de una part\u00edcula en el tiempo t cortando el espacio-tiempo en ese instante t y encontrando d\u00f3nde corta la l\u00ednea de Universo de la part\u00edcula.<\/p>\n<p style=\"margin: 0cm 0cm 0pt; text-indent: 22.7pt; text-align: justify;\">Los rayos de luz pueden ser tratados como las <a href=\"#\" onclick=\"referencia('linea de universo',event); return false;\">l\u00edneas de universo<\/a> de los <a href=\"#\" onclick=\"referencia('foton',event); return false;\">fotones<\/a>.\u00a0 Las <a href=\"#\" onclick=\"referencia('linea de universo',event); return false;\">l\u00edneas de universo<\/a> de las part\u00edculas sometidas a la influencia de un campo gravitacional son geod\u00e9sicas en el espacio-tiempo.\u00a0 La <a href=\"#\" onclick=\"referencia('linea de universo',event); return false;\">l\u00ednea de universo<\/a> de un <a href=\"#\" onclick=\"referencia('foton',event); return false;\">fot\u00f3n<\/a> cerca de una estrella, como e Sol, es ligeramente doblada debido a que la luz est\u00e1 siendo desviada por el campo gravitacional del Sol, como predice la teor\u00eda de la <a href=\"#\" onclick=\"referencia('relatividad',event); return false;\">relatividad<\/a> general de <a href=\"#\" onclick=\"referencia('einstein',event); return false;\">Einstein<\/a>.<\/p>\n<p style=\"margin: 0cm 0cm 0pt; text-indent: 22.7pt; text-align: justify;\"><strong style=\"mso-bidi-font-weight: normal;\"><span style=\"text-decoration: underline;\">Lisura, problema de la.<\/span><\/strong><\/p>\n<p style=\"margin: 0cm 0cm 0pt; text-indent: 22.7pt; text-align: justify;\">Enigma de por qu\u00e9 el Universo no es espectacularmente <strong style=\"mso-bidi-font-weight: normal;\"><span style=\"text-decoration: underline;\">abierto<\/span> <\/strong>ni <strong style=\"mso-bidi-font-weight: normal;\"><span style=\"text-decoration: underline;\">cerrado<\/span>,<\/strong> sino perfectamente equilibrado entre estos estados.<\/p>\n<p style=\"margin: 0cm 0cm 0pt; text-indent: 22.7pt; text-align: justify;\">En realidad, a\u00fan no sabemos (aunque lo sospechamos) en qu\u00e9, clase de Universo vivimos, si es plano y abierto (Universo de <a href=\"#\" onclick=\"referencia('einstein',event); return false;\">Einstein<\/a>-de Sitter), o si\u00a0 es curvo y cerrado (Universo de Friedman).<\/p>\n<p style=\"margin: 0cm 0cm 0pt; text-indent: 22.7pt; text-align: justify;\">En todo caso, la resoluci\u00f3n de este problema estar\u00e1 a nuestro alcance cu\u00e1ndo seamos capaces de conocer, de manera fiable, la <strong style=\"mso-bidi-font-weight: normal;\"><span style=\"text-decoration: underline;\">Densidad Cr\u00edtica<\/span><\/strong> de nuestro Universo, es decir, la cantidad de materia que contiene y, la que podemos detectar, es la materia Barionica que s\u00f3lo es una peque\u00f1a parte de la que en realidad existe,\u00a0 \u00a1la <a href=\"#\" onclick=\"referencia('materia oscura',event); return false;\">materia oscura<\/a>! Pero \u00bfQu\u00e9 es \u00e9sta misteriosa materia? \u00bfAcaso no estaba ya aqu\u00ed, cuado apareci\u00f3 la materia luminosa que emite radiaci\u00f3n? Si no fuese as\u00ed \u00bfC\u00f3mo pudieron formarse las galaxias a pesar de la expansi\u00f3n de <a href=\"#\" onclick=\"referencia('hubble',event); return false;\">Hubble<\/a>?<\/p>\n<p style=\"margin: 0cm 0cm 0pt; text-indent: 22.7pt; text-align: justify;\"><strong style=\"mso-bidi-font-weight: normal;\"><span style=\"text-decoration: underline;\">Local, Grupo.<\/span><\/strong><\/p>\n<p style=\"margin: 0cm 0cm 0pt; text-indent: 22.7pt; text-align: justify;\">Grupo de galaxias con unos tres millones de a.l. de di\u00e1metro que contiene a nuestra Galaxia, la V\u00eda L\u00e1ctea.\u00a0 Existen 31 miembros confirmados en el Grupo local.<\/p>\n<p style=\"margin: 0cm 0cm 0pt; text-indent: 22.7pt; text-align: justify;\">Las otras galaxias pr\u00f3ximas (grupo de Sculptor y m81) se encuentran considerablemente m\u00e1s alejadas,\u00a0 a 9 millones de a.l.<a href=\"#pie1\">*<\/a>.<\/p>\n<p style=\"margin: 0cm 0cm 0pt; text-indent: 22.7pt; text-align: justify;\">La masa total del Grupo Local se estima que es de 3 a 5 x 10<sup>12<\/sup> masas solares.\u00a0 Los miembros m\u00e1s brillantes son las tres espirales: la Galaxia de Andr\u00f3meda, nuestra Galaxia y M33. Unas pocas galaxias enanas esferoidales pueden permanecer a\u00fan si descubrir.<\/p>\n<ul style=\"margin: 0pt 0pt 0pt 35pt; line-height: 15pt;\">\n<li>Galaxia de Andr\u00f3meda (M31)<\/li>\n<li>V\u00eda L\u00e1ctea.<\/li>\n<li>Galaxia del Triangulum (M33)<\/li>\n<li>Gran Nube de Magallanes<\/li>\n<li>IC10<\/li>\n<li>M32 (NGC 221)<\/li>\n<li>MGC 6822 (Galaxia de Barnard)<\/li>\n<li>M 110 (NGC 205)<\/li>\n<li>Peque\u00f1a Nube de Magallanes<\/li>\n<li>NGC 185<\/li>\n<li>NGC 145<\/li>\n<li>IC 1613<\/li>\n<li>Wolf-Lundamark-Melotte<\/li>\n<li>Enana de Formax<\/li>\n<li>Enana de Sagittarius<\/li>\n<li>And I<\/li>\n<li>And II<\/li>\n<li>Leo I<\/li>\n<li>Enana de Aquariu (DDO210)<\/li>\n<li>Sagitarius (Sag DIG)<\/li>\n<li>Enana de Sculptor<\/li>\n<li>Enana de Antlia<\/li>\n<li>And III<\/li>\n<li>L G S 3<\/li>\n<li>Enana de Sextans<\/li>\n<li>Enana de Phoenix<\/li>\n<li>Enana de Tucana<\/li>\n<li>Leo II<\/li>\n<li>Enana de Ursa Minor<\/li>\n<li>Enana de Carina<\/li>\n<li>Enana de Draco<\/li>\n<\/ul>\n<p style=\"margin: 0cm 0cm 0pt; text-indent: 22.7pt; text-align: justify;\">La m\u00e1s cercana a la V\u00eda L\u00e1ctea es la Enana de Sagittarius que est\u00e1 a 25 kpc<a href=\"#pie2\">*<\/a>.<\/p>\n<p style=\"margin: 0cm 0cm 0pt; text-align: justify;\">de distancia, y, la m\u00e1s lejana, IC-10, a 1.250 kpc.\u00a0 Andr\u00f3meda, la m\u00e1s parecida (algo mayor) a la V\u00eda L\u00e1ctea, esta a 725 kpc de distancia, al m\u00e1s de dos millones de a.l.<\/p>\n<p style=\"margin: 0cm 0cm 0pt; text-indent: 22.7pt; text-align: justify;\">Estas son nuestras Galaxias vecinas que contienen cientos y cientos de miles de millones de estrellas. \u00bfY planetas? \u00bfHabr\u00e1 alguno similar a la Tierra?<\/p>\n<p style=\"margin: 0cm 0cm 0pt; text-indent: 22.7pt; text-align: justify;\">Un c\u00e9lebre Astr\u00f3nomo brit\u00e1nico, al ser preguntado por el milagro de la vida en otros mundos, contest\u00f3: &#8221; El milagro ser\u00eda que no existiera vida en otros mundos.&#8221;<\/p>\n<p style=\"margin: 0cm 0cm 0pt; text-indent: 22.7pt; text-align: justify;\">emilio silvera<\/p>\n<hr size=\"1\" \/>\n<p style=\"margin: 0cm 0cm 0pt;\"><a name=\"pie1\">*<\/a> a.l. = a\u00f1os-luz<\/p>\n<p style=\"margin: 0cm 0cm 0pt;\"><a name=\"pie2\">*<\/a> La\u00a0 unidad G\u00e1sica de distancia estelar es el P\u00e1rsec= a 3&#8217;2616 a.l.\u00a0 Para las distancias gal\u00e1cticas e intergal\u00e1cticas, se emplea el kilo <a href=\"#\" onclick=\"referencia('parsec',event); return false;\">p\u00e1rsec<\/a> (kpc) y el Mega <a href=\"#\" onclick=\"referencia('parsec',event); return false;\">p\u00e1rsec<\/a> (Mpc).<\/p>\n<div class='bookmark'>\r\n\t\t<table align='left' border='0' cellpadding='0' width='100%'>\r\n\t\t<tr><td><span class='pushbutton'><a href='http:\/\/delicious.com\/post?url=http%3A%2F%2Fwww.emiliosilveravazquez.com%2Fblog%2F2010%2F08%2F11%2Fano-internacional-de-la-astronomia-2009-en-espana-aia-iya2009-11%2F&amp;title=A%C3%B1o+Internacional+de+la+Astronom%C3%ADa+2009.+En+Espa%C3%B1a+AIA-IYA2009' title='Delicious' target='_blank' rel='nofollow'><img src='http:\/\/www.emiliosilveravazquez.com\/blog\/wp-content\/plugins\/knxdt-bookmarks-wordpress-plugin\/images\/delicious.png'  alt='' class='book_img' border='none' style='margin:1px; padding: 0;'  \/><\/a><\/span><span class='pushbutton'><a href='http:\/\/digg.com\/submit?url=http%3A%2F%2Fwww.emiliosilveravazquez.com%2Fblog%2F2010%2F08%2F11%2Fano-internacional-de-la-astronomia-2009-en-espana-aia-iya2009-11%2F&amp;title=A%C3%B1o+Internacional+de+la+Astronom%C3%ADa+2009.+En+Espa%C3%B1a+AIA-IYA2009' title='Digg' target='_blank' rel='nofollow'><img src='http:\/\/www.emiliosilveravazquez.com\/blog\/wp-content\/plugins\/knxdt-bookmarks-wordpress-plugin\/images\/digg.png'  alt='' class='book_img' border='none' style='margin:1px; padding: 0;'  \/><\/a><\/span><span class='pushbutton'><a href='http:\/\/www.google.com\/bookmarks\/mark?op=edit&amp;bkmk=http%3A%2F%2Fwww.emiliosilveravazquez.com%2Fblog%2F2010%2F08%2F11%2Fano-internacional-de-la-astronomia-2009-en-espana-aia-iya2009-11%2F&amp;title=A%C3%B1o+Internacional+de+la+Astronom%C3%ADa+2009.+En+Espa%C3%B1a+AIA-IYA2009' title='Google' target='_blank' rel='nofollow'><img src='http:\/\/www.emiliosilveravazquez.com\/blog\/wp-content\/plugins\/knxdt-bookmarks-wordpress-plugin\/images\/google.png'   alt='' class='book_img' border='none' style='margin:1px; padding: 0;'  \/><\/a><\/span><span class='pushbutton'><a href='http:\/\/myweb2.search.yahoo.com\/myresults\/bookmarklet?u=http%3A%2F%2Fwww.emiliosilveravazquez.com%2Fblog%2F2010%2F08%2F11%2Fano-internacional-de-la-astronomia-2009-en-espana-aia-iya2009-11%2F&amp;t=A%C3%B1o+Internacional+de+la+Astronom%C3%ADa+2009.+En+Espa%C3%B1a+AIA-IYA2009' title='Yahoo' target='_blank' rel='nofollow'><img src='http:\/\/www.emiliosilveravazquez.com\/blog\/wp-content\/plugins\/knxdt-bookmarks-wordpress-plugin\/images\/yahoo.png'  alt='' class='book_img' border='none' style='margin:1px; padding: 0;'  \/><\/a><\/span><span class='pushbutton'><a href='http:\/\/www.technorati.com\/faves?add=http%3A%2F%2Fwww.emiliosilveravazquez.com%2Fblog%2F2010%2F08%2F11%2Fano-internacional-de-la-astronomia-2009-en-espana-aia-iya2009-11%2F' title='Technorati' target='_blank' rel='nofollow'><img src='http:\/\/www.emiliosilveravazquez.com\/blog\/wp-content\/plugins\/knxdt-bookmarks-wordpress-plugin\/images\/technorati.png'  alt='' class='book_img' border='none' style='margin:1px; padding: 0;'  \/><\/a><\/span><span class='pushbutton'><a href='http:\/\/meneame.net\/submit.php?url=http%3A%2F%2Fwww.emiliosilveravazquez.com%2Fblog%2F2010%2F08%2F11%2Fano-internacional-de-la-astronomia-2009-en-espana-aia-iya2009-11%2F' title='Meneame' target='_blank' rel='nofollow'><img src='http:\/\/www.emiliosilveravazquez.com\/blog\/wp-content\/plugins\/knxdt-bookmarks-wordpress-plugin\/images\/meneame.png'  alt='' class='book_img' border='none' style='margin:1px; padding: 0;'  \/><\/a><\/span><span class='pushbutton'><a href='http:\/\/enchilame.com\/submit.php?url=http:\/\/www.emiliosilveravazquez.com\/blog\/2010\/08\/11\/ano-internacional-de-la-astronomia-2009-en-espana-aia-iya2009-11\/' target='_blank' rel='nofollow'><img title='Enchilame' src='http:\/\/www.emiliosilveravazquez.com\/blog\/wp-content\/plugins\/knxdt-bookmarks-wordpress-plugin\/images\/enchilame.png'  alt='' class='book_img' border='none' style='margin:1px; padding: 0;'  \/><\/a><\/span><span class='pushbutton'><a href='http:\/\/www.blinklist.com\/index.php?Action=Blink\/addblink.php&amp;Description=&amp;Url=http%3A%2F%2Fwww.emiliosilveravazquez.com%2Fblog%2F2010%2F08%2F11%2Fano-internacional-de-la-astronomia-2009-en-espana-aia-iya2009-11%2F&amp;title=A%C3%B1o+Internacional+de+la+Astronom%C3%ADa+2009.+En+Espa%C3%B1a+AIA-IYA2009' title='BlinkList' target='_blank' rel='nofollow'><img src='http:\/\/www.emiliosilveravazquez.com\/blog\/wp-content\/plugins\/knxdt-bookmarks-wordpress-plugin\/images\/blinklist.png'  alt='' class='book_img' border='none' style='margin:1px; padding: 0;'  \/><\/a><\/span><span class='pushbutton'><a href='http:\/\/reddit.com\/submit?url=http%3A%2F%2Fwww.emiliosilveravazquez.com%2Fblog%2F2010%2F08%2F11%2Fano-internacional-de-la-astronomia-2009-en-espana-aia-iya2009-11%2F&amp;title=A%C3%B1o+Internacional+de+la+Astronom%C3%ADa+2009.+En+Espa%C3%B1a+AIA-IYA2009' title='Reddit' target='_blank' rel='nofollow'><img src='http:\/\/www.emiliosilveravazquez.com\/blog\/wp-content\/plugins\/knxdt-bookmarks-wordpress-plugin\/images\/reddit.png'  alt='' class='book_img' border='none' style='margin:1px; padding: 0;'  \/><\/a><\/span><span class='pushbutton'><a href='http:\/\/www.tecnologiadiaria.com\/2009\/07\/abrir-com-hotmail-correo.html' target='_blank' title='hotmail'><img src='http:\/\/www.emiliosilveravazquez.com\/blog\/wp-content\/plugins\/knxdt-bookmarks-wordpress-plugin\/images\/linklove.png' alt='hotmail correo' class='book_img' border='none' style='margin:1px; padding: 0;' \/><\/a><\/span><span class='pushbutton'><a href='http:\/\/bitacoras.com\/votar\/anotacion\/externo\/mini\/www.emiliosilveravazquez.com\/blog\/2010\/08\/11\/ano-internacional-de-la-astronomia-2009-en-espana-aia-iya2009-11\/' title='Bitacoras.com' target='_blank' rel='nofollow'><img src='http:\/\/www.emiliosilveravazquez.com\/blog\/wp-content\/plugins\/knxdt-bookmarks-wordpress-plugin\/images\/bitacoras.png'  alt='' class='book_img' border='none' style='margin:1px; padding: 0;'  \/><\/a><\/span><span class='pushbutton'><a href='http:\/\/www.wikio.es\/vote?url=http%3A%2F%2Fwww.emiliosilveravazquez.com%2Fblog%2F2010%2F08%2F11%2Fano-internacional-de-la-astronomia-2009-en-espana-aia-iya2009-11%2F' title='Wikio' target='_blank' rel='nofollow'><img src='http:\/\/www.emiliosilveravazquez.com\/blog\/wp-content\/plugins\/knxdt-bookmarks-wordpress-plugin\/images\/wikio.png'   alt='' class='book_img' border='none' style='margin:1px; padding: 0;'   \/><\/a><\/span><span class='pushbutton'><a href='http:\/\/friendfeed.com\/?url=http%3A%2F%2Fwww.emiliosilveravazquez.com%2Fblog%2F2010%2F08%2F11%2Fano-internacional-de-la-astronomia-2009-en-espana-aia-iya2009-11%2F&amp;title=A%C3%B1o+Internacional+de+la+Astronom%C3%ADa+2009.+En+Espa%C3%B1a+AIA-IYA2009' title='Friend Feed' target='_blank' rel='nofollow'><img src='http:\/\/www.emiliosilveravazquez.com\/blog\/wp-content\/plugins\/knxdt-bookmarks-wordpress-plugin\/images\/friendfeed.png'  alt='' class='book_img' border='none' style='margin:1px; padding: 0;'  \/><\/a><\/span><span class='pushbutton'><a href='http:\/\/www.facebook.com\/share.php?u=http%3A%2F%2Fwww.emiliosilveravazquez.com%2Fblog%2F2010%2F08%2F11%2Fano-internacional-de-la-astronomia-2009-en-espana-aia-iya2009-11%2F&amp;t=A%C3%B1o+Internacional+de+la+Astronom%C3%ADa+2009.+En+Espa%C3%B1a+AIA-IYA2009' title='Facebook' target='_blank' rel='nofollow'><img src='http:\/\/www.emiliosilveravazquez.com\/blog\/wp-content\/plugins\/knxdt-bookmarks-wordpress-plugin\/images\/facebook.png'  alt='' class='book_img' border='none' style='margin:1px; padding: 0;'  \/><\/a><\/span><span class='pushbutton'><a href='http:\/\/twitter.com\/home?status=A%C3%B1o+Internacional+de+la+Astronom%C3%ADa+2009.+En+Espa%C3%B1a+AIA-IYA2009: http%3A%2F%2Fwww.emiliosilveravazquez.com%2Fblog%2F2010%2F08%2F11%2Fano-internacional-de-la-astronomia-2009-en-espana-aia-iya2009-11%2F' title='Twitter' target='_blank' rel='nofollow'><img src='http:\/\/www.emiliosilveravazquez.com\/blog\/wp-content\/plugins\/knxdt-bookmarks-wordpress-plugin\/images\/twitter.png'  alt='' class='book_img' border='none' style='margin:1px; padding: 0;'  \/><\/a><\/span><span class='pushbutton'><a href='http:\/\/www.feedburner.com\/fb\/a\/emailFlare?itemTitle=A%C3%B1o+Internacional+de+la+Astronom%C3%ADa+2009.+En+Espa%C3%B1a+AIA-IYA2009&amp;uri=http%3A%2F%2Fwww.emiliosilveravazquez.com%2Fblog%2F2010%2F08%2F11%2Fano-internacional-de-la-astronomia-2009-en-espana-aia-iya2009-11%2F' title='Enviar por Email' target='_blank' rel='nofollow'><img src='http:\/\/www.emiliosilveravazquez.com\/blog\/wp-content\/plugins\/knxdt-bookmarks-wordpress-plugin\/images\/email.png'  alt='' class='book_img' border='none' style='margin:1px; padding: 0;'  \/><\/a><\/span><span style='font-weight:bold; padding-left: 5px;'><a href='http:\/\/wordpress.org\/extend\/plugins\/knxdt-bookmarks-wordpress-plugin\/' title='Plugin' rel='nofollow' target='_blank'>[?]<\/a><\/span><\/td><\/tr><\/table><br\/><br\/><\/div>","protected":false},"excerpt":{"rendered":"<p>Continuamos con la serie dedicada a la divulgaci\u00f3n de la Astronom\u00eda. Es importante que el p\u00fablico en general, dentro de lo posible, sea consciente de lo que es la Astronom\u00eda, las cuestiones que los Astr\u00f3nomos estudian, las leyes que rigen el Universo y las fuerzas que en \u00e9l est\u00e1n presentes, los objetos de que lo [&hellip;]<\/p>\n","protected":false},"author":2,"featured_media":0,"comment_status":"open","ping_status":"open","sticky":false,"template":"","format":"standard","meta":{"_s2mail":"","footnotes":""},"categories":[14],"tags":[],"_links":{"self":[{"href":"http:\/\/www.emiliosilveravazquez.com\/blog\/wp-json\/wp\/v2\/posts\/291"}],"collection":[{"href":"http:\/\/www.emiliosilveravazquez.com\/blog\/wp-json\/wp\/v2\/posts"}],"about":[{"href":"http:\/\/www.emiliosilveravazquez.com\/blog\/wp-json\/wp\/v2\/types\/post"}],"author":[{"embeddable":true,"href":"http:\/\/www.emiliosilveravazquez.com\/blog\/wp-json\/wp\/v2\/users\/2"}],"replies":[{"embeddable":true,"href":"http:\/\/www.emiliosilveravazquez.com\/blog\/wp-json\/wp\/v2\/comments?post=291"}],"version-history":[{"count":0,"href":"http:\/\/www.emiliosilveravazquez.com\/blog\/wp-json\/wp\/v2\/posts\/291\/revisions"}],"wp:attachment":[{"href":"http:\/\/www.emiliosilveravazquez.com\/blog\/wp-json\/wp\/v2\/media?parent=291"}],"wp:term":[{"taxonomy":"category","embeddable":true,"href":"http:\/\/www.emiliosilveravazquez.com\/blog\/wp-json\/wp\/v2\/categories?post=291"},{"taxonomy":"post_tag","embeddable":true,"href":"http:\/\/www.emiliosilveravazquez.com\/blog\/wp-json\/wp\/v2\/tags?post=291"}],"curies":[{"name":"wp","href":"https:\/\/api.w.org\/{rel}","templated":true}]}}