{"id":29023,"date":"2022-11-05T06:44:52","date_gmt":"2022-11-05T05:44:52","guid":{"rendered":"http:\/\/www.emiliosilveravazquez.com\/blog\/?p=29023"},"modified":"2022-11-05T06:44:52","modified_gmt":"2022-11-05T05:44:52","slug":"el-modelo-estandar-de-la-fisica-de-particulas","status":"publish","type":"post","link":"http:\/\/www.emiliosilveravazquez.com\/blog\/2022\/11\/05\/el-modelo-estandar-de-la-fisica-de-particulas\/","title":{"rendered":"El Modelo Est\u00e1ndar de la F\u00edsica de Part\u00edculas"},"content":{"rendered":"<p><iframe loading=\"lazy\" title=\"El Modelo Est\u00e1ndar de la F\u00edsica de Part\u00edculas (primera parte) [HD]\" width=\"500\" height=\"281\" src=\"https:\/\/www.youtube.com\/embed\/Ick4_XRC9oQ?feature=oembed\" frameborder=\"0\" allow=\"accelerometer; autoplay; clipboard-write; encrypted-media; gyroscope; picture-in-picture\" allowfullscreen><\/iframe><\/p>\n<p style=\"text-align: justify;\"><strong>El Modelo Est\u00e1ndar que nos explica las interacciones entre part\u00edculas y tres de las cuatro fuerzas fundamentales de la naturaleza, ya que, la Gravedad, no quiere juntarse con esas otras fuerzas y, todav\u00eda no sabemos el por qu\u00e9 de tal comportamiento. De hecho, el Gravit\u00f3n, el Bos\u00f3n que transmite la Gravedad\u00a0 no ha sido encontrado todav\u00eda, mientras que el resto de los emisarios de las otras fuerzas son bien conocidos y est\u00e1n localizados.<\/strong><\/p>\n<p><strong>Pero mejor ser\u00e1 o\u00edr al experto.<\/strong><\/p>\n<div class='bookmark'>\r\n\t\t<table align='left' border='0' cellpadding='0' width='100%'>\r\n\t\t<tr><td><span class='pushbutton'><a href='http:\/\/delicious.com\/post?url=http%3A%2F%2Fwww.emiliosilveravazquez.com%2Fblog%2F2022%2F11%2F05%2Fel-modelo-estandar-de-la-fisica-de-particulas%2F&amp;title=El+Modelo+Est%C3%A1ndar+de+la+F%C3%ADsica+de+Part%C3%ADculas' title='Delicious' target='_blank' rel='nofollow'><img src='http:\/\/www.emiliosilveravazquez.com\/blog\/wp-content\/plugins\/knxdt-bookmarks-wordpress-plugin\/images\/delicious.png'  alt='' class='book_img' border='none' style='margin:1px; padding: 0;'  \/><\/a><\/span><span class='pushbutton'><a href='http:\/\/digg.com\/submit?url=http%3A%2F%2Fwww.emiliosilveravazquez.com%2Fblog%2F2022%2F11%2F05%2Fel-modelo-estandar-de-la-fisica-de-particulas%2F&amp;title=El+Modelo+Est%C3%A1ndar+de+la+F%C3%ADsica+de+Part%C3%ADculas' title='Digg' target='_blank' rel='nofollow'><img src='http:\/\/www.emiliosilveravazquez.com\/blog\/wp-content\/plugins\/knxdt-bookmarks-wordpress-plugin\/images\/digg.png'  alt='' class='book_img' border='none' style='margin:1px; padding: 0;'  \/><\/a><\/span><span class='pushbutton'><a href='http:\/\/www.google.com\/bookmarks\/mark?op=edit&amp;bkmk=http%3A%2F%2Fwww.emiliosilveravazquez.com%2Fblog%2F2022%2F11%2F05%2Fel-modelo-estandar-de-la-fisica-de-particulas%2F&amp;title=El+Modelo+Est%C3%A1ndar+de+la+F%C3%ADsica+de+Part%C3%ADculas' title='Google' target='_blank' rel='nofollow'><img src='http:\/\/www.emiliosilveravazquez.com\/blog\/wp-content\/plugins\/knxdt-bookmarks-wordpress-plugin\/images\/google.png'   alt='' class='book_img' border='none' style='margin:1px; padding: 0;'  \/><\/a><\/span><span class='pushbutton'><a href='http:\/\/myweb2.search.yahoo.com\/myresults\/bookmarklet?u=http%3A%2F%2Fwww.emiliosilveravazquez.com%2Fblog%2F2022%2F11%2F05%2Fel-modelo-estandar-de-la-fisica-de-particulas%2F&amp;t=El+Modelo+Est%C3%A1ndar+de+la+F%C3%ADsica+de+Part%C3%ADculas' title='Yahoo' target='_blank' rel='nofollow'><img src='http:\/\/www.emiliosilveravazquez.com\/blog\/wp-content\/plugins\/knxdt-bookmarks-wordpress-plugin\/images\/yahoo.png'  alt='' class='book_img' border='none' style='margin:1px; padding: 0;'  \/><\/a><\/span><span class='pushbutton'><a href='http:\/\/www.technorati.com\/faves?add=http%3A%2F%2Fwww.emiliosilveravazquez.com%2Fblog%2F2022%2F11%2F05%2Fel-modelo-estandar-de-la-fisica-de-particulas%2F' title='Technorati' target='_blank' rel='nofollow'><img src='http:\/\/www.emiliosilveravazquez.com\/blog\/wp-content\/plugins\/knxdt-bookmarks-wordpress-plugin\/images\/technorati.png'  alt='' class='book_img' border='none' style='margin:1px; padding: 0;'  \/><\/a><\/span><span class='pushbutton'><a href='http:\/\/meneame.net\/submit.php?url=http%3A%2F%2Fwww.emiliosilveravazquez.com%2Fblog%2F2022%2F11%2F05%2Fel-modelo-estandar-de-la-fisica-de-particulas%2F' title='Meneame' target='_blank' rel='nofollow'><img src='http:\/\/www.emiliosilveravazquez.com\/blog\/wp-content\/plugins\/knxdt-bookmarks-wordpress-plugin\/images\/meneame.png'  alt='' class='book_img' border='none' style='margin:1px; padding: 0;'  \/><\/a><\/span><span class='pushbutton'><a href='http:\/\/enchilame.com\/submit.php?url=http:\/\/www.emiliosilveravazquez.com\/blog\/2022\/11\/05\/el-modelo-estandar-de-la-fisica-de-particulas\/' target='_blank' rel='nofollow'><img title='Enchilame' src='http:\/\/www.emiliosilveravazquez.com\/blog\/wp-content\/plugins\/knxdt-bookmarks-wordpress-plugin\/images\/enchilame.png'  alt='' class='book_img' border='none' style='margin:1px; padding: 0;'  \/><\/a><\/span><span class='pushbutton'><a href='http:\/\/www.blinklist.com\/index.php?Action=Blink\/addblink.php&amp;Description=&amp;Url=http%3A%2F%2Fwww.emiliosilveravazquez.com%2Fblog%2F2022%2F11%2F05%2Fel-modelo-estandar-de-la-fisica-de-particulas%2F&amp;title=El+Modelo+Est%C3%A1ndar+de+la+F%C3%ADsica+de+Part%C3%ADculas' title='BlinkList' target='_blank' rel='nofollow'><img src='http:\/\/www.emiliosilveravazquez.com\/blog\/wp-content\/plugins\/knxdt-bookmarks-wordpress-plugin\/images\/blinklist.png'  alt='' class='book_img' border='none' style='margin:1px; padding: 0;'  \/><\/a><\/span><span class='pushbutton'><a href='http:\/\/reddit.com\/submit?url=http%3A%2F%2Fwww.emiliosilveravazquez.com%2Fblog%2F2022%2F11%2F05%2Fel-modelo-estandar-de-la-fisica-de-particulas%2F&amp;title=El+Modelo+Est%C3%A1ndar+de+la+F%C3%ADsica+de+Part%C3%ADculas' title='Reddit' target='_blank' rel='nofollow'><img src='http:\/\/www.emiliosilveravazquez.com\/blog\/wp-content\/plugins\/knxdt-bookmarks-wordpress-plugin\/images\/reddit.png'  alt='' class='book_img' border='none' style='margin:1px; padding: 0;'  \/><\/a><\/span><span class='pushbutton'><a href='http:\/\/www.tecnologiadiaria.com\/2009\/07\/abrir-com-hotmail-correo.html' target='_blank' title='hotmail'><img src='http:\/\/www.emiliosilveravazquez.com\/blog\/wp-content\/plugins\/knxdt-bookmarks-wordpress-plugin\/images\/linklove.png' alt='hotmail correo' class='book_img' border='none' style='margin:1px; padding: 0;' \/><\/a><\/span><span class='pushbutton'><a href='http:\/\/bitacoras.com\/votar\/anotacion\/externo\/mini\/www.emiliosilveravazquez.com\/blog\/2022\/11\/05\/el-modelo-estandar-de-la-fisica-de-particulas\/' title='Bitacoras.com' target='_blank' rel='nofollow'><img src='http:\/\/www.emiliosilveravazquez.com\/blog\/wp-content\/plugins\/knxdt-bookmarks-wordpress-plugin\/images\/bitacoras.png'  alt='' class='book_img' border='none' style='margin:1px; padding: 0;'  \/><\/a><\/span><span class='pushbutton'><a href='http:\/\/www.wikio.es\/vote?url=http%3A%2F%2Fwww.emiliosilveravazquez.com%2Fblog%2F2022%2F11%2F05%2Fel-modelo-estandar-de-la-fisica-de-particulas%2F' title='Wikio' target='_blank' rel='nofollow'><img src='http:\/\/www.emiliosilveravazquez.com\/blog\/wp-content\/plugins\/knxdt-bookmarks-wordpress-plugin\/images\/wikio.png'   alt='' class='book_img' border='none' style='margin:1px; padding: 0;'   \/><\/a><\/span><span class='pushbutton'><a href='http:\/\/friendfeed.com\/?url=http%3A%2F%2Fwww.emiliosilveravazquez.com%2Fblog%2F2022%2F11%2F05%2Fel-modelo-estandar-de-la-fisica-de-particulas%2F&amp;title=El+Modelo+Est%C3%A1ndar+de+la+F%C3%ADsica+de+Part%C3%ADculas' title='Friend Feed' target='_blank' rel='nofollow'><img src='http:\/\/www.emiliosilveravazquez.com\/blog\/wp-content\/plugins\/knxdt-bookmarks-wordpress-plugin\/images\/friendfeed.png'  alt='' class='book_img' border='none' style='margin:1px; padding: 0;'  \/><\/a><\/span><span class='pushbutton'><a href='http:\/\/www.facebook.com\/share.php?u=http%3A%2F%2Fwww.emiliosilveravazquez.com%2Fblog%2F2022%2F11%2F05%2Fel-modelo-estandar-de-la-fisica-de-particulas%2F&amp;t=El+Modelo+Est%C3%A1ndar+de+la+F%C3%ADsica+de+Part%C3%ADculas' title='Facebook' target='_blank' rel='nofollow'><img src='http:\/\/www.emiliosilveravazquez.com\/blog\/wp-content\/plugins\/knxdt-bookmarks-wordpress-plugin\/images\/facebook.png'  alt='' class='book_img' border='none' style='margin:1px; padding: 0;'  \/><\/a><\/span><span class='pushbutton'><a href='http:\/\/twitter.com\/home?status=El+Modelo+Est%C3%A1ndar+de+la+F%C3%ADsica+de+Part%C3%ADculas: http%3A%2F%2Fwww.emiliosilveravazquez.com%2Fblog%2F2022%2F11%2F05%2Fel-modelo-estandar-de-la-fisica-de-particulas%2F' title='Twitter' target='_blank' rel='nofollow'><img src='http:\/\/www.emiliosilveravazquez.com\/blog\/wp-content\/plugins\/knxdt-bookmarks-wordpress-plugin\/images\/twitter.png'  alt='' class='book_img' border='none' style='margin:1px; padding: 0;'  \/><\/a><\/span><span class='pushbutton'><a href='http:\/\/www.feedburner.com\/fb\/a\/emailFlare?itemTitle=El+Modelo+Est%C3%A1ndar+de+la+F%C3%ADsica+de+Part%C3%ADculas&amp;uri=http%3A%2F%2Fwww.emiliosilveravazquez.com%2Fblog%2F2022%2F11%2F05%2Fel-modelo-estandar-de-la-fisica-de-particulas%2F' title='Enviar por Email' target='_blank' rel='nofollow'><img src='http:\/\/www.emiliosilveravazquez.com\/blog\/wp-content\/plugins\/knxdt-bookmarks-wordpress-plugin\/images\/email.png'  alt='' class='book_img' border='none' style='margin:1px; padding: 0;'  \/><\/a><\/span><span style='font-weight:bold; padding-left: 5px;'><a href='http:\/\/wordpress.org\/extend\/plugins\/knxdt-bookmarks-wordpress-plugin\/' title='Plugin' rel='nofollow' target='_blank'>[?]<\/a><\/span><\/td><\/tr><\/table><br\/><br\/><\/div>","protected":false},"excerpt":{"rendered":"<p>El Modelo Est\u00e1ndar que nos explica las interacciones entre part\u00edculas y tres de las cuatro fuerzas fundamentales de la naturaleza, ya que, la Gravedad, no quiere juntarse con esas otras fuerzas y, todav\u00eda no sabemos el por qu\u00e9 de tal comportamiento. De hecho, el Gravit\u00f3n, el Bos\u00f3n que transmite la Gravedad\u00a0 no ha sido encontrado [&hellip;]<\/p>\n","protected":false},"author":2,"featured_media":0,"comment_status":"open","ping_status":"open","sticky":false,"template":"","format":"standard","meta":{"_s2mail":"","footnotes":""},"categories":[1],"tags":[],"_links":{"self":[{"href":"http:\/\/www.emiliosilveravazquez.com\/blog\/wp-json\/wp\/v2\/posts\/29023"}],"collection":[{"href":"http:\/\/www.emiliosilveravazquez.com\/blog\/wp-json\/wp\/v2\/posts"}],"about":[{"href":"http:\/\/www.emiliosilveravazquez.com\/blog\/wp-json\/wp\/v2\/types\/post"}],"author":[{"embeddable":true,"href":"http:\/\/www.emiliosilveravazquez.com\/blog\/wp-json\/wp\/v2\/users\/2"}],"replies":[{"embeddable":true,"href":"http:\/\/www.emiliosilveravazquez.com\/blog\/wp-json\/wp\/v2\/comments?post=29023"}],"version-history":[{"count":0,"href":"http:\/\/www.emiliosilveravazquez.com\/blog\/wp-json\/wp\/v2\/posts\/29023\/revisions"}],"wp:attachment":[{"href":"http:\/\/www.emiliosilveravazquez.com\/blog\/wp-json\/wp\/v2\/media?parent=29023"}],"wp:term":[{"taxonomy":"category","embeddable":true,"href":"http:\/\/www.emiliosilveravazquez.com\/blog\/wp-json\/wp\/v2\/categories?post=29023"},{"taxonomy":"post_tag","embeddable":true,"href":"http:\/\/www.emiliosilveravazquez.com\/blog\/wp-json\/wp\/v2\/tags?post=29023"}],"curies":[{"name":"wp","href":"https:\/\/api.w.org\/{rel}","templated":true}]}}