{"id":28705,"date":"2022-09-15T08:31:43","date_gmt":"2022-09-15T07:31:43","guid":{"rendered":"http:\/\/www.emiliosilveravazquez.com\/blog\/?p=28705"},"modified":"2022-09-15T08:31:43","modified_gmt":"2022-09-15T07:31:43","slug":"la-relatividad-es-la-unidad-es-la-regla-fundamental-2","status":"publish","type":"post","link":"http:\/\/www.emiliosilveravazquez.com\/blog\/2022\/09\/15\/la-relatividad-es-la-unidad-es-la-regla-fundamental-2\/","title":{"rendered":"La Relatividad es la unidad. Es la regla fundamental"},"content":{"rendered":"<p style=\"text-align: justify;\"><a tabindex=\"0\" href=\"https:\/\/plus.google.com\/u\/0\/communities\/113385895179315329377\" target=\"_top\" rel=\"noopener\">Albert <a href=\"#\" onclick=\"referencia('einstein',event); return false;\">Einstein<\/a><\/a><\/p>\n<div style=\"text-align: justify;\">\n<div><a href=\"https:\/\/plus.google.com\/u\/0\/107878723071003540984\"><img decoding=\"async\" src=\"https:\/\/lh3.googleusercontent.com\/-ZP3Vr_03Ehw\/AAAAAAAAAAI\/AAAAAAAADFQ\/7TwGD-1khV8\/s46-c-k-no\/photo.jpg\" alt=\"\" width=\"46px\" height=\"46px\" \/><\/a><\/div>\n<\/div>\n<div>\n<header>\n<h3><a href=\"https:\/\/plus.google.com\/u\/0\/107878723071003540984\">Ricard Jim\u00e9nez<\/a><\/h3>\n<\/header>\n<\/div>\n<div style=\"text-align: justify;\">\n<div>\n<header>\u00a0<\/header>\n<\/div>\n<\/div>\n<div>\n<div>\n<div style=\"text-align: justify;\"><a href=\"https:\/\/plus.google.com\/u\/0\/107878723071003540984\" rel=\"nofollow\">Ricard Jim\u00e9nez<\/a> <a href=\"https:\/\/plus.google.com\/u\/0\/107878723071003540984\/posts\/6Wqrx1bMSrD\">ha compartido por primera vez este trabajo<\/a>:<\/div>\n<div>\n<div>\n<div>\n<div style=\"text-align: justify;\">\n<blockquote><p><strong>&#8220;La mayor deficiencia de la raza humana es nuestra incapacidad para comprender la funci\u00f3n exponencial&#8221; \u00a0<\/strong><\/p><\/blockquote>\n<\/div>\n<blockquote>\n<div style=\"text-align: justify;\">\n<p><strong>Albert A. Bartlett.<\/strong><\/p>\n<\/div>\n<\/blockquote>\n<\/div>\n<\/div>\n<\/div>\n<\/div>\n<\/div>\n<p>&nbsp;<\/p>\n<p><a class=\"image\" href=\"https:\/\/commons.wikimedia.org\/wiki\/File:Exponentials.svg\">\u00a0 <img decoding=\"async\" loading=\"lazy\" src=\"https:\/\/upload.wikimedia.org\/wikipedia\/commons\/thumb\/4\/44\/Exponentials.svg\/200px-Exponentials.svg.png\" srcset=\"\/\/upload.wikimedia.org\/wikipedia\/commons\/thumb\/4\/44\/Exponentials.svg\/300px-Exponentials.svg.png 1.5x, \/\/upload.wikimedia.org\/wikipedia\/commons\/thumb\/4\/44\/Exponentials.svg\/400px-Exponentials.svg.png 2x\" alt=\"Exponentials.svg\" width=\"200\" height=\"200\" data-file-width=\"512\" data-file-height=\"512\" \/><\/a><\/p>\n<div><strong><a title=\"Gr\u00e1fica de una funci\u00f3n\" href=\"https:\/\/es.wikipedia.org\/wiki\/Gr%C3%A1fica_de_una_funci%C3%B3n\">Gr\u00e1fica<\/a>\u00a0de Funciones exponenciales<\/strong><\/div>\n<div>\n<div>\n<div>\n<div>\n<div>\n<blockquote>\n<div style=\"text-align: justify;\">\n<p>Antes de comenzar a utilizar esta nueva \u201cherramienta\u201d tienes que confiar en ella. S\u00f3lo as\u00ed podr\u00e1s contemplar su inmensa potencia. Su m\u00e9todo de funcionamiento no es m\u00e1s que una manera diferente de pensar, o de contemplar siempre dos planos opuestos de la realidad. En esta independencia basa su toda su potencia, realmente nada le afecta. Su escala es la <a href=\"#\" onclick=\"referencia('relatividad',event); return false;\">relatividad<\/a> universal: toda visi\u00f3n, sea la que sea, siempre tendr\u00e1 su visi\u00f3n opuesta.<\/p>\n<\/div>\n<\/blockquote>\n<\/div>\n<\/div>\n<\/div>\n<\/div>\n<\/div>\n<p>&nbsp;<\/p>\n<p><img decoding=\"async\" src=\"https:\/\/encrypted-tbn0.gstatic.com\/images?q=tbn:ANd9GcRObR_05nI5w93oL_B10yUBcsdTNSj_yoPofz6Q_-_flcdhPae_iTIwLhfGoqrLU2jXMT8&amp;usqp=CAU\" alt=\"Teor\u00eda de la Relatividad #infografia #infographic - TICs y Formaci\u00f3n | Teor\u00eda de la relatividad, Ciencia y conocimiento, Teor\u00eda\" \/><img decoding=\"async\" src=\"https:\/\/encrypted-tbn0.gstatic.com\/images?q=tbn:ANd9GcTb6ayaCZHQ__YWSvhGv2-u72mP3bhaDPvltJHYR24PEZj6dyLE7u2jWxCTWrzsLQ2_wT8&amp;usqp=CAU\" alt=\"La Teor\u00eda de la Relatividad - ppt descargar\" \/><img decoding=\"async\" src=\"https:\/\/encrypted-tbn0.gstatic.com\/images?q=tbn:ANd9GcT6R1WRtRQaZhlnN-d5HfRtuCYMzIfnilcoRBPQeznMl7W0dj7njtCN-eis5043oJFLXmk&amp;usqp=CAU\" alt=\"Que Dice La Teoria De La Relatividad General De Einstein\" \/><\/p>\n<div>\n<div>\n<div>\n<div>\n<div>\n<blockquote>\n<div style=\"text-align: justify;\">\n<p>&nbsp;<\/p>\n<p>Para entenderlo desarrollaremos un ejemplo que tiene como protagonista a nuestra Ley m\u00e1s universal: \u201cLa ley de la <a href=\"#\" onclick=\"referencia('relatividad',event); return false;\">relatividad<\/a>\u201d; Una Ley que, sin ninguna duda, nos abri\u00f3 la puerta a una forma diferente de entender el Universo. En esta ocasi\u00f3n se trata de contemplarla de forma fractal: ver de qu\u00e9 manera la podemos expresar de forma gen\u00e9rica en diferentes dimensiones matem\u00e1ticas.<\/p>\n<\/div>\n<\/blockquote>\n<\/div>\n<\/div>\n<\/div>\n<\/div>\n<\/div>\n<blockquote><p>&nbsp;<\/p><\/blockquote>\n<p><img decoding=\"async\" src=\"https:\/\/encrypted-tbn0.gstatic.com\/images?q=tbn:ANd9GcSl__ncWTuQmzHSDoTdBp7rOSasxFWf4JdX5jXNYEeY9pqiVrnGlT1tI-Bfcfnft8-2FSE&amp;usqp=CAU\" alt=\"Centro de Tecnolog\u00eda e Innovaci\u00f3n - El trabajo en f\u00edsica cu\u00e1ntica realizado por Einstein es de gran importancia para el avance cient\u00edfico. Aun cuando su ecuaci\u00f3n E=mc2 es la m\u00e1s conocida, es\" \/><img decoding=\"async\" src=\"https:\/\/encrypted-tbn0.gstatic.com\/images?q=tbn:ANd9GcTfwf7h2dZjcZkBLxgIhgXPS3TOEYRsria7f6a6LcMH6mtMsPg0-cjxQBg3FF4TPMdlJaY&amp;usqp=CAU\" alt=\"Ens\u00e9\u00f1ame de Ciencia - En f\u00edsica, las ecuaciones de campo de Einstein son un conjunto de diez ecuaciones de la teor\u00eda de la relatividad general de Albert Einstein, que describen la interacci\u00f3n\" \/><\/p>\n<div>\n<div>\n<div>\n<div>\n<div>\n<blockquote>\n<div style=\"text-align: justify;\">\n<p>Para ello usaremos el caso m\u00e1s sencillo en el que podemos \u201csituar\u201d esas dimensiones matem\u00e1ticas, y es utilizar las dimensiones geom\u00e9tricas. La <a href=\"#\" onclick=\"referencia('relatividad',event); return false;\">relatividad<\/a> general es una ley que decimos que se entiende en un \u00e1mbito tetra-dimensional, la <a href=\"#\" onclick=\"referencia('relatividad',event); return false;\">relatividad<\/a> espacial (por otro lado) transcurre en un reino tridimensional en el que, m\u00e1gicamente, nos aparece un l\u00edmite fundamental, cuando su tercer eje es el \u201cmovimiento\u201d. En una visi\u00f3n bidimensional, cuando descendemos al plano geom\u00e9trico, los l\u00edmites que encontramos en algunos desarrollos aritm\u00e9ticos (que denominamos \u201csucesiones infinitas) y que podemos representar gr\u00e1ficamente nos revelan que existen \u201ccontornos matem\u00e1ticos\u201d que no podemos traspasar.<\/p>\n<p>\u00bfExiste por tanto alg\u00fan l\u00edmite fundamental en un escenario tetra-dimensional que no podemos traspasar? Y\u2026 si existe \u00bfCu\u00e1l es el \u00e9ste?<\/p>\n<p>Dicho l\u00edmite fundamental ser\u00eda la unidad. En otras palabras, todas las dimensiones matem\u00e1ticas que podamos imaginar tienen un l\u00edmite fundamental y dicho l\u00edmite es la unidad.<\/p>\n<p>Normalmente decimos que la unidad es un valor no-dimensional, diciendo con ello que no le atribuimos existencia. Aqu\u00ed vamos a ver que eso no es cierto, porque una unidad puede ser un patr\u00f3n inteligente de comportamiento. Una unidad puede guardar todo un universo dentro. Ciertamente un Universo de la nada pero, al fin y al cabo, un universo\u2026. El nuestro.<\/p>\n<p>&nbsp;<\/p>\n<\/div>\n<\/blockquote>\n<p><img decoding=\"async\" src=\"https:\/\/www.windows2universe.org\/the_universe\/images\/bigbang2b.gif\" alt=\"LA TEOR\u00cdA DEL BIG BANG - EL UNIVERSO Y QUE ES\" \/><\/p>\n<blockquote>\n<div style=\"text-align: justify;\">\n<p>&nbsp;<\/p>\n<p>La regla siempre ser\u00e1 \u00e9sta: Si partimos de una unidad inicial y \u00e9sta se mueve siempre creciendo de forma exponencial, su l\u00edmite fundamental converger\u00e1 nuevamente a una unidad. Esto suceder\u00e1 siempre que dicha regla de crecimiento se base en los cuadrados de sus elementos. Y a \u00e9sta regla podemos llamarla \u201c<a href=\"#\" onclick=\"referencia('relatividad',event); return false;\">relatividad<\/a> universal\u201d.<br \/>\nEs una regla muy b\u00e1sica, tanto que para entenderla, no necesitamos f\u00f3rmulas matem\u00e1ticas, tan s\u00f3lo abrir (metaf\u00f3ricamente) tu mente a la existencia de una regla irracional, porque precisamente en este concepto se basan todas las leyes de la <a href=\"#\" onclick=\"referencia('relatividad',event); return false;\">relatividad<\/a>.<\/p>\n<p>Comenzaremos por la m\u00e1s famosa de todas ellas.<\/p>\n<p>&nbsp;<\/p>\n<\/div>\n<\/blockquote>\n<p><img decoding=\"async\" src=\"https:\/\/64.media.tumblr.com\/07e5a98959ac1f75cfa6a33fdb10b72c\/tumblr_neosknWikW1sd35juo1_500.gif\" alt=\"El Cascanueces \u2014 Movimiento del sistema solar.\" \/><\/p>\n<blockquote>\n<div style=\"text-align: justify;\">\n<p>&nbsp;<\/p>\n<p>La Ley de la <a href=\"#\" onclick=\"referencia('relatividad',event); return false;\">relatividad<\/a> especial, la que relaciona la energ\u00eda y la masa nos dice de forma sintetizada que en una part\u00edcula fundamental puede existir una inmensa fuerza. Dado que da sentido a la existencia de una velocidad y de un movimiento universal, de acuerdo con ella el Universo tambi\u00e9n tiende (en su movimiento espacio-temporal) a una <a href=\"#\" onclick=\"referencia('singularidad',event); return false;\">singularidad<\/a>: el \u201cBig-Bang\u201d.<\/p>\n<\/div>\n<\/blockquote>\n<\/div>\n<\/div>\n<\/div>\n<\/div>\n<\/div>\n<p>&nbsp;<\/p>\n<p><img decoding=\"async\" src=\"https:\/\/e.rpp-noticias.io\/large\/2016\/01\/10\/60080emc2-1gif.gif\" alt=\"Qu\u00e9 significa E=MC2 y por qu\u00e9 es tan importante en la historia? | RPP Noticias\" \/><\/p>\n<p>&nbsp;<\/p>\n<div>\n<div>\n<div>\n<div>\n<div>\n<blockquote>\n<div style=\"text-align: justify;\">\n<p>Estas dos concepciones de la teor\u00eda de la <a href=\"#\" onclick=\"referencia('relatividad',event); return false;\">relatividad<\/a> especial no son m\u00e1s que dos formas diferentes de entender un mismo concepto. Cuando nos referimos en t\u00e9rminos de fuerzas a esta relaci\u00f3n universal adoptamos una perspectiva est\u00e1tica y, por lo tanto, lo podemos representar de forma geom\u00e9trica. En cambio cuando razonamos sobre el Big-Bang observamos una tendencia, algo que solo podemos conceptualizar. El principio subyacente (no obstante) es el mismo\u2026 De forma general, no es m\u00e1s que condensar un infinito en una unidad.<\/p>\n<p>&nbsp;<\/p>\n<p><img decoding=\"async\" src=\"https:\/\/c.tenor.com\/_Yo5kdkO4dkAAAAM\/love-kiss.gif\" alt=\"Lover GIFs | Tenor\" \/><\/p>\n<p>Somos parte del Universo, estamos hechos de polvo de estrellas, Y, la fuerza de Gravedad que atrae los planetas, tambi\u00e9n est\u00e1 presente entre nosotros para perpetuar la especie.<\/p>\n<p>Aqu\u00ed vamos a dar un paso m\u00e1s, vamos a condensar o sintetizar todo ese infinito en nuestra forma b\u00e1sica de pensar: \u201cDoble o nada\u201d, la regla que conecta tu mente con el Universo.<\/p>\n<p>La pregunta fundamental es \u00e9sta\u2026 \u00bfC\u00f3mo hace esto el Universo?<\/p>\n<p>&nbsp;<\/p>\n<\/div>\n<\/blockquote>\n<\/div>\n<\/div>\n<p><img decoding=\"async\" src=\"https:\/\/2.bp.blogspot.com\/-dhe0YbJK-P4\/XHrb_E45nsI\/AAAAAAAAEZ4\/d-5Zkcdd4_4F7HxKf2hFhHgz4f0TvpX_gCLcBGAs\/s1600\/el_universo.gif\" alt=\"POEMAS ESCRITOS CON EL ALMA: Nuestro Universo\" \/><\/p>\n<div>\n<div>\n<blockquote>\n<div style=\"text-align: justify;\">\n<p>\u00bfC\u00f3mo conecta elementos tan distintos? La respuesta m\u00e1s simple s\u00f3lo puede ser \u00e9sta: dichos elementos en el fondo son el mismo. Se trata, en definitiva, de comprobar una regla fundamental\u2026 \u00bfEs la respuesta m\u00e1s sencilla la correcta?<\/p>\n<p>Bien\u2026 Sigamos las evidencias. Lo primero es entender que la <a href=\"#\" onclick=\"referencia('relatividad',event); return false;\">relatividad<\/a> (en global) es una ley aut\u00e9nticamente Universal dado que se trata de una especie de ley no escrita, incluso de m\u00e1s profundidad que una ley matem\u00e1tica: es la famosa \u201cLey de la oferta y la demanda\u201d. Esto implica que siempre se dar\u00e1 o, en otras palabras, que la <a href=\"#\" onclick=\"referencia('relatividad',event); return false;\">relatividad<\/a> universal es el \u00fanico principio y final. Que no existe nada m\u00e1s\u2026 \u00a1Que todo se basa en el azar! Y\u2026 en consecuencia (o viceversa), todo est\u00e1 organizado.<\/p>\n<\/div>\n<\/blockquote>\n<\/div>\n<\/div>\n<\/div>\n<\/div>\n<\/div>\n<p>&nbsp;<\/p>\n<p><img decoding=\"async\" src=\"https:\/\/kom-agency.com\/wp-content\/uploads\/2021\/09\/verkami_02aefd0609863743277b70bd5482d930.jpg\" alt=\"La Navaja de Ockham en los negocios | K\u00f6m Agency\" \/><\/p>\n<div>\n<div>\n<div>\n<div>\n<div>\n<blockquote>\n<div style=\"text-align: justify;\">\n<p>Una ley no escrita es algo intuitivamente verdadero y que jam\u00e1s hemos podido contradecir, ni en la teor\u00eda (o de forma l\u00f3gica) ni en la pr\u00e1ctica. La <strong>\u201cNavaja de Occam\u201d<\/strong> es el ejemplo perfecto: El dise\u00f1o m\u00e1s eficiente es el m\u00e1s simple posible. En un plano m\u00e1s f\u00edsico (o biol\u00f3gico) har\u00edamos referencia a su principio m\u00e1s b\u00e1sico, \u201cTodo fluye, nada permanece\u201d o a su principio m\u00e1s conocido: \u201cTodo tiende al equilibrio\u201d.<\/p>\n<\/div>\n<\/blockquote>\n<\/div>\n<\/div>\n<\/div>\n<\/div>\n<\/div>\n<p><img decoding=\"async\" src=\"https:\/\/encrypted-tbn0.gstatic.com\/images?q=tbn:ANd9GcRz9ARMXL3S100gc6D9fgcmAmRba6lbJWcHXg&amp;usqp=CAU\" alt=\"Sobre la Teoria de la Relatividad Especial y General - Albert Einstein\" \/><img decoding=\"async\" src=\"http:\/\/www.librosmaravillosos.com\/teoriarelatividad\/imagenes\/01-02.gif\" alt=\"01-02.gif\" \/><\/p>\n<p>de donde, por divisi\u00f3n, resulta inmediatamente:<\/p>\n<p><i>\u00a0 \u00a0 \u00a0 \u00a0 \u00a0 \u00a0 \u00a0 \u00a0 \u00a0 \u00a0 \u00a0 \u00a0 \u00a0 \u00a0 \u00a0 \u00a0 \u00a0 \u00a0 \u00a0 \u00a0 \u00a0 \u00a0 \u00a0 \u00a0 \u00a0 \u00a0 \u00a0 \u00a0 \u00a0 \u00a0 \u00a0 \u00a0 \u00a0 \u00a0 \u00a0 \u00a0 \u00a0 \u00a0 \u00a0 \u00a0 \u00a0 \u00a0 \u00a0 \u00a0 \u00a0 x&#8217; = ct\u2019.<\/i><\/p>\n<blockquote><p><strong>&#8220;La propagaci\u00f3n de la luz, referida al sistema <i>K&#8217;,\u00a0<\/i>se produce seg\u00fan esta ecuaci\u00f3n.<\/strong><br \/>\n<strong>Se comprueba, por tanto, que la velocidad de propagaci\u00f3n\u00a0<i>es\u00a0<\/i>tambi\u00e9n igual a\u00a0<i>c\u00a0<\/i>respecto al cuerpo de referencia\u00a0<i>K&#8217;; y\u00a0<\/i>an\u00e1logamente para rayos de luz que se propaguen en cualquier otra direcci\u00f3n. Lo cual, naturalmente, no es de extra\u00f1ar, porque las ecuaciones de la transformaci\u00f3n de Lorentz est\u00e1n derivadas con este criterio.&#8221;<\/strong><\/p><\/blockquote>\n<div>\n<div>\n<div>\n<div>\n<div>\n<blockquote>\n<div style=\"text-align: justify;\">\n<p>La ley de la <a href=\"#\" onclick=\"referencia('relatividad',event); return false;\">relatividad<\/a> especial no es una ley matem\u00e1tica en sentido estricto, dado que incumple su principio fundamental, que es ver la realidad de forma est\u00e1tica. Dicha Ley incorpora de forma necesaria el movimiento; De hecho, adem\u00e1s de ser \u00e9sta la contradicci\u00f3n l\u00f3gica (al incumplir la regla matem\u00e1tica) de forma parad\u00f3jica \u00e9sta ser\u00eda su principal cualidad.<\/p>\n<\/div>\n<\/blockquote>\n<\/div>\n<\/div>\n<\/div>\n<\/div>\n<\/div>\n<p>&nbsp;<\/p>\n<p><img decoding=\"async\" src=\"https:\/\/imagenes.elpais.com\/resizer\/C2RKuQypslCI3j8r_MWw50dMU_o=\/414x0\/cloudfront-eu-central-1.images.arcpublishing.com\/prisa\/CUUCY7G5Z6KXYQA2XWVDMXTSTI.jpg\" alt=\"Estrella Betelgeuse: La supernova que viene | Ciencia | EL PA\u00cdS\" \/><\/p>\n<p>La energ\u00eda de radiaci\u00f3n hace que la estrella se expanda, y, la fuerza de Gravedad la frena. As\u00ed alcanza la estabilidad por la presencia de dos fuerzas contrapuestas.<\/p>\n<div>\n<div>\n<div>\n<div>\n<div>\n<blockquote>\n<div style=\"text-align: justify;\">\n<p>Pero\u2026 aunque la ley de la <a href=\"#\" onclick=\"referencia('relatividad',event); return false;\">relatividad<\/a> no tenga sentido matem\u00e1tico es tremendamente racional cuando adoptamos una perspectiva geom\u00e9trica de las cosas. Quiz\u00e1s no siga una regla matem\u00e1tica en sentido estricto, pero sigue una de estas reglas b\u00e1sicas e intemporales que acabamos de citar: b\u00e1sicamente la regla que establece (de forma gen\u00e9rica) que todo tiene su opuesto y que, en eso consiste (precisamente) el equilibrio. Un teorema matem\u00e1tico no es m\u00e1s que <strong>un equilibrio que se da entre dos formas diferentes<\/strong> de observar la realidad o\u2026de \u00a0\u201cdesdoblar\u201d el razonamiento. De hecho, constituye un criterio de veracidad: la regla de \u201crevisi\u00f3n cient\u00edfica por pares\u201d ser\u00eda un ejemplo.<\/p>\n<p>De acuerdo con la l\u00f3gica matem\u00e1tica algo es cierto si llegamos a ello siguiendo siempre dos caminos opuestos. Bien\u2026 utilizaremos, por tanto, dicha l\u00f3gica de razonamiento.<\/p>\n<\/div>\n<\/blockquote>\n<\/div>\n<\/div>\n<\/div>\n<\/div>\n<\/div>\n<p>&nbsp;<\/p>\n<p><img decoding=\"async\" src=\"https:\/\/encrypted-tbn0.gstatic.com\/images?q=tbn:ANd9GcRQbSIl3SZ8S2giHdiRaOiC3O03l9U4sjHIaxYGv515tTP1n8wCsMp3-8xZI2HFSt8upTU&amp;usqp=CAU\" alt=\"Teor\u00eda Especial de la Relatividad\" \/><\/p>\n<div>\n<div>\n<div>\n<div>\n<div>\n<blockquote>\n<div style=\"text-align: justify;\">\n<p>La Ley de la <a href=\"#\" onclick=\"referencia('relatividad',event); return false;\">relatividad<\/a> especial consiste en eso precisamente, es puro razonamiento: es una especie de ley independiente e intemporal e\u2026incluso\u2026 independiente tambi\u00e9n de los conceptos que usemos para entenderla. En consecuencia es independiente de las matem\u00e1ticas. Esta ser\u00eda la idea fundamental, que podemos expresarla de formas muy diferentes y, el criterio geom\u00e9trico o simplemente num\u00e9rico, es perfecto para hacer esto.<\/p>\n<p>&nbsp;<\/p>\n<\/div>\n<\/blockquote>\n<\/div>\n<\/div>\n<\/div>\n<\/div>\n<\/div>\n<p>&nbsp;<\/p>\n<p>&nbsp;<\/p>\n<p><iframe loading=\"lazy\" title=\"Dilataci\u00f3n del tiempo | Relatividad especial | F\u00edsica | Khan Academy en Espa\u00f1ol\" width=\"500\" height=\"281\" src=\"https:\/\/www.youtube.com\/embed\/RrfUCL3_pTY?feature=oembed\" frameborder=\"0\" allow=\"accelerometer; autoplay; clipboard-write; encrypted-media; gyroscope; picture-in-picture\" allowfullscreen><\/iframe><\/p>\n<div>\n<blockquote>\n<div style=\"text-align: justify;\">\n<div class=\"jZmLbb\"><\/div>\n<div class=\"QnfS4e cZEg1e\">\n<div class=\"kEwVtd\">\n<div class=\"iFxuye\">\n<p><img decoding=\"async\" class=\"miRP3d\" src=\"https:\/\/encrypted-tbn2.gstatic.com\/faviconV2?url=https:\/\/es.khanacademy.org&amp;client=VFE&amp;size=32&amp;type=FAVICON&amp;fallback_opts=TYPE,SIZE,URL&amp;nfrp=2\" alt=\"\" data-sz=\"32\" data-hoe=\"1\" data-iml=\"42529.40000000037\" \/><\/p>\n<div class=\"S4aXnb dB6HXe\"><strong>Khan Academy: Dilataci\u00f3n del Tiempo<\/strong><\/div>\n<\/div>\n<\/div>\n<\/div>\n<p>Esta ley nos da una relaci\u00f3n universal entre el espacio, el tiempo y el movimiento. Esta relaci\u00f3n se da en un marco de referencia basado s\u00f3lo en dos en ellas (el espacio-tiempo), que ser\u00edan (o representar\u00edan) a los dos ejes t\u00edpicos de coordenadas. Como consecuencia de esta aparente contradicci\u00f3n la respuesta es \u00e9sta: indeterminada. Esta ley nos da, por tanto, un patr\u00f3n de comportamiento del movimiento. En esencia ser\u00eda el siguiente: a cada paso que damos nos encontramos siempre con dos respuestas opuestas entre ellas. No existe una realidad objetiva o determinada. Todo depende\u2026 siempre.<\/p>\n<p>&nbsp;<\/p>\n<\/div>\n<\/blockquote>\n<p><img decoding=\"async\" src=\"http:\/\/3.bp.blogspot.com\/-mz6cV7Ai1rA\/ThSFeF8glaI\/AAAAAAAAA84\/j1XkOf3nzpo\/s320\/TAO%2BESTRELLAS.jpg\" alt=\"Equilibrio, estabilidad: el resultado de dos fuerzas contrapuestas : Blog de Emilio Silvera V.\" \/><\/p>\n<p>&nbsp;<\/p>\n<blockquote>\n<div style=\"text-align: justify;\">\n<p>Esta ser\u00eda la regla vista desde una perspectiva opuesta: todo lo infinitamente opuesto tiene (en el fondo) un patr\u00f3n de comportamiento. Un patr\u00f3n que hace que, partiendo de una unidad, despu\u00e9s de recorrer un infinito, regresemos de nuevo al principio. Un patr\u00f3n que definir\u00eda el \u201ceterno movimiento\u201d de uno consigo mismo.<\/p>\n<p>La Ley de la <a href=\"#\" onclick=\"referencia('relatividad',event); return false;\">relatividad<\/a> refleja la oferta y la demanda porque, si en lugar de utilizar la velocidad y el espacio-tiempo utilizaremos (por ejemplo) la demanda relativa de pimientos rojos y pimientos verdes respecto a la evoluci\u00f3n de sus precios obtendr\u00edamos los mismos resultados. Si s\u00f3lo hay un pimiento para satisfacer toda la demanda su precio ser\u00e1 infinito. Si hay infinitos de ellos su valor ser\u00e1 pr\u00e1cticamente nada, un valor simb\u00f3lico.<\/p>\n<\/div>\n<\/blockquote>\n<\/div>\n<p>&nbsp;<\/p>\n<p><img decoding=\"async\" src=\"https:\/\/encrypted-tbn0.gstatic.com\/images?q=tbn:ANd9GcTT-mQGxvtBg_ofMTEYcwNzzw8lh1KFoSqkkfspTzW1zMxEtpT3mRWhFcjqGj2RbKSMHb4&amp;usqp=CAU\" alt=\"Fotos de Dinero, Im\u00e1genes de Dinero &#x2b07; Descargar | Depositphotos\" \/><img decoding=\"async\" src=\"https:\/\/encrypted-tbn0.gstatic.com\/images?q=tbn:ANd9GcS-Ut0MSUy1l43P3e3VwiagrLs6hBVkZ93nSQo3YQ0L_vjyVtmDoUIRgubWufUosaU3x_8&amp;usqp=CAU\" alt=\"Fantas\u00eda y Realidad \u00bfHasta d\u00f3nde evadirse es prudente? - I\u00f1igo Cansado\" \/><\/p>\n<p>&nbsp;<\/p>\n<div>\n<blockquote>\n<div style=\"text-align: justify;\">\n<p>El \u201cdinero\u201d, por ejemplo, tiene este comportamiento simb\u00f3lico y adem\u00e1s es un elemento que (a diferencia de un pimiento) podemos fraccionar indefinidamente. Es un ejemplo perfecto para mostrar como unificar el mundo imaginario con el mundo casi, casi real. No hay que olvidar que la ley de la <a href=\"#\" onclick=\"referencia('relatividad',event); return false;\">relatividad<\/a> especial es una especie de escenario mitad ciencia-ficci\u00f3n, mitad realidad. \u00bfQui\u00e9n sabe lo que significa que el tiempo se haga eterno, en realidad?<\/p>\n<p>En esencia el dinero es tan s\u00f3lo una regla de equilibrio. Sin embargo cuando a\u00f1adimos un tipo de inter\u00e9s el dinero \u201ccobra\u201d vida, dado que establece por s\u00ed mismo una distinci\u00f3n entre el pasado y el futuro\u2026.o (gen\u00e9ricamente) una distinci\u00f3n entre diferentes estados. Introduce, por tanto, el tiempo, como agente adicional. \u00a0Y es que, en realidad, no tiene ning\u00fan sentido pensar que todo lo que podemos \u201cvalorar\u201d incrementa por si mismo su valor tan s\u00f3lo por pasar el tiempo. No hay nada en el Universo que tenga un sentido definido, excepto claro el que nosotros mismos le otorguemos.<\/p>\n<p>Bien podr\u00eda decirse que \u201cel tipo de inter\u00e9s\u201d impide que contemplemos el movimiento natural o subyacente del Universo o la conexi\u00f3n total que existe siempre entre sus elementos. Ser\u00eda una especie de distorsi\u00f3n. El dinero fracciona y valora arbitrariamente intervalos de tiempo pero en el Universo ya se da este fraccionamiento; De hecho, es infinito. Para el Universo esto no tiene ning\u00fan sentido. \u00bfPara qu\u00e9 poner un tipo de inter\u00e9s si, sea el que sea, es cuesti\u00f3n de tiempo que el dinero crezca hasta el infinito? Si s\u00f3lo es una cuesti\u00f3n de tiempo es irracional hacer esto, porque el tiempo ya es eterno en el Universo.<\/p>\n<\/div>\n<\/blockquote>\n<\/div>\n<p>&nbsp;<\/p>\n<p><img decoding=\"async\" src=\"https:\/\/encrypted-tbn0.gstatic.com\/images?q=tbn:ANd9GcTclAh8KNPJu8pqVuEvS7TT4IeiXNOPa4jL0FcVapqxXyofgiwT4qyzSSYTrm1kqWwTtNw&amp;usqp=CAU\" alt=\"Crise capitalista e regimes capitalistas\" \/><\/p>\n<p>&nbsp;<\/p>\n<div>\n<blockquote>\n<div style=\"text-align: justify;\">\n<p>Cuando damos vida al dinero forma un infinito en s\u00ed mismo, sigue un ciclo. Parte de un principio en el que no vale nada, pues tan s\u00f3lo marca una regla de equilibrio, crea un infinito imaginario, y cuando el dinero crece hasta el infinito su valor vuelve al principio. Esta rueda sin sentido es lo que llamamos \u201ccapitalismo\u201d. La forma de una burbuja monetaria ser\u00eda un holograma, un reflejo del verdadero movimiento del Universo.<\/p>\n<p>Lo \u00fanico que no puede hacer el dinero es darse a s\u00ed mismo una valoraci\u00f3n. Por eso el dinero es independiente del sistema de medida, cualquier nombre que le demos no tiene ninguna importancia, lo verdaderamente importante es lo que representa: la valoraci\u00f3n arbitraria de cualquier relaci\u00f3n.<\/p>\n<\/div>\n<\/blockquote>\n<\/div>\n<p>&nbsp;<\/p>\n<p><img decoding=\"async\" src=\"https:\/\/encrypted-tbn0.gstatic.com\/images?q=tbn:ANd9GcRNrPe_t3707IxM3Rbpw54Xack1ZbQUSjqK8H4kYgKhU6UwPWg8ZAx4V5hGcSLROviB8Zs&amp;usqp=CAU\" alt=\"El postneoliberalismo y sus bifurcaciones : Euro-Synergies\" \/><\/p>\n<p>&nbsp;<\/p>\n<div>\n<blockquote>\n<div style=\"text-align: justify;\">\n<p>De forma m\u00e1gica, el dinero, cuando aplicamos un tipo de inter\u00e9s consistente en doblar la cantidad y considerar que transcurren infinitos periodos de tiempo, tiende m\u00e1gicamente y de forma natural al valor \u00e1ureo \u2013e- que es precisamente el valor que expresa el movimiento\u2026 (de forma gen\u00e9rica) en el Universo. Por eso el valor e es el representante natural de la funci\u00f3n exponencial, el \u00fanico valor cuya funci\u00f3n coincide son su funci\u00f3n inversa: ese concepto tan extra\u00f1o que llamamos \u201clogaritmo neperiano o natural\u201d. Su punto de encuentro o de equilibrio es siempre la unidad.<\/p>\n<p>Este patr\u00f3n \u201cdoble o nada\u201d o \u201cpatr\u00f3n de los inversos\u201d o\u2026 simplemente la \u201cunidad de los opuestos\u201d es una ley universal que est\u00e1 incluso por encima de nuestro razonamiento. Es un principio universal en el que\u2026 \u00a0incluso la \u201cLey de la gravedad\u201d basa sus principios, solo que\u2026 en un \u00e1mbito relativamente m\u00e1s f\u00edsico.<\/p>\n<p>&nbsp;<\/p>\n<p>&nbsp;<\/p>\n<p><img decoding=\"async\" src=\"https:\/\/www.elextremosur.com\/files\/image\/5\/5795\/5d25c621ebdc5_1180_664!.jpg?s=70294c97ee6f863798129be7c52798c8&amp;d=1571170582\" alt=\"Ser de &quot;izquierda&quot; en el mundo capitalista: \u00bfa\u00fan es posible vivir en un sistema tratando de superarlo? - El Extremo Sur\" \/><\/p>\n<p>&nbsp;<\/p>\n<p>No podemos contestar a la cuesti\u00f3n \u00bfPor qu\u00e9 existe este patr\u00f3n? Ya que ser\u00eda algo equivalente a preguntar \u00bfPor qu\u00e9 existe algo en lugar de nada? Lo \u00fanico que podemos decir es que cuadra perfectamente con nuestra visi\u00f3n l\u00f3gica del mundo. La <a href=\"#\" onclick=\"referencia('relatividad',event); return false;\">relatividad<\/a> en su versi\u00f3n m\u00e1s simplificada la llamar\u00edamos probabilidad y\u2026 en un \u00e1mbito m\u00e1s matem\u00e1tico n\u00famero irracional (una relaci\u00f3n que nunca se acaba), algo que ha existido y siempre existir\u00e1.<\/p>\n<\/div>\n<\/blockquote>\n<\/div>\n<p>&nbsp;<\/p>\n<p><img decoding=\"async\" src=\"https:\/\/encrypted-tbn0.gstatic.com\/images?q=tbn:ANd9GcRIYNZRCc4JLzua_-Jq8LDtlj4GupqPp1yJhVzW6IFyOdPoGzA_l-rokrXQdL2NN2shQm4&amp;usqp=CAU\" alt=\"M\u00f3dulo 1: Mec\u00e1nica Segunda ley del movimiento de Newton\" \/><\/p>\n<div>\n<blockquote>\n<div style=\"text-align: justify;\">\n<p>\u00bfPor qu\u00e9 se atraen los cuerpos? No lo sabemos, todo lo m\u00e1s que podemos de decir de \u201cesto\u201d es que sigue una regla de funcionamiento. La Ley de la Gravedad establece que cuando dos cuerpos est\u00e1n infinitamente juntos \u00a0(que\u2026 b\u00e1sicamente es lo mismo que decir que tienden a la unidad) se hace infinita la fuerza que \u201cexiste\u201d dentro de ellos. Cuando los dos cuerpos se separan, de forma exponencial (o siguiendo una regla basada en los cuadrados) decrece la intensidad de la fuerza entre ellos; \u00a0Hasta que la misma se vuelve infinitamente peque\u00f1a o\u2026 en otros t\u00e9rminos, tiende a esa unidad imaginaria que llamamos \u201cnada\u201d.<\/p>\n<p>Podemos decir que esta visi\u00f3n de la <a href=\"#\" onclick=\"referencia('relatividad',event); return false;\">relatividad<\/a> (o, incluso, de la gravedad) rige en una cuarta dimensi\u00f3n imaginaria, una dimensi\u00f3n donde no cabe nada f\u00edsico, tan s\u00f3lo ideas y pensamientos, concepto y simbolismo.<\/p>\n<\/div>\n<\/blockquote>\n<\/div>\n<p>&nbsp;<\/p>\n<p><img decoding=\"async\" src=\"https:\/\/thumbs.gfycat.com\/AltruisticCreativeGopher-max-1mb.gif\" alt=\"Velocidad GIF | Gfycat\" \/><\/p>\n<p><strong>\u00a0 299.792.458 metros por segundo. Es la velocidad de la luz, c<\/strong><\/p>\n<div>\n<blockquote>\n<div style=\"text-align: justify;\">\n<p>La Ley de la <a href=\"#\" onclick=\"referencia('relatividad',event); return false;\">relatividad<\/a>, cuando nos referimos a ella en t\u00e9rminos de velocidad ser\u00eda (en realidad) una ley tetra-dimensional: pensar conceptualmente en c\u00f3mo se curvan nuestros ejes de realidad. \u00a0Nos dice que podemos movernos a trav\u00e9s del espacio-tiempo pero que \u00e9ste aunque sea infinito siempre est\u00e1 acotado. Que existen unas barreras imaginarias que no podemos traspasar: su velocidad o\u2026. (visto de forma geom\u00e9trica) el movimiento del patr\u00f3n de la dualidad universal. Desde nuestro punto de vista interno el espacio-tiempo es totalmente relativo y esto se debe a que existen unas fronteras que se basan en esta simple y estricta regla.<\/p>\n<p>La \u00fanica regla consistente y gen\u00e9rica capaz de condensar esta distorsi\u00f3n espacio-temporal (o de combinar una geometr\u00eda recta con una geometr\u00eda curvada) es la identidad de Euler que, vista de esta manera, ser\u00eda como una especie de regla gen\u00e9rica inter-dimensional.<\/p>\n<p>&nbsp;<\/p>\n<\/div>\n<\/blockquote>\n<\/div>\n<p><img decoding=\"async\" src=\"https:\/\/encrypted-tbn0.gstatic.com\/images?q=tbn:ANd9GcTs6Piun4Xsq1RWy6hnsRJtmWtURsgDXUTuTA&amp;usqp=CAU\" alt=\"Riemann - Gustavo Ernesto Pi\u00f1eiro\" \/><\/p>\n<div>\n<blockquote>\n<div style=\"text-align: justify;\">\n<p>La identidad de Euler es una \u00a0identidad completamente irracional: establece la igualdad entre lo positivo y lo negativo, entre la existencia y la no existencia, entre una estructura geom\u00e9trica y un movimiento. Pero\u2026 llega a la misma conclusi\u00f3n: el punto de equilibrio vuelve a ser la unidad.<\/p>\n<p>\u00bfExiste en el Universo alg\u00fan otro concepto capaz de reflejar siempre la idea inherente a la <a href=\"#\" onclick=\"referencia('relatividad',event); return false;\">relatividad<\/a> universal?<\/p>\n<p>Se trata, efectivamente, de nuestra regla matem\u00e1tica m\u00e1s eterna: el Teorema de Pit\u00e1goras.<\/p>\n<\/div>\n<\/blockquote>\n<\/div>\n<p>&nbsp;<\/p>\n<p>&nbsp;<\/p>\n<p><img decoding=\"async\" src=\"https:\/\/i.ytimg.com\/vi\/kbU38TEpptI\/maxresdefault.jpg\" alt=\"Teorema de Pit\u00e1goras: Enunciado y ejemplo - YouTube\" \/><\/p>\n<div>\n<blockquote>\n<div style=\"text-align: justify;\">\n<p>El Teorema de Pit\u00e1goras ser\u00eda la regla de equilibrio entre dos planos diferentes o dimensiones, dado que el teorema de Pit\u00e1goras es el \u00fanico criterio capaz de unificar ambos tipos de geometr\u00edas en una regla fundamental.<\/p>\n<p>Pero\u2026 \u00bfQu\u00e9 es el teorema de Pit\u00e1goras?&#8230; De hecho no es nada, es una regla que conecta simplemente dos conceptos opuestos entre ellos, una regla gen\u00e9rica y universal. Ser\u00eda como la Identidad de Euler pero de forma sintetizada y racional, observando solamente la est\u00e1tica matem\u00e1tica. En consecuencia, la identidad de Euler ser\u00eda equivalente a contemplar el Teorema de Pit\u00e1goras en movimiento: la forma de cuadrar la circunferencia.<\/p>\n<\/div>\n<\/blockquote>\n<\/div>\n<p>&nbsp;<\/p>\n<p><img decoding=\"async\" src=\"https:\/\/wikimedia.org\/api\/rest_v1\/media\/math\/render\/svg\/44908b43f6d42f3b76cd7ae626b8f8fb0fca620b\" alt=\"{\\displaystyle \\sum _{n=1}^{\\infty }{\\frac {1}{n^{2}}}=\\lim _{n\\to \\infty }\\left({\\frac {1}{1^{2}}}+{\\frac {1}{2^{2}}}+{\\frac {1}{3^{2}}}+\\cdots +{\\frac {1}{n^{2}}}\\right)={\\frac {\\pi ^{2}}{6}}}\" \/><\/p>\n<p>&#8220;Num\u00e9ricamente, se puede obtener que la serie es aproximadamente igual a <b>1,644934<\/b>. Sin embargo, el problema de Basilea busca la suma\u00a0<i>exacta<\/i>\u00a0de la serie, de forma cerrada, as\u00ed como una\u00a0<a class=\"mw-redirect\" title=\"Demostraci\u00f3n matem\u00e1tica\" href=\"https:\/\/es.wikipedia.org\/wiki\/Demostraci%C3%B3n_matem%C3%A1tica\">demostraci\u00f3n<\/a>\u00a0de que dicha suma es correcta. Euler encontr\u00f3 que la suma exacta era\u00a0<b><a class=\"mw-redirect\" title=\"N\u00famero pi\" href=\"https:\/\/es.wikipedia.org\/wiki\/N%C3%BAmero_pi\">\u03c0<\/a><sup>2<\/sup>\/6<\/b>\u00a0y anunci\u00f3 su descubrimiento en\u00a0<a title=\"1735\" href=\"https:\/\/es.wikipedia.org\/wiki\/1735\">1735<\/a>.\u00b7<\/p>\n<div>\n<blockquote>\n<div style=\"text-align: justify;\">\n<p>Esta idea de la eterna dualidad y las \u201cconvergencias imposibles\u201d la podemos observar incluso de forma lineal. La regla nos dice nuevamente que los conceptos convergen en alg\u00fan imaginario momento, si la \u00fanica condici\u00f3n es que sean siempre opuestos.<\/p>\n<p>Esta forma geom\u00e9trica y lineal la podemos denominar <strong>\u201cSucesi\u00f3n de Basilea\u201d<\/strong> y es uno de los resultados matem\u00e1ticos m\u00e1s sorprendentes de la historia. Establece simplemente que la suma de infinitos cuadrados tiende a la forma de una circunferencia en el plano complejo. La Sucesi\u00f3n de Basilea ser\u00eda como una sucesi\u00f3n irracional, pero que podemos representar de forma geom\u00e9trica o acotada. Dicha sucesi\u00f3n es capaz de cuadrar la circunferencia de forma gen\u00e9rica, requiriendo para ello \u00fanicamente la presencia de infinitos t\u00e9rminos o, en otras palabras, exigiendo el movimiento. Este movimiento siempre es el mismo, el movimiento exponencial\u2026. Y nos est\u00e1 diciendo que el tiempo (matem\u00e1tico) se puede cuantificar siempre que se fraccione de forma infinita. Esta ser\u00eda la idea inherente a un \u201ccuanto de Planck\u201d pero vista de forma dual: a cada instante de tiempo la realidad se desdobla en dos planos diferentes de la realidad.<\/p>\n<p>El Teorema de Pit\u00e1goras es intemporal, es capaz de proporcionar un patr\u00f3n determinado de comportamiento, pero convive pues con otra regla universal: la presencia de infinitos elementos. Esto es evidentemente cierto, dado que siempre podemos expresar de forma geom\u00e9trica la forma de una circunferencia como una sucesi\u00f3n de infinitos tri\u00e1ngulos, que se vuelven infinitamente peque\u00f1os. El factor de dicha sucesi\u00f3n ser\u00eda, precisamente, la ra\u00edz cuadrada de 2.<\/p>\n<\/div>\n<\/blockquote>\n<\/div>\n<p>&nbsp;<\/p>\n<p><img decoding=\"async\" src=\"https:\/\/matematicasmodernas.com\/wp-content\/uploads\/2013\/10\/numeros-irracionales-famosos.jpg\" alt=\"N\u00fameros irracionales | Matem\u00e1ticas modernas\" \/><\/p>\n<p>&nbsp;<\/p>\n<div>\n<blockquote>\n<div style=\"text-align: justify;\">\n<p>Un n\u00famero irracional ser\u00eda la forma m\u00e1s sintetizada de observar el principio de la <a href=\"#\" onclick=\"referencia('relatividad',event); return false;\">relatividad<\/a> universal. S\u00f3lo es posible cumplir la regla en todo momento si disponemos de infinito tiempo.<\/p>\n<p>Como acabamos de ver la teor\u00eda de la <a href=\"#\" onclick=\"referencia('relatividad',event); return false;\">relatividad<\/a> es gen\u00e9rica en su totalidad. Ahora bien en su versi\u00f3n especial se introduce una restricci\u00f3n arbitraria que establece que un suceso pasado no puede ocurrir en el futuro. Debido a esto la teor\u00eda de la <a href=\"#\" onclick=\"referencia('relatividad',event); return false;\">relatividad<\/a> especial tiende a una <a href=\"#\" onclick=\"referencia('singularidad',event); return false;\">singularidad<\/a>. De hecho esto es lo que establece: que dicha <a href=\"#\" onclick=\"referencia('singularidad',event); return false;\">singularidad<\/a> es el Big-Bang.<\/p>\n<\/div>\n<\/blockquote>\n<\/div>\n<p>&nbsp;<\/p>\n<p><img decoding=\"async\" src=\"https:\/\/i.pinimg.com\/originals\/1d\/f2\/4e\/1df24e63fa0b43de6023e757463446f4.jpg\" alt=\"singularidad del universo - Buscar con Google | Dark energy, Matter science, Expanding universe\" \/><\/p>\n<div>\n<blockquote>\n<div style=\"text-align: justify;\">\n<p>Si no estableci\u00e9ramos esta distinci\u00f3n no romper\u00edamos la dualidad y, en consecuencia, no existir\u00eda tal <a href=\"#\" onclick=\"referencia('singularidad',event); return false;\">singularidad<\/a>: el Universo nunca se acabar\u00eda, ser\u00eda circular. \u00a0Si no establecemos ninguna restricci\u00f3n arbitraria podemos conciliar las dos leyes de la <a href=\"#\" onclick=\"referencia('relatividad',event); return false;\">relatividad<\/a>, la especial y la general\u2026 en algo que podr\u00edamos denominar <a href=\"#\" onclick=\"referencia('relatividad',event); return false;\">relatividad<\/a> universal. Y para ello tan s\u00f3lo tenemos que considerar que una unidad tiene el mismo comportamiento que todo un Universo.<\/p>\n<p>Al ser una ley absolutamente gen\u00e9rica, decir que tendemos a una <a href=\"#\" onclick=\"referencia('singularidad',event); return false;\">singularidad<\/a> es algo similar a decir que acabamos dependiendo de nuestra propia unidad de medida, de la escala de medida que hemos escogido para trabajar. Algo que depende y no depende de algo al mismo tiempo (dado que cualquier medida servir\u00eda) es la definici\u00f3n de algo indeterminado\u2026. Como la \u201crealidad\u201d.<\/p>\n<\/div>\n<\/blockquote>\n<\/div>\n<p>&nbsp;<\/p>\n<p><img decoding=\"async\" src=\"https:\/\/encrypted-tbn0.gstatic.com\/images?q=tbn:ANd9GcR7SsdWtoIryfyN2Gfi62z5iv8U1jG0ampmh1CpNObVquHC7OZN1rm1aWTrERqULIUjPgY&amp;usqp=CAU\" alt=\"Chiste Votos matrimoniales\" \/><\/p>\n<p><strong> \u00a0En realidad dos somos UNO<\/strong><\/p>\n<div>\n<blockquote>\n<div style=\"text-align: justify;\">\n<p>La unidad no es un objeto no-dimensional sino que en realidad encierra \u201cdentro\u201d un patr\u00f3n de comportamiento, un patr\u00f3n que se extiende hacia los dos confines del Universo, lo m\u00e1s grande y lo m\u00e1s peque\u00f1o: uno y su opuesto.<\/p>\n<p>Esta tendencia a observar la realidad de forma est\u00e1tica (entendiendo con esto, que no contemplamos el tr\u00e1nsito (o el movimiento) del espacio-tiempo, entre dos planos diferentes de la realidad) se refleja en nuestras creencias. La idea de que el Universo tuvo un principio y, en consecuencia, tendr\u00e1 un final, no es m\u00e1s que una extensi\u00f3n de nuestras ideas matem\u00e1ticas. Es como una exigencia o una necesidad a buscar siempre una respuesta determinada\u2026 Pero, el Universo es una \u201cdivinidad\u201d, el infinito no es algo que se pueda acotar, a menos \u00a1Claro! que nos basemos en los ciclos (o burbujas)<\/p>\n<\/div>\n<\/blockquote>\n<\/div>\n<p>&nbsp;<\/p>\n<p>&nbsp;<\/p>\n<p><img decoding=\"async\" src=\"https:\/\/deverdaddigital.com\/wp-content\/uploads\/2018\/12\/21852_Paul%20Tod.jpg\" alt=\"Una propuesta escandalosa sobre un universo sin principio ni fin - De Verdad digital\" \/><\/p>\n<p>&nbsp;<\/p>\n<div>\n<blockquote>\n<div style=\"text-align: justify;\">\n<p>Dividir la realidad seg\u00fan una medida de distancia o en funci\u00f3n de una fuerza, o hacer esto con todo el Universo no deja de ser una distinci\u00f3n arbitraria. Un Universo eterno no tiene principio ni final, transmite su energ\u00eda o su informaci\u00f3n y vuelve a empezar.<\/p>\n<p>No debemos subestimar la importancia de la regla o de la \u201cherramienta\u201d. Si tan s\u00f3lo medimos el mundo utilizando una escala recta, es dif\u00edcil advertir que todo empieza y acaba en s\u00ed mismo, que todo es y no es al mismo tiempo o que el pasado y el futuro son el mismo concepto.<\/p>\n<p>Nuestra forma de pensar es propensa a aceptar la jerarqu\u00eda, la forma piramidal, \u00a0adem\u00e1s de todo concepto que se basa en los opuestos, pero no solemos contemplar la idea de que todo est\u00e1 conectado en realidad. Y es que nos han ense\u00f1ado a pensar de forma local, pero nos han cortado las alas para volar\u2026.<\/p>\n<p>La parte m\u00e1s importante de esta herramienta es su capacidad para cambiar tu mentalidad\u2026 y, de paso, demostrar que las ideas tambi\u00e9n crecen de forma exponencial.<\/p>\n<p><strong>El Universo es una gran complejidad, y, nosotros, somos la m\u00e1s compleja de sus partes.<\/strong><\/p>\n<h3><a href=\"https:\/\/plus.google.com\/u\/0\/107878723071003540984\">Ricard Jim\u00e9nez<\/a><\/h3>\n<p>&nbsp;<\/p>\n<\/div>\n<\/blockquote>\n<\/div>\n<div class='bookmark'>\r\n\t\t<table align='left' border='0' cellpadding='0' width='100%'>\r\n\t\t<tr><td><span class='pushbutton'><a href='http:\/\/delicious.com\/post?url=http%3A%2F%2Fwww.emiliosilveravazquez.com%2Fblog%2F2022%2F09%2F15%2Fla-relatividad-es-la-unidad-es-la-regla-fundamental-2%2F&amp;title=La+Relatividad+es+la+unidad.+Es+la+regla+fundamental' title='Delicious' target='_blank' rel='nofollow'><img src='http:\/\/www.emiliosilveravazquez.com\/blog\/wp-content\/plugins\/knxdt-bookmarks-wordpress-plugin\/images\/delicious.png'  alt='' class='book_img' border='none' style='margin:1px; padding: 0;'  \/><\/a><\/span><span class='pushbutton'><a href='http:\/\/digg.com\/submit?url=http%3A%2F%2Fwww.emiliosilveravazquez.com%2Fblog%2F2022%2F09%2F15%2Fla-relatividad-es-la-unidad-es-la-regla-fundamental-2%2F&amp;title=La+Relatividad+es+la+unidad.+Es+la+regla+fundamental' title='Digg' target='_blank' rel='nofollow'><img src='http:\/\/www.emiliosilveravazquez.com\/blog\/wp-content\/plugins\/knxdt-bookmarks-wordpress-plugin\/images\/digg.png'  alt='' class='book_img' border='none' style='margin:1px; padding: 0;'  \/><\/a><\/span><span class='pushbutton'><a href='http:\/\/www.google.com\/bookmarks\/mark?op=edit&amp;bkmk=http%3A%2F%2Fwww.emiliosilveravazquez.com%2Fblog%2F2022%2F09%2F15%2Fla-relatividad-es-la-unidad-es-la-regla-fundamental-2%2F&amp;title=La+Relatividad+es+la+unidad.+Es+la+regla+fundamental' title='Google' target='_blank' rel='nofollow'><img src='http:\/\/www.emiliosilveravazquez.com\/blog\/wp-content\/plugins\/knxdt-bookmarks-wordpress-plugin\/images\/google.png'   alt='' class='book_img' border='none' style='margin:1px; padding: 0;'  \/><\/a><\/span><span class='pushbutton'><a href='http:\/\/myweb2.search.yahoo.com\/myresults\/bookmarklet?u=http%3A%2F%2Fwww.emiliosilveravazquez.com%2Fblog%2F2022%2F09%2F15%2Fla-relatividad-es-la-unidad-es-la-regla-fundamental-2%2F&amp;t=La+Relatividad+es+la+unidad.+Es+la+regla+fundamental' title='Yahoo' target='_blank' rel='nofollow'><img src='http:\/\/www.emiliosilveravazquez.com\/blog\/wp-content\/plugins\/knxdt-bookmarks-wordpress-plugin\/images\/yahoo.png'  alt='' class='book_img' border='none' style='margin:1px; padding: 0;'  \/><\/a><\/span><span class='pushbutton'><a href='http:\/\/www.technorati.com\/faves?add=http%3A%2F%2Fwww.emiliosilveravazquez.com%2Fblog%2F2022%2F09%2F15%2Fla-relatividad-es-la-unidad-es-la-regla-fundamental-2%2F' title='Technorati' target='_blank' rel='nofollow'><img src='http:\/\/www.emiliosilveravazquez.com\/blog\/wp-content\/plugins\/knxdt-bookmarks-wordpress-plugin\/images\/technorati.png'  alt='' class='book_img' border='none' style='margin:1px; padding: 0;'  \/><\/a><\/span><span class='pushbutton'><a href='http:\/\/meneame.net\/submit.php?url=http%3A%2F%2Fwww.emiliosilveravazquez.com%2Fblog%2F2022%2F09%2F15%2Fla-relatividad-es-la-unidad-es-la-regla-fundamental-2%2F' title='Meneame' target='_blank' rel='nofollow'><img src='http:\/\/www.emiliosilveravazquez.com\/blog\/wp-content\/plugins\/knxdt-bookmarks-wordpress-plugin\/images\/meneame.png'  alt='' class='book_img' border='none' style='margin:1px; padding: 0;'  \/><\/a><\/span><span class='pushbutton'><a href='http:\/\/enchilame.com\/submit.php?url=http:\/\/www.emiliosilveravazquez.com\/blog\/2022\/09\/15\/la-relatividad-es-la-unidad-es-la-regla-fundamental-2\/' target='_blank' rel='nofollow'><img title='Enchilame' src='http:\/\/www.emiliosilveravazquez.com\/blog\/wp-content\/plugins\/knxdt-bookmarks-wordpress-plugin\/images\/enchilame.png'  alt='' class='book_img' border='none' style='margin:1px; padding: 0;'  \/><\/a><\/span><span class='pushbutton'><a href='http:\/\/www.blinklist.com\/index.php?Action=Blink\/addblink.php&amp;Description=&amp;Url=http%3A%2F%2Fwww.emiliosilveravazquez.com%2Fblog%2F2022%2F09%2F15%2Fla-relatividad-es-la-unidad-es-la-regla-fundamental-2%2F&amp;title=La+Relatividad+es+la+unidad.+Es+la+regla+fundamental' title='BlinkList' target='_blank' rel='nofollow'><img src='http:\/\/www.emiliosilveravazquez.com\/blog\/wp-content\/plugins\/knxdt-bookmarks-wordpress-plugin\/images\/blinklist.png'  alt='' class='book_img' border='none' style='margin:1px; padding: 0;'  \/><\/a><\/span><span class='pushbutton'><a href='http:\/\/reddit.com\/submit?url=http%3A%2F%2Fwww.emiliosilveravazquez.com%2Fblog%2F2022%2F09%2F15%2Fla-relatividad-es-la-unidad-es-la-regla-fundamental-2%2F&amp;title=La+Relatividad+es+la+unidad.+Es+la+regla+fundamental' title='Reddit' target='_blank' rel='nofollow'><img src='http:\/\/www.emiliosilveravazquez.com\/blog\/wp-content\/plugins\/knxdt-bookmarks-wordpress-plugin\/images\/reddit.png'  alt='' class='book_img' border='none' style='margin:1px; padding: 0;'  \/><\/a><\/span><span class='pushbutton'><a href='http:\/\/www.tecnologiadiaria.com\/2009\/07\/abrir-com-hotmail-correo.html' target='_blank' title='hotmail'><img src='http:\/\/www.emiliosilveravazquez.com\/blog\/wp-content\/plugins\/knxdt-bookmarks-wordpress-plugin\/images\/linklove.png' alt='hotmail correo' class='book_img' border='none' style='margin:1px; padding: 0;' \/><\/a><\/span><span class='pushbutton'><a href='http:\/\/bitacoras.com\/votar\/anotacion\/externo\/mini\/www.emiliosilveravazquez.com\/blog\/2022\/09\/15\/la-relatividad-es-la-unidad-es-la-regla-fundamental-2\/' title='Bitacoras.com' target='_blank' rel='nofollow'><img src='http:\/\/www.emiliosilveravazquez.com\/blog\/wp-content\/plugins\/knxdt-bookmarks-wordpress-plugin\/images\/bitacoras.png'  alt='' class='book_img' border='none' style='margin:1px; padding: 0;'  \/><\/a><\/span><span class='pushbutton'><a href='http:\/\/www.wikio.es\/vote?url=http%3A%2F%2Fwww.emiliosilveravazquez.com%2Fblog%2F2022%2F09%2F15%2Fla-relatividad-es-la-unidad-es-la-regla-fundamental-2%2F' title='Wikio' target='_blank' rel='nofollow'><img src='http:\/\/www.emiliosilveravazquez.com\/blog\/wp-content\/plugins\/knxdt-bookmarks-wordpress-plugin\/images\/wikio.png'   alt='' class='book_img' border='none' style='margin:1px; padding: 0;'   \/><\/a><\/span><span class='pushbutton'><a href='http:\/\/friendfeed.com\/?url=http%3A%2F%2Fwww.emiliosilveravazquez.com%2Fblog%2F2022%2F09%2F15%2Fla-relatividad-es-la-unidad-es-la-regla-fundamental-2%2F&amp;title=La+Relatividad+es+la+unidad.+Es+la+regla+fundamental' title='Friend Feed' target='_blank' rel='nofollow'><img src='http:\/\/www.emiliosilveravazquez.com\/blog\/wp-content\/plugins\/knxdt-bookmarks-wordpress-plugin\/images\/friendfeed.png'  alt='' class='book_img' border='none' style='margin:1px; padding: 0;'  \/><\/a><\/span><span class='pushbutton'><a href='http:\/\/www.facebook.com\/share.php?u=http%3A%2F%2Fwww.emiliosilveravazquez.com%2Fblog%2F2022%2F09%2F15%2Fla-relatividad-es-la-unidad-es-la-regla-fundamental-2%2F&amp;t=La+Relatividad+es+la+unidad.+Es+la+regla+fundamental' title='Facebook' target='_blank' rel='nofollow'><img src='http:\/\/www.emiliosilveravazquez.com\/blog\/wp-content\/plugins\/knxdt-bookmarks-wordpress-plugin\/images\/facebook.png'  alt='' class='book_img' border='none' style='margin:1px; padding: 0;'  \/><\/a><\/span><span class='pushbutton'><a href='http:\/\/twitter.com\/home?status=La+Relatividad+es+la+unidad.+Es+la+regla+fundamental: http%3A%2F%2Fwww.emiliosilveravazquez.com%2Fblog%2F2022%2F09%2F15%2Fla-relatividad-es-la-unidad-es-la-regla-fundamental-2%2F' title='Twitter' target='_blank' rel='nofollow'><img src='http:\/\/www.emiliosilveravazquez.com\/blog\/wp-content\/plugins\/knxdt-bookmarks-wordpress-plugin\/images\/twitter.png'  alt='' class='book_img' border='none' style='margin:1px; padding: 0;'  \/><\/a><\/span><span class='pushbutton'><a href='http:\/\/www.feedburner.com\/fb\/a\/emailFlare?itemTitle=La+Relatividad+es+la+unidad.+Es+la+regla+fundamental&amp;uri=http%3A%2F%2Fwww.emiliosilveravazquez.com%2Fblog%2F2022%2F09%2F15%2Fla-relatividad-es-la-unidad-es-la-regla-fundamental-2%2F' title='Enviar por Email' target='_blank' rel='nofollow'><img src='http:\/\/www.emiliosilveravazquez.com\/blog\/wp-content\/plugins\/knxdt-bookmarks-wordpress-plugin\/images\/email.png'  alt='' class='book_img' border='none' style='margin:1px; padding: 0;'  \/><\/a><\/span><span style='font-weight:bold; padding-left: 5px;'><a href='http:\/\/wordpress.org\/extend\/plugins\/knxdt-bookmarks-wordpress-plugin\/' title='Plugin' rel='nofollow' target='_blank'>[?]<\/a><\/span><\/td><\/tr><\/table><br\/><br\/><\/div>","protected":false},"excerpt":{"rendered":"<p>Albert Einstein Ricard Jim\u00e9nez \u00a0 Ricard Jim\u00e9nez ha compartido por primera vez este trabajo: &#8220;La mayor deficiencia de la raza humana es nuestra incapacidad para comprender la funci\u00f3n exponencial&#8221; \u00a0 Albert A. Bartlett. &nbsp; \u00a0 Gr\u00e1fica\u00a0de Funciones exponenciales Antes de comenzar a utilizar esta nueva \u201cherramienta\u201d tienes que confiar en ella. S\u00f3lo as\u00ed podr\u00e1s contemplar [&hellip;]<\/p>\n","protected":false},"author":2,"featured_media":0,"comment_status":"open","ping_status":"open","sticky":false,"template":"","format":"standard","meta":{"_s2mail":"","footnotes":""},"categories":[1],"tags":[],"_links":{"self":[{"href":"http:\/\/www.emiliosilveravazquez.com\/blog\/wp-json\/wp\/v2\/posts\/28705"}],"collection":[{"href":"http:\/\/www.emiliosilveravazquez.com\/blog\/wp-json\/wp\/v2\/posts"}],"about":[{"href":"http:\/\/www.emiliosilveravazquez.com\/blog\/wp-json\/wp\/v2\/types\/post"}],"author":[{"embeddable":true,"href":"http:\/\/www.emiliosilveravazquez.com\/blog\/wp-json\/wp\/v2\/users\/2"}],"replies":[{"embeddable":true,"href":"http:\/\/www.emiliosilveravazquez.com\/blog\/wp-json\/wp\/v2\/comments?post=28705"}],"version-history":[{"count":0,"href":"http:\/\/www.emiliosilveravazquez.com\/blog\/wp-json\/wp\/v2\/posts\/28705\/revisions"}],"wp:attachment":[{"href":"http:\/\/www.emiliosilveravazquez.com\/blog\/wp-json\/wp\/v2\/media?parent=28705"}],"wp:term":[{"taxonomy":"category","embeddable":true,"href":"http:\/\/www.emiliosilveravazquez.com\/blog\/wp-json\/wp\/v2\/categories?post=28705"},{"taxonomy":"post_tag","embeddable":true,"href":"http:\/\/www.emiliosilveravazquez.com\/blog\/wp-json\/wp\/v2\/tags?post=28705"}],"curies":[{"name":"wp","href":"https:\/\/api.w.org\/{rel}","templated":true}]}}