{"id":28599,"date":"2025-06-06T07:27:58","date_gmt":"2025-06-06T06:27:58","guid":{"rendered":"http:\/\/www.emiliosilveravazquez.com\/blog\/?p=28599"},"modified":"2025-06-06T07:28:00","modified_gmt":"2025-06-06T06:28:00","slug":"es-tan-bello-el-universo","status":"publish","type":"post","link":"http:\/\/www.emiliosilveravazquez.com\/blog\/2025\/06\/06\/es-tan-bello-el-universo\/","title":{"rendered":"\u00a1Es tan Bello el Universo!"},"content":{"rendered":"<p><img decoding=\"async\" src=\"http:\/\/www.astronavegador.com\/imagenes_encuesta\/Grandes\/Nebulosa_Carina_20ani.jpg\" alt=\"\" border=\"0\" \/><img decoding=\"async\" src=\"https:\/\/naukas.com\/fx\/uploads\/2012\/03\/carina1.jpg\" alt=\"La imagen m\u00e1s precisa de la Nebulosa de Carina - Naukas\" \/><\/p>\n<p>&nbsp;<\/p>\n<p style=\"text-align: justify;\">Existen objetos en el Universo que, por mucho que lo podamos mirar, nunca dejan de sorprendernos ni dejan de\u00a0 producir en nosotros la sensaci\u00f3n de grandeza que en cualquiera de sus regiones nos podemos encontrar. Ah\u00ed, en la imagen de arriba,\u00a0 podemos contem<strong>plar a la nebulosa Carina, en realidad una constelaci\u00f3n austral que forma parte de aquella antigua conocida con el nombre de el Nav\u00edo Argo<\/strong> y que fue troceada por los expertos de la Uni\u00f3n Astron\u00f3mica Internacional en las cuatro partes que ahora son conocidas como: <strong>Vela, Puppis (Popa<\/strong>), Pyxis<strong>(Comp\u00e1s o Br\u00fajula<\/strong>) y la propia Carina (<strong>Quilla<\/strong>).<\/p>\n<p>&nbsp;<\/p>\n<p><img decoding=\"async\" loading=\"lazy\" class=\"\" src=\"https:\/\/upload.wikimedia.org\/wikipedia\/commons\/thumb\/a\/a7\/Nebulosa_de_Eta_Carinae_o_NGC_3372.jpg\/250px-Nebulosa_de_Eta_Carinae_o_NGC_3372.jpg\" alt=\"Carina - Wikipedia, la enciclopedia libre\" width=\"513\" height=\"530\" \/><img decoding=\"async\" loading=\"lazy\" class=\"\" src=\"https:\/\/historiasdeastronomia.es\/vistas\/images\/artistic\/vela-carina-puppis.jpg\" alt=\"Mitologia | Carina\" width=\"514\" height=\"514\" \/><\/p>\n<p>&nbsp;<\/p>\n<p style=\"text-align: justify;\">Aqu\u00ed, en la Nebulosa Carina, est\u00e1 la segunda estrella m\u00e1s brillante del cielo, Canopo y, tambi\u00e9n una de las estrellas m\u00e1s masivas conocidas,<strong> Eta Carinae<\/strong> que est\u00e1 pendiente de un hilo que, de un momento a otro se pueda convertir en una supernova y explotar para dar m\u00e1s riqueza al entorno con nuevos materiales complejos que se mezclar\u00edan con el ya existente en el lugar en el que, de pronto, aparecer\u00eda un <a href=\"#\" onclick=\"referencia('agujero negro',event); return false;\">agujero negro<\/a> que distorsionar\u00eda toda la zona a su alrededor.<\/p>\n<p style=\"text-align: justify;\">La Imagen captada por el <a href=\"#\" onclick=\"referencia('hubble',event); return false;\">Hubble<\/a>\u00a0 captur\u00f3 esta nebulosa de ondulantes formas de gas interestelar fr\u00edo y polvo emergiendo de una tempestuosa regi\u00f3n estelar situada en la Nebulosa Carina, a 7500 a\u00f1os luz de distancia. Esta columna de polvo y gas sirve como semillero de nuevas estrellas y est\u00e1 repleta de actividad asociada a la formaci\u00f3n estelar.<\/p>\n<p>&nbsp;<\/p>\n<p><img decoding=\"async\" src=\"https:\/\/encrypted-tbn0.gstatic.com\/images?q=tbn:ANd9GcR6-ky2Sq3WnUT5tKbHynTRn91dpfyKnDqkgReysFqd91qj3LVejYTg_yYgfGRQPxY_rMc&amp;usqp=CAU\" alt=\"Eta Carinae and the Keyhole Nebula | ESO Espa\u00f1a\" \/><img decoding=\"async\" src=\"https:\/\/encrypted-tbn0.gstatic.com\/images?q=tbn:ANd9GcQLDG8DcSOwMlQ-SCQ5S-0f6wX3tXZi9Y4_6cqUKRlixJO1_U8sh_xhoVB4zm2kh_8VFX4&amp;usqp=CAU\" alt=\"La fascinante historia de 'Eta Carinae', la estrella que explot\u00f3 en 1838 y se convirti\u00f3 en la segunda m\u00e1s brillante de la galaxia\" \/><\/p>\n<p><strong> \u00a0Bien escondida en la Nebulosa del hom\u00fanculo<\/strong><\/p>\n<p style=\"text-align: justify;\"><strong>Eta Carinae,<\/strong> en esta imagen del Telescopio Espacial <a href=\"#\" onclick=\"referencia('hubble',event); return false;\">Hubble<\/a> se pueden apreciar a la estrella Eta Carin\u00e6 y los restos de erupciones antiguas que forman la Nebulosa del Hom\u00fanculo alrededor de la estrella. La nebulosa fue creada por una erupci\u00f3n de Eta Car cuya luz alcanz\u00f3 la tierra en 1843. Eta Car aparece como un parche blanco en el centro de la imagen, donde los dos l\u00f3bulos de la nebulosa Hom\u00fanculo convergen. Como tiene una masa de 100\/150 masas solares, la \u00fanica manera de que su propia radiaci\u00f3n no la destruya es eyectando material al espacio para descongestionarse y seguir viviendo, aunque se piensa que, en cualquier momento, podr\u00eda producirse el suceso.<\/p>\n<p>&nbsp;<\/p>\n<p><img decoding=\"async\" loading=\"lazy\" class=\"\" src=\"https:\/\/www.star-facts.com\/wp-content\/uploads\/2020\/06\/Avior-NGC-2516-and-IC-2220.jpg\" alt=\"Avior (Epsilon Carinae): Star Syste, Facts, Name, Location, Constellation | Star Facts\" width=\"823\" height=\"419\" \/><\/p>\n<p>&nbsp;<\/p>\n<p style=\"text-align: justify;\">\u00a0 \u00a0 \u00a0 \u00a0 \u00a0 \u00a0 \u00a0 \u00a0 \u00a0 <strong>\u00a0\u00c9<a href=\"#\" onclick=\"referencia('psi',event); return false;\">psi<\/a>lon Carinae e \u00cd<a href=\"#\" onclick=\"referencia('psi',event); return false;\">psi<\/a>lon Carinae son dos estrellas dobles<\/strong><\/p>\n<p style=\"text-align: justify;\">Canopo la segunda estrella m\u00e1s brillante del firmamento es una supergigante\u00a0 blanco-amarilla a 310 a\u00f1os-luz de nosotros. Aunque se trata de una estrella del hemisferio sur\u00a0 puede observarse desde la costa africana del Mar Mediterr\u00e1neo. Como la V\u00eda L\u00e1ctea atraviesa Carina,\u00a0 la constelaci\u00f3n contiene varios c\u00famulos abiertos como NGC 2516 y IC 2602 que es m\u00e1s conocido como &#8220;Las Pl\u00e9yades del Sur&#8221;\u00a0 que abajo pod\u00e9is contemplar.<\/p>\n<p>&nbsp;<\/p>\n<p><img decoding=\"async\" loading=\"lazy\" class=\"\" src=\"https:\/\/upload.wikimedia.org\/wikipedia\/commons\/thumb\/5\/5f\/IC_2602.jpg\/300px-IC_2602.jpg\" alt=\"IC 2602 - Wikipedia, la enciclopedia libre\" width=\"477\" height=\"340\" \/><\/p>\n<p>&nbsp;<\/p>\n<p style=\"text-align: justify;\">Espectaculares es sin duda el c\u00famulo abierto<strong> IC 2602<\/strong> localizado en la constelaci\u00f3n de Carina, grupo de unas sesenta estrellas en donde <a title=\"Theta Carinae\" href=\"http:\/\/es.wikipedia.org\/wiki\/Theta_Carinae\">\u03b8 Carinae<\/a> es la m\u00e1s brillante. Popularmente conocido como las &#8220;Pl\u00e9yades del Sur&#8221;, ya que los primeros europeos en verlo por aqu\u00ed, les recordaba a Las Pl\u00e9yades del hemisferio boreal, en Tauro. Tambi\u00e9n es conocido como el c\u00famulo de theta Carinae, Cr 229, Mel 102. El mismo fue descubierto por <strong>Abbe Lacaille<\/strong> el 3 de Marzo de 1752 desde Sud\u00e1frica. Tambi\u00e9n en Carina se localiza una de las cefeidas m\u00e1s prominentes, l Carinae o HD 84810, que muestra una oscilaci\u00f3n en su brillo desde magnitud 3,28 a 4,18 a lo largo de un per\u00edodo de 35,54 d\u00edas.<\/p>\n<h2>Estrellas principales situadas en el lugar:<\/h2>\n<p>&nbsp;<\/p>\n<blockquote><p><img decoding=\"async\" loading=\"lazy\" class=\"\" src=\"https:\/\/upload.wikimedia.org\/wikipedia\/commons\/thumb\/d\/d1\/Vela_and_Surrounding_Constellations_%28ground-based_image%29.jpg\/250px-Vela_and_Surrounding_Constellations_%28ground-based_image%29.jpg\" alt=\"Canopus (estrella) - Wikipedia, la enciclopedia libre\" width=\"391\" height=\"496\" \/><\/p><\/blockquote>\n<p>&nbsp;<\/p>\n<p>&nbsp;<\/p>\n<p><strong> \u00a0Alfa Carinae (Canopo)<\/strong><\/p>\n<ul>\n<li style=\"text-align: justify;\"><a title=\"Alfa Carinae\" href=\"http:\/\/es.wikipedia.org\/wiki\/Alfa_Carinae\">\u03b1 Carinae<\/a> (<a title=\"Canopo\" href=\"http:\/\/es.wikipedia.org\/wiki\/Canopo\">Canopo<\/a>)<\/li>\n<li style=\"text-align: justify;\"><a title=\"\u00c9psilon Carinae\" href=\"http:\/\/es.wikipedia.org\/wiki\/%C3%89psilon_Carinae\">\u03b5 Carinae<\/a> (<a title=\"Avior (estrella)\" href=\"http:\/\/es.wikipedia.org\/wiki\/Avior_%28estrella%29\">Avior<\/a>)<\/li>\n<li style=\"text-align: justify;\"><a title=\"Eta Carinae\" href=\"http:\/\/es.wikipedia.org\/wiki\/Eta_Carinae\">\u03b7 Carinae<\/a> (<a title=\"Eta Carinae\" href=\"http:\/\/es.wikipedia.org\/wiki\/Eta_Carinae\">Eta Carinae<\/a>)<\/li>\n<li style=\"text-align: justify;\"><a title=\"Theta Carinae\" href=\"http:\/\/es.wikipedia.org\/wiki\/Theta_Carinae\">\u03b8 Carinae<\/a><\/li>\n<li style=\"text-align: justify;\"><a title=\"Iota Carinae\" href=\"http:\/\/es.wikipedia.org\/wiki\/Iota_Carinae\">\u03b9 Carinae<\/a> (<a title=\"Aspidiske\" href=\"http:\/\/es.wikipedia.org\/wiki\/Aspidiske\">Aspidiske<\/a>)<\/li>\n<li style=\"text-align: justify;\"><a title=\"\u00cdpsilon Carinae\" href=\"http:\/\/es.wikipedia.org\/wiki\/%C3%8Dpsilon_Carinae\">\u03c5 Carinae<\/a>, de magnitud 2,92, <a title=\"Estrella binaria\" href=\"http:\/\/es.wikipedia.org\/wiki\/Estrella_binaria\">estrella binaria<\/a><\/li>\n<li style=\"text-align: justify;\"><a title=\"Ji Carinae\" href=\"http:\/\/es.wikipedia.org\/wiki\/Ji_Carinae\">\u03c7 Carinae<\/a> (<a title=\"Drys\" href=\"http:\/\/es.wikipedia.org\/wiki\/Drys\">Drys<\/a>)<\/li>\n<li style=\"text-align: justify;\"><a title=\"H Carinae\" href=\"http:\/\/es.wikipedia.org\/wiki\/H_Carinae\">h Carinae<\/a> (<a title=\"HD 83183\" href=\"http:\/\/es.wikipedia.org\/wiki\/HD_83183\">HD 83183<\/a>), <a title=\"Gigante luminosa\" href=\"http:\/\/es.wikipedia.org\/wiki\/Gigante_luminosa\">gigante luminosa<\/a><\/li>\n<li style=\"text-align: justify;\"><a title=\"I Carinae\" href=\"http:\/\/es.wikipedia.org\/wiki\/I_Carinae\">I Carinae<\/a> (<a title=\"HD 90589\" href=\"http:\/\/es.wikipedia.org\/wiki\/HD_90589\">HD 90589<\/a>) y <a title=\"HD 68456\" href=\"http:\/\/es.wikipedia.org\/wiki\/HD_68456\">HD 68456<\/a><\/li>\n<li style=\"text-align: justify;\"><a title=\"HD 84810\" href=\"http:\/\/es.wikipedia.org\/wiki\/HD_84810\">HD 84810<\/a> (l Carinae), <a title=\"Estrella variable\" href=\"http:\/\/es.wikipedia.org\/wiki\/Estrella_variable\">estrella variable<\/a> <a title=\"Estrella variable cefeida\" href=\"http:\/\/es.wikipedia.org\/wiki\/Estrella_variable_cefeida\">cefeida<\/a><\/li>\n<li style=\"text-align: justify;\"><a title=\"B2 Carinae\" href=\"http:\/\/es.wikipedia.org\/wiki\/B2_Carinae\">b2 Carinae<\/a> (<a title=\"HD 77370\" href=\"http:\/\/es.wikipedia.org\/wiki\/HD_77370\">HD 77370<\/a>)<\/li>\n<li style=\"text-align: justify;\"><a title=\"F Carinae\" href=\"http:\/\/es.wikipedia.org\/wiki\/F_Carinae\">f Carinae<\/a> (<a title=\"V334 Carinae\" href=\"http:\/\/es.wikipedia.org\/wiki\/V334_Carinae\">V334 Carinae<\/a>)<\/li>\n<\/ul>\n<p>&nbsp;<\/p>\n<p><img decoding=\"async\" loading=\"lazy\" class=\"thumbimage\" src=\"http:\/\/upload.wikimedia.org\/wikipedia\/commons\/thumb\/0\/0d\/Mira-uv-bow-shock-tail-vertical.jpg\/220px-Mira-uv-bow-shock-tail-vertical.jpg\" alt=\"\" width=\"473\" height=\"1892\" \/><\/p>\n<p>&nbsp;<\/p>\n<p style=\"text-align: justify;\">Imagen de Mira en luz ultravioleta, en donde se aprecia el rastro que deja la estrella. La <strong>variable Mira<\/strong> es una estrella variable pulsante caracterizada por un color rojo intenso, un per\u00edodo de pulsaci\u00f3n de m\u00e1s de 100 d\u00edas, y una amplitud de m\u00e1s de una magnitud aparente. Son gigantes rojas en estados muy avanzados de su evoluci\u00f3n estelar\u00a0 situadas en la rama asint\u00f3tica gigante en el Diagrama de H-R, que en el transcurso de unos millones de a\u00f1os expulsar\u00e1n sus capas exteriores creando una nebulosa planetaria, quedando el n\u00facleo remanente como una <a href=\"#\" onclick=\"referencia('enana blanca',event); return false;\">enana blanca<\/a>. Las \u00faltimas observaciones han puesto de manifiesto que una gran parte de las variables Mira no tienen forma esf\u00e9rica.<\/p>\n<p>&nbsp;<\/p>\n<p><img decoding=\"async\" loading=\"lazy\" class=\"\" src=\"https:\/\/pbs.twimg.com\/media\/Diz5F-pW0AACZiA?format=jpg&amp;name=4096x4096\" alt=\"\u00c1lex Riveiro on Twitter: &quot;\u00bfSab\u00edas que algunas estrellas var\u00edan r\u00e1pidamente de brillo e incluso de tama\u00f1o? Sucede en una escala tan peque\u00f1a que lo podemos ver m\u00faltiples veces durante el transcurso de\" width=\"875\" height=\"860\" \/><\/p>\n<p>&nbsp;<\/p>\n<ul>\n<li style=\"text-align: justify;\"><a title=\"S Carinae\" href=\"http:\/\/es.wikipedia.org\/wiki\/S_Carinae\">S Carinae<\/a>, <a title=\"Estrella variable Mira\" href=\"http:\/\/es.wikipedia.org\/wiki\/Estrella_variable_Mira\">estrella variable Mira<\/a><\/li>\n<li style=\"text-align: justify;\"><a title=\"RT Carinae\" href=\"http:\/\/es.wikipedia.org\/wiki\/RT_Carinae\">RT Carinae<\/a>, <a title=\"Supergigante roja\" href=\"http:\/\/es.wikipedia.org\/wiki\/Supergigante_roja\">supergigante roja<\/a><\/li>\n<li style=\"text-align: justify;\"><a title=\"VY Carinae\" href=\"http:\/\/es.wikipedia.org\/wiki\/VY_Carinae\">VY Carinae<\/a><\/li>\n<li style=\"text-align: justify;\"><a title=\"AG Carinae\" href=\"http:\/\/es.wikipedia.org\/wiki\/AG_Carinae\">AG Carinae<\/a> y <a title=\"HR Carinae\" href=\"http:\/\/es.wikipedia.org\/wiki\/HR_Carinae\">HR Carinae<\/a>, dos <a title=\"Variable luminosa azul\" href=\"http:\/\/es.wikipedia.org\/wiki\/Variable_luminosa_azul\">variables luminosas azules<\/a><\/li>\n<li style=\"text-align: justify;\"><a title=\"EM Carinae\" href=\"http:\/\/es.wikipedia.org\/wiki\/EM_Carinae\">EM Carinae<\/a>, <a title=\"Binaria eclipsante\" href=\"http:\/\/es.wikipedia.org\/wiki\/Binaria_eclipsante\">binaria eclipsante<\/a><\/li>\n<li style=\"text-align: justify;\"><a title=\"CK Carinae\" href=\"http:\/\/es.wikipedia.org\/wiki\/CK_Carinae\">CK Carinae<\/a> e <a title=\"IX Carinae\" href=\"http:\/\/es.wikipedia.org\/wiki\/IX_Carinae\">IX Carinae<\/a><\/li>\n<li style=\"text-align: justify;\"><a title=\"PP Carinae\" href=\"http:\/\/es.wikipedia.org\/wiki\/PP_Carinae\">PP Carinae<\/a> (p Carinae), <a title=\"Estrella Be\" href=\"http:\/\/es.wikipedia.org\/wiki\/Estrella_Be\">estrella Be<\/a><\/li>\n<li style=\"text-align: justify;\"><a title=\"QX Carinae\" href=\"http:\/\/es.wikipedia.org\/wiki\/QX_Carinae\">QX Carinae<\/a><\/li>\n<li style=\"text-align: justify;\"><a title=\"V337 Carinae\" href=\"http:\/\/es.wikipedia.org\/wiki\/V337_Carinae\">V337 Carinae<\/a><\/li>\n<li style=\"text-align: justify;\"><a title=\"V382 Carinae\" href=\"http:\/\/es.wikipedia.org\/wiki\/V382_Carinae\">V382 Carinae<\/a><\/li>\n<\/ul>\n<p>&nbsp;<\/p>\n<p><img decoding=\"async\" loading=\"lazy\" class=\"\" src=\"https:\/\/blogger.googleusercontent.com\/img\/b\/R29vZ2xl\/AVvXsEjsGc7-CO6r2VU9Zxz262NjmbMOZH_tvP2QoZe_bi81u_JZgCIB920oBAslSCE-wnpeL5aURKfLE7SReAhnxqhQwk83BGL3x6IiCQlIDTcCRcxVorNVyy5TDZbnwUJMvnigm3ACRSxEHqY1x6IX0nxxYp19xyCrDxn7qPVCcN35uY-12HOus-vONGVUEg\/s1211\/NGC_3603b%20(sher%2025)%20HD.jpg\" alt=\"En el cielo las estrellas: Raras estrellas en Carina\" width=\"733\" height=\"654\" \/><\/p>\n<p>&nbsp;<\/p>\n<p style=\"text-align: justify;\">Sigue una lista interminable de gigantes rojas, estrellas azules, estrellas binarias, irregulares, Cefeidas, sistemas masivos binarios, c\u00famulos, supergigantes azules como <strong>Sher 25<\/strong> que se piensa est\u00e1 a punto de explotar como supernova, enanas blancas de ingente fulgor ultravioleta ionizante&#8230; Todo eso y mucho m\u00e1s est\u00e1 presente en la Nebulosa Carina que podemos mirar y quedar embelesados de su belleza y que, sin embargo, no llegamos a alcanzar a comprender que, en esa ingente cantidad de gases y polvo est\u00e1n presentes objetos de extrema energ\u00eda y de belleza sin par.<\/p>\n<p>&nbsp;<\/p>\n<p style=\"text-align: justify;\"><img decoding=\"async\" loading=\"lazy\" src=\"http:\/\/upload.wikimedia.org\/wikipedia\/commons\/thumb\/2\/2a\/Eta_Carinae_Nebula_1.jpg\/799px-Eta_Carinae_Nebula_1.jpg\" alt=\"File:Eta Carinae Nebula 1.jpg\" width=\"799\" height=\"387\" \/><\/p>\n<p>&nbsp;<\/p>\n<p style=\"text-align: justify;\">\u00a0La Nebulosa Carina se puede contemplar desde distintas perspectivas que nos llevan a regiones de nubes moleculares en las que se fraguan las mol\u00e9culas que hacen posible el devenir de la vida. No pocas veces han quedado asombrados los Astrof\u00edsicos al observar mol\u00e9culas de alcohol y de az\u00facares y prote\u00ednas, amino\u00e1cidos y otros elementos complejos necesarios para la formaci\u00f3n del ADN.<\/p>\n<p>&nbsp;<\/p>\n<p><img decoding=\"async\" src=\"https:\/\/www.ejemplos.co\/wp-content\/uploads\/2016\/10\/Picture2.png\" alt=\"50 Ejemplos de Mol\u00e9culas\" \/><\/p>\n<p>&nbsp;<\/p>\n<p style=\"text-align: justify;\">Hidr\u00f3geno, ox\u00edgeno, carbono, calcio, azufre, nitr\u00f3geno y fosforo son continuamente irradiados por iones, que pueden generar mol\u00e9culas org\u00e1nicas evolucionando en mol\u00e9culas m\u00e1s grandes y complejas las cuales resultan en la formaci\u00f3n de amino\u00e1cidos y otros compuestos que m\u00e1s tarde, en el entorno adecuado&#8230;<\/p>\n<p style=\"text-align: justify;\">Podemos concluir diciendo que, en la Nebulosa Carina, est\u00e1 presente la magia que sola sabe hacer el universo.<\/p>\n<p>&nbsp;<\/p>\n<p><img decoding=\"async\" src=\"https:\/\/blogger.googleusercontent.com\/img\/b\/R29vZ2xl\/AVvXsEjxWf811gLPqH9ld4lVnWa6dP9cMp4hSq9FtKfc5PEZ13V4VqUMy_PZFvox6aeW5LogvxqyiWliPsZOKRFFbLq0loNwipSCQcNj_Vc0kdESV1LuKSv3YRnOjzTCXEHgvd-4d-8b-L_63xjzm-VspuoRlyAwqzkqySDMN3Egb2q68iT4XhDyq-FMGVjtZw\/w640-h618\/WR_31a%20HD.jpg\" \/><\/p>\n<p><strong>\u00a0Proto- estrella a partir del gas y el polvo con la Gravedad presente. Podemos ver el tenue borde\u00a0<\/strong><\/p>\n<p style=\"text-align: justify;\">Convertir en estrellas ingentes masas de gas y polvo no resultar\u00eda f\u00e1cil para un mago corriente. Por otra parte, la variedad de estrellas y objetos que ah\u00ed se han formado, nos lleva a la convicci\u00f3n de que, un gran grupo de astr\u00f3nomos, se podr\u00edan pasar la vida tan ricamente instalados en las cercan\u00edas de la Nebulosa para estudiar los sucesos que all\u00ed ocurren para poder aprender, como se forman las estrellas y los mundos y, tambi\u00e9n, los &#8220;ladrillos de la vida&#8221;.<\/p>\n<p style=\"text-align: justify;\"><strong>Emilio Silvera V\u00e1zquez<\/strong><\/p>\n<div class='bookmark'>\r\n\t\t<table align='left' border='0' cellpadding='0' width='100%'>\r\n\t\t<tr><td><span class='pushbutton'><a href='http:\/\/delicious.com\/post?url=http%3A%2F%2Fwww.emiliosilveravazquez.com%2Fblog%2F2025%2F06%2F06%2Fes-tan-bello-el-universo%2F&amp;title=%C2%A1Es+tan+Bello+el+Universo%21' title='Delicious' target='_blank' rel='nofollow'><img src='http:\/\/www.emiliosilveravazquez.com\/blog\/wp-content\/plugins\/knxdt-bookmarks-wordpress-plugin\/images\/delicious.png'  alt='' class='book_img' border='none' style='margin:1px; padding: 0;'  \/><\/a><\/span><span class='pushbutton'><a href='http:\/\/digg.com\/submit?url=http%3A%2F%2Fwww.emiliosilveravazquez.com%2Fblog%2F2025%2F06%2F06%2Fes-tan-bello-el-universo%2F&amp;title=%C2%A1Es+tan+Bello+el+Universo%21' title='Digg' target='_blank' rel='nofollow'><img src='http:\/\/www.emiliosilveravazquez.com\/blog\/wp-content\/plugins\/knxdt-bookmarks-wordpress-plugin\/images\/digg.png'  alt='' class='book_img' border='none' style='margin:1px; padding: 0;'  \/><\/a><\/span><span class='pushbutton'><a href='http:\/\/www.google.com\/bookmarks\/mark?op=edit&amp;bkmk=http%3A%2F%2Fwww.emiliosilveravazquez.com%2Fblog%2F2025%2F06%2F06%2Fes-tan-bello-el-universo%2F&amp;title=%C2%A1Es+tan+Bello+el+Universo%21' title='Google' target='_blank' rel='nofollow'><img src='http:\/\/www.emiliosilveravazquez.com\/blog\/wp-content\/plugins\/knxdt-bookmarks-wordpress-plugin\/images\/google.png'   alt='' class='book_img' border='none' style='margin:1px; padding: 0;'  \/><\/a><\/span><span class='pushbutton'><a href='http:\/\/myweb2.search.yahoo.com\/myresults\/bookmarklet?u=http%3A%2F%2Fwww.emiliosilveravazquez.com%2Fblog%2F2025%2F06%2F06%2Fes-tan-bello-el-universo%2F&amp;t=%C2%A1Es+tan+Bello+el+Universo%21' title='Yahoo' target='_blank' rel='nofollow'><img src='http:\/\/www.emiliosilveravazquez.com\/blog\/wp-content\/plugins\/knxdt-bookmarks-wordpress-plugin\/images\/yahoo.png'  alt='' class='book_img' border='none' style='margin:1px; padding: 0;'  \/><\/a><\/span><span class='pushbutton'><a href='http:\/\/www.technorati.com\/faves?add=http%3A%2F%2Fwww.emiliosilveravazquez.com%2Fblog%2F2025%2F06%2F06%2Fes-tan-bello-el-universo%2F' title='Technorati' target='_blank' rel='nofollow'><img src='http:\/\/www.emiliosilveravazquez.com\/blog\/wp-content\/plugins\/knxdt-bookmarks-wordpress-plugin\/images\/technorati.png'  alt='' class='book_img' border='none' style='margin:1px; padding: 0;'  \/><\/a><\/span><span class='pushbutton'><a href='http:\/\/meneame.net\/submit.php?url=http%3A%2F%2Fwww.emiliosilveravazquez.com%2Fblog%2F2025%2F06%2F06%2Fes-tan-bello-el-universo%2F' title='Meneame' target='_blank' rel='nofollow'><img src='http:\/\/www.emiliosilveravazquez.com\/blog\/wp-content\/plugins\/knxdt-bookmarks-wordpress-plugin\/images\/meneame.png'  alt='' class='book_img' border='none' style='margin:1px; padding: 0;'  \/><\/a><\/span><span class='pushbutton'><a href='http:\/\/enchilame.com\/submit.php?url=http:\/\/www.emiliosilveravazquez.com\/blog\/2025\/06\/06\/es-tan-bello-el-universo\/' target='_blank' rel='nofollow'><img title='Enchilame' src='http:\/\/www.emiliosilveravazquez.com\/blog\/wp-content\/plugins\/knxdt-bookmarks-wordpress-plugin\/images\/enchilame.png'  alt='' class='book_img' border='none' style='margin:1px; padding: 0;'  \/><\/a><\/span><span class='pushbutton'><a href='http:\/\/www.blinklist.com\/index.php?Action=Blink\/addblink.php&amp;Description=&amp;Url=http%3A%2F%2Fwww.emiliosilveravazquez.com%2Fblog%2F2025%2F06%2F06%2Fes-tan-bello-el-universo%2F&amp;title=%C2%A1Es+tan+Bello+el+Universo%21' title='BlinkList' target='_blank' rel='nofollow'><img src='http:\/\/www.emiliosilveravazquez.com\/blog\/wp-content\/plugins\/knxdt-bookmarks-wordpress-plugin\/images\/blinklist.png'  alt='' class='book_img' border='none' style='margin:1px; padding: 0;'  \/><\/a><\/span><span class='pushbutton'><a href='http:\/\/reddit.com\/submit?url=http%3A%2F%2Fwww.emiliosilveravazquez.com%2Fblog%2F2025%2F06%2F06%2Fes-tan-bello-el-universo%2F&amp;title=%C2%A1Es+tan+Bello+el+Universo%21' title='Reddit' target='_blank' rel='nofollow'><img src='http:\/\/www.emiliosilveravazquez.com\/blog\/wp-content\/plugins\/knxdt-bookmarks-wordpress-plugin\/images\/reddit.png'  alt='' class='book_img' border='none' style='margin:1px; padding: 0;'  \/><\/a><\/span><span class='pushbutton'><a href='http:\/\/www.tecnologiadiaria.com\/2009\/07\/abrir-com-hotmail-correo.html' target='_blank' title='hotmail'><img src='http:\/\/www.emiliosilveravazquez.com\/blog\/wp-content\/plugins\/knxdt-bookmarks-wordpress-plugin\/images\/linklove.png' alt='hotmail correo' class='book_img' border='none' style='margin:1px; padding: 0;' \/><\/a><\/span><span class='pushbutton'><a href='http:\/\/bitacoras.com\/votar\/anotacion\/externo\/mini\/www.emiliosilveravazquez.com\/blog\/2025\/06\/06\/es-tan-bello-el-universo\/' title='Bitacoras.com' target='_blank' rel='nofollow'><img src='http:\/\/www.emiliosilveravazquez.com\/blog\/wp-content\/plugins\/knxdt-bookmarks-wordpress-plugin\/images\/bitacoras.png'  alt='' class='book_img' border='none' style='margin:1px; padding: 0;'  \/><\/a><\/span><span class='pushbutton'><a href='http:\/\/www.wikio.es\/vote?url=http%3A%2F%2Fwww.emiliosilveravazquez.com%2Fblog%2F2025%2F06%2F06%2Fes-tan-bello-el-universo%2F' title='Wikio' target='_blank' rel='nofollow'><img src='http:\/\/www.emiliosilveravazquez.com\/blog\/wp-content\/plugins\/knxdt-bookmarks-wordpress-plugin\/images\/wikio.png'   alt='' class='book_img' border='none' style='margin:1px; padding: 0;'   \/><\/a><\/span><span class='pushbutton'><a href='http:\/\/friendfeed.com\/?url=http%3A%2F%2Fwww.emiliosilveravazquez.com%2Fblog%2F2025%2F06%2F06%2Fes-tan-bello-el-universo%2F&amp;title=%C2%A1Es+tan+Bello+el+Universo%21' title='Friend Feed' target='_blank' rel='nofollow'><img src='http:\/\/www.emiliosilveravazquez.com\/blog\/wp-content\/plugins\/knxdt-bookmarks-wordpress-plugin\/images\/friendfeed.png'  alt='' class='book_img' border='none' style='margin:1px; padding: 0;'  \/><\/a><\/span><span class='pushbutton'><a href='http:\/\/www.facebook.com\/share.php?u=http%3A%2F%2Fwww.emiliosilveravazquez.com%2Fblog%2F2025%2F06%2F06%2Fes-tan-bello-el-universo%2F&amp;t=%C2%A1Es+tan+Bello+el+Universo%21' title='Facebook' target='_blank' rel='nofollow'><img src='http:\/\/www.emiliosilveravazquez.com\/blog\/wp-content\/plugins\/knxdt-bookmarks-wordpress-plugin\/images\/facebook.png'  alt='' class='book_img' border='none' style='margin:1px; padding: 0;'  \/><\/a><\/span><span class='pushbutton'><a href='http:\/\/twitter.com\/home?status=%C2%A1Es+tan+Bello+el+Universo%21: http%3A%2F%2Fwww.emiliosilveravazquez.com%2Fblog%2F2025%2F06%2F06%2Fes-tan-bello-el-universo%2F' title='Twitter' target='_blank' rel='nofollow'><img src='http:\/\/www.emiliosilveravazquez.com\/blog\/wp-content\/plugins\/knxdt-bookmarks-wordpress-plugin\/images\/twitter.png'  alt='' class='book_img' border='none' style='margin:1px; padding: 0;'  \/><\/a><\/span><span class='pushbutton'><a href='http:\/\/www.feedburner.com\/fb\/a\/emailFlare?itemTitle=%C2%A1Es+tan+Bello+el+Universo%21&amp;uri=http%3A%2F%2Fwww.emiliosilveravazquez.com%2Fblog%2F2025%2F06%2F06%2Fes-tan-bello-el-universo%2F' title='Enviar por Email' target='_blank' rel='nofollow'><img src='http:\/\/www.emiliosilveravazquez.com\/blog\/wp-content\/plugins\/knxdt-bookmarks-wordpress-plugin\/images\/email.png'  alt='' class='book_img' border='none' style='margin:1px; padding: 0;'  \/><\/a><\/span><span style='font-weight:bold; padding-left: 5px;'><a href='http:\/\/wordpress.org\/extend\/plugins\/knxdt-bookmarks-wordpress-plugin\/' title='Plugin' rel='nofollow' target='_blank'>[?]<\/a><\/span><\/td><\/tr><\/table><br\/><br\/><\/div>","protected":false},"excerpt":{"rendered":"<p>&nbsp; Existen objetos en el Universo que, por mucho que lo podamos mirar, nunca dejan de sorprendernos ni dejan de\u00a0 producir en nosotros la sensaci\u00f3n de grandeza que en cualquiera de sus regiones nos podemos encontrar. Ah\u00ed, en la imagen de arriba,\u00a0 podemos contemplar a la nebulosa Carina, en realidad una constelaci\u00f3n austral que forma [&hellip;]<\/p>\n","protected":false},"author":2,"featured_media":0,"comment_status":"open","ping_status":"open","sticky":false,"template":"","format":"standard","meta":{"_s2mail":"","footnotes":""},"categories":[1],"tags":[],"_links":{"self":[{"href":"http:\/\/www.emiliosilveravazquez.com\/blog\/wp-json\/wp\/v2\/posts\/28599"}],"collection":[{"href":"http:\/\/www.emiliosilveravazquez.com\/blog\/wp-json\/wp\/v2\/posts"}],"about":[{"href":"http:\/\/www.emiliosilveravazquez.com\/blog\/wp-json\/wp\/v2\/types\/post"}],"author":[{"embeddable":true,"href":"http:\/\/www.emiliosilveravazquez.com\/blog\/wp-json\/wp\/v2\/users\/2"}],"replies":[{"embeddable":true,"href":"http:\/\/www.emiliosilveravazquez.com\/blog\/wp-json\/wp\/v2\/comments?post=28599"}],"version-history":[{"count":0,"href":"http:\/\/www.emiliosilveravazquez.com\/blog\/wp-json\/wp\/v2\/posts\/28599\/revisions"}],"wp:attachment":[{"href":"http:\/\/www.emiliosilveravazquez.com\/blog\/wp-json\/wp\/v2\/media?parent=28599"}],"wp:term":[{"taxonomy":"category","embeddable":true,"href":"http:\/\/www.emiliosilveravazquez.com\/blog\/wp-json\/wp\/v2\/categories?post=28599"},{"taxonomy":"post_tag","embeddable":true,"href":"http:\/\/www.emiliosilveravazquez.com\/blog\/wp-json\/wp\/v2\/tags?post=28599"}],"curies":[{"name":"wp","href":"https:\/\/api.w.org\/{rel}","templated":true}]}}