{"id":2829,"date":"2009-10-25T12:15:12","date_gmt":"2009-10-25T10:15:12","guid":{"rendered":"http:\/\/www.emiliosilveravazquez.com\/blog\/?p=2829"},"modified":"2009-10-25T15:24:25","modified_gmt":"2009-10-25T13:24:25","slug":"%c2%bfdonde-estan-los-genios-necesitamos-que-aparezcan-algunos-para-impulsar-nuevas-teorias","status":"publish","type":"post","link":"http:\/\/www.emiliosilveravazquez.com\/blog\/2009\/10\/25\/%c2%bfdonde-estan-los-genios-necesitamos-que-aparezcan-algunos-para-impulsar-nuevas-teorias\/","title":{"rendered":"\u00bfD\u00f3nde est\u00e1n los genios? Necesitamos que aparezcan algunos para impulsar nuevas teor\u00edas."},"content":{"rendered":"<p style=\"text-align: justify;\">Siempre ocurre lo mismo, podemos tener un genio delante de nuestras narices y no saber verlo.\u00a0 Jacob Bronowski escribi\u00f3:<\/p>\n<blockquote>\n<p style=\"text-align: justify;\">\u201cEl genio de hombres como <a href=\"#\" onclick=\"referencia('newton',event); return false;\">Newton<\/a> y <a href=\"#\" onclick=\"referencia('einstein',event); return false;\">Einstein<\/a> reside en que saben hacer preguntas inocentes y transparentes que resultan tener respuestas revolucionarias.\u201d<\/p>\n<\/blockquote>\n<p style=\"text-align: justify;\"><a href=\"#\" onclick=\"referencia('einstein',event); return false;\">Einstein<\/a> era un hombre que pod\u00eda plantear cuestiones tremendamente simples, como por ejemplo: \u201c\u00bfQu\u00e9 aspecto tendr\u00eda un rayo de luz si uno pudiera alcanzarlo?<\/p>\n<p style=\"text-align: justify;\">As\u00ed de \u201csencillas\u201d o de complicadas pueden ser las cosas, solo se trata de qui\u00e9n responda la pregunta.<\/p>\n<p style=\"text-align: justify;\">\u00bfCu\u00e1ntos con mejor o peor fortuna han tratado de explicar lo que es el tiempo?<\/p>\n<p style=\"text-align: justify;\">Lo vemos o sentimos pasar ante nuestros ojos, transcurre incesante, nos trae el d\u00eda y la noche una y otra vez, pasan los a\u00f1os con el transcurso del tiempo \u00bfPero qu\u00e9 es?<\/p>\n<p style=\"text-align: justify;\">\u00a1Hay tantas cosas que no sabemos explicar que si lo pensamos, terminamos profundamente frustrados!<\/p>\n<p style=\"text-align: justify;\">Ya se ha contado muchas veces (tambi\u00e9n yo) que, en 1.905, disponiendo de mucho tiempo libre en la oficina de Patentes, <a href=\"#\" onclick=\"referencia('einstein',event); return false;\">Einstein<\/a> analiz\u00f3 cuidadosamente las ecuaciones de campo de Maxwell, le a\u00f1adi\u00f3 algunos ingredientes de Lorentz y Poincar\u00e9 y fue llevado a postular el principio de <a href=\"#\" onclick=\"referencia('relatividad',event); return false;\">relatividad<\/a> especial: la velocidad de la luz es la misma en todos los sistemas de referencia en movimiento uniforme.\u00a0 El principio de apariencia inocente es uno de los mayores logros de la mente humana.\u00a0 Algunos han dicho que, junto con la Ley de gravitaci\u00f3n de <a href=\"#\" onclick=\"referencia('newton',event); return false;\">Newton<\/a>, se sit\u00faa como una de las m\u00e1s grandes creaciones cient\u00edficas de todos los tiempos.\u00a0 \u00bfQui\u00e9n soy yo para rebatirlo?<\/p>\n<p style=\"text-align: justify;\">Muchos han sido los aspectos interesantes deducidos a partir de la teor\u00eda relativista especial, y, el que m\u00e1s ha llamado siempre mi atenci\u00f3n es aquel que nos dice que el tiempo es la cuarta dimensi\u00f3n y que las leyes de la Naturaleza se simplifican y unifican en dimensiones m\u00e1s altas.<\/p>\n<p><!--more--><\/p>\n<p style=\"text-align: justify;\">Fue <a href=\"#\" onclick=\"referencia('minkowski',event); return false;\">Minkowski<\/a>, un antiguo profesor de <a href=\"#\" onclick=\"referencia('einstein',event); return false;\">Einstein<\/a>, el que, al leer la teor\u00eda de \u00e9ste, introdujo el concepto de cuarta dimensi\u00f3n referida al tiempo y super\u00f3 as\u00ed el concepto de tiempo que se remontaba hasta Arist\u00f3teles.\u00a0 El espacio y el tiempo quedaron as\u00ed irremediablemente unidos como : Espaciotiempo.<\/p>\n<p style=\"text-align: justify;\">As\u00ed pasamos de un mundo de tres dimensiones a un Universo de cuatro.\u00a0 La mente humana, pas\u00f3 entonces, a tener una visi\u00f3n m\u00e1s amplia del Universo.<\/p>\n<p style=\"text-align: justify;\">Tambi\u00e9n cambiaron conceptos como los de la masa y la energ\u00eda que, resultaron ser, la misma cosa.\u00a0\u00a0 Y, \u00bfQu\u00e9 decir de la posibilidad real de frenar el paso del tiempo al viajar a velocidades relativistas?<\/p>\n<p style=\"text-align: justify;\">\u00a1Son tantas maravillas!<\/p>\n<p style=\"text-align: justify;\">Para ver c\u00f3mo dimensiones m\u00e1s altas simplifican las leyes de la Naturaleza, recordemos que un objeto tiene longitud, anchura y altura.\u00a0 Puesto que tenemos libertad para girar un objeto 90\u00ba, podemos transformar su longitud en anchura y su anchura en altura.\u00a0\u00a0 Mediante una simple rotaci\u00f3n, podemos intercambiar cualquiera de las tres dimensiones espaciales.<\/p>\n<p style=\"text-align: justify;\">Ahora bien, si el tiempo es la cuarta dimensi\u00f3n, entonces es posible hacer \u201crotaciones\u201d que convierten el espacio en tiempo y el tiempo en espacio.\u00a0 Estas rotaciones tetradimensionales son precisamente las distorsiones del espacio y del tiempo exigidas por la <a href=\"#\" onclick=\"referencia('relatividad',event); return false;\">relatividad<\/a> especial. En otras palabras, espacio y tiempo se mezclan de una forma esencial, gobernada por la <a href=\"#\" onclick=\"referencia('relatividad',event); return false;\">relatividad<\/a>.\u00a0 El significado del tiempo como la cuarta dimensi\u00f3n es que pueden hacerse relaciones entre el tiempo y el espacio de una forma matem\u00e1ticamente precisa.\u00a0 A partir de entonces, deben ser tratados como dos aspectos de la misma magnitud: el espacio-tiempo.<\/p>\n<p style=\"text-align: justify;\">As\u00ed han quedado unificadas las leyes de la Naturaleza al pasar de tres a cuatro dimensiones.<\/p>\n<p style=\"text-align: justify;\">La discusi\u00f3n de la unificaci\u00f3n de las leyes de la Naturaleza fue m\u00e1s bien abstracta, y lo habr\u00eda seguido siendo si <a href=\"#\" onclick=\"referencia('einstein',event); return false;\">Einstein<\/a> no hubiese dado el siguiente paso decisivo.\u00a0 \u00c9l comprendi\u00f3 que si el espacio y el tiempo pueden unificarse en una sola entidad, llamada espaciotiempo, entonces quiz\u00e1 la materia y la energ\u00eda pueden unirse tambi\u00e9n en una relaci\u00f3n dial\u00e9ctica.\u00a0 Si las reglas pueden contraerse y los relojes pueden frenarse, razon\u00f3, entonces cualquier cosa que midamos con regla y relojes tambi\u00e9n debe cambiar.<\/p>\n<p style=\"text-align: justify;\">Sin embargo, casi todo en el laboratorio de un f\u00edsico se mide con regla y relojes. Esto significa que los f\u00edsicos tendr\u00e1n que recalibrar todas las magnitudes del laboratorio que una vez dieron por hecho que eran constantes.<\/p>\n<p style=\"text-align: justify;\">En concreto, la energ\u00eda es una cantidad que depende de c\u00f3mo midamos las distancias y los intervalos de tiempo.\u00a0 Un autom\u00f3vil de prueba que choca a gran velocidad contra una pared de ladrillos tiene obviamente energ\u00eda.\u00a0 No obstante, si el veloz autom\u00f3vil se aproxima a la velocidad de la luz, sus propiedades se distorsionan.\u00a0 Se contrae como un acorde\u00f3n y los relojes en su interior se frenan.<\/p>\n<p style=\"text-align: justify;\">Lo que es m\u00e1s importante, <a href=\"#\" onclick=\"referencia('einstein',event); return false;\">Einstein<\/a> descubri\u00f3 que la masa del autom\u00f3vil tambi\u00e9n aumenta cuando reacelera. Pero\u00a0 \u00bfde d\u00f3nde procede este exceso de masa?\u00a0 Y \u00e9l concluy\u00f3 que proced\u00eda de la energ\u00eda.<\/p>\n<p style=\"text-align: justify;\">Esto tuvo consecuencias perturbadoras.\u00a0 Dos de los grandes descubrimientos de la f\u00edsica del siglo XIX fueron la conversaci\u00f3n de la masa y la conservaci\u00f3n de la energ\u00eda; es decir, la masa total y la energ\u00eda total de un sistema cerrado, tomadas por separado, no cambian.\u00a0 Por ejemplo, si el coche veloz choca contra el muro de ladrillos, la energ\u00eda del autom\u00f3vil no desaparece, sino que se convierte en energ\u00eda sonora del choque, energ\u00eda cin\u00e9tica de los fragmentos de ladrillo que vuelan por los aires, energ\u00eda calor\u00edfica, y as\u00ed sucesivamente.\u00a0 La energ\u00eda total (y la masa total) antes y despu\u00e9s del choque es la misma.<\/p>\n<p style=\"text-align: justify;\">Sin embargo, <a href=\"#\" onclick=\"referencia('einstein',event); return false;\">Einstein<\/a> dec\u00eda ahora que la energ\u00eda del autom\u00f3vil pod\u00eda convertirse en masa (un nuevo principio de conservaci\u00f3n que dec\u00eda que la suma total de la masa y la energ\u00eda debe siempre permanecer constante.\u00a0 La materia no desaparece repentinamente, ni la energ\u00eda brota de la nada.\u00a0 En este sentido, la materia desaparece s\u00f3lo para liberar enormes cantidades de energ\u00eda o viceversa.<\/p>\n<p style=\"text-align: justify;\">Cuando <a href=\"#\" onclick=\"referencia('einstein',event); return false;\">Einstein<\/a> ten\u00eda 26 a\u00f1os, calcul\u00f3 exactamente c\u00f3mo deb\u00eda cambiar la energ\u00eda si el principio de la <a href=\"#\" onclick=\"referencia('relatividad',event); return false;\">relatividad<\/a> era correcto, y descubri\u00f3 la relaci\u00f3n E=mc<sup>2<\/sup>.\u00a0 Puesto que la velocidad de la luz al cuadrado (C<sup>2<\/sup>) es un n\u00famero astron\u00f3micamente grande, una peque\u00f1a cantidad de materia puede liberar una enorme cantidad de energ\u00eda.\u00a0 Dentro de las part\u00edculas m\u00e1s peque\u00f1as de materia hay un almac\u00e9n de energ\u00eda, m\u00e1s de un mill\u00f3n de veces la energ\u00eda liberada en una explosi\u00f3n qu\u00edmica.\u00a0 La materia, en cierto sentido, puede verse como un dep\u00f3sito casi inagotable de energ\u00eda; es decir, la materia es en realidad, energ\u00eda condensada.<\/p>\n<p style=\"text-align: justify;\"><a href=\"#\" onclick=\"referencia('einstein',event); return false;\">Einstein<\/a> supo ver que las dimensiones m\u00e1s altas tienen un prop\u00f3sito: unificar los principios de la Naturaleza.\u00a0 Al a\u00f1adir dimensiones m\u00e1s altas pod\u00eda unir conceptos f\u00edsicos que, en un mundo tridimensional, no tienen relaci\u00f3n, tales como la materia y la energ\u00eda o el espacio y el tiempo que, gracias a la cuarta dimensi\u00f3n de la <a href=\"#\" onclick=\"referencia('relatividad',event); return false;\">relatividad<\/a> especial, quedaron unificados.<\/p>\n<p style=\"text-align: justify;\">Desde entonces, estos conceptos, los tenemos que clasificar, no por separado, sino siempre juntos como dos aspectos de un mismo ente materia-energ\u00eda por una parte y espacio-tiempo por la otra.\u00a0 El impacto directo del trabajo de <a href=\"#\" onclick=\"referencia('einstein',event); return false;\">Einstein<\/a> sobre la cuarta dimensi\u00f3n fue, por supuesto, la bomba de hidr\u00f3geno, que se ha mostrado la m\u00e1s poderosa creaci\u00f3n de la ciencia del siglo XX.\u00a0 Claro que, en contra del criterio de <a href=\"#\" onclick=\"referencia('einstein',event); return false;\">Einstein<\/a> que era un pacifista y nunca quiso participar en proyectos de \u00e9sta \u00edndole.<\/p>\n<p style=\"text-align: justify;\"><a href=\"#\" onclick=\"referencia('einstein',event); return false;\">Einstein<\/a> complet\u00f3 su teor\u00eda de la <a href=\"#\" onclick=\"referencia('relatividad',event); return false;\">relatividad<\/a> con una segunda etapa que, en parte, estaba inspirada por lo que se conoce como <a href=\"#\" onclick=\"referencia('mach principio de',event); return false;\">principio de Mach<\/a>, la gu\u00eda que utiliz\u00f3 <a href=\"#\" onclick=\"referencia('einstein',event); return false;\">Einstein<\/a> para crear esta parte final y completar su teor\u00eda de <a href=\"#\" onclick=\"referencia('relatividad',event); return false;\">relatividad<\/a> general.<\/p>\n<p style=\"text-align: justify;\"><a href=\"#\" onclick=\"referencia('einstein',event); return false;\">Einstein<\/a> enunci\u00f3 que, la presencia de materia-energ\u00eda determina la curvatura del espacio-tiempo a su alrededor.\u00a0 Esta es la esencia del principio f\u00edsico que Riemann no logr\u00f3 descubrir: la curvatura del espacio est\u00e1 directamente relacionada con la cantidad de energ\u00eda y materia contenida en dicho espacio.<\/p>\n<p style=\"text-align: justify;\">Esto, a su vez, puede resumirse en la famosa ecuaci\u00f3n de <a href=\"#\" onclick=\"referencia('einstein',event); return false;\">Einstein<\/a>, que esencialmente afirma:<\/p>\n<p style=\"text-align: justify;\">Materia-energ\u00eda determina\u00a0 la curvatura del espacio-tiempo<\/p>\n<p style=\"text-align: justify;\">Esa ecuaci\u00f3n enga\u00f1osamente corta es uno de los mayores triunfos de la mente humana (me he referido a ella en otras muchas ocasiones).\u00a0 De ella emergen los principios que hay tras los movimientos de las estrellas y las galaxias, los <a href=\"#\" onclick=\"referencia('agujero negro',event); return false;\">agujeros negros<\/a>, el big bang, y seguramente el propio destino del Universo.<\/p>\n<p style=\"text-align: justify;\">Es curiosa la similitud que se da entre la teor\u00eda del electromagnetismo y la <a href=\"#\" onclick=\"referencia('relatividad',event); return false;\">relatividad<\/a> general, mientras que Faraday experiment\u00f3 y sab\u00eda los resultados, no sab\u00eda expresarlos mediante las matem\u00e1ticas y, apareci\u00f3 Maxwell que, finalmente formul\u00f3 la teor\u00eda.<\/p>\n<p style=\"text-align: justify;\"><a href=\"#\" onclick=\"referencia('einstein',event); return false;\">Einstein<\/a>, al igual que Faraday, hab\u00eda descubierto los principios f\u00edsicos correctos, pero carec\u00eda de un formulismo matem\u00e1tico riguroso suficientemente potente para expresarlo (claro que Faraday no era matem\u00e1tico y <a href=\"#\" onclick=\"referencia('einstein',event); return false;\">Einstein<\/a> si lo era).\u00a0 Carec\u00eda de una versi\u00f3n de los campos de Faraday para la Gravedad.\u00a0 Ir\u00f3nicamente, Riemann ten\u00eda el aparato matem\u00e1tico, pero no el principio f\u00edsico gu\u00eda, al contrario que <a href=\"#\" onclick=\"referencia('einstein',event); return false;\">Einstein<\/a>.\u00a0 As\u00ed que, finalmente, fue <a href=\"#\" onclick=\"referencia('einstein',event); return false;\">Einstein<\/a> el que pudo formular la teor\u00eda con las matem\u00e1ticas de Riemann.<\/p>\n<p style=\"text-align: right;\"><em>emilio silvera<\/em><\/p>\n<div class='bookmark'>\r\n\t\t<table align='left' border='0' cellpadding='0' width='100%'>\r\n\t\t<tr><td><span class='pushbutton'><a href='http:\/\/delicious.com\/post?url=http%3A%2F%2Fwww.emiliosilveravazquez.com%2Fblog%2F2009%2F10%2F25%2F%25c2%25bfdonde-estan-los-genios-necesitamos-que-aparezcan-algunos-para-impulsar-nuevas-teorias%2F&amp;title=%C2%BFD%C3%B3nde+est%C3%A1n+los+genios%3F+Necesitamos+que+aparezcan+algunos+para+impulsar+nuevas+teor%C3%ADas.' title='Delicious' target='_blank' rel='nofollow'><img src='http:\/\/www.emiliosilveravazquez.com\/blog\/wp-content\/plugins\/knxdt-bookmarks-wordpress-plugin\/images\/delicious.png'  alt='' class='book_img' border='none' style='margin:1px; padding: 0;'  \/><\/a><\/span><span class='pushbutton'><a href='http:\/\/digg.com\/submit?url=http%3A%2F%2Fwww.emiliosilveravazquez.com%2Fblog%2F2009%2F10%2F25%2F%25c2%25bfdonde-estan-los-genios-necesitamos-que-aparezcan-algunos-para-impulsar-nuevas-teorias%2F&amp;title=%C2%BFD%C3%B3nde+est%C3%A1n+los+genios%3F+Necesitamos+que+aparezcan+algunos+para+impulsar+nuevas+teor%C3%ADas.' title='Digg' target='_blank' rel='nofollow'><img src='http:\/\/www.emiliosilveravazquez.com\/blog\/wp-content\/plugins\/knxdt-bookmarks-wordpress-plugin\/images\/digg.png'  alt='' class='book_img' border='none' style='margin:1px; padding: 0;'  \/><\/a><\/span><span class='pushbutton'><a href='http:\/\/www.google.com\/bookmarks\/mark?op=edit&amp;bkmk=http%3A%2F%2Fwww.emiliosilveravazquez.com%2Fblog%2F2009%2F10%2F25%2F%25c2%25bfdonde-estan-los-genios-necesitamos-que-aparezcan-algunos-para-impulsar-nuevas-teorias%2F&amp;title=%C2%BFD%C3%B3nde+est%C3%A1n+los+genios%3F+Necesitamos+que+aparezcan+algunos+para+impulsar+nuevas+teor%C3%ADas.' title='Google' target='_blank' rel='nofollow'><img src='http:\/\/www.emiliosilveravazquez.com\/blog\/wp-content\/plugins\/knxdt-bookmarks-wordpress-plugin\/images\/google.png'   alt='' class='book_img' border='none' style='margin:1px; padding: 0;'  \/><\/a><\/span><span class='pushbutton'><a href='http:\/\/myweb2.search.yahoo.com\/myresults\/bookmarklet?u=http%3A%2F%2Fwww.emiliosilveravazquez.com%2Fblog%2F2009%2F10%2F25%2F%25c2%25bfdonde-estan-los-genios-necesitamos-que-aparezcan-algunos-para-impulsar-nuevas-teorias%2F&amp;t=%C2%BFD%C3%B3nde+est%C3%A1n+los+genios%3F+Necesitamos+que+aparezcan+algunos+para+impulsar+nuevas+teor%C3%ADas.' title='Yahoo' target='_blank' rel='nofollow'><img src='http:\/\/www.emiliosilveravazquez.com\/blog\/wp-content\/plugins\/knxdt-bookmarks-wordpress-plugin\/images\/yahoo.png'  alt='' class='book_img' border='none' style='margin:1px; padding: 0;'  \/><\/a><\/span><span class='pushbutton'><a href='http:\/\/www.technorati.com\/faves?add=http%3A%2F%2Fwww.emiliosilveravazquez.com%2Fblog%2F2009%2F10%2F25%2F%25c2%25bfdonde-estan-los-genios-necesitamos-que-aparezcan-algunos-para-impulsar-nuevas-teorias%2F' title='Technorati' target='_blank' rel='nofollow'><img src='http:\/\/www.emiliosilveravazquez.com\/blog\/wp-content\/plugins\/knxdt-bookmarks-wordpress-plugin\/images\/technorati.png'  alt='' class='book_img' border='none' style='margin:1px; padding: 0;'  \/><\/a><\/span><span class='pushbutton'><a href='http:\/\/meneame.net\/submit.php?url=http%3A%2F%2Fwww.emiliosilveravazquez.com%2Fblog%2F2009%2F10%2F25%2F%25c2%25bfdonde-estan-los-genios-necesitamos-que-aparezcan-algunos-para-impulsar-nuevas-teorias%2F' title='Meneame' target='_blank' rel='nofollow'><img src='http:\/\/www.emiliosilveravazquez.com\/blog\/wp-content\/plugins\/knxdt-bookmarks-wordpress-plugin\/images\/meneame.png'  alt='' class='book_img' border='none' style='margin:1px; padding: 0;'  \/><\/a><\/span><span class='pushbutton'><a href='http:\/\/enchilame.com\/submit.php?url=http:\/\/www.emiliosilveravazquez.com\/blog\/2009\/10\/25\/%c2%bfdonde-estan-los-genios-necesitamos-que-aparezcan-algunos-para-impulsar-nuevas-teorias\/' target='_blank' rel='nofollow'><img title='Enchilame' src='http:\/\/www.emiliosilveravazquez.com\/blog\/wp-content\/plugins\/knxdt-bookmarks-wordpress-plugin\/images\/enchilame.png'  alt='' class='book_img' border='none' style='margin:1px; padding: 0;'  \/><\/a><\/span><span class='pushbutton'><a href='http:\/\/www.blinklist.com\/index.php?Action=Blink\/addblink.php&amp;Description=&amp;Url=http%3A%2F%2Fwww.emiliosilveravazquez.com%2Fblog%2F2009%2F10%2F25%2F%25c2%25bfdonde-estan-los-genios-necesitamos-que-aparezcan-algunos-para-impulsar-nuevas-teorias%2F&amp;title=%C2%BFD%C3%B3nde+est%C3%A1n+los+genios%3F+Necesitamos+que+aparezcan+algunos+para+impulsar+nuevas+teor%C3%ADas.' title='BlinkList' target='_blank' rel='nofollow'><img src='http:\/\/www.emiliosilveravazquez.com\/blog\/wp-content\/plugins\/knxdt-bookmarks-wordpress-plugin\/images\/blinklist.png'  alt='' class='book_img' border='none' style='margin:1px; padding: 0;'  \/><\/a><\/span><span class='pushbutton'><a href='http:\/\/reddit.com\/submit?url=http%3A%2F%2Fwww.emiliosilveravazquez.com%2Fblog%2F2009%2F10%2F25%2F%25c2%25bfdonde-estan-los-genios-necesitamos-que-aparezcan-algunos-para-impulsar-nuevas-teorias%2F&amp;title=%C2%BFD%C3%B3nde+est%C3%A1n+los+genios%3F+Necesitamos+que+aparezcan+algunos+para+impulsar+nuevas+teor%C3%ADas.' title='Reddit' target='_blank' rel='nofollow'><img src='http:\/\/www.emiliosilveravazquez.com\/blog\/wp-content\/plugins\/knxdt-bookmarks-wordpress-plugin\/images\/reddit.png'  alt='' class='book_img' border='none' style='margin:1px; padding: 0;'  \/><\/a><\/span><span class='pushbutton'><a href='http:\/\/www.tecnologiadiaria.com\/2009\/07\/abrir-com-hotmail-correo.html' target='_blank' title='hotmail'><img src='http:\/\/www.emiliosilveravazquez.com\/blog\/wp-content\/plugins\/knxdt-bookmarks-wordpress-plugin\/images\/linklove.png' alt='hotmail correo' class='book_img' border='none' style='margin:1px; padding: 0;' \/><\/a><\/span><span class='pushbutton'><a href='http:\/\/bitacoras.com\/votar\/anotacion\/externo\/mini\/www.emiliosilveravazquez.com\/blog\/2009\/10\/25\/%c2%bfdonde-estan-los-genios-necesitamos-que-aparezcan-algunos-para-impulsar-nuevas-teorias\/' title='Bitacoras.com' target='_blank' rel='nofollow'><img src='http:\/\/www.emiliosilveravazquez.com\/blog\/wp-content\/plugins\/knxdt-bookmarks-wordpress-plugin\/images\/bitacoras.png'  alt='' class='book_img' border='none' style='margin:1px; padding: 0;'  \/><\/a><\/span><span class='pushbutton'><a href='http:\/\/www.wikio.es\/vote?url=http%3A%2F%2Fwww.emiliosilveravazquez.com%2Fblog%2F2009%2F10%2F25%2F%25c2%25bfdonde-estan-los-genios-necesitamos-que-aparezcan-algunos-para-impulsar-nuevas-teorias%2F' title='Wikio' target='_blank' rel='nofollow'><img src='http:\/\/www.emiliosilveravazquez.com\/blog\/wp-content\/plugins\/knxdt-bookmarks-wordpress-plugin\/images\/wikio.png'   alt='' class='book_img' border='none' style='margin:1px; padding: 0;'   \/><\/a><\/span><span class='pushbutton'><a href='http:\/\/friendfeed.com\/?url=http%3A%2F%2Fwww.emiliosilveravazquez.com%2Fblog%2F2009%2F10%2F25%2F%25c2%25bfdonde-estan-los-genios-necesitamos-que-aparezcan-algunos-para-impulsar-nuevas-teorias%2F&amp;title=%C2%BFD%C3%B3nde+est%C3%A1n+los+genios%3F+Necesitamos+que+aparezcan+algunos+para+impulsar+nuevas+teor%C3%ADas.' title='Friend Feed' target='_blank' rel='nofollow'><img src='http:\/\/www.emiliosilveravazquez.com\/blog\/wp-content\/plugins\/knxdt-bookmarks-wordpress-plugin\/images\/friendfeed.png'  alt='' class='book_img' border='none' style='margin:1px; padding: 0;'  \/><\/a><\/span><span class='pushbutton'><a href='http:\/\/www.facebook.com\/share.php?u=http%3A%2F%2Fwww.emiliosilveravazquez.com%2Fblog%2F2009%2F10%2F25%2F%25c2%25bfdonde-estan-los-genios-necesitamos-que-aparezcan-algunos-para-impulsar-nuevas-teorias%2F&amp;t=%C2%BFD%C3%B3nde+est%C3%A1n+los+genios%3F+Necesitamos+que+aparezcan+algunos+para+impulsar+nuevas+teor%C3%ADas.' title='Facebook' target='_blank' rel='nofollow'><img src='http:\/\/www.emiliosilveravazquez.com\/blog\/wp-content\/plugins\/knxdt-bookmarks-wordpress-plugin\/images\/facebook.png'  alt='' class='book_img' border='none' style='margin:1px; padding: 0;'  \/><\/a><\/span><span class='pushbutton'><a href='http:\/\/twitter.com\/home?status=%C2%BFD%C3%B3nde+est%C3%A1n+los+genios%3F+Necesitamos+que+aparezcan+algunos+para+impulsar+nuevas+teor%C3%ADas.: http%3A%2F%2Fwww.emiliosilveravazquez.com%2Fblog%2F2009%2F10%2F25%2F%25c2%25bfdonde-estan-los-genios-necesitamos-que-aparezcan-algunos-para-impulsar-nuevas-teorias%2F' title='Twitter' target='_blank' rel='nofollow'><img src='http:\/\/www.emiliosilveravazquez.com\/blog\/wp-content\/plugins\/knxdt-bookmarks-wordpress-plugin\/images\/twitter.png'  alt='' class='book_img' border='none' style='margin:1px; padding: 0;'  \/><\/a><\/span><span class='pushbutton'><a href='http:\/\/www.feedburner.com\/fb\/a\/emailFlare?itemTitle=%C2%BFD%C3%B3nde+est%C3%A1n+los+genios%3F+Necesitamos+que+aparezcan+algunos+para+impulsar+nuevas+teor%C3%ADas.&amp;uri=http%3A%2F%2Fwww.emiliosilveravazquez.com%2Fblog%2F2009%2F10%2F25%2F%25c2%25bfdonde-estan-los-genios-necesitamos-que-aparezcan-algunos-para-impulsar-nuevas-teorias%2F' title='Enviar por Email' target='_blank' rel='nofollow'><img src='http:\/\/www.emiliosilveravazquez.com\/blog\/wp-content\/plugins\/knxdt-bookmarks-wordpress-plugin\/images\/email.png'  alt='' class='book_img' border='none' style='margin:1px; padding: 0;'  \/><\/a><\/span><span style='font-weight:bold; padding-left: 5px;'><a href='http:\/\/wordpress.org\/extend\/plugins\/knxdt-bookmarks-wordpress-plugin\/' title='Plugin' rel='nofollow' target='_blank'>[?]<\/a><\/span><\/td><\/tr><\/table><br\/><br\/><\/div>","protected":false},"excerpt":{"rendered":"<p>Siempre ocurre lo mismo, podemos tener un genio delante de nuestras narices y no saber verlo.\u00a0 Jacob Bronowski escribi\u00f3: \u201cEl genio de hombres como Newton y Einstein reside en que saben hacer preguntas inocentes y transparentes que resultan tener respuestas revolucionarias.\u201d Einstein era un hombre que pod\u00eda plantear cuestiones tremendamente simples, como por ejemplo: \u201c\u00bfQu\u00e9 [&hellip;]<\/p>\n","protected":false},"author":2,"featured_media":0,"comment_status":"open","ping_status":"open","sticky":false,"template":"","format":"standard","meta":{"_s2mail":"","footnotes":""},"categories":[6],"tags":[],"_links":{"self":[{"href":"http:\/\/www.emiliosilveravazquez.com\/blog\/wp-json\/wp\/v2\/posts\/2829"}],"collection":[{"href":"http:\/\/www.emiliosilveravazquez.com\/blog\/wp-json\/wp\/v2\/posts"}],"about":[{"href":"http:\/\/www.emiliosilveravazquez.com\/blog\/wp-json\/wp\/v2\/types\/post"}],"author":[{"embeddable":true,"href":"http:\/\/www.emiliosilveravazquez.com\/blog\/wp-json\/wp\/v2\/users\/2"}],"replies":[{"embeddable":true,"href":"http:\/\/www.emiliosilveravazquez.com\/blog\/wp-json\/wp\/v2\/comments?post=2829"}],"version-history":[{"count":0,"href":"http:\/\/www.emiliosilveravazquez.com\/blog\/wp-json\/wp\/v2\/posts\/2829\/revisions"}],"wp:attachment":[{"href":"http:\/\/www.emiliosilveravazquez.com\/blog\/wp-json\/wp\/v2\/media?parent=2829"}],"wp:term":[{"taxonomy":"category","embeddable":true,"href":"http:\/\/www.emiliosilveravazquez.com\/blog\/wp-json\/wp\/v2\/categories?post=2829"},{"taxonomy":"post_tag","embeddable":true,"href":"http:\/\/www.emiliosilveravazquez.com\/blog\/wp-json\/wp\/v2\/tags?post=2829"}],"curies":[{"name":"wp","href":"https:\/\/api.w.org\/{rel}","templated":true}]}}