{"id":2784,"date":"2009-10-09T09:38:05","date_gmt":"2009-10-09T07:38:05","guid":{"rendered":"http:\/\/www.emiliosilveravazquez.com\/blog\/?p=2784"},"modified":"2009-10-09T12:35:12","modified_gmt":"2009-10-09T10:35:12","slug":"las-unidades-de-max-planck","status":"publish","type":"post","link":"http:\/\/www.emiliosilveravazquez.com\/blog\/2009\/10\/09\/las-unidades-de-max-planck\/","title":{"rendered":"Las Unidades de Max Planck"},"content":{"rendered":"<p style=\"text-align: justify;\"><strong>Las unidades naturales de Max Planck<\/strong><\/p>\n<p style=\"text-align: justify;\">La idea de Stoney fue descubierta en una forma diferente por el f\u00edsico alem\u00e1n Max Planck en 1.899, un a\u00f1o antes de que expusiera al mundo su teor\u00eda del \u201ccuanto de acci\u00f3n\u201d <em>h<\/em>.<\/p>\n<p style=\"text-align: justify;\">Planck es uno de los f\u00edsicos m\u00e1s importantes de todos los tiempos.\u00a0 Como antes he apuntado, descubri\u00f3 la naturaleza cu\u00e1ntica de la energ\u00eda que puso en marcha la revoluci\u00f3n cu\u00e1ntica de nuestra comprensi\u00f3n del mundo, ofreci\u00f3 la primera descripci\u00f3n correcta de la radiaci\u00f3n t\u00e9rmica (\u201cespectro de Planck\u201d) y una de las constantes fundamentales de la naturaleza lleva su nombre.<\/p>\n<p style=\"text-align: justify;\">Ganador del premio Nobel de F\u00edsica de 1.918, tambi\u00e9n fue, en el primer momento, el \u00fanico que comprendi\u00f3 la importancia que, para la f\u00edsica y para el mundo, tendr\u00eda el art\u00edculo del joven <a href=\"#\" onclick=\"referencia('einstein',event); return false;\">Einstein<\/a>, en 1.905, sobre la teor\u00eda de la <a href=\"#\" onclick=\"referencia('relatividad',event); return false;\">relatividad<\/a> especial.\u00a0 Hombre tranquilo y modesto que fue profundamente admirado por sus contempor\u00e1neos m\u00e1s j\u00f3venes, como el mismo <a href=\"#\" onclick=\"referencia('einstein',event); return false;\">Einstein<\/a> y Bohr.<\/p>\n<p style=\"text-align: justify;\">La concepci\u00f3n que ten\u00eda Planck de la naturaleza pon\u00eda mucho \u00e9nfasis en su racionalidad intr\u00ednseca y en su independencia del pensamiento humano. Hab\u00eda que encontrar esas estructuras profundas que estaban lejos de las necesidades de la utilidad y conveniencia humanas pero que, en realidad, estaban ah\u00ed ocultas en lo m\u00e1s profundo de los secretos naturales y eran las responsables de que nuestro mundo, nuestro universo, fuese tal como lo conocemos.<\/p>\n<p style=\"text-align: justify;\">En el \u00faltimo a\u00f1o de su vida un antiguo alumno le pregunt\u00f3 si cre\u00eda que buscar la forma de unir todas las constantes de la naturaleza mediante alguna teor\u00eda m\u00e1s profunda era atractivo. Le contest\u00f3 con el entusiasmo templado por el realismo y experiencia conociendo cuantas dificultades entra\u00f1aba tal empresa.<\/p>\n<blockquote>\n<p style=\"text-align: justify;\">\u201cSu pregunta sobre la posibilidad de unificar todas las constantes universales de la naturaleza, es sin duda una idea atractiva.\u00a0 Por mi parte, sin embargo, tengo dudas de que se logre con \u00e9xito. Pero puedo estar equivocado\u201d<\/p>\n<\/blockquote>\n<p style=\"text-align: justify;\">A diferencia de <a href=\"#\" onclick=\"referencia('einstein',event); return false;\">Einstein<\/a>, Planck no cre\u00eda que se pudiera alcanzar realmente una teor\u00eda globalizadora que explicara todas las constantes de la naturaleza.<\/p>\n<p><!--more--><\/p>\n<p style=\"text-align: justify;\">Mientras que Stoney hab\u00eda visto en la elecci\u00f3n de unidades pr\u00e1cticas una manera de cortar el nudo gordiano de la subjetividad, Planck utilizaba sus unidades especiales para sustentar una base no antropom\u00f3rfica para la f\u00edsica y que, por consiguiente, podr\u00eda describirse como \u201cunidades naturales\u201d.<\/p>\n<p style=\"text-align: justify;\">De acuerdo con su perspectiva universal, en 1.899 Planck propuso que se construyeran unidades naturales de masa, longitud y tiempo a partir de las constantes m\u00e1s fundamentales de la naturaleza: la constante de gravitaci\u00f3n <em>G<\/em>, la velocidad de la luz <em>c<\/em> y la constante de acci\u00f3n <em>h<\/em>, que ahora lleva el nombre de Planck. La <a href=\"#\" onclick=\"referencia('planck constante de',event); return false;\">constante de Planck<\/a> determina la m\u00ednima unidad de cambio posible en que pueda alterarse la energ\u00eda, y que llam\u00f3 \u201ccuanto\u201d. Las unidades de Planck son las \u00fanicas combinaciones de dichas constantes que pueden formarse en dimensiones de masa, longitud, tiempo y temperatura.\u00a0 Sus valores no difieren mucho de los de Stoney:<\/p>\n<table style=\"text-align: justify;\" border=\"1\" cellspacing=\"0\" cellpadding=\"0\">\n<tbody>\n<tr>\n<td width=\"93\"><em>M<sub>p<\/sub> =<sub> <\/sub><\/em><\/td>\n<td width=\"134\"><em>(hc\/G)<sup>\u00bd<\/sup> =<\/em><\/td>\n<td width=\"184\"><em>5\u201956 \u00d7 10<sup>-5 <\/sup>gramos<\/em><\/td>\n<\/tr>\n<tr>\n<td width=\"93\"><em>L<sub>p <\/sub> =<\/em><\/td>\n<td width=\"134\"><em>(Gh\/c<sup>3<\/sup>)<sup> \u00bd <\/sup>=<\/em><\/td>\n<td width=\"184\"><em>4\u201913 \u00d7 10<sup>-33 <\/sup>cent\u00edmetros<\/em><\/td>\n<\/tr>\n<tr>\n<td width=\"93\"><em>T<sub>p<\/sub> =<\/em><\/td>\n<td width=\"134\"><em>(Gh\/c<sup>5<\/sup>)<sup> \u00bd <\/sup>=<\/em><\/td>\n<td width=\"184\"><em>1\u201938 \u00d7 10<sup>-43 <\/sup>segundos<\/em><\/td>\n<\/tr>\n<tr>\n<td width=\"93\"><em>Temp.<sub>p<\/sub> =<\/em><\/td>\n<td width=\"134\"><em>K<sup>-1<\/sup> (hc<sup>5<\/sup>\/G)<sup> \u00bd <\/sup>=<\/em><\/td>\n<td width=\"184\"><em>3\u20195 \u00d7 10<sup>32\u00a0 \u00a0\u00a0\u00a0\u00a0\u00ba<\/sup>Kelvin<\/em><\/td>\n<\/tr>\n<\/tbody>\n<\/table>\n<p style=\"text-align: justify;\">Estas formulaciones con la masa, la longitud, el tiempo y la temperatura de Planck incorporan la <em>G<\/em> (constante de gravitaci\u00f3n), la <em>h<\/em> (la <a href=\"#\" onclick=\"referencia('planck constante de',event); return false;\">constante de Planck<\/a>) y la <em>c<\/em>, la velocidad de la luz. La de la temperatura incorpora adem\u00e1s, la <em>K<\/em> de los grados Kelvin.<\/p>\n<p style=\"text-align: justify;\">La <a href=\"#\" onclick=\"referencia('planck constante de',event); return false;\">constante de Planck<\/a> racionalizada (la m\u00e1s utilizada por los f\u00edsicos), se representa por <em>\u045b<\/em> que es igual a h\/2\u03c0 que vale del orden de 1\u2019054589<strong>\u00d7<\/strong>10<sup>-34<\/sup> Julios segundo.<\/p>\n<p style=\"text-align: justify;\">En las unidades de Planck (del recuadro en rojo), una vez m\u00e1s, vemos un contraste entre la peque\u00f1a, pero no escandalosamente reducida unidad natural de la masa y las unidades naturales fant\u00e1sticamente extremas del tiempo, longitud y temperatura. Estas cantidades ten\u00edan una significaci\u00f3n sobrehumana para Planck. Entraban en La Base de la realidad f\u00edsica:<\/p>\n<blockquote>\n<p style=\"text-align: justify;\">\u201cEstas cantidades conservar\u00e1n su significado natural mientras la Ley de Gravitaci\u00f3n y la de Propagaci\u00f3n de la luz en el vac\u00edo y los dos principios de la termodin\u00e1mica sigan siendo v\u00e1lidos; por lo tanto, siempre deben encontrarse iguales cuando sean medidas por las inteligencias m\u00e1s diversas con los m\u00e9todos m\u00e1s diversos.\u201d<\/p>\n<\/blockquote>\n<p style=\"text-align: justify;\">En sus palabras finales alude a la idea de observadores en otro lugar del universo que definen y entienden estas cantidades de la misma manera que nosotros.<\/p>\n<p style=\"text-align: justify;\">De entrada hab\u00eda algo muy sorprendente en las unidades de Planck, como lo hab\u00eda tambi\u00e9n en las de Stoney. Entrelazaban la gravedad con las constantes que gobiernan la electricidad y el magnetismo.<\/p>\n<blockquote>\n<p style=\"text-align: justify;\">\u201cLa creciente distancia entre la imagen del mundo f\u00edsico y el mundo de los sentidos no significa otra cosa que una aproximaci\u00f3n progresiva al mundo real.\u201d<\/p>\n<p style=\"text-align: right;\">Max Planck<\/p>\n<\/blockquote>\n<p style=\"text-align: justify;\">Del Libro El Universo y la Mente de emilio silvera<\/p>\n<p style=\"text-align: justify;\">Podemos ver que Max Planck apelaba a la existencia de constantes universales de la naturaleza como prueba de una realidad f\u00edsica al margen y completamente diferentes de las mentes humanas. Al respecto dec\u00eda:<\/p>\n<blockquote>\n<p style=\"text-align: justify;\">\u201cEstos&#8230;n\u00fameros, las denominadas <strong>\u201c<\/strong>constantes universales<strong>\u201d<\/strong> son en cierto sentido los ladrillos inmutables del edificio de la f\u00edsica te\u00f3rica. Deber\u00edamos preguntar:<\/p>\n<p style=\"text-align: justify;\">\u00bfCu\u00e1l es el significado real de estas constantes?\u201d<\/p>\n<\/blockquote>\n<p style=\"text-align: justify;\">Una de las paradojas de nuestro estudio del universo circundante es que a medida que las descripciones de su funcionamiento se hacen m\u00e1s precisas y acertadas, tambi\u00e9n se alejan cada vez m\u00e1s de toda la experiencia humana.<\/p>\n<p style=\"text-align: right;\"><em>emilio silvera<\/em><\/p>\n<div class='bookmark'>\r\n\t\t<table align='left' border='0' cellpadding='0' width='100%'>\r\n\t\t<tr><td><span class='pushbutton'><a href='http:\/\/delicious.com\/post?url=http%3A%2F%2Fwww.emiliosilveravazquez.com%2Fblog%2F2009%2F10%2F09%2Flas-unidades-de-max-planck%2F&amp;title=Las+Unidades+de+Max+Planck' title='Delicious' target='_blank' rel='nofollow'><img src='http:\/\/www.emiliosilveravazquez.com\/blog\/wp-content\/plugins\/knxdt-bookmarks-wordpress-plugin\/images\/delicious.png'  alt='' class='book_img' border='none' style='margin:1px; padding: 0;'  \/><\/a><\/span><span class='pushbutton'><a href='http:\/\/digg.com\/submit?url=http%3A%2F%2Fwww.emiliosilveravazquez.com%2Fblog%2F2009%2F10%2F09%2Flas-unidades-de-max-planck%2F&amp;title=Las+Unidades+de+Max+Planck' title='Digg' target='_blank' rel='nofollow'><img src='http:\/\/www.emiliosilveravazquez.com\/blog\/wp-content\/plugins\/knxdt-bookmarks-wordpress-plugin\/images\/digg.png'  alt='' class='book_img' border='none' style='margin:1px; padding: 0;'  \/><\/a><\/span><span class='pushbutton'><a href='http:\/\/www.google.com\/bookmarks\/mark?op=edit&amp;bkmk=http%3A%2F%2Fwww.emiliosilveravazquez.com%2Fblog%2F2009%2F10%2F09%2Flas-unidades-de-max-planck%2F&amp;title=Las+Unidades+de+Max+Planck' title='Google' target='_blank' rel='nofollow'><img src='http:\/\/www.emiliosilveravazquez.com\/blog\/wp-content\/plugins\/knxdt-bookmarks-wordpress-plugin\/images\/google.png'   alt='' class='book_img' border='none' style='margin:1px; padding: 0;'  \/><\/a><\/span><span class='pushbutton'><a href='http:\/\/myweb2.search.yahoo.com\/myresults\/bookmarklet?u=http%3A%2F%2Fwww.emiliosilveravazquez.com%2Fblog%2F2009%2F10%2F09%2Flas-unidades-de-max-planck%2F&amp;t=Las+Unidades+de+Max+Planck' title='Yahoo' target='_blank' rel='nofollow'><img src='http:\/\/www.emiliosilveravazquez.com\/blog\/wp-content\/plugins\/knxdt-bookmarks-wordpress-plugin\/images\/yahoo.png'  alt='' class='book_img' border='none' style='margin:1px; padding: 0;'  \/><\/a><\/span><span class='pushbutton'><a href='http:\/\/www.technorati.com\/faves?add=http%3A%2F%2Fwww.emiliosilveravazquez.com%2Fblog%2F2009%2F10%2F09%2Flas-unidades-de-max-planck%2F' title='Technorati' target='_blank' rel='nofollow'><img src='http:\/\/www.emiliosilveravazquez.com\/blog\/wp-content\/plugins\/knxdt-bookmarks-wordpress-plugin\/images\/technorati.png'  alt='' class='book_img' border='none' style='margin:1px; padding: 0;'  \/><\/a><\/span><span class='pushbutton'><a href='http:\/\/meneame.net\/submit.php?url=http%3A%2F%2Fwww.emiliosilveravazquez.com%2Fblog%2F2009%2F10%2F09%2Flas-unidades-de-max-planck%2F' title='Meneame' target='_blank' rel='nofollow'><img src='http:\/\/www.emiliosilveravazquez.com\/blog\/wp-content\/plugins\/knxdt-bookmarks-wordpress-plugin\/images\/meneame.png'  alt='' class='book_img' border='none' style='margin:1px; padding: 0;'  \/><\/a><\/span><span class='pushbutton'><a href='http:\/\/enchilame.com\/submit.php?url=http:\/\/www.emiliosilveravazquez.com\/blog\/2009\/10\/09\/las-unidades-de-max-planck\/' target='_blank' rel='nofollow'><img title='Enchilame' src='http:\/\/www.emiliosilveravazquez.com\/blog\/wp-content\/plugins\/knxdt-bookmarks-wordpress-plugin\/images\/enchilame.png'  alt='' class='book_img' border='none' style='margin:1px; padding: 0;'  \/><\/a><\/span><span class='pushbutton'><a href='http:\/\/www.blinklist.com\/index.php?Action=Blink\/addblink.php&amp;Description=&amp;Url=http%3A%2F%2Fwww.emiliosilveravazquez.com%2Fblog%2F2009%2F10%2F09%2Flas-unidades-de-max-planck%2F&amp;title=Las+Unidades+de+Max+Planck' title='BlinkList' target='_blank' rel='nofollow'><img src='http:\/\/www.emiliosilveravazquez.com\/blog\/wp-content\/plugins\/knxdt-bookmarks-wordpress-plugin\/images\/blinklist.png'  alt='' class='book_img' border='none' style='margin:1px; padding: 0;'  \/><\/a><\/span><span class='pushbutton'><a href='http:\/\/reddit.com\/submit?url=http%3A%2F%2Fwww.emiliosilveravazquez.com%2Fblog%2F2009%2F10%2F09%2Flas-unidades-de-max-planck%2F&amp;title=Las+Unidades+de+Max+Planck' title='Reddit' target='_blank' rel='nofollow'><img src='http:\/\/www.emiliosilveravazquez.com\/blog\/wp-content\/plugins\/knxdt-bookmarks-wordpress-plugin\/images\/reddit.png'  alt='' class='book_img' border='none' style='margin:1px; padding: 0;'  \/><\/a><\/span><span class='pushbutton'><a href='http:\/\/www.tecnologiadiaria.com\/2009\/07\/abrir-com-hotmail-correo.html' target='_blank' title='hotmail'><img src='http:\/\/www.emiliosilveravazquez.com\/blog\/wp-content\/plugins\/knxdt-bookmarks-wordpress-plugin\/images\/linklove.png' alt='hotmail correo' class='book_img' border='none' style='margin:1px; padding: 0;' \/><\/a><\/span><span class='pushbutton'><a href='http:\/\/bitacoras.com\/votar\/anotacion\/externo\/mini\/www.emiliosilveravazquez.com\/blog\/2009\/10\/09\/las-unidades-de-max-planck\/' title='Bitacoras.com' target='_blank' rel='nofollow'><img src='http:\/\/www.emiliosilveravazquez.com\/blog\/wp-content\/plugins\/knxdt-bookmarks-wordpress-plugin\/images\/bitacoras.png'  alt='' class='book_img' border='none' style='margin:1px; padding: 0;'  \/><\/a><\/span><span class='pushbutton'><a href='http:\/\/www.wikio.es\/vote?url=http%3A%2F%2Fwww.emiliosilveravazquez.com%2Fblog%2F2009%2F10%2F09%2Flas-unidades-de-max-planck%2F' title='Wikio' target='_blank' rel='nofollow'><img src='http:\/\/www.emiliosilveravazquez.com\/blog\/wp-content\/plugins\/knxdt-bookmarks-wordpress-plugin\/images\/wikio.png'   alt='' class='book_img' border='none' style='margin:1px; padding: 0;'   \/><\/a><\/span><span class='pushbutton'><a href='http:\/\/friendfeed.com\/?url=http%3A%2F%2Fwww.emiliosilveravazquez.com%2Fblog%2F2009%2F10%2F09%2Flas-unidades-de-max-planck%2F&amp;title=Las+Unidades+de+Max+Planck' title='Friend Feed' target='_blank' rel='nofollow'><img src='http:\/\/www.emiliosilveravazquez.com\/blog\/wp-content\/plugins\/knxdt-bookmarks-wordpress-plugin\/images\/friendfeed.png'  alt='' class='book_img' border='none' style='margin:1px; padding: 0;'  \/><\/a><\/span><span class='pushbutton'><a href='http:\/\/www.facebook.com\/share.php?u=http%3A%2F%2Fwww.emiliosilveravazquez.com%2Fblog%2F2009%2F10%2F09%2Flas-unidades-de-max-planck%2F&amp;t=Las+Unidades+de+Max+Planck' title='Facebook' target='_blank' rel='nofollow'><img src='http:\/\/www.emiliosilveravazquez.com\/blog\/wp-content\/plugins\/knxdt-bookmarks-wordpress-plugin\/images\/facebook.png'  alt='' class='book_img' border='none' style='margin:1px; padding: 0;'  \/><\/a><\/span><span class='pushbutton'><a href='http:\/\/twitter.com\/home?status=Las+Unidades+de+Max+Planck: http%3A%2F%2Fwww.emiliosilveravazquez.com%2Fblog%2F2009%2F10%2F09%2Flas-unidades-de-max-planck%2F' title='Twitter' target='_blank' rel='nofollow'><img src='http:\/\/www.emiliosilveravazquez.com\/blog\/wp-content\/plugins\/knxdt-bookmarks-wordpress-plugin\/images\/twitter.png'  alt='' class='book_img' border='none' style='margin:1px; padding: 0;'  \/><\/a><\/span><span class='pushbutton'><a href='http:\/\/www.feedburner.com\/fb\/a\/emailFlare?itemTitle=Las+Unidades+de+Max+Planck&amp;uri=http%3A%2F%2Fwww.emiliosilveravazquez.com%2Fblog%2F2009%2F10%2F09%2Flas-unidades-de-max-planck%2F' title='Enviar por Email' target='_blank' rel='nofollow'><img src='http:\/\/www.emiliosilveravazquez.com\/blog\/wp-content\/plugins\/knxdt-bookmarks-wordpress-plugin\/images\/email.png'  alt='' class='book_img' border='none' style='margin:1px; padding: 0;'  \/><\/a><\/span><span style='font-weight:bold; padding-left: 5px;'><a href='http:\/\/wordpress.org\/extend\/plugins\/knxdt-bookmarks-wordpress-plugin\/' title='Plugin' rel='nofollow' target='_blank'>[?]<\/a><\/span><\/td><\/tr><\/table><br\/><br\/><\/div>","protected":false},"excerpt":{"rendered":"<p>Las unidades naturales de Max Planck La idea de Stoney fue descubierta en una forma diferente por el f\u00edsico alem\u00e1n Max Planck en 1.899, un a\u00f1o antes de que expusiera al mundo su teor\u00eda del \u201ccuanto de acci\u00f3n\u201d h. Planck es uno de los f\u00edsicos m\u00e1s importantes de todos los tiempos.\u00a0 Como antes he apuntado, [&hellip;]<\/p>\n","protected":false},"author":2,"featured_media":0,"comment_status":"open","ping_status":"open","sticky":false,"template":"","format":"standard","meta":{"_s2mail":"","footnotes":""},"categories":[6],"tags":[],"_links":{"self":[{"href":"http:\/\/www.emiliosilveravazquez.com\/blog\/wp-json\/wp\/v2\/posts\/2784"}],"collection":[{"href":"http:\/\/www.emiliosilveravazquez.com\/blog\/wp-json\/wp\/v2\/posts"}],"about":[{"href":"http:\/\/www.emiliosilveravazquez.com\/blog\/wp-json\/wp\/v2\/types\/post"}],"author":[{"embeddable":true,"href":"http:\/\/www.emiliosilveravazquez.com\/blog\/wp-json\/wp\/v2\/users\/2"}],"replies":[{"embeddable":true,"href":"http:\/\/www.emiliosilveravazquez.com\/blog\/wp-json\/wp\/v2\/comments?post=2784"}],"version-history":[{"count":0,"href":"http:\/\/www.emiliosilveravazquez.com\/blog\/wp-json\/wp\/v2\/posts\/2784\/revisions"}],"wp:attachment":[{"href":"http:\/\/www.emiliosilveravazquez.com\/blog\/wp-json\/wp\/v2\/media?parent=2784"}],"wp:term":[{"taxonomy":"category","embeddable":true,"href":"http:\/\/www.emiliosilveravazquez.com\/blog\/wp-json\/wp\/v2\/categories?post=2784"},{"taxonomy":"post_tag","embeddable":true,"href":"http:\/\/www.emiliosilveravazquez.com\/blog\/wp-json\/wp\/v2\/tags?post=2784"}],"curies":[{"name":"wp","href":"https:\/\/api.w.org\/{rel}","templated":true}]}}