{"id":23688,"date":"2024-09-22T09:49:25","date_gmt":"2024-09-22T08:49:25","guid":{"rendered":"http:\/\/www.emiliosilveravazquez.com\/blog\/?p=23688"},"modified":"2024-09-22T09:50:00","modified_gmt":"2024-09-22T08:50:00","slug":"%c2%bfque-relacion-tenemos-con-el-universo-5","status":"publish","type":"post","link":"http:\/\/www.emiliosilveravazquez.com\/blog\/2024\/09\/22\/%c2%bfque-relacion-tenemos-con-el-universo-5\/","title":{"rendered":"\u00bfQu\u00e9 relaci\u00f3n tenemos con el Universo?"},"content":{"rendered":"<div>\n<h2 style=\"text-align: justify;\">\u00a0<a href=\"http:\/\/www.emiliosilveravazquez.com\/blog\/2015\/06\/21\/solo-en-nuestra-galaxia-miles-de-planetas-habitables-2\/\" rel=\"prev\">S\u00f3lo en nuestra Galaxia, miles de planetas habitables<\/a><\/h2>\n<\/div>\n<p>&nbsp;<\/p>\n<p><img decoding=\"async\" src=\"http:\/\/danielmarin.naukas.com\/files\/2013\/04\/zoom.jpg\" \/><\/p>\n<p><img decoding=\"async\" loading=\"lazy\" class=\"\" src=\"https:\/\/i.imgur.com\/tGfDjxt.png\" width=\"733\" height=\"272\" \/><\/p>\n<div>\n<p style=\"text-align: justify;\"><img decoding=\"async\" src=\"http:\/\/ep01.epimg.net\/sociedad\/imagenes\/2013\/04\/18\/actualidad\/1366309666_270510_1366309740_noticia_normal.jpg\" alt=\"\" \/><\/p>\n<p style=\"text-align: justify;\">En los muchos sistemas planetarios estudiados, los cient\u00edficos han hallado muchos de sus planetas que, situados a la distancia adecuada de sus estrellas (zona habitable) podr\u00edan tener agua l\u00edquida y vida.<\/p>\n<\/div>\n<div style=\"text-align: justify;\"><a href=\"http:\/\/www.emiliosilveravazquez.com\/blog\/2015\/06\/21\/la-masa-y-la-energia-%c2%bfque-son-en-realidad-3\/\" rel=\"next\">La Masa y la Energ\u00eda \u00bfQu\u00e9 son en realidad?<\/a><\/div>\n<div><\/div>\n<div><\/div>\n<p style=\"text-align: justify;\"><img decoding=\"async\" src=\"http:\/\/www.rtve.es\/contenidos\/fotos\/masa_particulas.jpg\" alt=\"\" \/><\/p>\n<p>&nbsp;<\/p>\n<p style=\"text-align: justify;\">Algunos creen haber encontrado la respuesta a esa pregunta de arriba. Sin embargo, puede ser que dentro de algunos a\u00f1os, tengamos algunas sorpresas de la mano de nuevos aceleradores m\u00e1s potentes que llegando m\u00e1s lejos que el LHC, nos puedan dar respuestas diferentes.<\/p>\n<div style=\"text-align: justify;\">\n<h2>\u00a0<a href=\"http:\/\/www.emiliosilveravazquez.com\/blog\/2015\/05\/30\/nuestra-percepcion-y-la-realidad-dos-cosas-distintas-4\/\" rel=\"prev\">Nuestra percepci\u00f3n y la realidad: Dos cosas distintas<\/a><\/h2>\n<p>&nbsp;<\/p>\n<p><img decoding=\"async\" src=\"http:\/\/www.acuartaparede.com\/wp-content\/uploads\/2014\/03\/Picasso_Henri_Georges_Clouzot_Le_Myst_re_Picasso_1956-620x618.jpg\" \/><\/p>\n<p>&nbsp;<\/p>\n<p><img decoding=\"async\" loading=\"lazy\" class=\"\" src=\"https:\/\/i.imgur.com\/ZsH8Xcu.png\" width=\"755\" height=\"135\" \/><\/p>\n<p><img decoding=\"async\" loading=\"lazy\" class=\"\" src=\"http:\/\/static1.squarespace.com\/static\/52ced835e4b05ecc47c97412\/t\/5591854fe4b0c4fc8fda5eff\/1435600210390\/\" alt=\"\" width=\"579\" height=\"404\" \/><\/p>\n<p>&nbsp;<\/p>\n<p>No todos vemos lo mismo ante la misma imagen. Cada Mente, seg\u00fan una serie de par\u00e1metros de distinta \u00edndole, podr\u00e1 ver lo que desea ver y no lo que en realidad deber\u00eda ver.<\/p>\n<p>&nbsp;<\/p>\n<\/div>\n<p><img decoding=\"async\" src=\"http:\/\/4.bp.blogspot.com\/-IFo66Wh_Q_M\/TtWobBaw8lI\/AAAAAAAABYU\/JkS-U3N21_I\/s1600\/junio6-1a.jpg\" \/><\/p>\n<div style=\"text-align: justify;\">\n<p><strong>El Universo s\u00ed tiene Memoria<\/strong><\/p>\n<p><img decoding=\"async\" src=\"http:\/\/milesdemillones.files.wordpress.com\/2013\/07\/20130723-085153.jpg\" \/><\/p>\n<p><img decoding=\"async\" loading=\"lazy\" class=\"\" src=\"https:\/\/i.imgur.com\/D8WE3ZM.png\" width=\"758\" height=\"138\" \/><\/p>\n<p><a href=\"https:\/\/cdnb.20m.es\/ciencia-para-llevar-csic\/files\/2015\/01\/4479812068_17f925105f_z.jpg\"><img decoding=\"async\" loading=\"lazy\" src=\"https:\/\/cdnb.20m.es\/ciencia-para-llevar-csic\/files\/2015\/01\/4479812068_17f925105f_z-300x271.jpg\" alt=\"Supernova Remnant W49B\" width=\"350\" height=\"317\" \/><\/a><\/p>\n<p><img decoding=\"async\" src=\"https:\/\/chandra.harvard.edu\/photo\/2004\/w49b\/w49b_xray.jpg\" alt=\"Chandra :: Photo Album :: W49B :: 02 Jun 04\" \/><\/p>\n<p><strong><em>W49B. Resto de una supernova que explot\u00f3 sobre el a\u00f1o 1000 \/NASA Goddard Space Flight Center<\/em><\/strong><\/p>\n<p>Lo que pas\u00f3 siempre deja rastros que nos cuentan la historia, parece que el Universo s\u00ed tiene memoria.<\/p>\n<p>Bueno, en cierta manera s\u00ed. El Universo tiene y conserva (como ocurre en la Tierra), las reliquias de su pasado. A lo largo y a la ancho del Cosmos podemos encontrar muestras de objetos que nos cuentan lo que antes pas\u00f3 en el Universo. Una supernova es el momento de la explosi\u00f3n de una estrella masiva, debido a que la presi\u00f3n para mantener todos los \u00e1tomos nucleares es insostenible. \u201cLa simetr\u00eda es la armon\u00eda de posici\u00f3n de las partes o puntos similares unos respecto de otros, y con referencia a un punto, l\u00ednea o plano determinado. Una estrella tiene forma esf\u00e9rica, por lo tanto se espera que si la explosi\u00f3n es en todas las direcciones, su remanente tambi\u00e9n presente la misma apariencia sim\u00e9trica. Sin embargo los remanentes de las supernovas no son sim\u00e9tricos. Una posible causa de asimetr\u00eda en remanentes de supernovas consiste en la variaci\u00f3n de masas de los elementos de la estrella<\/p>\n<\/div>\n<div style=\"text-align: justify;\"><a href=\"http:\/\/www.emiliosilveravazquez.com\/blog\/2015\/05\/31\/%c2%a1vamos-conociendo-la-complejidad-de-la-vida-4\/\" rel=\"next\">\u00a1Vamos conociendo la complejidad de la Vida!<\/a><\/div>\n<div><\/div>\n<div><\/div>\n<div><img decoding=\"async\" loading=\"lazy\" class=\"\" src=\"https:\/\/i.imgur.com\/Vgpqaox.png\" width=\"691\" height=\"273\" \/><\/div>\n<div><img decoding=\"async\" loading=\"lazy\" class=\"\" src=\"https:\/\/i.imgur.com\/piploMz.png\" width=\"706\" height=\"127\" \/><\/div>\n<div><\/div>\n<p style=\"text-align: justify;\"><img decoding=\"async\" src=\"https:\/\/encrypted-tbn0.gstatic.com\/images?q=tbn%3AANd9GcT0_0NbSb2Kaj2xv8Gtoq0n94_asBnnV1I_mw&amp;usqp=CAU\" alt=\"Artes e historias antiguas: El origen de la humanidad desde la Eva ...\" \/><img decoding=\"async\" loading=\"lazy\" class=\"\" src=\"https:\/\/i.imgur.com\/p5JmTPz.png\" width=\"349\" height=\"253\" \/><\/p>\n<p style=\"text-align: justify;\">Puede que al final del camino que tenemos que recorrer, nos demos cuenta de que, lo \u00fanico importante sea el Amor.<\/p>\n<p><img decoding=\"async\" loading=\"lazy\" class=\"\" src=\"https:\/\/i.imgur.com\/Z67kdBB.png\" width=\"732\" height=\"82\" \/><\/p>\n<p>&nbsp;<\/p>\n<p><img decoding=\"async\" loading=\"lazy\" class=\"\" src=\"https:\/\/upload.wikimedia.org\/wikipedia\/commons\/thumb\/3\/32\/Max_Planck.png\/202px-Max_Planck.png\" width=\"130\" height=\"193\" \/><\/p>\n<p style=\"text-align: justify;\"><strong><em>Max Planck nos dec\u00eda:<\/em><\/strong><\/p>\n<blockquote><p><em><strong>\u201cLa ciencia no puede resolver el misterio final de la Naturaleza.\u00a0 Y esto se debe a que, en el \u00faltimo an\u00e1lisis, nosotros somos parte del misterio que estamos tratando de resolver\u201d.<\/strong>\u00a0<\/em><\/p><\/blockquote>\n<p style=\"text-align: justify;\"><em>Y, desde luego, no parece que fuese muy desencaminado, nuestra complejidad es tan grande que, llegar a comprendernos, no ser\u00e1 nada f\u00e1cil. Aunque eso s\u00ed, s\u00f3lo una cosa est\u00e1 clara: \u00a1Somos parte del Universo!<\/em><\/p>\n<p style=\"text-align: justify;\"><em>\u00a0<\/em><\/p>\n<p style=\"text-align: justify;\"><img decoding=\"async\" loading=\"lazy\" id=\"irc_mi\" class=\"\" src=\"http:\/\/1.bp.blogspot.com\/-KfnoMp_CFU4\/U3Ou_62Rq6I\/AAAAAAAAEiM\/PHRjzNijkXM\/s1600\/mentes.png\" alt=\"\" width=\"728\" height=\"527\" \/><\/p>\n<p style=\"text-align: justify;\"><strong>Las respuestas est\u00e1 en nuestras Mentes, s\u00f3lo hay que saber buscar<\/strong><\/p>\n<p style=\"text-align: justify;\">\u00bfQui\u00e9n no ha tenido alguna vez, la sensaci\u00f3n de que sabe la respuesta ? \u00bfDe que todo est\u00e1 ah\u00ed, en su mente, escondido y a punto de salir a la superficie? Esas sensaciones que parecen querer hablarnos, contarnos ese secreto tan largamente perseguido por muchos y no desvelado por ninguno. Sin embargo, ese momento es ef\u00edmero y, lo mismo que lleg\u00f3, se fue. La frustraci\u00f3n que deja en nostros esa sensaci\u00f3n de tener ese algo a mano y de que se nos esfume y desaparezca sin m\u00e1s, es verdaderamente\u2026dolorosa.<\/p>\n<p style=\"text-align: justify;\">Bueno, a m\u00ed me pasa continuamente, siento que de un momento a otro, mi mente, me dar\u00eda respuestas a preguntas que no han sido contestadas.\u00a0 El\u00a0 tiempo inexorable pasa y, las respuestas no llegan. \u00a1Qu\u00e9 impotencia! Parece como si una gran Nebulosa ocupara nuestra mente y todo lo tuviera envuelto en una espesa niebla que no nos deja ver lo que buscamos.<\/p>\n<p>&nbsp;<\/p>\n<p style=\"text-align: justify;\"><img decoding=\"async\" loading=\"lazy\" id=\"irc_mi\" src=\"http:\/\/3.bp.blogspot.com\/-d3Ce-0eQ4Fw\/U9ko1lqoxzI\/AAAAAAAAnFY\/7-TZBu--QwQ\/s1600\/dama+semillas+estelares.jpg\" alt=\"\" width=\"420\" height=\"393\" \/><\/p>\n<p style=\"text-align: justify;\">Para no saber, no sabemos, a ciencia cierta, en qu\u00e9 clase de universo estamos: \u00bfSer\u00e1 plano, abierto o cerrado? Bueno, eso depender\u00e1 de la cantidad de materia que pueda contener. Y, mientras tanto, para tapar los huecos en los que nada vemos y las cuentan cuadren&#8230;\u00a0<strong>\u00a1Ah\u00ed tenemos a la buena &#8220;<a href=\"#\" onclick=\"referencia('materia oscura',event); return false;\">materia oscura<\/a>&#8221; que, ninguna protesta hace del mucho traqueteo que se le da!<\/strong><\/p>\n<p>&nbsp;<\/p>\n<p style=\"text-align: justify;\"><img decoding=\"async\" loading=\"lazy\" src=\"http:\/\/www.astronomynotes.com\/cosmolgy\/wmap-findgeometrysm.jpg\" alt=\"\" width=\"365\" height=\"264\" \/><\/p>\n<p>&nbsp;<\/p>\n<p style=\"text-align: justify;\">Imagino que, de vez en cuando, la niebla se ve despejada por alguna especie de \u201cviento solar\u201d dejando ver lo que all\u00ed est\u00e1 presente.\u00a0 En algunas mentes, entonces, saltan esas respuestas (<a href=\"http:\/\/www.emiliosilveravazquez.com\/blog\/2015\/06\/21\/%C2%A1el-universo-y-nosotros-%C2%BFsabremos-algun-dia-la-verdadera-relacion-3\/#\"><a href=\"#\" onclick=\"referencia('newton',event); return false;\">Newton<\/a><\/a>, Planck,\u00a0<a href=\"http:\/\/www.emiliosilveravazquez.com\/blog\/2015\/06\/21\/%C2%A1el-universo-y-nosotros-%C2%BFsabremos-algun-dia-la-verdadera-relacion-3\/#\"><a href=\"#\" onclick=\"referencia('einstein',event); return false;\">Einstein<\/a><\/a>y otros) y son ofrecidas al mundo para que puedan continuar avanzando.<\/p>\n<p style=\"text-align: justify;\">Los aspectos inconscientes de la actividad mental, como las rutinas motoras y cognitivas, as\u00ed como los recuerdos, intenciones y expectativas inconscientes, las preocupaciones y los estados de \u00e1nimos, desempe\u00f1an un papel fundamental a la hora de conformar y dirigir nuestras experiencias conscientes.\u00a0 Todo est\u00e1 siempre estrechamente relacionado, nada ocurre en nosotros que no est\u00e9 unido a lo que pasa en nuestro entorno, somos una parte de un todo que se llama Universo, y, a\u00fan cuando somos aut\u00f3nomos en el pensamiento y en la manera de obrar, existen condicionantes exteriores que inciden, de una u otra manera en nosotros, en lo que somos.<\/p>\n<p>&nbsp;<\/p>\n<p style=\"text-align: justify;\"><img decoding=\"async\" loading=\"lazy\" id=\"irc_mi\" src=\"http:\/\/3.bp.blogspot.com\/-B7X29vTOyyQ\/UjWFVJ1Eh-I\/AAAAAAAAdj8\/hwM2npYY1pE\/s1600\/mente_cosmica.jpg\" alt=\"\" width=\"500\" height=\"295\" \/><\/p>\n<p>&nbsp;<\/p>\n<p style=\"text-align: justify;\">Sin la fuerza de Gravedad, nuestras mentes ser\u00edan diferentes (o no ser\u00edan), estamos estrechamente conectados a las fuerzas que rigen el Cosmos y, precisamente, somos como somos, porque las fuerzas fundamentales de la Naturaleza, son como son y hacen posible la vida y la existencia de seres pensantes y evolucionados que son capaces de tener conciencia de SER, de hacer preguntas tales como: \u00bfde donde venimos? \u00bfHacia donde vamos?<\/p>\n<p style=\"text-align: justify;\"><img decoding=\"async\" title=\"M\u00e1s...\" src=\"http:\/\/www.emiliosilveravazquez.com\/blog\/wp-includes\/js\/tinymce\/plugins\/wordpress\/img\/trans.gif\" alt=\"\" \/><\/p>\n<p><iframe loading=\"lazy\" title=\"\u00bfHacia d\u00f3nde vamos?\" width=\"500\" height=\"281\" src=\"https:\/\/www.youtube.com\/embed\/-SCGTUa2VQs?feature=oembed\" frameborder=\"0\" allow=\"accelerometer; autoplay; clipboard-write; encrypted-media; gyroscope; picture-in-picture; web-share\" referrerpolicy=\"strict-origin-when-cross-origin\" allowfullscreen><\/iframe><\/p>\n<p>&nbsp;<\/p>\n<p style=\"text-align: justify;\">La qualia y la discriminaci\u00f3n, correlatos neuronales de la percepci\u00f3n del color, \u00bf un grupo neuronal, un quale \u00bf, los gualia y el n\u00facleo din\u00e1mico, los qualia en el tiempo neuronal, el desarrollo de los qualia: referencia al propio yo, lo consciente y lo inconsciente, los puertos de entrada y de salida, los bucles largos y rutinas cognitivas, aprendizaje por el estudio y la experiencia, rupturas talamocorticales: posibilidades de n\u00facleos escindidos, la observaci\u00f3n, el lenguaje, el pensamiento, los mensajes exteriores, la unificaci\u00f3n de datos y la selecci\u00f3n l\u00f3gica de respuestas, y, por fin: el significado \u00faltimo de las cosas (las preguntas de la filosof\u00eda), la metaf\u00edsica.<\/p>\n<p style=\"text-align: justify;\">S\u00ed, por todas estas fases del estudio y del pensamiento he tenido que pasar para llegar a una simple conclusi\u00f3n:<\/p>\n<p>&nbsp;<\/p>\n<p style=\"text-align: justify;\"><img decoding=\"async\" src=\"https:\/\/e00-elmundo.uecdn.es\/elmundosalud\/imagenes\/2013\/04\/12\/neurociencia\/1365776803_0.jpg\" alt=\"Resultado de imagen de La anciana se mira al espejo y se ve como cuando era joven\" \/><\/p>\n<p><strong>El auto-enga\u00f1o es dif\u00edcil de erradicar de la mente<\/strong><\/p>\n<p style=\"text-align: justify;\">No pocas veces, la imagen de nuestra imaginaci\u00f3n\u00a0 nos juega malas trastadas y nos hace ver\u2026 \u00a1Lo que ya no somos! Los espejos, por ejemplo, son inventos crueles y, muchas veces al mirarme all\u00ed, me he podido preguntar: \u00bfPero quien ser\u00e1 ese viejo? Mientras no te vea y tu mente funcione bien, est\u00e1s en esa especie de irrealidad que te dice que nada ha cambiado. Sin embargo, cuando te ves&#8230;<\/p>\n<p style=\"text-align: justify;\">\u201cNo somos la imagen de nadie\u201d y, simplemente, como seres que evolucionamos, sin que nos demos cuenta, mutamos y nos adaptamos al medio cambiante y, mientras eso ocurre, llegan mensajes que no comprendemos a la primera.\u00a0\u00a0 No, no exagero, dentro de esa imagen de fr\u00e1gil f\u00edsico y de escasa capacidad para poder dar respuesta a ciertas preguntas, en realidad, se esconden cualidades y potenciales que, no sabemos ni podemos medir. En realidad, somos una compleja estructura de pensamientos que puede llegar\u2026muy lejos.<\/p>\n<p>&nbsp;<\/p>\n<p style=\"text-align: justify;\"><img decoding=\"async\" loading=\"lazy\" src=\"http:\/\/4.bp.blogspot.com\/-K21bFZbhByQ\/VPY8GoV_ywI\/AAAAAAAABnw\/p3LmWZlq3VQ\/s1600\/Cruzar%2Bel%2BUmbral%2B2.jpg\" alt=\"\" width=\"365\" height=\"281\" \/><\/p>\n<p style=\"text-align: justify;\">Dentro de nuestro ser est\u00e1n todas las respuestas y solo necesitamos tiempo para encontrarlas.\u00a0 Nuestra mente, es la energ\u00eda del Universo, a\u00fan no sabemos utilizarla y pasaran, posiblemente, millones de a\u00f1os hasta que estemos preparados para saber lo que en realidad, es la conciencia. Algunas veces encontramos el camino y comenzamos a subir en busca de ese saber que se nos escapa, que presentimos. Sin embargo, llegamos a un punto en el que la escalera se queda sin pelda\u00f1os y, aunque al final ve\u00e1mos la luminosidad de esa verdad que buscamos,,, \u00a1No la podemos alcanzar! Al parecer, no ha llegado el Tiempo para ello.<\/p>\n<p>&nbsp;<\/p>\n<p style=\"text-align: justify;\"><img decoding=\"async\" src=\"http:\/\/3.bp.blogspot.com\/_u6DxnuKJjP4\/TNk2paJqcEI\/AAAAAAAADrI\/_l-aX0BBtbs\/s400\/Escalera%2Bde%2Bla%2Bvida.jpg\" alt=\"Resultado de imagen de La escalera que llega al infinito\" \/><\/p>\n<p><strong>El alcanzar el saber es poder subir la escalera hacia el infinito<\/strong><\/p>\n<p style=\"text-align: justify;\">Mientras eso llega, algunos curiosos como yo, con m\u00e1s voluntad que conocimientos, tratan de especular con ideas y conceptos que nos puedan dar alguna luz sobre tan complicado problema.<\/p>\n<p style=\"text-align: justify;\">Nuestra mente es una maravilla de la Naturaleza, algo tan grande que, a pesar de los muchos avances y conocimientos alcanzados, no podemos explicar\u2026\u00a0 a\u00fan. En alguna ocasi\u00f3n me ha llegado la intuici\u00f3n (certera) de que conseguiremos &#8220;saber&#8221;, en el momento adecuado, si nos adelantamos al tiempo de las cosas, nosotros mismos (como ni\u00f1os con juguetes peligrosos), nos pod\u00edamos causar da\u00f1o, y, siendo as\u00ed, la Naturaleza sabia ella, s\u00f3lo nos deja acceder a esos conocimientos que vamos pudiendo dominar, aquello que no se nos pueda ir de las manos y nos env\u00ede al garete&#8230; \u00a1Con el tiempo le cost\u00f3 al Universo traernos aqu\u00ed?<\/p>\n<p style=\"text-align: justify;\">Est\u00e1 claro que, como me ha comentado un amigo, la materia tiene memoria y, es precisamente esa memoria, la que hace posible el avance de nuestros conocimientos a trav\u00e9s de la mente que, sin duda, est\u00e1 directamente conectada con el resto del Universo y las fuerzas que lo gobiernan que son las que hacen posible su funcionamiento tal como acontece.<\/p>\n<p style=\"text-align: justify;\">\n<p><img decoding=\"async\" src=\"https:\/\/pijamasurf.com\/wp-content\/uploads\/10.208.149.45\/uploads\/2011\/08\/Hubble20.jpg?mrf-size=m\" alt=\"Es la Nebulosa del \u00c1guila el cuerpo m\u00e1s hermoso del universo?\" \/><img decoding=\"async\" loading=\"lazy\" class=\"\" src=\"https:\/\/estaticos-cdn.prensaiberica.es\/clip\/09fa8432-c661-4bc2-b980-dbefe7f70c25_16-9-aspect-ratio_default_0.jpg\" alt=\"Pirotecnia celestial - Diario C\u00f3rdoba\" width=\"478\" height=\"269\" \/><\/p>\n<p style=\"text-align: justify;\">\u00a0 \u00a0 \u00a0 \u00a0 \u00a0 <strong>\u00a0Observar y saber lo que estamos viendo&#8230; \u00a1Es lo esencial! Si al mirar las dos im\u00e1genes de arriba, solo podemos decir: \u00a1Qu\u00e9 bonitas! Sin saber explicar todo lo que nos est\u00e1n diciendo&#8230; \u00a1No hemos entendido nada!<\/strong><\/p>\n<p style=\"text-align: justify;\">La curiosidad y la sabidur\u00eda, esas gotas del transcurrir del tiempo que salpican el r\u00edo de la vida a trav\u00e9s de la experiencia y nos hace saber\u2026 \u00a1Algunas cosas! Por lo general, la curiosidad se le supone a los peque\u00f1os que comienzan su andadura y todo lo quieren saber. El Saber y la Experiencia a los ancianos que, a vuelta de muchas cosas, la vida les ense\u00f1\u00f3 c\u00f3mo y por qu\u00e9 suceden los hechos que vemos a nuestro alred4edor, la condici\u00f3n humana incluida. Sin embargo, La curiosidad, siempre est\u00e1 con nostros, sin importar la edad ni lo que hallamos podido vivir. Siempre surgen preguntas, cosas nuevas que nos maravillen, enigmas y misterios que despertar\u00e1n nuestras mentes y querremos saber. Cuando eso deje de estar con nosotros, el declive habr\u00e1 llegado y, la vida&#8230; \u00a1Dejar\u00e1 de tener sentido!<\/p>\n<p>&nbsp;<\/p>\n<p style=\"text-align: justify;\"><strong><img decoding=\"async\" loading=\"lazy\" class=\"\" src=\"https:\/\/1.bp.blogspot.com\/-6LL8r8pol8k\/VfDmoFEc-SI\/AAAAAAAALhU\/48fOIeLDV7s\/s1600\/glass-brain.png\" alt=\"Resultado de imagen de Lo sensorial y la materia\" width=\"726\" height=\"464\" \/><\/strong><\/p>\n<p><strong>No a todos se nos ilumina de la misma manera. A m\u00ed me gustar\u00eda sentirlo relampaguear<\/strong><\/p>\n<p style=\"text-align: justify;\">\u00a0Nuestro cerebro hecho de materia es una mara\u00f1a de neuronas y nervios de intrincados recovecos que crean el ente que llamamos Mente, algo muy superior y que trasciende m\u00e1s all\u00e1 de lo que po0demos comprender<\/p>\n<p style=\"text-align: justify;\">Pero nada es tan sencillo ni podemos hablar de lo sensorial sin tener en cuenta el plano m\u00e1s simple y cotidiano que est\u00e1 referido a la materia, a nuestro cuerpo, las sensaciones, las experiencias viv\u00eddas, lo que aprendemos, el estudio y la profunda observaci\u00f3n que nos lleva de la mano de la curiosidad hasta la fuente de la que mana el agua de la sabidur\u00eda.<\/p>\n<p style=\"text-align: justify;\">Entender las claves que explican el devenir de la vida sobre este planeta, con la idea en el horizonte de aspiraciones intelectuales a que nos aboca la conciencia del SER, no resulta f\u00e1cil, la complejidad de la empresa exige tener en cuenta m\u00faltiples factores que no siempre estamos preparados para comprender, y, sobre todo, debemos ser muy conscientes de que formamos parte de un Universo inmenso, y, estamos supeditamos a las fuerzas que lo rigen. Lo mejor para hacer nuestras vidas m\u00e1s f\u00e1ciles, es tratar de comprender la Naturaleza de ese Universo nuestro.<\/p>\n<p>&nbsp;<\/p>\n<p style=\"text-align: justify;\"><a id=\"_GPLITA_41\" title=\"Click to Continue &gt; by Savings Wave\u201d href=\u201dhttp:\/\/www.emiliosilveravazquez.com\/blog\/2013\/06\/15\/ano-internacional-de-la-astronomia-en-espana-aia-iya2009-9\/#\u201d&gt;para&lt;\/a&gt; describir el universo en conjunto, las circunstancias eran las adecuadas para que alguien tratara de casarlas.&lt;\/p&gt;\n&lt;p style=\"><\/a><img decoding=\"async\" loading=\"lazy\" id=\"irc_mi\" src=\"http:\/\/image.slidesharecdn.com\/nuestrolugareneluniversoiiiorigenyevoluciondelavida-091122181941-phpapp01\/95\/slide-1-728.jpg?cb=1258936658\" alt=\"\" width=\"524\" height=\"393\" \/><\/p>\n<p style=\"text-align: justify;\">S\u00ed, el Universo podr\u00eda ser considerado como la mayor Obra de Arte que, a su vez, es capaz de generar otras Obras de Arte que, en alguna ocasi\u00f3n, dan mucho que pensar, ya que, el surgir de la vida partiendo del simple hidr\u00f3geno que evoluciona en las estrellas del cielo\u2026es \u00a1Incre\u00edble! pero, sin embargo, nada m\u00e1s cierto hay.<\/p>\n<p style=\"text-align: justify;\">\u00a1La Vida! Siempre me llam\u00f3 la atenci\u00f3n y elev\u00f3 en m\u00ed el grado de curiosidad.\u00a0 Ese gran misterio que llamamos \u00a1vida!, \u00bfde d\u00f3nde surg\u00edo? \u00bfC\u00f3mo fue posible que la materia se pudiera estructurar de manera tan compleja para que, partiendo de la &#8220;materia inerte&#8221;, llegara hasta los pensamientos.<\/p>\n<p style=\"text-align: justify;\"><strong>Emilio Silvera V\u00e1zquez<\/strong><\/p>\n<div class='bookmark'>\r\n\t\t<table align='left' border='0' cellpadding='0' width='100%'>\r\n\t\t<tr><td><span class='pushbutton'><a href='http:\/\/delicious.com\/post?url=http%3A%2F%2Fwww.emiliosilveravazquez.com%2Fblog%2F2024%2F09%2F22%2F%25c2%25bfque-relacion-tenemos-con-el-universo-5%2F&amp;title=%C2%BFQu%C3%A9+relaci%C3%B3n+tenemos+con+el+Universo%3F' title='Delicious' target='_blank' rel='nofollow'><img src='http:\/\/www.emiliosilveravazquez.com\/blog\/wp-content\/plugins\/knxdt-bookmarks-wordpress-plugin\/images\/delicious.png'  alt='' class='book_img' border='none' style='margin:1px; padding: 0;'  \/><\/a><\/span><span class='pushbutton'><a href='http:\/\/digg.com\/submit?url=http%3A%2F%2Fwww.emiliosilveravazquez.com%2Fblog%2F2024%2F09%2F22%2F%25c2%25bfque-relacion-tenemos-con-el-universo-5%2F&amp;title=%C2%BFQu%C3%A9+relaci%C3%B3n+tenemos+con+el+Universo%3F' title='Digg' target='_blank' rel='nofollow'><img src='http:\/\/www.emiliosilveravazquez.com\/blog\/wp-content\/plugins\/knxdt-bookmarks-wordpress-plugin\/images\/digg.png'  alt='' class='book_img' border='none' style='margin:1px; padding: 0;'  \/><\/a><\/span><span class='pushbutton'><a href='http:\/\/www.google.com\/bookmarks\/mark?op=edit&amp;bkmk=http%3A%2F%2Fwww.emiliosilveravazquez.com%2Fblog%2F2024%2F09%2F22%2F%25c2%25bfque-relacion-tenemos-con-el-universo-5%2F&amp;title=%C2%BFQu%C3%A9+relaci%C3%B3n+tenemos+con+el+Universo%3F' title='Google' target='_blank' rel='nofollow'><img src='http:\/\/www.emiliosilveravazquez.com\/blog\/wp-content\/plugins\/knxdt-bookmarks-wordpress-plugin\/images\/google.png'   alt='' class='book_img' border='none' style='margin:1px; padding: 0;'  \/><\/a><\/span><span class='pushbutton'><a href='http:\/\/myweb2.search.yahoo.com\/myresults\/bookmarklet?u=http%3A%2F%2Fwww.emiliosilveravazquez.com%2Fblog%2F2024%2F09%2F22%2F%25c2%25bfque-relacion-tenemos-con-el-universo-5%2F&amp;t=%C2%BFQu%C3%A9+relaci%C3%B3n+tenemos+con+el+Universo%3F' title='Yahoo' target='_blank' rel='nofollow'><img src='http:\/\/www.emiliosilveravazquez.com\/blog\/wp-content\/plugins\/knxdt-bookmarks-wordpress-plugin\/images\/yahoo.png'  alt='' class='book_img' border='none' style='margin:1px; padding: 0;'  \/><\/a><\/span><span class='pushbutton'><a href='http:\/\/www.technorati.com\/faves?add=http%3A%2F%2Fwww.emiliosilveravazquez.com%2Fblog%2F2024%2F09%2F22%2F%25c2%25bfque-relacion-tenemos-con-el-universo-5%2F' title='Technorati' target='_blank' rel='nofollow'><img src='http:\/\/www.emiliosilveravazquez.com\/blog\/wp-content\/plugins\/knxdt-bookmarks-wordpress-plugin\/images\/technorati.png'  alt='' class='book_img' border='none' style='margin:1px; padding: 0;'  \/><\/a><\/span><span class='pushbutton'><a href='http:\/\/meneame.net\/submit.php?url=http%3A%2F%2Fwww.emiliosilveravazquez.com%2Fblog%2F2024%2F09%2F22%2F%25c2%25bfque-relacion-tenemos-con-el-universo-5%2F' title='Meneame' target='_blank' rel='nofollow'><img src='http:\/\/www.emiliosilveravazquez.com\/blog\/wp-content\/plugins\/knxdt-bookmarks-wordpress-plugin\/images\/meneame.png'  alt='' class='book_img' border='none' style='margin:1px; padding: 0;'  \/><\/a><\/span><span class='pushbutton'><a href='http:\/\/enchilame.com\/submit.php?url=http:\/\/www.emiliosilveravazquez.com\/blog\/2024\/09\/22\/%c2%bfque-relacion-tenemos-con-el-universo-5\/' target='_blank' rel='nofollow'><img title='Enchilame' src='http:\/\/www.emiliosilveravazquez.com\/blog\/wp-content\/plugins\/knxdt-bookmarks-wordpress-plugin\/images\/enchilame.png'  alt='' class='book_img' border='none' style='margin:1px; padding: 0;'  \/><\/a><\/span><span class='pushbutton'><a href='http:\/\/www.blinklist.com\/index.php?Action=Blink\/addblink.php&amp;Description=&amp;Url=http%3A%2F%2Fwww.emiliosilveravazquez.com%2Fblog%2F2024%2F09%2F22%2F%25c2%25bfque-relacion-tenemos-con-el-universo-5%2F&amp;title=%C2%BFQu%C3%A9+relaci%C3%B3n+tenemos+con+el+Universo%3F' title='BlinkList' target='_blank' rel='nofollow'><img src='http:\/\/www.emiliosilveravazquez.com\/blog\/wp-content\/plugins\/knxdt-bookmarks-wordpress-plugin\/images\/blinklist.png'  alt='' class='book_img' border='none' style='margin:1px; padding: 0;'  \/><\/a><\/span><span class='pushbutton'><a href='http:\/\/reddit.com\/submit?url=http%3A%2F%2Fwww.emiliosilveravazquez.com%2Fblog%2F2024%2F09%2F22%2F%25c2%25bfque-relacion-tenemos-con-el-universo-5%2F&amp;title=%C2%BFQu%C3%A9+relaci%C3%B3n+tenemos+con+el+Universo%3F' title='Reddit' target='_blank' rel='nofollow'><img src='http:\/\/www.emiliosilveravazquez.com\/blog\/wp-content\/plugins\/knxdt-bookmarks-wordpress-plugin\/images\/reddit.png'  alt='' class='book_img' border='none' style='margin:1px; padding: 0;'  \/><\/a><\/span><span class='pushbutton'><a href='http:\/\/www.tecnologiadiaria.com\/2009\/07\/abrir-com-hotmail-correo.html' target='_blank' title='hotmail'><img src='http:\/\/www.emiliosilveravazquez.com\/blog\/wp-content\/plugins\/knxdt-bookmarks-wordpress-plugin\/images\/linklove.png' alt='hotmail correo' class='book_img' border='none' style='margin:1px; padding: 0;' \/><\/a><\/span><span class='pushbutton'><a href='http:\/\/bitacoras.com\/votar\/anotacion\/externo\/mini\/www.emiliosilveravazquez.com\/blog\/2024\/09\/22\/%c2%bfque-relacion-tenemos-con-el-universo-5\/' title='Bitacoras.com' target='_blank' rel='nofollow'><img src='http:\/\/www.emiliosilveravazquez.com\/blog\/wp-content\/plugins\/knxdt-bookmarks-wordpress-plugin\/images\/bitacoras.png'  alt='' class='book_img' border='none' style='margin:1px; padding: 0;'  \/><\/a><\/span><span class='pushbutton'><a href='http:\/\/www.wikio.es\/vote?url=http%3A%2F%2Fwww.emiliosilveravazquez.com%2Fblog%2F2024%2F09%2F22%2F%25c2%25bfque-relacion-tenemos-con-el-universo-5%2F' title='Wikio' target='_blank' rel='nofollow'><img src='http:\/\/www.emiliosilveravazquez.com\/blog\/wp-content\/plugins\/knxdt-bookmarks-wordpress-plugin\/images\/wikio.png'   alt='' class='book_img' border='none' style='margin:1px; padding: 0;'   \/><\/a><\/span><span class='pushbutton'><a href='http:\/\/friendfeed.com\/?url=http%3A%2F%2Fwww.emiliosilveravazquez.com%2Fblog%2F2024%2F09%2F22%2F%25c2%25bfque-relacion-tenemos-con-el-universo-5%2F&amp;title=%C2%BFQu%C3%A9+relaci%C3%B3n+tenemos+con+el+Universo%3F' title='Friend Feed' target='_blank' rel='nofollow'><img src='http:\/\/www.emiliosilveravazquez.com\/blog\/wp-content\/plugins\/knxdt-bookmarks-wordpress-plugin\/images\/friendfeed.png'  alt='' class='book_img' border='none' style='margin:1px; padding: 0;'  \/><\/a><\/span><span class='pushbutton'><a href='http:\/\/www.facebook.com\/share.php?u=http%3A%2F%2Fwww.emiliosilveravazquez.com%2Fblog%2F2024%2F09%2F22%2F%25c2%25bfque-relacion-tenemos-con-el-universo-5%2F&amp;t=%C2%BFQu%C3%A9+relaci%C3%B3n+tenemos+con+el+Universo%3F' title='Facebook' target='_blank' rel='nofollow'><img src='http:\/\/www.emiliosilveravazquez.com\/blog\/wp-content\/plugins\/knxdt-bookmarks-wordpress-plugin\/images\/facebook.png'  alt='' class='book_img' border='none' style='margin:1px; padding: 0;'  \/><\/a><\/span><span class='pushbutton'><a href='http:\/\/twitter.com\/home?status=%C2%BFQu%C3%A9+relaci%C3%B3n+tenemos+con+el+Universo%3F: http%3A%2F%2Fwww.emiliosilveravazquez.com%2Fblog%2F2024%2F09%2F22%2F%25c2%25bfque-relacion-tenemos-con-el-universo-5%2F' title='Twitter' target='_blank' rel='nofollow'><img src='http:\/\/www.emiliosilveravazquez.com\/blog\/wp-content\/plugins\/knxdt-bookmarks-wordpress-plugin\/images\/twitter.png'  alt='' class='book_img' border='none' style='margin:1px; padding: 0;'  \/><\/a><\/span><span class='pushbutton'><a href='http:\/\/www.feedburner.com\/fb\/a\/emailFlare?itemTitle=%C2%BFQu%C3%A9+relaci%C3%B3n+tenemos+con+el+Universo%3F&amp;uri=http%3A%2F%2Fwww.emiliosilveravazquez.com%2Fblog%2F2024%2F09%2F22%2F%25c2%25bfque-relacion-tenemos-con-el-universo-5%2F' title='Enviar por Email' target='_blank' rel='nofollow'><img src='http:\/\/www.emiliosilveravazquez.com\/blog\/wp-content\/plugins\/knxdt-bookmarks-wordpress-plugin\/images\/email.png'  alt='' class='book_img' border='none' style='margin:1px; padding: 0;'  \/><\/a><\/span><span style='font-weight:bold; padding-left: 5px;'><a href='http:\/\/wordpress.org\/extend\/plugins\/knxdt-bookmarks-wordpress-plugin\/' title='Plugin' rel='nofollow' target='_blank'>[?]<\/a><\/span><\/td><\/tr><\/table><br\/><br\/><\/div>","protected":false},"excerpt":{"rendered":"<p>\u00a0S\u00f3lo en nuestra Galaxia, miles de planetas habitables &nbsp; En los muchos sistemas planetarios estudiados, los cient\u00edficos han hallado muchos de sus planetas que, situados a la distancia adecuada de sus estrellas (zona habitable) podr\u00edan tener agua l\u00edquida y vida. La Masa y la Energ\u00eda \u00bfQu\u00e9 son en realidad? &nbsp; Algunos creen haber encontrado la [&hellip;]<\/p>\n","protected":false},"author":2,"featured_media":0,"comment_status":"open","ping_status":"open","sticky":false,"template":"","format":"standard","meta":{"_s2mail":"yes","footnotes":""},"categories":[169],"tags":[],"_links":{"self":[{"href":"http:\/\/www.emiliosilveravazquez.com\/blog\/wp-json\/wp\/v2\/posts\/23688"}],"collection":[{"href":"http:\/\/www.emiliosilveravazquez.com\/blog\/wp-json\/wp\/v2\/posts"}],"about":[{"href":"http:\/\/www.emiliosilveravazquez.com\/blog\/wp-json\/wp\/v2\/types\/post"}],"author":[{"embeddable":true,"href":"http:\/\/www.emiliosilveravazquez.com\/blog\/wp-json\/wp\/v2\/users\/2"}],"replies":[{"embeddable":true,"href":"http:\/\/www.emiliosilveravazquez.com\/blog\/wp-json\/wp\/v2\/comments?post=23688"}],"version-history":[{"count":0,"href":"http:\/\/www.emiliosilveravazquez.com\/blog\/wp-json\/wp\/v2\/posts\/23688\/revisions"}],"wp:attachment":[{"href":"http:\/\/www.emiliosilveravazquez.com\/blog\/wp-json\/wp\/v2\/media?parent=23688"}],"wp:term":[{"taxonomy":"category","embeddable":true,"href":"http:\/\/www.emiliosilveravazquez.com\/blog\/wp-json\/wp\/v2\/categories?post=23688"},{"taxonomy":"post_tag","embeddable":true,"href":"http:\/\/www.emiliosilveravazquez.com\/blog\/wp-json\/wp\/v2\/tags?post=23688"}],"curies":[{"name":"wp","href":"https:\/\/api.w.org\/{rel}","templated":true}]}}